{"id":63701,"date":"2024-06-28T14:52:53","date_gmt":"2024-06-28T12:52:53","guid":{"rendered":"https:\/\/now-news.de\/de\/deutschland\/boliviens-praesident-putschversuch-steht-im-zusammenhang-mi-lithium-verhandlungen\/"},"modified":"2024-06-28T14:52:53","modified_gmt":"2024-06-28T12:52:53","slug":"boliviens-praesident-putschversuch-steht-im-zusammenhang-mi-lithium-verhandlungen","status":"publish","type":"post","link":"https:\/\/now-news.de\/de\/deutschland\/boliviens-praesident-putschversuch-steht-im-zusammenhang-mi-lithium-verhandlungen\/","title":{"rendered":"Boliviens Pr\u00e4sident: Putschversuch steht im Zusammenhang mi Lithium-Verhandlungen"},"content":{"rendered":"<p><img decoding=\"async\" src=\"https:\/\/now-news.de\/de\/wp-content\/uploads\/sites\/3\/2024\/06\/667e95efb480cc30e92b113f.jpg\" \/><\/p>\n<div class=\"Text-root Text-type_1 \">\n                In einem Gespr\u00e4ch mit RT \u00e4u\u00dfert sich der bolivianische Pr\u00e4sident Luis Arce zu dem j\u00fcngsten Putschversuch in seinem Land. Arce bringt das Ereignis mit einem langfristigen Lithiumprojekt in Verbindung, wor\u00fcber aktuell verhandelt wird.\n            <\/div>\n<p><\/p>\n<div class=\"Text-root Text-type_5 ArticleView-text ViewText-root \">\n<p>Bei jedem Staatsstreich spielen Interessen eine Rolle, sagte der bolivianische Pr\u00e4sident Luis Arce in einem Interview mit <em>RT<\/em>. Damit kommentierte er den j\u00fcngsten gescheiterten Milit\u00e4rputsch in seinem Land. Bei praktisch allen Umst\u00fcrzen in Bolivien sei es so gewesen, f\u00fcgte der Pr\u00e4sident hinzu. Arce w\u00f6rtlich:\u00a0<\/p>\n<blockquote>\n<p><em>&#8220;Der Putsch von 1971, 1979, 1980, der Putsch von 2019. In all diesen F\u00e4llen waren wirtschaftliche Aspekte eine Voraussetzung. In dem Fall, der sich j\u00fcngst ereignet hat, lag es an Lithium. Wir verhandeln derzeit \u00fcber einen langfristigen Vertrag zur Vergabe eines Lithiumprojekts vom Jahr 2019.&#8221;<\/em><\/p>\n<\/blockquote>\n<p>Am Mittwoch berichteten bolivianische Medien \u00fcber eine gro\u00dfe Zahl von Armeeangeh\u00f6rigen, die sich auf dem Hauptplatz in La Paz, der konstitutionellen Hauptstadt von Bolivien, versammelt hatten. Das Milit\u00e4r unter der F\u00fchrung des zuvor als Armeechef entlassenen Generals Juan Jos\u00e9 Z\u00fa\u00f1iga versuchte mit einem Sch\u00fctzenpanzer in den Pr\u00e4sidentenpalast einzudringen. Staatschef Arce forderte Respekt vor der Demokratie und rief daraufhin seine Bev\u00f6lkerung auf, gegen den Staatsstreich zu mobilisieren.<\/p>\n<p>Nach wenigen Stunden war der Putsch beendet und\u00a0Z\u00fa\u00f1iga samt zwei weiteren hochrangigen Milit\u00e4rs festgenommen. Gr\u00f6\u00dfere Ausschreitungen konnten verhindert werden. Arce ernannte einen neuen Oberkommandierenden, der dem Milit\u00e4r befahl, den Platz in La Paz zu verlassen. Die Soldaten folgten dem Befehl. Marcelo Montenegro, der Wirtschaftsminister des s\u00fcdamerikanischen Landes, warf sp\u00e4ter US-Diplomaten vor, &#8220;einen sanften Putsch&#8221; in Bolivien vorbereitet zu haben.<\/p>\n<p>Einige Experten vertreten in dem Zusammenhang die Ansicht, dass der Umsturzversuch von den USA provoziert worden sein k\u00f6nnte. Wie es hei\u00dft, ist Washington daran interessiert, die bolivianische Staatsf\u00fchrung auszutauschen, da diese dem Wei\u00dfen Haus gegen\u00fcber illoyal ist. Zudem bem\u00fchten sich die USA seit langem, die Kontrolle \u00fcber die Lithiumvorkommen in Bolivien zu erlangen, in die Russland derzeit investiert.<\/p>\n<p>Anfang Juni diskutierte der bolivianische Staatschef Arce mit dem russischen Pr\u00e4sidenten Wladimir Putin \u00fcber den Beitritt\u00a0Boliviens zu der BRICS-Gruppe.<\/p>\n<p><strong>Mehr zum Thema<\/strong> &#8211; <a rel=\"nofollow noopener\" target=\"_blank\" href=\"https:\/\/freedert.online\/meinung\/210576-bolivien-der-bizarrste-putschversuch-in-der-geschichte-lateinamerikas\/\">Bolivien: Der bizarrste Putschversuch in der Geschichte Lateinamerikas<\/a><\/p>\n<\/div>\n<p><br \/>\n<br \/><a href=\"https:\/\/de.rt.com\/international\/210672-boliviens-praesident-putschversuch-steht-im\/\">Source link <\/a><\/p>\n","protected":false},"excerpt":{"rendered":"<p>In einem Gespr\u00e4ch mit RT \u00e4u\u00dfert sich der bolivianische Pr\u00e4sident Luis Arce zu dem j\u00fcngsten Putschversuch in seinem Land. Arce bringt das Ereignis mit einem langfristigen Lithiumprojekt in Verbindung, wor\u00fcber aktuell verhandelt wird. Bei jedem Staatsstreich spielen Interessen eine Rolle, sagte der bolivianische Pr\u00e4sident Luis Arce in einem Interview mit RT. Damit kommentierte er den [&hellip;]<\/p>\n","protected":false},"author":3,"featured_media":63702,"comment_status":"open","ping_status":"open","sticky":false,"template":"","format":"standard","meta":{"_yoast_indexnow_last_ping":["1719579944"],"wp_automatic_camp":["217"],"2d82e14c3f6d2af59ec1872095854419":["Boliviens Pr\u00e4sident: Putschversuch steht im Zusammenhang mi Lithium-Verhandlungen"],"original_link":["https:\/\/de.rt.com\/international\/210672-boliviens-praesident-putschversuch-steht-im\/"],"_thumbnail_id":["63702"],"jnews_social_counter_last_update":["1777674656"],"_wptgpro_p2tg_sent2tg":["a:1:{i:23737;s:19:\"2024-06-28 15:06:44\";}"]},"categories":[19,23],"tags":[35617,56139,3464,27867,1606,11903],"yoast_head":"<!-- This site is optimized with the Yoast SEO Premium plugin v22.7 (Yoast SEO v22.7) - https:\/\/yoast.com\/wordpress\/plugins\/seo\/ -->\n<title>Boliviens Pr\u00e4sident: Putschversuch steht im Zusammenhang mi Lithium-Verhandlungen - just-now.NEWS Deutschland<\/title>\n<meta name=\"robots\" content=\"index, follow, max-snippet:-1, max-image-preview:large, max-video-preview:-1\" \/>\n<link rel=\"canonical\" href=\"https:\/\/now-news.de\/de\/deutschland\/boliviens-praesident-putschversuch-steht-im-zusammenhang-mi-lithium-verhandlungen\/\" \/>\n<meta property=\"og:locale\" content=\"de_DE\" \/>\n<meta property=\"og:type\" content=\"article\" \/>\n<meta property=\"og:title\" content=\"Boliviens Pr\u00e4sident: Putschversuch steht im Zusammenhang mi Lithium-Verhandlungen\" \/>\n<meta property=\"og:description\" content=\"In einem Gespr\u00e4ch mit RT \u00e4u\u00dfert sich der bolivianische Pr\u00e4sident Luis Arce zu dem j\u00fcngsten Putschversuch in seinem Land. Arce bringt das Ereignis mit einem langfristigen Lithiumprojekt in Verbindung, wor\u00fcber aktuell verhandelt wird. Bei jedem Staatsstreich spielen Interessen eine Rolle, sagte der bolivianische Pr\u00e4sident Luis Arce in einem Interview mit RT. Damit kommentierte er den [&hellip;]\" \/>\n<meta property=\"og:url\" content=\"https:\/\/now-news.de\/de\/deutschland\/boliviens-praesident-putschversuch-steht-im-zusammenhang-mi-lithium-verhandlungen\/\" \/>\n<meta property=\"og:site_name\" content=\"just-now.NEWS Deutschland\" \/>\n<meta property=\"article:publisher\" content=\"https:\/\/www.facebook.com\/wirmachenauf\" \/>\n<meta property=\"article:published_time\" content=\"2024-06-28T12:52:53+00:00\" \/>\n<meta property=\"og:image\" content=\"https:\/\/now-news.de\/de\/wp-content\/uploads\/sites\/3\/2024\/06\/667e95efb480cc30e92b113f.jpg\" \/>\n<meta name=\"author\" content=\"rtnews\" \/>\n<meta name=\"twitter:card\" content=\"summary_large_image\" \/>\n<meta name=\"twitter:creator\" content=\"@WirMachenAuf_de\" \/>\n<meta name=\"twitter:site\" content=\"@WirMachenAuf_de\" \/>\n<meta name=\"twitter:label1\" content=\"Verfasst von\" \/>\n\t<meta name=\"twitter:data1\" content=\"rtnews\" \/>\n\t<meta name=\"twitter:label2\" content=\"Gesch\u00e4tzte Lesezeit\" \/>\n\t<meta name=\"twitter:data2\" content=\"2\u00a0Minuten\" \/>\n<script type=\"application\/ld+json\" class=\"yoast-schema-graph\">{\"@context\":\"https:\/\/schema.org\",\"@graph\":[{\"@type\":\"Article\",\"@id\":\"https:\/\/now-news.de\/de\/deutschland\/boliviens-praesident-putschversuch-steht-im-zusammenhang-mi-lithium-verhandlungen\/#article\",\"isPartOf\":{\"@id\":\"https:\/\/now-news.de\/de\/deutschland\/boliviens-praesident-putschversuch-steht-im-zusammenhang-mi-lithium-verhandlungen\/\"},\"author\":{\"name\":\"rtnews\",\"@id\":\"https:\/\/now-news.de\/de\/#\/schema\/person\/fb534a4e865501d8b3285208df34a9b5\"},\"headline\":\"Boliviens Pr\u00e4sident: Putschversuch steht im Zusammenhang mi Lithium-Verhandlungen\",\"datePublished\":\"2024-06-28T12:52:53+00:00\",\"dateModified\":\"2024-06-28T12:52:53+00:00\",\"mainEntityOfPage\":{\"@id\":\"https:\/\/now-news.de\/de\/deutschland\/boliviens-praesident-putschversuch-steht-im-zusammenhang-mi-lithium-verhandlungen\/\"},\"wordCount\":380,\"commentCount\":0,\"publisher\":{\"@id\":\"https:\/\/now-news.de\/de\/#organization\"},\"image\":{\"@id\":\"https:\/\/now-news.de\/de\/deutschland\/boliviens-praesident-putschversuch-steht-im-zusammenhang-mi-lithium-verhandlungen\/#primaryimage\"},\"thumbnailUrl\":\"https:\/\/now-news.de\/de\/wp-content\/uploads\/sites\/3\/2024\/06\/Boliviens-Praesident-Putschversuch-steht-im-Zusammenhang-mi-Lithium-Verhandlungen.jpg\",\"keywords\":[\"Boliviens\",\"LithiumVerhandlungen\",\"Pr\u00e4sident\",\"Putschversuch\",\"steht\",\"Zusammenhang\"],\"articleSection\":[\"Deutschland\",\"Russland\"],\"inLanguage\":\"de\",\"potentialAction\":[{\"@type\":\"CommentAction\",\"name\":\"Comment\",\"target\":[\"https:\/\/now-news.de\/de\/deutschland\/boliviens-praesident-putschversuch-steht-im-zusammenhang-mi-lithium-verhandlungen\/#respond\"]}]},{\"@type\":\"WebPage\",\"@id\":\"https:\/\/now-news.de\/de\/deutschland\/boliviens-praesident-putschversuch-steht-im-zusammenhang-mi-lithium-verhandlungen\/\",\"url\":\"https:\/\/now-news.de\/de\/deutschland\/boliviens-praesident-putschversuch-steht-im-zusammenhang-mi-lithium-verhandlungen\/\",\"name\":\"Boliviens Pr\u00e4sident: Putschversuch steht im Zusammenhang mi Lithium-Verhandlungen - just-now.NEWS Deutschland\",\"isPartOf\":{\"@id\":\"https:\/\/now-news.de\/de\/#website\"},\"primaryImageOfPage\":{\"@id\":\"https:\/\/now-news.de\/de\/deutschland\/boliviens-praesident-putschversuch-steht-im-zusammenhang-mi-lithium-verhandlungen\/#primaryimage\"},\"image\":{\"@id\":\"https:\/\/now-news.de\/de\/deutschland\/boliviens-praesident-putschversuch-steht-im-zusammenhang-mi-lithium-verhandlungen\/#primaryimage\"},\"thumbnailUrl\":\"https:\/\/now-news.de\/de\/wp-content\/uploads\/sites\/3\/2024\/06\/Boliviens-Praesident-Putschversuch-steht-im-Zusammenhang-mi-Lithium-Verhandlungen.jpg\",\"datePublished\":\"2024-06-28T12:52:53+00:00\",\"dateModified\":\"2024-06-28T12:52:53+00:00\",\"breadcrumb\":{\"@id\":\"https:\/\/now-news.de\/de\/deutschland\/boliviens-praesident-putschversuch-steht-im-zusammenhang-mi-lithium-verhandlungen\/#breadcrumb\"},\"inLanguage\":\"de\",\"potentialAction\":[{\"@type\":\"ReadAction\",\"target\":[\"https:\/\/now-news.de\/de\/deutschland\/boliviens-praesident-putschversuch-steht-im-zusammenhang-mi-lithium-verhandlungen\/\"]}]},{\"@type\":\"ImageObject\",\"inLanguage\":\"de\",\"@id\":\"https:\/\/now-news.de\/de\/deutschland\/boliviens-praesident-putschversuch-steht-im-zusammenhang-mi-lithium-verhandlungen\/#primaryimage\",\"url\":\"https:\/\/now-news.de\/de\/wp-content\/uploads\/sites\/3\/2024\/06\/Boliviens-Praesident-Putschversuch-steht-im-Zusammenhang-mi-Lithium-Verhandlungen.jpg\",\"contentUrl\":\"https:\/\/now-news.de\/de\/wp-content\/uploads\/sites\/3\/2024\/06\/Boliviens-Praesident-Putschversuch-steht-im-Zusammenhang-mi-Lithium-Verhandlungen.jpg\",\"width\":460,\"height\":259,\"caption\":\"Boliviens Pr\u00e4sident: Putschversuch steht im Zusammenhang mi Lithium-Verhandlungen\"},{\"@type\":\"BreadcrumbList\",\"@id\":\"https:\/\/now-news.de\/de\/deutschland\/boliviens-praesident-putschversuch-steht-im-zusammenhang-mi-lithium-verhandlungen\/#breadcrumb\",\"itemListElement\":[{\"@type\":\"ListItem\",\"position\":1,\"name\":\"Home\",\"item\":\"https:\/\/now-news.de\/de\/\"},{\"@type\":\"ListItem\",\"position\":2,\"name\":\"Boliviens Pr\u00e4sident: Putschversuch steht im Zusammenhang mi Lithium-Verhandlungen\"}]},{\"@type\":\"WebSite\",\"@id\":\"https:\/\/now-news.de\/de\/#website\",\"url\":\"https:\/\/now-news.de\/de\/\",\"name\":\"just-now.NEWS Deutschland\",\"description\":\"Das Portal f\u00fcr unzensierte Nachrichten aus der Welt\",\"publisher\":{\"@id\":\"https:\/\/now-news.de\/de\/#organization\"},\"potentialAction\":[{\"@type\":\"SearchAction\",\"target\":{\"@type\":\"EntryPoint\",\"urlTemplate\":\"https:\/\/now-news.de\/de\/?s={search_term_string}\"},\"query-input\":\"required name=search_term_string\"}],\"inLanguage\":\"de\"},{\"@type\":\"Organization\",\"@id\":\"https:\/\/now-news.de\/de\/#organization\",\"name\":\"Just Now News\",\"url\":\"https:\/\/now-news.de\/de\/\",\"logo\":{\"@type\":\"ImageObject\",\"inLanguage\":\"de\",\"@id\":\"https:\/\/now-news.de\/de\/#\/schema\/logo\/image\/\",\"url\":\"http:\/\/just-now.news\/de\/wp-content\/uploads\/sites\/3\/2022\/04\/logo500x500.jpg\",\"contentUrl\":\"http:\/\/just-now.news\/de\/wp-content\/uploads\/sites\/3\/2022\/04\/logo500x500.jpg\",\"width\":500,\"height\":500,\"caption\":\"Just Now News\"},\"image\":{\"@id\":\"https:\/\/now-news.de\/de\/#\/schema\/logo\/image\/\"},\"sameAs\":[\"https:\/\/www.facebook.com\/wirmachenauf\",\"https:\/\/x.com\/WirMachenAuf_de\"]},{\"@type\":\"Person\",\"@id\":\"https:\/\/now-news.de\/de\/#\/schema\/person\/fb534a4e865501d8b3285208df34a9b5\",\"name\":\"rtnews\",\"image\":{\"@type\":\"ImageObject\",\"inLanguage\":\"de\",\"@id\":\"https:\/\/now-news.de\/de\/#\/schema\/person\/image\/\",\"url\":\"https:\/\/secure.gravatar.com\/avatar\/82aafea7d8127119dd649515f56e2117?s=96&d=mm&r=g\",\"contentUrl\":\"https:\/\/secure.gravatar.com\/avatar\/82aafea7d8127119dd649515f56e2117?s=96&d=mm&r=g\",\"caption\":\"rtnews\"},\"url\":\"https:\/\/now-news.de\/de\/author\/rnews\/\"}]}<\/script>\n<!-- \/ Yoast SEO Premium plugin. -->","yoast_head_json":{"title":"Boliviens Pr\u00e4sident: Putschversuch steht im Zusammenhang mi Lithium-Verhandlungen - just-now.NEWS Deutschland","robots":{"index":"index","follow":"follow","max-snippet":"max-snippet:-1","max-image-preview":"max-image-preview:large","max-video-preview":"max-video-preview:-1"},"canonical":"https:\/\/now-news.de\/de\/deutschland\/boliviens-praesident-putschversuch-steht-im-zusammenhang-mi-lithium-verhandlungen\/","og_locale":"de_DE","og_type":"article","og_title":"Boliviens Pr\u00e4sident: Putschversuch steht im Zusammenhang mi Lithium-Verhandlungen","og_description":"In einem Gespr\u00e4ch mit RT \u00e4u\u00dfert sich der bolivianische Pr\u00e4sident Luis Arce zu dem j\u00fcngsten Putschversuch in seinem Land. Arce bringt das Ereignis mit einem langfristigen Lithiumprojekt in Verbindung, wor\u00fcber aktuell verhandelt wird. Bei jedem Staatsstreich spielen Interessen eine Rolle, sagte der bolivianische Pr\u00e4sident Luis Arce in einem Interview mit RT. Damit kommentierte er den [&hellip;]","og_url":"https:\/\/now-news.de\/de\/deutschland\/boliviens-praesident-putschversuch-steht-im-zusammenhang-mi-lithium-verhandlungen\/","og_site_name":"just-now.NEWS Deutschland","article_publisher":"https:\/\/www.facebook.com\/wirmachenauf","article_published_time":"2024-06-28T12:52:53+00:00","og_image":[{"url":"https:\/\/now-news.de\/de\/wp-content\/uploads\/sites\/3\/2024\/06\/667e95efb480cc30e92b113f.jpg"}],"author":"rtnews","twitter_card":"summary_large_image","twitter_creator":"@WirMachenAuf_de","twitter_site":"@WirMachenAuf_de","twitter_misc":{"Verfasst von":"rtnews","Gesch\u00e4tzte Lesezeit":"2\u00a0Minuten"},"schema":{"@context":"https:\/\/schema.org","@graph":[{"@type":"Article","@id":"https:\/\/now-news.de\/de\/deutschland\/boliviens-praesident-putschversuch-steht-im-zusammenhang-mi-lithium-verhandlungen\/#article","isPartOf":{"@id":"https:\/\/now-news.de\/de\/deutschland\/boliviens-praesident-putschversuch-steht-im-zusammenhang-mi-lithium-verhandlungen\/"},"author":{"name":"rtnews","@id":"https:\/\/now-news.de\/de\/#\/schema\/person\/fb534a4e865501d8b3285208df34a9b5"},"headline":"Boliviens Pr\u00e4sident: Putschversuch steht im Zusammenhang mi Lithium-Verhandlungen","datePublished":"2024-06-28T12:52:53+00:00","dateModified":"2024-06-28T12:52:53+00:00","mainEntityOfPage":{"@id":"https:\/\/now-news.de\/de\/deutschland\/boliviens-praesident-putschversuch-steht-im-zusammenhang-mi-lithium-verhandlungen\/"},"wordCount":380,"commentCount":0,"publisher":{"@id":"https:\/\/now-news.de\/de\/#organization"},"image":{"@id":"https:\/\/now-news.de\/de\/deutschland\/boliviens-praesident-putschversuch-steht-im-zusammenhang-mi-lithium-verhandlungen\/#primaryimage"},"thumbnailUrl":"https:\/\/now-news.de\/de\/wp-content\/uploads\/sites\/3\/2024\/06\/Boliviens-Praesident-Putschversuch-steht-im-Zusammenhang-mi-Lithium-Verhandlungen.jpg","keywords":["Boliviens","LithiumVerhandlungen","Pr\u00e4sident","Putschversuch","steht","Zusammenhang"],"articleSection":["Deutschland","Russland"],"inLanguage":"de","potentialAction":[{"@type":"CommentAction","name":"Comment","target":["https:\/\/now-news.de\/de\/deutschland\/boliviens-praesident-putschversuch-steht-im-zusammenhang-mi-lithium-verhandlungen\/#respond"]}]},{"@type":"WebPage","@id":"https:\/\/now-news.de\/de\/deutschland\/boliviens-praesident-putschversuch-steht-im-zusammenhang-mi-lithium-verhandlungen\/","url":"https:\/\/now-news.de\/de\/deutschland\/boliviens-praesident-putschversuch-steht-im-zusammenhang-mi-lithium-verhandlungen\/","name":"Boliviens Pr\u00e4sident: Putschversuch steht im Zusammenhang mi Lithium-Verhandlungen - just-now.NEWS Deutschland","isPartOf":{"@id":"https:\/\/now-news.de\/de\/#website"},"primaryImageOfPage":{"@id":"https:\/\/now-news.de\/de\/deutschland\/boliviens-praesident-putschversuch-steht-im-zusammenhang-mi-lithium-verhandlungen\/#primaryimage"},"image":{"@id":"https:\/\/now-news.de\/de\/deutschland\/boliviens-praesident-putschversuch-steht-im-zusammenhang-mi-lithium-verhandlungen\/#primaryimage"},"thumbnailUrl":"https:\/\/now-news.de\/de\/wp-content\/uploads\/sites\/3\/2024\/06\/Boliviens-Praesident-Putschversuch-steht-im-Zusammenhang-mi-Lithium-Verhandlungen.jpg","datePublished":"2024-06-28T12:52:53+00:00","dateModified":"2024-06-28T12:52:53+00:00","breadcrumb":{"@id":"https:\/\/now-news.de\/de\/deutschland\/boliviens-praesident-putschversuch-steht-im-zusammenhang-mi-lithium-verhandlungen\/#breadcrumb"},"inLanguage":"de","potentialAction":[{"@type":"ReadAction","target":["https:\/\/now-news.de\/de\/deutschland\/boliviens-praesident-putschversuch-steht-im-zusammenhang-mi-lithium-verhandlungen\/"]}]},{"@type":"ImageObject","inLanguage":"de","@id":"https:\/\/now-news.de\/de\/deutschland\/boliviens-praesident-putschversuch-steht-im-zusammenhang-mi-lithium-verhandlungen\/#primaryimage","url":"https:\/\/now-news.de\/de\/wp-content\/uploads\/sites\/3\/2024\/06\/Boliviens-Praesident-Putschversuch-steht-im-Zusammenhang-mi-Lithium-Verhandlungen.jpg","contentUrl":"https:\/\/now-news.de\/de\/wp-content\/uploads\/sites\/3\/2024\/06\/Boliviens-Praesident-Putschversuch-steht-im-Zusammenhang-mi-Lithium-Verhandlungen.jpg","width":460,"height":259,"caption":"Boliviens Pr\u00e4sident: Putschversuch steht im Zusammenhang mi Lithium-Verhandlungen"},{"@type":"BreadcrumbList","@id":"https:\/\/now-news.de\/de\/deutschland\/boliviens-praesident-putschversuch-steht-im-zusammenhang-mi-lithium-verhandlungen\/#breadcrumb","itemListElement":[{"@type":"ListItem","position":1,"name":"Home","item":"https:\/\/now-news.de\/de\/"},{"@type":"ListItem","position":2,"name":"Boliviens Pr\u00e4sident: Putschversuch steht im Zusammenhang mi Lithium-Verhandlungen"}]},{"@type":"WebSite","@id":"https:\/\/now-news.de\/de\/#website","url":"https:\/\/now-news.de\/de\/","name":"just-now.NEWS Deutschland","description":"Das Portal f\u00fcr unzensierte Nachrichten aus der Welt","publisher":{"@id":"https:\/\/now-news.de\/de\/#organization"},"potentialAction":[{"@type":"SearchAction","target":{"@type":"EntryPoint","urlTemplate":"https:\/\/now-news.de\/de\/?s={search_term_string}"},"query-input":"required name=search_term_string"}],"inLanguage":"de"},{"@type":"Organization","@id":"https:\/\/now-news.de\/de\/#organization","name":"Just Now News","url":"https:\/\/now-news.de\/de\/","logo":{"@type":"ImageObject","inLanguage":"de","@id":"https:\/\/now-news.de\/de\/#\/schema\/logo\/image\/","url":"http:\/\/just-now.news\/de\/wp-content\/uploads\/sites\/3\/2022\/04\/logo500x500.jpg","contentUrl":"http:\/\/just-now.news\/de\/wp-content\/uploads\/sites\/3\/2022\/04\/logo500x500.jpg","width":500,"height":500,"caption":"Just Now News"},"image":{"@id":"https:\/\/now-news.de\/de\/#\/schema\/logo\/image\/"},"sameAs":["https:\/\/www.facebook.com\/wirmachenauf","https:\/\/x.com\/WirMachenAuf_de"]},{"@type":"Person","@id":"https:\/\/now-news.de\/de\/#\/schema\/person\/fb534a4e865501d8b3285208df34a9b5","name":"rtnews","image":{"@type":"ImageObject","inLanguage":"de","@id":"https:\/\/now-news.de\/de\/#\/schema\/person\/image\/","url":"https:\/\/secure.gravatar.com\/avatar\/82aafea7d8127119dd649515f56e2117?s=96&d=mm&r=g","contentUrl":"https:\/\/secure.gravatar.com\/avatar\/82aafea7d8127119dd649515f56e2117?s=96&d=mm&r=g","caption":"rtnews"},"url":"https:\/\/now-news.de\/de\/author\/rnews\/"}]}},"_links":{"self":[{"href":"https:\/\/now-news.de\/de\/wp-json\/wp\/v2\/posts\/63701"}],"collection":[{"href":"https:\/\/now-news.de\/de\/wp-json\/wp\/v2\/posts"}],"about":[{"href":"https:\/\/now-news.de\/de\/wp-json\/wp\/v2\/types\/post"}],"author":[{"embeddable":true,"href":"https:\/\/now-news.de\/de\/wp-json\/wp\/v2\/users\/3"}],"replies":[{"embeddable":true,"href":"https:\/\/now-news.de\/de\/wp-json\/wp\/v2\/comments?post=63701"}],"version-history":[{"count":0,"href":"https:\/\/now-news.de\/de\/wp-json\/wp\/v2\/posts\/63701\/revisions"}],"wp:featuredmedia":[{"embeddable":true,"href":"https:\/\/now-news.de\/de\/wp-json\/wp\/v2\/media\/63702"}],"wp:attachment":[{"href":"https:\/\/now-news.de\/de\/wp-json\/wp\/v2\/media?parent=63701"}],"wp:term":[{"taxonomy":"category","embeddable":true,"href":"https:\/\/now-news.de\/de\/wp-json\/wp\/v2\/categories?post=63701"},{"taxonomy":"post_tag","embeddable":true,"href":"https:\/\/now-news.de\/de\/wp-json\/wp\/v2\/tags?post=63701"}],"curies":[{"name":"wp","href":"https:\/\/api.w.org\/{rel}","templated":true}]}}