{"id":63686,"date":"2024-06-28T12:27:22","date_gmt":"2024-06-28T10:27:22","guid":{"rendered":"https:\/\/now-news.de\/de\/deutschland\/russland-bereitet-massnahmen-zur-reaktion-auf-us-drohnen-ueber-dem-schwarzen-meer-vor\/"},"modified":"2024-06-28T12:27:22","modified_gmt":"2024-06-28T10:27:22","slug":"russland-bereitet-massnahmen-zur-reaktion-auf-us-drohnen-ueber-dem-schwarzen-meer-vor","status":"publish","type":"post","link":"https:\/\/now-news.de\/de\/deutschland\/russland-bereitet-massnahmen-zur-reaktion-auf-us-drohnen-ueber-dem-schwarzen-meer-vor\/","title":{"rendered":"Russland bereitet Ma\u00dfnahmen zur Reaktion auf US-Drohnen \u00fcber dem Schwarzen Meer vor"},"content":{"rendered":"<p><img decoding=\"async\" src=\"https:\/\/now-news.de\/de\/wp-content\/uploads\/sites\/3\/2024\/06\/667e8a1c48fbef53870cef1e.jpg\" \/><\/p>\n<div class=\"Text-root Text-type_1 \">\n                Russlands Verteidigungsministerium meldet eine Zunahme der Aktivit\u00e4ten von US-Drohnen \u00fcber dem Schwarzen Meer zu Zielerfassungszwecken f\u00fcr die ukrainische Armee. Nun weist der Leiter der Beh\u00f6rde den Generalstab an, Ma\u00dfnahmen f\u00fcr eine rasche Reaktion auszuarbeiten.\n            <\/div>\n<p><\/p>\n<div class=\"Text-root Text-type_5 ArticleView-text ViewText-root \">\n<p>Der russische Verteidigungsminister Andrei Beloussow hat den Generalstab angewiesen, operative Ma\u00dfnahmen im Zusammenhang mit der Zunahme von Fl\u00fcgen strategischer US-Drohnen \u00fcber dem Schwarzen Meer auszuarbeiten. Dies teilt die Beh\u00f6rde auf Telegram <a rel=\"nofollow noopener\" target=\"_blank\" href=\"https:\/\/t.me\/mod_russia\/40386\">mit<\/a>.<strong><\/strong><\/p>\n<p>Aus dem russischen Verteidigungsministerium hei\u00dft es, die Intensit\u00e4t der Fl\u00fcge strategischer US-Drohnen \u00fcber dem Schwarzen Meer habe zugenommen. Nach Ansicht der Beh\u00f6rde dienen die Drohnen &#8220;der Aufkl\u00e4rung und dem gezielten Einsatz von Pr\u00e4zisionswaffen, die den ukrainischen Streitkr\u00e4ften von westlichen Staaten f\u00fcr Angriffe auf russische Einrichtungen geliefert werden&#8221;.<\/p>\n<p>Das Ministerium betont die zunehmende Einmischung der USA und der NATO-Staaten in den Konflikt in der Ukraine und die gestiegene Wahrscheinlichkeit von &#8220;Zwischenf\u00e4llen im Luftraum&#8221; sowie die Risiken einer direkten Konfrontation mit Russland. Zudem macht das russische Verteidigungsministerium die Nordatlantische Allianz f\u00fcr m\u00f6gliche Folgen von Drohnenfl\u00fcgen \u00fcber dem Schwarzen Meer verantwortlich.<\/p>\n<p>Am 24. Juni haben russische Milit\u00e4r-Telegram-Kan\u00e4le, darunter der Kanal <em>Fighterbomber<\/em>, die Information verbreitet, dass eine US-Drohne vom Typ\u00a0Global Hawk \u00fcber dem Schwarzen Meer abgeschossen worden sei. Allerdings meldeten weder US-amerikanische noch russische Beh\u00f6rden in diesem Zeitraum Vorf\u00e4lle mit Drohnen. Der Kreml erkl\u00e4rte, ihm l\u00e4gen keine diesbez\u00fcglichen Informationen vor.<\/p>\n<p>Im M\u00e4rz 2023 war eine US-Drohne vom Typ MQ-9 Reaper ins Schwarze Meer gest\u00fcrzt. Das Europ\u00e4ische Kommando des US-Milit\u00e4rs behauptete, dass die Drohne &#8220;Routineoperationen durchf\u00fchrte, als sie von einem russischen Flugzeug abgefangen wurde und mit diesem kollidierte&#8221;. Das russische Verteidigungsministerium schloss einen Kontakt zwischen dem Kampfflugzeug und der Drohne aus und verwies auf eine Verletzung des russischen Luftraums.<\/p>\n<p>Nach dem Vorfall k\u00fcndigte Pentagon-Chef Lloyd Austin an, dass die USA weiterhin &#8220;dort fliegen werden, wo es das internationale Recht erlaubt.&#8221; Er verwies auf die Verpflichtung der russischen Milit\u00e4rflugzeuge, sicher und professionell zu handeln.<\/p>\n<p><strong>Mehr zum Thema<\/strong> &#8211; <a rel=\"nofollow noopener\" target=\"_blank\" href=\"https:\/\/freedert.online\/der-nahe-osten\/204120-houthi-rebellen-wollen-weitere-us-reaper-drohne-abgeschossen-haben\/\">Huthi-Rebellen wollen weitere US-Reaper-Drohne abgeschossen haben<\/a><\/p>\n<\/div>\n<p><br \/>\n<br \/><a href=\"https:\/\/de.rt.com\/international\/210666-russland-bereitet-massnahmen-zur-reaktion\/\">Source link <\/a><\/p>\n","protected":false},"excerpt":{"rendered":"<p>Russlands Verteidigungsministerium meldet eine Zunahme der Aktivit\u00e4ten von US-Drohnen \u00fcber dem Schwarzen Meer zu Zielerfassungszwecken f\u00fcr die ukrainische Armee. Nun weist der Leiter der Beh\u00f6rde den Generalstab an, Ma\u00dfnahmen f\u00fcr eine rasche Reaktion auszuarbeiten. Der russische Verteidigungsminister Andrei Beloussow hat den Generalstab angewiesen, operative Ma\u00dfnahmen im Zusammenhang mit der Zunahme von Fl\u00fcgen strategischer US-Drohnen \u00fcber [&hellip;]<\/p>\n","protected":false},"author":3,"featured_media":63687,"comment_status":"open","ping_status":"open","sticky":false,"template":"","format":"standard","meta":{"_yoast_indexnow_last_ping":["1719571319"],"wp_automatic_camp":["217"],"68ab308a7ceb5a10a9ebaef27870b4bb":["Russland bereitet Ma\u00dfnahmen zur Reaktion auf US-Drohnen \u00fcber dem Schwarzen Meer vor"],"original_link":["https:\/\/de.rt.com\/international\/210666-russland-bereitet-massnahmen-zur-reaktion\/"],"_thumbnail_id":["63687"],"jnews_social_counter_last_update":["1777613057"],"_wptgpro_p2tg_sent2tg":["a:1:{i:23737;s:19:\"2024-06-28 12:43:07\";}"]},"categories":[19,23],"tags":[133,8549,134,6534,1363,158,126,13171,139,41997,320,581],"yoast_head":"<!-- This site is optimized with the Yoast SEO Premium plugin v22.7 (Yoast SEO v22.7) - https:\/\/yoast.com\/wordpress\/plugins\/seo\/ -->\n<title>Russland bereitet Ma\u00dfnahmen zur Reaktion auf US-Drohnen \u00fcber dem Schwarzen Meer vor - just-now.NEWS Deutschland<\/title>\n<meta name=\"robots\" content=\"index, follow, max-snippet:-1, max-image-preview:large, max-video-preview:-1\" \/>\n<link rel=\"canonical\" href=\"https:\/\/now-news.de\/de\/deutschland\/russland-bereitet-massnahmen-zur-reaktion-auf-us-drohnen-ueber-dem-schwarzen-meer-vor\/\" \/>\n<meta property=\"og:locale\" content=\"de_DE\" \/>\n<meta property=\"og:type\" content=\"article\" \/>\n<meta property=\"og:title\" content=\"Russland bereitet Ma\u00dfnahmen zur Reaktion auf US-Drohnen \u00fcber dem Schwarzen Meer vor\" \/>\n<meta property=\"og:description\" content=\"Russlands Verteidigungsministerium meldet eine Zunahme der Aktivit\u00e4ten von US-Drohnen \u00fcber dem Schwarzen Meer zu Zielerfassungszwecken f\u00fcr die ukrainische Armee. Nun weist der Leiter der Beh\u00f6rde den Generalstab an, Ma\u00dfnahmen f\u00fcr eine rasche Reaktion auszuarbeiten. Der russische Verteidigungsminister Andrei Beloussow hat den Generalstab angewiesen, operative Ma\u00dfnahmen im Zusammenhang mit der Zunahme von Fl\u00fcgen strategischer US-Drohnen \u00fcber [&hellip;]\" \/>\n<meta property=\"og:url\" content=\"https:\/\/now-news.de\/de\/deutschland\/russland-bereitet-massnahmen-zur-reaktion-auf-us-drohnen-ueber-dem-schwarzen-meer-vor\/\" \/>\n<meta property=\"og:site_name\" content=\"just-now.NEWS Deutschland\" \/>\n<meta property=\"article:publisher\" content=\"https:\/\/www.facebook.com\/wirmachenauf\" \/>\n<meta property=\"article:published_time\" content=\"2024-06-28T10:27:22+00:00\" \/>\n<meta property=\"og:image\" content=\"https:\/\/now-news.de\/de\/wp-content\/uploads\/sites\/3\/2024\/06\/667e8a1c48fbef53870cef1e.jpg\" \/>\n<meta name=\"author\" content=\"rtnews\" \/>\n<meta name=\"twitter:card\" content=\"summary_large_image\" \/>\n<meta name=\"twitter:creator\" content=\"@WirMachenAuf_de\" \/>\n<meta name=\"twitter:site\" content=\"@WirMachenAuf_de\" \/>\n<meta name=\"twitter:label1\" content=\"Verfasst von\" \/>\n\t<meta name=\"twitter:data1\" content=\"rtnews\" \/>\n\t<meta name=\"twitter:label2\" content=\"Gesch\u00e4tzte Lesezeit\" \/>\n\t<meta name=\"twitter:data2\" content=\"2\u00a0Minuten\" \/>\n<script type=\"application\/ld+json\" class=\"yoast-schema-graph\">{\"@context\":\"https:\/\/schema.org\",\"@graph\":[{\"@type\":\"Article\",\"@id\":\"https:\/\/now-news.de\/de\/deutschland\/russland-bereitet-massnahmen-zur-reaktion-auf-us-drohnen-ueber-dem-schwarzen-meer-vor\/#article\",\"isPartOf\":{\"@id\":\"https:\/\/now-news.de\/de\/deutschland\/russland-bereitet-massnahmen-zur-reaktion-auf-us-drohnen-ueber-dem-schwarzen-meer-vor\/\"},\"author\":{\"name\":\"rtnews\",\"@id\":\"https:\/\/now-news.de\/de\/#\/schema\/person\/fb534a4e865501d8b3285208df34a9b5\"},\"headline\":\"Russland bereitet Ma\u00dfnahmen zur Reaktion auf US-Drohnen \u00fcber dem Schwarzen Meer vor\",\"datePublished\":\"2024-06-28T10:27:22+00:00\",\"dateModified\":\"2024-06-28T10:27:22+00:00\",\"mainEntityOfPage\":{\"@id\":\"https:\/\/now-news.de\/de\/deutschland\/russland-bereitet-massnahmen-zur-reaktion-auf-us-drohnen-ueber-dem-schwarzen-meer-vor\/\"},\"wordCount\":363,\"commentCount\":0,\"publisher\":{\"@id\":\"https:\/\/now-news.de\/de\/#organization\"},\"image\":{\"@id\":\"https:\/\/now-news.de\/de\/deutschland\/russland-bereitet-massnahmen-zur-reaktion-auf-us-drohnen-ueber-dem-schwarzen-meer-vor\/#primaryimage\"},\"thumbnailUrl\":\"https:\/\/now-news.de\/de\/wp-content\/uploads\/sites\/3\/2024\/06\/Russland-bereitet-Massnahmen-zur-Reaktion-auf-US-Drohnen-ueber-dem-Schwarzen.jpg\",\"keywords\":[\"AUF\",\"bereitet\",\"DEM\",\"Massnahmen\",\"Meer\",\"reaktion\",\"russland\",\"Schwarzen\",\"\u00fcber\",\"USDrohnen\",\"vor\",\"zur\"],\"articleSection\":[\"Deutschland\",\"Russland\"],\"inLanguage\":\"de\",\"potentialAction\":[{\"@type\":\"CommentAction\",\"name\":\"Comment\",\"target\":[\"https:\/\/now-news.de\/de\/deutschland\/russland-bereitet-massnahmen-zur-reaktion-auf-us-drohnen-ueber-dem-schwarzen-meer-vor\/#respond\"]}]},{\"@type\":\"WebPage\",\"@id\":\"https:\/\/now-news.de\/de\/deutschland\/russland-bereitet-massnahmen-zur-reaktion-auf-us-drohnen-ueber-dem-schwarzen-meer-vor\/\",\"url\":\"https:\/\/now-news.de\/de\/deutschland\/russland-bereitet-massnahmen-zur-reaktion-auf-us-drohnen-ueber-dem-schwarzen-meer-vor\/\",\"name\":\"Russland bereitet Ma\u00dfnahmen zur Reaktion auf US-Drohnen \u00fcber dem Schwarzen Meer vor - just-now.NEWS Deutschland\",\"isPartOf\":{\"@id\":\"https:\/\/now-news.de\/de\/#website\"},\"primaryImageOfPage\":{\"@id\":\"https:\/\/now-news.de\/de\/deutschland\/russland-bereitet-massnahmen-zur-reaktion-auf-us-drohnen-ueber-dem-schwarzen-meer-vor\/#primaryimage\"},\"image\":{\"@id\":\"https:\/\/now-news.de\/de\/deutschland\/russland-bereitet-massnahmen-zur-reaktion-auf-us-drohnen-ueber-dem-schwarzen-meer-vor\/#primaryimage\"},\"thumbnailUrl\":\"https:\/\/now-news.de\/de\/wp-content\/uploads\/sites\/3\/2024\/06\/Russland-bereitet-Massnahmen-zur-Reaktion-auf-US-Drohnen-ueber-dem-Schwarzen.jpg\",\"datePublished\":\"2024-06-28T10:27:22+00:00\",\"dateModified\":\"2024-06-28T10:27:22+00:00\",\"breadcrumb\":{\"@id\":\"https:\/\/now-news.de\/de\/deutschland\/russland-bereitet-massnahmen-zur-reaktion-auf-us-drohnen-ueber-dem-schwarzen-meer-vor\/#breadcrumb\"},\"inLanguage\":\"de\",\"potentialAction\":[{\"@type\":\"ReadAction\",\"target\":[\"https:\/\/now-news.de\/de\/deutschland\/russland-bereitet-massnahmen-zur-reaktion-auf-us-drohnen-ueber-dem-schwarzen-meer-vor\/\"]}]},{\"@type\":\"ImageObject\",\"inLanguage\":\"de\",\"@id\":\"https:\/\/now-news.de\/de\/deutschland\/russland-bereitet-massnahmen-zur-reaktion-auf-us-drohnen-ueber-dem-schwarzen-meer-vor\/#primaryimage\",\"url\":\"https:\/\/now-news.de\/de\/wp-content\/uploads\/sites\/3\/2024\/06\/Russland-bereitet-Massnahmen-zur-Reaktion-auf-US-Drohnen-ueber-dem-Schwarzen.jpg\",\"contentUrl\":\"https:\/\/now-news.de\/de\/wp-content\/uploads\/sites\/3\/2024\/06\/Russland-bereitet-Massnahmen-zur-Reaktion-auf-US-Drohnen-ueber-dem-Schwarzen.jpg\",\"width\":460,\"height\":259,\"caption\":\"Russland bereitet Ma\u00dfnahmen zur Reaktion auf US-Drohnen \u00fcber dem Schwarzen Meer vor\"},{\"@type\":\"BreadcrumbList\",\"@id\":\"https:\/\/now-news.de\/de\/deutschland\/russland-bereitet-massnahmen-zur-reaktion-auf-us-drohnen-ueber-dem-schwarzen-meer-vor\/#breadcrumb\",\"itemListElement\":[{\"@type\":\"ListItem\",\"position\":1,\"name\":\"Home\",\"item\":\"https:\/\/now-news.de\/de\/\"},{\"@type\":\"ListItem\",\"position\":2,\"name\":\"Russland bereitet Ma\u00dfnahmen zur Reaktion auf US-Drohnen \u00fcber dem Schwarzen Meer vor\"}]},{\"@type\":\"WebSite\",\"@id\":\"https:\/\/now-news.de\/de\/#website\",\"url\":\"https:\/\/now-news.de\/de\/\",\"name\":\"just-now.NEWS Deutschland\",\"description\":\"Das Portal f\u00fcr unzensierte Nachrichten aus der Welt\",\"publisher\":{\"@id\":\"https:\/\/now-news.de\/de\/#organization\"},\"potentialAction\":[{\"@type\":\"SearchAction\",\"target\":{\"@type\":\"EntryPoint\",\"urlTemplate\":\"https:\/\/now-news.de\/de\/?s={search_term_string}\"},\"query-input\":\"required name=search_term_string\"}],\"inLanguage\":\"de\"},{\"@type\":\"Organization\",\"@id\":\"https:\/\/now-news.de\/de\/#organization\",\"name\":\"Just Now News\",\"url\":\"https:\/\/now-news.de\/de\/\",\"logo\":{\"@type\":\"ImageObject\",\"inLanguage\":\"de\",\"@id\":\"https:\/\/now-news.de\/de\/#\/schema\/logo\/image\/\",\"url\":\"http:\/\/just-now.news\/de\/wp-content\/uploads\/sites\/3\/2022\/04\/logo500x500.jpg\",\"contentUrl\":\"http:\/\/just-now.news\/de\/wp-content\/uploads\/sites\/3\/2022\/04\/logo500x500.jpg\",\"width\":500,\"height\":500,\"caption\":\"Just Now News\"},\"image\":{\"@id\":\"https:\/\/now-news.de\/de\/#\/schema\/logo\/image\/\"},\"sameAs\":[\"https:\/\/www.facebook.com\/wirmachenauf\",\"https:\/\/x.com\/WirMachenAuf_de\"]},{\"@type\":\"Person\",\"@id\":\"https:\/\/now-news.de\/de\/#\/schema\/person\/fb534a4e865501d8b3285208df34a9b5\",\"name\":\"rtnews\",\"image\":{\"@type\":\"ImageObject\",\"inLanguage\":\"de\",\"@id\":\"https:\/\/now-news.de\/de\/#\/schema\/person\/image\/\",\"url\":\"https:\/\/secure.gravatar.com\/avatar\/82aafea7d8127119dd649515f56e2117?s=96&d=mm&r=g\",\"contentUrl\":\"https:\/\/secure.gravatar.com\/avatar\/82aafea7d8127119dd649515f56e2117?s=96&d=mm&r=g\",\"caption\":\"rtnews\"},\"url\":\"https:\/\/now-news.de\/de\/author\/rnews\/\"}]}<\/script>\n<!-- \/ Yoast SEO Premium plugin. -->","yoast_head_json":{"title":"Russland bereitet Ma\u00dfnahmen zur Reaktion auf US-Drohnen \u00fcber dem Schwarzen Meer vor - just-now.NEWS Deutschland","robots":{"index":"index","follow":"follow","max-snippet":"max-snippet:-1","max-image-preview":"max-image-preview:large","max-video-preview":"max-video-preview:-1"},"canonical":"https:\/\/now-news.de\/de\/deutschland\/russland-bereitet-massnahmen-zur-reaktion-auf-us-drohnen-ueber-dem-schwarzen-meer-vor\/","og_locale":"de_DE","og_type":"article","og_title":"Russland bereitet Ma\u00dfnahmen zur Reaktion auf US-Drohnen \u00fcber dem Schwarzen Meer vor","og_description":"Russlands Verteidigungsministerium meldet eine Zunahme der Aktivit\u00e4ten von US-Drohnen \u00fcber dem Schwarzen Meer zu Zielerfassungszwecken f\u00fcr die ukrainische Armee. Nun weist der Leiter der Beh\u00f6rde den Generalstab an, Ma\u00dfnahmen f\u00fcr eine rasche Reaktion auszuarbeiten. Der russische Verteidigungsminister Andrei Beloussow hat den Generalstab angewiesen, operative Ma\u00dfnahmen im Zusammenhang mit der Zunahme von Fl\u00fcgen strategischer US-Drohnen \u00fcber [&hellip;]","og_url":"https:\/\/now-news.de\/de\/deutschland\/russland-bereitet-massnahmen-zur-reaktion-auf-us-drohnen-ueber-dem-schwarzen-meer-vor\/","og_site_name":"just-now.NEWS Deutschland","article_publisher":"https:\/\/www.facebook.com\/wirmachenauf","article_published_time":"2024-06-28T10:27:22+00:00","og_image":[{"url":"https:\/\/now-news.de\/de\/wp-content\/uploads\/sites\/3\/2024\/06\/667e8a1c48fbef53870cef1e.jpg"}],"author":"rtnews","twitter_card":"summary_large_image","twitter_creator":"@WirMachenAuf_de","twitter_site":"@WirMachenAuf_de","twitter_misc":{"Verfasst von":"rtnews","Gesch\u00e4tzte Lesezeit":"2\u00a0Minuten"},"schema":{"@context":"https:\/\/schema.org","@graph":[{"@type":"Article","@id":"https:\/\/now-news.de\/de\/deutschland\/russland-bereitet-massnahmen-zur-reaktion-auf-us-drohnen-ueber-dem-schwarzen-meer-vor\/#article","isPartOf":{"@id":"https:\/\/now-news.de\/de\/deutschland\/russland-bereitet-massnahmen-zur-reaktion-auf-us-drohnen-ueber-dem-schwarzen-meer-vor\/"},"author":{"name":"rtnews","@id":"https:\/\/now-news.de\/de\/#\/schema\/person\/fb534a4e865501d8b3285208df34a9b5"},"headline":"Russland bereitet Ma\u00dfnahmen zur Reaktion auf US-Drohnen \u00fcber dem Schwarzen Meer vor","datePublished":"2024-06-28T10:27:22+00:00","dateModified":"2024-06-28T10:27:22+00:00","mainEntityOfPage":{"@id":"https:\/\/now-news.de\/de\/deutschland\/russland-bereitet-massnahmen-zur-reaktion-auf-us-drohnen-ueber-dem-schwarzen-meer-vor\/"},"wordCount":363,"commentCount":0,"publisher":{"@id":"https:\/\/now-news.de\/de\/#organization"},"image":{"@id":"https:\/\/now-news.de\/de\/deutschland\/russland-bereitet-massnahmen-zur-reaktion-auf-us-drohnen-ueber-dem-schwarzen-meer-vor\/#primaryimage"},"thumbnailUrl":"https:\/\/now-news.de\/de\/wp-content\/uploads\/sites\/3\/2024\/06\/Russland-bereitet-Massnahmen-zur-Reaktion-auf-US-Drohnen-ueber-dem-Schwarzen.jpg","keywords":["AUF","bereitet","DEM","Massnahmen","Meer","reaktion","russland","Schwarzen","\u00fcber","USDrohnen","vor","zur"],"articleSection":["Deutschland","Russland"],"inLanguage":"de","potentialAction":[{"@type":"CommentAction","name":"Comment","target":["https:\/\/now-news.de\/de\/deutschland\/russland-bereitet-massnahmen-zur-reaktion-auf-us-drohnen-ueber-dem-schwarzen-meer-vor\/#respond"]}]},{"@type":"WebPage","@id":"https:\/\/now-news.de\/de\/deutschland\/russland-bereitet-massnahmen-zur-reaktion-auf-us-drohnen-ueber-dem-schwarzen-meer-vor\/","url":"https:\/\/now-news.de\/de\/deutschland\/russland-bereitet-massnahmen-zur-reaktion-auf-us-drohnen-ueber-dem-schwarzen-meer-vor\/","name":"Russland bereitet Ma\u00dfnahmen zur Reaktion auf US-Drohnen \u00fcber dem Schwarzen Meer vor - just-now.NEWS Deutschland","isPartOf":{"@id":"https:\/\/now-news.de\/de\/#website"},"primaryImageOfPage":{"@id":"https:\/\/now-news.de\/de\/deutschland\/russland-bereitet-massnahmen-zur-reaktion-auf-us-drohnen-ueber-dem-schwarzen-meer-vor\/#primaryimage"},"image":{"@id":"https:\/\/now-news.de\/de\/deutschland\/russland-bereitet-massnahmen-zur-reaktion-auf-us-drohnen-ueber-dem-schwarzen-meer-vor\/#primaryimage"},"thumbnailUrl":"https:\/\/now-news.de\/de\/wp-content\/uploads\/sites\/3\/2024\/06\/Russland-bereitet-Massnahmen-zur-Reaktion-auf-US-Drohnen-ueber-dem-Schwarzen.jpg","datePublished":"2024-06-28T10:27:22+00:00","dateModified":"2024-06-28T10:27:22+00:00","breadcrumb":{"@id":"https:\/\/now-news.de\/de\/deutschland\/russland-bereitet-massnahmen-zur-reaktion-auf-us-drohnen-ueber-dem-schwarzen-meer-vor\/#breadcrumb"},"inLanguage":"de","potentialAction":[{"@type":"ReadAction","target":["https:\/\/now-news.de\/de\/deutschland\/russland-bereitet-massnahmen-zur-reaktion-auf-us-drohnen-ueber-dem-schwarzen-meer-vor\/"]}]},{"@type":"ImageObject","inLanguage":"de","@id":"https:\/\/now-news.de\/de\/deutschland\/russland-bereitet-massnahmen-zur-reaktion-auf-us-drohnen-ueber-dem-schwarzen-meer-vor\/#primaryimage","url":"https:\/\/now-news.de\/de\/wp-content\/uploads\/sites\/3\/2024\/06\/Russland-bereitet-Massnahmen-zur-Reaktion-auf-US-Drohnen-ueber-dem-Schwarzen.jpg","contentUrl":"https:\/\/now-news.de\/de\/wp-content\/uploads\/sites\/3\/2024\/06\/Russland-bereitet-Massnahmen-zur-Reaktion-auf-US-Drohnen-ueber-dem-Schwarzen.jpg","width":460,"height":259,"caption":"Russland bereitet Ma\u00dfnahmen zur Reaktion auf US-Drohnen \u00fcber dem Schwarzen Meer vor"},{"@type":"BreadcrumbList","@id":"https:\/\/now-news.de\/de\/deutschland\/russland-bereitet-massnahmen-zur-reaktion-auf-us-drohnen-ueber-dem-schwarzen-meer-vor\/#breadcrumb","itemListElement":[{"@type":"ListItem","position":1,"name":"Home","item":"https:\/\/now-news.de\/de\/"},{"@type":"ListItem","position":2,"name":"Russland bereitet Ma\u00dfnahmen zur Reaktion auf US-Drohnen \u00fcber dem Schwarzen Meer vor"}]},{"@type":"WebSite","@id":"https:\/\/now-news.de\/de\/#website","url":"https:\/\/now-news.de\/de\/","name":"just-now.NEWS Deutschland","description":"Das Portal f\u00fcr unzensierte Nachrichten aus der Welt","publisher":{"@id":"https:\/\/now-news.de\/de\/#organization"},"potentialAction":[{"@type":"SearchAction","target":{"@type":"EntryPoint","urlTemplate":"https:\/\/now-news.de\/de\/?s={search_term_string}"},"query-input":"required name=search_term_string"}],"inLanguage":"de"},{"@type":"Organization","@id":"https:\/\/now-news.de\/de\/#organization","name":"Just Now News","url":"https:\/\/now-news.de\/de\/","logo":{"@type":"ImageObject","inLanguage":"de","@id":"https:\/\/now-news.de\/de\/#\/schema\/logo\/image\/","url":"http:\/\/just-now.news\/de\/wp-content\/uploads\/sites\/3\/2022\/04\/logo500x500.jpg","contentUrl":"http:\/\/just-now.news\/de\/wp-content\/uploads\/sites\/3\/2022\/04\/logo500x500.jpg","width":500,"height":500,"caption":"Just Now News"},"image":{"@id":"https:\/\/now-news.de\/de\/#\/schema\/logo\/image\/"},"sameAs":["https:\/\/www.facebook.com\/wirmachenauf","https:\/\/x.com\/WirMachenAuf_de"]},{"@type":"Person","@id":"https:\/\/now-news.de\/de\/#\/schema\/person\/fb534a4e865501d8b3285208df34a9b5","name":"rtnews","image":{"@type":"ImageObject","inLanguage":"de","@id":"https:\/\/now-news.de\/de\/#\/schema\/person\/image\/","url":"https:\/\/secure.gravatar.com\/avatar\/82aafea7d8127119dd649515f56e2117?s=96&d=mm&r=g","contentUrl":"https:\/\/secure.gravatar.com\/avatar\/82aafea7d8127119dd649515f56e2117?s=96&d=mm&r=g","caption":"rtnews"},"url":"https:\/\/now-news.de\/de\/author\/rnews\/"}]}},"_links":{"self":[{"href":"https:\/\/now-news.de\/de\/wp-json\/wp\/v2\/posts\/63686"}],"collection":[{"href":"https:\/\/now-news.de\/de\/wp-json\/wp\/v2\/posts"}],"about":[{"href":"https:\/\/now-news.de\/de\/wp-json\/wp\/v2\/types\/post"}],"author":[{"embeddable":true,"href":"https:\/\/now-news.de\/de\/wp-json\/wp\/v2\/users\/3"}],"replies":[{"embeddable":true,"href":"https:\/\/now-news.de\/de\/wp-json\/wp\/v2\/comments?post=63686"}],"version-history":[{"count":0,"href":"https:\/\/now-news.de\/de\/wp-json\/wp\/v2\/posts\/63686\/revisions"}],"wp:featuredmedia":[{"embeddable":true,"href":"https:\/\/now-news.de\/de\/wp-json\/wp\/v2\/media\/63687"}],"wp:attachment":[{"href":"https:\/\/now-news.de\/de\/wp-json\/wp\/v2\/media?parent=63686"}],"wp:term":[{"taxonomy":"category","embeddable":true,"href":"https:\/\/now-news.de\/de\/wp-json\/wp\/v2\/categories?post=63686"},{"taxonomy":"post_tag","embeddable":true,"href":"https:\/\/now-news.de\/de\/wp-json\/wp\/v2\/tags?post=63686"}],"curies":[{"name":"wp","href":"https:\/\/api.w.org\/{rel}","templated":true}]}}