{"id":63682,"date":"2024-06-28T11:44:17","date_gmt":"2024-06-28T09:44:17","guid":{"rendered":"https:\/\/now-news.de\/de\/deutschland\/praesidentenwahl-iran-am-politischen-scheideweg\/"},"modified":"2024-06-28T11:44:17","modified_gmt":"2024-06-28T09:44:17","slug":"praesidentenwahl-iran-am-politischen-scheideweg","status":"publish","type":"post","link":"https:\/\/now-news.de\/de\/deutschland\/praesidentenwahl-iran-am-politischen-scheideweg\/","title":{"rendered":"Pr\u00e4sidentenwahl: Iran am politischen Scheideweg"},"content":{"rendered":"<p><img decoding=\"async\" src=\"https:\/\/now-news.de\/de\/wp-content\/uploads\/sites\/3\/2024\/06\/667e5f97b480cc30e92b10e2.jpg\" \/><\/p>\n<div class=\"Text-root Text-type_1 \">\n                Bei der Pr\u00e4sidentenwahl haben heute drei Kandidaten Aussicht auf Erfolg. Zwei Kandidaten aus dem konservativen Lager und ein Bewerber aus dem Reformerlager. W\u00e4hrend die beiden Konservativen die Orientierung Irans gen Osten ausbauen wollen, strebt der liberale Kandidat die Wiederann\u00e4herung an den Westen an.\n            <\/div>\n<p><\/p>\n<div class=\"Text-root Text-type_5 ArticleView-text ViewText-root \">\n<p><em>Von Armin Schmitt<\/em><\/p>\n<p>In Iran finden heute die Pr\u00e4sidentenwahlen statt.\u00a0Die vorgezogenen Wahlen wurden durch den Tod von Pr\u00e4sident Ebrahim Raisi bei einem Hubschrauberabsturz im Mai ausgel\u00f6st. Urspr\u00fcnglich waren die n\u00e4chsten Pr\u00e4sidentschaftswahlen f\u00fcr 2025 geplant.<\/p>\n<p>In den Umfragen lag zuletzt der\u00a0liberale\u00a0Bewerber vorn. Der fr\u00fchere Gesundheitsminister Massud Peseschkian, ein ausgebildeter Herzchirurg, geh\u00f6rt einem\u00a0Lager an, dessen Vertreter in Iran als Reformer und prowestlich bezeichnet werden. Die beiden anderen aussichtsreichen Kandidaten, Parlamentspr\u00e4sident Mohammad Bagher Ghalibaf und der fr\u00fchere Chefunterh\u00e4ndler bei den Atomverhandlungen Said Dschalili, geh\u00f6ren\u00a0dem Lager der sogenannten Prinzipalisten an.<\/p>\n<p>Dschalili\u00a0soll als Vertrauter des iranischen Revolutionsf\u00fchrers\u00a0Ali Chamenei gelten. Er vertritt die\u00a0nationalistisch-konservativen Ansichten. Ghalibaf, der lange B\u00fcrgermeister von Teheran war und davor die Luftwaffe der Revolutionsgarde kommandierte, pr\u00e4sentiert sich als pragmatischer Konservativer. Da keiner von\u00a0den beiden zugunsten des anderen seine Kandidatur zur\u00fcckgezogen hat, wird das Rennen wahrscheinlich erst in einer Stichwahl am 5. Juli entschieden.<\/p>\n<p>Peseschkian wirbt f\u00fcr eine Ann\u00e4herung an den Westen und eine Wiederaufnahme der Verhandlungen \u00fcber das Atomabkommen von 2015, um eine Aufhebung der\u00a0westlichen Sanktionen zu erzielen. Darin sieht er den &#8220;Schl\u00fcssel&#8221; f\u00fcr eine Verbesserung der Wirtschaftslage in Iran. Au\u00dferdem\u00a0argumentiert er f\u00fcr eine Einhaltung der Vorgaben der internationalen Financial Action Taskforce gegen Geldw\u00e4sche und Terrorfinanzierung. Die Konservativen sehen darin, Ma\u00dfnahmen zur Bek\u00e4mpfung der iranischen Unterst\u00fctzung f\u00fcr die sogenannte &#8220;Achse des Widerstands&#8221; in der Region.<\/p>\n<p>Dschalili ist dagegen ein Verfechter der &#8220;Widerstands\u00f6konomie&#8221;, die darauf abzielt, die westlichen Sanktionen zu\u00a0umgehen oder durch eine\u00a0nationalistische Wirtschaft wirkungslos zu machen. Ghalibaf will\u00a0aber mit dem Westen verhandeln, \u00fcbt aber gleichzeitig scharfe Kritik am Atomdeal von 2015, aus dem die USA sich einseitig 2018 unter Pr\u00e4sident Donald Trump zur\u00fcckgezogen hatten. Er will zudem, genau wie Dschalili, die Beziehungen zu Russland und China weiter ausbauen.<\/p>\n<p>Derzeit gibt es keine Anzeichen daf\u00fcr, dass Teheran Raisis ostorientierte Au\u00dfenpolitik aufgeben wird, die den Absatzmarkt in\u00a0Asien\u00a0und den Handel mit nicht westlichen W\u00e4hrungen angekurbelt hat.<\/p>\n<p>Zu Raisis Errungenschaften z\u00e4hlen die bahnbrechende, von Peking vermittelte Auss\u00f6hnung zwischen Iran und Saudi-Arabien, seine anhaltende Unterst\u00fctzung der pal\u00e4stinensischen Sache sowie der Beitritt Irans zur Shanghaier Organisation f\u00fcr Zusammenarbeit (SCO) und zu BRICS+.<\/p>\n<p><strong>Mehr zum Thema<\/strong> &#8211; <a rel=\"nofollow noopener\" target=\"_blank\" href=\"https:\/\/freedert.online\/der-nahe-osten\/210360-kriegsgefahr-in-nahost-drohgebaerden-von\/\">Neue Kriegsgefahr in Nahost: Drohgeb\u00e4rden von Israel und Hisbollah sch\u00fcren \u00c4ngste<\/a><\/p>\n<div class=\"EmbedBlock-root EmbedBlock-externalVideo EmbedBlock-odysee\">\n<div class=\"VkEmbed\"><iframe class=\"lazyload\" data-src=\"https:\/\/odysee.com\/%24\/embed\/%40RTDE%3Ae%2FPr%C3%A4sidentschaftswahlen-im-Iran--Sechs-Kandidaten-streben-um-Raisis-Nachfolge-%3A4\" frameborder=\"0\" width=\"853\" height=\"480\" allowfullscreen><\/iframe><\/div>\n<\/div>\n<\/div>\n<p><br \/>\n<br \/><a href=\"https:\/\/de.rt.com\/der-nahe-osten\/210625-praesidentenwahl-iran-am-politischen-scheideweg\/\">Source link <\/a><\/p>\n","protected":false},"excerpt":{"rendered":"<p>Bei der Pr\u00e4sidentenwahl haben heute drei Kandidaten Aussicht auf Erfolg. Zwei Kandidaten aus dem konservativen Lager und ein Bewerber aus dem Reformerlager. W\u00e4hrend die beiden Konservativen die Orientierung Irans gen Osten ausbauen wollen, strebt der liberale Kandidat die Wiederann\u00e4herung an den Westen an. Von Armin Schmitt In Iran finden heute die Pr\u00e4sidentenwahlen statt.\u00a0Die vorgezogenen Wahlen [&hellip;]<\/p>\n","protected":false},"author":3,"featured_media":63683,"comment_status":"open","ping_status":"open","sticky":false,"template":"","format":"standard","meta":{"_yoast_indexnow_last_ping":["1719568486"],"wp_automatic_camp":["217"],"a82850f8de97e356ae353ed5de0dc43d":["Pr\u00e4sidentenwahl: Iran am politischen Scheideweg"],"original_link":["https:\/\/de.rt.com\/der-nahe-osten\/210625-praesidentenwahl-iran-am-politischen-scheideweg\/"],"_thumbnail_id":["63683"],"jnews_social_counter_last_update":["1777153695"],"_wptgpro_p2tg_sent2tg":["a:1:{i:23737;s:19:\"2024-06-28 11:55:55\";}"]},"categories":[19,23],"tags":[1786,21446,3319,35896],"yoast_head":"<!-- This site is optimized with the Yoast SEO Premium plugin v22.7 (Yoast SEO v22.7) - https:\/\/yoast.com\/wordpress\/plugins\/seo\/ -->\n<title>Pr\u00e4sidentenwahl: Iran am politischen Scheideweg - just-now.NEWS Deutschland<\/title>\n<meta name=\"robots\" content=\"index, follow, max-snippet:-1, max-image-preview:large, max-video-preview:-1\" \/>\n<link rel=\"canonical\" href=\"https:\/\/now-news.de\/de\/deutschland\/praesidentenwahl-iran-am-politischen-scheideweg\/\" \/>\n<meta property=\"og:locale\" content=\"de_DE\" \/>\n<meta property=\"og:type\" content=\"article\" \/>\n<meta property=\"og:title\" content=\"Pr\u00e4sidentenwahl: Iran am politischen Scheideweg\" \/>\n<meta property=\"og:description\" content=\"Bei der Pr\u00e4sidentenwahl haben heute drei Kandidaten Aussicht auf Erfolg. Zwei Kandidaten aus dem konservativen Lager und ein Bewerber aus dem Reformerlager. W\u00e4hrend die beiden Konservativen die Orientierung Irans gen Osten ausbauen wollen, strebt der liberale Kandidat die Wiederann\u00e4herung an den Westen an. Von Armin Schmitt In Iran finden heute die Pr\u00e4sidentenwahlen statt.\u00a0Die vorgezogenen Wahlen [&hellip;]\" \/>\n<meta property=\"og:url\" content=\"https:\/\/now-news.de\/de\/deutschland\/praesidentenwahl-iran-am-politischen-scheideweg\/\" \/>\n<meta property=\"og:site_name\" content=\"just-now.NEWS Deutschland\" \/>\n<meta property=\"article:publisher\" content=\"https:\/\/www.facebook.com\/wirmachenauf\" \/>\n<meta property=\"article:published_time\" content=\"2024-06-28T09:44:17+00:00\" \/>\n<meta property=\"og:image\" content=\"https:\/\/now-news.de\/de\/wp-content\/uploads\/sites\/3\/2024\/06\/667e5f97b480cc30e92b10e2.jpg\" \/>\n<meta name=\"author\" content=\"rtnews\" \/>\n<meta name=\"twitter:card\" content=\"summary_large_image\" \/>\n<meta name=\"twitter:creator\" content=\"@WirMachenAuf_de\" \/>\n<meta name=\"twitter:site\" content=\"@WirMachenAuf_de\" \/>\n<meta name=\"twitter:label1\" content=\"Verfasst von\" \/>\n\t<meta name=\"twitter:data1\" content=\"rtnews\" \/>\n\t<meta name=\"twitter:label2\" content=\"Gesch\u00e4tzte Lesezeit\" \/>\n\t<meta name=\"twitter:data2\" content=\"2\u00a0Minuten\" \/>\n<script type=\"application\/ld+json\" class=\"yoast-schema-graph\">{\"@context\":\"https:\/\/schema.org\",\"@graph\":[{\"@type\":\"Article\",\"@id\":\"https:\/\/now-news.de\/de\/deutschland\/praesidentenwahl-iran-am-politischen-scheideweg\/#article\",\"isPartOf\":{\"@id\":\"https:\/\/now-news.de\/de\/deutschland\/praesidentenwahl-iran-am-politischen-scheideweg\/\"},\"author\":{\"name\":\"rtnews\",\"@id\":\"https:\/\/now-news.de\/de\/#\/schema\/person\/fb534a4e865501d8b3285208df34a9b5\"},\"headline\":\"Pr\u00e4sidentenwahl: Iran am politischen Scheideweg\",\"datePublished\":\"2024-06-28T09:44:17+00:00\",\"dateModified\":\"2024-06-28T09:44:17+00:00\",\"mainEntityOfPage\":{\"@id\":\"https:\/\/now-news.de\/de\/deutschland\/praesidentenwahl-iran-am-politischen-scheideweg\/\"},\"wordCount\":455,\"commentCount\":0,\"publisher\":{\"@id\":\"https:\/\/now-news.de\/de\/#organization\"},\"image\":{\"@id\":\"https:\/\/now-news.de\/de\/deutschland\/praesidentenwahl-iran-am-politischen-scheideweg\/#primaryimage\"},\"thumbnailUrl\":\"https:\/\/now-news.de\/de\/wp-content\/uploads\/sites\/3\/2024\/06\/Praesidentenwahl-Iran-am-politischen-Scheideweg.jpg\",\"keywords\":[\"Iran\",\"politischen\",\"Pr\u00e4sidentenWahl\",\"Scheideweg\"],\"articleSection\":[\"Deutschland\",\"Russland\"],\"inLanguage\":\"de\",\"potentialAction\":[{\"@type\":\"CommentAction\",\"name\":\"Comment\",\"target\":[\"https:\/\/now-news.de\/de\/deutschland\/praesidentenwahl-iran-am-politischen-scheideweg\/#respond\"]}]},{\"@type\":\"WebPage\",\"@id\":\"https:\/\/now-news.de\/de\/deutschland\/praesidentenwahl-iran-am-politischen-scheideweg\/\",\"url\":\"https:\/\/now-news.de\/de\/deutschland\/praesidentenwahl-iran-am-politischen-scheideweg\/\",\"name\":\"Pr\u00e4sidentenwahl: Iran am politischen Scheideweg - just-now.NEWS Deutschland\",\"isPartOf\":{\"@id\":\"https:\/\/now-news.de\/de\/#website\"},\"primaryImageOfPage\":{\"@id\":\"https:\/\/now-news.de\/de\/deutschland\/praesidentenwahl-iran-am-politischen-scheideweg\/#primaryimage\"},\"image\":{\"@id\":\"https:\/\/now-news.de\/de\/deutschland\/praesidentenwahl-iran-am-politischen-scheideweg\/#primaryimage\"},\"thumbnailUrl\":\"https:\/\/now-news.de\/de\/wp-content\/uploads\/sites\/3\/2024\/06\/Praesidentenwahl-Iran-am-politischen-Scheideweg.jpg\",\"datePublished\":\"2024-06-28T09:44:17+00:00\",\"dateModified\":\"2024-06-28T09:44:17+00:00\",\"breadcrumb\":{\"@id\":\"https:\/\/now-news.de\/de\/deutschland\/praesidentenwahl-iran-am-politischen-scheideweg\/#breadcrumb\"},\"inLanguage\":\"de\",\"potentialAction\":[{\"@type\":\"ReadAction\",\"target\":[\"https:\/\/now-news.de\/de\/deutschland\/praesidentenwahl-iran-am-politischen-scheideweg\/\"]}]},{\"@type\":\"ImageObject\",\"inLanguage\":\"de\",\"@id\":\"https:\/\/now-news.de\/de\/deutschland\/praesidentenwahl-iran-am-politischen-scheideweg\/#primaryimage\",\"url\":\"https:\/\/now-news.de\/de\/wp-content\/uploads\/sites\/3\/2024\/06\/Praesidentenwahl-Iran-am-politischen-Scheideweg.jpg\",\"contentUrl\":\"https:\/\/now-news.de\/de\/wp-content\/uploads\/sites\/3\/2024\/06\/Praesidentenwahl-Iran-am-politischen-Scheideweg.jpg\",\"width\":460,\"height\":259,\"caption\":\"Pr\u00e4sidentenwahl: Iran am politischen Scheideweg\"},{\"@type\":\"BreadcrumbList\",\"@id\":\"https:\/\/now-news.de\/de\/deutschland\/praesidentenwahl-iran-am-politischen-scheideweg\/#breadcrumb\",\"itemListElement\":[{\"@type\":\"ListItem\",\"position\":1,\"name\":\"Home\",\"item\":\"https:\/\/now-news.de\/de\/\"},{\"@type\":\"ListItem\",\"position\":2,\"name\":\"Pr\u00e4sidentenwahl: Iran am politischen Scheideweg\"}]},{\"@type\":\"WebSite\",\"@id\":\"https:\/\/now-news.de\/de\/#website\",\"url\":\"https:\/\/now-news.de\/de\/\",\"name\":\"just-now.NEWS Deutschland\",\"description\":\"Das Portal f\u00fcr unzensierte Nachrichten aus der Welt\",\"publisher\":{\"@id\":\"https:\/\/now-news.de\/de\/#organization\"},\"potentialAction\":[{\"@type\":\"SearchAction\",\"target\":{\"@type\":\"EntryPoint\",\"urlTemplate\":\"https:\/\/now-news.de\/de\/?s={search_term_string}\"},\"query-input\":\"required name=search_term_string\"}],\"inLanguage\":\"de\"},{\"@type\":\"Organization\",\"@id\":\"https:\/\/now-news.de\/de\/#organization\",\"name\":\"Just Now News\",\"url\":\"https:\/\/now-news.de\/de\/\",\"logo\":{\"@type\":\"ImageObject\",\"inLanguage\":\"de\",\"@id\":\"https:\/\/now-news.de\/de\/#\/schema\/logo\/image\/\",\"url\":\"http:\/\/just-now.news\/de\/wp-content\/uploads\/sites\/3\/2022\/04\/logo500x500.jpg\",\"contentUrl\":\"http:\/\/just-now.news\/de\/wp-content\/uploads\/sites\/3\/2022\/04\/logo500x500.jpg\",\"width\":500,\"height\":500,\"caption\":\"Just Now News\"},\"image\":{\"@id\":\"https:\/\/now-news.de\/de\/#\/schema\/logo\/image\/\"},\"sameAs\":[\"https:\/\/www.facebook.com\/wirmachenauf\",\"https:\/\/x.com\/WirMachenAuf_de\"]},{\"@type\":\"Person\",\"@id\":\"https:\/\/now-news.de\/de\/#\/schema\/person\/fb534a4e865501d8b3285208df34a9b5\",\"name\":\"rtnews\",\"image\":{\"@type\":\"ImageObject\",\"inLanguage\":\"de\",\"@id\":\"https:\/\/now-news.de\/de\/#\/schema\/person\/image\/\",\"url\":\"https:\/\/secure.gravatar.com\/avatar\/82aafea7d8127119dd649515f56e2117?s=96&d=mm&r=g\",\"contentUrl\":\"https:\/\/secure.gravatar.com\/avatar\/82aafea7d8127119dd649515f56e2117?s=96&d=mm&r=g\",\"caption\":\"rtnews\"},\"url\":\"https:\/\/now-news.de\/de\/author\/rnews\/\"}]}<\/script>\n<!-- \/ Yoast SEO Premium plugin. -->","yoast_head_json":{"title":"Pr\u00e4sidentenwahl: Iran am politischen Scheideweg - just-now.NEWS Deutschland","robots":{"index":"index","follow":"follow","max-snippet":"max-snippet:-1","max-image-preview":"max-image-preview:large","max-video-preview":"max-video-preview:-1"},"canonical":"https:\/\/now-news.de\/de\/deutschland\/praesidentenwahl-iran-am-politischen-scheideweg\/","og_locale":"de_DE","og_type":"article","og_title":"Pr\u00e4sidentenwahl: Iran am politischen Scheideweg","og_description":"Bei der Pr\u00e4sidentenwahl haben heute drei Kandidaten Aussicht auf Erfolg. Zwei Kandidaten aus dem konservativen Lager und ein Bewerber aus dem Reformerlager. W\u00e4hrend die beiden Konservativen die Orientierung Irans gen Osten ausbauen wollen, strebt der liberale Kandidat die Wiederann\u00e4herung an den Westen an. Von Armin Schmitt In Iran finden heute die Pr\u00e4sidentenwahlen statt.\u00a0Die vorgezogenen Wahlen [&hellip;]","og_url":"https:\/\/now-news.de\/de\/deutschland\/praesidentenwahl-iran-am-politischen-scheideweg\/","og_site_name":"just-now.NEWS Deutschland","article_publisher":"https:\/\/www.facebook.com\/wirmachenauf","article_published_time":"2024-06-28T09:44:17+00:00","og_image":[{"url":"https:\/\/now-news.de\/de\/wp-content\/uploads\/sites\/3\/2024\/06\/667e5f97b480cc30e92b10e2.jpg"}],"author":"rtnews","twitter_card":"summary_large_image","twitter_creator":"@WirMachenAuf_de","twitter_site":"@WirMachenAuf_de","twitter_misc":{"Verfasst von":"rtnews","Gesch\u00e4tzte Lesezeit":"2\u00a0Minuten"},"schema":{"@context":"https:\/\/schema.org","@graph":[{"@type":"Article","@id":"https:\/\/now-news.de\/de\/deutschland\/praesidentenwahl-iran-am-politischen-scheideweg\/#article","isPartOf":{"@id":"https:\/\/now-news.de\/de\/deutschland\/praesidentenwahl-iran-am-politischen-scheideweg\/"},"author":{"name":"rtnews","@id":"https:\/\/now-news.de\/de\/#\/schema\/person\/fb534a4e865501d8b3285208df34a9b5"},"headline":"Pr\u00e4sidentenwahl: Iran am politischen Scheideweg","datePublished":"2024-06-28T09:44:17+00:00","dateModified":"2024-06-28T09:44:17+00:00","mainEntityOfPage":{"@id":"https:\/\/now-news.de\/de\/deutschland\/praesidentenwahl-iran-am-politischen-scheideweg\/"},"wordCount":455,"commentCount":0,"publisher":{"@id":"https:\/\/now-news.de\/de\/#organization"},"image":{"@id":"https:\/\/now-news.de\/de\/deutschland\/praesidentenwahl-iran-am-politischen-scheideweg\/#primaryimage"},"thumbnailUrl":"https:\/\/now-news.de\/de\/wp-content\/uploads\/sites\/3\/2024\/06\/Praesidentenwahl-Iran-am-politischen-Scheideweg.jpg","keywords":["Iran","politischen","Pr\u00e4sidentenWahl","Scheideweg"],"articleSection":["Deutschland","Russland"],"inLanguage":"de","potentialAction":[{"@type":"CommentAction","name":"Comment","target":["https:\/\/now-news.de\/de\/deutschland\/praesidentenwahl-iran-am-politischen-scheideweg\/#respond"]}]},{"@type":"WebPage","@id":"https:\/\/now-news.de\/de\/deutschland\/praesidentenwahl-iran-am-politischen-scheideweg\/","url":"https:\/\/now-news.de\/de\/deutschland\/praesidentenwahl-iran-am-politischen-scheideweg\/","name":"Pr\u00e4sidentenwahl: Iran am politischen Scheideweg - just-now.NEWS Deutschland","isPartOf":{"@id":"https:\/\/now-news.de\/de\/#website"},"primaryImageOfPage":{"@id":"https:\/\/now-news.de\/de\/deutschland\/praesidentenwahl-iran-am-politischen-scheideweg\/#primaryimage"},"image":{"@id":"https:\/\/now-news.de\/de\/deutschland\/praesidentenwahl-iran-am-politischen-scheideweg\/#primaryimage"},"thumbnailUrl":"https:\/\/now-news.de\/de\/wp-content\/uploads\/sites\/3\/2024\/06\/Praesidentenwahl-Iran-am-politischen-Scheideweg.jpg","datePublished":"2024-06-28T09:44:17+00:00","dateModified":"2024-06-28T09:44:17+00:00","breadcrumb":{"@id":"https:\/\/now-news.de\/de\/deutschland\/praesidentenwahl-iran-am-politischen-scheideweg\/#breadcrumb"},"inLanguage":"de","potentialAction":[{"@type":"ReadAction","target":["https:\/\/now-news.de\/de\/deutschland\/praesidentenwahl-iran-am-politischen-scheideweg\/"]}]},{"@type":"ImageObject","inLanguage":"de","@id":"https:\/\/now-news.de\/de\/deutschland\/praesidentenwahl-iran-am-politischen-scheideweg\/#primaryimage","url":"https:\/\/now-news.de\/de\/wp-content\/uploads\/sites\/3\/2024\/06\/Praesidentenwahl-Iran-am-politischen-Scheideweg.jpg","contentUrl":"https:\/\/now-news.de\/de\/wp-content\/uploads\/sites\/3\/2024\/06\/Praesidentenwahl-Iran-am-politischen-Scheideweg.jpg","width":460,"height":259,"caption":"Pr\u00e4sidentenwahl: Iran am politischen Scheideweg"},{"@type":"BreadcrumbList","@id":"https:\/\/now-news.de\/de\/deutschland\/praesidentenwahl-iran-am-politischen-scheideweg\/#breadcrumb","itemListElement":[{"@type":"ListItem","position":1,"name":"Home","item":"https:\/\/now-news.de\/de\/"},{"@type":"ListItem","position":2,"name":"Pr\u00e4sidentenwahl: Iran am politischen Scheideweg"}]},{"@type":"WebSite","@id":"https:\/\/now-news.de\/de\/#website","url":"https:\/\/now-news.de\/de\/","name":"just-now.NEWS Deutschland","description":"Das Portal f\u00fcr unzensierte Nachrichten aus der Welt","publisher":{"@id":"https:\/\/now-news.de\/de\/#organization"},"potentialAction":[{"@type":"SearchAction","target":{"@type":"EntryPoint","urlTemplate":"https:\/\/now-news.de\/de\/?s={search_term_string}"},"query-input":"required name=search_term_string"}],"inLanguage":"de"},{"@type":"Organization","@id":"https:\/\/now-news.de\/de\/#organization","name":"Just Now News","url":"https:\/\/now-news.de\/de\/","logo":{"@type":"ImageObject","inLanguage":"de","@id":"https:\/\/now-news.de\/de\/#\/schema\/logo\/image\/","url":"http:\/\/just-now.news\/de\/wp-content\/uploads\/sites\/3\/2022\/04\/logo500x500.jpg","contentUrl":"http:\/\/just-now.news\/de\/wp-content\/uploads\/sites\/3\/2022\/04\/logo500x500.jpg","width":500,"height":500,"caption":"Just Now News"},"image":{"@id":"https:\/\/now-news.de\/de\/#\/schema\/logo\/image\/"},"sameAs":["https:\/\/www.facebook.com\/wirmachenauf","https:\/\/x.com\/WirMachenAuf_de"]},{"@type":"Person","@id":"https:\/\/now-news.de\/de\/#\/schema\/person\/fb534a4e865501d8b3285208df34a9b5","name":"rtnews","image":{"@type":"ImageObject","inLanguage":"de","@id":"https:\/\/now-news.de\/de\/#\/schema\/person\/image\/","url":"https:\/\/secure.gravatar.com\/avatar\/82aafea7d8127119dd649515f56e2117?s=96&d=mm&r=g","contentUrl":"https:\/\/secure.gravatar.com\/avatar\/82aafea7d8127119dd649515f56e2117?s=96&d=mm&r=g","caption":"rtnews"},"url":"https:\/\/now-news.de\/de\/author\/rnews\/"}]}},"_links":{"self":[{"href":"https:\/\/now-news.de\/de\/wp-json\/wp\/v2\/posts\/63682"}],"collection":[{"href":"https:\/\/now-news.de\/de\/wp-json\/wp\/v2\/posts"}],"about":[{"href":"https:\/\/now-news.de\/de\/wp-json\/wp\/v2\/types\/post"}],"author":[{"embeddable":true,"href":"https:\/\/now-news.de\/de\/wp-json\/wp\/v2\/users\/3"}],"replies":[{"embeddable":true,"href":"https:\/\/now-news.de\/de\/wp-json\/wp\/v2\/comments?post=63682"}],"version-history":[{"count":0,"href":"https:\/\/now-news.de\/de\/wp-json\/wp\/v2\/posts\/63682\/revisions"}],"wp:featuredmedia":[{"embeddable":true,"href":"https:\/\/now-news.de\/de\/wp-json\/wp\/v2\/media\/63683"}],"wp:attachment":[{"href":"https:\/\/now-news.de\/de\/wp-json\/wp\/v2\/media?parent=63682"}],"wp:term":[{"taxonomy":"category","embeddable":true,"href":"https:\/\/now-news.de\/de\/wp-json\/wp\/v2\/categories?post=63682"},{"taxonomy":"post_tag","embeddable":true,"href":"https:\/\/now-news.de\/de\/wp-json\/wp\/v2\/tags?post=63682"}],"curies":[{"name":"wp","href":"https:\/\/api.w.org\/{rel}","templated":true}]}}