{"id":63676,"date":"2024-06-28T11:00:14","date_gmt":"2024-06-28T09:00:14","guid":{"rendered":"https:\/\/now-news.de\/de\/deutschland\/wir-haben-ein-problem-%e2%80%92-biden-erschreckt-nicht-nur-amerika-sondern-die-ganze-welt\/"},"modified":"2024-06-28T11:00:14","modified_gmt":"2024-06-28T09:00:14","slug":"wir-haben-ein-problem-%e2%80%92-biden-erschreckt-nicht-nur-amerika-sondern-die-ganze-welt","status":"publish","type":"post","link":"https:\/\/now-news.de\/de\/deutschland\/wir-haben-ein-problem-%e2%80%92-biden-erschreckt-nicht-nur-amerika-sondern-die-ganze-welt\/","title":{"rendered":"&quot;Wir haben ein Problem&quot; \u2012 Biden erschreckt nicht nur Amerika, sondern die ganze Welt"},"content":{"rendered":"<p><img decoding=\"async\" src=\"https:\/\/now-news.de\/de\/wp-content\/uploads\/sites\/3\/2024\/06\/667e7c7f48fbef53ba73b919.jpg\" \/><\/p>\n<div class=\"Text-root Text-type_1 \">\n                Inmitten einer kritischen Phase der Welttransformation zieht Bidens unsicherer Auftritt in der US-Pr\u00e4sidentschaftsdebatte globale Aufmerksamkeit auf sich und entbl\u00f6\u00dft tiefgehende Schw\u00e4chen der US-Regierung. Was bedeutet das f\u00fcr die Zukunft Amerikas und der Welt?\n            <\/div>\n<p><\/p>\n<div class=\"Text-root Text-type_5 ArticleView-text ViewText-root \">\n<p><em>Von Irina Alksnis<\/em><\/p>\n<p>Erstmals in der Geschichte erregten die Fernsehdebatten der Kandidaten f\u00fcr die US-Pr\u00e4sidentschaft die Aufmerksamkeit der ganzen Welt. Bisher war es f\u00fcr den Rest der Welt zwar ein kurioses und vielleicht sogar entleihenswertes Format des Wahlkampfs, aber inhaltlich uninteressant und einfach nicht verst\u00e4ndlich, weil die Vertreter der republikanischen und der demokratischen Partei \u00fcberwiegend \u00fcber spezifische inneramerikanische Themen stritten. Au\u00dferhalb der USA beschr\u00e4nkte sich also alles auf die Kommentare von Experten, die ihrem Publikum erkl\u00e4rten, was dort passierte und wer dieses Mal die Debatte gewann.<\/p>\n<p>Die heutige Fernsehdebatte zwischen Biden und Trump war ein v\u00f6llig neues Ph\u00e4nomen.<\/p>\n<p>Erstens befindet sich die Welt in einer sehr gef\u00e4hrlichen Transformationsphase, in deren Verlauf die USA ihren Status als globaler Hegemon \u2013 der jahrzehntelang faktisch allein \u00fcber das Schicksal des Planeten entschied \u2013 verlieren. Dennoch verf\u00fcgt Washington nach wie vor \u00fcber enorme Ressourcen und F\u00e4higkeiten. Es verwundert daher nicht, dass viele Menschen au\u00dferhalb Amerikas den Wahlkampf viel aufmerksamer verfolgen als bisher, da es vom k\u00fcnftigen Gastgeber im Wei\u00dfen Haus abh\u00e4ngt, ob wir alle in der Lage sein werden, ein Katastrophenszenario zu vermeiden.<\/p>\n<p>Und zweitens wurden der Welt in den letzten Jahren die schmerzhaftesten Themen bewusst, die die Vereinigten Staaten nun zerrei\u00dfen: die Migrationskrise, die Probleme in der Wirtschaft, die br\u00f6ckelnde Infrastruktur und die wachsende Kluft zwischen dem konservativen und dem liberalen Teil der amerikanischen Gesellschaft. Daher kann jeder, der zumindest gelegentlich die Nachrichten liest, den Inhalt der heutigen Debatte zwischen Trump und Biden beurteilen \u2013 und sich sein eigenes Urteil \u00fcber den Ausgang der Diskussion bilden.<\/p>\n<p>Drittens ist Joe Biden aufgrund seines traurigen k\u00f6rperlichen und geistigen Zustands zu einem laufenden (wenn auch nicht sehr z\u00fcgig laufenden) Meme geworden. Millionen von Menschen auf der ganzen Welt warteten also gespannt darauf, ob es seinem Team gelingen w\u00fcrde, den Pr\u00e4sidenten in einen Zustand zu versetzen, in dem er eine komplizierte, fast zweist\u00fcndige Veranstaltung \u00fcberstehen k\u00f6nnte \u2013 auch wenn die Veranstalter mitspielten.<\/p>\n<p>Was den letzten Punkt betrifft, so war die Antwort f\u00fcr die Demokratische Partei entt\u00e4uschend. Man kann nur raten, welche Methoden und Mittel dort angewandt wurden, aber w\u00e4hrend der Debatte sah Joe Biden immer noch schlecht aus \u2013 ein alter Mann, der unsicher auf den Beinen stand, der regelm\u00e4\u00dfig Aussetzer hatte, seine Worte\u00a0durcheinanderbrachte und stotterte. Das war umso trauriger angesichts des munteren und energischen Trump, der nur drei Jahre j\u00fcnger ist als er.<\/p>\n<p>Das Hauptergebnis der Fernsehdebatte war ein starker Anstieg der Stimmung unter den Demokraten, den eigenen Parteikandidaten durch eine handlungsf\u00e4higere Figur zu ersetzen. Im Anschluss an die Veranstaltung begannen die offen prodemokratischen Medien wie <em>CNN<\/em>, Bidens Rede mit den Worten &#8220;Wir haben ein Problem&#8221; und &#8220;aggressive Panik&#8221; zu charakterisieren. Tats\u00e4chlich wurde das Wort &#8220;Panik&#8221; das beliebteste Wort der Journalisten, um die aktuelle Stimmung unter den Demokraten zu beschreiben.<\/p>\n<p>Noch wichtiger ist jedoch, dass Bidens Altersschw\u00e4che auch die Schw\u00e4che der derzeitigen US-Regierung unterstreicht. In der Tat gab der US-Pr\u00e4sident zu den f\u00fcr die Amerikaner wirklich schmerzhaften Themen keine klare Antwort, die zumindest eine L\u00f6sung f\u00fcr die Zukunft in Aussicht gestellt h\u00e4tte. Dabei \u00e4u\u00dferte er nur die Worte, die f\u00fcr ihn vorbereitet wurden. Biden machte seinen Vorg\u00e4nger f\u00fcr die Probleme der Wirtschaft verantwortlich. Zur Migrationskrise versprach er, die bisherige Politik fortzusetzen, und zur Ukraine-Frage sagte er, wenn Putin dort gewinne, werde er als n\u00e4chstes Wei\u00dfrussland bedrohen. Und das ist alles, was das derzeitige US-Team\u00a0in seinem Bestreben, an der Macht zu bleiben, zu bieten hat.<\/p>\n<p>F\u00fcr Trump wiederum w\u00fcrde es reichen, auf unz\u00e4hlige Probleme einzudreschen, f\u00fcr die sein Gegner (nicht Biden pers\u00f6nlich, sondern seine Regierung und das gesamte liberale Establishment) einfach keine L\u00f6sungen hat: die hohe Inflation, der sch\u00e4ndliche R\u00fcckzug aus Afghanistan, das &#8220;schwarze Loch&#8221; in den ukrainischen Finanzen, die Migrationskatastrophe an der Grenze und der Verlust an Einfluss und Prestige der USA auf der Weltb\u00fchne.<\/p>\n<p>Dies ist vielleicht das dr\u00e4ngendste Problem f\u00fcr die Demokratische Partei und f\u00fcr die Vereinigten Staaten als Ganzes. Es ist zwar m\u00f6glich, Biden durch einen j\u00fcngeren und energischeren Kandidaten zu ersetzen. Doch was ist mit der Tatsache, dass die Kr\u00e4fte, die hinter dem derzeitigen Pr\u00e4sidenten stehen, nicht in der Lage und schlichtweg nicht willens sind, ihre Politik zu \u00e4ndern, die das Land in den derzeitigen Zustand versetzt hat. Dabei haben sie die Macht fest im Griff und sind bereit, alles zu tun, um sie bis zum Ende zu behalten.<\/p>\n<p>Und das k\u00f6nnte zu einem Problem f\u00fcr die \u00fcbrige Welt werden.<\/p>\n<p><em>\u00dcbersetzt aus dem Russischen. Der Artikel ist am 28. Juni 2024 zuerst auf RIA Nowosti <a rel=\"nofollow noopener\" target=\"_blank\" href=\"https:\/\/ria.ru\/20240628\/bayden-1955996120.html\">erschienen<\/a>.<\/em><\/p>\n<p><strong>Mehr zum Thema &#8211; <a rel=\"nofollow noopener\" target=\"_blank\" href=\"https:\/\/freedert.online\/russland\/210285-pentagon-wir-wollen-keine-zivilen-opfer-kiew-entscheidet-selbst\/\"><\/a><\/strong><a rel=\"nofollow noopener\" target=\"_blank\" href=\"https:\/\/freedert.online\/russland\/210285-pentagon-wir-wollen-keine-zivilen-opfer-kiew-entscheidet-selbst\/\">Pentagon: &#8220;Wir wollen keine zivilen Opfer&#8221; \u2013 Kiew entscheidet selbst \u00fcber Einsatz von US-Raketen<\/a><\/p>\n<\/p>\n<\/div>\n<p><br \/>\n<br \/><a href=\"https:\/\/de.rt.com\/meinung\/210644-wir-haben-problem-biden-erschreckt\/\">Source link <\/a><\/p>\n","protected":false},"excerpt":{"rendered":"<p>Inmitten einer kritischen Phase der Welttransformation zieht Bidens unsicherer Auftritt in der US-Pr\u00e4sidentschaftsdebatte globale Aufmerksamkeit auf sich und entbl\u00f6\u00dft tiefgehende Schw\u00e4chen der US-Regierung. Was bedeutet das f\u00fcr die Zukunft Amerikas und der Welt? Von Irina Alksnis Erstmals in der Geschichte erregten die Fernsehdebatten der Kandidaten f\u00fcr die US-Pr\u00e4sidentschaft die Aufmerksamkeit der ganzen Welt. Bisher war [&hellip;]<\/p>\n","protected":false},"author":3,"featured_media":63677,"comment_status":"open","ping_status":"open","sticky":false,"template":"","format":"standard","meta":{"_yoast_indexnow_last_ping":["1719565597"],"wp_automatic_camp":["217"],"25d906285c0ed30c16ed021331b56e32":["&quot;Wir haben ein Problem&quot; \u2012 Biden erschreckt nicht nur Amerika, sondern die ganze Welt"],"original_link":["https:\/\/de.rt.com\/meinung\/210644-wir-haben-problem-biden-erschreckt\/"],"_thumbnail_id":["63677"],"jnews_social_counter_last_update":["1776870388"],"_wptgpro_p2tg_sent2tg":["a:1:{i:23737;s:19:\"2024-06-28 11:08:40\";}"]},"categories":[19,23],"tags":[4437,1348,45,357,56127,12293,771,800,4230,56126,5451,20341,778],"yoast_head":"<!-- This site is optimized with the Yoast SEO Premium plugin v22.7 (Yoast SEO v22.7) - https:\/\/yoast.com\/wordpress\/plugins\/seo\/ -->\n<title>&quot;Wir haben ein Problem&quot; \u2012 Biden erschreckt nicht nur Amerika, sondern die ganze Welt - just-now.NEWS Deutschland<\/title>\n<meta name=\"robots\" content=\"index, follow, max-snippet:-1, max-image-preview:large, max-video-preview:-1\" \/>\n<link rel=\"canonical\" href=\"https:\/\/now-news.de\/de\/deutschland\/wir-haben-ein-problem-\u2012-biden-erschreckt-nicht-nur-amerika-sondern-die-ganze-welt\/\" \/>\n<meta property=\"og:locale\" content=\"de_DE\" \/>\n<meta property=\"og:type\" content=\"article\" \/>\n<meta property=\"og:title\" content=\"&quot;Wir haben ein Problem&quot; \u2012 Biden erschreckt nicht nur Amerika, sondern die ganze Welt\" \/>\n<meta property=\"og:description\" content=\"Inmitten einer kritischen Phase der Welttransformation zieht Bidens unsicherer Auftritt in der US-Pr\u00e4sidentschaftsdebatte globale Aufmerksamkeit auf sich und entbl\u00f6\u00dft tiefgehende Schw\u00e4chen der US-Regierung. Was bedeutet das f\u00fcr die Zukunft Amerikas und der Welt? Von Irina Alksnis Erstmals in der Geschichte erregten die Fernsehdebatten der Kandidaten f\u00fcr die US-Pr\u00e4sidentschaft die Aufmerksamkeit der ganzen Welt. Bisher war [&hellip;]\" \/>\n<meta property=\"og:url\" content=\"https:\/\/now-news.de\/de\/deutschland\/wir-haben-ein-problem-\u2012-biden-erschreckt-nicht-nur-amerika-sondern-die-ganze-welt\/\" \/>\n<meta property=\"og:site_name\" content=\"just-now.NEWS Deutschland\" \/>\n<meta property=\"article:publisher\" content=\"https:\/\/www.facebook.com\/wirmachenauf\" \/>\n<meta property=\"article:published_time\" content=\"2024-06-28T09:00:14+00:00\" \/>\n<meta property=\"og:image\" content=\"https:\/\/now-news.de\/de\/wp-content\/uploads\/sites\/3\/2024\/06\/667e7c7f48fbef53ba73b919.jpg\" \/>\n<meta name=\"author\" content=\"rtnews\" \/>\n<meta name=\"twitter:card\" content=\"summary_large_image\" \/>\n<meta name=\"twitter:creator\" content=\"@WirMachenAuf_de\" \/>\n<meta name=\"twitter:site\" content=\"@WirMachenAuf_de\" \/>\n<meta name=\"twitter:label1\" content=\"Verfasst von\" \/>\n\t<meta name=\"twitter:data1\" content=\"rtnews\" \/>\n\t<meta name=\"twitter:label2\" content=\"Gesch\u00e4tzte Lesezeit\" \/>\n\t<meta name=\"twitter:data2\" content=\"4\u00a0Minuten\" \/>\n<script type=\"application\/ld+json\" class=\"yoast-schema-graph\">{\"@context\":\"https:\/\/schema.org\",\"@graph\":[{\"@type\":\"Article\",\"@id\":\"https:\/\/now-news.de\/de\/deutschland\/wir-haben-ein-problem-%e2%80%92-biden-erschreckt-nicht-nur-amerika-sondern-die-ganze-welt\/#article\",\"isPartOf\":{\"@id\":\"https:\/\/now-news.de\/de\/deutschland\/wir-haben-ein-problem-%e2%80%92-biden-erschreckt-nicht-nur-amerika-sondern-die-ganze-welt\/\"},\"author\":{\"name\":\"rtnews\",\"@id\":\"https:\/\/now-news.de\/de\/#\/schema\/person\/fb534a4e865501d8b3285208df34a9b5\"},\"headline\":\"&quot;Wir haben ein Problem&quot; \u2012 Biden erschreckt nicht nur Amerika, sondern die ganze Welt\",\"datePublished\":\"2024-06-28T09:00:14+00:00\",\"dateModified\":\"2024-06-28T09:00:14+00:00\",\"mainEntityOfPage\":{\"@id\":\"https:\/\/now-news.de\/de\/deutschland\/wir-haben-ein-problem-%e2%80%92-biden-erschreckt-nicht-nur-amerika-sondern-die-ganze-welt\/\"},\"wordCount\":863,\"commentCount\":0,\"publisher\":{\"@id\":\"https:\/\/now-news.de\/de\/#organization\"},\"image\":{\"@id\":\"https:\/\/now-news.de\/de\/deutschland\/wir-haben-ein-problem-%e2%80%92-biden-erschreckt-nicht-nur-amerika-sondern-die-ganze-welt\/#primaryimage\"},\"thumbnailUrl\":\"https:\/\/now-news.de\/de\/wp-content\/uploads\/sites\/3\/2024\/06\/quotWir-haben-ein-Problemquot-\u2012-Biden-erschreckt-nicht-nur-Amerika.jpg\",\"keywords\":[\"Amerika\",\"Biden\",\"die\",\"ein\",\"erschreckt\",\"ganze\",\"haben\",\"nicht\",\"NUR\",\"Problemquot\",\"quotWir\",\"sondern\",\"Welt\"],\"articleSection\":[\"Deutschland\",\"Russland\"],\"inLanguage\":\"de\",\"potentialAction\":[{\"@type\":\"CommentAction\",\"name\":\"Comment\",\"target\":[\"https:\/\/now-news.de\/de\/deutschland\/wir-haben-ein-problem-%e2%80%92-biden-erschreckt-nicht-nur-amerika-sondern-die-ganze-welt\/#respond\"]}]},{\"@type\":\"WebPage\",\"@id\":\"https:\/\/now-news.de\/de\/deutschland\/wir-haben-ein-problem-%e2%80%92-biden-erschreckt-nicht-nur-amerika-sondern-die-ganze-welt\/\",\"url\":\"https:\/\/now-news.de\/de\/deutschland\/wir-haben-ein-problem-%e2%80%92-biden-erschreckt-nicht-nur-amerika-sondern-die-ganze-welt\/\",\"name\":\"&quot;Wir haben ein Problem&quot; \u2012 Biden erschreckt nicht nur Amerika, sondern die ganze Welt - just-now.NEWS Deutschland\",\"isPartOf\":{\"@id\":\"https:\/\/now-news.de\/de\/#website\"},\"primaryImageOfPage\":{\"@id\":\"https:\/\/now-news.de\/de\/deutschland\/wir-haben-ein-problem-%e2%80%92-biden-erschreckt-nicht-nur-amerika-sondern-die-ganze-welt\/#primaryimage\"},\"image\":{\"@id\":\"https:\/\/now-news.de\/de\/deutschland\/wir-haben-ein-problem-%e2%80%92-biden-erschreckt-nicht-nur-amerika-sondern-die-ganze-welt\/#primaryimage\"},\"thumbnailUrl\":\"https:\/\/now-news.de\/de\/wp-content\/uploads\/sites\/3\/2024\/06\/quotWir-haben-ein-Problemquot-\u2012-Biden-erschreckt-nicht-nur-Amerika.jpg\",\"datePublished\":\"2024-06-28T09:00:14+00:00\",\"dateModified\":\"2024-06-28T09:00:14+00:00\",\"breadcrumb\":{\"@id\":\"https:\/\/now-news.de\/de\/deutschland\/wir-haben-ein-problem-%e2%80%92-biden-erschreckt-nicht-nur-amerika-sondern-die-ganze-welt\/#breadcrumb\"},\"inLanguage\":\"de\",\"potentialAction\":[{\"@type\":\"ReadAction\",\"target\":[\"https:\/\/now-news.de\/de\/deutschland\/wir-haben-ein-problem-%e2%80%92-biden-erschreckt-nicht-nur-amerika-sondern-die-ganze-welt\/\"]}]},{\"@type\":\"ImageObject\",\"inLanguage\":\"de\",\"@id\":\"https:\/\/now-news.de\/de\/deutschland\/wir-haben-ein-problem-%e2%80%92-biden-erschreckt-nicht-nur-amerika-sondern-die-ganze-welt\/#primaryimage\",\"url\":\"https:\/\/now-news.de\/de\/wp-content\/uploads\/sites\/3\/2024\/06\/quotWir-haben-ein-Problemquot-\u2012-Biden-erschreckt-nicht-nur-Amerika.jpg\",\"contentUrl\":\"https:\/\/now-news.de\/de\/wp-content\/uploads\/sites\/3\/2024\/06\/quotWir-haben-ein-Problemquot-\u2012-Biden-erschreckt-nicht-nur-Amerika.jpg\",\"width\":460,\"height\":259,\"caption\":\"&quot;Wir haben ein Problem&quot; \u2012 Biden erschreckt nicht nur Amerika, sondern die ganze Welt\"},{\"@type\":\"BreadcrumbList\",\"@id\":\"https:\/\/now-news.de\/de\/deutschland\/wir-haben-ein-problem-%e2%80%92-biden-erschreckt-nicht-nur-amerika-sondern-die-ganze-welt\/#breadcrumb\",\"itemListElement\":[{\"@type\":\"ListItem\",\"position\":1,\"name\":\"Home\",\"item\":\"https:\/\/now-news.de\/de\/\"},{\"@type\":\"ListItem\",\"position\":2,\"name\":\"&quot;Wir haben ein Problem&quot; \u2012 Biden erschreckt nicht nur Amerika, sondern die ganze Welt\"}]},{\"@type\":\"WebSite\",\"@id\":\"https:\/\/now-news.de\/de\/#website\",\"url\":\"https:\/\/now-news.de\/de\/\",\"name\":\"just-now.NEWS Deutschland\",\"description\":\"Das Portal f\u00fcr unzensierte Nachrichten aus der Welt\",\"publisher\":{\"@id\":\"https:\/\/now-news.de\/de\/#organization\"},\"potentialAction\":[{\"@type\":\"SearchAction\",\"target\":{\"@type\":\"EntryPoint\",\"urlTemplate\":\"https:\/\/now-news.de\/de\/?s={search_term_string}\"},\"query-input\":\"required name=search_term_string\"}],\"inLanguage\":\"de\"},{\"@type\":\"Organization\",\"@id\":\"https:\/\/now-news.de\/de\/#organization\",\"name\":\"Just Now News\",\"url\":\"https:\/\/now-news.de\/de\/\",\"logo\":{\"@type\":\"ImageObject\",\"inLanguage\":\"de\",\"@id\":\"https:\/\/now-news.de\/de\/#\/schema\/logo\/image\/\",\"url\":\"http:\/\/just-now.news\/de\/wp-content\/uploads\/sites\/3\/2022\/04\/logo500x500.jpg\",\"contentUrl\":\"http:\/\/just-now.news\/de\/wp-content\/uploads\/sites\/3\/2022\/04\/logo500x500.jpg\",\"width\":500,\"height\":500,\"caption\":\"Just Now News\"},\"image\":{\"@id\":\"https:\/\/now-news.de\/de\/#\/schema\/logo\/image\/\"},\"sameAs\":[\"https:\/\/www.facebook.com\/wirmachenauf\",\"https:\/\/x.com\/WirMachenAuf_de\"]},{\"@type\":\"Person\",\"@id\":\"https:\/\/now-news.de\/de\/#\/schema\/person\/fb534a4e865501d8b3285208df34a9b5\",\"name\":\"rtnews\",\"image\":{\"@type\":\"ImageObject\",\"inLanguage\":\"de\",\"@id\":\"https:\/\/now-news.de\/de\/#\/schema\/person\/image\/\",\"url\":\"https:\/\/secure.gravatar.com\/avatar\/82aafea7d8127119dd649515f56e2117?s=96&d=mm&r=g\",\"contentUrl\":\"https:\/\/secure.gravatar.com\/avatar\/82aafea7d8127119dd649515f56e2117?s=96&d=mm&r=g\",\"caption\":\"rtnews\"},\"url\":\"https:\/\/now-news.de\/de\/author\/rnews\/\"}]}<\/script>\n<!-- \/ Yoast SEO Premium plugin. -->","yoast_head_json":{"title":"&quot;Wir haben ein Problem&quot; \u2012 Biden erschreckt nicht nur Amerika, sondern die ganze Welt - just-now.NEWS Deutschland","robots":{"index":"index","follow":"follow","max-snippet":"max-snippet:-1","max-image-preview":"max-image-preview:large","max-video-preview":"max-video-preview:-1"},"canonical":"https:\/\/now-news.de\/de\/deutschland\/wir-haben-ein-problem-\u2012-biden-erschreckt-nicht-nur-amerika-sondern-die-ganze-welt\/","og_locale":"de_DE","og_type":"article","og_title":"&quot;Wir haben ein Problem&quot; \u2012 Biden erschreckt nicht nur Amerika, sondern die ganze Welt","og_description":"Inmitten einer kritischen Phase der Welttransformation zieht Bidens unsicherer Auftritt in der US-Pr\u00e4sidentschaftsdebatte globale Aufmerksamkeit auf sich und entbl\u00f6\u00dft tiefgehende Schw\u00e4chen der US-Regierung. Was bedeutet das f\u00fcr die Zukunft Amerikas und der Welt? Von Irina Alksnis Erstmals in der Geschichte erregten die Fernsehdebatten der Kandidaten f\u00fcr die US-Pr\u00e4sidentschaft die Aufmerksamkeit der ganzen Welt. Bisher war [&hellip;]","og_url":"https:\/\/now-news.de\/de\/deutschland\/wir-haben-ein-problem-\u2012-biden-erschreckt-nicht-nur-amerika-sondern-die-ganze-welt\/","og_site_name":"just-now.NEWS Deutschland","article_publisher":"https:\/\/www.facebook.com\/wirmachenauf","article_published_time":"2024-06-28T09:00:14+00:00","og_image":[{"url":"https:\/\/now-news.de\/de\/wp-content\/uploads\/sites\/3\/2024\/06\/667e7c7f48fbef53ba73b919.jpg"}],"author":"rtnews","twitter_card":"summary_large_image","twitter_creator":"@WirMachenAuf_de","twitter_site":"@WirMachenAuf_de","twitter_misc":{"Verfasst von":"rtnews","Gesch\u00e4tzte Lesezeit":"4\u00a0Minuten"},"schema":{"@context":"https:\/\/schema.org","@graph":[{"@type":"Article","@id":"https:\/\/now-news.de\/de\/deutschland\/wir-haben-ein-problem-%e2%80%92-biden-erschreckt-nicht-nur-amerika-sondern-die-ganze-welt\/#article","isPartOf":{"@id":"https:\/\/now-news.de\/de\/deutschland\/wir-haben-ein-problem-%e2%80%92-biden-erschreckt-nicht-nur-amerika-sondern-die-ganze-welt\/"},"author":{"name":"rtnews","@id":"https:\/\/now-news.de\/de\/#\/schema\/person\/fb534a4e865501d8b3285208df34a9b5"},"headline":"&quot;Wir haben ein Problem&quot; \u2012 Biden erschreckt nicht nur Amerika, sondern die ganze Welt","datePublished":"2024-06-28T09:00:14+00:00","dateModified":"2024-06-28T09:00:14+00:00","mainEntityOfPage":{"@id":"https:\/\/now-news.de\/de\/deutschland\/wir-haben-ein-problem-%e2%80%92-biden-erschreckt-nicht-nur-amerika-sondern-die-ganze-welt\/"},"wordCount":863,"commentCount":0,"publisher":{"@id":"https:\/\/now-news.de\/de\/#organization"},"image":{"@id":"https:\/\/now-news.de\/de\/deutschland\/wir-haben-ein-problem-%e2%80%92-biden-erschreckt-nicht-nur-amerika-sondern-die-ganze-welt\/#primaryimage"},"thumbnailUrl":"https:\/\/now-news.de\/de\/wp-content\/uploads\/sites\/3\/2024\/06\/quotWir-haben-ein-Problemquot-\u2012-Biden-erschreckt-nicht-nur-Amerika.jpg","keywords":["Amerika","Biden","die","ein","erschreckt","ganze","haben","nicht","NUR","Problemquot","quotWir","sondern","Welt"],"articleSection":["Deutschland","Russland"],"inLanguage":"de","potentialAction":[{"@type":"CommentAction","name":"Comment","target":["https:\/\/now-news.de\/de\/deutschland\/wir-haben-ein-problem-%e2%80%92-biden-erschreckt-nicht-nur-amerika-sondern-die-ganze-welt\/#respond"]}]},{"@type":"WebPage","@id":"https:\/\/now-news.de\/de\/deutschland\/wir-haben-ein-problem-%e2%80%92-biden-erschreckt-nicht-nur-amerika-sondern-die-ganze-welt\/","url":"https:\/\/now-news.de\/de\/deutschland\/wir-haben-ein-problem-%e2%80%92-biden-erschreckt-nicht-nur-amerika-sondern-die-ganze-welt\/","name":"&quot;Wir haben ein Problem&quot; \u2012 Biden erschreckt nicht nur Amerika, sondern die ganze Welt - just-now.NEWS Deutschland","isPartOf":{"@id":"https:\/\/now-news.de\/de\/#website"},"primaryImageOfPage":{"@id":"https:\/\/now-news.de\/de\/deutschland\/wir-haben-ein-problem-%e2%80%92-biden-erschreckt-nicht-nur-amerika-sondern-die-ganze-welt\/#primaryimage"},"image":{"@id":"https:\/\/now-news.de\/de\/deutschland\/wir-haben-ein-problem-%e2%80%92-biden-erschreckt-nicht-nur-amerika-sondern-die-ganze-welt\/#primaryimage"},"thumbnailUrl":"https:\/\/now-news.de\/de\/wp-content\/uploads\/sites\/3\/2024\/06\/quotWir-haben-ein-Problemquot-\u2012-Biden-erschreckt-nicht-nur-Amerika.jpg","datePublished":"2024-06-28T09:00:14+00:00","dateModified":"2024-06-28T09:00:14+00:00","breadcrumb":{"@id":"https:\/\/now-news.de\/de\/deutschland\/wir-haben-ein-problem-%e2%80%92-biden-erschreckt-nicht-nur-amerika-sondern-die-ganze-welt\/#breadcrumb"},"inLanguage":"de","potentialAction":[{"@type":"ReadAction","target":["https:\/\/now-news.de\/de\/deutschland\/wir-haben-ein-problem-%e2%80%92-biden-erschreckt-nicht-nur-amerika-sondern-die-ganze-welt\/"]}]},{"@type":"ImageObject","inLanguage":"de","@id":"https:\/\/now-news.de\/de\/deutschland\/wir-haben-ein-problem-%e2%80%92-biden-erschreckt-nicht-nur-amerika-sondern-die-ganze-welt\/#primaryimage","url":"https:\/\/now-news.de\/de\/wp-content\/uploads\/sites\/3\/2024\/06\/quotWir-haben-ein-Problemquot-\u2012-Biden-erschreckt-nicht-nur-Amerika.jpg","contentUrl":"https:\/\/now-news.de\/de\/wp-content\/uploads\/sites\/3\/2024\/06\/quotWir-haben-ein-Problemquot-\u2012-Biden-erschreckt-nicht-nur-Amerika.jpg","width":460,"height":259,"caption":"&quot;Wir haben ein Problem&quot; \u2012 Biden erschreckt nicht nur Amerika, sondern die ganze Welt"},{"@type":"BreadcrumbList","@id":"https:\/\/now-news.de\/de\/deutschland\/wir-haben-ein-problem-%e2%80%92-biden-erschreckt-nicht-nur-amerika-sondern-die-ganze-welt\/#breadcrumb","itemListElement":[{"@type":"ListItem","position":1,"name":"Home","item":"https:\/\/now-news.de\/de\/"},{"@type":"ListItem","position":2,"name":"&quot;Wir haben ein Problem&quot; \u2012 Biden erschreckt nicht nur Amerika, sondern die ganze Welt"}]},{"@type":"WebSite","@id":"https:\/\/now-news.de\/de\/#website","url":"https:\/\/now-news.de\/de\/","name":"just-now.NEWS Deutschland","description":"Das Portal f\u00fcr unzensierte Nachrichten aus der Welt","publisher":{"@id":"https:\/\/now-news.de\/de\/#organization"},"potentialAction":[{"@type":"SearchAction","target":{"@type":"EntryPoint","urlTemplate":"https:\/\/now-news.de\/de\/?s={search_term_string}"},"query-input":"required name=search_term_string"}],"inLanguage":"de"},{"@type":"Organization","@id":"https:\/\/now-news.de\/de\/#organization","name":"Just Now News","url":"https:\/\/now-news.de\/de\/","logo":{"@type":"ImageObject","inLanguage":"de","@id":"https:\/\/now-news.de\/de\/#\/schema\/logo\/image\/","url":"http:\/\/just-now.news\/de\/wp-content\/uploads\/sites\/3\/2022\/04\/logo500x500.jpg","contentUrl":"http:\/\/just-now.news\/de\/wp-content\/uploads\/sites\/3\/2022\/04\/logo500x500.jpg","width":500,"height":500,"caption":"Just Now News"},"image":{"@id":"https:\/\/now-news.de\/de\/#\/schema\/logo\/image\/"},"sameAs":["https:\/\/www.facebook.com\/wirmachenauf","https:\/\/x.com\/WirMachenAuf_de"]},{"@type":"Person","@id":"https:\/\/now-news.de\/de\/#\/schema\/person\/fb534a4e865501d8b3285208df34a9b5","name":"rtnews","image":{"@type":"ImageObject","inLanguage":"de","@id":"https:\/\/now-news.de\/de\/#\/schema\/person\/image\/","url":"https:\/\/secure.gravatar.com\/avatar\/82aafea7d8127119dd649515f56e2117?s=96&d=mm&r=g","contentUrl":"https:\/\/secure.gravatar.com\/avatar\/82aafea7d8127119dd649515f56e2117?s=96&d=mm&r=g","caption":"rtnews"},"url":"https:\/\/now-news.de\/de\/author\/rnews\/"}]}},"_links":{"self":[{"href":"https:\/\/now-news.de\/de\/wp-json\/wp\/v2\/posts\/63676"}],"collection":[{"href":"https:\/\/now-news.de\/de\/wp-json\/wp\/v2\/posts"}],"about":[{"href":"https:\/\/now-news.de\/de\/wp-json\/wp\/v2\/types\/post"}],"author":[{"embeddable":true,"href":"https:\/\/now-news.de\/de\/wp-json\/wp\/v2\/users\/3"}],"replies":[{"embeddable":true,"href":"https:\/\/now-news.de\/de\/wp-json\/wp\/v2\/comments?post=63676"}],"version-history":[{"count":0,"href":"https:\/\/now-news.de\/de\/wp-json\/wp\/v2\/posts\/63676\/revisions"}],"wp:featuredmedia":[{"embeddable":true,"href":"https:\/\/now-news.de\/de\/wp-json\/wp\/v2\/media\/63677"}],"wp:attachment":[{"href":"https:\/\/now-news.de\/de\/wp-json\/wp\/v2\/media?parent=63676"}],"wp:term":[{"taxonomy":"category","embeddable":true,"href":"https:\/\/now-news.de\/de\/wp-json\/wp\/v2\/categories?post=63676"},{"taxonomy":"post_tag","embeddable":true,"href":"https:\/\/now-news.de\/de\/wp-json\/wp\/v2\/tags?post=63676"}],"curies":[{"name":"wp","href":"https:\/\/api.w.org\/{rel}","templated":true}]}}