{"id":63664,"date":"2024-06-28T06:30:25","date_gmt":"2024-06-28T04:30:25","guid":{"rendered":"https:\/\/now-news.de\/de\/deutschland\/die-europaeische-industrie-wird-uebermorgen-begraben\/"},"modified":"2024-06-28T06:30:25","modified_gmt":"2024-06-28T04:30:25","slug":"die-europaeische-industrie-wird-uebermorgen-begraben","status":"publish","type":"post","link":"https:\/\/now-news.de\/de\/deutschland\/die-europaeische-industrie-wird-uebermorgen-begraben\/","title":{"rendered":"Die Europ\u00e4ische Industrie wird \u00fcbermorgen begraben"},"content":{"rendered":"<p><img decoding=\"async\" src=\"https:\/\/now-news.de\/de\/wp-content\/uploads\/sites\/3\/2024\/06\/667d696a48fbef538876725a.png\" \/><\/p>\n<div class=\"Text-root Text-type_1 \">\n                Der europ\u00e4ische Bereich der Petrochemie steht kurz vor dem Zusammenbruch. Das gab einer der Fachm\u00e4nner in dieser Branche bekannt. Umso schlimmer ist es, dass das Gleiche f\u00fcr mehrere Sektoren der Eurozone gilt. Das Spielfeld betreten nun die USA und China.\n            <\/div>\n<p><\/p>\n<div class=\"Text-root Text-type_5 ArticleView-text ViewText-root \">\n<p><em>Von Sergei Sawtschuk<\/em><\/p>\n<p>Der historische Prozess der Deindustrialisierung Europas schreitet in seinem eigenen langsamen, aber unaufhaltsamen Tempo voran; Washington sieht darin jedoch nichts Schlimmes. Der Chef der Ineos-Gruppe \u2013 Europas gr\u00f6\u00dftem und einem der gr\u00f6\u00dften transnationalen Unternehmen im Bereich der Petrochemie \u2013 gab <em>Bloomberg TV<\/em> ein Interview, das mit dem \u00d6ffnen einer Fallt\u00fcr verglichen werden kann, aus der sich ein deprimierender und v\u00f6llig schwarzer Schlamm ergie\u00dft.<\/p>\n<p>Jim Ratcliffe, einer der reichsten M\u00e4nner Gro\u00dfbritanniens, erkl\u00e4rte in einem Gespr\u00e4ch mit US-amerikanischen Journalisten, dass die derzeitige Situation auf dem Energiemarkt die petrochemische Industrie in Gro\u00dfbritannien und Europa tats\u00e4chlich unterminiert und sie, wenn nicht in einen tiefen Knock-out, so doch in einen schweren und schmerzhaften Knock-down versetzt hat. Der Grund daf\u00fcr sind die exorbitanten Strom- und Kohlenstoffpreise und die unterbrochenen Ketten von Kohlenwasserstoffimporten aus Russland, dank derer die Stromerzeuger immer Brennstoff f\u00fcr ihre Kessel und die Petrochemiker die grundlegenden Rohstoffe f\u00fcr ihre Arbeit hatten. Ratcliffe argumentiert \u2013 und als Hai der globalen Petrochemie kann man ihm durchaus glauben \u2013, dass die Kosten pro Megawattstunde f\u00fcr die europ\u00e4ischen industriellen Verbraucher heute f\u00fcnfmal so hoch sind wie f\u00fcr ihre Pendants in Nordamerika. Das hat dazu gef\u00fchrt, dass europ\u00e4ische Fachunternehmen in den letzten zwei Jahren schlichtweg physisch nicht mehr in der Lage waren, mit amerikanischen oder asiatischen Unternehmen zu konkurrieren, was bereits zur Schlie\u00dfung komplexer chemischer Produktionsanlagen gef\u00fchrt hat, oder sie sind in die USA und nach Asien gefl\u00fcchtet, wo es ein Meer von billigem Strom und keine Probleme bei der Rohstoffbeschaffung gibt. Der Chef der Ineos-Gruppe beendete seine d\u00fcstere Rede mit dem Hinweis, dass es in Europa immer weniger Akteure auf dem petrochemischen Markt gebe und er so etwas in seinem Leben noch nicht erlebt habe.<\/p>\n<p>Um nicht mit der \u00fcblichen Behauptung konfrontiert zu werden, wir w\u00fcrden angeblich aus einer lokalen Problemm\u00fccke einen nicht existierenden globalen Elefanten machen, sollten wir herausfinden, wer Ratcliffe ist und ob seine Worte als Expertenmeinung gelten k\u00f6nnen.<\/p>\n<p>Jim Ratcliffe wird in der Presse oft als der reichste Mann Gro\u00dfbritanniens bezeichnet, was nicht ganz stimmt \u2013 in dem Sinne, dass er, gemessen an der Gr\u00f6\u00dfe seines derzeitigen Verm\u00f6gens, auf dem nebeligen finanziellen Podest an vierter Stelle steht. Nach Angaben der <em>Sunday Times<\/em> hat der oberste Petrochemiker der Alten Welt ein Kapital von 26,5 Milliarden Pfund angeh\u00e4uft, was fast 30 Milliarden US-Dollar entspricht. Nur die Hinduja-Br\u00fcder, Leonard Blavatnik und die Reuben-Br\u00fcder liegen in der Liste der Gelds\u00e4cke noch vor ihm. Dabei ist jedoch zu bedenken, dass alle diese Gesch\u00e4ftshaie ihre Imperien in verschiedenen Marktsegmenten aufgebaut haben \u2013 vom Immobilienhandel \u00fcber Wertpapiertransaktionen bis hin zum Wiederverkauf von Elite-Fu\u00dfballvereinen. Ratcliffe hingegen verdiente seine Milliarden in der engen Nische der komplexen petrochemischen Produktion.<\/p>\n<p>Der wichtigste Verm\u00f6genswert und die Quelle des Reichtums ist die bereits erw\u00e4hnte Ineos-Gruppe, die sich in den fast 30 Jahren ihres Bestehens zu einem Mastodon des Marktes mit einem Umsatz von 22,3 Milliarden US-Dollar entwickelt hat \u2013 und das nur f\u00fcr das f\u00fcr die Branche nicht gerade rosige Jahr 2022. Auf der Webseite des Unternehmens hei\u00dft es, Ineos sei auf aromatische Erd\u00f6lprodukte (Benzol, Toluol, Xylol) und chemische Grundstoffe (Ethylen, Propylen, Butadien) spezialisiert. Ein separater Bereich befasst sich mit der Herstellung von Vinylchloridmonomeren, Alkalichlor und seinen Derivaten, Polyvinylchloriden, Polyethylen, Polypropylen, Polystyrol und Gummi mit Kautschuken. F\u00fcr Menschen, die sich nicht mit komplexer anorganischer Chemie auskennen, klingt selbst eine einfache Auflistung der Produktlinie wie Kauderwelsch, aber dennoch haben wir es mit einem sehr komplexen und energieintensiven Produktionsprozess zu tun, der eine F\u00fclle von Ressourcen erfordert, von Elektrizit\u00e4t bis hin zu Wasserdampf mit ultrahoher Temperatur.<\/p>\n<p>Und da sagt so ein Mensch direkt: Die Branche steht kurz vor dem Zusammenbruch, buchst\u00e4blich einen halben Schritt vor dem endg\u00fcltigen Zusammenbruch innerhalb der Grenzen Europas.<\/p>\n<p>Man k\u00f6nnte hier primitiv schadenfroh sein, aber alles Beschriebene ist nur ein Teil eines seit Langem beobachteten Trends und ein separater Teil des Mosaiks der gezielten und geplanten Deindustrialisierung der Eurozone. Wir haben schon fr\u00fcher \u00e4hnliche F\u00e4lle in den Sektoren der landwirtschaftlichen D\u00fcngemittelproduktion, der Metallurgie, der Produktion von Solarpaneelen und Elektroautos betrachtet, sodass diese Stimme des Predigers lange erwartet wurde und offensichtlich nicht der letzte sein wird.<\/p>\n<p>Was ich hier sagen m\u00f6chte, ist Folgendes:<\/p>\n<p>Es wird allgemein angenommen, dass die oben beschriebenen Prozesse im Jahr 2014 nach der Wiedereingliederung der Krim eingeleitet wurden, sich mit dem Beginn der milit\u00e4rischen Sonderoperation stark beschleunigten und der letzte Nachbrenner eingeschaltet wurde, als Joe Biden den sogenannten &#8220;Inflation Reduction Act&#8221; unterzeichnete. Fans von Verschw\u00f6rungstheorien haben eine ganze Theorie aufgestellt, wonach dieser Plan von Washington schon lange ausgebr\u00fctet wurde und die von Moskau eingeleitete Sonderoperation ein sehr guter Anlass war, den Raubzug durch Europa ohne Unterbrechung durchzuf\u00fchren. Diese Annahme hat ihre Daseinsberechtigung, aber sie ist nur zur H\u00e4lfte wahr.<\/p>\n<p>Es sei daran erinnert, dass die europ\u00e4ischen Industriellen, die unter dem Druck der unertr\u00e4glichen Preise f\u00fcr Energieressourcen \u00e4chzen, begonnen haben, Fabriken nicht nur nach Texas, sondern auch in asiatische L\u00e4nder, vor allem nach China, zu bringen. Dort\u00a0haben sie ihre\u00a0eigenen riesigen Industriecluster wie Shenzhen gebildet, sodass sich die Ketten der Zusammenarbeit (und heute arbeitet fast jeder mit China zusammen) auf ein Minimum verk\u00fcrzt haben. Au\u00dferdem steigert Peking seine Stromerzeugungskapazit\u00e4ten rapide und nimmt alle Arten von Kraftwerken in Betrieb, mit Ausnahme der erneuerbaren Energien, und die Investitionen in diesem Bereich sind in den letzten vier Jahren zur\u00fcckgegangen.<\/p>\n<p>Zugleich erleben wir mit eigenen Augen den Zusammenbruch der neoliberalen Theorie einer postindustriellen Weltordnung, in der fossile Brennstoffe im Prinzip nicht mehr ben\u00f6tigt werden und die globale Industrie hochproduktiv und zutiefst wissenschaftlich sein wird. In Wirklichkeit sehen wir ein endloses Wachstum der Ressourcengewinnung, Investitionen in traditionelle Energiequellen und den Kampf um jede Fabrik und jede qualifizierte Arbeitskraft. Denn die n\u00e4chste Runde einer prinzipiellen Konfrontation steht bevor, in der das alte, verh\u00e4rtete Modell der amerikanischen Wirtschaft und die junge, flexible chinesische Wirtschaft im Ring aufeinandertreffen werden. Die Kontrahenten sind sich ihrer St\u00e4rken und Schw\u00e4chen des Gegners wohl bewusst und sammeln deshalb alle m\u00f6glichen Reserven.<\/p>\n<p>F\u00fcr die britischen Petrochemiker haben wir keine guten Nachrichten. Als sich die europ\u00e4ischen Politiker und die sie unterst\u00fctzenden Industriellen gehorsam dem Diktat Washingtons unterwarfen, hofften sie wahrscheinlich, dass sie nicht so sehr beraubt werden w\u00fcrden, denn alle waren sich der bevorstehenden Niederlage Russlands sicher, was alle geostrategischen Pl\u00e4ne Chinas \u00fcber den Haufen werfen w\u00fcrde. Heute ist es offensichtlich, dass die Schwachen und Willensschwachen einfach begraben werden und dann das Erbe\u00a0in Ruhe unter sich aufgeteilt wird.<\/p>\n<p><em>\u00dcbersetzt aus dem <a rel=\"nofollow noopener\" target=\"_blank\" href=\"https:\/\/ria.ru\/20240627\/promyshlennost-1955720242.html\">Russischen<\/a> und zuerst erschienen auf RIA Nowosti am 27. Juni 2024.<\/em><\/p>\n<p><em>Sergei Sawtschuk ist ein russischer Kolumnist und Blogger.<\/em><\/p>\n<p><strong>Mehr zum Thema<\/strong> \u2013 <a rel=\"nofollow noopener\" target=\"_blank\" href=\"https:\/\/freedert.online\/russland\/209264-rosneft-chef-westen-betreibt-gruenen\/\">Rosneft-Chef: &#8220;Westen betreibt gr\u00fcnen Neokolonialismus&#8221;<\/a><\/p>\n<div class=\"EmbedBlock-root EmbedBlock-externalVideo EmbedBlock-odysee\">\n<div class=\"VkEmbed\"><iframe class=\"lazyload\" data-src=\"https:\/\/odysee.com\/%24\/embed\/%40RTDE%3Ae%2FWagenknecht--Politik-der--n%C3%BCtzlichen-Idioten-der-Waffenindustrie--kann-zu-gro%C3%9Fem-Krieg-f%C3%BChren%3A4\" frameborder=\"0\" width=\"853\" height=\"480\" allowfullscreen><\/iframe><\/div>\n<\/div>\n<\/div>\n<p><br \/>\n<br \/><a href=\"https:\/\/de.rt.com\/europa\/210555-europaeische-industrie-wird-uebermorgen-begraben\/\">Source link <\/a><\/p>\n","protected":false},"excerpt":{"rendered":"<p>Der europ\u00e4ische Bereich der Petrochemie steht kurz vor dem Zusammenbruch. Das gab einer der Fachm\u00e4nner in dieser Branche bekannt. Umso schlimmer ist es, dass das Gleiche f\u00fcr mehrere Sektoren der Eurozone gilt. Das Spielfeld betreten nun die USA und China. Von Sergei Sawtschuk Der historische Prozess der Deindustrialisierung Europas schreitet in seinem eigenen langsamen, aber [&hellip;]<\/p>\n","protected":false},"author":3,"featured_media":63665,"comment_status":"open","ping_status":"open","sticky":false,"template":"","format":"standard","meta":{"_yoast_indexnow_last_ping":["1719550003"],"wp_automatic_camp":["217"],"8443a6363b807c139da2a6691a70d262":["Die Europ\u00e4ische Industrie wird \u00fcbermorgen begraben"],"original_link":["https:\/\/de.rt.com\/europa\/210555-europaeische-industrie-wird-uebermorgen-begraben\/"],"_thumbnail_id":["63665"],"jnews_social_counter_last_update":["1777276467"],"_wptgpro_p2tg_sent2tg":["a:1:{i:23737;s:19:\"2024-06-28 06:47:45\";}"]},"categories":[19,23],"tags":[43235,45,21307,7923,56117,374],"yoast_head":"<!-- This site is optimized with the Yoast SEO Premium plugin v22.7 (Yoast SEO v22.7) - https:\/\/yoast.com\/wordpress\/plugins\/seo\/ -->\n<title>Die Europ\u00e4ische Industrie wird \u00fcbermorgen begraben - just-now.NEWS Deutschland<\/title>\n<meta name=\"robots\" content=\"index, follow, max-snippet:-1, max-image-preview:large, max-video-preview:-1\" \/>\n<link rel=\"canonical\" href=\"https:\/\/now-news.de\/de\/deutschland\/die-europaeische-industrie-wird-uebermorgen-begraben\/\" \/>\n<meta property=\"og:locale\" content=\"de_DE\" \/>\n<meta property=\"og:type\" content=\"article\" \/>\n<meta property=\"og:title\" content=\"Die Europ\u00e4ische Industrie wird \u00fcbermorgen begraben\" \/>\n<meta property=\"og:description\" content=\"Der europ\u00e4ische Bereich der Petrochemie steht kurz vor dem Zusammenbruch. Das gab einer der Fachm\u00e4nner in dieser Branche bekannt. Umso schlimmer ist es, dass das Gleiche f\u00fcr mehrere Sektoren der Eurozone gilt. Das Spielfeld betreten nun die USA und China. Von Sergei Sawtschuk Der historische Prozess der Deindustrialisierung Europas schreitet in seinem eigenen langsamen, aber [&hellip;]\" \/>\n<meta property=\"og:url\" content=\"https:\/\/now-news.de\/de\/deutschland\/die-europaeische-industrie-wird-uebermorgen-begraben\/\" \/>\n<meta property=\"og:site_name\" content=\"just-now.NEWS Deutschland\" \/>\n<meta property=\"article:publisher\" content=\"https:\/\/www.facebook.com\/wirmachenauf\" \/>\n<meta property=\"article:published_time\" content=\"2024-06-28T04:30:25+00:00\" \/>\n<meta property=\"og:image\" content=\"https:\/\/now-news.de\/de\/wp-content\/uploads\/sites\/3\/2024\/06\/667d696a48fbef538876725a.png\" \/>\n<meta name=\"author\" content=\"rtnews\" \/>\n<meta name=\"twitter:card\" content=\"summary_large_image\" \/>\n<meta name=\"twitter:creator\" content=\"@WirMachenAuf_de\" \/>\n<meta name=\"twitter:site\" content=\"@WirMachenAuf_de\" \/>\n<meta name=\"twitter:label1\" content=\"Verfasst von\" \/>\n\t<meta name=\"twitter:data1\" content=\"rtnews\" \/>\n\t<meta name=\"twitter:label2\" content=\"Gesch\u00e4tzte Lesezeit\" \/>\n\t<meta name=\"twitter:data2\" content=\"6\u00a0Minuten\" \/>\n<script type=\"application\/ld+json\" class=\"yoast-schema-graph\">{\"@context\":\"https:\/\/schema.org\",\"@graph\":[{\"@type\":\"Article\",\"@id\":\"https:\/\/now-news.de\/de\/deutschland\/die-europaeische-industrie-wird-uebermorgen-begraben\/#article\",\"isPartOf\":{\"@id\":\"https:\/\/now-news.de\/de\/deutschland\/die-europaeische-industrie-wird-uebermorgen-begraben\/\"},\"author\":{\"name\":\"rtnews\",\"@id\":\"https:\/\/now-news.de\/de\/#\/schema\/person\/fb534a4e865501d8b3285208df34a9b5\"},\"headline\":\"Die Europ\u00e4ische Industrie wird \u00fcbermorgen begraben\",\"datePublished\":\"2024-06-28T04:30:25+00:00\",\"dateModified\":\"2024-06-28T04:30:25+00:00\",\"mainEntityOfPage\":{\"@id\":\"https:\/\/now-news.de\/de\/deutschland\/die-europaeische-industrie-wird-uebermorgen-begraben\/\"},\"wordCount\":1191,\"commentCount\":0,\"publisher\":{\"@id\":\"https:\/\/now-news.de\/de\/#organization\"},\"image\":{\"@id\":\"https:\/\/now-news.de\/de\/deutschland\/die-europaeische-industrie-wird-uebermorgen-begraben\/#primaryimage\"},\"thumbnailUrl\":\"https:\/\/now-news.de\/de\/wp-content\/uploads\/sites\/3\/2024\/06\/Die-Europaeische-Industrie-wird-uebermorgen-begraben.png\",\"keywords\":[\"begraben\",\"die\",\"europ\u00e4ische\",\"Industrie\",\"\u00fcbermorgen\",\"wird\"],\"articleSection\":[\"Deutschland\",\"Russland\"],\"inLanguage\":\"de\",\"potentialAction\":[{\"@type\":\"CommentAction\",\"name\":\"Comment\",\"target\":[\"https:\/\/now-news.de\/de\/deutschland\/die-europaeische-industrie-wird-uebermorgen-begraben\/#respond\"]}]},{\"@type\":\"WebPage\",\"@id\":\"https:\/\/now-news.de\/de\/deutschland\/die-europaeische-industrie-wird-uebermorgen-begraben\/\",\"url\":\"https:\/\/now-news.de\/de\/deutschland\/die-europaeische-industrie-wird-uebermorgen-begraben\/\",\"name\":\"Die Europ\u00e4ische Industrie wird \u00fcbermorgen begraben - just-now.NEWS Deutschland\",\"isPartOf\":{\"@id\":\"https:\/\/now-news.de\/de\/#website\"},\"primaryImageOfPage\":{\"@id\":\"https:\/\/now-news.de\/de\/deutschland\/die-europaeische-industrie-wird-uebermorgen-begraben\/#primaryimage\"},\"image\":{\"@id\":\"https:\/\/now-news.de\/de\/deutschland\/die-europaeische-industrie-wird-uebermorgen-begraben\/#primaryimage\"},\"thumbnailUrl\":\"https:\/\/now-news.de\/de\/wp-content\/uploads\/sites\/3\/2024\/06\/Die-Europaeische-Industrie-wird-uebermorgen-begraben.png\",\"datePublished\":\"2024-06-28T04:30:25+00:00\",\"dateModified\":\"2024-06-28T04:30:25+00:00\",\"breadcrumb\":{\"@id\":\"https:\/\/now-news.de\/de\/deutschland\/die-europaeische-industrie-wird-uebermorgen-begraben\/#breadcrumb\"},\"inLanguage\":\"de\",\"potentialAction\":[{\"@type\":\"ReadAction\",\"target\":[\"https:\/\/now-news.de\/de\/deutschland\/die-europaeische-industrie-wird-uebermorgen-begraben\/\"]}]},{\"@type\":\"ImageObject\",\"inLanguage\":\"de\",\"@id\":\"https:\/\/now-news.de\/de\/deutschland\/die-europaeische-industrie-wird-uebermorgen-begraben\/#primaryimage\",\"url\":\"https:\/\/now-news.de\/de\/wp-content\/uploads\/sites\/3\/2024\/06\/Die-Europaeische-Industrie-wird-uebermorgen-begraben.png\",\"contentUrl\":\"https:\/\/now-news.de\/de\/wp-content\/uploads\/sites\/3\/2024\/06\/Die-Europaeische-Industrie-wird-uebermorgen-begraben.png\",\"width\":460,\"height\":259,\"caption\":\"Die Europ\u00e4ische Industrie wird \u00fcbermorgen begraben\"},{\"@type\":\"BreadcrumbList\",\"@id\":\"https:\/\/now-news.de\/de\/deutschland\/die-europaeische-industrie-wird-uebermorgen-begraben\/#breadcrumb\",\"itemListElement\":[{\"@type\":\"ListItem\",\"position\":1,\"name\":\"Home\",\"item\":\"https:\/\/now-news.de\/de\/\"},{\"@type\":\"ListItem\",\"position\":2,\"name\":\"Die Europ\u00e4ische Industrie wird \u00fcbermorgen begraben\"}]},{\"@type\":\"WebSite\",\"@id\":\"https:\/\/now-news.de\/de\/#website\",\"url\":\"https:\/\/now-news.de\/de\/\",\"name\":\"just-now.NEWS Deutschland\",\"description\":\"Das Portal f\u00fcr unzensierte Nachrichten aus der Welt\",\"publisher\":{\"@id\":\"https:\/\/now-news.de\/de\/#organization\"},\"potentialAction\":[{\"@type\":\"SearchAction\",\"target\":{\"@type\":\"EntryPoint\",\"urlTemplate\":\"https:\/\/now-news.de\/de\/?s={search_term_string}\"},\"query-input\":\"required name=search_term_string\"}],\"inLanguage\":\"de\"},{\"@type\":\"Organization\",\"@id\":\"https:\/\/now-news.de\/de\/#organization\",\"name\":\"Just Now News\",\"url\":\"https:\/\/now-news.de\/de\/\",\"logo\":{\"@type\":\"ImageObject\",\"inLanguage\":\"de\",\"@id\":\"https:\/\/now-news.de\/de\/#\/schema\/logo\/image\/\",\"url\":\"http:\/\/just-now.news\/de\/wp-content\/uploads\/sites\/3\/2022\/04\/logo500x500.jpg\",\"contentUrl\":\"http:\/\/just-now.news\/de\/wp-content\/uploads\/sites\/3\/2022\/04\/logo500x500.jpg\",\"width\":500,\"height\":500,\"caption\":\"Just Now News\"},\"image\":{\"@id\":\"https:\/\/now-news.de\/de\/#\/schema\/logo\/image\/\"},\"sameAs\":[\"https:\/\/www.facebook.com\/wirmachenauf\",\"https:\/\/x.com\/WirMachenAuf_de\"]},{\"@type\":\"Person\",\"@id\":\"https:\/\/now-news.de\/de\/#\/schema\/person\/fb534a4e865501d8b3285208df34a9b5\",\"name\":\"rtnews\",\"image\":{\"@type\":\"ImageObject\",\"inLanguage\":\"de\",\"@id\":\"https:\/\/now-news.de\/de\/#\/schema\/person\/image\/\",\"url\":\"https:\/\/secure.gravatar.com\/avatar\/82aafea7d8127119dd649515f56e2117?s=96&d=mm&r=g\",\"contentUrl\":\"https:\/\/secure.gravatar.com\/avatar\/82aafea7d8127119dd649515f56e2117?s=96&d=mm&r=g\",\"caption\":\"rtnews\"},\"url\":\"https:\/\/now-news.de\/de\/author\/rnews\/\"}]}<\/script>\n<!-- \/ Yoast SEO Premium plugin. -->","yoast_head_json":{"title":"Die Europ\u00e4ische Industrie wird \u00fcbermorgen begraben - just-now.NEWS Deutschland","robots":{"index":"index","follow":"follow","max-snippet":"max-snippet:-1","max-image-preview":"max-image-preview:large","max-video-preview":"max-video-preview:-1"},"canonical":"https:\/\/now-news.de\/de\/deutschland\/die-europaeische-industrie-wird-uebermorgen-begraben\/","og_locale":"de_DE","og_type":"article","og_title":"Die Europ\u00e4ische Industrie wird \u00fcbermorgen begraben","og_description":"Der europ\u00e4ische Bereich der Petrochemie steht kurz vor dem Zusammenbruch. Das gab einer der Fachm\u00e4nner in dieser Branche bekannt. Umso schlimmer ist es, dass das Gleiche f\u00fcr mehrere Sektoren der Eurozone gilt. Das Spielfeld betreten nun die USA und China. Von Sergei Sawtschuk Der historische Prozess der Deindustrialisierung Europas schreitet in seinem eigenen langsamen, aber [&hellip;]","og_url":"https:\/\/now-news.de\/de\/deutschland\/die-europaeische-industrie-wird-uebermorgen-begraben\/","og_site_name":"just-now.NEWS Deutschland","article_publisher":"https:\/\/www.facebook.com\/wirmachenauf","article_published_time":"2024-06-28T04:30:25+00:00","og_image":[{"url":"https:\/\/now-news.de\/de\/wp-content\/uploads\/sites\/3\/2024\/06\/667d696a48fbef538876725a.png"}],"author":"rtnews","twitter_card":"summary_large_image","twitter_creator":"@WirMachenAuf_de","twitter_site":"@WirMachenAuf_de","twitter_misc":{"Verfasst von":"rtnews","Gesch\u00e4tzte Lesezeit":"6\u00a0Minuten"},"schema":{"@context":"https:\/\/schema.org","@graph":[{"@type":"Article","@id":"https:\/\/now-news.de\/de\/deutschland\/die-europaeische-industrie-wird-uebermorgen-begraben\/#article","isPartOf":{"@id":"https:\/\/now-news.de\/de\/deutschland\/die-europaeische-industrie-wird-uebermorgen-begraben\/"},"author":{"name":"rtnews","@id":"https:\/\/now-news.de\/de\/#\/schema\/person\/fb534a4e865501d8b3285208df34a9b5"},"headline":"Die Europ\u00e4ische Industrie wird \u00fcbermorgen begraben","datePublished":"2024-06-28T04:30:25+00:00","dateModified":"2024-06-28T04:30:25+00:00","mainEntityOfPage":{"@id":"https:\/\/now-news.de\/de\/deutschland\/die-europaeische-industrie-wird-uebermorgen-begraben\/"},"wordCount":1191,"commentCount":0,"publisher":{"@id":"https:\/\/now-news.de\/de\/#organization"},"image":{"@id":"https:\/\/now-news.de\/de\/deutschland\/die-europaeische-industrie-wird-uebermorgen-begraben\/#primaryimage"},"thumbnailUrl":"https:\/\/now-news.de\/de\/wp-content\/uploads\/sites\/3\/2024\/06\/Die-Europaeische-Industrie-wird-uebermorgen-begraben.png","keywords":["begraben","die","europ\u00e4ische","Industrie","\u00fcbermorgen","wird"],"articleSection":["Deutschland","Russland"],"inLanguage":"de","potentialAction":[{"@type":"CommentAction","name":"Comment","target":["https:\/\/now-news.de\/de\/deutschland\/die-europaeische-industrie-wird-uebermorgen-begraben\/#respond"]}]},{"@type":"WebPage","@id":"https:\/\/now-news.de\/de\/deutschland\/die-europaeische-industrie-wird-uebermorgen-begraben\/","url":"https:\/\/now-news.de\/de\/deutschland\/die-europaeische-industrie-wird-uebermorgen-begraben\/","name":"Die Europ\u00e4ische Industrie wird \u00fcbermorgen begraben - just-now.NEWS Deutschland","isPartOf":{"@id":"https:\/\/now-news.de\/de\/#website"},"primaryImageOfPage":{"@id":"https:\/\/now-news.de\/de\/deutschland\/die-europaeische-industrie-wird-uebermorgen-begraben\/#primaryimage"},"image":{"@id":"https:\/\/now-news.de\/de\/deutschland\/die-europaeische-industrie-wird-uebermorgen-begraben\/#primaryimage"},"thumbnailUrl":"https:\/\/now-news.de\/de\/wp-content\/uploads\/sites\/3\/2024\/06\/Die-Europaeische-Industrie-wird-uebermorgen-begraben.png","datePublished":"2024-06-28T04:30:25+00:00","dateModified":"2024-06-28T04:30:25+00:00","breadcrumb":{"@id":"https:\/\/now-news.de\/de\/deutschland\/die-europaeische-industrie-wird-uebermorgen-begraben\/#breadcrumb"},"inLanguage":"de","potentialAction":[{"@type":"ReadAction","target":["https:\/\/now-news.de\/de\/deutschland\/die-europaeische-industrie-wird-uebermorgen-begraben\/"]}]},{"@type":"ImageObject","inLanguage":"de","@id":"https:\/\/now-news.de\/de\/deutschland\/die-europaeische-industrie-wird-uebermorgen-begraben\/#primaryimage","url":"https:\/\/now-news.de\/de\/wp-content\/uploads\/sites\/3\/2024\/06\/Die-Europaeische-Industrie-wird-uebermorgen-begraben.png","contentUrl":"https:\/\/now-news.de\/de\/wp-content\/uploads\/sites\/3\/2024\/06\/Die-Europaeische-Industrie-wird-uebermorgen-begraben.png","width":460,"height":259,"caption":"Die Europ\u00e4ische Industrie wird \u00fcbermorgen begraben"},{"@type":"BreadcrumbList","@id":"https:\/\/now-news.de\/de\/deutschland\/die-europaeische-industrie-wird-uebermorgen-begraben\/#breadcrumb","itemListElement":[{"@type":"ListItem","position":1,"name":"Home","item":"https:\/\/now-news.de\/de\/"},{"@type":"ListItem","position":2,"name":"Die Europ\u00e4ische Industrie wird \u00fcbermorgen begraben"}]},{"@type":"WebSite","@id":"https:\/\/now-news.de\/de\/#website","url":"https:\/\/now-news.de\/de\/","name":"just-now.NEWS Deutschland","description":"Das Portal f\u00fcr unzensierte Nachrichten aus der Welt","publisher":{"@id":"https:\/\/now-news.de\/de\/#organization"},"potentialAction":[{"@type":"SearchAction","target":{"@type":"EntryPoint","urlTemplate":"https:\/\/now-news.de\/de\/?s={search_term_string}"},"query-input":"required name=search_term_string"}],"inLanguage":"de"},{"@type":"Organization","@id":"https:\/\/now-news.de\/de\/#organization","name":"Just Now News","url":"https:\/\/now-news.de\/de\/","logo":{"@type":"ImageObject","inLanguage":"de","@id":"https:\/\/now-news.de\/de\/#\/schema\/logo\/image\/","url":"http:\/\/just-now.news\/de\/wp-content\/uploads\/sites\/3\/2022\/04\/logo500x500.jpg","contentUrl":"http:\/\/just-now.news\/de\/wp-content\/uploads\/sites\/3\/2022\/04\/logo500x500.jpg","width":500,"height":500,"caption":"Just Now News"},"image":{"@id":"https:\/\/now-news.de\/de\/#\/schema\/logo\/image\/"},"sameAs":["https:\/\/www.facebook.com\/wirmachenauf","https:\/\/x.com\/WirMachenAuf_de"]},{"@type":"Person","@id":"https:\/\/now-news.de\/de\/#\/schema\/person\/fb534a4e865501d8b3285208df34a9b5","name":"rtnews","image":{"@type":"ImageObject","inLanguage":"de","@id":"https:\/\/now-news.de\/de\/#\/schema\/person\/image\/","url":"https:\/\/secure.gravatar.com\/avatar\/82aafea7d8127119dd649515f56e2117?s=96&d=mm&r=g","contentUrl":"https:\/\/secure.gravatar.com\/avatar\/82aafea7d8127119dd649515f56e2117?s=96&d=mm&r=g","caption":"rtnews"},"url":"https:\/\/now-news.de\/de\/author\/rnews\/"}]}},"_links":{"self":[{"href":"https:\/\/now-news.de\/de\/wp-json\/wp\/v2\/posts\/63664"}],"collection":[{"href":"https:\/\/now-news.de\/de\/wp-json\/wp\/v2\/posts"}],"about":[{"href":"https:\/\/now-news.de\/de\/wp-json\/wp\/v2\/types\/post"}],"author":[{"embeddable":true,"href":"https:\/\/now-news.de\/de\/wp-json\/wp\/v2\/users\/3"}],"replies":[{"embeddable":true,"href":"https:\/\/now-news.de\/de\/wp-json\/wp\/v2\/comments?post=63664"}],"version-history":[{"count":0,"href":"https:\/\/now-news.de\/de\/wp-json\/wp\/v2\/posts\/63664\/revisions"}],"wp:featuredmedia":[{"embeddable":true,"href":"https:\/\/now-news.de\/de\/wp-json\/wp\/v2\/media\/63665"}],"wp:attachment":[{"href":"https:\/\/now-news.de\/de\/wp-json\/wp\/v2\/media?parent=63664"}],"wp:term":[{"taxonomy":"category","embeddable":true,"href":"https:\/\/now-news.de\/de\/wp-json\/wp\/v2\/categories?post=63664"},{"taxonomy":"post_tag","embeddable":true,"href":"https:\/\/now-news.de\/de\/wp-json\/wp\/v2\/tags?post=63664"}],"curies":[{"name":"wp","href":"https:\/\/api.w.org\/{rel}","templated":true}]}}