{"id":63652,"date":"2024-06-27T21:51:15","date_gmt":"2024-06-27T19:51:15","guid":{"rendered":"https:\/\/now-news.de\/de\/deutschland\/feiner-spott-und-normalitaet-in-perfektion-habeck-lobt-merkel-zum-70-geburtstag\/"},"modified":"2024-06-27T21:51:15","modified_gmt":"2024-06-27T19:51:15","slug":"feiner-spott-und-normalitaet-in-perfektion-habeck-lobt-merkel-zum-70-geburtstag","status":"publish","type":"post","link":"https:\/\/now-news.de\/de\/deutschland\/feiner-spott-und-normalitaet-in-perfektion-habeck-lobt-merkel-zum-70-geburtstag\/","title":{"rendered":"&quot;Feiner Spott&quot; und &quot;Normalit\u00e4t in Perfektion&quot; \u2013 Habeck lobt Merkel zum 70. Geburtstag"},"content":{"rendered":"<p><img decoding=\"async\" src=\"https:\/\/now-news.de\/de\/wp-content\/uploads\/sites\/3\/2024\/06\/667dc200b480cc734756f5fd.jpg\" \/><\/p>\n<div class=\"Text-root Text-type_1 \">\n                Am 17. Juli wird die ehemalige Bundeskanzlerin Angela Merkel 70 Jahre alt. Im Vorfeld erhielt sie bereits eine ungew\u00f6hnliche W\u00fcrdigung \u2013 in Form eines Gastartikels von Vizekanzler Robert Habeck im Rolling Stone. Dieser lobte Merkel, die f\u00fcr ihn die &#8220;Normalit\u00e4t in Perfektion&#8221; sei.\n            <\/div>\n<p><\/p>\n<div class=\"Text-root Text-type_5 ArticleView-text ViewText-root \">\n<p>Ex-Bundeskanzlerin Angela Merkel (CDU) hat die Bundesrepublik 16 Jahre lang in bezeichnender Weise gepr\u00e4gt. Am 17. Juli wird Merkel 70 Jahre alt. Im Vorfeld erhielt sie allerdings bereits eine ungew\u00f6hnliche W\u00fcrdigung \u2013 in Form eines <a rel=\"nofollow noopener\" target=\"_blank\" href=\"https:\/\/www.rollingstone.de\/robert-habeck-bei-merkel-waren-feiner-spott-und-schneidender-witz-zu-hause-2768587\/\">Gastartikels<\/a> von Vize-Kanzler Robert Habeck (B\u00fcndnis90\/Die Gr\u00fcnen) in der Sommerausgabe des <em>Rolling Stone<\/em>.<\/p>\n<p>Gleich zu Beginn des Artikels stellte Habeck klar, dass er begeistert war, als er Merkel 2012 das erste Mal traf \u2013 immerhin war zu dieser Zeit der Atomausstieg nach Fukushima bereits auf dem Weg:<\/p>\n<p><em>&#8220;Ich war Energieminister in Schleswig-Holstein, die Bundeskanzlerin am Ende ihrer zweiten Amtszeit und der Atomausstieg nach Fukushima war auf dem Weg \u2013 der Atomausstieg, den Union und FDP beschlossen und konsequent umgesetzt haben.&#8221;<\/em><\/p>\n<p>Besonders sch\u00e4tze er an der ehemaligen Bundeskanzlerin ihren Humor:<\/p>\n<blockquote>\n<p><em>&#8220;Der feine Spott, der mir beim ersten Treffen auffiel, war bei ihr so zu Hause wie der schneidende Witz und Humor \u2013 das Pathos, die Emotion, die Leidenschaft weniger. Merkel als Kanzlerin war, wie sie sprach: n\u00fcchtern und analytisch.&#8221;<\/em><\/p>\n<\/blockquote>\n<p>Habeck w\u00fcrdigte zudem, dass Merkel die &#8220;Normalit\u00e4t in Perfektion&#8221; verk\u00f6rpert habe:<\/p>\n<blockquote>\n<p><em>&#8220;Merkel konnte man sich beim Kuchenbacken oder Kartoffelsch\u00e4len oder beim &#8216;Tatort&#8217;-Gucken vorstellen, und man wusste, dass sie auch als Regierungschefin in den Supermarkt und ins Kino, ins Theater ging. Man sp\u00fcrte eine Nahbarkeit, eine wohltuende Normalit\u00e4t. Fern jeder Hybris. Die Normalit\u00e4t in Perfektion.&#8221;<\/em><\/p>\n<\/blockquote>\n<p>Merkels &#8220;souver\u00e4nen Umgang&#8221; mit m\u00e4nnlichen Parteigr\u00f6\u00dfen der Union bezeichnete er als &#8220;Sieg \u00fcber den Chauvinismus&#8221;. Wohlwollend stellte Habeck zudem fest, dass Merkel ihre eigene Biografie als ostdeutsche Frau nur &#8220;selten politisch eingesetzt habe&#8221;.<\/p>\n<p>Er betonte auch, dass Merkel die Union \u00fcber 16 Jahre lang &#8220;in der Mitte gehalten&#8221; und sie immun gegen die Versuchung des &#8220;rechten Populismus&#8221; gemacht habe. &#8220;Was man f\u00fcr die Zeit nach ihr nicht ungebrochen sagen kann.&#8221; Diese Spitze d\u00fcrfte gegen den derzeitigen CDU-Chef Friedrich Merz gerichtet sein, der \u2013 zumindest aus Habecks Sicht \u2013 &#8220;Rechtspopulismus&#8221; betreibt.<\/p>\n<p>Kritik \u00fcbt Habeck dahingehend, dass, &#8220;aus Sorge, dass es mit Zumutungen einhergeht&#8221;, viele notwendige \u00c4nderungen nicht mehr angegangen wurden. Die \u00c4ra Merkel habe dem Land &#8220;Stabilit\u00e4t, der Union die Mitte und den Deutschen das Gef\u00fchl gegeben, dass wir Weltmeister bleiben k\u00f6nnen, indem wir alles lassen, wie es ist&#8221;. Die Stabilit\u00e4t sei aber lediglich &#8220;eine an der Oberfl\u00e4che gewesen, inzwischen ist die geglaubte Normalit\u00e4t zerbrochen&#8221;.<\/p>\n<p><em>&#8220;Der Krieg ist zur\u00fcck \u2013 in Europa und in unserer Nachbarschaft in Israel, die Globalisierung steht unter Druck, was eine Exportnation beunruhigen muss, die globale Erderw\u00e4rmung nimmt immer mehr zu, unsere Freiheit ist von innen wie von au\u00dfen angegriffen. Das bedeutet das Ende der \u00c4ra Merkel. Die Wirklichkeit ist nicht stabil und Normalit\u00e4t nicht der gl\u00fcckliche Aggregatzustand, der nur manchmal durch disruptive Krisen gest\u00f6rt wird. Der Boden, er schwankt.&#8221;<\/em><\/p>\n<p>Ob der schwankende Boden sich auf die politische Situation bezieht oder ob der Verfasser von Merkels W\u00fcrdigung zu viel K\u00fcstennebel intus hatte, bleibt unterdessen unklar. Nat\u00fcrlich d\u00fcrfen im Artikel auch die ber\u00fcchtigten Habeckschen Stilbl\u00fcten nicht fehlen:<\/p>\n<p><em>&#8220;Zwischen Schweigen und Br\u00fcllen liegt das Sprechen. Es muss jetzt ein anderes sein als das von Angela Merkel. Eines, das nicht nur Analyse liefert, sondern auch L\u00f6sungen bietet. Das vom Handeln unterlegt ist. Eines, das nicht nur sezierend n\u00fcchtern ist, sondern einnimmt.&#8221;<\/em><\/p>\n<p>Erstaunlicherweise stellte Habeck aber auch fest, dass Merkels Politik des Stillstands auch ein Erkl\u00e4rungsansatz f\u00fcr die Unbeliebtheit der Ampel-Koalition ist \u2013 und ausnahmsweise nicht, wie Habeck in der Vergangenheit oft angef\u00fchrt hatte, Putin oder die AfD (oder wom\u00f6glich sogar die desastr\u00f6se Politik der Ampel selbst):<\/p>\n<blockquote>\n<p><em>&#8220;Unn\u00f6tig zu sagen, dass hier auch ein Erkl\u00e4rungsansatz liegt, warum die Ampel so unbeliebt ist. Nat\u00fcrlich gibt es auch Management- oder Performanceprobleme. Aber vielleicht ger\u00e4t Zustimmung nach einer langen Phase ohne Anstrengung auch strukturell unter Druck, wenn eine Regierung eine Reformregierung ist.&#8221;<\/em><\/p>\n<\/blockquote>\n<p>Merkels Reaktion auf Habecks W\u00fcrdigung im <em>Rolling Stone<\/em> ist bisher nicht bekannt.<\/p>\n<p><strong>Mehr zum Thema \u2012<\/strong>\u00a0<a rel=\"nofollow noopener\" target=\"_blank\" href=\"https:\/\/freedert.online\/inland\/196722-baerbock-diktatoren-haben-angst-vor\/\">Baerbock: Diktatoren haben Angst vor Frauen <\/a><\/p>\n<div class=\"EmbedBlock-root EmbedBlock-externalVideo EmbedBlock-odysee\">\n<div class=\"VkEmbed\"><iframe class=\"lazyload\" data-src=\"https:\/\/odysee.com\/%24\/embed\/%40RTDE%3Ae%2FBaerbock---Putin-hat-seinen-Hund-auf-Merkel-losgelassen--%E2%80%93-was-wirklich-geschah%3A4\" frameborder=\"0\" width=\"853\" height=\"480\" allowfullscreen><\/iframe><\/div>\n<\/div>\n<\/div>\n<p><br \/>\n<br \/><a href=\"https:\/\/de.rt.com\/inland\/210599-feiner-spott-und-normalitaet-in\/\">Source link <\/a><\/p>\n","protected":false},"excerpt":{"rendered":"<p>Am 17. Juli wird die ehemalige Bundeskanzlerin Angela Merkel 70 Jahre alt. Im Vorfeld erhielt sie bereits eine ungew\u00f6hnliche W\u00fcrdigung \u2013 in Form eines Gastartikels von Vizekanzler Robert Habeck im Rolling Stone. Dieser lobte Merkel, die f\u00fcr ihn die &#8220;Normalit\u00e4t in Perfektion&#8221; sei. Ex-Bundeskanzlerin Angela Merkel (CDU) hat die Bundesrepublik 16 Jahre lang in bezeichnender [&hellip;]<\/p>\n","protected":false},"author":3,"featured_media":63653,"comment_status":"open","ping_status":"open","sticky":false,"template":"","format":"standard","meta":{"_yoast_indexnow_last_ping":["1719518024"],"wp_automatic_camp":["217"],"0ca7bf63ef0beeb441b0648fe4e62e34":["&quot;Feiner Spott&quot; und &quot;Normalit\u00e4t in Perfektion&quot; \u2013 Habeck lobt Merkel zum 70. Geburtstag"],"original_link":["https:\/\/de.rt.com\/inland\/210599-feiner-spott-und-normalitaet-in\/"],"_thumbnail_id":["63653"],"jnews_social_counter_last_update":["1777347073"],"_wptgpro_p2tg_sent2tg":["a:1:{i:23737;s:19:\"2024-06-27 21:54:48\";}"]},"categories":[19,23],"tags":[31647,911,6305,55,56107,56104,56106,56105,140,565],"yoast_head":"<!-- This site is optimized with the Yoast SEO Premium plugin v22.7 (Yoast SEO v22.7) - https:\/\/yoast.com\/wordpress\/plugins\/seo\/ -->\n<title>&quot;Feiner Spott&quot; und &quot;Normalit\u00e4t in Perfektion&quot; \u2013 Habeck lobt Merkel zum 70. Geburtstag - just-now.NEWS Deutschland<\/title>\n<meta name=\"robots\" content=\"index, follow, max-snippet:-1, max-image-preview:large, max-video-preview:-1\" \/>\n<link rel=\"canonical\" href=\"https:\/\/now-news.de\/de\/deutschland\/feiner-spott-und-normalitaet-in-perfektion-habeck-lobt-merkel-zum-70-geburtstag\/\" \/>\n<meta property=\"og:locale\" content=\"de_DE\" \/>\n<meta property=\"og:type\" content=\"article\" \/>\n<meta property=\"og:title\" content=\"&quot;Feiner Spott&quot; und &quot;Normalit\u00e4t in Perfektion&quot; \u2013 Habeck lobt Merkel zum 70. Geburtstag\" \/>\n<meta property=\"og:description\" content=\"Am 17. Juli wird die ehemalige Bundeskanzlerin Angela Merkel 70 Jahre alt. Im Vorfeld erhielt sie bereits eine ungew\u00f6hnliche W\u00fcrdigung \u2013 in Form eines Gastartikels von Vizekanzler Robert Habeck im Rolling Stone. Dieser lobte Merkel, die f\u00fcr ihn die &#8220;Normalit\u00e4t in Perfektion&#8221; sei. Ex-Bundeskanzlerin Angela Merkel (CDU) hat die Bundesrepublik 16 Jahre lang in bezeichnender [&hellip;]\" \/>\n<meta property=\"og:url\" content=\"https:\/\/now-news.de\/de\/deutschland\/feiner-spott-und-normalitaet-in-perfektion-habeck-lobt-merkel-zum-70-geburtstag\/\" \/>\n<meta property=\"og:site_name\" content=\"just-now.NEWS Deutschland\" \/>\n<meta property=\"article:publisher\" content=\"https:\/\/www.facebook.com\/wirmachenauf\" \/>\n<meta property=\"article:published_time\" content=\"2024-06-27T19:51:15+00:00\" \/>\n<meta property=\"og:image\" content=\"https:\/\/now-news.de\/de\/wp-content\/uploads\/sites\/3\/2024\/06\/667dc200b480cc734756f5fd.jpg\" \/>\n<meta name=\"author\" content=\"rtnews\" \/>\n<meta name=\"twitter:card\" content=\"summary_large_image\" \/>\n<meta name=\"twitter:creator\" content=\"@WirMachenAuf_de\" \/>\n<meta name=\"twitter:site\" content=\"@WirMachenAuf_de\" \/>\n<meta name=\"twitter:label1\" content=\"Verfasst von\" \/>\n\t<meta name=\"twitter:data1\" content=\"rtnews\" \/>\n\t<meta name=\"twitter:label2\" content=\"Gesch\u00e4tzte Lesezeit\" \/>\n\t<meta name=\"twitter:data2\" content=\"4\u00a0Minuten\" \/>\n<script type=\"application\/ld+json\" class=\"yoast-schema-graph\">{\"@context\":\"https:\/\/schema.org\",\"@graph\":[{\"@type\":\"Article\",\"@id\":\"https:\/\/now-news.de\/de\/deutschland\/feiner-spott-und-normalitaet-in-perfektion-habeck-lobt-merkel-zum-70-geburtstag\/#article\",\"isPartOf\":{\"@id\":\"https:\/\/now-news.de\/de\/deutschland\/feiner-spott-und-normalitaet-in-perfektion-habeck-lobt-merkel-zum-70-geburtstag\/\"},\"author\":{\"name\":\"rtnews\",\"@id\":\"https:\/\/now-news.de\/de\/#\/schema\/person\/fb534a4e865501d8b3285208df34a9b5\"},\"headline\":\"&quot;Feiner Spott&quot; und &quot;Normalit\u00e4t in Perfektion&quot; \u2013 Habeck lobt Merkel zum 70. Geburtstag\",\"datePublished\":\"2024-06-27T19:51:15+00:00\",\"dateModified\":\"2024-06-27T19:51:15+00:00\",\"mainEntityOfPage\":{\"@id\":\"https:\/\/now-news.de\/de\/deutschland\/feiner-spott-und-normalitaet-in-perfektion-habeck-lobt-merkel-zum-70-geburtstag\/\"},\"wordCount\":728,\"commentCount\":0,\"publisher\":{\"@id\":\"https:\/\/now-news.de\/de\/#organization\"},\"image\":{\"@id\":\"https:\/\/now-news.de\/de\/deutschland\/feiner-spott-und-normalitaet-in-perfektion-habeck-lobt-merkel-zum-70-geburtstag\/#primaryimage\"},\"thumbnailUrl\":\"https:\/\/now-news.de\/de\/wp-content\/uploads\/sites\/3\/2024\/06\/quotFeiner-Spottquot-und-quotNormalitaet-in-Perfektionquot-\u2013-Habeck-lobt-Merkel.jpg\",\"keywords\":[\"Geburtstag\",\"Habeck\",\"lobt\",\"Merkel\",\"Perfektionquot\",\"quotFeiner\",\"quotNormalit\u00e4t\",\"Spottquot\",\"und\",\"zum\"],\"articleSection\":[\"Deutschland\",\"Russland\"],\"inLanguage\":\"de\",\"potentialAction\":[{\"@type\":\"CommentAction\",\"name\":\"Comment\",\"target\":[\"https:\/\/now-news.de\/de\/deutschland\/feiner-spott-und-normalitaet-in-perfektion-habeck-lobt-merkel-zum-70-geburtstag\/#respond\"]}]},{\"@type\":\"WebPage\",\"@id\":\"https:\/\/now-news.de\/de\/deutschland\/feiner-spott-und-normalitaet-in-perfektion-habeck-lobt-merkel-zum-70-geburtstag\/\",\"url\":\"https:\/\/now-news.de\/de\/deutschland\/feiner-spott-und-normalitaet-in-perfektion-habeck-lobt-merkel-zum-70-geburtstag\/\",\"name\":\"&quot;Feiner Spott&quot; und &quot;Normalit\u00e4t in Perfektion&quot; \u2013 Habeck lobt Merkel zum 70. Geburtstag - just-now.NEWS Deutschland\",\"isPartOf\":{\"@id\":\"https:\/\/now-news.de\/de\/#website\"},\"primaryImageOfPage\":{\"@id\":\"https:\/\/now-news.de\/de\/deutschland\/feiner-spott-und-normalitaet-in-perfektion-habeck-lobt-merkel-zum-70-geburtstag\/#primaryimage\"},\"image\":{\"@id\":\"https:\/\/now-news.de\/de\/deutschland\/feiner-spott-und-normalitaet-in-perfektion-habeck-lobt-merkel-zum-70-geburtstag\/#primaryimage\"},\"thumbnailUrl\":\"https:\/\/now-news.de\/de\/wp-content\/uploads\/sites\/3\/2024\/06\/quotFeiner-Spottquot-und-quotNormalitaet-in-Perfektionquot-\u2013-Habeck-lobt-Merkel.jpg\",\"datePublished\":\"2024-06-27T19:51:15+00:00\",\"dateModified\":\"2024-06-27T19:51:15+00:00\",\"breadcrumb\":{\"@id\":\"https:\/\/now-news.de\/de\/deutschland\/feiner-spott-und-normalitaet-in-perfektion-habeck-lobt-merkel-zum-70-geburtstag\/#breadcrumb\"},\"inLanguage\":\"de\",\"potentialAction\":[{\"@type\":\"ReadAction\",\"target\":[\"https:\/\/now-news.de\/de\/deutschland\/feiner-spott-und-normalitaet-in-perfektion-habeck-lobt-merkel-zum-70-geburtstag\/\"]}]},{\"@type\":\"ImageObject\",\"inLanguage\":\"de\",\"@id\":\"https:\/\/now-news.de\/de\/deutschland\/feiner-spott-und-normalitaet-in-perfektion-habeck-lobt-merkel-zum-70-geburtstag\/#primaryimage\",\"url\":\"https:\/\/now-news.de\/de\/wp-content\/uploads\/sites\/3\/2024\/06\/quotFeiner-Spottquot-und-quotNormalitaet-in-Perfektionquot-\u2013-Habeck-lobt-Merkel.jpg\",\"contentUrl\":\"https:\/\/now-news.de\/de\/wp-content\/uploads\/sites\/3\/2024\/06\/quotFeiner-Spottquot-und-quotNormalitaet-in-Perfektionquot-\u2013-Habeck-lobt-Merkel.jpg\",\"width\":460,\"height\":259,\"caption\":\"&quot;Feiner Spott&quot; und &quot;Normalit\u00e4t in Perfektion&quot; \u2013 Habeck lobt Merkel zum 70. Geburtstag\"},{\"@type\":\"BreadcrumbList\",\"@id\":\"https:\/\/now-news.de\/de\/deutschland\/feiner-spott-und-normalitaet-in-perfektion-habeck-lobt-merkel-zum-70-geburtstag\/#breadcrumb\",\"itemListElement\":[{\"@type\":\"ListItem\",\"position\":1,\"name\":\"Home\",\"item\":\"https:\/\/now-news.de\/de\/\"},{\"@type\":\"ListItem\",\"position\":2,\"name\":\"&quot;Feiner Spott&quot; und &quot;Normalit\u00e4t in Perfektion&quot; \u2013 Habeck lobt Merkel zum 70. Geburtstag\"}]},{\"@type\":\"WebSite\",\"@id\":\"https:\/\/now-news.de\/de\/#website\",\"url\":\"https:\/\/now-news.de\/de\/\",\"name\":\"just-now.NEWS Deutschland\",\"description\":\"Das Portal f\u00fcr unzensierte Nachrichten aus der Welt\",\"publisher\":{\"@id\":\"https:\/\/now-news.de\/de\/#organization\"},\"potentialAction\":[{\"@type\":\"SearchAction\",\"target\":{\"@type\":\"EntryPoint\",\"urlTemplate\":\"https:\/\/now-news.de\/de\/?s={search_term_string}\"},\"query-input\":\"required name=search_term_string\"}],\"inLanguage\":\"de\"},{\"@type\":\"Organization\",\"@id\":\"https:\/\/now-news.de\/de\/#organization\",\"name\":\"Just Now News\",\"url\":\"https:\/\/now-news.de\/de\/\",\"logo\":{\"@type\":\"ImageObject\",\"inLanguage\":\"de\",\"@id\":\"https:\/\/now-news.de\/de\/#\/schema\/logo\/image\/\",\"url\":\"http:\/\/just-now.news\/de\/wp-content\/uploads\/sites\/3\/2022\/04\/logo500x500.jpg\",\"contentUrl\":\"http:\/\/just-now.news\/de\/wp-content\/uploads\/sites\/3\/2022\/04\/logo500x500.jpg\",\"width\":500,\"height\":500,\"caption\":\"Just Now News\"},\"image\":{\"@id\":\"https:\/\/now-news.de\/de\/#\/schema\/logo\/image\/\"},\"sameAs\":[\"https:\/\/www.facebook.com\/wirmachenauf\",\"https:\/\/x.com\/WirMachenAuf_de\"]},{\"@type\":\"Person\",\"@id\":\"https:\/\/now-news.de\/de\/#\/schema\/person\/fb534a4e865501d8b3285208df34a9b5\",\"name\":\"rtnews\",\"image\":{\"@type\":\"ImageObject\",\"inLanguage\":\"de\",\"@id\":\"https:\/\/now-news.de\/de\/#\/schema\/person\/image\/\",\"url\":\"https:\/\/secure.gravatar.com\/avatar\/82aafea7d8127119dd649515f56e2117?s=96&d=mm&r=g\",\"contentUrl\":\"https:\/\/secure.gravatar.com\/avatar\/82aafea7d8127119dd649515f56e2117?s=96&d=mm&r=g\",\"caption\":\"rtnews\"},\"url\":\"https:\/\/now-news.de\/de\/author\/rnews\/\"}]}<\/script>\n<!-- \/ Yoast SEO Premium plugin. -->","yoast_head_json":{"title":"&quot;Feiner Spott&quot; und &quot;Normalit\u00e4t in Perfektion&quot; \u2013 Habeck lobt Merkel zum 70. Geburtstag - just-now.NEWS Deutschland","robots":{"index":"index","follow":"follow","max-snippet":"max-snippet:-1","max-image-preview":"max-image-preview:large","max-video-preview":"max-video-preview:-1"},"canonical":"https:\/\/now-news.de\/de\/deutschland\/feiner-spott-und-normalitaet-in-perfektion-habeck-lobt-merkel-zum-70-geburtstag\/","og_locale":"de_DE","og_type":"article","og_title":"&quot;Feiner Spott&quot; und &quot;Normalit\u00e4t in Perfektion&quot; \u2013 Habeck lobt Merkel zum 70. Geburtstag","og_description":"Am 17. Juli wird die ehemalige Bundeskanzlerin Angela Merkel 70 Jahre alt. Im Vorfeld erhielt sie bereits eine ungew\u00f6hnliche W\u00fcrdigung \u2013 in Form eines Gastartikels von Vizekanzler Robert Habeck im Rolling Stone. Dieser lobte Merkel, die f\u00fcr ihn die &#8220;Normalit\u00e4t in Perfektion&#8221; sei. Ex-Bundeskanzlerin Angela Merkel (CDU) hat die Bundesrepublik 16 Jahre lang in bezeichnender [&hellip;]","og_url":"https:\/\/now-news.de\/de\/deutschland\/feiner-spott-und-normalitaet-in-perfektion-habeck-lobt-merkel-zum-70-geburtstag\/","og_site_name":"just-now.NEWS Deutschland","article_publisher":"https:\/\/www.facebook.com\/wirmachenauf","article_published_time":"2024-06-27T19:51:15+00:00","og_image":[{"url":"https:\/\/now-news.de\/de\/wp-content\/uploads\/sites\/3\/2024\/06\/667dc200b480cc734756f5fd.jpg"}],"author":"rtnews","twitter_card":"summary_large_image","twitter_creator":"@WirMachenAuf_de","twitter_site":"@WirMachenAuf_de","twitter_misc":{"Verfasst von":"rtnews","Gesch\u00e4tzte Lesezeit":"4\u00a0Minuten"},"schema":{"@context":"https:\/\/schema.org","@graph":[{"@type":"Article","@id":"https:\/\/now-news.de\/de\/deutschland\/feiner-spott-und-normalitaet-in-perfektion-habeck-lobt-merkel-zum-70-geburtstag\/#article","isPartOf":{"@id":"https:\/\/now-news.de\/de\/deutschland\/feiner-spott-und-normalitaet-in-perfektion-habeck-lobt-merkel-zum-70-geburtstag\/"},"author":{"name":"rtnews","@id":"https:\/\/now-news.de\/de\/#\/schema\/person\/fb534a4e865501d8b3285208df34a9b5"},"headline":"&quot;Feiner Spott&quot; und &quot;Normalit\u00e4t in Perfektion&quot; \u2013 Habeck lobt Merkel zum 70. Geburtstag","datePublished":"2024-06-27T19:51:15+00:00","dateModified":"2024-06-27T19:51:15+00:00","mainEntityOfPage":{"@id":"https:\/\/now-news.de\/de\/deutschland\/feiner-spott-und-normalitaet-in-perfektion-habeck-lobt-merkel-zum-70-geburtstag\/"},"wordCount":728,"commentCount":0,"publisher":{"@id":"https:\/\/now-news.de\/de\/#organization"},"image":{"@id":"https:\/\/now-news.de\/de\/deutschland\/feiner-spott-und-normalitaet-in-perfektion-habeck-lobt-merkel-zum-70-geburtstag\/#primaryimage"},"thumbnailUrl":"https:\/\/now-news.de\/de\/wp-content\/uploads\/sites\/3\/2024\/06\/quotFeiner-Spottquot-und-quotNormalitaet-in-Perfektionquot-\u2013-Habeck-lobt-Merkel.jpg","keywords":["Geburtstag","Habeck","lobt","Merkel","Perfektionquot","quotFeiner","quotNormalit\u00e4t","Spottquot","und","zum"],"articleSection":["Deutschland","Russland"],"inLanguage":"de","potentialAction":[{"@type":"CommentAction","name":"Comment","target":["https:\/\/now-news.de\/de\/deutschland\/feiner-spott-und-normalitaet-in-perfektion-habeck-lobt-merkel-zum-70-geburtstag\/#respond"]}]},{"@type":"WebPage","@id":"https:\/\/now-news.de\/de\/deutschland\/feiner-spott-und-normalitaet-in-perfektion-habeck-lobt-merkel-zum-70-geburtstag\/","url":"https:\/\/now-news.de\/de\/deutschland\/feiner-spott-und-normalitaet-in-perfektion-habeck-lobt-merkel-zum-70-geburtstag\/","name":"&quot;Feiner Spott&quot; und &quot;Normalit\u00e4t in Perfektion&quot; \u2013 Habeck lobt Merkel zum 70. Geburtstag - just-now.NEWS Deutschland","isPartOf":{"@id":"https:\/\/now-news.de\/de\/#website"},"primaryImageOfPage":{"@id":"https:\/\/now-news.de\/de\/deutschland\/feiner-spott-und-normalitaet-in-perfektion-habeck-lobt-merkel-zum-70-geburtstag\/#primaryimage"},"image":{"@id":"https:\/\/now-news.de\/de\/deutschland\/feiner-spott-und-normalitaet-in-perfektion-habeck-lobt-merkel-zum-70-geburtstag\/#primaryimage"},"thumbnailUrl":"https:\/\/now-news.de\/de\/wp-content\/uploads\/sites\/3\/2024\/06\/quotFeiner-Spottquot-und-quotNormalitaet-in-Perfektionquot-\u2013-Habeck-lobt-Merkel.jpg","datePublished":"2024-06-27T19:51:15+00:00","dateModified":"2024-06-27T19:51:15+00:00","breadcrumb":{"@id":"https:\/\/now-news.de\/de\/deutschland\/feiner-spott-und-normalitaet-in-perfektion-habeck-lobt-merkel-zum-70-geburtstag\/#breadcrumb"},"inLanguage":"de","potentialAction":[{"@type":"ReadAction","target":["https:\/\/now-news.de\/de\/deutschland\/feiner-spott-und-normalitaet-in-perfektion-habeck-lobt-merkel-zum-70-geburtstag\/"]}]},{"@type":"ImageObject","inLanguage":"de","@id":"https:\/\/now-news.de\/de\/deutschland\/feiner-spott-und-normalitaet-in-perfektion-habeck-lobt-merkel-zum-70-geburtstag\/#primaryimage","url":"https:\/\/now-news.de\/de\/wp-content\/uploads\/sites\/3\/2024\/06\/quotFeiner-Spottquot-und-quotNormalitaet-in-Perfektionquot-\u2013-Habeck-lobt-Merkel.jpg","contentUrl":"https:\/\/now-news.de\/de\/wp-content\/uploads\/sites\/3\/2024\/06\/quotFeiner-Spottquot-und-quotNormalitaet-in-Perfektionquot-\u2013-Habeck-lobt-Merkel.jpg","width":460,"height":259,"caption":"&quot;Feiner Spott&quot; und &quot;Normalit\u00e4t in Perfektion&quot; \u2013 Habeck lobt Merkel zum 70. Geburtstag"},{"@type":"BreadcrumbList","@id":"https:\/\/now-news.de\/de\/deutschland\/feiner-spott-und-normalitaet-in-perfektion-habeck-lobt-merkel-zum-70-geburtstag\/#breadcrumb","itemListElement":[{"@type":"ListItem","position":1,"name":"Home","item":"https:\/\/now-news.de\/de\/"},{"@type":"ListItem","position":2,"name":"&quot;Feiner Spott&quot; und &quot;Normalit\u00e4t in Perfektion&quot; \u2013 Habeck lobt Merkel zum 70. Geburtstag"}]},{"@type":"WebSite","@id":"https:\/\/now-news.de\/de\/#website","url":"https:\/\/now-news.de\/de\/","name":"just-now.NEWS Deutschland","description":"Das Portal f\u00fcr unzensierte Nachrichten aus der Welt","publisher":{"@id":"https:\/\/now-news.de\/de\/#organization"},"potentialAction":[{"@type":"SearchAction","target":{"@type":"EntryPoint","urlTemplate":"https:\/\/now-news.de\/de\/?s={search_term_string}"},"query-input":"required name=search_term_string"}],"inLanguage":"de"},{"@type":"Organization","@id":"https:\/\/now-news.de\/de\/#organization","name":"Just Now News","url":"https:\/\/now-news.de\/de\/","logo":{"@type":"ImageObject","inLanguage":"de","@id":"https:\/\/now-news.de\/de\/#\/schema\/logo\/image\/","url":"http:\/\/just-now.news\/de\/wp-content\/uploads\/sites\/3\/2022\/04\/logo500x500.jpg","contentUrl":"http:\/\/just-now.news\/de\/wp-content\/uploads\/sites\/3\/2022\/04\/logo500x500.jpg","width":500,"height":500,"caption":"Just Now News"},"image":{"@id":"https:\/\/now-news.de\/de\/#\/schema\/logo\/image\/"},"sameAs":["https:\/\/www.facebook.com\/wirmachenauf","https:\/\/x.com\/WirMachenAuf_de"]},{"@type":"Person","@id":"https:\/\/now-news.de\/de\/#\/schema\/person\/fb534a4e865501d8b3285208df34a9b5","name":"rtnews","image":{"@type":"ImageObject","inLanguage":"de","@id":"https:\/\/now-news.de\/de\/#\/schema\/person\/image\/","url":"https:\/\/secure.gravatar.com\/avatar\/82aafea7d8127119dd649515f56e2117?s=96&d=mm&r=g","contentUrl":"https:\/\/secure.gravatar.com\/avatar\/82aafea7d8127119dd649515f56e2117?s=96&d=mm&r=g","caption":"rtnews"},"url":"https:\/\/now-news.de\/de\/author\/rnews\/"}]}},"_links":{"self":[{"href":"https:\/\/now-news.de\/de\/wp-json\/wp\/v2\/posts\/63652"}],"collection":[{"href":"https:\/\/now-news.de\/de\/wp-json\/wp\/v2\/posts"}],"about":[{"href":"https:\/\/now-news.de\/de\/wp-json\/wp\/v2\/types\/post"}],"author":[{"embeddable":true,"href":"https:\/\/now-news.de\/de\/wp-json\/wp\/v2\/users\/3"}],"replies":[{"embeddable":true,"href":"https:\/\/now-news.de\/de\/wp-json\/wp\/v2\/comments?post=63652"}],"version-history":[{"count":0,"href":"https:\/\/now-news.de\/de\/wp-json\/wp\/v2\/posts\/63652\/revisions"}],"wp:featuredmedia":[{"embeddable":true,"href":"https:\/\/now-news.de\/de\/wp-json\/wp\/v2\/media\/63653"}],"wp:attachment":[{"href":"https:\/\/now-news.de\/de\/wp-json\/wp\/v2\/media?parent=63652"}],"wp:term":[{"taxonomy":"category","embeddable":true,"href":"https:\/\/now-news.de\/de\/wp-json\/wp\/v2\/categories?post=63652"},{"taxonomy":"post_tag","embeddable":true,"href":"https:\/\/now-news.de\/de\/wp-json\/wp\/v2\/tags?post=63652"}],"curies":[{"name":"wp","href":"https:\/\/api.w.org\/{rel}","templated":true}]}}