{"id":63634,"date":"2024-06-27T17:23:47","date_gmt":"2024-06-27T15:23:47","guid":{"rendered":"https:\/\/now-news.de\/de\/deutschland\/afd-reisen-nach-kaliningrad-und-ein-moeglicher-kotau-am-wochenende\/"},"modified":"2024-06-27T17:23:47","modified_gmt":"2024-06-27T15:23:47","slug":"afd-reisen-nach-kaliningrad-und-ein-moeglicher-kotau-am-wochenende","status":"publish","type":"post","link":"https:\/\/now-news.de\/de\/deutschland\/afd-reisen-nach-kaliningrad-und-ein-moeglicher-kotau-am-wochenende\/","title":{"rendered":"AfD: Reisen nach Kaliningrad und ein m\u00f6glicher Kotau am Wochenende"},"content":{"rendered":"<p><img decoding=\"async\" src=\"https:\/\/now-news.de\/de\/wp-content\/uploads\/sites\/3\/2024\/06\/667d8719b480cc71894f0438.png\" \/><\/p>\n<div class=\"Text-root Text-type_1 \">\n                Ein Skandal soll es sein, wenn jemand in Kaliningrad auftritt, ohne blankbusig &#8220;gegen Putin&#8221; zu protestieren. Inzwischen werden derartige Besuche aus den Reihen der AfD aber innerhalb der eigenen Partei angegriffen. Der kommende Parteitag k\u00f6nnte weitreichende Folgen haben.\n            <\/div>\n<p><\/p>\n<div class=\"Text-root Text-type_5 ArticleView-text ViewText-root \">\n<p><em>Von Dagmar Henn<\/em><\/p>\n<p>Sie haben nur ein paar Fahnen geschwenkt und Interviews gegeben \u2013 eine ganze Reihe von AfD-Politikern und -Funktion\u00e4ren wird nun scharf angegriffen, weil sie vor einigen Tagen in Kaliningrad \u00f6ffentlich aufgetreten sind. Nicht, dass sie dabei etwas wirklich Weltbewegendes getan h\u00e4tten; sie erkl\u00e4rten sich weder zur Exilregierung noch riefen sie zum gewaltsamen Umsturz auf.<\/p>\n<p>Aber schon Aussagen wie &#8220;Wir wollen nicht mit der Beziehung zu Russland brechen&#8221; sind zu viel, ganz zu schweigen von einer anderen Aussage, die das zum Werbekonzern Str\u00f6er geh\u00f6rende Portal\u00a0 <em>T-online<\/em> mit besonderer Emp\u00f6rung <a rel=\"nofollow noopener\" target=\"_blank\" href=\"https:\/\/www.t-online.de\/nachrichten\/deutschland\/innenpolitik\/id_100434540\/afd-politiker-schwenken-flaggen-fuer-russland-in-kaliningrad.html\">zitiert<\/a>:<\/p>\n<blockquote>\n<p><em>&#8220;Im Moment gibt es keine angemessene Regierung, die im Interesse des deutschen Volkes, im Interesse Deutschlands handelt, weil diese Regierung, wie Sie wissen, der Vasall Amerikas ist.&#8221;<\/em><\/p>\n<\/blockquote>\n<p>Es gibt winzige Indizien in der j\u00fcngsten Geschichte, die diese Behauptung zu st\u00fctzen scheinen, insbesondere die Sprengung von Nord Stream. Was diese Behauptung allerdings noch deutlich st\u00e4rker st\u00fctzt, ist gerade die Reaktion auf diese Reise nach Kaliningrad und andere Vorf\u00e4lle in j\u00fcngerer Zeit wie die Vorhaltungen gegen den bayerischen AfD-Politiker Petr Bystron, er habe sich weit unter Tarif (20.000\u00a0Euro) von einem ukrainischen Oppositionellen kaufen lassen. &#8220;Stimmungsmache gegen den Westen und Werbung f\u00fcr Putin&#8221; lautet der Vorwurf, den <em>T-online<\/em> erhob.<\/p>\n<p>Die oberste deutsche Fachfrau f\u00fcr R\u00fcstungswerbung, Marie-Agnes Strack-Zimmermann, musste sich selbstverst\u00e4ndlich inzwischen dazu zu Wort melden. &#8220;Ich empfehle dieser Reisegruppe dringend eine neue Destination: Zugfahrt in die Ostukraine one way&#8221;. Nun, die Frau mit der Dracula-Frisur hat vergessen hinzuzuf\u00fcgen, aus welcher Richtung diese Fahrt erfolgen solle. Eine Anfahrt aus \u00f6stlicher Richtung, nach Donezk beispielsweise, w\u00fcrde ganz andere Erkenntnisse vermitteln, als sich Strack-Zimmermann erhofft. Aber vermutlich ist dieser Satz, so nahe er an der bei ukrainischen Nazis beliebten Parole &#8220;Koffer-Bahnhof-Moskau&#8221; liegt, eher in dem Sinne gemeint, dass sie ihre politischen Gegner den Schergen von Asow anvertrauen wollte.<\/p>\n<p>Wenn die Rheinmetall-Vertreterin aufschl\u00e4gt, l\u00f6st das nat\u00fcrlich Konkurrenzreflexe aus, und sowohl der SPD-Politiker Michael Roth als auch der Gr\u00fcne Konstantin von Notz f\u00fchlten sich berufen, ihre transatlantische Treue wieder einmal lauthals zu beschw\u00f6ren. Roth p\u00f6belt gleich vom &#8220;verl\u00e4ngerten Arm Moskaus&#8221;.<\/p>\n<blockquote>\n<p><em>&#8220;Die AfD geriert sich gerne als patriotische Partei, vertritt jedoch in Wahrheit die Interessen und Ideologien des Kremls in Deutschland. Sie stellt ein ernsthaftes Sicherheitsrisiko f\u00fcr Deutschland und Europa dar.&#8221;<\/em><\/p>\n<\/blockquote>\n<p>Nun, das gr\u00f6\u00dfte Sicherheitsrisiko waren bisher die Nord-Stream-Sprenger, aber Roth ist nun einmal seinen Herren treu, ebenso wie Notz, der gleich erwartet, die Institutionen der Staatsgewalt m\u00fcssten sich &#8220;angesichts krasser Bedrohungslagen insgesamt sehr viel robuster und resilienter aufstellen&#8221;.<\/p>\n<p>Womit selbstverst\u00e4ndlich alle gemeint sind, die auch nur je in die N\u00e4he einer russischen Fahne kamen oder eine Dose Borschtsch in der Speisekammer haben. Gerade erst wurde durch die n\u00e4chste Gesetzesvorlage von Bundesinnenministerin Nancy Faeser belegt, dass immer noch neue Methoden und Felder der politischen Verfolgung er\u00f6ffnet werden k\u00f6nnen.<\/p>\n<p>&#8220;Immer wieder fallen AfD-Politiker durch Reisen in russisches Gebiet und Auftritte in russischen Medien auf&#8221;, moniert <em>T-online<\/em>. Eine Formulierung, die noch vor wenigen Jahren als Anzeichen eines Wahns gewertet worden w\u00e4re, denn das letzte Mal, als Reisen derartig bewertet wurden, war w\u00e4hrend des H\u00f6hepunktes der Kommunistenhatz in der Adenauer-Republik der 1950er. Damals gab es tats\u00e4chlich ein Strafverfahren gegen jemanden, der in Westberlin mit einer Ostberliner Mainelke auf einer Maikundgebung gesichtet wurde (wenn ich mich recht entsinne, war der Verteidiger dieses Angeklagten der sp\u00e4tere Bundespr\u00e4sident Gustav Heinemann). In derartigen Abgr\u00fcnden und darunter bewegt sich mittlerweile das, was von sich immer noch dreist behauptet, ein demokratischer Rechtsstaat zu sein.<\/p>\n<p>Der wirklich kritische Punkt an dieser Reise ins (noch dazu ehemals deutsche, von Michail Gorbatschow einst angebotene, von Helmut Kohl aber abgelehnte) Kaliningrad ist nicht die Reaktion der \u00fcblichen Verd\u00e4chtigen, bei denen allein das Wort Russland einen Pawlowschen Bei\u00dfreflex ausl\u00f6st. Es ist vielmehr die Reaktion innerhalb der AfD, die am Wochenende einen Parteitag abhalten wird.<\/p>\n<p>Es gibt, so <a rel=\"nofollow noopener\" target=\"_blank\" href=\"https:\/\/www.t-online.de\/nachrichten\/deutschland\/innenpolitik\/id_100434540\/afd-politiker-schwenken-flaggen-fuer-russland-in-kaliningrad.html\">berichtet<\/a>\u00a0<em>T-online<\/em>, einen Antrag, der unter anderem von den Landesvorsitzenden von Rheinland-Pfalz und Hessen unterst\u00fctzt wird, der eine \u00c4nderung der Satzung beabsichtigt. K\u00fcnftig soll sanktionierbar werden, &#8220;wenn ein Amts- oder Mandatstr\u00e4ger Reisen ins Ausland mit politischem Bezug unternimmt, sich mit ausl\u00e4ndischen Politikern \u00f6ffentlich trifft oder mit ihnen \u00f6ffentlich auftritt oder in ausl\u00e4ndischen Medien, insbesondere Rundfunksendungen, auftritt, ohne zuvor die Einwilligung des Bundesvorstandes einzuholen&#8221;.<\/p>\n<p>Letztlich ist das eine unzul\u00e4ssige Zentralisierung derartiger Entscheidungen auf Bundesebene, weil es vielleicht bei Amtstr\u00e4gern m\u00f6glich ist, bei Mandatstr\u00e4gern aber nicht, da deren Mandat eben von den W\u00e4hlern erteilt wurde und nicht von der Partei. Das Problem: In der Reisegruppe nach Kaliningrad befanden sich f\u00fcnf Landtagsabgeordnete. Unausgesprochen, aber h\u00f6chst bedeutsam bleibt dabei, dass diese Abwehr jeglicher Kontakte nach Russland (was sich unmittelbar in die Bereitschaft \u00fcbersetzen l\u00e4sst, sich der NATO und den USA zu unterwerfen) aus den westlichen Landesverb\u00e4nden kommt.<\/p>\n<p>Schon die Reaktion auf die albernen Vorw\u00fcrfe rund um <em>Voice of Europe<\/em>, Bystron und Maximilian Krah machte stutzig, weil da die Bundesspitze der Partei in einem Moment eingeknickt war, in dem ein Frontalangriff m\u00f6glich gewesen w\u00e4re. Dass ein l\u00f6chriges Narrativ auch noch gest\u00fctzt statt attackiert wurde, war verd\u00e4chtig, und der Ausschluss der beiden aus der EU-Fraktion der AfD unterstrich das noch einmal. Der Antrag zum Bundesparteitag deutet schon an, dass noch mehr folgen d\u00fcrfte.<\/p>\n<p>Es gibt dabei allerdings ein kleines Problem \u2013 die anstehenden Landtagswahlen, in denen selbst im &#8220;harmlosesten&#8221; Land Brandenburg der j\u00fcngsten Umfrage zufolge eine absolute Mehrheit von AfD und BSW das Ergebnis sein k\u00f6nnte. Nun mag es sein, dass die Teile der West-AfD, die immer Fleisch vom Fleische der Union waren, nichts lieber t\u00e4ten, als ihren Laden auf Koalitionsf\u00e4higkeit unter NATO-Bedingungen zu schleifen, aber trifft das auch f\u00fcr die \u00f6stlichen Landesverb\u00e4nde zu?<\/p>\n<p>Sollte der Parteitag einen allzu sichtbaren Kotau vollziehen, d\u00fcrfte das die Wahlergebnisse der AfD einbrechen lassen, aber die Werte der Ampel nicht erh\u00f6hen. Die Kalkulation der Unterwerfungswilligen steht allerdings auf wackligen F\u00fc\u00dfen, denn f\u00fcr die Koalitionspartner, die sie im Blick haben, sind sie nur so lange wichtig, solange es ihnen gelingt, das widerspenstige Potenzial im Osten einzufangen. Das ihnen entgleiten k\u00f6nnte, sobald sie sich zu deutlich gegen Russland und f\u00fcr die NATO-Kriegstreiberlinie positionieren.<\/p>\n<p>Wenn aber auf diesem Bundesparteitag der anscheinend gew\u00fcnschte Kurswechsel nicht festgezogen wird, dann k\u00f6nnten ihn die Verschiebungen im parteiinternen Machtgef\u00fcge nach den Landtagswahlen im Osten unm\u00f6glich machen. Schlie\u00dflich funktionieren die Gr\u00e4uelm\u00e4rchen \u00fcber die Russen dort aus einem ganz einfachen Grund nicht \u2013 weil zu viele Menschen in der Gesellschaft verteilt sind, die pers\u00f6nliche Erfahrungen haben. Auf den unterschiedlichsten Ebenen, \u00fcber die Strukturen des Warschauer Vertrags ebenso wie \u00fcber wissenschaftlichen oder kulturellen Austausch. Gegen dieses private Wissen, gegen die pers\u00f6nlich bekannten Zeugen kommt die beste Propaganda nicht an.<\/p>\n<p>Die Versuche, der Abweichung im Osten gewisserma\u00dfen die Spitze abzubrechen, k\u00f6nnten deshalb gewaltig ins Auge gehen, sollte am kommenden Wochenende zu viel Druck in diese Richtung ausge\u00fcbt werden. Denn sollte es zu einer Spaltung entlang einer Ost-West-Linie kommen, w\u00e4re wohl eher der westliche Teil die k\u00fcnftige Splitterpartei. Die Versuche, sich an abgr\u00fcndige Gestalten wie Strack-Zimmermann heranzuschmusen, gibt es wohl. Nur ihr Erfolg ist nicht garantiert.<\/p>\n<p><strong>Mehr zum Thema<\/strong> \u2013 <a rel=\"nofollow noopener\" target=\"_blank\" href=\"https:\/\/freedert.online\/inland\/208214-nach-hetz-kampagne-ehemalige-afd\/\">Nach Hetz-Kampagne: Ehemalige AfD-Politikerin flieht nach Russland <\/a><\/p>\n<\/div>\n<p><br \/>\n<br \/><a href=\"https:\/\/de.rt.com\/inland\/210531-afd-reisen-nach-kaliningrad-und-ein-moeglicher-kotau-am-wochenende\/\">Source link <\/a><\/p>\n","protected":false},"excerpt":{"rendered":"<p>Ein Skandal soll es sein, wenn jemand in Kaliningrad auftritt, ohne blankbusig &#8220;gegen Putin&#8221; zu protestieren. Inzwischen werden derartige Besuche aus den Reihen der AfD aber innerhalb der eigenen Partei angegriffen. Der kommende Parteitag k\u00f6nnte weitreichende Folgen haben. Von Dagmar Henn Sie haben nur ein paar Fahnen geschwenkt und Interviews gegeben \u2013 eine ganze Reihe [&hellip;]<\/p>\n","protected":false},"author":3,"featured_media":63635,"comment_status":"open","ping_status":"open","sticky":false,"template":"","format":"standard","meta":{"_yoast_indexnow_last_ping":["1719505551"],"wp_automatic_camp":["217"],"7a5b706cb1b16ca11be76b3e2e4cd98f":["AfD: Reisen nach Kaliningrad und ein m\u00f6glicher Kotau am Wochenende"],"original_link":["https:\/\/de.rt.com\/inland\/210531-afd-reisen-nach-kaliningrad-und-ein-moeglicher-kotau-am-wochenende\/"],"_thumbnail_id":["63635"],"_wptgpro_p2tg_sent2tg":["a:1:{i:23737;s:19:\"2024-06-27 18:26:51\";}"],"jnews_social_counter_last_update":["1777351460"]},"categories":[19,23],"tags":[3815,357,18900,56097,18608,979,19142,140,22645],"yoast_head":"<!-- This site is optimized with the Yoast SEO Premium plugin v22.7 (Yoast SEO v22.7) - https:\/\/yoast.com\/wordpress\/plugins\/seo\/ -->\n<title>AfD: Reisen nach Kaliningrad und ein m\u00f6glicher Kotau am Wochenende - just-now.NEWS Deutschland<\/title>\n<meta name=\"robots\" content=\"index, follow, max-snippet:-1, max-image-preview:large, max-video-preview:-1\" \/>\n<link rel=\"canonical\" href=\"https:\/\/now-news.de\/de\/deutschland\/afd-reisen-nach-kaliningrad-und-ein-moeglicher-kotau-am-wochenende\/\" \/>\n<meta property=\"og:locale\" content=\"de_DE\" \/>\n<meta property=\"og:type\" content=\"article\" \/>\n<meta property=\"og:title\" content=\"AfD: Reisen nach Kaliningrad und ein m\u00f6glicher Kotau am Wochenende\" \/>\n<meta property=\"og:description\" content=\"Ein Skandal soll es sein, wenn jemand in Kaliningrad auftritt, ohne blankbusig &#8220;gegen Putin&#8221; zu protestieren. Inzwischen werden derartige Besuche aus den Reihen der AfD aber innerhalb der eigenen Partei angegriffen. Der kommende Parteitag k\u00f6nnte weitreichende Folgen haben. Von Dagmar Henn Sie haben nur ein paar Fahnen geschwenkt und Interviews gegeben \u2013 eine ganze Reihe [&hellip;]\" \/>\n<meta property=\"og:url\" content=\"https:\/\/now-news.de\/de\/deutschland\/afd-reisen-nach-kaliningrad-und-ein-moeglicher-kotau-am-wochenende\/\" \/>\n<meta property=\"og:site_name\" content=\"just-now.NEWS Deutschland\" \/>\n<meta property=\"article:publisher\" content=\"https:\/\/www.facebook.com\/wirmachenauf\" \/>\n<meta property=\"article:published_time\" content=\"2024-06-27T15:23:47+00:00\" \/>\n<meta property=\"og:image\" content=\"https:\/\/now-news.de\/de\/wp-content\/uploads\/sites\/3\/2024\/06\/667d8719b480cc71894f0438.png\" \/>\n<meta name=\"author\" content=\"rtnews\" \/>\n<meta name=\"twitter:card\" content=\"summary_large_image\" \/>\n<meta name=\"twitter:creator\" content=\"@WirMachenAuf_de\" \/>\n<meta name=\"twitter:site\" content=\"@WirMachenAuf_de\" \/>\n<meta name=\"twitter:label1\" content=\"Verfasst von\" \/>\n\t<meta name=\"twitter:data1\" content=\"rtnews\" \/>\n\t<meta name=\"twitter:label2\" content=\"Gesch\u00e4tzte Lesezeit\" \/>\n\t<meta name=\"twitter:data2\" content=\"6\u00a0Minuten\" \/>\n<script type=\"application\/ld+json\" class=\"yoast-schema-graph\">{\"@context\":\"https:\/\/schema.org\",\"@graph\":[{\"@type\":\"Article\",\"@id\":\"https:\/\/now-news.de\/de\/deutschland\/afd-reisen-nach-kaliningrad-und-ein-moeglicher-kotau-am-wochenende\/#article\",\"isPartOf\":{\"@id\":\"https:\/\/now-news.de\/de\/deutschland\/afd-reisen-nach-kaliningrad-und-ein-moeglicher-kotau-am-wochenende\/\"},\"author\":{\"name\":\"rtnews\",\"@id\":\"https:\/\/now-news.de\/de\/#\/schema\/person\/fb534a4e865501d8b3285208df34a9b5\"},\"headline\":\"AfD: Reisen nach Kaliningrad und ein m\u00f6glicher Kotau am Wochenende\",\"datePublished\":\"2024-06-27T15:23:47+00:00\",\"dateModified\":\"2024-06-27T15:23:47+00:00\",\"mainEntityOfPage\":{\"@id\":\"https:\/\/now-news.de\/de\/deutschland\/afd-reisen-nach-kaliningrad-und-ein-moeglicher-kotau-am-wochenende\/\"},\"wordCount\":1281,\"commentCount\":0,\"publisher\":{\"@id\":\"https:\/\/now-news.de\/de\/#organization\"},\"image\":{\"@id\":\"https:\/\/now-news.de\/de\/deutschland\/afd-reisen-nach-kaliningrad-und-ein-moeglicher-kotau-am-wochenende\/#primaryimage\"},\"thumbnailUrl\":\"https:\/\/now-news.de\/de\/wp-content\/uploads\/sites\/3\/2024\/06\/AfD-Reisen-nach-Kaliningrad-und-ein-moeglicher-Kotau-am-Wochenende.png\",\"keywords\":[\"AfD\",\"ein\",\"Kaliningrad\",\"Kotau\",\"m\u00f6glicher\",\"nach\",\"Reisen\",\"und\",\"Wochenende\"],\"articleSection\":[\"Deutschland\",\"Russland\"],\"inLanguage\":\"de\",\"potentialAction\":[{\"@type\":\"CommentAction\",\"name\":\"Comment\",\"target\":[\"https:\/\/now-news.de\/de\/deutschland\/afd-reisen-nach-kaliningrad-und-ein-moeglicher-kotau-am-wochenende\/#respond\"]}]},{\"@type\":\"WebPage\",\"@id\":\"https:\/\/now-news.de\/de\/deutschland\/afd-reisen-nach-kaliningrad-und-ein-moeglicher-kotau-am-wochenende\/\",\"url\":\"https:\/\/now-news.de\/de\/deutschland\/afd-reisen-nach-kaliningrad-und-ein-moeglicher-kotau-am-wochenende\/\",\"name\":\"AfD: Reisen nach Kaliningrad und ein m\u00f6glicher Kotau am Wochenende - just-now.NEWS Deutschland\",\"isPartOf\":{\"@id\":\"https:\/\/now-news.de\/de\/#website\"},\"primaryImageOfPage\":{\"@id\":\"https:\/\/now-news.de\/de\/deutschland\/afd-reisen-nach-kaliningrad-und-ein-moeglicher-kotau-am-wochenende\/#primaryimage\"},\"image\":{\"@id\":\"https:\/\/now-news.de\/de\/deutschland\/afd-reisen-nach-kaliningrad-und-ein-moeglicher-kotau-am-wochenende\/#primaryimage\"},\"thumbnailUrl\":\"https:\/\/now-news.de\/de\/wp-content\/uploads\/sites\/3\/2024\/06\/AfD-Reisen-nach-Kaliningrad-und-ein-moeglicher-Kotau-am-Wochenende.png\",\"datePublished\":\"2024-06-27T15:23:47+00:00\",\"dateModified\":\"2024-06-27T15:23:47+00:00\",\"breadcrumb\":{\"@id\":\"https:\/\/now-news.de\/de\/deutschland\/afd-reisen-nach-kaliningrad-und-ein-moeglicher-kotau-am-wochenende\/#breadcrumb\"},\"inLanguage\":\"de\",\"potentialAction\":[{\"@type\":\"ReadAction\",\"target\":[\"https:\/\/now-news.de\/de\/deutschland\/afd-reisen-nach-kaliningrad-und-ein-moeglicher-kotau-am-wochenende\/\"]}]},{\"@type\":\"ImageObject\",\"inLanguage\":\"de\",\"@id\":\"https:\/\/now-news.de\/de\/deutschland\/afd-reisen-nach-kaliningrad-und-ein-moeglicher-kotau-am-wochenende\/#primaryimage\",\"url\":\"https:\/\/now-news.de\/de\/wp-content\/uploads\/sites\/3\/2024\/06\/AfD-Reisen-nach-Kaliningrad-und-ein-moeglicher-Kotau-am-Wochenende.png\",\"contentUrl\":\"https:\/\/now-news.de\/de\/wp-content\/uploads\/sites\/3\/2024\/06\/AfD-Reisen-nach-Kaliningrad-und-ein-moeglicher-Kotau-am-Wochenende.png\",\"width\":460,\"height\":259,\"caption\":\"AfD: Reisen nach Kaliningrad und ein m\u00f6glicher Kotau am Wochenende\"},{\"@type\":\"BreadcrumbList\",\"@id\":\"https:\/\/now-news.de\/de\/deutschland\/afd-reisen-nach-kaliningrad-und-ein-moeglicher-kotau-am-wochenende\/#breadcrumb\",\"itemListElement\":[{\"@type\":\"ListItem\",\"position\":1,\"name\":\"Home\",\"item\":\"https:\/\/now-news.de\/de\/\"},{\"@type\":\"ListItem\",\"position\":2,\"name\":\"AfD: Reisen nach Kaliningrad und ein m\u00f6glicher Kotau am Wochenende\"}]},{\"@type\":\"WebSite\",\"@id\":\"https:\/\/now-news.de\/de\/#website\",\"url\":\"https:\/\/now-news.de\/de\/\",\"name\":\"just-now.NEWS Deutschland\",\"description\":\"Das Portal f\u00fcr unzensierte Nachrichten aus der Welt\",\"publisher\":{\"@id\":\"https:\/\/now-news.de\/de\/#organization\"},\"potentialAction\":[{\"@type\":\"SearchAction\",\"target\":{\"@type\":\"EntryPoint\",\"urlTemplate\":\"https:\/\/now-news.de\/de\/?s={search_term_string}\"},\"query-input\":\"required name=search_term_string\"}],\"inLanguage\":\"de\"},{\"@type\":\"Organization\",\"@id\":\"https:\/\/now-news.de\/de\/#organization\",\"name\":\"Just Now News\",\"url\":\"https:\/\/now-news.de\/de\/\",\"logo\":{\"@type\":\"ImageObject\",\"inLanguage\":\"de\",\"@id\":\"https:\/\/now-news.de\/de\/#\/schema\/logo\/image\/\",\"url\":\"http:\/\/just-now.news\/de\/wp-content\/uploads\/sites\/3\/2022\/04\/logo500x500.jpg\",\"contentUrl\":\"http:\/\/just-now.news\/de\/wp-content\/uploads\/sites\/3\/2022\/04\/logo500x500.jpg\",\"width\":500,\"height\":500,\"caption\":\"Just Now News\"},\"image\":{\"@id\":\"https:\/\/now-news.de\/de\/#\/schema\/logo\/image\/\"},\"sameAs\":[\"https:\/\/www.facebook.com\/wirmachenauf\",\"https:\/\/x.com\/WirMachenAuf_de\"]},{\"@type\":\"Person\",\"@id\":\"https:\/\/now-news.de\/de\/#\/schema\/person\/fb534a4e865501d8b3285208df34a9b5\",\"name\":\"rtnews\",\"image\":{\"@type\":\"ImageObject\",\"inLanguage\":\"de\",\"@id\":\"https:\/\/now-news.de\/de\/#\/schema\/person\/image\/\",\"url\":\"https:\/\/secure.gravatar.com\/avatar\/82aafea7d8127119dd649515f56e2117?s=96&d=mm&r=g\",\"contentUrl\":\"https:\/\/secure.gravatar.com\/avatar\/82aafea7d8127119dd649515f56e2117?s=96&d=mm&r=g\",\"caption\":\"rtnews\"},\"url\":\"https:\/\/now-news.de\/de\/author\/rnews\/\"}]}<\/script>\n<!-- \/ Yoast SEO Premium plugin. -->","yoast_head_json":{"title":"AfD: Reisen nach Kaliningrad und ein m\u00f6glicher Kotau am Wochenende - just-now.NEWS Deutschland","robots":{"index":"index","follow":"follow","max-snippet":"max-snippet:-1","max-image-preview":"max-image-preview:large","max-video-preview":"max-video-preview:-1"},"canonical":"https:\/\/now-news.de\/de\/deutschland\/afd-reisen-nach-kaliningrad-und-ein-moeglicher-kotau-am-wochenende\/","og_locale":"de_DE","og_type":"article","og_title":"AfD: Reisen nach Kaliningrad und ein m\u00f6glicher Kotau am Wochenende","og_description":"Ein Skandal soll es sein, wenn jemand in Kaliningrad auftritt, ohne blankbusig &#8220;gegen Putin&#8221; zu protestieren. Inzwischen werden derartige Besuche aus den Reihen der AfD aber innerhalb der eigenen Partei angegriffen. Der kommende Parteitag k\u00f6nnte weitreichende Folgen haben. Von Dagmar Henn Sie haben nur ein paar Fahnen geschwenkt und Interviews gegeben \u2013 eine ganze Reihe [&hellip;]","og_url":"https:\/\/now-news.de\/de\/deutschland\/afd-reisen-nach-kaliningrad-und-ein-moeglicher-kotau-am-wochenende\/","og_site_name":"just-now.NEWS Deutschland","article_publisher":"https:\/\/www.facebook.com\/wirmachenauf","article_published_time":"2024-06-27T15:23:47+00:00","og_image":[{"url":"https:\/\/now-news.de\/de\/wp-content\/uploads\/sites\/3\/2024\/06\/667d8719b480cc71894f0438.png"}],"author":"rtnews","twitter_card":"summary_large_image","twitter_creator":"@WirMachenAuf_de","twitter_site":"@WirMachenAuf_de","twitter_misc":{"Verfasst von":"rtnews","Gesch\u00e4tzte Lesezeit":"6\u00a0Minuten"},"schema":{"@context":"https:\/\/schema.org","@graph":[{"@type":"Article","@id":"https:\/\/now-news.de\/de\/deutschland\/afd-reisen-nach-kaliningrad-und-ein-moeglicher-kotau-am-wochenende\/#article","isPartOf":{"@id":"https:\/\/now-news.de\/de\/deutschland\/afd-reisen-nach-kaliningrad-und-ein-moeglicher-kotau-am-wochenende\/"},"author":{"name":"rtnews","@id":"https:\/\/now-news.de\/de\/#\/schema\/person\/fb534a4e865501d8b3285208df34a9b5"},"headline":"AfD: Reisen nach Kaliningrad und ein m\u00f6glicher Kotau am Wochenende","datePublished":"2024-06-27T15:23:47+00:00","dateModified":"2024-06-27T15:23:47+00:00","mainEntityOfPage":{"@id":"https:\/\/now-news.de\/de\/deutschland\/afd-reisen-nach-kaliningrad-und-ein-moeglicher-kotau-am-wochenende\/"},"wordCount":1281,"commentCount":0,"publisher":{"@id":"https:\/\/now-news.de\/de\/#organization"},"image":{"@id":"https:\/\/now-news.de\/de\/deutschland\/afd-reisen-nach-kaliningrad-und-ein-moeglicher-kotau-am-wochenende\/#primaryimage"},"thumbnailUrl":"https:\/\/now-news.de\/de\/wp-content\/uploads\/sites\/3\/2024\/06\/AfD-Reisen-nach-Kaliningrad-und-ein-moeglicher-Kotau-am-Wochenende.png","keywords":["AfD","ein","Kaliningrad","Kotau","m\u00f6glicher","nach","Reisen","und","Wochenende"],"articleSection":["Deutschland","Russland"],"inLanguage":"de","potentialAction":[{"@type":"CommentAction","name":"Comment","target":["https:\/\/now-news.de\/de\/deutschland\/afd-reisen-nach-kaliningrad-und-ein-moeglicher-kotau-am-wochenende\/#respond"]}]},{"@type":"WebPage","@id":"https:\/\/now-news.de\/de\/deutschland\/afd-reisen-nach-kaliningrad-und-ein-moeglicher-kotau-am-wochenende\/","url":"https:\/\/now-news.de\/de\/deutschland\/afd-reisen-nach-kaliningrad-und-ein-moeglicher-kotau-am-wochenende\/","name":"AfD: Reisen nach Kaliningrad und ein m\u00f6glicher Kotau am Wochenende - just-now.NEWS Deutschland","isPartOf":{"@id":"https:\/\/now-news.de\/de\/#website"},"primaryImageOfPage":{"@id":"https:\/\/now-news.de\/de\/deutschland\/afd-reisen-nach-kaliningrad-und-ein-moeglicher-kotau-am-wochenende\/#primaryimage"},"image":{"@id":"https:\/\/now-news.de\/de\/deutschland\/afd-reisen-nach-kaliningrad-und-ein-moeglicher-kotau-am-wochenende\/#primaryimage"},"thumbnailUrl":"https:\/\/now-news.de\/de\/wp-content\/uploads\/sites\/3\/2024\/06\/AfD-Reisen-nach-Kaliningrad-und-ein-moeglicher-Kotau-am-Wochenende.png","datePublished":"2024-06-27T15:23:47+00:00","dateModified":"2024-06-27T15:23:47+00:00","breadcrumb":{"@id":"https:\/\/now-news.de\/de\/deutschland\/afd-reisen-nach-kaliningrad-und-ein-moeglicher-kotau-am-wochenende\/#breadcrumb"},"inLanguage":"de","potentialAction":[{"@type":"ReadAction","target":["https:\/\/now-news.de\/de\/deutschland\/afd-reisen-nach-kaliningrad-und-ein-moeglicher-kotau-am-wochenende\/"]}]},{"@type":"ImageObject","inLanguage":"de","@id":"https:\/\/now-news.de\/de\/deutschland\/afd-reisen-nach-kaliningrad-und-ein-moeglicher-kotau-am-wochenende\/#primaryimage","url":"https:\/\/now-news.de\/de\/wp-content\/uploads\/sites\/3\/2024\/06\/AfD-Reisen-nach-Kaliningrad-und-ein-moeglicher-Kotau-am-Wochenende.png","contentUrl":"https:\/\/now-news.de\/de\/wp-content\/uploads\/sites\/3\/2024\/06\/AfD-Reisen-nach-Kaliningrad-und-ein-moeglicher-Kotau-am-Wochenende.png","width":460,"height":259,"caption":"AfD: Reisen nach Kaliningrad und ein m\u00f6glicher Kotau am Wochenende"},{"@type":"BreadcrumbList","@id":"https:\/\/now-news.de\/de\/deutschland\/afd-reisen-nach-kaliningrad-und-ein-moeglicher-kotau-am-wochenende\/#breadcrumb","itemListElement":[{"@type":"ListItem","position":1,"name":"Home","item":"https:\/\/now-news.de\/de\/"},{"@type":"ListItem","position":2,"name":"AfD: Reisen nach Kaliningrad und ein m\u00f6glicher Kotau am Wochenende"}]},{"@type":"WebSite","@id":"https:\/\/now-news.de\/de\/#website","url":"https:\/\/now-news.de\/de\/","name":"just-now.NEWS Deutschland","description":"Das Portal f\u00fcr unzensierte Nachrichten aus der Welt","publisher":{"@id":"https:\/\/now-news.de\/de\/#organization"},"potentialAction":[{"@type":"SearchAction","target":{"@type":"EntryPoint","urlTemplate":"https:\/\/now-news.de\/de\/?s={search_term_string}"},"query-input":"required name=search_term_string"}],"inLanguage":"de"},{"@type":"Organization","@id":"https:\/\/now-news.de\/de\/#organization","name":"Just Now News","url":"https:\/\/now-news.de\/de\/","logo":{"@type":"ImageObject","inLanguage":"de","@id":"https:\/\/now-news.de\/de\/#\/schema\/logo\/image\/","url":"http:\/\/just-now.news\/de\/wp-content\/uploads\/sites\/3\/2022\/04\/logo500x500.jpg","contentUrl":"http:\/\/just-now.news\/de\/wp-content\/uploads\/sites\/3\/2022\/04\/logo500x500.jpg","width":500,"height":500,"caption":"Just Now News"},"image":{"@id":"https:\/\/now-news.de\/de\/#\/schema\/logo\/image\/"},"sameAs":["https:\/\/www.facebook.com\/wirmachenauf","https:\/\/x.com\/WirMachenAuf_de"]},{"@type":"Person","@id":"https:\/\/now-news.de\/de\/#\/schema\/person\/fb534a4e865501d8b3285208df34a9b5","name":"rtnews","image":{"@type":"ImageObject","inLanguage":"de","@id":"https:\/\/now-news.de\/de\/#\/schema\/person\/image\/","url":"https:\/\/secure.gravatar.com\/avatar\/82aafea7d8127119dd649515f56e2117?s=96&d=mm&r=g","contentUrl":"https:\/\/secure.gravatar.com\/avatar\/82aafea7d8127119dd649515f56e2117?s=96&d=mm&r=g","caption":"rtnews"},"url":"https:\/\/now-news.de\/de\/author\/rnews\/"}]}},"_links":{"self":[{"href":"https:\/\/now-news.de\/de\/wp-json\/wp\/v2\/posts\/63634"}],"collection":[{"href":"https:\/\/now-news.de\/de\/wp-json\/wp\/v2\/posts"}],"about":[{"href":"https:\/\/now-news.de\/de\/wp-json\/wp\/v2\/types\/post"}],"author":[{"embeddable":true,"href":"https:\/\/now-news.de\/de\/wp-json\/wp\/v2\/users\/3"}],"replies":[{"embeddable":true,"href":"https:\/\/now-news.de\/de\/wp-json\/wp\/v2\/comments?post=63634"}],"version-history":[{"count":0,"href":"https:\/\/now-news.de\/de\/wp-json\/wp\/v2\/posts\/63634\/revisions"}],"wp:featuredmedia":[{"embeddable":true,"href":"https:\/\/now-news.de\/de\/wp-json\/wp\/v2\/media\/63635"}],"wp:attachment":[{"href":"https:\/\/now-news.de\/de\/wp-json\/wp\/v2\/media?parent=63634"}],"wp:term":[{"taxonomy":"category","embeddable":true,"href":"https:\/\/now-news.de\/de\/wp-json\/wp\/v2\/categories?post=63634"},{"taxonomy":"post_tag","embeddable":true,"href":"https:\/\/now-news.de\/de\/wp-json\/wp\/v2\/tags?post=63634"}],"curies":[{"name":"wp","href":"https:\/\/api.w.org\/{rel}","templated":true}]}}