{"id":63633,"date":"2024-06-27T17:59:10","date_gmt":"2024-06-27T15:59:10","guid":{"rendered":"https:\/\/now-news.de\/de\/deutschland\/medwedew-diebstahl-von-staatsvermoegen-kann-casus-belli-sein\/"},"modified":"2024-06-27T17:59:10","modified_gmt":"2024-06-27T15:59:10","slug":"medwedew-diebstahl-von-staatsvermoegen-kann-casus-belli-sein","status":"publish","type":"post","link":"https:\/\/now-news.de\/de\/deutschland\/medwedew-diebstahl-von-staatsvermoegen-kann-casus-belli-sein\/","title":{"rendered":"Medwedew: Diebstahl von Staatsverm\u00f6gen kann Casus Belli sein"},"content":{"rendered":"<p><img decoding=\"async\" src=\"https:\/\/now-news.de\/de\/wp-content\/uploads\/sites\/3\/2024\/05\/breaking3.jpg\" \/><\/p>\n<div class=\"Text-root Text-type_1 \">\n                Der stellvertretende Vorsitzende des russischen Sicherheitsrates Dmitri Medwedew hat die Veruntreuung von Staatsverm\u00f6gen als einen Akt der Aggression und einen m\u00f6glichen Kriegsgrund bezeichnet. Das sagte der gelernte Jurist auf einer Fachkonferenz in Sankt-Petersburg.\n            <\/div>\n<p><\/p>\n<div class=\"Text-root Text-type_5 ArticleView-text ViewText-root \">\n<p>Die Beschlagnahme von Staatsverm\u00f6gen im Ausland kann als legitimer Grund f\u00fcr eine Kriegserkl\u00e4rung angesehen werden. Dies erkl\u00e4rte der stellvertretende Vorsitzende des russischen Sicherheitsrates Dmitri Medwedew auf der Plenarsitzung des St. Petersburg International Legal Forum (PMJF), als er die Situation mit russischen Verm\u00f6genswerten im Westen kommentierte.<\/p>\n<p>Der Diebstahl von Staatsverm\u00f6gen kann unter bestimmten Bedingungen \u00fcberhaupt als Aggression eingestuft werden&#8221;, betonte Medwedew. &#8211; Und sogar zu einem casus belli (lateinisch f\u00fcr &#8216;Kriegsgrund&#8217; &#8211; <em>Anm. der Red.<\/em>) werden, da der Staat als Reaktion darauf auf das Recht auf individuelle und kollektive Selbstverteidigung pochen kann&#8221;.<\/p>\n<p>&#8220;Wir werden gezwungen sein, Vergeltungsma\u00dfnahmen nach dem Prinzip der Gegenseitigkeit zu ergreifen&#8221;, schloss\u00a0Medwedew\u00a0und erinnerte daran, dass der russische Pr\u00e4sident zuvor ein Dekret \u00fcber die Beschlagnahme von US-Verm\u00f6genswerten und derjenigen, die sie dulden, unterzeichnet hatte. Medwedew k\u00fcndigte baldige Gesetzes\u00e4nderungen an, um diesem Dokument Folge zu leisten.<\/p>\n<p>Die westlichen Sanktionen, die Ende Februar 2022 nach Beginn der milit\u00e4rischen Sonderoperation in der Ukraine gegen Russland verh\u00e4ngt wurden, betrafen Banken und Konten von Privatpersonen und wurden zur Grundlage f\u00fcr das Einfrieren eines Teils der Devisenreserven der russischen Zentralbank. Im M\u00e4rz 2022 erkl\u00e4rte der russische Finanzminister Anton Siluanow, dass die westlichen L\u00e4nder etwa die H\u00e4lfte der Devisenreserven der russischen Zentralbank blockiert h\u00e4tten \u2013 etwa 300 Mrd. US-Dollar von 640 Mrd. US-Dollar.<\/p>\n<\/p>\n<p><em>Mehr Information in K\u00fcrze&#8230;<\/em><\/p>\n<\/p>\n<\/div>\n<p><br \/>\n<br \/><a href=\"https:\/\/de.rt.com\/international\/210591-medwedew-diebstahl-von-staatsvermoegen-kann-casus-belli-sein\/\">Source link <\/a><\/p>\n","protected":false},"excerpt":{"rendered":"<p>Der stellvertretende Vorsitzende des russischen Sicherheitsrates Dmitri Medwedew hat die Veruntreuung von Staatsverm\u00f6gen als einen Akt der Aggression und einen m\u00f6glichen Kriegsgrund bezeichnet. Das sagte der gelernte Jurist auf einer Fachkonferenz in Sankt-Petersburg. Die Beschlagnahme von Staatsverm\u00f6gen im Ausland kann als legitimer Grund f\u00fcr eine Kriegserkl\u00e4rung angesehen werden. Dies erkl\u00e4rte der stellvertretende Vorsitzende des russischen [&hellip;]<\/p>\n","protected":false},"author":3,"featured_media":58637,"comment_status":"open","ping_status":"open","sticky":false,"template":"","format":"standard","meta":{"_yoast_indexnow_last_ping":["1719504599"],"wp_automatic_camp":["217"],"8fd9c334b142671087425c12a895285c":["Medwedew: Diebstahl von Staatsverm\u00f6gen kann Casus Belli sein"],"original_link":["https:\/\/de.rt.com\/international\/210591-medwedew-diebstahl-von-staatsvermoegen-kann-casus-belli-sein\/"],"_thumbnail_id":["58637"],"jnews_social_counter_last_update":["1776872793"],"_wptgpro_p2tg_sent2tg":["a:1:{i:23737;s:19:\"2024-06-27 18:11:00\";}"]},"categories":[19,23],"tags":[56096,56095,11617,838,20678,3950,55714,50],"yoast_head":"<!-- This site is optimized with the Yoast SEO Premium plugin v22.7 (Yoast SEO v22.7) - https:\/\/yoast.com\/wordpress\/plugins\/seo\/ -->\n<title>Medwedew: Diebstahl von Staatsverm\u00f6gen kann Casus Belli sein - just-now.NEWS Deutschland<\/title>\n<meta name=\"robots\" content=\"index, follow, max-snippet:-1, max-image-preview:large, max-video-preview:-1\" \/>\n<link rel=\"canonical\" href=\"https:\/\/now-news.de\/de\/deutschland\/medwedew-diebstahl-von-staatsvermoegen-kann-casus-belli-sein\/\" \/>\n<meta property=\"og:locale\" content=\"de_DE\" \/>\n<meta property=\"og:type\" content=\"article\" \/>\n<meta property=\"og:title\" content=\"Medwedew: Diebstahl von Staatsverm\u00f6gen kann Casus Belli sein\" \/>\n<meta property=\"og:description\" content=\"Der stellvertretende Vorsitzende des russischen Sicherheitsrates Dmitri Medwedew hat die Veruntreuung von Staatsverm\u00f6gen als einen Akt der Aggression und einen m\u00f6glichen Kriegsgrund bezeichnet. Das sagte der gelernte Jurist auf einer Fachkonferenz in Sankt-Petersburg. Die Beschlagnahme von Staatsverm\u00f6gen im Ausland kann als legitimer Grund f\u00fcr eine Kriegserkl\u00e4rung angesehen werden. Dies erkl\u00e4rte der stellvertretende Vorsitzende des russischen [&hellip;]\" \/>\n<meta property=\"og:url\" content=\"https:\/\/now-news.de\/de\/deutschland\/medwedew-diebstahl-von-staatsvermoegen-kann-casus-belli-sein\/\" \/>\n<meta property=\"og:site_name\" content=\"just-now.NEWS Deutschland\" \/>\n<meta property=\"article:publisher\" content=\"https:\/\/www.facebook.com\/wirmachenauf\" \/>\n<meta property=\"article:published_time\" content=\"2024-06-27T15:59:10+00:00\" \/>\n<meta property=\"og:image\" content=\"https:\/\/now-news.de\/de\/wp-content\/uploads\/sites\/3\/2024\/05\/breaking3.jpg\" \/>\n<meta name=\"author\" content=\"rtnews\" \/>\n<meta name=\"twitter:card\" content=\"summary_large_image\" \/>\n<meta name=\"twitter:creator\" content=\"@WirMachenAuf_de\" \/>\n<meta name=\"twitter:site\" content=\"@WirMachenAuf_de\" \/>\n<meta name=\"twitter:label1\" content=\"Verfasst von\" \/>\n\t<meta name=\"twitter:data1\" content=\"rtnews\" \/>\n\t<meta name=\"twitter:label2\" content=\"Gesch\u00e4tzte Lesezeit\" \/>\n\t<meta name=\"twitter:data2\" content=\"1\u00a0Minute\" \/>\n<script type=\"application\/ld+json\" class=\"yoast-schema-graph\">{\"@context\":\"https:\/\/schema.org\",\"@graph\":[{\"@type\":\"Article\",\"@id\":\"https:\/\/now-news.de\/de\/deutschland\/medwedew-diebstahl-von-staatsvermoegen-kann-casus-belli-sein\/#article\",\"isPartOf\":{\"@id\":\"https:\/\/now-news.de\/de\/deutschland\/medwedew-diebstahl-von-staatsvermoegen-kann-casus-belli-sein\/\"},\"author\":{\"name\":\"rtnews\",\"@id\":\"https:\/\/now-news.de\/de\/#\/schema\/person\/fb534a4e865501d8b3285208df34a9b5\"},\"headline\":\"Medwedew: Diebstahl von Staatsverm\u00f6gen kann Casus Belli sein\",\"datePublished\":\"2024-06-27T15:59:10+00:00\",\"dateModified\":\"2024-06-27T15:59:10+00:00\",\"mainEntityOfPage\":{\"@id\":\"https:\/\/now-news.de\/de\/deutschland\/medwedew-diebstahl-von-staatsvermoegen-kann-casus-belli-sein\/\"},\"wordCount\":276,\"commentCount\":0,\"publisher\":{\"@id\":\"https:\/\/now-news.de\/de\/#organization\"},\"image\":{\"@id\":\"https:\/\/now-news.de\/de\/deutschland\/medwedew-diebstahl-von-staatsvermoegen-kann-casus-belli-sein\/#primaryimage\"},\"thumbnailUrl\":\"https:\/\/now-news.de\/de\/wp-content\/uploads\/sites\/3\/2024\/05\/China-beginnt-mit-Umzingelungsuebungen-rund-um-Taiwan.jpg\",\"keywords\":[\"Belli\",\"Casus\",\"Diebstahl\",\"kann\",\"Medwedew\",\"sein\",\"Staatsverm\u00f6gen\",\"von\"],\"articleSection\":[\"Deutschland\",\"Russland\"],\"inLanguage\":\"de\",\"potentialAction\":[{\"@type\":\"CommentAction\",\"name\":\"Comment\",\"target\":[\"https:\/\/now-news.de\/de\/deutschland\/medwedew-diebstahl-von-staatsvermoegen-kann-casus-belli-sein\/#respond\"]}]},{\"@type\":\"WebPage\",\"@id\":\"https:\/\/now-news.de\/de\/deutschland\/medwedew-diebstahl-von-staatsvermoegen-kann-casus-belli-sein\/\",\"url\":\"https:\/\/now-news.de\/de\/deutschland\/medwedew-diebstahl-von-staatsvermoegen-kann-casus-belli-sein\/\",\"name\":\"Medwedew: Diebstahl von Staatsverm\u00f6gen kann Casus Belli sein - just-now.NEWS Deutschland\",\"isPartOf\":{\"@id\":\"https:\/\/now-news.de\/de\/#website\"},\"primaryImageOfPage\":{\"@id\":\"https:\/\/now-news.de\/de\/deutschland\/medwedew-diebstahl-von-staatsvermoegen-kann-casus-belli-sein\/#primaryimage\"},\"image\":{\"@id\":\"https:\/\/now-news.de\/de\/deutschland\/medwedew-diebstahl-von-staatsvermoegen-kann-casus-belli-sein\/#primaryimage\"},\"thumbnailUrl\":\"https:\/\/now-news.de\/de\/wp-content\/uploads\/sites\/3\/2024\/05\/China-beginnt-mit-Umzingelungsuebungen-rund-um-Taiwan.jpg\",\"datePublished\":\"2024-06-27T15:59:10+00:00\",\"dateModified\":\"2024-06-27T15:59:10+00:00\",\"breadcrumb\":{\"@id\":\"https:\/\/now-news.de\/de\/deutschland\/medwedew-diebstahl-von-staatsvermoegen-kann-casus-belli-sein\/#breadcrumb\"},\"inLanguage\":\"de\",\"potentialAction\":[{\"@type\":\"ReadAction\",\"target\":[\"https:\/\/now-news.de\/de\/deutschland\/medwedew-diebstahl-von-staatsvermoegen-kann-casus-belli-sein\/\"]}]},{\"@type\":\"ImageObject\",\"inLanguage\":\"de\",\"@id\":\"https:\/\/now-news.de\/de\/deutschland\/medwedew-diebstahl-von-staatsvermoegen-kann-casus-belli-sein\/#primaryimage\",\"url\":\"https:\/\/now-news.de\/de\/wp-content\/uploads\/sites\/3\/2024\/05\/China-beginnt-mit-Umzingelungsuebungen-rund-um-Taiwan.jpg\",\"contentUrl\":\"https:\/\/now-news.de\/de\/wp-content\/uploads\/sites\/3\/2024\/05\/China-beginnt-mit-Umzingelungsuebungen-rund-um-Taiwan.jpg\",\"width\":460,\"height\":259,\"caption\":\"China beginnt mit Umzingelungs\u00fcbungen rund um Taiwan\"},{\"@type\":\"BreadcrumbList\",\"@id\":\"https:\/\/now-news.de\/de\/deutschland\/medwedew-diebstahl-von-staatsvermoegen-kann-casus-belli-sein\/#breadcrumb\",\"itemListElement\":[{\"@type\":\"ListItem\",\"position\":1,\"name\":\"Home\",\"item\":\"https:\/\/now-news.de\/de\/\"},{\"@type\":\"ListItem\",\"position\":2,\"name\":\"Medwedew: Diebstahl von Staatsverm\u00f6gen kann Casus Belli sein\"}]},{\"@type\":\"WebSite\",\"@id\":\"https:\/\/now-news.de\/de\/#website\",\"url\":\"https:\/\/now-news.de\/de\/\",\"name\":\"just-now.NEWS Deutschland\",\"description\":\"Das Portal f\u00fcr unzensierte Nachrichten aus der Welt\",\"publisher\":{\"@id\":\"https:\/\/now-news.de\/de\/#organization\"},\"potentialAction\":[{\"@type\":\"SearchAction\",\"target\":{\"@type\":\"EntryPoint\",\"urlTemplate\":\"https:\/\/now-news.de\/de\/?s={search_term_string}\"},\"query-input\":\"required name=search_term_string\"}],\"inLanguage\":\"de\"},{\"@type\":\"Organization\",\"@id\":\"https:\/\/now-news.de\/de\/#organization\",\"name\":\"Just Now News\",\"url\":\"https:\/\/now-news.de\/de\/\",\"logo\":{\"@type\":\"ImageObject\",\"inLanguage\":\"de\",\"@id\":\"https:\/\/now-news.de\/de\/#\/schema\/logo\/image\/\",\"url\":\"http:\/\/just-now.news\/de\/wp-content\/uploads\/sites\/3\/2022\/04\/logo500x500.jpg\",\"contentUrl\":\"http:\/\/just-now.news\/de\/wp-content\/uploads\/sites\/3\/2022\/04\/logo500x500.jpg\",\"width\":500,\"height\":500,\"caption\":\"Just Now News\"},\"image\":{\"@id\":\"https:\/\/now-news.de\/de\/#\/schema\/logo\/image\/\"},\"sameAs\":[\"https:\/\/www.facebook.com\/wirmachenauf\",\"https:\/\/x.com\/WirMachenAuf_de\"]},{\"@type\":\"Person\",\"@id\":\"https:\/\/now-news.de\/de\/#\/schema\/person\/fb534a4e865501d8b3285208df34a9b5\",\"name\":\"rtnews\",\"image\":{\"@type\":\"ImageObject\",\"inLanguage\":\"de\",\"@id\":\"https:\/\/now-news.de\/de\/#\/schema\/person\/image\/\",\"url\":\"https:\/\/secure.gravatar.com\/avatar\/82aafea7d8127119dd649515f56e2117?s=96&d=mm&r=g\",\"contentUrl\":\"https:\/\/secure.gravatar.com\/avatar\/82aafea7d8127119dd649515f56e2117?s=96&d=mm&r=g\",\"caption\":\"rtnews\"},\"url\":\"https:\/\/now-news.de\/de\/author\/rnews\/\"}]}<\/script>\n<!-- \/ Yoast SEO Premium plugin. -->","yoast_head_json":{"title":"Medwedew: Diebstahl von Staatsverm\u00f6gen kann Casus Belli sein - just-now.NEWS Deutschland","robots":{"index":"index","follow":"follow","max-snippet":"max-snippet:-1","max-image-preview":"max-image-preview:large","max-video-preview":"max-video-preview:-1"},"canonical":"https:\/\/now-news.de\/de\/deutschland\/medwedew-diebstahl-von-staatsvermoegen-kann-casus-belli-sein\/","og_locale":"de_DE","og_type":"article","og_title":"Medwedew: Diebstahl von Staatsverm\u00f6gen kann Casus Belli sein","og_description":"Der stellvertretende Vorsitzende des russischen Sicherheitsrates Dmitri Medwedew hat die Veruntreuung von Staatsverm\u00f6gen als einen Akt der Aggression und einen m\u00f6glichen Kriegsgrund bezeichnet. Das sagte der gelernte Jurist auf einer Fachkonferenz in Sankt-Petersburg. Die Beschlagnahme von Staatsverm\u00f6gen im Ausland kann als legitimer Grund f\u00fcr eine Kriegserkl\u00e4rung angesehen werden. Dies erkl\u00e4rte der stellvertretende Vorsitzende des russischen [&hellip;]","og_url":"https:\/\/now-news.de\/de\/deutschland\/medwedew-diebstahl-von-staatsvermoegen-kann-casus-belli-sein\/","og_site_name":"just-now.NEWS Deutschland","article_publisher":"https:\/\/www.facebook.com\/wirmachenauf","article_published_time":"2024-06-27T15:59:10+00:00","og_image":[{"url":"https:\/\/now-news.de\/de\/wp-content\/uploads\/sites\/3\/2024\/05\/breaking3.jpg"}],"author":"rtnews","twitter_card":"summary_large_image","twitter_creator":"@WirMachenAuf_de","twitter_site":"@WirMachenAuf_de","twitter_misc":{"Verfasst von":"rtnews","Gesch\u00e4tzte Lesezeit":"1\u00a0Minute"},"schema":{"@context":"https:\/\/schema.org","@graph":[{"@type":"Article","@id":"https:\/\/now-news.de\/de\/deutschland\/medwedew-diebstahl-von-staatsvermoegen-kann-casus-belli-sein\/#article","isPartOf":{"@id":"https:\/\/now-news.de\/de\/deutschland\/medwedew-diebstahl-von-staatsvermoegen-kann-casus-belli-sein\/"},"author":{"name":"rtnews","@id":"https:\/\/now-news.de\/de\/#\/schema\/person\/fb534a4e865501d8b3285208df34a9b5"},"headline":"Medwedew: Diebstahl von Staatsverm\u00f6gen kann Casus Belli sein","datePublished":"2024-06-27T15:59:10+00:00","dateModified":"2024-06-27T15:59:10+00:00","mainEntityOfPage":{"@id":"https:\/\/now-news.de\/de\/deutschland\/medwedew-diebstahl-von-staatsvermoegen-kann-casus-belli-sein\/"},"wordCount":276,"commentCount":0,"publisher":{"@id":"https:\/\/now-news.de\/de\/#organization"},"image":{"@id":"https:\/\/now-news.de\/de\/deutschland\/medwedew-diebstahl-von-staatsvermoegen-kann-casus-belli-sein\/#primaryimage"},"thumbnailUrl":"https:\/\/now-news.de\/de\/wp-content\/uploads\/sites\/3\/2024\/05\/China-beginnt-mit-Umzingelungsuebungen-rund-um-Taiwan.jpg","keywords":["Belli","Casus","Diebstahl","kann","Medwedew","sein","Staatsverm\u00f6gen","von"],"articleSection":["Deutschland","Russland"],"inLanguage":"de","potentialAction":[{"@type":"CommentAction","name":"Comment","target":["https:\/\/now-news.de\/de\/deutschland\/medwedew-diebstahl-von-staatsvermoegen-kann-casus-belli-sein\/#respond"]}]},{"@type":"WebPage","@id":"https:\/\/now-news.de\/de\/deutschland\/medwedew-diebstahl-von-staatsvermoegen-kann-casus-belli-sein\/","url":"https:\/\/now-news.de\/de\/deutschland\/medwedew-diebstahl-von-staatsvermoegen-kann-casus-belli-sein\/","name":"Medwedew: Diebstahl von Staatsverm\u00f6gen kann Casus Belli sein - just-now.NEWS Deutschland","isPartOf":{"@id":"https:\/\/now-news.de\/de\/#website"},"primaryImageOfPage":{"@id":"https:\/\/now-news.de\/de\/deutschland\/medwedew-diebstahl-von-staatsvermoegen-kann-casus-belli-sein\/#primaryimage"},"image":{"@id":"https:\/\/now-news.de\/de\/deutschland\/medwedew-diebstahl-von-staatsvermoegen-kann-casus-belli-sein\/#primaryimage"},"thumbnailUrl":"https:\/\/now-news.de\/de\/wp-content\/uploads\/sites\/3\/2024\/05\/China-beginnt-mit-Umzingelungsuebungen-rund-um-Taiwan.jpg","datePublished":"2024-06-27T15:59:10+00:00","dateModified":"2024-06-27T15:59:10+00:00","breadcrumb":{"@id":"https:\/\/now-news.de\/de\/deutschland\/medwedew-diebstahl-von-staatsvermoegen-kann-casus-belli-sein\/#breadcrumb"},"inLanguage":"de","potentialAction":[{"@type":"ReadAction","target":["https:\/\/now-news.de\/de\/deutschland\/medwedew-diebstahl-von-staatsvermoegen-kann-casus-belli-sein\/"]}]},{"@type":"ImageObject","inLanguage":"de","@id":"https:\/\/now-news.de\/de\/deutschland\/medwedew-diebstahl-von-staatsvermoegen-kann-casus-belli-sein\/#primaryimage","url":"https:\/\/now-news.de\/de\/wp-content\/uploads\/sites\/3\/2024\/05\/China-beginnt-mit-Umzingelungsuebungen-rund-um-Taiwan.jpg","contentUrl":"https:\/\/now-news.de\/de\/wp-content\/uploads\/sites\/3\/2024\/05\/China-beginnt-mit-Umzingelungsuebungen-rund-um-Taiwan.jpg","width":460,"height":259,"caption":"China beginnt mit Umzingelungs\u00fcbungen rund um Taiwan"},{"@type":"BreadcrumbList","@id":"https:\/\/now-news.de\/de\/deutschland\/medwedew-diebstahl-von-staatsvermoegen-kann-casus-belli-sein\/#breadcrumb","itemListElement":[{"@type":"ListItem","position":1,"name":"Home","item":"https:\/\/now-news.de\/de\/"},{"@type":"ListItem","position":2,"name":"Medwedew: Diebstahl von Staatsverm\u00f6gen kann Casus Belli sein"}]},{"@type":"WebSite","@id":"https:\/\/now-news.de\/de\/#website","url":"https:\/\/now-news.de\/de\/","name":"just-now.NEWS Deutschland","description":"Das Portal f\u00fcr unzensierte Nachrichten aus der Welt","publisher":{"@id":"https:\/\/now-news.de\/de\/#organization"},"potentialAction":[{"@type":"SearchAction","target":{"@type":"EntryPoint","urlTemplate":"https:\/\/now-news.de\/de\/?s={search_term_string}"},"query-input":"required name=search_term_string"}],"inLanguage":"de"},{"@type":"Organization","@id":"https:\/\/now-news.de\/de\/#organization","name":"Just Now News","url":"https:\/\/now-news.de\/de\/","logo":{"@type":"ImageObject","inLanguage":"de","@id":"https:\/\/now-news.de\/de\/#\/schema\/logo\/image\/","url":"http:\/\/just-now.news\/de\/wp-content\/uploads\/sites\/3\/2022\/04\/logo500x500.jpg","contentUrl":"http:\/\/just-now.news\/de\/wp-content\/uploads\/sites\/3\/2022\/04\/logo500x500.jpg","width":500,"height":500,"caption":"Just Now News"},"image":{"@id":"https:\/\/now-news.de\/de\/#\/schema\/logo\/image\/"},"sameAs":["https:\/\/www.facebook.com\/wirmachenauf","https:\/\/x.com\/WirMachenAuf_de"]},{"@type":"Person","@id":"https:\/\/now-news.de\/de\/#\/schema\/person\/fb534a4e865501d8b3285208df34a9b5","name":"rtnews","image":{"@type":"ImageObject","inLanguage":"de","@id":"https:\/\/now-news.de\/de\/#\/schema\/person\/image\/","url":"https:\/\/secure.gravatar.com\/avatar\/82aafea7d8127119dd649515f56e2117?s=96&d=mm&r=g","contentUrl":"https:\/\/secure.gravatar.com\/avatar\/82aafea7d8127119dd649515f56e2117?s=96&d=mm&r=g","caption":"rtnews"},"url":"https:\/\/now-news.de\/de\/author\/rnews\/"}]}},"_links":{"self":[{"href":"https:\/\/now-news.de\/de\/wp-json\/wp\/v2\/posts\/63633"}],"collection":[{"href":"https:\/\/now-news.de\/de\/wp-json\/wp\/v2\/posts"}],"about":[{"href":"https:\/\/now-news.de\/de\/wp-json\/wp\/v2\/types\/post"}],"author":[{"embeddable":true,"href":"https:\/\/now-news.de\/de\/wp-json\/wp\/v2\/users\/3"}],"replies":[{"embeddable":true,"href":"https:\/\/now-news.de\/de\/wp-json\/wp\/v2\/comments?post=63633"}],"version-history":[{"count":0,"href":"https:\/\/now-news.de\/de\/wp-json\/wp\/v2\/posts\/63633\/revisions"}],"wp:featuredmedia":[{"embeddable":true,"href":"https:\/\/now-news.de\/de\/wp-json\/wp\/v2\/media\/58637"}],"wp:attachment":[{"href":"https:\/\/now-news.de\/de\/wp-json\/wp\/v2\/media?parent=63633"}],"wp:term":[{"taxonomy":"category","embeddable":true,"href":"https:\/\/now-news.de\/de\/wp-json\/wp\/v2\/categories?post=63633"},{"taxonomy":"post_tag","embeddable":true,"href":"https:\/\/now-news.de\/de\/wp-json\/wp\/v2\/tags?post=63633"}],"curies":[{"name":"wp","href":"https:\/\/api.w.org\/{rel}","templated":true}]}}