{"id":63604,"date":"2024-06-27T10:40:24","date_gmt":"2024-06-27T08:40:24","guid":{"rendered":"https:\/\/now-news.de\/de\/deutschland\/israel-setzt-arbeitsgruppen-zum-iranischen-atomprogramm-wieder-ein\/"},"modified":"2024-06-27T10:40:24","modified_gmt":"2024-06-27T08:40:24","slug":"israel-setzt-arbeitsgruppen-zum-iranischen-atomprogramm-wieder-ein","status":"publish","type":"post","link":"https:\/\/now-news.de\/de\/deutschland\/israel-setzt-arbeitsgruppen-zum-iranischen-atomprogramm-wieder-ein\/","title":{"rendered":"Israel setzt Arbeitsgruppen zum iranischen Atomprogramm wieder ein"},"content":{"rendered":"<p><img decoding=\"async\" src=\"https:\/\/now-news.de\/de\/wp-content\/uploads\/sites\/3\/2024\/06\/667d157248fbef2cd054d3bb.jpg\" \/><\/p>\n<div class=\"Text-root Text-type_1 \">\n                Israel und die USA sind besorgt, dass Iran in den Wochen vor den US-Pr\u00e4sidentschaftswahlen versuchen wird, seine Nukleartechnologie weiterzuentwickeln, einschlie\u00dflich der Bem\u00fchungen um eine atomare Bewaffnung.\n            <\/div>\n<p><\/p>\n<div class=\"Text-root Text-type_5 ArticleView-text ViewText-root \">\n<p>Der israelische Premierminister Benjamin Netanjahu hat vor zwei Wochen eine Arbeitsgruppe aus Mitgliedern des israelischen Verteidigungsministeriums, des Au\u00dfenministeriums und der Geheimdienste eingesetzt, die sich mit dem iranischen Atomprogramm befassen soll, so drei hochrangige israelische Beamte gegen\u00fcber <em>Axios<\/em>.<\/p>\n<p>Israel und die USA seien &#8220;besorgt&#8221;, dass Iran in den Wochen vor den US-Pr\u00e4sidentschaftswahlen versuchen werde, seine Nukleartechnologie weiterzuentwickeln, einschlie\u00dflich der Bem\u00fchungen um eine Bewaffnung, so zwei israelische und zwei US-Beamte. Die Beamten \u00e4u\u00dferten auch die Bef\u00fcrchtung, dass die iranische F\u00fchrung versuchen k\u00f6nnte, die \u00dcbergangszeit nach den Wahlen in den USA zu nutzen, um den Weg zu einer Atomwaffe einzuschlagen.<\/p>\n<p>Netanjahus ehemaliger nationaler Sicherheitsberater Yaakov Nagel, der heute als Senior Fellow bei der Foundation for the Defense of Democracies t\u00e4tig ist und Netanjahu nach wie vor sehr nahe steht, behauptete, dass mehrere Dutzend iranische Wissenschaftler in den letzten Monaten an technischen Verfahren gearbeitet h\u00e4tten, die f\u00fcr den Bau einer Atombombe erforderlich seien. Er erkl\u00e4rte gegen\u00fcber <em>Axios<\/em>, dass diese Aktivit\u00e4ten &#8220;unter einem akademischen Dach&#8221; stattf\u00e4nden und &#8220;an die Grenzen&#8221; von Experimenten gingen, die auch zivil genutzt werden k\u00f6nnten.<\/p>\n<p>Der israelische Verteidigungsminister Galant warnte eindringlich vor der atomaren Aufr\u00fcstung\u00a0Irans. &#8220;Die gr\u00f6\u00dfte Bedrohung f\u00fcr die Zukunft der Welt ist Iran&#8221;,\u00a0behauptete er. Die Zeit laufe ab, das Land am Besitz von Atomwaffen zu hindern.\u00a0<\/p>\n<p>Auf Netanjahus Anweisung hin wurden sechs Arbeitsgruppen eingerichtet, wobei der Nationale Sicherheitsrat f\u00fcr die Leitung des Prozesses und die Sicherstellung seiner Durchf\u00fchrung verantwortlich ist: Ein Team unter der Leitung des Mossad befasst sich mit dem iranischen Atomprogramm und insbesondere mit der Frage m\u00f6glicher waffentechnischer Aktivit\u00e4ten. Ein weiteres Team unter der Leitung des Shin Bet\u00a0sei f\u00fcr iranische Einflussnahmen in der israelischen Gesellschaft zust\u00e4ndig, die im letzten Jahr zugenommen h\u00e4tten, so ein israelischer Beamter. Andere Teams befassen sich mit nachrichtendienstlicher und Cyber-Koordinierung sowie mit iranischen Aktivit\u00e4ten in der Region, mit der Hisbollah, den Huthi im Jemen und den Milizen im Irak und in Syrien. Das B\u00fcro des Premierministers lehnte eine diesbez\u00fcgliche Stellungnahme ab.<\/p>\n<p>Der Gouverneursrat der Internationalen Atomenergiebeh\u00f6rde (IAEA) hatte\u00a0zuvor im Juni in einer Resolution gefordert, dass\u00a0Iran nach jahrelangem Hinhalten endlich mit den IAEA-Inspektoren kooperieren solle, um offene Fragen zu vermuteten &#8220;geheimen Nuklear-Aktivit\u00e4ten&#8221; in der Vergangenheit zu kl\u00e4ren. Deutschland, Frankreich und Gro\u00dfbritannien drohten indirekt mit der Einschaltung des UN-Sicherheitsrates, falls\u00a0Teheran keine Antworten liefern sollte.\u00a0Irans\u00a0Regierung hatte\u00a0daraufhin gedroht, dass die Resolution mit einer &#8220;verh\u00e4ltnism\u00e4\u00dfigen, wirksamen und sofortigen Reaktion&#8221; beantwortet w\u00fcrde.<\/p>\n<p>Teheran\u00a0hatte 2015 eingewilligt, sein Nuklearprogramm stark einzuschr\u00e4nken. Daf\u00fcr versprachen westliche Staaten die Aufhebung bestimmter Sanktionen. Doch der damalige amerikanische Pr\u00e4sident Donald Trump k\u00fcndigte diesen Pakt schon bald auf. Iran fuhr daraufhin seine Uran-Anlagen wieder hoch.<\/p>\n<p><strong>Mehr zum Thema<\/strong> &#8211; <a rel=\"nofollow noopener\" target=\"_blank\" href=\"https:\/\/freedert.online\/der-nahe-osten\/205183-iran-droht-mit-aenderung-seiner\/\">Iran zieht \u00c4nderung seiner Atomdoktrin in Betracht<\/a><\/p>\n<div class=\"EmbedBlock-root EmbedBlock-externalVideo EmbedBlock-odysee\">\n<div class=\"VkEmbed\"><iframe class=\"lazyload\" data-src=\"https:\/\/odysee.com\/%24\/embed\/%40RTDE%3Ae%2FFaeser-stellt-Verfassungsschutzbericht-vor---Russland%2C-China-und-Iran-setzen-ihre-Nachrichtendienste-umfassend-gegen-Deutschland-ein-%3A6\" frameborder=\"0\" width=\"853\" height=\"480\" allowfullscreen><\/iframe><\/div>\n<\/div>\n<\/div>\n<p><br \/>\n<br \/><a href=\"https:\/\/de.rt.com\/der-nahe-osten\/210489-israel-setzt-arbeitsgruppen-zum-iranischen\/\">Source link <\/a><\/p>\n","protected":false},"excerpt":{"rendered":"<p>Israel und die USA sind besorgt, dass Iran in den Wochen vor den US-Pr\u00e4sidentschaftswahlen versuchen wird, seine Nukleartechnologie weiterzuentwickeln, einschlie\u00dflich der Bem\u00fchungen um eine atomare Bewaffnung. Der israelische Premierminister Benjamin Netanjahu hat vor zwei Wochen eine Arbeitsgruppe aus Mitgliedern des israelischen Verteidigungsministeriums, des Au\u00dfenministeriums und der Geheimdienste eingesetzt, die sich mit dem iranischen Atomprogramm befassen [&hellip;]<\/p>\n","protected":false},"author":3,"featured_media":63605,"comment_status":"open","ping_status":"open","sticky":false,"template":"","format":"standard","meta":{"_yoast_indexnow_last_ping":["1719478576"],"wp_automatic_camp":["217"],"ef9f93a905a28d61036f7f4724a95502":["Israel setzt Arbeitsgruppen zum iranischen Atomprogramm wieder ein"],"original_link":["https:\/\/de.rt.com\/der-nahe-osten\/210489-israel-setzt-arbeitsgruppen-zum-iranischen\/"],"_thumbnail_id":["63605"],"jnews_social_counter_last_update":["1777188227"],"_wptgpro_p2tg_sent2tg":["a:1:{i:23737;s:19:\"2024-06-27 10:59:05\";}"]},"categories":[19,23],"tags":[56080,55342,357,9614,432,1997,904,565],"yoast_head":"<!-- This site is optimized with the Yoast SEO Premium plugin v22.7 (Yoast SEO v22.7) - https:\/\/yoast.com\/wordpress\/plugins\/seo\/ -->\n<title>Israel setzt Arbeitsgruppen zum iranischen Atomprogramm wieder ein - just-now.NEWS Deutschland<\/title>\n<meta name=\"robots\" content=\"index, follow, max-snippet:-1, max-image-preview:large, max-video-preview:-1\" \/>\n<link rel=\"canonical\" href=\"https:\/\/now-news.de\/de\/deutschland\/israel-setzt-arbeitsgruppen-zum-iranischen-atomprogramm-wieder-ein\/\" \/>\n<meta property=\"og:locale\" content=\"de_DE\" \/>\n<meta property=\"og:type\" content=\"article\" \/>\n<meta property=\"og:title\" content=\"Israel setzt Arbeitsgruppen zum iranischen Atomprogramm wieder ein\" \/>\n<meta property=\"og:description\" content=\"Israel und die USA sind besorgt, dass Iran in den Wochen vor den US-Pr\u00e4sidentschaftswahlen versuchen wird, seine Nukleartechnologie weiterzuentwickeln, einschlie\u00dflich der Bem\u00fchungen um eine atomare Bewaffnung. Der israelische Premierminister Benjamin Netanjahu hat vor zwei Wochen eine Arbeitsgruppe aus Mitgliedern des israelischen Verteidigungsministeriums, des Au\u00dfenministeriums und der Geheimdienste eingesetzt, die sich mit dem iranischen Atomprogramm befassen [&hellip;]\" \/>\n<meta property=\"og:url\" content=\"https:\/\/now-news.de\/de\/deutschland\/israel-setzt-arbeitsgruppen-zum-iranischen-atomprogramm-wieder-ein\/\" \/>\n<meta property=\"og:site_name\" content=\"just-now.NEWS Deutschland\" \/>\n<meta property=\"article:publisher\" content=\"https:\/\/www.facebook.com\/wirmachenauf\" \/>\n<meta property=\"article:published_time\" content=\"2024-06-27T08:40:24+00:00\" \/>\n<meta property=\"og:image\" content=\"https:\/\/now-news.de\/de\/wp-content\/uploads\/sites\/3\/2024\/06\/667d157248fbef2cd054d3bb.jpg\" \/>\n<meta name=\"author\" content=\"rtnews\" \/>\n<meta name=\"twitter:card\" content=\"summary_large_image\" \/>\n<meta name=\"twitter:creator\" content=\"@WirMachenAuf_de\" \/>\n<meta name=\"twitter:site\" content=\"@WirMachenAuf_de\" \/>\n<meta name=\"twitter:label1\" content=\"Verfasst von\" \/>\n\t<meta name=\"twitter:data1\" content=\"rtnews\" \/>\n\t<meta name=\"twitter:label2\" content=\"Gesch\u00e4tzte Lesezeit\" \/>\n\t<meta name=\"twitter:data2\" content=\"3\u00a0Minuten\" \/>\n<script type=\"application\/ld+json\" class=\"yoast-schema-graph\">{\"@context\":\"https:\/\/schema.org\",\"@graph\":[{\"@type\":\"Article\",\"@id\":\"https:\/\/now-news.de\/de\/deutschland\/israel-setzt-arbeitsgruppen-zum-iranischen-atomprogramm-wieder-ein\/#article\",\"isPartOf\":{\"@id\":\"https:\/\/now-news.de\/de\/deutschland\/israel-setzt-arbeitsgruppen-zum-iranischen-atomprogramm-wieder-ein\/\"},\"author\":{\"name\":\"rtnews\",\"@id\":\"https:\/\/now-news.de\/de\/#\/schema\/person\/fb534a4e865501d8b3285208df34a9b5\"},\"headline\":\"Israel setzt Arbeitsgruppen zum iranischen Atomprogramm wieder ein\",\"datePublished\":\"2024-06-27T08:40:24+00:00\",\"dateModified\":\"2024-06-27T08:40:24+00:00\",\"mainEntityOfPage\":{\"@id\":\"https:\/\/now-news.de\/de\/deutschland\/israel-setzt-arbeitsgruppen-zum-iranischen-atomprogramm-wieder-ein\/\"},\"wordCount\":519,\"commentCount\":0,\"publisher\":{\"@id\":\"https:\/\/now-news.de\/de\/#organization\"},\"image\":{\"@id\":\"https:\/\/now-news.de\/de\/deutschland\/israel-setzt-arbeitsgruppen-zum-iranischen-atomprogramm-wieder-ein\/#primaryimage\"},\"thumbnailUrl\":\"https:\/\/now-news.de\/de\/wp-content\/uploads\/sites\/3\/2024\/06\/Israel-setzt-Arbeitsgruppen-zum-iranischen-Atomprogramm-wieder-ein.jpg\",\"keywords\":[\"Arbeitsgruppen\",\"Atomprogramm\",\"ein\",\"iranischen\",\"Israel\",\"setzt\",\"wieder\",\"zum\"],\"articleSection\":[\"Deutschland\",\"Russland\"],\"inLanguage\":\"de\",\"potentialAction\":[{\"@type\":\"CommentAction\",\"name\":\"Comment\",\"target\":[\"https:\/\/now-news.de\/de\/deutschland\/israel-setzt-arbeitsgruppen-zum-iranischen-atomprogramm-wieder-ein\/#respond\"]}]},{\"@type\":\"WebPage\",\"@id\":\"https:\/\/now-news.de\/de\/deutschland\/israel-setzt-arbeitsgruppen-zum-iranischen-atomprogramm-wieder-ein\/\",\"url\":\"https:\/\/now-news.de\/de\/deutschland\/israel-setzt-arbeitsgruppen-zum-iranischen-atomprogramm-wieder-ein\/\",\"name\":\"Israel setzt Arbeitsgruppen zum iranischen Atomprogramm wieder ein - just-now.NEWS Deutschland\",\"isPartOf\":{\"@id\":\"https:\/\/now-news.de\/de\/#website\"},\"primaryImageOfPage\":{\"@id\":\"https:\/\/now-news.de\/de\/deutschland\/israel-setzt-arbeitsgruppen-zum-iranischen-atomprogramm-wieder-ein\/#primaryimage\"},\"image\":{\"@id\":\"https:\/\/now-news.de\/de\/deutschland\/israel-setzt-arbeitsgruppen-zum-iranischen-atomprogramm-wieder-ein\/#primaryimage\"},\"thumbnailUrl\":\"https:\/\/now-news.de\/de\/wp-content\/uploads\/sites\/3\/2024\/06\/Israel-setzt-Arbeitsgruppen-zum-iranischen-Atomprogramm-wieder-ein.jpg\",\"datePublished\":\"2024-06-27T08:40:24+00:00\",\"dateModified\":\"2024-06-27T08:40:24+00:00\",\"breadcrumb\":{\"@id\":\"https:\/\/now-news.de\/de\/deutschland\/israel-setzt-arbeitsgruppen-zum-iranischen-atomprogramm-wieder-ein\/#breadcrumb\"},\"inLanguage\":\"de\",\"potentialAction\":[{\"@type\":\"ReadAction\",\"target\":[\"https:\/\/now-news.de\/de\/deutschland\/israel-setzt-arbeitsgruppen-zum-iranischen-atomprogramm-wieder-ein\/\"]}]},{\"@type\":\"ImageObject\",\"inLanguage\":\"de\",\"@id\":\"https:\/\/now-news.de\/de\/deutschland\/israel-setzt-arbeitsgruppen-zum-iranischen-atomprogramm-wieder-ein\/#primaryimage\",\"url\":\"https:\/\/now-news.de\/de\/wp-content\/uploads\/sites\/3\/2024\/06\/Israel-setzt-Arbeitsgruppen-zum-iranischen-Atomprogramm-wieder-ein.jpg\",\"contentUrl\":\"https:\/\/now-news.de\/de\/wp-content\/uploads\/sites\/3\/2024\/06\/Israel-setzt-Arbeitsgruppen-zum-iranischen-Atomprogramm-wieder-ein.jpg\",\"width\":460,\"height\":259,\"caption\":\"Israel setzt Arbeitsgruppen zum iranischen Atomprogramm wieder ein\"},{\"@type\":\"BreadcrumbList\",\"@id\":\"https:\/\/now-news.de\/de\/deutschland\/israel-setzt-arbeitsgruppen-zum-iranischen-atomprogramm-wieder-ein\/#breadcrumb\",\"itemListElement\":[{\"@type\":\"ListItem\",\"position\":1,\"name\":\"Home\",\"item\":\"https:\/\/now-news.de\/de\/\"},{\"@type\":\"ListItem\",\"position\":2,\"name\":\"Israel setzt Arbeitsgruppen zum iranischen Atomprogramm wieder ein\"}]},{\"@type\":\"WebSite\",\"@id\":\"https:\/\/now-news.de\/de\/#website\",\"url\":\"https:\/\/now-news.de\/de\/\",\"name\":\"just-now.NEWS Deutschland\",\"description\":\"Das Portal f\u00fcr unzensierte Nachrichten aus der Welt\",\"publisher\":{\"@id\":\"https:\/\/now-news.de\/de\/#organization\"},\"potentialAction\":[{\"@type\":\"SearchAction\",\"target\":{\"@type\":\"EntryPoint\",\"urlTemplate\":\"https:\/\/now-news.de\/de\/?s={search_term_string}\"},\"query-input\":\"required name=search_term_string\"}],\"inLanguage\":\"de\"},{\"@type\":\"Organization\",\"@id\":\"https:\/\/now-news.de\/de\/#organization\",\"name\":\"Just Now News\",\"url\":\"https:\/\/now-news.de\/de\/\",\"logo\":{\"@type\":\"ImageObject\",\"inLanguage\":\"de\",\"@id\":\"https:\/\/now-news.de\/de\/#\/schema\/logo\/image\/\",\"url\":\"http:\/\/just-now.news\/de\/wp-content\/uploads\/sites\/3\/2022\/04\/logo500x500.jpg\",\"contentUrl\":\"http:\/\/just-now.news\/de\/wp-content\/uploads\/sites\/3\/2022\/04\/logo500x500.jpg\",\"width\":500,\"height\":500,\"caption\":\"Just Now News\"},\"image\":{\"@id\":\"https:\/\/now-news.de\/de\/#\/schema\/logo\/image\/\"},\"sameAs\":[\"https:\/\/www.facebook.com\/wirmachenauf\",\"https:\/\/x.com\/WirMachenAuf_de\"]},{\"@type\":\"Person\",\"@id\":\"https:\/\/now-news.de\/de\/#\/schema\/person\/fb534a4e865501d8b3285208df34a9b5\",\"name\":\"rtnews\",\"image\":{\"@type\":\"ImageObject\",\"inLanguage\":\"de\",\"@id\":\"https:\/\/now-news.de\/de\/#\/schema\/person\/image\/\",\"url\":\"https:\/\/secure.gravatar.com\/avatar\/82aafea7d8127119dd649515f56e2117?s=96&d=mm&r=g\",\"contentUrl\":\"https:\/\/secure.gravatar.com\/avatar\/82aafea7d8127119dd649515f56e2117?s=96&d=mm&r=g\",\"caption\":\"rtnews\"},\"url\":\"https:\/\/now-news.de\/de\/author\/rnews\/\"}]}<\/script>\n<!-- \/ Yoast SEO Premium plugin. -->","yoast_head_json":{"title":"Israel setzt Arbeitsgruppen zum iranischen Atomprogramm wieder ein - just-now.NEWS Deutschland","robots":{"index":"index","follow":"follow","max-snippet":"max-snippet:-1","max-image-preview":"max-image-preview:large","max-video-preview":"max-video-preview:-1"},"canonical":"https:\/\/now-news.de\/de\/deutschland\/israel-setzt-arbeitsgruppen-zum-iranischen-atomprogramm-wieder-ein\/","og_locale":"de_DE","og_type":"article","og_title":"Israel setzt Arbeitsgruppen zum iranischen Atomprogramm wieder ein","og_description":"Israel und die USA sind besorgt, dass Iran in den Wochen vor den US-Pr\u00e4sidentschaftswahlen versuchen wird, seine Nukleartechnologie weiterzuentwickeln, einschlie\u00dflich der Bem\u00fchungen um eine atomare Bewaffnung. Der israelische Premierminister Benjamin Netanjahu hat vor zwei Wochen eine Arbeitsgruppe aus Mitgliedern des israelischen Verteidigungsministeriums, des Au\u00dfenministeriums und der Geheimdienste eingesetzt, die sich mit dem iranischen Atomprogramm befassen [&hellip;]","og_url":"https:\/\/now-news.de\/de\/deutschland\/israel-setzt-arbeitsgruppen-zum-iranischen-atomprogramm-wieder-ein\/","og_site_name":"just-now.NEWS Deutschland","article_publisher":"https:\/\/www.facebook.com\/wirmachenauf","article_published_time":"2024-06-27T08:40:24+00:00","og_image":[{"url":"https:\/\/now-news.de\/de\/wp-content\/uploads\/sites\/3\/2024\/06\/667d157248fbef2cd054d3bb.jpg"}],"author":"rtnews","twitter_card":"summary_large_image","twitter_creator":"@WirMachenAuf_de","twitter_site":"@WirMachenAuf_de","twitter_misc":{"Verfasst von":"rtnews","Gesch\u00e4tzte Lesezeit":"3\u00a0Minuten"},"schema":{"@context":"https:\/\/schema.org","@graph":[{"@type":"Article","@id":"https:\/\/now-news.de\/de\/deutschland\/israel-setzt-arbeitsgruppen-zum-iranischen-atomprogramm-wieder-ein\/#article","isPartOf":{"@id":"https:\/\/now-news.de\/de\/deutschland\/israel-setzt-arbeitsgruppen-zum-iranischen-atomprogramm-wieder-ein\/"},"author":{"name":"rtnews","@id":"https:\/\/now-news.de\/de\/#\/schema\/person\/fb534a4e865501d8b3285208df34a9b5"},"headline":"Israel setzt Arbeitsgruppen zum iranischen Atomprogramm wieder ein","datePublished":"2024-06-27T08:40:24+00:00","dateModified":"2024-06-27T08:40:24+00:00","mainEntityOfPage":{"@id":"https:\/\/now-news.de\/de\/deutschland\/israel-setzt-arbeitsgruppen-zum-iranischen-atomprogramm-wieder-ein\/"},"wordCount":519,"commentCount":0,"publisher":{"@id":"https:\/\/now-news.de\/de\/#organization"},"image":{"@id":"https:\/\/now-news.de\/de\/deutschland\/israel-setzt-arbeitsgruppen-zum-iranischen-atomprogramm-wieder-ein\/#primaryimage"},"thumbnailUrl":"https:\/\/now-news.de\/de\/wp-content\/uploads\/sites\/3\/2024\/06\/Israel-setzt-Arbeitsgruppen-zum-iranischen-Atomprogramm-wieder-ein.jpg","keywords":["Arbeitsgruppen","Atomprogramm","ein","iranischen","Israel","setzt","wieder","zum"],"articleSection":["Deutschland","Russland"],"inLanguage":"de","potentialAction":[{"@type":"CommentAction","name":"Comment","target":["https:\/\/now-news.de\/de\/deutschland\/israel-setzt-arbeitsgruppen-zum-iranischen-atomprogramm-wieder-ein\/#respond"]}]},{"@type":"WebPage","@id":"https:\/\/now-news.de\/de\/deutschland\/israel-setzt-arbeitsgruppen-zum-iranischen-atomprogramm-wieder-ein\/","url":"https:\/\/now-news.de\/de\/deutschland\/israel-setzt-arbeitsgruppen-zum-iranischen-atomprogramm-wieder-ein\/","name":"Israel setzt Arbeitsgruppen zum iranischen Atomprogramm wieder ein - just-now.NEWS Deutschland","isPartOf":{"@id":"https:\/\/now-news.de\/de\/#website"},"primaryImageOfPage":{"@id":"https:\/\/now-news.de\/de\/deutschland\/israel-setzt-arbeitsgruppen-zum-iranischen-atomprogramm-wieder-ein\/#primaryimage"},"image":{"@id":"https:\/\/now-news.de\/de\/deutschland\/israel-setzt-arbeitsgruppen-zum-iranischen-atomprogramm-wieder-ein\/#primaryimage"},"thumbnailUrl":"https:\/\/now-news.de\/de\/wp-content\/uploads\/sites\/3\/2024\/06\/Israel-setzt-Arbeitsgruppen-zum-iranischen-Atomprogramm-wieder-ein.jpg","datePublished":"2024-06-27T08:40:24+00:00","dateModified":"2024-06-27T08:40:24+00:00","breadcrumb":{"@id":"https:\/\/now-news.de\/de\/deutschland\/israel-setzt-arbeitsgruppen-zum-iranischen-atomprogramm-wieder-ein\/#breadcrumb"},"inLanguage":"de","potentialAction":[{"@type":"ReadAction","target":["https:\/\/now-news.de\/de\/deutschland\/israel-setzt-arbeitsgruppen-zum-iranischen-atomprogramm-wieder-ein\/"]}]},{"@type":"ImageObject","inLanguage":"de","@id":"https:\/\/now-news.de\/de\/deutschland\/israel-setzt-arbeitsgruppen-zum-iranischen-atomprogramm-wieder-ein\/#primaryimage","url":"https:\/\/now-news.de\/de\/wp-content\/uploads\/sites\/3\/2024\/06\/Israel-setzt-Arbeitsgruppen-zum-iranischen-Atomprogramm-wieder-ein.jpg","contentUrl":"https:\/\/now-news.de\/de\/wp-content\/uploads\/sites\/3\/2024\/06\/Israel-setzt-Arbeitsgruppen-zum-iranischen-Atomprogramm-wieder-ein.jpg","width":460,"height":259,"caption":"Israel setzt Arbeitsgruppen zum iranischen Atomprogramm wieder ein"},{"@type":"BreadcrumbList","@id":"https:\/\/now-news.de\/de\/deutschland\/israel-setzt-arbeitsgruppen-zum-iranischen-atomprogramm-wieder-ein\/#breadcrumb","itemListElement":[{"@type":"ListItem","position":1,"name":"Home","item":"https:\/\/now-news.de\/de\/"},{"@type":"ListItem","position":2,"name":"Israel setzt Arbeitsgruppen zum iranischen Atomprogramm wieder ein"}]},{"@type":"WebSite","@id":"https:\/\/now-news.de\/de\/#website","url":"https:\/\/now-news.de\/de\/","name":"just-now.NEWS Deutschland","description":"Das Portal f\u00fcr unzensierte Nachrichten aus der Welt","publisher":{"@id":"https:\/\/now-news.de\/de\/#organization"},"potentialAction":[{"@type":"SearchAction","target":{"@type":"EntryPoint","urlTemplate":"https:\/\/now-news.de\/de\/?s={search_term_string}"},"query-input":"required name=search_term_string"}],"inLanguage":"de"},{"@type":"Organization","@id":"https:\/\/now-news.de\/de\/#organization","name":"Just Now News","url":"https:\/\/now-news.de\/de\/","logo":{"@type":"ImageObject","inLanguage":"de","@id":"https:\/\/now-news.de\/de\/#\/schema\/logo\/image\/","url":"http:\/\/just-now.news\/de\/wp-content\/uploads\/sites\/3\/2022\/04\/logo500x500.jpg","contentUrl":"http:\/\/just-now.news\/de\/wp-content\/uploads\/sites\/3\/2022\/04\/logo500x500.jpg","width":500,"height":500,"caption":"Just Now News"},"image":{"@id":"https:\/\/now-news.de\/de\/#\/schema\/logo\/image\/"},"sameAs":["https:\/\/www.facebook.com\/wirmachenauf","https:\/\/x.com\/WirMachenAuf_de"]},{"@type":"Person","@id":"https:\/\/now-news.de\/de\/#\/schema\/person\/fb534a4e865501d8b3285208df34a9b5","name":"rtnews","image":{"@type":"ImageObject","inLanguage":"de","@id":"https:\/\/now-news.de\/de\/#\/schema\/person\/image\/","url":"https:\/\/secure.gravatar.com\/avatar\/82aafea7d8127119dd649515f56e2117?s=96&d=mm&r=g","contentUrl":"https:\/\/secure.gravatar.com\/avatar\/82aafea7d8127119dd649515f56e2117?s=96&d=mm&r=g","caption":"rtnews"},"url":"https:\/\/now-news.de\/de\/author\/rnews\/"}]}},"_links":{"self":[{"href":"https:\/\/now-news.de\/de\/wp-json\/wp\/v2\/posts\/63604"}],"collection":[{"href":"https:\/\/now-news.de\/de\/wp-json\/wp\/v2\/posts"}],"about":[{"href":"https:\/\/now-news.de\/de\/wp-json\/wp\/v2\/types\/post"}],"author":[{"embeddable":true,"href":"https:\/\/now-news.de\/de\/wp-json\/wp\/v2\/users\/3"}],"replies":[{"embeddable":true,"href":"https:\/\/now-news.de\/de\/wp-json\/wp\/v2\/comments?post=63604"}],"version-history":[{"count":0,"href":"https:\/\/now-news.de\/de\/wp-json\/wp\/v2\/posts\/63604\/revisions"}],"wp:featuredmedia":[{"embeddable":true,"href":"https:\/\/now-news.de\/de\/wp-json\/wp\/v2\/media\/63605"}],"wp:attachment":[{"href":"https:\/\/now-news.de\/de\/wp-json\/wp\/v2\/media?parent=63604"}],"wp:term":[{"taxonomy":"category","embeddable":true,"href":"https:\/\/now-news.de\/de\/wp-json\/wp\/v2\/categories?post=63604"},{"taxonomy":"post_tag","embeddable":true,"href":"https:\/\/now-news.de\/de\/wp-json\/wp\/v2\/tags?post=63604"}],"curies":[{"name":"wp","href":"https:\/\/api.w.org\/{rel}","templated":true}]}}