{"id":63444,"date":"2024-06-24T21:31:54","date_gmt":"2024-06-24T19:31:54","guid":{"rendered":"https:\/\/now-news.de\/de\/deutschland\/russisches-aussenministerium-kritisiert-sprachlichen-voelkermord-in-der-ukraine-und-im-baltikum\/"},"modified":"2024-06-24T21:31:54","modified_gmt":"2024-06-24T19:31:54","slug":"russisches-aussenministerium-kritisiert-sprachlichen-voelkermord-in-der-ukraine-und-im-baltikum","status":"publish","type":"post","link":"https:\/\/now-news.de\/de\/deutschland\/russisches-aussenministerium-kritisiert-sprachlichen-voelkermord-in-der-ukraine-und-im-baltikum\/","title":{"rendered":"Russisches Au\u00dfenministerium kritisiert &quot;sprachlichen V\u00f6lkermord&quot; in der Ukraine und im Baltikum"},"content":{"rendered":"<p><img decoding=\"async\" src=\"https:\/\/now-news.de\/de\/wp-content\/uploads\/sites\/3\/2024\/06\/6679c929b480cc2eb92f18ca.jpg\" \/><\/p>\n<div class=\"Text-root Text-type_1 \">\n                In der Ukraine und in den baltischen Staaten wird ein &#8220;sprachlicher V\u00f6lkermord&#8221; gegen die dort lebende russischsprachige Bev\u00f6lkerung betrieben. Das erkl\u00e4rte eine hochrangige russische Diplomatin. Diese Verletzung der internationalen Normen werde vom Westen ignoriert.\n            <\/div>\n<p><\/p>\n<div class=\"Text-root Text-type_5 ArticleView-text ViewText-root \">\n<p>Die &#8220;fortschrittlichen&#8221; L\u00e4nder der Welt bemerken den &#8220;sprachlichen V\u00f6lkermord&#8221; nicht, der in der Ukraine und den baltischen Staaten an der russischsprachigen Bev\u00f6lkerung ver\u00fcbt wird, deren sprachliche Rechte unterdr\u00fcckt werden. Darauf verweist Tatjana Dowgalenko, Exekutivsekret\u00e4rin der russischen UNESCO-Kommission und stellvertretende Direktorin der Abteilung f\u00fcr multilaterale humanit\u00e4re Zusammenarbeit und kulturelle Beziehungen des russischen Au\u00dfenministeriums.<\/p>\n<p>Auf einer Pressekonferenz im internationalen Multimedia-Pressezentrum von Rossija Segodnja stellte sie fest, dass die Ukraine und die baltischen Staaten einen &#8220;faktischen sprachlichen V\u00f6lkermord&#8221; inszeniert haben und gegen das Recht auf die russische Sprache vorgehen. Die Diplomatin betonte:<\/p>\n<p><em>&#8220;Dies geschieht in v\u00f6lliger Verletzung ihrer internationalen Verpflichtungen, einschlie\u00dflich der UNESCO.<\/em><\/p>\n<p><em>Nat\u00fcrlich geschieht dies mit dem Schweigen, man k\u00f6nnte sagen mit der Verschw\u00f6rung der Weltgemeinschaft, wenn &#8220;fortschrittliche&#8221; L\u00e4nder, die sich vor allem f\u00fcr die Einhaltung von Rechten einsetzen, hier einen solchen Angriff auf die Rechte und die Unterdr\u00fcckung der russischsprachigen Bev\u00f6lkerung nicht sehen, nicht bemerken.&#8221;<\/em><\/p>\n<p>Nach dem Staatsstreich in der Ukraine im Jahr 2014 begannen die Beh\u00f6rden des Landes, nicht nur die \u00dcberreste des sowjetischen Geschichtserbes im Land zu bek\u00e4mpfen, sondern auch alles, was mit Russland zu tun hat, einschlie\u00dflich der russischen Sprache. Im Jahr 2019 verabschiedete die Werchowna Rada das Gesetz &#8220;\u00dcber die Gew\u00e4hrleistung des Funktionierens der ukrainischen Sprache als Staatssprache&#8221;. Es besagt, dass die B\u00fcrgerinnen und B\u00fcrger in allen Lebensbereichen Ukrainisch verwenden sollen. Der russische Au\u00dfenminister Sergei Lawrow hatte zuvor erkl\u00e4rt, dass die ukrainischen Beh\u00f6rden seit vielen Jahren einen Kurs der aggressiven Derussifizierung und Zwangsassimilierung verfolgen, w\u00e4hrend internationale Organisationen die Diskriminierung nationaler Minderheiten, insbesondere der russischen Bev\u00f6lkerung, ignorierten.<\/p>\n<p>Im vergangenen Dezember wies der russische Pr\u00e4sident Wladimir Putin darauf hin, dass die baltischen Staaten, in denen Russophobie schon lange vor der milit\u00e4rischen Sonderoperation Russlands in der Ukraine weitverbreitet war, die Situation ausgenutzt h\u00e4tten, um zu versuchen, innenpolitische Aufgaben gegen die russischen Minderheiten in diesen L\u00e4ndern zu l\u00f6sen.<\/p>\n<p><strong>Mehr zum Thema<\/strong> \u2013 <a rel=\"nofollow noopener\" target=\"_blank\" href=\"https:\/\/freedert.online\/international\/205096-neue-hass-runde-russische-wissenschaftler\/\"> Neue Hass-Runde: Russische Wissenschaftler werden gezwungen, sich von ihrem Land loszusagen<\/a><\/p>\n<\/p>\n<\/div>\n<p><br \/>\n<br \/><a href=\"https:\/\/de.rt.com\/europa\/210152-russisches-aussenministerium-kritisiert-sprachlichen-voelkermord\/\">Source link <\/a><\/p>\n","protected":false},"excerpt":{"rendered":"<p>In der Ukraine und in den baltischen Staaten wird ein &#8220;sprachlicher V\u00f6lkermord&#8221; gegen die dort lebende russischsprachige Bev\u00f6lkerung betrieben. Das erkl\u00e4rte eine hochrangige russische Diplomatin. Diese Verletzung der internationalen Normen werde vom Westen ignoriert. Die &#8220;fortschrittlichen&#8221; L\u00e4nder der Welt bemerken den &#8220;sprachlichen V\u00f6lkermord&#8221; nicht, der in der Ukraine und den baltischen Staaten an der russischsprachigen [&hellip;]<\/p>\n","protected":false},"author":3,"featured_media":63445,"comment_status":"open","ping_status":"open","sticky":false,"template":"","format":"standard","meta":{"_yoast_indexnow_last_ping":["1719258008"],"wp_automatic_camp":["217"],"b35eded5fa218fa9863b0d732a992d5e":["Russisches Au\u00dfenministerium kritisiert &quot;sprachlichen V\u00f6lkermord&quot; in der Ukraine und im Baltikum"],"original_link":["https:\/\/de.rt.com\/europa\/210152-russisches-aussenministerium-kritisiert-sprachlichen-voelkermord\/"],"_thumbnail_id":["63445"],"_wptgpro_p2tg_sent2tg":["a:1:{i:23737;s:19:\"2024-06-24 21:41:19\";}"],"jnews_social_counter_last_update":["1777655183"]},"categories":[19,23],"tags":[16681,35179,82,739,56008,795,127,140,27184],"yoast_head":"<!-- This site is optimized with the Yoast SEO Premium plugin v22.7 (Yoast SEO v22.7) - https:\/\/yoast.com\/wordpress\/plugins\/seo\/ -->\n<title>Russisches Au\u00dfenministerium kritisiert &quot;sprachlichen V\u00f6lkermord&quot; in der Ukraine und im Baltikum - just-now.NEWS Deutschland<\/title>\n<meta name=\"robots\" content=\"index, follow, max-snippet:-1, max-image-preview:large, max-video-preview:-1\" \/>\n<link rel=\"canonical\" href=\"https:\/\/now-news.de\/de\/deutschland\/russisches-aussenministerium-kritisiert-sprachlichen-voelkermord-in-der-ukraine-und-im-baltikum\/\" \/>\n<meta property=\"og:locale\" content=\"de_DE\" \/>\n<meta property=\"og:type\" content=\"article\" \/>\n<meta property=\"og:title\" content=\"Russisches Au\u00dfenministerium kritisiert &quot;sprachlichen V\u00f6lkermord&quot; in der Ukraine und im Baltikum\" \/>\n<meta property=\"og:description\" content=\"In der Ukraine und in den baltischen Staaten wird ein &#8220;sprachlicher V\u00f6lkermord&#8221; gegen die dort lebende russischsprachige Bev\u00f6lkerung betrieben. Das erkl\u00e4rte eine hochrangige russische Diplomatin. Diese Verletzung der internationalen Normen werde vom Westen ignoriert. Die &#8220;fortschrittlichen&#8221; L\u00e4nder der Welt bemerken den &#8220;sprachlichen V\u00f6lkermord&#8221; nicht, der in der Ukraine und den baltischen Staaten an der russischsprachigen [&hellip;]\" \/>\n<meta property=\"og:url\" content=\"https:\/\/now-news.de\/de\/deutschland\/russisches-aussenministerium-kritisiert-sprachlichen-voelkermord-in-der-ukraine-und-im-baltikum\/\" \/>\n<meta property=\"og:site_name\" content=\"just-now.NEWS Deutschland\" \/>\n<meta property=\"article:publisher\" content=\"https:\/\/www.facebook.com\/wirmachenauf\" \/>\n<meta property=\"article:published_time\" content=\"2024-06-24T19:31:54+00:00\" \/>\n<meta property=\"og:image\" content=\"https:\/\/now-news.de\/de\/wp-content\/uploads\/sites\/3\/2024\/06\/6679c929b480cc2eb92f18ca.jpg\" \/>\n<meta name=\"author\" content=\"rtnews\" \/>\n<meta name=\"twitter:card\" content=\"summary_large_image\" \/>\n<meta name=\"twitter:creator\" content=\"@WirMachenAuf_de\" \/>\n<meta name=\"twitter:site\" content=\"@WirMachenAuf_de\" \/>\n<meta name=\"twitter:label1\" content=\"Verfasst von\" \/>\n\t<meta name=\"twitter:data1\" content=\"rtnews\" \/>\n\t<meta name=\"twitter:label2\" content=\"Gesch\u00e4tzte Lesezeit\" \/>\n\t<meta name=\"twitter:data2\" content=\"2\u00a0Minuten\" \/>\n<script type=\"application\/ld+json\" class=\"yoast-schema-graph\">{\"@context\":\"https:\/\/schema.org\",\"@graph\":[{\"@type\":\"Article\",\"@id\":\"https:\/\/now-news.de\/de\/deutschland\/russisches-aussenministerium-kritisiert-sprachlichen-voelkermord-in-der-ukraine-und-im-baltikum\/#article\",\"isPartOf\":{\"@id\":\"https:\/\/now-news.de\/de\/deutschland\/russisches-aussenministerium-kritisiert-sprachlichen-voelkermord-in-der-ukraine-und-im-baltikum\/\"},\"author\":{\"name\":\"rtnews\",\"@id\":\"https:\/\/now-news.de\/de\/#\/schema\/person\/fb534a4e865501d8b3285208df34a9b5\"},\"headline\":\"Russisches Au\u00dfenministerium kritisiert &quot;sprachlichen V\u00f6lkermord&quot; in der Ukraine und im Baltikum\",\"datePublished\":\"2024-06-24T19:31:54+00:00\",\"dateModified\":\"2024-06-24T19:31:54+00:00\",\"mainEntityOfPage\":{\"@id\":\"https:\/\/now-news.de\/de\/deutschland\/russisches-aussenministerium-kritisiert-sprachlichen-voelkermord-in-der-ukraine-und-im-baltikum\/\"},\"wordCount\":399,\"commentCount\":0,\"publisher\":{\"@id\":\"https:\/\/now-news.de\/de\/#organization\"},\"image\":{\"@id\":\"https:\/\/now-news.de\/de\/deutschland\/russisches-aussenministerium-kritisiert-sprachlichen-voelkermord-in-der-ukraine-und-im-baltikum\/#primaryimage\"},\"thumbnailUrl\":\"https:\/\/now-news.de\/de\/wp-content\/uploads\/sites\/3\/2024\/06\/Russisches-Aussenministerium-kritisiert-quotsprachlichen-Voelkermordquot-in-der-Ukraine-und-im.jpg\",\"keywords\":[\"Au\u00dfenministerium\",\"Baltikum\",\"der\",\"kritisiert\",\"quotsprachlichen\",\"Russisches\",\"ukraine\",\"und\",\"V\u00f6lkermordquot\"],\"articleSection\":[\"Deutschland\",\"Russland\"],\"inLanguage\":\"de\",\"potentialAction\":[{\"@type\":\"CommentAction\",\"name\":\"Comment\",\"target\":[\"https:\/\/now-news.de\/de\/deutschland\/russisches-aussenministerium-kritisiert-sprachlichen-voelkermord-in-der-ukraine-und-im-baltikum\/#respond\"]}]},{\"@type\":\"WebPage\",\"@id\":\"https:\/\/now-news.de\/de\/deutschland\/russisches-aussenministerium-kritisiert-sprachlichen-voelkermord-in-der-ukraine-und-im-baltikum\/\",\"url\":\"https:\/\/now-news.de\/de\/deutschland\/russisches-aussenministerium-kritisiert-sprachlichen-voelkermord-in-der-ukraine-und-im-baltikum\/\",\"name\":\"Russisches Au\u00dfenministerium kritisiert &quot;sprachlichen V\u00f6lkermord&quot; in der Ukraine und im Baltikum - just-now.NEWS Deutschland\",\"isPartOf\":{\"@id\":\"https:\/\/now-news.de\/de\/#website\"},\"primaryImageOfPage\":{\"@id\":\"https:\/\/now-news.de\/de\/deutschland\/russisches-aussenministerium-kritisiert-sprachlichen-voelkermord-in-der-ukraine-und-im-baltikum\/#primaryimage\"},\"image\":{\"@id\":\"https:\/\/now-news.de\/de\/deutschland\/russisches-aussenministerium-kritisiert-sprachlichen-voelkermord-in-der-ukraine-und-im-baltikum\/#primaryimage\"},\"thumbnailUrl\":\"https:\/\/now-news.de\/de\/wp-content\/uploads\/sites\/3\/2024\/06\/Russisches-Aussenministerium-kritisiert-quotsprachlichen-Voelkermordquot-in-der-Ukraine-und-im.jpg\",\"datePublished\":\"2024-06-24T19:31:54+00:00\",\"dateModified\":\"2024-06-24T19:31:54+00:00\",\"breadcrumb\":{\"@id\":\"https:\/\/now-news.de\/de\/deutschland\/russisches-aussenministerium-kritisiert-sprachlichen-voelkermord-in-der-ukraine-und-im-baltikum\/#breadcrumb\"},\"inLanguage\":\"de\",\"potentialAction\":[{\"@type\":\"ReadAction\",\"target\":[\"https:\/\/now-news.de\/de\/deutschland\/russisches-aussenministerium-kritisiert-sprachlichen-voelkermord-in-der-ukraine-und-im-baltikum\/\"]}]},{\"@type\":\"ImageObject\",\"inLanguage\":\"de\",\"@id\":\"https:\/\/now-news.de\/de\/deutschland\/russisches-aussenministerium-kritisiert-sprachlichen-voelkermord-in-der-ukraine-und-im-baltikum\/#primaryimage\",\"url\":\"https:\/\/now-news.de\/de\/wp-content\/uploads\/sites\/3\/2024\/06\/Russisches-Aussenministerium-kritisiert-quotsprachlichen-Voelkermordquot-in-der-Ukraine-und-im.jpg\",\"contentUrl\":\"https:\/\/now-news.de\/de\/wp-content\/uploads\/sites\/3\/2024\/06\/Russisches-Aussenministerium-kritisiert-quotsprachlichen-Voelkermordquot-in-der-Ukraine-und-im.jpg\",\"width\":460,\"height\":259,\"caption\":\"Russisches Au\u00dfenministerium kritisiert &quot;sprachlichen V\u00f6lkermord&quot; in der Ukraine und im Baltikum\"},{\"@type\":\"BreadcrumbList\",\"@id\":\"https:\/\/now-news.de\/de\/deutschland\/russisches-aussenministerium-kritisiert-sprachlichen-voelkermord-in-der-ukraine-und-im-baltikum\/#breadcrumb\",\"itemListElement\":[{\"@type\":\"ListItem\",\"position\":1,\"name\":\"Home\",\"item\":\"https:\/\/now-news.de\/de\/\"},{\"@type\":\"ListItem\",\"position\":2,\"name\":\"Russisches Au\u00dfenministerium kritisiert &quot;sprachlichen V\u00f6lkermord&quot; in der Ukraine und im Baltikum\"}]},{\"@type\":\"WebSite\",\"@id\":\"https:\/\/now-news.de\/de\/#website\",\"url\":\"https:\/\/now-news.de\/de\/\",\"name\":\"just-now.NEWS Deutschland\",\"description\":\"Das Portal f\u00fcr unzensierte Nachrichten aus der Welt\",\"publisher\":{\"@id\":\"https:\/\/now-news.de\/de\/#organization\"},\"potentialAction\":[{\"@type\":\"SearchAction\",\"target\":{\"@type\":\"EntryPoint\",\"urlTemplate\":\"https:\/\/now-news.de\/de\/?s={search_term_string}\"},\"query-input\":\"required name=search_term_string\"}],\"inLanguage\":\"de\"},{\"@type\":\"Organization\",\"@id\":\"https:\/\/now-news.de\/de\/#organization\",\"name\":\"Just Now News\",\"url\":\"https:\/\/now-news.de\/de\/\",\"logo\":{\"@type\":\"ImageObject\",\"inLanguage\":\"de\",\"@id\":\"https:\/\/now-news.de\/de\/#\/schema\/logo\/image\/\",\"url\":\"http:\/\/just-now.news\/de\/wp-content\/uploads\/sites\/3\/2022\/04\/logo500x500.jpg\",\"contentUrl\":\"http:\/\/just-now.news\/de\/wp-content\/uploads\/sites\/3\/2022\/04\/logo500x500.jpg\",\"width\":500,\"height\":500,\"caption\":\"Just Now News\"},\"image\":{\"@id\":\"https:\/\/now-news.de\/de\/#\/schema\/logo\/image\/\"},\"sameAs\":[\"https:\/\/www.facebook.com\/wirmachenauf\",\"https:\/\/x.com\/WirMachenAuf_de\"]},{\"@type\":\"Person\",\"@id\":\"https:\/\/now-news.de\/de\/#\/schema\/person\/fb534a4e865501d8b3285208df34a9b5\",\"name\":\"rtnews\",\"image\":{\"@type\":\"ImageObject\",\"inLanguage\":\"de\",\"@id\":\"https:\/\/now-news.de\/de\/#\/schema\/person\/image\/\",\"url\":\"https:\/\/secure.gravatar.com\/avatar\/82aafea7d8127119dd649515f56e2117?s=96&d=mm&r=g\",\"contentUrl\":\"https:\/\/secure.gravatar.com\/avatar\/82aafea7d8127119dd649515f56e2117?s=96&d=mm&r=g\",\"caption\":\"rtnews\"},\"url\":\"https:\/\/now-news.de\/de\/author\/rnews\/\"}]}<\/script>\n<!-- \/ Yoast SEO Premium plugin. -->","yoast_head_json":{"title":"Russisches Au\u00dfenministerium kritisiert &quot;sprachlichen V\u00f6lkermord&quot; in der Ukraine und im Baltikum - just-now.NEWS Deutschland","robots":{"index":"index","follow":"follow","max-snippet":"max-snippet:-1","max-image-preview":"max-image-preview:large","max-video-preview":"max-video-preview:-1"},"canonical":"https:\/\/now-news.de\/de\/deutschland\/russisches-aussenministerium-kritisiert-sprachlichen-voelkermord-in-der-ukraine-und-im-baltikum\/","og_locale":"de_DE","og_type":"article","og_title":"Russisches Au\u00dfenministerium kritisiert &quot;sprachlichen V\u00f6lkermord&quot; in der Ukraine und im Baltikum","og_description":"In der Ukraine und in den baltischen Staaten wird ein &#8220;sprachlicher V\u00f6lkermord&#8221; gegen die dort lebende russischsprachige Bev\u00f6lkerung betrieben. Das erkl\u00e4rte eine hochrangige russische Diplomatin. Diese Verletzung der internationalen Normen werde vom Westen ignoriert. Die &#8220;fortschrittlichen&#8221; L\u00e4nder der Welt bemerken den &#8220;sprachlichen V\u00f6lkermord&#8221; nicht, der in der Ukraine und den baltischen Staaten an der russischsprachigen [&hellip;]","og_url":"https:\/\/now-news.de\/de\/deutschland\/russisches-aussenministerium-kritisiert-sprachlichen-voelkermord-in-der-ukraine-und-im-baltikum\/","og_site_name":"just-now.NEWS Deutschland","article_publisher":"https:\/\/www.facebook.com\/wirmachenauf","article_published_time":"2024-06-24T19:31:54+00:00","og_image":[{"url":"https:\/\/now-news.de\/de\/wp-content\/uploads\/sites\/3\/2024\/06\/6679c929b480cc2eb92f18ca.jpg"}],"author":"rtnews","twitter_card":"summary_large_image","twitter_creator":"@WirMachenAuf_de","twitter_site":"@WirMachenAuf_de","twitter_misc":{"Verfasst von":"rtnews","Gesch\u00e4tzte Lesezeit":"2\u00a0Minuten"},"schema":{"@context":"https:\/\/schema.org","@graph":[{"@type":"Article","@id":"https:\/\/now-news.de\/de\/deutschland\/russisches-aussenministerium-kritisiert-sprachlichen-voelkermord-in-der-ukraine-und-im-baltikum\/#article","isPartOf":{"@id":"https:\/\/now-news.de\/de\/deutschland\/russisches-aussenministerium-kritisiert-sprachlichen-voelkermord-in-der-ukraine-und-im-baltikum\/"},"author":{"name":"rtnews","@id":"https:\/\/now-news.de\/de\/#\/schema\/person\/fb534a4e865501d8b3285208df34a9b5"},"headline":"Russisches Au\u00dfenministerium kritisiert &quot;sprachlichen V\u00f6lkermord&quot; in der Ukraine und im Baltikum","datePublished":"2024-06-24T19:31:54+00:00","dateModified":"2024-06-24T19:31:54+00:00","mainEntityOfPage":{"@id":"https:\/\/now-news.de\/de\/deutschland\/russisches-aussenministerium-kritisiert-sprachlichen-voelkermord-in-der-ukraine-und-im-baltikum\/"},"wordCount":399,"commentCount":0,"publisher":{"@id":"https:\/\/now-news.de\/de\/#organization"},"image":{"@id":"https:\/\/now-news.de\/de\/deutschland\/russisches-aussenministerium-kritisiert-sprachlichen-voelkermord-in-der-ukraine-und-im-baltikum\/#primaryimage"},"thumbnailUrl":"https:\/\/now-news.de\/de\/wp-content\/uploads\/sites\/3\/2024\/06\/Russisches-Aussenministerium-kritisiert-quotsprachlichen-Voelkermordquot-in-der-Ukraine-und-im.jpg","keywords":["Au\u00dfenministerium","Baltikum","der","kritisiert","quotsprachlichen","Russisches","ukraine","und","V\u00f6lkermordquot"],"articleSection":["Deutschland","Russland"],"inLanguage":"de","potentialAction":[{"@type":"CommentAction","name":"Comment","target":["https:\/\/now-news.de\/de\/deutschland\/russisches-aussenministerium-kritisiert-sprachlichen-voelkermord-in-der-ukraine-und-im-baltikum\/#respond"]}]},{"@type":"WebPage","@id":"https:\/\/now-news.de\/de\/deutschland\/russisches-aussenministerium-kritisiert-sprachlichen-voelkermord-in-der-ukraine-und-im-baltikum\/","url":"https:\/\/now-news.de\/de\/deutschland\/russisches-aussenministerium-kritisiert-sprachlichen-voelkermord-in-der-ukraine-und-im-baltikum\/","name":"Russisches Au\u00dfenministerium kritisiert &quot;sprachlichen V\u00f6lkermord&quot; in der Ukraine und im Baltikum - just-now.NEWS Deutschland","isPartOf":{"@id":"https:\/\/now-news.de\/de\/#website"},"primaryImageOfPage":{"@id":"https:\/\/now-news.de\/de\/deutschland\/russisches-aussenministerium-kritisiert-sprachlichen-voelkermord-in-der-ukraine-und-im-baltikum\/#primaryimage"},"image":{"@id":"https:\/\/now-news.de\/de\/deutschland\/russisches-aussenministerium-kritisiert-sprachlichen-voelkermord-in-der-ukraine-und-im-baltikum\/#primaryimage"},"thumbnailUrl":"https:\/\/now-news.de\/de\/wp-content\/uploads\/sites\/3\/2024\/06\/Russisches-Aussenministerium-kritisiert-quotsprachlichen-Voelkermordquot-in-der-Ukraine-und-im.jpg","datePublished":"2024-06-24T19:31:54+00:00","dateModified":"2024-06-24T19:31:54+00:00","breadcrumb":{"@id":"https:\/\/now-news.de\/de\/deutschland\/russisches-aussenministerium-kritisiert-sprachlichen-voelkermord-in-der-ukraine-und-im-baltikum\/#breadcrumb"},"inLanguage":"de","potentialAction":[{"@type":"ReadAction","target":["https:\/\/now-news.de\/de\/deutschland\/russisches-aussenministerium-kritisiert-sprachlichen-voelkermord-in-der-ukraine-und-im-baltikum\/"]}]},{"@type":"ImageObject","inLanguage":"de","@id":"https:\/\/now-news.de\/de\/deutschland\/russisches-aussenministerium-kritisiert-sprachlichen-voelkermord-in-der-ukraine-und-im-baltikum\/#primaryimage","url":"https:\/\/now-news.de\/de\/wp-content\/uploads\/sites\/3\/2024\/06\/Russisches-Aussenministerium-kritisiert-quotsprachlichen-Voelkermordquot-in-der-Ukraine-und-im.jpg","contentUrl":"https:\/\/now-news.de\/de\/wp-content\/uploads\/sites\/3\/2024\/06\/Russisches-Aussenministerium-kritisiert-quotsprachlichen-Voelkermordquot-in-der-Ukraine-und-im.jpg","width":460,"height":259,"caption":"Russisches Au\u00dfenministerium kritisiert &quot;sprachlichen V\u00f6lkermord&quot; in der Ukraine und im Baltikum"},{"@type":"BreadcrumbList","@id":"https:\/\/now-news.de\/de\/deutschland\/russisches-aussenministerium-kritisiert-sprachlichen-voelkermord-in-der-ukraine-und-im-baltikum\/#breadcrumb","itemListElement":[{"@type":"ListItem","position":1,"name":"Home","item":"https:\/\/now-news.de\/de\/"},{"@type":"ListItem","position":2,"name":"Russisches Au\u00dfenministerium kritisiert &quot;sprachlichen V\u00f6lkermord&quot; in der Ukraine und im Baltikum"}]},{"@type":"WebSite","@id":"https:\/\/now-news.de\/de\/#website","url":"https:\/\/now-news.de\/de\/","name":"just-now.NEWS Deutschland","description":"Das Portal f\u00fcr unzensierte Nachrichten aus der Welt","publisher":{"@id":"https:\/\/now-news.de\/de\/#organization"},"potentialAction":[{"@type":"SearchAction","target":{"@type":"EntryPoint","urlTemplate":"https:\/\/now-news.de\/de\/?s={search_term_string}"},"query-input":"required name=search_term_string"}],"inLanguage":"de"},{"@type":"Organization","@id":"https:\/\/now-news.de\/de\/#organization","name":"Just Now News","url":"https:\/\/now-news.de\/de\/","logo":{"@type":"ImageObject","inLanguage":"de","@id":"https:\/\/now-news.de\/de\/#\/schema\/logo\/image\/","url":"http:\/\/just-now.news\/de\/wp-content\/uploads\/sites\/3\/2022\/04\/logo500x500.jpg","contentUrl":"http:\/\/just-now.news\/de\/wp-content\/uploads\/sites\/3\/2022\/04\/logo500x500.jpg","width":500,"height":500,"caption":"Just Now News"},"image":{"@id":"https:\/\/now-news.de\/de\/#\/schema\/logo\/image\/"},"sameAs":["https:\/\/www.facebook.com\/wirmachenauf","https:\/\/x.com\/WirMachenAuf_de"]},{"@type":"Person","@id":"https:\/\/now-news.de\/de\/#\/schema\/person\/fb534a4e865501d8b3285208df34a9b5","name":"rtnews","image":{"@type":"ImageObject","inLanguage":"de","@id":"https:\/\/now-news.de\/de\/#\/schema\/person\/image\/","url":"https:\/\/secure.gravatar.com\/avatar\/82aafea7d8127119dd649515f56e2117?s=96&d=mm&r=g","contentUrl":"https:\/\/secure.gravatar.com\/avatar\/82aafea7d8127119dd649515f56e2117?s=96&d=mm&r=g","caption":"rtnews"},"url":"https:\/\/now-news.de\/de\/author\/rnews\/"}]}},"_links":{"self":[{"href":"https:\/\/now-news.de\/de\/wp-json\/wp\/v2\/posts\/63444"}],"collection":[{"href":"https:\/\/now-news.de\/de\/wp-json\/wp\/v2\/posts"}],"about":[{"href":"https:\/\/now-news.de\/de\/wp-json\/wp\/v2\/types\/post"}],"author":[{"embeddable":true,"href":"https:\/\/now-news.de\/de\/wp-json\/wp\/v2\/users\/3"}],"replies":[{"embeddable":true,"href":"https:\/\/now-news.de\/de\/wp-json\/wp\/v2\/comments?post=63444"}],"version-history":[{"count":0,"href":"https:\/\/now-news.de\/de\/wp-json\/wp\/v2\/posts\/63444\/revisions"}],"wp:featuredmedia":[{"embeddable":true,"href":"https:\/\/now-news.de\/de\/wp-json\/wp\/v2\/media\/63445"}],"wp:attachment":[{"href":"https:\/\/now-news.de\/de\/wp-json\/wp\/v2\/media?parent=63444"}],"wp:term":[{"taxonomy":"category","embeddable":true,"href":"https:\/\/now-news.de\/de\/wp-json\/wp\/v2\/categories?post=63444"},{"taxonomy":"post_tag","embeddable":true,"href":"https:\/\/now-news.de\/de\/wp-json\/wp\/v2\/tags?post=63444"}],"curies":[{"name":"wp","href":"https:\/\/api.w.org\/{rel}","templated":true}]}}