{"id":63426,"date":"2024-06-24T16:49:37","date_gmt":"2024-06-24T14:49:37","guid":{"rendered":"https:\/\/now-news.de\/de\/deutschland\/terror-an-pfingsten-russland-wurde-ein-religionskrieg-erklaert\/"},"modified":"2024-06-24T16:49:37","modified_gmt":"2024-06-24T14:49:37","slug":"terror-an-pfingsten-russland-wurde-ein-religionskrieg-erklaert","status":"publish","type":"post","link":"https:\/\/now-news.de\/de\/deutschland\/terror-an-pfingsten-russland-wurde-ein-religionskrieg-erklaert\/","title":{"rendered":"Terror an Pfingsten: Russland wurde ein Religionskrieg erkl\u00e4rt"},"content":{"rendered":"<p><img decoding=\"async\" src=\"https:\/\/now-news.de\/de\/wp-content\/uploads\/sites\/3\/2024\/06\/66794ed5b480cc56102a336d.jpg\" \/><\/p>\n<div class=\"Text-root Text-type_1 \">\n                Gegen die russische Bev\u00f6lkerung wurden am Sonntag mehrere Terroranschl\u00e4ge ver\u00fcbt. Das Datum des Angriffs und auch die Ziele zeigen erneut deutlich, dass der Feind gegen Russland nicht nur auf dem Schlachtfeld einen Krieg f\u00fchrt.\n            <\/div>\n<p><\/p>\n<div class=\"Text-root Text-type_5 ArticleView-text ViewText-root \">\n<p><em>Von Jewgeni Balakin<\/em><\/p>\n<p>Das diesj\u00e4hrige orthodoxe Pfingsten wurde von einem brutalen und blutigen Massaker gepr\u00e4gt. Die Terroranschl\u00e4ge in Sewastopol, Derbent und Machatschkala, die an einem der wichtigsten christlich-orthodoxen Feiertage ver\u00fcbt wurden, waren ein ungeheurer Schock f\u00fcr ganz Russland. Islamisten, ukrainische K\u00e4mpfer und ausl\u00e4ndische Geheimdienste haben bei dem geplanten Angriff auf die russische Zivilbev\u00f6lkerung gemeinsam gehandelt.<\/p>\n<p>Der erste Angriff richtete sich gegen Sewastopol, wo gegen 12 Uhr Moskauer Zeit f\u00fcnf US-amerikanische ATACMS-Raketen mit Streusprengk\u00f6pfen \u00fcber der Stadt\u00a0registriert wurden. Trotz des schnellen Einsatzes der Luftabwehr wurden Urlauber am Strand von Utschkujewka von den Tr\u00fcmmern\u00a0getroffen (anderen Quellen zufolge handelte es sich um die einzige nicht abgefangene Rakete und deren Splitter). Nach neuesten Angaben wurden 151 Menschen verletzt, 82 wurden ins Krankenhaus eingeliefert (davon 27 Kinder), vier Menschen (darunter zwei Kinder) wurden get\u00f6tet. Es ist sehr wahrscheinlich, dass die US-amerikanischen Raketen von einer US-amerikanischen Drohne vom Typ Northrop Grumman RQ-4 Global Hawk gesteuert wurden, die seit neun Uhr morgens \u00fcber dem Schwarzen Meer kreiste.<\/p>\n<p>Dann, gegen 18 Uhr Ortszeit, folgten die gleichzeitigen Angriffe in Machatschkala und Derbent. In Machatschkala geriet die Synagoge in der Jermoschkin-Stra\u00dfe infolge des Beschusses in Brand, au\u00dferdem wurde die im Jahr 1906 erbaute Mari\u00e4-Entschlafens-Kathedrale angegriffen. Auch ein Posten der Verkehrspolizei wurde attackiert. In Derbent t\u00f6teten Terroristen Polizisten und Wachleute und setzten die im Jahr 1914 erbaute Kele-Numas-Synagoge in Brand. Auch die Obhutkirche der Heiligen Jungfrau Maria, die letzte erhaltene orthodoxe Kirche in Derbent, wurde angegriffen. Michail, ein W\u00e4chter der Kirche, wurde von den Terroristen erschossen, und dem 66-j\u00e4hrigen Erzpriester, Vater Nikolai Kotelnikow, wurde die Kehle durchgeschnitten.<\/p>\n<p>Bei einer Anti-Terror-Operation in Dagestan wurden mindestens sechs Terroristen get\u00f6tet. Unter ihnen waren Osman und Adil Omarow, die j\u00fcngeren S\u00f6hne von Magomed Omarow, dem Leiter des Bezirks Sergokala in Dagestan, und dessen Neffe Abdussamad Amadsijew. Nach Angaben des Oberhauptes der russischen Teilrepublik Dagestan, Sergei Melikow, wurden &#8220;mehr als 15 Polizeibeamte Opfer des heutigen Terroranschlags&#8221;, und auch mehrere Zivilisten wurden get\u00f6tet.\u00a034 Menschen wurden verwundet, darunter 27 Polizeibeamte. Gegen 23:00 Uhr Ortszeit war die Lage in Dagestan unter Kontrolle gebracht und die aktive Phase der Anti-Terror-Operation abgeschlossen.<\/p>\n<p>Ein terroristischer Akt ist nicht nur ein Verbrechen, sondern auch eine soziale und politische Aussage. Was wollten die Auftraggeber, Organisatoren und T\u00e4ter des Massakers am Pfingsttag sagen?<\/p>\n<p>Erstens, dass der Krieg, der gegen Russland gef\u00fchrt wird, eine ganz eindeutig religi\u00f6se Dimension hat. Und w\u00e4hrend auf russischer Seite noch nicht jeder das Verst\u00e4ndnis daf\u00fcr hat, dass wir im Zuge der milit\u00e4rischen Sonderoperation einen heiligen Krieg f\u00fchren (es kann nat\u00fcrlich nicht von au\u00dfen aufgezwungen werden, diese Dimension ist in erster Linie intern), verstehen unsere Feinde dies klar und machen es unmissverst\u00e4ndlich deutlich. Der Angriff auf Kirchen und Synagogen ist der Beweis daf\u00fcr. Die Ermordung von Vater Nikolai, der mehr als 40 Jahre lang in Derbent t\u00e4tig war und ein Symbol des Friedens und der Verst\u00e4ndigung zwischen den Religionen darstellte und als Prototyp des Abbildes eines orthodoxen Priesters bei der Schaffung des Denkmals der Freundschaft der drei Religionen (Christentum, Islam, Judentum) diente, das im Jahr 2019 errichtet wurde, ist ebenfalls bezeichnend.<\/p>\n<p>Zweitens, dass buchst\u00e4blich jeder Einwohner Russlands zu ihrem Feind erkl\u00e4rt wird. Der Unterschied zwischen Milit\u00e4rs und Zivilisten, Erwachsenen und Kindern wird durch einen Angriff auf Urlauber an einem Strand in Sewastopol verwischt. Das Gleiche gilt f\u00fcr den Unterschied zwischen Religion und ethnischer Zugeh\u00f6rigkeit \u2013 durch Angriffe auf Kirchen und Synagogen und die T\u00f6tung eigener (bewaffneter und friedlicher) Landsleute durch Islamisten, die sie als &#8220;Ungl\u00e4ubige&#8221; ansehen, die &#8220;keine Gnade verdienen&#8221;, wird auch dieser Unterschied verwischt.<\/p>\n<p>Die koordinierte Arbeit der russischen Luftabwehr, die heldenhaften Aktionen der Polizei und das Martyrium von Vater Nikolai verdienen sicherlich Respekt und Anerkennung. Allerdings bleibt die Frage &#8220;Was nun?&#8221; offen, denn es besteht kein Zweifel, dass die Feinde erneut versuchen werden, einen weiteren Terroranschlag zu ver\u00fcben\u00a0\u2012 und wenn unsere Schw\u00e4chen nicht eingesehen werden, k\u00f6nnten sie ihr Ziel erreichen. Es ist schwierig, in einer solchen Situation Ratschl\u00e4ge zu erteilen, aber es ist notwendig, einige\u00a0der wunden Punkte zu erl\u00e4utern.<\/p>\n<p>Erstens sind die ungehinderten Fl\u00fcge (nicht nur) US-amerikanischer Drohnen \u00fcber dem Schwarzen Meer zu einer systemischen, st\u00e4ndigen Bedrohung f\u00fcr Russland geworden. Und wenn sie aus irgendwelchen milit\u00e4rischen Gr\u00fcnden nicht abgeschossen werden k\u00f6nnen, dann m\u00fcssen wir ihre Fl\u00fcge auf andere Weise unm\u00f6glich machen. Ohne sie k\u00f6nnen die ukrainischen Milit\u00e4rs keine pr\u00e4zisen Angriffe auf die russische Schwarzmeerk\u00fcste durchf\u00fchren. Es ist \u00fcberfl\u00fcssig zu erw\u00e4hnen, dass sich die ukrainischen Truppen genau wie Terroristen verhalten, denn sie sind Terroristen. Es sind die ukrainischen Streitkr\u00e4fte, die der Zivilbev\u00f6lkerung Russlands den gr\u00f6\u00dften Schaden zuf\u00fcgen.<\/p>\n<p>Zweitens m\u00fcssen alle Vorbedingungen f\u00fcr die Entwicklung radikaler Stimmungen in Dagestan an der Wurzel bek\u00e4mpft werden. Alle Religionslehrer sollten in Russland in speziell zugelassenen Einrichtungen ausgebildet werden. Fragw\u00fcrdige &#8220;Prediger&#8221; aus dem Ausland m\u00fcssen gr\u00fcndlich \u00fcberpr\u00fcft werden. \u00c4u\u00dfere Zeichen des radikalen Islam sollten eingeschr\u00e4nkt werden, wie dies in j\u00fcngster Zeit in zentralasiatischen L\u00e4ndern geschehen ist. Orte, an denen sich angeblich terroristische Identit\u00e4ten herausbilden (zum Beispiel zwielichtige MMA-Clubs), sollten unter die Lupe genommen werden. Es geht sicher nicht darum, den Islam in Dagestan zu bek\u00e4mpfen, sondern darum, den traditionellen Islam zu unterst\u00fctzen, der von radikalen Einfl\u00fcssen aus dem Ausland befreit und gesch\u00fctzt wird.<\/p>\n<p>Schlie\u00dflich muss man sich bewusstmachen, dass die historischen Ereignisse, die Russland derzeit erlebt, unsere gemeinsame Sache sind. Wenn f\u00fcr den Feind weder Religion noch Alter noch Geschlecht einen Unterschied darstellen und er auch zwischen Milit\u00e4rs und Zivilisten nicht unterscheidet, dann wird das, was geschieht, fr\u00fcher oder sp\u00e4ter jeden von uns betreffen (und hat es bereits getan!). Deshalb m\u00fcssen wir durch die Einheit des historischen Ziels geeint sein, dessen wichtigste Etappe der Sieg in der milit\u00e4rischen Sonderoperation ist. Wir (jeder Russe) werden nicht in Ruhe gelassen, denn gegen unser Land wird nicht nur auf dem Schlachtfeld ein Krieg gef\u00fchrt, sondern auch im Verborgenen, mit hinterh\u00e4ltigen terroristischen Methoden. Und uns allen bleibt nur, ihn zu gewinnen.<\/p>\n<p><em>\u00dcbersetzt aus dem <a rel=\"nofollow noopener\" target=\"_blank\" href=\"https:\/\/ria.ru\/20240624\/voyna-1954953464.html\">Russischen<\/a>. Zuerst erschienen bei RIA Nowosti am 24. Juni 2024.<\/em><\/p>\n<p><strong>Mehr zum Thema<\/strong> \u2013 <a rel=\"nofollow noopener\" target=\"_blank\" href=\"https:\/\/freedert.online\/europa\/177780-heute-vor-neun-jahren-ukrainische-armee-beschie%C3%9Ft-einen-badestrand-toetet-15-zivilisten\/\">Heute vor neun Jahren: Ukrainische Armee beschie\u00dft Badestrand und t\u00f6tet 13 Zivilisten<\/a><\/p>\n<div class=\"EmbedBlock-root EmbedBlock-externalVideo EmbedBlock-odysee\">\n<div class=\"VkEmbed\"><iframe class=\"lazyload\" data-src=\"https:\/\/odysee.com\/%24\/embed\/%40RTDE%3Ae%2FRussland--Terroristen-greifen-Kirche-und-Synagoge-in-Dagestan-an%3Aa\" frameborder=\"0\" width=\"853\" height=\"480\" allowfullscreen><\/iframe><\/div>\n<\/div>\n<\/div>\n<p><br \/>\n<br \/><a href=\"https:\/\/de.rt.com\/russland\/210125-russland-wurde-religionskrieg-erklaert\/\">Source link <\/a><\/p>\n","protected":false},"excerpt":{"rendered":"<p>Gegen die russische Bev\u00f6lkerung wurden am Sonntag mehrere Terroranschl\u00e4ge ver\u00fcbt. Das Datum des Angriffs und auch die Ziele zeigen erneut deutlich, dass der Feind gegen Russland nicht nur auf dem Schlachtfeld einen Krieg f\u00fchrt. Von Jewgeni Balakin Das diesj\u00e4hrige orthodoxe Pfingsten wurde von einem brutalen und blutigen Massaker gepr\u00e4gt. Die Terroranschl\u00e4ge in Sewastopol, Derbent und [&hellip;]<\/p>\n","protected":false},"author":3,"featured_media":63427,"comment_status":"open","ping_status":"open","sticky":false,"template":"","format":"standard","meta":{"_yoast_indexnow_last_ping":["1719241424"],"wp_automatic_camp":["217"],"c5abb3a02e785f93a7849fbf089d5d6e":["Terror an Pfingsten: Russland wurde ein Religionskrieg erkl\u00e4rt"],"original_link":["https:\/\/de.rt.com\/russland\/210125-russland-wurde-religionskrieg-erklaert\/"],"_thumbnail_id":["63427"],"_wptgpro_p2tg_sent2tg":["a:1:{i:23737;s:19:\"2024-06-24 17:04:47\";}"],"jnews_social_counter_last_update":["1777262930"]},"categories":[19,23],"tags":[357,1030,56002,902,126,8903,528],"yoast_head":"<!-- This site is optimized with the Yoast SEO Premium plugin v22.7 (Yoast SEO v22.7) - https:\/\/yoast.com\/wordpress\/plugins\/seo\/ -->\n<title>Terror an Pfingsten: Russland wurde ein Religionskrieg erkl\u00e4rt - just-now.NEWS Deutschland<\/title>\n<meta name=\"robots\" content=\"index, follow, max-snippet:-1, max-image-preview:large, max-video-preview:-1\" \/>\n<link rel=\"canonical\" href=\"https:\/\/now-news.de\/de\/deutschland\/terror-an-pfingsten-russland-wurde-ein-religionskrieg-erklaert\/\" \/>\n<meta property=\"og:locale\" content=\"de_DE\" \/>\n<meta property=\"og:type\" content=\"article\" \/>\n<meta property=\"og:title\" content=\"Terror an Pfingsten: Russland wurde ein Religionskrieg erkl\u00e4rt\" \/>\n<meta property=\"og:description\" content=\"Gegen die russische Bev\u00f6lkerung wurden am Sonntag mehrere Terroranschl\u00e4ge ver\u00fcbt. Das Datum des Angriffs und auch die Ziele zeigen erneut deutlich, dass der Feind gegen Russland nicht nur auf dem Schlachtfeld einen Krieg f\u00fchrt. Von Jewgeni Balakin Das diesj\u00e4hrige orthodoxe Pfingsten wurde von einem brutalen und blutigen Massaker gepr\u00e4gt. Die Terroranschl\u00e4ge in Sewastopol, Derbent und [&hellip;]\" \/>\n<meta property=\"og:url\" content=\"https:\/\/now-news.de\/de\/deutschland\/terror-an-pfingsten-russland-wurde-ein-religionskrieg-erklaert\/\" \/>\n<meta property=\"og:site_name\" content=\"just-now.NEWS Deutschland\" \/>\n<meta property=\"article:publisher\" content=\"https:\/\/www.facebook.com\/wirmachenauf\" \/>\n<meta property=\"article:published_time\" content=\"2024-06-24T14:49:37+00:00\" \/>\n<meta property=\"og:image\" content=\"https:\/\/now-news.de\/de\/wp-content\/uploads\/sites\/3\/2024\/06\/66794ed5b480cc56102a336d.jpg\" \/>\n<meta name=\"author\" content=\"rtnews\" \/>\n<meta name=\"twitter:card\" content=\"summary_large_image\" \/>\n<meta name=\"twitter:creator\" content=\"@WirMachenAuf_de\" \/>\n<meta name=\"twitter:site\" content=\"@WirMachenAuf_de\" \/>\n<meta name=\"twitter:label1\" content=\"Verfasst von\" \/>\n\t<meta name=\"twitter:data1\" content=\"rtnews\" \/>\n\t<meta name=\"twitter:label2\" content=\"Gesch\u00e4tzte Lesezeit\" \/>\n\t<meta name=\"twitter:data2\" content=\"6\u00a0Minuten\" \/>\n<script type=\"application\/ld+json\" class=\"yoast-schema-graph\">{\"@context\":\"https:\/\/schema.org\",\"@graph\":[{\"@type\":\"Article\",\"@id\":\"https:\/\/now-news.de\/de\/deutschland\/terror-an-pfingsten-russland-wurde-ein-religionskrieg-erklaert\/#article\",\"isPartOf\":{\"@id\":\"https:\/\/now-news.de\/de\/deutschland\/terror-an-pfingsten-russland-wurde-ein-religionskrieg-erklaert\/\"},\"author\":{\"name\":\"rtnews\",\"@id\":\"https:\/\/now-news.de\/de\/#\/schema\/person\/fb534a4e865501d8b3285208df34a9b5\"},\"headline\":\"Terror an Pfingsten: Russland wurde ein Religionskrieg erkl\u00e4rt\",\"datePublished\":\"2024-06-24T14:49:37+00:00\",\"dateModified\":\"2024-06-24T14:49:37+00:00\",\"mainEntityOfPage\":{\"@id\":\"https:\/\/now-news.de\/de\/deutschland\/terror-an-pfingsten-russland-wurde-ein-religionskrieg-erklaert\/\"},\"wordCount\":1111,\"commentCount\":0,\"publisher\":{\"@id\":\"https:\/\/now-news.de\/de\/#organization\"},\"image\":{\"@id\":\"https:\/\/now-news.de\/de\/deutschland\/terror-an-pfingsten-russland-wurde-ein-religionskrieg-erklaert\/#primaryimage\"},\"thumbnailUrl\":\"https:\/\/now-news.de\/de\/wp-content\/uploads\/sites\/3\/2024\/06\/Terror-an-Pfingsten-Russland-wurde-ein-Religionskrieg-erklaert.jpg\",\"keywords\":[\"ein\",\"erkl\u00e4rt\",\"Pfingsten\",\"Religionskrieg\",\"russland\",\"terror\",\"wurde\"],\"articleSection\":[\"Deutschland\",\"Russland\"],\"inLanguage\":\"de\",\"potentialAction\":[{\"@type\":\"CommentAction\",\"name\":\"Comment\",\"target\":[\"https:\/\/now-news.de\/de\/deutschland\/terror-an-pfingsten-russland-wurde-ein-religionskrieg-erklaert\/#respond\"]}]},{\"@type\":\"WebPage\",\"@id\":\"https:\/\/now-news.de\/de\/deutschland\/terror-an-pfingsten-russland-wurde-ein-religionskrieg-erklaert\/\",\"url\":\"https:\/\/now-news.de\/de\/deutschland\/terror-an-pfingsten-russland-wurde-ein-religionskrieg-erklaert\/\",\"name\":\"Terror an Pfingsten: Russland wurde ein Religionskrieg erkl\u00e4rt - just-now.NEWS Deutschland\",\"isPartOf\":{\"@id\":\"https:\/\/now-news.de\/de\/#website\"},\"primaryImageOfPage\":{\"@id\":\"https:\/\/now-news.de\/de\/deutschland\/terror-an-pfingsten-russland-wurde-ein-religionskrieg-erklaert\/#primaryimage\"},\"image\":{\"@id\":\"https:\/\/now-news.de\/de\/deutschland\/terror-an-pfingsten-russland-wurde-ein-religionskrieg-erklaert\/#primaryimage\"},\"thumbnailUrl\":\"https:\/\/now-news.de\/de\/wp-content\/uploads\/sites\/3\/2024\/06\/Terror-an-Pfingsten-Russland-wurde-ein-Religionskrieg-erklaert.jpg\",\"datePublished\":\"2024-06-24T14:49:37+00:00\",\"dateModified\":\"2024-06-24T14:49:37+00:00\",\"breadcrumb\":{\"@id\":\"https:\/\/now-news.de\/de\/deutschland\/terror-an-pfingsten-russland-wurde-ein-religionskrieg-erklaert\/#breadcrumb\"},\"inLanguage\":\"de\",\"potentialAction\":[{\"@type\":\"ReadAction\",\"target\":[\"https:\/\/now-news.de\/de\/deutschland\/terror-an-pfingsten-russland-wurde-ein-religionskrieg-erklaert\/\"]}]},{\"@type\":\"ImageObject\",\"inLanguage\":\"de\",\"@id\":\"https:\/\/now-news.de\/de\/deutschland\/terror-an-pfingsten-russland-wurde-ein-religionskrieg-erklaert\/#primaryimage\",\"url\":\"https:\/\/now-news.de\/de\/wp-content\/uploads\/sites\/3\/2024\/06\/Terror-an-Pfingsten-Russland-wurde-ein-Religionskrieg-erklaert.jpg\",\"contentUrl\":\"https:\/\/now-news.de\/de\/wp-content\/uploads\/sites\/3\/2024\/06\/Terror-an-Pfingsten-Russland-wurde-ein-Religionskrieg-erklaert.jpg\",\"width\":460,\"height\":259,\"caption\":\"Terror an Pfingsten: Russland wurde ein Religionskrieg erkl\u00e4rt\"},{\"@type\":\"BreadcrumbList\",\"@id\":\"https:\/\/now-news.de\/de\/deutschland\/terror-an-pfingsten-russland-wurde-ein-religionskrieg-erklaert\/#breadcrumb\",\"itemListElement\":[{\"@type\":\"ListItem\",\"position\":1,\"name\":\"Home\",\"item\":\"https:\/\/now-news.de\/de\/\"},{\"@type\":\"ListItem\",\"position\":2,\"name\":\"Terror an Pfingsten: Russland wurde ein Religionskrieg erkl\u00e4rt\"}]},{\"@type\":\"WebSite\",\"@id\":\"https:\/\/now-news.de\/de\/#website\",\"url\":\"https:\/\/now-news.de\/de\/\",\"name\":\"just-now.NEWS Deutschland\",\"description\":\"Das Portal f\u00fcr unzensierte Nachrichten aus der Welt\",\"publisher\":{\"@id\":\"https:\/\/now-news.de\/de\/#organization\"},\"potentialAction\":[{\"@type\":\"SearchAction\",\"target\":{\"@type\":\"EntryPoint\",\"urlTemplate\":\"https:\/\/now-news.de\/de\/?s={search_term_string}\"},\"query-input\":\"required name=search_term_string\"}],\"inLanguage\":\"de\"},{\"@type\":\"Organization\",\"@id\":\"https:\/\/now-news.de\/de\/#organization\",\"name\":\"Just Now News\",\"url\":\"https:\/\/now-news.de\/de\/\",\"logo\":{\"@type\":\"ImageObject\",\"inLanguage\":\"de\",\"@id\":\"https:\/\/now-news.de\/de\/#\/schema\/logo\/image\/\",\"url\":\"http:\/\/just-now.news\/de\/wp-content\/uploads\/sites\/3\/2022\/04\/logo500x500.jpg\",\"contentUrl\":\"http:\/\/just-now.news\/de\/wp-content\/uploads\/sites\/3\/2022\/04\/logo500x500.jpg\",\"width\":500,\"height\":500,\"caption\":\"Just Now News\"},\"image\":{\"@id\":\"https:\/\/now-news.de\/de\/#\/schema\/logo\/image\/\"},\"sameAs\":[\"https:\/\/www.facebook.com\/wirmachenauf\",\"https:\/\/x.com\/WirMachenAuf_de\"]},{\"@type\":\"Person\",\"@id\":\"https:\/\/now-news.de\/de\/#\/schema\/person\/fb534a4e865501d8b3285208df34a9b5\",\"name\":\"rtnews\",\"image\":{\"@type\":\"ImageObject\",\"inLanguage\":\"de\",\"@id\":\"https:\/\/now-news.de\/de\/#\/schema\/person\/image\/\",\"url\":\"https:\/\/secure.gravatar.com\/avatar\/82aafea7d8127119dd649515f56e2117?s=96&d=mm&r=g\",\"contentUrl\":\"https:\/\/secure.gravatar.com\/avatar\/82aafea7d8127119dd649515f56e2117?s=96&d=mm&r=g\",\"caption\":\"rtnews\"},\"url\":\"https:\/\/now-news.de\/de\/author\/rnews\/\"}]}<\/script>\n<!-- \/ Yoast SEO Premium plugin. -->","yoast_head_json":{"title":"Terror an Pfingsten: Russland wurde ein Religionskrieg erkl\u00e4rt - just-now.NEWS Deutschland","robots":{"index":"index","follow":"follow","max-snippet":"max-snippet:-1","max-image-preview":"max-image-preview:large","max-video-preview":"max-video-preview:-1"},"canonical":"https:\/\/now-news.de\/de\/deutschland\/terror-an-pfingsten-russland-wurde-ein-religionskrieg-erklaert\/","og_locale":"de_DE","og_type":"article","og_title":"Terror an Pfingsten: Russland wurde ein Religionskrieg erkl\u00e4rt","og_description":"Gegen die russische Bev\u00f6lkerung wurden am Sonntag mehrere Terroranschl\u00e4ge ver\u00fcbt. Das Datum des Angriffs und auch die Ziele zeigen erneut deutlich, dass der Feind gegen Russland nicht nur auf dem Schlachtfeld einen Krieg f\u00fchrt. Von Jewgeni Balakin Das diesj\u00e4hrige orthodoxe Pfingsten wurde von einem brutalen und blutigen Massaker gepr\u00e4gt. Die Terroranschl\u00e4ge in Sewastopol, Derbent und [&hellip;]","og_url":"https:\/\/now-news.de\/de\/deutschland\/terror-an-pfingsten-russland-wurde-ein-religionskrieg-erklaert\/","og_site_name":"just-now.NEWS Deutschland","article_publisher":"https:\/\/www.facebook.com\/wirmachenauf","article_published_time":"2024-06-24T14:49:37+00:00","og_image":[{"url":"https:\/\/now-news.de\/de\/wp-content\/uploads\/sites\/3\/2024\/06\/66794ed5b480cc56102a336d.jpg"}],"author":"rtnews","twitter_card":"summary_large_image","twitter_creator":"@WirMachenAuf_de","twitter_site":"@WirMachenAuf_de","twitter_misc":{"Verfasst von":"rtnews","Gesch\u00e4tzte Lesezeit":"6\u00a0Minuten"},"schema":{"@context":"https:\/\/schema.org","@graph":[{"@type":"Article","@id":"https:\/\/now-news.de\/de\/deutschland\/terror-an-pfingsten-russland-wurde-ein-religionskrieg-erklaert\/#article","isPartOf":{"@id":"https:\/\/now-news.de\/de\/deutschland\/terror-an-pfingsten-russland-wurde-ein-religionskrieg-erklaert\/"},"author":{"name":"rtnews","@id":"https:\/\/now-news.de\/de\/#\/schema\/person\/fb534a4e865501d8b3285208df34a9b5"},"headline":"Terror an Pfingsten: Russland wurde ein Religionskrieg erkl\u00e4rt","datePublished":"2024-06-24T14:49:37+00:00","dateModified":"2024-06-24T14:49:37+00:00","mainEntityOfPage":{"@id":"https:\/\/now-news.de\/de\/deutschland\/terror-an-pfingsten-russland-wurde-ein-religionskrieg-erklaert\/"},"wordCount":1111,"commentCount":0,"publisher":{"@id":"https:\/\/now-news.de\/de\/#organization"},"image":{"@id":"https:\/\/now-news.de\/de\/deutschland\/terror-an-pfingsten-russland-wurde-ein-religionskrieg-erklaert\/#primaryimage"},"thumbnailUrl":"https:\/\/now-news.de\/de\/wp-content\/uploads\/sites\/3\/2024\/06\/Terror-an-Pfingsten-Russland-wurde-ein-Religionskrieg-erklaert.jpg","keywords":["ein","erkl\u00e4rt","Pfingsten","Religionskrieg","russland","terror","wurde"],"articleSection":["Deutschland","Russland"],"inLanguage":"de","potentialAction":[{"@type":"CommentAction","name":"Comment","target":["https:\/\/now-news.de\/de\/deutschland\/terror-an-pfingsten-russland-wurde-ein-religionskrieg-erklaert\/#respond"]}]},{"@type":"WebPage","@id":"https:\/\/now-news.de\/de\/deutschland\/terror-an-pfingsten-russland-wurde-ein-religionskrieg-erklaert\/","url":"https:\/\/now-news.de\/de\/deutschland\/terror-an-pfingsten-russland-wurde-ein-religionskrieg-erklaert\/","name":"Terror an Pfingsten: Russland wurde ein Religionskrieg erkl\u00e4rt - just-now.NEWS Deutschland","isPartOf":{"@id":"https:\/\/now-news.de\/de\/#website"},"primaryImageOfPage":{"@id":"https:\/\/now-news.de\/de\/deutschland\/terror-an-pfingsten-russland-wurde-ein-religionskrieg-erklaert\/#primaryimage"},"image":{"@id":"https:\/\/now-news.de\/de\/deutschland\/terror-an-pfingsten-russland-wurde-ein-religionskrieg-erklaert\/#primaryimage"},"thumbnailUrl":"https:\/\/now-news.de\/de\/wp-content\/uploads\/sites\/3\/2024\/06\/Terror-an-Pfingsten-Russland-wurde-ein-Religionskrieg-erklaert.jpg","datePublished":"2024-06-24T14:49:37+00:00","dateModified":"2024-06-24T14:49:37+00:00","breadcrumb":{"@id":"https:\/\/now-news.de\/de\/deutschland\/terror-an-pfingsten-russland-wurde-ein-religionskrieg-erklaert\/#breadcrumb"},"inLanguage":"de","potentialAction":[{"@type":"ReadAction","target":["https:\/\/now-news.de\/de\/deutschland\/terror-an-pfingsten-russland-wurde-ein-religionskrieg-erklaert\/"]}]},{"@type":"ImageObject","inLanguage":"de","@id":"https:\/\/now-news.de\/de\/deutschland\/terror-an-pfingsten-russland-wurde-ein-religionskrieg-erklaert\/#primaryimage","url":"https:\/\/now-news.de\/de\/wp-content\/uploads\/sites\/3\/2024\/06\/Terror-an-Pfingsten-Russland-wurde-ein-Religionskrieg-erklaert.jpg","contentUrl":"https:\/\/now-news.de\/de\/wp-content\/uploads\/sites\/3\/2024\/06\/Terror-an-Pfingsten-Russland-wurde-ein-Religionskrieg-erklaert.jpg","width":460,"height":259,"caption":"Terror an Pfingsten: Russland wurde ein Religionskrieg erkl\u00e4rt"},{"@type":"BreadcrumbList","@id":"https:\/\/now-news.de\/de\/deutschland\/terror-an-pfingsten-russland-wurde-ein-religionskrieg-erklaert\/#breadcrumb","itemListElement":[{"@type":"ListItem","position":1,"name":"Home","item":"https:\/\/now-news.de\/de\/"},{"@type":"ListItem","position":2,"name":"Terror an Pfingsten: Russland wurde ein Religionskrieg erkl\u00e4rt"}]},{"@type":"WebSite","@id":"https:\/\/now-news.de\/de\/#website","url":"https:\/\/now-news.de\/de\/","name":"just-now.NEWS Deutschland","description":"Das Portal f\u00fcr unzensierte Nachrichten aus der Welt","publisher":{"@id":"https:\/\/now-news.de\/de\/#organization"},"potentialAction":[{"@type":"SearchAction","target":{"@type":"EntryPoint","urlTemplate":"https:\/\/now-news.de\/de\/?s={search_term_string}"},"query-input":"required name=search_term_string"}],"inLanguage":"de"},{"@type":"Organization","@id":"https:\/\/now-news.de\/de\/#organization","name":"Just Now News","url":"https:\/\/now-news.de\/de\/","logo":{"@type":"ImageObject","inLanguage":"de","@id":"https:\/\/now-news.de\/de\/#\/schema\/logo\/image\/","url":"http:\/\/just-now.news\/de\/wp-content\/uploads\/sites\/3\/2022\/04\/logo500x500.jpg","contentUrl":"http:\/\/just-now.news\/de\/wp-content\/uploads\/sites\/3\/2022\/04\/logo500x500.jpg","width":500,"height":500,"caption":"Just Now News"},"image":{"@id":"https:\/\/now-news.de\/de\/#\/schema\/logo\/image\/"},"sameAs":["https:\/\/www.facebook.com\/wirmachenauf","https:\/\/x.com\/WirMachenAuf_de"]},{"@type":"Person","@id":"https:\/\/now-news.de\/de\/#\/schema\/person\/fb534a4e865501d8b3285208df34a9b5","name":"rtnews","image":{"@type":"ImageObject","inLanguage":"de","@id":"https:\/\/now-news.de\/de\/#\/schema\/person\/image\/","url":"https:\/\/secure.gravatar.com\/avatar\/82aafea7d8127119dd649515f56e2117?s=96&d=mm&r=g","contentUrl":"https:\/\/secure.gravatar.com\/avatar\/82aafea7d8127119dd649515f56e2117?s=96&d=mm&r=g","caption":"rtnews"},"url":"https:\/\/now-news.de\/de\/author\/rnews\/"}]}},"_links":{"self":[{"href":"https:\/\/now-news.de\/de\/wp-json\/wp\/v2\/posts\/63426"}],"collection":[{"href":"https:\/\/now-news.de\/de\/wp-json\/wp\/v2\/posts"}],"about":[{"href":"https:\/\/now-news.de\/de\/wp-json\/wp\/v2\/types\/post"}],"author":[{"embeddable":true,"href":"https:\/\/now-news.de\/de\/wp-json\/wp\/v2\/users\/3"}],"replies":[{"embeddable":true,"href":"https:\/\/now-news.de\/de\/wp-json\/wp\/v2\/comments?post=63426"}],"version-history":[{"count":0,"href":"https:\/\/now-news.de\/de\/wp-json\/wp\/v2\/posts\/63426\/revisions"}],"wp:featuredmedia":[{"embeddable":true,"href":"https:\/\/now-news.de\/de\/wp-json\/wp\/v2\/media\/63427"}],"wp:attachment":[{"href":"https:\/\/now-news.de\/de\/wp-json\/wp\/v2\/media?parent=63426"}],"wp:term":[{"taxonomy":"category","embeddable":true,"href":"https:\/\/now-news.de\/de\/wp-json\/wp\/v2\/categories?post=63426"},{"taxonomy":"post_tag","embeddable":true,"href":"https:\/\/now-news.de\/de\/wp-json\/wp\/v2\/tags?post=63426"}],"curies":[{"name":"wp","href":"https:\/\/api.w.org\/{rel}","templated":true}]}}