{"id":63419,"date":"2024-06-24T16:00:38","date_gmt":"2024-06-24T14:00:38","guid":{"rendered":"https:\/\/now-news.de\/de\/deutschland\/hochentzuendliche-situation-vor-wahlen-frankreichs-innenminister-warnt-vor-gewalt\/"},"modified":"2024-06-24T16:00:38","modified_gmt":"2024-06-24T14:00:38","slug":"hochentzuendliche-situation-vor-wahlen-frankreichs-innenminister-warnt-vor-gewalt","status":"publish","type":"post","link":"https:\/\/now-news.de\/de\/deutschland\/hochentzuendliche-situation-vor-wahlen-frankreichs-innenminister-warnt-vor-gewalt\/","title":{"rendered":"&quot;Hochentz\u00fcndliche Situation vor Wahlen&quot;: Frankreichs Innenminister warnt vor Gewalt"},"content":{"rendered":"<p><img decoding=\"async\" src=\"https:\/\/now-news.de\/de\/wp-content\/uploads\/sites\/3\/2024\/06\/6679649948fbef25be440bf0.jpg\" \/><\/p>\n<div class=\"Text-root Text-type_1 \">\n                Im Zusammenhang mit der bevorstehenden Parlamentswahl warnte der franz\u00f6sische Innenminister G\u00e9rald Darmanin vor Gewaltausbr\u00fcchen. Derweil \u00e4u\u00dferten sich franz\u00f6sische Unternehmen und ausl\u00e4ndische Investoren besorgt \u00fcber die Wirtschaftspl\u00e4ne der rechten und linken Parteien.\n            <\/div>\n<p><\/p>\n<div class=\"Text-root Text-type_5 ArticleView-text ViewText-root \">\n<p>Frankreichs Innenminister G\u00e9rald Darmanin warnt angesichts der aufgeheizten Stimmung im Land vor Gewaltausbr\u00fcchen im Zusammenhang mit der bevorstehenden Neuwahl. &#8220;Es ist m\u00f6glich, dass es extrem starke Spannungen geben wird&#8221;, sagte Darmanin heute dem Radiosender <em>RTL<\/em>, w\u00e4hrend der Wahlkampf in die letzte Woche vor dem ersten Wahlgang geht. Die Beh\u00f6rden bereiteten sich auf eine &#8220;hochentz\u00fcndliche&#8221; Situation vor.<\/p>\n<p>Pr\u00e4sident Emmanuel Macron hatte nach den gro\u00dfen Verlusten seiner liberalen Partei Renaissance und dem klaren Sieg des rechtsnationalen Rassemblement National (RN) bei der Europawahl Anfang des Monats eine Neuwahl des Parlaments f\u00fcr den 30. Juni und 7. Juli angesetzt. In den Umfragen liegt sein Lager hinter der nationalkonservativen Rechten und einem neu gegr\u00fcndeten Linksb\u00fcndnis zur\u00fcck.<\/p>\n<p>Macron, der als Pr\u00e4sident nicht zur Wahl steht, hatte gestern in einem &#8220;Brief an die Franzosen&#8221; um Vertrauen geworben. Er sei sich des demokratischen Unbehagens in der Bev\u00f6lkerung bewusst, sein Lager sei aber die letzte Hoffnung auf Stabilit\u00e4t.<\/p>\n<p>Zugleich bekr\u00e4ftigte Macron, dass er bis zum Ende seiner Amtszeit 2027 im Amt bleiben werde, unabh\u00e4ngig vom Ausgang der Parlamentswahl. Der Pr\u00e4sident in Frankreich hat umfassende Befugnisse im Bereich der Au\u00dfen- und Sicherheitspolitik. Das Parlament hingegen kann gro\u00dfe Teile der Innenpolitik bestimmen.<\/p>\n<p><strong>&#8220;V\u00f6llig unausgewogen&#8221;\u00a0\u2012 Wirtschaft warnt<\/strong><\/p>\n<p>Auch franz\u00f6sische Unternehmen und ausl\u00e4ndische Investoren \u00e4u\u00dferten sich im Vorfeld der vorgezogenen Parlamentswahlen besorgt.<\/p>\n<p>Dies wurde bei einer hochkar\u00e4tigen Veranstaltung des f\u00fchrenden franz\u00f6sischen Arbeitgeberverbands MEDEF deutlich, bei der prominente Politiker ihre Wirtschaftsprogramme vorstellten.<\/p>\n<p>Zum ersten Mal traten \u00c9ric Ciotti und Jordan Bardella gemeinsam auf der Veranstaltung auf, um den Arbeitgebern ihre Wirtschaftsprogramme zu erl\u00e4utern.<\/p>\n<p>Bardella, der die Rassemblement National (RN) vertritt, betonte Stabilit\u00e4t und Wachstum. Ciotti, Vorsitzender der konservativen Mitte-Rechts-Partei Les r\u00e9publicains (LR), der kontroverserweise eine Zusammenarbeit mit der RN angek\u00fcndigt hatte, sagte der Wirtschaft seine Unterst\u00fctzung zu.<\/p>\n<p>Vor allem der Vorschlag durch die RN, die Rentenreform r\u00fcckg\u00e4ngig zu machen, l\u00f6ste bei Wirtschaftsf\u00fchrern besonders viel Kritik aus. Ein Firmenchef bezeichnete die Haushaltspl\u00e4ne der RN als &#8220;v\u00f6llig unausgewogen&#8221;. Die Linkskoalition, vertreten durch Boris Vallaud, forderte unterdessen mehr Solidarit\u00e4t von den Arbeitgebern.<\/p>\n<p>\u00c9douard Philippe und Bruno Le Maire vom zentristischen B\u00fcndnis von Pr\u00e4sident Emmanuel Macron betonten einen wirtschaftsfreundlichen Ansatz und warnten vor der Wirtschaftspolitik von links und rechts. Le Maire kritisierte die Vorschl\u00e4ge der RN als &#8220;verr\u00fcckt&#8221; und betonte die Notwendigkeit einer verantwortungsvollen Finanzpolitik.<\/p>\n<p>Vergangene Woche reagierte die EU-Kommission auf die prek\u00e4re Lage der franz\u00f6sischen Staatsfinanzen und leitete ein Defizitverfahren gegen das Land ein. In den kommenden Monaten werden die franz\u00f6sische Regierung und Br\u00fcssel verhandeln, wie Frankreich Defizit und Schulden langfristig senken kann, sodass sich diese wieder den Maastricht-Vorgaben ann\u00e4hern.<\/p>\n<p><strong>Mehr zum Thema<\/strong> \u2013 <a rel=\"nofollow noopener\" target=\"_blank\" href=\"https:\/\/freeassange.rtde.life\/international\/210050-marine-le-pens-partei-woche\/\">Marine Le Pens Partei eine Woche vor Parlamentswahl deutlich vorn <\/a><\/p>\n<div class=\"EmbedBlock-root EmbedBlock-externalVideo EmbedBlock-odysee\">\n<div class=\"VkEmbed\"><iframe class=\"lazyload\" data-src=\"https:\/\/odysee.com\/%24\/embed\/%40RTDE%3Ae%2FFrankreich-nach-EU-Wahl--Zusammenst%C3%B6%C3%9Fe-bei-Protest-in-Paris-gegen-Rechtskonservative%3A4\" frameborder=\"0\" width=\"853\" height=\"480\" allowfullscreen><\/iframe><\/div>\n<\/div>\n<\/div>\n<p><br \/>\n<br \/><a href=\"https:\/\/de.rt.com\/international\/210134-hochentzuendliche-situation-vor-wahlen-frankreichs-innenminister-warnt-vor-gewalt\/\">Source link <\/a><\/p>\n","protected":false},"excerpt":{"rendered":"<p>Im Zusammenhang mit der bevorstehenden Parlamentswahl warnte der franz\u00f6sische Innenminister G\u00e9rald Darmanin vor Gewaltausbr\u00fcchen. Derweil \u00e4u\u00dferten sich franz\u00f6sische Unternehmen und ausl\u00e4ndische Investoren besorgt \u00fcber die Wirtschaftspl\u00e4ne der rechten und linken Parteien. Frankreichs Innenminister G\u00e9rald Darmanin warnt angesichts der aufgeheizten Stimmung im Land vor Gewaltausbr\u00fcchen im Zusammenhang mit der bevorstehenden Neuwahl. &#8220;Es ist m\u00f6glich, dass es [&hellip;]<\/p>\n","protected":false},"author":3,"featured_media":63420,"comment_status":"open","ping_status":"open","sticky":false,"template":"","format":"standard","meta":{"_yoast_indexnow_last_ping":["1719238554"],"wp_automatic_camp":["217"],"65664e79b41e71cc6f62fb325e7aee1e":["&quot;Hochentz\u00fcndliche Situation vor Wahlen&quot;: Frankreichs Innenminister warnt vor Gewalt"],"original_link":["https:\/\/de.rt.com\/international\/210134-hochentzuendliche-situation-vor-wahlen-frankreichs-innenminister-warnt-vor-gewalt\/"],"_thumbnail_id":["63420"],"_wptgpro_p2tg_sent2tg":["a:1:{i:23737;s:19:\"2024-06-24 16:16:57\";}"],"jnews_social_counter_last_update":["1777236064"]},"categories":[19,23],"tags":[19886,7768,7139,56000,8804,320,56001,912],"yoast_head":"<!-- This site is optimized with the Yoast SEO Premium plugin v22.7 (Yoast SEO v22.7) - https:\/\/yoast.com\/wordpress\/plugins\/seo\/ -->\n<title>&quot;Hochentz\u00fcndliche Situation vor Wahlen&quot;: Frankreichs Innenminister warnt vor Gewalt - just-now.NEWS Deutschland<\/title>\n<meta name=\"robots\" content=\"index, follow, max-snippet:-1, max-image-preview:large, max-video-preview:-1\" \/>\n<link rel=\"canonical\" href=\"https:\/\/now-news.de\/de\/deutschland\/hochentzuendliche-situation-vor-wahlen-frankreichs-innenminister-warnt-vor-gewalt\/\" \/>\n<meta property=\"og:locale\" content=\"de_DE\" \/>\n<meta property=\"og:type\" content=\"article\" \/>\n<meta property=\"og:title\" content=\"&quot;Hochentz\u00fcndliche Situation vor Wahlen&quot;: Frankreichs Innenminister warnt vor Gewalt\" \/>\n<meta property=\"og:description\" content=\"Im Zusammenhang mit der bevorstehenden Parlamentswahl warnte der franz\u00f6sische Innenminister G\u00e9rald Darmanin vor Gewaltausbr\u00fcchen. Derweil \u00e4u\u00dferten sich franz\u00f6sische Unternehmen und ausl\u00e4ndische Investoren besorgt \u00fcber die Wirtschaftspl\u00e4ne der rechten und linken Parteien. Frankreichs Innenminister G\u00e9rald Darmanin warnt angesichts der aufgeheizten Stimmung im Land vor Gewaltausbr\u00fcchen im Zusammenhang mit der bevorstehenden Neuwahl. &#8220;Es ist m\u00f6glich, dass es [&hellip;]\" \/>\n<meta property=\"og:url\" content=\"https:\/\/now-news.de\/de\/deutschland\/hochentzuendliche-situation-vor-wahlen-frankreichs-innenminister-warnt-vor-gewalt\/\" \/>\n<meta property=\"og:site_name\" content=\"just-now.NEWS Deutschland\" \/>\n<meta property=\"article:publisher\" content=\"https:\/\/www.facebook.com\/wirmachenauf\" \/>\n<meta property=\"article:published_time\" content=\"2024-06-24T14:00:38+00:00\" \/>\n<meta property=\"og:image\" content=\"https:\/\/now-news.de\/de\/wp-content\/uploads\/sites\/3\/2024\/06\/6679649948fbef25be440bf0.jpg\" \/>\n<meta name=\"author\" content=\"rtnews\" \/>\n<meta name=\"twitter:card\" content=\"summary_large_image\" \/>\n<meta name=\"twitter:creator\" content=\"@WirMachenAuf_de\" \/>\n<meta name=\"twitter:site\" content=\"@WirMachenAuf_de\" \/>\n<meta name=\"twitter:label1\" content=\"Verfasst von\" \/>\n\t<meta name=\"twitter:data1\" content=\"rtnews\" \/>\n\t<meta name=\"twitter:label2\" content=\"Gesch\u00e4tzte Lesezeit\" \/>\n\t<meta name=\"twitter:data2\" content=\"3\u00a0Minuten\" \/>\n<script type=\"application\/ld+json\" class=\"yoast-schema-graph\">{\"@context\":\"https:\/\/schema.org\",\"@graph\":[{\"@type\":\"Article\",\"@id\":\"https:\/\/now-news.de\/de\/deutschland\/hochentzuendliche-situation-vor-wahlen-frankreichs-innenminister-warnt-vor-gewalt\/#article\",\"isPartOf\":{\"@id\":\"https:\/\/now-news.de\/de\/deutschland\/hochentzuendliche-situation-vor-wahlen-frankreichs-innenminister-warnt-vor-gewalt\/\"},\"author\":{\"name\":\"rtnews\",\"@id\":\"https:\/\/now-news.de\/de\/#\/schema\/person\/fb534a4e865501d8b3285208df34a9b5\"},\"headline\":\"&quot;Hochentz\u00fcndliche Situation vor Wahlen&quot;: Frankreichs Innenminister warnt vor Gewalt\",\"datePublished\":\"2024-06-24T14:00:38+00:00\",\"dateModified\":\"2024-06-24T14:00:38+00:00\",\"mainEntityOfPage\":{\"@id\":\"https:\/\/now-news.de\/de\/deutschland\/hochentzuendliche-situation-vor-wahlen-frankreichs-innenminister-warnt-vor-gewalt\/\"},\"wordCount\":524,\"commentCount\":0,\"publisher\":{\"@id\":\"https:\/\/now-news.de\/de\/#organization\"},\"image\":{\"@id\":\"https:\/\/now-news.de\/de\/deutschland\/hochentzuendliche-situation-vor-wahlen-frankreichs-innenminister-warnt-vor-gewalt\/#primaryimage\"},\"thumbnailUrl\":\"https:\/\/now-news.de\/de\/wp-content\/uploads\/sites\/3\/2024\/06\/quotHochentzuendliche-Situation-vor-Wahlenquot-Frankreichs-Innenminister-warnt-vor-Gewalt.jpg\",\"keywords\":[\"Frankreichs\",\"Gewalt\",\"Innenminister\",\"quotHochentz\u00fcndliche\",\"Situation\",\"vor\",\"Wahlenquot\",\"warnt\"],\"articleSection\":[\"Deutschland\",\"Russland\"],\"inLanguage\":\"de\",\"potentialAction\":[{\"@type\":\"CommentAction\",\"name\":\"Comment\",\"target\":[\"https:\/\/now-news.de\/de\/deutschland\/hochentzuendliche-situation-vor-wahlen-frankreichs-innenminister-warnt-vor-gewalt\/#respond\"]}]},{\"@type\":\"WebPage\",\"@id\":\"https:\/\/now-news.de\/de\/deutschland\/hochentzuendliche-situation-vor-wahlen-frankreichs-innenminister-warnt-vor-gewalt\/\",\"url\":\"https:\/\/now-news.de\/de\/deutschland\/hochentzuendliche-situation-vor-wahlen-frankreichs-innenminister-warnt-vor-gewalt\/\",\"name\":\"&quot;Hochentz\u00fcndliche Situation vor Wahlen&quot;: Frankreichs Innenminister warnt vor Gewalt - just-now.NEWS Deutschland\",\"isPartOf\":{\"@id\":\"https:\/\/now-news.de\/de\/#website\"},\"primaryImageOfPage\":{\"@id\":\"https:\/\/now-news.de\/de\/deutschland\/hochentzuendliche-situation-vor-wahlen-frankreichs-innenminister-warnt-vor-gewalt\/#primaryimage\"},\"image\":{\"@id\":\"https:\/\/now-news.de\/de\/deutschland\/hochentzuendliche-situation-vor-wahlen-frankreichs-innenminister-warnt-vor-gewalt\/#primaryimage\"},\"thumbnailUrl\":\"https:\/\/now-news.de\/de\/wp-content\/uploads\/sites\/3\/2024\/06\/quotHochentzuendliche-Situation-vor-Wahlenquot-Frankreichs-Innenminister-warnt-vor-Gewalt.jpg\",\"datePublished\":\"2024-06-24T14:00:38+00:00\",\"dateModified\":\"2024-06-24T14:00:38+00:00\",\"breadcrumb\":{\"@id\":\"https:\/\/now-news.de\/de\/deutschland\/hochentzuendliche-situation-vor-wahlen-frankreichs-innenminister-warnt-vor-gewalt\/#breadcrumb\"},\"inLanguage\":\"de\",\"potentialAction\":[{\"@type\":\"ReadAction\",\"target\":[\"https:\/\/now-news.de\/de\/deutschland\/hochentzuendliche-situation-vor-wahlen-frankreichs-innenminister-warnt-vor-gewalt\/\"]}]},{\"@type\":\"ImageObject\",\"inLanguage\":\"de\",\"@id\":\"https:\/\/now-news.de\/de\/deutschland\/hochentzuendliche-situation-vor-wahlen-frankreichs-innenminister-warnt-vor-gewalt\/#primaryimage\",\"url\":\"https:\/\/now-news.de\/de\/wp-content\/uploads\/sites\/3\/2024\/06\/quotHochentzuendliche-Situation-vor-Wahlenquot-Frankreichs-Innenminister-warnt-vor-Gewalt.jpg\",\"contentUrl\":\"https:\/\/now-news.de\/de\/wp-content\/uploads\/sites\/3\/2024\/06\/quotHochentzuendliche-Situation-vor-Wahlenquot-Frankreichs-Innenminister-warnt-vor-Gewalt.jpg\",\"width\":460,\"height\":259,\"caption\":\"&quot;Hochentz\u00fcndliche Situation vor Wahlen&quot;: Frankreichs Innenminister warnt vor Gewalt\"},{\"@type\":\"BreadcrumbList\",\"@id\":\"https:\/\/now-news.de\/de\/deutschland\/hochentzuendliche-situation-vor-wahlen-frankreichs-innenminister-warnt-vor-gewalt\/#breadcrumb\",\"itemListElement\":[{\"@type\":\"ListItem\",\"position\":1,\"name\":\"Home\",\"item\":\"https:\/\/now-news.de\/de\/\"},{\"@type\":\"ListItem\",\"position\":2,\"name\":\"&quot;Hochentz\u00fcndliche Situation vor Wahlen&quot;: Frankreichs Innenminister warnt vor Gewalt\"}]},{\"@type\":\"WebSite\",\"@id\":\"https:\/\/now-news.de\/de\/#website\",\"url\":\"https:\/\/now-news.de\/de\/\",\"name\":\"just-now.NEWS Deutschland\",\"description\":\"Das Portal f\u00fcr unzensierte Nachrichten aus der Welt\",\"publisher\":{\"@id\":\"https:\/\/now-news.de\/de\/#organization\"},\"potentialAction\":[{\"@type\":\"SearchAction\",\"target\":{\"@type\":\"EntryPoint\",\"urlTemplate\":\"https:\/\/now-news.de\/de\/?s={search_term_string}\"},\"query-input\":\"required name=search_term_string\"}],\"inLanguage\":\"de\"},{\"@type\":\"Organization\",\"@id\":\"https:\/\/now-news.de\/de\/#organization\",\"name\":\"Just Now News\",\"url\":\"https:\/\/now-news.de\/de\/\",\"logo\":{\"@type\":\"ImageObject\",\"inLanguage\":\"de\",\"@id\":\"https:\/\/now-news.de\/de\/#\/schema\/logo\/image\/\",\"url\":\"http:\/\/just-now.news\/de\/wp-content\/uploads\/sites\/3\/2022\/04\/logo500x500.jpg\",\"contentUrl\":\"http:\/\/just-now.news\/de\/wp-content\/uploads\/sites\/3\/2022\/04\/logo500x500.jpg\",\"width\":500,\"height\":500,\"caption\":\"Just Now News\"},\"image\":{\"@id\":\"https:\/\/now-news.de\/de\/#\/schema\/logo\/image\/\"},\"sameAs\":[\"https:\/\/www.facebook.com\/wirmachenauf\",\"https:\/\/x.com\/WirMachenAuf_de\"]},{\"@type\":\"Person\",\"@id\":\"https:\/\/now-news.de\/de\/#\/schema\/person\/fb534a4e865501d8b3285208df34a9b5\",\"name\":\"rtnews\",\"image\":{\"@type\":\"ImageObject\",\"inLanguage\":\"de\",\"@id\":\"https:\/\/now-news.de\/de\/#\/schema\/person\/image\/\",\"url\":\"https:\/\/secure.gravatar.com\/avatar\/82aafea7d8127119dd649515f56e2117?s=96&d=mm&r=g\",\"contentUrl\":\"https:\/\/secure.gravatar.com\/avatar\/82aafea7d8127119dd649515f56e2117?s=96&d=mm&r=g\",\"caption\":\"rtnews\"},\"url\":\"https:\/\/now-news.de\/de\/author\/rnews\/\"}]}<\/script>\n<!-- \/ Yoast SEO Premium plugin. -->","yoast_head_json":{"title":"&quot;Hochentz\u00fcndliche Situation vor Wahlen&quot;: Frankreichs Innenminister warnt vor Gewalt - just-now.NEWS Deutschland","robots":{"index":"index","follow":"follow","max-snippet":"max-snippet:-1","max-image-preview":"max-image-preview:large","max-video-preview":"max-video-preview:-1"},"canonical":"https:\/\/now-news.de\/de\/deutschland\/hochentzuendliche-situation-vor-wahlen-frankreichs-innenminister-warnt-vor-gewalt\/","og_locale":"de_DE","og_type":"article","og_title":"&quot;Hochentz\u00fcndliche Situation vor Wahlen&quot;: Frankreichs Innenminister warnt vor Gewalt","og_description":"Im Zusammenhang mit der bevorstehenden Parlamentswahl warnte der franz\u00f6sische Innenminister G\u00e9rald Darmanin vor Gewaltausbr\u00fcchen. Derweil \u00e4u\u00dferten sich franz\u00f6sische Unternehmen und ausl\u00e4ndische Investoren besorgt \u00fcber die Wirtschaftspl\u00e4ne der rechten und linken Parteien. Frankreichs Innenminister G\u00e9rald Darmanin warnt angesichts der aufgeheizten Stimmung im Land vor Gewaltausbr\u00fcchen im Zusammenhang mit der bevorstehenden Neuwahl. &#8220;Es ist m\u00f6glich, dass es [&hellip;]","og_url":"https:\/\/now-news.de\/de\/deutschland\/hochentzuendliche-situation-vor-wahlen-frankreichs-innenminister-warnt-vor-gewalt\/","og_site_name":"just-now.NEWS Deutschland","article_publisher":"https:\/\/www.facebook.com\/wirmachenauf","article_published_time":"2024-06-24T14:00:38+00:00","og_image":[{"url":"https:\/\/now-news.de\/de\/wp-content\/uploads\/sites\/3\/2024\/06\/6679649948fbef25be440bf0.jpg"}],"author":"rtnews","twitter_card":"summary_large_image","twitter_creator":"@WirMachenAuf_de","twitter_site":"@WirMachenAuf_de","twitter_misc":{"Verfasst von":"rtnews","Gesch\u00e4tzte Lesezeit":"3\u00a0Minuten"},"schema":{"@context":"https:\/\/schema.org","@graph":[{"@type":"Article","@id":"https:\/\/now-news.de\/de\/deutschland\/hochentzuendliche-situation-vor-wahlen-frankreichs-innenminister-warnt-vor-gewalt\/#article","isPartOf":{"@id":"https:\/\/now-news.de\/de\/deutschland\/hochentzuendliche-situation-vor-wahlen-frankreichs-innenminister-warnt-vor-gewalt\/"},"author":{"name":"rtnews","@id":"https:\/\/now-news.de\/de\/#\/schema\/person\/fb534a4e865501d8b3285208df34a9b5"},"headline":"&quot;Hochentz\u00fcndliche Situation vor Wahlen&quot;: Frankreichs Innenminister warnt vor Gewalt","datePublished":"2024-06-24T14:00:38+00:00","dateModified":"2024-06-24T14:00:38+00:00","mainEntityOfPage":{"@id":"https:\/\/now-news.de\/de\/deutschland\/hochentzuendliche-situation-vor-wahlen-frankreichs-innenminister-warnt-vor-gewalt\/"},"wordCount":524,"commentCount":0,"publisher":{"@id":"https:\/\/now-news.de\/de\/#organization"},"image":{"@id":"https:\/\/now-news.de\/de\/deutschland\/hochentzuendliche-situation-vor-wahlen-frankreichs-innenminister-warnt-vor-gewalt\/#primaryimage"},"thumbnailUrl":"https:\/\/now-news.de\/de\/wp-content\/uploads\/sites\/3\/2024\/06\/quotHochentzuendliche-Situation-vor-Wahlenquot-Frankreichs-Innenminister-warnt-vor-Gewalt.jpg","keywords":["Frankreichs","Gewalt","Innenminister","quotHochentz\u00fcndliche","Situation","vor","Wahlenquot","warnt"],"articleSection":["Deutschland","Russland"],"inLanguage":"de","potentialAction":[{"@type":"CommentAction","name":"Comment","target":["https:\/\/now-news.de\/de\/deutschland\/hochentzuendliche-situation-vor-wahlen-frankreichs-innenminister-warnt-vor-gewalt\/#respond"]}]},{"@type":"WebPage","@id":"https:\/\/now-news.de\/de\/deutschland\/hochentzuendliche-situation-vor-wahlen-frankreichs-innenminister-warnt-vor-gewalt\/","url":"https:\/\/now-news.de\/de\/deutschland\/hochentzuendliche-situation-vor-wahlen-frankreichs-innenminister-warnt-vor-gewalt\/","name":"&quot;Hochentz\u00fcndliche Situation vor Wahlen&quot;: Frankreichs Innenminister warnt vor Gewalt - just-now.NEWS Deutschland","isPartOf":{"@id":"https:\/\/now-news.de\/de\/#website"},"primaryImageOfPage":{"@id":"https:\/\/now-news.de\/de\/deutschland\/hochentzuendliche-situation-vor-wahlen-frankreichs-innenminister-warnt-vor-gewalt\/#primaryimage"},"image":{"@id":"https:\/\/now-news.de\/de\/deutschland\/hochentzuendliche-situation-vor-wahlen-frankreichs-innenminister-warnt-vor-gewalt\/#primaryimage"},"thumbnailUrl":"https:\/\/now-news.de\/de\/wp-content\/uploads\/sites\/3\/2024\/06\/quotHochentzuendliche-Situation-vor-Wahlenquot-Frankreichs-Innenminister-warnt-vor-Gewalt.jpg","datePublished":"2024-06-24T14:00:38+00:00","dateModified":"2024-06-24T14:00:38+00:00","breadcrumb":{"@id":"https:\/\/now-news.de\/de\/deutschland\/hochentzuendliche-situation-vor-wahlen-frankreichs-innenminister-warnt-vor-gewalt\/#breadcrumb"},"inLanguage":"de","potentialAction":[{"@type":"ReadAction","target":["https:\/\/now-news.de\/de\/deutschland\/hochentzuendliche-situation-vor-wahlen-frankreichs-innenminister-warnt-vor-gewalt\/"]}]},{"@type":"ImageObject","inLanguage":"de","@id":"https:\/\/now-news.de\/de\/deutschland\/hochentzuendliche-situation-vor-wahlen-frankreichs-innenminister-warnt-vor-gewalt\/#primaryimage","url":"https:\/\/now-news.de\/de\/wp-content\/uploads\/sites\/3\/2024\/06\/quotHochentzuendliche-Situation-vor-Wahlenquot-Frankreichs-Innenminister-warnt-vor-Gewalt.jpg","contentUrl":"https:\/\/now-news.de\/de\/wp-content\/uploads\/sites\/3\/2024\/06\/quotHochentzuendliche-Situation-vor-Wahlenquot-Frankreichs-Innenminister-warnt-vor-Gewalt.jpg","width":460,"height":259,"caption":"&quot;Hochentz\u00fcndliche Situation vor Wahlen&quot;: Frankreichs Innenminister warnt vor Gewalt"},{"@type":"BreadcrumbList","@id":"https:\/\/now-news.de\/de\/deutschland\/hochentzuendliche-situation-vor-wahlen-frankreichs-innenminister-warnt-vor-gewalt\/#breadcrumb","itemListElement":[{"@type":"ListItem","position":1,"name":"Home","item":"https:\/\/now-news.de\/de\/"},{"@type":"ListItem","position":2,"name":"&quot;Hochentz\u00fcndliche Situation vor Wahlen&quot;: Frankreichs Innenminister warnt vor Gewalt"}]},{"@type":"WebSite","@id":"https:\/\/now-news.de\/de\/#website","url":"https:\/\/now-news.de\/de\/","name":"just-now.NEWS Deutschland","description":"Das Portal f\u00fcr unzensierte Nachrichten aus der Welt","publisher":{"@id":"https:\/\/now-news.de\/de\/#organization"},"potentialAction":[{"@type":"SearchAction","target":{"@type":"EntryPoint","urlTemplate":"https:\/\/now-news.de\/de\/?s={search_term_string}"},"query-input":"required name=search_term_string"}],"inLanguage":"de"},{"@type":"Organization","@id":"https:\/\/now-news.de\/de\/#organization","name":"Just Now News","url":"https:\/\/now-news.de\/de\/","logo":{"@type":"ImageObject","inLanguage":"de","@id":"https:\/\/now-news.de\/de\/#\/schema\/logo\/image\/","url":"http:\/\/just-now.news\/de\/wp-content\/uploads\/sites\/3\/2022\/04\/logo500x500.jpg","contentUrl":"http:\/\/just-now.news\/de\/wp-content\/uploads\/sites\/3\/2022\/04\/logo500x500.jpg","width":500,"height":500,"caption":"Just Now News"},"image":{"@id":"https:\/\/now-news.de\/de\/#\/schema\/logo\/image\/"},"sameAs":["https:\/\/www.facebook.com\/wirmachenauf","https:\/\/x.com\/WirMachenAuf_de"]},{"@type":"Person","@id":"https:\/\/now-news.de\/de\/#\/schema\/person\/fb534a4e865501d8b3285208df34a9b5","name":"rtnews","image":{"@type":"ImageObject","inLanguage":"de","@id":"https:\/\/now-news.de\/de\/#\/schema\/person\/image\/","url":"https:\/\/secure.gravatar.com\/avatar\/82aafea7d8127119dd649515f56e2117?s=96&d=mm&r=g","contentUrl":"https:\/\/secure.gravatar.com\/avatar\/82aafea7d8127119dd649515f56e2117?s=96&d=mm&r=g","caption":"rtnews"},"url":"https:\/\/now-news.de\/de\/author\/rnews\/"}]}},"_links":{"self":[{"href":"https:\/\/now-news.de\/de\/wp-json\/wp\/v2\/posts\/63419"}],"collection":[{"href":"https:\/\/now-news.de\/de\/wp-json\/wp\/v2\/posts"}],"about":[{"href":"https:\/\/now-news.de\/de\/wp-json\/wp\/v2\/types\/post"}],"author":[{"embeddable":true,"href":"https:\/\/now-news.de\/de\/wp-json\/wp\/v2\/users\/3"}],"replies":[{"embeddable":true,"href":"https:\/\/now-news.de\/de\/wp-json\/wp\/v2\/comments?post=63419"}],"version-history":[{"count":0,"href":"https:\/\/now-news.de\/de\/wp-json\/wp\/v2\/posts\/63419\/revisions"}],"wp:featuredmedia":[{"embeddable":true,"href":"https:\/\/now-news.de\/de\/wp-json\/wp\/v2\/media\/63420"}],"wp:attachment":[{"href":"https:\/\/now-news.de\/de\/wp-json\/wp\/v2\/media?parent=63419"}],"wp:term":[{"taxonomy":"category","embeddable":true,"href":"https:\/\/now-news.de\/de\/wp-json\/wp\/v2\/categories?post=63419"},{"taxonomy":"post_tag","embeddable":true,"href":"https:\/\/now-news.de\/de\/wp-json\/wp\/v2\/tags?post=63419"}],"curies":[{"name":"wp","href":"https:\/\/api.w.org\/{rel}","templated":true}]}}