{"id":634,"date":"2022-04-14T03:15:22","date_gmt":"2022-04-14T04:15:22","guid":{"rendered":"http:\/\/just-now.news\/de\/deutschland\/trotz-corona-dauermodus-jobcenter-sanktionieren-wieder-mehr\/"},"modified":"2022-04-14T03:15:22","modified_gmt":"2022-04-14T04:15:22","slug":"trotz-corona-dauermodus-jobcenter-sanktionieren-wieder-mehr","status":"publish","type":"post","link":"https:\/\/now-news.de\/de\/deutschland\/trotz-corona-dauermodus-jobcenter-sanktionieren-wieder-mehr\/","title":{"rendered":"Trotz Corona-Dauermodus: Jobcenter sanktionieren wieder mehr"},"content":{"rendered":"<div class=\"Text-root Text-type_5 ArticleView-text ViewText-root \">\n<p><em>von Susan Bonath<\/em><\/p>\n<p>Die Preise steigen schneller als die Sozialhilfes\u00e4tze und lassen das staatlich bezifferte Existenzminimum im Eiltempo real schrumpfen. Hartz-IV-Bezieher m\u00fcssen ihre G\u00fcrtel immer enger schnallen, w\u00e4hrend sich die Jobcenter im Corona-Ma\u00dfnahmen-Marathon den Kundenverkehr seit zwei Jahren vom Leib halten. Ihre eigentliche Aufgabe, Beratung und Jobvermittlung, ist bis heute weitgehend auf Telefon und Internet beschr\u00e4nkt. Doch Corona hin oder her \u2013 ihre Klienten m\u00fcssen weiterhin Gehorsam zeigen, um K\u00fcrzungen zu vermeiden. Im zweiten Pandemiejahr haben Jobcenter Erwerbslose nach einem Einbruch 2020 wieder st\u00e4rker sanktioniert.<\/p>\n<p><strong>Wachsender Sanktionseifer<\/strong><\/p>\n<p>Wie aus einer am Dienstag ver\u00f6ffentlichten\u00a0<a target=\"_blank\" href=\"https:\/\/statistik.arbeitsagentur.de\/SiteGlobals\/Forms\/Suche\/Einzelheftsuche_Formular.html?nn=1524068&amp;topic_f=sanktionen\" rel=\"noopener noreferrer\">Statistik<\/a>\u00a0der Bundesagentur f\u00fcr Arbeit (BA) hervorgeht, verh\u00e4ngten die Jobcenter im vergangenen Jahr bundesweit insgesamt fast 194.000 K\u00fcrzungen gegen rund 131.000 Bed\u00fcrftige. Etliche Betroffene wurden demnach mehrfach sanktioniert.<\/p>\n<div class=\"ReadMore-root Section-root Section-is1to3-xs_is1to1\" data-widgets=\"ReadMore\" data-has-alias>\n<div class=\"Section-container Section-isRow-isTop-isWrap\">\n<article class=\"Card-root Card-is1to1 \">\n<div class=\"Card-imageWrap\">\n<div class=\"Card-picture\">\n<picture class=\"Picture-root Picture-default\"><!--[if IE 9]><video style=\"display: none;\"><![endif]--><source media=\"(-webkit-min-device-pixel-ratio: 2) and (min-resolution: 120dpi)\" data-srcset=\" \nhttps:\/\/cdni.russiatoday.com\/deutsch\/images\/2022.02\/thumbnail\/6214e740b480cc66c81c7fce.jpg 850w,\n                https:\/\/cdni.russiatoday.com\/deutsch\/images\/2022.02\/article\/6214e73fb480cc66c81c7fcd.jpg 1960w,\n            \" srcset=\"data:image\/png;base64,iVBORw0KGgoAAAANSUhEUgAAABAAAAAJCAQAAACRI2S5AAAAEElEQVR42mNkIAAYRxWAAQAG9gAKqv6+AwAAAABJRU5ErkJggg==\"><source data-srcset=\" \nhttps:\/\/cdni.russiatoday.com\/deutsch\/images\/2022.02\/thumbnail\/6214e740b480cc66c81c7fce.jpg 460w,\n              https:\/\/cdni.russiatoday.com\/deutsch\/images\/2022.02\/article\/6214e73fb480cc66c81c7fcd.jpg 980w,\n            \" srcset=\"data:image\/png;base64,iVBORw0KGgoAAAANSUhEUgAAABAAAAAJCAQAAACRI2S5AAAAEElEQVR42mNkIAAYRxWAAQAG9gAKqv6+AwAAAABJRU5ErkJggg==\"><!--[if IE 9]><\/video><![endif]--><\/source><\/source><\/picture><!-- noscript pattern --><noscript><img decoding=\"async\" src=\"https:\/\/cdni.russiatoday.com\/deutsch\/images\/2022.02\/article\/6214e73fb480cc66c81c7fcd.jpg\" alt=\"Corona-Krise: Langzeitarbeitslosigkeit erheblich gestiegen\"><\/noscript>    <\/div><\/div>\n<div class=\"Card-contentWrap\">\n<div class=\"Card-content\">\n<div class=\"Card-title\">\n<div class=\"HeaderNews-root HeaderNews-type_6 \">\n<p>            <a target=\"_blank\" href=\"https:\/\/de.rt.com\/inland\/132174-langzeitarbeitslosigkeit-wahrend-corona-krise-erheblich\/\" class=\"Link-root Link-isFullCard \" rel=\"noopener\"><br \/>\n                Corona-Krise: Langzeitarbeitslosigkeit erheblich gestiegen<br \/>\n            <\/a><\/p><\/div><\/div><\/div><\/div>\n<\/article>\n<\/div><\/div>\n<p>Bei etwas mehr als der H\u00e4lfte dieser F\u00e4lle waren Meldevers\u00e4umnisse der Grund. Hierf\u00fcr sieht das Gesetz eine K\u00fcrzung des Regelsatzes um zehn Prozent f\u00fcr drei Monate vor. In den anderen F\u00e4llen hatten Betroffene beispielsweise ein Jobangebot abgelehnt, eigenm\u00e4chtig gek\u00fcndigt oder eine Ma\u00dfnahme abgebrochen. Hier k\u00fcrzen die \u00c4mter die Minibez\u00fcge f\u00fcr ein Vierteljahr um 30 Prozent. Ein Alleinstehender erhielt damit 2021 nur 312 statt 446 Euro.<\/p>\n<p>Allerdings verzeichnete die BA demnach allein an ihrem Stichtag im Dezember 2021 insgesamt rund 71.500 wirksame Sanktionen gegen knapp 57.000 Hartz-IV-Bezieher. Die Beh\u00f6rden verh\u00e4ngen also mehrere K\u00fcrzungsstrafen gleichzeitig, etwa wenn ein Klient mehrfach f\u00fcr das Amt nicht erreichbar ist oder sowohl eine Ma\u00dfnahme abgebrochen als auch einen Termin vers\u00e4umt hat. Die K\u00fcrzungen werden dann summiert.<\/p>\n<p><strong>R\u00fcckgang durch Karlsruhe-Urteil und Corona-Verordnung<\/strong><\/p>\n<p>Das Niveau von 2005 bis 2019 \u2013 zeitweise verh\u00e4ngten damals Jobcenter mehr als eine Million Sanktionen pro Jahr \u2013 wurde allerdings nicht erreicht. Das gr\u00fcndet aber vor allem auf einem h\u00f6chstrichterlichen <a target=\"_blank\" href=\"https:\/\/www.bundesverfassungsgericht.de\/SharedDocs\/Entscheidungen\/DE\/2019\/11\/ls20191105_1bvl000716.html\" rel=\"noopener noreferrer\">Urteil<\/a> vom November 2019. Damals hatte das Bundesverfassungsgericht (BVerfG) nach fast 15 Jahren Hartz IV K\u00fcrzungen von mehr als 30 Prozent f\u00fcr verfassungswidrig erkl\u00e4rt. Zuvor konnten Jobcenter den Betroffenen die Bez\u00fcge bis auf null k\u00fcrzen, was sie zeitweilig in bis zu 11.000 F\u00e4llen pro Monat taten. Damit waren auch Mietbeihilfen und Krankenversicherungsbeitr\u00e4ge weggefallen.<\/p>\n<div class=\"ReadMore-root Section-root Section-is1to3-xs_is1to1\" data-widgets=\"ReadMore\" data-has-alias>\n<div class=\"Section-container Section-isRow-isTop-isWrap\">\n<article class=\"Card-root Card-is1to1 \">\n<div class=\"Card-imageWrap\">\n<div class=\"Card-picture\">\n<picture class=\"Picture-root Picture-default\"><!--[if IE 9]><video style=\"display: none;\"><![endif]--><source media=\"(-webkit-min-device-pixel-ratio: 2) and (min-resolution: 120dpi)\" data-srcset=\" \nhttps:\/\/cdni.russiatoday.com\/deutsch\/images\/2021.12\/thumbnail\/61a90b2f48fbef7e2e750205.jpg 850w,\n                https:\/\/cdni.russiatoday.com\/deutsch\/images\/2021.12\/article\/61a90b2f48fbef7e2e750205.jpg 1960w,\n            \" srcset=\"data:image\/png;base64,iVBORw0KGgoAAAANSUhEUgAAABAAAAAJCAQAAACRI2S5AAAAEElEQVR42mNkIAAYRxWAAQAG9gAKqv6+AwAAAABJRU5ErkJggg==\"><source data-srcset=\" \nhttps:\/\/cdni.russiatoday.com\/deutsch\/images\/2021.12\/thumbnail\/61a90b2f48fbef7e2e750205.jpg 460w,\n              https:\/\/cdni.russiatoday.com\/deutsch\/images\/2021.12\/article\/61a90b2f48fbef7e2e750205.jpg 980w,\n            \" srcset=\"data:image\/png;base64,iVBORw0KGgoAAAANSUhEUgAAABAAAAAJCAQAAACRI2S5AAAAEElEQVR42mNkIAAYRxWAAQAG9gAKqv6+AwAAAABJRU5ErkJggg==\"><!--[if IE 9]><\/video><![endif]--><img decoding=\"async\" data-sizes=\"auto\" src=\"data:image\/png;base64,iVBORw0KGgoAAAANSUhEUgAAABAAAAAJCAQAAACRI2S5AAAAEElEQVR42mNkIAAYRxWAAQAG9gAKqv6+AwAAAABJRU5ErkJggg==\" class=\"Picture-root Picture-default lazyload\" data-src=\"https:\/\/cdni.russiatoday.com\/deutsch\/images\/2021.12\/thumbnail\/61a90b2f48fbef7e2e750205.jpg\" alt=\"Deutschland 2021: Die br\u00f6ckelnde Mittelschicht, eine Entwicklung mit Ansage\"><\/source><\/source><\/picture><!-- noscript pattern --><noscript><img decoding=\"async\" src=\"https:\/\/cdni.russiatoday.com\/deutsch\/images\/2021.12\/article\/61a90b2f48fbef7e2e750205.jpg\" alt=\"Deutschland 2021: Die br\u00f6ckelnde Mittelschicht, eine Entwicklung mit Ansage\"><\/noscript>    <\/div><\/div>\n<div class=\"Card-contentWrap\">\n<div class=\"Card-label\">\n                <span class=\"Label-root Label-analyse\"><br \/>\n                    Analyse<br \/>\n                <\/span>\n            <\/div>\n<div class=\"Card-content\">\n<div class=\"Card-title\">\n<div class=\"HeaderNews-root HeaderNews-type_6 \">\n<p>            <a target=\"_blank\" href=\"https:\/\/de.rt.com\/inland\/127883-brockelnde-mittelschicht-entwicklung-mit-ansage\/\" class=\"Link-root Link-isFullCard \" rel=\"noopener\"><br \/>\n                Deutschland 2021: Die br\u00f6ckelnde Mittelschicht, eine Entwicklung mit Ansage<br \/>\n            <\/a><\/p><\/div><\/div><\/div><\/div>\n<\/article>\n<\/div><\/div>\n<p>Zum anderen hatte die Politik die Sanktionen im Jahr 2020 im Rahmen einer Corona-Verordnung vor\u00fcbergehend ausgesetzt, jedenfalls auf dem Papier. Tats\u00e4chlich waren die K\u00fcrzungen nach BA-Angaben von etwa 123.000 im Oktober 2019 zun\u00e4chst auf rund 79.300 im Januar 2002, sp\u00e4ter auf minimal 7.625 im August desselben Jahres zur\u00fcckgegangen, um dann wieder kontinuierlich zu steigen. F\u00fcr Januar 2021 meldete die BA bereits wieder knapp 39.000 K\u00fcrzungen, rund 42.000 f\u00fcr Oktober und fast 57.000 f\u00fcr den Dezember des vorigen Jahres.<\/p>\n<p>Somit hatte die BA f\u00fcr das Jahr 2020 am Ende &#8220;nur&#8221; etwas mehr als 171.000 Hartz-IV-Sanktionen gegen etwa 115.000 Leistungsberechtigte verzeichnet \u2013 rund 23.000 Strafen und 16.000 Betroffene weniger als 2021. Zum Vergleich: F\u00fcr das Jahr 2019 hatte die BA noch 807.000 K\u00fcrzungen gegen 366.000 Menschen angegeben.<\/p>\n<p>Insgesamt vermerkte die Bundesagentur zuletzt einen leichten R\u00fcckgang an Hartz-IV-Beziehern. Demnach\u00a0waren im <a target=\"_blank\" href=\"https:\/\/statistik.arbeitsagentur.de\/DE\/Navigation\/Statistiken\/Fachstatistiken\/Grundsicherung-fuer-Arbeitsuchende-SGBII\/Aktuelle-Eckwerte-Nav.html\" rel=\"noopener noreferrer\">M\u00e4rz 2022<\/a> rund 2,67 Millionen Haushalte mit 5,26 Millionen Personen von dieser Leistung abh\u00e4ngig, etwa 10.000 weniger als im Februar. Darunter befanden sich mindestens 1,7 Millionen Kinder.<\/p>\n<p><strong>Aus Hartz IV wird &#8220;B\u00fcrgergeld&#8221;<\/strong><\/p>\n<p>Das passt nicht so ganz zum Vorhaben der seit Ende 2021 amtierenden &#8220;Ampel&#8221;-Regierung. Diese hatte im Koalitionsvertrag festgelegt, Hartz IV in &#8220;B\u00fcrgergeld&#8221; umzubenennen \u2013 mit einigen kleinen Erleichterungen, wie ein etwas h\u00f6herer Verm\u00f6gensfreibetrag. Bevor sie dieses ab 2023 einf\u00fchren will, sollen vor\u00fcbergehend die Sanktionen wegfallen, und zwar wegen der massiven Preissteigerungen, insbesondere bei Heizung, Strom und Lebensmitteln. Das <a target=\"_blank\" href=\"https:\/\/www.berliner-kurier.de\/berlin\/keine-hartz-iv-sanktionen-bis-jahresende-dann-kommt-das-buergergeld-li.217228\" rel=\"noopener noreferrer\">Gesetz<\/a> ist zwar bereits vom Bundeskabinett abgesegnet, allerdings noch nicht vom Parlament beschlossen.<\/p>\n<p>Ganz umfassend gilt die anvisierte kurzzeitige Sanktionssperre dann aber doch nicht. Es hei\u00dft, dass sie keine K\u00fcrzungen von 30 Prozent mehr verh\u00e4ngen sollen, wenn Leistungsberechtigte eine sogenannte &#8220;Pflichtverletzung&#8221; begehen, also unerlaubt einen Nebenjob k\u00fcndigen, beispielsweise. Wer aber &#8220;ohne wichtigen Grund&#8221; einen Termin verpasst, dem d\u00fcrfen sie danach wie bisher zehn Prozent streichen.<\/p>\n<p><strong>Parit\u00e4tischer kritisiert &#8220;Rohrstockp\u00e4dagogik&#8221;<\/strong><\/p>\n<p>BA-Chef Detlef Scheele (SPD) ist sich laut mehrfachen \u00c4u\u00dferungen mit seiner Partei in der Bundesregierung in einem einig: Auch das B\u00fcrgergeld soll dem Staat die M\u00f6glichkeit geben, Bed\u00fcrftige zu sanktionieren. Das prangerte am Dienstag der Parit\u00e4tische Wohlfahrtsverband in einer <a target=\"_blank\" href=\"https:\/\/www.der-paritaetische.de\/alle-meldungen\/neue-zahlen-der-bundesagentur-fuer-arbeit-paritaetischer-fordert-sofortige-abschaffung-von-hartz-iv-sanktionen\/\" rel=\"noopener noreferrer\">Pressemitteilung<\/a> an.<\/p>\n<div class=\"ReadMore-root Section-root Section-is1to3-xs_is1to1\" data-widgets=\"ReadMore\" data-has-alias>\n<div class=\"Section-container Section-isRow-isTop-isWrap\">\n<article class=\"Card-root Card-is1to1 \">\n<div class=\"Card-imageWrap\">\n<div class=\"Card-picture\">\n<picture class=\"Picture-root Picture-default\"><!--[if IE 9]><video style=\"display: none;\"><![endif]--><source media=\"(-webkit-min-device-pixel-ratio: 2) and (min-resolution: 120dpi)\" data-srcset=\" \nhttps:\/\/cdni.russiatoday.com\/deutsch\/images\/2021.12\/thumbnail\/61b9a28748fbef3c831ebabf.jpg 850w,\n                https:\/\/cdni.russiatoday.com\/deutsch\/images\/2021.12\/article\/61b9a28748fbef3c831ebabf.jpg 1960w,\n            \" srcset=\"data:image\/png;base64,iVBORw0KGgoAAAANSUhEUgAAABAAAAAJCAQAAACRI2S5AAAAEElEQVR42mNkIAAYRxWAAQAG9gAKqv6+AwAAAABJRU5ErkJggg==\"><source data-srcset=\" \nhttps:\/\/cdni.russiatoday.com\/deutsch\/images\/2021.12\/thumbnail\/61b9a28748fbef3c831ebabf.jpg 460w,\n              https:\/\/cdni.russiatoday.com\/deutsch\/images\/2021.12\/article\/61b9a28748fbef3c831ebabf.jpg 980w,\n            \" srcset=\"data:image\/png;base64,iVBORw0KGgoAAAANSUhEUgAAABAAAAAJCAQAAACRI2S5AAAAEElEQVR42mNkIAAYRxWAAQAG9gAKqv6+AwAAAABJRU5ErkJggg==\"><!--[if IE 9]><\/video><![endif]--><img decoding=\"async\" data-sizes=\"auto\" src=\"data:image\/png;base64,iVBORw0KGgoAAAANSUhEUgAAABAAAAAJCAQAAACRI2S5AAAAEElEQVR42mNkIAAYRxWAAQAG9gAKqv6+AwAAAABJRU5ErkJggg==\" class=\"Picture-root Picture-default lazyload\" data-src=\"https:\/\/cdni.russiatoday.com\/deutsch\/images\/2021.12\/thumbnail\/61b9a28748fbef3c831ebabf.jpg\" alt=\"F\u00fcr ein Leben am Existenzminimum: Hoher Anteil der Alleinerziehenden muss neben Hartz IV arbeiten\"><\/source><\/source><\/picture><!-- noscript pattern --><noscript><img decoding=\"async\" src=\"https:\/\/cdni.russiatoday.com\/deutsch\/images\/2021.12\/article\/61b9a28748fbef3c831ebabf.jpg\" alt=\"F\u00fcr ein Leben am Existenzminimum: Hoher Anteil der Alleinerziehenden muss neben Hartz IV arbeiten\"><\/noscript>    <\/div><\/div>\n<div class=\"Card-contentWrap\">\n<div class=\"Card-content\">\n<div class=\"Card-title\">\n<div class=\"HeaderNews-root HeaderNews-type_6 \">\n<p>            <a target=\"_blank\" href=\"https:\/\/de.rt.com\/inland\/128489-fur-leben-am-existenzminimum-hoher\/\" class=\"Link-root Link-isFullCard \" rel=\"noopener\"><br \/>\n                F\u00fcr ein Leben am Existenzminimum: Hoher Anteil der Alleinerziehenden muss neben Hartz IV arbeiten<br \/>\n            <\/a><\/p><\/div><\/div><\/div><\/div>\n<\/article>\n<\/div><\/div>\n<p>Der Verband kritisiert, dass Scheele erneut ge\u00e4u\u00dfert habe, Sanktionen seien n\u00f6tig als &#8220;Handgabe gegen eine kleine Gruppe, die sich sonst entzieht&#8221;. Derlei Strafen, so der Parit\u00e4tische, seien &#8220;weder sachgerecht noch zielf\u00fchrend und eine K\u00fcrzung des Existenzminimums nicht zu rechtfertigen&#8221;. &#8220;Es wird h\u00f6chste Zeit, dass wir diese antiquierte Rohrstockp\u00e4dagogik aus dem vorletzten Jahrhundert \u00fcberwinden und zu einem den Menschen zugewandten, sanktionsfreien Hilfesystem gelangen&#8221;, mahnte demnach der Hauptgesch\u00e4ftsf\u00fchrer des Verbandes, Ulrich Schneider.<\/p>\n<p>Gemessen an den Hartz-IV-Regels\u00e4tzen sind zehn Prozent eine erhebliche Summe. Derzeit gibt es f\u00fcr Alleinstehende 449 Euro, dazu kommen die von den Kommunen geregelten Mietbeihilfen. Bei einer zehnprozentigen Sanktion m\u00fcssen sie drei Monate lang mit 404 Euro auskommen. Davon m\u00fcssen sie alles andere, von Lebensmitteln \u00fcber den \u00f6ffentlichen Nahverkehr bis hin zur Stromrechnung, begleichen.<\/p>\n<p><strong>Mehr zum Thema &#8211;<\/strong>\u00a0<a target=\"_blank\" href=\"https:\/\/de.rt.com\/inland\/126529-ampel-plan-hartz-iv-mit\/\" rel=\"noopener\">Ampel-Plan: Hartz IV mit neuem Namen \u2013 aber repressiv wie eh und je<\/a><\/p>\n<\/p>\n<\/div>\n<p><br \/>\n<br \/><a href=\"https:\/\/de.rt.com\/meinung\/136055-trotz-corona-dauermodus-jobcenter-sanktionieren\/\">Source link <\/a><\/p>\n","protected":false},"excerpt":{"rendered":"<p>von Susan Bonath Die Preise steigen schneller als die Sozialhilfes\u00e4tze und lassen das staatlich bezifferte Existenzminimum im Eiltempo real schrumpfen. Hartz-IV-Bezieher m\u00fcssen ihre G\u00fcrtel immer enger schnallen, w\u00e4hrend sich die Jobcenter im Corona-Ma\u00dfnahmen-Marathon den Kundenverkehr seit zwei Jahren vom Leib halten. Ihre eigentliche Aufgabe, Beratung und Jobvermittlung, ist bis heute weitgehend auf Telefon und Internet [&hellip;]<\/p>\n","protected":false},"author":3,"featured_media":635,"comment_status":"open","ping_status":"open","sticky":false,"template":"","format":"standard","meta":{"wp_automatic_camp":["217"],"85df2a2f950f4e0c57b6da909553bc48":["Trotz Corona-Dauermodus: Jobcenter sanktionieren wieder mehr"],"original_link":["https:\/\/de.rt.com\/meinung\/136055-trotz-corona-dauermodus-jobcenter-sanktionieren\/"],"_thumbnail_id":["635"],"wp_automatic_remove_first_image":["yes"],"_wptg_p2tg_sent2tg":["2022-04-18 08:40:57"],"jnews_social_counter_last_update":["1777429827"]},"categories":[19,23],"tags":[2070,2071,2063,2072,1381,904],"yoast_head":"<!-- This site is optimized with the Yoast SEO Premium plugin v22.7 (Yoast SEO v22.7) - https:\/\/yoast.com\/wordpress\/plugins\/seo\/ -->\n<title>Trotz Corona-Dauermodus: Jobcenter sanktionieren wieder mehr - just-now.NEWS Deutschland<\/title>\n<meta name=\"robots\" content=\"index, follow, max-snippet:-1, max-image-preview:large, max-video-preview:-1\" \/>\n<link rel=\"canonical\" href=\"https:\/\/now-news.de\/de\/deutschland\/trotz-corona-dauermodus-jobcenter-sanktionieren-wieder-mehr\/\" \/>\n<meta property=\"og:locale\" content=\"de_DE\" \/>\n<meta property=\"og:type\" content=\"article\" \/>\n<meta property=\"og:title\" content=\"Trotz Corona-Dauermodus: Jobcenter sanktionieren wieder mehr\" \/>\n<meta property=\"og:description\" content=\"von Susan Bonath Die Preise steigen schneller als die Sozialhilfes\u00e4tze und lassen das staatlich bezifferte Existenzminimum im Eiltempo real schrumpfen. Hartz-IV-Bezieher m\u00fcssen ihre G\u00fcrtel immer enger schnallen, w\u00e4hrend sich die Jobcenter im Corona-Ma\u00dfnahmen-Marathon den Kundenverkehr seit zwei Jahren vom Leib halten. Ihre eigentliche Aufgabe, Beratung und Jobvermittlung, ist bis heute weitgehend auf Telefon und Internet [&hellip;]\" \/>\n<meta property=\"og:url\" content=\"https:\/\/now-news.de\/de\/deutschland\/trotz-corona-dauermodus-jobcenter-sanktionieren-wieder-mehr\/\" \/>\n<meta property=\"og:site_name\" content=\"just-now.NEWS Deutschland\" \/>\n<meta property=\"article:publisher\" content=\"https:\/\/www.facebook.com\/wirmachenauf\" \/>\n<meta property=\"article:published_time\" content=\"2022-04-14T04:15:22+00:00\" \/>\n<meta property=\"og:image\" content=\"https:\/\/now-news.de\/de\/wp-content\/uploads\/sites\/3\/2022\/04\/Trotz-Corona-Dauermodus-Jobcenter-sanktionieren-wieder-mehr.jpg\" \/>\n\t<meta property=\"og:image:width\" content=\"1104\" \/>\n\t<meta property=\"og:image:height\" content=\"622\" \/>\n\t<meta property=\"og:image:type\" content=\"image\/jpeg\" \/>\n<meta name=\"author\" content=\"rtnews\" \/>\n<meta name=\"twitter:card\" content=\"summary_large_image\" \/>\n<meta name=\"twitter:creator\" content=\"@WirMachenAuf_de\" \/>\n<meta name=\"twitter:site\" content=\"@WirMachenAuf_de\" \/>\n<meta name=\"twitter:label1\" content=\"Verfasst von\" \/>\n\t<meta name=\"twitter:data1\" content=\"rtnews\" \/>\n\t<meta name=\"twitter:label2\" content=\"Gesch\u00e4tzte Lesezeit\" \/>\n\t<meta name=\"twitter:data2\" content=\"4\u00a0Minuten\" \/>\n<script type=\"application\/ld+json\" class=\"yoast-schema-graph\">{\"@context\":\"https:\/\/schema.org\",\"@graph\":[{\"@type\":\"Article\",\"@id\":\"https:\/\/now-news.de\/de\/deutschland\/trotz-corona-dauermodus-jobcenter-sanktionieren-wieder-mehr\/#article\",\"isPartOf\":{\"@id\":\"https:\/\/now-news.de\/de\/deutschland\/trotz-corona-dauermodus-jobcenter-sanktionieren-wieder-mehr\/\"},\"author\":{\"name\":\"rtnews\",\"@id\":\"https:\/\/now-news.de\/de\/#\/schema\/person\/fb534a4e865501d8b3285208df34a9b5\"},\"headline\":\"Trotz Corona-Dauermodus: Jobcenter sanktionieren wieder mehr\",\"datePublished\":\"2022-04-14T04:15:22+00:00\",\"dateModified\":\"2022-04-14T04:15:22+00:00\",\"mainEntityOfPage\":{\"@id\":\"https:\/\/now-news.de\/de\/deutschland\/trotz-corona-dauermodus-jobcenter-sanktionieren-wieder-mehr\/\"},\"wordCount\":889,\"commentCount\":0,\"publisher\":{\"@id\":\"https:\/\/now-news.de\/de\/#organization\"},\"image\":{\"@id\":\"https:\/\/now-news.de\/de\/deutschland\/trotz-corona-dauermodus-jobcenter-sanktionieren-wieder-mehr\/#primaryimage\"},\"thumbnailUrl\":\"https:\/\/now-news.de\/de\/wp-content\/uploads\/sites\/3\/2022\/04\/Trotz-Corona-Dauermodus-Jobcenter-sanktionieren-wieder-mehr.jpg\",\"keywords\":[\"CoronaDauermodus\",\"Jobcenter\",\"mehr\",\"sanktionieren\",\"Trotz\",\"wieder\"],\"articleSection\":[\"Deutschland\",\"Russland\"],\"inLanguage\":\"de\",\"potentialAction\":[{\"@type\":\"CommentAction\",\"name\":\"Comment\",\"target\":[\"https:\/\/now-news.de\/de\/deutschland\/trotz-corona-dauermodus-jobcenter-sanktionieren-wieder-mehr\/#respond\"]}]},{\"@type\":\"WebPage\",\"@id\":\"https:\/\/now-news.de\/de\/deutschland\/trotz-corona-dauermodus-jobcenter-sanktionieren-wieder-mehr\/\",\"url\":\"https:\/\/now-news.de\/de\/deutschland\/trotz-corona-dauermodus-jobcenter-sanktionieren-wieder-mehr\/\",\"name\":\"Trotz Corona-Dauermodus: Jobcenter sanktionieren wieder mehr - just-now.NEWS Deutschland\",\"isPartOf\":{\"@id\":\"https:\/\/now-news.de\/de\/#website\"},\"primaryImageOfPage\":{\"@id\":\"https:\/\/now-news.de\/de\/deutschland\/trotz-corona-dauermodus-jobcenter-sanktionieren-wieder-mehr\/#primaryimage\"},\"image\":{\"@id\":\"https:\/\/now-news.de\/de\/deutschland\/trotz-corona-dauermodus-jobcenter-sanktionieren-wieder-mehr\/#primaryimage\"},\"thumbnailUrl\":\"https:\/\/now-news.de\/de\/wp-content\/uploads\/sites\/3\/2022\/04\/Trotz-Corona-Dauermodus-Jobcenter-sanktionieren-wieder-mehr.jpg\",\"datePublished\":\"2022-04-14T04:15:22+00:00\",\"dateModified\":\"2022-04-14T04:15:22+00:00\",\"breadcrumb\":{\"@id\":\"https:\/\/now-news.de\/de\/deutschland\/trotz-corona-dauermodus-jobcenter-sanktionieren-wieder-mehr\/#breadcrumb\"},\"inLanguage\":\"de\",\"potentialAction\":[{\"@type\":\"ReadAction\",\"target\":[\"https:\/\/now-news.de\/de\/deutschland\/trotz-corona-dauermodus-jobcenter-sanktionieren-wieder-mehr\/\"]}]},{\"@type\":\"ImageObject\",\"inLanguage\":\"de\",\"@id\":\"https:\/\/now-news.de\/de\/deutschland\/trotz-corona-dauermodus-jobcenter-sanktionieren-wieder-mehr\/#primaryimage\",\"url\":\"https:\/\/now-news.de\/de\/wp-content\/uploads\/sites\/3\/2022\/04\/Trotz-Corona-Dauermodus-Jobcenter-sanktionieren-wieder-mehr.jpg\",\"contentUrl\":\"https:\/\/now-news.de\/de\/wp-content\/uploads\/sites\/3\/2022\/04\/Trotz-Corona-Dauermodus-Jobcenter-sanktionieren-wieder-mehr.jpg\",\"width\":1104,\"height\":622,\"caption\":\"Trotz Corona-Dauermodus: Jobcenter sanktionieren wieder mehr\"},{\"@type\":\"BreadcrumbList\",\"@id\":\"https:\/\/now-news.de\/de\/deutschland\/trotz-corona-dauermodus-jobcenter-sanktionieren-wieder-mehr\/#breadcrumb\",\"itemListElement\":[{\"@type\":\"ListItem\",\"position\":1,\"name\":\"Home\",\"item\":\"https:\/\/now-news.de\/de\/\"},{\"@type\":\"ListItem\",\"position\":2,\"name\":\"Trotz Corona-Dauermodus: Jobcenter sanktionieren wieder mehr\"}]},{\"@type\":\"WebSite\",\"@id\":\"https:\/\/now-news.de\/de\/#website\",\"url\":\"https:\/\/now-news.de\/de\/\",\"name\":\"just-now.NEWS Deutschland\",\"description\":\"Das Portal f\u00fcr unzensierte Nachrichten aus der Welt\",\"publisher\":{\"@id\":\"https:\/\/now-news.de\/de\/#organization\"},\"potentialAction\":[{\"@type\":\"SearchAction\",\"target\":{\"@type\":\"EntryPoint\",\"urlTemplate\":\"https:\/\/now-news.de\/de\/?s={search_term_string}\"},\"query-input\":\"required name=search_term_string\"}],\"inLanguage\":\"de\"},{\"@type\":\"Organization\",\"@id\":\"https:\/\/now-news.de\/de\/#organization\",\"name\":\"Just Now News\",\"url\":\"https:\/\/now-news.de\/de\/\",\"logo\":{\"@type\":\"ImageObject\",\"inLanguage\":\"de\",\"@id\":\"https:\/\/now-news.de\/de\/#\/schema\/logo\/image\/\",\"url\":\"http:\/\/just-now.news\/de\/wp-content\/uploads\/sites\/3\/2022\/04\/logo500x500.jpg\",\"contentUrl\":\"http:\/\/just-now.news\/de\/wp-content\/uploads\/sites\/3\/2022\/04\/logo500x500.jpg\",\"width\":500,\"height\":500,\"caption\":\"Just Now News\"},\"image\":{\"@id\":\"https:\/\/now-news.de\/de\/#\/schema\/logo\/image\/\"},\"sameAs\":[\"https:\/\/www.facebook.com\/wirmachenauf\",\"https:\/\/x.com\/WirMachenAuf_de\"]},{\"@type\":\"Person\",\"@id\":\"https:\/\/now-news.de\/de\/#\/schema\/person\/fb534a4e865501d8b3285208df34a9b5\",\"name\":\"rtnews\",\"image\":{\"@type\":\"ImageObject\",\"inLanguage\":\"de\",\"@id\":\"https:\/\/now-news.de\/de\/#\/schema\/person\/image\/\",\"url\":\"https:\/\/secure.gravatar.com\/avatar\/82aafea7d8127119dd649515f56e2117?s=96&d=mm&r=g\",\"contentUrl\":\"https:\/\/secure.gravatar.com\/avatar\/82aafea7d8127119dd649515f56e2117?s=96&d=mm&r=g\",\"caption\":\"rtnews\"},\"url\":\"https:\/\/now-news.de\/de\/author\/rnews\/\"}]}<\/script>\n<!-- \/ Yoast SEO Premium plugin. -->","yoast_head_json":{"title":"Trotz Corona-Dauermodus: Jobcenter sanktionieren wieder mehr - just-now.NEWS Deutschland","robots":{"index":"index","follow":"follow","max-snippet":"max-snippet:-1","max-image-preview":"max-image-preview:large","max-video-preview":"max-video-preview:-1"},"canonical":"https:\/\/now-news.de\/de\/deutschland\/trotz-corona-dauermodus-jobcenter-sanktionieren-wieder-mehr\/","og_locale":"de_DE","og_type":"article","og_title":"Trotz Corona-Dauermodus: Jobcenter sanktionieren wieder mehr","og_description":"von Susan Bonath Die Preise steigen schneller als die Sozialhilfes\u00e4tze und lassen das staatlich bezifferte Existenzminimum im Eiltempo real schrumpfen. Hartz-IV-Bezieher m\u00fcssen ihre G\u00fcrtel immer enger schnallen, w\u00e4hrend sich die Jobcenter im Corona-Ma\u00dfnahmen-Marathon den Kundenverkehr seit zwei Jahren vom Leib halten. Ihre eigentliche Aufgabe, Beratung und Jobvermittlung, ist bis heute weitgehend auf Telefon und Internet [&hellip;]","og_url":"https:\/\/now-news.de\/de\/deutschland\/trotz-corona-dauermodus-jobcenter-sanktionieren-wieder-mehr\/","og_site_name":"just-now.NEWS Deutschland","article_publisher":"https:\/\/www.facebook.com\/wirmachenauf","article_published_time":"2022-04-14T04:15:22+00:00","og_image":[{"width":1104,"height":622,"url":"https:\/\/now-news.de\/de\/wp-content\/uploads\/sites\/3\/2022\/04\/Trotz-Corona-Dauermodus-Jobcenter-sanktionieren-wieder-mehr.jpg","type":"image\/jpeg"}],"author":"rtnews","twitter_card":"summary_large_image","twitter_creator":"@WirMachenAuf_de","twitter_site":"@WirMachenAuf_de","twitter_misc":{"Verfasst von":"rtnews","Gesch\u00e4tzte Lesezeit":"4\u00a0Minuten"},"schema":{"@context":"https:\/\/schema.org","@graph":[{"@type":"Article","@id":"https:\/\/now-news.de\/de\/deutschland\/trotz-corona-dauermodus-jobcenter-sanktionieren-wieder-mehr\/#article","isPartOf":{"@id":"https:\/\/now-news.de\/de\/deutschland\/trotz-corona-dauermodus-jobcenter-sanktionieren-wieder-mehr\/"},"author":{"name":"rtnews","@id":"https:\/\/now-news.de\/de\/#\/schema\/person\/fb534a4e865501d8b3285208df34a9b5"},"headline":"Trotz Corona-Dauermodus: Jobcenter sanktionieren wieder mehr","datePublished":"2022-04-14T04:15:22+00:00","dateModified":"2022-04-14T04:15:22+00:00","mainEntityOfPage":{"@id":"https:\/\/now-news.de\/de\/deutschland\/trotz-corona-dauermodus-jobcenter-sanktionieren-wieder-mehr\/"},"wordCount":889,"commentCount":0,"publisher":{"@id":"https:\/\/now-news.de\/de\/#organization"},"image":{"@id":"https:\/\/now-news.de\/de\/deutschland\/trotz-corona-dauermodus-jobcenter-sanktionieren-wieder-mehr\/#primaryimage"},"thumbnailUrl":"https:\/\/now-news.de\/de\/wp-content\/uploads\/sites\/3\/2022\/04\/Trotz-Corona-Dauermodus-Jobcenter-sanktionieren-wieder-mehr.jpg","keywords":["CoronaDauermodus","Jobcenter","mehr","sanktionieren","Trotz","wieder"],"articleSection":["Deutschland","Russland"],"inLanguage":"de","potentialAction":[{"@type":"CommentAction","name":"Comment","target":["https:\/\/now-news.de\/de\/deutschland\/trotz-corona-dauermodus-jobcenter-sanktionieren-wieder-mehr\/#respond"]}]},{"@type":"WebPage","@id":"https:\/\/now-news.de\/de\/deutschland\/trotz-corona-dauermodus-jobcenter-sanktionieren-wieder-mehr\/","url":"https:\/\/now-news.de\/de\/deutschland\/trotz-corona-dauermodus-jobcenter-sanktionieren-wieder-mehr\/","name":"Trotz Corona-Dauermodus: Jobcenter sanktionieren wieder mehr - just-now.NEWS Deutschland","isPartOf":{"@id":"https:\/\/now-news.de\/de\/#website"},"primaryImageOfPage":{"@id":"https:\/\/now-news.de\/de\/deutschland\/trotz-corona-dauermodus-jobcenter-sanktionieren-wieder-mehr\/#primaryimage"},"image":{"@id":"https:\/\/now-news.de\/de\/deutschland\/trotz-corona-dauermodus-jobcenter-sanktionieren-wieder-mehr\/#primaryimage"},"thumbnailUrl":"https:\/\/now-news.de\/de\/wp-content\/uploads\/sites\/3\/2022\/04\/Trotz-Corona-Dauermodus-Jobcenter-sanktionieren-wieder-mehr.jpg","datePublished":"2022-04-14T04:15:22+00:00","dateModified":"2022-04-14T04:15:22+00:00","breadcrumb":{"@id":"https:\/\/now-news.de\/de\/deutschland\/trotz-corona-dauermodus-jobcenter-sanktionieren-wieder-mehr\/#breadcrumb"},"inLanguage":"de","potentialAction":[{"@type":"ReadAction","target":["https:\/\/now-news.de\/de\/deutschland\/trotz-corona-dauermodus-jobcenter-sanktionieren-wieder-mehr\/"]}]},{"@type":"ImageObject","inLanguage":"de","@id":"https:\/\/now-news.de\/de\/deutschland\/trotz-corona-dauermodus-jobcenter-sanktionieren-wieder-mehr\/#primaryimage","url":"https:\/\/now-news.de\/de\/wp-content\/uploads\/sites\/3\/2022\/04\/Trotz-Corona-Dauermodus-Jobcenter-sanktionieren-wieder-mehr.jpg","contentUrl":"https:\/\/now-news.de\/de\/wp-content\/uploads\/sites\/3\/2022\/04\/Trotz-Corona-Dauermodus-Jobcenter-sanktionieren-wieder-mehr.jpg","width":1104,"height":622,"caption":"Trotz Corona-Dauermodus: Jobcenter sanktionieren wieder mehr"},{"@type":"BreadcrumbList","@id":"https:\/\/now-news.de\/de\/deutschland\/trotz-corona-dauermodus-jobcenter-sanktionieren-wieder-mehr\/#breadcrumb","itemListElement":[{"@type":"ListItem","position":1,"name":"Home","item":"https:\/\/now-news.de\/de\/"},{"@type":"ListItem","position":2,"name":"Trotz Corona-Dauermodus: Jobcenter sanktionieren wieder mehr"}]},{"@type":"WebSite","@id":"https:\/\/now-news.de\/de\/#website","url":"https:\/\/now-news.de\/de\/","name":"just-now.NEWS Deutschland","description":"Das Portal f\u00fcr unzensierte Nachrichten aus der Welt","publisher":{"@id":"https:\/\/now-news.de\/de\/#organization"},"potentialAction":[{"@type":"SearchAction","target":{"@type":"EntryPoint","urlTemplate":"https:\/\/now-news.de\/de\/?s={search_term_string}"},"query-input":"required name=search_term_string"}],"inLanguage":"de"},{"@type":"Organization","@id":"https:\/\/now-news.de\/de\/#organization","name":"Just Now News","url":"https:\/\/now-news.de\/de\/","logo":{"@type":"ImageObject","inLanguage":"de","@id":"https:\/\/now-news.de\/de\/#\/schema\/logo\/image\/","url":"http:\/\/just-now.news\/de\/wp-content\/uploads\/sites\/3\/2022\/04\/logo500x500.jpg","contentUrl":"http:\/\/just-now.news\/de\/wp-content\/uploads\/sites\/3\/2022\/04\/logo500x500.jpg","width":500,"height":500,"caption":"Just Now News"},"image":{"@id":"https:\/\/now-news.de\/de\/#\/schema\/logo\/image\/"},"sameAs":["https:\/\/www.facebook.com\/wirmachenauf","https:\/\/x.com\/WirMachenAuf_de"]},{"@type":"Person","@id":"https:\/\/now-news.de\/de\/#\/schema\/person\/fb534a4e865501d8b3285208df34a9b5","name":"rtnews","image":{"@type":"ImageObject","inLanguage":"de","@id":"https:\/\/now-news.de\/de\/#\/schema\/person\/image\/","url":"https:\/\/secure.gravatar.com\/avatar\/82aafea7d8127119dd649515f56e2117?s=96&d=mm&r=g","contentUrl":"https:\/\/secure.gravatar.com\/avatar\/82aafea7d8127119dd649515f56e2117?s=96&d=mm&r=g","caption":"rtnews"},"url":"https:\/\/now-news.de\/de\/author\/rnews\/"}]}},"_links":{"self":[{"href":"https:\/\/now-news.de\/de\/wp-json\/wp\/v2\/posts\/634"}],"collection":[{"href":"https:\/\/now-news.de\/de\/wp-json\/wp\/v2\/posts"}],"about":[{"href":"https:\/\/now-news.de\/de\/wp-json\/wp\/v2\/types\/post"}],"author":[{"embeddable":true,"href":"https:\/\/now-news.de\/de\/wp-json\/wp\/v2\/users\/3"}],"replies":[{"embeddable":true,"href":"https:\/\/now-news.de\/de\/wp-json\/wp\/v2\/comments?post=634"}],"version-history":[{"count":0,"href":"https:\/\/now-news.de\/de\/wp-json\/wp\/v2\/posts\/634\/revisions"}],"wp:featuredmedia":[{"embeddable":true,"href":"https:\/\/now-news.de\/de\/wp-json\/wp\/v2\/media\/635"}],"wp:attachment":[{"href":"https:\/\/now-news.de\/de\/wp-json\/wp\/v2\/media?parent=634"}],"wp:term":[{"taxonomy":"category","embeddable":true,"href":"https:\/\/now-news.de\/de\/wp-json\/wp\/v2\/categories?post=634"},{"taxonomy":"post_tag","embeddable":true,"href":"https:\/\/now-news.de\/de\/wp-json\/wp\/v2\/tags?post=634"}],"curies":[{"name":"wp","href":"https:\/\/api.w.org\/{rel}","templated":true}]}}