{"id":63375,"date":"2024-06-23T21:07:53","date_gmt":"2024-06-23T19:07:53","guid":{"rendered":"https:\/\/now-news.de\/de\/deutschland\/wegen-voreingenommenheit-oeffentlich-rechtliche-sendeanstalt-in-der-slowakei-aufgeloest\/"},"modified":"2024-06-23T21:07:53","modified_gmt":"2024-06-23T19:07:53","slug":"wegen-voreingenommenheit-oeffentlich-rechtliche-sendeanstalt-in-der-slowakei-aufgeloest","status":"publish","type":"post","link":"https:\/\/now-news.de\/de\/deutschland\/wegen-voreingenommenheit-oeffentlich-rechtliche-sendeanstalt-in-der-slowakei-aufgeloest\/","title":{"rendered":"Wegen Voreingenommenheit: \u00d6ffentlich-rechtliche Sendeanstalt in der Slowakei aufgel\u00f6st"},"content":{"rendered":"<p><img decoding=\"async\" src=\"https:\/\/now-news.de\/de\/wp-content\/uploads\/sites\/3\/2024\/06\/66785860b480cc031c38c843.jpg\" \/><\/p>\n<div class=\"Text-root Text-type_1 \">\n                Das slowakische Parlament hat f\u00fcr die Aufl\u00f6sung der \u00f6ffentlich-rechtlichen Sendeanstalt RTVS gestimmt. Der Abstimmung waren monatelange Proteste von Oppositionsparteien und RTVS-Mitarbeitern vorausgegangen.\n            <\/div>\n<p><\/p>\n<div class=\"Text-root Text-type_5 ArticleView-text ViewText-root \">\n<p>Das Parlament in der Slowakei hat am Freitag der Aufl\u00f6sung der \u00f6ffentlich-rechtlichen Sendeanstalt <em>RTVS<\/em> zugestimmt. Der Abstimmung waren monatelange Proteste von Oppositionsparteien und <em>RTVS<\/em>-Mitarbeitern vorausgegangen. Am Ende stimmten alle 78 Abgeordneten der drei sozialdemokratischen und nationalistischen Regierungsparteien f\u00fcr das umstrittene Gesetz. Die Parlamentarier der Opposition verlie\u00dfen hingegen aus Protest den Sitzungssaal und boykottierten damit die Abstimmung.<\/p>\n<p>Ministerpr\u00e4sident Robert Fico hatte erkl\u00e4rt, die \u00c4nderungen seien notwendig, weil Rundfunk und Fernsehen voreingenommen seien und &#8220;im Konflikt mit der slowakischen Regierung&#8221; st\u00fcnden. Auch die nationalistische Kulturministerin Martina \u0160imkovi\u010dov\u00e1 hatte die <em>RTVS<\/em>-Berichterstattung wiederholt als voreingenommen kritisiert.<\/p>\n<p>Ein noch von einer fr\u00fcheren Parlamentsmehrheit f\u00fcr eine Amtsperiode bis 2027 gew\u00e4hlter Generaldirektor und sein Team konnten bisher aufgrund der bestehenden Gesetzeslage nicht abgesetzt werden. Mit der formellen Aufl\u00f6sung des Senders f\u00e4llt dieses Hindernis nun allerdings weg. <em>RTVS<\/em> soll ab dem 1. Juli durch eine neue Sendeanstalt namens <em>STVR<\/em> ersetzt werden. Dann k\u00f6nne auch eine neue F\u00fchrung bestimmt werden. Die Opposition bef\u00fcrchtet, der neue Sender werde zu einem alternativlosen &#8220;Sprachrohr der Regierung&#8221;.<\/p>\n<p>Den Protestaufrufen der Oppositionsparteien waren in den ersten Monaten des Jahres wiederholt Zehntausende Menschen gefolgt. Nach der Wahlniederlage der Opposition bei der Pr\u00e4sidentenwahl Anfang April und einem Attentat auf Regierungschef Fico am 15. Mai schrumpfte die Protestbewegung jedoch deutlich. Zuletzt waren am Dienstag in Bratislava nur einige Hundert Menschen gegen die Regierung und die Schlie\u00dfung von <em>RTVS<\/em> auf die Stra\u00dfe gegangen.<\/p>\n<p><strong>Mehr zum Thema &#8211;<\/strong>\u00a0<a rel=\"nofollow noopener\" target=\"_blank\" href=\"https:\/\/freedert.online\/kurzclips\/video\/208392-slowakischer-premier-fico-aeussert-sich\/\">Slowakischer Premier Fico \u00e4u\u00dfert sich erstmals nach dem Attentat mit klarer Botschaft <\/a><\/p>\n<div class=\"EmbedBlock-root EmbedBlock-externalVideo EmbedBlock-odysee\">\n<div class=\"VkEmbed\"><iframe class=\"lazyload\" data-src=\"https:\/\/odysee.com\/%24\/embed\/%40RTDE%3Ae%2FSlowakischer-Premier-Fico-%C3%A4u%C3%9Fert-sich-erstmals-nach-dem-Attentat-mit-klarer-Botschaft%3A4\" frameborder=\"0\" width=\"853\" height=\"480\" allowfullscreen><\/iframe><\/div>\n<\/div>\n<\/div>\n<p><br \/>\n<br \/><a href=\"https:\/\/de.rt.com\/europa\/210080-wegen-voreingenommenheit-oeffentlich-rechtliche-sendeanstalt\/\">Source link <\/a><\/p>\n","protected":false},"excerpt":{"rendered":"<p>Das slowakische Parlament hat f\u00fcr die Aufl\u00f6sung der \u00f6ffentlich-rechtlichen Sendeanstalt RTVS gestimmt. Der Abstimmung waren monatelange Proteste von Oppositionsparteien und RTVS-Mitarbeitern vorausgegangen. Das Parlament in der Slowakei hat am Freitag der Aufl\u00f6sung der \u00f6ffentlich-rechtlichen Sendeanstalt RTVS zugestimmt. Der Abstimmung waren monatelange Proteste von Oppositionsparteien und RTVS-Mitarbeitern vorausgegangen. Am Ende stimmten alle 78 Abgeordneten der drei [&hellip;]<\/p>\n","protected":false},"author":3,"featured_media":63376,"comment_status":"open","ping_status":"open","sticky":false,"template":"","format":"standard","meta":{"_yoast_indexnow_last_ping":["1719169847"],"wp_automatic_camp":["217"],"971d41d93f357790fea545e371e9d707":["Wegen Voreingenommenheit: \u00d6ffentlich-rechtliche Sendeanstalt in der Slowakei aufgel\u00f6st"],"original_link":["https:\/\/de.rt.com\/europa\/210080-wegen-voreingenommenheit-oeffentlich-rechtliche-sendeanstalt\/"],"_thumbnail_id":["63376"],"_wptgpro_p2tg_sent2tg":["a:1:{i:23737;s:19:\"2024-06-23 21:11:49\";}"],"jnews_social_counter_last_update":["1777176588"]},"categories":[19,23],"tags":[25303,82,55985,55986,41775,27922,145],"yoast_head":"<!-- This site is optimized with the Yoast SEO Premium plugin v22.7 (Yoast SEO v22.7) - https:\/\/yoast.com\/wordpress\/plugins\/seo\/ -->\n<title>Wegen Voreingenommenheit: \u00d6ffentlich-rechtliche Sendeanstalt in der Slowakei aufgel\u00f6st - just-now.NEWS Deutschland<\/title>\n<meta name=\"robots\" content=\"index, follow, max-snippet:-1, max-image-preview:large, max-video-preview:-1\" \/>\n<link rel=\"canonical\" href=\"https:\/\/now-news.de\/de\/deutschland\/wegen-voreingenommenheit-oeffentlich-rechtliche-sendeanstalt-in-der-slowakei-aufgeloest\/\" \/>\n<meta property=\"og:locale\" content=\"de_DE\" \/>\n<meta property=\"og:type\" content=\"article\" \/>\n<meta property=\"og:title\" content=\"Wegen Voreingenommenheit: \u00d6ffentlich-rechtliche Sendeanstalt in der Slowakei aufgel\u00f6st\" \/>\n<meta property=\"og:description\" content=\"Das slowakische Parlament hat f\u00fcr die Aufl\u00f6sung der \u00f6ffentlich-rechtlichen Sendeanstalt RTVS gestimmt. Der Abstimmung waren monatelange Proteste von Oppositionsparteien und RTVS-Mitarbeitern vorausgegangen. Das Parlament in der Slowakei hat am Freitag der Aufl\u00f6sung der \u00f6ffentlich-rechtlichen Sendeanstalt RTVS zugestimmt. Der Abstimmung waren monatelange Proteste von Oppositionsparteien und RTVS-Mitarbeitern vorausgegangen. Am Ende stimmten alle 78 Abgeordneten der drei [&hellip;]\" \/>\n<meta property=\"og:url\" content=\"https:\/\/now-news.de\/de\/deutschland\/wegen-voreingenommenheit-oeffentlich-rechtliche-sendeanstalt-in-der-slowakei-aufgeloest\/\" \/>\n<meta property=\"og:site_name\" content=\"just-now.NEWS Deutschland\" \/>\n<meta property=\"article:publisher\" content=\"https:\/\/www.facebook.com\/wirmachenauf\" \/>\n<meta property=\"article:published_time\" content=\"2024-06-23T19:07:53+00:00\" \/>\n<meta property=\"og:image\" content=\"https:\/\/now-news.de\/de\/wp-content\/uploads\/sites\/3\/2024\/06\/66785860b480cc031c38c843.jpg\" \/>\n<meta name=\"author\" content=\"rtnews\" \/>\n<meta name=\"twitter:card\" content=\"summary_large_image\" \/>\n<meta name=\"twitter:creator\" content=\"@WirMachenAuf_de\" \/>\n<meta name=\"twitter:site\" content=\"@WirMachenAuf_de\" \/>\n<meta name=\"twitter:label1\" content=\"Verfasst von\" \/>\n\t<meta name=\"twitter:data1\" content=\"rtnews\" \/>\n\t<meta name=\"twitter:label2\" content=\"Gesch\u00e4tzte Lesezeit\" \/>\n\t<meta name=\"twitter:data2\" content=\"1\u00a0Minute\" \/>\n<script type=\"application\/ld+json\" class=\"yoast-schema-graph\">{\"@context\":\"https:\/\/schema.org\",\"@graph\":[{\"@type\":\"Article\",\"@id\":\"https:\/\/now-news.de\/de\/deutschland\/wegen-voreingenommenheit-oeffentlich-rechtliche-sendeanstalt-in-der-slowakei-aufgeloest\/#article\",\"isPartOf\":{\"@id\":\"https:\/\/now-news.de\/de\/deutschland\/wegen-voreingenommenheit-oeffentlich-rechtliche-sendeanstalt-in-der-slowakei-aufgeloest\/\"},\"author\":{\"name\":\"rtnews\",\"@id\":\"https:\/\/now-news.de\/de\/#\/schema\/person\/fb534a4e865501d8b3285208df34a9b5\"},\"headline\":\"Wegen Voreingenommenheit: \u00d6ffentlich-rechtliche Sendeanstalt in der Slowakei aufgel\u00f6st\",\"datePublished\":\"2024-06-23T19:07:53+00:00\",\"dateModified\":\"2024-06-23T19:07:53+00:00\",\"mainEntityOfPage\":{\"@id\":\"https:\/\/now-news.de\/de\/deutschland\/wegen-voreingenommenheit-oeffentlich-rechtliche-sendeanstalt-in-der-slowakei-aufgeloest\/\"},\"wordCount\":292,\"commentCount\":0,\"publisher\":{\"@id\":\"https:\/\/now-news.de\/de\/#organization\"},\"image\":{\"@id\":\"https:\/\/now-news.de\/de\/deutschland\/wegen-voreingenommenheit-oeffentlich-rechtliche-sendeanstalt-in-der-slowakei-aufgeloest\/#primaryimage\"},\"thumbnailUrl\":\"https:\/\/now-news.de\/de\/wp-content\/uploads\/sites\/3\/2024\/06\/Wegen-Voreingenommenheit-Oeffentlich-rechtliche-Sendeanstalt-in-der-Slowakei-aufgeloest.jpg\",\"keywords\":[\"aufgel\u00f6st\",\"der\",\"\u00d6ffentlichrechtliche\",\"Sendeanstalt\",\"Slowakei\",\"Voreingenommenheit\",\"wegen\"],\"articleSection\":[\"Deutschland\",\"Russland\"],\"inLanguage\":\"de\",\"potentialAction\":[{\"@type\":\"CommentAction\",\"name\":\"Comment\",\"target\":[\"https:\/\/now-news.de\/de\/deutschland\/wegen-voreingenommenheit-oeffentlich-rechtliche-sendeanstalt-in-der-slowakei-aufgeloest\/#respond\"]}]},{\"@type\":\"WebPage\",\"@id\":\"https:\/\/now-news.de\/de\/deutschland\/wegen-voreingenommenheit-oeffentlich-rechtliche-sendeanstalt-in-der-slowakei-aufgeloest\/\",\"url\":\"https:\/\/now-news.de\/de\/deutschland\/wegen-voreingenommenheit-oeffentlich-rechtliche-sendeanstalt-in-der-slowakei-aufgeloest\/\",\"name\":\"Wegen Voreingenommenheit: \u00d6ffentlich-rechtliche Sendeanstalt in der Slowakei aufgel\u00f6st - just-now.NEWS Deutschland\",\"isPartOf\":{\"@id\":\"https:\/\/now-news.de\/de\/#website\"},\"primaryImageOfPage\":{\"@id\":\"https:\/\/now-news.de\/de\/deutschland\/wegen-voreingenommenheit-oeffentlich-rechtliche-sendeanstalt-in-der-slowakei-aufgeloest\/#primaryimage\"},\"image\":{\"@id\":\"https:\/\/now-news.de\/de\/deutschland\/wegen-voreingenommenheit-oeffentlich-rechtliche-sendeanstalt-in-der-slowakei-aufgeloest\/#primaryimage\"},\"thumbnailUrl\":\"https:\/\/now-news.de\/de\/wp-content\/uploads\/sites\/3\/2024\/06\/Wegen-Voreingenommenheit-Oeffentlich-rechtliche-Sendeanstalt-in-der-Slowakei-aufgeloest.jpg\",\"datePublished\":\"2024-06-23T19:07:53+00:00\",\"dateModified\":\"2024-06-23T19:07:53+00:00\",\"breadcrumb\":{\"@id\":\"https:\/\/now-news.de\/de\/deutschland\/wegen-voreingenommenheit-oeffentlich-rechtliche-sendeanstalt-in-der-slowakei-aufgeloest\/#breadcrumb\"},\"inLanguage\":\"de\",\"potentialAction\":[{\"@type\":\"ReadAction\",\"target\":[\"https:\/\/now-news.de\/de\/deutschland\/wegen-voreingenommenheit-oeffentlich-rechtliche-sendeanstalt-in-der-slowakei-aufgeloest\/\"]}]},{\"@type\":\"ImageObject\",\"inLanguage\":\"de\",\"@id\":\"https:\/\/now-news.de\/de\/deutschland\/wegen-voreingenommenheit-oeffentlich-rechtliche-sendeanstalt-in-der-slowakei-aufgeloest\/#primaryimage\",\"url\":\"https:\/\/now-news.de\/de\/wp-content\/uploads\/sites\/3\/2024\/06\/Wegen-Voreingenommenheit-Oeffentlich-rechtliche-Sendeanstalt-in-der-Slowakei-aufgeloest.jpg\",\"contentUrl\":\"https:\/\/now-news.de\/de\/wp-content\/uploads\/sites\/3\/2024\/06\/Wegen-Voreingenommenheit-Oeffentlich-rechtliche-Sendeanstalt-in-der-Slowakei-aufgeloest.jpg\",\"width\":460,\"height\":259,\"caption\":\"Wegen Voreingenommenheit: \u00d6ffentlich-rechtliche Sendeanstalt in der Slowakei aufgel\u00f6st\"},{\"@type\":\"BreadcrumbList\",\"@id\":\"https:\/\/now-news.de\/de\/deutschland\/wegen-voreingenommenheit-oeffentlich-rechtliche-sendeanstalt-in-der-slowakei-aufgeloest\/#breadcrumb\",\"itemListElement\":[{\"@type\":\"ListItem\",\"position\":1,\"name\":\"Home\",\"item\":\"https:\/\/now-news.de\/de\/\"},{\"@type\":\"ListItem\",\"position\":2,\"name\":\"Wegen Voreingenommenheit: \u00d6ffentlich-rechtliche Sendeanstalt in der Slowakei aufgel\u00f6st\"}]},{\"@type\":\"WebSite\",\"@id\":\"https:\/\/now-news.de\/de\/#website\",\"url\":\"https:\/\/now-news.de\/de\/\",\"name\":\"just-now.NEWS Deutschland\",\"description\":\"Das Portal f\u00fcr unzensierte Nachrichten aus der Welt\",\"publisher\":{\"@id\":\"https:\/\/now-news.de\/de\/#organization\"},\"potentialAction\":[{\"@type\":\"SearchAction\",\"target\":{\"@type\":\"EntryPoint\",\"urlTemplate\":\"https:\/\/now-news.de\/de\/?s={search_term_string}\"},\"query-input\":\"required name=search_term_string\"}],\"inLanguage\":\"de\"},{\"@type\":\"Organization\",\"@id\":\"https:\/\/now-news.de\/de\/#organization\",\"name\":\"Just Now News\",\"url\":\"https:\/\/now-news.de\/de\/\",\"logo\":{\"@type\":\"ImageObject\",\"inLanguage\":\"de\",\"@id\":\"https:\/\/now-news.de\/de\/#\/schema\/logo\/image\/\",\"url\":\"http:\/\/just-now.news\/de\/wp-content\/uploads\/sites\/3\/2022\/04\/logo500x500.jpg\",\"contentUrl\":\"http:\/\/just-now.news\/de\/wp-content\/uploads\/sites\/3\/2022\/04\/logo500x500.jpg\",\"width\":500,\"height\":500,\"caption\":\"Just Now News\"},\"image\":{\"@id\":\"https:\/\/now-news.de\/de\/#\/schema\/logo\/image\/\"},\"sameAs\":[\"https:\/\/www.facebook.com\/wirmachenauf\",\"https:\/\/x.com\/WirMachenAuf_de\"]},{\"@type\":\"Person\",\"@id\":\"https:\/\/now-news.de\/de\/#\/schema\/person\/fb534a4e865501d8b3285208df34a9b5\",\"name\":\"rtnews\",\"image\":{\"@type\":\"ImageObject\",\"inLanguage\":\"de\",\"@id\":\"https:\/\/now-news.de\/de\/#\/schema\/person\/image\/\",\"url\":\"https:\/\/secure.gravatar.com\/avatar\/82aafea7d8127119dd649515f56e2117?s=96&d=mm&r=g\",\"contentUrl\":\"https:\/\/secure.gravatar.com\/avatar\/82aafea7d8127119dd649515f56e2117?s=96&d=mm&r=g\",\"caption\":\"rtnews\"},\"url\":\"https:\/\/now-news.de\/de\/author\/rnews\/\"}]}<\/script>\n<!-- \/ Yoast SEO Premium plugin. -->","yoast_head_json":{"title":"Wegen Voreingenommenheit: \u00d6ffentlich-rechtliche Sendeanstalt in der Slowakei aufgel\u00f6st - just-now.NEWS Deutschland","robots":{"index":"index","follow":"follow","max-snippet":"max-snippet:-1","max-image-preview":"max-image-preview:large","max-video-preview":"max-video-preview:-1"},"canonical":"https:\/\/now-news.de\/de\/deutschland\/wegen-voreingenommenheit-oeffentlich-rechtliche-sendeanstalt-in-der-slowakei-aufgeloest\/","og_locale":"de_DE","og_type":"article","og_title":"Wegen Voreingenommenheit: \u00d6ffentlich-rechtliche Sendeanstalt in der Slowakei aufgel\u00f6st","og_description":"Das slowakische Parlament hat f\u00fcr die Aufl\u00f6sung der \u00f6ffentlich-rechtlichen Sendeanstalt RTVS gestimmt. Der Abstimmung waren monatelange Proteste von Oppositionsparteien und RTVS-Mitarbeitern vorausgegangen. Das Parlament in der Slowakei hat am Freitag der Aufl\u00f6sung der \u00f6ffentlich-rechtlichen Sendeanstalt RTVS zugestimmt. Der Abstimmung waren monatelange Proteste von Oppositionsparteien und RTVS-Mitarbeitern vorausgegangen. Am Ende stimmten alle 78 Abgeordneten der drei [&hellip;]","og_url":"https:\/\/now-news.de\/de\/deutschland\/wegen-voreingenommenheit-oeffentlich-rechtliche-sendeanstalt-in-der-slowakei-aufgeloest\/","og_site_name":"just-now.NEWS Deutschland","article_publisher":"https:\/\/www.facebook.com\/wirmachenauf","article_published_time":"2024-06-23T19:07:53+00:00","og_image":[{"url":"https:\/\/now-news.de\/de\/wp-content\/uploads\/sites\/3\/2024\/06\/66785860b480cc031c38c843.jpg"}],"author":"rtnews","twitter_card":"summary_large_image","twitter_creator":"@WirMachenAuf_de","twitter_site":"@WirMachenAuf_de","twitter_misc":{"Verfasst von":"rtnews","Gesch\u00e4tzte Lesezeit":"1\u00a0Minute"},"schema":{"@context":"https:\/\/schema.org","@graph":[{"@type":"Article","@id":"https:\/\/now-news.de\/de\/deutschland\/wegen-voreingenommenheit-oeffentlich-rechtliche-sendeanstalt-in-der-slowakei-aufgeloest\/#article","isPartOf":{"@id":"https:\/\/now-news.de\/de\/deutschland\/wegen-voreingenommenheit-oeffentlich-rechtliche-sendeanstalt-in-der-slowakei-aufgeloest\/"},"author":{"name":"rtnews","@id":"https:\/\/now-news.de\/de\/#\/schema\/person\/fb534a4e865501d8b3285208df34a9b5"},"headline":"Wegen Voreingenommenheit: \u00d6ffentlich-rechtliche Sendeanstalt in der Slowakei aufgel\u00f6st","datePublished":"2024-06-23T19:07:53+00:00","dateModified":"2024-06-23T19:07:53+00:00","mainEntityOfPage":{"@id":"https:\/\/now-news.de\/de\/deutschland\/wegen-voreingenommenheit-oeffentlich-rechtliche-sendeanstalt-in-der-slowakei-aufgeloest\/"},"wordCount":292,"commentCount":0,"publisher":{"@id":"https:\/\/now-news.de\/de\/#organization"},"image":{"@id":"https:\/\/now-news.de\/de\/deutschland\/wegen-voreingenommenheit-oeffentlich-rechtliche-sendeanstalt-in-der-slowakei-aufgeloest\/#primaryimage"},"thumbnailUrl":"https:\/\/now-news.de\/de\/wp-content\/uploads\/sites\/3\/2024\/06\/Wegen-Voreingenommenheit-Oeffentlich-rechtliche-Sendeanstalt-in-der-Slowakei-aufgeloest.jpg","keywords":["aufgel\u00f6st","der","\u00d6ffentlichrechtliche","Sendeanstalt","Slowakei","Voreingenommenheit","wegen"],"articleSection":["Deutschland","Russland"],"inLanguage":"de","potentialAction":[{"@type":"CommentAction","name":"Comment","target":["https:\/\/now-news.de\/de\/deutschland\/wegen-voreingenommenheit-oeffentlich-rechtliche-sendeanstalt-in-der-slowakei-aufgeloest\/#respond"]}]},{"@type":"WebPage","@id":"https:\/\/now-news.de\/de\/deutschland\/wegen-voreingenommenheit-oeffentlich-rechtliche-sendeanstalt-in-der-slowakei-aufgeloest\/","url":"https:\/\/now-news.de\/de\/deutschland\/wegen-voreingenommenheit-oeffentlich-rechtliche-sendeanstalt-in-der-slowakei-aufgeloest\/","name":"Wegen Voreingenommenheit: \u00d6ffentlich-rechtliche Sendeanstalt in der Slowakei aufgel\u00f6st - just-now.NEWS Deutschland","isPartOf":{"@id":"https:\/\/now-news.de\/de\/#website"},"primaryImageOfPage":{"@id":"https:\/\/now-news.de\/de\/deutschland\/wegen-voreingenommenheit-oeffentlich-rechtliche-sendeanstalt-in-der-slowakei-aufgeloest\/#primaryimage"},"image":{"@id":"https:\/\/now-news.de\/de\/deutschland\/wegen-voreingenommenheit-oeffentlich-rechtliche-sendeanstalt-in-der-slowakei-aufgeloest\/#primaryimage"},"thumbnailUrl":"https:\/\/now-news.de\/de\/wp-content\/uploads\/sites\/3\/2024\/06\/Wegen-Voreingenommenheit-Oeffentlich-rechtliche-Sendeanstalt-in-der-Slowakei-aufgeloest.jpg","datePublished":"2024-06-23T19:07:53+00:00","dateModified":"2024-06-23T19:07:53+00:00","breadcrumb":{"@id":"https:\/\/now-news.de\/de\/deutschland\/wegen-voreingenommenheit-oeffentlich-rechtliche-sendeanstalt-in-der-slowakei-aufgeloest\/#breadcrumb"},"inLanguage":"de","potentialAction":[{"@type":"ReadAction","target":["https:\/\/now-news.de\/de\/deutschland\/wegen-voreingenommenheit-oeffentlich-rechtliche-sendeanstalt-in-der-slowakei-aufgeloest\/"]}]},{"@type":"ImageObject","inLanguage":"de","@id":"https:\/\/now-news.de\/de\/deutschland\/wegen-voreingenommenheit-oeffentlich-rechtliche-sendeanstalt-in-der-slowakei-aufgeloest\/#primaryimage","url":"https:\/\/now-news.de\/de\/wp-content\/uploads\/sites\/3\/2024\/06\/Wegen-Voreingenommenheit-Oeffentlich-rechtliche-Sendeanstalt-in-der-Slowakei-aufgeloest.jpg","contentUrl":"https:\/\/now-news.de\/de\/wp-content\/uploads\/sites\/3\/2024\/06\/Wegen-Voreingenommenheit-Oeffentlich-rechtliche-Sendeanstalt-in-der-Slowakei-aufgeloest.jpg","width":460,"height":259,"caption":"Wegen Voreingenommenheit: \u00d6ffentlich-rechtliche Sendeanstalt in der Slowakei aufgel\u00f6st"},{"@type":"BreadcrumbList","@id":"https:\/\/now-news.de\/de\/deutschland\/wegen-voreingenommenheit-oeffentlich-rechtliche-sendeanstalt-in-der-slowakei-aufgeloest\/#breadcrumb","itemListElement":[{"@type":"ListItem","position":1,"name":"Home","item":"https:\/\/now-news.de\/de\/"},{"@type":"ListItem","position":2,"name":"Wegen Voreingenommenheit: \u00d6ffentlich-rechtliche Sendeanstalt in der Slowakei aufgel\u00f6st"}]},{"@type":"WebSite","@id":"https:\/\/now-news.de\/de\/#website","url":"https:\/\/now-news.de\/de\/","name":"just-now.NEWS Deutschland","description":"Das Portal f\u00fcr unzensierte Nachrichten aus der Welt","publisher":{"@id":"https:\/\/now-news.de\/de\/#organization"},"potentialAction":[{"@type":"SearchAction","target":{"@type":"EntryPoint","urlTemplate":"https:\/\/now-news.de\/de\/?s={search_term_string}"},"query-input":"required name=search_term_string"}],"inLanguage":"de"},{"@type":"Organization","@id":"https:\/\/now-news.de\/de\/#organization","name":"Just Now News","url":"https:\/\/now-news.de\/de\/","logo":{"@type":"ImageObject","inLanguage":"de","@id":"https:\/\/now-news.de\/de\/#\/schema\/logo\/image\/","url":"http:\/\/just-now.news\/de\/wp-content\/uploads\/sites\/3\/2022\/04\/logo500x500.jpg","contentUrl":"http:\/\/just-now.news\/de\/wp-content\/uploads\/sites\/3\/2022\/04\/logo500x500.jpg","width":500,"height":500,"caption":"Just Now News"},"image":{"@id":"https:\/\/now-news.de\/de\/#\/schema\/logo\/image\/"},"sameAs":["https:\/\/www.facebook.com\/wirmachenauf","https:\/\/x.com\/WirMachenAuf_de"]},{"@type":"Person","@id":"https:\/\/now-news.de\/de\/#\/schema\/person\/fb534a4e865501d8b3285208df34a9b5","name":"rtnews","image":{"@type":"ImageObject","inLanguage":"de","@id":"https:\/\/now-news.de\/de\/#\/schema\/person\/image\/","url":"https:\/\/secure.gravatar.com\/avatar\/82aafea7d8127119dd649515f56e2117?s=96&d=mm&r=g","contentUrl":"https:\/\/secure.gravatar.com\/avatar\/82aafea7d8127119dd649515f56e2117?s=96&d=mm&r=g","caption":"rtnews"},"url":"https:\/\/now-news.de\/de\/author\/rnews\/"}]}},"_links":{"self":[{"href":"https:\/\/now-news.de\/de\/wp-json\/wp\/v2\/posts\/63375"}],"collection":[{"href":"https:\/\/now-news.de\/de\/wp-json\/wp\/v2\/posts"}],"about":[{"href":"https:\/\/now-news.de\/de\/wp-json\/wp\/v2\/types\/post"}],"author":[{"embeddable":true,"href":"https:\/\/now-news.de\/de\/wp-json\/wp\/v2\/users\/3"}],"replies":[{"embeddable":true,"href":"https:\/\/now-news.de\/de\/wp-json\/wp\/v2\/comments?post=63375"}],"version-history":[{"count":0,"href":"https:\/\/now-news.de\/de\/wp-json\/wp\/v2\/posts\/63375\/revisions"}],"wp:featuredmedia":[{"embeddable":true,"href":"https:\/\/now-news.de\/de\/wp-json\/wp\/v2\/media\/63376"}],"wp:attachment":[{"href":"https:\/\/now-news.de\/de\/wp-json\/wp\/v2\/media?parent=63375"}],"wp:term":[{"taxonomy":"category","embeddable":true,"href":"https:\/\/now-news.de\/de\/wp-json\/wp\/v2\/categories?post=63375"},{"taxonomy":"post_tag","embeddable":true,"href":"https:\/\/now-news.de\/de\/wp-json\/wp\/v2\/tags?post=63375"}],"curies":[{"name":"wp","href":"https:\/\/api.w.org\/{rel}","templated":true}]}}