{"id":63311,"date":"2024-06-23T15:42:53","date_gmt":"2024-06-23T13:42:53","guid":{"rendered":"https:\/\/now-news.de\/de\/deutschland\/der-fall-bulgarien\/"},"modified":"2024-06-23T15:42:53","modified_gmt":"2024-06-23T13:42:53","slug":"der-fall-bulgarien","status":"publish","type":"post","link":"https:\/\/now-news.de\/de\/deutschland\/der-fall-bulgarien\/","title":{"rendered":"Der &quot;Fall Bulgarien&quot;"},"content":{"rendered":"<p><img decoding=\"async\" src=\"https:\/\/now-news.de\/de\/wp-content\/uploads\/sites\/3\/2024\/06\/6676b1efb480cc7f192114c7.jpg\" \/><\/p>\n<div class=\"Text-root Text-type_1 \">\n                Die Wahlen in Bulgarien, die zeitgleich mit den Wahlen f\u00fcrs Europaparlament stattfanden, gaben eigentlich keiner der angetretenen Parteien das Mandat, zu regieren. Abermalige Neuwahlen k\u00f6nnten ein m\u00f6gliches Ergebnis sein, Br\u00fcssel sieht das mit Misstrauen.\n            <\/div>\n<p><\/p>\n<div class=\"Text-root Text-type_5 ArticleView-text ViewText-root \">\n<p><em>Von Pierre L\u00e9vy<\/em>\u00a0<\/p>\n<p>Die Bulgaren k\u00f6nnten Weltmeister in einer noch nicht olympischen Sportart werden, n\u00e4mlich im Abhalten von Wahlwiederholungen. Am 9. Juni waren die 6,6 Millionen Wahlberechtigten in Bulgarien zu den Urnen gerufen, um ihre Abgeordneten zu erneuern \u2013 zum sechsten Mal seit 2021.<\/p>\n<p>Wenig \u00fcberraschend brach die Wahlteilnahme, vielmehr die Wahlenthaltung einen neuen Rekord: nur 33,4 Prozent der B\u00fcrger gingen in die Wahllokale. Selbst die Tatsache, dass am selben Tag die sogenannten Europawahlen (der EU) stattfanden, konnte diesem Trend in keiner Weise entgegenwirken: Der Wahlkampf zuvor konzentrierte sich vor allem auf das k\u00fcnftige nationale Parlament mit seinen 240 Abgeordnetensitzen. Sieben Parteien und Koalitionen werden nun dort vertreten sein.<\/p>\n<p>Grob gesagt stehen sich in dem Land \u2013 das mit enormen wirtschaftlichen und sozialen Schwierigkeiten zu k\u00e4mpfen hat und in dem die Armut endemisch ist \u2013 zwei Koalitionen gegen\u00fcber, die zwar beide gleicherma\u00dfen (trans-)atlantisch und wirtschaftsliberal gepr\u00e4gt sind, sich aber in der Art und Weise widersprechen, <em>wie<\/em> sie daf\u00fcr regieren wollen.<\/p>\n<p>Die erste wird von Bojko Borissow angef\u00fchrt, dem Vorsitzenden der rechtsgerichteten, EU-freundlichen Partei &#8220;GERB&#8221;, der von 2009 bis 2013, von 2014 bis 2017 und von 2017 bis zum Mai 2021 der Premierminister Bulgariens war. In diesem Jahr 2021 erlitt er eine schwere Wahlniederlage als Folge immenser Korruptionsskandale, die bereits 2019 aufgedeckt worden waren. Die Folge war eine lang andauernde Protestbewegung im Sommer 2020, in der vor allem die st\u00e4dtischen Mittelschichten stark gegen seine Machtaus\u00fcbung mobilisierten, der Klientelismus, Veruntreuung und sogar mafi\u00f6se Praktiken vorgeworfen wurden.<\/p>\n<p>Die jungen politischen Gruppierungen, die aus dieser heterogenen Protestbewegung hervorgegangen waren, eroberten bei den Abstimmungen im April, im Juli und im November 2021 jedoch keine Mehrheiten. Bei den letztgenannten Wahlen entstand eine neue Bewegung mit dem Namen &#8220;Wir setzen den Wandel fort&#8221; (PP), die unter der Regie<strong><\/strong>von zwei jungen Absolventen US-amerikanischer Universit\u00e4ten, darunter Kiril Petkow (mit Harvard-Ausbildung), die F\u00fchrung \u00fcbernahm und eine Minderheitsregierung bildete, die bis August 2022 Bestand hatte.<\/p>\n<p>Der frischgebackene, neue Premierminister versprach einen ebenso treuen Euro-Liberalismus wie sein Vorg\u00e4nger, verpflichtete sich jedoch, die Korruption und den Autoritarismus unter Borissow auszumerzen. Er versprach, niemals ein Abkommen mit Borissow zu schlie\u00dfen, der als Symbol f\u00fcr politische &#8220;F\u00e4ulnis&#8221;<strong><\/strong>gilt. Petkows fragile Regierung st\u00fcrzte schlie\u00dflich durch einen Misstrauensantrag.<\/p>\n<p>Die Wahlen im Oktober 2022 und vor allem die im April 2023 brachten eine Neuerung mit sich, die mit der Situation in der Ukraine zusammenh\u00e4ngt: Die Partei &#8220;Wiedergeburt&#8221; (Wasrashdanje), die oft als &#8220;prorussisch&#8221;, &#8220;ultranationalistisch&#8221; oder sogar &#8220;rassistisch&#8221; bezeichnet wird \u2013 allerdings Bezeichnungen, die ihr Vorsitzender ablehnt \u2013, gewann an Bedeutung. Kostadin Kostadinow beruft sich vielmehr auf das Interesse Bulgariens, keinen Krieg gegen Russland f\u00fchren zu wollen. Dieser gro\u00dfe slawische Bruder war ein historischer Verb\u00fcndeter des Landes, sowohl im Warschauer Vertrag in der zweiten H\u00e4lfte des 20. Jahrhunderts gegen\u00fcber der NATO als auch bei der Befreiung vom osmanischen Joch Ende des 19. Jahrhunderts.<\/p>\n<p>In wirtschaftlicher und sozialer Hinsicht fordert die &#8220;Wiedergeburt&#8221; Verstaatlichungen sowie Lohn- und Rentenerh\u00f6hungen. Sie pl\u00e4diert au\u00dferdem f\u00fcr den Austritt aus der EU und aus der NATO und hat sogar (wenn auch erfolglos) versucht, ein Referendum \u00fcber den Beitritt zur Einheitsw\u00e4hrung zu erwirken. &#8220;Wiedergeburt&#8221; war Teil der Fraktion &#8220;Identit\u00e4t und Demokratie&#8221; im scheidenden EU-Parlament und hatte sich \u00fcbrigens dagegen gewehrt, dass die AfD aus dieser Fraktion ausgeschlossen wurde.<\/p>\n<p>Nach den Wahlen im April 2023 fanden die PP und die GERB angesichts der desolaten Lage des Landes schlie\u00dflich einen Kompromiss: eine B\u00fcndnisregierung, die neun Monate lang von der ersten und in den folgenden neun Monaten von der zweiten der beiden Parteien gef\u00fchrt werden sollte. Im M\u00e4rz 2024 mussten sie feststellen, dass die verabredete zweite Phase \u2013 entgegen den eingegangenen Verpflichtungen \u2013 keine parlamentarische Mehrheit erhielt. Nach drei erfolglosen Versuchen, einen Premierminister zu ernennen, rief der Pr\u00e4sident der Republik schlie\u00dflich die W\u00e4hler f\u00fcr den 9. Juni wieder einmal zur Wahl auf.<\/p>\n<p>Die GERB blieb dabei mit 24,7 Prozent der Stimmen weitgehend stabil (und verlor nur 0,7 Prozentpunkte). Borissow, ein ehemaliger Karateka und Bodyguard (bis 1989 beim letzten kommunistischen Generalsekret\u00e4r Todor Shiwkow), hatte zwar erkl\u00e4rt, er wolle nicht wieder Premierminister werden, spielte aber dennoch mit seinem Image als &#8220;starker Mann&#8221;, der das Land wieder &#8220;auf Vordermann&#8221; bringen k\u00f6nne. In Wirklichkeit hat er nie von seinem sehr pers\u00f6nlichen Stil der &#8220;B\u00fcrgern\u00e4he&#8221; abgelassen, der ordin\u00e4re Sprache, manche Subventionsversprechen, seinen Klientelismus und den Stimmenkauf einschlie\u00dft.<\/p>\n<p>Der gro\u00dfe Verlierer der Wahlen ist die Koalition der PP mit deren Verb\u00fcndeten vom &#8220;Demokratischen Bulgarien&#8221; (DB), einem liberal-gr\u00fcnen und ebenfalls wirtschafts- und EU-freundlichen B\u00fcndnis. Diese Koalition vereinte nur 14,3 Prozent der Stimmen auf sich, was einem R\u00fcckgang um 9,2 Prozentpunkte im Vergleich zum April 2023 entspricht. Offensichtlich war ein Teil der PP-W\u00e4hler nicht erfreut dar\u00fcber, dass die Koalition das Versprechen gebrochen hatte, niemals mit den &#8220;korrupten&#8221; GERBs zu paktieren.<\/p>\n<p>Im Gegensatz dazu taucht eine Partei wieder auf, die von den Oligarchen, die sie f\u00fchren, notorisch korrumpiert wird: Die &#8220;Bewegung f\u00fcr Rechte und Freiheiten&#8221; (DPS), also die selbsternannte Vertreterin der t\u00fcrkischsprachigen Minderheit, wurde mit 17 Prozent zweitst\u00e4rkste Partei, was einem Zuwachs von mehr als 3 Prozentpunkten entspricht.<\/p>\n<p>Das Ergebnis der &#8220;prorussischen&#8221; Wiedergeburt wurde in Br\u00fcssel mit Sorge erwartet. Mit 13,8 Prozent legte sie leicht zu (um etwa 0,2 Prozentpunkte). Diese neu gegr\u00fcndete Partei war nun von weniger als 5 Prozent der Stimmen im Jahr 2021 \u00fcber 9 Prozent im Jahr 2022 auf 13,6 Prozent im April 2023 gestiegen.<\/p>\n<p>Ihr Vorsitzender beschuldigte die neu gegr\u00fcndete Partei &#8220;Gr\u00f6\u00dfe&#8221; (<em>Welitschije<\/em>), mit \u00e4hnlichen Themen Stimmen von antiwestlichen W\u00e4hlern abgezogen zu haben, obwohl diese verk\u00fcndet, in der EU und der NATO bleiben zu wollen. Die <strong>&#8220;Gr\u00f6\u00dfe&#8221; <\/strong>erhielt nach einer intensiven Kampagne in den sozialen Netzwerken 4,7 Prozent der Stimmen. Die neue Partei sei &#8220;<em>ein amerikanisches Projekt, um das Wachstum der Renaissance zu stoppen<\/em>&#8220;, warf ihr der Parteivorsitzende der &#8220;Wiedergeburt&#8221; vor.<\/p>\n<p>Die Bulgarische Sozialistische Partei (BSP) schlie\u00dflich stabilisierte mit 7 Prozent (-1,5 Punkte) ihr Ergebnis vom letzten Jahr. Sie ist jedoch weit von den Ergebnissen entfernt, die sie 2017 (27,2 %) und in der Zeit davor erzielt hatte. Auch die BSP wird in Br\u00fcssel \u00fcbrigens als &#8220;moskaufreundlich&#8221; eingestuft. Sie war allerdings Teil der von der PP gef\u00fchrten Koalitionsregierung in den Jahren 2022 und2023.<\/p>\n<p>W\u00e4hrend bei fr\u00fcheren Wahlen der Kampf gegen die Korruption im Vordergrund stand, dominierten im Wahlkampf diesmal die Themen Krieg in der Ukraine und Kaufkraft. Der Preisanstieg wurde \u00fcbrigens insbesondere durch den Anstieg der Gaspreise angeheizt, der wiederum zur\u00fcckzuf\u00fchren war auf die Verschlechterung der Beziehungen zwischen der bulgarischen Regierung und Russland, dem fast ausschlie\u00dflichen Lieferanten f\u00fcr das Land.<\/p>\n<p>Geopolitische Fragen werden h\u00f6chstwahrscheinlich in dem neuen Parlaments weiterhin spaltend wirken, wobei sich derzeit noch keine klare Mehrheit abzeichnet. Die GERB und die DPS k\u00f6nnten sich \u2013 trotz des zweifelhaften Rufs der DPS \u2013 verb\u00fcnden, aber das reicht arithmetisch noch nicht aus. Und die PP lehnt eine Verl\u00e4ngerung dieses B\u00fcndnisses ab, das ihr gerade zum Verh\u00e4ngnis geworden war.<\/p>\n<p>Bojko Borissow hat seinen potenziellen Verb\u00fcndeten gerade ein Ultimatum gestellt, indem er mit einem baldigen siebten Urnengang drohte. Diese Hypothese beunruhigt jedoch die transatlantischen Kreise in Sofia, da sie den Pr\u00e4sidenten der Republik Rumen Radew dazu veranlassen k\u00f6nnte, sich direkt ins Get\u00fcmmel zu st\u00fcrzen.<\/p>\n<p>Dieser ehemalige kommandierende General der Luftstreitkr\u00e4fte war 2016 ohne Unterst\u00fctzung einer Partei angetreten, galt aber als den Sozialisten nahestehend und als &#8220;prorussisch&#8221;. Er gewann im zweiten Wahlgang mit 59 Prozent der Stimmen und erlangte w\u00e4hrend seiner ersten Amtszeit echte Popularit\u00e4t, so dass er 2021 sogar mit 67 Prozent der Stimmen wiedergew\u00e4hlt wurde.<\/p>\n<p>Radew pl\u00e4diert zwar als Pr\u00e4sident f\u00fcr den Verbleib des Landes in der EU und der NATO. Aber er ist gegen die antirussischen EU-Sanktionen, vertritt also eine Position, die der des ungarischen Premierministers Viktor Orb\u00e1n \u00e4hnelt. K\u00fcrzlich (am 11. Juni) blockierte Radew sogar eine Resolution der Gruppe &#8220;B9&#8221; (in der die \u00f6stlichen EU-L\u00e4nder zusammengeschlossen sind), die noch auf eine Versch\u00e4rfung der Sanktionen abzielte. Als er zwei m\u00f6gliche Wege zur Bew\u00e4ltigung des Krieges in der Ukraine verglich \u2013 friedliche Verhandlungen anstelle der NATO-Waffenlieferungen nach Kiew \u2013 fragte er zu letzterem, dem jetzt beschrittenen Eskalationspfad: &#8220;<em>Sind Sie damit einverstanden, diesen Weg zu gehen, der nirgendwohin f\u00fchrt und ein enormes Risiko f\u00fcr die globale Sicherheit darstellt?<\/em>&#8220;<\/p>\n<p>Einige Analysten warnen davor: Sollte es in naher Zukunft zu Neuwahlen kommen, dann k\u00f6nnte nichts den Staatschef daran hindern, sein Mandat vorzeitig niederzulegen und stattdessen f\u00fcr einen Abgeordneten-Sitz zu kandidieren. Er k\u00f6nnte dann sogar in der Lage sein, eine v\u00f6llig neue Dynamik zu erzeugen und aus der pazifistischen Stimmung eines gro\u00dfen Teils der W\u00e4hler eine ganz neue Mehrheit zusammenzubringen.<\/p>\n<p>So weit sind wir noch nicht. Aber der &#8220;Fall Bulgarien&#8221; wird die F\u00fchrungsriege der Europ\u00e4ischen Union wahrscheinlich noch lange plagen.<\/p>\n<p><strong>Mehr zum Thema<\/strong> &#8211; <a rel=\"nofollow noopener\" target=\"_blank\" href=\"https:\/\/freedert.online\/international\/208043-bulgarischer-praesident-beschuldigt-nato-rote-linien-ueberschritten-zu-haben\/\">Bulgarischer Pr\u00e4sident beschuldigt NATO, rote Linien in der Ukraine verletzt zu haben <\/a><\/p>\n<\/p>\n<\/div>\n<p><br \/>\n<br \/><a href=\"https:\/\/de.rt.com\/meinung\/209878-fall-bulgarien\/\">Source link <\/a><\/p>\n","protected":false},"excerpt":{"rendered":"<p>Die Wahlen in Bulgarien, die zeitgleich mit den Wahlen f\u00fcrs Europaparlament stattfanden, gaben eigentlich keiner der angetretenen Parteien das Mandat, zu regieren. Abermalige Neuwahlen k\u00f6nnten ein m\u00f6gliches Ergebnis sein, Br\u00fcssel sieht das mit Misstrauen. Von Pierre L\u00e9vy\u00a0 Die Bulgaren k\u00f6nnten Weltmeister in einer noch nicht olympischen Sportart werden, n\u00e4mlich im Abhalten von Wahlwiederholungen. Am 9. [&hellip;]<\/p>\n","protected":false},"author":3,"featured_media":63312,"comment_status":"open","ping_status":"open","sticky":false,"template":"","format":"standard","meta":{"_yoast_indexnow_last_ping":["1719150649"],"wp_automatic_camp":["217"],"c92bc1f48672bf7d78b1c5fcf32552d5":["Der &quot;Fall Bulgarien&quot;"],"original_link":["https:\/\/de.rt.com\/meinung\/209878-fall-bulgarien\/"],"_thumbnail_id":["63312"],"_wptgpro_p2tg_sent2tg":["a:1:{i:23737;s:19:\"2024-06-23 15:51:51\";}"],"jnews_social_counter_last_update":["1777083222"]},"categories":[19,23],"tags":[55978,82,45200],"yoast_head":"<!-- This site is optimized with the Yoast SEO Premium plugin v22.7 (Yoast SEO v22.7) - https:\/\/yoast.com\/wordpress\/plugins\/seo\/ -->\n<title>Der &quot;Fall Bulgarien&quot; - just-now.NEWS Deutschland<\/title>\n<meta name=\"robots\" content=\"index, follow, max-snippet:-1, max-image-preview:large, max-video-preview:-1\" \/>\n<link rel=\"canonical\" href=\"https:\/\/now-news.de\/de\/deutschland\/der-fall-bulgarien\/\" \/>\n<meta property=\"og:locale\" content=\"de_DE\" \/>\n<meta property=\"og:type\" content=\"article\" \/>\n<meta property=\"og:title\" content=\"Der &quot;Fall Bulgarien&quot;\" \/>\n<meta property=\"og:description\" content=\"Die Wahlen in Bulgarien, die zeitgleich mit den Wahlen f\u00fcrs Europaparlament stattfanden, gaben eigentlich keiner der angetretenen Parteien das Mandat, zu regieren. Abermalige Neuwahlen k\u00f6nnten ein m\u00f6gliches Ergebnis sein, Br\u00fcssel sieht das mit Misstrauen. Von Pierre L\u00e9vy\u00a0 Die Bulgaren k\u00f6nnten Weltmeister in einer noch nicht olympischen Sportart werden, n\u00e4mlich im Abhalten von Wahlwiederholungen. Am 9. [&hellip;]\" \/>\n<meta property=\"og:url\" content=\"https:\/\/now-news.de\/de\/deutschland\/der-fall-bulgarien\/\" \/>\n<meta property=\"og:site_name\" content=\"just-now.NEWS Deutschland\" \/>\n<meta property=\"article:publisher\" content=\"https:\/\/www.facebook.com\/wirmachenauf\" \/>\n<meta property=\"article:published_time\" content=\"2024-06-23T13:42:53+00:00\" \/>\n<meta property=\"og:image\" content=\"https:\/\/now-news.de\/de\/wp-content\/uploads\/sites\/3\/2024\/06\/6676b1efb480cc7f192114c7.jpg\" \/>\n<meta name=\"author\" content=\"rtnews\" \/>\n<meta name=\"twitter:card\" content=\"summary_large_image\" \/>\n<meta name=\"twitter:creator\" content=\"@WirMachenAuf_de\" \/>\n<meta name=\"twitter:site\" content=\"@WirMachenAuf_de\" \/>\n<meta name=\"twitter:label1\" content=\"Verfasst von\" \/>\n\t<meta name=\"twitter:data1\" content=\"rtnews\" \/>\n\t<meta name=\"twitter:label2\" content=\"Gesch\u00e4tzte Lesezeit\" \/>\n\t<meta name=\"twitter:data2\" content=\"8\u00a0Minuten\" \/>\n<script type=\"application\/ld+json\" class=\"yoast-schema-graph\">{\"@context\":\"https:\/\/schema.org\",\"@graph\":[{\"@type\":\"Article\",\"@id\":\"https:\/\/now-news.de\/de\/deutschland\/der-fall-bulgarien\/#article\",\"isPartOf\":{\"@id\":\"https:\/\/now-news.de\/de\/deutschland\/der-fall-bulgarien\/\"},\"author\":{\"name\":\"rtnews\",\"@id\":\"https:\/\/now-news.de\/de\/#\/schema\/person\/fb534a4e865501d8b3285208df34a9b5\"},\"headline\":\"Der &quot;Fall Bulgarien&quot;\",\"datePublished\":\"2024-06-23T13:42:53+00:00\",\"dateModified\":\"2024-06-23T13:42:53+00:00\",\"mainEntityOfPage\":{\"@id\":\"https:\/\/now-news.de\/de\/deutschland\/der-fall-bulgarien\/\"},\"wordCount\":1516,\"commentCount\":0,\"publisher\":{\"@id\":\"https:\/\/now-news.de\/de\/#organization\"},\"image\":{\"@id\":\"https:\/\/now-news.de\/de\/deutschland\/der-fall-bulgarien\/#primaryimage\"},\"thumbnailUrl\":\"https:\/\/now-news.de\/de\/wp-content\/uploads\/sites\/3\/2024\/06\/Der-quotFall-Bulgarienquot.jpg\",\"keywords\":[\"Bulgarienquot\",\"der\",\"quotFall\"],\"articleSection\":[\"Deutschland\",\"Russland\"],\"inLanguage\":\"de\",\"potentialAction\":[{\"@type\":\"CommentAction\",\"name\":\"Comment\",\"target\":[\"https:\/\/now-news.de\/de\/deutschland\/der-fall-bulgarien\/#respond\"]}]},{\"@type\":\"WebPage\",\"@id\":\"https:\/\/now-news.de\/de\/deutschland\/der-fall-bulgarien\/\",\"url\":\"https:\/\/now-news.de\/de\/deutschland\/der-fall-bulgarien\/\",\"name\":\"Der &quot;Fall Bulgarien&quot; - just-now.NEWS Deutschland\",\"isPartOf\":{\"@id\":\"https:\/\/now-news.de\/de\/#website\"},\"primaryImageOfPage\":{\"@id\":\"https:\/\/now-news.de\/de\/deutschland\/der-fall-bulgarien\/#primaryimage\"},\"image\":{\"@id\":\"https:\/\/now-news.de\/de\/deutschland\/der-fall-bulgarien\/#primaryimage\"},\"thumbnailUrl\":\"https:\/\/now-news.de\/de\/wp-content\/uploads\/sites\/3\/2024\/06\/Der-quotFall-Bulgarienquot.jpg\",\"datePublished\":\"2024-06-23T13:42:53+00:00\",\"dateModified\":\"2024-06-23T13:42:53+00:00\",\"breadcrumb\":{\"@id\":\"https:\/\/now-news.de\/de\/deutschland\/der-fall-bulgarien\/#breadcrumb\"},\"inLanguage\":\"de\",\"potentialAction\":[{\"@type\":\"ReadAction\",\"target\":[\"https:\/\/now-news.de\/de\/deutschland\/der-fall-bulgarien\/\"]}]},{\"@type\":\"ImageObject\",\"inLanguage\":\"de\",\"@id\":\"https:\/\/now-news.de\/de\/deutschland\/der-fall-bulgarien\/#primaryimage\",\"url\":\"https:\/\/now-news.de\/de\/wp-content\/uploads\/sites\/3\/2024\/06\/Der-quotFall-Bulgarienquot.jpg\",\"contentUrl\":\"https:\/\/now-news.de\/de\/wp-content\/uploads\/sites\/3\/2024\/06\/Der-quotFall-Bulgarienquot.jpg\",\"width\":460,\"height\":259,\"caption\":\"Der &quot;Fall Bulgarien&quot;\"},{\"@type\":\"BreadcrumbList\",\"@id\":\"https:\/\/now-news.de\/de\/deutschland\/der-fall-bulgarien\/#breadcrumb\",\"itemListElement\":[{\"@type\":\"ListItem\",\"position\":1,\"name\":\"Home\",\"item\":\"https:\/\/now-news.de\/de\/\"},{\"@type\":\"ListItem\",\"position\":2,\"name\":\"Der &quot;Fall Bulgarien&quot;\"}]},{\"@type\":\"WebSite\",\"@id\":\"https:\/\/now-news.de\/de\/#website\",\"url\":\"https:\/\/now-news.de\/de\/\",\"name\":\"just-now.NEWS Deutschland\",\"description\":\"Das Portal f\u00fcr unzensierte Nachrichten aus der Welt\",\"publisher\":{\"@id\":\"https:\/\/now-news.de\/de\/#organization\"},\"potentialAction\":[{\"@type\":\"SearchAction\",\"target\":{\"@type\":\"EntryPoint\",\"urlTemplate\":\"https:\/\/now-news.de\/de\/?s={search_term_string}\"},\"query-input\":\"required name=search_term_string\"}],\"inLanguage\":\"de\"},{\"@type\":\"Organization\",\"@id\":\"https:\/\/now-news.de\/de\/#organization\",\"name\":\"Just Now News\",\"url\":\"https:\/\/now-news.de\/de\/\",\"logo\":{\"@type\":\"ImageObject\",\"inLanguage\":\"de\",\"@id\":\"https:\/\/now-news.de\/de\/#\/schema\/logo\/image\/\",\"url\":\"http:\/\/just-now.news\/de\/wp-content\/uploads\/sites\/3\/2022\/04\/logo500x500.jpg\",\"contentUrl\":\"http:\/\/just-now.news\/de\/wp-content\/uploads\/sites\/3\/2022\/04\/logo500x500.jpg\",\"width\":500,\"height\":500,\"caption\":\"Just Now News\"},\"image\":{\"@id\":\"https:\/\/now-news.de\/de\/#\/schema\/logo\/image\/\"},\"sameAs\":[\"https:\/\/www.facebook.com\/wirmachenauf\",\"https:\/\/x.com\/WirMachenAuf_de\"]},{\"@type\":\"Person\",\"@id\":\"https:\/\/now-news.de\/de\/#\/schema\/person\/fb534a4e865501d8b3285208df34a9b5\",\"name\":\"rtnews\",\"image\":{\"@type\":\"ImageObject\",\"inLanguage\":\"de\",\"@id\":\"https:\/\/now-news.de\/de\/#\/schema\/person\/image\/\",\"url\":\"https:\/\/secure.gravatar.com\/avatar\/82aafea7d8127119dd649515f56e2117?s=96&d=mm&r=g\",\"contentUrl\":\"https:\/\/secure.gravatar.com\/avatar\/82aafea7d8127119dd649515f56e2117?s=96&d=mm&r=g\",\"caption\":\"rtnews\"},\"url\":\"https:\/\/now-news.de\/de\/author\/rnews\/\"}]}<\/script>\n<!-- \/ Yoast SEO Premium plugin. -->","yoast_head_json":{"title":"Der &quot;Fall Bulgarien&quot; - just-now.NEWS Deutschland","robots":{"index":"index","follow":"follow","max-snippet":"max-snippet:-1","max-image-preview":"max-image-preview:large","max-video-preview":"max-video-preview:-1"},"canonical":"https:\/\/now-news.de\/de\/deutschland\/der-fall-bulgarien\/","og_locale":"de_DE","og_type":"article","og_title":"Der &quot;Fall Bulgarien&quot;","og_description":"Die Wahlen in Bulgarien, die zeitgleich mit den Wahlen f\u00fcrs Europaparlament stattfanden, gaben eigentlich keiner der angetretenen Parteien das Mandat, zu regieren. Abermalige Neuwahlen k\u00f6nnten ein m\u00f6gliches Ergebnis sein, Br\u00fcssel sieht das mit Misstrauen. Von Pierre L\u00e9vy\u00a0 Die Bulgaren k\u00f6nnten Weltmeister in einer noch nicht olympischen Sportart werden, n\u00e4mlich im Abhalten von Wahlwiederholungen. Am 9. [&hellip;]","og_url":"https:\/\/now-news.de\/de\/deutschland\/der-fall-bulgarien\/","og_site_name":"just-now.NEWS Deutschland","article_publisher":"https:\/\/www.facebook.com\/wirmachenauf","article_published_time":"2024-06-23T13:42:53+00:00","og_image":[{"url":"https:\/\/now-news.de\/de\/wp-content\/uploads\/sites\/3\/2024\/06\/6676b1efb480cc7f192114c7.jpg"}],"author":"rtnews","twitter_card":"summary_large_image","twitter_creator":"@WirMachenAuf_de","twitter_site":"@WirMachenAuf_de","twitter_misc":{"Verfasst von":"rtnews","Gesch\u00e4tzte Lesezeit":"8\u00a0Minuten"},"schema":{"@context":"https:\/\/schema.org","@graph":[{"@type":"Article","@id":"https:\/\/now-news.de\/de\/deutschland\/der-fall-bulgarien\/#article","isPartOf":{"@id":"https:\/\/now-news.de\/de\/deutschland\/der-fall-bulgarien\/"},"author":{"name":"rtnews","@id":"https:\/\/now-news.de\/de\/#\/schema\/person\/fb534a4e865501d8b3285208df34a9b5"},"headline":"Der &quot;Fall Bulgarien&quot;","datePublished":"2024-06-23T13:42:53+00:00","dateModified":"2024-06-23T13:42:53+00:00","mainEntityOfPage":{"@id":"https:\/\/now-news.de\/de\/deutschland\/der-fall-bulgarien\/"},"wordCount":1516,"commentCount":0,"publisher":{"@id":"https:\/\/now-news.de\/de\/#organization"},"image":{"@id":"https:\/\/now-news.de\/de\/deutschland\/der-fall-bulgarien\/#primaryimage"},"thumbnailUrl":"https:\/\/now-news.de\/de\/wp-content\/uploads\/sites\/3\/2024\/06\/Der-quotFall-Bulgarienquot.jpg","keywords":["Bulgarienquot","der","quotFall"],"articleSection":["Deutschland","Russland"],"inLanguage":"de","potentialAction":[{"@type":"CommentAction","name":"Comment","target":["https:\/\/now-news.de\/de\/deutschland\/der-fall-bulgarien\/#respond"]}]},{"@type":"WebPage","@id":"https:\/\/now-news.de\/de\/deutschland\/der-fall-bulgarien\/","url":"https:\/\/now-news.de\/de\/deutschland\/der-fall-bulgarien\/","name":"Der &quot;Fall Bulgarien&quot; - just-now.NEWS Deutschland","isPartOf":{"@id":"https:\/\/now-news.de\/de\/#website"},"primaryImageOfPage":{"@id":"https:\/\/now-news.de\/de\/deutschland\/der-fall-bulgarien\/#primaryimage"},"image":{"@id":"https:\/\/now-news.de\/de\/deutschland\/der-fall-bulgarien\/#primaryimage"},"thumbnailUrl":"https:\/\/now-news.de\/de\/wp-content\/uploads\/sites\/3\/2024\/06\/Der-quotFall-Bulgarienquot.jpg","datePublished":"2024-06-23T13:42:53+00:00","dateModified":"2024-06-23T13:42:53+00:00","breadcrumb":{"@id":"https:\/\/now-news.de\/de\/deutschland\/der-fall-bulgarien\/#breadcrumb"},"inLanguage":"de","potentialAction":[{"@type":"ReadAction","target":["https:\/\/now-news.de\/de\/deutschland\/der-fall-bulgarien\/"]}]},{"@type":"ImageObject","inLanguage":"de","@id":"https:\/\/now-news.de\/de\/deutschland\/der-fall-bulgarien\/#primaryimage","url":"https:\/\/now-news.de\/de\/wp-content\/uploads\/sites\/3\/2024\/06\/Der-quotFall-Bulgarienquot.jpg","contentUrl":"https:\/\/now-news.de\/de\/wp-content\/uploads\/sites\/3\/2024\/06\/Der-quotFall-Bulgarienquot.jpg","width":460,"height":259,"caption":"Der &quot;Fall Bulgarien&quot;"},{"@type":"BreadcrumbList","@id":"https:\/\/now-news.de\/de\/deutschland\/der-fall-bulgarien\/#breadcrumb","itemListElement":[{"@type":"ListItem","position":1,"name":"Home","item":"https:\/\/now-news.de\/de\/"},{"@type":"ListItem","position":2,"name":"Der &quot;Fall Bulgarien&quot;"}]},{"@type":"WebSite","@id":"https:\/\/now-news.de\/de\/#website","url":"https:\/\/now-news.de\/de\/","name":"just-now.NEWS Deutschland","description":"Das Portal f\u00fcr unzensierte Nachrichten aus der Welt","publisher":{"@id":"https:\/\/now-news.de\/de\/#organization"},"potentialAction":[{"@type":"SearchAction","target":{"@type":"EntryPoint","urlTemplate":"https:\/\/now-news.de\/de\/?s={search_term_string}"},"query-input":"required name=search_term_string"}],"inLanguage":"de"},{"@type":"Organization","@id":"https:\/\/now-news.de\/de\/#organization","name":"Just Now News","url":"https:\/\/now-news.de\/de\/","logo":{"@type":"ImageObject","inLanguage":"de","@id":"https:\/\/now-news.de\/de\/#\/schema\/logo\/image\/","url":"http:\/\/just-now.news\/de\/wp-content\/uploads\/sites\/3\/2022\/04\/logo500x500.jpg","contentUrl":"http:\/\/just-now.news\/de\/wp-content\/uploads\/sites\/3\/2022\/04\/logo500x500.jpg","width":500,"height":500,"caption":"Just Now News"},"image":{"@id":"https:\/\/now-news.de\/de\/#\/schema\/logo\/image\/"},"sameAs":["https:\/\/www.facebook.com\/wirmachenauf","https:\/\/x.com\/WirMachenAuf_de"]},{"@type":"Person","@id":"https:\/\/now-news.de\/de\/#\/schema\/person\/fb534a4e865501d8b3285208df34a9b5","name":"rtnews","image":{"@type":"ImageObject","inLanguage":"de","@id":"https:\/\/now-news.de\/de\/#\/schema\/person\/image\/","url":"https:\/\/secure.gravatar.com\/avatar\/82aafea7d8127119dd649515f56e2117?s=96&d=mm&r=g","contentUrl":"https:\/\/secure.gravatar.com\/avatar\/82aafea7d8127119dd649515f56e2117?s=96&d=mm&r=g","caption":"rtnews"},"url":"https:\/\/now-news.de\/de\/author\/rnews\/"}]}},"_links":{"self":[{"href":"https:\/\/now-news.de\/de\/wp-json\/wp\/v2\/posts\/63311"}],"collection":[{"href":"https:\/\/now-news.de\/de\/wp-json\/wp\/v2\/posts"}],"about":[{"href":"https:\/\/now-news.de\/de\/wp-json\/wp\/v2\/types\/post"}],"author":[{"embeddable":true,"href":"https:\/\/now-news.de\/de\/wp-json\/wp\/v2\/users\/3"}],"replies":[{"embeddable":true,"href":"https:\/\/now-news.de\/de\/wp-json\/wp\/v2\/comments?post=63311"}],"version-history":[{"count":0,"href":"https:\/\/now-news.de\/de\/wp-json\/wp\/v2\/posts\/63311\/revisions"}],"wp:featuredmedia":[{"embeddable":true,"href":"https:\/\/now-news.de\/de\/wp-json\/wp\/v2\/media\/63312"}],"wp:attachment":[{"href":"https:\/\/now-news.de\/de\/wp-json\/wp\/v2\/media?parent=63311"}],"wp:term":[{"taxonomy":"category","embeddable":true,"href":"https:\/\/now-news.de\/de\/wp-json\/wp\/v2\/categories?post=63311"},{"taxonomy":"post_tag","embeddable":true,"href":"https:\/\/now-news.de\/de\/wp-json\/wp\/v2\/tags?post=63311"}],"curies":[{"name":"wp","href":"https:\/\/api.w.org\/{rel}","templated":true}]}}