{"id":63301,"date":"2024-06-23T12:28:38","date_gmt":"2024-06-23T10:28:38","guid":{"rendered":"https:\/\/now-news.de\/de\/deutschland\/israelische-soldaten-binden-verletzten-palaestinenser-auf-ihren-jeep\/"},"modified":"2024-06-23T12:28:38","modified_gmt":"2024-06-23T10:28:38","slug":"israelische-soldaten-binden-verletzten-palaestinenser-auf-ihren-jeep","status":"publish","type":"post","link":"https:\/\/now-news.de\/de\/deutschland\/israelische-soldaten-binden-verletzten-palaestinenser-auf-ihren-jeep\/","title":{"rendered":"Israelische Soldaten binden verletzten Pal\u00e4stinenser auf ihren Jeep"},"content":{"rendered":"<p><img decoding=\"async\" src=\"https:\/\/now-news.de\/de\/wp-content\/uploads\/sites\/3\/2024\/06\/6677f0b2b480cc15be545258.png\" \/><\/p>\n<div class=\"Text-root Text-type_1 \">\n                W\u00e4hrend einer Razzia im Westjordanland banden Soldaten der israelischen Streitkr\u00e4fte einen verwundeten Pal\u00e4stinenser an einen Milit\u00e4rjeep. Die UN zeigen sich schockiert.\n            <\/div>\n<p><\/p>\n<div class=\"Text-root Text-type_5 ArticleView-text ViewText-root \">\n<p>Israelische Streitkr\u00e4fte im besetzten Westjordanland haben einen verwundeten Pal\u00e4stinenser w\u00e4hrend einer Razzia in der Stadt Dschenin an die Motorhaube eines Milit\u00e4rfahrzeugs gefesselt, um ihn offenbar als menschlichen Schutzschild zu benutzen.<\/p>\n<p>Ein am Samstag im Internet ver\u00f6ffentlichtes und vom Nachrichtensender <em>Al Jazeera<\/em> als authentisch best\u00e4tigtes Video zeigt Mujahed Azmi, einen pal\u00e4stinensischen Einwohner von Dschenin, der an einen Milit\u00e4rjeep gefesselt ist.<\/p>\n<div class=\"EmbedBlock-root EmbedBlock-twitter\">\n<div class=\"TwitterEmbed\">\n<blockquote class=\"twitter-tweet lazyload\" data-twitter=\"twitter-tweet\">\n<p lang=\"en\" dir=\"ltr\"><a rel=\"nofollow noopener\" target=\"_blank\" href=\"https:\/\/twitter.com\/hashtag\/HumanShielding?src=hash&amp;ref_src=twsrc%5Etfw\">#HumanShielding<\/a> in action.It is flabbergasting how a state born 76 years ago has managed to turn international law literally on its head.This risks being the end of multilateralism, which for some influential member states no longer serves any relevant purpose.\u2026 <a rel=\"nofollow noopener\" target=\"_blank\" href=\"https:\/\/t.co\/swwjiuJYmG\">https:\/\/t.co\/swwjiuJYmG<\/a><\/p>\n<p>\u2014 Francesca Albanese, UN Special Rapporteur oPt (@FranceskAlbs) <a rel=\"nofollow noopener\" target=\"_blank\" href=\"https:\/\/twitter.com\/FranceskAlbs\/status\/1804537012436791431?ref_src=twsrc%5Etfw\">June 22, 2024<\/a><\/p><\/blockquote>\n<\/div>\n<\/div>\n<p>Die Familie von Azmi teilte gegen\u00fcber der Nachrichtenagentur <em>Reuters<\/em> mit, dass die israelischen Streitkr\u00e4fte eine Razzia in Dschenin durchf\u00fchrten, bei der Azmi verwundet wurde.<\/p>\n<p>Als die Familie um einen Krankenwagen bat, nahmen die Milit\u00e4rs Azmi mit, schnallten ihn auf die Motorhaube ihres Jeeps und fuhren davon.<\/p>\n<p>Abdulraouf Mustafa, ein pal\u00e4stinensischer Krankenwagenfahrer, sagte, die israelischen Soldaten h\u00e4tten sich geweigert, Azmi an sie auszuh\u00e4ndigen.<\/p>\n<p>&#8220;Der Jeep fuhr vorbei und der Verwundete lag auf der Motorhaube&#8221;, so Mustafa gegen\u00fcber <em>Al Jazeera<\/em>. Er f\u00fcgte hinzu:<\/p>\n<blockquote>\n<p><em>&#8220;Ein Arm war an die Windschutzscheibe gefesselt und der andere Arm lag auf seinem Bauch. Sie fuhren an uns vorbei. Sie weigerten sich, uns den Patienten zu \u00fcbergeben.&#8221;<\/em><\/p>\n<\/blockquote>\n<p>In einer Erkl\u00e4rung des israelischen Milit\u00e4rs (IDF) hie\u00df es, die israelischen Streitkr\u00e4fte h\u00e4tten sich einen Schusswechsel geliefert, bei dem ein Verd\u00e4chtiger verwundet und festgenommen worden sei.<\/p>\n<p>Die Soldaten h\u00e4tten dann das milit\u00e4rische Protokoll verletzt, hie\u00df es in der Erkl\u00e4rung. &#8220;Der Verd\u00e4chtige wurde von den Streitkr\u00e4ften gefesselt auf einem Fahrzeug festgenommen&#8221;, so die Erkl\u00e4rung weiter.<\/p>\n<p>Die IDF erkl\u00e4rten, dass das Verhalten der Soldaten in dem Video des Vorfalls nicht mit den &#8220;Werten des israelischen Milit\u00e4rs \u00fcbereinstimmt und dass der Vorfall untersucht und geahndet werden wird&#8221;.<\/p>\n<p>Die israelischen Soldaten lie\u00dfen Azmi sp\u00e4ter frei, sodass Sanit\u00e4ter ihn in ein Krankenhaus transportieren konnten, wo er in den Operationssaal gebracht wurde, wie das medizinische Personal mitteilte.<\/p>\n<p>Der Vorfall ereignete sich zu einem Zeitpunkt, an dem die Gewalt im besetzten Westjordanland, die bereits vor dem Krieg Israels gegen den Gazastreifen zugenommen hatte, weiter eskaliert. Dazu geh\u00f6ren h\u00e4ufige Razzien des israelischen Milit\u00e4rs in St\u00e4dten und D\u00f6rfern des Westjordanlandes, Amokl\u00e4ufe j\u00fcdischer Siedler in pal\u00e4stinensischen D\u00f6rfern wie auch Angriffe von Pal\u00e4stinensern.<\/p>\n<p>Der offensichtliche Vorfall mit dem &#8220;menschlichen Schutzschild&#8221; l\u00f6ste weit verbreitete Emp\u00f6rung aus.<\/p>\n<p>Francesca Albanese, die Sonderberichterstatterin der Vereinten Nationen f\u00fcr die besetzten pal\u00e4stinensischen Gebiete, schrieb in einem Beitrag auf X:<\/p>\n<blockquote>\n<p><em>&#8220;Es ist verbl\u00fcffend, wie ein Staat, der vor 76 Jahren geboren wurde, es geschafft hat, das V\u00f6lkerrecht buchst\u00e4blich auf den Kopf zu stellen [&#8230;] Dies k\u00f6nnte das Ende des Multilateralismus sein, der f\u00fcr einige einflussreiche Mitgliedsstaaten keinen relevanten Zweck mehr erf\u00fcllt.&#8221;<\/em><\/p>\n<\/blockquote>\n<p>Der Council on American-Islamic Relations (CAIR), die gr\u00f6\u00dfte muslimische B\u00fcrgerrechts- und Interessenvertretung in den USA, verurteilte den Vorfall ebenso wie die israelischen Angriffe auf das Fl\u00fcchtlingslager Shati und das Viertel Tuffah im n\u00f6rdlichen Gazastreifen, bei denen 43 Menschen get\u00f6tet wurden.<\/p>\n<p>&#8220;Diese israelisch-amerikanischen Massaker und Kriegsverbrechen m\u00fcssen gestoppt werden. Amerikanische Steuergelder sollten nicht dazu verwendet werden, unschuldige Zivilisten zu t\u00f6ten, zu verst\u00fcmmeln und auszuhungern&#8221;, sagte Ibrahim Hooper, der nationale Kommunikationsdirektor von CAIR. Er f\u00fcgte hinzu:<\/p>\n<blockquote>\n<p><em>&#8220;Die Regierung Biden muss ihre Mitschuld an diesem V\u00f6lkermord beenden und die Menschlichkeit des pal\u00e4stinensischen Volkes anerkennen.&#8221;<\/em><\/p>\n<\/blockquote>\n<p>David Des Roches, Professor an der National Defense University in den USA, sagte unterdessen, wenn das israelische Milit\u00e4r die in den Vorfall verwickelten Soldaten nicht diszipliniere, k\u00f6nnten andere ihre Handlungen als Freibrief f\u00fcr \u00e4hnliche Taten betrachten. Des Roches sagte gegen\u00fcber <em>Al Jazeera<\/em>:<\/p>\n<blockquote>\n<p><em>&#8220;Das ist nicht die \u00fcbliche Praxis. Ich hoffe, dass die Untersuchung herausfinden wird, wer das getan hat, und ich hoffe, dass es eine exemplarische Bestrafung geben wird. Andernfalls kann man mit Fug und Recht behaupten, dass sich dies zu einer Politik entwickelt.&#8221;<\/em><\/p>\n<\/blockquote>\n<p>&#8220;Die Reaktion des israelischen Milit\u00e4rs darauf wird sehr aufschlussreich sein, und wenn die Soldaten, die dies getan haben, nicht angemessen bestraft werden, kann man argumentieren, dass dies als Freibrief f\u00fcr andere Leute angesehen wird, dies zu tun&#8221;, f\u00fcgte er hinzu. Und weiter:<\/p>\n<blockquote>\n<p><em>&#8220;Aber letzten Endes ist es schwer zu erkennen, dass es einen taktischen Vorteil gibt, und Israel hat dadurch einen schweren strategischen Schaden erlitten.&#8221;<\/em><\/p>\n<\/blockquote>\n<p>Der Vorfall war nicht das erste Mal, dass sich das israelische Milit\u00e4r gezwungen sah, das Fehlverhalten seiner Truppen anzusprechen.<\/p>\n<p>Im Mai vergangenen Jahres warfen pal\u00e4stinensische Menschenrechtsgruppen den israelischen Truppen vor, f\u00fcnf Kinder als menschliche Schutzschilde benutzt zu haben, unter anderem bei einer Razzia in der N\u00e4he von Jericho im besetzten Westjordanland.<\/p>\n<p>Im selben Monat leitete das israelische Milit\u00e4r eine Untersuchung ein, nachdem ein Video aufgetaucht war, auf dem zu sehen war, wie ein Soldat offenbar einen Koran verbrannte.<\/p>\n<p>Auch der Angriff auf das Hauptquartier des Roten Halbmonds im s\u00fcdlichen Gazastreifen im Januar dieses Jahres wird derzeit untersucht. Bei dem Angriff auf die Einrichtung, in der rund 1.400 Menschen untergebracht sind, wurden f\u00fcnf Menschen get\u00f6tet.<\/p>\n<p>Ebenfalls im Januar sprengten israelische Soldaten im Gazastreifen das Hauptgeb\u00e4ude einer Universit\u00e4t in die Luft, nachdem sie es mehrere Wochen lang als Milit\u00e4rbasis genutzt hatten. Das Milit\u00e4r erkl\u00e4rte, seine Truppen h\u00e4tten keine Genehmigung f\u00fcr die Zerst\u00f6rung des Geb\u00e4udes erhalten.<\/p>\n<p>Im darauffolgenden Monat warnte Israels oberster Milit\u00e4rjurist die Truppen vor Verst\u00f6\u00dfen und erkl\u00e4rte, dass die Aktionen der Soldaten letztlich strategischen Schaden f\u00fcr die Nation verursachen w\u00fcrden.<\/p>\n<p><strong>Mehr zum Thema<\/strong> \u2013 <a rel=\"nofollow noopener\" target=\"_blank\" href=\"https:\/\/freeassange.rtde.life\/der-nahe-osten\/209657-israelischer-aussenminister-droht-hisbollah-mit-totalem-krieg\/\">Israelischer Au\u00dfenminister droht Hisbollah mit &#8220;totalem Krieg&#8221; <\/a><\/p>\n<div class=\"EmbedBlock-root EmbedBlock-externalVideo EmbedBlock-odysee\">\n<div class=\"VkEmbed\"><iframe class=\"lazyload\" data-src=\"https:\/\/odysee.com\/%24\/embed\/%40RTDE%3Ae%2FNahe-Rotkreuz-B%C3%BCro--Mehrere-Tote-nach-israelischem-Angriff-auf-Zeltlager%3A6\" frameborder=\"0\" width=\"853\" height=\"480\" allowfullscreen><\/iframe><\/div>\n<\/div>\n<\/div>\n<p><script async src=\"https:\/\/platform.twitter.com\/widgets.js\" charset=\"utf-8\"><\/script><br \/>\n<br \/><br \/>\n<br \/><a href=\"https:\/\/de.rt.com\/der-nahe-osten\/210045-israelische-soldaten-binden-verletzten-palaestinenser-auf-ihren-jeep\/\">Source link <\/a><\/p>\n","protected":false},"excerpt":{"rendered":"<p>W\u00e4hrend einer Razzia im Westjordanland banden Soldaten der israelischen Streitkr\u00e4fte einen verwundeten Pal\u00e4stinenser an einen Milit\u00e4rjeep. Die UN zeigen sich schockiert. Israelische Streitkr\u00e4fte im besetzten Westjordanland haben einen verwundeten Pal\u00e4stinenser w\u00e4hrend einer Razzia in der Stadt Dschenin an die Motorhaube eines Milit\u00e4rfahrzeugs gefesselt, um ihn offenbar als menschlichen Schutzschild zu benutzen. Ein am Samstag im [&hellip;]<\/p>\n","protected":false},"author":3,"featured_media":63302,"comment_status":"open","ping_status":"open","sticky":false,"template":"","format":"standard","meta":{"_yoast_indexnow_last_ping":["1719139067"],"wp_automatic_camp":["217"],"aaec3f17da2dd3a85c1ba29d8a25e5ce":["Israelische Soldaten binden verletzten Pal\u00e4stinenser auf ihren Jeep"],"original_link":["https:\/\/de.rt.com\/der-nahe-osten\/210045-israelische-soldaten-binden-verletzten-palaestinenser-auf-ihren-jeep\/"],"_thumbnail_id":["63302"],"jnews_social_counter_last_update":["1777188603"],"_wptgpro_p2tg_sent2tg":["a:1:{i:23737;s:19:\"2024-06-23 12:38:47\";}"]},"categories":[19,23],"tags":[133,55976,1524,1166,55977,7583,2333,1165],"yoast_head":"<!-- This site is optimized with the Yoast SEO Premium plugin v22.7 (Yoast SEO v22.7) - https:\/\/yoast.com\/wordpress\/plugins\/seo\/ -->\n<title>Israelische Soldaten binden verletzten Pal\u00e4stinenser auf ihren Jeep - just-now.NEWS Deutschland<\/title>\n<meta name=\"robots\" content=\"index, follow, max-snippet:-1, max-image-preview:large, max-video-preview:-1\" \/>\n<link rel=\"canonical\" href=\"https:\/\/now-news.de\/de\/deutschland\/israelische-soldaten-binden-verletzten-palaestinenser-auf-ihren-jeep\/\" \/>\n<meta property=\"og:locale\" content=\"de_DE\" \/>\n<meta property=\"og:type\" content=\"article\" \/>\n<meta property=\"og:title\" content=\"Israelische Soldaten binden verletzten Pal\u00e4stinenser auf ihren Jeep\" \/>\n<meta property=\"og:description\" content=\"W\u00e4hrend einer Razzia im Westjordanland banden Soldaten der israelischen Streitkr\u00e4fte einen verwundeten Pal\u00e4stinenser an einen Milit\u00e4rjeep. Die UN zeigen sich schockiert. Israelische Streitkr\u00e4fte im besetzten Westjordanland haben einen verwundeten Pal\u00e4stinenser w\u00e4hrend einer Razzia in der Stadt Dschenin an die Motorhaube eines Milit\u00e4rfahrzeugs gefesselt, um ihn offenbar als menschlichen Schutzschild zu benutzen. Ein am Samstag im [&hellip;]\" \/>\n<meta property=\"og:url\" content=\"https:\/\/now-news.de\/de\/deutschland\/israelische-soldaten-binden-verletzten-palaestinenser-auf-ihren-jeep\/\" \/>\n<meta property=\"og:site_name\" content=\"just-now.NEWS Deutschland\" \/>\n<meta property=\"article:publisher\" content=\"https:\/\/www.facebook.com\/wirmachenauf\" \/>\n<meta property=\"article:published_time\" content=\"2024-06-23T10:28:38+00:00\" \/>\n<meta property=\"og:image\" content=\"https:\/\/now-news.de\/de\/wp-content\/uploads\/sites\/3\/2024\/06\/6677f0b2b480cc15be545258.png\" \/>\n<meta name=\"author\" content=\"rtnews\" \/>\n<meta name=\"twitter:card\" content=\"summary_large_image\" \/>\n<meta name=\"twitter:creator\" content=\"@WirMachenAuf_de\" \/>\n<meta name=\"twitter:site\" content=\"@WirMachenAuf_de\" \/>\n<meta name=\"twitter:label1\" content=\"Verfasst von\" \/>\n\t<meta name=\"twitter:data1\" content=\"rtnews\" \/>\n\t<meta name=\"twitter:label2\" content=\"Gesch\u00e4tzte Lesezeit\" \/>\n\t<meta name=\"twitter:data2\" content=\"5\u00a0Minuten\" \/>\n<script type=\"application\/ld+json\" class=\"yoast-schema-graph\">{\"@context\":\"https:\/\/schema.org\",\"@graph\":[{\"@type\":\"Article\",\"@id\":\"https:\/\/now-news.de\/de\/deutschland\/israelische-soldaten-binden-verletzten-palaestinenser-auf-ihren-jeep\/#article\",\"isPartOf\":{\"@id\":\"https:\/\/now-news.de\/de\/deutschland\/israelische-soldaten-binden-verletzten-palaestinenser-auf-ihren-jeep\/\"},\"author\":{\"name\":\"rtnews\",\"@id\":\"https:\/\/now-news.de\/de\/#\/schema\/person\/fb534a4e865501d8b3285208df34a9b5\"},\"headline\":\"Israelische Soldaten binden verletzten Pal\u00e4stinenser auf ihren Jeep\",\"datePublished\":\"2024-06-23T10:28:38+00:00\",\"dateModified\":\"2024-06-23T10:28:38+00:00\",\"mainEntityOfPage\":{\"@id\":\"https:\/\/now-news.de\/de\/deutschland\/israelische-soldaten-binden-verletzten-palaestinenser-auf-ihren-jeep\/\"},\"wordCount\":1010,\"commentCount\":0,\"publisher\":{\"@id\":\"https:\/\/now-news.de\/de\/#organization\"},\"image\":{\"@id\":\"https:\/\/now-news.de\/de\/deutschland\/israelische-soldaten-binden-verletzten-palaestinenser-auf-ihren-jeep\/#primaryimage\"},\"thumbnailUrl\":\"https:\/\/now-news.de\/de\/wp-content\/uploads\/sites\/3\/2024\/06\/Israelische-Soldaten-binden-verletzten-Palaestinenser-auf-ihren-Jeep.png\",\"keywords\":[\"AUF\",\"binden\",\"ihren\",\"Israelische\",\"Jeep\",\"Pal\u00e4stinenser\",\"Soldaten\",\"Verletzten\"],\"articleSection\":[\"Deutschland\",\"Russland\"],\"inLanguage\":\"de\",\"potentialAction\":[{\"@type\":\"CommentAction\",\"name\":\"Comment\",\"target\":[\"https:\/\/now-news.de\/de\/deutschland\/israelische-soldaten-binden-verletzten-palaestinenser-auf-ihren-jeep\/#respond\"]}]},{\"@type\":\"WebPage\",\"@id\":\"https:\/\/now-news.de\/de\/deutschland\/israelische-soldaten-binden-verletzten-palaestinenser-auf-ihren-jeep\/\",\"url\":\"https:\/\/now-news.de\/de\/deutschland\/israelische-soldaten-binden-verletzten-palaestinenser-auf-ihren-jeep\/\",\"name\":\"Israelische Soldaten binden verletzten Pal\u00e4stinenser auf ihren Jeep - just-now.NEWS Deutschland\",\"isPartOf\":{\"@id\":\"https:\/\/now-news.de\/de\/#website\"},\"primaryImageOfPage\":{\"@id\":\"https:\/\/now-news.de\/de\/deutschland\/israelische-soldaten-binden-verletzten-palaestinenser-auf-ihren-jeep\/#primaryimage\"},\"image\":{\"@id\":\"https:\/\/now-news.de\/de\/deutschland\/israelische-soldaten-binden-verletzten-palaestinenser-auf-ihren-jeep\/#primaryimage\"},\"thumbnailUrl\":\"https:\/\/now-news.de\/de\/wp-content\/uploads\/sites\/3\/2024\/06\/Israelische-Soldaten-binden-verletzten-Palaestinenser-auf-ihren-Jeep.png\",\"datePublished\":\"2024-06-23T10:28:38+00:00\",\"dateModified\":\"2024-06-23T10:28:38+00:00\",\"breadcrumb\":{\"@id\":\"https:\/\/now-news.de\/de\/deutschland\/israelische-soldaten-binden-verletzten-palaestinenser-auf-ihren-jeep\/#breadcrumb\"},\"inLanguage\":\"de\",\"potentialAction\":[{\"@type\":\"ReadAction\",\"target\":[\"https:\/\/now-news.de\/de\/deutschland\/israelische-soldaten-binden-verletzten-palaestinenser-auf-ihren-jeep\/\"]}]},{\"@type\":\"ImageObject\",\"inLanguage\":\"de\",\"@id\":\"https:\/\/now-news.de\/de\/deutschland\/israelische-soldaten-binden-verletzten-palaestinenser-auf-ihren-jeep\/#primaryimage\",\"url\":\"https:\/\/now-news.de\/de\/wp-content\/uploads\/sites\/3\/2024\/06\/Israelische-Soldaten-binden-verletzten-Palaestinenser-auf-ihren-Jeep.png\",\"contentUrl\":\"https:\/\/now-news.de\/de\/wp-content\/uploads\/sites\/3\/2024\/06\/Israelische-Soldaten-binden-verletzten-Palaestinenser-auf-ihren-Jeep.png\",\"width\":460,\"height\":259,\"caption\":\"Israelische Soldaten binden verletzten Pal\u00e4stinenser auf ihren Jeep\"},{\"@type\":\"BreadcrumbList\",\"@id\":\"https:\/\/now-news.de\/de\/deutschland\/israelische-soldaten-binden-verletzten-palaestinenser-auf-ihren-jeep\/#breadcrumb\",\"itemListElement\":[{\"@type\":\"ListItem\",\"position\":1,\"name\":\"Home\",\"item\":\"https:\/\/now-news.de\/de\/\"},{\"@type\":\"ListItem\",\"position\":2,\"name\":\"Israelische Soldaten binden verletzten Pal\u00e4stinenser auf ihren Jeep\"}]},{\"@type\":\"WebSite\",\"@id\":\"https:\/\/now-news.de\/de\/#website\",\"url\":\"https:\/\/now-news.de\/de\/\",\"name\":\"just-now.NEWS Deutschland\",\"description\":\"Das Portal f\u00fcr unzensierte Nachrichten aus der Welt\",\"publisher\":{\"@id\":\"https:\/\/now-news.de\/de\/#organization\"},\"potentialAction\":[{\"@type\":\"SearchAction\",\"target\":{\"@type\":\"EntryPoint\",\"urlTemplate\":\"https:\/\/now-news.de\/de\/?s={search_term_string}\"},\"query-input\":\"required name=search_term_string\"}],\"inLanguage\":\"de\"},{\"@type\":\"Organization\",\"@id\":\"https:\/\/now-news.de\/de\/#organization\",\"name\":\"Just Now News\",\"url\":\"https:\/\/now-news.de\/de\/\",\"logo\":{\"@type\":\"ImageObject\",\"inLanguage\":\"de\",\"@id\":\"https:\/\/now-news.de\/de\/#\/schema\/logo\/image\/\",\"url\":\"http:\/\/just-now.news\/de\/wp-content\/uploads\/sites\/3\/2022\/04\/logo500x500.jpg\",\"contentUrl\":\"http:\/\/just-now.news\/de\/wp-content\/uploads\/sites\/3\/2022\/04\/logo500x500.jpg\",\"width\":500,\"height\":500,\"caption\":\"Just Now News\"},\"image\":{\"@id\":\"https:\/\/now-news.de\/de\/#\/schema\/logo\/image\/\"},\"sameAs\":[\"https:\/\/www.facebook.com\/wirmachenauf\",\"https:\/\/x.com\/WirMachenAuf_de\"]},{\"@type\":\"Person\",\"@id\":\"https:\/\/now-news.de\/de\/#\/schema\/person\/fb534a4e865501d8b3285208df34a9b5\",\"name\":\"rtnews\",\"image\":{\"@type\":\"ImageObject\",\"inLanguage\":\"de\",\"@id\":\"https:\/\/now-news.de\/de\/#\/schema\/person\/image\/\",\"url\":\"https:\/\/secure.gravatar.com\/avatar\/82aafea7d8127119dd649515f56e2117?s=96&d=mm&r=g\",\"contentUrl\":\"https:\/\/secure.gravatar.com\/avatar\/82aafea7d8127119dd649515f56e2117?s=96&d=mm&r=g\",\"caption\":\"rtnews\"},\"url\":\"https:\/\/now-news.de\/de\/author\/rnews\/\"}]}<\/script>\n<!-- \/ Yoast SEO Premium plugin. -->","yoast_head_json":{"title":"Israelische Soldaten binden verletzten Pal\u00e4stinenser auf ihren Jeep - just-now.NEWS Deutschland","robots":{"index":"index","follow":"follow","max-snippet":"max-snippet:-1","max-image-preview":"max-image-preview:large","max-video-preview":"max-video-preview:-1"},"canonical":"https:\/\/now-news.de\/de\/deutschland\/israelische-soldaten-binden-verletzten-palaestinenser-auf-ihren-jeep\/","og_locale":"de_DE","og_type":"article","og_title":"Israelische Soldaten binden verletzten Pal\u00e4stinenser auf ihren Jeep","og_description":"W\u00e4hrend einer Razzia im Westjordanland banden Soldaten der israelischen Streitkr\u00e4fte einen verwundeten Pal\u00e4stinenser an einen Milit\u00e4rjeep. Die UN zeigen sich schockiert. Israelische Streitkr\u00e4fte im besetzten Westjordanland haben einen verwundeten Pal\u00e4stinenser w\u00e4hrend einer Razzia in der Stadt Dschenin an die Motorhaube eines Milit\u00e4rfahrzeugs gefesselt, um ihn offenbar als menschlichen Schutzschild zu benutzen. Ein am Samstag im [&hellip;]","og_url":"https:\/\/now-news.de\/de\/deutschland\/israelische-soldaten-binden-verletzten-palaestinenser-auf-ihren-jeep\/","og_site_name":"just-now.NEWS Deutschland","article_publisher":"https:\/\/www.facebook.com\/wirmachenauf","article_published_time":"2024-06-23T10:28:38+00:00","og_image":[{"url":"https:\/\/now-news.de\/de\/wp-content\/uploads\/sites\/3\/2024\/06\/6677f0b2b480cc15be545258.png"}],"author":"rtnews","twitter_card":"summary_large_image","twitter_creator":"@WirMachenAuf_de","twitter_site":"@WirMachenAuf_de","twitter_misc":{"Verfasst von":"rtnews","Gesch\u00e4tzte Lesezeit":"5\u00a0Minuten"},"schema":{"@context":"https:\/\/schema.org","@graph":[{"@type":"Article","@id":"https:\/\/now-news.de\/de\/deutschland\/israelische-soldaten-binden-verletzten-palaestinenser-auf-ihren-jeep\/#article","isPartOf":{"@id":"https:\/\/now-news.de\/de\/deutschland\/israelische-soldaten-binden-verletzten-palaestinenser-auf-ihren-jeep\/"},"author":{"name":"rtnews","@id":"https:\/\/now-news.de\/de\/#\/schema\/person\/fb534a4e865501d8b3285208df34a9b5"},"headline":"Israelische Soldaten binden verletzten Pal\u00e4stinenser auf ihren Jeep","datePublished":"2024-06-23T10:28:38+00:00","dateModified":"2024-06-23T10:28:38+00:00","mainEntityOfPage":{"@id":"https:\/\/now-news.de\/de\/deutschland\/israelische-soldaten-binden-verletzten-palaestinenser-auf-ihren-jeep\/"},"wordCount":1010,"commentCount":0,"publisher":{"@id":"https:\/\/now-news.de\/de\/#organization"},"image":{"@id":"https:\/\/now-news.de\/de\/deutschland\/israelische-soldaten-binden-verletzten-palaestinenser-auf-ihren-jeep\/#primaryimage"},"thumbnailUrl":"https:\/\/now-news.de\/de\/wp-content\/uploads\/sites\/3\/2024\/06\/Israelische-Soldaten-binden-verletzten-Palaestinenser-auf-ihren-Jeep.png","keywords":["AUF","binden","ihren","Israelische","Jeep","Pal\u00e4stinenser","Soldaten","Verletzten"],"articleSection":["Deutschland","Russland"],"inLanguage":"de","potentialAction":[{"@type":"CommentAction","name":"Comment","target":["https:\/\/now-news.de\/de\/deutschland\/israelische-soldaten-binden-verletzten-palaestinenser-auf-ihren-jeep\/#respond"]}]},{"@type":"WebPage","@id":"https:\/\/now-news.de\/de\/deutschland\/israelische-soldaten-binden-verletzten-palaestinenser-auf-ihren-jeep\/","url":"https:\/\/now-news.de\/de\/deutschland\/israelische-soldaten-binden-verletzten-palaestinenser-auf-ihren-jeep\/","name":"Israelische Soldaten binden verletzten Pal\u00e4stinenser auf ihren Jeep - just-now.NEWS Deutschland","isPartOf":{"@id":"https:\/\/now-news.de\/de\/#website"},"primaryImageOfPage":{"@id":"https:\/\/now-news.de\/de\/deutschland\/israelische-soldaten-binden-verletzten-palaestinenser-auf-ihren-jeep\/#primaryimage"},"image":{"@id":"https:\/\/now-news.de\/de\/deutschland\/israelische-soldaten-binden-verletzten-palaestinenser-auf-ihren-jeep\/#primaryimage"},"thumbnailUrl":"https:\/\/now-news.de\/de\/wp-content\/uploads\/sites\/3\/2024\/06\/Israelische-Soldaten-binden-verletzten-Palaestinenser-auf-ihren-Jeep.png","datePublished":"2024-06-23T10:28:38+00:00","dateModified":"2024-06-23T10:28:38+00:00","breadcrumb":{"@id":"https:\/\/now-news.de\/de\/deutschland\/israelische-soldaten-binden-verletzten-palaestinenser-auf-ihren-jeep\/#breadcrumb"},"inLanguage":"de","potentialAction":[{"@type":"ReadAction","target":["https:\/\/now-news.de\/de\/deutschland\/israelische-soldaten-binden-verletzten-palaestinenser-auf-ihren-jeep\/"]}]},{"@type":"ImageObject","inLanguage":"de","@id":"https:\/\/now-news.de\/de\/deutschland\/israelische-soldaten-binden-verletzten-palaestinenser-auf-ihren-jeep\/#primaryimage","url":"https:\/\/now-news.de\/de\/wp-content\/uploads\/sites\/3\/2024\/06\/Israelische-Soldaten-binden-verletzten-Palaestinenser-auf-ihren-Jeep.png","contentUrl":"https:\/\/now-news.de\/de\/wp-content\/uploads\/sites\/3\/2024\/06\/Israelische-Soldaten-binden-verletzten-Palaestinenser-auf-ihren-Jeep.png","width":460,"height":259,"caption":"Israelische Soldaten binden verletzten Pal\u00e4stinenser auf ihren Jeep"},{"@type":"BreadcrumbList","@id":"https:\/\/now-news.de\/de\/deutschland\/israelische-soldaten-binden-verletzten-palaestinenser-auf-ihren-jeep\/#breadcrumb","itemListElement":[{"@type":"ListItem","position":1,"name":"Home","item":"https:\/\/now-news.de\/de\/"},{"@type":"ListItem","position":2,"name":"Israelische Soldaten binden verletzten Pal\u00e4stinenser auf ihren Jeep"}]},{"@type":"WebSite","@id":"https:\/\/now-news.de\/de\/#website","url":"https:\/\/now-news.de\/de\/","name":"just-now.NEWS Deutschland","description":"Das Portal f\u00fcr unzensierte Nachrichten aus der Welt","publisher":{"@id":"https:\/\/now-news.de\/de\/#organization"},"potentialAction":[{"@type":"SearchAction","target":{"@type":"EntryPoint","urlTemplate":"https:\/\/now-news.de\/de\/?s={search_term_string}"},"query-input":"required name=search_term_string"}],"inLanguage":"de"},{"@type":"Organization","@id":"https:\/\/now-news.de\/de\/#organization","name":"Just Now News","url":"https:\/\/now-news.de\/de\/","logo":{"@type":"ImageObject","inLanguage":"de","@id":"https:\/\/now-news.de\/de\/#\/schema\/logo\/image\/","url":"http:\/\/just-now.news\/de\/wp-content\/uploads\/sites\/3\/2022\/04\/logo500x500.jpg","contentUrl":"http:\/\/just-now.news\/de\/wp-content\/uploads\/sites\/3\/2022\/04\/logo500x500.jpg","width":500,"height":500,"caption":"Just Now News"},"image":{"@id":"https:\/\/now-news.de\/de\/#\/schema\/logo\/image\/"},"sameAs":["https:\/\/www.facebook.com\/wirmachenauf","https:\/\/x.com\/WirMachenAuf_de"]},{"@type":"Person","@id":"https:\/\/now-news.de\/de\/#\/schema\/person\/fb534a4e865501d8b3285208df34a9b5","name":"rtnews","image":{"@type":"ImageObject","inLanguage":"de","@id":"https:\/\/now-news.de\/de\/#\/schema\/person\/image\/","url":"https:\/\/secure.gravatar.com\/avatar\/82aafea7d8127119dd649515f56e2117?s=96&d=mm&r=g","contentUrl":"https:\/\/secure.gravatar.com\/avatar\/82aafea7d8127119dd649515f56e2117?s=96&d=mm&r=g","caption":"rtnews"},"url":"https:\/\/now-news.de\/de\/author\/rnews\/"}]}},"_links":{"self":[{"href":"https:\/\/now-news.de\/de\/wp-json\/wp\/v2\/posts\/63301"}],"collection":[{"href":"https:\/\/now-news.de\/de\/wp-json\/wp\/v2\/posts"}],"about":[{"href":"https:\/\/now-news.de\/de\/wp-json\/wp\/v2\/types\/post"}],"author":[{"embeddable":true,"href":"https:\/\/now-news.de\/de\/wp-json\/wp\/v2\/users\/3"}],"replies":[{"embeddable":true,"href":"https:\/\/now-news.de\/de\/wp-json\/wp\/v2\/comments?post=63301"}],"version-history":[{"count":0,"href":"https:\/\/now-news.de\/de\/wp-json\/wp\/v2\/posts\/63301\/revisions"}],"wp:featuredmedia":[{"embeddable":true,"href":"https:\/\/now-news.de\/de\/wp-json\/wp\/v2\/media\/63302"}],"wp:attachment":[{"href":"https:\/\/now-news.de\/de\/wp-json\/wp\/v2\/media?parent=63301"}],"wp:term":[{"taxonomy":"category","embeddable":true,"href":"https:\/\/now-news.de\/de\/wp-json\/wp\/v2\/categories?post=63301"},{"taxonomy":"post_tag","embeddable":true,"href":"https:\/\/now-news.de\/de\/wp-json\/wp\/v2\/tags?post=63301"}],"curies":[{"name":"wp","href":"https:\/\/api.w.org\/{rel}","templated":true}]}}