{"id":63293,"date":"2024-06-23T10:51:20","date_gmt":"2024-06-23T08:51:20","guid":{"rendered":"https:\/\/now-news.de\/de\/deutschland\/die-em-und-die-bahn-zuverlaessig-in-ihrer-unzuverlaessigkeit\/"},"modified":"2024-06-23T10:51:20","modified_gmt":"2024-06-23T08:51:20","slug":"die-em-und-die-bahn-zuverlaessig-in-ihrer-unzuverlaessigkeit","status":"publish","type":"post","link":"https:\/\/now-news.de\/de\/deutschland\/die-em-und-die-bahn-zuverlaessig-in-ihrer-unzuverlaessigkeit\/","title":{"rendered":"Die EM und die Bahn: Zuverl\u00e4ssig in ihrer Unzuverl\u00e4ssigkeit"},"content":{"rendered":"<p><img decoding=\"async\" src=\"https:\/\/now-news.de\/de\/wp-content\/uploads\/sites\/3\/2024\/06\/6676b1dbb480cc46f817c946.jpg\" \/><\/p>\n<div class=\"Text-root Text-type_1 \">\n                Die Fu\u00dfball-Europameisterschaft hat gerade erst angefangen. Und international wundert man sich \u00fcber das Organisationschaos im Land. Von der deutschen Gr\u00fcndlichkeit ist besonders bei der Deutschen Bahn nicht mehr viel \u00fcbrig geblieben.\n            <\/div>\n<p><\/p>\n<div class=\"Text-root Text-type_5 ArticleView-text ViewText-root \">\n<p><em>Von Tom J. Wellbrock<\/em><\/p>\n<p>In <em>The Athletic<\/em>, die zur <em>New York Times<\/em> geh\u00f6rt, war ein Artikel \u00fcber Deutschland als Organisator der Fu\u00dfball-Europameisterschaft (EM) zu lesen. Der Text trug den Titel &#8220;<a rel=\"nofollow noopener\" target=\"_blank\" href=\"https:\/\/www.nytimes.com\/athletic\/5569570\/2024\/06\/18\/euro-2024-germany-england-fans-gelsenkirchen-trains\/?fbclid=IwZXh0bgNhZW0CMTEAAR0EXHba77XagWIAE-cZC4TuywUYxYUMyZFPoR6y8nK8Jv3zflcxz49W1Ss_aem_ZmFrZWR1bW15MTZieXRlcw\">EM 2024 und deutsche Effizienz: Vergessen Sie alles, was Sie zu wissen glaubten<\/a>&#8220;, und der Autor musste sein Bild \u00fcber Deutschland und dessen Bahn erheblich korrigieren.<\/p>\n<h3>Effizienz. Zuverl\u00e4ssigkeit. Funktionalit\u00e4t. Oder auch nicht.<\/h3>\n<p>\u00dcblicherweise l\u00e4uft es laut Artikel so:<\/p>\n<blockquote>\n<p>&#8220;Die Anreise vom Stadtzentrum ist normalerweise recht einfach: Man bringt die Fans mit der U-Bahn Richtung Norden zur Haltestelle Fr\u00f6ttmaning, die zehn Gehminuten vom Stadion entfernt ist. Bei gro\u00dfen Spielen kann es voll werden. Aber au\u00dferhalb des Stadions, bei\u00a0<a rel=\"nofollow noopener\" target=\"_blank\" href=\"https:\/\/www.nytimes.com\/athletic\/football\/bundesliga\/\">Bundesliga-<\/a>\u00a0und\u00a0<a rel=\"nofollow noopener\" target=\"_blank\" href=\"https:\/\/www.nytimes.com\/athletic\/football\/champions-league\/\">Champions-League-<\/a>Spielen, funktioniert alles recht gut und die Fans finden die Bereiche, die sie brauchen.&#8221;<\/p>\n<p>Also alles im gr\u00fcnen Bereich, sozusagen. Doch bei der EM wurden offenbar neue Regeln aufgestellt, und die grenzen an Anarchie, wie der Autor feststellt: <\/p>\n<p> &#8220;Am Freitagabend h\u00e4tte es nicht unterschiedlicher sein k\u00f6nnen. Der Verkehr auf der Strecke, die von M\u00fcnchen nach Fr\u00f6ttmaning f\u00fchrt, kam zum Stillstand. Die Z\u00fcge hielten lange an Bahnsteigen und in Tunneln und wurden immer voller.<\/p>\n<p>Au\u00dferhalb der Allianz Arena herrschte Chaos \u2013 Szenen, die sich bei anderen Spielen seither wiederholten. Bei Bayern-Spielen sind die Eing\u00e4nge f\u00fcr die Fans ausgeschildert, je nachdem, wo im Stadion sie sitzen. Am Freitag scheiterte die Zoneneinteilung, und es bildete sich eine riesige Schlange vor dem Stadion. Manche standen stundenlang drau\u00dfen. Als sie den Anfang der Warteschlange erreichten, blieb vielen Fans nichts anderes \u00fcbrig, als sich mit Gewalt durch die Menge zu dr\u00e4ngen, um zum Eingang zu gelangen. Andere \u00e4rgerten sich sehr dar\u00fcber, dass sie das Geschehen falsch interpretierten, was zu einigen kurzen Aufst\u00e4nden f\u00fchrte.&#8221;<\/p>\n<\/blockquote>\n<p>Dennoch: Das Geschehen rund um die Spiele ist als vergleichsweise harmlos zu betrachten, und sowohl die ehrenamtlichen Helfer als auch die Fu\u00dfball-Fans geben sich alle M\u00fche, die EM so rund wie m\u00f6glich laufen zu lassen. Ein anderes und viel gravierenderes Problem k\u00f6nnen sie aber nicht l\u00f6sen: das der Deutschen Bahn (DB).<\/p>\n<h3>Die Bahn kommt. Zu sp\u00e4t. Oder gar nicht.<\/h3>\n<p>An Deutschlands Bahnh\u00f6fen spielen sich auch im ganz normalen Alltag teils dramatische, teils tiefe Trauer erregende Szenen ab. Die Deutschen haben sich daran gew\u00f6hnt, sie kennen es nicht anders. Aber jetzt, da die Logistik der DB auf eine ernsthafte Probe gestellt wird, zeigt sich das Chaos von seiner \u00fcbelsten und durchaus gef\u00e4hrlichen Seite.<\/p>\n<p>Ein englischer Fan beschrieb eine Szene so:<\/p>\n<blockquote>\n<p>&#8220;Steve Grant, ein englischer Fan, der die Mannschaft im In- und Ausland verfolgt, fuhr mit \u00f6ffentlichen Verkehrsmitteln zum Stadion und sagte, die \u00dcberf\u00fcllung des Bahnhofs sei so &#8216;gef\u00e4hrlich, dass man, wenn man am Rand des Bahnsteigs stand, sein gesamtes K\u00f6rpergewicht einsetzen musste, um zu verhindern, dass man auf die Gleise gesto\u00dfen wird&#8217;. Er sagte, es habe &#8216;\u00fcberhaupt keine Ma\u00dfnahmen zur Kontrolle der Menschenmenge gegeben&#8217;.&#8221;<\/p>\n<\/blockquote>\n<p>Ein anderer Fan berichtete:<\/p>\n<blockquote>\n<p>&#8220;Ich konnte nicht glauben, wie voll der Hauptbahnhof war. Als wir die Durchsage zum Bahnsteig unseres Zuges h\u00f6rten, rannten die Leute in vollem Tempo dorthin \u2013 ich kann mir nicht vorstellen, wie es gewesen w\u00e4re, Kinder zum Spiel mitzunehmen. Als wir dann am Bahnsteig ankamen, war da kein Zug. Erst nach 2 Uhr morgens kamen wir wieder in D\u00fcsseldorf an.&#8221;<\/p>\n<\/blockquote>\n<p>Ein weiterer englischer Fan, der mit einem Freund angereist war, der im Rollstuhl sitzt, schilderte sein Erlebnis am Bahnhof so:<\/p>\n<blockquote>\n<p>&#8220;Es war ein richtiges Chaos. Die Z\u00fcge kamen ohne Ank\u00fcndigung an verschiedenen Stellen des Bahnsteigs an, sodass Hunderte von Menschen rannten, um sich hineinzuzw\u00e4ngen.&#8221;<\/p>\n<\/blockquote>\n<p>Die Liste lie\u00dfe sich fortsetzen. Im Artikel werden die Gr\u00fcnde klar benannt. Die privatisierte und staatlich finanzierte Bahn wird als &#8220;kompliziertes Problem ohne offensichtliche L\u00f6sung&#8221; dargestellt. Das deutsche Schienennetz, das einst, vor langer Zeit, als Vorzeigeprojekt Deutschlands galt, ist zu einem Trauerspiel verkommen.<\/p>\n<p>Allein die Zahlen seit 2020 sind alarmierend. W\u00e4hrend damals noch 80 Prozent der deutschen Z\u00fcge p\u00fcnktlich waren, brachte es die Bahn 2021 nur noch auf 71 Prozent und 2023 auf unter 60 Prozent, ein Wert, der den von der DB offiziell angestrebten von 70 Prozent deutlich unterschreitet.<\/p>\n<p>Bemerkenswert sind diese Zahlen auch deshalb, weil die Leistungen der Deutschen Bahn im Grundgesetz festgeschrieben sind. Die DB soll eine dem Gemeinwohl dienenden Versorgung garantieren, und zwar sowohl in Sachen Zuverl\u00e4ssigkeit als auch bez\u00fcglich der Kosten f\u00fcr die B\u00fcrger. Die Ticketpreise steigen jedoch seit Jahren kontinuierlich an, bei stetig sinkender Qualit\u00e4t.<\/p>\n<h3>Jahrzehntelange Vers\u00e4umnisse<\/h3>\n<p>Die Bahn selbst gibt sich gelassen und sagt zu den aktuellen Problemen w\u00e4hrend der EM, man tue &#8220;alles, um Fu\u00dfballfans p\u00fcnktlich und stressfrei zu ihren Spielen zu bringen&#8221;. Das Problem: &#8220;Alles&#8221; ist deutlich zu wenig, und das h\u00e4ngt im Wesentlichen damit zusammen, dass die Bahn seit Jahrzehnten unterfinanziert ist und lieber im Ausland investiert.<\/p>\n<p>Die Bahn hat auch ein Fachkr\u00e4fteproblem, denn sie k\u00e4mpft mit zu wenigen Fahrern f\u00fcr Bahnen, Busse und Lkw. Das f\u00fchrt zu einer unzuverl\u00e4ssigen Taktung. Wie die Personaldecke ist auch das Schienennetz stark geschrumpft. Seit 1994 wurde ca. die H\u00e4lfte der Weichen entfernt, was problematisch ist, wenn zwei Z\u00fcge aneinander vorbeifahren m\u00fcssen.<\/p>\n<p>Der Autor des Artikels in <em>The Athletic<\/em> zieht folgendes Res\u00fcmee:<\/p>\n<blockquote>\n<p>&#8220;Es ist sicherlich nicht schwer zu erkennen, wie sich ein Teufelskreis des Scheiterns entwickelt hat oder warum das Ganze w\u00e4hrend des aktuellen Turniers so dysfunktional war. Letztendlich ist es ein Problem, das schon Jahrzehnte vor der EM 2024 bestand und noch viele Jahre andauern wird.&#8221;<\/p>\n<\/blockquote>\n<p>Da hat der Mann recht, doch er \u00e4u\u00dfert auch die Hoffnung, dass irgendwann, in weiter Ferne, alles doch irgendwie besser werden k\u00f6nnte. Denn, so der Autor, die DB plant Investitionen und den Bau neuer Linien und Verbindungen. Das d\u00fcrften aber nur Absichtsbekundungen sein, die bei der Deutschen Bahn nichts Neues sind. Auf den NachDenkSeiten schrieb Ralf Wurzbacher j\u00fcngst einen Artikel mit dem Titel &#8220;<a rel=\"nofollow noopener\" target=\"_blank\" href=\"https:\/\/www.nachdenkseiten.de\/?p=112793\">Stillstandsmanagement. Die Deutsche Bahn rauscht mit Karacho vor die Wand.<\/a>&#8221; Darin beschreibt er den fortgesetzten Niedergang der Deutschen Bahn.<\/p>\n<p>Dem Fu\u00dfball und seinen internationalen Fans w\u00e4re sicherlich ein Dienst erwiesen, wenn gro\u00dfe Sportereignisse vorerst nicht mehr in Deutschland stattf\u00e4nden. In Sachen Verkehr mit den \u00f6ffentlichen Verkehrsmitteln wird das jeden Tag ein bisschen \u00e4rgerlicher. Und gef\u00e4hrlicher.<\/p>\n<p><em>Tom J. Wellbrock\u00a0ist Journalist, Sprecher, Podcaster, Moderator und Mitherausgeber des Blogs\u00a0<\/em><a rel=\"nofollow noopener\" target=\"_blank\" href=\"https:\/\/www.neulandrebellen.de\/\">neulandrebellen<\/a><em>.<\/em><\/p>\n<p><strong>Mehr zum Thema \u2013 <\/strong><a rel=\"nofollow noopener\" target=\"_blank\" href=\"https:\/\/freedert.online\/europa\/209440-bericht-uefa-verbietet-russische-flaggen\/\">Bericht: UEFA verbietet russische Flaggen bei EM-Spielen der Ukraine<\/a><\/p>\n<\/div>\n<p><br \/>\n<br \/><a href=\"https:\/\/de.rt.com\/meinung\/209871-em-und-bahn-zuverlaessig-in\/\">Source link <\/a><\/p>\n","protected":false},"excerpt":{"rendered":"<p>Die Fu\u00dfball-Europameisterschaft hat gerade erst angefangen. Und international wundert man sich \u00fcber das Organisationschaos im Land. Von der deutschen Gr\u00fcndlichkeit ist besonders bei der Deutschen Bahn nicht mehr viel \u00fcbrig geblieben. Von Tom J. Wellbrock In The Athletic, die zur New York Times geh\u00f6rt, war ein Artikel \u00fcber Deutschland als Organisator der Fu\u00dfball-Europameisterschaft (EM) zu [&hellip;]<\/p>\n","protected":false},"author":3,"featured_media":63294,"comment_status":"open","ping_status":"open","sticky":false,"template":"","format":"standard","meta":{"_yoast_indexnow_last_ping":["1719133305"],"wp_automatic_camp":["217"],"f80e4d09c51d1e5050f93cf9768210cc":["Die EM und die Bahn: Zuverl\u00e4ssig in ihrer Unzuverl\u00e4ssigkeit"],"original_link":["https:\/\/de.rt.com\/meinung\/209871-em-und-bahn-zuverlaessig-in\/"],"_thumbnail_id":["63294"],"jnews_social_counter_last_update":["1777355674"],"_wptgpro_p2tg_sent2tg":["a:1:{i:23737;s:19:\"2024-06-23 11:02:49\";}"]},"categories":[19,23],"tags":[21087,45,3456,140,55974,55973],"yoast_head":"<!-- This site is optimized with the Yoast SEO Premium plugin v22.7 (Yoast SEO v22.7) - https:\/\/yoast.com\/wordpress\/plugins\/seo\/ -->\n<title>Die EM und die Bahn: Zuverl\u00e4ssig in ihrer Unzuverl\u00e4ssigkeit - just-now.NEWS Deutschland<\/title>\n<meta name=\"robots\" content=\"index, follow, max-snippet:-1, max-image-preview:large, max-video-preview:-1\" \/>\n<link rel=\"canonical\" href=\"https:\/\/now-news.de\/de\/deutschland\/die-em-und-die-bahn-zuverlaessig-in-ihrer-unzuverlaessigkeit\/\" \/>\n<meta property=\"og:locale\" content=\"de_DE\" \/>\n<meta property=\"og:type\" content=\"article\" \/>\n<meta property=\"og:title\" content=\"Die EM und die Bahn: Zuverl\u00e4ssig in ihrer Unzuverl\u00e4ssigkeit\" \/>\n<meta property=\"og:description\" content=\"Die Fu\u00dfball-Europameisterschaft hat gerade erst angefangen. Und international wundert man sich \u00fcber das Organisationschaos im Land. Von der deutschen Gr\u00fcndlichkeit ist besonders bei der Deutschen Bahn nicht mehr viel \u00fcbrig geblieben. Von Tom J. Wellbrock In The Athletic, die zur New York Times geh\u00f6rt, war ein Artikel \u00fcber Deutschland als Organisator der Fu\u00dfball-Europameisterschaft (EM) zu [&hellip;]\" \/>\n<meta property=\"og:url\" content=\"https:\/\/now-news.de\/de\/deutschland\/die-em-und-die-bahn-zuverlaessig-in-ihrer-unzuverlaessigkeit\/\" \/>\n<meta property=\"og:site_name\" content=\"just-now.NEWS Deutschland\" \/>\n<meta property=\"article:publisher\" content=\"https:\/\/www.facebook.com\/wirmachenauf\" \/>\n<meta property=\"article:published_time\" content=\"2024-06-23T08:51:20+00:00\" \/>\n<meta property=\"og:image\" content=\"https:\/\/now-news.de\/de\/wp-content\/uploads\/sites\/3\/2024\/06\/6676b1dbb480cc46f817c946.jpg\" \/>\n<meta name=\"author\" content=\"rtnews\" \/>\n<meta name=\"twitter:card\" content=\"summary_large_image\" \/>\n<meta name=\"twitter:creator\" content=\"@WirMachenAuf_de\" \/>\n<meta name=\"twitter:site\" content=\"@WirMachenAuf_de\" \/>\n<meta name=\"twitter:label1\" content=\"Verfasst von\" \/>\n\t<meta name=\"twitter:data1\" content=\"rtnews\" \/>\n\t<meta name=\"twitter:label2\" content=\"Gesch\u00e4tzte Lesezeit\" \/>\n\t<meta name=\"twitter:data2\" content=\"6\u00a0Minuten\" \/>\n<script type=\"application\/ld+json\" class=\"yoast-schema-graph\">{\"@context\":\"https:\/\/schema.org\",\"@graph\":[{\"@type\":\"Article\",\"@id\":\"https:\/\/now-news.de\/de\/deutschland\/die-em-und-die-bahn-zuverlaessig-in-ihrer-unzuverlaessigkeit\/#article\",\"isPartOf\":{\"@id\":\"https:\/\/now-news.de\/de\/deutschland\/die-em-und-die-bahn-zuverlaessig-in-ihrer-unzuverlaessigkeit\/\"},\"author\":{\"name\":\"rtnews\",\"@id\":\"https:\/\/now-news.de\/de\/#\/schema\/person\/fb534a4e865501d8b3285208df34a9b5\"},\"headline\":\"Die EM und die Bahn: Zuverl\u00e4ssig in ihrer Unzuverl\u00e4ssigkeit\",\"datePublished\":\"2024-06-23T08:51:20+00:00\",\"dateModified\":\"2024-06-23T08:51:20+00:00\",\"mainEntityOfPage\":{\"@id\":\"https:\/\/now-news.de\/de\/deutschland\/die-em-und-die-bahn-zuverlaessig-in-ihrer-unzuverlaessigkeit\/\"},\"wordCount\":1125,\"commentCount\":0,\"publisher\":{\"@id\":\"https:\/\/now-news.de\/de\/#organization\"},\"image\":{\"@id\":\"https:\/\/now-news.de\/de\/deutschland\/die-em-und-die-bahn-zuverlaessig-in-ihrer-unzuverlaessigkeit\/#primaryimage\"},\"thumbnailUrl\":\"https:\/\/now-news.de\/de\/wp-content\/uploads\/sites\/3\/2024\/06\/Die-EM-und-die-Bahn-Zuverlaessig-in-ihrer-Unzuverlaessigkeit.jpg\",\"keywords\":[\"Bahn\",\"die\",\"ihrer\",\"und\",\"Unzuverl\u00e4ssigkeit\",\"Zuverl\u00e4ssig\"],\"articleSection\":[\"Deutschland\",\"Russland\"],\"inLanguage\":\"de\",\"potentialAction\":[{\"@type\":\"CommentAction\",\"name\":\"Comment\",\"target\":[\"https:\/\/now-news.de\/de\/deutschland\/die-em-und-die-bahn-zuverlaessig-in-ihrer-unzuverlaessigkeit\/#respond\"]}]},{\"@type\":\"WebPage\",\"@id\":\"https:\/\/now-news.de\/de\/deutschland\/die-em-und-die-bahn-zuverlaessig-in-ihrer-unzuverlaessigkeit\/\",\"url\":\"https:\/\/now-news.de\/de\/deutschland\/die-em-und-die-bahn-zuverlaessig-in-ihrer-unzuverlaessigkeit\/\",\"name\":\"Die EM und die Bahn: Zuverl\u00e4ssig in ihrer Unzuverl\u00e4ssigkeit - just-now.NEWS Deutschland\",\"isPartOf\":{\"@id\":\"https:\/\/now-news.de\/de\/#website\"},\"primaryImageOfPage\":{\"@id\":\"https:\/\/now-news.de\/de\/deutschland\/die-em-und-die-bahn-zuverlaessig-in-ihrer-unzuverlaessigkeit\/#primaryimage\"},\"image\":{\"@id\":\"https:\/\/now-news.de\/de\/deutschland\/die-em-und-die-bahn-zuverlaessig-in-ihrer-unzuverlaessigkeit\/#primaryimage\"},\"thumbnailUrl\":\"https:\/\/now-news.de\/de\/wp-content\/uploads\/sites\/3\/2024\/06\/Die-EM-und-die-Bahn-Zuverlaessig-in-ihrer-Unzuverlaessigkeit.jpg\",\"datePublished\":\"2024-06-23T08:51:20+00:00\",\"dateModified\":\"2024-06-23T08:51:20+00:00\",\"breadcrumb\":{\"@id\":\"https:\/\/now-news.de\/de\/deutschland\/die-em-und-die-bahn-zuverlaessig-in-ihrer-unzuverlaessigkeit\/#breadcrumb\"},\"inLanguage\":\"de\",\"potentialAction\":[{\"@type\":\"ReadAction\",\"target\":[\"https:\/\/now-news.de\/de\/deutschland\/die-em-und-die-bahn-zuverlaessig-in-ihrer-unzuverlaessigkeit\/\"]}]},{\"@type\":\"ImageObject\",\"inLanguage\":\"de\",\"@id\":\"https:\/\/now-news.de\/de\/deutschland\/die-em-und-die-bahn-zuverlaessig-in-ihrer-unzuverlaessigkeit\/#primaryimage\",\"url\":\"https:\/\/now-news.de\/de\/wp-content\/uploads\/sites\/3\/2024\/06\/Die-EM-und-die-Bahn-Zuverlaessig-in-ihrer-Unzuverlaessigkeit.jpg\",\"contentUrl\":\"https:\/\/now-news.de\/de\/wp-content\/uploads\/sites\/3\/2024\/06\/Die-EM-und-die-Bahn-Zuverlaessig-in-ihrer-Unzuverlaessigkeit.jpg\",\"width\":460,\"height\":259,\"caption\":\"Die EM und die Bahn: Zuverl\u00e4ssig in ihrer Unzuverl\u00e4ssigkeit\"},{\"@type\":\"BreadcrumbList\",\"@id\":\"https:\/\/now-news.de\/de\/deutschland\/die-em-und-die-bahn-zuverlaessig-in-ihrer-unzuverlaessigkeit\/#breadcrumb\",\"itemListElement\":[{\"@type\":\"ListItem\",\"position\":1,\"name\":\"Home\",\"item\":\"https:\/\/now-news.de\/de\/\"},{\"@type\":\"ListItem\",\"position\":2,\"name\":\"Die EM und die Bahn: Zuverl\u00e4ssig in ihrer Unzuverl\u00e4ssigkeit\"}]},{\"@type\":\"WebSite\",\"@id\":\"https:\/\/now-news.de\/de\/#website\",\"url\":\"https:\/\/now-news.de\/de\/\",\"name\":\"just-now.NEWS Deutschland\",\"description\":\"Das Portal f\u00fcr unzensierte Nachrichten aus der Welt\",\"publisher\":{\"@id\":\"https:\/\/now-news.de\/de\/#organization\"},\"potentialAction\":[{\"@type\":\"SearchAction\",\"target\":{\"@type\":\"EntryPoint\",\"urlTemplate\":\"https:\/\/now-news.de\/de\/?s={search_term_string}\"},\"query-input\":\"required name=search_term_string\"}],\"inLanguage\":\"de\"},{\"@type\":\"Organization\",\"@id\":\"https:\/\/now-news.de\/de\/#organization\",\"name\":\"Just Now News\",\"url\":\"https:\/\/now-news.de\/de\/\",\"logo\":{\"@type\":\"ImageObject\",\"inLanguage\":\"de\",\"@id\":\"https:\/\/now-news.de\/de\/#\/schema\/logo\/image\/\",\"url\":\"http:\/\/just-now.news\/de\/wp-content\/uploads\/sites\/3\/2022\/04\/logo500x500.jpg\",\"contentUrl\":\"http:\/\/just-now.news\/de\/wp-content\/uploads\/sites\/3\/2022\/04\/logo500x500.jpg\",\"width\":500,\"height\":500,\"caption\":\"Just Now News\"},\"image\":{\"@id\":\"https:\/\/now-news.de\/de\/#\/schema\/logo\/image\/\"},\"sameAs\":[\"https:\/\/www.facebook.com\/wirmachenauf\",\"https:\/\/x.com\/WirMachenAuf_de\"]},{\"@type\":\"Person\",\"@id\":\"https:\/\/now-news.de\/de\/#\/schema\/person\/fb534a4e865501d8b3285208df34a9b5\",\"name\":\"rtnews\",\"image\":{\"@type\":\"ImageObject\",\"inLanguage\":\"de\",\"@id\":\"https:\/\/now-news.de\/de\/#\/schema\/person\/image\/\",\"url\":\"https:\/\/secure.gravatar.com\/avatar\/82aafea7d8127119dd649515f56e2117?s=96&d=mm&r=g\",\"contentUrl\":\"https:\/\/secure.gravatar.com\/avatar\/82aafea7d8127119dd649515f56e2117?s=96&d=mm&r=g\",\"caption\":\"rtnews\"},\"url\":\"https:\/\/now-news.de\/de\/author\/rnews\/\"}]}<\/script>\n<!-- \/ Yoast SEO Premium plugin. -->","yoast_head_json":{"title":"Die EM und die Bahn: Zuverl\u00e4ssig in ihrer Unzuverl\u00e4ssigkeit - just-now.NEWS Deutschland","robots":{"index":"index","follow":"follow","max-snippet":"max-snippet:-1","max-image-preview":"max-image-preview:large","max-video-preview":"max-video-preview:-1"},"canonical":"https:\/\/now-news.de\/de\/deutschland\/die-em-und-die-bahn-zuverlaessig-in-ihrer-unzuverlaessigkeit\/","og_locale":"de_DE","og_type":"article","og_title":"Die EM und die Bahn: Zuverl\u00e4ssig in ihrer Unzuverl\u00e4ssigkeit","og_description":"Die Fu\u00dfball-Europameisterschaft hat gerade erst angefangen. Und international wundert man sich \u00fcber das Organisationschaos im Land. Von der deutschen Gr\u00fcndlichkeit ist besonders bei der Deutschen Bahn nicht mehr viel \u00fcbrig geblieben. Von Tom J. Wellbrock In The Athletic, die zur New York Times geh\u00f6rt, war ein Artikel \u00fcber Deutschland als Organisator der Fu\u00dfball-Europameisterschaft (EM) zu [&hellip;]","og_url":"https:\/\/now-news.de\/de\/deutschland\/die-em-und-die-bahn-zuverlaessig-in-ihrer-unzuverlaessigkeit\/","og_site_name":"just-now.NEWS Deutschland","article_publisher":"https:\/\/www.facebook.com\/wirmachenauf","article_published_time":"2024-06-23T08:51:20+00:00","og_image":[{"url":"https:\/\/now-news.de\/de\/wp-content\/uploads\/sites\/3\/2024\/06\/6676b1dbb480cc46f817c946.jpg"}],"author":"rtnews","twitter_card":"summary_large_image","twitter_creator":"@WirMachenAuf_de","twitter_site":"@WirMachenAuf_de","twitter_misc":{"Verfasst von":"rtnews","Gesch\u00e4tzte Lesezeit":"6\u00a0Minuten"},"schema":{"@context":"https:\/\/schema.org","@graph":[{"@type":"Article","@id":"https:\/\/now-news.de\/de\/deutschland\/die-em-und-die-bahn-zuverlaessig-in-ihrer-unzuverlaessigkeit\/#article","isPartOf":{"@id":"https:\/\/now-news.de\/de\/deutschland\/die-em-und-die-bahn-zuverlaessig-in-ihrer-unzuverlaessigkeit\/"},"author":{"name":"rtnews","@id":"https:\/\/now-news.de\/de\/#\/schema\/person\/fb534a4e865501d8b3285208df34a9b5"},"headline":"Die EM und die Bahn: Zuverl\u00e4ssig in ihrer Unzuverl\u00e4ssigkeit","datePublished":"2024-06-23T08:51:20+00:00","dateModified":"2024-06-23T08:51:20+00:00","mainEntityOfPage":{"@id":"https:\/\/now-news.de\/de\/deutschland\/die-em-und-die-bahn-zuverlaessig-in-ihrer-unzuverlaessigkeit\/"},"wordCount":1125,"commentCount":0,"publisher":{"@id":"https:\/\/now-news.de\/de\/#organization"},"image":{"@id":"https:\/\/now-news.de\/de\/deutschland\/die-em-und-die-bahn-zuverlaessig-in-ihrer-unzuverlaessigkeit\/#primaryimage"},"thumbnailUrl":"https:\/\/now-news.de\/de\/wp-content\/uploads\/sites\/3\/2024\/06\/Die-EM-und-die-Bahn-Zuverlaessig-in-ihrer-Unzuverlaessigkeit.jpg","keywords":["Bahn","die","ihrer","und","Unzuverl\u00e4ssigkeit","Zuverl\u00e4ssig"],"articleSection":["Deutschland","Russland"],"inLanguage":"de","potentialAction":[{"@type":"CommentAction","name":"Comment","target":["https:\/\/now-news.de\/de\/deutschland\/die-em-und-die-bahn-zuverlaessig-in-ihrer-unzuverlaessigkeit\/#respond"]}]},{"@type":"WebPage","@id":"https:\/\/now-news.de\/de\/deutschland\/die-em-und-die-bahn-zuverlaessig-in-ihrer-unzuverlaessigkeit\/","url":"https:\/\/now-news.de\/de\/deutschland\/die-em-und-die-bahn-zuverlaessig-in-ihrer-unzuverlaessigkeit\/","name":"Die EM und die Bahn: Zuverl\u00e4ssig in ihrer Unzuverl\u00e4ssigkeit - just-now.NEWS Deutschland","isPartOf":{"@id":"https:\/\/now-news.de\/de\/#website"},"primaryImageOfPage":{"@id":"https:\/\/now-news.de\/de\/deutschland\/die-em-und-die-bahn-zuverlaessig-in-ihrer-unzuverlaessigkeit\/#primaryimage"},"image":{"@id":"https:\/\/now-news.de\/de\/deutschland\/die-em-und-die-bahn-zuverlaessig-in-ihrer-unzuverlaessigkeit\/#primaryimage"},"thumbnailUrl":"https:\/\/now-news.de\/de\/wp-content\/uploads\/sites\/3\/2024\/06\/Die-EM-und-die-Bahn-Zuverlaessig-in-ihrer-Unzuverlaessigkeit.jpg","datePublished":"2024-06-23T08:51:20+00:00","dateModified":"2024-06-23T08:51:20+00:00","breadcrumb":{"@id":"https:\/\/now-news.de\/de\/deutschland\/die-em-und-die-bahn-zuverlaessig-in-ihrer-unzuverlaessigkeit\/#breadcrumb"},"inLanguage":"de","potentialAction":[{"@type":"ReadAction","target":["https:\/\/now-news.de\/de\/deutschland\/die-em-und-die-bahn-zuverlaessig-in-ihrer-unzuverlaessigkeit\/"]}]},{"@type":"ImageObject","inLanguage":"de","@id":"https:\/\/now-news.de\/de\/deutschland\/die-em-und-die-bahn-zuverlaessig-in-ihrer-unzuverlaessigkeit\/#primaryimage","url":"https:\/\/now-news.de\/de\/wp-content\/uploads\/sites\/3\/2024\/06\/Die-EM-und-die-Bahn-Zuverlaessig-in-ihrer-Unzuverlaessigkeit.jpg","contentUrl":"https:\/\/now-news.de\/de\/wp-content\/uploads\/sites\/3\/2024\/06\/Die-EM-und-die-Bahn-Zuverlaessig-in-ihrer-Unzuverlaessigkeit.jpg","width":460,"height":259,"caption":"Die EM und die Bahn: Zuverl\u00e4ssig in ihrer Unzuverl\u00e4ssigkeit"},{"@type":"BreadcrumbList","@id":"https:\/\/now-news.de\/de\/deutschland\/die-em-und-die-bahn-zuverlaessig-in-ihrer-unzuverlaessigkeit\/#breadcrumb","itemListElement":[{"@type":"ListItem","position":1,"name":"Home","item":"https:\/\/now-news.de\/de\/"},{"@type":"ListItem","position":2,"name":"Die EM und die Bahn: Zuverl\u00e4ssig in ihrer Unzuverl\u00e4ssigkeit"}]},{"@type":"WebSite","@id":"https:\/\/now-news.de\/de\/#website","url":"https:\/\/now-news.de\/de\/","name":"just-now.NEWS Deutschland","description":"Das Portal f\u00fcr unzensierte Nachrichten aus der Welt","publisher":{"@id":"https:\/\/now-news.de\/de\/#organization"},"potentialAction":[{"@type":"SearchAction","target":{"@type":"EntryPoint","urlTemplate":"https:\/\/now-news.de\/de\/?s={search_term_string}"},"query-input":"required name=search_term_string"}],"inLanguage":"de"},{"@type":"Organization","@id":"https:\/\/now-news.de\/de\/#organization","name":"Just Now News","url":"https:\/\/now-news.de\/de\/","logo":{"@type":"ImageObject","inLanguage":"de","@id":"https:\/\/now-news.de\/de\/#\/schema\/logo\/image\/","url":"http:\/\/just-now.news\/de\/wp-content\/uploads\/sites\/3\/2022\/04\/logo500x500.jpg","contentUrl":"http:\/\/just-now.news\/de\/wp-content\/uploads\/sites\/3\/2022\/04\/logo500x500.jpg","width":500,"height":500,"caption":"Just Now News"},"image":{"@id":"https:\/\/now-news.de\/de\/#\/schema\/logo\/image\/"},"sameAs":["https:\/\/www.facebook.com\/wirmachenauf","https:\/\/x.com\/WirMachenAuf_de"]},{"@type":"Person","@id":"https:\/\/now-news.de\/de\/#\/schema\/person\/fb534a4e865501d8b3285208df34a9b5","name":"rtnews","image":{"@type":"ImageObject","inLanguage":"de","@id":"https:\/\/now-news.de\/de\/#\/schema\/person\/image\/","url":"https:\/\/secure.gravatar.com\/avatar\/82aafea7d8127119dd649515f56e2117?s=96&d=mm&r=g","contentUrl":"https:\/\/secure.gravatar.com\/avatar\/82aafea7d8127119dd649515f56e2117?s=96&d=mm&r=g","caption":"rtnews"},"url":"https:\/\/now-news.de\/de\/author\/rnews\/"}]}},"_links":{"self":[{"href":"https:\/\/now-news.de\/de\/wp-json\/wp\/v2\/posts\/63293"}],"collection":[{"href":"https:\/\/now-news.de\/de\/wp-json\/wp\/v2\/posts"}],"about":[{"href":"https:\/\/now-news.de\/de\/wp-json\/wp\/v2\/types\/post"}],"author":[{"embeddable":true,"href":"https:\/\/now-news.de\/de\/wp-json\/wp\/v2\/users\/3"}],"replies":[{"embeddable":true,"href":"https:\/\/now-news.de\/de\/wp-json\/wp\/v2\/comments?post=63293"}],"version-history":[{"count":0,"href":"https:\/\/now-news.de\/de\/wp-json\/wp\/v2\/posts\/63293\/revisions"}],"wp:featuredmedia":[{"embeddable":true,"href":"https:\/\/now-news.de\/de\/wp-json\/wp\/v2\/media\/63294"}],"wp:attachment":[{"href":"https:\/\/now-news.de\/de\/wp-json\/wp\/v2\/media?parent=63293"}],"wp:term":[{"taxonomy":"category","embeddable":true,"href":"https:\/\/now-news.de\/de\/wp-json\/wp\/v2\/categories?post=63293"},{"taxonomy":"post_tag","embeddable":true,"href":"https:\/\/now-news.de\/de\/wp-json\/wp\/v2\/tags?post=63293"}],"curies":[{"name":"wp","href":"https:\/\/api.w.org\/{rel}","templated":true}]}}