{"id":63271,"date":"2024-06-23T08:20:58","date_gmt":"2024-06-23T06:20:58","guid":{"rendered":"https:\/\/now-news.de\/de\/deutschland\/gegen-die-verfaelschung-des-geschichtsbildes-kerzen-des-gedenkens-im-treptower-park\/"},"modified":"2024-06-23T08:20:58","modified_gmt":"2024-06-23T06:20:58","slug":"gegen-die-verfaelschung-des-geschichtsbildes-kerzen-des-gedenkens-im-treptower-park","status":"publish","type":"post","link":"https:\/\/now-news.de\/de\/deutschland\/gegen-die-verfaelschung-des-geschichtsbildes-kerzen-des-gedenkens-im-treptower-park\/","title":{"rendered":"Gegen die Verf\u00e4lschung des Geschichtsbildes: &quot;Kerzen des Gedenkens&quot; im Treptower Park"},"content":{"rendered":"<div class=\"Text-root Text-type_1 \">\n                Nicht nur in Russland fanden in der Nacht zum 22. Juni Kerzenaktionen zum Gedenken an den deutschen \u00dcberfall an die Sowjetunion statt. An der Treppe zur Befreierstatue im Treptower Park z\u00fcndeten mehr etwa drei Dutzend Aktionsteilnehmer Erinnerungskerzen an. Am Sockel der Statue leuchtete eine Projektion.\n            <\/div>\n<p><\/p>\n<div class=\"Text-root Text-type_5 ArticleView-text ViewText-root \">\n<p><em>Von Wladislaw Sankin<\/em><\/p>\n<p>Berlin ist wieder zu einem der wichtigsten Schaupl\u00e4tze f\u00fcr die Durchsetzung der US-Ziele auf dem eurasischen Kontinent und damit auch des Ringens um die Zukunft der Welt geworden, meint Torsten Rexin im Gespr\u00e4ch mit <em>RT\u00a0DE<\/em>. Seit Jahren leitet er den Verein &#8220;Berliner Freunde der V\u00f6lker Russlands e.\u00a0V.&#8221;, der sich konsequent f\u00fcr die Pflege der Beziehungen zwischen dem russischen und dem deutschen Volk\u00a0einsetzt. F\u00fcr ihn sei das einer der Gr\u00fcnde, warum er und seine Mitstreiter nun auch Erinnerungsaktionen an symboltr\u00e4chtigsten Orten in Berlin durchf\u00fchren. Am 22.\u00a0Juni war es das Ehrenmal im Treptower Park in Berlin.<\/p>\n<p>Es war noch dunkel, als er und circa drei Dutzend weiterer Teilnehmer der Aktion &#8220;Kerzen des Gedenkens&#8221; in der Nacht am 22.\u00a0Juni am Fu\u00df des H\u00fcgels mit der Befreiungsstatue eintrafen. Die Veranstaltung sollte p\u00fcnktlich um 3:30\u00a0Uhr beginnen, genau zum Zeitpunkt der \u00dcberquerung der sowjetischen Westgrenze durch die deutsche Wehrmacht. In den Jahren des darauffolgenden Krieges\u00a0verlor das Land knapp 27\u00a0Millionen Menschen. Im Endeffekt trug die\u00a0Sowjetunion auch die Hauptlast des Krieges gegen\u00a0den deutschen Faschismus und versetzte diesem in Berlin den Todessto\u00df. Daran erinnert seit Er\u00f6ffnung\u00a0des\u00a0Ehrenmals im Jahr\u00a01949 das Schwert des Soldaten im Treptower Park. Nun will der Westen diese Leistung des sowjetischen Volkes vergessen machen, so Rexin.<\/p>\n<blockquote>\n<p><em>&#8220;Die L\u00e4nder Westeuropas und die USA verf\u00e4lschen das Geschichtsbild oder leugnen die Taten der Menschen der Sowjetunion. Dieses Andenken gilt es zu bewahren und sichtbar zu machen&#8221;, begr\u00fcndete er seine Aktion.<\/em><\/p>\n<\/blockquote>\n<figure class=\"RTImage-root\">\n<div class=\"RTImage-image RTImage-original\"><picture class=\"Picture-root Picture-original\"><!--[if IE 9]><video style=\"display: none;\"><![endif]--><source media=\"(-webkit-min-device-pixel-ratio: 2) and (min-resolution: 120dpi)\" data-srcset=\" \nhttps:\/\/now-news.de\/de\/wp-content\/uploads\/sites\/3\/2024\/06\/6677149a48fbef7427143873.jpeg 850w,\n                https:\/\/now-news.de\/de\/wp-content\/uploads\/sites\/3\/2024\/06\/6677149a48fbef7427143873.jpeg 1960w,            \" ><source data-srcset=\" \nhttps:\/\/now-news.de\/de\/wp-content\/uploads\/sites\/3\/2024\/06\/6677149a48fbef7427143873.jpeg 460w,\n              https:\/\/now-news.de\/de\/wp-content\/uploads\/sites\/3\/2024\/06\/6677149a48fbef7427143873.jpeg 980w,\n            \" ><!--[if IE 9]><\/video><![endif]--><img decoding=\"async\" data- src=\"data:image\/png;base64,iVBORw0KGgoAAAANSUhEUgAAABAAAAAJCAQAAACRI2S5AAAAEElEQVR42mNkIAAYRxWAAQAG9gAKqv6+AwAAAABJRU5ErkJggg==\" class=\"Picture-root Picture-original lazyload\" data-src=\"https:\/\/now-news.de\/de\/wp-content\/uploads\/sites\/3\/2024\/06\/6677149a48fbef7427143873.jpeg\" alt=\"\"><\/source><\/source><\/picture><!-- noscript pattern --><noscript><img decoding=\"async\" src=\"https:\/\/now-news.de\/de\/wp-content\/uploads\/sites\/3\/2024\/06\/6677149a48fbef7427143873.jpeg\" alt=\"\"><\/noscript><\/div><figcaption class=\"RTImage-footer\"><span class=\"RTImage-caption\"><span class=\"RTImage-captionItem\">Aktivisten bei der Arbeit: Noch bevor es d\u00e4mmert, sollten die Kerzen aufgestellt und  angez\u00fcndet werden.<\/span><\/span><span class=\"RTImage-source\"><span class=\"RTImage-captionItem\">Torsten Rexin<\/span><\/span><\/figcaption><\/figure>\n<p>Noch bevor es d\u00e4mmerte, wurden die Kerzen so aufgestellt, dass sie den Schriftzug &#8220;22.06.1941\u201309.05.1945&#8221; ergaben \u2013 Anfang und Ende des Krieges. Nach einer Begr\u00fc\u00dfung wurde eine Schweigeminute abgehalten, und die Kr\u00e4nze wurden am Pantheon am Sockel der Statue niedergelegt. Der Vereinsvorsitzende sagte:<\/p>\n<blockquote>\n<p><em>&#8220;Wir treffen uns heute hier, weil wir nicht vergessen , wer diesen katastrophalen Krieg, dieses Verbechen, das gr\u00f6\u00dfte Verbrechen des letzten Jahrhunderts, initiiert und durchgef\u00fchrt hat. Seit Jahren betreibt die Bundesregierung eine geschichtsvergessene und russlandfeindliche Politik. F\u00fcr uns, f\u00fcr\u00a0Berliner Freunde der V\u00f6lker Russlands, ist ihre\u00a0Weltsicht verantwortungslos. Wir haben eine moralische Pflicht, eine feste und freundschaftliche Beziehung zum russischen Volk zu pflegen und f\u00fcr immer aufrechtzuerhalten. Das ist unsere Botschaft.&#8221;<\/em><\/p>\n<\/blockquote>\n<div class=\"EmbedBlock-root EmbedBlock-twitter\">\n<div class=\"TwitterEmbed\">\n<blockquote class=\"twitter-tweet lazyload\" data-twitter=\"twitter-tweet\">\n<p lang=\"de\" dir=\"ltr\">Jahrestag des Nazi-\u00dcberfalls am 22. Juni: Im Treptower Park fand die Aktion &#8220;Kerzen des Gedenkens&#8221; statt. &#8220;Die BuReg betreibt eine geschichtsvergessene und russlandfeindliche Politik.F\u00fcr Berliner Freunde der V\u00f6lker Russlands ist ihre Weltsicht verantwortungslos&#8221;, so Torsten Rexin <a rel=\"nofollow noopener\" target=\"_blank\" href=\"https:\/\/t.co\/hMB0hmalJW\">pic.twitter.com\/hMB0hmalJW<\/a><\/p>\n<p>\u2014 Wlad Sankin (@wladsan) <a rel=\"nofollow noopener\" target=\"_blank\" href=\"https:\/\/twitter.com\/wladsan\/status\/1804600358255444275?ref_src=twsrc%5Etfw\">June 22, 2024<\/a><\/p><\/blockquote>\n<\/div>\n<\/div>\n<p>Eine Videoprojektion und die Schaltung der ersten Kriegsmeldung des legend\u00e4ren Radiosprechers Juri Lewitan mit dem ber\u00fchmten ersten Satz &#8220;Es spricht Moskau&#8221; brachten der kurzen Veranstaltung einige G\u00e4nsehautmomente. &#8220;Nat\u00fcrlich erreicht unsere Aktion keine Ausma\u00dfe wie etwa in Sankt Petersburg&#8221;, sagt Rexin. Will er sich im Ernst an den russischen St\u00e4dten messen? Jedenfalls hat der Friedensaktivist mit DDR-Herkunft ehrgeizige Pl\u00e4ne, in den n\u00e4chsten Jahren mit seiner Erinnerungsarbeit noch gr\u00f6\u00dfer zu werden und eine gr\u00f6\u00dfere Reichweite zu erzielen. Dies sei ein wichtiges Zeichen f\u00fcr die Verhinderung eines neuen gr\u00f6\u00dferen Krieges und ein Beispiel f\u00fcr bildungspolitische Arbeit.<\/p>\n<p>Doch wird diese Arbeit in Deutschland im 21.\u00a0Jahrhundert auch k\u00fcnftig nur von einem Haufen Enthusiasten durchgef\u00fchrt? Ganz klar h\u00e4ngt das davon ab, welcher Wind im Kanzleramt weht. Noch weht er aus atlantischer Richtung, was daf\u00fcr sorgt, dass die Bundesregierung ganz klar nicht im deutschen Interesse handelt. Dieses besteht in der Aufrechterhaltung guter oder zumindest neutraler Beziehungen zu Russland.<\/p>\n<p>In der letzten Frage unseres Gespr\u00e4chs geht es darum, ob es Deutschland gelingt, vom sich abzeichnenden Kriegskurs abzukommen. Eine andere Zusammensetzung des Bundestags nach den Wahlen\u00a02025 k\u00f6nnte laut Rexin\u00a0schon einiges bewirken. &#8220;Wir hoffen, dass dort die Kr\u00e4fteverh\u00e4ltnisse so ver\u00e4ndert werden, dass die Au\u00dfenpolitik, die sich gegenw\u00e4rtig mit Russland betrieben wird, nicht fortzusetzen ist.&#8221; Nach einer kurzen Pause f\u00fcgt er hinzu: &#8220;Wir sind Realisten, und\u00a0wir glauben nicht, dass das, worauf wir hoffen, auch passiert. Noch sind die\u00a0Kr\u00e4fte des B\u00f6sen \u2013 so nenne ich sie \u2013 m\u00e4chtig und haben viel Geld. Und der Allgemeindeutsche verf\u00fcgt leider nicht \u00fcber ausreichende Geschichtskenntnisse, die erforderlich w\u00e4ren, eine Wiederholung der Geschichte wie 1933 vorzubeugen.&#8221;<\/p>\n<p><strong>Mehr zum Thema<\/strong> \u2013 <a rel=\"nofollow noopener\" target=\"_blank\" href=\"https:\/\/freedert.online\/russland\/209995-am-jahrestag-nazi-ueberfalls-leiter-des-russischen-ermittlungskomitees-kritisiert-deutschland\/\">Am Jahrestag des Nazi-\u00dcberfalls: Leiter des russischen Ermittlungskomitees kritisiert Deutschland<\/a><\/p>\n<div class=\"EmbedBlock-root EmbedBlock-externalVideo EmbedBlock-odysee\">\n<div class=\"VkEmbed\"><iframe class=\"lazyload\" data-src=\"https:\/\/odysee.com\/%24\/embed\/%40RTDE%3Ae%2FEhrenmal-im-Treptower-Park-Wahrzeichen-des-Sieges-der-UdSSR-%C3%BCber-die-NS-Herrschaft%3A2\" frameborder=\"0\" width=\"853\" height=\"480\" allowfullscreen><\/iframe><\/div>\n<\/div>\n<\/div>\n<p><script async src=\"https:\/\/platform.twitter.com\/widgets.js\" charset=\"utf-8\"><\/script><br \/>\n<br \/><br \/>\n<br \/><a href=\"https:\/\/de.rt.com\/inland\/210009-gegen-verfaeschung-geschichtsbildes-kerzen-gedenkens-kerzen-gedenkens-treptower-park\/\">Source link <\/a><\/p>\n","protected":false},"excerpt":{"rendered":"<p>Nicht nur in Russland fanden in der Nacht zum 22. Juni Kerzenaktionen zum Gedenken an den deutschen \u00dcberfall an die Sowjetunion statt. An der Treppe zur Befreierstatue im Treptower Park z\u00fcndeten mehr etwa drei Dutzend Aktionsteilnehmer Erinnerungskerzen an. Am Sockel der Statue leuchtete eine Projektion. Von Wladislaw Sankin Berlin ist wieder zu einem der wichtigsten [&hellip;]<\/p>\n","protected":false},"author":3,"featured_media":63272,"comment_status":"open","ping_status":"open","sticky":false,"template":"","format":"standard","meta":{"_yoast_indexnow_last_ping":["1719123708"],"wp_automatic_camp":["217"],"9e4dbc762a5ab03f3e60f67d86cfa8c0":["Gegen die Verf\u00e4lschung des Geschichtsbildes: &quot;Kerzen des Gedenkens&quot; im Treptower Park"],"original_link":["https:\/\/de.rt.com\/inland\/210009-gegen-verfaeschung-geschichtsbildes-kerzen-gedenkens-kerzen-gedenkens-treptower-park\/"],"_thumbnail_id":["63272"],"jnews_social_counter_last_update":["1777193375"],"_wptgpro_p2tg_sent2tg":["a:1:{i:23737;s:19:\"2024-06-23 08:22:55\";}"]},"categories":[19,23],"tags":[583,45,55972,278,55970,9097,55971,35330,55969],"yoast_head":"<!-- This site is optimized with the Yoast SEO Premium plugin v22.7 (Yoast SEO v22.7) - https:\/\/yoast.com\/wordpress\/plugins\/seo\/ -->\n<title>Gegen die Verf\u00e4lschung des Geschichtsbildes: &quot;Kerzen des Gedenkens&quot; im Treptower Park - just-now.NEWS Deutschland<\/title>\n<meta name=\"robots\" content=\"index, follow, max-snippet:-1, max-image-preview:large, max-video-preview:-1\" \/>\n<link rel=\"canonical\" href=\"https:\/\/now-news.de\/de\/deutschland\/gegen-die-verfaelschung-des-geschichtsbildes-kerzen-des-gedenkens-im-treptower-park\/\" \/>\n<meta property=\"og:locale\" content=\"de_DE\" \/>\n<meta property=\"og:type\" content=\"article\" \/>\n<meta property=\"og:title\" content=\"Gegen die Verf\u00e4lschung des Geschichtsbildes: &quot;Kerzen des Gedenkens&quot; im Treptower Park\" \/>\n<meta property=\"og:description\" content=\"Nicht nur in Russland fanden in der Nacht zum 22. Juni Kerzenaktionen zum Gedenken an den deutschen \u00dcberfall an die Sowjetunion statt. An der Treppe zur Befreierstatue im Treptower Park z\u00fcndeten mehr etwa drei Dutzend Aktionsteilnehmer Erinnerungskerzen an. Am Sockel der Statue leuchtete eine Projektion. Von Wladislaw Sankin Berlin ist wieder zu einem der wichtigsten [&hellip;]\" \/>\n<meta property=\"og:url\" content=\"https:\/\/now-news.de\/de\/deutschland\/gegen-die-verfaelschung-des-geschichtsbildes-kerzen-des-gedenkens-im-treptower-park\/\" \/>\n<meta property=\"og:site_name\" content=\"just-now.NEWS Deutschland\" \/>\n<meta property=\"article:publisher\" content=\"https:\/\/www.facebook.com\/wirmachenauf\" \/>\n<meta property=\"article:published_time\" content=\"2024-06-23T06:20:58+00:00\" \/>\n<meta property=\"og:image\" content=\"https:\/\/now-news.de\/de\/wp-content\/uploads\/sites\/3\/2024\/06\/6677149a48fbef7427143873.jpeg\" \/>\n<meta name=\"author\" content=\"rtnews\" \/>\n<meta name=\"twitter:card\" content=\"summary_large_image\" \/>\n<meta name=\"twitter:creator\" content=\"@WirMachenAuf_de\" \/>\n<meta name=\"twitter:site\" content=\"@WirMachenAuf_de\" \/>\n<meta name=\"twitter:label1\" content=\"Verfasst von\" \/>\n\t<meta name=\"twitter:data1\" content=\"rtnews\" \/>\n\t<meta name=\"twitter:label2\" content=\"Gesch\u00e4tzte Lesezeit\" \/>\n\t<meta name=\"twitter:data2\" content=\"4\u00a0Minuten\" \/>\n<script type=\"application\/ld+json\" class=\"yoast-schema-graph\">{\"@context\":\"https:\/\/schema.org\",\"@graph\":[{\"@type\":\"Article\",\"@id\":\"https:\/\/now-news.de\/de\/deutschland\/gegen-die-verfaelschung-des-geschichtsbildes-kerzen-des-gedenkens-im-treptower-park\/#article\",\"isPartOf\":{\"@id\":\"https:\/\/now-news.de\/de\/deutschland\/gegen-die-verfaelschung-des-geschichtsbildes-kerzen-des-gedenkens-im-treptower-park\/\"},\"author\":{\"name\":\"rtnews\",\"@id\":\"https:\/\/now-news.de\/de\/#\/schema\/person\/fb534a4e865501d8b3285208df34a9b5\"},\"headline\":\"Gegen die Verf\u00e4lschung des Geschichtsbildes: &quot;Kerzen des Gedenkens&quot; im Treptower Park\",\"datePublished\":\"2024-06-23T06:20:58+00:00\",\"dateModified\":\"2024-06-23T06:20:58+00:00\",\"mainEntityOfPage\":{\"@id\":\"https:\/\/now-news.de\/de\/deutschland\/gegen-die-verfaelschung-des-geschichtsbildes-kerzen-des-gedenkens-im-treptower-park\/\"},\"wordCount\":807,\"commentCount\":0,\"publisher\":{\"@id\":\"https:\/\/now-news.de\/de\/#organization\"},\"image\":{\"@id\":\"https:\/\/now-news.de\/de\/deutschland\/gegen-die-verfaelschung-des-geschichtsbildes-kerzen-des-gedenkens-im-treptower-park\/#primaryimage\"},\"thumbnailUrl\":\"https:\/\/now-news.de\/de\/wp-content\/uploads\/sites\/3\/2024\/06\/Gegen-die-Verfaelschung-des-Geschichtsbildes-quotKerzen-des-Gedenkensquot-im-Treptower.jpeg\",\"keywords\":[\"des\",\"die\",\"Gedenkensquot\",\"gegen\",\"Geschichtsbildes\",\"Park\",\"quotKerzen\",\"Treptower\",\"Verf\u00e4lschung\"],\"articleSection\":[\"Deutschland\",\"Russland\"],\"inLanguage\":\"de\",\"potentialAction\":[{\"@type\":\"CommentAction\",\"name\":\"Comment\",\"target\":[\"https:\/\/now-news.de\/de\/deutschland\/gegen-die-verfaelschung-des-geschichtsbildes-kerzen-des-gedenkens-im-treptower-park\/#respond\"]}]},{\"@type\":\"WebPage\",\"@id\":\"https:\/\/now-news.de\/de\/deutschland\/gegen-die-verfaelschung-des-geschichtsbildes-kerzen-des-gedenkens-im-treptower-park\/\",\"url\":\"https:\/\/now-news.de\/de\/deutschland\/gegen-die-verfaelschung-des-geschichtsbildes-kerzen-des-gedenkens-im-treptower-park\/\",\"name\":\"Gegen die Verf\u00e4lschung des Geschichtsbildes: &quot;Kerzen des Gedenkens&quot; im Treptower Park - just-now.NEWS Deutschland\",\"isPartOf\":{\"@id\":\"https:\/\/now-news.de\/de\/#website\"},\"primaryImageOfPage\":{\"@id\":\"https:\/\/now-news.de\/de\/deutschland\/gegen-die-verfaelschung-des-geschichtsbildes-kerzen-des-gedenkens-im-treptower-park\/#primaryimage\"},\"image\":{\"@id\":\"https:\/\/now-news.de\/de\/deutschland\/gegen-die-verfaelschung-des-geschichtsbildes-kerzen-des-gedenkens-im-treptower-park\/#primaryimage\"},\"thumbnailUrl\":\"https:\/\/now-news.de\/de\/wp-content\/uploads\/sites\/3\/2024\/06\/Gegen-die-Verfaelschung-des-Geschichtsbildes-quotKerzen-des-Gedenkensquot-im-Treptower.jpeg\",\"datePublished\":\"2024-06-23T06:20:58+00:00\",\"dateModified\":\"2024-06-23T06:20:58+00:00\",\"breadcrumb\":{\"@id\":\"https:\/\/now-news.de\/de\/deutschland\/gegen-die-verfaelschung-des-geschichtsbildes-kerzen-des-gedenkens-im-treptower-park\/#breadcrumb\"},\"inLanguage\":\"de\",\"potentialAction\":[{\"@type\":\"ReadAction\",\"target\":[\"https:\/\/now-news.de\/de\/deutschland\/gegen-die-verfaelschung-des-geschichtsbildes-kerzen-des-gedenkens-im-treptower-park\/\"]}]},{\"@type\":\"ImageObject\",\"inLanguage\":\"de\",\"@id\":\"https:\/\/now-news.de\/de\/deutschland\/gegen-die-verfaelschung-des-geschichtsbildes-kerzen-des-gedenkens-im-treptower-park\/#primaryimage\",\"url\":\"https:\/\/now-news.de\/de\/wp-content\/uploads\/sites\/3\/2024\/06\/Gegen-die-Verfaelschung-des-Geschichtsbildes-quotKerzen-des-Gedenkensquot-im-Treptower.jpeg\",\"contentUrl\":\"https:\/\/now-news.de\/de\/wp-content\/uploads\/sites\/3\/2024\/06\/Gegen-die-Verfaelschung-des-Geschichtsbildes-quotKerzen-des-Gedenkensquot-im-Treptower.jpeg\",\"width\":1642,\"height\":1080,\"caption\":\"Gegen die Verf\u00e4lschung des Geschichtsbildes: &quot;Kerzen des Gedenkens&quot; im Treptower Park\"},{\"@type\":\"BreadcrumbList\",\"@id\":\"https:\/\/now-news.de\/de\/deutschland\/gegen-die-verfaelschung-des-geschichtsbildes-kerzen-des-gedenkens-im-treptower-park\/#breadcrumb\",\"itemListElement\":[{\"@type\":\"ListItem\",\"position\":1,\"name\":\"Home\",\"item\":\"https:\/\/now-news.de\/de\/\"},{\"@type\":\"ListItem\",\"position\":2,\"name\":\"Gegen die Verf\u00e4lschung des Geschichtsbildes: &quot;Kerzen des Gedenkens&quot; im Treptower Park\"}]},{\"@type\":\"WebSite\",\"@id\":\"https:\/\/now-news.de\/de\/#website\",\"url\":\"https:\/\/now-news.de\/de\/\",\"name\":\"just-now.NEWS Deutschland\",\"description\":\"Das Portal f\u00fcr unzensierte Nachrichten aus der Welt\",\"publisher\":{\"@id\":\"https:\/\/now-news.de\/de\/#organization\"},\"potentialAction\":[{\"@type\":\"SearchAction\",\"target\":{\"@type\":\"EntryPoint\",\"urlTemplate\":\"https:\/\/now-news.de\/de\/?s={search_term_string}\"},\"query-input\":\"required name=search_term_string\"}],\"inLanguage\":\"de\"},{\"@type\":\"Organization\",\"@id\":\"https:\/\/now-news.de\/de\/#organization\",\"name\":\"Just Now News\",\"url\":\"https:\/\/now-news.de\/de\/\",\"logo\":{\"@type\":\"ImageObject\",\"inLanguage\":\"de\",\"@id\":\"https:\/\/now-news.de\/de\/#\/schema\/logo\/image\/\",\"url\":\"http:\/\/just-now.news\/de\/wp-content\/uploads\/sites\/3\/2022\/04\/logo500x500.jpg\",\"contentUrl\":\"http:\/\/just-now.news\/de\/wp-content\/uploads\/sites\/3\/2022\/04\/logo500x500.jpg\",\"width\":500,\"height\":500,\"caption\":\"Just Now News\"},\"image\":{\"@id\":\"https:\/\/now-news.de\/de\/#\/schema\/logo\/image\/\"},\"sameAs\":[\"https:\/\/www.facebook.com\/wirmachenauf\",\"https:\/\/x.com\/WirMachenAuf_de\"]},{\"@type\":\"Person\",\"@id\":\"https:\/\/now-news.de\/de\/#\/schema\/person\/fb534a4e865501d8b3285208df34a9b5\",\"name\":\"rtnews\",\"image\":{\"@type\":\"ImageObject\",\"inLanguage\":\"de\",\"@id\":\"https:\/\/now-news.de\/de\/#\/schema\/person\/image\/\",\"url\":\"https:\/\/secure.gravatar.com\/avatar\/82aafea7d8127119dd649515f56e2117?s=96&d=mm&r=g\",\"contentUrl\":\"https:\/\/secure.gravatar.com\/avatar\/82aafea7d8127119dd649515f56e2117?s=96&d=mm&r=g\",\"caption\":\"rtnews\"},\"url\":\"https:\/\/now-news.de\/de\/author\/rnews\/\"}]}<\/script>\n<!-- \/ Yoast SEO Premium plugin. -->","yoast_head_json":{"title":"Gegen die Verf\u00e4lschung des Geschichtsbildes: &quot;Kerzen des Gedenkens&quot; im Treptower Park - just-now.NEWS Deutschland","robots":{"index":"index","follow":"follow","max-snippet":"max-snippet:-1","max-image-preview":"max-image-preview:large","max-video-preview":"max-video-preview:-1"},"canonical":"https:\/\/now-news.de\/de\/deutschland\/gegen-die-verfaelschung-des-geschichtsbildes-kerzen-des-gedenkens-im-treptower-park\/","og_locale":"de_DE","og_type":"article","og_title":"Gegen die Verf\u00e4lschung des Geschichtsbildes: &quot;Kerzen des Gedenkens&quot; im Treptower Park","og_description":"Nicht nur in Russland fanden in der Nacht zum 22. Juni Kerzenaktionen zum Gedenken an den deutschen \u00dcberfall an die Sowjetunion statt. An der Treppe zur Befreierstatue im Treptower Park z\u00fcndeten mehr etwa drei Dutzend Aktionsteilnehmer Erinnerungskerzen an. Am Sockel der Statue leuchtete eine Projektion. Von Wladislaw Sankin Berlin ist wieder zu einem der wichtigsten [&hellip;]","og_url":"https:\/\/now-news.de\/de\/deutschland\/gegen-die-verfaelschung-des-geschichtsbildes-kerzen-des-gedenkens-im-treptower-park\/","og_site_name":"just-now.NEWS Deutschland","article_publisher":"https:\/\/www.facebook.com\/wirmachenauf","article_published_time":"2024-06-23T06:20:58+00:00","og_image":[{"url":"https:\/\/now-news.de\/de\/wp-content\/uploads\/sites\/3\/2024\/06\/6677149a48fbef7427143873.jpeg"}],"author":"rtnews","twitter_card":"summary_large_image","twitter_creator":"@WirMachenAuf_de","twitter_site":"@WirMachenAuf_de","twitter_misc":{"Verfasst von":"rtnews","Gesch\u00e4tzte Lesezeit":"4\u00a0Minuten"},"schema":{"@context":"https:\/\/schema.org","@graph":[{"@type":"Article","@id":"https:\/\/now-news.de\/de\/deutschland\/gegen-die-verfaelschung-des-geschichtsbildes-kerzen-des-gedenkens-im-treptower-park\/#article","isPartOf":{"@id":"https:\/\/now-news.de\/de\/deutschland\/gegen-die-verfaelschung-des-geschichtsbildes-kerzen-des-gedenkens-im-treptower-park\/"},"author":{"name":"rtnews","@id":"https:\/\/now-news.de\/de\/#\/schema\/person\/fb534a4e865501d8b3285208df34a9b5"},"headline":"Gegen die Verf\u00e4lschung des Geschichtsbildes: &quot;Kerzen des Gedenkens&quot; im Treptower Park","datePublished":"2024-06-23T06:20:58+00:00","dateModified":"2024-06-23T06:20:58+00:00","mainEntityOfPage":{"@id":"https:\/\/now-news.de\/de\/deutschland\/gegen-die-verfaelschung-des-geschichtsbildes-kerzen-des-gedenkens-im-treptower-park\/"},"wordCount":807,"commentCount":0,"publisher":{"@id":"https:\/\/now-news.de\/de\/#organization"},"image":{"@id":"https:\/\/now-news.de\/de\/deutschland\/gegen-die-verfaelschung-des-geschichtsbildes-kerzen-des-gedenkens-im-treptower-park\/#primaryimage"},"thumbnailUrl":"https:\/\/now-news.de\/de\/wp-content\/uploads\/sites\/3\/2024\/06\/Gegen-die-Verfaelschung-des-Geschichtsbildes-quotKerzen-des-Gedenkensquot-im-Treptower.jpeg","keywords":["des","die","Gedenkensquot","gegen","Geschichtsbildes","Park","quotKerzen","Treptower","Verf\u00e4lschung"],"articleSection":["Deutschland","Russland"],"inLanguage":"de","potentialAction":[{"@type":"CommentAction","name":"Comment","target":["https:\/\/now-news.de\/de\/deutschland\/gegen-die-verfaelschung-des-geschichtsbildes-kerzen-des-gedenkens-im-treptower-park\/#respond"]}]},{"@type":"WebPage","@id":"https:\/\/now-news.de\/de\/deutschland\/gegen-die-verfaelschung-des-geschichtsbildes-kerzen-des-gedenkens-im-treptower-park\/","url":"https:\/\/now-news.de\/de\/deutschland\/gegen-die-verfaelschung-des-geschichtsbildes-kerzen-des-gedenkens-im-treptower-park\/","name":"Gegen die Verf\u00e4lschung des Geschichtsbildes: &quot;Kerzen des Gedenkens&quot; im Treptower Park - just-now.NEWS Deutschland","isPartOf":{"@id":"https:\/\/now-news.de\/de\/#website"},"primaryImageOfPage":{"@id":"https:\/\/now-news.de\/de\/deutschland\/gegen-die-verfaelschung-des-geschichtsbildes-kerzen-des-gedenkens-im-treptower-park\/#primaryimage"},"image":{"@id":"https:\/\/now-news.de\/de\/deutschland\/gegen-die-verfaelschung-des-geschichtsbildes-kerzen-des-gedenkens-im-treptower-park\/#primaryimage"},"thumbnailUrl":"https:\/\/now-news.de\/de\/wp-content\/uploads\/sites\/3\/2024\/06\/Gegen-die-Verfaelschung-des-Geschichtsbildes-quotKerzen-des-Gedenkensquot-im-Treptower.jpeg","datePublished":"2024-06-23T06:20:58+00:00","dateModified":"2024-06-23T06:20:58+00:00","breadcrumb":{"@id":"https:\/\/now-news.de\/de\/deutschland\/gegen-die-verfaelschung-des-geschichtsbildes-kerzen-des-gedenkens-im-treptower-park\/#breadcrumb"},"inLanguage":"de","potentialAction":[{"@type":"ReadAction","target":["https:\/\/now-news.de\/de\/deutschland\/gegen-die-verfaelschung-des-geschichtsbildes-kerzen-des-gedenkens-im-treptower-park\/"]}]},{"@type":"ImageObject","inLanguage":"de","@id":"https:\/\/now-news.de\/de\/deutschland\/gegen-die-verfaelschung-des-geschichtsbildes-kerzen-des-gedenkens-im-treptower-park\/#primaryimage","url":"https:\/\/now-news.de\/de\/wp-content\/uploads\/sites\/3\/2024\/06\/Gegen-die-Verfaelschung-des-Geschichtsbildes-quotKerzen-des-Gedenkensquot-im-Treptower.jpeg","contentUrl":"https:\/\/now-news.de\/de\/wp-content\/uploads\/sites\/3\/2024\/06\/Gegen-die-Verfaelschung-des-Geschichtsbildes-quotKerzen-des-Gedenkensquot-im-Treptower.jpeg","width":1642,"height":1080,"caption":"Gegen die Verf\u00e4lschung des Geschichtsbildes: &quot;Kerzen des Gedenkens&quot; im Treptower Park"},{"@type":"BreadcrumbList","@id":"https:\/\/now-news.de\/de\/deutschland\/gegen-die-verfaelschung-des-geschichtsbildes-kerzen-des-gedenkens-im-treptower-park\/#breadcrumb","itemListElement":[{"@type":"ListItem","position":1,"name":"Home","item":"https:\/\/now-news.de\/de\/"},{"@type":"ListItem","position":2,"name":"Gegen die Verf\u00e4lschung des Geschichtsbildes: &quot;Kerzen des Gedenkens&quot; im Treptower Park"}]},{"@type":"WebSite","@id":"https:\/\/now-news.de\/de\/#website","url":"https:\/\/now-news.de\/de\/","name":"just-now.NEWS Deutschland","description":"Das Portal f\u00fcr unzensierte Nachrichten aus der Welt","publisher":{"@id":"https:\/\/now-news.de\/de\/#organization"},"potentialAction":[{"@type":"SearchAction","target":{"@type":"EntryPoint","urlTemplate":"https:\/\/now-news.de\/de\/?s={search_term_string}"},"query-input":"required name=search_term_string"}],"inLanguage":"de"},{"@type":"Organization","@id":"https:\/\/now-news.de\/de\/#organization","name":"Just Now News","url":"https:\/\/now-news.de\/de\/","logo":{"@type":"ImageObject","inLanguage":"de","@id":"https:\/\/now-news.de\/de\/#\/schema\/logo\/image\/","url":"http:\/\/just-now.news\/de\/wp-content\/uploads\/sites\/3\/2022\/04\/logo500x500.jpg","contentUrl":"http:\/\/just-now.news\/de\/wp-content\/uploads\/sites\/3\/2022\/04\/logo500x500.jpg","width":500,"height":500,"caption":"Just Now News"},"image":{"@id":"https:\/\/now-news.de\/de\/#\/schema\/logo\/image\/"},"sameAs":["https:\/\/www.facebook.com\/wirmachenauf","https:\/\/x.com\/WirMachenAuf_de"]},{"@type":"Person","@id":"https:\/\/now-news.de\/de\/#\/schema\/person\/fb534a4e865501d8b3285208df34a9b5","name":"rtnews","image":{"@type":"ImageObject","inLanguage":"de","@id":"https:\/\/now-news.de\/de\/#\/schema\/person\/image\/","url":"https:\/\/secure.gravatar.com\/avatar\/82aafea7d8127119dd649515f56e2117?s=96&d=mm&r=g","contentUrl":"https:\/\/secure.gravatar.com\/avatar\/82aafea7d8127119dd649515f56e2117?s=96&d=mm&r=g","caption":"rtnews"},"url":"https:\/\/now-news.de\/de\/author\/rnews\/"}]}},"_links":{"self":[{"href":"https:\/\/now-news.de\/de\/wp-json\/wp\/v2\/posts\/63271"}],"collection":[{"href":"https:\/\/now-news.de\/de\/wp-json\/wp\/v2\/posts"}],"about":[{"href":"https:\/\/now-news.de\/de\/wp-json\/wp\/v2\/types\/post"}],"author":[{"embeddable":true,"href":"https:\/\/now-news.de\/de\/wp-json\/wp\/v2\/users\/3"}],"replies":[{"embeddable":true,"href":"https:\/\/now-news.de\/de\/wp-json\/wp\/v2\/comments?post=63271"}],"version-history":[{"count":0,"href":"https:\/\/now-news.de\/de\/wp-json\/wp\/v2\/posts\/63271\/revisions"}],"wp:featuredmedia":[{"embeddable":true,"href":"https:\/\/now-news.de\/de\/wp-json\/wp\/v2\/media\/63272"}],"wp:attachment":[{"href":"https:\/\/now-news.de\/de\/wp-json\/wp\/v2\/media?parent=63271"}],"wp:term":[{"taxonomy":"category","embeddable":true,"href":"https:\/\/now-news.de\/de\/wp-json\/wp\/v2\/categories?post=63271"},{"taxonomy":"post_tag","embeddable":true,"href":"https:\/\/now-news.de\/de\/wp-json\/wp\/v2\/tags?post=63271"}],"curies":[{"name":"wp","href":"https:\/\/api.w.org\/{rel}","templated":true}]}}