{"id":6284,"date":"2022-05-02T18:42:06","date_gmt":"2022-05-02T16:42:06","guid":{"rendered":"http:\/\/just-now.news\/de\/great-reset\/greatvideos\/allocution-speciale-de-donald-j-trump-president-des-etats-unis-damerique-i-davos-2020\/"},"modified":"2022-05-02T18:42:06","modified_gmt":"2022-05-02T16:42:06","slug":"allocution-speciale-de-donald-j-trump-president-des-etats-unis-damerique-i-davos-2020","status":"publish","type":"post","link":"https:\/\/now-news.de\/de\/great-reset\/greatvideos\/allocution-speciale-de-donald-j-trump-president-des-etats-unis-damerique-i-davos-2020\/","title":{"rendered":"Allocution sp\u00e9ciale de Donald J. Trump, pr\u00e9sident des \u00c9tats-Unis d&#39;Am\u00e9rique I DAVOS 2020"},"content":{"rendered":"<p><iframe loading=\"lazy\"  width=\"580\" height=\"385\" src=\"https:\/\/www.youtube.com\/embed\/31v-gBXiuVg?modestbranding=1\" frameborder=\"0\" allowfullscreen><\/iframe><br \/>\n<br \/>Allocution sp\u00e9ciale de Donald J. Trump, pr\u00e9sident des \u00c9tats-Unis d&#8217;Am\u00e9rique<\/p>\n<p>Intervenants : Pr\u00e9sident Donald J. Trump, Klaus Schwab<\/p>\n<p>www.weforum.org<\/p>\n<p>Le Forum \u00e9conomique mondial est l&#8217;Organisation internationale de coop\u00e9ration public-priv\u00e9. Le Forum engage les principaux dirigeants politiques, commerciaux, culturels et autres de la soci\u00e9t\u00e9 \u00e0 fa\u00e7onner les programmes mondiaux, r\u00e9gionaux et industriels. Nous pensons que le progr\u00e8s se produit en r\u00e9unissant des personnes de tous horizons qui ont la volont\u00e9 et l&#8217;influence n\u00e9cessaires pour apporter des changements positifs.<\/p>\n<p>&#8212;&#8212;&#8212;&#8212;&#8212;&#8211;<\/p>\n<p>Le pr\u00e9sident Donald J. Trump<br \/>\nPr\u00e9sident des \u00c9tats-Unis d&#8217;Am\u00e9rique, Bureau du pr\u00e9sident des \u00c9tats-Unis<\/p>\n<p>Klaus Schwab<br \/>\nFondateur et pr\u00e9sident ex\u00e9cutif, Forum \u00e9conomique mondial<\/p>\n<div class=\"jeg_video_container jeg_video_content\"><iframe loading=\"lazy\" title=\"Special Address by Donald J. Trump, President of the United States of America | Davos 2020\" width=\"500\" height=\"281\" src=\"https:\/\/www.youtube.com\/embed\/Yt86DUXju1k?feature=oembed\" frameborder=\"0\" allow=\"accelerometer; autoplay; clipboard-write; encrypted-media; gyroscope; picture-in-picture; web-share\" referrerpolicy=\"strict-origin-when-cross-origin\" allowfullscreen><\/iframe><\/div>\n<p><a href=\"https:\/\/www.youtube.com\/watch?v=31v-gBXiuVg\">source<\/a><\/p>\n","protected":false},"excerpt":{"rendered":"<p>Allocution sp\u00e9ciale de Donald J. Trump, pr\u00e9sident des \u00c9tats-Unis d&#8217;Am\u00e9rique Intervenants : Pr\u00e9sident Donald J. Trump, Klaus Schwab www.weforum.org Le Forum \u00e9conomique mondial est l&#8217;Organisation internationale de coop\u00e9ration public-priv\u00e9. Le Forum engage les principaux dirigeants politiques, commerciaux, culturels et autres de la soci\u00e9t\u00e9 \u00e0 fa\u00e7onner les programmes mondiaux, r\u00e9gionaux et industriels. Nous pensons que le [&hellip;]<\/p>\n","protected":false},"author":5,"featured_media":6285,"comment_status":"open","ping_status":"open","sticky":false,"template":"","format":"standard","meta":{"_oembed_4c01d7cd9ea194b15e5f4f6574458be4":["<iframe title=\"Special Address by Donald J. Trump, President of the United States of America | Davos 2020\" width=\"500\" height=\"281\" src=\"https:\/\/www.youtube.com\/embed\/Yt86DUXju1k?feature=oembed\" frameborder=\"0\" allow=\"accelerometer; autoplay; clipboard-write; encrypted-media; gyroscope; picture-in-picture\" allowfullscreen><\/iframe>"],"_oembed_time_4c01d7cd9ea194b15e5f4f6574458be4":["1651551228"],"wp_automatic_camp":["168"],"d496a9c68b7311a9abd85df5b578f4c1":["Allocution sp\u00e9ciale de Donald J. Trump, pr\u00e9sident des \u00c9tats-Unis d&#39;Am\u00e9rique I DAVOS 2020"],"original_link":["https:\/\/www.youtube.com\/watch?v=31v-gBXiuVg"],"_thumbnail_id":["6285"],"wp_automatic_remove_first_image":["yes"],"jnews_social_counter_last_update":["1777120533"],"_oembed_364cbaff9d3cccb833e199b103f9b56b":["<iframe title=\"Special Address by Donald J. Trump, President of the United States of America | Davos 2020\" width=\"500\" height=\"281\" src=\"https:\/\/www.youtube.com\/embed\/Yt86DUXju1k?feature=oembed\" frameborder=\"0\" allow=\"accelerometer; autoplay; clipboard-write; encrypted-media; gyroscope; picture-in-picture; web-share\" referrerpolicy=\"strict-origin-when-cross-origin\" allowfullscreen><\/iframe>"],"_oembed_time_364cbaff9d3cccb833e199b103f9b56b":["1717834516"]},"categories":[53],"tags":[17333,17336,92,583,3129,17335,392,17334,1639],"yoast_head":"<!-- This site is optimized with the Yoast SEO Premium plugin v22.7 (Yoast SEO v22.7) - https:\/\/yoast.com\/wordpress\/plugins\/seo\/ -->\n<title>Allocution sp\u00e9ciale de Donald J. Trump, pr\u00e9sident des \u00c9tats-Unis d&#039;Am\u00e9rique I DAVOS 2020 - just-now.NEWS Deutschland<\/title>\n<meta name=\"robots\" content=\"index, follow, max-snippet:-1, max-image-preview:large, max-video-preview:-1\" \/>\n<link rel=\"canonical\" href=\"https:\/\/now-news.de\/de\/great-reset\/greatvideos\/allocution-speciale-de-donald-j-trump-president-des-etats-unis-damerique-i-davos-2020\/\" \/>\n<meta property=\"og:locale\" content=\"de_DE\" \/>\n<meta property=\"og:type\" content=\"article\" \/>\n<meta property=\"og:title\" content=\"Allocution sp\u00e9ciale de Donald J. Trump, pr\u00e9sident des \u00c9tats-Unis d&#039;Am\u00e9rique I DAVOS 2020\" \/>\n<meta property=\"og:description\" content=\"Allocution sp\u00e9ciale de Donald J. Trump, pr\u00e9sident des \u00c9tats-Unis d&#8217;Am\u00e9rique Intervenants : Pr\u00e9sident Donald J. Trump, Klaus Schwab www.weforum.org Le Forum \u00e9conomique mondial est l&#8217;Organisation internationale de coop\u00e9ration public-priv\u00e9. Le Forum engage les principaux dirigeants politiques, commerciaux, culturels et autres de la soci\u00e9t\u00e9 \u00e0 fa\u00e7onner les programmes mondiaux, r\u00e9gionaux et industriels. Nous pensons que le [&hellip;]\" \/>\n<meta property=\"og:url\" content=\"https:\/\/now-news.de\/de\/great-reset\/greatvideos\/allocution-speciale-de-donald-j-trump-president-des-etats-unis-damerique-i-davos-2020\/\" \/>\n<meta property=\"og:site_name\" content=\"just-now.NEWS Deutschland\" \/>\n<meta property=\"article:publisher\" content=\"https:\/\/www.facebook.com\/wirmachenauf\" \/>\n<meta property=\"article:published_time\" content=\"2022-05-02T16:42:06+00:00\" \/>\n<meta property=\"og:image\" content=\"https:\/\/now-news.de\/de\/wp-content\/uploads\/sites\/3\/2022\/05\/Allocution-speciale-de-Donald-J-Trump-president-des-Etats-Unis-d39Amerique.jpg\" \/>\n\t<meta property=\"og:image:width\" content=\"1280\" \/>\n\t<meta property=\"og:image:height\" content=\"720\" \/>\n\t<meta property=\"og:image:type\" content=\"image\/jpeg\" \/>\n<meta name=\"author\" content=\"greatreset\" \/>\n<meta name=\"twitter:card\" content=\"summary_large_image\" \/>\n<meta name=\"twitter:creator\" content=\"@WirMachenAuf_de\" \/>\n<meta name=\"twitter:site\" content=\"@WirMachenAuf_de\" \/>\n<meta name=\"twitter:label1\" content=\"Verfasst von\" \/>\n\t<meta name=\"twitter:data1\" content=\"greatreset\" \/>\n\t<meta name=\"twitter:label2\" content=\"Gesch\u00e4tzte Lesezeit\" \/>\n\t<meta name=\"twitter:data2\" content=\"1\u00a0Minute\" \/>\n<script type=\"application\/ld+json\" class=\"yoast-schema-graph\">{\"@context\":\"https:\/\/schema.org\",\"@graph\":[{\"@type\":\"Article\",\"@id\":\"https:\/\/now-news.de\/de\/great-reset\/greatvideos\/allocution-speciale-de-donald-j-trump-president-des-etats-unis-damerique-i-davos-2020\/#article\",\"isPartOf\":{\"@id\":\"https:\/\/now-news.de\/de\/great-reset\/greatvideos\/allocution-speciale-de-donald-j-trump-president-des-etats-unis-damerique-i-davos-2020\/\"},\"author\":{\"name\":\"greatreset\",\"@id\":\"https:\/\/now-news.de\/de\/#\/schema\/person\/8afb4cd92b68572db7902c13a349ffcb\"},\"headline\":\"Allocution sp\u00e9ciale de Donald J. Trump, pr\u00e9sident des \u00c9tats-Unis d&#39;Am\u00e9rique I DAVOS 2020\",\"datePublished\":\"2022-05-02T16:42:06+00:00\",\"dateModified\":\"2022-05-02T16:42:06+00:00\",\"mainEntityOfPage\":{\"@id\":\"https:\/\/now-news.de\/de\/great-reset\/greatvideos\/allocution-speciale-de-donald-j-trump-president-des-etats-unis-damerique-i-davos-2020\/\"},\"wordCount\":145,\"commentCount\":0,\"publisher\":{\"@id\":\"https:\/\/now-news.de\/de\/#organization\"},\"image\":{\"@id\":\"https:\/\/now-news.de\/de\/great-reset\/greatvideos\/allocution-speciale-de-donald-j-trump-president-des-etats-unis-damerique-i-davos-2020\/#primaryimage\"},\"thumbnailUrl\":\"https:\/\/now-news.de\/de\/wp-content\/uploads\/sites\/3\/2022\/05\/Allocution-speciale-de-Donald-J-Trump-president-des-Etats-Unis-d39Amerique.jpg\",\"keywords\":[\"Allocution\",\"d39Am\u00e9rique\",\"Davos\",\"des\",\"Donald\",\"\u00c9tatsUnis\",\"President\",\"sp\u00e9ciale\",\"trump\"],\"articleSection\":[\"GreatVideos\"],\"inLanguage\":\"de\",\"potentialAction\":[{\"@type\":\"CommentAction\",\"name\":\"Comment\",\"target\":[\"https:\/\/now-news.de\/de\/great-reset\/greatvideos\/allocution-speciale-de-donald-j-trump-president-des-etats-unis-damerique-i-davos-2020\/#respond\"]}]},{\"@type\":\"WebPage\",\"@id\":\"https:\/\/now-news.de\/de\/great-reset\/greatvideos\/allocution-speciale-de-donald-j-trump-president-des-etats-unis-damerique-i-davos-2020\/\",\"url\":\"https:\/\/now-news.de\/de\/great-reset\/greatvideos\/allocution-speciale-de-donald-j-trump-president-des-etats-unis-damerique-i-davos-2020\/\",\"name\":\"Allocution sp\u00e9ciale de Donald J. Trump, pr\u00e9sident des \u00c9tats-Unis d&#39;Am\u00e9rique I DAVOS 2020 - just-now.NEWS Deutschland\",\"isPartOf\":{\"@id\":\"https:\/\/now-news.de\/de\/#website\"},\"primaryImageOfPage\":{\"@id\":\"https:\/\/now-news.de\/de\/great-reset\/greatvideos\/allocution-speciale-de-donald-j-trump-president-des-etats-unis-damerique-i-davos-2020\/#primaryimage\"},\"image\":{\"@id\":\"https:\/\/now-news.de\/de\/great-reset\/greatvideos\/allocution-speciale-de-donald-j-trump-president-des-etats-unis-damerique-i-davos-2020\/#primaryimage\"},\"thumbnailUrl\":\"https:\/\/now-news.de\/de\/wp-content\/uploads\/sites\/3\/2022\/05\/Allocution-speciale-de-Donald-J-Trump-president-des-Etats-Unis-d39Amerique.jpg\",\"datePublished\":\"2022-05-02T16:42:06+00:00\",\"dateModified\":\"2022-05-02T16:42:06+00:00\",\"breadcrumb\":{\"@id\":\"https:\/\/now-news.de\/de\/great-reset\/greatvideos\/allocution-speciale-de-donald-j-trump-president-des-etats-unis-damerique-i-davos-2020\/#breadcrumb\"},\"inLanguage\":\"de\",\"potentialAction\":[{\"@type\":\"ReadAction\",\"target\":[\"https:\/\/now-news.de\/de\/great-reset\/greatvideos\/allocution-speciale-de-donald-j-trump-president-des-etats-unis-damerique-i-davos-2020\/\"]}]},{\"@type\":\"ImageObject\",\"inLanguage\":\"de\",\"@id\":\"https:\/\/now-news.de\/de\/great-reset\/greatvideos\/allocution-speciale-de-donald-j-trump-president-des-etats-unis-damerique-i-davos-2020\/#primaryimage\",\"url\":\"https:\/\/now-news.de\/de\/wp-content\/uploads\/sites\/3\/2022\/05\/Allocution-speciale-de-Donald-J-Trump-president-des-Etats-Unis-d39Amerique.jpg\",\"contentUrl\":\"https:\/\/now-news.de\/de\/wp-content\/uploads\/sites\/3\/2022\/05\/Allocution-speciale-de-Donald-J-Trump-president-des-Etats-Unis-d39Amerique.jpg\",\"width\":1280,\"height\":720},{\"@type\":\"BreadcrumbList\",\"@id\":\"https:\/\/now-news.de\/de\/great-reset\/greatvideos\/allocution-speciale-de-donald-j-trump-president-des-etats-unis-damerique-i-davos-2020\/#breadcrumb\",\"itemListElement\":[{\"@type\":\"ListItem\",\"position\":1,\"name\":\"Home\",\"item\":\"https:\/\/now-news.de\/de\/\"},{\"@type\":\"ListItem\",\"position\":2,\"name\":\"Allocution sp\u00e9ciale de Donald J. Trump, pr\u00e9sident des \u00c9tats-Unis d&#39;Am\u00e9rique I DAVOS 2020\"}]},{\"@type\":\"WebSite\",\"@id\":\"https:\/\/now-news.de\/de\/#website\",\"url\":\"https:\/\/now-news.de\/de\/\",\"name\":\"just-now.NEWS Deutschland\",\"description\":\"Das Portal f\u00fcr unzensierte Nachrichten aus der Welt\",\"publisher\":{\"@id\":\"https:\/\/now-news.de\/de\/#organization\"},\"potentialAction\":[{\"@type\":\"SearchAction\",\"target\":{\"@type\":\"EntryPoint\",\"urlTemplate\":\"https:\/\/now-news.de\/de\/?s={search_term_string}\"},\"query-input\":\"required name=search_term_string\"}],\"inLanguage\":\"de\"},{\"@type\":\"Organization\",\"@id\":\"https:\/\/now-news.de\/de\/#organization\",\"name\":\"Just Now News\",\"url\":\"https:\/\/now-news.de\/de\/\",\"logo\":{\"@type\":\"ImageObject\",\"inLanguage\":\"de\",\"@id\":\"https:\/\/now-news.de\/de\/#\/schema\/logo\/image\/\",\"url\":\"http:\/\/just-now.news\/de\/wp-content\/uploads\/sites\/3\/2022\/04\/logo500x500.jpg\",\"contentUrl\":\"http:\/\/just-now.news\/de\/wp-content\/uploads\/sites\/3\/2022\/04\/logo500x500.jpg\",\"width\":500,\"height\":500,\"caption\":\"Just Now News\"},\"image\":{\"@id\":\"https:\/\/now-news.de\/de\/#\/schema\/logo\/image\/\"},\"sameAs\":[\"https:\/\/www.facebook.com\/wirmachenauf\",\"https:\/\/x.com\/WirMachenAuf_de\"]},{\"@type\":\"Person\",\"@id\":\"https:\/\/now-news.de\/de\/#\/schema\/person\/8afb4cd92b68572db7902c13a349ffcb\",\"name\":\"greatreset\",\"image\":{\"@type\":\"ImageObject\",\"inLanguage\":\"de\",\"@id\":\"https:\/\/now-news.de\/de\/#\/schema\/person\/image\/\",\"url\":\"https:\/\/secure.gravatar.com\/avatar\/a088df625d49991c090e78c8b9542592?s=96&d=mm&r=g\",\"contentUrl\":\"https:\/\/secure.gravatar.com\/avatar\/a088df625d49991c090e78c8b9542592?s=96&d=mm&r=g\",\"caption\":\"greatreset\"},\"url\":\"https:\/\/now-news.de\/de\/author\/greatreset\/\"}]}<\/script>\n<!-- \/ Yoast SEO Premium plugin. -->","yoast_head_json":{"title":"Allocution sp\u00e9ciale de Donald J. Trump, pr\u00e9sident des \u00c9tats-Unis d&#39;Am\u00e9rique I DAVOS 2020 - just-now.NEWS Deutschland","robots":{"index":"index","follow":"follow","max-snippet":"max-snippet:-1","max-image-preview":"max-image-preview:large","max-video-preview":"max-video-preview:-1"},"canonical":"https:\/\/now-news.de\/de\/great-reset\/greatvideos\/allocution-speciale-de-donald-j-trump-president-des-etats-unis-damerique-i-davos-2020\/","og_locale":"de_DE","og_type":"article","og_title":"Allocution sp\u00e9ciale de Donald J. Trump, pr\u00e9sident des \u00c9tats-Unis d&#39;Am\u00e9rique I DAVOS 2020","og_description":"Allocution sp\u00e9ciale de Donald J. Trump, pr\u00e9sident des \u00c9tats-Unis d&#8217;Am\u00e9rique Intervenants : Pr\u00e9sident Donald J. Trump, Klaus Schwab www.weforum.org Le Forum \u00e9conomique mondial est l&#8217;Organisation internationale de coop\u00e9ration public-priv\u00e9. Le Forum engage les principaux dirigeants politiques, commerciaux, culturels et autres de la soci\u00e9t\u00e9 \u00e0 fa\u00e7onner les programmes mondiaux, r\u00e9gionaux et industriels. Nous pensons que le [&hellip;]","og_url":"https:\/\/now-news.de\/de\/great-reset\/greatvideos\/allocution-speciale-de-donald-j-trump-president-des-etats-unis-damerique-i-davos-2020\/","og_site_name":"just-now.NEWS Deutschland","article_publisher":"https:\/\/www.facebook.com\/wirmachenauf","article_published_time":"2022-05-02T16:42:06+00:00","og_image":[{"width":1280,"height":720,"url":"https:\/\/now-news.de\/de\/wp-content\/uploads\/sites\/3\/2022\/05\/Allocution-speciale-de-Donald-J-Trump-president-des-Etats-Unis-d39Amerique.jpg","type":"image\/jpeg"}],"author":"greatreset","twitter_card":"summary_large_image","twitter_creator":"@WirMachenAuf_de","twitter_site":"@WirMachenAuf_de","twitter_misc":{"Verfasst von":"greatreset","Gesch\u00e4tzte Lesezeit":"1\u00a0Minute"},"schema":{"@context":"https:\/\/schema.org","@graph":[{"@type":"Article","@id":"https:\/\/now-news.de\/de\/great-reset\/greatvideos\/allocution-speciale-de-donald-j-trump-president-des-etats-unis-damerique-i-davos-2020\/#article","isPartOf":{"@id":"https:\/\/now-news.de\/de\/great-reset\/greatvideos\/allocution-speciale-de-donald-j-trump-president-des-etats-unis-damerique-i-davos-2020\/"},"author":{"name":"greatreset","@id":"https:\/\/now-news.de\/de\/#\/schema\/person\/8afb4cd92b68572db7902c13a349ffcb"},"headline":"Allocution sp\u00e9ciale de Donald J. Trump, pr\u00e9sident des \u00c9tats-Unis d&#39;Am\u00e9rique I DAVOS 2020","datePublished":"2022-05-02T16:42:06+00:00","dateModified":"2022-05-02T16:42:06+00:00","mainEntityOfPage":{"@id":"https:\/\/now-news.de\/de\/great-reset\/greatvideos\/allocution-speciale-de-donald-j-trump-president-des-etats-unis-damerique-i-davos-2020\/"},"wordCount":145,"commentCount":0,"publisher":{"@id":"https:\/\/now-news.de\/de\/#organization"},"image":{"@id":"https:\/\/now-news.de\/de\/great-reset\/greatvideos\/allocution-speciale-de-donald-j-trump-president-des-etats-unis-damerique-i-davos-2020\/#primaryimage"},"thumbnailUrl":"https:\/\/now-news.de\/de\/wp-content\/uploads\/sites\/3\/2022\/05\/Allocution-speciale-de-Donald-J-Trump-president-des-Etats-Unis-d39Amerique.jpg","keywords":["Allocution","d39Am\u00e9rique","Davos","des","Donald","\u00c9tatsUnis","President","sp\u00e9ciale","trump"],"articleSection":["GreatVideos"],"inLanguage":"de","potentialAction":[{"@type":"CommentAction","name":"Comment","target":["https:\/\/now-news.de\/de\/great-reset\/greatvideos\/allocution-speciale-de-donald-j-trump-president-des-etats-unis-damerique-i-davos-2020\/#respond"]}]},{"@type":"WebPage","@id":"https:\/\/now-news.de\/de\/great-reset\/greatvideos\/allocution-speciale-de-donald-j-trump-president-des-etats-unis-damerique-i-davos-2020\/","url":"https:\/\/now-news.de\/de\/great-reset\/greatvideos\/allocution-speciale-de-donald-j-trump-president-des-etats-unis-damerique-i-davos-2020\/","name":"Allocution sp\u00e9ciale de Donald J. Trump, pr\u00e9sident des \u00c9tats-Unis d&#39;Am\u00e9rique I DAVOS 2020 - just-now.NEWS Deutschland","isPartOf":{"@id":"https:\/\/now-news.de\/de\/#website"},"primaryImageOfPage":{"@id":"https:\/\/now-news.de\/de\/great-reset\/greatvideos\/allocution-speciale-de-donald-j-trump-president-des-etats-unis-damerique-i-davos-2020\/#primaryimage"},"image":{"@id":"https:\/\/now-news.de\/de\/great-reset\/greatvideos\/allocution-speciale-de-donald-j-trump-president-des-etats-unis-damerique-i-davos-2020\/#primaryimage"},"thumbnailUrl":"https:\/\/now-news.de\/de\/wp-content\/uploads\/sites\/3\/2022\/05\/Allocution-speciale-de-Donald-J-Trump-president-des-Etats-Unis-d39Amerique.jpg","datePublished":"2022-05-02T16:42:06+00:00","dateModified":"2022-05-02T16:42:06+00:00","breadcrumb":{"@id":"https:\/\/now-news.de\/de\/great-reset\/greatvideos\/allocution-speciale-de-donald-j-trump-president-des-etats-unis-damerique-i-davos-2020\/#breadcrumb"},"inLanguage":"de","potentialAction":[{"@type":"ReadAction","target":["https:\/\/now-news.de\/de\/great-reset\/greatvideos\/allocution-speciale-de-donald-j-trump-president-des-etats-unis-damerique-i-davos-2020\/"]}]},{"@type":"ImageObject","inLanguage":"de","@id":"https:\/\/now-news.de\/de\/great-reset\/greatvideos\/allocution-speciale-de-donald-j-trump-president-des-etats-unis-damerique-i-davos-2020\/#primaryimage","url":"https:\/\/now-news.de\/de\/wp-content\/uploads\/sites\/3\/2022\/05\/Allocution-speciale-de-Donald-J-Trump-president-des-Etats-Unis-d39Amerique.jpg","contentUrl":"https:\/\/now-news.de\/de\/wp-content\/uploads\/sites\/3\/2022\/05\/Allocution-speciale-de-Donald-J-Trump-president-des-Etats-Unis-d39Amerique.jpg","width":1280,"height":720},{"@type":"BreadcrumbList","@id":"https:\/\/now-news.de\/de\/great-reset\/greatvideos\/allocution-speciale-de-donald-j-trump-president-des-etats-unis-damerique-i-davos-2020\/#breadcrumb","itemListElement":[{"@type":"ListItem","position":1,"name":"Home","item":"https:\/\/now-news.de\/de\/"},{"@type":"ListItem","position":2,"name":"Allocution sp\u00e9ciale de Donald J. Trump, pr\u00e9sident des \u00c9tats-Unis d&#39;Am\u00e9rique I DAVOS 2020"}]},{"@type":"WebSite","@id":"https:\/\/now-news.de\/de\/#website","url":"https:\/\/now-news.de\/de\/","name":"just-now.NEWS Deutschland","description":"Das Portal f\u00fcr unzensierte Nachrichten aus der Welt","publisher":{"@id":"https:\/\/now-news.de\/de\/#organization"},"potentialAction":[{"@type":"SearchAction","target":{"@type":"EntryPoint","urlTemplate":"https:\/\/now-news.de\/de\/?s={search_term_string}"},"query-input":"required name=search_term_string"}],"inLanguage":"de"},{"@type":"Organization","@id":"https:\/\/now-news.de\/de\/#organization","name":"Just Now News","url":"https:\/\/now-news.de\/de\/","logo":{"@type":"ImageObject","inLanguage":"de","@id":"https:\/\/now-news.de\/de\/#\/schema\/logo\/image\/","url":"http:\/\/just-now.news\/de\/wp-content\/uploads\/sites\/3\/2022\/04\/logo500x500.jpg","contentUrl":"http:\/\/just-now.news\/de\/wp-content\/uploads\/sites\/3\/2022\/04\/logo500x500.jpg","width":500,"height":500,"caption":"Just Now News"},"image":{"@id":"https:\/\/now-news.de\/de\/#\/schema\/logo\/image\/"},"sameAs":["https:\/\/www.facebook.com\/wirmachenauf","https:\/\/x.com\/WirMachenAuf_de"]},{"@type":"Person","@id":"https:\/\/now-news.de\/de\/#\/schema\/person\/8afb4cd92b68572db7902c13a349ffcb","name":"greatreset","image":{"@type":"ImageObject","inLanguage":"de","@id":"https:\/\/now-news.de\/de\/#\/schema\/person\/image\/","url":"https:\/\/secure.gravatar.com\/avatar\/a088df625d49991c090e78c8b9542592?s=96&d=mm&r=g","contentUrl":"https:\/\/secure.gravatar.com\/avatar\/a088df625d49991c090e78c8b9542592?s=96&d=mm&r=g","caption":"greatreset"},"url":"https:\/\/now-news.de\/de\/author\/greatreset\/"}]}},"_links":{"self":[{"href":"https:\/\/now-news.de\/de\/wp-json\/wp\/v2\/posts\/6284"}],"collection":[{"href":"https:\/\/now-news.de\/de\/wp-json\/wp\/v2\/posts"}],"about":[{"href":"https:\/\/now-news.de\/de\/wp-json\/wp\/v2\/types\/post"}],"author":[{"embeddable":true,"href":"https:\/\/now-news.de\/de\/wp-json\/wp\/v2\/users\/5"}],"replies":[{"embeddable":true,"href":"https:\/\/now-news.de\/de\/wp-json\/wp\/v2\/comments?post=6284"}],"version-history":[{"count":0,"href":"https:\/\/now-news.de\/de\/wp-json\/wp\/v2\/posts\/6284\/revisions"}],"wp:featuredmedia":[{"embeddable":true,"href":"https:\/\/now-news.de\/de\/wp-json\/wp\/v2\/media\/6285"}],"wp:attachment":[{"href":"https:\/\/now-news.de\/de\/wp-json\/wp\/v2\/media?parent=6284"}],"wp:term":[{"taxonomy":"category","embeddable":true,"href":"https:\/\/now-news.de\/de\/wp-json\/wp\/v2\/categories?post=6284"},{"taxonomy":"post_tag","embeddable":true,"href":"https:\/\/now-news.de\/de\/wp-json\/wp\/v2\/tags?post=6284"}],"curies":[{"name":"wp","href":"https:\/\/api.w.org\/{rel}","templated":true}]}}