{"id":62712,"date":"2024-06-21T18:56:44","date_gmt":"2024-06-21T16:56:44","guid":{"rendered":"https:\/\/now-news.de\/de\/deutschland\/der-europaeische-zug-faehrt-in-richtung-krieg-%e2%80%92-orban-kuendigt-nato-militaermission-in-der-ukraine-an\/"},"modified":"2024-06-21T18:56:44","modified_gmt":"2024-06-21T16:56:44","slug":"der-europaeische-zug-faehrt-in-richtung-krieg-%e2%80%92-orban-kuendigt-nato-militaermission-in-der-ukraine-an","status":"publish","type":"post","link":"https:\/\/now-news.de\/de\/deutschland\/der-europaeische-zug-faehrt-in-richtung-krieg-%e2%80%92-orban-kuendigt-nato-militaermission-in-der-ukraine-an\/","title":{"rendered":"&quot;Der europ\u00e4ische Zug f\u00e4hrt in Richtung Krieg&quot; \u2012 Orb\u00e1n k\u00fcndigt NATO-Milit\u00e4rmission in der Ukraine an"},"content":{"rendered":"<p><img decoding=\"async\" src=\"https:\/\/now-news.de\/de\/wp-content\/uploads\/sites\/3\/2024\/06\/6675a57548fbef74032ae016.jpg\" \/><\/p>\n<div class=\"Text-root Text-type_1 \">\n                Die NATO wird eine Milit\u00e4rmission in der Ukraine abhalten, wobei sich Ungarn geweigert hat, daran teilzunehmen, so Ministerpr\u00e4sident Viktor Orb\u00e1n. Der Kreml warnte vor einem unvermeidlichen Zusammensto\u00df, sollte ein NATO-Kontingent in der Konfliktzone erscheinen.\n            <\/div>\n<p><\/p>\n<div class=\"Text-root Text-type_5 ArticleView-text ViewText-root \">\n<p>Die NATO plant einen Milit\u00e4reinsatz in der Ukraine, an dem sich Ungarn aber nicht beteiligen wird, <a rel=\"nofollow noopener\" target=\"_blank\" href=\"https:\/\/mediaklikk.hu\/miniszterelnoki-interjuk\/cikk\/2024\/06\/21\/orban-viktor-miniszterelnoki-interju-jo-reggelt-magyarorszag-junius-21\">sagte<\/a> der ungarische Ministerpr\u00e4sident Viktor Orb\u00e1n\u00a0gegen\u00fcber dem\u00a0Radiosender<em> Kossuth<\/em>. Er erkl\u00e4rte:<strong><\/strong><\/p>\n<blockquote>\n<p><em>&#8220;Es ist hoffnungslos und es wird ein so hoher Preis daf\u00fcr zu zahlen sein, dass es sich nicht lohnt.&#8221;<\/em><\/p>\n<\/blockquote>\n<p>Ungarns Ministerpr\u00e4sident sagte, er habe mit NATO-Generalsekret\u00e4r Jens Stoltenberg vereinbart, dass sich Ungarn nicht an der Milit\u00e4rmission der Allianz beteiligen werde. Er teilte mit:<\/p>\n<blockquote>\n<p><em>&#8220;Der europ\u00e4ische Zug f\u00e4hrt in Richtung Krieg. Wenn unsere Regierung die Menschen bei den Wahlen zum Europ\u00e4ischen Parlament unterst\u00fctzt, kann ich die Notbremse ziehen, der Zug wird anhalten und die Ungarn k\u00f6nnen aussteigen. Wenn die Sterne gut stehen, kann ich den Lokf\u00fchrer \u00fcberzeugen und niemand wird mehr weiterfahren.&#8221;<\/em><\/p>\n<\/blockquote>\n<p>Orb\u00e1n f\u00fcgte hinzu, nur Donald Trump sei in der Lage, &#8220;den Kriegszug zu stoppen&#8221;, wenn er die US-Pr\u00e4sidentschaftswahlen im November 2024 gewinnt.<\/p>\n<p>Die Einrichtung einer B\u00fcndnismission zur Ukraine wurde von Polen im April angek\u00fcndigt. Laut dem polnischen Au\u00dfenminister Rados\u0142aw Sikorski geht es dabei nicht darum, in den Konflikt einzutreten, sondern in erster Linie um die Ausbildung ukrainischer Soldaten.<\/p>\n<p>Der Ministerpr\u00e4sident lehnt Milit\u00e4rhilfe f\u00fcr Kiew ab und kritisiert das Vorgehen der westlichen L\u00e4nder in dem Konflikt. Vor allem Ungarn ist inzwischen das einzige EU-Land, das die Bereitstellung von Geldern f\u00fcr die Ukraine blockiert. Laut Orb\u00e1n w\u00fcrde eine Einmischung in den Konflikt &#8220;Europa zerst\u00f6ren&#8221;.<\/p>\n<p>Stoltenberg sprach von einer Zusage Orb\u00e1ns, die Unterst\u00fctzung der NATO f\u00fcr die Ukraine nicht zu blockieren.<\/p>\n<p>Moskau verurteilt jegliche Hilfe f\u00fcr Kiew. Der Kreml warnte, das Auftauchen von NATO-Milit\u00e4r in der Ukraine w\u00fcrde einen Konflikt zwischen der Allianz und Russland unvermeidlich machen.<\/p>\n<p><strong>Mehr zum Thema<\/strong>\u00a0\u2012 <a rel=\"nofollow noopener\" target=\"_blank\" href=\"https:\/\/freedert.online\/inland\/209188-fuer-ukraine-einsatz-nato-baut\/\">F\u00fcr Ukraine-Einsatz: NATO baut Hauptquartier in Deutschland auf<\/a><\/p>\n<\/div>\n<p><br \/>\n<br \/><a href=\"https:\/\/de.rt.com\/europa\/209948-europaeische-zug-faehrt-in-richtung\/\">Source link <\/a><\/p>\n","protected":false},"excerpt":{"rendered":"<p>Die NATO wird eine Milit\u00e4rmission in der Ukraine abhalten, wobei sich Ungarn geweigert hat, daran teilzunehmen, so Ministerpr\u00e4sident Viktor Orb\u00e1n. Der Kreml warnte vor einem unvermeidlichen Zusammensto\u00df, sollte ein NATO-Kontingent in der Konfliktzone erscheinen. Die NATO plant einen Milit\u00e4reinsatz in der Ukraine, an dem sich Ungarn aber nicht beteiligen wird, sagte der ungarische Ministerpr\u00e4sident Viktor [&hellip;]<\/p>\n","protected":false},"author":3,"featured_media":62713,"comment_status":"open","ping_status":"open","sticky":false,"template":"","format":"standard","meta":{"_yoast_indexnow_last_ping":["1718989604"],"wp_automatic_camp":["217"],"2c9b8b57f539b813bfc5274e5a17c28c":["&quot;Der europ\u00e4ische Zug f\u00e4hrt in Richtung Krieg&quot; \u2012 Orb\u00e1n k\u00fcndigt NATO-Milit\u00e4rmission in der Ukraine an"],"original_link":["https:\/\/de.rt.com\/europa\/209948-europaeische-zug-faehrt-in-richtung\/"],"_thumbnail_id":["62713"],"_wptgpro_p2tg_sent2tg":["a:1:{i:23737;s:19:\"2024-06-21 19:07:47\";}"],"jnews_social_counter_last_update":["1777570526"]},"categories":[19,23],"tags":[82,21307,23575,18890,4224,55941,6397,1174,18802,127,25978],"yoast_head":"<!-- This site is optimized with the Yoast SEO Premium plugin v22.7 (Yoast SEO v22.7) - https:\/\/yoast.com\/wordpress\/plugins\/seo\/ -->\n<title>&quot;Der europ\u00e4ische Zug f\u00e4hrt in Richtung Krieg&quot; \u2012 Orb\u00e1n k\u00fcndigt NATO-Milit\u00e4rmission in der Ukraine an - just-now.NEWS Deutschland<\/title>\n<meta name=\"robots\" content=\"index, follow, max-snippet:-1, max-image-preview:large, max-video-preview:-1\" \/>\n<link rel=\"canonical\" href=\"https:\/\/now-news.de\/de\/deutschland\/der-europaeische-zug-faehrt-in-richtung-krieg-\u2012-orban-kuendigt-nato-militaermission-in-der-ukraine-an\/\" \/>\n<meta property=\"og:locale\" content=\"de_DE\" \/>\n<meta property=\"og:type\" content=\"article\" \/>\n<meta property=\"og:title\" content=\"&quot;Der europ\u00e4ische Zug f\u00e4hrt in Richtung Krieg&quot; \u2012 Orb\u00e1n k\u00fcndigt NATO-Milit\u00e4rmission in der Ukraine an\" \/>\n<meta property=\"og:description\" content=\"Die NATO wird eine Milit\u00e4rmission in der Ukraine abhalten, wobei sich Ungarn geweigert hat, daran teilzunehmen, so Ministerpr\u00e4sident Viktor Orb\u00e1n. Der Kreml warnte vor einem unvermeidlichen Zusammensto\u00df, sollte ein NATO-Kontingent in der Konfliktzone erscheinen. Die NATO plant einen Milit\u00e4reinsatz in der Ukraine, an dem sich Ungarn aber nicht beteiligen wird, sagte der ungarische Ministerpr\u00e4sident Viktor [&hellip;]\" \/>\n<meta property=\"og:url\" content=\"https:\/\/now-news.de\/de\/deutschland\/der-europaeische-zug-faehrt-in-richtung-krieg-\u2012-orban-kuendigt-nato-militaermission-in-der-ukraine-an\/\" \/>\n<meta property=\"og:site_name\" content=\"just-now.NEWS Deutschland\" \/>\n<meta property=\"article:publisher\" content=\"https:\/\/www.facebook.com\/wirmachenauf\" \/>\n<meta property=\"article:published_time\" content=\"2024-06-21T16:56:44+00:00\" \/>\n<meta property=\"og:image\" content=\"https:\/\/now-news.de\/de\/wp-content\/uploads\/sites\/3\/2024\/06\/6675a57548fbef74032ae016.jpg\" \/>\n<meta name=\"author\" content=\"rtnews\" \/>\n<meta name=\"twitter:card\" content=\"summary_large_image\" \/>\n<meta name=\"twitter:creator\" content=\"@WirMachenAuf_de\" \/>\n<meta name=\"twitter:site\" content=\"@WirMachenAuf_de\" \/>\n<meta name=\"twitter:label1\" content=\"Verfasst von\" \/>\n\t<meta name=\"twitter:data1\" content=\"rtnews\" \/>\n\t<meta name=\"twitter:label2\" content=\"Gesch\u00e4tzte Lesezeit\" \/>\n\t<meta name=\"twitter:data2\" content=\"2\u00a0Minuten\" \/>\n<script type=\"application\/ld+json\" class=\"yoast-schema-graph\">{\"@context\":\"https:\/\/schema.org\",\"@graph\":[{\"@type\":\"Article\",\"@id\":\"https:\/\/now-news.de\/de\/deutschland\/der-europaeische-zug-faehrt-in-richtung-krieg-%e2%80%92-orban-kuendigt-nato-militaermission-in-der-ukraine-an\/#article\",\"isPartOf\":{\"@id\":\"https:\/\/now-news.de\/de\/deutschland\/der-europaeische-zug-faehrt-in-richtung-krieg-%e2%80%92-orban-kuendigt-nato-militaermission-in-der-ukraine-an\/\"},\"author\":{\"name\":\"rtnews\",\"@id\":\"https:\/\/now-news.de\/de\/#\/schema\/person\/fb534a4e865501d8b3285208df34a9b5\"},\"headline\":\"&quot;Der europ\u00e4ische Zug f\u00e4hrt in Richtung Krieg&quot; \u2012 Orb\u00e1n k\u00fcndigt NATO-Milit\u00e4rmission in der Ukraine an\",\"datePublished\":\"2024-06-21T16:56:44+00:00\",\"dateModified\":\"2024-06-21T16:56:44+00:00\",\"mainEntityOfPage\":{\"@id\":\"https:\/\/now-news.de\/de\/deutschland\/der-europaeische-zug-faehrt-in-richtung-krieg-%e2%80%92-orban-kuendigt-nato-militaermission-in-der-ukraine-an\/\"},\"wordCount\":371,\"commentCount\":0,\"publisher\":{\"@id\":\"https:\/\/now-news.de\/de\/#organization\"},\"image\":{\"@id\":\"https:\/\/now-news.de\/de\/deutschland\/der-europaeische-zug-faehrt-in-richtung-krieg-%e2%80%92-orban-kuendigt-nato-militaermission-in-der-ukraine-an\/#primaryimage\"},\"thumbnailUrl\":\"https:\/\/now-news.de\/de\/wp-content\/uploads\/sites\/3\/2024\/06\/quotDer-europaeische-Zug-faehrt-in-Richtung-Kriegquot-\u2012-Orban-kuendigt.jpg\",\"keywords\":[\"der\",\"europ\u00e4ische\",\"f\u00e4hrt\",\"Kriegquot\",\"k\u00fcndigt\",\"NATOMilit\u00e4rmission\",\"Orb\u00e1n\",\"quotDer\",\"Richtung\",\"ukraine\",\"Zug\"],\"articleSection\":[\"Deutschland\",\"Russland\"],\"inLanguage\":\"de\",\"potentialAction\":[{\"@type\":\"CommentAction\",\"name\":\"Comment\",\"target\":[\"https:\/\/now-news.de\/de\/deutschland\/der-europaeische-zug-faehrt-in-richtung-krieg-%e2%80%92-orban-kuendigt-nato-militaermission-in-der-ukraine-an\/#respond\"]}]},{\"@type\":\"WebPage\",\"@id\":\"https:\/\/now-news.de\/de\/deutschland\/der-europaeische-zug-faehrt-in-richtung-krieg-%e2%80%92-orban-kuendigt-nato-militaermission-in-der-ukraine-an\/\",\"url\":\"https:\/\/now-news.de\/de\/deutschland\/der-europaeische-zug-faehrt-in-richtung-krieg-%e2%80%92-orban-kuendigt-nato-militaermission-in-der-ukraine-an\/\",\"name\":\"&quot;Der europ\u00e4ische Zug f\u00e4hrt in Richtung Krieg&quot; \u2012 Orb\u00e1n k\u00fcndigt NATO-Milit\u00e4rmission in der Ukraine an - just-now.NEWS Deutschland\",\"isPartOf\":{\"@id\":\"https:\/\/now-news.de\/de\/#website\"},\"primaryImageOfPage\":{\"@id\":\"https:\/\/now-news.de\/de\/deutschland\/der-europaeische-zug-faehrt-in-richtung-krieg-%e2%80%92-orban-kuendigt-nato-militaermission-in-der-ukraine-an\/#primaryimage\"},\"image\":{\"@id\":\"https:\/\/now-news.de\/de\/deutschland\/der-europaeische-zug-faehrt-in-richtung-krieg-%e2%80%92-orban-kuendigt-nato-militaermission-in-der-ukraine-an\/#primaryimage\"},\"thumbnailUrl\":\"https:\/\/now-news.de\/de\/wp-content\/uploads\/sites\/3\/2024\/06\/quotDer-europaeische-Zug-faehrt-in-Richtung-Kriegquot-\u2012-Orban-kuendigt.jpg\",\"datePublished\":\"2024-06-21T16:56:44+00:00\",\"dateModified\":\"2024-06-21T16:56:44+00:00\",\"breadcrumb\":{\"@id\":\"https:\/\/now-news.de\/de\/deutschland\/der-europaeische-zug-faehrt-in-richtung-krieg-%e2%80%92-orban-kuendigt-nato-militaermission-in-der-ukraine-an\/#breadcrumb\"},\"inLanguage\":\"de\",\"potentialAction\":[{\"@type\":\"ReadAction\",\"target\":[\"https:\/\/now-news.de\/de\/deutschland\/der-europaeische-zug-faehrt-in-richtung-krieg-%e2%80%92-orban-kuendigt-nato-militaermission-in-der-ukraine-an\/\"]}]},{\"@type\":\"ImageObject\",\"inLanguage\":\"de\",\"@id\":\"https:\/\/now-news.de\/de\/deutschland\/der-europaeische-zug-faehrt-in-richtung-krieg-%e2%80%92-orban-kuendigt-nato-militaermission-in-der-ukraine-an\/#primaryimage\",\"url\":\"https:\/\/now-news.de\/de\/wp-content\/uploads\/sites\/3\/2024\/06\/quotDer-europaeische-Zug-faehrt-in-Richtung-Kriegquot-\u2012-Orban-kuendigt.jpg\",\"contentUrl\":\"https:\/\/now-news.de\/de\/wp-content\/uploads\/sites\/3\/2024\/06\/quotDer-europaeische-Zug-faehrt-in-Richtung-Kriegquot-\u2012-Orban-kuendigt.jpg\",\"width\":460,\"height\":259,\"caption\":\"&quot;Der europ\u00e4ische Zug f\u00e4hrt in Richtung Krieg&quot; \u2012 Orb\u00e1n k\u00fcndigt NATO-Milit\u00e4rmission in der Ukraine an\"},{\"@type\":\"BreadcrumbList\",\"@id\":\"https:\/\/now-news.de\/de\/deutschland\/der-europaeische-zug-faehrt-in-richtung-krieg-%e2%80%92-orban-kuendigt-nato-militaermission-in-der-ukraine-an\/#breadcrumb\",\"itemListElement\":[{\"@type\":\"ListItem\",\"position\":1,\"name\":\"Home\",\"item\":\"https:\/\/now-news.de\/de\/\"},{\"@type\":\"ListItem\",\"position\":2,\"name\":\"&quot;Der europ\u00e4ische Zug f\u00e4hrt in Richtung Krieg&quot; \u2012 Orb\u00e1n k\u00fcndigt NATO-Milit\u00e4rmission in der Ukraine an\"}]},{\"@type\":\"WebSite\",\"@id\":\"https:\/\/now-news.de\/de\/#website\",\"url\":\"https:\/\/now-news.de\/de\/\",\"name\":\"just-now.NEWS Deutschland\",\"description\":\"Das Portal f\u00fcr unzensierte Nachrichten aus der Welt\",\"publisher\":{\"@id\":\"https:\/\/now-news.de\/de\/#organization\"},\"potentialAction\":[{\"@type\":\"SearchAction\",\"target\":{\"@type\":\"EntryPoint\",\"urlTemplate\":\"https:\/\/now-news.de\/de\/?s={search_term_string}\"},\"query-input\":\"required name=search_term_string\"}],\"inLanguage\":\"de\"},{\"@type\":\"Organization\",\"@id\":\"https:\/\/now-news.de\/de\/#organization\",\"name\":\"Just Now News\",\"url\":\"https:\/\/now-news.de\/de\/\",\"logo\":{\"@type\":\"ImageObject\",\"inLanguage\":\"de\",\"@id\":\"https:\/\/now-news.de\/de\/#\/schema\/logo\/image\/\",\"url\":\"http:\/\/just-now.news\/de\/wp-content\/uploads\/sites\/3\/2022\/04\/logo500x500.jpg\",\"contentUrl\":\"http:\/\/just-now.news\/de\/wp-content\/uploads\/sites\/3\/2022\/04\/logo500x500.jpg\",\"width\":500,\"height\":500,\"caption\":\"Just Now News\"},\"image\":{\"@id\":\"https:\/\/now-news.de\/de\/#\/schema\/logo\/image\/\"},\"sameAs\":[\"https:\/\/www.facebook.com\/wirmachenauf\",\"https:\/\/x.com\/WirMachenAuf_de\"]},{\"@type\":\"Person\",\"@id\":\"https:\/\/now-news.de\/de\/#\/schema\/person\/fb534a4e865501d8b3285208df34a9b5\",\"name\":\"rtnews\",\"image\":{\"@type\":\"ImageObject\",\"inLanguage\":\"de\",\"@id\":\"https:\/\/now-news.de\/de\/#\/schema\/person\/image\/\",\"url\":\"https:\/\/secure.gravatar.com\/avatar\/82aafea7d8127119dd649515f56e2117?s=96&d=mm&r=g\",\"contentUrl\":\"https:\/\/secure.gravatar.com\/avatar\/82aafea7d8127119dd649515f56e2117?s=96&d=mm&r=g\",\"caption\":\"rtnews\"},\"url\":\"https:\/\/now-news.de\/de\/author\/rnews\/\"}]}<\/script>\n<!-- \/ Yoast SEO Premium plugin. -->","yoast_head_json":{"title":"&quot;Der europ\u00e4ische Zug f\u00e4hrt in Richtung Krieg&quot; \u2012 Orb\u00e1n k\u00fcndigt NATO-Milit\u00e4rmission in der Ukraine an - just-now.NEWS Deutschland","robots":{"index":"index","follow":"follow","max-snippet":"max-snippet:-1","max-image-preview":"max-image-preview:large","max-video-preview":"max-video-preview:-1"},"canonical":"https:\/\/now-news.de\/de\/deutschland\/der-europaeische-zug-faehrt-in-richtung-krieg-\u2012-orban-kuendigt-nato-militaermission-in-der-ukraine-an\/","og_locale":"de_DE","og_type":"article","og_title":"&quot;Der europ\u00e4ische Zug f\u00e4hrt in Richtung Krieg&quot; \u2012 Orb\u00e1n k\u00fcndigt NATO-Milit\u00e4rmission in der Ukraine an","og_description":"Die NATO wird eine Milit\u00e4rmission in der Ukraine abhalten, wobei sich Ungarn geweigert hat, daran teilzunehmen, so Ministerpr\u00e4sident Viktor Orb\u00e1n. Der Kreml warnte vor einem unvermeidlichen Zusammensto\u00df, sollte ein NATO-Kontingent in der Konfliktzone erscheinen. Die NATO plant einen Milit\u00e4reinsatz in der Ukraine, an dem sich Ungarn aber nicht beteiligen wird, sagte der ungarische Ministerpr\u00e4sident Viktor [&hellip;]","og_url":"https:\/\/now-news.de\/de\/deutschland\/der-europaeische-zug-faehrt-in-richtung-krieg-\u2012-orban-kuendigt-nato-militaermission-in-der-ukraine-an\/","og_site_name":"just-now.NEWS Deutschland","article_publisher":"https:\/\/www.facebook.com\/wirmachenauf","article_published_time":"2024-06-21T16:56:44+00:00","og_image":[{"url":"https:\/\/now-news.de\/de\/wp-content\/uploads\/sites\/3\/2024\/06\/6675a57548fbef74032ae016.jpg"}],"author":"rtnews","twitter_card":"summary_large_image","twitter_creator":"@WirMachenAuf_de","twitter_site":"@WirMachenAuf_de","twitter_misc":{"Verfasst von":"rtnews","Gesch\u00e4tzte Lesezeit":"2\u00a0Minuten"},"schema":{"@context":"https:\/\/schema.org","@graph":[{"@type":"Article","@id":"https:\/\/now-news.de\/de\/deutschland\/der-europaeische-zug-faehrt-in-richtung-krieg-%e2%80%92-orban-kuendigt-nato-militaermission-in-der-ukraine-an\/#article","isPartOf":{"@id":"https:\/\/now-news.de\/de\/deutschland\/der-europaeische-zug-faehrt-in-richtung-krieg-%e2%80%92-orban-kuendigt-nato-militaermission-in-der-ukraine-an\/"},"author":{"name":"rtnews","@id":"https:\/\/now-news.de\/de\/#\/schema\/person\/fb534a4e865501d8b3285208df34a9b5"},"headline":"&quot;Der europ\u00e4ische Zug f\u00e4hrt in Richtung Krieg&quot; \u2012 Orb\u00e1n k\u00fcndigt NATO-Milit\u00e4rmission in der Ukraine an","datePublished":"2024-06-21T16:56:44+00:00","dateModified":"2024-06-21T16:56:44+00:00","mainEntityOfPage":{"@id":"https:\/\/now-news.de\/de\/deutschland\/der-europaeische-zug-faehrt-in-richtung-krieg-%e2%80%92-orban-kuendigt-nato-militaermission-in-der-ukraine-an\/"},"wordCount":371,"commentCount":0,"publisher":{"@id":"https:\/\/now-news.de\/de\/#organization"},"image":{"@id":"https:\/\/now-news.de\/de\/deutschland\/der-europaeische-zug-faehrt-in-richtung-krieg-%e2%80%92-orban-kuendigt-nato-militaermission-in-der-ukraine-an\/#primaryimage"},"thumbnailUrl":"https:\/\/now-news.de\/de\/wp-content\/uploads\/sites\/3\/2024\/06\/quotDer-europaeische-Zug-faehrt-in-Richtung-Kriegquot-\u2012-Orban-kuendigt.jpg","keywords":["der","europ\u00e4ische","f\u00e4hrt","Kriegquot","k\u00fcndigt","NATOMilit\u00e4rmission","Orb\u00e1n","quotDer","Richtung","ukraine","Zug"],"articleSection":["Deutschland","Russland"],"inLanguage":"de","potentialAction":[{"@type":"CommentAction","name":"Comment","target":["https:\/\/now-news.de\/de\/deutschland\/der-europaeische-zug-faehrt-in-richtung-krieg-%e2%80%92-orban-kuendigt-nato-militaermission-in-der-ukraine-an\/#respond"]}]},{"@type":"WebPage","@id":"https:\/\/now-news.de\/de\/deutschland\/der-europaeische-zug-faehrt-in-richtung-krieg-%e2%80%92-orban-kuendigt-nato-militaermission-in-der-ukraine-an\/","url":"https:\/\/now-news.de\/de\/deutschland\/der-europaeische-zug-faehrt-in-richtung-krieg-%e2%80%92-orban-kuendigt-nato-militaermission-in-der-ukraine-an\/","name":"&quot;Der europ\u00e4ische Zug f\u00e4hrt in Richtung Krieg&quot; \u2012 Orb\u00e1n k\u00fcndigt NATO-Milit\u00e4rmission in der Ukraine an - just-now.NEWS Deutschland","isPartOf":{"@id":"https:\/\/now-news.de\/de\/#website"},"primaryImageOfPage":{"@id":"https:\/\/now-news.de\/de\/deutschland\/der-europaeische-zug-faehrt-in-richtung-krieg-%e2%80%92-orban-kuendigt-nato-militaermission-in-der-ukraine-an\/#primaryimage"},"image":{"@id":"https:\/\/now-news.de\/de\/deutschland\/der-europaeische-zug-faehrt-in-richtung-krieg-%e2%80%92-orban-kuendigt-nato-militaermission-in-der-ukraine-an\/#primaryimage"},"thumbnailUrl":"https:\/\/now-news.de\/de\/wp-content\/uploads\/sites\/3\/2024\/06\/quotDer-europaeische-Zug-faehrt-in-Richtung-Kriegquot-\u2012-Orban-kuendigt.jpg","datePublished":"2024-06-21T16:56:44+00:00","dateModified":"2024-06-21T16:56:44+00:00","breadcrumb":{"@id":"https:\/\/now-news.de\/de\/deutschland\/der-europaeische-zug-faehrt-in-richtung-krieg-%e2%80%92-orban-kuendigt-nato-militaermission-in-der-ukraine-an\/#breadcrumb"},"inLanguage":"de","potentialAction":[{"@type":"ReadAction","target":["https:\/\/now-news.de\/de\/deutschland\/der-europaeische-zug-faehrt-in-richtung-krieg-%e2%80%92-orban-kuendigt-nato-militaermission-in-der-ukraine-an\/"]}]},{"@type":"ImageObject","inLanguage":"de","@id":"https:\/\/now-news.de\/de\/deutschland\/der-europaeische-zug-faehrt-in-richtung-krieg-%e2%80%92-orban-kuendigt-nato-militaermission-in-der-ukraine-an\/#primaryimage","url":"https:\/\/now-news.de\/de\/wp-content\/uploads\/sites\/3\/2024\/06\/quotDer-europaeische-Zug-faehrt-in-Richtung-Kriegquot-\u2012-Orban-kuendigt.jpg","contentUrl":"https:\/\/now-news.de\/de\/wp-content\/uploads\/sites\/3\/2024\/06\/quotDer-europaeische-Zug-faehrt-in-Richtung-Kriegquot-\u2012-Orban-kuendigt.jpg","width":460,"height":259,"caption":"&quot;Der europ\u00e4ische Zug f\u00e4hrt in Richtung Krieg&quot; \u2012 Orb\u00e1n k\u00fcndigt NATO-Milit\u00e4rmission in der Ukraine an"},{"@type":"BreadcrumbList","@id":"https:\/\/now-news.de\/de\/deutschland\/der-europaeische-zug-faehrt-in-richtung-krieg-%e2%80%92-orban-kuendigt-nato-militaermission-in-der-ukraine-an\/#breadcrumb","itemListElement":[{"@type":"ListItem","position":1,"name":"Home","item":"https:\/\/now-news.de\/de\/"},{"@type":"ListItem","position":2,"name":"&quot;Der europ\u00e4ische Zug f\u00e4hrt in Richtung Krieg&quot; \u2012 Orb\u00e1n k\u00fcndigt NATO-Milit\u00e4rmission in der Ukraine an"}]},{"@type":"WebSite","@id":"https:\/\/now-news.de\/de\/#website","url":"https:\/\/now-news.de\/de\/","name":"just-now.NEWS Deutschland","description":"Das Portal f\u00fcr unzensierte Nachrichten aus der Welt","publisher":{"@id":"https:\/\/now-news.de\/de\/#organization"},"potentialAction":[{"@type":"SearchAction","target":{"@type":"EntryPoint","urlTemplate":"https:\/\/now-news.de\/de\/?s={search_term_string}"},"query-input":"required name=search_term_string"}],"inLanguage":"de"},{"@type":"Organization","@id":"https:\/\/now-news.de\/de\/#organization","name":"Just Now News","url":"https:\/\/now-news.de\/de\/","logo":{"@type":"ImageObject","inLanguage":"de","@id":"https:\/\/now-news.de\/de\/#\/schema\/logo\/image\/","url":"http:\/\/just-now.news\/de\/wp-content\/uploads\/sites\/3\/2022\/04\/logo500x500.jpg","contentUrl":"http:\/\/just-now.news\/de\/wp-content\/uploads\/sites\/3\/2022\/04\/logo500x500.jpg","width":500,"height":500,"caption":"Just Now News"},"image":{"@id":"https:\/\/now-news.de\/de\/#\/schema\/logo\/image\/"},"sameAs":["https:\/\/www.facebook.com\/wirmachenauf","https:\/\/x.com\/WirMachenAuf_de"]},{"@type":"Person","@id":"https:\/\/now-news.de\/de\/#\/schema\/person\/fb534a4e865501d8b3285208df34a9b5","name":"rtnews","image":{"@type":"ImageObject","inLanguage":"de","@id":"https:\/\/now-news.de\/de\/#\/schema\/person\/image\/","url":"https:\/\/secure.gravatar.com\/avatar\/82aafea7d8127119dd649515f56e2117?s=96&d=mm&r=g","contentUrl":"https:\/\/secure.gravatar.com\/avatar\/82aafea7d8127119dd649515f56e2117?s=96&d=mm&r=g","caption":"rtnews"},"url":"https:\/\/now-news.de\/de\/author\/rnews\/"}]}},"_links":{"self":[{"href":"https:\/\/now-news.de\/de\/wp-json\/wp\/v2\/posts\/62712"}],"collection":[{"href":"https:\/\/now-news.de\/de\/wp-json\/wp\/v2\/posts"}],"about":[{"href":"https:\/\/now-news.de\/de\/wp-json\/wp\/v2\/types\/post"}],"author":[{"embeddable":true,"href":"https:\/\/now-news.de\/de\/wp-json\/wp\/v2\/users\/3"}],"replies":[{"embeddable":true,"href":"https:\/\/now-news.de\/de\/wp-json\/wp\/v2\/comments?post=62712"}],"version-history":[{"count":0,"href":"https:\/\/now-news.de\/de\/wp-json\/wp\/v2\/posts\/62712\/revisions"}],"wp:featuredmedia":[{"embeddable":true,"href":"https:\/\/now-news.de\/de\/wp-json\/wp\/v2\/media\/62713"}],"wp:attachment":[{"href":"https:\/\/now-news.de\/de\/wp-json\/wp\/v2\/media?parent=62712"}],"wp:term":[{"taxonomy":"category","embeddable":true,"href":"https:\/\/now-news.de\/de\/wp-json\/wp\/v2\/categories?post=62712"},{"taxonomy":"post_tag","embeddable":true,"href":"https:\/\/now-news.de\/de\/wp-json\/wp\/v2\/tags?post=62712"}],"curies":[{"name":"wp","href":"https:\/\/api.w.org\/{rel}","templated":true}]}}