{"id":62659,"date":"2024-06-21T11:37:29","date_gmt":"2024-06-21T09:37:29","guid":{"rendered":"https:\/\/now-news.de\/de\/deutschland\/kiew-graeber-ukrainischer-neonazis-geschaendet\/"},"modified":"2024-06-21T11:37:29","modified_gmt":"2024-06-21T09:37:29","slug":"kiew-graeber-ukrainischer-neonazis-geschaendet","status":"publish","type":"post","link":"https:\/\/now-news.de\/de\/deutschland\/kiew-graeber-ukrainischer-neonazis-geschaendet\/","title":{"rendered":"Kiew: Gr\u00e4ber ukrainischer Neonazis gesch\u00e4ndet"},"content":{"rendered":"<p><img decoding=\"async\" src=\"https:\/\/now-news.de\/de\/wp-content\/uploads\/sites\/3\/2024\/06\/66744bc0b480cc6a643a855d.jpg\" \/><\/p>\n<div class=\"Text-root Text-type_1 \">\n                In der ukrainischen Hauptstadt Kiew kam es zur Sch\u00e4ndung von Gr\u00e4bern ukrainischer Soldaten. Darunter befand sich auch das Grab eines ber\u00fcchtigten ukrainischen Nationalisten, der seit 2014 an den Feindseligkeiten teilnahm. Die Polizei hat bereits Ermittlungen aufgenommen.\n            <\/div>\n<p><\/p>\n<div class=\"Text-root Text-type_5 ArticleView-text ViewText-root \">\n<p>Unbekannte haben in der ukrainischen Hauptstadt Kiew die Gr\u00e4ber eines der Anf\u00fchrer der rechtsextremen Organisation Rechter Sektor, Dmitri Kozjubailo, und zweier weiterer ukrainischer Milit\u00e4rs besch\u00e4digt. Das berichtet das ukrainische Nachrichtenportal <em>Strana.ua<\/em> und pr\u00e4zisiert:<\/p>\n<blockquote>\n<p><em>&#8220;In Kiew haben heute Nacht Unbekannte die Gr\u00e4ber der ukrainischen Milit\u00e4rangeh\u00f6rigen Dmitri &#8216;Da Vinci&#8217; Kozjubailo, Andrei &#8216;Juice&#8217; Pilschtschikow und Pawel Petritschenko verw\u00fcstet.&#8221;<\/em><\/p>\n<\/blockquote>\n<p>Wie auf dem von <em>Strana.ua<\/em> ver\u00f6ffentlichten Filmmaterial zu sehen <a rel=\"nofollow noopener\" target=\"_blank\" href=\"https:\/\/t.me\/stranaua\/158678\">ist<\/a>, beschmierten die Unbekannten die Portr\u00e4ts der Milit\u00e4rs und die Fahnen, die auf den Gr\u00e4bern aufgestellt waren. Dar\u00fcber hinaus zerstreuten sie die Blumen und Kr\u00e4nze und zerrissen Brosch\u00fcren vor den Gr\u00e4bern.<\/p>\n<p>Inzwischen berichten ukrainische Telegram-Kan\u00e4le und Nachrichtenagenturen unter Berufung auf Sicherheitsbeh\u00f6rden, dass eine unbekannte Frau zur Fahndung ausgeschrieben worden sein soll, die der Tat verd\u00e4chtigt wird. Im Fall einer Festnahme drohen ihr bis zu f\u00fcnf Jahren Haft.<\/p>\n<p>Kozjubailo, Jahrgang 1995, war als ein Anf\u00fchrer des Rechten Sektors ein aktiver Teilnehmer des Euromaidans und des ukrainischen Milit\u00e4reinsatzes gegen die Donbass-Republiken Donezk und Lugansk. In einem Interview f\u00fcr die <em>New York Times<\/em> im Jahr 2021 br\u00fcstete er sich damit, dass er seinen zahmen Wolf &#8220;mit den Knochen von russischsprachigen Kindern&#8221; f\u00fcttere und dass seine Einheit durch Kampfeins\u00e4tze aktiv die Minsker Abkommen sabotiere. Im selben Jahr wurde er mit dem Titel &#8220;Held der Ukraine&#8221; ausgezeichnet. Kozjubailo fiel am 7. M\u00e4rz 2023 bei K\u00e4mpfen um Artjomowsk (ukrainisch: Bachmut). Der Pilot Pilschtschikow kam im August 2023 bei einem Zusammensto\u00df von zwei ukrainischen MiG-29-Kampfflugzeugen \u00fcber dem Gebiet Schitomir ums Leben. Pawel Petritschenko fiel im April 2024 in der DVR.<\/p>\n<p>Der Rechte Sektor wurde in den ersten Tagen des Euromaidan 2013 in Kiew gegr\u00fcndet, zu seinen Mitgliedern geh\u00f6rten ultra-radikale nationalistische Gruppen. Im Januar und Februar 2014\u00a0nahmen die Angeh\u00f6rigen der Bewegung an der Besetzung von Verwaltungsgeb\u00e4uden, dem Diebstahl von Waffen aus den Arsenalen des ukrainischen Innenministeriums und Zusammenst\u00f6\u00dfen mit Ordnungskr\u00e4ften teil. Seit April desselben Jahres waren sie aktiv an verbrecherischen Milit\u00e4rhandlungen gegen Zivilisten in der DVR und der LVR beteiligt. Sp\u00e4ter beteiligten sich die Mitglieder der Organisation an der gewaltt\u00e4tigen Besetzung von Kirchen der kanonischen Ukrainisch-Orthodoxen Kirche (UOC), blockierten die Arbeit der russischen diplomatischen Vertretungen in der Ukraine, griffen das russische Kulturzentrum in Kiew an und zerst\u00f6rten es. Sie unterst\u00fctzen radikale Ansichten sowie faschistische und nationalistische Ideen.<\/p>\n<p>Im November 2014 erkannte der Oberste Gerichtshof Russlands die rechtsradikale Vereinigung als extremistische Organisation an und verbot ihre Aktivit\u00e4ten im Land.\u00a0<\/p>\n<p><strong>Mehr zum Thema<\/strong> \u2013 <a rel=\"nofollow noopener\" target=\"_blank\" href=\"https:\/\/freedert.online\/europa\/208883-peskow-um-russland-zu-schaden-flirten-die-usa-mit-neonazis\/\">Peskow: Um Russland zu schaden, flirten die USA mit Neonazis<\/a><\/p>\n<div class=\"EmbedBlock-root EmbedBlock-externalVideo EmbedBlock-odysee\">\n<div class=\"VkEmbed\"><iframe class=\"lazyload\" data-src=\"https:\/\/odysee.com\/%24\/embed\/%40RTDE%3Ae%2FPodoljaka--Ukrainischer-befestigter-Raum-bei-Awdejewka-f%C3%A4llt-nach-mehreren-Wochen-an-Russland%3Ad\" frameborder=\"0\" width=\"853\" height=\"480\" allowfullscreen><\/iframe><\/div>\n<\/div>\n<\/div>\n<p><br \/>\n<br \/><a href=\"https:\/\/de.rt.com\/international\/209821-kiew-graeber-ukrainischer-neonazis-geschaendet\/\">Source link <\/a><\/p>\n","protected":false},"excerpt":{"rendered":"<p>In der ukrainischen Hauptstadt Kiew kam es zur Sch\u00e4ndung von Gr\u00e4bern ukrainischer Soldaten. Darunter befand sich auch das Grab eines ber\u00fcchtigten ukrainischen Nationalisten, der seit 2014 an den Feindseligkeiten teilnahm. Die Polizei hat bereits Ermittlungen aufgenommen. Unbekannte haben in der ukrainischen Hauptstadt Kiew die Gr\u00e4ber eines der Anf\u00fchrer der rechtsextremen Organisation Rechter Sektor, Dmitri Kozjubailo, [&hellip;]<\/p>\n","protected":false},"author":3,"featured_media":62660,"comment_status":"open","ping_status":"open","sticky":false,"template":"","format":"standard","meta":{"_yoast_indexnow_last_ping":["1718962664"],"wp_automatic_camp":["217"],"ab51a47fdbb16ea718887146ddc14075":["Kiew: Gr\u00e4ber ukrainischer Neonazis gesch\u00e4ndet"],"original_link":["https:\/\/de.rt.com\/international\/209821-kiew-graeber-ukrainischer-neonazis-geschaendet\/"],"_thumbnail_id":["62660"],"_wptgpro_p2tg_sent2tg":["a:1:{i:23737;s:19:\"2024-06-21 11:38:46\";}"],"jnews_social_counter_last_update":["1777415079"]},"categories":[19,23],"tags":[2637,33081,1025,10706,488],"yoast_head":"<!-- This site is optimized with the Yoast SEO Premium plugin v22.7 (Yoast SEO v22.7) - https:\/\/yoast.com\/wordpress\/plugins\/seo\/ -->\n<title>Kiew: Gr\u00e4ber ukrainischer Neonazis gesch\u00e4ndet - just-now.NEWS Deutschland<\/title>\n<meta name=\"robots\" content=\"index, follow, max-snippet:-1, max-image-preview:large, max-video-preview:-1\" \/>\n<link rel=\"canonical\" href=\"https:\/\/now-news.de\/de\/deutschland\/kiew-graeber-ukrainischer-neonazis-geschaendet\/\" \/>\n<meta property=\"og:locale\" content=\"de_DE\" \/>\n<meta property=\"og:type\" content=\"article\" \/>\n<meta property=\"og:title\" content=\"Kiew: Gr\u00e4ber ukrainischer Neonazis gesch\u00e4ndet\" \/>\n<meta property=\"og:description\" content=\"In der ukrainischen Hauptstadt Kiew kam es zur Sch\u00e4ndung von Gr\u00e4bern ukrainischer Soldaten. Darunter befand sich auch das Grab eines ber\u00fcchtigten ukrainischen Nationalisten, der seit 2014 an den Feindseligkeiten teilnahm. Die Polizei hat bereits Ermittlungen aufgenommen. Unbekannte haben in der ukrainischen Hauptstadt Kiew die Gr\u00e4ber eines der Anf\u00fchrer der rechtsextremen Organisation Rechter Sektor, Dmitri Kozjubailo, [&hellip;]\" \/>\n<meta property=\"og:url\" content=\"https:\/\/now-news.de\/de\/deutschland\/kiew-graeber-ukrainischer-neonazis-geschaendet\/\" \/>\n<meta property=\"og:site_name\" content=\"just-now.NEWS Deutschland\" \/>\n<meta property=\"article:publisher\" content=\"https:\/\/www.facebook.com\/wirmachenauf\" \/>\n<meta property=\"article:published_time\" content=\"2024-06-21T09:37:29+00:00\" \/>\n<meta property=\"og:image\" content=\"https:\/\/now-news.de\/de\/wp-content\/uploads\/sites\/3\/2024\/06\/66744bc0b480cc6a643a855d.jpg\" \/>\n<meta name=\"author\" content=\"rtnews\" \/>\n<meta name=\"twitter:card\" content=\"summary_large_image\" \/>\n<meta name=\"twitter:creator\" content=\"@WirMachenAuf_de\" \/>\n<meta name=\"twitter:site\" content=\"@WirMachenAuf_de\" \/>\n<meta name=\"twitter:label1\" content=\"Verfasst von\" \/>\n\t<meta name=\"twitter:data1\" content=\"rtnews\" \/>\n\t<meta name=\"twitter:label2\" content=\"Gesch\u00e4tzte Lesezeit\" \/>\n\t<meta name=\"twitter:data2\" content=\"2\u00a0Minuten\" \/>\n<script type=\"application\/ld+json\" class=\"yoast-schema-graph\">{\"@context\":\"https:\/\/schema.org\",\"@graph\":[{\"@type\":\"Article\",\"@id\":\"https:\/\/now-news.de\/de\/deutschland\/kiew-graeber-ukrainischer-neonazis-geschaendet\/#article\",\"isPartOf\":{\"@id\":\"https:\/\/now-news.de\/de\/deutschland\/kiew-graeber-ukrainischer-neonazis-geschaendet\/\"},\"author\":{\"name\":\"rtnews\",\"@id\":\"https:\/\/now-news.de\/de\/#\/schema\/person\/fb534a4e865501d8b3285208df34a9b5\"},\"headline\":\"Kiew: Gr\u00e4ber ukrainischer Neonazis gesch\u00e4ndet\",\"datePublished\":\"2024-06-21T09:37:29+00:00\",\"dateModified\":\"2024-06-21T09:37:29+00:00\",\"mainEntityOfPage\":{\"@id\":\"https:\/\/now-news.de\/de\/deutschland\/kiew-graeber-ukrainischer-neonazis-geschaendet\/\"},\"wordCount\":481,\"commentCount\":0,\"publisher\":{\"@id\":\"https:\/\/now-news.de\/de\/#organization\"},\"image\":{\"@id\":\"https:\/\/now-news.de\/de\/deutschland\/kiew-graeber-ukrainischer-neonazis-geschaendet\/#primaryimage\"},\"thumbnailUrl\":\"https:\/\/now-news.de\/de\/wp-content\/uploads\/sites\/3\/2024\/06\/Kiew-Graeber-ukrainischer-Neonazis-geschaendet.jpg\",\"keywords\":[\"gesch\u00e4ndet\",\"Gr\u00e4ber\",\"Kiew\",\"Neonazis\",\"Ukrainischer\"],\"articleSection\":[\"Deutschland\",\"Russland\"],\"inLanguage\":\"de\",\"potentialAction\":[{\"@type\":\"CommentAction\",\"name\":\"Comment\",\"target\":[\"https:\/\/now-news.de\/de\/deutschland\/kiew-graeber-ukrainischer-neonazis-geschaendet\/#respond\"]}]},{\"@type\":\"WebPage\",\"@id\":\"https:\/\/now-news.de\/de\/deutschland\/kiew-graeber-ukrainischer-neonazis-geschaendet\/\",\"url\":\"https:\/\/now-news.de\/de\/deutschland\/kiew-graeber-ukrainischer-neonazis-geschaendet\/\",\"name\":\"Kiew: Gr\u00e4ber ukrainischer Neonazis gesch\u00e4ndet - just-now.NEWS Deutschland\",\"isPartOf\":{\"@id\":\"https:\/\/now-news.de\/de\/#website\"},\"primaryImageOfPage\":{\"@id\":\"https:\/\/now-news.de\/de\/deutschland\/kiew-graeber-ukrainischer-neonazis-geschaendet\/#primaryimage\"},\"image\":{\"@id\":\"https:\/\/now-news.de\/de\/deutschland\/kiew-graeber-ukrainischer-neonazis-geschaendet\/#primaryimage\"},\"thumbnailUrl\":\"https:\/\/now-news.de\/de\/wp-content\/uploads\/sites\/3\/2024\/06\/Kiew-Graeber-ukrainischer-Neonazis-geschaendet.jpg\",\"datePublished\":\"2024-06-21T09:37:29+00:00\",\"dateModified\":\"2024-06-21T09:37:29+00:00\",\"breadcrumb\":{\"@id\":\"https:\/\/now-news.de\/de\/deutschland\/kiew-graeber-ukrainischer-neonazis-geschaendet\/#breadcrumb\"},\"inLanguage\":\"de\",\"potentialAction\":[{\"@type\":\"ReadAction\",\"target\":[\"https:\/\/now-news.de\/de\/deutschland\/kiew-graeber-ukrainischer-neonazis-geschaendet\/\"]}]},{\"@type\":\"ImageObject\",\"inLanguage\":\"de\",\"@id\":\"https:\/\/now-news.de\/de\/deutschland\/kiew-graeber-ukrainischer-neonazis-geschaendet\/#primaryimage\",\"url\":\"https:\/\/now-news.de\/de\/wp-content\/uploads\/sites\/3\/2024\/06\/Kiew-Graeber-ukrainischer-Neonazis-geschaendet.jpg\",\"contentUrl\":\"https:\/\/now-news.de\/de\/wp-content\/uploads\/sites\/3\/2024\/06\/Kiew-Graeber-ukrainischer-Neonazis-geschaendet.jpg\",\"width\":460,\"height\":259,\"caption\":\"Kiew: Gr\u00e4ber ukrainischer Neonazis gesch\u00e4ndet\"},{\"@type\":\"BreadcrumbList\",\"@id\":\"https:\/\/now-news.de\/de\/deutschland\/kiew-graeber-ukrainischer-neonazis-geschaendet\/#breadcrumb\",\"itemListElement\":[{\"@type\":\"ListItem\",\"position\":1,\"name\":\"Home\",\"item\":\"https:\/\/now-news.de\/de\/\"},{\"@type\":\"ListItem\",\"position\":2,\"name\":\"Kiew: Gr\u00e4ber ukrainischer Neonazis gesch\u00e4ndet\"}]},{\"@type\":\"WebSite\",\"@id\":\"https:\/\/now-news.de\/de\/#website\",\"url\":\"https:\/\/now-news.de\/de\/\",\"name\":\"just-now.NEWS Deutschland\",\"description\":\"Das Portal f\u00fcr unzensierte Nachrichten aus der Welt\",\"publisher\":{\"@id\":\"https:\/\/now-news.de\/de\/#organization\"},\"potentialAction\":[{\"@type\":\"SearchAction\",\"target\":{\"@type\":\"EntryPoint\",\"urlTemplate\":\"https:\/\/now-news.de\/de\/?s={search_term_string}\"},\"query-input\":\"required name=search_term_string\"}],\"inLanguage\":\"de\"},{\"@type\":\"Organization\",\"@id\":\"https:\/\/now-news.de\/de\/#organization\",\"name\":\"Just Now News\",\"url\":\"https:\/\/now-news.de\/de\/\",\"logo\":{\"@type\":\"ImageObject\",\"inLanguage\":\"de\",\"@id\":\"https:\/\/now-news.de\/de\/#\/schema\/logo\/image\/\",\"url\":\"http:\/\/just-now.news\/de\/wp-content\/uploads\/sites\/3\/2022\/04\/logo500x500.jpg\",\"contentUrl\":\"http:\/\/just-now.news\/de\/wp-content\/uploads\/sites\/3\/2022\/04\/logo500x500.jpg\",\"width\":500,\"height\":500,\"caption\":\"Just Now News\"},\"image\":{\"@id\":\"https:\/\/now-news.de\/de\/#\/schema\/logo\/image\/\"},\"sameAs\":[\"https:\/\/www.facebook.com\/wirmachenauf\",\"https:\/\/x.com\/WirMachenAuf_de\"]},{\"@type\":\"Person\",\"@id\":\"https:\/\/now-news.de\/de\/#\/schema\/person\/fb534a4e865501d8b3285208df34a9b5\",\"name\":\"rtnews\",\"image\":{\"@type\":\"ImageObject\",\"inLanguage\":\"de\",\"@id\":\"https:\/\/now-news.de\/de\/#\/schema\/person\/image\/\",\"url\":\"https:\/\/secure.gravatar.com\/avatar\/82aafea7d8127119dd649515f56e2117?s=96&d=mm&r=g\",\"contentUrl\":\"https:\/\/secure.gravatar.com\/avatar\/82aafea7d8127119dd649515f56e2117?s=96&d=mm&r=g\",\"caption\":\"rtnews\"},\"url\":\"https:\/\/now-news.de\/de\/author\/rnews\/\"}]}<\/script>\n<!-- \/ Yoast SEO Premium plugin. -->","yoast_head_json":{"title":"Kiew: Gr\u00e4ber ukrainischer Neonazis gesch\u00e4ndet - just-now.NEWS Deutschland","robots":{"index":"index","follow":"follow","max-snippet":"max-snippet:-1","max-image-preview":"max-image-preview:large","max-video-preview":"max-video-preview:-1"},"canonical":"https:\/\/now-news.de\/de\/deutschland\/kiew-graeber-ukrainischer-neonazis-geschaendet\/","og_locale":"de_DE","og_type":"article","og_title":"Kiew: Gr\u00e4ber ukrainischer Neonazis gesch\u00e4ndet","og_description":"In der ukrainischen Hauptstadt Kiew kam es zur Sch\u00e4ndung von Gr\u00e4bern ukrainischer Soldaten. Darunter befand sich auch das Grab eines ber\u00fcchtigten ukrainischen Nationalisten, der seit 2014 an den Feindseligkeiten teilnahm. Die Polizei hat bereits Ermittlungen aufgenommen. Unbekannte haben in der ukrainischen Hauptstadt Kiew die Gr\u00e4ber eines der Anf\u00fchrer der rechtsextremen Organisation Rechter Sektor, Dmitri Kozjubailo, [&hellip;]","og_url":"https:\/\/now-news.de\/de\/deutschland\/kiew-graeber-ukrainischer-neonazis-geschaendet\/","og_site_name":"just-now.NEWS Deutschland","article_publisher":"https:\/\/www.facebook.com\/wirmachenauf","article_published_time":"2024-06-21T09:37:29+00:00","og_image":[{"url":"https:\/\/now-news.de\/de\/wp-content\/uploads\/sites\/3\/2024\/06\/66744bc0b480cc6a643a855d.jpg"}],"author":"rtnews","twitter_card":"summary_large_image","twitter_creator":"@WirMachenAuf_de","twitter_site":"@WirMachenAuf_de","twitter_misc":{"Verfasst von":"rtnews","Gesch\u00e4tzte Lesezeit":"2\u00a0Minuten"},"schema":{"@context":"https:\/\/schema.org","@graph":[{"@type":"Article","@id":"https:\/\/now-news.de\/de\/deutschland\/kiew-graeber-ukrainischer-neonazis-geschaendet\/#article","isPartOf":{"@id":"https:\/\/now-news.de\/de\/deutschland\/kiew-graeber-ukrainischer-neonazis-geschaendet\/"},"author":{"name":"rtnews","@id":"https:\/\/now-news.de\/de\/#\/schema\/person\/fb534a4e865501d8b3285208df34a9b5"},"headline":"Kiew: Gr\u00e4ber ukrainischer Neonazis gesch\u00e4ndet","datePublished":"2024-06-21T09:37:29+00:00","dateModified":"2024-06-21T09:37:29+00:00","mainEntityOfPage":{"@id":"https:\/\/now-news.de\/de\/deutschland\/kiew-graeber-ukrainischer-neonazis-geschaendet\/"},"wordCount":481,"commentCount":0,"publisher":{"@id":"https:\/\/now-news.de\/de\/#organization"},"image":{"@id":"https:\/\/now-news.de\/de\/deutschland\/kiew-graeber-ukrainischer-neonazis-geschaendet\/#primaryimage"},"thumbnailUrl":"https:\/\/now-news.de\/de\/wp-content\/uploads\/sites\/3\/2024\/06\/Kiew-Graeber-ukrainischer-Neonazis-geschaendet.jpg","keywords":["gesch\u00e4ndet","Gr\u00e4ber","Kiew","Neonazis","Ukrainischer"],"articleSection":["Deutschland","Russland"],"inLanguage":"de","potentialAction":[{"@type":"CommentAction","name":"Comment","target":["https:\/\/now-news.de\/de\/deutschland\/kiew-graeber-ukrainischer-neonazis-geschaendet\/#respond"]}]},{"@type":"WebPage","@id":"https:\/\/now-news.de\/de\/deutschland\/kiew-graeber-ukrainischer-neonazis-geschaendet\/","url":"https:\/\/now-news.de\/de\/deutschland\/kiew-graeber-ukrainischer-neonazis-geschaendet\/","name":"Kiew: Gr\u00e4ber ukrainischer Neonazis gesch\u00e4ndet - just-now.NEWS Deutschland","isPartOf":{"@id":"https:\/\/now-news.de\/de\/#website"},"primaryImageOfPage":{"@id":"https:\/\/now-news.de\/de\/deutschland\/kiew-graeber-ukrainischer-neonazis-geschaendet\/#primaryimage"},"image":{"@id":"https:\/\/now-news.de\/de\/deutschland\/kiew-graeber-ukrainischer-neonazis-geschaendet\/#primaryimage"},"thumbnailUrl":"https:\/\/now-news.de\/de\/wp-content\/uploads\/sites\/3\/2024\/06\/Kiew-Graeber-ukrainischer-Neonazis-geschaendet.jpg","datePublished":"2024-06-21T09:37:29+00:00","dateModified":"2024-06-21T09:37:29+00:00","breadcrumb":{"@id":"https:\/\/now-news.de\/de\/deutschland\/kiew-graeber-ukrainischer-neonazis-geschaendet\/#breadcrumb"},"inLanguage":"de","potentialAction":[{"@type":"ReadAction","target":["https:\/\/now-news.de\/de\/deutschland\/kiew-graeber-ukrainischer-neonazis-geschaendet\/"]}]},{"@type":"ImageObject","inLanguage":"de","@id":"https:\/\/now-news.de\/de\/deutschland\/kiew-graeber-ukrainischer-neonazis-geschaendet\/#primaryimage","url":"https:\/\/now-news.de\/de\/wp-content\/uploads\/sites\/3\/2024\/06\/Kiew-Graeber-ukrainischer-Neonazis-geschaendet.jpg","contentUrl":"https:\/\/now-news.de\/de\/wp-content\/uploads\/sites\/3\/2024\/06\/Kiew-Graeber-ukrainischer-Neonazis-geschaendet.jpg","width":460,"height":259,"caption":"Kiew: Gr\u00e4ber ukrainischer Neonazis gesch\u00e4ndet"},{"@type":"BreadcrumbList","@id":"https:\/\/now-news.de\/de\/deutschland\/kiew-graeber-ukrainischer-neonazis-geschaendet\/#breadcrumb","itemListElement":[{"@type":"ListItem","position":1,"name":"Home","item":"https:\/\/now-news.de\/de\/"},{"@type":"ListItem","position":2,"name":"Kiew: Gr\u00e4ber ukrainischer Neonazis gesch\u00e4ndet"}]},{"@type":"WebSite","@id":"https:\/\/now-news.de\/de\/#website","url":"https:\/\/now-news.de\/de\/","name":"just-now.NEWS Deutschland","description":"Das Portal f\u00fcr unzensierte Nachrichten aus der Welt","publisher":{"@id":"https:\/\/now-news.de\/de\/#organization"},"potentialAction":[{"@type":"SearchAction","target":{"@type":"EntryPoint","urlTemplate":"https:\/\/now-news.de\/de\/?s={search_term_string}"},"query-input":"required name=search_term_string"}],"inLanguage":"de"},{"@type":"Organization","@id":"https:\/\/now-news.de\/de\/#organization","name":"Just Now News","url":"https:\/\/now-news.de\/de\/","logo":{"@type":"ImageObject","inLanguage":"de","@id":"https:\/\/now-news.de\/de\/#\/schema\/logo\/image\/","url":"http:\/\/just-now.news\/de\/wp-content\/uploads\/sites\/3\/2022\/04\/logo500x500.jpg","contentUrl":"http:\/\/just-now.news\/de\/wp-content\/uploads\/sites\/3\/2022\/04\/logo500x500.jpg","width":500,"height":500,"caption":"Just Now News"},"image":{"@id":"https:\/\/now-news.de\/de\/#\/schema\/logo\/image\/"},"sameAs":["https:\/\/www.facebook.com\/wirmachenauf","https:\/\/x.com\/WirMachenAuf_de"]},{"@type":"Person","@id":"https:\/\/now-news.de\/de\/#\/schema\/person\/fb534a4e865501d8b3285208df34a9b5","name":"rtnews","image":{"@type":"ImageObject","inLanguage":"de","@id":"https:\/\/now-news.de\/de\/#\/schema\/person\/image\/","url":"https:\/\/secure.gravatar.com\/avatar\/82aafea7d8127119dd649515f56e2117?s=96&d=mm&r=g","contentUrl":"https:\/\/secure.gravatar.com\/avatar\/82aafea7d8127119dd649515f56e2117?s=96&d=mm&r=g","caption":"rtnews"},"url":"https:\/\/now-news.de\/de\/author\/rnews\/"}]}},"_links":{"self":[{"href":"https:\/\/now-news.de\/de\/wp-json\/wp\/v2\/posts\/62659"}],"collection":[{"href":"https:\/\/now-news.de\/de\/wp-json\/wp\/v2\/posts"}],"about":[{"href":"https:\/\/now-news.de\/de\/wp-json\/wp\/v2\/types\/post"}],"author":[{"embeddable":true,"href":"https:\/\/now-news.de\/de\/wp-json\/wp\/v2\/users\/3"}],"replies":[{"embeddable":true,"href":"https:\/\/now-news.de\/de\/wp-json\/wp\/v2\/comments?post=62659"}],"version-history":[{"count":0,"href":"https:\/\/now-news.de\/de\/wp-json\/wp\/v2\/posts\/62659\/revisions"}],"wp:featuredmedia":[{"embeddable":true,"href":"https:\/\/now-news.de\/de\/wp-json\/wp\/v2\/media\/62660"}],"wp:attachment":[{"href":"https:\/\/now-news.de\/de\/wp-json\/wp\/v2\/media?parent=62659"}],"wp:term":[{"taxonomy":"category","embeddable":true,"href":"https:\/\/now-news.de\/de\/wp-json\/wp\/v2\/categories?post=62659"},{"taxonomy":"post_tag","embeddable":true,"href":"https:\/\/now-news.de\/de\/wp-json\/wp\/v2\/tags?post=62659"}],"curies":[{"name":"wp","href":"https:\/\/api.w.org\/{rel}","templated":true}]}}