{"id":62616,"date":"2024-06-21T06:30:00","date_gmt":"2024-06-21T04:30:00","guid":{"rendered":"https:\/\/now-news.de\/de\/deutschland\/ein-tweet-von-goering-eckardt-entlarvt-gruenen-rassismus\/"},"modified":"2024-06-21T06:30:00","modified_gmt":"2024-06-21T04:30:00","slug":"ein-tweet-von-goering-eckardt-entlarvt-gruenen-rassismus","status":"publish","type":"post","link":"https:\/\/now-news.de\/de\/deutschland\/ein-tweet-von-goering-eckardt-entlarvt-gruenen-rassismus\/","title":{"rendered":"Ein Tweet von G\u00f6ring-Eckardt entlarvt gr\u00fcnen Rassismus"},"content":{"rendered":"<p><img decoding=\"async\" src=\"https:\/\/now-news.de\/de\/wp-content\/uploads\/sites\/3\/2024\/06\/667441b4b480cc6c6b6808d4.jpg\" \/><\/p>\n<div class=\"Text-root Text-type_1 \">\n                Katrin G\u00f6ring-Eckardt hat mit einem Tweet auf ein Problem ihrer Partei aufmerksam gemacht. Die Gr\u00fcnen denken in rassistischen Kategorien und bedienen sich rassistischer Klischees in der Argumentation, wenn es um die Durchsetzung ihrer Agenda geht. An Antirassismus haben sie kein Interesse.\n            <\/div>\n<p><\/p>\n<div class=\"Text-root Text-type_5 ArticleView-text ViewText-root \">\n<p><em>Von Gert Ewen Ungar<\/em><\/p>\n<p>Jetzt haben es auch jene gemerkt, die es bisher nicht wahrhaben wollten. Die Gr\u00fcnen sind Rassisten. F\u00fcr aufmerksame Beobachter der politischen Diskussion in Deutschland ist das keine wirklich neue Erkenntnis. F\u00fcr diejenigen, die der Eigenwerbung der Gr\u00fcnen glauben, dagegen schon. Die Gr\u00fcnen preisen sich als liberal, offen und tolerant.<\/p>\n<p>Auch Bundestagsvizepr\u00e4sidentin Katrin G\u00f6ring-Eckardt, bis 2021 Vorsitzende ihrer Partei, denkt in rassistischen Kategorien. Ein verungl\u00fcckter Tweet brachte es an den Tag. &#8220;Stellt euch kurz vor, da w\u00e4ren nur wei\u00dfe deutsche Spieler&#8221;, schrieb sie nach dem Sieg der deutschen Nationalelf gegen Ungarn bei der Europameisterschaft. Inzwischen ist der Tweet gel\u00f6scht, G\u00f6ring-Eckardt hat sich entschuldigt. Man k\u00f6nnte die Sache auf sich beruhen lassen, allerdings verdeutlicht das Geschehen etwas Grundlegendes: Die Gr\u00fcnen haben ein tief sitzendes Rassismusproblem.\u00a0<\/p>\n<p>Der Hinweis darauf, dass es sich um positive Diskriminierung handelt, weil G\u00f6ring-Eckardt darauf hinweisen wollte, dass die nicht deutschen Spieler eine Bereicherung f\u00fcr die Mannschaft seien, \u00e4ndert nichts an dem Problem. G\u00f6ring-Eckardts Kategorien des Denkens sind rassistisch.<\/p>\n<p>Nat\u00fcrlich h\u00f6rt man unmittelbar die Einw\u00e4nde: die Gr\u00fcnen? Die Partei, die offen ist f\u00fcr Zuwanderung, die sich f\u00fcr Antidiskriminierung einsetzt, wie keine andere Partei? Die Partei der politischen Korrektheit, die auf diskriminierungsfreie Sprache bei sich und vor allem beim Gegen\u00fcber achtet? Ja, genau die.\u00a0<\/p>\n<p>Was G\u00f6ring-Eckardts Entgleisung zeigt, ist, wie wenig habituell Antirassismus bei ihr verwurzelt ist. Hautfarbe und Herkunft sind wichtig. An ihnen wird f\u00fcr G\u00f6ring-Eckardt der Wert und die Wertigkeit des jeweiligen Menschen sichtbar.<\/p>\n<p>Es geht aber noch weiter. Der Antirassismus ist bei den Gr\u00fcnen nicht nur nicht habituell, er ist vor allem nicht universal. Es gibt nat\u00fcrlich ethnische Gruppen, gegen\u00fcber denen die Gr\u00fcnen als Partei offen diskriminierenden Rassismus pflegen: Russen zum Beispiel.\u00a0<\/p>\n<p>Wer die <a rel=\"nofollow noopener\" target=\"_blank\" href=\"https:\/\/www.ardmediathek.de\/video\/maischberger\/sahra-wagenknecht-und-katrin-goering-eckardt-ueber-ampel-politik-und-ukraine-krieg\/das-erste\/Y3JpZDovL2Rhc2Vyc3RlLmRlL21lbnNjaGVuIGJlaSBtYWlzY2hiZXJnZXIvZTdhM2E0MmUtZjFiZS00ZGZhLWE2OGYtMDU2YmViZmVmYWU5\">Diskussion<\/a> zwischen Katrin G\u00f6ring-Eckardt und Sahra Wagenknecht bei <em>Maischberger<\/em> im April verfolgt hat, der kennt G\u00f6ring-Eckardts Russenbild. Der Russe ist heimt\u00fcckisch, er l\u00fcgt, sein Wort z\u00e4hlt nichts, er vergewaltigt, brandschatzt und er entf\u00fchrt kleine Kinder. Vor allem ist er f\u00fcr Argumente und Vernunft nicht zug\u00e4nglich, weswegen Gespr\u00e4che und Verhandlungen mit dem Russen gar nichts bringen. Man muss ihn H\u00e4rte sp\u00fcren lassen, das ist die einzige Sprache, die er versteht. H\u00f6rt man G\u00f6ring-Eckardt zu, f\u00fchlt man sich um 80 Jahre zur\u00fcckversetzt. Vor allem die Gr\u00fcnen haben nichts aus der Geschichte gelernt.<\/p>\n<p>Falls jemand ein Beispiel f\u00fcr reinen Rassismus gegen\u00fcber Slawen braucht, G\u00f6ring-Eckardt hat bei <em>Maischberger<\/em> eines vorgef\u00fchrt. Dabei ist G\u00f6ring-Eckardt mit diesem spezifischen, gegen Russen gerichteten Rassismus in ihrer Partei keineswegs allein. Russophobie und Slawenhass wird bei den Gr\u00fcnen offen gepflegt. Die Scheinargumente, zu denen Gr\u00fcne greifen und begr\u00fcnden, warum mehr Waffen und weniger Diplomatie im Ukraine-Konflikt gebraucht werden, wurzeln alle in dieser spezifischen Form des Rassismus, der sich an die Lehre vom Untermenschen anlehnt. Sie sind zudem bereit, die Ukrainer bis zum letzten Mann zu opfern. Sie verdienen in\u00a0den\u00a0Augen der gr\u00fcnen Bubble keinen Frieden und sollen nicht leben. Sie sollen die liberalen Werte verteidigen.\u00a0\u00a0<\/p>\n<p>Auch die deutsche Au\u00dfenministerin schreckt vor der Instrumentalisierung rassistischer Klischees nicht zur\u00fcck. Aktuell sieht sie sich dem Vorwurf der L\u00fcge ausgesetzt. Baerbock hat behauptet, bei ihrem Besuch in Israel sei ihr Videomaterial gezeigt worden, aus dem hervorgeht, dass Hamas-K\u00e4mpfer eine Frau vor laufender Kamera vergewaltigt haben. Nun haben aber weder der israelische Geheimdienst noch das israelische Milit\u00e4r oder die zust\u00e4ndige UN-Mission Kenntnis von derartigen Aufnahmen Kenntnis.\u00a0<\/p>\n<p>Der Verdacht ist eindeutig: Baerbock bedient sich zur Propaganda eines rassistischen Klischees: der wilde Muselmane, der seinen Sexualtrieb nicht unter Kontrolle hat und dem die Erniedrigung von Frauen reiner Genuss ist. Er braucht westliche Domestizierung.<\/p>\n<p>Ja, die Gr\u00fcnen sind eine Partei, in der ein typisch deutscher Rassismus offen und ohne gro\u00dfen gesellschaftlichen Widerspruch gelebt wird, denn er passt in die Zeit. Er passt aber vor allem zur politischen Agenda der Gr\u00fcnen.<\/p>\n<p>Gegen\u00fcber Gruppen und V\u00f6lkern, die sich den imperialistischen Allmachtsfantasien eines gr\u00fcn angepinselten westlichen Imperialismus widersetzen, z\u00fccken die Gr\u00fcnen die rassistische Karte. Der Tweet G\u00f6ring-Eckardts ist kein Ausrutscher, es ist kein Versehen \u2013 er verweist auf ein signifikant gr\u00fcnes Problem.\u00a0<\/p>\n<p>Die Gr\u00fcnen behaupten, sie seien Antirassisten. Das Gegenteil ist der Fall, denn sie instrumentalisieren Rassismus f\u00fcr ihre politischen Zwecke. Rassistische Kategorien, die widerw\u00e4rtigsten Klischees sind tief in der Partei verankert. Als Gr\u00e4uelpropaganda werden sie benutzt, um Krieg und Waffenlieferungen zu legitimieren. In Form von positiver Diskriminierung werden sie benutzt, um Sprechverbote zu erteilen und gegen Andersdenkende zu hetzen. Die Gr\u00fcnen tragen zur \u00dcberwindung von Rassismus nichts bei, denn sie haben Rassismus zu ihrem wichtigsten politischen Argument gemacht. Seine Verwendung macht sie genau zu jenen aus der Zivilisation gefallenen\u00a0Barbaren, die sie gern in anderen ethnischen Gruppen, in politisch Andersdenkenden und in anderen V\u00f6lkern identifizieren.\u00a0<\/p>\n<p><strong>Mehr zum Thema<\/strong>\u00a0\u2013 <a rel=\"nofollow noopener\" target=\"_blank\" href=\"https:\/\/freedert.online\/meinung\/207473-georgien-und-demokratieverachtung-deutscher-politiker\/\">Georgien und die Demokratieverachtung deutscher Politiker<\/a><\/p>\n<div class=\"EmbedBlock-root EmbedBlock-externalVideo EmbedBlock-odysee\">\n<div class=\"VkEmbed\"><iframe class=\"lazyload\" data-src=\"https:\/\/odysee.com\/%24\/embed\/%40RTDE%3Ae%2FKamala-Harris-Wir-unterst%C3%BCtzen-Ukraine-nicht-aus-N%C3%A4chstenliebe-sondern-aus-strategischem-Interesse%3A4\" frameborder=\"0\" width=\"853\" height=\"480\" allowfullscreen><\/iframe><\/div>\n<\/div>\n<\/div>\n<p><br \/>\n<br \/><a href=\"https:\/\/de.rt.com\/meinung\/209811-tweet-von-goering-eckardt-entlarvt\/\">Source link <\/a><\/p>\n","protected":false},"excerpt":{"rendered":"<p>Katrin G\u00f6ring-Eckardt hat mit einem Tweet auf ein Problem ihrer Partei aufmerksam gemacht. Die Gr\u00fcnen denken in rassistischen Kategorien und bedienen sich rassistischer Klischees in der Argumentation, wenn es um die Durchsetzung ihrer Agenda geht. An Antirassismus haben sie kein Interesse. Von Gert Ewen Ungar Jetzt haben es auch jene gemerkt, die es bisher nicht [&hellip;]<\/p>\n","protected":false},"author":3,"featured_media":62617,"comment_status":"open","ping_status":"open","sticky":false,"template":"","format":"standard","meta":{"_yoast_indexnow_last_ping":["1718944305"],"wp_automatic_camp":["217"],"b24174b8bdf7382fa666a9a08bb31e46":["Ein Tweet von G\u00f6ring-Eckardt entlarvt gr\u00fcnen Rassismus"],"original_link":["https:\/\/de.rt.com\/meinung\/209811-tweet-von-goering-eckardt-entlarvt\/"],"_thumbnail_id":["62617"],"jnews_social_counter_last_update":["1777355714"],"_wptgpro_p2tg_sent2tg":["a:1:{i:23737;s:19:\"2024-06-21 06:32:46\";}"]},"categories":[19,23],"tags":[357,18820,29728,594,22844,12040,50],"yoast_head":"<!-- This site is optimized with the Yoast SEO Premium plugin v22.7 (Yoast SEO v22.7) - https:\/\/yoast.com\/wordpress\/plugins\/seo\/ -->\n<title>Ein Tweet von G\u00f6ring-Eckardt entlarvt gr\u00fcnen Rassismus - just-now.NEWS Deutschland<\/title>\n<meta name=\"robots\" content=\"index, follow, max-snippet:-1, max-image-preview:large, max-video-preview:-1\" \/>\n<link rel=\"canonical\" href=\"https:\/\/now-news.de\/de\/deutschland\/ein-tweet-von-goering-eckardt-entlarvt-gruenen-rassismus\/\" \/>\n<meta property=\"og:locale\" content=\"de_DE\" \/>\n<meta property=\"og:type\" content=\"article\" \/>\n<meta property=\"og:title\" content=\"Ein Tweet von G\u00f6ring-Eckardt entlarvt gr\u00fcnen Rassismus\" \/>\n<meta property=\"og:description\" content=\"Katrin G\u00f6ring-Eckardt hat mit einem Tweet auf ein Problem ihrer Partei aufmerksam gemacht. Die Gr\u00fcnen denken in rassistischen Kategorien und bedienen sich rassistischer Klischees in der Argumentation, wenn es um die Durchsetzung ihrer Agenda geht. An Antirassismus haben sie kein Interesse. Von Gert Ewen Ungar Jetzt haben es auch jene gemerkt, die es bisher nicht [&hellip;]\" \/>\n<meta property=\"og:url\" content=\"https:\/\/now-news.de\/de\/deutschland\/ein-tweet-von-goering-eckardt-entlarvt-gruenen-rassismus\/\" \/>\n<meta property=\"og:site_name\" content=\"just-now.NEWS Deutschland\" \/>\n<meta property=\"article:publisher\" content=\"https:\/\/www.facebook.com\/wirmachenauf\" \/>\n<meta property=\"article:published_time\" content=\"2024-06-21T04:30:00+00:00\" \/>\n<meta property=\"og:image\" content=\"https:\/\/now-news.de\/de\/wp-content\/uploads\/sites\/3\/2024\/06\/667441b4b480cc6c6b6808d4.jpg\" \/>\n<meta name=\"author\" content=\"rtnews\" \/>\n<meta name=\"twitter:card\" content=\"summary_large_image\" \/>\n<meta name=\"twitter:creator\" content=\"@WirMachenAuf_de\" \/>\n<meta name=\"twitter:site\" content=\"@WirMachenAuf_de\" \/>\n<meta name=\"twitter:label1\" content=\"Verfasst von\" \/>\n\t<meta name=\"twitter:data1\" content=\"rtnews\" \/>\n\t<meta name=\"twitter:label2\" content=\"Gesch\u00e4tzte Lesezeit\" \/>\n\t<meta name=\"twitter:data2\" content=\"4\u00a0Minuten\" \/>\n<script type=\"application\/ld+json\" class=\"yoast-schema-graph\">{\"@context\":\"https:\/\/schema.org\",\"@graph\":[{\"@type\":\"Article\",\"@id\":\"https:\/\/now-news.de\/de\/deutschland\/ein-tweet-von-goering-eckardt-entlarvt-gruenen-rassismus\/#article\",\"isPartOf\":{\"@id\":\"https:\/\/now-news.de\/de\/deutschland\/ein-tweet-von-goering-eckardt-entlarvt-gruenen-rassismus\/\"},\"author\":{\"name\":\"rtnews\",\"@id\":\"https:\/\/now-news.de\/de\/#\/schema\/person\/fb534a4e865501d8b3285208df34a9b5\"},\"headline\":\"Ein Tweet von G\u00f6ring-Eckardt entlarvt gr\u00fcnen Rassismus\",\"datePublished\":\"2024-06-21T04:30:00+00:00\",\"dateModified\":\"2024-06-21T04:30:00+00:00\",\"mainEntityOfPage\":{\"@id\":\"https:\/\/now-news.de\/de\/deutschland\/ein-tweet-von-goering-eckardt-entlarvt-gruenen-rassismus\/\"},\"wordCount\":896,\"commentCount\":0,\"publisher\":{\"@id\":\"https:\/\/now-news.de\/de\/#organization\"},\"image\":{\"@id\":\"https:\/\/now-news.de\/de\/deutschland\/ein-tweet-von-goering-eckardt-entlarvt-gruenen-rassismus\/#primaryimage\"},\"thumbnailUrl\":\"https:\/\/now-news.de\/de\/wp-content\/uploads\/sites\/3\/2024\/06\/Ein-Tweet-von-Goering-Eckardt-entlarvt-gruenen-Rassismus.jpg\",\"keywords\":[\"ein\",\"entlarvt\",\"G\u00f6ringEckardt\",\"GR\u00dcNEN\",\"Rassismus\",\"TWEET\",\"von\"],\"articleSection\":[\"Deutschland\",\"Russland\"],\"inLanguage\":\"de\",\"potentialAction\":[{\"@type\":\"CommentAction\",\"name\":\"Comment\",\"target\":[\"https:\/\/now-news.de\/de\/deutschland\/ein-tweet-von-goering-eckardt-entlarvt-gruenen-rassismus\/#respond\"]}]},{\"@type\":\"WebPage\",\"@id\":\"https:\/\/now-news.de\/de\/deutschland\/ein-tweet-von-goering-eckardt-entlarvt-gruenen-rassismus\/\",\"url\":\"https:\/\/now-news.de\/de\/deutschland\/ein-tweet-von-goering-eckardt-entlarvt-gruenen-rassismus\/\",\"name\":\"Ein Tweet von G\u00f6ring-Eckardt entlarvt gr\u00fcnen Rassismus - just-now.NEWS Deutschland\",\"isPartOf\":{\"@id\":\"https:\/\/now-news.de\/de\/#website\"},\"primaryImageOfPage\":{\"@id\":\"https:\/\/now-news.de\/de\/deutschland\/ein-tweet-von-goering-eckardt-entlarvt-gruenen-rassismus\/#primaryimage\"},\"image\":{\"@id\":\"https:\/\/now-news.de\/de\/deutschland\/ein-tweet-von-goering-eckardt-entlarvt-gruenen-rassismus\/#primaryimage\"},\"thumbnailUrl\":\"https:\/\/now-news.de\/de\/wp-content\/uploads\/sites\/3\/2024\/06\/Ein-Tweet-von-Goering-Eckardt-entlarvt-gruenen-Rassismus.jpg\",\"datePublished\":\"2024-06-21T04:30:00+00:00\",\"dateModified\":\"2024-06-21T04:30:00+00:00\",\"breadcrumb\":{\"@id\":\"https:\/\/now-news.de\/de\/deutschland\/ein-tweet-von-goering-eckardt-entlarvt-gruenen-rassismus\/#breadcrumb\"},\"inLanguage\":\"de\",\"potentialAction\":[{\"@type\":\"ReadAction\",\"target\":[\"https:\/\/now-news.de\/de\/deutschland\/ein-tweet-von-goering-eckardt-entlarvt-gruenen-rassismus\/\"]}]},{\"@type\":\"ImageObject\",\"inLanguage\":\"de\",\"@id\":\"https:\/\/now-news.de\/de\/deutschland\/ein-tweet-von-goering-eckardt-entlarvt-gruenen-rassismus\/#primaryimage\",\"url\":\"https:\/\/now-news.de\/de\/wp-content\/uploads\/sites\/3\/2024\/06\/Ein-Tweet-von-Goering-Eckardt-entlarvt-gruenen-Rassismus.jpg\",\"contentUrl\":\"https:\/\/now-news.de\/de\/wp-content\/uploads\/sites\/3\/2024\/06\/Ein-Tweet-von-Goering-Eckardt-entlarvt-gruenen-Rassismus.jpg\",\"width\":460,\"height\":259,\"caption\":\"Ein Tweet von G\u00f6ring-Eckardt entlarvt gr\u00fcnen Rassismus\"},{\"@type\":\"BreadcrumbList\",\"@id\":\"https:\/\/now-news.de\/de\/deutschland\/ein-tweet-von-goering-eckardt-entlarvt-gruenen-rassismus\/#breadcrumb\",\"itemListElement\":[{\"@type\":\"ListItem\",\"position\":1,\"name\":\"Home\",\"item\":\"https:\/\/now-news.de\/de\/\"},{\"@type\":\"ListItem\",\"position\":2,\"name\":\"Ein Tweet von G\u00f6ring-Eckardt entlarvt gr\u00fcnen Rassismus\"}]},{\"@type\":\"WebSite\",\"@id\":\"https:\/\/now-news.de\/de\/#website\",\"url\":\"https:\/\/now-news.de\/de\/\",\"name\":\"just-now.NEWS Deutschland\",\"description\":\"Das Portal f\u00fcr unzensierte Nachrichten aus der Welt\",\"publisher\":{\"@id\":\"https:\/\/now-news.de\/de\/#organization\"},\"potentialAction\":[{\"@type\":\"SearchAction\",\"target\":{\"@type\":\"EntryPoint\",\"urlTemplate\":\"https:\/\/now-news.de\/de\/?s={search_term_string}\"},\"query-input\":\"required name=search_term_string\"}],\"inLanguage\":\"de\"},{\"@type\":\"Organization\",\"@id\":\"https:\/\/now-news.de\/de\/#organization\",\"name\":\"Just Now News\",\"url\":\"https:\/\/now-news.de\/de\/\",\"logo\":{\"@type\":\"ImageObject\",\"inLanguage\":\"de\",\"@id\":\"https:\/\/now-news.de\/de\/#\/schema\/logo\/image\/\",\"url\":\"http:\/\/just-now.news\/de\/wp-content\/uploads\/sites\/3\/2022\/04\/logo500x500.jpg\",\"contentUrl\":\"http:\/\/just-now.news\/de\/wp-content\/uploads\/sites\/3\/2022\/04\/logo500x500.jpg\",\"width\":500,\"height\":500,\"caption\":\"Just Now News\"},\"image\":{\"@id\":\"https:\/\/now-news.de\/de\/#\/schema\/logo\/image\/\"},\"sameAs\":[\"https:\/\/www.facebook.com\/wirmachenauf\",\"https:\/\/x.com\/WirMachenAuf_de\"]},{\"@type\":\"Person\",\"@id\":\"https:\/\/now-news.de\/de\/#\/schema\/person\/fb534a4e865501d8b3285208df34a9b5\",\"name\":\"rtnews\",\"image\":{\"@type\":\"ImageObject\",\"inLanguage\":\"de\",\"@id\":\"https:\/\/now-news.de\/de\/#\/schema\/person\/image\/\",\"url\":\"https:\/\/secure.gravatar.com\/avatar\/82aafea7d8127119dd649515f56e2117?s=96&d=mm&r=g\",\"contentUrl\":\"https:\/\/secure.gravatar.com\/avatar\/82aafea7d8127119dd649515f56e2117?s=96&d=mm&r=g\",\"caption\":\"rtnews\"},\"url\":\"https:\/\/now-news.de\/de\/author\/rnews\/\"}]}<\/script>\n<!-- \/ Yoast SEO Premium plugin. -->","yoast_head_json":{"title":"Ein Tweet von G\u00f6ring-Eckardt entlarvt gr\u00fcnen Rassismus - just-now.NEWS Deutschland","robots":{"index":"index","follow":"follow","max-snippet":"max-snippet:-1","max-image-preview":"max-image-preview:large","max-video-preview":"max-video-preview:-1"},"canonical":"https:\/\/now-news.de\/de\/deutschland\/ein-tweet-von-goering-eckardt-entlarvt-gruenen-rassismus\/","og_locale":"de_DE","og_type":"article","og_title":"Ein Tweet von G\u00f6ring-Eckardt entlarvt gr\u00fcnen Rassismus","og_description":"Katrin G\u00f6ring-Eckardt hat mit einem Tweet auf ein Problem ihrer Partei aufmerksam gemacht. Die Gr\u00fcnen denken in rassistischen Kategorien und bedienen sich rassistischer Klischees in der Argumentation, wenn es um die Durchsetzung ihrer Agenda geht. An Antirassismus haben sie kein Interesse. Von Gert Ewen Ungar Jetzt haben es auch jene gemerkt, die es bisher nicht [&hellip;]","og_url":"https:\/\/now-news.de\/de\/deutschland\/ein-tweet-von-goering-eckardt-entlarvt-gruenen-rassismus\/","og_site_name":"just-now.NEWS Deutschland","article_publisher":"https:\/\/www.facebook.com\/wirmachenauf","article_published_time":"2024-06-21T04:30:00+00:00","og_image":[{"url":"https:\/\/now-news.de\/de\/wp-content\/uploads\/sites\/3\/2024\/06\/667441b4b480cc6c6b6808d4.jpg"}],"author":"rtnews","twitter_card":"summary_large_image","twitter_creator":"@WirMachenAuf_de","twitter_site":"@WirMachenAuf_de","twitter_misc":{"Verfasst von":"rtnews","Gesch\u00e4tzte Lesezeit":"4\u00a0Minuten"},"schema":{"@context":"https:\/\/schema.org","@graph":[{"@type":"Article","@id":"https:\/\/now-news.de\/de\/deutschland\/ein-tweet-von-goering-eckardt-entlarvt-gruenen-rassismus\/#article","isPartOf":{"@id":"https:\/\/now-news.de\/de\/deutschland\/ein-tweet-von-goering-eckardt-entlarvt-gruenen-rassismus\/"},"author":{"name":"rtnews","@id":"https:\/\/now-news.de\/de\/#\/schema\/person\/fb534a4e865501d8b3285208df34a9b5"},"headline":"Ein Tweet von G\u00f6ring-Eckardt entlarvt gr\u00fcnen Rassismus","datePublished":"2024-06-21T04:30:00+00:00","dateModified":"2024-06-21T04:30:00+00:00","mainEntityOfPage":{"@id":"https:\/\/now-news.de\/de\/deutschland\/ein-tweet-von-goering-eckardt-entlarvt-gruenen-rassismus\/"},"wordCount":896,"commentCount":0,"publisher":{"@id":"https:\/\/now-news.de\/de\/#organization"},"image":{"@id":"https:\/\/now-news.de\/de\/deutschland\/ein-tweet-von-goering-eckardt-entlarvt-gruenen-rassismus\/#primaryimage"},"thumbnailUrl":"https:\/\/now-news.de\/de\/wp-content\/uploads\/sites\/3\/2024\/06\/Ein-Tweet-von-Goering-Eckardt-entlarvt-gruenen-Rassismus.jpg","keywords":["ein","entlarvt","G\u00f6ringEckardt","GR\u00dcNEN","Rassismus","TWEET","von"],"articleSection":["Deutschland","Russland"],"inLanguage":"de","potentialAction":[{"@type":"CommentAction","name":"Comment","target":["https:\/\/now-news.de\/de\/deutschland\/ein-tweet-von-goering-eckardt-entlarvt-gruenen-rassismus\/#respond"]}]},{"@type":"WebPage","@id":"https:\/\/now-news.de\/de\/deutschland\/ein-tweet-von-goering-eckardt-entlarvt-gruenen-rassismus\/","url":"https:\/\/now-news.de\/de\/deutschland\/ein-tweet-von-goering-eckardt-entlarvt-gruenen-rassismus\/","name":"Ein Tweet von G\u00f6ring-Eckardt entlarvt gr\u00fcnen Rassismus - just-now.NEWS Deutschland","isPartOf":{"@id":"https:\/\/now-news.de\/de\/#website"},"primaryImageOfPage":{"@id":"https:\/\/now-news.de\/de\/deutschland\/ein-tweet-von-goering-eckardt-entlarvt-gruenen-rassismus\/#primaryimage"},"image":{"@id":"https:\/\/now-news.de\/de\/deutschland\/ein-tweet-von-goering-eckardt-entlarvt-gruenen-rassismus\/#primaryimage"},"thumbnailUrl":"https:\/\/now-news.de\/de\/wp-content\/uploads\/sites\/3\/2024\/06\/Ein-Tweet-von-Goering-Eckardt-entlarvt-gruenen-Rassismus.jpg","datePublished":"2024-06-21T04:30:00+00:00","dateModified":"2024-06-21T04:30:00+00:00","breadcrumb":{"@id":"https:\/\/now-news.de\/de\/deutschland\/ein-tweet-von-goering-eckardt-entlarvt-gruenen-rassismus\/#breadcrumb"},"inLanguage":"de","potentialAction":[{"@type":"ReadAction","target":["https:\/\/now-news.de\/de\/deutschland\/ein-tweet-von-goering-eckardt-entlarvt-gruenen-rassismus\/"]}]},{"@type":"ImageObject","inLanguage":"de","@id":"https:\/\/now-news.de\/de\/deutschland\/ein-tweet-von-goering-eckardt-entlarvt-gruenen-rassismus\/#primaryimage","url":"https:\/\/now-news.de\/de\/wp-content\/uploads\/sites\/3\/2024\/06\/Ein-Tweet-von-Goering-Eckardt-entlarvt-gruenen-Rassismus.jpg","contentUrl":"https:\/\/now-news.de\/de\/wp-content\/uploads\/sites\/3\/2024\/06\/Ein-Tweet-von-Goering-Eckardt-entlarvt-gruenen-Rassismus.jpg","width":460,"height":259,"caption":"Ein Tweet von G\u00f6ring-Eckardt entlarvt gr\u00fcnen Rassismus"},{"@type":"BreadcrumbList","@id":"https:\/\/now-news.de\/de\/deutschland\/ein-tweet-von-goering-eckardt-entlarvt-gruenen-rassismus\/#breadcrumb","itemListElement":[{"@type":"ListItem","position":1,"name":"Home","item":"https:\/\/now-news.de\/de\/"},{"@type":"ListItem","position":2,"name":"Ein Tweet von G\u00f6ring-Eckardt entlarvt gr\u00fcnen Rassismus"}]},{"@type":"WebSite","@id":"https:\/\/now-news.de\/de\/#website","url":"https:\/\/now-news.de\/de\/","name":"just-now.NEWS Deutschland","description":"Das Portal f\u00fcr unzensierte Nachrichten aus der Welt","publisher":{"@id":"https:\/\/now-news.de\/de\/#organization"},"potentialAction":[{"@type":"SearchAction","target":{"@type":"EntryPoint","urlTemplate":"https:\/\/now-news.de\/de\/?s={search_term_string}"},"query-input":"required name=search_term_string"}],"inLanguage":"de"},{"@type":"Organization","@id":"https:\/\/now-news.de\/de\/#organization","name":"Just Now News","url":"https:\/\/now-news.de\/de\/","logo":{"@type":"ImageObject","inLanguage":"de","@id":"https:\/\/now-news.de\/de\/#\/schema\/logo\/image\/","url":"http:\/\/just-now.news\/de\/wp-content\/uploads\/sites\/3\/2022\/04\/logo500x500.jpg","contentUrl":"http:\/\/just-now.news\/de\/wp-content\/uploads\/sites\/3\/2022\/04\/logo500x500.jpg","width":500,"height":500,"caption":"Just Now News"},"image":{"@id":"https:\/\/now-news.de\/de\/#\/schema\/logo\/image\/"},"sameAs":["https:\/\/www.facebook.com\/wirmachenauf","https:\/\/x.com\/WirMachenAuf_de"]},{"@type":"Person","@id":"https:\/\/now-news.de\/de\/#\/schema\/person\/fb534a4e865501d8b3285208df34a9b5","name":"rtnews","image":{"@type":"ImageObject","inLanguage":"de","@id":"https:\/\/now-news.de\/de\/#\/schema\/person\/image\/","url":"https:\/\/secure.gravatar.com\/avatar\/82aafea7d8127119dd649515f56e2117?s=96&d=mm&r=g","contentUrl":"https:\/\/secure.gravatar.com\/avatar\/82aafea7d8127119dd649515f56e2117?s=96&d=mm&r=g","caption":"rtnews"},"url":"https:\/\/now-news.de\/de\/author\/rnews\/"}]}},"_links":{"self":[{"href":"https:\/\/now-news.de\/de\/wp-json\/wp\/v2\/posts\/62616"}],"collection":[{"href":"https:\/\/now-news.de\/de\/wp-json\/wp\/v2\/posts"}],"about":[{"href":"https:\/\/now-news.de\/de\/wp-json\/wp\/v2\/types\/post"}],"author":[{"embeddable":true,"href":"https:\/\/now-news.de\/de\/wp-json\/wp\/v2\/users\/3"}],"replies":[{"embeddable":true,"href":"https:\/\/now-news.de\/de\/wp-json\/wp\/v2\/comments?post=62616"}],"version-history":[{"count":0,"href":"https:\/\/now-news.de\/de\/wp-json\/wp\/v2\/posts\/62616\/revisions"}],"wp:featuredmedia":[{"embeddable":true,"href":"https:\/\/now-news.de\/de\/wp-json\/wp\/v2\/media\/62617"}],"wp:attachment":[{"href":"https:\/\/now-news.de\/de\/wp-json\/wp\/v2\/media?parent=62616"}],"wp:term":[{"taxonomy":"category","embeddable":true,"href":"https:\/\/now-news.de\/de\/wp-json\/wp\/v2\/categories?post=62616"},{"taxonomy":"post_tag","embeddable":true,"href":"https:\/\/now-news.de\/de\/wp-json\/wp\/v2\/tags?post=62616"}],"curies":[{"name":"wp","href":"https:\/\/api.w.org\/{rel}","templated":true}]}}