{"id":62448,"date":"2024-06-20T17:38:27","date_gmt":"2024-06-20T15:38:27","guid":{"rendered":"https:\/\/now-news.de\/de\/deutschland\/kinderquaeler-messerstecher-die-dunkle-seite-der-migration\/"},"modified":"2024-06-20T17:38:27","modified_gmt":"2024-06-20T15:38:27","slug":"kinderquaeler-messerstecher-die-dunkle-seite-der-migration","status":"publish","type":"post","link":"https:\/\/now-news.de\/de\/deutschland\/kinderquaeler-messerstecher-die-dunkle-seite-der-migration\/","title":{"rendered":"Kinderqu\u00e4ler, Messerstecher \u2013 die dunkle Seite der Migration"},"content":{"rendered":"<p><img decoding=\"async\" src=\"https:\/\/now-news.de\/de\/wp-content\/uploads\/sites\/3\/2024\/06\/6674239048fbef64ff4a4135.jpg\" \/><\/p>\n<div class=\"Text-root Text-type_1 \">\n                Irgendetwas muss schiefgegangen sein bei der Willkommenskultur, wenn syrische und afghanische Jugendliche Kinder qu\u00e4len und t\u00e4glich irgendwo eine Messerstecherei berichtet wird. Das, was da sichtbar wird, ist eine Wut, die eigentlich viele Deutsche ebenfalls empfinden m\u00fcssten.\n            <\/div>\n<p><\/p>\n<div class=\"Text-root Text-type_5 ArticleView-text ViewText-root \">\n<p><em>Von Dagmar Henn<\/em><\/p>\n<p>Einzelne Vorf\u00e4lle wie in Gera machen es ebenso sichtbar wie die Statistik: Die Gewalt unter Jugendlichen nimmt zu, und immer h\u00e4ufiger findet sich die Konstellation einer ganzen Gruppe migrantischer Kids gegen einzelne Deutsche.<\/p>\n<p>Das ist eine Entwicklung, die einer tiefen sozialen Logik folgt. Das deutsche Schulsystem ist bekanntlich darauf gepolt, auszusortieren, die Eintrittskarte f\u00fcr die hochwertigere Bildung ist nach wie vor die Beherrschung des Deutschen, und nach wie vor lernen deutsche Lehrer, trotz einer vielerorts nicht deutschen Mehrheit, nicht, wie man dieses Deutsch als Zweitsprache angemessen vermittelt. Man h\u00e4lt es schlicht f\u00fcr normal, dass die meisten Kinder mit Migrationshintergrund ausgefiltert werden, und sp\u00e4testens in der vierten Klasse geben das die Lehrer auch deutlich genug zu verstehen.<\/p>\n<p>Nun, Gewalt erzeugt immer Gegengewalt. Das ist ein absolut unentrinnbares Gesetz. Was allerdings nicht bedeutet, dass die Gegengewalt einen engen r\u00e4umlichen, personellen oder auch qualitativen Bezug zur urspr\u00fcnglichen Gewalt hat. Das ganze deutsche Schulsystem beruht auf einem &#8220;jeder gegen jeden&#8221;, zuk\u00fcnftige Karrieren werden bereits bei Zehnj\u00e4hrigen zu- oder abgesprochen, und alle Freundschaften, die sich in den ersten vier Schuljahren gebildet haben, werden dauerhaft zerrissen \u2013 sage da einer, das ist keine Gewalt.<\/p>\n<p>In diesen Momenten, in denen, wie in Gera, eine Gruppe von Afghanen und Syrern \u00fcber einen Deutschen herf\u00e4llt, geschieht diese Gegenreaktion. Das soll jetzt nicht die T\u00e4ter entschuldigen, und sollte auch nicht die Konsequenz haben, ihnen gegen\u00fcber so zu agieren, als w\u00e4re das nichts; aber man muss die Mechanismen wahrnehmen, wenn man wirklich begreifen will, was da schiefl\u00e4uft \u2013 und warum das noch deutlich schlimmer werden wird.<\/p>\n<p>Diese eigenartige Konstellation: ein deutscher Jugendlicher gegen eine ganze Gruppe von Migranten, das ist auch eine Folge dessen, dass die deutsche Gesellschaft so gr\u00fcndlich dekollektiviert wurde. Die Neigung, sich in festen Gruppen zu bewegen, ist mittlerweile bei den &#8220;Biodeutschen&#8221; nur noch gering, ganz abgesehen davon, dass beispielsweise in Hauptschulen oft nur noch Einzelne \u00fcbrig sind. Diese anerzogene Vereinzelung funktioniert bei neu Zugewanderten noch nicht so richtig, die dem Muster folgen, das eigentlich f\u00fcr Jugendliche \u00fcblich ist, und sich in Gruppen zusammenfinden. Und nachdem selbst Zw\u00f6lfj\u00e4hrige nur selten so dumm sind, nicht zu erkennen, wenn sie aufs Abstellgleis geschoben wurden, ist auch der Zorn da, der sich dann gegen das schuldlose, aber verf\u00fcgbare Opfer richtet.<\/p>\n<p>Warum es das noch \u00f6fter geben wird? Man hat es den deutschen Armen weitgehend aberzogen, w\u00fctend zu sein; daf\u00fcr gibt es ja auch die endlose Propaganda, die behauptet, das Einkommen sei eine Frage der Leistung, und wer wenig Geld habe, habe auch wenig Geld verdient \u2013 ein eigenartiger s\u00e4kularer Calvinismus. Man m\u00fcsste angesichts der stetig schlechteren sozialen Lage eigentlich ein weitaus deutlicheres Ansteigen der Kriminalit\u00e4t unter den Deutschen erwarten, oder andere Anzeichen der Rebellion, aber da tut sich noch vergleichsweise wenig. Aber bei jenen, die noch die Erwartung eines besseren Lebens haben, funktioniert diese Dressur nicht.<\/p>\n<p>Das ist \u00fcbrigens keine blinde Vermutung, dass sich kriminelles Verhalten und soziale Unruhen aus derselben Quelle n\u00e4hren. Vor etwa vierzig Jahren war das ein in der Geschichtswissenschaft sehr popul\u00e4res Thema; diese Verbindung scheint nur in der Gegenwart \u00fcberraschend, aber in der Vergangenheit gab es, von Robin Hood \u00fcber St\u00f6rtebeker, Schinderhannes oder den R\u00e4uber Kneissl reihenweise Gestalten, die zumindest von der Bev\u00f6lkerung ihrer Zeit als Vertreter der Rebellion gesehen wurden. Statistisch ist das ohnehin au\u00dfer Frage \u2013 in einer vergleichsweise egalit\u00e4ren Gesellschaft gibt es weniger Verbrechen als in einer ungleichen. Jeder kennt wohl die Geschichte von den Schweden, die zumindest zu der Zeit, als sie noch ihrem Klischee entsprachen (inzwischen ist ja auch dort der Sozialstaat weitgehend geschliffen), die T\u00fcren ihrer H\u00e4user nicht verschlossen.<\/p>\n<p>So erschreckend Vorf\u00e4lle wie in Gera auch sind, die erwachsene Version ist noch deutlich schlimmer. Wie bei dem Messerstecher von Mannheim. Ein Mann, der als Jugendlicher nach Deutschland kam, anf\u00e4nglich ziemlich engagiert daran gearbeitet haben muss, Erfolg zu haben (ein Hauptschulabschluss ist eine echte Leistung, wenn man als halber Analphabet aus einem anderen Land ankommt und nicht nur die Sprache, sondern im Grunde auch den Stoff der ganzen Schulzeit lernen muss), dann sich als Hilfsarbeiter durchschlug und letztlich trotz Familie und Kindern, die eigentlich als stabilisierend gelten, auf offener Stra\u00dfe einen Polizisten ersticht.<\/p>\n<p>Man m\u00fcsste dar\u00fcber nicht l\u00e4nger nachdenken, wenn es der einzige Fall dieser Art w\u00e4re. Ist es aber nicht. Es gibt \u00c4hnlichkeiten etwa mit der Biografie des\u00a0<a rel=\"nofollow noopener\" target=\"_blank\" href=\"https:\/\/www.telepolis.de\/features\/Tatverdaechtiger-kurz-vor-Messerattacke-psychisch-unauffaellig-7472404.html\">T\u00e4ters<\/a>\u00a0von Brokstedt, der in einem Regionalzug im Januar 2023 zwei Mitpassagiere get\u00f6tet und vier zum Teil schwer verletzt hat. Jemand, der mit Anfang 20 nach Deutschland kam, der aber zwischen Obdachlosigkeit, Drogen und Haft unterging. Es gibt noch weitere F\u00e4lle dieser Art, die in einem Gewaltausbruch endeten, bei denen sich, wenn man die Geschichte des T\u00e4ters betrachtet, eine \u00e4hnliche Mischung aus scheinbarer F\u00fcrsorge und v\u00f6lliger Vernachl\u00e4ssigung findet.<\/p>\n<p>Man k\u00f6nnte sagen, solange die Jugendhilfe zust\u00e4ndig ist, sei alles gut. Der Hauptschulabschluss des Mannheimer Messerstechers war sicher auch eine Leistung der Jugendhilfe. Nur \u2013 wenn es um Berufsausbildungen geht, entscheidet dann &#8220;der Markt&#8221;. Da gibt es dann noch die Parkposition, Berufsvorbereitungsjahr oder \u00c4hnliches, aber danach kommt nichts mehr.<\/p>\n<p>Was auch damit zu tun hat, dass sich die ganze Landschaft des kleinen und mittleren Handwerks ver\u00e4ndert hat, die einst zumindest teilweise imstande war, Jugendliche aufzufangen und mit einer Berufsausbildung zu versehen. Es gibt einfach weit weniger davon. Daf\u00fcr muss man sich nur umsehen, wie viele richtige B\u00e4cker man noch sieht, die nicht nur Aufbacklokalit\u00e4ten von Nahrungsmittelkonzernen sind. Oder Metzger. Oder Klempner, Schlosser, Maler, Schreiner\u2026 Die Berufe, in die diese Jugendlichen einsteigen k\u00f6nnten, gibt es kaum mehr.<\/p>\n<p>Die verr\u00fcckteste Tatsache, die man entdeckt, wenn man derartige Biografien betrachtet, ist, dass man Jugendlichen, die straff\u00e4llig werden, mit milden Strafen oft keinen Gefallen tut. Warum? Weil es im Grunde im Jugendstrafrecht einen Anspruch auf Ausbildung gibt, dieser aber nicht greift, wenn die Haftstrafe zu kurz ist. W\u00e4hrend also wom\u00f6glich der Jugendrichter meint, dem Angeklagten einen Gefallen zu tun, wenn er ihn nicht drei Jahre, sondern sechs Monate oder gar nicht in Haft schickt, verhindert er damit die einzige Situation, in der es eine staatliche Pflicht zur Ausbildung gibt. (Wobei man selbstverst\u00e4ndlich auch zynisch annehmen kann, der wahre Grund sei Kostenersparnis \u2013 die Haft geht zulasten der Landeskasse, m\u00f6gliche Gewalttaten aber nicht).<\/p>\n<p>Das Problem ist nicht das System der dualen Berufsausbildung, also der Mischung aus Unterricht im Betrieb und in der Berufsschule. Dieses Konzept gilt als die tragf\u00e4higste Form beruflicher Ausbildung weltweit. Aber wer dort keinen Zugang findet, bleibt f\u00fcr den Rest seines Lebens drau\u00dfen. Pizzabote, Fahrradkurier, Putzhilfe. Oder nicht einmal das. Ausf\u00fchrungen \u00fcber den Wohnungsmarkt und die in Deutschland mittlerweile deutlich h\u00f6here Wahrscheinlichkeit, in der Wohnungslosigkeit zu landen, kann man sich in diesem Zusammenhang sparen.<\/p>\n<p>Ist es unverst\u00e4ndlich, wenn eine solche Lage gro\u00dfen Zorn hervorruft? Nein, ist es nicht. Die Normabweichung sind eher die zu braven Deutschen. Es ist nachvollziehbar, dass jemand, der beispielsweise wie besagter Mannheimer Messerstecher, mit gro\u00dfem Einsatz von Energie einen Bildungsstand nachgeholt hat, der f\u00fcr seine Ursprungsumgebung \u00fcberdurchschnittlich hoch w\u00e4re, nur um dann festzustellen, dass sich danach einfach niemand mehr f\u00fcr ihn interessiert und die ganze M\u00fche vergebens war. Darin eine tiefe pers\u00f6nliche Kr\u00e4nkung zu sehen, ist nicht ungew\u00f6hnlich.<\/p>\n<p>Das deutsche Sozialsystem arbeitet ebenfalls gern mit Kr\u00e4nkungen. Das wird jeder best\u00e4tigen k\u00f6nnen, der schon einmal mit Jobcentern zu tun hatte. Nicht umsonst sind diese Einrichtungen mit Sicherheitspersonal versehen. Entgegen der politischen Rhetorik, in der so gern von &#8220;Motivierung&#8221; und &#8220;F\u00f6rdern und Fordern&#8221; die Rede ist, geht es in der Praxis darum, den Willen zu brechen. Denn wenn eines in einer Lage des permanenten Mangels wirklich t\u00f6dlich ist, dann das Beharren auf der Hoffnung, dieser Zustand k\u00f6nne sich morgen \u00e4ndern.<\/p>\n<p>Verr\u00fcckterweise ist der Zorn, der bei diesen jungen M\u00e4nnern diese Exzesse der Gewalt ausl\u00f6st, an sich ein Zeichen der Lebendigkeit, weil er offen und wahrnehmbar und noch nicht hinter dem Schleier der Depression verborgen ist. Aber die Art und Weise, wie dieser Zorn zum Vorschein kommt, produziert dann weitere Opfer. Und weil es sich eben nicht um ein Einzelph\u00e4nomen handelt, entsteht so eine Lage, in der alle zum Opfer werden, au\u00dfer denjenigen, die vom stetigen Druck auf die L\u00f6hne profitieren, und jenen, die dank des Wohnungsmangels die Mieten nach oben schrauben k\u00f6nnen.<\/p>\n<p>Mit untr\u00fcglicher Sicherheit folgt auf die \u00dcberbetreuung, auf die gezuckerte L\u00fcge der &#8220;Willkommenskultur&#8221; die v\u00f6llige Vernachl\u00e4ssigung. Es ist in Deutschland kein Skandal, dass ein guter Teil der Menschen, die 2015 mit geradezu hysterischer Euphorie mit Teddyb\u00e4ren willkommen gehei\u00dfen wurden, fast zehn Jahre sp\u00e4ter immer noch in Notunterk\u00fcnften haust. Weil es n\u00e4mlich gar nicht um diese Menschen ging, sondern nur um das &#8220;virtue signalling&#8221;, das Vorzeigen der Tugend. W\u00e4hrend man \u00fcber die Messerstecher nicht sprechen darf, weshalb die Zusammenh\u00e4nge zwischen der freundlichen L\u00fcge zu Beginn, der kalten Schulter danach und der Explosion des Zorns auch nicht nachvollziehbar werden.<\/p>\n<p>Man soll ja nicht auf dumme Gedanken kommen, wie, dass eine Berufsausbildung und eine Wohnung eigentlich ein Menschenrecht sein m\u00fcssten. In einem Teil Deutschlands gab es das einmal. Auch ein Recht auf Arbeit. Brokstedt w\u00e4re damit vermutlich nie passiert. Aber weil das Leben von Gesellschaftsschichten idealisiert wird, in denen Drogenkonsum als Unterhaltung gilt, oder gar als Statussymbol, ist die Wahrnehmung verloren gegangen, dass der wahre Grund meistens ein ganz anderer ist, gleich, ob Alkohol oder andere Substanzen \u2013 das ganz gew\u00f6hnliche Elend. Umst\u00e4nde, die nur schwer auszuhalten sind, ohne irgendwie aus ihnen aussteigen zu k\u00f6nnen, und wenn es Illusion ist. Dass Drogenkonsum wie die Kriminalit\u00e4t mit der Armut verbunden sind, und eine Gesellschaft, die enormen Reichtum und Armut nebeneinander stellt, irgendwann von diesen h\u00e4sslichen Folgen beherrscht wird.<\/p>\n<p>Aber es sind nicht die Kinder der Wohlhabenden, die von migrantischen Jugendgangs gequ\u00e4lt werden, der Stra\u00dfenraub trifft selten die Milliard\u00e4re, sondern eher die Oma von nebenan, und die Messerstecher fahren auch nicht erst in die Villenviertel oder warten auf die Vorst\u00e4nde von Immobiliengesellschaften. Die Bef\u00fcrworter der unbegrenzten Migration bemerken nicht, dass sie alle zu Opfern machen, die nicht zu den oberen Schichten geh\u00f6ren (die sich immer \u00fcber g\u00fcnstiges Dienstpersonal freuen), weil ihnen das tats\u00e4chliche Schicksal ihrer vermeintlichen Lieblinge v\u00f6llig egal ist. Und solange in Deutschland weiter so getan wird, als h\u00e4tte man noch nie eine Ahnung von sozialen Zusammenh\u00e4ngen gehabt, und als w\u00e4re die Normalform des Homo sapiens der stets unterwerfungswillige deutsche Gymnasiallehrer, wird der Zorn, den die soziale Misere ausl\u00f6st, weiter jene treffen, die gerade nicht verantwortlich sind.<\/p>\n<p><strong>Mehr zum Thema<\/strong> &#8211; <a rel=\"nofollow noopener\" target=\"_blank\" href=\"https:\/\/freedert.online\/inland\/207990-asylantrag-mannheimer-messermoerders-wurde-2014\/\">Asylantrag des Mannheimer Messert\u00e4ters 2014 abgelehnt<\/a><\/p>\n<\/div>\n<p><br \/>\n<br \/><a href=\"https:\/\/de.rt.com\/meinung\/209781-kinderquaeler-messerstecher-dunkle-seite-migration\/\">Source link <\/a><\/p>\n","protected":false},"excerpt":{"rendered":"<p>Irgendetwas muss schiefgegangen sein bei der Willkommenskultur, wenn syrische und afghanische Jugendliche Kinder qu\u00e4len und t\u00e4glich irgendwo eine Messerstecherei berichtet wird. Das, was da sichtbar wird, ist eine Wut, die eigentlich viele Deutsche ebenfalls empfinden m\u00fcssten. Von Dagmar Henn Einzelne Vorf\u00e4lle wie in Gera machen es ebenso sichtbar wie die Statistik: Die Gewalt unter Jugendlichen [&hellip;]<\/p>\n","protected":false},"author":3,"featured_media":62449,"comment_status":"open","ping_status":"open","sticky":false,"template":"","format":"standard","meta":{"_yoast_indexnow_last_ping":["1718899061"],"wp_automatic_camp":["217"],"3fe3e61f6822b1d5a2fbeebb9d97c985":["Kinderqu\u00e4ler, Messerstecher \u2013 die dunkle Seite der Migration"],"original_link":["https:\/\/de.rt.com\/meinung\/209781-kinderquaeler-messerstecher-dunkle-seite-migration\/"],"_thumbnail_id":["62449"],"_wptgpro_p2tg_sent2tg":["a:1:{i:23737;s:19:\"2024-06-20 17:58:43\";}"],"jnews_social_counter_last_update":["1777298262"]},"categories":[19,23],"tags":[82,45,17386,55916,29306,28536,1934],"yoast_head":"<!-- This site is optimized with the Yoast SEO Premium plugin v22.7 (Yoast SEO v22.7) - https:\/\/yoast.com\/wordpress\/plugins\/seo\/ -->\n<title>Kinderqu\u00e4ler, Messerstecher \u2013 die dunkle Seite der Migration - just-now.NEWS Deutschland<\/title>\n<meta name=\"robots\" content=\"index, follow, max-snippet:-1, max-image-preview:large, max-video-preview:-1\" \/>\n<link rel=\"canonical\" href=\"https:\/\/now-news.de\/de\/deutschland\/kinderquaeler-messerstecher-die-dunkle-seite-der-migration\/\" \/>\n<meta property=\"og:locale\" content=\"de_DE\" \/>\n<meta property=\"og:type\" content=\"article\" \/>\n<meta property=\"og:title\" content=\"Kinderqu\u00e4ler, Messerstecher \u2013 die dunkle Seite der Migration\" \/>\n<meta property=\"og:description\" content=\"Irgendetwas muss schiefgegangen sein bei der Willkommenskultur, wenn syrische und afghanische Jugendliche Kinder qu\u00e4len und t\u00e4glich irgendwo eine Messerstecherei berichtet wird. Das, was da sichtbar wird, ist eine Wut, die eigentlich viele Deutsche ebenfalls empfinden m\u00fcssten. Von Dagmar Henn Einzelne Vorf\u00e4lle wie in Gera machen es ebenso sichtbar wie die Statistik: Die Gewalt unter Jugendlichen [&hellip;]\" \/>\n<meta property=\"og:url\" content=\"https:\/\/now-news.de\/de\/deutschland\/kinderquaeler-messerstecher-die-dunkle-seite-der-migration\/\" \/>\n<meta property=\"og:site_name\" content=\"just-now.NEWS Deutschland\" \/>\n<meta property=\"article:publisher\" content=\"https:\/\/www.facebook.com\/wirmachenauf\" \/>\n<meta property=\"article:published_time\" content=\"2024-06-20T15:38:27+00:00\" \/>\n<meta property=\"og:image\" content=\"https:\/\/now-news.de\/de\/wp-content\/uploads\/sites\/3\/2024\/06\/6674239048fbef64ff4a4135.jpg\" \/>\n<meta name=\"author\" content=\"rtnews\" \/>\n<meta name=\"twitter:card\" content=\"summary_large_image\" \/>\n<meta name=\"twitter:creator\" content=\"@WirMachenAuf_de\" \/>\n<meta name=\"twitter:site\" content=\"@WirMachenAuf_de\" \/>\n<meta name=\"twitter:label1\" content=\"Verfasst von\" \/>\n\t<meta name=\"twitter:data1\" content=\"rtnews\" \/>\n\t<meta name=\"twitter:label2\" content=\"Gesch\u00e4tzte Lesezeit\" \/>\n\t<meta name=\"twitter:data2\" content=\"9\u00a0Minuten\" \/>\n<script type=\"application\/ld+json\" class=\"yoast-schema-graph\">{\"@context\":\"https:\/\/schema.org\",\"@graph\":[{\"@type\":\"Article\",\"@id\":\"https:\/\/now-news.de\/de\/deutschland\/kinderquaeler-messerstecher-die-dunkle-seite-der-migration\/#article\",\"isPartOf\":{\"@id\":\"https:\/\/now-news.de\/de\/deutschland\/kinderquaeler-messerstecher-die-dunkle-seite-der-migration\/\"},\"author\":{\"name\":\"rtnews\",\"@id\":\"https:\/\/now-news.de\/de\/#\/schema\/person\/fb534a4e865501d8b3285208df34a9b5\"},\"headline\":\"Kinderqu\u00e4ler, Messerstecher \u2013 die dunkle Seite der Migration\",\"datePublished\":\"2024-06-20T15:38:27+00:00\",\"dateModified\":\"2024-06-20T15:38:27+00:00\",\"mainEntityOfPage\":{\"@id\":\"https:\/\/now-news.de\/de\/deutschland\/kinderquaeler-messerstecher-die-dunkle-seite-der-migration\/\"},\"wordCount\":1864,\"commentCount\":0,\"publisher\":{\"@id\":\"https:\/\/now-news.de\/de\/#organization\"},\"image\":{\"@id\":\"https:\/\/now-news.de\/de\/deutschland\/kinderquaeler-messerstecher-die-dunkle-seite-der-migration\/#primaryimage\"},\"thumbnailUrl\":\"https:\/\/now-news.de\/de\/wp-content\/uploads\/sites\/3\/2024\/06\/Kinderquaeler-Messerstecher-\u2013-die-dunkle-Seite-der-Migration.jpg\",\"keywords\":[\"der\",\"die\",\"DUNKLE\",\"Kinderqu\u00e4ler\",\"Messerstecher\",\"Migration\",\"Seite\"],\"articleSection\":[\"Deutschland\",\"Russland\"],\"inLanguage\":\"de\",\"potentialAction\":[{\"@type\":\"CommentAction\",\"name\":\"Comment\",\"target\":[\"https:\/\/now-news.de\/de\/deutschland\/kinderquaeler-messerstecher-die-dunkle-seite-der-migration\/#respond\"]}]},{\"@type\":\"WebPage\",\"@id\":\"https:\/\/now-news.de\/de\/deutschland\/kinderquaeler-messerstecher-die-dunkle-seite-der-migration\/\",\"url\":\"https:\/\/now-news.de\/de\/deutschland\/kinderquaeler-messerstecher-die-dunkle-seite-der-migration\/\",\"name\":\"Kinderqu\u00e4ler, Messerstecher \u2013 die dunkle Seite der Migration - just-now.NEWS Deutschland\",\"isPartOf\":{\"@id\":\"https:\/\/now-news.de\/de\/#website\"},\"primaryImageOfPage\":{\"@id\":\"https:\/\/now-news.de\/de\/deutschland\/kinderquaeler-messerstecher-die-dunkle-seite-der-migration\/#primaryimage\"},\"image\":{\"@id\":\"https:\/\/now-news.de\/de\/deutschland\/kinderquaeler-messerstecher-die-dunkle-seite-der-migration\/#primaryimage\"},\"thumbnailUrl\":\"https:\/\/now-news.de\/de\/wp-content\/uploads\/sites\/3\/2024\/06\/Kinderquaeler-Messerstecher-\u2013-die-dunkle-Seite-der-Migration.jpg\",\"datePublished\":\"2024-06-20T15:38:27+00:00\",\"dateModified\":\"2024-06-20T15:38:27+00:00\",\"breadcrumb\":{\"@id\":\"https:\/\/now-news.de\/de\/deutschland\/kinderquaeler-messerstecher-die-dunkle-seite-der-migration\/#breadcrumb\"},\"inLanguage\":\"de\",\"potentialAction\":[{\"@type\":\"ReadAction\",\"target\":[\"https:\/\/now-news.de\/de\/deutschland\/kinderquaeler-messerstecher-die-dunkle-seite-der-migration\/\"]}]},{\"@type\":\"ImageObject\",\"inLanguage\":\"de\",\"@id\":\"https:\/\/now-news.de\/de\/deutschland\/kinderquaeler-messerstecher-die-dunkle-seite-der-migration\/#primaryimage\",\"url\":\"https:\/\/now-news.de\/de\/wp-content\/uploads\/sites\/3\/2024\/06\/Kinderquaeler-Messerstecher-\u2013-die-dunkle-Seite-der-Migration.jpg\",\"contentUrl\":\"https:\/\/now-news.de\/de\/wp-content\/uploads\/sites\/3\/2024\/06\/Kinderquaeler-Messerstecher-\u2013-die-dunkle-Seite-der-Migration.jpg\",\"width\":460,\"height\":259,\"caption\":\"Kinderqu\u00e4ler, Messerstecher \u2013 die dunkle Seite der Migration\"},{\"@type\":\"BreadcrumbList\",\"@id\":\"https:\/\/now-news.de\/de\/deutschland\/kinderquaeler-messerstecher-die-dunkle-seite-der-migration\/#breadcrumb\",\"itemListElement\":[{\"@type\":\"ListItem\",\"position\":1,\"name\":\"Home\",\"item\":\"https:\/\/now-news.de\/de\/\"},{\"@type\":\"ListItem\",\"position\":2,\"name\":\"Kinderqu\u00e4ler, Messerstecher \u2013 die dunkle Seite der Migration\"}]},{\"@type\":\"WebSite\",\"@id\":\"https:\/\/now-news.de\/de\/#website\",\"url\":\"https:\/\/now-news.de\/de\/\",\"name\":\"just-now.NEWS Deutschland\",\"description\":\"Das Portal f\u00fcr unzensierte Nachrichten aus der Welt\",\"publisher\":{\"@id\":\"https:\/\/now-news.de\/de\/#organization\"},\"potentialAction\":[{\"@type\":\"SearchAction\",\"target\":{\"@type\":\"EntryPoint\",\"urlTemplate\":\"https:\/\/now-news.de\/de\/?s={search_term_string}\"},\"query-input\":\"required name=search_term_string\"}],\"inLanguage\":\"de\"},{\"@type\":\"Organization\",\"@id\":\"https:\/\/now-news.de\/de\/#organization\",\"name\":\"Just Now News\",\"url\":\"https:\/\/now-news.de\/de\/\",\"logo\":{\"@type\":\"ImageObject\",\"inLanguage\":\"de\",\"@id\":\"https:\/\/now-news.de\/de\/#\/schema\/logo\/image\/\",\"url\":\"http:\/\/just-now.news\/de\/wp-content\/uploads\/sites\/3\/2022\/04\/logo500x500.jpg\",\"contentUrl\":\"http:\/\/just-now.news\/de\/wp-content\/uploads\/sites\/3\/2022\/04\/logo500x500.jpg\",\"width\":500,\"height\":500,\"caption\":\"Just Now News\"},\"image\":{\"@id\":\"https:\/\/now-news.de\/de\/#\/schema\/logo\/image\/\"},\"sameAs\":[\"https:\/\/www.facebook.com\/wirmachenauf\",\"https:\/\/x.com\/WirMachenAuf_de\"]},{\"@type\":\"Person\",\"@id\":\"https:\/\/now-news.de\/de\/#\/schema\/person\/fb534a4e865501d8b3285208df34a9b5\",\"name\":\"rtnews\",\"image\":{\"@type\":\"ImageObject\",\"inLanguage\":\"de\",\"@id\":\"https:\/\/now-news.de\/de\/#\/schema\/person\/image\/\",\"url\":\"https:\/\/secure.gravatar.com\/avatar\/82aafea7d8127119dd649515f56e2117?s=96&d=mm&r=g\",\"contentUrl\":\"https:\/\/secure.gravatar.com\/avatar\/82aafea7d8127119dd649515f56e2117?s=96&d=mm&r=g\",\"caption\":\"rtnews\"},\"url\":\"https:\/\/now-news.de\/de\/author\/rnews\/\"}]}<\/script>\n<!-- \/ Yoast SEO Premium plugin. -->","yoast_head_json":{"title":"Kinderqu\u00e4ler, Messerstecher \u2013 die dunkle Seite der Migration - just-now.NEWS Deutschland","robots":{"index":"index","follow":"follow","max-snippet":"max-snippet:-1","max-image-preview":"max-image-preview:large","max-video-preview":"max-video-preview:-1"},"canonical":"https:\/\/now-news.de\/de\/deutschland\/kinderquaeler-messerstecher-die-dunkle-seite-der-migration\/","og_locale":"de_DE","og_type":"article","og_title":"Kinderqu\u00e4ler, Messerstecher \u2013 die dunkle Seite der Migration","og_description":"Irgendetwas muss schiefgegangen sein bei der Willkommenskultur, wenn syrische und afghanische Jugendliche Kinder qu\u00e4len und t\u00e4glich irgendwo eine Messerstecherei berichtet wird. Das, was da sichtbar wird, ist eine Wut, die eigentlich viele Deutsche ebenfalls empfinden m\u00fcssten. Von Dagmar Henn Einzelne Vorf\u00e4lle wie in Gera machen es ebenso sichtbar wie die Statistik: Die Gewalt unter Jugendlichen [&hellip;]","og_url":"https:\/\/now-news.de\/de\/deutschland\/kinderquaeler-messerstecher-die-dunkle-seite-der-migration\/","og_site_name":"just-now.NEWS Deutschland","article_publisher":"https:\/\/www.facebook.com\/wirmachenauf","article_published_time":"2024-06-20T15:38:27+00:00","og_image":[{"url":"https:\/\/now-news.de\/de\/wp-content\/uploads\/sites\/3\/2024\/06\/6674239048fbef64ff4a4135.jpg"}],"author":"rtnews","twitter_card":"summary_large_image","twitter_creator":"@WirMachenAuf_de","twitter_site":"@WirMachenAuf_de","twitter_misc":{"Verfasst von":"rtnews","Gesch\u00e4tzte Lesezeit":"9\u00a0Minuten"},"schema":{"@context":"https:\/\/schema.org","@graph":[{"@type":"Article","@id":"https:\/\/now-news.de\/de\/deutschland\/kinderquaeler-messerstecher-die-dunkle-seite-der-migration\/#article","isPartOf":{"@id":"https:\/\/now-news.de\/de\/deutschland\/kinderquaeler-messerstecher-die-dunkle-seite-der-migration\/"},"author":{"name":"rtnews","@id":"https:\/\/now-news.de\/de\/#\/schema\/person\/fb534a4e865501d8b3285208df34a9b5"},"headline":"Kinderqu\u00e4ler, Messerstecher \u2013 die dunkle Seite der Migration","datePublished":"2024-06-20T15:38:27+00:00","dateModified":"2024-06-20T15:38:27+00:00","mainEntityOfPage":{"@id":"https:\/\/now-news.de\/de\/deutschland\/kinderquaeler-messerstecher-die-dunkle-seite-der-migration\/"},"wordCount":1864,"commentCount":0,"publisher":{"@id":"https:\/\/now-news.de\/de\/#organization"},"image":{"@id":"https:\/\/now-news.de\/de\/deutschland\/kinderquaeler-messerstecher-die-dunkle-seite-der-migration\/#primaryimage"},"thumbnailUrl":"https:\/\/now-news.de\/de\/wp-content\/uploads\/sites\/3\/2024\/06\/Kinderquaeler-Messerstecher-\u2013-die-dunkle-Seite-der-Migration.jpg","keywords":["der","die","DUNKLE","Kinderqu\u00e4ler","Messerstecher","Migration","Seite"],"articleSection":["Deutschland","Russland"],"inLanguage":"de","potentialAction":[{"@type":"CommentAction","name":"Comment","target":["https:\/\/now-news.de\/de\/deutschland\/kinderquaeler-messerstecher-die-dunkle-seite-der-migration\/#respond"]}]},{"@type":"WebPage","@id":"https:\/\/now-news.de\/de\/deutschland\/kinderquaeler-messerstecher-die-dunkle-seite-der-migration\/","url":"https:\/\/now-news.de\/de\/deutschland\/kinderquaeler-messerstecher-die-dunkle-seite-der-migration\/","name":"Kinderqu\u00e4ler, Messerstecher \u2013 die dunkle Seite der Migration - just-now.NEWS Deutschland","isPartOf":{"@id":"https:\/\/now-news.de\/de\/#website"},"primaryImageOfPage":{"@id":"https:\/\/now-news.de\/de\/deutschland\/kinderquaeler-messerstecher-die-dunkle-seite-der-migration\/#primaryimage"},"image":{"@id":"https:\/\/now-news.de\/de\/deutschland\/kinderquaeler-messerstecher-die-dunkle-seite-der-migration\/#primaryimage"},"thumbnailUrl":"https:\/\/now-news.de\/de\/wp-content\/uploads\/sites\/3\/2024\/06\/Kinderquaeler-Messerstecher-\u2013-die-dunkle-Seite-der-Migration.jpg","datePublished":"2024-06-20T15:38:27+00:00","dateModified":"2024-06-20T15:38:27+00:00","breadcrumb":{"@id":"https:\/\/now-news.de\/de\/deutschland\/kinderquaeler-messerstecher-die-dunkle-seite-der-migration\/#breadcrumb"},"inLanguage":"de","potentialAction":[{"@type":"ReadAction","target":["https:\/\/now-news.de\/de\/deutschland\/kinderquaeler-messerstecher-die-dunkle-seite-der-migration\/"]}]},{"@type":"ImageObject","inLanguage":"de","@id":"https:\/\/now-news.de\/de\/deutschland\/kinderquaeler-messerstecher-die-dunkle-seite-der-migration\/#primaryimage","url":"https:\/\/now-news.de\/de\/wp-content\/uploads\/sites\/3\/2024\/06\/Kinderquaeler-Messerstecher-\u2013-die-dunkle-Seite-der-Migration.jpg","contentUrl":"https:\/\/now-news.de\/de\/wp-content\/uploads\/sites\/3\/2024\/06\/Kinderquaeler-Messerstecher-\u2013-die-dunkle-Seite-der-Migration.jpg","width":460,"height":259,"caption":"Kinderqu\u00e4ler, Messerstecher \u2013 die dunkle Seite der Migration"},{"@type":"BreadcrumbList","@id":"https:\/\/now-news.de\/de\/deutschland\/kinderquaeler-messerstecher-die-dunkle-seite-der-migration\/#breadcrumb","itemListElement":[{"@type":"ListItem","position":1,"name":"Home","item":"https:\/\/now-news.de\/de\/"},{"@type":"ListItem","position":2,"name":"Kinderqu\u00e4ler, Messerstecher \u2013 die dunkle Seite der Migration"}]},{"@type":"WebSite","@id":"https:\/\/now-news.de\/de\/#website","url":"https:\/\/now-news.de\/de\/","name":"just-now.NEWS Deutschland","description":"Das Portal f\u00fcr unzensierte Nachrichten aus der Welt","publisher":{"@id":"https:\/\/now-news.de\/de\/#organization"},"potentialAction":[{"@type":"SearchAction","target":{"@type":"EntryPoint","urlTemplate":"https:\/\/now-news.de\/de\/?s={search_term_string}"},"query-input":"required name=search_term_string"}],"inLanguage":"de"},{"@type":"Organization","@id":"https:\/\/now-news.de\/de\/#organization","name":"Just Now News","url":"https:\/\/now-news.de\/de\/","logo":{"@type":"ImageObject","inLanguage":"de","@id":"https:\/\/now-news.de\/de\/#\/schema\/logo\/image\/","url":"http:\/\/just-now.news\/de\/wp-content\/uploads\/sites\/3\/2022\/04\/logo500x500.jpg","contentUrl":"http:\/\/just-now.news\/de\/wp-content\/uploads\/sites\/3\/2022\/04\/logo500x500.jpg","width":500,"height":500,"caption":"Just Now News"},"image":{"@id":"https:\/\/now-news.de\/de\/#\/schema\/logo\/image\/"},"sameAs":["https:\/\/www.facebook.com\/wirmachenauf","https:\/\/x.com\/WirMachenAuf_de"]},{"@type":"Person","@id":"https:\/\/now-news.de\/de\/#\/schema\/person\/fb534a4e865501d8b3285208df34a9b5","name":"rtnews","image":{"@type":"ImageObject","inLanguage":"de","@id":"https:\/\/now-news.de\/de\/#\/schema\/person\/image\/","url":"https:\/\/secure.gravatar.com\/avatar\/82aafea7d8127119dd649515f56e2117?s=96&d=mm&r=g","contentUrl":"https:\/\/secure.gravatar.com\/avatar\/82aafea7d8127119dd649515f56e2117?s=96&d=mm&r=g","caption":"rtnews"},"url":"https:\/\/now-news.de\/de\/author\/rnews\/"}]}},"_links":{"self":[{"href":"https:\/\/now-news.de\/de\/wp-json\/wp\/v2\/posts\/62448"}],"collection":[{"href":"https:\/\/now-news.de\/de\/wp-json\/wp\/v2\/posts"}],"about":[{"href":"https:\/\/now-news.de\/de\/wp-json\/wp\/v2\/types\/post"}],"author":[{"embeddable":true,"href":"https:\/\/now-news.de\/de\/wp-json\/wp\/v2\/users\/3"}],"replies":[{"embeddable":true,"href":"https:\/\/now-news.de\/de\/wp-json\/wp\/v2\/comments?post=62448"}],"version-history":[{"count":0,"href":"https:\/\/now-news.de\/de\/wp-json\/wp\/v2\/posts\/62448\/revisions"}],"wp:featuredmedia":[{"embeddable":true,"href":"https:\/\/now-news.de\/de\/wp-json\/wp\/v2\/media\/62449"}],"wp:attachment":[{"href":"https:\/\/now-news.de\/de\/wp-json\/wp\/v2\/media?parent=62448"}],"wp:term":[{"taxonomy":"category","embeddable":true,"href":"https:\/\/now-news.de\/de\/wp-json\/wp\/v2\/categories?post=62448"},{"taxonomy":"post_tag","embeddable":true,"href":"https:\/\/now-news.de\/de\/wp-json\/wp\/v2\/tags?post=62448"}],"curies":[{"name":"wp","href":"https:\/\/api.w.org\/{rel}","templated":true}]}}