{"id":62419,"date":"2024-06-20T13:28:23","date_gmt":"2024-06-20T11:28:23","guid":{"rendered":"https:\/\/now-news.de\/de\/deutschland\/europaeischer-rat-stimmt-ueber-chatkontrolle-und-totalueberwachung-ab\/"},"modified":"2024-06-20T13:28:23","modified_gmt":"2024-06-20T11:28:23","slug":"europaeischer-rat-stimmt-ueber-chatkontrolle-und-totalueberwachung-ab","status":"publish","type":"post","link":"https:\/\/now-news.de\/de\/deutschland\/europaeischer-rat-stimmt-ueber-chatkontrolle-und-totalueberwachung-ab\/","title":{"rendered":"Europ\u00e4ischer Rat stimmt \u00fcber Chatkontrolle und Total\u00fcberwachung ab"},"content":{"rendered":"<p><img decoding=\"async\" src=\"https:\/\/now-news.de\/de\/wp-content\/uploads\/sites\/3\/2024\/06\/6673f577b480cc287b17a225.jpg\" \/><\/p>\n<div class=\"Text-root Text-type_1 \">\n                Am Donnerstag wird im Europ\u00e4ischen Rat \u00fcber den Gesetzesentwurf zur Chatkontrolle abgestimmt. Sollte das Gesetz angenommen werden, wird die Privatsph\u00e4re in der Kommunikation de facto abgeschafft. Kindesmissbrauch w\u00fcrde damit nicht verhindert, so die Kritiker.\n            <\/div>\n<p><\/p>\n<div class=\"Text-root Text-type_5 ArticleView-text ViewText-root \">\n<p>Am Donnerstag wird im Europ\u00e4ischen Rat \u00fcber die Genehmigung der sogenannten\u00a0<a rel=\"nofollow noopener\" target=\"_blank\" href=\"https:\/\/www.consilium.europa.eu\/de\/meetings\/mpo\/2024\/6\/astv-2-teil-(345374)\/\">Chatkontrolle abgestimmt<\/a>. Mit dem geplanten Vorschlag w\u00fcrden Messengerdienste wie WhatsApp, Signal, oder Telegram zuk\u00fcnftig verpflichtet, versendete Nachrichten automatisch zu \u00fcberwachen und Fotos nach &#8220;verd\u00e4chtigen Inhalten&#8221; zu durchsuchen.<\/p>\n<p>Kritiker bezeichneten die Chatkontrolle auch als anlasslose Massen\u00fcberwachung. &#8220;Jeder einzelne User stehe jederzeit unter dem potenziellen Verdacht, kriminelle Inhalte zu verteilen&#8221;,\u00a0<a rel=\"nofollow noopener\" target=\"_blank\" href=\"https:\/\/www1.wdr.de\/nachrichten\/eu-chatkontrolle-100.html\">berichtete<\/a> der\u00a0<em>WDR<\/em>\u00a0am Mittwoch. Die totale \u00dcberwachung unter dem Vorwand, damit k\u00f6nne man Kindesmissbrauch zuvor kommen, bedrohe die Privatsph\u00e4re der Menschen.<\/p>\n<p>Belgien sei dennoch zuversichtlich, dass die Chatkontrolle eingef\u00fchrt werde. Eine ausreichende Mehrheit w\u00fcrde hinter dem Vorschlag stehen,\u00a0<a rel=\"nofollow noopener\" target=\"_blank\" href=\"https:\/\/netzpolitik.org\/2024\/interne-dokumente-deutschland-stimmt-gegen-chatkontrolle\/\">gab das Fachmagazin<\/a>\u00a0<em>Netzpolitik<\/em>\u00a0die Haltung des dem Europ\u00e4ischen Rat vorsitzenden Landes wieder. Sollten vier Staaten mit mindestens 35 Prozent der EU-Bev\u00f6lkerung das Gesetz explizit ablehnen, k\u00f6nnten sie es sperren. Im Vorfeld habe\u00a0<em>Netzpolitik<\/em>\u00a0wichtige Staaten \u00fcber ihr Abstimmungspl\u00e4ne befragt. Das deutsche Bundesinnenministerium wolle dagegen stimmen, sollte die aktuelle Gesetzesvorlage so bleiben.<\/p>\n<p>Deutschland lehne die sogenannte Chatkontrolle ab. &#8220;Verschl\u00fcsselte private Kommunikation von Millionen Menschen d\u00fcrfe nicht anlasslos kontrolliert werden. Darin sind wir uns in der Bundesregierung seit langem einig. Auch im Europ\u00e4ischen Parlament gibt es daran breite Kritik&#8221;,\u00a0<a rel=\"nofollow noopener\" target=\"_blank\" href=\"https:\/\/netzpolitik.org\/2024\/interne-dokumente-deutschland-stimmt-gegen-chatkontrolle\/\">zitierte<\/a>\u00a0<em>Netzpolitik<\/em>\u00a0das Innenministerium.<\/p>\n<p>In einem\u00a0<a rel=\"nofollow noopener\" target=\"_blank\" href=\"https:\/\/cdn.netzpolitik.org\/wp-upload\/2024\/06\/open-letter_CSA_withsignatories_20_00.pdf\">Offenen Brief<\/a>\u00a0wandten sich am 17. Juni 36 Abgeordnete, vor allem aus Deutschland, an die Nationalregierungen und an den Europ\u00e4ischen Rat. Sie warnten vor dem Gesetzesvorhaben \u2013 es hebele digitale Grundrechte aus. F\u00fcr den Kinderschutz seien andere Ans\u00e4tze n\u00fctzlicher.<\/p>\n<p>Als Parlamentarier beobachteten sie mit gro\u00dfer Sorge, wie der Ratsvorschlag die &#8220;Vertraulichkeit privater Kommunikation abschaffen w\u00fcrde&#8221;, hie\u00df es in dem Schreiben. Bei dem Gesetzesvorhaben handele es sich um einen Eingriff in die digitalen Grundrechte. F\u00fcr den Schutz von Kindern und die Pr\u00e4vention von sexuellem Kindesmissbrauch br\u00e4uchte man vor allem mehr Ressourcen f\u00fcr Strafverfolgungsbeh\u00f6rden. Man k\u00f6nne und d\u00fcrfe sich nicht mittels Chatkontrolle auf &#8220;ein falsches Gef\u00fchl der Sicherheit durch Technosolutionismus verlassen.&#8221; Im Brief erkl\u00e4rten die Parlamentarier:<\/p>\n<blockquote>\n<p><em>&#8220;Als nationale und europ\u00e4ische Parlamentarier sind wir \u00fcberzeugt, dass die vorgeschlagenen Ma\u00dfnahmen mit den europ\u00e4ischen Grundrechten unvereinbar sind. Wir setzen uns ein f\u00fcr den Schutz des Rechts, das Recht auf anonyme und pseudonyme Nutzung des Internets zu sch\u00fctzen, sowie die Ende-zu-Ende-Verschl\u00fcsselung.&#8221;<\/em><\/p>\n<\/blockquote>\n<p>Sollte der Rat den Gesetzesentwurf am Donnerstag beschlie\u00dfen, w\u00fcrden Rat, Parlament und Kommission ab Herbst im Trilog \u00fcber den endg\u00fcltigen Gesetzestext verhandeln. Das Gesetz gelte dann f\u00fcr alle EU-Mitgliedsl\u00e4nder und deren Bev\u00f6lkerungen. Falls der Entwurf durchfallen sollte, sei der Plan aber nicht vom Tisch. Denn dann verhandelten die EU-Staaten weiter \u2013 ab Juli unter ungarischer Ratspr\u00e4sidentschaft.<\/p>\n<p><strong>Mehr zum Thema<\/strong> &#8211; <a rel=\"nofollow noopener\" target=\"_blank\" href=\"https:\/\/dert.online\/europa\/190420-eu-reisst-medienkontrolle-an-sich\/\">EU rei\u00dft Medienkontrolle an sich \u2013 Aufsichtsbeh\u00f6rde soll EU-weit Medien kontrollieren<\/a><\/p>\n<\/div>\n<p><br \/>\n<br \/><a href=\"https:\/\/de.rt.com\/europa\/209742-europaeischer-rat-stimmt-ueber-chatkontrolle\/\">Source link <\/a><\/p>\n","protected":false},"excerpt":{"rendered":"<p>Am Donnerstag wird im Europ\u00e4ischen Rat \u00fcber den Gesetzesentwurf zur Chatkontrolle abgestimmt. Sollte das Gesetz angenommen werden, wird die Privatsph\u00e4re in der Kommunikation de facto abgeschafft. Kindesmissbrauch w\u00fcrde damit nicht verhindert, so die Kritiker. Am Donnerstag wird im Europ\u00e4ischen Rat \u00fcber die Genehmigung der sogenannten\u00a0Chatkontrolle abgestimmt. Mit dem geplanten Vorschlag w\u00fcrden Messengerdienste wie WhatsApp, Signal, [&hellip;]<\/p>\n","protected":false},"author":3,"featured_media":62420,"comment_status":"open","ping_status":"open","sticky":false,"template":"","format":"standard","meta":{"_yoast_indexnow_last_ping":["1718894261"],"wp_automatic_camp":["217"],"85212bd2c0d0b60cae7d75d1ab53e0f9":["Europ\u00e4ischer Rat stimmt \u00fcber Chatkontrolle und Total\u00fcberwachung ab"],"original_link":["https:\/\/de.rt.com\/europa\/209742-europaeischer-rat-stimmt-ueber-chatkontrolle\/"],"_thumbnail_id":["62420"],"jnews_social_counter_last_update":["1777382560"],"_wptgpro_p2tg_sent2tg":["a:1:{i:23737;s:19:\"2024-06-20 16:38:42\";}"]},"categories":[19,23],"tags":[34221,21246,975,12453,54154,139,140],"yoast_head":"<!-- This site is optimized with the Yoast SEO Premium plugin v22.7 (Yoast SEO v22.7) - https:\/\/yoast.com\/wordpress\/plugins\/seo\/ -->\n<title>Europ\u00e4ischer Rat stimmt \u00fcber Chatkontrolle und Total\u00fcberwachung ab - just-now.NEWS Deutschland<\/title>\n<meta name=\"robots\" content=\"index, follow, max-snippet:-1, max-image-preview:large, max-video-preview:-1\" \/>\n<link rel=\"canonical\" href=\"https:\/\/now-news.de\/de\/deutschland\/europaeischer-rat-stimmt-ueber-chatkontrolle-und-totalueberwachung-ab\/\" \/>\n<meta property=\"og:locale\" content=\"de_DE\" \/>\n<meta property=\"og:type\" content=\"article\" \/>\n<meta property=\"og:title\" content=\"Europ\u00e4ischer Rat stimmt \u00fcber Chatkontrolle und Total\u00fcberwachung ab\" \/>\n<meta property=\"og:description\" content=\"Am Donnerstag wird im Europ\u00e4ischen Rat \u00fcber den Gesetzesentwurf zur Chatkontrolle abgestimmt. Sollte das Gesetz angenommen werden, wird die Privatsph\u00e4re in der Kommunikation de facto abgeschafft. Kindesmissbrauch w\u00fcrde damit nicht verhindert, so die Kritiker. Am Donnerstag wird im Europ\u00e4ischen Rat \u00fcber die Genehmigung der sogenannten\u00a0Chatkontrolle abgestimmt. Mit dem geplanten Vorschlag w\u00fcrden Messengerdienste wie WhatsApp, Signal, [&hellip;]\" \/>\n<meta property=\"og:url\" content=\"https:\/\/now-news.de\/de\/deutschland\/europaeischer-rat-stimmt-ueber-chatkontrolle-und-totalueberwachung-ab\/\" \/>\n<meta property=\"og:site_name\" content=\"just-now.NEWS Deutschland\" \/>\n<meta property=\"article:publisher\" content=\"https:\/\/www.facebook.com\/wirmachenauf\" \/>\n<meta property=\"article:published_time\" content=\"2024-06-20T11:28:23+00:00\" \/>\n<meta property=\"og:image\" content=\"https:\/\/now-news.de\/de\/wp-content\/uploads\/sites\/3\/2024\/06\/6673f577b480cc287b17a225.jpg\" \/>\n<meta name=\"author\" content=\"rtnews\" \/>\n<meta name=\"twitter:card\" content=\"summary_large_image\" \/>\n<meta name=\"twitter:creator\" content=\"@WirMachenAuf_de\" \/>\n<meta name=\"twitter:site\" content=\"@WirMachenAuf_de\" \/>\n<meta name=\"twitter:label1\" content=\"Verfasst von\" \/>\n\t<meta name=\"twitter:data1\" content=\"rtnews\" \/>\n\t<meta name=\"twitter:label2\" content=\"Gesch\u00e4tzte Lesezeit\" \/>\n\t<meta name=\"twitter:data2\" content=\"2\u00a0Minuten\" \/>\n<script type=\"application\/ld+json\" class=\"yoast-schema-graph\">{\"@context\":\"https:\/\/schema.org\",\"@graph\":[{\"@type\":\"Article\",\"@id\":\"https:\/\/now-news.de\/de\/deutschland\/europaeischer-rat-stimmt-ueber-chatkontrolle-und-totalueberwachung-ab\/#article\",\"isPartOf\":{\"@id\":\"https:\/\/now-news.de\/de\/deutschland\/europaeischer-rat-stimmt-ueber-chatkontrolle-und-totalueberwachung-ab\/\"},\"author\":{\"name\":\"rtnews\",\"@id\":\"https:\/\/now-news.de\/de\/#\/schema\/person\/fb534a4e865501d8b3285208df34a9b5\"},\"headline\":\"Europ\u00e4ischer Rat stimmt \u00fcber Chatkontrolle und Total\u00fcberwachung ab\",\"datePublished\":\"2024-06-20T11:28:23+00:00\",\"dateModified\":\"2024-06-20T11:28:23+00:00\",\"mainEntityOfPage\":{\"@id\":\"https:\/\/now-news.de\/de\/deutschland\/europaeischer-rat-stimmt-ueber-chatkontrolle-und-totalueberwachung-ab\/\"},\"wordCount\":508,\"commentCount\":0,\"publisher\":{\"@id\":\"https:\/\/now-news.de\/de\/#organization\"},\"image\":{\"@id\":\"https:\/\/now-news.de\/de\/deutschland\/europaeischer-rat-stimmt-ueber-chatkontrolle-und-totalueberwachung-ab\/#primaryimage\"},\"thumbnailUrl\":\"https:\/\/now-news.de\/de\/wp-content\/uploads\/sites\/3\/2024\/06\/Europaeischer-Rat-stimmt-ueber-Chatkontrolle-und-Totalueberwachung-ab.jpg\",\"keywords\":[\"Chatkontrolle\",\"europ\u00e4ischer\",\"r\u00e4t\",\"stimmt\",\"Total\u00fcberwachung\",\"\u00fcber\",\"und\"],\"articleSection\":[\"Deutschland\",\"Russland\"],\"inLanguage\":\"de\",\"potentialAction\":[{\"@type\":\"CommentAction\",\"name\":\"Comment\",\"target\":[\"https:\/\/now-news.de\/de\/deutschland\/europaeischer-rat-stimmt-ueber-chatkontrolle-und-totalueberwachung-ab\/#respond\"]}]},{\"@type\":\"WebPage\",\"@id\":\"https:\/\/now-news.de\/de\/deutschland\/europaeischer-rat-stimmt-ueber-chatkontrolle-und-totalueberwachung-ab\/\",\"url\":\"https:\/\/now-news.de\/de\/deutschland\/europaeischer-rat-stimmt-ueber-chatkontrolle-und-totalueberwachung-ab\/\",\"name\":\"Europ\u00e4ischer Rat stimmt \u00fcber Chatkontrolle und Total\u00fcberwachung ab - just-now.NEWS Deutschland\",\"isPartOf\":{\"@id\":\"https:\/\/now-news.de\/de\/#website\"},\"primaryImageOfPage\":{\"@id\":\"https:\/\/now-news.de\/de\/deutschland\/europaeischer-rat-stimmt-ueber-chatkontrolle-und-totalueberwachung-ab\/#primaryimage\"},\"image\":{\"@id\":\"https:\/\/now-news.de\/de\/deutschland\/europaeischer-rat-stimmt-ueber-chatkontrolle-und-totalueberwachung-ab\/#primaryimage\"},\"thumbnailUrl\":\"https:\/\/now-news.de\/de\/wp-content\/uploads\/sites\/3\/2024\/06\/Europaeischer-Rat-stimmt-ueber-Chatkontrolle-und-Totalueberwachung-ab.jpg\",\"datePublished\":\"2024-06-20T11:28:23+00:00\",\"dateModified\":\"2024-06-20T11:28:23+00:00\",\"breadcrumb\":{\"@id\":\"https:\/\/now-news.de\/de\/deutschland\/europaeischer-rat-stimmt-ueber-chatkontrolle-und-totalueberwachung-ab\/#breadcrumb\"},\"inLanguage\":\"de\",\"potentialAction\":[{\"@type\":\"ReadAction\",\"target\":[\"https:\/\/now-news.de\/de\/deutschland\/europaeischer-rat-stimmt-ueber-chatkontrolle-und-totalueberwachung-ab\/\"]}]},{\"@type\":\"ImageObject\",\"inLanguage\":\"de\",\"@id\":\"https:\/\/now-news.de\/de\/deutschland\/europaeischer-rat-stimmt-ueber-chatkontrolle-und-totalueberwachung-ab\/#primaryimage\",\"url\":\"https:\/\/now-news.de\/de\/wp-content\/uploads\/sites\/3\/2024\/06\/Europaeischer-Rat-stimmt-ueber-Chatkontrolle-und-Totalueberwachung-ab.jpg\",\"contentUrl\":\"https:\/\/now-news.de\/de\/wp-content\/uploads\/sites\/3\/2024\/06\/Europaeischer-Rat-stimmt-ueber-Chatkontrolle-und-Totalueberwachung-ab.jpg\",\"width\":460,\"height\":259,\"caption\":\"Europ\u00e4ischer Rat stimmt \u00fcber Chatkontrolle und Total\u00fcberwachung ab\"},{\"@type\":\"BreadcrumbList\",\"@id\":\"https:\/\/now-news.de\/de\/deutschland\/europaeischer-rat-stimmt-ueber-chatkontrolle-und-totalueberwachung-ab\/#breadcrumb\",\"itemListElement\":[{\"@type\":\"ListItem\",\"position\":1,\"name\":\"Home\",\"item\":\"https:\/\/now-news.de\/de\/\"},{\"@type\":\"ListItem\",\"position\":2,\"name\":\"Europ\u00e4ischer Rat stimmt \u00fcber Chatkontrolle und Total\u00fcberwachung ab\"}]},{\"@type\":\"WebSite\",\"@id\":\"https:\/\/now-news.de\/de\/#website\",\"url\":\"https:\/\/now-news.de\/de\/\",\"name\":\"just-now.NEWS Deutschland\",\"description\":\"Das Portal f\u00fcr unzensierte Nachrichten aus der Welt\",\"publisher\":{\"@id\":\"https:\/\/now-news.de\/de\/#organization\"},\"potentialAction\":[{\"@type\":\"SearchAction\",\"target\":{\"@type\":\"EntryPoint\",\"urlTemplate\":\"https:\/\/now-news.de\/de\/?s={search_term_string}\"},\"query-input\":\"required name=search_term_string\"}],\"inLanguage\":\"de\"},{\"@type\":\"Organization\",\"@id\":\"https:\/\/now-news.de\/de\/#organization\",\"name\":\"Just Now News\",\"url\":\"https:\/\/now-news.de\/de\/\",\"logo\":{\"@type\":\"ImageObject\",\"inLanguage\":\"de\",\"@id\":\"https:\/\/now-news.de\/de\/#\/schema\/logo\/image\/\",\"url\":\"http:\/\/just-now.news\/de\/wp-content\/uploads\/sites\/3\/2022\/04\/logo500x500.jpg\",\"contentUrl\":\"http:\/\/just-now.news\/de\/wp-content\/uploads\/sites\/3\/2022\/04\/logo500x500.jpg\",\"width\":500,\"height\":500,\"caption\":\"Just Now News\"},\"image\":{\"@id\":\"https:\/\/now-news.de\/de\/#\/schema\/logo\/image\/\"},\"sameAs\":[\"https:\/\/www.facebook.com\/wirmachenauf\",\"https:\/\/x.com\/WirMachenAuf_de\"]},{\"@type\":\"Person\",\"@id\":\"https:\/\/now-news.de\/de\/#\/schema\/person\/fb534a4e865501d8b3285208df34a9b5\",\"name\":\"rtnews\",\"image\":{\"@type\":\"ImageObject\",\"inLanguage\":\"de\",\"@id\":\"https:\/\/now-news.de\/de\/#\/schema\/person\/image\/\",\"url\":\"https:\/\/secure.gravatar.com\/avatar\/82aafea7d8127119dd649515f56e2117?s=96&d=mm&r=g\",\"contentUrl\":\"https:\/\/secure.gravatar.com\/avatar\/82aafea7d8127119dd649515f56e2117?s=96&d=mm&r=g\",\"caption\":\"rtnews\"},\"url\":\"https:\/\/now-news.de\/de\/author\/rnews\/\"}]}<\/script>\n<!-- \/ Yoast SEO Premium plugin. -->","yoast_head_json":{"title":"Europ\u00e4ischer Rat stimmt \u00fcber Chatkontrolle und Total\u00fcberwachung ab - just-now.NEWS Deutschland","robots":{"index":"index","follow":"follow","max-snippet":"max-snippet:-1","max-image-preview":"max-image-preview:large","max-video-preview":"max-video-preview:-1"},"canonical":"https:\/\/now-news.de\/de\/deutschland\/europaeischer-rat-stimmt-ueber-chatkontrolle-und-totalueberwachung-ab\/","og_locale":"de_DE","og_type":"article","og_title":"Europ\u00e4ischer Rat stimmt \u00fcber Chatkontrolle und Total\u00fcberwachung ab","og_description":"Am Donnerstag wird im Europ\u00e4ischen Rat \u00fcber den Gesetzesentwurf zur Chatkontrolle abgestimmt. Sollte das Gesetz angenommen werden, wird die Privatsph\u00e4re in der Kommunikation de facto abgeschafft. Kindesmissbrauch w\u00fcrde damit nicht verhindert, so die Kritiker. Am Donnerstag wird im Europ\u00e4ischen Rat \u00fcber die Genehmigung der sogenannten\u00a0Chatkontrolle abgestimmt. Mit dem geplanten Vorschlag w\u00fcrden Messengerdienste wie WhatsApp, Signal, [&hellip;]","og_url":"https:\/\/now-news.de\/de\/deutschland\/europaeischer-rat-stimmt-ueber-chatkontrolle-und-totalueberwachung-ab\/","og_site_name":"just-now.NEWS Deutschland","article_publisher":"https:\/\/www.facebook.com\/wirmachenauf","article_published_time":"2024-06-20T11:28:23+00:00","og_image":[{"url":"https:\/\/now-news.de\/de\/wp-content\/uploads\/sites\/3\/2024\/06\/6673f577b480cc287b17a225.jpg"}],"author":"rtnews","twitter_card":"summary_large_image","twitter_creator":"@WirMachenAuf_de","twitter_site":"@WirMachenAuf_de","twitter_misc":{"Verfasst von":"rtnews","Gesch\u00e4tzte Lesezeit":"2\u00a0Minuten"},"schema":{"@context":"https:\/\/schema.org","@graph":[{"@type":"Article","@id":"https:\/\/now-news.de\/de\/deutschland\/europaeischer-rat-stimmt-ueber-chatkontrolle-und-totalueberwachung-ab\/#article","isPartOf":{"@id":"https:\/\/now-news.de\/de\/deutschland\/europaeischer-rat-stimmt-ueber-chatkontrolle-und-totalueberwachung-ab\/"},"author":{"name":"rtnews","@id":"https:\/\/now-news.de\/de\/#\/schema\/person\/fb534a4e865501d8b3285208df34a9b5"},"headline":"Europ\u00e4ischer Rat stimmt \u00fcber Chatkontrolle und Total\u00fcberwachung ab","datePublished":"2024-06-20T11:28:23+00:00","dateModified":"2024-06-20T11:28:23+00:00","mainEntityOfPage":{"@id":"https:\/\/now-news.de\/de\/deutschland\/europaeischer-rat-stimmt-ueber-chatkontrolle-und-totalueberwachung-ab\/"},"wordCount":508,"commentCount":0,"publisher":{"@id":"https:\/\/now-news.de\/de\/#organization"},"image":{"@id":"https:\/\/now-news.de\/de\/deutschland\/europaeischer-rat-stimmt-ueber-chatkontrolle-und-totalueberwachung-ab\/#primaryimage"},"thumbnailUrl":"https:\/\/now-news.de\/de\/wp-content\/uploads\/sites\/3\/2024\/06\/Europaeischer-Rat-stimmt-ueber-Chatkontrolle-und-Totalueberwachung-ab.jpg","keywords":["Chatkontrolle","europ\u00e4ischer","r\u00e4t","stimmt","Total\u00fcberwachung","\u00fcber","und"],"articleSection":["Deutschland","Russland"],"inLanguage":"de","potentialAction":[{"@type":"CommentAction","name":"Comment","target":["https:\/\/now-news.de\/de\/deutschland\/europaeischer-rat-stimmt-ueber-chatkontrolle-und-totalueberwachung-ab\/#respond"]}]},{"@type":"WebPage","@id":"https:\/\/now-news.de\/de\/deutschland\/europaeischer-rat-stimmt-ueber-chatkontrolle-und-totalueberwachung-ab\/","url":"https:\/\/now-news.de\/de\/deutschland\/europaeischer-rat-stimmt-ueber-chatkontrolle-und-totalueberwachung-ab\/","name":"Europ\u00e4ischer Rat stimmt \u00fcber Chatkontrolle und Total\u00fcberwachung ab - just-now.NEWS Deutschland","isPartOf":{"@id":"https:\/\/now-news.de\/de\/#website"},"primaryImageOfPage":{"@id":"https:\/\/now-news.de\/de\/deutschland\/europaeischer-rat-stimmt-ueber-chatkontrolle-und-totalueberwachung-ab\/#primaryimage"},"image":{"@id":"https:\/\/now-news.de\/de\/deutschland\/europaeischer-rat-stimmt-ueber-chatkontrolle-und-totalueberwachung-ab\/#primaryimage"},"thumbnailUrl":"https:\/\/now-news.de\/de\/wp-content\/uploads\/sites\/3\/2024\/06\/Europaeischer-Rat-stimmt-ueber-Chatkontrolle-und-Totalueberwachung-ab.jpg","datePublished":"2024-06-20T11:28:23+00:00","dateModified":"2024-06-20T11:28:23+00:00","breadcrumb":{"@id":"https:\/\/now-news.de\/de\/deutschland\/europaeischer-rat-stimmt-ueber-chatkontrolle-und-totalueberwachung-ab\/#breadcrumb"},"inLanguage":"de","potentialAction":[{"@type":"ReadAction","target":["https:\/\/now-news.de\/de\/deutschland\/europaeischer-rat-stimmt-ueber-chatkontrolle-und-totalueberwachung-ab\/"]}]},{"@type":"ImageObject","inLanguage":"de","@id":"https:\/\/now-news.de\/de\/deutschland\/europaeischer-rat-stimmt-ueber-chatkontrolle-und-totalueberwachung-ab\/#primaryimage","url":"https:\/\/now-news.de\/de\/wp-content\/uploads\/sites\/3\/2024\/06\/Europaeischer-Rat-stimmt-ueber-Chatkontrolle-und-Totalueberwachung-ab.jpg","contentUrl":"https:\/\/now-news.de\/de\/wp-content\/uploads\/sites\/3\/2024\/06\/Europaeischer-Rat-stimmt-ueber-Chatkontrolle-und-Totalueberwachung-ab.jpg","width":460,"height":259,"caption":"Europ\u00e4ischer Rat stimmt \u00fcber Chatkontrolle und Total\u00fcberwachung ab"},{"@type":"BreadcrumbList","@id":"https:\/\/now-news.de\/de\/deutschland\/europaeischer-rat-stimmt-ueber-chatkontrolle-und-totalueberwachung-ab\/#breadcrumb","itemListElement":[{"@type":"ListItem","position":1,"name":"Home","item":"https:\/\/now-news.de\/de\/"},{"@type":"ListItem","position":2,"name":"Europ\u00e4ischer Rat stimmt \u00fcber Chatkontrolle und Total\u00fcberwachung ab"}]},{"@type":"WebSite","@id":"https:\/\/now-news.de\/de\/#website","url":"https:\/\/now-news.de\/de\/","name":"just-now.NEWS Deutschland","description":"Das Portal f\u00fcr unzensierte Nachrichten aus der Welt","publisher":{"@id":"https:\/\/now-news.de\/de\/#organization"},"potentialAction":[{"@type":"SearchAction","target":{"@type":"EntryPoint","urlTemplate":"https:\/\/now-news.de\/de\/?s={search_term_string}"},"query-input":"required name=search_term_string"}],"inLanguage":"de"},{"@type":"Organization","@id":"https:\/\/now-news.de\/de\/#organization","name":"Just Now News","url":"https:\/\/now-news.de\/de\/","logo":{"@type":"ImageObject","inLanguage":"de","@id":"https:\/\/now-news.de\/de\/#\/schema\/logo\/image\/","url":"http:\/\/just-now.news\/de\/wp-content\/uploads\/sites\/3\/2022\/04\/logo500x500.jpg","contentUrl":"http:\/\/just-now.news\/de\/wp-content\/uploads\/sites\/3\/2022\/04\/logo500x500.jpg","width":500,"height":500,"caption":"Just Now News"},"image":{"@id":"https:\/\/now-news.de\/de\/#\/schema\/logo\/image\/"},"sameAs":["https:\/\/www.facebook.com\/wirmachenauf","https:\/\/x.com\/WirMachenAuf_de"]},{"@type":"Person","@id":"https:\/\/now-news.de\/de\/#\/schema\/person\/fb534a4e865501d8b3285208df34a9b5","name":"rtnews","image":{"@type":"ImageObject","inLanguage":"de","@id":"https:\/\/now-news.de\/de\/#\/schema\/person\/image\/","url":"https:\/\/secure.gravatar.com\/avatar\/82aafea7d8127119dd649515f56e2117?s=96&d=mm&r=g","contentUrl":"https:\/\/secure.gravatar.com\/avatar\/82aafea7d8127119dd649515f56e2117?s=96&d=mm&r=g","caption":"rtnews"},"url":"https:\/\/now-news.de\/de\/author\/rnews\/"}]}},"_links":{"self":[{"href":"https:\/\/now-news.de\/de\/wp-json\/wp\/v2\/posts\/62419"}],"collection":[{"href":"https:\/\/now-news.de\/de\/wp-json\/wp\/v2\/posts"}],"about":[{"href":"https:\/\/now-news.de\/de\/wp-json\/wp\/v2\/types\/post"}],"author":[{"embeddable":true,"href":"https:\/\/now-news.de\/de\/wp-json\/wp\/v2\/users\/3"}],"replies":[{"embeddable":true,"href":"https:\/\/now-news.de\/de\/wp-json\/wp\/v2\/comments?post=62419"}],"version-history":[{"count":0,"href":"https:\/\/now-news.de\/de\/wp-json\/wp\/v2\/posts\/62419\/revisions"}],"wp:featuredmedia":[{"embeddable":true,"href":"https:\/\/now-news.de\/de\/wp-json\/wp\/v2\/media\/62420"}],"wp:attachment":[{"href":"https:\/\/now-news.de\/de\/wp-json\/wp\/v2\/media?parent=62419"}],"wp:term":[{"taxonomy":"category","embeddable":true,"href":"https:\/\/now-news.de\/de\/wp-json\/wp\/v2\/categories?post=62419"},{"taxonomy":"post_tag","embeddable":true,"href":"https:\/\/now-news.de\/de\/wp-json\/wp\/v2\/tags?post=62419"}],"curies":[{"name":"wp","href":"https:\/\/api.w.org\/{rel}","templated":true}]}}