{"id":62328,"date":"2024-06-20T12:21:14","date_gmt":"2024-06-20T10:21:14","guid":{"rendered":"https:\/\/now-news.de\/de\/deutschland\/jugendgewalt-in-gera-20-kinder-quaelen-einen-14-jaehrigen-und-filmen-es\/"},"modified":"2024-06-20T12:21:14","modified_gmt":"2024-06-20T10:21:14","slug":"jugendgewalt-in-gera-20-kinder-quaelen-einen-14-jaehrigen-und-filmen-es","status":"publish","type":"post","link":"https:\/\/now-news.de\/de\/deutschland\/jugendgewalt-in-gera-20-kinder-quaelen-einen-14-jaehrigen-und-filmen-es\/","title":{"rendered":"Jugendgewalt in Gera: 20 Kinder qu\u00e4len einen 14-J\u00e4hrigen und filmen es"},"content":{"rendered":"<p><img decoding=\"async\" src=\"https:\/\/now-news.de\/de\/wp-content\/uploads\/sites\/3\/2024\/06\/6673ffa548fbef482b7ec9fc.jpg\" \/><\/p>\n<div class=\"Text-root Text-type_1 \">\n                Es scheint immer \u00f6fter zu geschehen, dass Kinder und Jugendliche Gewalttaten begehen und sich vielfach dabei auch noch filmen. Meistens sind die Opfer ebenso jung wie die T\u00e4ter. Der j\u00fcngste Vorfall wurde jetzt in Gera bekannt. \u00dcber 20 Kinder und Jugendliche gegen einen 14-J\u00e4hrigen.\n            <\/div>\n<p><\/p>\n<div class=\"Text-root Text-type_5 ArticleView-text ViewText-root \">\n<p>Abermals kursiert in Deutschland ein Video, das zeigt, wie Kinder Kinder misshandeln. Diesmal war es Presseberichten zu Folge eine Gruppe von Kindern afghanischer und syrischer Abstammung zwischen 12 und 15 Jahren, die in Gera einen 14-J\u00e4hrigen schlugen und w\u00fcrgten, und sich dabei filmten.<\/p>\n<p>Im M\u00e4rz erst kursierten Aufnahmen \u00e4hnlicher Art aus Uetersen in Schleswig-Holstein; da waren es t\u00fcrkischst\u00e4mmige Jugendliche, die einen deutschen Jugendlichen verpr\u00fcgelten. In Mei\u00dfen war im Mai bekannt geworden, wie eine M\u00e4dchengang von Ukrainerinnen eine geh\u00f6rlose Slowakin \u00fcber Stunden hinweg in einem Keller gefoltert hatte.<\/p>\n<div class=\"EmbedBlock-root EmbedBlock-twitter\">\n<div class=\"TwitterEmbed\">\n<blockquote class=\"twitter-tweet lazyload\" data-twitter=\"twitter-tweet\" data-media-max-width=\"560\">\n<p lang=\"de\" dir=\"ltr\">\ud83d\udea8 Migrantenbande pr\u00fcgelt in <a rel=\"nofollow noopener\" target=\"_blank\" href=\"https:\/\/twitter.com\/hashtag\/Gera?src=hash&amp;ref_src=twsrc%5Etfw\">#Gera<\/a> auf deutschen Jungen ein \ud83d\udea8\ud83d\udea8 Die T\u00e4ter stammen aus Syrien \ud83c\uddf8\ud83c\uddfe und Afghanistan \ud83c\udde6\ud83c\uddeb <a rel=\"nofollow noopener\" target=\"_blank\" href=\"https:\/\/t.co\/phvuTzZNDZ\">pic.twitter.com\/phvuTzZNDZ<\/a><\/p>\n<p>\u2014 AfD News (@AfDNews_) <a rel=\"nofollow noopener\" target=\"_blank\" href=\"https:\/\/twitter.com\/AfDNews_\/status\/1803730817660617001?ref_src=twsrc%5Etfw\">June 20, 2024<\/a><\/p><\/blockquote>\n<\/div>\n<\/div>\n<p>Die Zahl der Gewalttaten selbst an den Schulen ist in den vergangenen Jahren deutlich gestiegen. In Th\u00fcringen beispielsweise stieg die Zahl der Gewaltdelikte &#8220;an und um Schulen&#8221; von 321 F\u00e4llen im Jahr 2022 auf 561 im Jahr 2023. Dabei geht es nicht nur um K\u00f6rperverletzungen; auch Waffen, insbesondere Messer, werden immer h\u00e4ufiger aufgefunden.<\/p>\n<p>In Gera wird derzeit gegen mehr als 20 Kinder und Jugendliche ermittelt, wobei vier Tatbeteiligte noch strafunm\u00fcndig sein sollen. Das Opfer \u00fcberstand die Angriffe diesmal gl\u00fccklicherweise nur leicht verletzt. Die Polizei in Gera sieht den Grund f\u00fcr den Vorfall in &#8220;zur\u00fcckliegende(n) Rivalit\u00e4ten unterschiedlicher Personengruppierungen mit verschiedenen Nationalit\u00e4ten&#8221;, \u00fcbersetzt also in Auseinandersetzungen zwischen Jugendgruppen unterschiedlicher Herkunft.<\/p>\n<p>Allerdings sind derartige Entwicklungen zwischen Jugendlichen im Kern nur ein Spiegel sozialer Konflikte, die in der Welt der Erwachsenen liegen, in der die Gewalt ebenso zunimmt, wenn auch vielleicht etwas langsamer. Unter Kindern jedenfalls erh\u00f6hte sich die Zahl der Gewaltdelikte im vergangenen Jahr um 17 Prozent. Dabei war der Anstieg bei nicht-deutschen Verd\u00e4chtigen besonders hoch. Er nahm um 24,8 Prozent zu.<\/p>\n<p><strong>Mehr zum Thema<\/strong> &#8211;\u00a0<a rel=\"nofollow noopener\" target=\"_blank\" href=\"https:\/\/freedert.online\/inland\/199734-messer-in-tasche-immer-mehr\/\">Messer in der Tasche \u2013 Immer mehr Gewalt an deutschen Schulen<\/a><\/p>\n<\/div>\n<p><script async src=\"https:\/\/platform.twitter.com\/widgets.js\" charset=\"utf-8\"><\/script><br \/>\n<br \/><br \/>\n<br \/><a href=\"https:\/\/de.rt.com\/inland\/209752-schon-wieder-gewaltvideo-von-jugendlichen\/\">Source link <\/a><\/p>\n","protected":false},"excerpt":{"rendered":"<p>Es scheint immer \u00f6fter zu geschehen, dass Kinder und Jugendliche Gewalttaten begehen und sich vielfach dabei auch noch filmen. Meistens sind die Opfer ebenso jung wie die T\u00e4ter. Der j\u00fcngste Vorfall wurde jetzt in Gera bekannt. \u00dcber 20 Kinder und Jugendliche gegen einen 14-J\u00e4hrigen. Abermals kursiert in Deutschland ein Video, das zeigt, wie Kinder Kinder [&hellip;]<\/p>\n","protected":false},"author":3,"featured_media":62329,"comment_status":"open","ping_status":"open","sticky":false,"template":"","format":"standard","meta":{"_yoast_indexnow_last_ping":["1718879740"],"wp_automatic_camp":["217"],"a3347e42fd6533f1175fa74caee5d776":["Jugendgewalt in Gera: 20 Kinder qu\u00e4len einen 14-J\u00e4hrigen und filmen es"],"original_link":["https:\/\/de.rt.com\/inland\/209752-schon-wieder-gewaltvideo-von-jugendlichen\/"],"_thumbnail_id":["62329"],"_wptgpro_p2tg_sent2tg":["a:1:{i:23737;s:19:\"2024-06-20 12:36:46\";}"],"jnews_social_counter_last_update":["1777195479"]},"categories":[19,23],"tags":[22563,768,31030,47954,55899,3567,55900,140],"yoast_head":"<!-- This site is optimized with the Yoast SEO Premium plugin v22.7 (Yoast SEO v22.7) - https:\/\/yoast.com\/wordpress\/plugins\/seo\/ -->\n<title>Jugendgewalt in Gera: 20 Kinder qu\u00e4len einen 14-J\u00e4hrigen und filmen es - just-now.NEWS Deutschland<\/title>\n<meta name=\"robots\" content=\"index, follow, max-snippet:-1, max-image-preview:large, max-video-preview:-1\" \/>\n<link rel=\"canonical\" href=\"https:\/\/now-news.de\/de\/deutschland\/jugendgewalt-in-gera-20-kinder-quaelen-einen-14-jaehrigen-und-filmen-es\/\" \/>\n<meta property=\"og:locale\" content=\"de_DE\" \/>\n<meta property=\"og:type\" content=\"article\" \/>\n<meta property=\"og:title\" content=\"Jugendgewalt in Gera: 20 Kinder qu\u00e4len einen 14-J\u00e4hrigen und filmen es\" \/>\n<meta property=\"og:description\" content=\"Es scheint immer \u00f6fter zu geschehen, dass Kinder und Jugendliche Gewalttaten begehen und sich vielfach dabei auch noch filmen. Meistens sind die Opfer ebenso jung wie die T\u00e4ter. Der j\u00fcngste Vorfall wurde jetzt in Gera bekannt. \u00dcber 20 Kinder und Jugendliche gegen einen 14-J\u00e4hrigen. Abermals kursiert in Deutschland ein Video, das zeigt, wie Kinder Kinder [&hellip;]\" \/>\n<meta property=\"og:url\" content=\"https:\/\/now-news.de\/de\/deutschland\/jugendgewalt-in-gera-20-kinder-quaelen-einen-14-jaehrigen-und-filmen-es\/\" \/>\n<meta property=\"og:site_name\" content=\"just-now.NEWS Deutschland\" \/>\n<meta property=\"article:publisher\" content=\"https:\/\/www.facebook.com\/wirmachenauf\" \/>\n<meta property=\"article:published_time\" content=\"2024-06-20T10:21:14+00:00\" \/>\n<meta property=\"og:image\" content=\"https:\/\/now-news.de\/de\/wp-content\/uploads\/sites\/3\/2024\/06\/6673ffa548fbef482b7ec9fc.jpg\" \/>\n<meta name=\"author\" content=\"rtnews\" \/>\n<meta name=\"twitter:card\" content=\"summary_large_image\" \/>\n<meta name=\"twitter:creator\" content=\"@WirMachenAuf_de\" \/>\n<meta name=\"twitter:site\" content=\"@WirMachenAuf_de\" \/>\n<meta name=\"twitter:label1\" content=\"Verfasst von\" \/>\n\t<meta name=\"twitter:data1\" content=\"rtnews\" \/>\n\t<meta name=\"twitter:label2\" content=\"Gesch\u00e4tzte Lesezeit\" \/>\n\t<meta name=\"twitter:data2\" content=\"2\u00a0Minuten\" \/>\n<script type=\"application\/ld+json\" class=\"yoast-schema-graph\">{\"@context\":\"https:\/\/schema.org\",\"@graph\":[{\"@type\":\"Article\",\"@id\":\"https:\/\/now-news.de\/de\/deutschland\/jugendgewalt-in-gera-20-kinder-quaelen-einen-14-jaehrigen-und-filmen-es\/#article\",\"isPartOf\":{\"@id\":\"https:\/\/now-news.de\/de\/deutschland\/jugendgewalt-in-gera-20-kinder-quaelen-einen-14-jaehrigen-und-filmen-es\/\"},\"author\":{\"name\":\"rtnews\",\"@id\":\"https:\/\/now-news.de\/de\/#\/schema\/person\/fb534a4e865501d8b3285208df34a9b5\"},\"headline\":\"Jugendgewalt in Gera: 20 Kinder qu\u00e4len einen 14-J\u00e4hrigen und filmen es\",\"datePublished\":\"2024-06-20T10:21:14+00:00\",\"dateModified\":\"2024-06-20T10:21:14+00:00\",\"mainEntityOfPage\":{\"@id\":\"https:\/\/now-news.de\/de\/deutschland\/jugendgewalt-in-gera-20-kinder-quaelen-einen-14-jaehrigen-und-filmen-es\/\"},\"wordCount\":369,\"commentCount\":0,\"publisher\":{\"@id\":\"https:\/\/now-news.de\/de\/#organization\"},\"image\":{\"@id\":\"https:\/\/now-news.de\/de\/deutschland\/jugendgewalt-in-gera-20-kinder-quaelen-einen-14-jaehrigen-und-filmen-es\/#primaryimage\"},\"thumbnailUrl\":\"https:\/\/now-news.de\/de\/wp-content\/uploads\/sites\/3\/2024\/06\/Jugendgewalt-in-Gera-20-Kinder-quaelen-einen-14-Jaehrigen-und-filmen.jpg\",\"keywords\":[\"14j\u00e4hrigen\",\"einen\",\"Filmen\",\"Gera\",\"Jugendgewalt\",\"Kinder\",\"qu\u00e4len\",\"und\"],\"articleSection\":[\"Deutschland\",\"Russland\"],\"inLanguage\":\"de\",\"potentialAction\":[{\"@type\":\"CommentAction\",\"name\":\"Comment\",\"target\":[\"https:\/\/now-news.de\/de\/deutschland\/jugendgewalt-in-gera-20-kinder-quaelen-einen-14-jaehrigen-und-filmen-es\/#respond\"]}]},{\"@type\":\"WebPage\",\"@id\":\"https:\/\/now-news.de\/de\/deutschland\/jugendgewalt-in-gera-20-kinder-quaelen-einen-14-jaehrigen-und-filmen-es\/\",\"url\":\"https:\/\/now-news.de\/de\/deutschland\/jugendgewalt-in-gera-20-kinder-quaelen-einen-14-jaehrigen-und-filmen-es\/\",\"name\":\"Jugendgewalt in Gera: 20 Kinder qu\u00e4len einen 14-J\u00e4hrigen und filmen es - just-now.NEWS Deutschland\",\"isPartOf\":{\"@id\":\"https:\/\/now-news.de\/de\/#website\"},\"primaryImageOfPage\":{\"@id\":\"https:\/\/now-news.de\/de\/deutschland\/jugendgewalt-in-gera-20-kinder-quaelen-einen-14-jaehrigen-und-filmen-es\/#primaryimage\"},\"image\":{\"@id\":\"https:\/\/now-news.de\/de\/deutschland\/jugendgewalt-in-gera-20-kinder-quaelen-einen-14-jaehrigen-und-filmen-es\/#primaryimage\"},\"thumbnailUrl\":\"https:\/\/now-news.de\/de\/wp-content\/uploads\/sites\/3\/2024\/06\/Jugendgewalt-in-Gera-20-Kinder-quaelen-einen-14-Jaehrigen-und-filmen.jpg\",\"datePublished\":\"2024-06-20T10:21:14+00:00\",\"dateModified\":\"2024-06-20T10:21:14+00:00\",\"breadcrumb\":{\"@id\":\"https:\/\/now-news.de\/de\/deutschland\/jugendgewalt-in-gera-20-kinder-quaelen-einen-14-jaehrigen-und-filmen-es\/#breadcrumb\"},\"inLanguage\":\"de\",\"potentialAction\":[{\"@type\":\"ReadAction\",\"target\":[\"https:\/\/now-news.de\/de\/deutschland\/jugendgewalt-in-gera-20-kinder-quaelen-einen-14-jaehrigen-und-filmen-es\/\"]}]},{\"@type\":\"ImageObject\",\"inLanguage\":\"de\",\"@id\":\"https:\/\/now-news.de\/de\/deutschland\/jugendgewalt-in-gera-20-kinder-quaelen-einen-14-jaehrigen-und-filmen-es\/#primaryimage\",\"url\":\"https:\/\/now-news.de\/de\/wp-content\/uploads\/sites\/3\/2024\/06\/Jugendgewalt-in-Gera-20-Kinder-quaelen-einen-14-Jaehrigen-und-filmen.jpg\",\"contentUrl\":\"https:\/\/now-news.de\/de\/wp-content\/uploads\/sites\/3\/2024\/06\/Jugendgewalt-in-Gera-20-Kinder-quaelen-einen-14-Jaehrigen-und-filmen.jpg\",\"width\":460,\"height\":259,\"caption\":\"Jugendgewalt in Gera: 20 Kinder qu\u00e4len einen 14-J\u00e4hrigen und filmen es\"},{\"@type\":\"BreadcrumbList\",\"@id\":\"https:\/\/now-news.de\/de\/deutschland\/jugendgewalt-in-gera-20-kinder-quaelen-einen-14-jaehrigen-und-filmen-es\/#breadcrumb\",\"itemListElement\":[{\"@type\":\"ListItem\",\"position\":1,\"name\":\"Home\",\"item\":\"https:\/\/now-news.de\/de\/\"},{\"@type\":\"ListItem\",\"position\":2,\"name\":\"Jugendgewalt in Gera: 20 Kinder qu\u00e4len einen 14-J\u00e4hrigen und filmen es\"}]},{\"@type\":\"WebSite\",\"@id\":\"https:\/\/now-news.de\/de\/#website\",\"url\":\"https:\/\/now-news.de\/de\/\",\"name\":\"just-now.NEWS Deutschland\",\"description\":\"Das Portal f\u00fcr unzensierte Nachrichten aus der Welt\",\"publisher\":{\"@id\":\"https:\/\/now-news.de\/de\/#organization\"},\"potentialAction\":[{\"@type\":\"SearchAction\",\"target\":{\"@type\":\"EntryPoint\",\"urlTemplate\":\"https:\/\/now-news.de\/de\/?s={search_term_string}\"},\"query-input\":\"required name=search_term_string\"}],\"inLanguage\":\"de\"},{\"@type\":\"Organization\",\"@id\":\"https:\/\/now-news.de\/de\/#organization\",\"name\":\"Just Now News\",\"url\":\"https:\/\/now-news.de\/de\/\",\"logo\":{\"@type\":\"ImageObject\",\"inLanguage\":\"de\",\"@id\":\"https:\/\/now-news.de\/de\/#\/schema\/logo\/image\/\",\"url\":\"http:\/\/just-now.news\/de\/wp-content\/uploads\/sites\/3\/2022\/04\/logo500x500.jpg\",\"contentUrl\":\"http:\/\/just-now.news\/de\/wp-content\/uploads\/sites\/3\/2022\/04\/logo500x500.jpg\",\"width\":500,\"height\":500,\"caption\":\"Just Now News\"},\"image\":{\"@id\":\"https:\/\/now-news.de\/de\/#\/schema\/logo\/image\/\"},\"sameAs\":[\"https:\/\/www.facebook.com\/wirmachenauf\",\"https:\/\/x.com\/WirMachenAuf_de\"]},{\"@type\":\"Person\",\"@id\":\"https:\/\/now-news.de\/de\/#\/schema\/person\/fb534a4e865501d8b3285208df34a9b5\",\"name\":\"rtnews\",\"image\":{\"@type\":\"ImageObject\",\"inLanguage\":\"de\",\"@id\":\"https:\/\/now-news.de\/de\/#\/schema\/person\/image\/\",\"url\":\"https:\/\/secure.gravatar.com\/avatar\/82aafea7d8127119dd649515f56e2117?s=96&d=mm&r=g\",\"contentUrl\":\"https:\/\/secure.gravatar.com\/avatar\/82aafea7d8127119dd649515f56e2117?s=96&d=mm&r=g\",\"caption\":\"rtnews\"},\"url\":\"https:\/\/now-news.de\/de\/author\/rnews\/\"}]}<\/script>\n<!-- \/ Yoast SEO Premium plugin. -->","yoast_head_json":{"title":"Jugendgewalt in Gera: 20 Kinder qu\u00e4len einen 14-J\u00e4hrigen und filmen es - just-now.NEWS Deutschland","robots":{"index":"index","follow":"follow","max-snippet":"max-snippet:-1","max-image-preview":"max-image-preview:large","max-video-preview":"max-video-preview:-1"},"canonical":"https:\/\/now-news.de\/de\/deutschland\/jugendgewalt-in-gera-20-kinder-quaelen-einen-14-jaehrigen-und-filmen-es\/","og_locale":"de_DE","og_type":"article","og_title":"Jugendgewalt in Gera: 20 Kinder qu\u00e4len einen 14-J\u00e4hrigen und filmen es","og_description":"Es scheint immer \u00f6fter zu geschehen, dass Kinder und Jugendliche Gewalttaten begehen und sich vielfach dabei auch noch filmen. Meistens sind die Opfer ebenso jung wie die T\u00e4ter. Der j\u00fcngste Vorfall wurde jetzt in Gera bekannt. \u00dcber 20 Kinder und Jugendliche gegen einen 14-J\u00e4hrigen. Abermals kursiert in Deutschland ein Video, das zeigt, wie Kinder Kinder [&hellip;]","og_url":"https:\/\/now-news.de\/de\/deutschland\/jugendgewalt-in-gera-20-kinder-quaelen-einen-14-jaehrigen-und-filmen-es\/","og_site_name":"just-now.NEWS Deutschland","article_publisher":"https:\/\/www.facebook.com\/wirmachenauf","article_published_time":"2024-06-20T10:21:14+00:00","og_image":[{"url":"https:\/\/now-news.de\/de\/wp-content\/uploads\/sites\/3\/2024\/06\/6673ffa548fbef482b7ec9fc.jpg"}],"author":"rtnews","twitter_card":"summary_large_image","twitter_creator":"@WirMachenAuf_de","twitter_site":"@WirMachenAuf_de","twitter_misc":{"Verfasst von":"rtnews","Gesch\u00e4tzte Lesezeit":"2\u00a0Minuten"},"schema":{"@context":"https:\/\/schema.org","@graph":[{"@type":"Article","@id":"https:\/\/now-news.de\/de\/deutschland\/jugendgewalt-in-gera-20-kinder-quaelen-einen-14-jaehrigen-und-filmen-es\/#article","isPartOf":{"@id":"https:\/\/now-news.de\/de\/deutschland\/jugendgewalt-in-gera-20-kinder-quaelen-einen-14-jaehrigen-und-filmen-es\/"},"author":{"name":"rtnews","@id":"https:\/\/now-news.de\/de\/#\/schema\/person\/fb534a4e865501d8b3285208df34a9b5"},"headline":"Jugendgewalt in Gera: 20 Kinder qu\u00e4len einen 14-J\u00e4hrigen und filmen es","datePublished":"2024-06-20T10:21:14+00:00","dateModified":"2024-06-20T10:21:14+00:00","mainEntityOfPage":{"@id":"https:\/\/now-news.de\/de\/deutschland\/jugendgewalt-in-gera-20-kinder-quaelen-einen-14-jaehrigen-und-filmen-es\/"},"wordCount":369,"commentCount":0,"publisher":{"@id":"https:\/\/now-news.de\/de\/#organization"},"image":{"@id":"https:\/\/now-news.de\/de\/deutschland\/jugendgewalt-in-gera-20-kinder-quaelen-einen-14-jaehrigen-und-filmen-es\/#primaryimage"},"thumbnailUrl":"https:\/\/now-news.de\/de\/wp-content\/uploads\/sites\/3\/2024\/06\/Jugendgewalt-in-Gera-20-Kinder-quaelen-einen-14-Jaehrigen-und-filmen.jpg","keywords":["14j\u00e4hrigen","einen","Filmen","Gera","Jugendgewalt","Kinder","qu\u00e4len","und"],"articleSection":["Deutschland","Russland"],"inLanguage":"de","potentialAction":[{"@type":"CommentAction","name":"Comment","target":["https:\/\/now-news.de\/de\/deutschland\/jugendgewalt-in-gera-20-kinder-quaelen-einen-14-jaehrigen-und-filmen-es\/#respond"]}]},{"@type":"WebPage","@id":"https:\/\/now-news.de\/de\/deutschland\/jugendgewalt-in-gera-20-kinder-quaelen-einen-14-jaehrigen-und-filmen-es\/","url":"https:\/\/now-news.de\/de\/deutschland\/jugendgewalt-in-gera-20-kinder-quaelen-einen-14-jaehrigen-und-filmen-es\/","name":"Jugendgewalt in Gera: 20 Kinder qu\u00e4len einen 14-J\u00e4hrigen und filmen es - just-now.NEWS Deutschland","isPartOf":{"@id":"https:\/\/now-news.de\/de\/#website"},"primaryImageOfPage":{"@id":"https:\/\/now-news.de\/de\/deutschland\/jugendgewalt-in-gera-20-kinder-quaelen-einen-14-jaehrigen-und-filmen-es\/#primaryimage"},"image":{"@id":"https:\/\/now-news.de\/de\/deutschland\/jugendgewalt-in-gera-20-kinder-quaelen-einen-14-jaehrigen-und-filmen-es\/#primaryimage"},"thumbnailUrl":"https:\/\/now-news.de\/de\/wp-content\/uploads\/sites\/3\/2024\/06\/Jugendgewalt-in-Gera-20-Kinder-quaelen-einen-14-Jaehrigen-und-filmen.jpg","datePublished":"2024-06-20T10:21:14+00:00","dateModified":"2024-06-20T10:21:14+00:00","breadcrumb":{"@id":"https:\/\/now-news.de\/de\/deutschland\/jugendgewalt-in-gera-20-kinder-quaelen-einen-14-jaehrigen-und-filmen-es\/#breadcrumb"},"inLanguage":"de","potentialAction":[{"@type":"ReadAction","target":["https:\/\/now-news.de\/de\/deutschland\/jugendgewalt-in-gera-20-kinder-quaelen-einen-14-jaehrigen-und-filmen-es\/"]}]},{"@type":"ImageObject","inLanguage":"de","@id":"https:\/\/now-news.de\/de\/deutschland\/jugendgewalt-in-gera-20-kinder-quaelen-einen-14-jaehrigen-und-filmen-es\/#primaryimage","url":"https:\/\/now-news.de\/de\/wp-content\/uploads\/sites\/3\/2024\/06\/Jugendgewalt-in-Gera-20-Kinder-quaelen-einen-14-Jaehrigen-und-filmen.jpg","contentUrl":"https:\/\/now-news.de\/de\/wp-content\/uploads\/sites\/3\/2024\/06\/Jugendgewalt-in-Gera-20-Kinder-quaelen-einen-14-Jaehrigen-und-filmen.jpg","width":460,"height":259,"caption":"Jugendgewalt in Gera: 20 Kinder qu\u00e4len einen 14-J\u00e4hrigen und filmen es"},{"@type":"BreadcrumbList","@id":"https:\/\/now-news.de\/de\/deutschland\/jugendgewalt-in-gera-20-kinder-quaelen-einen-14-jaehrigen-und-filmen-es\/#breadcrumb","itemListElement":[{"@type":"ListItem","position":1,"name":"Home","item":"https:\/\/now-news.de\/de\/"},{"@type":"ListItem","position":2,"name":"Jugendgewalt in Gera: 20 Kinder qu\u00e4len einen 14-J\u00e4hrigen und filmen es"}]},{"@type":"WebSite","@id":"https:\/\/now-news.de\/de\/#website","url":"https:\/\/now-news.de\/de\/","name":"just-now.NEWS Deutschland","description":"Das Portal f\u00fcr unzensierte Nachrichten aus der Welt","publisher":{"@id":"https:\/\/now-news.de\/de\/#organization"},"potentialAction":[{"@type":"SearchAction","target":{"@type":"EntryPoint","urlTemplate":"https:\/\/now-news.de\/de\/?s={search_term_string}"},"query-input":"required name=search_term_string"}],"inLanguage":"de"},{"@type":"Organization","@id":"https:\/\/now-news.de\/de\/#organization","name":"Just Now News","url":"https:\/\/now-news.de\/de\/","logo":{"@type":"ImageObject","inLanguage":"de","@id":"https:\/\/now-news.de\/de\/#\/schema\/logo\/image\/","url":"http:\/\/just-now.news\/de\/wp-content\/uploads\/sites\/3\/2022\/04\/logo500x500.jpg","contentUrl":"http:\/\/just-now.news\/de\/wp-content\/uploads\/sites\/3\/2022\/04\/logo500x500.jpg","width":500,"height":500,"caption":"Just Now News"},"image":{"@id":"https:\/\/now-news.de\/de\/#\/schema\/logo\/image\/"},"sameAs":["https:\/\/www.facebook.com\/wirmachenauf","https:\/\/x.com\/WirMachenAuf_de"]},{"@type":"Person","@id":"https:\/\/now-news.de\/de\/#\/schema\/person\/fb534a4e865501d8b3285208df34a9b5","name":"rtnews","image":{"@type":"ImageObject","inLanguage":"de","@id":"https:\/\/now-news.de\/de\/#\/schema\/person\/image\/","url":"https:\/\/secure.gravatar.com\/avatar\/82aafea7d8127119dd649515f56e2117?s=96&d=mm&r=g","contentUrl":"https:\/\/secure.gravatar.com\/avatar\/82aafea7d8127119dd649515f56e2117?s=96&d=mm&r=g","caption":"rtnews"},"url":"https:\/\/now-news.de\/de\/author\/rnews\/"}]}},"_links":{"self":[{"href":"https:\/\/now-news.de\/de\/wp-json\/wp\/v2\/posts\/62328"}],"collection":[{"href":"https:\/\/now-news.de\/de\/wp-json\/wp\/v2\/posts"}],"about":[{"href":"https:\/\/now-news.de\/de\/wp-json\/wp\/v2\/types\/post"}],"author":[{"embeddable":true,"href":"https:\/\/now-news.de\/de\/wp-json\/wp\/v2\/users\/3"}],"replies":[{"embeddable":true,"href":"https:\/\/now-news.de\/de\/wp-json\/wp\/v2\/comments?post=62328"}],"version-history":[{"count":0,"href":"https:\/\/now-news.de\/de\/wp-json\/wp\/v2\/posts\/62328\/revisions"}],"wp:featuredmedia":[{"embeddable":true,"href":"https:\/\/now-news.de\/de\/wp-json\/wp\/v2\/media\/62329"}],"wp:attachment":[{"href":"https:\/\/now-news.de\/de\/wp-json\/wp\/v2\/media?parent=62328"}],"wp:term":[{"taxonomy":"category","embeddable":true,"href":"https:\/\/now-news.de\/de\/wp-json\/wp\/v2\/categories?post=62328"},{"taxonomy":"post_tag","embeddable":true,"href":"https:\/\/now-news.de\/de\/wp-json\/wp\/v2\/tags?post=62328"}],"curies":[{"name":"wp","href":"https:\/\/api.w.org\/{rel}","templated":true}]}}