{"id":62276,"date":"2024-06-19T20:01:59","date_gmt":"2024-06-19T18:01:59","guid":{"rendered":"https:\/\/now-news.de\/de\/deutschland\/wirtschaftsminister-habeck-reist-nach-ostasien-china-im-fokus\/"},"modified":"2024-06-19T20:01:59","modified_gmt":"2024-06-19T18:01:59","slug":"wirtschaftsminister-habeck-reist-nach-ostasien-china-im-fokus","status":"publish","type":"post","link":"https:\/\/now-news.de\/de\/deutschland\/wirtschaftsminister-habeck-reist-nach-ostasien-china-im-fokus\/","title":{"rendered":"Wirtschaftsminister Habeck reist nach Ostasien \u2013 China im Fokus"},"content":{"rendered":"<p><img decoding=\"async\" src=\"https:\/\/now-news.de\/de\/wp-content\/uploads\/sites\/3\/2024\/06\/6672fe3c48fbef47037bc992.jpg\" \/><\/p>\n<div class=\"Text-root Text-type_1 \">\n                Robert Habeck begibt sich auf schwierige Mission nach Ostasien. Vor allem in China d\u00fcrfte er mit seinen Anliegen abblitzen. Habeck beschuldigt Peking, gegen Wettbewerbsregeln zu versto\u00dfen und wirbt f\u00fcr eine Unterst\u00fctzung der Russland-Sanktionen. Bereits Scholz scheitere mit diesen Anliegen.\n            <\/div>\n<p><\/p>\n<div class=\"Text-root Text-type_5 ArticleView-text ViewText-root \">\n<p>Wirtschaftsminister Robert Habeck (B\u00fcndnis 90\/Die Gr\u00fcnen) reist heute f\u00fcr f\u00fcnf Tage nach Asien. Geplant ist ein Besuch in S\u00fcdkorea und in China. Habeck wird von einer Wirtschaftsdelegation und Mitgliedern des Bundestages begleitet.\u00a0<\/p>\n<p>Erstes Ziel von Habecks Reise ist S\u00fcdkorea. Dort trifft er auf Premierminister Han Duck-soo und seinen Amtskollegen Ahn Duk-geun, Minister f\u00fcr Handel, Industrie und Energie. Geplant sind unter anderem Gespr\u00e4che \u00fcber die geopolitische Situation in Ostasien. In diesen Rahmen kann auch der Besuch Habecks in der entmilitarisierten Zone an der Grenze zwischen Nord- und S\u00fcdkorea eingeordnet werden. Russlands Pr\u00e4sident Putin und Nordkoreas Staatschef Kim Jong-un verk\u00fcndeten heute eine strategische Allianz und gegenseitige Beistandspflicht im Fall von Angriffen. Damit hat sich das Machtgef\u00fcge in der Region verschoben.\u00a0<\/p>\n<p>Am Freitag wird Habeck in der chinesischen Hauptstadt Peking erwartet. Dort begegnet er unter anderem Handelsminister Wang Wentao sowie Industrieminister Jin Zhuanglong. Im Mittelpunkt der Gespr\u00e4che stehen die bilateralen Wirtschaftsbeziehungen.\u00a0<\/p>\n<p>Die Europ\u00e4ische Union plant die Einf\u00fchrung von Strafz\u00f6llen auf\u00a0chinesische E-Autos und Stahl. Die EU behauptet, China w\u00fcrde durch staatliche Subventionen den Wettbewerb verzerren.\u00a0Peking weist das zur\u00fcck. Experten weisen darauf hin, dass der g\u00fcnstige Preis, zu dem China seine Waren auf dem Markt anbieten kann, vor allem auf g\u00fcnstigere Preise f\u00fcr Energie, einen h\u00f6heren Technologisierungsgrad und technologischen Vorsprung zur\u00fcckzuf\u00fchren sei. Deutschland gilt inzwischen als technologisch r\u00fcckst\u00e4ndig.\u00a0<\/p>\n<p>Habeck will in Peking auf fairen Wettbewerb dr\u00e4ngen. Ebenso soll der Ukraine-Krieg in den Gespr\u00e4chen &#8220;mitschwingen&#8221;, wie sich\u00a0der Minister ausdr\u00fcckte. China sieht in der Ausdehnung der NATO einen wichtigen Aspekt der Entwicklung hin zum Krieg und bietet an, mit einer breiten Staatenallianz f\u00fcr die Sicherheit der Ukraine zu garantieren, wenn diese daf\u00fcr auf den Beitritt zu dem Milit\u00e4rb\u00fcndnis verzichtet.\u00a0Deutschland lehnt diese Sichtweise und die sich daraus ergebenden Konsequenzen ab. Die Bundesregierung unterst\u00fctzt Selenskijs &#8220;Friedensplan&#8221; und pl\u00e4diert f\u00fcr einen NATO-Beitritt des Landes. Das impliziert eine immer weitergehende Eskalation des Konflikts. Selenskij fordert faktisch eine bedingungslose Kapitulation Russlands.<\/p>\n<p>Dass Habeck sich mit seinen Anliegen Geh\u00f6r verschaffen kann, gilt daher als unwahrscheinlich. Zuvor war bereits Bundeskanzler Scholz von einer China-Reise bei \u00e4hnlicher Themensetzung mit leeren H\u00e4nden zur\u00fcckgekehrt. F\u00fcr den Fall, dass die EU Strafz\u00f6lle verh\u00e4ngt, hat China Gegenma\u00dfnahmen angek\u00fcndigt.<\/p>\n<p><strong>Mehr zum Thema<\/strong>\u00a0\u2013 <a rel=\"nofollow noopener\" target=\"_blank\" href=\"https:\/\/freedert.online\/inland\/209653-habeck-beichtet-boulevardblatt-opa-war\/\">Habeck beichtet im Klatschmagazin: Uropa war SS-Brigadefu\u0308hrer und Goebbels-Freund<\/a><\/p>\n<\/p>\n<\/div>\n<p><br \/>\n<br \/><a href=\"https:\/\/de.rt.com\/asien\/209701-wirtschaftsminister-habeck-reist-nach-ostasien\/\">Source link <\/a><\/p>\n","protected":false},"excerpt":{"rendered":"<p>Robert Habeck begibt sich auf schwierige Mission nach Ostasien. Vor allem in China d\u00fcrfte er mit seinen Anliegen abblitzen. Habeck beschuldigt Peking, gegen Wettbewerbsregeln zu versto\u00dfen und wirbt f\u00fcr eine Unterst\u00fctzung der Russland-Sanktionen. Bereits Scholz scheitere mit diesen Anliegen. Wirtschaftsminister Robert Habeck (B\u00fcndnis 90\/Die Gr\u00fcnen) reist heute f\u00fcr f\u00fcnf Tage nach Asien. Geplant ist ein [&hellip;]<\/p>\n","protected":false},"author":3,"featured_media":62277,"comment_status":"open","ping_status":"open","sticky":false,"template":"","format":"standard","meta":{"_yoast_indexnow_last_ping":["1718820960"],"wp_automatic_camp":["217"],"57709ef296b71b4376484a1bf16cde97":["Wirtschaftsminister Habeck reist nach Ostasien \u2013 China im Fokus"],"original_link":["https:\/\/de.rt.com\/asien\/209701-wirtschaftsminister-habeck-reist-nach-ostasien\/"],"_thumbnail_id":["62277"],"jnews_social_counter_last_update":["1777281280"],"_wptgpro_p2tg_sent2tg":["a:1:{i:23737;s:19:\"2024-06-19 20:17:15\";}"]},"categories":[19,23],"tags":[192,7233,911,979,27158,29854,21887],"yoast_head":"<!-- This site is optimized with the Yoast SEO Premium plugin v22.7 (Yoast SEO v22.7) - https:\/\/yoast.com\/wordpress\/plugins\/seo\/ -->\n<title>Wirtschaftsminister Habeck reist nach Ostasien \u2013 China im Fokus - just-now.NEWS Deutschland<\/title>\n<meta name=\"robots\" content=\"index, follow, max-snippet:-1, max-image-preview:large, max-video-preview:-1\" \/>\n<link rel=\"canonical\" href=\"https:\/\/now-news.de\/de\/deutschland\/wirtschaftsminister-habeck-reist-nach-ostasien-china-im-fokus\/\" \/>\n<meta property=\"og:locale\" content=\"de_DE\" \/>\n<meta property=\"og:type\" content=\"article\" \/>\n<meta property=\"og:title\" content=\"Wirtschaftsminister Habeck reist nach Ostasien \u2013 China im Fokus\" \/>\n<meta property=\"og:description\" content=\"Robert Habeck begibt sich auf schwierige Mission nach Ostasien. Vor allem in China d\u00fcrfte er mit seinen Anliegen abblitzen. Habeck beschuldigt Peking, gegen Wettbewerbsregeln zu versto\u00dfen und wirbt f\u00fcr eine Unterst\u00fctzung der Russland-Sanktionen. Bereits Scholz scheitere mit diesen Anliegen. Wirtschaftsminister Robert Habeck (B\u00fcndnis 90\/Die Gr\u00fcnen) reist heute f\u00fcr f\u00fcnf Tage nach Asien. Geplant ist ein [&hellip;]\" \/>\n<meta property=\"og:url\" content=\"https:\/\/now-news.de\/de\/deutschland\/wirtschaftsminister-habeck-reist-nach-ostasien-china-im-fokus\/\" \/>\n<meta property=\"og:site_name\" content=\"just-now.NEWS Deutschland\" \/>\n<meta property=\"article:publisher\" content=\"https:\/\/www.facebook.com\/wirmachenauf\" \/>\n<meta property=\"article:published_time\" content=\"2024-06-19T18:01:59+00:00\" \/>\n<meta property=\"og:image\" content=\"https:\/\/now-news.de\/de\/wp-content\/uploads\/sites\/3\/2024\/06\/6672fe3c48fbef47037bc992.jpg\" \/>\n<meta name=\"author\" content=\"rtnews\" \/>\n<meta name=\"twitter:card\" content=\"summary_large_image\" \/>\n<meta name=\"twitter:creator\" content=\"@WirMachenAuf_de\" \/>\n<meta name=\"twitter:site\" content=\"@WirMachenAuf_de\" \/>\n<meta name=\"twitter:label1\" content=\"Verfasst von\" \/>\n\t<meta name=\"twitter:data1\" content=\"rtnews\" \/>\n\t<meta name=\"twitter:label2\" content=\"Gesch\u00e4tzte Lesezeit\" \/>\n\t<meta name=\"twitter:data2\" content=\"2\u00a0Minuten\" \/>\n<script type=\"application\/ld+json\" class=\"yoast-schema-graph\">{\"@context\":\"https:\/\/schema.org\",\"@graph\":[{\"@type\":\"Article\",\"@id\":\"https:\/\/now-news.de\/de\/deutschland\/wirtschaftsminister-habeck-reist-nach-ostasien-china-im-fokus\/#article\",\"isPartOf\":{\"@id\":\"https:\/\/now-news.de\/de\/deutschland\/wirtschaftsminister-habeck-reist-nach-ostasien-china-im-fokus\/\"},\"author\":{\"name\":\"rtnews\",\"@id\":\"https:\/\/now-news.de\/de\/#\/schema\/person\/fb534a4e865501d8b3285208df34a9b5\"},\"headline\":\"Wirtschaftsminister Habeck reist nach Ostasien \u2013 China im Fokus\",\"datePublished\":\"2024-06-19T18:01:59+00:00\",\"dateModified\":\"2024-06-19T18:01:59+00:00\",\"mainEntityOfPage\":{\"@id\":\"https:\/\/now-news.de\/de\/deutschland\/wirtschaftsminister-habeck-reist-nach-ostasien-china-im-fokus\/\"},\"wordCount\":464,\"commentCount\":0,\"publisher\":{\"@id\":\"https:\/\/now-news.de\/de\/#organization\"},\"image\":{\"@id\":\"https:\/\/now-news.de\/de\/deutschland\/wirtschaftsminister-habeck-reist-nach-ostasien-china-im-fokus\/#primaryimage\"},\"thumbnailUrl\":\"https:\/\/now-news.de\/de\/wp-content\/uploads\/sites\/3\/2024\/06\/Wirtschaftsminister-Habeck-reist-nach-Ostasien-\u2013-China-im-Fokus.jpg\",\"keywords\":[\"China\",\"Fokus\",\"Habeck\",\"nach\",\"Ostasien\",\"reist\",\"Wirtschaftsminister\"],\"articleSection\":[\"Deutschland\",\"Russland\"],\"inLanguage\":\"de\",\"potentialAction\":[{\"@type\":\"CommentAction\",\"name\":\"Comment\",\"target\":[\"https:\/\/now-news.de\/de\/deutschland\/wirtschaftsminister-habeck-reist-nach-ostasien-china-im-fokus\/#respond\"]}]},{\"@type\":\"WebPage\",\"@id\":\"https:\/\/now-news.de\/de\/deutschland\/wirtschaftsminister-habeck-reist-nach-ostasien-china-im-fokus\/\",\"url\":\"https:\/\/now-news.de\/de\/deutschland\/wirtschaftsminister-habeck-reist-nach-ostasien-china-im-fokus\/\",\"name\":\"Wirtschaftsminister Habeck reist nach Ostasien \u2013 China im Fokus - just-now.NEWS Deutschland\",\"isPartOf\":{\"@id\":\"https:\/\/now-news.de\/de\/#website\"},\"primaryImageOfPage\":{\"@id\":\"https:\/\/now-news.de\/de\/deutschland\/wirtschaftsminister-habeck-reist-nach-ostasien-china-im-fokus\/#primaryimage\"},\"image\":{\"@id\":\"https:\/\/now-news.de\/de\/deutschland\/wirtschaftsminister-habeck-reist-nach-ostasien-china-im-fokus\/#primaryimage\"},\"thumbnailUrl\":\"https:\/\/now-news.de\/de\/wp-content\/uploads\/sites\/3\/2024\/06\/Wirtschaftsminister-Habeck-reist-nach-Ostasien-\u2013-China-im-Fokus.jpg\",\"datePublished\":\"2024-06-19T18:01:59+00:00\",\"dateModified\":\"2024-06-19T18:01:59+00:00\",\"breadcrumb\":{\"@id\":\"https:\/\/now-news.de\/de\/deutschland\/wirtschaftsminister-habeck-reist-nach-ostasien-china-im-fokus\/#breadcrumb\"},\"inLanguage\":\"de\",\"potentialAction\":[{\"@type\":\"ReadAction\",\"target\":[\"https:\/\/now-news.de\/de\/deutschland\/wirtschaftsminister-habeck-reist-nach-ostasien-china-im-fokus\/\"]}]},{\"@type\":\"ImageObject\",\"inLanguage\":\"de\",\"@id\":\"https:\/\/now-news.de\/de\/deutschland\/wirtschaftsminister-habeck-reist-nach-ostasien-china-im-fokus\/#primaryimage\",\"url\":\"https:\/\/now-news.de\/de\/wp-content\/uploads\/sites\/3\/2024\/06\/Wirtschaftsminister-Habeck-reist-nach-Ostasien-\u2013-China-im-Fokus.jpg\",\"contentUrl\":\"https:\/\/now-news.de\/de\/wp-content\/uploads\/sites\/3\/2024\/06\/Wirtschaftsminister-Habeck-reist-nach-Ostasien-\u2013-China-im-Fokus.jpg\",\"width\":460,\"height\":259,\"caption\":\"Wirtschaftsminister Habeck reist nach Ostasien \u2013 China im Fokus\"},{\"@type\":\"BreadcrumbList\",\"@id\":\"https:\/\/now-news.de\/de\/deutschland\/wirtschaftsminister-habeck-reist-nach-ostasien-china-im-fokus\/#breadcrumb\",\"itemListElement\":[{\"@type\":\"ListItem\",\"position\":1,\"name\":\"Home\",\"item\":\"https:\/\/now-news.de\/de\/\"},{\"@type\":\"ListItem\",\"position\":2,\"name\":\"Wirtschaftsminister Habeck reist nach Ostasien \u2013 China im Fokus\"}]},{\"@type\":\"WebSite\",\"@id\":\"https:\/\/now-news.de\/de\/#website\",\"url\":\"https:\/\/now-news.de\/de\/\",\"name\":\"just-now.NEWS Deutschland\",\"description\":\"Das Portal f\u00fcr unzensierte Nachrichten aus der Welt\",\"publisher\":{\"@id\":\"https:\/\/now-news.de\/de\/#organization\"},\"potentialAction\":[{\"@type\":\"SearchAction\",\"target\":{\"@type\":\"EntryPoint\",\"urlTemplate\":\"https:\/\/now-news.de\/de\/?s={search_term_string}\"},\"query-input\":\"required name=search_term_string\"}],\"inLanguage\":\"de\"},{\"@type\":\"Organization\",\"@id\":\"https:\/\/now-news.de\/de\/#organization\",\"name\":\"Just Now News\",\"url\":\"https:\/\/now-news.de\/de\/\",\"logo\":{\"@type\":\"ImageObject\",\"inLanguage\":\"de\",\"@id\":\"https:\/\/now-news.de\/de\/#\/schema\/logo\/image\/\",\"url\":\"http:\/\/just-now.news\/de\/wp-content\/uploads\/sites\/3\/2022\/04\/logo500x500.jpg\",\"contentUrl\":\"http:\/\/just-now.news\/de\/wp-content\/uploads\/sites\/3\/2022\/04\/logo500x500.jpg\",\"width\":500,\"height\":500,\"caption\":\"Just Now News\"},\"image\":{\"@id\":\"https:\/\/now-news.de\/de\/#\/schema\/logo\/image\/\"},\"sameAs\":[\"https:\/\/www.facebook.com\/wirmachenauf\",\"https:\/\/x.com\/WirMachenAuf_de\"]},{\"@type\":\"Person\",\"@id\":\"https:\/\/now-news.de\/de\/#\/schema\/person\/fb534a4e865501d8b3285208df34a9b5\",\"name\":\"rtnews\",\"image\":{\"@type\":\"ImageObject\",\"inLanguage\":\"de\",\"@id\":\"https:\/\/now-news.de\/de\/#\/schema\/person\/image\/\",\"url\":\"https:\/\/secure.gravatar.com\/avatar\/82aafea7d8127119dd649515f56e2117?s=96&d=mm&r=g\",\"contentUrl\":\"https:\/\/secure.gravatar.com\/avatar\/82aafea7d8127119dd649515f56e2117?s=96&d=mm&r=g\",\"caption\":\"rtnews\"},\"url\":\"https:\/\/now-news.de\/de\/author\/rnews\/\"}]}<\/script>\n<!-- \/ Yoast SEO Premium plugin. -->","yoast_head_json":{"title":"Wirtschaftsminister Habeck reist nach Ostasien \u2013 China im Fokus - just-now.NEWS Deutschland","robots":{"index":"index","follow":"follow","max-snippet":"max-snippet:-1","max-image-preview":"max-image-preview:large","max-video-preview":"max-video-preview:-1"},"canonical":"https:\/\/now-news.de\/de\/deutschland\/wirtschaftsminister-habeck-reist-nach-ostasien-china-im-fokus\/","og_locale":"de_DE","og_type":"article","og_title":"Wirtschaftsminister Habeck reist nach Ostasien \u2013 China im Fokus","og_description":"Robert Habeck begibt sich auf schwierige Mission nach Ostasien. Vor allem in China d\u00fcrfte er mit seinen Anliegen abblitzen. Habeck beschuldigt Peking, gegen Wettbewerbsregeln zu versto\u00dfen und wirbt f\u00fcr eine Unterst\u00fctzung der Russland-Sanktionen. Bereits Scholz scheitere mit diesen Anliegen. Wirtschaftsminister Robert Habeck (B\u00fcndnis 90\/Die Gr\u00fcnen) reist heute f\u00fcr f\u00fcnf Tage nach Asien. Geplant ist ein [&hellip;]","og_url":"https:\/\/now-news.de\/de\/deutschland\/wirtschaftsminister-habeck-reist-nach-ostasien-china-im-fokus\/","og_site_name":"just-now.NEWS Deutschland","article_publisher":"https:\/\/www.facebook.com\/wirmachenauf","article_published_time":"2024-06-19T18:01:59+00:00","og_image":[{"url":"https:\/\/now-news.de\/de\/wp-content\/uploads\/sites\/3\/2024\/06\/6672fe3c48fbef47037bc992.jpg"}],"author":"rtnews","twitter_card":"summary_large_image","twitter_creator":"@WirMachenAuf_de","twitter_site":"@WirMachenAuf_de","twitter_misc":{"Verfasst von":"rtnews","Gesch\u00e4tzte Lesezeit":"2\u00a0Minuten"},"schema":{"@context":"https:\/\/schema.org","@graph":[{"@type":"Article","@id":"https:\/\/now-news.de\/de\/deutschland\/wirtschaftsminister-habeck-reist-nach-ostasien-china-im-fokus\/#article","isPartOf":{"@id":"https:\/\/now-news.de\/de\/deutschland\/wirtschaftsminister-habeck-reist-nach-ostasien-china-im-fokus\/"},"author":{"name":"rtnews","@id":"https:\/\/now-news.de\/de\/#\/schema\/person\/fb534a4e865501d8b3285208df34a9b5"},"headline":"Wirtschaftsminister Habeck reist nach Ostasien \u2013 China im Fokus","datePublished":"2024-06-19T18:01:59+00:00","dateModified":"2024-06-19T18:01:59+00:00","mainEntityOfPage":{"@id":"https:\/\/now-news.de\/de\/deutschland\/wirtschaftsminister-habeck-reist-nach-ostasien-china-im-fokus\/"},"wordCount":464,"commentCount":0,"publisher":{"@id":"https:\/\/now-news.de\/de\/#organization"},"image":{"@id":"https:\/\/now-news.de\/de\/deutschland\/wirtschaftsminister-habeck-reist-nach-ostasien-china-im-fokus\/#primaryimage"},"thumbnailUrl":"https:\/\/now-news.de\/de\/wp-content\/uploads\/sites\/3\/2024\/06\/Wirtschaftsminister-Habeck-reist-nach-Ostasien-\u2013-China-im-Fokus.jpg","keywords":["China","Fokus","Habeck","nach","Ostasien","reist","Wirtschaftsminister"],"articleSection":["Deutschland","Russland"],"inLanguage":"de","potentialAction":[{"@type":"CommentAction","name":"Comment","target":["https:\/\/now-news.de\/de\/deutschland\/wirtschaftsminister-habeck-reist-nach-ostasien-china-im-fokus\/#respond"]}]},{"@type":"WebPage","@id":"https:\/\/now-news.de\/de\/deutschland\/wirtschaftsminister-habeck-reist-nach-ostasien-china-im-fokus\/","url":"https:\/\/now-news.de\/de\/deutschland\/wirtschaftsminister-habeck-reist-nach-ostasien-china-im-fokus\/","name":"Wirtschaftsminister Habeck reist nach Ostasien \u2013 China im Fokus - just-now.NEWS Deutschland","isPartOf":{"@id":"https:\/\/now-news.de\/de\/#website"},"primaryImageOfPage":{"@id":"https:\/\/now-news.de\/de\/deutschland\/wirtschaftsminister-habeck-reist-nach-ostasien-china-im-fokus\/#primaryimage"},"image":{"@id":"https:\/\/now-news.de\/de\/deutschland\/wirtschaftsminister-habeck-reist-nach-ostasien-china-im-fokus\/#primaryimage"},"thumbnailUrl":"https:\/\/now-news.de\/de\/wp-content\/uploads\/sites\/3\/2024\/06\/Wirtschaftsminister-Habeck-reist-nach-Ostasien-\u2013-China-im-Fokus.jpg","datePublished":"2024-06-19T18:01:59+00:00","dateModified":"2024-06-19T18:01:59+00:00","breadcrumb":{"@id":"https:\/\/now-news.de\/de\/deutschland\/wirtschaftsminister-habeck-reist-nach-ostasien-china-im-fokus\/#breadcrumb"},"inLanguage":"de","potentialAction":[{"@type":"ReadAction","target":["https:\/\/now-news.de\/de\/deutschland\/wirtschaftsminister-habeck-reist-nach-ostasien-china-im-fokus\/"]}]},{"@type":"ImageObject","inLanguage":"de","@id":"https:\/\/now-news.de\/de\/deutschland\/wirtschaftsminister-habeck-reist-nach-ostasien-china-im-fokus\/#primaryimage","url":"https:\/\/now-news.de\/de\/wp-content\/uploads\/sites\/3\/2024\/06\/Wirtschaftsminister-Habeck-reist-nach-Ostasien-\u2013-China-im-Fokus.jpg","contentUrl":"https:\/\/now-news.de\/de\/wp-content\/uploads\/sites\/3\/2024\/06\/Wirtschaftsminister-Habeck-reist-nach-Ostasien-\u2013-China-im-Fokus.jpg","width":460,"height":259,"caption":"Wirtschaftsminister Habeck reist nach Ostasien \u2013 China im Fokus"},{"@type":"BreadcrumbList","@id":"https:\/\/now-news.de\/de\/deutschland\/wirtschaftsminister-habeck-reist-nach-ostasien-china-im-fokus\/#breadcrumb","itemListElement":[{"@type":"ListItem","position":1,"name":"Home","item":"https:\/\/now-news.de\/de\/"},{"@type":"ListItem","position":2,"name":"Wirtschaftsminister Habeck reist nach Ostasien \u2013 China im Fokus"}]},{"@type":"WebSite","@id":"https:\/\/now-news.de\/de\/#website","url":"https:\/\/now-news.de\/de\/","name":"just-now.NEWS Deutschland","description":"Das Portal f\u00fcr unzensierte Nachrichten aus der Welt","publisher":{"@id":"https:\/\/now-news.de\/de\/#organization"},"potentialAction":[{"@type":"SearchAction","target":{"@type":"EntryPoint","urlTemplate":"https:\/\/now-news.de\/de\/?s={search_term_string}"},"query-input":"required name=search_term_string"}],"inLanguage":"de"},{"@type":"Organization","@id":"https:\/\/now-news.de\/de\/#organization","name":"Just Now News","url":"https:\/\/now-news.de\/de\/","logo":{"@type":"ImageObject","inLanguage":"de","@id":"https:\/\/now-news.de\/de\/#\/schema\/logo\/image\/","url":"http:\/\/just-now.news\/de\/wp-content\/uploads\/sites\/3\/2022\/04\/logo500x500.jpg","contentUrl":"http:\/\/just-now.news\/de\/wp-content\/uploads\/sites\/3\/2022\/04\/logo500x500.jpg","width":500,"height":500,"caption":"Just Now News"},"image":{"@id":"https:\/\/now-news.de\/de\/#\/schema\/logo\/image\/"},"sameAs":["https:\/\/www.facebook.com\/wirmachenauf","https:\/\/x.com\/WirMachenAuf_de"]},{"@type":"Person","@id":"https:\/\/now-news.de\/de\/#\/schema\/person\/fb534a4e865501d8b3285208df34a9b5","name":"rtnews","image":{"@type":"ImageObject","inLanguage":"de","@id":"https:\/\/now-news.de\/de\/#\/schema\/person\/image\/","url":"https:\/\/secure.gravatar.com\/avatar\/82aafea7d8127119dd649515f56e2117?s=96&d=mm&r=g","contentUrl":"https:\/\/secure.gravatar.com\/avatar\/82aafea7d8127119dd649515f56e2117?s=96&d=mm&r=g","caption":"rtnews"},"url":"https:\/\/now-news.de\/de\/author\/rnews\/"}]}},"_links":{"self":[{"href":"https:\/\/now-news.de\/de\/wp-json\/wp\/v2\/posts\/62276"}],"collection":[{"href":"https:\/\/now-news.de\/de\/wp-json\/wp\/v2\/posts"}],"about":[{"href":"https:\/\/now-news.de\/de\/wp-json\/wp\/v2\/types\/post"}],"author":[{"embeddable":true,"href":"https:\/\/now-news.de\/de\/wp-json\/wp\/v2\/users\/3"}],"replies":[{"embeddable":true,"href":"https:\/\/now-news.de\/de\/wp-json\/wp\/v2\/comments?post=62276"}],"version-history":[{"count":0,"href":"https:\/\/now-news.de\/de\/wp-json\/wp\/v2\/posts\/62276\/revisions"}],"wp:featuredmedia":[{"embeddable":true,"href":"https:\/\/now-news.de\/de\/wp-json\/wp\/v2\/media\/62277"}],"wp:attachment":[{"href":"https:\/\/now-news.de\/de\/wp-json\/wp\/v2\/media?parent=62276"}],"wp:term":[{"taxonomy":"category","embeddable":true,"href":"https:\/\/now-news.de\/de\/wp-json\/wp\/v2\/categories?post=62276"},{"taxonomy":"post_tag","embeddable":true,"href":"https:\/\/now-news.de\/de\/wp-json\/wp\/v2\/tags?post=62276"}],"curies":[{"name":"wp","href":"https:\/\/api.w.org\/{rel}","templated":true}]}}