{"id":62260,"date":"2024-06-19T16:39:31","date_gmt":"2024-06-19T14:39:31","guid":{"rendered":"https:\/\/now-news.de\/de\/deutschland\/netanjahu-macht-biden-fuer-die-zurueckhaltung-von-amerikanischen-waffen-verantwortlich\/"},"modified":"2024-06-19T16:39:31","modified_gmt":"2024-06-19T14:39:31","slug":"netanjahu-macht-biden-fuer-die-zurueckhaltung-von-amerikanischen-waffen-verantwortlich","status":"publish","type":"post","link":"https:\/\/now-news.de\/de\/deutschland\/netanjahu-macht-biden-fuer-die-zurueckhaltung-von-amerikanischen-waffen-verantwortlich\/","title":{"rendered":"Netanjahu macht Biden f\u00fcr die Zur\u00fcckhaltung von amerikanischen Waffen verantwortlich"},"content":{"rendered":"<p><img decoding=\"async\" src=\"https:\/\/now-news.de\/de\/wp-content\/uploads\/sites\/3\/2024\/06\/6672d683b480cc1afd65f407.jpg\" \/><\/p>\n<div class=\"Text-root Text-type_1 \">\n                Israels Regierungschef geht die US-Regierung wegen einer angeblich zur\u00fcckgehaltenen Waffenlieferung mit harschen Worten an. Zwei f\u00fchrende Demokraten im Kongress haben diese Woche den Weg f\u00fcr den Verkauf von F-15-Kampfflugzeugen an Israel freigemacht.\n            <\/div>\n<p><\/p>\n<div class=\"Text-root Text-type_5 ArticleView-text ViewText-root \">\n<p data-speakable=\"\">Israels Ministerpr\u00e4sident\u00a0Benjamin Netanjahu\u00a0bem\u00e4ngelte, dass die Biden-Regierung Waffen und Munition an\u00a0Israel\u00a0zur\u00fcckhalte. Er habe US-Au\u00dfenminister Antony Blinken k\u00fcrzlich in Israel gesagt, es sei &#8220;unbegreiflich, dass die Regierung Israel in den vergangenen Monaten Waffen und Munition vorenthalten hat&#8221;, behauptete Netanjahu in einer am Dienstag ver\u00f6ffentlichten Videoansprache.<\/p>\n<p data-speakable=\"\">&#8220;Au\u00dfenminister Blinken hat mir versichert, dass die Regierung Tag und Nacht daran arbeite, diese Engp\u00e4sse zu beseitigen. Ich hoffe wirklich, dass dies der Fall ist.&#8221; Israel k\u00e4mpfe um sein Leben, gegen Iran und andere gemeinsame Feinde, sagte Netanjahu in seiner Videoansprache weiter.<\/p>\n<div class=\"EmbedBlock-root EmbedBlock-twitter\">\n<div class=\"TwitterEmbed\">\n<blockquote class=\"twitter-tweet lazyload\" data-twitter=\"twitter-tweet\">\n<p lang=\"en\" dir=\"ltr\">What Israel is lacking isn&#8217;t material power &#8211; what it is lacking is strategic leadership, adequate doctrine, a political vision for the day after in Gaza, and immaterial tools of statecraft to defeat the idea of armed resistance This is something even the US cannot provide <a rel=\"nofollow noopener\" target=\"_blank\" href=\"https:\/\/t.co\/CA9PDcdgTA\">https:\/\/t.co\/CA9PDcdgTA<\/a><\/p>\n<p>\u2014 Dr Andreas Krieg (@andreas_krieg) <a rel=\"nofollow noopener\" target=\"_blank\" href=\"https:\/\/twitter.com\/andreas_krieg\/status\/1803107772113866789?ref_src=twsrc%5Etfw\">June 18, 2024<\/a><\/p><\/blockquote>\n<\/div>\n<\/div>\n<p>Pr\u00e4sident Joe Biden hat die Lieferung bestimmter Bomben an Israel seit Mai &#8220;aus Sorge \u00fcber die T\u00f6tung von Zivilisten im Gazastreifen&#8221; verz\u00f6gert. Die US-Regierung bem\u00fchte sich jedoch, jede Andeutung zu vermeiden, dass die israelischen Streitkr\u00e4fte bei der sich vertiefenden Invasion in Rafah eine rote Linie \u00fcberschritten hatten, die ein weitreichenderes Verbot von Waffenlieferungen ausgel\u00f6st habe.<\/p>\n<p>Blinken erkl\u00e4rte am Dienstag, die einzige Pause betreffe die schweren Bomben vom Mai. &#8220;Wie Sie wissen, pr\u00fcfen wir weiterhin eine Lieferung von 2.000-Pfund-Bomben, \u00fcber die Pr\u00e4sident Biden gesprochen hat, weil wir Bedenken hinsichtlich ihres Einsatzes in einem dicht besiedelten Gebiet wie Rafah haben&#8221;, sagte Blinken auf einer Pressekonferenz des Au\u00dfenministeriums. &#8220;Das wird weiterhin gepr\u00fcft. Aber alles andere geht seinen gewohnten Gang&#8221;.<\/p>\n<p>Netanjahu ging nicht n\u00e4her darauf ein, welche Waffen seiner Meinung nach zur\u00fcckgehalten w\u00fcrden, und das israelische Milit\u00e4r lehnte es ab, auf eine Bitte um Stellungnahme zu reagieren.\u00a0Die Pressesprecherin des Wei\u00dfen Hauses, Karine Jean-Pierre, sagte zu Netanjahus Behauptung am Dienstag: &#8220;Wir wissen generell nicht, wovon er spricht. Wir wissen es einfach nicht.&#8221;<\/p>\n<p>Zwei f\u00fchrende Demokraten im Kongress machten diese Woche den Weg f\u00fcr den Verkauf von F-15-Kampfflugzeugen im Wert von 15 Milliarden US-Dollar an Israel frei, nachdem es zu einer Verz\u00f6gerung gekommen ist, weil ein Abgeordneter der Regierung Biden Antworten auf die aktuelle Verwendung von US-Waffen durch Israel im Gaza-Krieg verlangt hatte.<\/p>\n<p>W\u00e4hrend Israels Krieg gegen die Hamas nun schon den neunten Monat andauert, w\u00e4chst die internationale Kritik an der milit\u00e4rischen und diplomatischen Unterst\u00fctzung der USA f\u00fcr Israels systematische Zerst\u00f6rungskampagne im Gazastreifen.<\/p>\n<p>Die Vereinten Nationen geben die Zahl der seit dem Beginn der Invasion Israels in Gaza get\u00f6teten Pal\u00e4stinenser mit etwa 38.000\u00a0an. Von den im Gazastreifen lebenden 2,2 Millionen Menschen sind 1,7 Millionen auf der Flucht. Durch die weitgehende Abriegelung droht eine humanit\u00e4re Katastrophe. Es gibt weder ausreichend Lebensmittel noch Trinkwasser. Durch das Bombardement von Krankenh\u00e4usern durch Israel ist die Gesundheitsversorgung faktisch zusammengebrochen.\u00a0<\/p>\n<p><strong>Mehr zum Thema<\/strong> \u2013 <a rel=\"nofollow noopener\" target=\"_blank\" href=\"https:\/\/freeassange.rtde.life\/der-nahe-osten\/203798-schwere-vorwuerfe-gegen-netanyahu-hamas\/\">Hamas ver\u00f6ffentlicht Video: Geisel erhebt schwere Vorw\u00fcrfe gegen Netanjahu<\/a><\/p>\n<div class=\"EmbedBlock-root EmbedBlock-externalVideo EmbedBlock-odysee\">\n<div class=\"VkEmbed\"><iframe class=\"lazyload\" data-src=\"https:\/\/odysee.com\/%24\/embed\/%40RTDE%3Ae%2FNetanjahu-kritisiert-US-Verz%C3%B6gerung-bei-Waffenlieferungen-Wei%C3%9Fes-Haus-Keine-Ahnung%2C-wovon-er-redet%3Af\" frameborder=\"0\" width=\"853\" height=\"480\" allowfullscreen><\/iframe><\/div>\n<\/div>\n<\/div>\n<p><script async src=\"https:\/\/platform.twitter.com\/widgets.js\" charset=\"utf-8\"><\/script><br \/>\n<br \/><br \/>\n<br \/><a href=\"https:\/\/de.rt.com\/der-nahe-osten\/209668-netanjahu-macht-biden-fuer-zurueckhaltung\/\">Source link <\/a><\/p>\n","protected":false},"excerpt":{"rendered":"<p>Israels Regierungschef geht die US-Regierung wegen einer angeblich zur\u00fcckgehaltenen Waffenlieferung mit harschen Worten an. Zwei f\u00fchrende Demokraten im Kongress haben diese Woche den Weg f\u00fcr den Verkauf von F-15-Kampfflugzeugen an Israel freigemacht. Israels Ministerpr\u00e4sident\u00a0Benjamin Netanjahu\u00a0bem\u00e4ngelte, dass die Biden-Regierung Waffen und Munition an\u00a0Israel\u00a0zur\u00fcckhalte. Er habe US-Au\u00dfenminister Antony Blinken k\u00fcrzlich in Israel gesagt, es sei &#8220;unbegreiflich, dass [&hellip;]<\/p>\n","protected":false},"author":3,"featured_media":62261,"comment_status":"open","ping_status":"open","sticky":false,"template":"","format":"standard","meta":{"_yoast_indexnow_last_ping":["1718808521"],"wp_automatic_camp":["217"],"736044e443e4307c3253078160f619c7":["Netanjahu macht Biden f\u00fcr die Zur\u00fcckhaltung von amerikanischen Waffen verantwortlich"],"original_link":["https:\/\/de.rt.com\/der-nahe-osten\/209668-netanjahu-macht-biden-fuer-zurueckhaltung\/"],"_thumbnail_id":["62261"],"jnews_social_counter_last_update":["1788143421"],"_wptgpro_p2tg_sent2tg":["a:1:{i:23737;s:19:\"2024-06-19 16:49:49\";}"]},"categories":[19,23],"tags":[18613,1348,45,221,4847,21113,20199,50,1023,23782],"class_list":["post-62260","post","type-post","status-publish","format-standard","has-post-thumbnail","hentry","category-deutschland","category-russland","tag-amerikanischen","tag-biden","tag-die","tag-fuer","tag-macht","tag-netanjahu","tag-verantwortlich","tag-von","tag-waffen","tag-zurueckhaltung"],"yoast_head":"<!-- This site is optimized with the Yoast SEO Premium plugin v22.7 (Yoast SEO v28.2) - https:\/\/yoast.com\/product\/yoast-seo-premium-wordpress\/ -->\n<title>Netanjahu macht Biden f\u00fcr die Zur\u00fcckhaltung von amerikanischen Waffen verantwortlich - just-now.NEWS Deutschland<\/title>\n<meta name=\"robots\" content=\"index, follow, max-snippet:-1, max-image-preview:large, max-video-preview:-1\" \/>\n<link rel=\"canonical\" href=\"https:\/\/now-news.de\/de\/deutschland\/netanjahu-macht-biden-fuer-die-zurueckhaltung-von-amerikanischen-waffen-verantwortlich\/\" \/>\n<meta property=\"og:locale\" content=\"de_DE\" \/>\n<meta property=\"og:type\" content=\"article\" \/>\n<meta property=\"og:title\" content=\"Netanjahu macht Biden f\u00fcr die Zur\u00fcckhaltung von amerikanischen Waffen verantwortlich\" \/>\n<meta property=\"og:description\" content=\"Israels Regierungschef geht die US-Regierung wegen einer angeblich zur\u00fcckgehaltenen Waffenlieferung mit harschen Worten an. Zwei f\u00fchrende Demokraten im Kongress haben diese Woche den Weg f\u00fcr den Verkauf von F-15-Kampfflugzeugen an Israel freigemacht. Israels Ministerpr\u00e4sident\u00a0Benjamin Netanjahu\u00a0bem\u00e4ngelte, dass die Biden-Regierung Waffen und Munition an\u00a0Israel\u00a0zur\u00fcckhalte. Er habe US-Au\u00dfenminister Antony Blinken k\u00fcrzlich in Israel gesagt, es sei &#8220;unbegreiflich, dass [&hellip;]\" \/>\n<meta property=\"og:url\" content=\"https:\/\/now-news.de\/de\/deutschland\/netanjahu-macht-biden-fuer-die-zurueckhaltung-von-amerikanischen-waffen-verantwortlich\/\" \/>\n<meta property=\"og:site_name\" content=\"just-now.NEWS Deutschland\" \/>\n<meta property=\"article:publisher\" content=\"https:\/\/www.facebook.com\/wirmachenauf\" \/>\n<meta property=\"article:published_time\" content=\"2024-06-19T14:39:31+00:00\" \/>\n<meta property=\"og:image\" content=\"https:\/\/now-news.de\/de\/wp-content\/uploads\/sites\/3\/2024\/06\/6672d683b480cc1afd65f407.jpg\" \/>\n<meta name=\"author\" content=\"rtnews\" \/>\n<meta name=\"twitter:card\" content=\"summary_large_image\" \/>\n<meta name=\"twitter:creator\" content=\"@WirMachenAuf_de\" \/>\n<meta name=\"twitter:site\" content=\"@WirMachenAuf_de\" \/>\n<meta name=\"twitter:label1\" content=\"Verfasst von\" \/>\n\t<meta name=\"twitter:data1\" content=\"rtnews\" \/>\n\t<meta name=\"twitter:label2\" content=\"Gesch\u00e4tzte Lesezeit\" \/>\n\t<meta name=\"twitter:data2\" content=\"3\u00a0Minuten\" \/>\n<script type=\"application\/ld+json\" class=\"yoast-schema-graph\">{\"@context\":\"https:\\\/\\\/schema.org\",\"@graph\":[{\"@type\":\"Article\",\"@id\":\"https:\\\/\\\/now-news.de\\\/de\\\/deutschland\\\/netanjahu-macht-biden-fuer-die-zurueckhaltung-von-amerikanischen-waffen-verantwortlich\\\/#article\",\"isPartOf\":{\"@id\":\"https:\\\/\\\/now-news.de\\\/de\\\/deutschland\\\/netanjahu-macht-biden-fuer-die-zurueckhaltung-von-amerikanischen-waffen-verantwortlich\\\/\"},\"author\":{\"name\":\"rtnews\",\"@id\":\"https:\\\/\\\/now-news.de\\\/de\\\/#\\\/schema\\\/person\\\/fb534a4e865501d8b3285208df34a9b5\"},\"headline\":\"Netanjahu macht Biden f\u00fcr die Zur\u00fcckhaltung von amerikanischen Waffen verantwortlich\",\"datePublished\":\"2024-06-19T14:39:31+00:00\",\"mainEntityOfPage\":{\"@id\":\"https:\\\/\\\/now-news.de\\\/de\\\/deutschland\\\/netanjahu-macht-biden-fuer-die-zurueckhaltung-von-amerikanischen-waffen-verantwortlich\\\/\"},\"wordCount\":557,\"commentCount\":0,\"publisher\":{\"@id\":\"https:\\\/\\\/now-news.de\\\/de\\\/#organization\"},\"image\":{\"@id\":\"https:\\\/\\\/now-news.de\\\/de\\\/deutschland\\\/netanjahu-macht-biden-fuer-die-zurueckhaltung-von-amerikanischen-waffen-verantwortlich\\\/#primaryimage\"},\"thumbnailUrl\":\"https:\\\/\\\/now-news.de\\\/de\\\/wp-content\\\/uploads\\\/sites\\\/3\\\/2024\\\/06\\\/Netanjahu-macht-Biden-fuer-die-Zurueckhaltung-von-amerikanischen-Waffen-verantwortlich.jpg\",\"keywords\":[\"amerikanischen\",\"Biden\",\"die\",\"f\u00fcr\",\"Macht\",\"Netanjahu\",\"verantwortlich\",\"von\",\"Waffen\",\"Zur\u00fcckhaltung\"],\"articleSection\":[\"Deutschland\",\"Russland\"],\"inLanguage\":\"de\",\"potentialAction\":[{\"@type\":\"CommentAction\",\"name\":\"Comment\",\"target\":[\"https:\\\/\\\/now-news.de\\\/de\\\/deutschland\\\/netanjahu-macht-biden-fuer-die-zurueckhaltung-von-amerikanischen-waffen-verantwortlich\\\/#respond\"]}]},{\"@type\":\"WebPage\",\"@id\":\"https:\\\/\\\/now-news.de\\\/de\\\/deutschland\\\/netanjahu-macht-biden-fuer-die-zurueckhaltung-von-amerikanischen-waffen-verantwortlich\\\/\",\"url\":\"https:\\\/\\\/now-news.de\\\/de\\\/deutschland\\\/netanjahu-macht-biden-fuer-die-zurueckhaltung-von-amerikanischen-waffen-verantwortlich\\\/\",\"name\":\"Netanjahu macht Biden f\u00fcr die Zur\u00fcckhaltung von amerikanischen Waffen verantwortlich - just-now.NEWS Deutschland\",\"isPartOf\":{\"@id\":\"https:\\\/\\\/now-news.de\\\/de\\\/#website\"},\"primaryImageOfPage\":{\"@id\":\"https:\\\/\\\/now-news.de\\\/de\\\/deutschland\\\/netanjahu-macht-biden-fuer-die-zurueckhaltung-von-amerikanischen-waffen-verantwortlich\\\/#primaryimage\"},\"image\":{\"@id\":\"https:\\\/\\\/now-news.de\\\/de\\\/deutschland\\\/netanjahu-macht-biden-fuer-die-zurueckhaltung-von-amerikanischen-waffen-verantwortlich\\\/#primaryimage\"},\"thumbnailUrl\":\"https:\\\/\\\/now-news.de\\\/de\\\/wp-content\\\/uploads\\\/sites\\\/3\\\/2024\\\/06\\\/Netanjahu-macht-Biden-fuer-die-Zurueckhaltung-von-amerikanischen-Waffen-verantwortlich.jpg\",\"datePublished\":\"2024-06-19T14:39:31+00:00\",\"breadcrumb\":{\"@id\":\"https:\\\/\\\/now-news.de\\\/de\\\/deutschland\\\/netanjahu-macht-biden-fuer-die-zurueckhaltung-von-amerikanischen-waffen-verantwortlich\\\/#breadcrumb\"},\"inLanguage\":\"de\",\"potentialAction\":[{\"@type\":\"ReadAction\",\"target\":[\"https:\\\/\\\/now-news.de\\\/de\\\/deutschland\\\/netanjahu-macht-biden-fuer-die-zurueckhaltung-von-amerikanischen-waffen-verantwortlich\\\/\"]}]},{\"@type\":\"ImageObject\",\"inLanguage\":\"de\",\"@id\":\"https:\\\/\\\/now-news.de\\\/de\\\/deutschland\\\/netanjahu-macht-biden-fuer-die-zurueckhaltung-von-amerikanischen-waffen-verantwortlich\\\/#primaryimage\",\"url\":\"https:\\\/\\\/now-news.de\\\/de\\\/wp-content\\\/uploads\\\/sites\\\/3\\\/2024\\\/06\\\/Netanjahu-macht-Biden-fuer-die-Zurueckhaltung-von-amerikanischen-Waffen-verantwortlich.jpg\",\"contentUrl\":\"https:\\\/\\\/now-news.de\\\/de\\\/wp-content\\\/uploads\\\/sites\\\/3\\\/2024\\\/06\\\/Netanjahu-macht-Biden-fuer-die-Zurueckhaltung-von-amerikanischen-Waffen-verantwortlich.jpg\",\"width\":460,\"height\":259,\"caption\":\"Netanjahu macht Biden f\u00fcr die Zur\u00fcckhaltung von amerikanischen Waffen verantwortlich\"},{\"@type\":\"BreadcrumbList\",\"@id\":\"https:\\\/\\\/now-news.de\\\/de\\\/deutschland\\\/netanjahu-macht-biden-fuer-die-zurueckhaltung-von-amerikanischen-waffen-verantwortlich\\\/#breadcrumb\",\"itemListElement\":[{\"@type\":\"ListItem\",\"position\":1,\"name\":\"Home\",\"item\":\"https:\\\/\\\/now-news.de\\\/de\\\/\"},{\"@type\":\"ListItem\",\"position\":2,\"name\":\"Netanjahu macht Biden f\u00fcr die Zur\u00fcckhaltung von amerikanischen Waffen verantwortlich\"}]},{\"@type\":\"WebSite\",\"@id\":\"https:\\\/\\\/now-news.de\\\/de\\\/#website\",\"url\":\"https:\\\/\\\/now-news.de\\\/de\\\/\",\"name\":\"just-now.NEWS Deutschland\",\"description\":\"Das Portal f\u00fcr unzensierte Nachrichten aus der Welt\",\"publisher\":{\"@id\":\"https:\\\/\\\/now-news.de\\\/de\\\/#organization\"},\"potentialAction\":[{\"@type\":\"SearchAction\",\"target\":{\"@type\":\"EntryPoint\",\"urlTemplate\":\"https:\\\/\\\/now-news.de\\\/de\\\/?s={search_term_string}\"},\"query-input\":{\"@type\":\"PropertyValueSpecification\",\"valueRequired\":true,\"valueName\":\"search_term_string\"}}],\"inLanguage\":\"de\"},{\"@type\":\"Organization\",\"@id\":\"https:\\\/\\\/now-news.de\\\/de\\\/#organization\",\"name\":\"Just Now News\",\"url\":\"https:\\\/\\\/now-news.de\\\/de\\\/\",\"logo\":{\"@type\":\"ImageObject\",\"inLanguage\":\"de\",\"@id\":\"https:\\\/\\\/now-news.de\\\/de\\\/#\\\/schema\\\/logo\\\/image\\\/\",\"url\":\"http:\\\/\\\/just-now.news\\\/de\\\/wp-content\\\/uploads\\\/sites\\\/3\\\/2022\\\/04\\\/logo500x500.jpg\",\"contentUrl\":\"http:\\\/\\\/just-now.news\\\/de\\\/wp-content\\\/uploads\\\/sites\\\/3\\\/2022\\\/04\\\/logo500x500.jpg\",\"width\":500,\"height\":500,\"caption\":\"Just Now News\"},\"image\":{\"@id\":\"https:\\\/\\\/now-news.de\\\/de\\\/#\\\/schema\\\/logo\\\/image\\\/\"},\"sameAs\":[\"https:\\\/\\\/www.facebook.com\\\/wirmachenauf\",\"https:\\\/\\\/x.com\\\/WirMachenAuf_de\"]},{\"@type\":\"Person\",\"@id\":\"https:\\\/\\\/now-news.de\\\/de\\\/#\\\/schema\\\/person\\\/fb534a4e865501d8b3285208df34a9b5\",\"name\":\"rtnews\",\"image\":{\"@type\":\"ImageObject\",\"inLanguage\":\"de\",\"@id\":\"https:\\\/\\\/secure.gravatar.com\\\/avatar\\\/358fe31b3ab5769fea05376e1953329834cd9912cf9daf607e2af3076a1b982b?s=96&d=mm&r=g\",\"url\":\"https:\\\/\\\/secure.gravatar.com\\\/avatar\\\/358fe31b3ab5769fea05376e1953329834cd9912cf9daf607e2af3076a1b982b?s=96&d=mm&r=g\",\"contentUrl\":\"https:\\\/\\\/secure.gravatar.com\\\/avatar\\\/358fe31b3ab5769fea05376e1953329834cd9912cf9daf607e2af3076a1b982b?s=96&d=mm&r=g\",\"caption\":\"rtnews\"},\"url\":\"https:\\\/\\\/now-news.de\\\/de\\\/author\\\/rnews\\\/\"}]}<\/script>\n<!-- \/ Yoast SEO Premium plugin. -->","yoast_head_json":{"title":"Netanjahu macht Biden f\u00fcr die Zur\u00fcckhaltung von amerikanischen Waffen verantwortlich - just-now.NEWS Deutschland","robots":{"index":"index","follow":"follow","max-snippet":"max-snippet:-1","max-image-preview":"max-image-preview:large","max-video-preview":"max-video-preview:-1"},"canonical":"https:\/\/now-news.de\/de\/deutschland\/netanjahu-macht-biden-fuer-die-zurueckhaltung-von-amerikanischen-waffen-verantwortlich\/","og_locale":"de_DE","og_type":"article","og_title":"Netanjahu macht Biden f\u00fcr die Zur\u00fcckhaltung von amerikanischen Waffen verantwortlich","og_description":"Israels Regierungschef geht die US-Regierung wegen einer angeblich zur\u00fcckgehaltenen Waffenlieferung mit harschen Worten an. Zwei f\u00fchrende Demokraten im Kongress haben diese Woche den Weg f\u00fcr den Verkauf von F-15-Kampfflugzeugen an Israel freigemacht. Israels Ministerpr\u00e4sident\u00a0Benjamin Netanjahu\u00a0bem\u00e4ngelte, dass die Biden-Regierung Waffen und Munition an\u00a0Israel\u00a0zur\u00fcckhalte. Er habe US-Au\u00dfenminister Antony Blinken k\u00fcrzlich in Israel gesagt, es sei &#8220;unbegreiflich, dass [&hellip;]","og_url":"https:\/\/now-news.de\/de\/deutschland\/netanjahu-macht-biden-fuer-die-zurueckhaltung-von-amerikanischen-waffen-verantwortlich\/","og_site_name":"just-now.NEWS Deutschland","article_publisher":"https:\/\/www.facebook.com\/wirmachenauf","article_published_time":"2024-06-19T14:39:31+00:00","og_image":[{"url":"https:\/\/now-news.de\/de\/wp-content\/uploads\/sites\/3\/2024\/06\/6672d683b480cc1afd65f407.jpg","type":"","width":"","height":""}],"author":"rtnews","twitter_card":"summary_large_image","twitter_creator":"@WirMachenAuf_de","twitter_site":"@WirMachenAuf_de","twitter_misc":{"Verfasst von":"rtnews","Gesch\u00e4tzte Lesezeit":"3\u00a0Minuten"},"schema":{"@context":"https:\/\/schema.org","@graph":[{"@type":"Article","@id":"https:\/\/now-news.de\/de\/deutschland\/netanjahu-macht-biden-fuer-die-zurueckhaltung-von-amerikanischen-waffen-verantwortlich\/#article","isPartOf":{"@id":"https:\/\/now-news.de\/de\/deutschland\/netanjahu-macht-biden-fuer-die-zurueckhaltung-von-amerikanischen-waffen-verantwortlich\/"},"author":{"name":"rtnews","@id":"https:\/\/now-news.de\/de\/#\/schema\/person\/fb534a4e865501d8b3285208df34a9b5"},"headline":"Netanjahu macht Biden f\u00fcr die Zur\u00fcckhaltung von amerikanischen Waffen verantwortlich","datePublished":"2024-06-19T14:39:31+00:00","mainEntityOfPage":{"@id":"https:\/\/now-news.de\/de\/deutschland\/netanjahu-macht-biden-fuer-die-zurueckhaltung-von-amerikanischen-waffen-verantwortlich\/"},"wordCount":557,"commentCount":0,"publisher":{"@id":"https:\/\/now-news.de\/de\/#organization"},"image":{"@id":"https:\/\/now-news.de\/de\/deutschland\/netanjahu-macht-biden-fuer-die-zurueckhaltung-von-amerikanischen-waffen-verantwortlich\/#primaryimage"},"thumbnailUrl":"https:\/\/now-news.de\/de\/wp-content\/uploads\/sites\/3\/2024\/06\/Netanjahu-macht-Biden-fuer-die-Zurueckhaltung-von-amerikanischen-Waffen-verantwortlich.jpg","keywords":["amerikanischen","Biden","die","f\u00fcr","Macht","Netanjahu","verantwortlich","von","Waffen","Zur\u00fcckhaltung"],"articleSection":["Deutschland","Russland"],"inLanguage":"de","potentialAction":[{"@type":"CommentAction","name":"Comment","target":["https:\/\/now-news.de\/de\/deutschland\/netanjahu-macht-biden-fuer-die-zurueckhaltung-von-amerikanischen-waffen-verantwortlich\/#respond"]}]},{"@type":"WebPage","@id":"https:\/\/now-news.de\/de\/deutschland\/netanjahu-macht-biden-fuer-die-zurueckhaltung-von-amerikanischen-waffen-verantwortlich\/","url":"https:\/\/now-news.de\/de\/deutschland\/netanjahu-macht-biden-fuer-die-zurueckhaltung-von-amerikanischen-waffen-verantwortlich\/","name":"Netanjahu macht Biden f\u00fcr die Zur\u00fcckhaltung von amerikanischen Waffen verantwortlich - just-now.NEWS Deutschland","isPartOf":{"@id":"https:\/\/now-news.de\/de\/#website"},"primaryImageOfPage":{"@id":"https:\/\/now-news.de\/de\/deutschland\/netanjahu-macht-biden-fuer-die-zurueckhaltung-von-amerikanischen-waffen-verantwortlich\/#primaryimage"},"image":{"@id":"https:\/\/now-news.de\/de\/deutschland\/netanjahu-macht-biden-fuer-die-zurueckhaltung-von-amerikanischen-waffen-verantwortlich\/#primaryimage"},"thumbnailUrl":"https:\/\/now-news.de\/de\/wp-content\/uploads\/sites\/3\/2024\/06\/Netanjahu-macht-Biden-fuer-die-Zurueckhaltung-von-amerikanischen-Waffen-verantwortlich.jpg","datePublished":"2024-06-19T14:39:31+00:00","breadcrumb":{"@id":"https:\/\/now-news.de\/de\/deutschland\/netanjahu-macht-biden-fuer-die-zurueckhaltung-von-amerikanischen-waffen-verantwortlich\/#breadcrumb"},"inLanguage":"de","potentialAction":[{"@type":"ReadAction","target":["https:\/\/now-news.de\/de\/deutschland\/netanjahu-macht-biden-fuer-die-zurueckhaltung-von-amerikanischen-waffen-verantwortlich\/"]}]},{"@type":"ImageObject","inLanguage":"de","@id":"https:\/\/now-news.de\/de\/deutschland\/netanjahu-macht-biden-fuer-die-zurueckhaltung-von-amerikanischen-waffen-verantwortlich\/#primaryimage","url":"https:\/\/now-news.de\/de\/wp-content\/uploads\/sites\/3\/2024\/06\/Netanjahu-macht-Biden-fuer-die-Zurueckhaltung-von-amerikanischen-Waffen-verantwortlich.jpg","contentUrl":"https:\/\/now-news.de\/de\/wp-content\/uploads\/sites\/3\/2024\/06\/Netanjahu-macht-Biden-fuer-die-Zurueckhaltung-von-amerikanischen-Waffen-verantwortlich.jpg","width":460,"height":259,"caption":"Netanjahu macht Biden f\u00fcr die Zur\u00fcckhaltung von amerikanischen Waffen verantwortlich"},{"@type":"BreadcrumbList","@id":"https:\/\/now-news.de\/de\/deutschland\/netanjahu-macht-biden-fuer-die-zurueckhaltung-von-amerikanischen-waffen-verantwortlich\/#breadcrumb","itemListElement":[{"@type":"ListItem","position":1,"name":"Home","item":"https:\/\/now-news.de\/de\/"},{"@type":"ListItem","position":2,"name":"Netanjahu macht Biden f\u00fcr die Zur\u00fcckhaltung von amerikanischen Waffen verantwortlich"}]},{"@type":"WebSite","@id":"https:\/\/now-news.de\/de\/#website","url":"https:\/\/now-news.de\/de\/","name":"just-now.NEWS Deutschland","description":"Das Portal f\u00fcr unzensierte Nachrichten aus der Welt","publisher":{"@id":"https:\/\/now-news.de\/de\/#organization"},"potentialAction":[{"@type":"SearchAction","target":{"@type":"EntryPoint","urlTemplate":"https:\/\/now-news.de\/de\/?s={search_term_string}"},"query-input":{"@type":"PropertyValueSpecification","valueRequired":true,"valueName":"search_term_string"}}],"inLanguage":"de"},{"@type":"Organization","@id":"https:\/\/now-news.de\/de\/#organization","name":"Just Now News","url":"https:\/\/now-news.de\/de\/","logo":{"@type":"ImageObject","inLanguage":"de","@id":"https:\/\/now-news.de\/de\/#\/schema\/logo\/image\/","url":"http:\/\/just-now.news\/de\/wp-content\/uploads\/sites\/3\/2022\/04\/logo500x500.jpg","contentUrl":"http:\/\/just-now.news\/de\/wp-content\/uploads\/sites\/3\/2022\/04\/logo500x500.jpg","width":500,"height":500,"caption":"Just Now News"},"image":{"@id":"https:\/\/now-news.de\/de\/#\/schema\/logo\/image\/"},"sameAs":["https:\/\/www.facebook.com\/wirmachenauf","https:\/\/x.com\/WirMachenAuf_de"]},{"@type":"Person","@id":"https:\/\/now-news.de\/de\/#\/schema\/person\/fb534a4e865501d8b3285208df34a9b5","name":"rtnews","image":{"@type":"ImageObject","inLanguage":"de","@id":"https:\/\/secure.gravatar.com\/avatar\/358fe31b3ab5769fea05376e1953329834cd9912cf9daf607e2af3076a1b982b?s=96&d=mm&r=g","url":"https:\/\/secure.gravatar.com\/avatar\/358fe31b3ab5769fea05376e1953329834cd9912cf9daf607e2af3076a1b982b?s=96&d=mm&r=g","contentUrl":"https:\/\/secure.gravatar.com\/avatar\/358fe31b3ab5769fea05376e1953329834cd9912cf9daf607e2af3076a1b982b?s=96&d=mm&r=g","caption":"rtnews"},"url":"https:\/\/now-news.de\/de\/author\/rnews\/"}]}},"_links":{"self":[{"href":"https:\/\/now-news.de\/de\/wp-json\/wp\/v2\/posts\/62260","targetHints":{"allow":["GET"]}}],"collection":[{"href":"https:\/\/now-news.de\/de\/wp-json\/wp\/v2\/posts"}],"about":[{"href":"https:\/\/now-news.de\/de\/wp-json\/wp\/v2\/types\/post"}],"author":[{"embeddable":true,"href":"https:\/\/now-news.de\/de\/wp-json\/wp\/v2\/users\/3"}],"replies":[{"embeddable":true,"href":"https:\/\/now-news.de\/de\/wp-json\/wp\/v2\/comments?post=62260"}],"version-history":[{"count":0,"href":"https:\/\/now-news.de\/de\/wp-json\/wp\/v2\/posts\/62260\/revisions"}],"wp:featuredmedia":[{"embeddable":true,"href":"https:\/\/now-news.de\/de\/wp-json\/wp\/v2\/media\/62261"}],"wp:attachment":[{"href":"https:\/\/now-news.de\/de\/wp-json\/wp\/v2\/media?parent=62260"}],"wp:term":[{"taxonomy":"category","embeddable":true,"href":"https:\/\/now-news.de\/de\/wp-json\/wp\/v2\/categories?post=62260"},{"taxonomy":"post_tag","embeddable":true,"href":"https:\/\/now-news.de\/de\/wp-json\/wp\/v2\/tags?post=62260"}],"curies":[{"name":"wp","href":"https:\/\/api.w.org\/{rel}","templated":true}]}}