{"id":62244,"date":"2024-06-19T12:44:57","date_gmt":"2024-06-19T10:44:57","guid":{"rendered":"https:\/\/now-news.de\/de\/deutschland\/antifa-kuendigt-offen-gewalt-an-werden-afd-parteitag-in-essen-smashen\/"},"modified":"2024-06-19T12:44:57","modified_gmt":"2024-06-19T10:44:57","slug":"antifa-kuendigt-offen-gewalt-an-werden-afd-parteitag-in-essen-smashen","status":"publish","type":"post","link":"https:\/\/now-news.de\/de\/deutschland\/antifa-kuendigt-offen-gewalt-an-werden-afd-parteitag-in-essen-smashen\/","title":{"rendered":"Antifa k\u00fcndigt offen Gewalt an: Werden AfD-Parteitag in Essen &quot;smashen&quot;"},"content":{"rendered":"<p><img decoding=\"async\" src=\"https:\/\/now-news.de\/de\/wp-content\/uploads\/sites\/3\/2024\/06\/6672a979b480cc1ca63198c9.jpg\" \/><\/p>\n<div class=\"Text-root Text-type_1 \">\n                Bundesweit werden anti-rechte &#8220;Bunt-B\u00fcrger&#8221; zum Protest gegen den AfD-Parteitag in Essen mobilisiert. Die Veranstalter erwarten Menschenmassen von 100.000 Teilnehmern. Mit dabei ist auch die Antifa-Szene, die bereits angek\u00fcndigt hat, Feuer zu legen.\n            <\/div>\n<p><\/p>\n<div class=\"Text-root Text-type_5 ArticleView-text ViewText-root \">\n<p>Am 29. Juni findet in der Essener Grugahalle der AfD-Parteitag statt. Zuvor hatte die Stadtverwaltung Essen versucht, der Alternative f\u00fcr Deutschland die Nutzung der Grugahalle gerichtlich zu verbieten. Das Verwaltungsgericht Gelsenkirchen\u00a0<a rel=\"nofollow noopener\" target=\"_blank\" href=\"https:\/\/www.zdf.de\/nachrichten\/politik\/deutschland\/afd-parteitag-essen-grugahalle-gerichtsurteil-100.html\">entschied am Freitag<\/a>, dass die Stadt der Partei die Grugahalle f\u00fcr den Bundesparteitag ohne Auflagen zur Verf\u00fcgung stellen muss. Laut Beschluss d\u00fcrfe die AfD nicht anders behandelt werden, als andere Parteien.<\/p>\n<p>Noch am Freitag\u00a0<a rel=\"nofollow noopener\" target=\"_blank\" href=\"https:\/\/www1.wdr.de\/nachrichten\/ruhrgebiet\/afd-parteitag-darf-in-grugahalle-essen-gericht-100.html\">erkl\u00e4rte<\/a>\u00a0der Essener Oberb\u00fcrgermeister Thomas Kufen, dass die Stadt die gerichtliche Entscheidung akzeptieren w\u00fcrde. Das schien der Startschuss f\u00fcr die bundesweite Re-Mobilierung des Anti-Rechts-Milieus, das seit der\u00a0<a rel=\"nofollow noopener\" target=\"_blank\" href=\"https:\/\/dert.online\/inland\/197437-correctiv-geschaeftsfuehrer-schraven-bezeichnet-afd\/\">Correctiv-Recherche<\/a>\u00a0zum angeblichen Treffen rechtsextremer Kr\u00e4fte in Potsdam gebildet wurde.<\/p>\n<p>Nach der Ver\u00f6ffentlichung des von der\u00a0<a rel=\"nofollow noopener\" target=\"_blank\" href=\"https:\/\/dert.online\/kurzclips\/video\/195927-correctiv-ja-wir-werden-von\/\">Soros-Stiftung bezahlten Correctiv-Faktencheckredaktion<\/a>\u00a0gingen zu Jahresbeginn hunderttausende gegen die AfD auf die Stra\u00dfe. In den letzten Wochen schw\u00e4chelten die Anti-Rechten-Demonstranten. Offensichtlich wird die Anti-Rechts-Bewegung anl\u00e4sslich des AfD-Parteitags wiederbelebt. Gemeinsam mit gewaltbereiten linksextremen Antifa-Aktivisten soll sich das b\u00fcrgerliche anti-rechts Aktivistenmilieu dem Parteitag widersetzen. In erstaunlich kurzer Zeit formierte sich ein breites Widerstandsb\u00fcndnis, das gegen die Durchf\u00fchrung des Parteitags protestieren wird.<\/p>\n<p>Wie die\u00a0<em>taz<\/em>\u00a0am Montag\u00a0<a rel=\"nofollow noopener\" target=\"_blank\" href=\"https:\/\/taz.de\/AfD-Parteitag-in-Essen\/!6014549\/\">berichtete<\/a>, werde in ganz Deutschland gegen den AfD-Parteitag in Essen mobilisiert. In einem gemeinsamen B\u00fcndnis der Initiativen\u00a0<a rel=\"nofollow noopener\" target=\"_blank\" href=\"https:\/\/essq.de\/\">Essen stellt sich quer<\/a>, dem Bund der An\u00adti\u00adfa\u00adschis\u00adtin\u00adnen, der Initiative &#8220;Aufstehen gegen Rassismus&#8221; der\u00a0<a rel=\"nofollow noopener\" target=\"_blank\" href=\"https:\/\/essener-allianz-fuer-weltoffenheit.de\/\">Allianz f\u00fcr Weltoffenheit und Toleranz<\/a>\u00a0und die Kampagne\u00a0<a rel=\"nofollow noopener\" target=\"_blank\" href=\"https:\/\/gemeinsam-laut.de\/en\">Gemeinsam laut<\/a>\u00a0erwartet die Stadt den &#8220;gr\u00f6\u00dften politischen Protest, den Essen bisher gesehen hat&#8221;, so die\u00a0<em>taz<\/em>. Auch CDU-Oberb\u00fcrgermeister Kufen ruft zur Teilnahme an den Protestaktionen auf. In der Initiative &#8220;Widersetzen&#8221; h\u00e4tten sich mittlerweile rund 170 Einzelpersonen und Ver\u00adtre\u00adte\u00adr:in\u00adnen verschiedenster Organisationen, Gewerkschaften und antifaschistischer Regionalb\u00fcndnisse organisiert. Deren Sprecherin Katharina Schwabedissen teilte mit:<\/p>\n<blockquote>\n<p><em>&#8220;Wir rechnen mit 70.000 bis 100.000 Menschen, die in Essen gegen die AfD demonstrieren werden.&#8221;<\/em><\/p>\n<\/blockquote>\n<p>Bundesweit mobilisierten gleichzeitig auch linksextreme Kr\u00e4fte zum Widerstand gegen den Parteitag in Essen. Wie\u00a0<em>t-online<\/em>\u00a0am Dienstag\u00a0<a rel=\"nofollow noopener\" target=\"_blank\" href=\"https:\/\/www.t-online.de\/region\/essen\/id_100430124\/afd-in-essen-linksextreme-planen-angriff-auf-parteitag-in-der-grugahalle.html\">ver\u00f6ffentlichte<\/a>, rufe die linksextremistische Szene &#8220;im Internet dazu auf, den Parteitag und die Anreise der AfD-Politiker massiv zu st\u00f6ren.&#8221; Demnach k\u00fcndigten Berliner Extremisten die &#8220;st\u00e4rkste und massivste Antifa-Aktion seit vielen Jahren&#8221; an. Auf der Internetplattform\u00a0<em>Indymedia<\/em>\u00a0wird\u00a0<a rel=\"nofollow noopener\" target=\"_blank\" href=\"https:\/\/de.indymedia.org\/node\/364879\">dazu aufgerufen<\/a>, insbesondere auch aus Berlin mit vielen Aktivisten nach Essen zu fahren. Man plane &#8220;der AfD in einer Weise entgegenzutreten, die es ihr unm\u00f6glich macht, auch nur eine Minute in Ruhe in der Grugahalle zu tagen.&#8221; In dem\u00a0<em>Indymedia<\/em>-Aufruf wird mit Brandstiftung und Gewalt gedroht:<\/p>\n<blockquote>\n<p><em>&#8220;Wir wollen den Samstag des 29. Juni bereits fr\u00fchmorgens mit ein wenig Feuer einleiten, die wir so platzieren, dass der vereinigten AfD-Brut die Anreise zur Gugahalle bereits deutlich erschwert wird.&#8221; (Schreibweise wie im Original)<\/em><\/p>\n<\/blockquote>\n<p>Sollte die Partei es dennoch schaffen, werde , man zum &#8220;offensiven Angriff&#8221; \u00fcbergehen. Die Polizei werde man beiseite r\u00e4umen. Den AfD-Parteitag will man mit Gewalt zerschlagen:<\/p>\n<blockquote>\n<p><em>&#8220;Ziel ist es, den Parteitag zu smashen. Nicht mehr und nicht weniger.&#8221;<\/em><\/p>\n<\/blockquote>\n<p>Des Weiteren wird im Aufruf daran erinnert, dass wegen des Achtelfinales der EM &#8220;Der gesamte Bullenapparat an diesem Samstag bei der Europameisterschaft in Dortmund verplant ist.&#8221; Ebendarum erwarte man, quasi unbehelligt von der Staatsmacht agieren zu k\u00f6nnen.<\/p>\n<p><strong>Mehr zum Thema<\/strong> &#8211; <a rel=\"nofollow noopener\" target=\"_blank\" href=\"https:\/\/dert.online\/kurzclips\/video\/208088-querdenker-klatschen-antifa-stoert-gedenkmarsch\/\">&#8220;Querdenker klatschen&#8221; \u2013 Antifa st\u00f6rt Gedenkmarsch f\u00fcr get\u00f6teten Polizisten<\/a><\/p>\n<p>\u00a0<\/p>\n<\/div>\n<p><br \/>\n<br \/><a href=\"https:\/\/de.rt.com\/gesellschaft\/209630-antifa-kuendigt-offen-gewalt-an\/\">Source link <\/a><\/p>\n","protected":false},"excerpt":{"rendered":"<p>Bundesweit werden anti-rechte &#8220;Bunt-B\u00fcrger&#8221; zum Protest gegen den AfD-Parteitag in Essen mobilisiert. Die Veranstalter erwarten Menschenmassen von 100.000 Teilnehmern. Mit dabei ist auch die Antifa-Szene, die bereits angek\u00fcndigt hat, Feuer zu legen. Am 29. Juni findet in der Essener Grugahalle der AfD-Parteitag statt. Zuvor hatte die Stadtverwaltung Essen versucht, der Alternative f\u00fcr Deutschland die Nutzung [&hellip;]<\/p>\n","protected":false},"author":3,"featured_media":62245,"comment_status":"open","ping_status":"open","sticky":false,"template":"","format":"standard","meta":{"_yoast_indexnow_last_ping":["1718794062"],"wp_automatic_camp":["217"],"c997419090a8a23ad9744bfb0346cf05":["Antifa k\u00fcndigt offen Gewalt an: Werden AfD-Parteitag in Essen &quot;smashen&quot;"],"original_link":["https:\/\/de.rt.com\/gesellschaft\/209630-antifa-kuendigt-offen-gewalt-an\/"],"_thumbnail_id":["62245"],"jnews_social_counter_last_update":["1777347901"],"_wptgpro_p2tg_sent2tg":["a:1:{i:23737;s:19:\"2024-06-19 12:48:51\";}"]},"categories":[19,23],"tags":[25008,4925,13899,7768,4224,19949,55868,1040],"yoast_head":"<!-- This site is optimized with the Yoast SEO Premium plugin v22.7 (Yoast SEO v22.7) - https:\/\/yoast.com\/wordpress\/plugins\/seo\/ -->\n<title>Antifa k\u00fcndigt offen Gewalt an: Werden AfD-Parteitag in Essen &quot;smashen&quot; - just-now.NEWS Deutschland<\/title>\n<meta name=\"robots\" content=\"index, follow, max-snippet:-1, max-image-preview:large, max-video-preview:-1\" \/>\n<link rel=\"canonical\" href=\"https:\/\/now-news.de\/de\/deutschland\/antifa-kuendigt-offen-gewalt-an-werden-afd-parteitag-in-essen-smashen\/\" \/>\n<meta property=\"og:locale\" content=\"de_DE\" \/>\n<meta property=\"og:type\" content=\"article\" \/>\n<meta property=\"og:title\" content=\"Antifa k\u00fcndigt offen Gewalt an: Werden AfD-Parteitag in Essen &quot;smashen&quot;\" \/>\n<meta property=\"og:description\" content=\"Bundesweit werden anti-rechte &#8220;Bunt-B\u00fcrger&#8221; zum Protest gegen den AfD-Parteitag in Essen mobilisiert. Die Veranstalter erwarten Menschenmassen von 100.000 Teilnehmern. Mit dabei ist auch die Antifa-Szene, die bereits angek\u00fcndigt hat, Feuer zu legen. Am 29. Juni findet in der Essener Grugahalle der AfD-Parteitag statt. Zuvor hatte die Stadtverwaltung Essen versucht, der Alternative f\u00fcr Deutschland die Nutzung [&hellip;]\" \/>\n<meta property=\"og:url\" content=\"https:\/\/now-news.de\/de\/deutschland\/antifa-kuendigt-offen-gewalt-an-werden-afd-parteitag-in-essen-smashen\/\" \/>\n<meta property=\"og:site_name\" content=\"just-now.NEWS Deutschland\" \/>\n<meta property=\"article:publisher\" content=\"https:\/\/www.facebook.com\/wirmachenauf\" \/>\n<meta property=\"article:published_time\" content=\"2024-06-19T10:44:57+00:00\" \/>\n<meta property=\"og:image\" content=\"https:\/\/now-news.de\/de\/wp-content\/uploads\/sites\/3\/2024\/06\/6672a979b480cc1ca63198c9.jpg\" \/>\n<meta name=\"author\" content=\"rtnews\" \/>\n<meta name=\"twitter:card\" content=\"summary_large_image\" \/>\n<meta name=\"twitter:creator\" content=\"@WirMachenAuf_de\" \/>\n<meta name=\"twitter:site\" content=\"@WirMachenAuf_de\" \/>\n<meta name=\"twitter:label1\" content=\"Verfasst von\" \/>\n\t<meta name=\"twitter:data1\" content=\"rtnews\" \/>\n\t<meta name=\"twitter:label2\" content=\"Gesch\u00e4tzte Lesezeit\" \/>\n\t<meta name=\"twitter:data2\" content=\"3\u00a0Minuten\" \/>\n<script type=\"application\/ld+json\" class=\"yoast-schema-graph\">{\"@context\":\"https:\/\/schema.org\",\"@graph\":[{\"@type\":\"Article\",\"@id\":\"https:\/\/now-news.de\/de\/deutschland\/antifa-kuendigt-offen-gewalt-an-werden-afd-parteitag-in-essen-smashen\/#article\",\"isPartOf\":{\"@id\":\"https:\/\/now-news.de\/de\/deutschland\/antifa-kuendigt-offen-gewalt-an-werden-afd-parteitag-in-essen-smashen\/\"},\"author\":{\"name\":\"rtnews\",\"@id\":\"https:\/\/now-news.de\/de\/#\/schema\/person\/fb534a4e865501d8b3285208df34a9b5\"},\"headline\":\"Antifa k\u00fcndigt offen Gewalt an: Werden AfD-Parteitag in Essen &quot;smashen&quot;\",\"datePublished\":\"2024-06-19T10:44:57+00:00\",\"dateModified\":\"2024-06-19T10:44:57+00:00\",\"mainEntityOfPage\":{\"@id\":\"https:\/\/now-news.de\/de\/deutschland\/antifa-kuendigt-offen-gewalt-an-werden-afd-parteitag-in-essen-smashen\/\"},\"wordCount\":586,\"commentCount\":0,\"publisher\":{\"@id\":\"https:\/\/now-news.de\/de\/#organization\"},\"image\":{\"@id\":\"https:\/\/now-news.de\/de\/deutschland\/antifa-kuendigt-offen-gewalt-an-werden-afd-parteitag-in-essen-smashen\/#primaryimage\"},\"thumbnailUrl\":\"https:\/\/now-news.de\/de\/wp-content\/uploads\/sites\/3\/2024\/06\/Antifa-kuendigt-offen-Gewalt-an-Werden-AfD-Parteitag-in-Essen-quotsmashenquot.jpg\",\"keywords\":[\"AfDParteitag\",\"antifa\",\"Essen\",\"Gewalt\",\"k\u00fcndigt\",\"offen\",\"quotsmashenquot\",\"Werden\"],\"articleSection\":[\"Deutschland\",\"Russland\"],\"inLanguage\":\"de\",\"potentialAction\":[{\"@type\":\"CommentAction\",\"name\":\"Comment\",\"target\":[\"https:\/\/now-news.de\/de\/deutschland\/antifa-kuendigt-offen-gewalt-an-werden-afd-parteitag-in-essen-smashen\/#respond\"]}]},{\"@type\":\"WebPage\",\"@id\":\"https:\/\/now-news.de\/de\/deutschland\/antifa-kuendigt-offen-gewalt-an-werden-afd-parteitag-in-essen-smashen\/\",\"url\":\"https:\/\/now-news.de\/de\/deutschland\/antifa-kuendigt-offen-gewalt-an-werden-afd-parteitag-in-essen-smashen\/\",\"name\":\"Antifa k\u00fcndigt offen Gewalt an: Werden AfD-Parteitag in Essen &quot;smashen&quot; - just-now.NEWS Deutschland\",\"isPartOf\":{\"@id\":\"https:\/\/now-news.de\/de\/#website\"},\"primaryImageOfPage\":{\"@id\":\"https:\/\/now-news.de\/de\/deutschland\/antifa-kuendigt-offen-gewalt-an-werden-afd-parteitag-in-essen-smashen\/#primaryimage\"},\"image\":{\"@id\":\"https:\/\/now-news.de\/de\/deutschland\/antifa-kuendigt-offen-gewalt-an-werden-afd-parteitag-in-essen-smashen\/#primaryimage\"},\"thumbnailUrl\":\"https:\/\/now-news.de\/de\/wp-content\/uploads\/sites\/3\/2024\/06\/Antifa-kuendigt-offen-Gewalt-an-Werden-AfD-Parteitag-in-Essen-quotsmashenquot.jpg\",\"datePublished\":\"2024-06-19T10:44:57+00:00\",\"dateModified\":\"2024-06-19T10:44:57+00:00\",\"breadcrumb\":{\"@id\":\"https:\/\/now-news.de\/de\/deutschland\/antifa-kuendigt-offen-gewalt-an-werden-afd-parteitag-in-essen-smashen\/#breadcrumb\"},\"inLanguage\":\"de\",\"potentialAction\":[{\"@type\":\"ReadAction\",\"target\":[\"https:\/\/now-news.de\/de\/deutschland\/antifa-kuendigt-offen-gewalt-an-werden-afd-parteitag-in-essen-smashen\/\"]}]},{\"@type\":\"ImageObject\",\"inLanguage\":\"de\",\"@id\":\"https:\/\/now-news.de\/de\/deutschland\/antifa-kuendigt-offen-gewalt-an-werden-afd-parteitag-in-essen-smashen\/#primaryimage\",\"url\":\"https:\/\/now-news.de\/de\/wp-content\/uploads\/sites\/3\/2024\/06\/Antifa-kuendigt-offen-Gewalt-an-Werden-AfD-Parteitag-in-Essen-quotsmashenquot.jpg\",\"contentUrl\":\"https:\/\/now-news.de\/de\/wp-content\/uploads\/sites\/3\/2024\/06\/Antifa-kuendigt-offen-Gewalt-an-Werden-AfD-Parteitag-in-Essen-quotsmashenquot.jpg\",\"width\":460,\"height\":259,\"caption\":\"Antifa k\u00fcndigt offen Gewalt an: Werden AfD-Parteitag in Essen &quot;smashen&quot;\"},{\"@type\":\"BreadcrumbList\",\"@id\":\"https:\/\/now-news.de\/de\/deutschland\/antifa-kuendigt-offen-gewalt-an-werden-afd-parteitag-in-essen-smashen\/#breadcrumb\",\"itemListElement\":[{\"@type\":\"ListItem\",\"position\":1,\"name\":\"Home\",\"item\":\"https:\/\/now-news.de\/de\/\"},{\"@type\":\"ListItem\",\"position\":2,\"name\":\"Antifa k\u00fcndigt offen Gewalt an: Werden AfD-Parteitag in Essen &quot;smashen&quot;\"}]},{\"@type\":\"WebSite\",\"@id\":\"https:\/\/now-news.de\/de\/#website\",\"url\":\"https:\/\/now-news.de\/de\/\",\"name\":\"just-now.NEWS Deutschland\",\"description\":\"Das Portal f\u00fcr unzensierte Nachrichten aus der Welt\",\"publisher\":{\"@id\":\"https:\/\/now-news.de\/de\/#organization\"},\"potentialAction\":[{\"@type\":\"SearchAction\",\"target\":{\"@type\":\"EntryPoint\",\"urlTemplate\":\"https:\/\/now-news.de\/de\/?s={search_term_string}\"},\"query-input\":\"required name=search_term_string\"}],\"inLanguage\":\"de\"},{\"@type\":\"Organization\",\"@id\":\"https:\/\/now-news.de\/de\/#organization\",\"name\":\"Just Now News\",\"url\":\"https:\/\/now-news.de\/de\/\",\"logo\":{\"@type\":\"ImageObject\",\"inLanguage\":\"de\",\"@id\":\"https:\/\/now-news.de\/de\/#\/schema\/logo\/image\/\",\"url\":\"http:\/\/just-now.news\/de\/wp-content\/uploads\/sites\/3\/2022\/04\/logo500x500.jpg\",\"contentUrl\":\"http:\/\/just-now.news\/de\/wp-content\/uploads\/sites\/3\/2022\/04\/logo500x500.jpg\",\"width\":500,\"height\":500,\"caption\":\"Just Now News\"},\"image\":{\"@id\":\"https:\/\/now-news.de\/de\/#\/schema\/logo\/image\/\"},\"sameAs\":[\"https:\/\/www.facebook.com\/wirmachenauf\",\"https:\/\/x.com\/WirMachenAuf_de\"]},{\"@type\":\"Person\",\"@id\":\"https:\/\/now-news.de\/de\/#\/schema\/person\/fb534a4e865501d8b3285208df34a9b5\",\"name\":\"rtnews\",\"image\":{\"@type\":\"ImageObject\",\"inLanguage\":\"de\",\"@id\":\"https:\/\/now-news.de\/de\/#\/schema\/person\/image\/\",\"url\":\"https:\/\/secure.gravatar.com\/avatar\/82aafea7d8127119dd649515f56e2117?s=96&d=mm&r=g\",\"contentUrl\":\"https:\/\/secure.gravatar.com\/avatar\/82aafea7d8127119dd649515f56e2117?s=96&d=mm&r=g\",\"caption\":\"rtnews\"},\"url\":\"https:\/\/now-news.de\/de\/author\/rnews\/\"}]}<\/script>\n<!-- \/ Yoast SEO Premium plugin. -->","yoast_head_json":{"title":"Antifa k\u00fcndigt offen Gewalt an: Werden AfD-Parteitag in Essen &quot;smashen&quot; - just-now.NEWS Deutschland","robots":{"index":"index","follow":"follow","max-snippet":"max-snippet:-1","max-image-preview":"max-image-preview:large","max-video-preview":"max-video-preview:-1"},"canonical":"https:\/\/now-news.de\/de\/deutschland\/antifa-kuendigt-offen-gewalt-an-werden-afd-parteitag-in-essen-smashen\/","og_locale":"de_DE","og_type":"article","og_title":"Antifa k\u00fcndigt offen Gewalt an: Werden AfD-Parteitag in Essen &quot;smashen&quot;","og_description":"Bundesweit werden anti-rechte &#8220;Bunt-B\u00fcrger&#8221; zum Protest gegen den AfD-Parteitag in Essen mobilisiert. Die Veranstalter erwarten Menschenmassen von 100.000 Teilnehmern. Mit dabei ist auch die Antifa-Szene, die bereits angek\u00fcndigt hat, Feuer zu legen. Am 29. Juni findet in der Essener Grugahalle der AfD-Parteitag statt. Zuvor hatte die Stadtverwaltung Essen versucht, der Alternative f\u00fcr Deutschland die Nutzung [&hellip;]","og_url":"https:\/\/now-news.de\/de\/deutschland\/antifa-kuendigt-offen-gewalt-an-werden-afd-parteitag-in-essen-smashen\/","og_site_name":"just-now.NEWS Deutschland","article_publisher":"https:\/\/www.facebook.com\/wirmachenauf","article_published_time":"2024-06-19T10:44:57+00:00","og_image":[{"url":"https:\/\/now-news.de\/de\/wp-content\/uploads\/sites\/3\/2024\/06\/6672a979b480cc1ca63198c9.jpg"}],"author":"rtnews","twitter_card":"summary_large_image","twitter_creator":"@WirMachenAuf_de","twitter_site":"@WirMachenAuf_de","twitter_misc":{"Verfasst von":"rtnews","Gesch\u00e4tzte Lesezeit":"3\u00a0Minuten"},"schema":{"@context":"https:\/\/schema.org","@graph":[{"@type":"Article","@id":"https:\/\/now-news.de\/de\/deutschland\/antifa-kuendigt-offen-gewalt-an-werden-afd-parteitag-in-essen-smashen\/#article","isPartOf":{"@id":"https:\/\/now-news.de\/de\/deutschland\/antifa-kuendigt-offen-gewalt-an-werden-afd-parteitag-in-essen-smashen\/"},"author":{"name":"rtnews","@id":"https:\/\/now-news.de\/de\/#\/schema\/person\/fb534a4e865501d8b3285208df34a9b5"},"headline":"Antifa k\u00fcndigt offen Gewalt an: Werden AfD-Parteitag in Essen &quot;smashen&quot;","datePublished":"2024-06-19T10:44:57+00:00","dateModified":"2024-06-19T10:44:57+00:00","mainEntityOfPage":{"@id":"https:\/\/now-news.de\/de\/deutschland\/antifa-kuendigt-offen-gewalt-an-werden-afd-parteitag-in-essen-smashen\/"},"wordCount":586,"commentCount":0,"publisher":{"@id":"https:\/\/now-news.de\/de\/#organization"},"image":{"@id":"https:\/\/now-news.de\/de\/deutschland\/antifa-kuendigt-offen-gewalt-an-werden-afd-parteitag-in-essen-smashen\/#primaryimage"},"thumbnailUrl":"https:\/\/now-news.de\/de\/wp-content\/uploads\/sites\/3\/2024\/06\/Antifa-kuendigt-offen-Gewalt-an-Werden-AfD-Parteitag-in-Essen-quotsmashenquot.jpg","keywords":["AfDParteitag","antifa","Essen","Gewalt","k\u00fcndigt","offen","quotsmashenquot","Werden"],"articleSection":["Deutschland","Russland"],"inLanguage":"de","potentialAction":[{"@type":"CommentAction","name":"Comment","target":["https:\/\/now-news.de\/de\/deutschland\/antifa-kuendigt-offen-gewalt-an-werden-afd-parteitag-in-essen-smashen\/#respond"]}]},{"@type":"WebPage","@id":"https:\/\/now-news.de\/de\/deutschland\/antifa-kuendigt-offen-gewalt-an-werden-afd-parteitag-in-essen-smashen\/","url":"https:\/\/now-news.de\/de\/deutschland\/antifa-kuendigt-offen-gewalt-an-werden-afd-parteitag-in-essen-smashen\/","name":"Antifa k\u00fcndigt offen Gewalt an: Werden AfD-Parteitag in Essen &quot;smashen&quot; - just-now.NEWS Deutschland","isPartOf":{"@id":"https:\/\/now-news.de\/de\/#website"},"primaryImageOfPage":{"@id":"https:\/\/now-news.de\/de\/deutschland\/antifa-kuendigt-offen-gewalt-an-werden-afd-parteitag-in-essen-smashen\/#primaryimage"},"image":{"@id":"https:\/\/now-news.de\/de\/deutschland\/antifa-kuendigt-offen-gewalt-an-werden-afd-parteitag-in-essen-smashen\/#primaryimage"},"thumbnailUrl":"https:\/\/now-news.de\/de\/wp-content\/uploads\/sites\/3\/2024\/06\/Antifa-kuendigt-offen-Gewalt-an-Werden-AfD-Parteitag-in-Essen-quotsmashenquot.jpg","datePublished":"2024-06-19T10:44:57+00:00","dateModified":"2024-06-19T10:44:57+00:00","breadcrumb":{"@id":"https:\/\/now-news.de\/de\/deutschland\/antifa-kuendigt-offen-gewalt-an-werden-afd-parteitag-in-essen-smashen\/#breadcrumb"},"inLanguage":"de","potentialAction":[{"@type":"ReadAction","target":["https:\/\/now-news.de\/de\/deutschland\/antifa-kuendigt-offen-gewalt-an-werden-afd-parteitag-in-essen-smashen\/"]}]},{"@type":"ImageObject","inLanguage":"de","@id":"https:\/\/now-news.de\/de\/deutschland\/antifa-kuendigt-offen-gewalt-an-werden-afd-parteitag-in-essen-smashen\/#primaryimage","url":"https:\/\/now-news.de\/de\/wp-content\/uploads\/sites\/3\/2024\/06\/Antifa-kuendigt-offen-Gewalt-an-Werden-AfD-Parteitag-in-Essen-quotsmashenquot.jpg","contentUrl":"https:\/\/now-news.de\/de\/wp-content\/uploads\/sites\/3\/2024\/06\/Antifa-kuendigt-offen-Gewalt-an-Werden-AfD-Parteitag-in-Essen-quotsmashenquot.jpg","width":460,"height":259,"caption":"Antifa k\u00fcndigt offen Gewalt an: Werden AfD-Parteitag in Essen &quot;smashen&quot;"},{"@type":"BreadcrumbList","@id":"https:\/\/now-news.de\/de\/deutschland\/antifa-kuendigt-offen-gewalt-an-werden-afd-parteitag-in-essen-smashen\/#breadcrumb","itemListElement":[{"@type":"ListItem","position":1,"name":"Home","item":"https:\/\/now-news.de\/de\/"},{"@type":"ListItem","position":2,"name":"Antifa k\u00fcndigt offen Gewalt an: Werden AfD-Parteitag in Essen &quot;smashen&quot;"}]},{"@type":"WebSite","@id":"https:\/\/now-news.de\/de\/#website","url":"https:\/\/now-news.de\/de\/","name":"just-now.NEWS Deutschland","description":"Das Portal f\u00fcr unzensierte Nachrichten aus der Welt","publisher":{"@id":"https:\/\/now-news.de\/de\/#organization"},"potentialAction":[{"@type":"SearchAction","target":{"@type":"EntryPoint","urlTemplate":"https:\/\/now-news.de\/de\/?s={search_term_string}"},"query-input":"required name=search_term_string"}],"inLanguage":"de"},{"@type":"Organization","@id":"https:\/\/now-news.de\/de\/#organization","name":"Just Now News","url":"https:\/\/now-news.de\/de\/","logo":{"@type":"ImageObject","inLanguage":"de","@id":"https:\/\/now-news.de\/de\/#\/schema\/logo\/image\/","url":"http:\/\/just-now.news\/de\/wp-content\/uploads\/sites\/3\/2022\/04\/logo500x500.jpg","contentUrl":"http:\/\/just-now.news\/de\/wp-content\/uploads\/sites\/3\/2022\/04\/logo500x500.jpg","width":500,"height":500,"caption":"Just Now News"},"image":{"@id":"https:\/\/now-news.de\/de\/#\/schema\/logo\/image\/"},"sameAs":["https:\/\/www.facebook.com\/wirmachenauf","https:\/\/x.com\/WirMachenAuf_de"]},{"@type":"Person","@id":"https:\/\/now-news.de\/de\/#\/schema\/person\/fb534a4e865501d8b3285208df34a9b5","name":"rtnews","image":{"@type":"ImageObject","inLanguage":"de","@id":"https:\/\/now-news.de\/de\/#\/schema\/person\/image\/","url":"https:\/\/secure.gravatar.com\/avatar\/82aafea7d8127119dd649515f56e2117?s=96&d=mm&r=g","contentUrl":"https:\/\/secure.gravatar.com\/avatar\/82aafea7d8127119dd649515f56e2117?s=96&d=mm&r=g","caption":"rtnews"},"url":"https:\/\/now-news.de\/de\/author\/rnews\/"}]}},"_links":{"self":[{"href":"https:\/\/now-news.de\/de\/wp-json\/wp\/v2\/posts\/62244"}],"collection":[{"href":"https:\/\/now-news.de\/de\/wp-json\/wp\/v2\/posts"}],"about":[{"href":"https:\/\/now-news.de\/de\/wp-json\/wp\/v2\/types\/post"}],"author":[{"embeddable":true,"href":"https:\/\/now-news.de\/de\/wp-json\/wp\/v2\/users\/3"}],"replies":[{"embeddable":true,"href":"https:\/\/now-news.de\/de\/wp-json\/wp\/v2\/comments?post=62244"}],"version-history":[{"count":0,"href":"https:\/\/now-news.de\/de\/wp-json\/wp\/v2\/posts\/62244\/revisions"}],"wp:featuredmedia":[{"embeddable":true,"href":"https:\/\/now-news.de\/de\/wp-json\/wp\/v2\/media\/62245"}],"wp:attachment":[{"href":"https:\/\/now-news.de\/de\/wp-json\/wp\/v2\/media?parent=62244"}],"wp:term":[{"taxonomy":"category","embeddable":true,"href":"https:\/\/now-news.de\/de\/wp-json\/wp\/v2\/categories?post=62244"},{"taxonomy":"post_tag","embeddable":true,"href":"https:\/\/now-news.de\/de\/wp-json\/wp\/v2\/tags?post=62244"}],"curies":[{"name":"wp","href":"https:\/\/api.w.org\/{rel}","templated":true}]}}