{"id":62206,"date":"2024-06-18T19:27:02","date_gmt":"2024-06-18T17:27:02","guid":{"rendered":"https:\/\/now-news.de\/de\/deutschland\/staatsduma-verabschiedet-in-erster-lesung-gesetzentwurf-zur-verschaerfung-des-migrationsrechts\/"},"modified":"2024-06-18T19:27:02","modified_gmt":"2024-06-18T17:27:02","slug":"staatsduma-verabschiedet-in-erster-lesung-gesetzentwurf-zur-verschaerfung-des-migrationsrechts","status":"publish","type":"post","link":"https:\/\/now-news.de\/de\/deutschland\/staatsduma-verabschiedet-in-erster-lesung-gesetzentwurf-zur-verschaerfung-des-migrationsrechts\/","title":{"rendered":"Staatsduma verabschiedet in erster Lesung Gesetzentwurf zur Versch\u00e4rfung des Migrationsrechts"},"content":{"rendered":"<p><img decoding=\"async\" src=\"https:\/\/now-news.de\/de\/wp-content\/uploads\/sites\/3\/2024\/06\/6671a9e1b480cc06f27ca2b4.jpg\" \/><\/p>\n<div class=\"Text-root Text-type_1 \">\n                Russland versch\u00e4rft die Regelungen im Bereich Migration. Die Staatsduma stimmt in erster Lesung einem Gesetzentwurf zu, der die Bedingungen und Regeln f\u00fcr die Ausweisung von Ausl\u00e4ndern \u00e4ndert, die keinen legalen Aufenthaltsgrund haben. Sie werden zudem in einem Register verzeichnet.\n            <\/div>\n<p><\/p>\n<div class=\"Text-root Text-type_5 ArticleView-text ViewText-root \">\n<p>Die Staatsduma des russischen Parlaments hat in erster Lesung einen Gesetzentwurf \u00fcber die Versch\u00e4rfung des Migrationsrechts verabschiedet. Laut dem Dokument werden die Beh\u00f6rden berechtigt, ausl\u00e4ndische Staatsb\u00fcrger aus Russland auszuweisen, falls sie keinen legalen Grund f\u00fcr ihren Aufenthalt im Lande haben. Das sogenannte Ausweisungsregime wird f\u00fcr Migranten im Zusammenhang mit dem Ablauf der vor\u00fcbergehenden Aufenthaltserlaubnis, verschiedener Migrationsdokumente oder deren Widerruf sowie mit der Begehung einer rechtswidrigen Handlung eingef\u00fchrt.<\/p>\n<p>Damit die Kontrolle \u00fcber solche Personen ausge\u00fcbt werden k\u00f6nnte, sieht die Initiative die Errichtung eines bestimmten Registers vor. Auf diese Liste gesetzten Migranten w\u00fcrde das Recht entzogen, Immobilien zu kaufen, Autos zu fahren, Unternehmen zu registrieren oder sich als unabh\u00e4ngige Unternehmer registrieren zu lassen, die Ehe zu schlie\u00dfen, den Wohnsitz ohne Genehmigung zu \u00e4ndern und Bankkonten zu er\u00f6ffnen.<\/p>\n<p>Falls das Parlament das Gesetz endg\u00fcltig verabschiedete, w\u00fcrden Ausl\u00e4nder aus dem Register berechtigt, nur einen geringen Geldbetrag von ihren Konten abzuheben, und zwar 30.000\u00a0Rubel pro Monat (umgerechnet knapp \u00fcber 300\u00a0Euro). Mit dem Geld d\u00fcrfen sie einkaufen gehen und Geldbu\u00dfen bezahlen sowie Dokumente f\u00fcr die Abwanderung ausfertigen lassen.<\/p>\n<p>In einer Erl\u00e4uterungsnotiz wird die Notwendigkeit des Gesetzentwurfes mit der aktuellen Kriminalit\u00e4tslage unter Ausl\u00e4ndern begr\u00fcndet. Au\u00dferdem sind die Beh\u00f6rden bestrebt, mit der Reaktion auf das Problem der massenhaften, auch illegalen Einwanderung die Erwartungen der Gesellschaft zu erf\u00fcllen.<\/p>\n<p>Parlamentsabgeordnete, die den Gesetzentwurf eingereicht hatten, schlugen zudem \u00c4nderungen am Gesetzbuch \u00fcber Ordnungswidrigkeiten vor, die dem Innenministerium erlauben w\u00fcrden, die Ausweisung von Ausl\u00e4ndern ohne Gerichtsurteil zu beschlie\u00dfen. Die Staatsduma stimmte auch dieser Initiative zu. Grunds\u00e4tzlich soll der Gesetzentwurf die polizeilichen Befugnisse im Bereich Migration wesentlich erweitern. Zudem wird die Dauer des vor\u00fcbergehenden Aufenthalts von Migranten auf 90\u00a0Tage begrenzt.<\/p>\n<p>Anfang April hatte das russische Innenministerium\u00a0vor dem Hintergrund des Terroranschlags auf die Crocus City Hall sch\u00e4rfere Regelungen f\u00fcr Migranten ausgearbeitet, darunter eine verk\u00fcrzte Aufenthaltsdauer, das Sammeln biometrischer Daten und die M\u00f6glichkeit der Ausweisung.<\/p>\n<p><strong>Mehr zum Thema\u00a0\u2013<\/strong>\u00a0<a rel=\"nofollow noopener\" target=\"_blank\" href=\"https:\/\/freedert.online\/international\/201214-russlands-will-schaerfere-regelungen-migranten\/\">Russlands Innenministerium will sch\u00e4rfere Regelungen im Bereich Migration<\/a><\/p>\n<\/div>\n<p><br \/>\n<br \/><a href=\"https:\/\/de.rt.com\/russland\/209576-staatsduma-verabschiedet-gesetzentwurf-zur-verschaerfung-des-migrationsrechts\/\">Source link <\/a><\/p>\n","protected":false},"excerpt":{"rendered":"<p>Russland versch\u00e4rft die Regelungen im Bereich Migration. Die Staatsduma stimmt in erster Lesung einem Gesetzentwurf zu, der die Bedingungen und Regeln f\u00fcr die Ausweisung von Ausl\u00e4ndern \u00e4ndert, die keinen legalen Aufenthaltsgrund haben. Sie werden zudem in einem Register verzeichnet. Die Staatsduma des russischen Parlaments hat in erster Lesung einen Gesetzentwurf \u00fcber die Versch\u00e4rfung des Migrationsrechts [&hellip;]<\/p>\n","protected":false},"author":3,"featured_media":62207,"comment_status":"open","ping_status":"open","sticky":false,"template":"","format":"standard","meta":{"_yoast_indexnow_last_ping":["1718731903"],"wp_automatic_camp":["217"],"eb81fd01106a2511aed4a2ce8c416a0b":["Staatsduma verabschiedet in erster Lesung Gesetzentwurf zur Versch\u00e4rfung des Migrationsrechts"],"original_link":["https:\/\/de.rt.com\/russland\/209576-staatsduma-verabschiedet-gesetzentwurf-zur-verschaerfung-des-migrationsrechts\/"],"_thumbnail_id":["62207"],"jnews_social_counter_last_update":["1777400268"],"_wptgpro_p2tg_sent2tg":["a:1:{i:23737;s:19:\"2024-06-18 19:32:50\";}"]},"categories":[19,23],"tags":[583,11409,7590,34959,55852,6367,13893,11623,581],"yoast_head":"<!-- This site is optimized with the Yoast SEO Premium plugin v22.7 (Yoast SEO v22.7) - https:\/\/yoast.com\/wordpress\/plugins\/seo\/ -->\n<title>Staatsduma verabschiedet in erster Lesung Gesetzentwurf zur Versch\u00e4rfung des Migrationsrechts - just-now.NEWS Deutschland<\/title>\n<meta name=\"robots\" content=\"index, follow, max-snippet:-1, max-image-preview:large, max-video-preview:-1\" \/>\n<link rel=\"canonical\" href=\"https:\/\/now-news.de\/de\/deutschland\/staatsduma-verabschiedet-in-erster-lesung-gesetzentwurf-zur-verschaerfung-des-migrationsrechts\/\" \/>\n<meta property=\"og:locale\" content=\"de_DE\" \/>\n<meta property=\"og:type\" content=\"article\" \/>\n<meta property=\"og:title\" content=\"Staatsduma verabschiedet in erster Lesung Gesetzentwurf zur Versch\u00e4rfung des Migrationsrechts\" \/>\n<meta property=\"og:description\" content=\"Russland versch\u00e4rft die Regelungen im Bereich Migration. Die Staatsduma stimmt in erster Lesung einem Gesetzentwurf zu, der die Bedingungen und Regeln f\u00fcr die Ausweisung von Ausl\u00e4ndern \u00e4ndert, die keinen legalen Aufenthaltsgrund haben. Sie werden zudem in einem Register verzeichnet. Die Staatsduma des russischen Parlaments hat in erster Lesung einen Gesetzentwurf \u00fcber die Versch\u00e4rfung des Migrationsrechts [&hellip;]\" \/>\n<meta property=\"og:url\" content=\"https:\/\/now-news.de\/de\/deutschland\/staatsduma-verabschiedet-in-erster-lesung-gesetzentwurf-zur-verschaerfung-des-migrationsrechts\/\" \/>\n<meta property=\"og:site_name\" content=\"just-now.NEWS Deutschland\" \/>\n<meta property=\"article:publisher\" content=\"https:\/\/www.facebook.com\/wirmachenauf\" \/>\n<meta property=\"article:published_time\" content=\"2024-06-18T17:27:02+00:00\" \/>\n<meta property=\"og:image\" content=\"https:\/\/now-news.de\/de\/wp-content\/uploads\/sites\/3\/2024\/06\/6671a9e1b480cc06f27ca2b4.jpg\" \/>\n<meta name=\"author\" content=\"rtnews\" \/>\n<meta name=\"twitter:card\" content=\"summary_large_image\" \/>\n<meta name=\"twitter:creator\" content=\"@WirMachenAuf_de\" \/>\n<meta name=\"twitter:site\" content=\"@WirMachenAuf_de\" \/>\n<meta name=\"twitter:label1\" content=\"Verfasst von\" \/>\n\t<meta name=\"twitter:data1\" content=\"rtnews\" \/>\n\t<meta name=\"twitter:label2\" content=\"Gesch\u00e4tzte Lesezeit\" \/>\n\t<meta name=\"twitter:data2\" content=\"2\u00a0Minuten\" \/>\n<script type=\"application\/ld+json\" class=\"yoast-schema-graph\">{\"@context\":\"https:\/\/schema.org\",\"@graph\":[{\"@type\":\"Article\",\"@id\":\"https:\/\/now-news.de\/de\/deutschland\/staatsduma-verabschiedet-in-erster-lesung-gesetzentwurf-zur-verschaerfung-des-migrationsrechts\/#article\",\"isPartOf\":{\"@id\":\"https:\/\/now-news.de\/de\/deutschland\/staatsduma-verabschiedet-in-erster-lesung-gesetzentwurf-zur-verschaerfung-des-migrationsrechts\/\"},\"author\":{\"name\":\"rtnews\",\"@id\":\"https:\/\/now-news.de\/de\/#\/schema\/person\/fb534a4e865501d8b3285208df34a9b5\"},\"headline\":\"Staatsduma verabschiedet in erster Lesung Gesetzentwurf zur Versch\u00e4rfung des Migrationsrechts\",\"datePublished\":\"2024-06-18T17:27:02+00:00\",\"dateModified\":\"2024-06-18T17:27:02+00:00\",\"mainEntityOfPage\":{\"@id\":\"https:\/\/now-news.de\/de\/deutschland\/staatsduma-verabschiedet-in-erster-lesung-gesetzentwurf-zur-verschaerfung-des-migrationsrechts\/\"},\"wordCount\":405,\"commentCount\":0,\"publisher\":{\"@id\":\"https:\/\/now-news.de\/de\/#organization\"},\"image\":{\"@id\":\"https:\/\/now-news.de\/de\/deutschland\/staatsduma-verabschiedet-in-erster-lesung-gesetzentwurf-zur-verschaerfung-des-migrationsrechts\/#primaryimage\"},\"thumbnailUrl\":\"https:\/\/now-news.de\/de\/wp-content\/uploads\/sites\/3\/2024\/06\/Staatsduma-verabschiedet-in-erster-Lesung-Gesetzentwurf-zur-Verschaerfung-des-Migrationsrechts.jpg\",\"keywords\":[\"des\",\"Erster\",\"Gesetzentwurf\",\"Lesung\",\"Migrationsrechts\",\"Staatsduma\",\"verabschiedet\",\"Versch\u00e4rfung\",\"zur\"],\"articleSection\":[\"Deutschland\",\"Russland\"],\"inLanguage\":\"de\",\"potentialAction\":[{\"@type\":\"CommentAction\",\"name\":\"Comment\",\"target\":[\"https:\/\/now-news.de\/de\/deutschland\/staatsduma-verabschiedet-in-erster-lesung-gesetzentwurf-zur-verschaerfung-des-migrationsrechts\/#respond\"]}]},{\"@type\":\"WebPage\",\"@id\":\"https:\/\/now-news.de\/de\/deutschland\/staatsduma-verabschiedet-in-erster-lesung-gesetzentwurf-zur-verschaerfung-des-migrationsrechts\/\",\"url\":\"https:\/\/now-news.de\/de\/deutschland\/staatsduma-verabschiedet-in-erster-lesung-gesetzentwurf-zur-verschaerfung-des-migrationsrechts\/\",\"name\":\"Staatsduma verabschiedet in erster Lesung Gesetzentwurf zur Versch\u00e4rfung des Migrationsrechts - just-now.NEWS Deutschland\",\"isPartOf\":{\"@id\":\"https:\/\/now-news.de\/de\/#website\"},\"primaryImageOfPage\":{\"@id\":\"https:\/\/now-news.de\/de\/deutschland\/staatsduma-verabschiedet-in-erster-lesung-gesetzentwurf-zur-verschaerfung-des-migrationsrechts\/#primaryimage\"},\"image\":{\"@id\":\"https:\/\/now-news.de\/de\/deutschland\/staatsduma-verabschiedet-in-erster-lesung-gesetzentwurf-zur-verschaerfung-des-migrationsrechts\/#primaryimage\"},\"thumbnailUrl\":\"https:\/\/now-news.de\/de\/wp-content\/uploads\/sites\/3\/2024\/06\/Staatsduma-verabschiedet-in-erster-Lesung-Gesetzentwurf-zur-Verschaerfung-des-Migrationsrechts.jpg\",\"datePublished\":\"2024-06-18T17:27:02+00:00\",\"dateModified\":\"2024-06-18T17:27:02+00:00\",\"breadcrumb\":{\"@id\":\"https:\/\/now-news.de\/de\/deutschland\/staatsduma-verabschiedet-in-erster-lesung-gesetzentwurf-zur-verschaerfung-des-migrationsrechts\/#breadcrumb\"},\"inLanguage\":\"de\",\"potentialAction\":[{\"@type\":\"ReadAction\",\"target\":[\"https:\/\/now-news.de\/de\/deutschland\/staatsduma-verabschiedet-in-erster-lesung-gesetzentwurf-zur-verschaerfung-des-migrationsrechts\/\"]}]},{\"@type\":\"ImageObject\",\"inLanguage\":\"de\",\"@id\":\"https:\/\/now-news.de\/de\/deutschland\/staatsduma-verabschiedet-in-erster-lesung-gesetzentwurf-zur-verschaerfung-des-migrationsrechts\/#primaryimage\",\"url\":\"https:\/\/now-news.de\/de\/wp-content\/uploads\/sites\/3\/2024\/06\/Staatsduma-verabschiedet-in-erster-Lesung-Gesetzentwurf-zur-Verschaerfung-des-Migrationsrechts.jpg\",\"contentUrl\":\"https:\/\/now-news.de\/de\/wp-content\/uploads\/sites\/3\/2024\/06\/Staatsduma-verabschiedet-in-erster-Lesung-Gesetzentwurf-zur-Verschaerfung-des-Migrationsrechts.jpg\",\"width\":460,\"height\":259,\"caption\":\"Staatsduma verabschiedet in erster Lesung Gesetzentwurf zur Versch\u00e4rfung des Migrationsrechts\"},{\"@type\":\"BreadcrumbList\",\"@id\":\"https:\/\/now-news.de\/de\/deutschland\/staatsduma-verabschiedet-in-erster-lesung-gesetzentwurf-zur-verschaerfung-des-migrationsrechts\/#breadcrumb\",\"itemListElement\":[{\"@type\":\"ListItem\",\"position\":1,\"name\":\"Home\",\"item\":\"https:\/\/now-news.de\/de\/\"},{\"@type\":\"ListItem\",\"position\":2,\"name\":\"Staatsduma verabschiedet in erster Lesung Gesetzentwurf zur Versch\u00e4rfung des Migrationsrechts\"}]},{\"@type\":\"WebSite\",\"@id\":\"https:\/\/now-news.de\/de\/#website\",\"url\":\"https:\/\/now-news.de\/de\/\",\"name\":\"just-now.NEWS Deutschland\",\"description\":\"Das Portal f\u00fcr unzensierte Nachrichten aus der Welt\",\"publisher\":{\"@id\":\"https:\/\/now-news.de\/de\/#organization\"},\"potentialAction\":[{\"@type\":\"SearchAction\",\"target\":{\"@type\":\"EntryPoint\",\"urlTemplate\":\"https:\/\/now-news.de\/de\/?s={search_term_string}\"},\"query-input\":\"required name=search_term_string\"}],\"inLanguage\":\"de\"},{\"@type\":\"Organization\",\"@id\":\"https:\/\/now-news.de\/de\/#organization\",\"name\":\"Just Now News\",\"url\":\"https:\/\/now-news.de\/de\/\",\"logo\":{\"@type\":\"ImageObject\",\"inLanguage\":\"de\",\"@id\":\"https:\/\/now-news.de\/de\/#\/schema\/logo\/image\/\",\"url\":\"http:\/\/just-now.news\/de\/wp-content\/uploads\/sites\/3\/2022\/04\/logo500x500.jpg\",\"contentUrl\":\"http:\/\/just-now.news\/de\/wp-content\/uploads\/sites\/3\/2022\/04\/logo500x500.jpg\",\"width\":500,\"height\":500,\"caption\":\"Just Now News\"},\"image\":{\"@id\":\"https:\/\/now-news.de\/de\/#\/schema\/logo\/image\/\"},\"sameAs\":[\"https:\/\/www.facebook.com\/wirmachenauf\",\"https:\/\/x.com\/WirMachenAuf_de\"]},{\"@type\":\"Person\",\"@id\":\"https:\/\/now-news.de\/de\/#\/schema\/person\/fb534a4e865501d8b3285208df34a9b5\",\"name\":\"rtnews\",\"image\":{\"@type\":\"ImageObject\",\"inLanguage\":\"de\",\"@id\":\"https:\/\/now-news.de\/de\/#\/schema\/person\/image\/\",\"url\":\"https:\/\/secure.gravatar.com\/avatar\/82aafea7d8127119dd649515f56e2117?s=96&d=mm&r=g\",\"contentUrl\":\"https:\/\/secure.gravatar.com\/avatar\/82aafea7d8127119dd649515f56e2117?s=96&d=mm&r=g\",\"caption\":\"rtnews\"},\"url\":\"https:\/\/now-news.de\/de\/author\/rnews\/\"}]}<\/script>\n<!-- \/ Yoast SEO Premium plugin. -->","yoast_head_json":{"title":"Staatsduma verabschiedet in erster Lesung Gesetzentwurf zur Versch\u00e4rfung des Migrationsrechts - just-now.NEWS Deutschland","robots":{"index":"index","follow":"follow","max-snippet":"max-snippet:-1","max-image-preview":"max-image-preview:large","max-video-preview":"max-video-preview:-1"},"canonical":"https:\/\/now-news.de\/de\/deutschland\/staatsduma-verabschiedet-in-erster-lesung-gesetzentwurf-zur-verschaerfung-des-migrationsrechts\/","og_locale":"de_DE","og_type":"article","og_title":"Staatsduma verabschiedet in erster Lesung Gesetzentwurf zur Versch\u00e4rfung des Migrationsrechts","og_description":"Russland versch\u00e4rft die Regelungen im Bereich Migration. Die Staatsduma stimmt in erster Lesung einem Gesetzentwurf zu, der die Bedingungen und Regeln f\u00fcr die Ausweisung von Ausl\u00e4ndern \u00e4ndert, die keinen legalen Aufenthaltsgrund haben. Sie werden zudem in einem Register verzeichnet. Die Staatsduma des russischen Parlaments hat in erster Lesung einen Gesetzentwurf \u00fcber die Versch\u00e4rfung des Migrationsrechts [&hellip;]","og_url":"https:\/\/now-news.de\/de\/deutschland\/staatsduma-verabschiedet-in-erster-lesung-gesetzentwurf-zur-verschaerfung-des-migrationsrechts\/","og_site_name":"just-now.NEWS Deutschland","article_publisher":"https:\/\/www.facebook.com\/wirmachenauf","article_published_time":"2024-06-18T17:27:02+00:00","og_image":[{"url":"https:\/\/now-news.de\/de\/wp-content\/uploads\/sites\/3\/2024\/06\/6671a9e1b480cc06f27ca2b4.jpg"}],"author":"rtnews","twitter_card":"summary_large_image","twitter_creator":"@WirMachenAuf_de","twitter_site":"@WirMachenAuf_de","twitter_misc":{"Verfasst von":"rtnews","Gesch\u00e4tzte Lesezeit":"2\u00a0Minuten"},"schema":{"@context":"https:\/\/schema.org","@graph":[{"@type":"Article","@id":"https:\/\/now-news.de\/de\/deutschland\/staatsduma-verabschiedet-in-erster-lesung-gesetzentwurf-zur-verschaerfung-des-migrationsrechts\/#article","isPartOf":{"@id":"https:\/\/now-news.de\/de\/deutschland\/staatsduma-verabschiedet-in-erster-lesung-gesetzentwurf-zur-verschaerfung-des-migrationsrechts\/"},"author":{"name":"rtnews","@id":"https:\/\/now-news.de\/de\/#\/schema\/person\/fb534a4e865501d8b3285208df34a9b5"},"headline":"Staatsduma verabschiedet in erster Lesung Gesetzentwurf zur Versch\u00e4rfung des Migrationsrechts","datePublished":"2024-06-18T17:27:02+00:00","dateModified":"2024-06-18T17:27:02+00:00","mainEntityOfPage":{"@id":"https:\/\/now-news.de\/de\/deutschland\/staatsduma-verabschiedet-in-erster-lesung-gesetzentwurf-zur-verschaerfung-des-migrationsrechts\/"},"wordCount":405,"commentCount":0,"publisher":{"@id":"https:\/\/now-news.de\/de\/#organization"},"image":{"@id":"https:\/\/now-news.de\/de\/deutschland\/staatsduma-verabschiedet-in-erster-lesung-gesetzentwurf-zur-verschaerfung-des-migrationsrechts\/#primaryimage"},"thumbnailUrl":"https:\/\/now-news.de\/de\/wp-content\/uploads\/sites\/3\/2024\/06\/Staatsduma-verabschiedet-in-erster-Lesung-Gesetzentwurf-zur-Verschaerfung-des-Migrationsrechts.jpg","keywords":["des","Erster","Gesetzentwurf","Lesung","Migrationsrechts","Staatsduma","verabschiedet","Versch\u00e4rfung","zur"],"articleSection":["Deutschland","Russland"],"inLanguage":"de","potentialAction":[{"@type":"CommentAction","name":"Comment","target":["https:\/\/now-news.de\/de\/deutschland\/staatsduma-verabschiedet-in-erster-lesung-gesetzentwurf-zur-verschaerfung-des-migrationsrechts\/#respond"]}]},{"@type":"WebPage","@id":"https:\/\/now-news.de\/de\/deutschland\/staatsduma-verabschiedet-in-erster-lesung-gesetzentwurf-zur-verschaerfung-des-migrationsrechts\/","url":"https:\/\/now-news.de\/de\/deutschland\/staatsduma-verabschiedet-in-erster-lesung-gesetzentwurf-zur-verschaerfung-des-migrationsrechts\/","name":"Staatsduma verabschiedet in erster Lesung Gesetzentwurf zur Versch\u00e4rfung des Migrationsrechts - just-now.NEWS Deutschland","isPartOf":{"@id":"https:\/\/now-news.de\/de\/#website"},"primaryImageOfPage":{"@id":"https:\/\/now-news.de\/de\/deutschland\/staatsduma-verabschiedet-in-erster-lesung-gesetzentwurf-zur-verschaerfung-des-migrationsrechts\/#primaryimage"},"image":{"@id":"https:\/\/now-news.de\/de\/deutschland\/staatsduma-verabschiedet-in-erster-lesung-gesetzentwurf-zur-verschaerfung-des-migrationsrechts\/#primaryimage"},"thumbnailUrl":"https:\/\/now-news.de\/de\/wp-content\/uploads\/sites\/3\/2024\/06\/Staatsduma-verabschiedet-in-erster-Lesung-Gesetzentwurf-zur-Verschaerfung-des-Migrationsrechts.jpg","datePublished":"2024-06-18T17:27:02+00:00","dateModified":"2024-06-18T17:27:02+00:00","breadcrumb":{"@id":"https:\/\/now-news.de\/de\/deutschland\/staatsduma-verabschiedet-in-erster-lesung-gesetzentwurf-zur-verschaerfung-des-migrationsrechts\/#breadcrumb"},"inLanguage":"de","potentialAction":[{"@type":"ReadAction","target":["https:\/\/now-news.de\/de\/deutschland\/staatsduma-verabschiedet-in-erster-lesung-gesetzentwurf-zur-verschaerfung-des-migrationsrechts\/"]}]},{"@type":"ImageObject","inLanguage":"de","@id":"https:\/\/now-news.de\/de\/deutschland\/staatsduma-verabschiedet-in-erster-lesung-gesetzentwurf-zur-verschaerfung-des-migrationsrechts\/#primaryimage","url":"https:\/\/now-news.de\/de\/wp-content\/uploads\/sites\/3\/2024\/06\/Staatsduma-verabschiedet-in-erster-Lesung-Gesetzentwurf-zur-Verschaerfung-des-Migrationsrechts.jpg","contentUrl":"https:\/\/now-news.de\/de\/wp-content\/uploads\/sites\/3\/2024\/06\/Staatsduma-verabschiedet-in-erster-Lesung-Gesetzentwurf-zur-Verschaerfung-des-Migrationsrechts.jpg","width":460,"height":259,"caption":"Staatsduma verabschiedet in erster Lesung Gesetzentwurf zur Versch\u00e4rfung des Migrationsrechts"},{"@type":"BreadcrumbList","@id":"https:\/\/now-news.de\/de\/deutschland\/staatsduma-verabschiedet-in-erster-lesung-gesetzentwurf-zur-verschaerfung-des-migrationsrechts\/#breadcrumb","itemListElement":[{"@type":"ListItem","position":1,"name":"Home","item":"https:\/\/now-news.de\/de\/"},{"@type":"ListItem","position":2,"name":"Staatsduma verabschiedet in erster Lesung Gesetzentwurf zur Versch\u00e4rfung des Migrationsrechts"}]},{"@type":"WebSite","@id":"https:\/\/now-news.de\/de\/#website","url":"https:\/\/now-news.de\/de\/","name":"just-now.NEWS Deutschland","description":"Das Portal f\u00fcr unzensierte Nachrichten aus der Welt","publisher":{"@id":"https:\/\/now-news.de\/de\/#organization"},"potentialAction":[{"@type":"SearchAction","target":{"@type":"EntryPoint","urlTemplate":"https:\/\/now-news.de\/de\/?s={search_term_string}"},"query-input":"required name=search_term_string"}],"inLanguage":"de"},{"@type":"Organization","@id":"https:\/\/now-news.de\/de\/#organization","name":"Just Now News","url":"https:\/\/now-news.de\/de\/","logo":{"@type":"ImageObject","inLanguage":"de","@id":"https:\/\/now-news.de\/de\/#\/schema\/logo\/image\/","url":"http:\/\/just-now.news\/de\/wp-content\/uploads\/sites\/3\/2022\/04\/logo500x500.jpg","contentUrl":"http:\/\/just-now.news\/de\/wp-content\/uploads\/sites\/3\/2022\/04\/logo500x500.jpg","width":500,"height":500,"caption":"Just Now News"},"image":{"@id":"https:\/\/now-news.de\/de\/#\/schema\/logo\/image\/"},"sameAs":["https:\/\/www.facebook.com\/wirmachenauf","https:\/\/x.com\/WirMachenAuf_de"]},{"@type":"Person","@id":"https:\/\/now-news.de\/de\/#\/schema\/person\/fb534a4e865501d8b3285208df34a9b5","name":"rtnews","image":{"@type":"ImageObject","inLanguage":"de","@id":"https:\/\/now-news.de\/de\/#\/schema\/person\/image\/","url":"https:\/\/secure.gravatar.com\/avatar\/82aafea7d8127119dd649515f56e2117?s=96&d=mm&r=g","contentUrl":"https:\/\/secure.gravatar.com\/avatar\/82aafea7d8127119dd649515f56e2117?s=96&d=mm&r=g","caption":"rtnews"},"url":"https:\/\/now-news.de\/de\/author\/rnews\/"}]}},"_links":{"self":[{"href":"https:\/\/now-news.de\/de\/wp-json\/wp\/v2\/posts\/62206"}],"collection":[{"href":"https:\/\/now-news.de\/de\/wp-json\/wp\/v2\/posts"}],"about":[{"href":"https:\/\/now-news.de\/de\/wp-json\/wp\/v2\/types\/post"}],"author":[{"embeddable":true,"href":"https:\/\/now-news.de\/de\/wp-json\/wp\/v2\/users\/3"}],"replies":[{"embeddable":true,"href":"https:\/\/now-news.de\/de\/wp-json\/wp\/v2\/comments?post=62206"}],"version-history":[{"count":0,"href":"https:\/\/now-news.de\/de\/wp-json\/wp\/v2\/posts\/62206\/revisions"}],"wp:featuredmedia":[{"embeddable":true,"href":"https:\/\/now-news.de\/de\/wp-json\/wp\/v2\/media\/62207"}],"wp:attachment":[{"href":"https:\/\/now-news.de\/de\/wp-json\/wp\/v2\/media?parent=62206"}],"wp:term":[{"taxonomy":"category","embeddable":true,"href":"https:\/\/now-news.de\/de\/wp-json\/wp\/v2\/categories?post=62206"},{"taxonomy":"post_tag","embeddable":true,"href":"https:\/\/now-news.de\/de\/wp-json\/wp\/v2\/tags?post=62206"}],"curies":[{"name":"wp","href":"https:\/\/api.w.org\/{rel}","templated":true}]}}