{"id":62203,"date":"2024-06-18T18:23:28","date_gmt":"2024-06-18T16:23:28","guid":{"rendered":"https:\/\/now-news.de\/de\/deutschland\/naechste-wende-im-fall-des-angriffs-auf-maedchen-in-grevesmuehlen-ermittlungen-gegen-den-vater\/"},"modified":"2024-06-18T18:23:28","modified_gmt":"2024-06-18T16:23:28","slug":"naechste-wende-im-fall-des-angriffs-auf-maedchen-in-grevesmuehlen-ermittlungen-gegen-den-vater","status":"publish","type":"post","link":"https:\/\/now-news.de\/de\/deutschland\/naechste-wende-im-fall-des-angriffs-auf-maedchen-in-grevesmuehlen-ermittlungen-gegen-den-vater\/","title":{"rendered":"N\u00e4chste Wende im Fall des &quot;Angriffs&quot; auf M\u00e4dchen in Grevesm\u00fchlen: Ermittlungen gegen den Vater"},"content":{"rendered":"<p><img decoding=\"async\" src=\"https:\/\/now-news.de\/de\/wp-content\/uploads\/sites\/3\/2024\/05\/breaking3.jpg\" \/><\/p>\n<div class=\"Text-root Text-type_1 \">\n                Bundesweit sorgte ein &#8220;Angriff&#8221; auf zwei M\u00e4dchen im mecklenburg-vorpommerischen Grevesm\u00fchlen f\u00fcr Emp\u00f6rung, doch der Angriff stellte sich schon bald als Falschmeldung heraus: Die M\u00e4dchen wurden nicht k\u00f6rperlich verletzt. Nun wird laut einem Bericht der Jungen Freiheit unter anderem gegen den Vater ermittelt.\n            <\/div>\n<p><\/p>\n<div class=\"Text-root Text-type_5 ArticleView-text ViewText-root \">\n<p>Bundesweit sorgte der mutma\u00dfliche &#8220;Angriff&#8221; auf zwei M\u00e4dchen in Grevesm\u00fchlen f\u00fcr Emp\u00f6rung, zahlreiche Mainstream-Medien berichteten am Wochenende gro\u00df \u00fcber den Fall. Das Boulevard-Blatt <em>Bild<\/em> titelte beispielsweise: &#8220;20 Jugendliche verpr\u00fcgeln M\u00e4dchen aus Ghana&#8221;. Auch die Politprominenz meldete sich schnell zu Wort: Mecklenburg-Vorpommerns Ministerpr\u00e4sidentin Manuela Schwesig (SPD) hatte noch am Freitag den &#8220;brutalen Angriff&#8221; verurteilt und auf X\/Twitter gefordert:<\/p>\n<\/p>\n<blockquote>\n<p><em>&#8220;Wir d\u00fcrfen nicht zulassen, dass Hass und Hetze unsere Gesellschaft vergiften und Gewalt unsere Kinder bedroht.&#8221;<\/em><\/p>\n<\/blockquote>\n<p>Gr\u00fcnen-Politikerin Katrin G\u00f6ring-Eckardt schrieb auf X\/Twitter:<\/p>\n<p><em>&#8220;Was in #Grevesm\u00fchlen passiert ist, zeugt von niederstem Menschenhass. Die T\u00e4ter haben jeden Funken Menschlichkeit verloren. Wo immer es zu Rassismus kommt braucht es den Aufstand der Anst\u00e4ndigen: Schweigt nicht, h\u00f6rt nicht weg \u2013 holt Hilfe, schreitet ein!&#8221;<\/em><\/p>\n<p>Auch Innenminister Christian Pegel (SPD) verurteilte die Tat sofort medienwirksam. Das Problem: Es handelte sich um eine Falschmeldung.<\/p>\n<p>Bereits am Montag relativierten die Beamten die urspr\u00fcngliche Meldung. Demnach wurde den M\u00e4dchen laut <em>Nordkurier<\/em> nicht ins Gesicht getreten:<\/p>\n<blockquote>\n<p><em>&#8220;Nach derzeitigem Ermittlungsstand hat das achtj\u00e4hrige M\u00e4dchen keine k\u00f6rperlichen Verletzungen erlitten, die auf die in der Erstmeldung geschilderte Tathandlung hindeuten.&#8221;<\/em><\/p>\n<\/blockquote>\n<p>Weiterhin schrieben die Polizeibeamten:<\/p>\n<blockquote>\n<p><em>&#8220;Der Sachverhalt stellt sich derzeit so dar, dass die Achtj\u00e4hrige mit ihrem Roller an einem Jugendlichen vorbeifahren wollte. Dieser versperrte dem M\u00e4dchen offenbar mit seinem ausgestreckten Bein den Weg und traf sie mit seiner Fu\u00dfspitze.&#8221;<\/em><\/p>\n<\/blockquote>\n<p>Nach Angaben der Polizei habe sich zu diesem Zeitpunkt &#8220;eine gr\u00f6\u00dfere Gruppe Jugendlicher in dem Bereich aufgehalten&#8221;. Die beiden Kinder, die hier geboren wurden und deren Eltern aus Ghana stammen, h\u00e4tten sich daraufhin &#8220;ver\u00e4ngstigt und weinend an ihre Eltern gewandt&#8221;. Die Eltern der M\u00e4dchen wollten die Jugendlichen laut Polizei &#8220;im Anschluss zur Rede stellen, woraufhin es zu verbalen und k\u00f6rperlichen Auseinandersetzungen kam. Dabei wurden auch fremdenfeindliche Beleidigungen ge\u00e4u\u00dfert&#8221;. Aufnahmen der Auseinandersetzung wurden bereits vielfach in den Sozialen Medien geteilt.<\/p>\n<p>Nun erfolgt die n\u00e4chste Wende: Die Polizei in Mecklenburg-Vorpommern hat laut einem Bericht der <em>Jungen Freiheit <\/em>ein Ermittlungsverfahren gegen einen Ghanaer eingeleitet, dessen Tochter laut seinen Schilderungen von einer Gruppe Jugendlicher ins Gesicht getreten worden sein soll, was sich sp\u00e4ter jedoch als falsch heraus stellte. Die Pressesprecherin der zust\u00e4ndigen Polizeidirektion Rostock, D\u00f6rte Lembke, sagte der Zeitung:<\/p>\n<blockquote>\n<p><em>&#8220;Fakt ist, das Kind wurde nicht getreten.&#8221;<\/em><\/p>\n<\/blockquote>\n<p>Weiterhin sagte sie:<\/p>\n<blockquote>\n<p><em>&#8220;Gegen den Vater wird ermittelt wegen des Verdachts der K\u00f6rperverletzung.&#8221;<\/em><\/p>\n<\/blockquote>\n<p>Erst habe es eine verbale und dann eine k\u00f6rperliche Auseinandersetzung gegeben, bei der der Ghanaer leicht verletzt wurde.<\/p>\n<blockquote>\n<p><em>&#8220;Dies werten wir als gef\u00e4hrliche K\u00f6rperverletzung nach Paragraph 224 Strafgesetzbuch, weil es sich um eine gemeinschaftlich durchgef\u00fchrte Tat handelt. Dar\u00fcber hinaus gab es eine Gegenanzeige gegen den Vater, wegen einer einfachen K\u00f6rperverletzung.&#8221;<\/em><\/p>\n<\/blockquote>\n<p>Insgesamt ermittelt die Polizei jetzt wegen &#8220;Beleidigung, gef\u00e4hrlicher und einfacher K\u00f6rperverletzung und des Verdachts der Volksverhetzung&#8221;. Wegen Landfriedensbruch werde dagegen nun nicht mehr ermittelt. Die Pressesprecherin best\u00e4tigte auch, dass die angeblich angegriffene Tochter medizinisch behandelt worden sei.<\/p>\n<p><em>&#8220;<\/em><em>Kinder kommen bei einem solchen Geschehen, aber auch bei einem Unfall grunds\u00e4tzlich ins Krankenhaus<\/em><em>&#8220;<\/em>, betonte Lembke.<\/p>\n<p><strong>Mehr zum Thema &#8211;<\/strong>\u00a0<a rel=\"nofollow noopener\" target=\"_blank\" href=\"https:\/\/freedert.online\/inland\/208958-versuchtes-toetungsdelikt-in-frankfurt-19\/\">Versuchtes T\u00f6tungsdelikt in Frankfurt: 19-j\u00e4hriger Afghane sticht einer Frau in Hals und Nacken <\/a><\/p>\n<\/p>\n<\/div>\n<p><br \/>\n<br \/><a href=\"https:\/\/de.rt.com\/inland\/209581-naechste-wende-im-fall-angriffs\/\">Source link <\/a><\/p>\n","protected":false},"excerpt":{"rendered":"<p>Bundesweit sorgte ein &#8220;Angriff&#8221; auf zwei M\u00e4dchen im mecklenburg-vorpommerischen Grevesm\u00fchlen f\u00fcr Emp\u00f6rung, doch der Angriff stellte sich schon bald als Falschmeldung heraus: Die M\u00e4dchen wurden nicht k\u00f6rperlich verletzt. Nun wird laut einem Bericht der Jungen Freiheit unter anderem gegen den Vater ermittelt. Bundesweit sorgte der mutma\u00dfliche &#8220;Angriff&#8221; auf zwei M\u00e4dchen in Grevesm\u00fchlen f\u00fcr Emp\u00f6rung, zahlreiche [&hellip;]<\/p>\n","protected":false},"author":3,"featured_media":58637,"comment_status":"open","ping_status":"open","sticky":false,"template":"","format":"standard","meta":{"_yoast_indexnow_last_ping":["1718727999"],"wp_automatic_camp":["217"],"e6f3d9f1a2e8629c43c3fc42016db55d":["N\u00e4chste Wende im Fall des &quot;Angriffs&quot; auf M\u00e4dchen in Grevesm\u00fchlen: Ermittlungen gegen den Vater"],"original_link":["https:\/\/de.rt.com\/inland\/209581-naechste-wende-im-fall-angriffs\/"],"_thumbnail_id":["58637"],"jnews_social_counter_last_update":["1777172931"],"_wptgpro_p2tg_sent2tg":["a:1:{i:23737;s:19:\"2024-06-18 18:27:40\";}"]},"categories":[19,23],"tags":[133,48,583,11020,1657,278,55827,18655,5590,55848,19980,33090],"yoast_head":"<!-- This site is optimized with the Yoast SEO Premium plugin v22.7 (Yoast SEO v22.7) - https:\/\/yoast.com\/wordpress\/plugins\/seo\/ -->\n<title>N\u00e4chste Wende im Fall des &quot;Angriffs&quot; auf M\u00e4dchen in Grevesm\u00fchlen: Ermittlungen gegen den Vater - just-now.NEWS Deutschland<\/title>\n<meta name=\"robots\" content=\"index, follow, max-snippet:-1, max-image-preview:large, max-video-preview:-1\" \/>\n<link rel=\"canonical\" href=\"https:\/\/now-news.de\/de\/deutschland\/naechste-wende-im-fall-des-angriffs-auf-maedchen-in-grevesmuehlen-ermittlungen-gegen-den-vater\/\" \/>\n<meta property=\"og:locale\" content=\"de_DE\" \/>\n<meta property=\"og:type\" content=\"article\" \/>\n<meta property=\"og:title\" content=\"N\u00e4chste Wende im Fall des &quot;Angriffs&quot; auf M\u00e4dchen in Grevesm\u00fchlen: Ermittlungen gegen den Vater\" \/>\n<meta property=\"og:description\" content=\"Bundesweit sorgte ein &#8220;Angriff&#8221; auf zwei M\u00e4dchen im mecklenburg-vorpommerischen Grevesm\u00fchlen f\u00fcr Emp\u00f6rung, doch der Angriff stellte sich schon bald als Falschmeldung heraus: Die M\u00e4dchen wurden nicht k\u00f6rperlich verletzt. Nun wird laut einem Bericht der Jungen Freiheit unter anderem gegen den Vater ermittelt. Bundesweit sorgte der mutma\u00dfliche &#8220;Angriff&#8221; auf zwei M\u00e4dchen in Grevesm\u00fchlen f\u00fcr Emp\u00f6rung, zahlreiche [&hellip;]\" \/>\n<meta property=\"og:url\" content=\"https:\/\/now-news.de\/de\/deutschland\/naechste-wende-im-fall-des-angriffs-auf-maedchen-in-grevesmuehlen-ermittlungen-gegen-den-vater\/\" \/>\n<meta property=\"og:site_name\" content=\"just-now.NEWS Deutschland\" \/>\n<meta property=\"article:publisher\" content=\"https:\/\/www.facebook.com\/wirmachenauf\" \/>\n<meta property=\"article:published_time\" content=\"2024-06-18T16:23:28+00:00\" \/>\n<meta property=\"og:image\" content=\"https:\/\/now-news.de\/de\/wp-content\/uploads\/sites\/3\/2024\/05\/breaking3.jpg\" \/>\n<meta name=\"author\" content=\"rtnews\" \/>\n<meta name=\"twitter:card\" content=\"summary_large_image\" \/>\n<meta name=\"twitter:creator\" content=\"@WirMachenAuf_de\" \/>\n<meta name=\"twitter:site\" content=\"@WirMachenAuf_de\" \/>\n<meta name=\"twitter:label1\" content=\"Verfasst von\" \/>\n\t<meta name=\"twitter:data1\" content=\"rtnews\" \/>\n\t<meta name=\"twitter:label2\" content=\"Gesch\u00e4tzte Lesezeit\" \/>\n\t<meta name=\"twitter:data2\" content=\"3\u00a0Minuten\" \/>\n<script type=\"application\/ld+json\" class=\"yoast-schema-graph\">{\"@context\":\"https:\/\/schema.org\",\"@graph\":[{\"@type\":\"Article\",\"@id\":\"https:\/\/now-news.de\/de\/deutschland\/naechste-wende-im-fall-des-angriffs-auf-maedchen-in-grevesmuehlen-ermittlungen-gegen-den-vater\/#article\",\"isPartOf\":{\"@id\":\"https:\/\/now-news.de\/de\/deutschland\/naechste-wende-im-fall-des-angriffs-auf-maedchen-in-grevesmuehlen-ermittlungen-gegen-den-vater\/\"},\"author\":{\"name\":\"rtnews\",\"@id\":\"https:\/\/now-news.de\/de\/#\/schema\/person\/fb534a4e865501d8b3285208df34a9b5\"},\"headline\":\"N\u00e4chste Wende im Fall des &quot;Angriffs&quot; auf M\u00e4dchen in Grevesm\u00fchlen: Ermittlungen gegen den Vater\",\"datePublished\":\"2024-06-18T16:23:28+00:00\",\"dateModified\":\"2024-06-18T16:23:28+00:00\",\"mainEntityOfPage\":{\"@id\":\"https:\/\/now-news.de\/de\/deutschland\/naechste-wende-im-fall-des-angriffs-auf-maedchen-in-grevesmuehlen-ermittlungen-gegen-den-vater\/\"},\"wordCount\":604,\"commentCount\":0,\"publisher\":{\"@id\":\"https:\/\/now-news.de\/de\/#organization\"},\"image\":{\"@id\":\"https:\/\/now-news.de\/de\/deutschland\/naechste-wende-im-fall-des-angriffs-auf-maedchen-in-grevesmuehlen-ermittlungen-gegen-den-vater\/#primaryimage\"},\"thumbnailUrl\":\"https:\/\/now-news.de\/de\/wp-content\/uploads\/sites\/3\/2024\/05\/China-beginnt-mit-Umzingelungsuebungen-rund-um-Taiwan.jpg\",\"keywords\":[\"AUF\",\"den\",\"des\",\"Ermittlungen\",\"fall\",\"gegen\",\"Grevesm\u00fchlen\",\"M\u00e4dchen\",\"n\u00e4chste\",\"quotAngriffsquot\",\"Vater\",\"Wende\"],\"articleSection\":[\"Deutschland\",\"Russland\"],\"inLanguage\":\"de\",\"potentialAction\":[{\"@type\":\"CommentAction\",\"name\":\"Comment\",\"target\":[\"https:\/\/now-news.de\/de\/deutschland\/naechste-wende-im-fall-des-angriffs-auf-maedchen-in-grevesmuehlen-ermittlungen-gegen-den-vater\/#respond\"]}]},{\"@type\":\"WebPage\",\"@id\":\"https:\/\/now-news.de\/de\/deutschland\/naechste-wende-im-fall-des-angriffs-auf-maedchen-in-grevesmuehlen-ermittlungen-gegen-den-vater\/\",\"url\":\"https:\/\/now-news.de\/de\/deutschland\/naechste-wende-im-fall-des-angriffs-auf-maedchen-in-grevesmuehlen-ermittlungen-gegen-den-vater\/\",\"name\":\"N\u00e4chste Wende im Fall des &quot;Angriffs&quot; auf M\u00e4dchen in Grevesm\u00fchlen: Ermittlungen gegen den Vater - just-now.NEWS Deutschland\",\"isPartOf\":{\"@id\":\"https:\/\/now-news.de\/de\/#website\"},\"primaryImageOfPage\":{\"@id\":\"https:\/\/now-news.de\/de\/deutschland\/naechste-wende-im-fall-des-angriffs-auf-maedchen-in-grevesmuehlen-ermittlungen-gegen-den-vater\/#primaryimage\"},\"image\":{\"@id\":\"https:\/\/now-news.de\/de\/deutschland\/naechste-wende-im-fall-des-angriffs-auf-maedchen-in-grevesmuehlen-ermittlungen-gegen-den-vater\/#primaryimage\"},\"thumbnailUrl\":\"https:\/\/now-news.de\/de\/wp-content\/uploads\/sites\/3\/2024\/05\/China-beginnt-mit-Umzingelungsuebungen-rund-um-Taiwan.jpg\",\"datePublished\":\"2024-06-18T16:23:28+00:00\",\"dateModified\":\"2024-06-18T16:23:28+00:00\",\"breadcrumb\":{\"@id\":\"https:\/\/now-news.de\/de\/deutschland\/naechste-wende-im-fall-des-angriffs-auf-maedchen-in-grevesmuehlen-ermittlungen-gegen-den-vater\/#breadcrumb\"},\"inLanguage\":\"de\",\"potentialAction\":[{\"@type\":\"ReadAction\",\"target\":[\"https:\/\/now-news.de\/de\/deutschland\/naechste-wende-im-fall-des-angriffs-auf-maedchen-in-grevesmuehlen-ermittlungen-gegen-den-vater\/\"]}]},{\"@type\":\"ImageObject\",\"inLanguage\":\"de\",\"@id\":\"https:\/\/now-news.de\/de\/deutschland\/naechste-wende-im-fall-des-angriffs-auf-maedchen-in-grevesmuehlen-ermittlungen-gegen-den-vater\/#primaryimage\",\"url\":\"https:\/\/now-news.de\/de\/wp-content\/uploads\/sites\/3\/2024\/05\/China-beginnt-mit-Umzingelungsuebungen-rund-um-Taiwan.jpg\",\"contentUrl\":\"https:\/\/now-news.de\/de\/wp-content\/uploads\/sites\/3\/2024\/05\/China-beginnt-mit-Umzingelungsuebungen-rund-um-Taiwan.jpg\",\"width\":460,\"height\":259,\"caption\":\"China beginnt mit Umzingelungs\u00fcbungen rund um Taiwan\"},{\"@type\":\"BreadcrumbList\",\"@id\":\"https:\/\/now-news.de\/de\/deutschland\/naechste-wende-im-fall-des-angriffs-auf-maedchen-in-grevesmuehlen-ermittlungen-gegen-den-vater\/#breadcrumb\",\"itemListElement\":[{\"@type\":\"ListItem\",\"position\":1,\"name\":\"Home\",\"item\":\"https:\/\/now-news.de\/de\/\"},{\"@type\":\"ListItem\",\"position\":2,\"name\":\"N\u00e4chste Wende im Fall des &quot;Angriffs&quot; auf M\u00e4dchen in Grevesm\u00fchlen: Ermittlungen gegen den Vater\"}]},{\"@type\":\"WebSite\",\"@id\":\"https:\/\/now-news.de\/de\/#website\",\"url\":\"https:\/\/now-news.de\/de\/\",\"name\":\"just-now.NEWS Deutschland\",\"description\":\"Das Portal f\u00fcr unzensierte Nachrichten aus der Welt\",\"publisher\":{\"@id\":\"https:\/\/now-news.de\/de\/#organization\"},\"potentialAction\":[{\"@type\":\"SearchAction\",\"target\":{\"@type\":\"EntryPoint\",\"urlTemplate\":\"https:\/\/now-news.de\/de\/?s={search_term_string}\"},\"query-input\":\"required name=search_term_string\"}],\"inLanguage\":\"de\"},{\"@type\":\"Organization\",\"@id\":\"https:\/\/now-news.de\/de\/#organization\",\"name\":\"Just Now News\",\"url\":\"https:\/\/now-news.de\/de\/\",\"logo\":{\"@type\":\"ImageObject\",\"inLanguage\":\"de\",\"@id\":\"https:\/\/now-news.de\/de\/#\/schema\/logo\/image\/\",\"url\":\"http:\/\/just-now.news\/de\/wp-content\/uploads\/sites\/3\/2022\/04\/logo500x500.jpg\",\"contentUrl\":\"http:\/\/just-now.news\/de\/wp-content\/uploads\/sites\/3\/2022\/04\/logo500x500.jpg\",\"width\":500,\"height\":500,\"caption\":\"Just Now News\"},\"image\":{\"@id\":\"https:\/\/now-news.de\/de\/#\/schema\/logo\/image\/\"},\"sameAs\":[\"https:\/\/www.facebook.com\/wirmachenauf\",\"https:\/\/x.com\/WirMachenAuf_de\"]},{\"@type\":\"Person\",\"@id\":\"https:\/\/now-news.de\/de\/#\/schema\/person\/fb534a4e865501d8b3285208df34a9b5\",\"name\":\"rtnews\",\"image\":{\"@type\":\"ImageObject\",\"inLanguage\":\"de\",\"@id\":\"https:\/\/now-news.de\/de\/#\/schema\/person\/image\/\",\"url\":\"https:\/\/secure.gravatar.com\/avatar\/82aafea7d8127119dd649515f56e2117?s=96&d=mm&r=g\",\"contentUrl\":\"https:\/\/secure.gravatar.com\/avatar\/82aafea7d8127119dd649515f56e2117?s=96&d=mm&r=g\",\"caption\":\"rtnews\"},\"url\":\"https:\/\/now-news.de\/de\/author\/rnews\/\"}]}<\/script>\n<!-- \/ Yoast SEO Premium plugin. -->","yoast_head_json":{"title":"N\u00e4chste Wende im Fall des &quot;Angriffs&quot; auf M\u00e4dchen in Grevesm\u00fchlen: Ermittlungen gegen den Vater - just-now.NEWS Deutschland","robots":{"index":"index","follow":"follow","max-snippet":"max-snippet:-1","max-image-preview":"max-image-preview:large","max-video-preview":"max-video-preview:-1"},"canonical":"https:\/\/now-news.de\/de\/deutschland\/naechste-wende-im-fall-des-angriffs-auf-maedchen-in-grevesmuehlen-ermittlungen-gegen-den-vater\/","og_locale":"de_DE","og_type":"article","og_title":"N\u00e4chste Wende im Fall des &quot;Angriffs&quot; auf M\u00e4dchen in Grevesm\u00fchlen: Ermittlungen gegen den Vater","og_description":"Bundesweit sorgte ein &#8220;Angriff&#8221; auf zwei M\u00e4dchen im mecklenburg-vorpommerischen Grevesm\u00fchlen f\u00fcr Emp\u00f6rung, doch der Angriff stellte sich schon bald als Falschmeldung heraus: Die M\u00e4dchen wurden nicht k\u00f6rperlich verletzt. Nun wird laut einem Bericht der Jungen Freiheit unter anderem gegen den Vater ermittelt. Bundesweit sorgte der mutma\u00dfliche &#8220;Angriff&#8221; auf zwei M\u00e4dchen in Grevesm\u00fchlen f\u00fcr Emp\u00f6rung, zahlreiche [&hellip;]","og_url":"https:\/\/now-news.de\/de\/deutschland\/naechste-wende-im-fall-des-angriffs-auf-maedchen-in-grevesmuehlen-ermittlungen-gegen-den-vater\/","og_site_name":"just-now.NEWS Deutschland","article_publisher":"https:\/\/www.facebook.com\/wirmachenauf","article_published_time":"2024-06-18T16:23:28+00:00","og_image":[{"url":"https:\/\/now-news.de\/de\/wp-content\/uploads\/sites\/3\/2024\/05\/breaking3.jpg"}],"author":"rtnews","twitter_card":"summary_large_image","twitter_creator":"@WirMachenAuf_de","twitter_site":"@WirMachenAuf_de","twitter_misc":{"Verfasst von":"rtnews","Gesch\u00e4tzte Lesezeit":"3\u00a0Minuten"},"schema":{"@context":"https:\/\/schema.org","@graph":[{"@type":"Article","@id":"https:\/\/now-news.de\/de\/deutschland\/naechste-wende-im-fall-des-angriffs-auf-maedchen-in-grevesmuehlen-ermittlungen-gegen-den-vater\/#article","isPartOf":{"@id":"https:\/\/now-news.de\/de\/deutschland\/naechste-wende-im-fall-des-angriffs-auf-maedchen-in-grevesmuehlen-ermittlungen-gegen-den-vater\/"},"author":{"name":"rtnews","@id":"https:\/\/now-news.de\/de\/#\/schema\/person\/fb534a4e865501d8b3285208df34a9b5"},"headline":"N\u00e4chste Wende im Fall des &quot;Angriffs&quot; auf M\u00e4dchen in Grevesm\u00fchlen: Ermittlungen gegen den Vater","datePublished":"2024-06-18T16:23:28+00:00","dateModified":"2024-06-18T16:23:28+00:00","mainEntityOfPage":{"@id":"https:\/\/now-news.de\/de\/deutschland\/naechste-wende-im-fall-des-angriffs-auf-maedchen-in-grevesmuehlen-ermittlungen-gegen-den-vater\/"},"wordCount":604,"commentCount":0,"publisher":{"@id":"https:\/\/now-news.de\/de\/#organization"},"image":{"@id":"https:\/\/now-news.de\/de\/deutschland\/naechste-wende-im-fall-des-angriffs-auf-maedchen-in-grevesmuehlen-ermittlungen-gegen-den-vater\/#primaryimage"},"thumbnailUrl":"https:\/\/now-news.de\/de\/wp-content\/uploads\/sites\/3\/2024\/05\/China-beginnt-mit-Umzingelungsuebungen-rund-um-Taiwan.jpg","keywords":["AUF","den","des","Ermittlungen","fall","gegen","Grevesm\u00fchlen","M\u00e4dchen","n\u00e4chste","quotAngriffsquot","Vater","Wende"],"articleSection":["Deutschland","Russland"],"inLanguage":"de","potentialAction":[{"@type":"CommentAction","name":"Comment","target":["https:\/\/now-news.de\/de\/deutschland\/naechste-wende-im-fall-des-angriffs-auf-maedchen-in-grevesmuehlen-ermittlungen-gegen-den-vater\/#respond"]}]},{"@type":"WebPage","@id":"https:\/\/now-news.de\/de\/deutschland\/naechste-wende-im-fall-des-angriffs-auf-maedchen-in-grevesmuehlen-ermittlungen-gegen-den-vater\/","url":"https:\/\/now-news.de\/de\/deutschland\/naechste-wende-im-fall-des-angriffs-auf-maedchen-in-grevesmuehlen-ermittlungen-gegen-den-vater\/","name":"N\u00e4chste Wende im Fall des &quot;Angriffs&quot; auf M\u00e4dchen in Grevesm\u00fchlen: Ermittlungen gegen den Vater - just-now.NEWS Deutschland","isPartOf":{"@id":"https:\/\/now-news.de\/de\/#website"},"primaryImageOfPage":{"@id":"https:\/\/now-news.de\/de\/deutschland\/naechste-wende-im-fall-des-angriffs-auf-maedchen-in-grevesmuehlen-ermittlungen-gegen-den-vater\/#primaryimage"},"image":{"@id":"https:\/\/now-news.de\/de\/deutschland\/naechste-wende-im-fall-des-angriffs-auf-maedchen-in-grevesmuehlen-ermittlungen-gegen-den-vater\/#primaryimage"},"thumbnailUrl":"https:\/\/now-news.de\/de\/wp-content\/uploads\/sites\/3\/2024\/05\/China-beginnt-mit-Umzingelungsuebungen-rund-um-Taiwan.jpg","datePublished":"2024-06-18T16:23:28+00:00","dateModified":"2024-06-18T16:23:28+00:00","breadcrumb":{"@id":"https:\/\/now-news.de\/de\/deutschland\/naechste-wende-im-fall-des-angriffs-auf-maedchen-in-grevesmuehlen-ermittlungen-gegen-den-vater\/#breadcrumb"},"inLanguage":"de","potentialAction":[{"@type":"ReadAction","target":["https:\/\/now-news.de\/de\/deutschland\/naechste-wende-im-fall-des-angriffs-auf-maedchen-in-grevesmuehlen-ermittlungen-gegen-den-vater\/"]}]},{"@type":"ImageObject","inLanguage":"de","@id":"https:\/\/now-news.de\/de\/deutschland\/naechste-wende-im-fall-des-angriffs-auf-maedchen-in-grevesmuehlen-ermittlungen-gegen-den-vater\/#primaryimage","url":"https:\/\/now-news.de\/de\/wp-content\/uploads\/sites\/3\/2024\/05\/China-beginnt-mit-Umzingelungsuebungen-rund-um-Taiwan.jpg","contentUrl":"https:\/\/now-news.de\/de\/wp-content\/uploads\/sites\/3\/2024\/05\/China-beginnt-mit-Umzingelungsuebungen-rund-um-Taiwan.jpg","width":460,"height":259,"caption":"China beginnt mit Umzingelungs\u00fcbungen rund um Taiwan"},{"@type":"BreadcrumbList","@id":"https:\/\/now-news.de\/de\/deutschland\/naechste-wende-im-fall-des-angriffs-auf-maedchen-in-grevesmuehlen-ermittlungen-gegen-den-vater\/#breadcrumb","itemListElement":[{"@type":"ListItem","position":1,"name":"Home","item":"https:\/\/now-news.de\/de\/"},{"@type":"ListItem","position":2,"name":"N\u00e4chste Wende im Fall des &quot;Angriffs&quot; auf M\u00e4dchen in Grevesm\u00fchlen: Ermittlungen gegen den Vater"}]},{"@type":"WebSite","@id":"https:\/\/now-news.de\/de\/#website","url":"https:\/\/now-news.de\/de\/","name":"just-now.NEWS Deutschland","description":"Das Portal f\u00fcr unzensierte Nachrichten aus der Welt","publisher":{"@id":"https:\/\/now-news.de\/de\/#organization"},"potentialAction":[{"@type":"SearchAction","target":{"@type":"EntryPoint","urlTemplate":"https:\/\/now-news.de\/de\/?s={search_term_string}"},"query-input":"required name=search_term_string"}],"inLanguage":"de"},{"@type":"Organization","@id":"https:\/\/now-news.de\/de\/#organization","name":"Just Now News","url":"https:\/\/now-news.de\/de\/","logo":{"@type":"ImageObject","inLanguage":"de","@id":"https:\/\/now-news.de\/de\/#\/schema\/logo\/image\/","url":"http:\/\/just-now.news\/de\/wp-content\/uploads\/sites\/3\/2022\/04\/logo500x500.jpg","contentUrl":"http:\/\/just-now.news\/de\/wp-content\/uploads\/sites\/3\/2022\/04\/logo500x500.jpg","width":500,"height":500,"caption":"Just Now News"},"image":{"@id":"https:\/\/now-news.de\/de\/#\/schema\/logo\/image\/"},"sameAs":["https:\/\/www.facebook.com\/wirmachenauf","https:\/\/x.com\/WirMachenAuf_de"]},{"@type":"Person","@id":"https:\/\/now-news.de\/de\/#\/schema\/person\/fb534a4e865501d8b3285208df34a9b5","name":"rtnews","image":{"@type":"ImageObject","inLanguage":"de","@id":"https:\/\/now-news.de\/de\/#\/schema\/person\/image\/","url":"https:\/\/secure.gravatar.com\/avatar\/82aafea7d8127119dd649515f56e2117?s=96&d=mm&r=g","contentUrl":"https:\/\/secure.gravatar.com\/avatar\/82aafea7d8127119dd649515f56e2117?s=96&d=mm&r=g","caption":"rtnews"},"url":"https:\/\/now-news.de\/de\/author\/rnews\/"}]}},"_links":{"self":[{"href":"https:\/\/now-news.de\/de\/wp-json\/wp\/v2\/posts\/62203"}],"collection":[{"href":"https:\/\/now-news.de\/de\/wp-json\/wp\/v2\/posts"}],"about":[{"href":"https:\/\/now-news.de\/de\/wp-json\/wp\/v2\/types\/post"}],"author":[{"embeddable":true,"href":"https:\/\/now-news.de\/de\/wp-json\/wp\/v2\/users\/3"}],"replies":[{"embeddable":true,"href":"https:\/\/now-news.de\/de\/wp-json\/wp\/v2\/comments?post=62203"}],"version-history":[{"count":0,"href":"https:\/\/now-news.de\/de\/wp-json\/wp\/v2\/posts\/62203\/revisions"}],"wp:featuredmedia":[{"embeddable":true,"href":"https:\/\/now-news.de\/de\/wp-json\/wp\/v2\/media\/58637"}],"wp:attachment":[{"href":"https:\/\/now-news.de\/de\/wp-json\/wp\/v2\/media?parent=62203"}],"wp:term":[{"taxonomy":"category","embeddable":true,"href":"https:\/\/now-news.de\/de\/wp-json\/wp\/v2\/categories?post=62203"},{"taxonomy":"post_tag","embeddable":true,"href":"https:\/\/now-news.de\/de\/wp-json\/wp\/v2\/tags?post=62203"}],"curies":[{"name":"wp","href":"https:\/\/api.w.org\/{rel}","templated":true}]}}