{"id":61803,"date":"2024-06-17T06:30:45","date_gmt":"2024-06-17T04:30:45","guid":{"rendered":"https:\/\/now-news.de\/de\/deutschland\/raus-aus-der-nato-rette-sich-wer-kann\/"},"modified":"2024-06-17T06:30:45","modified_gmt":"2024-06-17T04:30:45","slug":"raus-aus-der-nato-rette-sich-wer-kann","status":"publish","type":"post","link":"https:\/\/now-news.de\/de\/deutschland\/raus-aus-der-nato-rette-sich-wer-kann\/","title":{"rendered":"Raus aus der NATO \u2013 Rette sich, wer kann!"},"content":{"rendered":"<p><img decoding=\"async\" src=\"https:\/\/now-news.de\/de\/wp-content\/uploads\/sites\/3\/2024\/06\/666effefb480cc62dd3de13c.jpg\" \/><\/p>\n<div class=\"Text-root Text-type_1 \">\n                Deutschland verstrickt sich immer tiefer in den Ukraine-Konflikt: Das Hauptquartier f\u00fcr den NATO-Einsatz zur Koordinierung von Waffenlieferungen und der Ausbildung ukrainischer Soldaten wird nun in Deutschland angesiedelt. Uli Gellermann meint: Wer den Deutschen wohlwill, der sollte daf\u00fcr eintreten, die NATO zu verlassen, solange es noch nicht zu sp\u00e4t ist.\n            <\/div>\n<p><\/p>\n<div class=\"Text-root Text-type_5 ArticleView-text ViewText-root \">\n<p><em>Von Uli Gellermann<\/em><\/p>\n<p>Wer immer noch glaubt, dass der Ukraine-Krieg eine Marotte von Wladimir Putin ist, sollte sich diese Meldung zu Gem\u00fcte f\u00fchren: Das Hauptquartier f\u00fcr den geplanten NATO-Einsatz zur Koordinierung von Waffenlieferungen und Ausbildungsaktivit\u00e4ten f\u00fcr die ukrainischen Streitkr\u00e4fte wird in Deutschland angesiedelt. Wie die\u00a0<em>dpa<\/em>\u00a0am Freitag aus B\u00fcndniskreisen erfuhr, ist\u00a0Wiesbaden\u00a0als Standort vorgesehen. Dort ist zuf\u00e4lligerweise auch die Basis der US-Streitkr\u00e4fte in Europa, die bislang die Koordinierungsaufgaben wahrnehmen. Geleitet werden soll der Einsatz von einem Dreisternegeneral, der direkt an den Oberbefehlshaber der NATO-Streitkr\u00e4fte in Europa berichtet.<\/p>\n<p><strong>Putin-Administration ist nicht verr\u00fcckt<\/strong><\/p>\n<p>Die NATO, das offen aggressive Kriegsb\u00fcndnis (viermal\u00a0NATO-Kriege auf dem Balkan als Reaktion auf Konflikte in Bosnien und im Kosovo, in Afghanistan und in Libyen), das B\u00fcndnis, gegen dessen Einkreisung sich die Russen wehren, will sich nun mit einem Sprungbrett in Deutschland fester etablieren. Das deutsche Milit\u00e4r ist seit 1955 in die NATO-Strukturen eingebunden, und die deutschen Parteien, ob in der Regierung oder der Opposition, sind weitgehend der NATO ergeben. Nat\u00fcrlich ist die Putin-Administration nicht verr\u00fcckt: Man wird nicht nach der Maxime &#8220;Viel Feind, viel Ehr&#8221; handeln und die russische Armee prophylaktisch nach Deutschland in Bewegung setzen. Aber dieser neue Schritt der NATO auf das strategische Vorfeld Russlands wird nicht ohne Konsequenzen bleiben.<\/p>\n<p><strong>Pr\u00e4sident muss Souver\u00e4nit\u00e4t der Russischen F\u00f6deration wahren<\/strong><\/p>\n<p>Das in Artikel 51 der UN-Charta vorgesehene Recht auf kollektive Selbstverteidigung k\u00f6nnte von Russland jederzeit als Kriegsgrund f\u00fcr einen Schlag gegen Deutschland in Anspruch genommen werden. Hinzu kommt der Amtseid, den der russische Ministerpr\u00e4sident abgelegt hat und der ihn verpflichtet, die Souver\u00e4nit\u00e4t und Unabh\u00e4ngigkeit der Russischen F\u00f6deration zu wahren. Der neue, weitere Schritt zur Bedrohung der russischen Souver\u00e4nit\u00e4t kann jederzeit einen russischen Milit\u00e4rschlag ausl\u00f6sen. Wer das f\u00fcr \u00fcbertrieben h\u00e4lt, muss sich nur vorstellen, dass der russische Flottenverband rund um die Fregatte &#8220;Admiral Gorschkow&#8221; in Begleitung des atomgetriebenen U-Boots &#8220;Kazan&#8221;, zweier Logistikschiffe, eines \u00d6ltankers und eines Bergungsschleppers, der zurzeit im Hafen von Havanna ankert, dort dauerhaft stationiert bleibt: Ein milit\u00e4rischer Akt der USA w\u00fcrde nicht ausbleiben.<\/p>\n<p><strong>Putin: Sohn einer Leningrad-\u00dcberlebenden<\/strong><\/p>\n<p>Die Traumt\u00e4nzer in Berlin, die das geplante neue NATO-Hauptquartier unkommentiert hinnehmen, tun so, als w\u00e4re nichts. Wie Kinder, die sich die Augen zuhalten und glauben, man k\u00f6nne sie nicht sehen, hoffen sie scheinbar, dass der russische Generalstab naiv oder unf\u00e4hig ist. Aber der Chef des russischen Generalstabs, Waleri Gerassimow, war f\u00fcr die Planung und Umsetzung des russischen Milit\u00e4reinsatzes in Syrien zust\u00e4ndig, anders als die Berliner Schreibtisch-Strategen wei\u00df er, wie Krieg riecht. Und sein Chef, Wladimir Putin, ist der Sohn einer Mutter, die die deutsche Blockade Leningrads \u00fcberlebt hat.<\/p>\n<p><strong>NATO-Karrieristen<\/strong><\/p>\n<p>Tats\u00e4chlich wusste Olaf Scholz einst in der <em>spw \u2013 Zeitschrift f\u00fcr sozialistische Politik und Wirtschaft<\/em>\u00a0von der &#8220;aggressiv-imperialistischen NATO&#8221; zu schreiben, aber diese klare Analyse ist ihm auf dem Karriereweg irgendwie abhandengekommen. Seine Polit-Partnerin, Annalena Baerbock, war von solchen Erkenntnissen allzeit weit entfernt. Bis heute bringt sie es nicht fertig, sich von ihrem Gro\u00dfvater, einem gl\u00fchenden Nazi-Anh\u00e4nger, zu distanzieren. Die deutsche Geschichte schreibt eigentlich vor, den Russen mit Respekt zu begegnen. Aber Bundeskanzler Scholz f\u00e4llt zum 75. NATO-Geburtstag ein: &#8220;Ohne Sicherheit ist alles nichts.&#8221; Und Frau Baerbock behauptet sogar: &#8220;Die NATO ist unser zentraler Sicherheitsanker.&#8221; Solche NATO-Karrieren\u00a0sind auf Krieg, nicht auf Frieden mit Russland orientiert. Die j\u00fcngsten russischen Friedensvorschl\u00e4ge und ein Gespr\u00e4ch mit Putin hat Kanzler Scholz zur\u00fcckgewiesen: &#8220;Ein solches Gespr\u00e4ch macht nur Sinn, wenn es etwas zu bereden gibt.&#8221;<\/p>\n<p><strong>Rette sich, wer kann<\/strong><\/p>\n<p>Das Interesse der Deutschen kann nicht mit einem Krieg gewahrt werden. Wer den Deutschen wohlwill, der sollte daf\u00fcr eintreten, die NATO zu verlassen, solange es noch nicht zu sp\u00e4t ist: Rette sich, wer kann.<\/p>\n<p><em><strong>Uli Gellermann<\/strong>\u00a0ist Filmemacher und Journalist. Seine Erfahrungen mit den \u00f6ffentlich-rechtlichen Sendern begr\u00fcnden seine Medienkritik. Er ist Betreiber der Internetseite\u00a0<a rel=\"nofollow noopener\" target=\"_blank\" href=\"https:\/\/www.rationalgalerie.de\/\">www.rationalgalerie.de<\/a>.<\/em><\/p>\n<p><em><\/em><em>Der Beitrag wurde zuerst am 15. Juni 2024 auf\u00a0<a rel=\"nofollow noopener\" target=\"_blank\" href=\"https:\/\/www.rationalgalerie.de\/home\/rette-sich-wer-kann\">www.rationalgalerie.de<\/a>\u00a0ver\u00f6ffentlicht.<\/em><\/p>\n<p><strong>Mehr zum Thema &#8211;<\/strong>\u00a0<a rel=\"nofollow noopener\" target=\"_blank\" href=\"https:\/\/freedert.online\/meinung\/206488-rechtsregierung-befeuert-nato-krieg-mehr\/\">Bundesregierung befeuert NATO-Krieg \u2013 mehr Milliarden f\u00fcr die Ukraine <\/a><\/p>\n<div class=\"EmbedBlock-root EmbedBlock-externalVideo EmbedBlock-odysee\">\n<div class=\"VkEmbed\"><iframe class=\"lazyload\" data-src=\"https:\/\/odysee.com\/%24\/embed\/%40RTDE%3Ae%2FBaerbock-%C3%BCber-ihren-Nazi-Opa---Wir-haben-ja-gar-nichts-gewusst-video%3A1\" frameborder=\"0\" width=\"853\" height=\"480\" allowfullscreen><\/iframe><\/div>\n<\/div>\n<\/div>\n<p><br \/>\n<br \/><a href=\"https:\/\/de.rt.com\/meinung\/209363-raus-aus-nato-rette-sich\/\">Source link <\/a><\/p>\n","protected":false},"excerpt":{"rendered":"<p>Deutschland verstrickt sich immer tiefer in den Ukraine-Konflikt: Das Hauptquartier f\u00fcr den NATO-Einsatz zur Koordinierung von Waffenlieferungen und der Ausbildung ukrainischer Soldaten wird nun in Deutschland angesiedelt. Uli Gellermann meint: Wer den Deutschen wohlwill, der sollte daf\u00fcr eintreten, die NATO zu verlassen, solange es noch nicht zu sp\u00e4t ist. Von Uli Gellermann Wer immer noch [&hellip;]<\/p>\n","protected":false},"author":3,"featured_media":61804,"comment_status":"open","ping_status":"open","sticky":false,"template":"","format":"standard","meta":{"_yoast_indexnow_last_ping":["1718599297"],"wp_automatic_camp":["217"],"7732e44e137bcdf1f2cb7d58198f8200":["Raus aus der NATO \u2013 Rette sich, wer kann!"],"original_link":["https:\/\/de.rt.com\/meinung\/209363-raus-aus-nato-rette-sich\/"],"_thumbnail_id":["61804"],"jnews_social_counter_last_update":["1777618302"],"_wptgpro_p2tg_sent2tg":["a:1:{i:23737;s:19:\"2024-06-17 06:42:39\";}"]},"categories":[19,23],"tags":[679,82,838,2697,16024,13746,434,8965],"yoast_head":"<!-- This site is optimized with the Yoast SEO Premium plugin v22.7 (Yoast SEO v22.7) - https:\/\/yoast.com\/wordpress\/plugins\/seo\/ -->\n<title>Raus aus der NATO \u2013 Rette sich, wer kann! - just-now.NEWS Deutschland<\/title>\n<meta name=\"robots\" content=\"index, follow, max-snippet:-1, max-image-preview:large, max-video-preview:-1\" \/>\n<link rel=\"canonical\" href=\"https:\/\/now-news.de\/de\/deutschland\/raus-aus-der-nato-rette-sich-wer-kann\/\" \/>\n<meta property=\"og:locale\" content=\"de_DE\" \/>\n<meta property=\"og:type\" content=\"article\" \/>\n<meta property=\"og:title\" content=\"Raus aus der NATO \u2013 Rette sich, wer kann!\" \/>\n<meta property=\"og:description\" content=\"Deutschland verstrickt sich immer tiefer in den Ukraine-Konflikt: Das Hauptquartier f\u00fcr den NATO-Einsatz zur Koordinierung von Waffenlieferungen und der Ausbildung ukrainischer Soldaten wird nun in Deutschland angesiedelt. Uli Gellermann meint: Wer den Deutschen wohlwill, der sollte daf\u00fcr eintreten, die NATO zu verlassen, solange es noch nicht zu sp\u00e4t ist. Von Uli Gellermann Wer immer noch [&hellip;]\" \/>\n<meta property=\"og:url\" content=\"https:\/\/now-news.de\/de\/deutschland\/raus-aus-der-nato-rette-sich-wer-kann\/\" \/>\n<meta property=\"og:site_name\" content=\"just-now.NEWS Deutschland\" \/>\n<meta property=\"article:publisher\" content=\"https:\/\/www.facebook.com\/wirmachenauf\" \/>\n<meta property=\"article:published_time\" content=\"2024-06-17T04:30:45+00:00\" \/>\n<meta property=\"og:image\" content=\"https:\/\/now-news.de\/de\/wp-content\/uploads\/sites\/3\/2024\/06\/666effefb480cc62dd3de13c.jpg\" \/>\n<meta name=\"author\" content=\"rtnews\" \/>\n<meta name=\"twitter:card\" content=\"summary_large_image\" \/>\n<meta name=\"twitter:creator\" content=\"@WirMachenAuf_de\" \/>\n<meta name=\"twitter:site\" content=\"@WirMachenAuf_de\" \/>\n<meta name=\"twitter:label1\" content=\"Verfasst von\" \/>\n\t<meta name=\"twitter:data1\" content=\"rtnews\" \/>\n\t<meta name=\"twitter:label2\" content=\"Gesch\u00e4tzte Lesezeit\" \/>\n\t<meta name=\"twitter:data2\" content=\"4\u00a0Minuten\" \/>\n<script type=\"application\/ld+json\" class=\"yoast-schema-graph\">{\"@context\":\"https:\/\/schema.org\",\"@graph\":[{\"@type\":\"Article\",\"@id\":\"https:\/\/now-news.de\/de\/deutschland\/raus-aus-der-nato-rette-sich-wer-kann\/#article\",\"isPartOf\":{\"@id\":\"https:\/\/now-news.de\/de\/deutschland\/raus-aus-der-nato-rette-sich-wer-kann\/\"},\"author\":{\"name\":\"rtnews\",\"@id\":\"https:\/\/now-news.de\/de\/#\/schema\/person\/fb534a4e865501d8b3285208df34a9b5\"},\"headline\":\"Raus aus der NATO \u2013 Rette sich, wer kann!\",\"datePublished\":\"2024-06-17T04:30:45+00:00\",\"dateModified\":\"2024-06-17T04:30:45+00:00\",\"mainEntityOfPage\":{\"@id\":\"https:\/\/now-news.de\/de\/deutschland\/raus-aus-der-nato-rette-sich-wer-kann\/\"},\"wordCount\":754,\"commentCount\":0,\"publisher\":{\"@id\":\"https:\/\/now-news.de\/de\/#organization\"},\"image\":{\"@id\":\"https:\/\/now-news.de\/de\/deutschland\/raus-aus-der-nato-rette-sich-wer-kann\/#primaryimage\"},\"thumbnailUrl\":\"https:\/\/now-news.de\/de\/wp-content\/uploads\/sites\/3\/2024\/06\/Raus-aus-der-NATO-\u2013-Rette-sich-wer-kann.jpg\",\"keywords\":[\"aus\",\"der\",\"kann\",\"nato\",\"raus\",\"Rette\",\"sich\",\"Wer\"],\"articleSection\":[\"Deutschland\",\"Russland\"],\"inLanguage\":\"de\",\"potentialAction\":[{\"@type\":\"CommentAction\",\"name\":\"Comment\",\"target\":[\"https:\/\/now-news.de\/de\/deutschland\/raus-aus-der-nato-rette-sich-wer-kann\/#respond\"]}]},{\"@type\":\"WebPage\",\"@id\":\"https:\/\/now-news.de\/de\/deutschland\/raus-aus-der-nato-rette-sich-wer-kann\/\",\"url\":\"https:\/\/now-news.de\/de\/deutschland\/raus-aus-der-nato-rette-sich-wer-kann\/\",\"name\":\"Raus aus der NATO \u2013 Rette sich, wer kann! - just-now.NEWS Deutschland\",\"isPartOf\":{\"@id\":\"https:\/\/now-news.de\/de\/#website\"},\"primaryImageOfPage\":{\"@id\":\"https:\/\/now-news.de\/de\/deutschland\/raus-aus-der-nato-rette-sich-wer-kann\/#primaryimage\"},\"image\":{\"@id\":\"https:\/\/now-news.de\/de\/deutschland\/raus-aus-der-nato-rette-sich-wer-kann\/#primaryimage\"},\"thumbnailUrl\":\"https:\/\/now-news.de\/de\/wp-content\/uploads\/sites\/3\/2024\/06\/Raus-aus-der-NATO-\u2013-Rette-sich-wer-kann.jpg\",\"datePublished\":\"2024-06-17T04:30:45+00:00\",\"dateModified\":\"2024-06-17T04:30:45+00:00\",\"breadcrumb\":{\"@id\":\"https:\/\/now-news.de\/de\/deutschland\/raus-aus-der-nato-rette-sich-wer-kann\/#breadcrumb\"},\"inLanguage\":\"de\",\"potentialAction\":[{\"@type\":\"ReadAction\",\"target\":[\"https:\/\/now-news.de\/de\/deutschland\/raus-aus-der-nato-rette-sich-wer-kann\/\"]}]},{\"@type\":\"ImageObject\",\"inLanguage\":\"de\",\"@id\":\"https:\/\/now-news.de\/de\/deutschland\/raus-aus-der-nato-rette-sich-wer-kann\/#primaryimage\",\"url\":\"https:\/\/now-news.de\/de\/wp-content\/uploads\/sites\/3\/2024\/06\/Raus-aus-der-NATO-\u2013-Rette-sich-wer-kann.jpg\",\"contentUrl\":\"https:\/\/now-news.de\/de\/wp-content\/uploads\/sites\/3\/2024\/06\/Raus-aus-der-NATO-\u2013-Rette-sich-wer-kann.jpg\",\"width\":460,\"height\":259,\"caption\":\"Raus aus der NATO \u2013 Rette sich, wer kann!\"},{\"@type\":\"BreadcrumbList\",\"@id\":\"https:\/\/now-news.de\/de\/deutschland\/raus-aus-der-nato-rette-sich-wer-kann\/#breadcrumb\",\"itemListElement\":[{\"@type\":\"ListItem\",\"position\":1,\"name\":\"Home\",\"item\":\"https:\/\/now-news.de\/de\/\"},{\"@type\":\"ListItem\",\"position\":2,\"name\":\"Raus aus der NATO \u2013 Rette sich, wer kann!\"}]},{\"@type\":\"WebSite\",\"@id\":\"https:\/\/now-news.de\/de\/#website\",\"url\":\"https:\/\/now-news.de\/de\/\",\"name\":\"just-now.NEWS Deutschland\",\"description\":\"Das Portal f\u00fcr unzensierte Nachrichten aus der Welt\",\"publisher\":{\"@id\":\"https:\/\/now-news.de\/de\/#organization\"},\"potentialAction\":[{\"@type\":\"SearchAction\",\"target\":{\"@type\":\"EntryPoint\",\"urlTemplate\":\"https:\/\/now-news.de\/de\/?s={search_term_string}\"},\"query-input\":\"required name=search_term_string\"}],\"inLanguage\":\"de\"},{\"@type\":\"Organization\",\"@id\":\"https:\/\/now-news.de\/de\/#organization\",\"name\":\"Just Now News\",\"url\":\"https:\/\/now-news.de\/de\/\",\"logo\":{\"@type\":\"ImageObject\",\"inLanguage\":\"de\",\"@id\":\"https:\/\/now-news.de\/de\/#\/schema\/logo\/image\/\",\"url\":\"http:\/\/just-now.news\/de\/wp-content\/uploads\/sites\/3\/2022\/04\/logo500x500.jpg\",\"contentUrl\":\"http:\/\/just-now.news\/de\/wp-content\/uploads\/sites\/3\/2022\/04\/logo500x500.jpg\",\"width\":500,\"height\":500,\"caption\":\"Just Now News\"},\"image\":{\"@id\":\"https:\/\/now-news.de\/de\/#\/schema\/logo\/image\/\"},\"sameAs\":[\"https:\/\/www.facebook.com\/wirmachenauf\",\"https:\/\/x.com\/WirMachenAuf_de\"]},{\"@type\":\"Person\",\"@id\":\"https:\/\/now-news.de\/de\/#\/schema\/person\/fb534a4e865501d8b3285208df34a9b5\",\"name\":\"rtnews\",\"image\":{\"@type\":\"ImageObject\",\"inLanguage\":\"de\",\"@id\":\"https:\/\/now-news.de\/de\/#\/schema\/person\/image\/\",\"url\":\"https:\/\/secure.gravatar.com\/avatar\/82aafea7d8127119dd649515f56e2117?s=96&d=mm&r=g\",\"contentUrl\":\"https:\/\/secure.gravatar.com\/avatar\/82aafea7d8127119dd649515f56e2117?s=96&d=mm&r=g\",\"caption\":\"rtnews\"},\"url\":\"https:\/\/now-news.de\/de\/author\/rnews\/\"}]}<\/script>\n<!-- \/ Yoast SEO Premium plugin. -->","yoast_head_json":{"title":"Raus aus der NATO \u2013 Rette sich, wer kann! - just-now.NEWS Deutschland","robots":{"index":"index","follow":"follow","max-snippet":"max-snippet:-1","max-image-preview":"max-image-preview:large","max-video-preview":"max-video-preview:-1"},"canonical":"https:\/\/now-news.de\/de\/deutschland\/raus-aus-der-nato-rette-sich-wer-kann\/","og_locale":"de_DE","og_type":"article","og_title":"Raus aus der NATO \u2013 Rette sich, wer kann!","og_description":"Deutschland verstrickt sich immer tiefer in den Ukraine-Konflikt: Das Hauptquartier f\u00fcr den NATO-Einsatz zur Koordinierung von Waffenlieferungen und der Ausbildung ukrainischer Soldaten wird nun in Deutschland angesiedelt. Uli Gellermann meint: Wer den Deutschen wohlwill, der sollte daf\u00fcr eintreten, die NATO zu verlassen, solange es noch nicht zu sp\u00e4t ist. Von Uli Gellermann Wer immer noch [&hellip;]","og_url":"https:\/\/now-news.de\/de\/deutschland\/raus-aus-der-nato-rette-sich-wer-kann\/","og_site_name":"just-now.NEWS Deutschland","article_publisher":"https:\/\/www.facebook.com\/wirmachenauf","article_published_time":"2024-06-17T04:30:45+00:00","og_image":[{"url":"https:\/\/now-news.de\/de\/wp-content\/uploads\/sites\/3\/2024\/06\/666effefb480cc62dd3de13c.jpg"}],"author":"rtnews","twitter_card":"summary_large_image","twitter_creator":"@WirMachenAuf_de","twitter_site":"@WirMachenAuf_de","twitter_misc":{"Verfasst von":"rtnews","Gesch\u00e4tzte Lesezeit":"4\u00a0Minuten"},"schema":{"@context":"https:\/\/schema.org","@graph":[{"@type":"Article","@id":"https:\/\/now-news.de\/de\/deutschland\/raus-aus-der-nato-rette-sich-wer-kann\/#article","isPartOf":{"@id":"https:\/\/now-news.de\/de\/deutschland\/raus-aus-der-nato-rette-sich-wer-kann\/"},"author":{"name":"rtnews","@id":"https:\/\/now-news.de\/de\/#\/schema\/person\/fb534a4e865501d8b3285208df34a9b5"},"headline":"Raus aus der NATO \u2013 Rette sich, wer kann!","datePublished":"2024-06-17T04:30:45+00:00","dateModified":"2024-06-17T04:30:45+00:00","mainEntityOfPage":{"@id":"https:\/\/now-news.de\/de\/deutschland\/raus-aus-der-nato-rette-sich-wer-kann\/"},"wordCount":754,"commentCount":0,"publisher":{"@id":"https:\/\/now-news.de\/de\/#organization"},"image":{"@id":"https:\/\/now-news.de\/de\/deutschland\/raus-aus-der-nato-rette-sich-wer-kann\/#primaryimage"},"thumbnailUrl":"https:\/\/now-news.de\/de\/wp-content\/uploads\/sites\/3\/2024\/06\/Raus-aus-der-NATO-\u2013-Rette-sich-wer-kann.jpg","keywords":["aus","der","kann","nato","raus","Rette","sich","Wer"],"articleSection":["Deutschland","Russland"],"inLanguage":"de","potentialAction":[{"@type":"CommentAction","name":"Comment","target":["https:\/\/now-news.de\/de\/deutschland\/raus-aus-der-nato-rette-sich-wer-kann\/#respond"]}]},{"@type":"WebPage","@id":"https:\/\/now-news.de\/de\/deutschland\/raus-aus-der-nato-rette-sich-wer-kann\/","url":"https:\/\/now-news.de\/de\/deutschland\/raus-aus-der-nato-rette-sich-wer-kann\/","name":"Raus aus der NATO \u2013 Rette sich, wer kann! - just-now.NEWS Deutschland","isPartOf":{"@id":"https:\/\/now-news.de\/de\/#website"},"primaryImageOfPage":{"@id":"https:\/\/now-news.de\/de\/deutschland\/raus-aus-der-nato-rette-sich-wer-kann\/#primaryimage"},"image":{"@id":"https:\/\/now-news.de\/de\/deutschland\/raus-aus-der-nato-rette-sich-wer-kann\/#primaryimage"},"thumbnailUrl":"https:\/\/now-news.de\/de\/wp-content\/uploads\/sites\/3\/2024\/06\/Raus-aus-der-NATO-\u2013-Rette-sich-wer-kann.jpg","datePublished":"2024-06-17T04:30:45+00:00","dateModified":"2024-06-17T04:30:45+00:00","breadcrumb":{"@id":"https:\/\/now-news.de\/de\/deutschland\/raus-aus-der-nato-rette-sich-wer-kann\/#breadcrumb"},"inLanguage":"de","potentialAction":[{"@type":"ReadAction","target":["https:\/\/now-news.de\/de\/deutschland\/raus-aus-der-nato-rette-sich-wer-kann\/"]}]},{"@type":"ImageObject","inLanguage":"de","@id":"https:\/\/now-news.de\/de\/deutschland\/raus-aus-der-nato-rette-sich-wer-kann\/#primaryimage","url":"https:\/\/now-news.de\/de\/wp-content\/uploads\/sites\/3\/2024\/06\/Raus-aus-der-NATO-\u2013-Rette-sich-wer-kann.jpg","contentUrl":"https:\/\/now-news.de\/de\/wp-content\/uploads\/sites\/3\/2024\/06\/Raus-aus-der-NATO-\u2013-Rette-sich-wer-kann.jpg","width":460,"height":259,"caption":"Raus aus der NATO \u2013 Rette sich, wer kann!"},{"@type":"BreadcrumbList","@id":"https:\/\/now-news.de\/de\/deutschland\/raus-aus-der-nato-rette-sich-wer-kann\/#breadcrumb","itemListElement":[{"@type":"ListItem","position":1,"name":"Home","item":"https:\/\/now-news.de\/de\/"},{"@type":"ListItem","position":2,"name":"Raus aus der NATO \u2013 Rette sich, wer kann!"}]},{"@type":"WebSite","@id":"https:\/\/now-news.de\/de\/#website","url":"https:\/\/now-news.de\/de\/","name":"just-now.NEWS Deutschland","description":"Das Portal f\u00fcr unzensierte Nachrichten aus der Welt","publisher":{"@id":"https:\/\/now-news.de\/de\/#organization"},"potentialAction":[{"@type":"SearchAction","target":{"@type":"EntryPoint","urlTemplate":"https:\/\/now-news.de\/de\/?s={search_term_string}"},"query-input":"required name=search_term_string"}],"inLanguage":"de"},{"@type":"Organization","@id":"https:\/\/now-news.de\/de\/#organization","name":"Just Now News","url":"https:\/\/now-news.de\/de\/","logo":{"@type":"ImageObject","inLanguage":"de","@id":"https:\/\/now-news.de\/de\/#\/schema\/logo\/image\/","url":"http:\/\/just-now.news\/de\/wp-content\/uploads\/sites\/3\/2022\/04\/logo500x500.jpg","contentUrl":"http:\/\/just-now.news\/de\/wp-content\/uploads\/sites\/3\/2022\/04\/logo500x500.jpg","width":500,"height":500,"caption":"Just Now News"},"image":{"@id":"https:\/\/now-news.de\/de\/#\/schema\/logo\/image\/"},"sameAs":["https:\/\/www.facebook.com\/wirmachenauf","https:\/\/x.com\/WirMachenAuf_de"]},{"@type":"Person","@id":"https:\/\/now-news.de\/de\/#\/schema\/person\/fb534a4e865501d8b3285208df34a9b5","name":"rtnews","image":{"@type":"ImageObject","inLanguage":"de","@id":"https:\/\/now-news.de\/de\/#\/schema\/person\/image\/","url":"https:\/\/secure.gravatar.com\/avatar\/82aafea7d8127119dd649515f56e2117?s=96&d=mm&r=g","contentUrl":"https:\/\/secure.gravatar.com\/avatar\/82aafea7d8127119dd649515f56e2117?s=96&d=mm&r=g","caption":"rtnews"},"url":"https:\/\/now-news.de\/de\/author\/rnews\/"}]}},"_links":{"self":[{"href":"https:\/\/now-news.de\/de\/wp-json\/wp\/v2\/posts\/61803"}],"collection":[{"href":"https:\/\/now-news.de\/de\/wp-json\/wp\/v2\/posts"}],"about":[{"href":"https:\/\/now-news.de\/de\/wp-json\/wp\/v2\/types\/post"}],"author":[{"embeddable":true,"href":"https:\/\/now-news.de\/de\/wp-json\/wp\/v2\/users\/3"}],"replies":[{"embeddable":true,"href":"https:\/\/now-news.de\/de\/wp-json\/wp\/v2\/comments?post=61803"}],"version-history":[{"count":0,"href":"https:\/\/now-news.de\/de\/wp-json\/wp\/v2\/posts\/61803\/revisions"}],"wp:featuredmedia":[{"embeddable":true,"href":"https:\/\/now-news.de\/de\/wp-json\/wp\/v2\/media\/61804"}],"wp:attachment":[{"href":"https:\/\/now-news.de\/de\/wp-json\/wp\/v2\/media?parent=61803"}],"wp:term":[{"taxonomy":"category","embeddable":true,"href":"https:\/\/now-news.de\/de\/wp-json\/wp\/v2\/categories?post=61803"},{"taxonomy":"post_tag","embeddable":true,"href":"https:\/\/now-news.de\/de\/wp-json\/wp\/v2\/tags?post=61803"}],"curies":[{"name":"wp","href":"https:\/\/api.w.org\/{rel}","templated":true}]}}