{"id":6138,"date":"2022-05-02T19:51:00","date_gmt":"2022-05-02T17:51:00","guid":{"rendered":"http:\/\/just-now.news\/de\/usa\/here-we-go-nyc-erhoeht-die-covid-alarmstufe-aufgrund-steigender-faelle-von-china-viren-auf-mittel\/"},"modified":"2022-05-02T19:51:00","modified_gmt":"2022-05-02T17:51:00","slug":"here-we-go-nyc-erhoeht-die-covid-alarmstufe-aufgrund-steigender-faelle-von-china-viren-auf-mittel","status":"publish","type":"post","link":"https:\/\/now-news.de\/de\/usa\/here-we-go-nyc-erhoeht-die-covid-alarmstufe-aufgrund-steigender-faelle-von-china-viren-auf-mittel\/","title":{"rendered":"Here We Go: NYC erh\u00f6ht die Covid-Alarmstufe aufgrund steigender F\u00e4lle von China-Viren auf \u201eMittel\u201c."},"content":{"rendered":"<div class=\"entry-content\">\n<p><\/p>\n<p>Es muss Wahlkampf sein.<\/p>\n<p>New York City hat am Montag seine Covid-Warnstufe auf \u201emittel\u201c angehoben, da neue F\u00e4lle von China-Viren die CDC-Schwelle von 200 F\u00e4llen pro 100.000 Einwohner \u00fcberschritten haben.<\/p>\n<div id=\"IC1-ad\" class=\"sponsor IC1\">\n<p class=\"ad-notice flipboard-remove\" fl:fl-noexcerpt=\"true\">Werbung \u2013 die Geschichte geht unten weiter<\/p>\n<div id=\"IC1\">\n<script>\n\t\t\t\t\tif( FFADS.units.IC1 && FFADS.units.IC1.ad_type == 'custom' && FFADS.units.IC1.custom_ads && ! getCookie( 'ff_subbed' ) ) {\n\t\t\t\t\t\tdocument.getElementById( 'IC1' ).innerHTML = FFADS.units.IC1.custom_ads[0].code;\n\t\t\t\t\t\tif( ! FFADS.units.IC1.lazy_load ) eval( FFADS.units.IC1.custom_ads[0].rendering_script );\n\t\t\t\t\t}\n\t\t\t\t\telse if( FFADS.units.IC1 && ! getCookie( 'ff_subbed' ) ) {\n\t\t\t\t\t\tif( 'IC' != 'SB' && 'IC' != 'SA' && FFADS.use_fixed_containers ) {\n\t\t\t\t\t\t\tlet max_wh = firefly_size_list_to_max_wh( FFADS.units.IC1.sizes );\n\t\t\t\t\t\t\tlet el = document.querySelector( '#IC1' );\n\t\t\t\t\t\t\tif( 'IC' != 'SA' && FFADS.slide_pixels ) {\n\t\t\t\t\t\t\t\tmax_wh[1] += parseInt( FFADS.slide_pixels );\n\t\t\t\t\t\t\t\tel.classList.add( 'sliding' );\n\t\t\t\t\t\t\t}\n\t\t\t\t\t\t\tel.style.width = max_wh[0] + 'px';\n\t\t\t\t\t\t\tel.style.height = max_wh[1] + 'px';\n\t\t\t\t\t\t\tel.classList.add( 'fixed-size' );\n\t\t\t\t\t\t}\n\t\t\t\t\t\tgoogletag.cmd.push( function() {\n\t\t\t\t\t\t\tFFADS.debug( 'googletag.displaying IC1' );\n\t\t\t\t\t\t\tgoogletag.display( 'IC1' );\n\t\t\t\t\t\t} );\n\t\t\t\t\t}\n\t\t\t\t\telse {\n\t\t\t\t\t\tdocument.querySelector( '#IC1-ad' ).style.display = 'none';}\n\t\t\t\t<\/script><\/div>\n<\/div>\n<p>Es werden keine neuen Covid-Beschr\u00e4nkungen wieder eingef\u00fchrt, aber die Stadt wird wahrscheinlich ihr Maskenmandat erneut auferlegen, wenn die Alarmstufe \u201ehoch\u201c erreicht.<\/p>\n<p>Covid-Todesf\u00e4lle und Krankenhauseinweisungen gehen zur\u00fcck, aber Beamte von NYC verwenden neue \u201eF\u00e4lle\u201c, um die \u00d6ffentlichkeit zu kontrollieren und zu erschrecken.<\/p>\n<p><script>\n\t\t\t\t\tif( ! getCookie( 'ff_subbed' ) ) if( typeof FFADS.replace_ict != 'undefined' ) if( FFADS.replace_ict ) eval( FFADS.replace_ict );\n\t\t\t\t<\/script><\/p>\n<p>\u201eDie kommenden Wochen werden entscheidend sein, um die Ausbreitung von COVID-19 zu verlangsamen und wieder auf ein niedriges Risikoniveau zur\u00fcckzukehren, damit wir unseren Fr\u00fchling sicherer genie\u00dfen k\u00f6nnen\u201c, sagte der Gesundheitskommissar von NYC, Dr. Ashwin Vasan.  \u201eUnd denken Sie daran, dass die Schritte, die Sie unternehmen, um sich selbst zu sch\u00fctzen, auch andere sch\u00fctzen, insbesondere die am st\u00e4rksten gef\u00e4hrdeten.  Als Stadt haben wir die Mittel, die wir brauchen, um diesen Virus zur\u00fcckzuschlagen.  Als New Yorker sind wir gemeinsam dabei.  Indem wir diese Schritte in unser t\u00e4gliches Leben integrieren, k\u00f6nnen wir weiterhin aufeinander und auf uns selbst achten.\u201c<\/p>\n<blockquote class=\"twitter-tweet\">\n<p lang=\"en\" dir=\"ltr\">Angesichts der steigenden COVID-19-F\u00e4lle ist NYC in die Alarmstufe \u201eMittleres Risiko\u201c eingetreten.  Die F\u00e4lle haben jetzt eine Rate von 200 pro 100.000 Menschen \u00fcberschritten.  Praktisch bedeutet dies f\u00fcr die New Yorker, dass sie noch gr\u00f6\u00dfere Vorsicht walten lassen m\u00fcssen als in den letzten Wochen.  ???? https:\/\/t.co\/5mnutXijuL<\/p>\n<p>\u2013 Kommissar Ashwin Vasan, MD, PhD (@NYCHealthCommr) <a rel=\"nofollow noopener\" target=\"_blank\" href=\"https:\/\/twitter.com\/NYCHealthCommr\/status\/1521127825889284097\">2. Mai 2022<\/a><\/p>\n<\/blockquote>\n<div id=\"IC2-ad\" class=\"sponsor IC2\">\n<p class=\"ad-notice flipboard-remove\" fl:fl-noexcerpt=\"true\">Werbung \u2013 die Geschichte geht unten weiter<\/p>\n<div id=\"IC2\">\n<script>\n\t\t\t\t\tif( FFADS.units.IC2 && FFADS.units.IC2.ad_type == 'custom' && FFADS.units.IC2.custom_ads && ! getCookie( 'ff_subbed' ) ) {\n\t\t\t\t\t\tdocument.getElementById( 'IC2' ).innerHTML = FFADS.units.IC2.custom_ads[0].code;\n\t\t\t\t\t\tif( ! FFADS.units.IC2.lazy_load ) eval( FFADS.units.IC2.custom_ads[0].rendering_script );\n\t\t\t\t\t}\n\t\t\t\t\telse if( FFADS.units.IC2 && ! getCookie( 'ff_subbed' ) ) {\n\t\t\t\t\t\tif( 'IC' != 'SB' && 'IC' != 'SA' && FFADS.use_fixed_containers ) {\n\t\t\t\t\t\t\tlet max_wh = firefly_size_list_to_max_wh( FFADS.units.IC2.sizes );\n\t\t\t\t\t\t\tlet el = document.querySelector( '#IC2' );\n\t\t\t\t\t\t\tif( 'IC' != 'SA' && FFADS.slide_pixels ) {\n\t\t\t\t\t\t\t\tmax_wh[1] += parseInt( FFADS.slide_pixels );\n\t\t\t\t\t\t\t\tel.classList.add( 'sliding' );\n\t\t\t\t\t\t\t}\n\t\t\t\t\t\t\tel.style.width = max_wh[0] + 'px';\n\t\t\t\t\t\t\tel.style.height = max_wh[1] + 'px';\n\t\t\t\t\t\t\tel.classList.add( 'fixed-size' );\n\t\t\t\t\t\t}\n\t\t\t\t\t\tgoogletag.cmd.push( function() {\n\t\t\t\t\t\t\tFFADS.debug( 'googletag.displaying IC2' );\n\t\t\t\t\t\t\tgoogletag.display( 'IC2' );\n\t\t\t\t\t\t} );\n\t\t\t\t\t}\n\t\t\t\t\telse {\n\t\t\t\t\t\tdocument.querySelector( '#IC2-ad' ).style.display = 'none';}\n\t\t\t\t<\/script><\/div>\n<\/div>\n<p> <script async src=\"https:\/\/platform.twitter.com\/widgets.js\" charset=\"utf-8\"><\/script><\/p>\n<p>NBC New York berichtete:<\/p>\n<blockquote>\n<p>New York City hat am Montag seine COVID-Alarmstufe auf mittel angehoben, als die F\u00e4lle in den f\u00fcnf Bezirken eine Rate von 200 pro 100.000 Einwohner \u00fcberschritten, sagten Gesundheitsbeamte.  Es ist das erste Mal, dass das Gesundheitsamt dieses Niveau seit der Einf\u00fchrung des neuen Systems unter der Verwaltung von B\u00fcrgermeister Eric Adams Anfang dieses Jahres angepasst hat.<\/p>\n<p>Manhattan bzw. Staten Island haben die h\u00f6chsten \u00dcbertragungsraten pro 100.000 Einwohner, wie die neuesten Gesundheitsdaten zeigen, aber es ist der erste Bezirk, der einen unverh\u00e4ltnism\u00e4\u00dfigen Einfluss auf die Gesamtrate der neuen F\u00e4lle der Stadt hat.<\/p>\n<p>Diese beiden Bezirke werden jetzt auch von der CDC als \u201emittlere\u201c COVID-Alarmbezirke eingestuft.  Und obwohl die Neufallraten deutlich steigen, bleiben sie deutlich unter dem Niveau, das sie w\u00e4hrend des Spitzenanstiegs von omicron im Januar hatten.<\/p>\n<div id=\"IC3-ad\" class=\"sponsor IC3\">\n<p class=\"ad-notice flipboard-remove\" fl:fl-noexcerpt=\"true\">Werbung \u2013 die Geschichte geht unten weiter<\/p>\n<div id=\"IC3\">\n<script>\n\t\t\t\t\tif( FFADS.units.IC3 && FFADS.units.IC3.ad_type == 'custom' && FFADS.units.IC3.custom_ads && ! getCookie( 'ff_subbed' ) ) {\n\t\t\t\t\t\tdocument.getElementById( 'IC3' ).innerHTML = FFADS.units.IC3.custom_ads[0].code;\n\t\t\t\t\t\tif( ! FFADS.units.IC3.lazy_load ) eval( FFADS.units.IC3.custom_ads[0].rendering_script );\n\t\t\t\t\t}\n\t\t\t\t\telse if( FFADS.units.IC3 && ! getCookie( 'ff_subbed' ) ) {\n\t\t\t\t\t\tif( 'IC' != 'SB' && 'IC' != 'SA' && FFADS.use_fixed_containers ) {\n\t\t\t\t\t\t\tlet max_wh = firefly_size_list_to_max_wh( FFADS.units.IC3.sizes );\n\t\t\t\t\t\t\tlet el = document.querySelector( '#IC3' );\n\t\t\t\t\t\t\tif( 'IC' != 'SA' && FFADS.slide_pixels ) {\n\t\t\t\t\t\t\t\tmax_wh[1] += parseInt( FFADS.slide_pixels );\n\t\t\t\t\t\t\t\tel.classList.add( 'sliding' );\n\t\t\t\t\t\t\t}\n\t\t\t\t\t\t\tel.style.width = max_wh[0] + 'px';\n\t\t\t\t\t\t\tel.style.height = max_wh[1] + 'px';\n\t\t\t\t\t\t\tel.classList.add( 'fixed-size' );\n\t\t\t\t\t\t}\n\t\t\t\t\t\tgoogletag.cmd.push( function() {\n\t\t\t\t\t\t\tFFADS.debug( 'googletag.displaying IC3' );\n\t\t\t\t\t\t\tgoogletag.display( 'IC3' );\n\t\t\t\t\t\t} );\n\t\t\t\t\t}\n\t\t\t\t\telse {\n\t\t\t\t\t\tdocument.querySelector( '#IC3-ad' ).style.display = 'none';}\n\t\t\t\t<\/script><\/div>\n<\/div>\n<p>Im Moment sagt der NYC-Gesundheitskommissar Dr. Ashwin Vasan, dass New Yorker gr\u00f6\u00dfere Vorsicht walten lassen sollten als in den letzten Wochen \u2013 und denjenigen, die aus irgendeinem Grund ein h\u00f6heres Risiko f\u00fcr schwere Krankheiten durch COVID haben, wird empfohlen, \u00fcberf\u00fcllte Innenr\u00e4ume zu vermeiden Versammlungen und andere Situationen mit erh\u00f6htem Risiko.<\/p>\n<\/blockquote>\n<p class=\"article-ask\"><span class=\"ask\"><script>\n  if( getParameterByName( \"utm_source\" ) == \"testpage\" ) {\n    !function(e,t,a,n,g){e[n]=e[n]||[],e[n].push({\"gtm.start\":(new Date).getTime(),event:\"gtm.js\"});var m=t.getElementsByTagName(a)[0],r=t.createElement(a);r.async=!0,r.src=\"https:\/\/www.googletagmanager.com\/gtm.js?id=GTM-PL4PD49\",m.parentNode.insertBefore(r,m)}(window.parent,window.parent.document,\"script\",\"dataLayer\");\n    var iframe=window.parent.document.createElement(\"iframe\");iframe.src=\"https:\/\/www.googletagmanager.com\/ns.html?id=GTM-PL4PD49\";iframe.height=\"0\";iframe.width=\"0\";iframe.style=\"display:none;visibility:hidden\";window.parent.document.body.appendChild(iframe);\n    window.parent[\"$$mm-analytics\"] = window.parent[\"$$mm-analytics\"] || {};if (typeof window.parent[\"$$mm-analytics\"].firstEmbed === \"undefined\") {window.parent[\"$$mm-analytics\"].firstEmbed = Date.now();}\n    let as1 = document.createElement( \"script\" );\n    as1.src = \"https:\/\/bucket1.mm-syringe.com\/prod\/configs\/ee2300c8-43d2-7f0b-dac0-40aaf31c9d3d.js\";\n    document.body.appendChild( as1 );\n    let as2 = document.createElement( \"script\" );\n    as2.src = \"https:\/\/bucket1.mm-syringe.com\/prod\/injector\/injector.1.5.3.js\";\n    document.body.appendChild( as2 );\n  }\n<\/script><\/p>\n<div class=\"apester-media\" data-token=\"5f10a39f94902bc81d3d59a7\" data-context=\"true\" data-tags=\"\" data-fallback=\"true\" height=\"350\"><\/div>\n<p><script id=\"apester_script\" src=\"https:\/\/static.apester.com\/js\/sdk\/latest\/apester-sdk.js\" async><\/script><script async src=\"https:\/\/www.googletagmanager.com\/gtag\/js?id=G-EFE91RJVSQ\"><\/script><script>\n  window.dataLayer = window.dataLayer || [];\n  function gtag(){dataLayer.push(arguments);}\n  gtag(\\'js\\', new Date());\n  gtag(\\'config\\', \\'G-EFE91RJVSQ\\');\n<\/script><\/span><\/p>\n<\/div>\n<p><br \/>\n<br \/><a href=\"https:\/\/www.thegatewaypundit.com\/2022\/05\/go-nyc-raises-covid-alert-level-medium-due-rising-china-virus-cases\/\">Source link <\/a><\/p>\n","protected":false},"excerpt":{"rendered":"<p>Es muss Wahlkampf sein. New York City hat am Montag seine Covid-Warnstufe auf \u201emittel\u201c angehoben, da neue F\u00e4lle von China-Viren die CDC-Schwelle von 200 F\u00e4llen pro 100.000 Einwohner \u00fcberschritten haben. Werbung \u2013 die Geschichte geht unten weiter Es werden keine neuen Covid-Beschr\u00e4nkungen wieder eingef\u00fchrt, aber die Stadt wird wahrscheinlich ihr Maskenmandat erneut auferlegen, wenn die [&hellip;]<\/p>\n","protected":false},"author":5,"featured_media":6139,"comment_status":"open","ping_status":"open","sticky":false,"template":"","format":"standard","meta":{"wp_automatic_camp":["1161"],"394f22b6024a58063d7d07e4a18afa71":["Here We Go: NYC erh\u00f6ht die Covid-Alarmstufe aufgrund steigender F\u00e4lle von China-Viren auf \u201eMittel\u201c.\n"],"original_link":["https:\/\/www.thegatewaypundit.com\/2022\/05\/go-nyc-raises-covid-alert-level-medium-due-rising-china-virus-cases\/"],"_thumbnail_id":["6139"],"wp_automatic_remove_first_image":["yes"],"jnews_social_counter_last_update":["1777591965"]},"categories":[25],"tags":[133,3790,16941,16940,45,3073,4478,5740,11148,3862,50],"yoast_head":"<!-- This site is optimized with the Yoast SEO Premium plugin v22.7 (Yoast SEO v22.7) - https:\/\/yoast.com\/wordpress\/plugins\/seo\/ -->\n<title>Here We Go: NYC erh\u00f6ht die Covid-Alarmstufe aufgrund steigender F\u00e4lle von China-Viren auf \u201eMittel\u201c. - just-now.NEWS Deutschland<\/title>\n<meta name=\"robots\" content=\"index, follow, max-snippet:-1, max-image-preview:large, max-video-preview:-1\" \/>\n<link rel=\"canonical\" href=\"https:\/\/now-news.de\/de\/usa\/here-we-go-nyc-erhoeht-die-covid-alarmstufe-aufgrund-steigender-faelle-von-china-viren-auf-mittel\/\" \/>\n<meta property=\"og:locale\" content=\"de_DE\" \/>\n<meta property=\"og:type\" content=\"article\" \/>\n<meta property=\"og:title\" content=\"Here We Go: NYC erh\u00f6ht die Covid-Alarmstufe aufgrund steigender F\u00e4lle von China-Viren auf \u201eMittel\u201c.\" \/>\n<meta property=\"og:description\" content=\"Es muss Wahlkampf sein. New York City hat am Montag seine Covid-Warnstufe auf \u201emittel\u201c angehoben, da neue F\u00e4lle von China-Viren die CDC-Schwelle von 200 F\u00e4llen pro 100.000 Einwohner \u00fcberschritten haben. Werbung \u2013 die Geschichte geht unten weiter Es werden keine neuen Covid-Beschr\u00e4nkungen wieder eingef\u00fchrt, aber die Stadt wird wahrscheinlich ihr Maskenmandat erneut auferlegen, wenn die [&hellip;]\" \/>\n<meta property=\"og:url\" content=\"https:\/\/now-news.de\/de\/usa\/here-we-go-nyc-erhoeht-die-covid-alarmstufe-aufgrund-steigender-faelle-von-china-viren-auf-mittel\/\" \/>\n<meta property=\"og:site_name\" content=\"just-now.NEWS Deutschland\" \/>\n<meta property=\"article:publisher\" content=\"https:\/\/www.facebook.com\/wirmachenauf\" \/>\n<meta property=\"article:published_time\" content=\"2022-05-02T17:51:00+00:00\" \/>\n<meta property=\"og:image\" content=\"https:\/\/now-news.de\/de\/wp-content\/uploads\/sites\/3\/2022\/05\/Here-We-Go-NYC-erhoeht-die-Covid-Alarmstufe-aufgrund-steigender-Faelle.jpeg\" \/>\n\t<meta property=\"og:image:width\" content=\"2560\" \/>\n\t<meta property=\"og:image:height\" content=\"1440\" \/>\n\t<meta property=\"og:image:type\" content=\"image\/jpeg\" \/>\n<meta name=\"author\" content=\"greatreset\" \/>\n<meta name=\"twitter:card\" content=\"summary_large_image\" \/>\n<meta name=\"twitter:creator\" content=\"@WirMachenAuf_de\" \/>\n<meta name=\"twitter:site\" content=\"@WirMachenAuf_de\" \/>\n<meta name=\"twitter:label1\" content=\"Verfasst von\" \/>\n\t<meta name=\"twitter:data1\" content=\"greatreset\" \/>\n\t<meta name=\"twitter:label2\" content=\"Gesch\u00e4tzte Lesezeit\" \/>\n\t<meta name=\"twitter:data2\" content=\"2\u00a0Minuten\" \/>\n<script type=\"application\/ld+json\" class=\"yoast-schema-graph\">{\"@context\":\"https:\/\/schema.org\",\"@graph\":[{\"@type\":\"Article\",\"@id\":\"https:\/\/now-news.de\/de\/usa\/here-we-go-nyc-erhoeht-die-covid-alarmstufe-aufgrund-steigender-faelle-von-china-viren-auf-mittel\/#article\",\"isPartOf\":{\"@id\":\"https:\/\/now-news.de\/de\/usa\/here-we-go-nyc-erhoeht-die-covid-alarmstufe-aufgrund-steigender-faelle-von-china-viren-auf-mittel\/\"},\"author\":{\"name\":\"greatreset\",\"@id\":\"https:\/\/now-news.de\/de\/#\/schema\/person\/8afb4cd92b68572db7902c13a349ffcb\"},\"headline\":\"Here We Go: NYC erh\u00f6ht die Covid-Alarmstufe aufgrund steigender F\u00e4lle von China-Viren auf \u201eMittel\u201c.\",\"datePublished\":\"2022-05-02T17:51:00+00:00\",\"dateModified\":\"2022-05-02T17:51:00+00:00\",\"mainEntityOfPage\":{\"@id\":\"https:\/\/now-news.de\/de\/usa\/here-we-go-nyc-erhoeht-die-covid-alarmstufe-aufgrund-steigender-faelle-von-china-viren-auf-mittel\/\"},\"wordCount\":470,\"commentCount\":0,\"publisher\":{\"@id\":\"https:\/\/now-news.de\/de\/#organization\"},\"image\":{\"@id\":\"https:\/\/now-news.de\/de\/usa\/here-we-go-nyc-erhoeht-die-covid-alarmstufe-aufgrund-steigender-faelle-von-china-viren-auf-mittel\/#primaryimage\"},\"thumbnailUrl\":\"https:\/\/now-news.de\/de\/wp-content\/uploads\/sites\/3\/2022\/05\/Here-We-Go-NYC-erhoeht-die-Covid-Alarmstufe-aufgrund-steigender-Faelle.jpeg\",\"keywords\":[\"AUF\",\"aufgrund\",\"ChinaViren\",\"CovidAlarmstufe\",\"die\",\"erh\u00f6ht\",\"Falle\",\"Mittel\",\"nyc\",\"steigender\",\"von\"],\"articleSection\":[\"USA\"],\"inLanguage\":\"de\",\"potentialAction\":[{\"@type\":\"CommentAction\",\"name\":\"Comment\",\"target\":[\"https:\/\/now-news.de\/de\/usa\/here-we-go-nyc-erhoeht-die-covid-alarmstufe-aufgrund-steigender-faelle-von-china-viren-auf-mittel\/#respond\"]}]},{\"@type\":\"WebPage\",\"@id\":\"https:\/\/now-news.de\/de\/usa\/here-we-go-nyc-erhoeht-die-covid-alarmstufe-aufgrund-steigender-faelle-von-china-viren-auf-mittel\/\",\"url\":\"https:\/\/now-news.de\/de\/usa\/here-we-go-nyc-erhoeht-die-covid-alarmstufe-aufgrund-steigender-faelle-von-china-viren-auf-mittel\/\",\"name\":\"Here We Go: NYC erh\u00f6ht die Covid-Alarmstufe aufgrund steigender F\u00e4lle von China-Viren auf \u201eMittel\u201c. - just-now.NEWS Deutschland\",\"isPartOf\":{\"@id\":\"https:\/\/now-news.de\/de\/#website\"},\"primaryImageOfPage\":{\"@id\":\"https:\/\/now-news.de\/de\/usa\/here-we-go-nyc-erhoeht-die-covid-alarmstufe-aufgrund-steigender-faelle-von-china-viren-auf-mittel\/#primaryimage\"},\"image\":{\"@id\":\"https:\/\/now-news.de\/de\/usa\/here-we-go-nyc-erhoeht-die-covid-alarmstufe-aufgrund-steigender-faelle-von-china-viren-auf-mittel\/#primaryimage\"},\"thumbnailUrl\":\"https:\/\/now-news.de\/de\/wp-content\/uploads\/sites\/3\/2022\/05\/Here-We-Go-NYC-erhoeht-die-Covid-Alarmstufe-aufgrund-steigender-Faelle.jpeg\",\"datePublished\":\"2022-05-02T17:51:00+00:00\",\"dateModified\":\"2022-05-02T17:51:00+00:00\",\"breadcrumb\":{\"@id\":\"https:\/\/now-news.de\/de\/usa\/here-we-go-nyc-erhoeht-die-covid-alarmstufe-aufgrund-steigender-faelle-von-china-viren-auf-mittel\/#breadcrumb\"},\"inLanguage\":\"de\",\"potentialAction\":[{\"@type\":\"ReadAction\",\"target\":[\"https:\/\/now-news.de\/de\/usa\/here-we-go-nyc-erhoeht-die-covid-alarmstufe-aufgrund-steigender-faelle-von-china-viren-auf-mittel\/\"]}]},{\"@type\":\"ImageObject\",\"inLanguage\":\"de\",\"@id\":\"https:\/\/now-news.de\/de\/usa\/here-we-go-nyc-erhoeht-die-covid-alarmstufe-aufgrund-steigender-faelle-von-china-viren-auf-mittel\/#primaryimage\",\"url\":\"https:\/\/now-news.de\/de\/wp-content\/uploads\/sites\/3\/2022\/05\/Here-We-Go-NYC-erhoeht-die-Covid-Alarmstufe-aufgrund-steigender-Faelle.jpeg\",\"contentUrl\":\"https:\/\/now-news.de\/de\/wp-content\/uploads\/sites\/3\/2022\/05\/Here-We-Go-NYC-erhoeht-die-Covid-Alarmstufe-aufgrund-steigender-Faelle.jpeg\",\"width\":2560,\"height\":1440},{\"@type\":\"BreadcrumbList\",\"@id\":\"https:\/\/now-news.de\/de\/usa\/here-we-go-nyc-erhoeht-die-covid-alarmstufe-aufgrund-steigender-faelle-von-china-viren-auf-mittel\/#breadcrumb\",\"itemListElement\":[{\"@type\":\"ListItem\",\"position\":1,\"name\":\"Home\",\"item\":\"https:\/\/now-news.de\/de\/\"},{\"@type\":\"ListItem\",\"position\":2,\"name\":\"Here We Go: NYC erh\u00f6ht die Covid-Alarmstufe aufgrund steigender F\u00e4lle von China-Viren auf \u201eMittel\u201c.\"}]},{\"@type\":\"WebSite\",\"@id\":\"https:\/\/now-news.de\/de\/#website\",\"url\":\"https:\/\/now-news.de\/de\/\",\"name\":\"just-now.NEWS Deutschland\",\"description\":\"Das Portal f\u00fcr unzensierte Nachrichten aus der Welt\",\"publisher\":{\"@id\":\"https:\/\/now-news.de\/de\/#organization\"},\"potentialAction\":[{\"@type\":\"SearchAction\",\"target\":{\"@type\":\"EntryPoint\",\"urlTemplate\":\"https:\/\/now-news.de\/de\/?s={search_term_string}\"},\"query-input\":\"required name=search_term_string\"}],\"inLanguage\":\"de\"},{\"@type\":\"Organization\",\"@id\":\"https:\/\/now-news.de\/de\/#organization\",\"name\":\"Just Now News\",\"url\":\"https:\/\/now-news.de\/de\/\",\"logo\":{\"@type\":\"ImageObject\",\"inLanguage\":\"de\",\"@id\":\"https:\/\/now-news.de\/de\/#\/schema\/logo\/image\/\",\"url\":\"http:\/\/just-now.news\/de\/wp-content\/uploads\/sites\/3\/2022\/04\/logo500x500.jpg\",\"contentUrl\":\"http:\/\/just-now.news\/de\/wp-content\/uploads\/sites\/3\/2022\/04\/logo500x500.jpg\",\"width\":500,\"height\":500,\"caption\":\"Just Now News\"},\"image\":{\"@id\":\"https:\/\/now-news.de\/de\/#\/schema\/logo\/image\/\"},\"sameAs\":[\"https:\/\/www.facebook.com\/wirmachenauf\",\"https:\/\/x.com\/WirMachenAuf_de\"]},{\"@type\":\"Person\",\"@id\":\"https:\/\/now-news.de\/de\/#\/schema\/person\/8afb4cd92b68572db7902c13a349ffcb\",\"name\":\"greatreset\",\"image\":{\"@type\":\"ImageObject\",\"inLanguage\":\"de\",\"@id\":\"https:\/\/now-news.de\/de\/#\/schema\/person\/image\/\",\"url\":\"https:\/\/secure.gravatar.com\/avatar\/a088df625d49991c090e78c8b9542592?s=96&d=mm&r=g\",\"contentUrl\":\"https:\/\/secure.gravatar.com\/avatar\/a088df625d49991c090e78c8b9542592?s=96&d=mm&r=g\",\"caption\":\"greatreset\"},\"url\":\"https:\/\/now-news.de\/de\/author\/greatreset\/\"}]}<\/script>\n<!-- \/ Yoast SEO Premium plugin. -->","yoast_head_json":{"title":"Here We Go: NYC erh\u00f6ht die Covid-Alarmstufe aufgrund steigender F\u00e4lle von China-Viren auf \u201eMittel\u201c. - just-now.NEWS Deutschland","robots":{"index":"index","follow":"follow","max-snippet":"max-snippet:-1","max-image-preview":"max-image-preview:large","max-video-preview":"max-video-preview:-1"},"canonical":"https:\/\/now-news.de\/de\/usa\/here-we-go-nyc-erhoeht-die-covid-alarmstufe-aufgrund-steigender-faelle-von-china-viren-auf-mittel\/","og_locale":"de_DE","og_type":"article","og_title":"Here We Go: NYC erh\u00f6ht die Covid-Alarmstufe aufgrund steigender F\u00e4lle von China-Viren auf \u201eMittel\u201c.","og_description":"Es muss Wahlkampf sein. New York City hat am Montag seine Covid-Warnstufe auf \u201emittel\u201c angehoben, da neue F\u00e4lle von China-Viren die CDC-Schwelle von 200 F\u00e4llen pro 100.000 Einwohner \u00fcberschritten haben. Werbung \u2013 die Geschichte geht unten weiter Es werden keine neuen Covid-Beschr\u00e4nkungen wieder eingef\u00fchrt, aber die Stadt wird wahrscheinlich ihr Maskenmandat erneut auferlegen, wenn die [&hellip;]","og_url":"https:\/\/now-news.de\/de\/usa\/here-we-go-nyc-erhoeht-die-covid-alarmstufe-aufgrund-steigender-faelle-von-china-viren-auf-mittel\/","og_site_name":"just-now.NEWS Deutschland","article_publisher":"https:\/\/www.facebook.com\/wirmachenauf","article_published_time":"2022-05-02T17:51:00+00:00","og_image":[{"width":2560,"height":1440,"url":"https:\/\/now-news.de\/de\/wp-content\/uploads\/sites\/3\/2022\/05\/Here-We-Go-NYC-erhoeht-die-Covid-Alarmstufe-aufgrund-steigender-Faelle.jpeg","type":"image\/jpeg"}],"author":"greatreset","twitter_card":"summary_large_image","twitter_creator":"@WirMachenAuf_de","twitter_site":"@WirMachenAuf_de","twitter_misc":{"Verfasst von":"greatreset","Gesch\u00e4tzte Lesezeit":"2\u00a0Minuten"},"schema":{"@context":"https:\/\/schema.org","@graph":[{"@type":"Article","@id":"https:\/\/now-news.de\/de\/usa\/here-we-go-nyc-erhoeht-die-covid-alarmstufe-aufgrund-steigender-faelle-von-china-viren-auf-mittel\/#article","isPartOf":{"@id":"https:\/\/now-news.de\/de\/usa\/here-we-go-nyc-erhoeht-die-covid-alarmstufe-aufgrund-steigender-faelle-von-china-viren-auf-mittel\/"},"author":{"name":"greatreset","@id":"https:\/\/now-news.de\/de\/#\/schema\/person\/8afb4cd92b68572db7902c13a349ffcb"},"headline":"Here We Go: NYC erh\u00f6ht die Covid-Alarmstufe aufgrund steigender F\u00e4lle von China-Viren auf \u201eMittel\u201c.","datePublished":"2022-05-02T17:51:00+00:00","dateModified":"2022-05-02T17:51:00+00:00","mainEntityOfPage":{"@id":"https:\/\/now-news.de\/de\/usa\/here-we-go-nyc-erhoeht-die-covid-alarmstufe-aufgrund-steigender-faelle-von-china-viren-auf-mittel\/"},"wordCount":470,"commentCount":0,"publisher":{"@id":"https:\/\/now-news.de\/de\/#organization"},"image":{"@id":"https:\/\/now-news.de\/de\/usa\/here-we-go-nyc-erhoeht-die-covid-alarmstufe-aufgrund-steigender-faelle-von-china-viren-auf-mittel\/#primaryimage"},"thumbnailUrl":"https:\/\/now-news.de\/de\/wp-content\/uploads\/sites\/3\/2022\/05\/Here-We-Go-NYC-erhoeht-die-Covid-Alarmstufe-aufgrund-steigender-Faelle.jpeg","keywords":["AUF","aufgrund","ChinaViren","CovidAlarmstufe","die","erh\u00f6ht","Falle","Mittel","nyc","steigender","von"],"articleSection":["USA"],"inLanguage":"de","potentialAction":[{"@type":"CommentAction","name":"Comment","target":["https:\/\/now-news.de\/de\/usa\/here-we-go-nyc-erhoeht-die-covid-alarmstufe-aufgrund-steigender-faelle-von-china-viren-auf-mittel\/#respond"]}]},{"@type":"WebPage","@id":"https:\/\/now-news.de\/de\/usa\/here-we-go-nyc-erhoeht-die-covid-alarmstufe-aufgrund-steigender-faelle-von-china-viren-auf-mittel\/","url":"https:\/\/now-news.de\/de\/usa\/here-we-go-nyc-erhoeht-die-covid-alarmstufe-aufgrund-steigender-faelle-von-china-viren-auf-mittel\/","name":"Here We Go: NYC erh\u00f6ht die Covid-Alarmstufe aufgrund steigender F\u00e4lle von China-Viren auf \u201eMittel\u201c. - just-now.NEWS Deutschland","isPartOf":{"@id":"https:\/\/now-news.de\/de\/#website"},"primaryImageOfPage":{"@id":"https:\/\/now-news.de\/de\/usa\/here-we-go-nyc-erhoeht-die-covid-alarmstufe-aufgrund-steigender-faelle-von-china-viren-auf-mittel\/#primaryimage"},"image":{"@id":"https:\/\/now-news.de\/de\/usa\/here-we-go-nyc-erhoeht-die-covid-alarmstufe-aufgrund-steigender-faelle-von-china-viren-auf-mittel\/#primaryimage"},"thumbnailUrl":"https:\/\/now-news.de\/de\/wp-content\/uploads\/sites\/3\/2022\/05\/Here-We-Go-NYC-erhoeht-die-Covid-Alarmstufe-aufgrund-steigender-Faelle.jpeg","datePublished":"2022-05-02T17:51:00+00:00","dateModified":"2022-05-02T17:51:00+00:00","breadcrumb":{"@id":"https:\/\/now-news.de\/de\/usa\/here-we-go-nyc-erhoeht-die-covid-alarmstufe-aufgrund-steigender-faelle-von-china-viren-auf-mittel\/#breadcrumb"},"inLanguage":"de","potentialAction":[{"@type":"ReadAction","target":["https:\/\/now-news.de\/de\/usa\/here-we-go-nyc-erhoeht-die-covid-alarmstufe-aufgrund-steigender-faelle-von-china-viren-auf-mittel\/"]}]},{"@type":"ImageObject","inLanguage":"de","@id":"https:\/\/now-news.de\/de\/usa\/here-we-go-nyc-erhoeht-die-covid-alarmstufe-aufgrund-steigender-faelle-von-china-viren-auf-mittel\/#primaryimage","url":"https:\/\/now-news.de\/de\/wp-content\/uploads\/sites\/3\/2022\/05\/Here-We-Go-NYC-erhoeht-die-Covid-Alarmstufe-aufgrund-steigender-Faelle.jpeg","contentUrl":"https:\/\/now-news.de\/de\/wp-content\/uploads\/sites\/3\/2022\/05\/Here-We-Go-NYC-erhoeht-die-Covid-Alarmstufe-aufgrund-steigender-Faelle.jpeg","width":2560,"height":1440},{"@type":"BreadcrumbList","@id":"https:\/\/now-news.de\/de\/usa\/here-we-go-nyc-erhoeht-die-covid-alarmstufe-aufgrund-steigender-faelle-von-china-viren-auf-mittel\/#breadcrumb","itemListElement":[{"@type":"ListItem","position":1,"name":"Home","item":"https:\/\/now-news.de\/de\/"},{"@type":"ListItem","position":2,"name":"Here We Go: NYC erh\u00f6ht die Covid-Alarmstufe aufgrund steigender F\u00e4lle von China-Viren auf \u201eMittel\u201c."}]},{"@type":"WebSite","@id":"https:\/\/now-news.de\/de\/#website","url":"https:\/\/now-news.de\/de\/","name":"just-now.NEWS Deutschland","description":"Das Portal f\u00fcr unzensierte Nachrichten aus der Welt","publisher":{"@id":"https:\/\/now-news.de\/de\/#organization"},"potentialAction":[{"@type":"SearchAction","target":{"@type":"EntryPoint","urlTemplate":"https:\/\/now-news.de\/de\/?s={search_term_string}"},"query-input":"required name=search_term_string"}],"inLanguage":"de"},{"@type":"Organization","@id":"https:\/\/now-news.de\/de\/#organization","name":"Just Now News","url":"https:\/\/now-news.de\/de\/","logo":{"@type":"ImageObject","inLanguage":"de","@id":"https:\/\/now-news.de\/de\/#\/schema\/logo\/image\/","url":"http:\/\/just-now.news\/de\/wp-content\/uploads\/sites\/3\/2022\/04\/logo500x500.jpg","contentUrl":"http:\/\/just-now.news\/de\/wp-content\/uploads\/sites\/3\/2022\/04\/logo500x500.jpg","width":500,"height":500,"caption":"Just Now News"},"image":{"@id":"https:\/\/now-news.de\/de\/#\/schema\/logo\/image\/"},"sameAs":["https:\/\/www.facebook.com\/wirmachenauf","https:\/\/x.com\/WirMachenAuf_de"]},{"@type":"Person","@id":"https:\/\/now-news.de\/de\/#\/schema\/person\/8afb4cd92b68572db7902c13a349ffcb","name":"greatreset","image":{"@type":"ImageObject","inLanguage":"de","@id":"https:\/\/now-news.de\/de\/#\/schema\/person\/image\/","url":"https:\/\/secure.gravatar.com\/avatar\/a088df625d49991c090e78c8b9542592?s=96&d=mm&r=g","contentUrl":"https:\/\/secure.gravatar.com\/avatar\/a088df625d49991c090e78c8b9542592?s=96&d=mm&r=g","caption":"greatreset"},"url":"https:\/\/now-news.de\/de\/author\/greatreset\/"}]}},"_links":{"self":[{"href":"https:\/\/now-news.de\/de\/wp-json\/wp\/v2\/posts\/6138"}],"collection":[{"href":"https:\/\/now-news.de\/de\/wp-json\/wp\/v2\/posts"}],"about":[{"href":"https:\/\/now-news.de\/de\/wp-json\/wp\/v2\/types\/post"}],"author":[{"embeddable":true,"href":"https:\/\/now-news.de\/de\/wp-json\/wp\/v2\/users\/5"}],"replies":[{"embeddable":true,"href":"https:\/\/now-news.de\/de\/wp-json\/wp\/v2\/comments?post=6138"}],"version-history":[{"count":0,"href":"https:\/\/now-news.de\/de\/wp-json\/wp\/v2\/posts\/6138\/revisions"}],"wp:featuredmedia":[{"embeddable":true,"href":"https:\/\/now-news.de\/de\/wp-json\/wp\/v2\/media\/6139"}],"wp:attachment":[{"href":"https:\/\/now-news.de\/de\/wp-json\/wp\/v2\/media?parent=6138"}],"wp:term":[{"taxonomy":"category","embeddable":true,"href":"https:\/\/now-news.de\/de\/wp-json\/wp\/v2\/categories?post=6138"},{"taxonomy":"post_tag","embeddable":true,"href":"https:\/\/now-news.de\/de\/wp-json\/wp\/v2\/tags?post=6138"}],"curies":[{"name":"wp","href":"https:\/\/api.w.org\/{rel}","templated":true}]}}