{"id":6134,"date":"2022-05-02T20:15:03","date_gmt":"2022-05-02T18:15:03","guid":{"rendered":"http:\/\/just-now.news\/de\/deutschland\/ball-absurd-fuer-die-ukraine-der-tanz-am-abgrund\/"},"modified":"2022-05-02T20:15:03","modified_gmt":"2022-05-02T18:15:03","slug":"ball-absurd-fuer-die-ukraine-der-tanz-am-abgrund","status":"publish","type":"post","link":"https:\/\/now-news.de\/de\/deutschland\/ball-absurd-fuer-die-ukraine-der-tanz-am-abgrund\/","title":{"rendered":"&quot;Ball absurd&quot; f\u00fcr die Ukraine \u2013 Der Tanz am Abgrund"},"content":{"rendered":"<div class=\"Text-root Text-type_5 ArticleView-text ViewText-root \">\n<p><em>von Rainer Rupp<\/em><\/p>\n<p>Der Krieg in der Ukraine ist auch &#8220;unser Krieg&#8221;, hei\u00dft es in dem propagandistischen Trommelfeuer der Politiker der ganz gro\u00dfen Koalition der &#8220;Ampel&#8221; samt der CDU\/CSU-&#8220;Opposition&#8221;. Und deshalb war die \u00fcppige Party, zu der sich am letzten Freitag in der Berliner Luxusherberge Adlon 1.800 auserlesene Pers\u00f6nlichkeiten zum Bundespresseball eingefunden hatten, den armen Ukrainern gewidmet.<\/p>\n<p>Arme Ukraine \u2013 in der Tat. Denn von Tag zu Tag werden mehr ukrainische Menschen vom Westen zwecks &#8220;Schw\u00e4chung der Russen&#8221; als Kanonenfutter verheizt. Denn die &#8220;Schw\u00e4chung der Russen&#8221; ist das offizielle und \u00f6ffentlich erkl\u00e4rte Ziel \u2013 nicht nur der Biden-Regierung in Washington, sondern inzwischen auch das von Gro\u00dfbritannien, von Polen und den baltischen Giftzwergstaaten und einiger anderer europ\u00e4ischer NATO-L\u00e4nder. Je l\u00e4nger der Krieg zwischen Ukrainern und Russen dauert, desto besser ist das vor allem f\u00fcr Washington, weshalb das Ende des Krieges m\u00f6glichst lange hinausgez\u00f6gert werden soll.<\/p>\n<div class=\"ReadMore-root Section-root Section-is1to3-xs_is1to1\" data-widgets=\"ReadMore\" data-has-alias>\n<div class=\"Section-container Section-isRow-isTop-isWrap\">\n<article class=\"Card-root Card-is1to1 \">\n<div class=\"Card-imageWrap\">\n<div class=\"Card-picture\">\n<picture class=\"Picture-root Picture-default\"><!--[if IE 9]><video style=\"display: none;\"><![endif]--><source media=\"(-webkit-min-device-pixel-ratio: 2) and (min-resolution: 120dpi)\" data-srcset=\" \nhttp:\/\/just-now.news\/de\/wp-content\/uploads\/sites\/3\/2022\/05\/1651499521_486_Disput-zu-Offenem-Brief-Schwarzer-fuer-Loesung-der-quotKompromissequot.jpg 850w,\n                http:\/\/just-now.news\/de\/wp-content\/uploads\/sites\/3\/2022\/05\/1651499521_369_Disput-zu-Offenem-Brief-Schwarzer-fuer-Loesung-der-quotKompromissequot.jpg 1960w,\n            \" ><source data-srcset=\" \nhttp:\/\/just-now.news\/de\/wp-content\/uploads\/sites\/3\/2022\/05\/1651499521_486_Disput-zu-Offenem-Brief-Schwarzer-fuer-Loesung-der-quotKompromissequot.jpg 460w,\n              http:\/\/just-now.news\/de\/wp-content\/uploads\/sites\/3\/2022\/05\/1651499521_369_Disput-zu-Offenem-Brief-Schwarzer-fuer-Loesung-der-quotKompromissequot.jpg 980w,\n            \" ><!--[if IE 9]><\/video><![endif]--><\/source><\/source><\/picture><!-- noscript pattern --><noscript><img decoding=\"async\" src=\"http:\/\/just-now.news\/de\/wp-content\/uploads\/sites\/3\/2022\/05\/1651499521_369_Disput-zu-Offenem-Brief-Schwarzer-fuer-Loesung-der-quotKompromissequot.jpg\" alt='Hofreiter und Strack-Zimmermann: \"AfD und Putin wollen unsere Demokratie aus den Angeln heben\"'><\/noscript>    <\/div><\/div>\n<div class=\"Card-contentWrap\">\n<div class=\"Card-content\">\n<div class=\"Card-title\">\n<div class=\"HeaderNews-root HeaderNews-type_6 \">\n<p>            <a rel=\"nofollow noopener\" target=\"_blank\" href=\"https:\/\/de.rt.com\/europa\/137517-hofreiter-und-strack-zimmermann-afd\/\" class=\"Link-root Link-isFullCard \"><br \/>\n                Hofreiter und Strack-Zimmermann: &#8220;AfD und Putin wollen unsere Demokratie aus den Angeln heben&#8221;<br \/>\n            <\/a><\/p><\/div><\/div><\/div><\/div>\n<\/article>\n<\/div><\/div>\n<p>Diese Hinhaltetaktik erkl\u00e4rt auch, warum sowohl Washington als auch London vor knapp einem Monat die Selenskij-Regierung zur\u00fcckgepfiffen hatten, nachdem diese zuvor in Istanbul bei den Verhandlungen mit den Russen mit einem ersten, konkreten Schritt in Richtung diplomatischer Beilegung des Konfliktes dem Kreml entgegengekommen war: Kiew hatte Moskau ein schriftliches Angebot gemacht, auf die Mitgliedschaft in der NATO zu verzichten.<\/p>\n<p>In den darauffolgenden Tagen berichteten US-Medien unter Berufung auf zwei hohe Regierungsbeamte, die anonym bleiben wollten, dass Washington Kiew geraten habe, keine vorschnellen Kompromisse einzugehen, denn Kiew k\u00f6nne diesen Krieg noch gewinnen. Aus London kamen Berichte von einer \u00e4hnlich lautenden Intervention der britischen Regierung in Kiew, angeblich sogar vom Premierminister Boris Johnson pers\u00f6nlich.<\/p>\n<p>Inzwischen sind die diplomatischen Gespr\u00e4che zwischen Kiew und Moskau g\u00e4nzlich zum Erliegen gekommen. Der diplomatische Kanal zwischen Kiew und Moskau ist vom Westen ausgetrocknet worden, w\u00e4hrend die NATO und vor allem die USA nach Kiew immer mehr und immer schwerere Waffen liefern und neuerlich exorbitante Finanzhilfen in H\u00f6he von 33 Milliarden US-Dollar in Aussicht stellen. Das Ziel dieser Hilfe h\u00e4tte die <em>Washington Post<\/em> in ihren Artikel vom vergangenen Samstag nicht deutlicher beschreiben k\u00f6nnen, dessen Titel bereits alles sagt: &#8220;Flut westlicher Artilleriegesch\u00fctze in die Ukraine wird den Krieg mit Russland neugestalten.&#8221;<\/p>\n<div class=\"ReadMore-root Section-root Section-is1to3-xs_is1to1\" data-widgets=\"ReadMore\" data-has-alias>\n<div class=\"Section-container Section-isRow-isTop-isWrap\">\n<article class=\"Card-root Card-is1to1 \">\n<div class=\"Card-imageWrap\">\n<div class=\"Card-picture\">\n<picture class=\"Picture-root Picture-default\"><!--[if IE 9]><video style=\"display: none;\"><![endif]--><source media=\"(-webkit-min-device-pixel-ratio: 2) and (min-resolution: 120dpi)\" data-srcset=\" \nhttp:\/\/just-now.news\/de\/wp-content\/uploads\/sites\/3\/2022\/05\/US-Kongressabgeordneter-will-US-Truppen-in-die-Ukraine-bringen.jpg 850w,\n                http:\/\/just-now.news\/de\/wp-content\/uploads\/sites\/3\/2022\/05\/1651489864_482_US-Kongressabgeordneter-will-US-Truppen-in-die-Ukraine-bringen.jpg 1960w,\n            \" ><source data-srcset=\" \nhttp:\/\/just-now.news\/de\/wp-content\/uploads\/sites\/3\/2022\/05\/US-Kongressabgeordneter-will-US-Truppen-in-die-Ukraine-bringen.jpg 460w,\n              http:\/\/just-now.news\/de\/wp-content\/uploads\/sites\/3\/2022\/05\/1651489864_482_US-Kongressabgeordneter-will-US-Truppen-in-die-Ukraine-bringen.jpg 980w,\n            \" ><!--[if IE 9]><\/video><![endif]--><img decoding=\"async\" data- src=\"data:image\/png;base64,iVBORw0KGgoAAAANSUhEUgAAABAAAAAJCAQAAACRI2S5AAAAEElEQVR42mNkIAAYRxWAAQAG9gAKqv6+AwAAAABJRU5ErkJggg==\" class=\"Picture-root Picture-default lazyload\" data-src=\"http:\/\/just-now.news\/de\/wp-content\/uploads\/sites\/3\/2022\/05\/US-Kongressabgeordneter-will-US-Truppen-in-die-Ukraine-bringen.jpg\" alt='Lawrow: NATO und EU haben akzeptiert, dass \"ihr Hausherr in Washington sitzt\"'><\/source><\/source><\/picture><!-- noscript pattern --><noscript><img decoding=\"async\" src=\"http:\/\/just-now.news\/de\/wp-content\/uploads\/sites\/3\/2022\/05\/1651489864_482_US-Kongressabgeordneter-will-US-Truppen-in-die-Ukraine-bringen.jpg\" alt='Lawrow: NATO und EU haben akzeptiert, dass \"ihr Hausherr in Washington sitzt\"'><\/noscript>    <\/div><\/div>\n<div class=\"Card-contentWrap\">\n<div class=\"Card-content\">\n<div class=\"Card-title\">\n<div class=\"HeaderNews-root HeaderNews-type_6 \">\n<p>            <a rel=\"nofollow noopener\" target=\"_blank\" href=\"https:\/\/de.rt.com\/international\/137504-lawrow-nato-und-eu-haben\/\" class=\"Link-root Link-isFullCard \"><br \/>\n                Lawrow: NATO und EU haben akzeptiert, dass &#8220;ihr Hausherr in Washington sitzt&#8221;<br \/>\n            <\/a><\/p><\/div><\/div><\/div><\/div>\n<\/article>\n<\/div><\/div>\n<p>Tats\u00e4chlich sind die Menschen der Ukraine den US\/NATO-Kriegstreibern schnurzegal, denn von Anfang an war und bleibt klar, dass die Ukraine diesen Krieg nicht gewinnen kann, auch nicht mit westlichen Waffenlieferungen. Letztere k\u00f6nnen nur den Krieg verl\u00e4ngern. Und mit jedem Tag werden die Opfer der Ukraine an Menschen und Material gr\u00f6\u00dfer, aber der &#8220;Russe blutet&#8221; auch. &#8220;To bleed the Russian&#8221; \u2013 &#8220;die Russen zur Ader lassen&#8221; \u2013 ist Sinn und Zweck der ganzen westlichen Operation, und daf\u00fcr ist Washington auch bereit, bis zum letzten Ukrainer zu k\u00e4mpfen. Dass die US\/NATO dies tats\u00e4chlich vorhaben, geht aus den j\u00fcngsten offiziellen Erkl\u00e4rungen f\u00fchrender westlicher Politiker und auch des NATO-Generalsekret\u00e4rs hervor:<\/p>\n<p>Beim Doppelbesuch zweier US-Minister in Kiew vor einer Woche hatte etwa der Chef des Pentagon Lloyd Austin erkl\u00e4rt, dass es jetzt beim Krieg in der Ukraine darum gehe, mittels weiterer massiver US-Waffenlieferungen Russland derart nachhaltig zu schw\u00e4chen, dass er keinen anderen Nachbarn mehr bedrohen k\u00f6nne. US-Au\u00dfenminister Antony Blinken bekr\u00e4ftigte, dass der Krieg so lange weitergehe, bis die Ukraine gewonnen habe. Und die kriegstolle gr\u00fcne Au\u00dfenministerin Annalena Baerbock will den Krieg in der Ukraine so lange weiterf\u00fchren, bis russisches Milit\u00e4r alle Gebiete der Ukraine wieder verlassen hat. Folgerichtig hat der NATO-Generalsekret\u00e4r in Br\u00fcssel jetzt erkl\u00e4rt, dass der Krieg gegen Russland in der Ukraine noch viele Jahre dauern k\u00f6nne. Wenn die Menschen in der Ukraine, falls sie erst einmal von ihren faschistischen Unterdr\u00fcckern befreit sind, diesen Krieg gegen die Russen dann nicht mehr weiterk\u00e4mpfen wollen, wird dann eine NATO-Freiwilligenarmee in ukrainischen Uniformen in der Ukraine weiterk\u00e4mpfen?<\/p>\n<p>Die Blaupause f\u00fcr diese ganze US-Operation in der Ukraine ist in einer RAND-Studie Punkt f\u00fcr Punkt im Jahr 2019 beschrieben und ver\u00f6ffentlicht worden, angefangen mit der &#8220;orangenen Farbenrevolution&#8221; \u00fcber den gewaltsamen Umsturz der demokratisch gew\u00e4hlten Janukowitsch-Regierung w\u00e4hrend der Maidan-Unruhen 2014, wonach Washington den Faschisten dazu verhalf, in den ukrainischen Machtministerien wie Polizei, Geheimdienste, Justiz und Milit\u00e4r die Oberhand zu gewinnen, bis hin zu der Aufr\u00fcstung und milit\u00e4rischen Ausbildung in NATO-Waffen und NATO-Taktik in Vorbereitung der so genannten R\u00fcckeroberung der Donbass-Volksrepubliken und der Krim im Februar dieses Jahres. Diesem Vorhaben kamen die Russen mit ihrer Milit\u00e4roperation zur Entwaffnung und Entnazifizierung der Ukraine zuvor. Kurzum, in all diesen st\u00e4ndig schlimmer werdenden Provokationen setzten die USA in der Ukraine eine lange geplante Politik um, und jeder, der die Studie liest, kann sich davon selbst \u00fcberzeugen.<\/p>\n<div class=\"ReadMore-root Section-root Section-is1to3-xs_is1to1\" data-widgets=\"ReadMore\" data-has-alias>\n<div class=\"Section-container Section-isRow-isTop-isWrap\">\n<article class=\"Card-root Card-is1to1 \">\n<div class=\"Card-imageWrap\">\n<div class=\"Card-picture\">\n<picture class=\"Picture-root Picture-default\"><!--[if IE 9]><video style=\"display: none;\"><![endif]--><source media=\"(-webkit-min-device-pixel-ratio: 2) and (min-resolution: 120dpi)\" data-srcset=\" \nhttp:\/\/just-now.news\/de\/wp-content\/uploads\/sites\/3\/2022\/05\/Lawrow-NATO-und-EU-haben-akzeptiert-dass-quotihr-Hausherr-in.jpg 850w,\n                http:\/\/just-now.news\/de\/wp-content\/uploads\/sites\/3\/2022\/05\/quotBall-absurdquot-fuer-die-Ukraine-\u2013-Der-Tanz-am-Abgrund.jpg 1960w,\n            \" ><source data-srcset=\" \nhttp:\/\/just-now.news\/de\/wp-content\/uploads\/sites\/3\/2022\/05\/Lawrow-NATO-und-EU-haben-akzeptiert-dass-quotihr-Hausherr-in.jpg 460w,\n              http:\/\/just-now.news\/de\/wp-content\/uploads\/sites\/3\/2022\/05\/quotBall-absurdquot-fuer-die-Ukraine-\u2013-Der-Tanz-am-Abgrund.jpg 980w,\n            \" ><!--[if IE 9]><\/video><![endif]--><img decoding=\"async\" data- src=\"data:image\/png;base64,iVBORw0KGgoAAAANSUhEUgAAABAAAAAJCAQAAACRI2S5AAAAEElEQVR42mNkIAAYRxWAAQAG9gAKqv6+AwAAAABJRU5ErkJggg==\" class=\"Picture-root Picture-default lazyload\" data-src=\"http:\/\/just-now.news\/de\/wp-content\/uploads\/sites\/3\/2022\/05\/Lawrow-NATO-und-EU-haben-akzeptiert-dass-quotihr-Hausherr-in.jpg\" alt=\"Lafontaine: Amerika treibt Europa in einen Atomkrieg\"><\/source><\/source><\/picture><!-- noscript pattern --><noscript><img decoding=\"async\" src=\"http:\/\/just-now.news\/de\/wp-content\/uploads\/sites\/3\/2022\/05\/quotBall-absurdquot-fuer-die-Ukraine-\u2013-Der-Tanz-am-Abgrund.jpg\" alt=\"Lafontaine: Amerika treibt Europa in einen Atomkrieg\"><\/noscript>    <\/div><\/div>\n<div class=\"Card-contentWrap\">\n<div class=\"Card-content\">\n<div class=\"Card-title\">\n<div class=\"HeaderNews-root HeaderNews-type_6 \">\n<p>            <a rel=\"nofollow noopener\" target=\"_blank\" href=\"https:\/\/de.rt.com\/inland\/137478-lafontaine-amerika-treibt-europa-in\/\" class=\"Link-root Link-isFullCard \"><br \/>\n                Lafontaine: Amerika treibt Europa in einen Atomkrieg<br \/>\n            <\/a><\/p><\/div><\/div><\/div><\/div>\n<\/article>\n<\/div><\/div>\n<p>Zugleich f\u00fcgt sich der uns\u00e4gliche Beschluss des Deutschen Bundestages f\u00fcr die Lieferung schwerer Waffen in die Ukraine passgenau in diesen geostrategischen US-Plan ein. Nicht anders hat das der Vizevorsitzende des russischen Sicherheitsrates, Dmitri Medwedew, interpretiert. Auf dem Messenger-Dienst <em>Telegram<\/em> hat Medwedew vor den Konsequenzen gewarnt und auf das Ergebnis des Zweiten Weltkriegs, speziell auf die Eroberung Berlins und die Zerst\u00f6rung des Reichstags angespielt und gesagt:<\/p>\n<blockquote>\n<p><em>&#8220;Anscheinend lassen die &#8216;Lorbeeren&#8217; ihrer Vorg\u00e4nger den deutschen Gesetzgebern keine Ruhe. Jene tagten in einem deutschen Parlament, das im vergangenen Jahrhundert noch anders hie\u00df. Schade um das Parlament. So etwas nimmt gew\u00f6hnlich ein trauriges Ende.&#8221;<\/em><\/p>\n<\/blockquote>\n<p>Ich m\u00f6chte alle Leser bitten, <a rel=\"nofollow noopener\" target=\"_blank\" href=\"https:\/\/dserver.bundestag.de\/btd\/20\/015\/2001550.pdf\">diese Bundestagsdrucksache<\/a> unbedingt in G\u00e4nze zu lesen und weiterzuleiten, damit m\u00f6glichst viele W\u00e4hler wissen, was f\u00fcr Leute im Bundestag sitzen und welchen hochgef\u00e4hrlichen Irrsinn sie in unserem Namen treiben.<\/p>\n<p>Bei dem RAND-Plan zur Unterwerfung Russlands handelt es sich nicht um ein Geheimnis, nicht um ein Top-Secret-Dokument, sondern um eine breit ver\u00f6ffentlichte Empfehlung der RAND-Corporation an die US-Regierung aus dem Jahr 2019 \u00fcber den Umgang mit Russland. Da die Amerikaner schon damals eingesehen hatten, dass an einen milit\u00e4rischen Sieg \u00fcber Russland nicht mehr zu denken war, hatte RAND eine Reihe von kriegs\u00e4hnlichen und realistisch umsetzbaren Strategien zur Unterwerfung Russlands unter die globale US-Vorherrschaft ausgearbeitet.<\/p>\n<p>Der Titel dieser RAND-Studie lautet: &#8220;Extending Russia: Competing from Advantageous Ground&#8221;, zu Deutsch: &#8220;Die \u00dcberforderung Russlands \u2013 Auf vorteilhaftem Boden konkurrieren <em>[also gewinnen]<\/em>&#8220;. In dieser Studie spielt eine Strategie zur Ausnutzung der Ukraine die Hauptrolle.<\/p>\n<p>RAND-ist eine riesige Denkfabrik der US-Luftwaffe mit Tausenden von milit\u00e4rischen, aber auch zivilen Wissenschaftlern aus verschiedenen Fachrichtungen. Selbstredend ist RAND auf das Engste mit dem US-Milit\u00e4r, aber auch mit der US-Politik, vor allem mit dem au\u00dfenpolitischen Establishment in Washington verbunden. Aber RAND ist auch in so gut wie allen US-Vasallenstaaten aktiv. Die im Jahr 2019 ver\u00f6ffentlichte Studie &#8220;Extending Russia&#8221; geht auf die Initiative einer Reihe von Planungs-Abteilungen im Pentagon zur\u00fcck, u.a. auf das Pentagon Defense Review Office beim B\u00fcro des <a rel=\"nofollow noopener\" target=\"_blank\" href=\"https:\/\/en.wikipedia.org\/wiki\/Deputy_Chief_of_Staff_G-8_Programs_of_The_United_States_Army\">stellvertretenden Stabschefs G-8<\/a> des Department of the Army Headquarters.<\/p>\n<div class=\"ReadMore-root Section-root Section-is1to3-xs_is1to1\" data-widgets=\"ReadMore\" data-has-alias>\n<div class=\"Section-container Section-isRow-isTop-isWrap\">\n<article class=\"Card-root Card-is1to1 \">\n<div class=\"Card-imageWrap\">\n<div class=\"Card-picture\">\n<picture class=\"Picture-root Picture-default\"><!--[if IE 9]><video style=\"display: none;\"><![endif]--><source media=\"(-webkit-min-device-pixel-ratio: 2) and (min-resolution: 120dpi)\" data-srcset=\" \nhttp:\/\/just-now.news\/de\/wp-content\/uploads\/sites\/3\/2022\/05\/1651515840_607_quotBall-absurdquot-fuer-die-Ukraine-\u2013-Der-Tanz-am-Abgrund.jpg 850w,\n                http:\/\/just-now.news\/de\/wp-content\/uploads\/sites\/3\/2022\/05\/1651515840_73_quotBall-absurdquot-fuer-die-Ukraine-\u2013-Der-Tanz-am-Abgrund.jpg 1960w,\n            \" ><source data-srcset=\" \nhttp:\/\/just-now.news\/de\/wp-content\/uploads\/sites\/3\/2022\/05\/1651515840_607_quotBall-absurdquot-fuer-die-Ukraine-\u2013-Der-Tanz-am-Abgrund.jpg 460w,\n              http:\/\/just-now.news\/de\/wp-content\/uploads\/sites\/3\/2022\/05\/1651515840_73_quotBall-absurdquot-fuer-die-Ukraine-\u2013-Der-Tanz-am-Abgrund.jpg 980w,\n            \" ><!--[if IE 9]><\/video><![endif]--><img decoding=\"async\" data- src=\"data:image\/png;base64,iVBORw0KGgoAAAANSUhEUgAAABAAAAAJCAQAAACRI2S5AAAAEElEQVR42mNkIAAYRxWAAQAG9gAKqv6+AwAAAABJRU5ErkJggg==\" class=\"Picture-root Picture-default lazyload\" data-src=\"http:\/\/just-now.news\/de\/wp-content\/uploads\/sites\/3\/2022\/05\/1651515840_607_quotBall-absurdquot-fuer-die-Ukraine-\u2013-Der-Tanz-am-Abgrund.jpg\" alt='\"Ihr Kampf ist unser aller Kampf\" \u2013 Nancy Pelosi besucht unangek\u00fcndigt Kiew'><\/source><\/source><\/picture><!-- noscript pattern --><noscript><img decoding=\"async\" src=\"http:\/\/just-now.news\/de\/wp-content\/uploads\/sites\/3\/2022\/05\/1651515840_73_quotBall-absurdquot-fuer-die-Ukraine-\u2013-Der-Tanz-am-Abgrund.jpg\" alt='\"Ihr Kampf ist unser aller Kampf\" \u2013 Nancy Pelosi besucht unangek\u00fcndigt Kiew'><\/noscript><\/p>\n<div class=\"Picture-withVideo\"><svg class=\"Icon-root Icon-videoPlay\" width=\"31px\" height=\"40px\" viewbox=\"0 0 31 40\" fill=\"#FFFFFF\" opacity=\"0.9\" version=\"1.1\" xmlns=\"http:\/\/www.w3.org\/2000\/svg\" xmlns:xlink=\"http:\/\/www.w3.org\/1999\/xlink\"><g fill-rule=\"evenodd\"><g transform=\"translate(-14.000000, -8.000000)\"><path d=\"M17.0962701,9.21920419 L43.200784,26.3270141 C44.1246347,26.9324674 44.3827469,28.1722132 43.7772936,29.0960639 C43.6267472,29.3257802 43.4305003,29.5220271 43.200784,29.6725735 L17.0962701,46.7803835 C16.1724193,47.3858367 14.9326735,47.1277246 14.3272203,46.2038739 C14.1137272,45.8781084 14,45.4970938 14,45.1076038 L14,10.8919839 C14,9.78741439 14.8954305,8.89198389 16,8.89198389 C16.38949,8.89198389 16.7705046,9.00571108 17.0962701,9.21920419 Z\"><\/path><\/g><\/g><\/svg><\/div><\/div><\/div>\n<div class=\"Card-contentWrap\">\n<div class=\"Card-content\">\n<div class=\"Card-title\">\n<div class=\"HeaderNews-root HeaderNews-type_6 \">\n<p>            <a rel=\"nofollow noopener\" target=\"_blank\" href=\"https:\/\/de.rt.com\/kurzclips\/video\/137500-ihr-kampf-ist-unser-aller\/\" class=\"Link-root Link-isFullCard \"><br \/>\n                &#8220;Ihr Kampf ist unser aller Kampf&#8221; \u2013 Nancy Pelosi besucht unangek\u00fcndigt Kiew<br \/>\n            <\/a><\/p><\/div><\/div><\/div><\/div>\n<\/article>\n<\/div><\/div>\n<p>Dieses Dokument recherchiert und empfiehlt, wie die USA die russische Wirtschaft und das Milit\u00e4r auf eine Weise \u00fcberfordern k\u00f6nnten, die den USA zugutekommen w\u00fcrde. Abgesehen davon, dass die Studie auch einem Laien einen gro\u00dfartigen Einblick in die Denkweise der US-Regierung und ihrer Berater in Bezug auf ihre Au\u00dfenpolitik vermittelt, zeigt sie den praktikabelsten Weg f\u00fcr die USA, wie Washington strategische Vorteile gegen\u00fcber Russland erlangen kann, indem die USA beispielsweise ihre eigene Energieproduktion ausweiten und gegen Russland Handels- und Finanzsanktionen verh\u00e4ngen, um dabei die russische Wirtschaft und die Staats- und Verteidigungsausgaben zu belasten.<\/p>\n<p>Das Ergebnis der Studie zur &#8220;\u00dcberforderung Russlands&#8221; empfiehlt, der praktikabelste Weg, um einen US-Vorteil zu erlangen, bestehe darin, die Ukraine mit t\u00f6dlichen Waffen aller Art auszustatten und daran auszubilden und die Instabilit\u00e4t im Donbass auszunutzen, um das russische Milit\u00e4r zu \u00fcberfordern und es den USA zu erm\u00f6glichen, die erforderlichen Sanktionen anzuwenden, um ihr \u00fcbergeordnetes Ziel zu erreichen. Je l\u00e4nger dies in die L\u00e4nge gezogen werde, desto besser w\u00e4re das f\u00fcr die USA, da es Russland weiter schw\u00e4cht und es den USA besser erm\u00f6glicht, ihre Ziele zu erreichen. Das 2019 ver\u00f6ffentlichte Forschungspapier empfiehlt denn auch, Schweden und Finnland dazu zu dr\u00e4ngen, der NATO beizutreten, und dass die USA zugleich neue Atomwaffen nach Europa bringen und dort stationieren sollten, nachdem sie zuvor den INF-Atomvertrag mit Russland annulliert haben.<\/p>\n<p>Diese Studie ist auf der Website der RAND-Organisation <a rel=\"nofollow noopener\" target=\"_blank\" href=\"https:\/\/www.rand.org\/content\/dam\/rand\/pubs\/research_reports\/RR3000\/RR3063\/RAND_RR3063.pdf\">verf\u00fcgbar<\/a> und Teil der Library of Congress (Cataloging-in-Publication Data ist f\u00fcr diese Publikation verf\u00fcgbar. ISBN: 978-1-9774-0021-5).<\/p>\n<div class=\"ReadMore-root Section-root Section-is1to3-xs_is1to1\" data-widgets=\"ReadMore\" data-has-alias>\n<div class=\"Section-container Section-isRow-isTop-isWrap\">\n<article class=\"Card-root Card-is1to1 \">\n<div class=\"Card-imageWrap\">\n<div class=\"Card-picture\">\n<picture class=\"Picture-root Picture-default\"><!--[if IE 9]><video style=\"display: none;\"><![endif]--><source media=\"(-webkit-min-device-pixel-ratio: 2) and (min-resolution: 120dpi)\" data-srcset=\" \nhttp:\/\/just-now.news\/de\/wp-content\/uploads\/sites\/3\/2022\/05\/1651515840_882_quotBall-absurdquot-fuer-die-Ukraine-\u2013-Der-Tanz-am-Abgrund.jpg 850w,\n                http:\/\/just-now.news\/de\/wp-content\/uploads\/sites\/3\/2022\/05\/1651515840_689_quotBall-absurdquot-fuer-die-Ukraine-\u2013-Der-Tanz-am-Abgrund.jpg 1960w,\n            \" ><source data-srcset=\" \nhttp:\/\/just-now.news\/de\/wp-content\/uploads\/sites\/3\/2022\/05\/1651515840_882_quotBall-absurdquot-fuer-die-Ukraine-\u2013-Der-Tanz-am-Abgrund.jpg 460w,\n              http:\/\/just-now.news\/de\/wp-content\/uploads\/sites\/3\/2022\/05\/1651515840_689_quotBall-absurdquot-fuer-die-Ukraine-\u2013-Der-Tanz-am-Abgrund.jpg 980w,\n            \" ><!--[if IE 9]><\/video><![endif]--><img decoding=\"async\" data- src=\"data:image\/png;base64,iVBORw0KGgoAAAANSUhEUgAAABAAAAAJCAQAAACRI2S5AAAAEElEQVR42mNkIAAYRxWAAQAG9gAKqv6+AwAAAABJRU5ErkJggg==\" class=\"Picture-root Picture-default lazyload\" data-src=\"http:\/\/just-now.news\/de\/wp-content\/uploads\/sites\/3\/2022\/05\/1651515840_882_quotBall-absurdquot-fuer-die-Ukraine-\u2013-Der-Tanz-am-Abgrund.jpg\" alt=\"US-Kongressabgeordneter will US-Truppen in die Ukraine bringen\"><\/source><\/source><\/picture><!-- noscript pattern --><noscript><img decoding=\"async\" src=\"http:\/\/just-now.news\/de\/wp-content\/uploads\/sites\/3\/2022\/05\/1651515840_689_quotBall-absurdquot-fuer-die-Ukraine-\u2013-Der-Tanz-am-Abgrund.jpg\" alt=\"US-Kongressabgeordneter will US-Truppen in die Ukraine bringen\"><\/noscript>    <\/div><\/div>\n<div class=\"Card-contentWrap\">\n<div class=\"Card-content\">\n<div class=\"Card-title\">\n<div class=\"HeaderNews-root HeaderNews-type_6 \">\n<p>            <a rel=\"nofollow noopener\" target=\"_blank\" href=\"https:\/\/de.rt.com\/international\/137510-us-kongressabgeordneter-will-us-truppen\/\" class=\"Link-root Link-isFullCard \"><br \/>\n                US-Kongressabgeordneter will US-Truppen in die Ukraine bringen<br \/>\n            <\/a><\/p><\/div><\/div><\/div><\/div>\n<\/article>\n<\/div><\/div>\n<p>Laut einer anderen umfassenden, allerdings nicht ver\u00f6ffentlichten Studie von RAND, die vor drei Jahren fertiggestellt und in der ein US-Krieg gegen Russland in Osteuropa unter verschiedenen Bedingungen simuliert worden war, stand am Ende fest, dass selbst unter g\u00fcnstigsten Annahmen f\u00fcr ihre &#8220;blaue&#8221;-Seite das US-Milit\u00e4r bereits nach kurzer Zeit &#8220;eine vernichtende Niederlange von den Russen serviert bekommen w\u00fcrde&#8221;. Zu beachten ist, dass RAND zu diesem f\u00fcr die USA vernichtenden Ergebnis bereits zu einem Zeitpunkt kam, als die Bedeutung der weltweit einmaligen milit\u00e4rtechnischen Revolution f\u00fcr die moderne Kriegsf\u00fchrung, die in der Zwischenzeit von Russland weitgehend vollendet worden ist, noch nicht ann\u00e4hernd bekannt war. Daher stammt die Abneigung Washingtons, eigenes Milit\u00e4r in diesen Krieg in der Ukraine zu schicken.<\/p>\n<p>Bemerkenswerterweise hei\u00dft es im Vorwort des RAND-Dokuments \u00fcber die &#8220;\u00dcberforderung Russlands&#8221;: &#8220;Die Schritte, die wir postulieren, hatten weder Verteidigung noch Abschreckung als Hauptzweck.&#8221; Denn das Ziel ist die Schw\u00e4chung Russlands. Und zur Schw\u00e4chung Russlands werden derzeit in der Ukraine massenhaft auch Menschen f\u00fcr die US-Interessen geopfert.<\/p>\n<p>Wohlgemerkt geht es Washington in der Ukraine weder um &#8220;Verteidigung noch Abschreckung&#8221;, sondern um Schw\u00e4chung Russlands, und zwar bis hin zu internen Unruhen und einem Regime-Wechsel in Moskau. Und f\u00fcr eine solche Politik macht sich der Bundestag mit \u00fcberw\u00e4ltigender Mehrheit stark. Kein Wunder, dass Medwedew die Bundesregierung und das deutsche Parlament gewarnt und an das Schicksal des Reichstags in Berlin erinnert hat.<\/p>\n<div class=\"ReadMore-root Section-root Section-is1to3-xs_is1to1\" data-widgets=\"ReadMore\" data-has-alias>\n<div class=\"Section-container Section-isRow-isTop-isWrap\">\n<article class=\"Card-root Card-is1to1 \">\n<div class=\"Card-imageWrap\">\n<div class=\"Card-picture\">\n<picture class=\"Picture-root Picture-default\"><!--[if IE 9]><video style=\"display: none;\"><![endif]--><source media=\"(-webkit-min-device-pixel-ratio: 2) and (min-resolution: 120dpi)\" data-srcset=\" \nhttp:\/\/just-now.news\/de\/wp-content\/uploads\/sites\/3\/2022\/05\/Der-Brand-der-die-Welt-bedroht-wurde-in-Odessa-gelegt.jpg 850w,\n                http:\/\/just-now.news\/de\/wp-content\/uploads\/sites\/3\/2022\/05\/Melnyk-an-Deutschland-Wir-wollen-88-Leopard-Panzer-\u2013-und-der.jpg 1960w,\n            \" ><source data-srcset=\" \nhttp:\/\/just-now.news\/de\/wp-content\/uploads\/sites\/3\/2022\/05\/Der-Brand-der-die-Welt-bedroht-wurde-in-Odessa-gelegt.jpg 460w,\n              http:\/\/just-now.news\/de\/wp-content\/uploads\/sites\/3\/2022\/05\/Melnyk-an-Deutschland-Wir-wollen-88-Leopard-Panzer-\u2013-und-der.jpg 980w,\n            \" ><!--[if IE 9]><\/video><![endif]--><img decoding=\"async\" data- src=\"data:image\/png;base64,iVBORw0KGgoAAAANSUhEUgAAABAAAAAJCAQAAACRI2S5AAAAEElEQVR42mNkIAAYRxWAAQAG9gAKqv6+AwAAAABJRU5ErkJggg==\" class=\"Picture-root Picture-default lazyload\" data-src=\"http:\/\/just-now.news\/de\/wp-content\/uploads\/sites\/3\/2022\/05\/Der-Brand-der-die-Welt-bedroht-wurde-in-Odessa-gelegt.jpg\" alt=\"Melnyk an Deutschland: Wir wollen 88 Leopard-Panzer \u2013 und der Dritte Weltkrieg l\u00e4uft bereits\"><\/source><\/source><\/picture><!-- noscript pattern --><noscript><img decoding=\"async\" src=\"http:\/\/just-now.news\/de\/wp-content\/uploads\/sites\/3\/2022\/05\/Melnyk-an-Deutschland-Wir-wollen-88-Leopard-Panzer-\u2013-und-der.jpg\" alt=\"Melnyk an Deutschland: Wir wollen 88 Leopard-Panzer \u2013 und der Dritte Weltkrieg l\u00e4uft bereits\"><\/noscript>    <\/div><\/div>\n<div class=\"Card-contentWrap\">\n<div class=\"Card-content\">\n<div class=\"Card-title\">\n<div class=\"HeaderNews-root HeaderNews-type_6 \">\n<p>            <a rel=\"nofollow noopener\" target=\"_blank\" href=\"https:\/\/de.rt.com\/europa\/137458-melnyk-an-deutschland-wir-wollen\/\" class=\"Link-root Link-isFullCard \"><br \/>\n                Melnyk an Deutschland: Wir wollen 88 Leopard-Panzer \u2013 und der Dritte Weltkrieg l\u00e4uft bereits<br \/>\n            <\/a><\/p><\/div><\/div><\/div><\/div>\n<\/article>\n<\/div><\/div>\n<p>Zugleich macht sich in Teilen der deutschen Bev\u00f6lkerung zunehmend die Sorge breit, dass sich der Wirtschaftskrieg gegen Moskau, den unsere gro\u00dfen &#8220;Durchblicker&#8221; in Berlin mit Hurra begonnen haben, als Rohrkrepierer erwiesen hat, der dem deutschen Volk gro\u00dfen, ja unermesslichen Schaden zuf\u00fcgt. Eine noch gr\u00f6\u00dfere Sorge ist aber, dass die gleichen blinden Politiker in Berlin auch noch bereit sind, einen milit\u00e4rischen Krieg mit Russland zu riskieren.<\/p>\n<p>Aber wahrscheinlich beruht diese Bereitschaft nicht nur auf Unwissenheit, sondern auch auf Willf\u00e4hrigkeit gegen\u00fcber den USA und der EU. Fakt bleibt, es ist extrem gef\u00e4hrlich, dass unsere Regierungspolitiker in Berlin ohne jede Grundlage Entscheidungen \u00fcber Krieg und Frieden und \u00fcber unser wirtschaftliches Wohlergehen f\u00e4llen! Wenn die Milit\u00e4rpolitik des Westens gegen\u00fcber Russland genauso &#8220;genial&#8221; durchdacht ist wie die wirtschaftliche Sanktionspolitik, dann gute Nacht, Deutschland. Aber bitte keine Panik, es k\u00f6nnte sich &#8220;nur&#8221; um einen Atomkrieg handeln.<\/p>\n<p><strong>Mehr zum Thema<\/strong> &#8211; <a rel=\"nofollow noopener\" target=\"_blank\" href=\"https:\/\/de.rt.com\/europa\/137490-was-ich-bei-angeblichen-massengrab\/\">Was ich bei dem angeblichen &#8220;Massengrab&#8221; in der N\u00e4he von Mariupol vorgefunden habe<\/a><\/p>\n<\/div>\n<p><br \/>\n<br \/><a href=\"https:\/\/de.rt.com\/meinung\/137547-tanz-am-abgrund\/\">Source link <\/a><\/p>\n","protected":false},"excerpt":{"rendered":"<p>von Rainer Rupp Der Krieg in der Ukraine ist auch &#8220;unser Krieg&#8221;, hei\u00dft es in dem propagandistischen Trommelfeuer der Politiker der ganz gro\u00dfen Koalition der &#8220;Ampel&#8221; samt der CDU\/CSU-&#8220;Opposition&#8221;. Und deshalb war die \u00fcppige Party, zu der sich am letzten Freitag in der Berliner Luxusherberge Adlon 1.800 auserlesene Pers\u00f6nlichkeiten zum Bundespresseball eingefunden hatten, den armen [&hellip;]<\/p>\n","protected":false},"author":3,"featured_media":6135,"comment_status":"open","ping_status":"open","sticky":false,"template":"","format":"standard","meta":{"wp_automatic_camp":["217"],"945896219f978ade9a67e44374fe1766":["&quot;Ball absurd&quot; f\u00fcr die Ukraine \u2013 Der Tanz am Abgrund"],"original_link":["https:\/\/de.rt.com\/meinung\/137547-tanz-am-abgrund\/"],"_thumbnail_id":["6135"],"wp_automatic_remove_first_image":["yes"],"_wptg_p2tg_sent2tg":["2022-05-02 20:25:11"],"jnews_social_counter_last_update":["1777266479"]},"categories":[19,23],"tags":[15101,16938,82,45,221,16937,16939,127],"yoast_head":"<!-- This site is optimized with the Yoast SEO Premium plugin v22.7 (Yoast SEO v22.7) - https:\/\/yoast.com\/wordpress\/plugins\/seo\/ -->\n<title>&quot;Ball absurd&quot; f\u00fcr die Ukraine \u2013 Der Tanz am Abgrund - just-now.NEWS Deutschland<\/title>\n<meta name=\"robots\" content=\"index, follow, max-snippet:-1, max-image-preview:large, max-video-preview:-1\" \/>\n<link rel=\"canonical\" href=\"https:\/\/now-news.de\/de\/deutschland\/ball-absurd-fuer-die-ukraine-der-tanz-am-abgrund\/\" \/>\n<meta property=\"og:locale\" content=\"de_DE\" \/>\n<meta property=\"og:type\" content=\"article\" \/>\n<meta property=\"og:title\" content=\"&quot;Ball absurd&quot; f\u00fcr die Ukraine \u2013 Der Tanz am Abgrund\" \/>\n<meta property=\"og:description\" content=\"von Rainer Rupp Der Krieg in der Ukraine ist auch &#8220;unser Krieg&#8221;, hei\u00dft es in dem propagandistischen Trommelfeuer der Politiker der ganz gro\u00dfen Koalition der &#8220;Ampel&#8221; samt der CDU\/CSU-&#8220;Opposition&#8221;. Und deshalb war die \u00fcppige Party, zu der sich am letzten Freitag in der Berliner Luxusherberge Adlon 1.800 auserlesene Pers\u00f6nlichkeiten zum Bundespresseball eingefunden hatten, den armen [&hellip;]\" \/>\n<meta property=\"og:url\" content=\"https:\/\/now-news.de\/de\/deutschland\/ball-absurd-fuer-die-ukraine-der-tanz-am-abgrund\/\" \/>\n<meta property=\"og:site_name\" content=\"just-now.NEWS Deutschland\" \/>\n<meta property=\"article:publisher\" content=\"https:\/\/www.facebook.com\/wirmachenauf\" \/>\n<meta property=\"article:published_time\" content=\"2022-05-02T18:15:03+00:00\" \/>\n<meta property=\"og:image\" content=\"https:\/\/now-news.de\/de\/wp-content\/uploads\/sites\/3\/2022\/05\/1651515843_quotBall-absurdquot-fuer-die-Ukraine-\u2013-Der-Tanz-am-Abgrund.jpg\" \/>\n\t<meta property=\"og:image:width\" content=\"460\" \/>\n\t<meta property=\"og:image:height\" content=\"259\" \/>\n\t<meta property=\"og:image:type\" content=\"image\/jpeg\" \/>\n<meta name=\"author\" content=\"rtnews\" \/>\n<meta name=\"twitter:card\" content=\"summary_large_image\" \/>\n<meta name=\"twitter:creator\" content=\"@WirMachenAuf_de\" \/>\n<meta name=\"twitter:site\" content=\"@WirMachenAuf_de\" \/>\n<meta name=\"twitter:label1\" content=\"Verfasst von\" \/>\n\t<meta name=\"twitter:data1\" content=\"rtnews\" \/>\n\t<meta name=\"twitter:label2\" content=\"Gesch\u00e4tzte Lesezeit\" \/>\n\t<meta name=\"twitter:data2\" content=\"9\u00a0Minuten\" \/>\n<script type=\"application\/ld+json\" class=\"yoast-schema-graph\">{\"@context\":\"https:\/\/schema.org\",\"@graph\":[{\"@type\":\"Article\",\"@id\":\"https:\/\/now-news.de\/de\/deutschland\/ball-absurd-fuer-die-ukraine-der-tanz-am-abgrund\/#article\",\"isPartOf\":{\"@id\":\"https:\/\/now-news.de\/de\/deutschland\/ball-absurd-fuer-die-ukraine-der-tanz-am-abgrund\/\"},\"author\":{\"name\":\"rtnews\",\"@id\":\"https:\/\/now-news.de\/de\/#\/schema\/person\/fb534a4e865501d8b3285208df34a9b5\"},\"headline\":\"&quot;Ball absurd&quot; f\u00fcr die Ukraine \u2013 Der Tanz am Abgrund\",\"datePublished\":\"2022-05-02T18:15:03+00:00\",\"dateModified\":\"2022-05-02T18:15:03+00:00\",\"mainEntityOfPage\":{\"@id\":\"https:\/\/now-news.de\/de\/deutschland\/ball-absurd-fuer-die-ukraine-der-tanz-am-abgrund\/\"},\"wordCount\":1897,\"commentCount\":0,\"publisher\":{\"@id\":\"https:\/\/now-news.de\/de\/#organization\"},\"image\":{\"@id\":\"https:\/\/now-news.de\/de\/deutschland\/ball-absurd-fuer-die-ukraine-der-tanz-am-abgrund\/#primaryimage\"},\"thumbnailUrl\":\"https:\/\/now-news.de\/de\/wp-content\/uploads\/sites\/3\/2022\/05\/1651515843_quotBall-absurdquot-fuer-die-Ukraine-\u2013-Der-Tanz-am-Abgrund.jpg\",\"keywords\":[\"Abgrund\",\"absurdquot\",\"der\",\"die\",\"f\u00fcr\",\"quotBall\",\"Tanz\",\"ukraine\"],\"articleSection\":[\"Deutschland\",\"Russland\"],\"inLanguage\":\"de\",\"potentialAction\":[{\"@type\":\"CommentAction\",\"name\":\"Comment\",\"target\":[\"https:\/\/now-news.de\/de\/deutschland\/ball-absurd-fuer-die-ukraine-der-tanz-am-abgrund\/#respond\"]}]},{\"@type\":\"WebPage\",\"@id\":\"https:\/\/now-news.de\/de\/deutschland\/ball-absurd-fuer-die-ukraine-der-tanz-am-abgrund\/\",\"url\":\"https:\/\/now-news.de\/de\/deutschland\/ball-absurd-fuer-die-ukraine-der-tanz-am-abgrund\/\",\"name\":\"&quot;Ball absurd&quot; f\u00fcr die Ukraine \u2013 Der Tanz am Abgrund - just-now.NEWS Deutschland\",\"isPartOf\":{\"@id\":\"https:\/\/now-news.de\/de\/#website\"},\"primaryImageOfPage\":{\"@id\":\"https:\/\/now-news.de\/de\/deutschland\/ball-absurd-fuer-die-ukraine-der-tanz-am-abgrund\/#primaryimage\"},\"image\":{\"@id\":\"https:\/\/now-news.de\/de\/deutschland\/ball-absurd-fuer-die-ukraine-der-tanz-am-abgrund\/#primaryimage\"},\"thumbnailUrl\":\"https:\/\/now-news.de\/de\/wp-content\/uploads\/sites\/3\/2022\/05\/1651515843_quotBall-absurdquot-fuer-die-Ukraine-\u2013-Der-Tanz-am-Abgrund.jpg\",\"datePublished\":\"2022-05-02T18:15:03+00:00\",\"dateModified\":\"2022-05-02T18:15:03+00:00\",\"breadcrumb\":{\"@id\":\"https:\/\/now-news.de\/de\/deutschland\/ball-absurd-fuer-die-ukraine-der-tanz-am-abgrund\/#breadcrumb\"},\"inLanguage\":\"de\",\"potentialAction\":[{\"@type\":\"ReadAction\",\"target\":[\"https:\/\/now-news.de\/de\/deutschland\/ball-absurd-fuer-die-ukraine-der-tanz-am-abgrund\/\"]}]},{\"@type\":\"ImageObject\",\"inLanguage\":\"de\",\"@id\":\"https:\/\/now-news.de\/de\/deutschland\/ball-absurd-fuer-die-ukraine-der-tanz-am-abgrund\/#primaryimage\",\"url\":\"https:\/\/now-news.de\/de\/wp-content\/uploads\/sites\/3\/2022\/05\/1651515843_quotBall-absurdquot-fuer-die-Ukraine-\u2013-Der-Tanz-am-Abgrund.jpg\",\"contentUrl\":\"https:\/\/now-news.de\/de\/wp-content\/uploads\/sites\/3\/2022\/05\/1651515843_quotBall-absurdquot-fuer-die-Ukraine-\u2013-Der-Tanz-am-Abgrund.jpg\",\"width\":460,\"height\":259,\"caption\":\"&quot;Ball absurd&quot; f\u00fcr die Ukraine \u2013 Der Tanz am Abgrund\"},{\"@type\":\"BreadcrumbList\",\"@id\":\"https:\/\/now-news.de\/de\/deutschland\/ball-absurd-fuer-die-ukraine-der-tanz-am-abgrund\/#breadcrumb\",\"itemListElement\":[{\"@type\":\"ListItem\",\"position\":1,\"name\":\"Home\",\"item\":\"https:\/\/now-news.de\/de\/\"},{\"@type\":\"ListItem\",\"position\":2,\"name\":\"&quot;Ball absurd&quot; f\u00fcr die Ukraine \u2013 Der Tanz am Abgrund\"}]},{\"@type\":\"WebSite\",\"@id\":\"https:\/\/now-news.de\/de\/#website\",\"url\":\"https:\/\/now-news.de\/de\/\",\"name\":\"just-now.NEWS Deutschland\",\"description\":\"Das Portal f\u00fcr unzensierte Nachrichten aus der Welt\",\"publisher\":{\"@id\":\"https:\/\/now-news.de\/de\/#organization\"},\"potentialAction\":[{\"@type\":\"SearchAction\",\"target\":{\"@type\":\"EntryPoint\",\"urlTemplate\":\"https:\/\/now-news.de\/de\/?s={search_term_string}\"},\"query-input\":\"required name=search_term_string\"}],\"inLanguage\":\"de\"},{\"@type\":\"Organization\",\"@id\":\"https:\/\/now-news.de\/de\/#organization\",\"name\":\"Just Now News\",\"url\":\"https:\/\/now-news.de\/de\/\",\"logo\":{\"@type\":\"ImageObject\",\"inLanguage\":\"de\",\"@id\":\"https:\/\/now-news.de\/de\/#\/schema\/logo\/image\/\",\"url\":\"http:\/\/just-now.news\/de\/wp-content\/uploads\/sites\/3\/2022\/04\/logo500x500.jpg\",\"contentUrl\":\"http:\/\/just-now.news\/de\/wp-content\/uploads\/sites\/3\/2022\/04\/logo500x500.jpg\",\"width\":500,\"height\":500,\"caption\":\"Just Now News\"},\"image\":{\"@id\":\"https:\/\/now-news.de\/de\/#\/schema\/logo\/image\/\"},\"sameAs\":[\"https:\/\/www.facebook.com\/wirmachenauf\",\"https:\/\/x.com\/WirMachenAuf_de\"]},{\"@type\":\"Person\",\"@id\":\"https:\/\/now-news.de\/de\/#\/schema\/person\/fb534a4e865501d8b3285208df34a9b5\",\"name\":\"rtnews\",\"image\":{\"@type\":\"ImageObject\",\"inLanguage\":\"de\",\"@id\":\"https:\/\/now-news.de\/de\/#\/schema\/person\/image\/\",\"url\":\"https:\/\/secure.gravatar.com\/avatar\/82aafea7d8127119dd649515f56e2117?s=96&d=mm&r=g\",\"contentUrl\":\"https:\/\/secure.gravatar.com\/avatar\/82aafea7d8127119dd649515f56e2117?s=96&d=mm&r=g\",\"caption\":\"rtnews\"},\"url\":\"https:\/\/now-news.de\/de\/author\/rnews\/\"}]}<\/script>\n<!-- \/ Yoast SEO Premium plugin. -->","yoast_head_json":{"title":"&quot;Ball absurd&quot; f\u00fcr die Ukraine \u2013 Der Tanz am Abgrund - just-now.NEWS Deutschland","robots":{"index":"index","follow":"follow","max-snippet":"max-snippet:-1","max-image-preview":"max-image-preview:large","max-video-preview":"max-video-preview:-1"},"canonical":"https:\/\/now-news.de\/de\/deutschland\/ball-absurd-fuer-die-ukraine-der-tanz-am-abgrund\/","og_locale":"de_DE","og_type":"article","og_title":"&quot;Ball absurd&quot; f\u00fcr die Ukraine \u2013 Der Tanz am Abgrund","og_description":"von Rainer Rupp Der Krieg in der Ukraine ist auch &#8220;unser Krieg&#8221;, hei\u00dft es in dem propagandistischen Trommelfeuer der Politiker der ganz gro\u00dfen Koalition der &#8220;Ampel&#8221; samt der CDU\/CSU-&#8220;Opposition&#8221;. Und deshalb war die \u00fcppige Party, zu der sich am letzten Freitag in der Berliner Luxusherberge Adlon 1.800 auserlesene Pers\u00f6nlichkeiten zum Bundespresseball eingefunden hatten, den armen [&hellip;]","og_url":"https:\/\/now-news.de\/de\/deutschland\/ball-absurd-fuer-die-ukraine-der-tanz-am-abgrund\/","og_site_name":"just-now.NEWS Deutschland","article_publisher":"https:\/\/www.facebook.com\/wirmachenauf","article_published_time":"2022-05-02T18:15:03+00:00","og_image":[{"width":460,"height":259,"url":"https:\/\/now-news.de\/de\/wp-content\/uploads\/sites\/3\/2022\/05\/1651515843_quotBall-absurdquot-fuer-die-Ukraine-\u2013-Der-Tanz-am-Abgrund.jpg","type":"image\/jpeg"}],"author":"rtnews","twitter_card":"summary_large_image","twitter_creator":"@WirMachenAuf_de","twitter_site":"@WirMachenAuf_de","twitter_misc":{"Verfasst von":"rtnews","Gesch\u00e4tzte Lesezeit":"9\u00a0Minuten"},"schema":{"@context":"https:\/\/schema.org","@graph":[{"@type":"Article","@id":"https:\/\/now-news.de\/de\/deutschland\/ball-absurd-fuer-die-ukraine-der-tanz-am-abgrund\/#article","isPartOf":{"@id":"https:\/\/now-news.de\/de\/deutschland\/ball-absurd-fuer-die-ukraine-der-tanz-am-abgrund\/"},"author":{"name":"rtnews","@id":"https:\/\/now-news.de\/de\/#\/schema\/person\/fb534a4e865501d8b3285208df34a9b5"},"headline":"&quot;Ball absurd&quot; f\u00fcr die Ukraine \u2013 Der Tanz am Abgrund","datePublished":"2022-05-02T18:15:03+00:00","dateModified":"2022-05-02T18:15:03+00:00","mainEntityOfPage":{"@id":"https:\/\/now-news.de\/de\/deutschland\/ball-absurd-fuer-die-ukraine-der-tanz-am-abgrund\/"},"wordCount":1897,"commentCount":0,"publisher":{"@id":"https:\/\/now-news.de\/de\/#organization"},"image":{"@id":"https:\/\/now-news.de\/de\/deutschland\/ball-absurd-fuer-die-ukraine-der-tanz-am-abgrund\/#primaryimage"},"thumbnailUrl":"https:\/\/now-news.de\/de\/wp-content\/uploads\/sites\/3\/2022\/05\/1651515843_quotBall-absurdquot-fuer-die-Ukraine-\u2013-Der-Tanz-am-Abgrund.jpg","keywords":["Abgrund","absurdquot","der","die","f\u00fcr","quotBall","Tanz","ukraine"],"articleSection":["Deutschland","Russland"],"inLanguage":"de","potentialAction":[{"@type":"CommentAction","name":"Comment","target":["https:\/\/now-news.de\/de\/deutschland\/ball-absurd-fuer-die-ukraine-der-tanz-am-abgrund\/#respond"]}]},{"@type":"WebPage","@id":"https:\/\/now-news.de\/de\/deutschland\/ball-absurd-fuer-die-ukraine-der-tanz-am-abgrund\/","url":"https:\/\/now-news.de\/de\/deutschland\/ball-absurd-fuer-die-ukraine-der-tanz-am-abgrund\/","name":"&quot;Ball absurd&quot; f\u00fcr die Ukraine \u2013 Der Tanz am Abgrund - just-now.NEWS Deutschland","isPartOf":{"@id":"https:\/\/now-news.de\/de\/#website"},"primaryImageOfPage":{"@id":"https:\/\/now-news.de\/de\/deutschland\/ball-absurd-fuer-die-ukraine-der-tanz-am-abgrund\/#primaryimage"},"image":{"@id":"https:\/\/now-news.de\/de\/deutschland\/ball-absurd-fuer-die-ukraine-der-tanz-am-abgrund\/#primaryimage"},"thumbnailUrl":"https:\/\/now-news.de\/de\/wp-content\/uploads\/sites\/3\/2022\/05\/1651515843_quotBall-absurdquot-fuer-die-Ukraine-\u2013-Der-Tanz-am-Abgrund.jpg","datePublished":"2022-05-02T18:15:03+00:00","dateModified":"2022-05-02T18:15:03+00:00","breadcrumb":{"@id":"https:\/\/now-news.de\/de\/deutschland\/ball-absurd-fuer-die-ukraine-der-tanz-am-abgrund\/#breadcrumb"},"inLanguage":"de","potentialAction":[{"@type":"ReadAction","target":["https:\/\/now-news.de\/de\/deutschland\/ball-absurd-fuer-die-ukraine-der-tanz-am-abgrund\/"]}]},{"@type":"ImageObject","inLanguage":"de","@id":"https:\/\/now-news.de\/de\/deutschland\/ball-absurd-fuer-die-ukraine-der-tanz-am-abgrund\/#primaryimage","url":"https:\/\/now-news.de\/de\/wp-content\/uploads\/sites\/3\/2022\/05\/1651515843_quotBall-absurdquot-fuer-die-Ukraine-\u2013-Der-Tanz-am-Abgrund.jpg","contentUrl":"https:\/\/now-news.de\/de\/wp-content\/uploads\/sites\/3\/2022\/05\/1651515843_quotBall-absurdquot-fuer-die-Ukraine-\u2013-Der-Tanz-am-Abgrund.jpg","width":460,"height":259,"caption":"&quot;Ball absurd&quot; f\u00fcr die Ukraine \u2013 Der Tanz am Abgrund"},{"@type":"BreadcrumbList","@id":"https:\/\/now-news.de\/de\/deutschland\/ball-absurd-fuer-die-ukraine-der-tanz-am-abgrund\/#breadcrumb","itemListElement":[{"@type":"ListItem","position":1,"name":"Home","item":"https:\/\/now-news.de\/de\/"},{"@type":"ListItem","position":2,"name":"&quot;Ball absurd&quot; f\u00fcr die Ukraine \u2013 Der Tanz am Abgrund"}]},{"@type":"WebSite","@id":"https:\/\/now-news.de\/de\/#website","url":"https:\/\/now-news.de\/de\/","name":"just-now.NEWS Deutschland","description":"Das Portal f\u00fcr unzensierte Nachrichten aus der Welt","publisher":{"@id":"https:\/\/now-news.de\/de\/#organization"},"potentialAction":[{"@type":"SearchAction","target":{"@type":"EntryPoint","urlTemplate":"https:\/\/now-news.de\/de\/?s={search_term_string}"},"query-input":"required name=search_term_string"}],"inLanguage":"de"},{"@type":"Organization","@id":"https:\/\/now-news.de\/de\/#organization","name":"Just Now News","url":"https:\/\/now-news.de\/de\/","logo":{"@type":"ImageObject","inLanguage":"de","@id":"https:\/\/now-news.de\/de\/#\/schema\/logo\/image\/","url":"http:\/\/just-now.news\/de\/wp-content\/uploads\/sites\/3\/2022\/04\/logo500x500.jpg","contentUrl":"http:\/\/just-now.news\/de\/wp-content\/uploads\/sites\/3\/2022\/04\/logo500x500.jpg","width":500,"height":500,"caption":"Just Now News"},"image":{"@id":"https:\/\/now-news.de\/de\/#\/schema\/logo\/image\/"},"sameAs":["https:\/\/www.facebook.com\/wirmachenauf","https:\/\/x.com\/WirMachenAuf_de"]},{"@type":"Person","@id":"https:\/\/now-news.de\/de\/#\/schema\/person\/fb534a4e865501d8b3285208df34a9b5","name":"rtnews","image":{"@type":"ImageObject","inLanguage":"de","@id":"https:\/\/now-news.de\/de\/#\/schema\/person\/image\/","url":"https:\/\/secure.gravatar.com\/avatar\/82aafea7d8127119dd649515f56e2117?s=96&d=mm&r=g","contentUrl":"https:\/\/secure.gravatar.com\/avatar\/82aafea7d8127119dd649515f56e2117?s=96&d=mm&r=g","caption":"rtnews"},"url":"https:\/\/now-news.de\/de\/author\/rnews\/"}]}},"_links":{"self":[{"href":"https:\/\/now-news.de\/de\/wp-json\/wp\/v2\/posts\/6134"}],"collection":[{"href":"https:\/\/now-news.de\/de\/wp-json\/wp\/v2\/posts"}],"about":[{"href":"https:\/\/now-news.de\/de\/wp-json\/wp\/v2\/types\/post"}],"author":[{"embeddable":true,"href":"https:\/\/now-news.de\/de\/wp-json\/wp\/v2\/users\/3"}],"replies":[{"embeddable":true,"href":"https:\/\/now-news.de\/de\/wp-json\/wp\/v2\/comments?post=6134"}],"version-history":[{"count":0,"href":"https:\/\/now-news.de\/de\/wp-json\/wp\/v2\/posts\/6134\/revisions"}],"wp:featuredmedia":[{"embeddable":true,"href":"https:\/\/now-news.de\/de\/wp-json\/wp\/v2\/media\/6135"}],"wp:attachment":[{"href":"https:\/\/now-news.de\/de\/wp-json\/wp\/v2\/media?parent=6134"}],"wp:term":[{"taxonomy":"category","embeddable":true,"href":"https:\/\/now-news.de\/de\/wp-json\/wp\/v2\/categories?post=6134"},{"taxonomy":"post_tag","embeddable":true,"href":"https:\/\/now-news.de\/de\/wp-json\/wp\/v2\/tags?post=6134"}],"curies":[{"name":"wp","href":"https:\/\/api.w.org\/{rel}","templated":true}]}}