{"id":61268,"date":"2024-06-16T10:41:18","date_gmt":"2024-06-16T08:41:18","guid":{"rendered":"https:\/\/now-news.de\/de\/deutschland\/messerstecher-von-mannheim-im-kuenstlichen-koma\/"},"modified":"2024-06-16T10:41:18","modified_gmt":"2024-06-16T08:41:18","slug":"messerstecher-von-mannheim-im-kuenstlichen-koma","status":"publish","type":"post","link":"https:\/\/now-news.de\/de\/deutschland\/messerstecher-von-mannheim-im-kuenstlichen-koma\/","title":{"rendered":"Messerstecher von Mannheim im k\u00fcnstlichen Koma"},"content":{"rendered":"<p><img decoding=\"async\" src=\"https:\/\/now-news.de\/de\/wp-content\/uploads\/sites\/3\/2024\/06\/666ea1f948fbef09cd222f3a.jpeg\" \/><\/p>\n<div class=\"Text-root Text-type_1 \">\n                Vor \u00fcber zwei Wochen hatte ein afghanischer Messerstecher einen Polizisten in Mannheim get\u00f6tet und weitere Menschen schwer verletzt. Die Umst\u00e4nde der Tat sind noch unklar. Nun wurde bekannt, dass der T\u00e4ter im k\u00fcnstlichen Koma liegt.\n            <\/div>\n<p><\/p>\n<div class=\"Text-root Text-type_5 ArticleView-text ViewText-root \">\n<p>Der afghanische Messerstecher von Mannheim liegt nach Informationen im k\u00fcnstlichen Koma und schwebt in Lebensgefahr. Das berichtet das Portal <em>Mannheim 24<\/em>. Demnach konnte der 25-J\u00e4hrige seit seiner wahrscheinlich islamistisch motivierten Tat und der folgenden Notoperation noch nicht vernommen werden.<\/p>\n<p>Am 31. Mai hatte der Afghane den Islamkritiker Michael St\u00fcrzenberger auf einer Kundgebung seiner &#8220;B\u00fcrgerbewegung Pax Europa&#8221; mit einem Messer angegriffen. In der Folge verletzte er einen Polizisten t\u00f6dlich, ehe er selbst von einem anderen Beamten niedergeschossen wurde. F\u00fcnf weitere Menschen wurden zum Teil schwer verletzt.\u00a0<\/p>\n<p>Die Umst\u00e4nde der Tat sind\u00a0noch unklar. F\u00fcr den get\u00f6teten Polizisten fand am Freitag in Mannheim eine \u00f6ffentliche Trauerfeier statt.<\/p>\n<p><strong>Mehr zum Thema<\/strong> &#8211; <a rel=\"nofollow noopener\" target=\"_blank\" href=\"https:\/\/freedert.online\/gesellschaft\/208427-mannheimer-messerattentat-welche-rolle-spielte-der-mann-in-der-blauen-jacke\/\">Mannheimer Messerattentat: Welche Rolle spielte der Mann in der blauen Jacke?<\/a><\/p>\n<div class=\"EmbedBlock-root EmbedBlock-externalVideo EmbedBlock-odysee\">\n<div class=\"VkEmbed\"><iframe class=\"lazyload\" data-src=\"https:\/\/odysee.com\/%24\/embed\/%40RTDE%3Ae%2FMannheim--Mann-sticht-auf-Islamkritiker-St%C3%BCrzenberger-und-Polizisten-ein%3A8\" frameborder=\"0\" width=\"853\" height=\"480\" allowfullscreen><\/iframe><\/div>\n<\/div>\n<\/div>\n<p><br \/>\n<br \/><a href=\"https:\/\/de.rt.com\/inland\/209336-messerstecher-von-mannheim-im-kuenstlichen\/\">Source link <\/a><\/p>\n","protected":false},"excerpt":{"rendered":"<p>Vor \u00fcber zwei Wochen hatte ein afghanischer Messerstecher einen Polizisten in Mannheim get\u00f6tet und weitere Menschen schwer verletzt. Die Umst\u00e4nde der Tat sind noch unklar. Nun wurde bekannt, dass der T\u00e4ter im k\u00fcnstlichen Koma liegt. Der afghanische Messerstecher von Mannheim liegt nach Informationen im k\u00fcnstlichen Koma und schwebt in Lebensgefahr. Das berichtet das Portal Mannheim [&hellip;]<\/p>\n","protected":false},"author":3,"featured_media":61269,"comment_status":"open","ping_status":"open","sticky":false,"template":"","format":"standard","meta":{"_yoast_indexnow_last_ping":["1718528136"],"wp_automatic_camp":["217"],"24dc4b1a25781ac9cd969f54ab346081":["Messerstecher von Mannheim im k\u00fcnstlichen Koma"],"original_link":["https:\/\/de.rt.com\/inland\/209336-messerstecher-von-mannheim-im-kuenstlichen\/"],"_thumbnail_id":["61269"],"_wptgpro_p2tg_sent2tg":["a:1:{i:23737;s:19:\"2024-06-16 10:56:35\";}"],"jnews_social_counter_last_update":["1776917220"]},"categories":[19,23],"tags":[55771,43774,55370,29306,50],"yoast_head":"<!-- This site is optimized with the Yoast SEO Premium plugin v22.7 (Yoast SEO v22.7) - https:\/\/yoast.com\/wordpress\/plugins\/seo\/ -->\n<title>Messerstecher von Mannheim im k\u00fcnstlichen Koma - just-now.NEWS Deutschland<\/title>\n<meta name=\"robots\" content=\"index, follow, max-snippet:-1, max-image-preview:large, max-video-preview:-1\" \/>\n<link rel=\"canonical\" href=\"https:\/\/now-news.de\/de\/deutschland\/messerstecher-von-mannheim-im-kuenstlichen-koma\/\" \/>\n<meta property=\"og:locale\" content=\"de_DE\" \/>\n<meta property=\"og:type\" content=\"article\" \/>\n<meta property=\"og:title\" content=\"Messerstecher von Mannheim im k\u00fcnstlichen Koma\" \/>\n<meta property=\"og:description\" content=\"Vor \u00fcber zwei Wochen hatte ein afghanischer Messerstecher einen Polizisten in Mannheim get\u00f6tet und weitere Menschen schwer verletzt. Die Umst\u00e4nde der Tat sind noch unklar. Nun wurde bekannt, dass der T\u00e4ter im k\u00fcnstlichen Koma liegt. Der afghanische Messerstecher von Mannheim liegt nach Informationen im k\u00fcnstlichen Koma und schwebt in Lebensgefahr. Das berichtet das Portal Mannheim [&hellip;]\" \/>\n<meta property=\"og:url\" content=\"https:\/\/now-news.de\/de\/deutschland\/messerstecher-von-mannheim-im-kuenstlichen-koma\/\" \/>\n<meta property=\"og:site_name\" content=\"just-now.NEWS Deutschland\" \/>\n<meta property=\"article:publisher\" content=\"https:\/\/www.facebook.com\/wirmachenauf\" \/>\n<meta property=\"article:published_time\" content=\"2024-06-16T08:41:18+00:00\" \/>\n<meta property=\"og:image\" content=\"https:\/\/now-news.de\/de\/wp-content\/uploads\/sites\/3\/2024\/06\/666ea1f948fbef09cd222f3a.jpeg\" \/>\n<meta name=\"author\" content=\"rtnews\" \/>\n<meta name=\"twitter:card\" content=\"summary_large_image\" \/>\n<meta name=\"twitter:creator\" content=\"@WirMachenAuf_de\" \/>\n<meta name=\"twitter:site\" content=\"@WirMachenAuf_de\" \/>\n<meta name=\"twitter:label1\" content=\"Verfasst von\" \/>\n\t<meta name=\"twitter:data1\" content=\"rtnews\" \/>\n\t<meta name=\"twitter:label2\" content=\"Gesch\u00e4tzte Lesezeit\" \/>\n\t<meta name=\"twitter:data2\" content=\"1\u00a0Minute\" \/>\n<script type=\"application\/ld+json\" class=\"yoast-schema-graph\">{\"@context\":\"https:\/\/schema.org\",\"@graph\":[{\"@type\":\"Article\",\"@id\":\"https:\/\/now-news.de\/de\/deutschland\/messerstecher-von-mannheim-im-kuenstlichen-koma\/#article\",\"isPartOf\":{\"@id\":\"https:\/\/now-news.de\/de\/deutschland\/messerstecher-von-mannheim-im-kuenstlichen-koma\/\"},\"author\":{\"name\":\"rtnews\",\"@id\":\"https:\/\/now-news.de\/de\/#\/schema\/person\/fb534a4e865501d8b3285208df34a9b5\"},\"headline\":\"Messerstecher von Mannheim im k\u00fcnstlichen Koma\",\"datePublished\":\"2024-06-16T08:41:18+00:00\",\"dateModified\":\"2024-06-16T08:41:18+00:00\",\"mainEntityOfPage\":{\"@id\":\"https:\/\/now-news.de\/de\/deutschland\/messerstecher-von-mannheim-im-kuenstlichen-koma\/\"},\"wordCount\":176,\"commentCount\":0,\"publisher\":{\"@id\":\"https:\/\/now-news.de\/de\/#organization\"},\"image\":{\"@id\":\"https:\/\/now-news.de\/de\/deutschland\/messerstecher-von-mannheim-im-kuenstlichen-koma\/#primaryimage\"},\"thumbnailUrl\":\"https:\/\/now-news.de\/de\/wp-content\/uploads\/sites\/3\/2024\/06\/Messerstecher-von-Mannheim-im-kuenstlichen-Koma.jpeg\",\"keywords\":[\"Koma\",\"K\u00fcnstlichen\",\"Mannheim\",\"Messerstecher\",\"von\"],\"articleSection\":[\"Deutschland\",\"Russland\"],\"inLanguage\":\"de\",\"potentialAction\":[{\"@type\":\"CommentAction\",\"name\":\"Comment\",\"target\":[\"https:\/\/now-news.de\/de\/deutschland\/messerstecher-von-mannheim-im-kuenstlichen-koma\/#respond\"]}]},{\"@type\":\"WebPage\",\"@id\":\"https:\/\/now-news.de\/de\/deutschland\/messerstecher-von-mannheim-im-kuenstlichen-koma\/\",\"url\":\"https:\/\/now-news.de\/de\/deutschland\/messerstecher-von-mannheim-im-kuenstlichen-koma\/\",\"name\":\"Messerstecher von Mannheim im k\u00fcnstlichen Koma - just-now.NEWS Deutschland\",\"isPartOf\":{\"@id\":\"https:\/\/now-news.de\/de\/#website\"},\"primaryImageOfPage\":{\"@id\":\"https:\/\/now-news.de\/de\/deutschland\/messerstecher-von-mannheim-im-kuenstlichen-koma\/#primaryimage\"},\"image\":{\"@id\":\"https:\/\/now-news.de\/de\/deutschland\/messerstecher-von-mannheim-im-kuenstlichen-koma\/#primaryimage\"},\"thumbnailUrl\":\"https:\/\/now-news.de\/de\/wp-content\/uploads\/sites\/3\/2024\/06\/Messerstecher-von-Mannheim-im-kuenstlichen-Koma.jpeg\",\"datePublished\":\"2024-06-16T08:41:18+00:00\",\"dateModified\":\"2024-06-16T08:41:18+00:00\",\"breadcrumb\":{\"@id\":\"https:\/\/now-news.de\/de\/deutschland\/messerstecher-von-mannheim-im-kuenstlichen-koma\/#breadcrumb\"},\"inLanguage\":\"de\",\"potentialAction\":[{\"@type\":\"ReadAction\",\"target\":[\"https:\/\/now-news.de\/de\/deutschland\/messerstecher-von-mannheim-im-kuenstlichen-koma\/\"]}]},{\"@type\":\"ImageObject\",\"inLanguage\":\"de\",\"@id\":\"https:\/\/now-news.de\/de\/deutschland\/messerstecher-von-mannheim-im-kuenstlichen-koma\/#primaryimage\",\"url\":\"https:\/\/now-news.de\/de\/wp-content\/uploads\/sites\/3\/2024\/06\/Messerstecher-von-Mannheim-im-kuenstlichen-Koma.jpeg\",\"contentUrl\":\"https:\/\/now-news.de\/de\/wp-content\/uploads\/sites\/3\/2024\/06\/Messerstecher-von-Mannheim-im-kuenstlichen-Koma.jpeg\",\"width\":460,\"height\":259,\"caption\":\"Messerstecher von Mannheim im k\u00fcnstlichen Koma\"},{\"@type\":\"BreadcrumbList\",\"@id\":\"https:\/\/now-news.de\/de\/deutschland\/messerstecher-von-mannheim-im-kuenstlichen-koma\/#breadcrumb\",\"itemListElement\":[{\"@type\":\"ListItem\",\"position\":1,\"name\":\"Home\",\"item\":\"https:\/\/now-news.de\/de\/\"},{\"@type\":\"ListItem\",\"position\":2,\"name\":\"Messerstecher von Mannheim im k\u00fcnstlichen Koma\"}]},{\"@type\":\"WebSite\",\"@id\":\"https:\/\/now-news.de\/de\/#website\",\"url\":\"https:\/\/now-news.de\/de\/\",\"name\":\"just-now.NEWS Deutschland\",\"description\":\"Das Portal f\u00fcr unzensierte Nachrichten aus der Welt\",\"publisher\":{\"@id\":\"https:\/\/now-news.de\/de\/#organization\"},\"potentialAction\":[{\"@type\":\"SearchAction\",\"target\":{\"@type\":\"EntryPoint\",\"urlTemplate\":\"https:\/\/now-news.de\/de\/?s={search_term_string}\"},\"query-input\":\"required name=search_term_string\"}],\"inLanguage\":\"de\"},{\"@type\":\"Organization\",\"@id\":\"https:\/\/now-news.de\/de\/#organization\",\"name\":\"Just Now News\",\"url\":\"https:\/\/now-news.de\/de\/\",\"logo\":{\"@type\":\"ImageObject\",\"inLanguage\":\"de\",\"@id\":\"https:\/\/now-news.de\/de\/#\/schema\/logo\/image\/\",\"url\":\"http:\/\/just-now.news\/de\/wp-content\/uploads\/sites\/3\/2022\/04\/logo500x500.jpg\",\"contentUrl\":\"http:\/\/just-now.news\/de\/wp-content\/uploads\/sites\/3\/2022\/04\/logo500x500.jpg\",\"width\":500,\"height\":500,\"caption\":\"Just Now News\"},\"image\":{\"@id\":\"https:\/\/now-news.de\/de\/#\/schema\/logo\/image\/\"},\"sameAs\":[\"https:\/\/www.facebook.com\/wirmachenauf\",\"https:\/\/x.com\/WirMachenAuf_de\"]},{\"@type\":\"Person\",\"@id\":\"https:\/\/now-news.de\/de\/#\/schema\/person\/fb534a4e865501d8b3285208df34a9b5\",\"name\":\"rtnews\",\"image\":{\"@type\":\"ImageObject\",\"inLanguage\":\"de\",\"@id\":\"https:\/\/now-news.de\/de\/#\/schema\/person\/image\/\",\"url\":\"https:\/\/secure.gravatar.com\/avatar\/82aafea7d8127119dd649515f56e2117?s=96&d=mm&r=g\",\"contentUrl\":\"https:\/\/secure.gravatar.com\/avatar\/82aafea7d8127119dd649515f56e2117?s=96&d=mm&r=g\",\"caption\":\"rtnews\"},\"url\":\"https:\/\/now-news.de\/de\/author\/rnews\/\"}]}<\/script>\n<!-- \/ Yoast SEO Premium plugin. -->","yoast_head_json":{"title":"Messerstecher von Mannheim im k\u00fcnstlichen Koma - just-now.NEWS Deutschland","robots":{"index":"index","follow":"follow","max-snippet":"max-snippet:-1","max-image-preview":"max-image-preview:large","max-video-preview":"max-video-preview:-1"},"canonical":"https:\/\/now-news.de\/de\/deutschland\/messerstecher-von-mannheim-im-kuenstlichen-koma\/","og_locale":"de_DE","og_type":"article","og_title":"Messerstecher von Mannheim im k\u00fcnstlichen Koma","og_description":"Vor \u00fcber zwei Wochen hatte ein afghanischer Messerstecher einen Polizisten in Mannheim get\u00f6tet und weitere Menschen schwer verletzt. Die Umst\u00e4nde der Tat sind noch unklar. Nun wurde bekannt, dass der T\u00e4ter im k\u00fcnstlichen Koma liegt. Der afghanische Messerstecher von Mannheim liegt nach Informationen im k\u00fcnstlichen Koma und schwebt in Lebensgefahr. Das berichtet das Portal Mannheim [&hellip;]","og_url":"https:\/\/now-news.de\/de\/deutschland\/messerstecher-von-mannheim-im-kuenstlichen-koma\/","og_site_name":"just-now.NEWS Deutschland","article_publisher":"https:\/\/www.facebook.com\/wirmachenauf","article_published_time":"2024-06-16T08:41:18+00:00","og_image":[{"url":"https:\/\/now-news.de\/de\/wp-content\/uploads\/sites\/3\/2024\/06\/666ea1f948fbef09cd222f3a.jpeg"}],"author":"rtnews","twitter_card":"summary_large_image","twitter_creator":"@WirMachenAuf_de","twitter_site":"@WirMachenAuf_de","twitter_misc":{"Verfasst von":"rtnews","Gesch\u00e4tzte Lesezeit":"1\u00a0Minute"},"schema":{"@context":"https:\/\/schema.org","@graph":[{"@type":"Article","@id":"https:\/\/now-news.de\/de\/deutschland\/messerstecher-von-mannheim-im-kuenstlichen-koma\/#article","isPartOf":{"@id":"https:\/\/now-news.de\/de\/deutschland\/messerstecher-von-mannheim-im-kuenstlichen-koma\/"},"author":{"name":"rtnews","@id":"https:\/\/now-news.de\/de\/#\/schema\/person\/fb534a4e865501d8b3285208df34a9b5"},"headline":"Messerstecher von Mannheim im k\u00fcnstlichen Koma","datePublished":"2024-06-16T08:41:18+00:00","dateModified":"2024-06-16T08:41:18+00:00","mainEntityOfPage":{"@id":"https:\/\/now-news.de\/de\/deutschland\/messerstecher-von-mannheim-im-kuenstlichen-koma\/"},"wordCount":176,"commentCount":0,"publisher":{"@id":"https:\/\/now-news.de\/de\/#organization"},"image":{"@id":"https:\/\/now-news.de\/de\/deutschland\/messerstecher-von-mannheim-im-kuenstlichen-koma\/#primaryimage"},"thumbnailUrl":"https:\/\/now-news.de\/de\/wp-content\/uploads\/sites\/3\/2024\/06\/Messerstecher-von-Mannheim-im-kuenstlichen-Koma.jpeg","keywords":["Koma","K\u00fcnstlichen","Mannheim","Messerstecher","von"],"articleSection":["Deutschland","Russland"],"inLanguage":"de","potentialAction":[{"@type":"CommentAction","name":"Comment","target":["https:\/\/now-news.de\/de\/deutschland\/messerstecher-von-mannheim-im-kuenstlichen-koma\/#respond"]}]},{"@type":"WebPage","@id":"https:\/\/now-news.de\/de\/deutschland\/messerstecher-von-mannheim-im-kuenstlichen-koma\/","url":"https:\/\/now-news.de\/de\/deutschland\/messerstecher-von-mannheim-im-kuenstlichen-koma\/","name":"Messerstecher von Mannheim im k\u00fcnstlichen Koma - just-now.NEWS Deutschland","isPartOf":{"@id":"https:\/\/now-news.de\/de\/#website"},"primaryImageOfPage":{"@id":"https:\/\/now-news.de\/de\/deutschland\/messerstecher-von-mannheim-im-kuenstlichen-koma\/#primaryimage"},"image":{"@id":"https:\/\/now-news.de\/de\/deutschland\/messerstecher-von-mannheim-im-kuenstlichen-koma\/#primaryimage"},"thumbnailUrl":"https:\/\/now-news.de\/de\/wp-content\/uploads\/sites\/3\/2024\/06\/Messerstecher-von-Mannheim-im-kuenstlichen-Koma.jpeg","datePublished":"2024-06-16T08:41:18+00:00","dateModified":"2024-06-16T08:41:18+00:00","breadcrumb":{"@id":"https:\/\/now-news.de\/de\/deutschland\/messerstecher-von-mannheim-im-kuenstlichen-koma\/#breadcrumb"},"inLanguage":"de","potentialAction":[{"@type":"ReadAction","target":["https:\/\/now-news.de\/de\/deutschland\/messerstecher-von-mannheim-im-kuenstlichen-koma\/"]}]},{"@type":"ImageObject","inLanguage":"de","@id":"https:\/\/now-news.de\/de\/deutschland\/messerstecher-von-mannheim-im-kuenstlichen-koma\/#primaryimage","url":"https:\/\/now-news.de\/de\/wp-content\/uploads\/sites\/3\/2024\/06\/Messerstecher-von-Mannheim-im-kuenstlichen-Koma.jpeg","contentUrl":"https:\/\/now-news.de\/de\/wp-content\/uploads\/sites\/3\/2024\/06\/Messerstecher-von-Mannheim-im-kuenstlichen-Koma.jpeg","width":460,"height":259,"caption":"Messerstecher von Mannheim im k\u00fcnstlichen Koma"},{"@type":"BreadcrumbList","@id":"https:\/\/now-news.de\/de\/deutschland\/messerstecher-von-mannheim-im-kuenstlichen-koma\/#breadcrumb","itemListElement":[{"@type":"ListItem","position":1,"name":"Home","item":"https:\/\/now-news.de\/de\/"},{"@type":"ListItem","position":2,"name":"Messerstecher von Mannheim im k\u00fcnstlichen Koma"}]},{"@type":"WebSite","@id":"https:\/\/now-news.de\/de\/#website","url":"https:\/\/now-news.de\/de\/","name":"just-now.NEWS Deutschland","description":"Das Portal f\u00fcr unzensierte Nachrichten aus der Welt","publisher":{"@id":"https:\/\/now-news.de\/de\/#organization"},"potentialAction":[{"@type":"SearchAction","target":{"@type":"EntryPoint","urlTemplate":"https:\/\/now-news.de\/de\/?s={search_term_string}"},"query-input":"required name=search_term_string"}],"inLanguage":"de"},{"@type":"Organization","@id":"https:\/\/now-news.de\/de\/#organization","name":"Just Now News","url":"https:\/\/now-news.de\/de\/","logo":{"@type":"ImageObject","inLanguage":"de","@id":"https:\/\/now-news.de\/de\/#\/schema\/logo\/image\/","url":"http:\/\/just-now.news\/de\/wp-content\/uploads\/sites\/3\/2022\/04\/logo500x500.jpg","contentUrl":"http:\/\/just-now.news\/de\/wp-content\/uploads\/sites\/3\/2022\/04\/logo500x500.jpg","width":500,"height":500,"caption":"Just Now News"},"image":{"@id":"https:\/\/now-news.de\/de\/#\/schema\/logo\/image\/"},"sameAs":["https:\/\/www.facebook.com\/wirmachenauf","https:\/\/x.com\/WirMachenAuf_de"]},{"@type":"Person","@id":"https:\/\/now-news.de\/de\/#\/schema\/person\/fb534a4e865501d8b3285208df34a9b5","name":"rtnews","image":{"@type":"ImageObject","inLanguage":"de","@id":"https:\/\/now-news.de\/de\/#\/schema\/person\/image\/","url":"https:\/\/secure.gravatar.com\/avatar\/82aafea7d8127119dd649515f56e2117?s=96&d=mm&r=g","contentUrl":"https:\/\/secure.gravatar.com\/avatar\/82aafea7d8127119dd649515f56e2117?s=96&d=mm&r=g","caption":"rtnews"},"url":"https:\/\/now-news.de\/de\/author\/rnews\/"}]}},"_links":{"self":[{"href":"https:\/\/now-news.de\/de\/wp-json\/wp\/v2\/posts\/61268"}],"collection":[{"href":"https:\/\/now-news.de\/de\/wp-json\/wp\/v2\/posts"}],"about":[{"href":"https:\/\/now-news.de\/de\/wp-json\/wp\/v2\/types\/post"}],"author":[{"embeddable":true,"href":"https:\/\/now-news.de\/de\/wp-json\/wp\/v2\/users\/3"}],"replies":[{"embeddable":true,"href":"https:\/\/now-news.de\/de\/wp-json\/wp\/v2\/comments?post=61268"}],"version-history":[{"count":0,"href":"https:\/\/now-news.de\/de\/wp-json\/wp\/v2\/posts\/61268\/revisions"}],"wp:featuredmedia":[{"embeddable":true,"href":"https:\/\/now-news.de\/de\/wp-json\/wp\/v2\/media\/61269"}],"wp:attachment":[{"href":"https:\/\/now-news.de\/de\/wp-json\/wp\/v2\/media?parent=61268"}],"wp:term":[{"taxonomy":"category","embeddable":true,"href":"https:\/\/now-news.de\/de\/wp-json\/wp\/v2\/categories?post=61268"},{"taxonomy":"post_tag","embeddable":true,"href":"https:\/\/now-news.de\/de\/wp-json\/wp\/v2\/tags?post=61268"}],"curies":[{"name":"wp","href":"https:\/\/api.w.org\/{rel}","templated":true}]}}