{"id":61144,"date":"2024-06-16T07:30:00","date_gmt":"2024-06-16T05:30:00","guid":{"rendered":"https:\/\/now-news.de\/de\/deutschland\/ein-nato-gaensebluemchen-in-wiesbaden\/"},"modified":"2024-06-16T07:30:00","modified_gmt":"2024-06-16T05:30:00","slug":"ein-nato-gaensebluemchen-in-wiesbaden","status":"publish","type":"post","link":"https:\/\/now-news.de\/de\/deutschland\/ein-nato-gaensebluemchen-in-wiesbaden\/","title":{"rendered":"Ein NATO-G\u00e4nsebl\u00fcmchen in Wiesbaden"},"content":{"rendered":"<p><img decoding=\"async\" src=\"https:\/\/now-news.de\/de\/wp-content\/uploads\/sites\/3\/2024\/06\/666c7a6eb480cc4dbd6bfc33.jpg\" \/><\/p>\n<div class=\"Text-root Text-type_1 \">\n                Sie ist ganz unschuldig, die Entscheidung der NATO, ein neues Hauptquartier in Wiesbaden zu errichten, das sich um die Ukraine k\u00fcmmert, so die \u00f6ffentlichen Beteuerungen. Aber wie immer steckt der Teufel im Detail. Ganz so unschuldig ist er nicht, dieser Beschluss.\n            <\/div>\n<p><\/p>\n<div class=\"Text-root Text-type_5 ArticleView-text ViewText-root \">\n<p><em>Von Dagmar Henn<\/em><\/p>\n<p>Ein unheimliches Gef\u00fchl \u00fcberkommt einen schon angesichts dieser Meldung. Ein neues NATO-Hauptquartier in Wiesbaden, um &#8220;die Koordinierung von Waffenlieferungen und Ausbildungsaktivit\u00e4ten f\u00fcr die ukrainischen Streitkr\u00e4fte&#8221; zu \u00fcbernehmen? Und das alles angeblich als Vorsorge, damit der dr\u00e4uende k\u00fcnftige US-Pr\u00e4sident Donald Trump das h\u00fcbsche Spiel in der Ukraine nicht kaputt machen kann?<\/p>\n<p>Die <em>Tagesschau<\/em>\u00a0<a rel=\"nofollow noopener\" target=\"_blank\" href=\"https:\/\/www.tagesschau.de\/inland\/nato-ukraine-hauptquartier-wiesbaden-100.html\">berichtet<\/a> dann auch noch, die meisten NATO-Staaten h\u00e4tten sich bei diesem von den Verteidigungsministern heute abgenickten Beschluss f\u00fcr eine Bezeichnung als &#8220;NATO-Mission Ukraine&#8221; ausgesprochen; nur die Deutschen h\u00e4tten wieder einmal bef\u00fcrchtet, da k\u00f6nne man annehmen, es sollten Soldaten in die Ukraine geschickt werden, weshalb das Kind dann &#8220;NATO Security Assistance and Training for Ukraine&#8221; (NATO Sicherheitsunterst\u00fctzung und Ausbildung f\u00fcr die Ukraine) genannt wurde. Der Name, so angeblich die Bundesregierung, k\u00f6nne &#8220;von Russland f\u00fcr Propaganda gegen die Allianz genutzt werden&#8221;.<\/p>\n<p>Was interessanterweise die Erwartung belegt, Russland ginge noch davon aus, dass im Westen \u00fcberall das drin ist, was draufsteht, und deshalb allein die Benennung daf\u00fcr sorgen k\u00f6nne, dass man nichts B\u00f6seres dahinter vermutet. Was gleich zwei grunds\u00e4tzliche Tatsachen \u00fcbergeht. Erstens, Russland hat schon vielfach die Erfahrung gemacht, dass der Westen betr\u00fcgt \u2013 bei den Minsker Abkommen beispielsweise. Und zweitens glaubt man in Russland weit weniger an Beschw\u00f6rungen (wie &#8220;die Ukraine muss siegen&#8221;), sondern eher an materielle Tatsachen, Handfestes sozusagen. Es w\u00fcrde auch nichts n\u00fctzen, wenn die Leopard-Panzer morgen G\u00e4nsebl\u00fcmchen hie\u00dfen, sie w\u00fcrden genauso abgefackelt.<\/p>\n<p>Aber mit welcher Art G\u00e4nsebl\u00fcmchen hat man es hier zu tun? Immerhin gab es schon seit 2022 etwas \u00c4hnliches in Wiesbaden. In der <a rel=\"nofollow noopener\" target=\"_blank\" href=\"https:\/\/www.google.com\/url?sa=t&amp;source=web&amp;rct=j&amp;opi=89978449&amp;url=https:\/\/www.europeafrica.army.mil\/ArticleViewPressRelease\/Article\/3219717\/press-release-us-department-of-defense-establishes-security-assistance-group-uk\/&amp;ved=2ahUKEwjXjrjYtNuGAxV6RqQEHWIJANUQFnoECAYQAQ&amp;usg=AOvVaw1nUE83Lt9TlQmOFt8HOyof\">Presseerkl\u00e4rung<\/a> des US-Verteidigungsministeriums zur Einrichtung der &#8220;Sicherheitsunterst\u00fctzungsgruppe Ukraine&#8221; vom 16. November 2022 erkl\u00e4rte die Pressesprecherin Sabrina Singh:<\/p>\n<blockquote>\n<p><em>&#8220;Ich freue mich anzuk\u00fcndigen, dass das Ministerium eine Sicherheitsunterst\u00fctzungsgruppe Ukraine einrichten wird, die wir SAG-U nennen werden, und die ein daf\u00fcr bestimmtes Element des Hauptquartiers in Wiesbaden, Deutschland, ist und unter dem U.S. Europakommando [EUCOM] unsere Bem\u00fchungen abstimmen wird.&#8221;<\/em><\/p>\n<\/blockquote>\n<p>Ganze 300 Personen wurden aus den USA daf\u00fcr nach Wiesbaden verbracht.<\/p>\n<blockquote>\n<p><em>&#8220;Die neuen 300 werden letztlich aus den Vereinigten Staaten kommen und Individuen aus der US-Armee, der US-Marine, der US-Luftwaffe und dem US-Marine Corps umfassen&#8221;.<\/em><\/p>\n<\/blockquote>\n<p>In der damaligen Erkl\u00e4rung wurde zugesichert, dass die US-Milit\u00e4reinrichtungen in Hessen weder Ukrainer ausbilden noch Lieferungen \u00fcber den Flughafen der Lucius D. Clay-Kaserne erfolgen w\u00fcrden. Wie bekannt ist, fanden die Ausbildungen durch die US-Streitkr\u00e4fte (die weniger als ein F\u00fcnftel der insgesamt ausgebildeten Ukrainer umfassten) zum gro\u00dfen Teil in Grafenw\u00f6hr in Bayern statt.<\/p>\n<p>Wenn es allerdings wirklich um das vermeintlich unschuldige Anliegen ginge, Donald Trump im Voraus daran zu hindern, den Krieg in der Ukraine zu beenden, und deshalb die ganze Koordinierung \u00fcber NATO-Strukturen statt \u00fcber die erw\u00e4hnten 300 US-Soldaten geschehen soll, dann w\u00e4re eine Unterbringung bei der US-Armee in Wiesbaden ausgesprochen unlogisch. Schlie\u00dflich k\u00f6nnte Trump ja dann die ganze Truppe jederzeit an die Luft setzen. Und es sieht nicht danach aus, als solle das vorhandene Personal komplett ersetzt werden; vielmehr entsteht der Eindruck, als wolle man das Etikett wechseln und dann noch etwas mit Personal aus anderen NATO-Staaten aufstocken \u2013 das aber ohnehin schon im alten Konzept bereits mit beteiligt war, weil bereits in der alten Presseerkl\u00e4rung von &#8220;zusammen mit Verb\u00fcndeten und Partnern&#8221; die Rede ist.<\/p>\n<p>Strukturell d\u00fcrfte sich also kaum etwas \u00e4ndern. Sogar die letztlich verantwortliche Person bleibt gleich, wenn auch der US-General Christopher Cavoli, der bisher in seiner Eigenschaft als Kommandeur von EUCOM, dem US-Kommando in Europa, diese Truppe befehligte, dies nun in seiner Eigenschaft als SACEUR, als Alliierter Oberkommandierender in Europa, tut.<\/p>\n<p>Aber da kommen wir an einen ganz anderen Punkt. Auch das macht bezogen auf den vermeintlichen Anlass namens Donald Trump wenig Sinn, denn US-Soldat bleibt US-Soldat und damit immer dem jeweiligen Pr\u00e4sidenten unterstellt, weshalb ein R\u00fcckzug der Vereinigten Staaten genau die gleiche Auswirkung h\u00e4tte \u2013 gleich, ob Herr Cavoli seinen Hut als EUCOM oder als SACEUR aufgesetzt hat.<\/p>\n<p>Vielleicht sollte man, ehe man zu den Konsequenzen dieser Verlagerung \u00fcbergeht, noch drei Dinge in Erinnerung rufen \u2013 die von Macron losgetretene Debatte \u00fcber Truppenentsendungen in die Ukraine, die Ver\u00f6ffentlichungen \u00fcber NATO-Pl\u00e4ne, wie man US-Truppen nach Europa bringen k\u00f6nnte, und das kleine, v\u00f6llig unwichtige Detail, dass die Menge der an die Ukraine gelieferten Waffen ebenso im R\u00fcckgang begriffen ist, weil manche Staaten schlicht nichts mehr liefern k\u00f6nnen (in der Slowakei wird es jetzt wohl einen Prozess gegen die ehemalige Regierung geben, weil sie die Luftabwehr des Landes komplett nach Kiew verschenkt hat), wie auch die Zahl der auszubildenden Ukrainer deutlich abnehmen d\u00fcrfte. Schlie\u00dflich kann man Einheiten nur dann zur Ausbildung andernorts schicken, wenn man sie nicht braucht, um neue L\u00f6cher in der Front zu stopfen.<\/p>\n<p>Es ist also kaum anzunehmen, dass die laut Pentagon vorhandenen 300 Mitarbeiter sich k\u00fcnftig \u00fcberarbeiten w\u00fcrden, jedenfalls nicht, wenn die erkl\u00e4rte Aufgabe der tats\u00e4chlichen entspricht. Aber da ist nicht nur der Drang, das Ganze NATO-Mission Ukraine zu nennen, der stutzig macht. Denn angesichts der Tatsache, dass die jetzige Struktur ziemlich so hei\u00dft, wie die neue vermeintlich auf deutschen Wunsch hei\u00dfen soll, ist eine Umbenennung in NATO-Mission Ukraine eher Ausdruck von Vorstellungen, die vom bisher Vorhandenen abweichen.<\/p>\n<p>Nebenbei, Cavoli ist nicht nur derjenige, der die regelm\u00e4\u00dfigen Treffen in Ramstein leitet, bei denen die n\u00e4chsten Lieferungen nach Kiew ausbaldowert werden, sondern er war auch derjenige, der die Planungen f\u00fcr die gro\u00dfe ukrainische Offensive im vergangenen Sommer beaufsichtigt hat. Der in Wiesbaden geborene Heeresgeneral spricht Russisch und war von 2001 bis 2005 im Generalstab in Washington f\u00fcr Russland zust\u00e4ndig. Im Jahr 2020 wurde er zum Kommandeur der US-Armee in Europa und Afrika in Wiesbaden, und 2022 zum Kommandeur von EUCOM und damit auch zum SACEUR. Man k\u00f6nnte annehmen, dass diese Personalentscheidung bereits strategische Ziele verfolgte.<\/p>\n<p>Der wirklich entscheidende Punkt diese NATO-Entscheidung betreffend findet sich aber in den zwei H\u00fcten des Generals Cavoli. Solange er als Chef von EUCOM auftritt, erstreckt sich seine Befehlsgewalt auf die US-Truppen in Europa, und nur auf diese. Als SACEUR hat er aber, sofern das NATO-Hauptquartier in Br\u00fcssel die entsprechende Entscheidung f\u00e4llt, Befehlsgewalt \u00fcber die gesamten NATO-Truppen.<\/p>\n<p>Der entscheidende Unterschied zwischen der jetzigen SAG-U und der neuen, gerade mal nicht &#8220;NATO-Mission Ukraine&#8221; genannten Struktur liegt also darin, dass SAG-U zwar mit ihrer Zusammensetzung (die, betrachtet man die benannten Aufgaben, mit ihrer Einbindung aller Abteilungen der US-Streitkr\u00e4fte wirklich \u00fcbertrieben ist), aber nicht mit ihrer Einbindung in die Befehlsstrukturen von einer harmlosen &#8220;Unterst\u00fctzungsgruppe&#8221; in ein aktives milit\u00e4risches Hauptquartier verwandelt werden kann, was bei einer Struktur unter Befehl von SACEUR ganz anders aussieht.<\/p>\n<p>Sollte man in Russland den Beteuerungen, es ginge nur um ein bisschen Hilfe und Ausbildung und darum, den Krieg in der Ukraine weiter am Leben zu erhalten, nicht allzu viel Glauben schenken und andere Absichten hinter diesem G\u00e4nsebl\u00fcmchen vermuten, g\u00e4be es daf\u00fcr nur allzu gute Gr\u00fcnde. Aber immerhin, solange das alles treulich bei den bereits vorhandenen US-Einrichtungen angesiedelt bleibt, hat das, SACEUR hin oder her, zumindest einen Vorteil: Die Zielkoordinaten f\u00fcr den Ernstfall sind bereits bekannt.<\/p>\n<p><strong>Mehr zum Thema<\/strong> &#8211; <a rel=\"nofollow noopener\" target=\"_blank\" href=\"https:\/\/freedert.online\/europa\/208565-viktor-orban-eu-koennte-ukraine\/\">Viktor Orb\u00e1n: EU k\u00f6nnte Ukraine-Konflikt in 24 Stunden beenden <\/a><\/p>\n<\/div>\n<p><br \/>\n<br \/><a href=\"https:\/\/de.rt.com\/meinung\/209219-nato-gaensebluemchen-in-wiesbaden\/\">Source link <\/a><\/p>\n","protected":false},"excerpt":{"rendered":"<p>Sie ist ganz unschuldig, die Entscheidung der NATO, ein neues Hauptquartier in Wiesbaden zu errichten, das sich um die Ukraine k\u00fcmmert, so die \u00f6ffentlichen Beteuerungen. Aber wie immer steckt der Teufel im Detail. Ganz so unschuldig ist er nicht, dieser Beschluss. Von Dagmar Henn Ein unheimliches Gef\u00fchl \u00fcberkommt einen schon angesichts dieser Meldung. Ein neues [&hellip;]<\/p>\n","protected":false},"author":3,"featured_media":61145,"comment_status":"open","ping_status":"open","sticky":false,"template":"","format":"standard","meta":{"_yoast_indexnow_last_ping":["1718516497"],"wp_automatic_camp":["217"],"cafd34cf2ccbcae558eec89f6de4c85c":["Ein NATO-G\u00e4nsebl\u00fcmchen in Wiesbaden"],"original_link":["https:\/\/de.rt.com\/meinung\/209219-nato-gaensebluemchen-in-wiesbaden\/"],"_thumbnail_id":["61145"],"jnews_social_counter_last_update":["1777378110"],"_wptgpro_p2tg_sent2tg":["a:1:{i:23737;s:19:\"2024-06-16 07:42:38\";}"]},"categories":[19,23],"tags":[357,55769,33733],"yoast_head":"<!-- This site is optimized with the Yoast SEO Premium plugin v22.7 (Yoast SEO v22.7) - https:\/\/yoast.com\/wordpress\/plugins\/seo\/ -->\n<title>Ein NATO-G\u00e4nsebl\u00fcmchen in Wiesbaden - just-now.NEWS Deutschland<\/title>\n<meta name=\"robots\" content=\"index, follow, max-snippet:-1, max-image-preview:large, max-video-preview:-1\" \/>\n<link rel=\"canonical\" href=\"https:\/\/now-news.de\/de\/deutschland\/ein-nato-gaensebluemchen-in-wiesbaden\/\" \/>\n<meta property=\"og:locale\" content=\"de_DE\" \/>\n<meta property=\"og:type\" content=\"article\" \/>\n<meta property=\"og:title\" content=\"Ein NATO-G\u00e4nsebl\u00fcmchen in Wiesbaden\" \/>\n<meta property=\"og:description\" content=\"Sie ist ganz unschuldig, die Entscheidung der NATO, ein neues Hauptquartier in Wiesbaden zu errichten, das sich um die Ukraine k\u00fcmmert, so die \u00f6ffentlichen Beteuerungen. Aber wie immer steckt der Teufel im Detail. Ganz so unschuldig ist er nicht, dieser Beschluss. Von Dagmar Henn Ein unheimliches Gef\u00fchl \u00fcberkommt einen schon angesichts dieser Meldung. Ein neues [&hellip;]\" \/>\n<meta property=\"og:url\" content=\"https:\/\/now-news.de\/de\/deutschland\/ein-nato-gaensebluemchen-in-wiesbaden\/\" \/>\n<meta property=\"og:site_name\" content=\"just-now.NEWS Deutschland\" \/>\n<meta property=\"article:publisher\" content=\"https:\/\/www.facebook.com\/wirmachenauf\" \/>\n<meta property=\"article:published_time\" content=\"2024-06-16T05:30:00+00:00\" \/>\n<meta property=\"og:image\" content=\"https:\/\/now-news.de\/de\/wp-content\/uploads\/sites\/3\/2024\/06\/666c7a6eb480cc4dbd6bfc33.jpg\" \/>\n<meta name=\"author\" content=\"rtnews\" \/>\n<meta name=\"twitter:card\" content=\"summary_large_image\" \/>\n<meta name=\"twitter:creator\" content=\"@WirMachenAuf_de\" \/>\n<meta name=\"twitter:site\" content=\"@WirMachenAuf_de\" \/>\n<meta name=\"twitter:label1\" content=\"Verfasst von\" \/>\n\t<meta name=\"twitter:data1\" content=\"rtnews\" \/>\n\t<meta name=\"twitter:label2\" content=\"Gesch\u00e4tzte Lesezeit\" \/>\n\t<meta name=\"twitter:data2\" content=\"6\u00a0Minuten\" \/>\n<script type=\"application\/ld+json\" class=\"yoast-schema-graph\">{\"@context\":\"https:\/\/schema.org\",\"@graph\":[{\"@type\":\"Article\",\"@id\":\"https:\/\/now-news.de\/de\/deutschland\/ein-nato-gaensebluemchen-in-wiesbaden\/#article\",\"isPartOf\":{\"@id\":\"https:\/\/now-news.de\/de\/deutschland\/ein-nato-gaensebluemchen-in-wiesbaden\/\"},\"author\":{\"name\":\"rtnews\",\"@id\":\"https:\/\/now-news.de\/de\/#\/schema\/person\/fb534a4e865501d8b3285208df34a9b5\"},\"headline\":\"Ein NATO-G\u00e4nsebl\u00fcmchen in Wiesbaden\",\"datePublished\":\"2024-06-16T05:30:00+00:00\",\"dateModified\":\"2024-06-16T05:30:00+00:00\",\"mainEntityOfPage\":{\"@id\":\"https:\/\/now-news.de\/de\/deutschland\/ein-nato-gaensebluemchen-in-wiesbaden\/\"},\"wordCount\":1268,\"commentCount\":0,\"publisher\":{\"@id\":\"https:\/\/now-news.de\/de\/#organization\"},\"image\":{\"@id\":\"https:\/\/now-news.de\/de\/deutschland\/ein-nato-gaensebluemchen-in-wiesbaden\/#primaryimage\"},\"thumbnailUrl\":\"https:\/\/now-news.de\/de\/wp-content\/uploads\/sites\/3\/2024\/06\/Ein-NATO-Gaensebluemchen-in-Wiesbaden.jpg\",\"keywords\":[\"ein\",\"NATOG\u00e4nsebl\u00fcmchen\",\"Wiesbaden\"],\"articleSection\":[\"Deutschland\",\"Russland\"],\"inLanguage\":\"de\",\"potentialAction\":[{\"@type\":\"CommentAction\",\"name\":\"Comment\",\"target\":[\"https:\/\/now-news.de\/de\/deutschland\/ein-nato-gaensebluemchen-in-wiesbaden\/#respond\"]}]},{\"@type\":\"WebPage\",\"@id\":\"https:\/\/now-news.de\/de\/deutschland\/ein-nato-gaensebluemchen-in-wiesbaden\/\",\"url\":\"https:\/\/now-news.de\/de\/deutschland\/ein-nato-gaensebluemchen-in-wiesbaden\/\",\"name\":\"Ein NATO-G\u00e4nsebl\u00fcmchen in Wiesbaden - just-now.NEWS Deutschland\",\"isPartOf\":{\"@id\":\"https:\/\/now-news.de\/de\/#website\"},\"primaryImageOfPage\":{\"@id\":\"https:\/\/now-news.de\/de\/deutschland\/ein-nato-gaensebluemchen-in-wiesbaden\/#primaryimage\"},\"image\":{\"@id\":\"https:\/\/now-news.de\/de\/deutschland\/ein-nato-gaensebluemchen-in-wiesbaden\/#primaryimage\"},\"thumbnailUrl\":\"https:\/\/now-news.de\/de\/wp-content\/uploads\/sites\/3\/2024\/06\/Ein-NATO-Gaensebluemchen-in-Wiesbaden.jpg\",\"datePublished\":\"2024-06-16T05:30:00+00:00\",\"dateModified\":\"2024-06-16T05:30:00+00:00\",\"breadcrumb\":{\"@id\":\"https:\/\/now-news.de\/de\/deutschland\/ein-nato-gaensebluemchen-in-wiesbaden\/#breadcrumb\"},\"inLanguage\":\"de\",\"potentialAction\":[{\"@type\":\"ReadAction\",\"target\":[\"https:\/\/now-news.de\/de\/deutschland\/ein-nato-gaensebluemchen-in-wiesbaden\/\"]}]},{\"@type\":\"ImageObject\",\"inLanguage\":\"de\",\"@id\":\"https:\/\/now-news.de\/de\/deutschland\/ein-nato-gaensebluemchen-in-wiesbaden\/#primaryimage\",\"url\":\"https:\/\/now-news.de\/de\/wp-content\/uploads\/sites\/3\/2024\/06\/Ein-NATO-Gaensebluemchen-in-Wiesbaden.jpg\",\"contentUrl\":\"https:\/\/now-news.de\/de\/wp-content\/uploads\/sites\/3\/2024\/06\/Ein-NATO-Gaensebluemchen-in-Wiesbaden.jpg\",\"width\":460,\"height\":259,\"caption\":\"Ein NATO-G\u00e4nsebl\u00fcmchen in Wiesbaden\"},{\"@type\":\"BreadcrumbList\",\"@id\":\"https:\/\/now-news.de\/de\/deutschland\/ein-nato-gaensebluemchen-in-wiesbaden\/#breadcrumb\",\"itemListElement\":[{\"@type\":\"ListItem\",\"position\":1,\"name\":\"Home\",\"item\":\"https:\/\/now-news.de\/de\/\"},{\"@type\":\"ListItem\",\"position\":2,\"name\":\"Ein NATO-G\u00e4nsebl\u00fcmchen in Wiesbaden\"}]},{\"@type\":\"WebSite\",\"@id\":\"https:\/\/now-news.de\/de\/#website\",\"url\":\"https:\/\/now-news.de\/de\/\",\"name\":\"just-now.NEWS Deutschland\",\"description\":\"Das Portal f\u00fcr unzensierte Nachrichten aus der Welt\",\"publisher\":{\"@id\":\"https:\/\/now-news.de\/de\/#organization\"},\"potentialAction\":[{\"@type\":\"SearchAction\",\"target\":{\"@type\":\"EntryPoint\",\"urlTemplate\":\"https:\/\/now-news.de\/de\/?s={search_term_string}\"},\"query-input\":\"required name=search_term_string\"}],\"inLanguage\":\"de\"},{\"@type\":\"Organization\",\"@id\":\"https:\/\/now-news.de\/de\/#organization\",\"name\":\"Just Now News\",\"url\":\"https:\/\/now-news.de\/de\/\",\"logo\":{\"@type\":\"ImageObject\",\"inLanguage\":\"de\",\"@id\":\"https:\/\/now-news.de\/de\/#\/schema\/logo\/image\/\",\"url\":\"http:\/\/just-now.news\/de\/wp-content\/uploads\/sites\/3\/2022\/04\/logo500x500.jpg\",\"contentUrl\":\"http:\/\/just-now.news\/de\/wp-content\/uploads\/sites\/3\/2022\/04\/logo500x500.jpg\",\"width\":500,\"height\":500,\"caption\":\"Just Now News\"},\"image\":{\"@id\":\"https:\/\/now-news.de\/de\/#\/schema\/logo\/image\/\"},\"sameAs\":[\"https:\/\/www.facebook.com\/wirmachenauf\",\"https:\/\/x.com\/WirMachenAuf_de\"]},{\"@type\":\"Person\",\"@id\":\"https:\/\/now-news.de\/de\/#\/schema\/person\/fb534a4e865501d8b3285208df34a9b5\",\"name\":\"rtnews\",\"image\":{\"@type\":\"ImageObject\",\"inLanguage\":\"de\",\"@id\":\"https:\/\/now-news.de\/de\/#\/schema\/person\/image\/\",\"url\":\"https:\/\/secure.gravatar.com\/avatar\/82aafea7d8127119dd649515f56e2117?s=96&d=mm&r=g\",\"contentUrl\":\"https:\/\/secure.gravatar.com\/avatar\/82aafea7d8127119dd649515f56e2117?s=96&d=mm&r=g\",\"caption\":\"rtnews\"},\"url\":\"https:\/\/now-news.de\/de\/author\/rnews\/\"}]}<\/script>\n<!-- \/ Yoast SEO Premium plugin. -->","yoast_head_json":{"title":"Ein NATO-G\u00e4nsebl\u00fcmchen in Wiesbaden - just-now.NEWS Deutschland","robots":{"index":"index","follow":"follow","max-snippet":"max-snippet:-1","max-image-preview":"max-image-preview:large","max-video-preview":"max-video-preview:-1"},"canonical":"https:\/\/now-news.de\/de\/deutschland\/ein-nato-gaensebluemchen-in-wiesbaden\/","og_locale":"de_DE","og_type":"article","og_title":"Ein NATO-G\u00e4nsebl\u00fcmchen in Wiesbaden","og_description":"Sie ist ganz unschuldig, die Entscheidung der NATO, ein neues Hauptquartier in Wiesbaden zu errichten, das sich um die Ukraine k\u00fcmmert, so die \u00f6ffentlichen Beteuerungen. Aber wie immer steckt der Teufel im Detail. Ganz so unschuldig ist er nicht, dieser Beschluss. Von Dagmar Henn Ein unheimliches Gef\u00fchl \u00fcberkommt einen schon angesichts dieser Meldung. Ein neues [&hellip;]","og_url":"https:\/\/now-news.de\/de\/deutschland\/ein-nato-gaensebluemchen-in-wiesbaden\/","og_site_name":"just-now.NEWS Deutschland","article_publisher":"https:\/\/www.facebook.com\/wirmachenauf","article_published_time":"2024-06-16T05:30:00+00:00","og_image":[{"url":"https:\/\/now-news.de\/de\/wp-content\/uploads\/sites\/3\/2024\/06\/666c7a6eb480cc4dbd6bfc33.jpg"}],"author":"rtnews","twitter_card":"summary_large_image","twitter_creator":"@WirMachenAuf_de","twitter_site":"@WirMachenAuf_de","twitter_misc":{"Verfasst von":"rtnews","Gesch\u00e4tzte Lesezeit":"6\u00a0Minuten"},"schema":{"@context":"https:\/\/schema.org","@graph":[{"@type":"Article","@id":"https:\/\/now-news.de\/de\/deutschland\/ein-nato-gaensebluemchen-in-wiesbaden\/#article","isPartOf":{"@id":"https:\/\/now-news.de\/de\/deutschland\/ein-nato-gaensebluemchen-in-wiesbaden\/"},"author":{"name":"rtnews","@id":"https:\/\/now-news.de\/de\/#\/schema\/person\/fb534a4e865501d8b3285208df34a9b5"},"headline":"Ein NATO-G\u00e4nsebl\u00fcmchen in Wiesbaden","datePublished":"2024-06-16T05:30:00+00:00","dateModified":"2024-06-16T05:30:00+00:00","mainEntityOfPage":{"@id":"https:\/\/now-news.de\/de\/deutschland\/ein-nato-gaensebluemchen-in-wiesbaden\/"},"wordCount":1268,"commentCount":0,"publisher":{"@id":"https:\/\/now-news.de\/de\/#organization"},"image":{"@id":"https:\/\/now-news.de\/de\/deutschland\/ein-nato-gaensebluemchen-in-wiesbaden\/#primaryimage"},"thumbnailUrl":"https:\/\/now-news.de\/de\/wp-content\/uploads\/sites\/3\/2024\/06\/Ein-NATO-Gaensebluemchen-in-Wiesbaden.jpg","keywords":["ein","NATOG\u00e4nsebl\u00fcmchen","Wiesbaden"],"articleSection":["Deutschland","Russland"],"inLanguage":"de","potentialAction":[{"@type":"CommentAction","name":"Comment","target":["https:\/\/now-news.de\/de\/deutschland\/ein-nato-gaensebluemchen-in-wiesbaden\/#respond"]}]},{"@type":"WebPage","@id":"https:\/\/now-news.de\/de\/deutschland\/ein-nato-gaensebluemchen-in-wiesbaden\/","url":"https:\/\/now-news.de\/de\/deutschland\/ein-nato-gaensebluemchen-in-wiesbaden\/","name":"Ein NATO-G\u00e4nsebl\u00fcmchen in Wiesbaden - just-now.NEWS Deutschland","isPartOf":{"@id":"https:\/\/now-news.de\/de\/#website"},"primaryImageOfPage":{"@id":"https:\/\/now-news.de\/de\/deutschland\/ein-nato-gaensebluemchen-in-wiesbaden\/#primaryimage"},"image":{"@id":"https:\/\/now-news.de\/de\/deutschland\/ein-nato-gaensebluemchen-in-wiesbaden\/#primaryimage"},"thumbnailUrl":"https:\/\/now-news.de\/de\/wp-content\/uploads\/sites\/3\/2024\/06\/Ein-NATO-Gaensebluemchen-in-Wiesbaden.jpg","datePublished":"2024-06-16T05:30:00+00:00","dateModified":"2024-06-16T05:30:00+00:00","breadcrumb":{"@id":"https:\/\/now-news.de\/de\/deutschland\/ein-nato-gaensebluemchen-in-wiesbaden\/#breadcrumb"},"inLanguage":"de","potentialAction":[{"@type":"ReadAction","target":["https:\/\/now-news.de\/de\/deutschland\/ein-nato-gaensebluemchen-in-wiesbaden\/"]}]},{"@type":"ImageObject","inLanguage":"de","@id":"https:\/\/now-news.de\/de\/deutschland\/ein-nato-gaensebluemchen-in-wiesbaden\/#primaryimage","url":"https:\/\/now-news.de\/de\/wp-content\/uploads\/sites\/3\/2024\/06\/Ein-NATO-Gaensebluemchen-in-Wiesbaden.jpg","contentUrl":"https:\/\/now-news.de\/de\/wp-content\/uploads\/sites\/3\/2024\/06\/Ein-NATO-Gaensebluemchen-in-Wiesbaden.jpg","width":460,"height":259,"caption":"Ein NATO-G\u00e4nsebl\u00fcmchen in Wiesbaden"},{"@type":"BreadcrumbList","@id":"https:\/\/now-news.de\/de\/deutschland\/ein-nato-gaensebluemchen-in-wiesbaden\/#breadcrumb","itemListElement":[{"@type":"ListItem","position":1,"name":"Home","item":"https:\/\/now-news.de\/de\/"},{"@type":"ListItem","position":2,"name":"Ein NATO-G\u00e4nsebl\u00fcmchen in Wiesbaden"}]},{"@type":"WebSite","@id":"https:\/\/now-news.de\/de\/#website","url":"https:\/\/now-news.de\/de\/","name":"just-now.NEWS Deutschland","description":"Das Portal f\u00fcr unzensierte Nachrichten aus der Welt","publisher":{"@id":"https:\/\/now-news.de\/de\/#organization"},"potentialAction":[{"@type":"SearchAction","target":{"@type":"EntryPoint","urlTemplate":"https:\/\/now-news.de\/de\/?s={search_term_string}"},"query-input":"required name=search_term_string"}],"inLanguage":"de"},{"@type":"Organization","@id":"https:\/\/now-news.de\/de\/#organization","name":"Just Now News","url":"https:\/\/now-news.de\/de\/","logo":{"@type":"ImageObject","inLanguage":"de","@id":"https:\/\/now-news.de\/de\/#\/schema\/logo\/image\/","url":"http:\/\/just-now.news\/de\/wp-content\/uploads\/sites\/3\/2022\/04\/logo500x500.jpg","contentUrl":"http:\/\/just-now.news\/de\/wp-content\/uploads\/sites\/3\/2022\/04\/logo500x500.jpg","width":500,"height":500,"caption":"Just Now News"},"image":{"@id":"https:\/\/now-news.de\/de\/#\/schema\/logo\/image\/"},"sameAs":["https:\/\/www.facebook.com\/wirmachenauf","https:\/\/x.com\/WirMachenAuf_de"]},{"@type":"Person","@id":"https:\/\/now-news.de\/de\/#\/schema\/person\/fb534a4e865501d8b3285208df34a9b5","name":"rtnews","image":{"@type":"ImageObject","inLanguage":"de","@id":"https:\/\/now-news.de\/de\/#\/schema\/person\/image\/","url":"https:\/\/secure.gravatar.com\/avatar\/82aafea7d8127119dd649515f56e2117?s=96&d=mm&r=g","contentUrl":"https:\/\/secure.gravatar.com\/avatar\/82aafea7d8127119dd649515f56e2117?s=96&d=mm&r=g","caption":"rtnews"},"url":"https:\/\/now-news.de\/de\/author\/rnews\/"}]}},"_links":{"self":[{"href":"https:\/\/now-news.de\/de\/wp-json\/wp\/v2\/posts\/61144"}],"collection":[{"href":"https:\/\/now-news.de\/de\/wp-json\/wp\/v2\/posts"}],"about":[{"href":"https:\/\/now-news.de\/de\/wp-json\/wp\/v2\/types\/post"}],"author":[{"embeddable":true,"href":"https:\/\/now-news.de\/de\/wp-json\/wp\/v2\/users\/3"}],"replies":[{"embeddable":true,"href":"https:\/\/now-news.de\/de\/wp-json\/wp\/v2\/comments?post=61144"}],"version-history":[{"count":0,"href":"https:\/\/now-news.de\/de\/wp-json\/wp\/v2\/posts\/61144\/revisions"}],"wp:featuredmedia":[{"embeddable":true,"href":"https:\/\/now-news.de\/de\/wp-json\/wp\/v2\/media\/61145"}],"wp:attachment":[{"href":"https:\/\/now-news.de\/de\/wp-json\/wp\/v2\/media?parent=61144"}],"wp:term":[{"taxonomy":"category","embeddable":true,"href":"https:\/\/now-news.de\/de\/wp-json\/wp\/v2\/categories?post=61144"},{"taxonomy":"post_tag","embeddable":true,"href":"https:\/\/now-news.de\/de\/wp-json\/wp\/v2\/tags?post=61144"}],"curies":[{"name":"wp","href":"https:\/\/api.w.org\/{rel}","templated":true}]}}