{"id":6104,"date":"2022-05-02T18:20:00","date_gmt":"2022-05-02T16:20:00","guid":{"rendered":"http:\/\/just-now.news\/de\/deutschland\/liveticker-zum-ukraine-krieg-ausgangssperre-in-odessa-am-jahrestag-des-massakers-vom-2-mai-2014\/"},"modified":"2022-05-02T18:20:00","modified_gmt":"2022-05-02T16:20:00","slug":"liveticker-zum-ukraine-krieg-ausgangssperre-in-odessa-am-jahrestag-des-massakers-vom-2-mai-2014","status":"publish","type":"post","link":"https:\/\/now-news.de\/de\/deutschland\/liveticker-zum-ukraine-krieg-ausgangssperre-in-odessa-am-jahrestag-des-massakers-vom-2-mai-2014\/","title":{"rendered":"Liveticker zum Ukraine-Krieg: Ausgangssperre in Odessa am Jahrestag des Massakers vom 2. Mai 2014"},"content":{"rendered":"<div class=\"ArticleView-liveUpdates\">\n<div class=\"LiveUpdates-root\">\n<div class=\"LiveUpdates-content\">\n<ul class=\"LiveUpdates-list Listing-root\" data-listing=\"LiveUpdates\" data-count=\"10\">\n<li class=\"LiveUpdates-item Listing-item\">\n<div class=\"LiveUpdates-date\">\n<p class=\"HeaderNews-root HeaderNews-type_2 \">\n                2.05.2022 18:00 Uhr\n            <\/p>\n<\/div>\n<div class=\"LiveUpdate-root\">\n<div class=\"LiveUpdate-date\">\n<p class=\"HeaderNews-root HeaderNews-type_6 \">\n                18:00 Uhr\n            <\/p>\n<\/div>\n<div class=\"LiveUpdate-content\">\n<div class=\"LiveUpdate-text\">\n<div class=\"Text-root Text-type_5 ViewText-root\">\n<p><strong>Moskauer gedenken\u00a0der Opfer des Odessa-Massakers (Video)<\/strong><\/p>\n<p>In Moskau\u00a0hat eine Aktion zum Gedenken an die Opfer des Pogroms im Odessaer Gewerkschaftshaus am 2. Mai 2014 stattgefunden. Rund 2.000 Menschen zogen durch die Stra\u00dfen der russischen Hauptstadt zur ukrainischen Botschaft. Sie hielten Plakate mit Portr\u00e4ts der Opfer in der Hand. &#8220;Odessa, wir erinnern uns&#8221;, stand auf vielen weiteren Plakaten.<\/p>\n<p>Am 2. Mai 2014\u00a0waren in Odessa 42 friedliche Demonstranten durch nationalistische Gewalt ums Leben gekommen. Sie\u00a0hatten\u00a0vor einem\u00a0w\u00fctenden Mob in dem massiven Bau des Gewerkschaftshauses Schutz gesucht, fanden dort\u00a0aber den Tod \u2013 durch Brandwunden, Erstickung, Kn\u00fcppel oder Kugelhagel. Das Massaker ist in der Ukraine bislang weder aufgekl\u00e4rt, noch aufgearbeitet worden. Die T\u00e4ter und die Verantwortlichen des Verbrechens\u00a0genie\u00dfen\u00a0auch nach acht Jahren die politische R\u00fcckendeckung der ukrainischen Regierung.\u00a0<\/p>\n<div class=\"EmbedBlock-root EmbedBlock-externalVideo EmbedBlock-youtube\">\n<div class=\"YouTubeEmbed lazyload\" data-rtmodule=\"YouTubeEmbed\" id=\"itJizpcx34Q\" onload=\"return {\n            covers: JSON.parse('\\u007B\\u0022small\\u0022\\u003A\\u0022https\\u003A\\\\\\\/\\\\\\\/i.ytimg.com\\\\\\\/vi\\\\\\\/itJizpcx34Q\\\\\\\/hqdefault.jpg\\u0022,\\u0022medium\\u0022\\u003A\\u0022https\\u003A\\\\\\\/\\\\\\\/i.ytimg.com\\\\\\\/vi\\\\\\\/itJizpcx34Q\\\\\\\/sddefault.jpg\\u0022,\\u0022large\\u0022\\u003A\\u0022https\\u003A\\\\\\\/\\\\\\\/i.ytimg.com\\\\\\\/vi\\\\\\\/itJizpcx34Q\\\\\\\/sddefault.jpg\\u0022\\u007D'),\n            iframeSrc: JSON.parse('\\u0022\\\\\\\/\\\\\\\/www.youtube.com\\\\\\\/embed\\\\\\\/itJizpcx34Q\\u0022'),\n            youtubeId: JSON.parse('\\u0022itJizpcx34Q\\u0022'),\n        };\"><\/p>\n<div class=\"YouTubeEmbed-cover\"><button class=\"YouTubeEmbed-button\"><svg class=\"YouTubeEmbed-playButton\" height=\"100%\" version=\"1.1\" viewbox=\"0 0 68 48\" width=\"100%\"><path class=\"YouTubeEmbed-playButtonBg\" d=\"M66.52,7.74c-0.78-2.93-2.49-5.41-5.42-6.19C55.79,.13,34,0,34,0S12.21,.13,6.9,1.55 C3.97,2.33,2.27,4.81,1.48,7.74C0.06,13.05,0,24,0,24s0.06,10.95,1.48,16.26c0.78,2.93,2.49,5.41,5.42,6.19 C12.21,47.87,34,48,34,48s21.79-0.13,27.1-1.55c2.93-0.78,4.64-3.26,5.42-6.19C67.94,34.95,68,24,68,24S67.94,13.05,66.52,7.74z\" fill=\"#212121\" fill-opacity=\"0.8\"><\/path><path d=\"M 45,24 27,14 27,34\" fill=\"#fff\"><\/path><\/svg><\/button><\/div>\n<\/div>\n<\/div>\n<p><strong>Mehr zum Thema<\/strong>\u00a0&#8211;\u00a0<a rel=\"nofollow noopener\" target=\"_blank\" href=\"https:\/\/de.rt.com\/meinung\/137483-brand-welt-bedroht-wurde-in\/\">Der Brand, der die Welt bedroht, wurde in Odessa gelegt<\/a><\/p>\n<\/div>\n<\/div>\n<\/div>\n<\/div>\n<\/li>\n<li class=\"LiveUpdates-item Listing-item\">\n<div class=\"LiveUpdate-root\">\n<div class=\"LiveUpdate-date\">\n<p class=\"HeaderNews-root HeaderNews-type_6 \">\n                17:30 Uhr\n            <\/p>\n<\/div>\n<div class=\"LiveUpdate-content\">\n<div class=\"LiveUpdate-text\">\n<div class=\"Text-root Text-type_5 ViewText-root\">\n<p><strong>&#8220;Tote Stadt&#8221;: Zweit\u00e4gige\u00a0Ausgangssperre in Odessa am Tag des Gedenkens an Opfer vom 2. Mai\u00a0<\/strong><\/p>\n<p>Ein Video zeigt menschenleere Stra\u00dfen w\u00e4hrend einer ganzt\u00e4gigen Ausgangssperre in der s\u00fcdukrainischen Stadt Odessa. Die Ausgangssperre wurde von der Milit\u00e4rverwaltung der Stadt ab 1. Mai um 22:00 Uhr bis zum 3. Mai um 05:00 Uhr\u00a0verh\u00e4ngt. Zum\u00a0Zwecke der &#8220;Vermeidung von Provokationen&#8221;, wie es offiziell hei\u00dft. W\u00e4hrend dieser Zeit d\u00fcrfen sich Menschen ohne spezielle Ausweise nicht auf der Stra\u00dfe oder an anderen \u00f6ffentlichen Orten aufhalten.<\/p>\n<p>Heute\u00a0gedenken viele Odessaer der Toten des Brandes im Gewerkschaftshaus am 2. Mai 2014. Nach den Ausschreitungen im Zentrum der Stadt hatten an diesem Tag hunderte Nationalisten das Lager und Barrikaden der pro-russischen Aktivisten vor dem Gewerkschaftshaus\u00a0der Stadt\u00a0angez\u00fcndet.\u00a0Dabei war\u00a0auch das Geb\u00e4ude selbst in Brand geraten.\u00a0Bis zu diesem Moment\u00a0hatten\u00a0hunderte Menschen in dem Geb\u00e4ude Schutz gesucht. Nach offiziellen Angaben starben an jenem Abend 42\u00a0Personen im oder am Gewerkschaftshaus \u2013 verbrannt, erschossen oder erschlagen.\u00a0<\/p>\n<p>Wie die russische Journalistin Julia Witjasewa in <a rel=\"nofollow noopener\" target=\"_blank\" href=\"https:\/\/t.me\/vityzeva\/56051\">ihrem Kommentar<\/a>\u00a0zu einem Video aus Odessa anmerkte, h\u00e4tten die Nationalisten dem Tod eines Maidan-Aktivisten gedenken k\u00f6nnen,\u00a0der Opfer des Pogroms am Gewerkschaftshaus\u00a0sei hingegen nicht gedacht worden. Odessa sei am 2. Mai &#8220;eine tote Stadt&#8221;.<\/p>\n<div class=\"EmbedBlock-root EmbedBlock-video\">\n<div class=\"VideoEmbed\"><script src=\"https:\/\/de.russiatoday.com\/static\/libs\/jwplayer\/jwplayer-7.8.4\/jwplayer.js\"><\/script><\/p>\n<div class=\"mediaplayer\" id=\"mediaplayer-js-mediaplayer-626ff3ca48fbef5065686ba4-block\">\n<div id=\"js-mediaplayer-626ff3ca48fbef5065686ba4\"><\/div>\n<p><script src=\"https:\/\/de.russiatoday.com\/static\/js\/streamsense.4.1411.18.min.js\" type=\"text\/javascript\"><\/script><script type=\"text\/javascript\">\n            var myStreamingTag = new ns_.StreamingTag( { customerC2: '17935924', C3: 'deutsch' } );\n                                                var metadata = {\n                ns_st_ci: \"626ff3ca48fbef5065686ba4\", \/\/ \u0438\u0434\u0435\u043d\u0442\u0438\u0444\u0438\u043a\u0430\u0442\u043e\u0440 \u043a\u043e\u043d\u0442\u0435\u043d\u0442\u0430 (\u0432\u0438\u0434\u0435\u043e)\n                c3: \"deutsch\",\n                c4: \"*null\",\n                c6: \"*null\"\n            };\n        <\/script><\/div>\n<p><script>\n    jwplayer.key=\"kESrsgULvYO7r2MfUelqj3vs+2i8JdQBqjGNmA==\";\n            jwplayer(\"js-mediaplayer-626ff3ca48fbef5065686ba4\").setup({\n            advertising: {\n                client: \"googima\",\n                                                tag: 'https:\/\/googleads.g.doubleclick.net\/pagead\/ads?client=ca-video-pub-5925172396047466&slotname=7341516193&ad_type=video_text_image_flash&description_url=\"+encodeURIComponent(location.href)+\"&max_ad_duration=30000&videoad_start_delay=0',\n                            },\n            file: \"https:\/\/cdnv.russiatoday.com\/deutsch\/video\/2022.05\/626ff3ca48fbef5065686ba4.MP4\",\n                                    image: \"https:\/\/cdni.russiatoday.com\/deutsch\/images\/2022.05\/article\/626ff3acb480cc7d501e243c.PNG\",\n            \/\/ stretching: 'fill',\n                        \/\/ title: \"Die\\u0020Toten\\u0020von\\u0020Odessa\",\n            aspectratio: \"16:9\",\n            skin: {\n                name: \"five\",\n                active: \"#77bd1e\",\n                background: \"rgba(0, 0, 0, 0.5)\",\n                inactive: \"#FFFFFF\"\n            },\n            width: \"100%\",\n            autostart: false,\n            mute: false,\n            startparam: \"start\",\n            ga: {},\n                        sharing: {\n                code: encodeURI('\n<div style=\"position: relative;padding-bottom: 56.25%; padding-top: 25px; height: 0;\"><iframe style=\"position: absolute;top: 0;left: 0;width: 100%;height: 100%;\" src=\"' +\n                    location.href + '\/video\/626ff3ca48fbef5065686ba4\" frameborder=\"0\" allowfullscreen><\/script><\/div>\n<p>&#8216;),<br \/>\n                link: &#8220;&#8221;<br \/>\n            },<br \/>\n                        events: {<br \/>\n                onPlay: function(){<br \/>\n                    myStreamingTag.playVideoContentPart(metadata);<br \/>\n                    var playingVideoId = &#8216;js-mediaplayer-626ff3ca48fbef5065686ba4&#8217;; \/\/ id \u0442\u0435\u043a\u0443\u0449\u0435\u0433\u043e \u043f\u043b\u0435\u0435\u0440\u0430<br \/>\n                    playersTmplBehavior.pauseMedia(playingVideoId); \/\/\u0437\u0430\u043f\u0443\u0441\u043a\u0430\u0435\u043c \u0444\u0443\u043d\u043a\u0446\u0438\u044e \u043e\u0441\u0442\u0430\u043d\u043e\u0432\u043a\u0438 \u0432\u0441\u0435\u0445 \u0438\u0433\u0440\u0430\u044e\u0449\u0438\u0445 \u043f\u043b\u0435\u0435\u0440\u043e\u0432 \u043a\u0440\u043e\u043c\u0435 \u044d\u0442\u043e\u0433\u043e \u041a\u043e\u043b<\/p>\n<p>                    if(ga) {<br \/>\n                        ga(&#8216;send&#8217;, &#8216;event&#8217;, &#8216;jwplayer-ga&#8217;, &#8216;click play&#8217;, &#8216; &#8211; 626ff3ca48fbef5065686ba4&#8217;);<br \/>\n                    }<br \/>\n                },<br \/>\n                onPause: function(){<br \/>\n                    myStreamingTag.stop();<\/p>\n<p>                    if(ga) {<br \/>\n                        ga(&#8216;send&#8217;, &#8216;event&#8217;, &#8216;jwplayer-ga&#8217;, &#8216;click pause&#8217;, &#8216; &#8211; 626ff3ca48fbef5065686ba4&#8217;);<br \/>\n                    }<br \/>\n                },<br \/>\n                onComplete: function(){<br \/>\n                    myStreamingTag.stop();<\/p>\n<p>                    if (ga) {<br \/>\n                        ga(&#8216;send&#8217;, &#8216;event&#8217;, &#8216;jwplayer-ga&#8217;, &#8216;complete&#8217;, &#8216; &#8211; 626ff3ca48fbef5065686ba4&#8217;);<br \/>\n                    }<br \/>\n                },<\/p>\n<p>                onTime() {<br \/>\n                    this.onceState = this.onceState || &#8216;3&#8217;<br \/>\n                    var videoDuration = this.getPosition();<\/p>\n<p>                    if (videoDuration &gt; 3 &amp;&amp; this.onceState === &#8216;3&#8217; &amp;&amp; ga) {<br \/>\n                        this.onceState=&#8221;15&#8243;<br \/>\n                        ga(&#8216;send&#8217;, &#8216;event&#8217;, &#8216;jwplayer-ga&#8217;, &#8216;3 sec&#8217;, &#8216; &#8211; 626ff3ca48fbef5065686ba4&#8242;);<br \/>\n                    }<\/p>\n<p>                    if (videoDuration &gt; 15 &amp;&amp; this.onceState === &#8217;15&#8217; &amp;&amp; ga) {<br \/>\n                        this.onceState=&#8221;60&#8243;<br \/>\n                        ga(&#8216;send&#8217;, &#8216;event&#8217;, &#8216;jwplayer-ga&#8217;, &#8217;15 sec&#8217;, &#8216; &#8211; 626ff3ca48fbef5065686ba4&#8242;);<br \/>\n                    }<\/p>\n<p>                    if (videoDuration &gt; 60 &amp;&amp; this.onceState === &#8217;60&#8217; &amp;&amp; ga) {<br \/>\n                        this.onceState=&#8221;180&#8243;<br \/>\n                        ga(&#8216;send&#8217;, &#8216;event&#8217;, &#8216;jwplayer-ga&#8217;, &#8216;1 min&#8217;, &#8216; &#8211; 626ff3ca48fbef5065686ba4&#8217;);<br \/>\n                    }<\/p>\n<p>                    if (videoDuration &gt; 180 &amp;&amp; this.onceState === &#8216;180&#8217; &amp;&amp; ga) {<br \/>\n                        this.onceState=&#8221;300&#8243;<br \/>\n                        ga(&#8216;send&#8217;, &#8216;event&#8217;, &#8216;jwplayer-ga&#8217;, &#8216;3 min&#8217;, &#8216; &#8211; 626ff3ca48fbef5065686ba4&#8217;);<br \/>\n                    }<\/p>\n<p>                    if (videoDuration &gt; 300 &amp;&amp; this.onceState === &#8216;300&#8217; &amp;&amp; ga) {<br \/>\n                        this.onceState=&#8221;600&#8243;<br \/>\n                        ga(&#8216;send&#8217;, &#8216;event&#8217;, &#8216;jwplayer-ga&#8217;, &#8216;5 min&#8217;, &#8216; &#8211; 626ff3ca48fbef5065686ba4&#8217;);<br \/>\n                    }<\/p>\n<p>                    if (videoDuration &gt; 600 &amp;&amp; this.onceState === &#8216;600&#8217; &amp;&amp; ga) {<br \/>\n                        this.onceState=&#8221;&#8221;<br \/>\n                        ga(&#8216;send&#8217;, &#8216;event&#8217;, &#8216;jwplayer-ga&#8217;, &#8217;10 min&#8217;, &#8216; &#8211; 626ff3ca48fbef5065686ba4&#8217;);<br \/>\n                    }<br \/>\n                }<br \/>\n            }<br \/>\n        });<\/p>\n<p>    var playersTmplBehavior = {};<\/p>\n<p>    \/\/\u0424\u0443\u043d\u043a\u0446\u0438\u044f \u043f\u0440\u043e\u0431\u0435\u0433\u0430\u0435\u0442 \u043f\u043e \u0432\u0441\u0435\u043c \u043f\u043b\u0435\u0435\u0440\u0430\u043c jwplayer, \u043a\u0440\u043e\u043c\u0435 \u043f\u0435\u0440\u0435\u0434\u0430\u043d\u043d\u043e\u0433\u043e, \u0438 \u0441\u0442\u0430\u0432\u0438\u0442 \u0438\u0445 \u043d\u0430 \u043f\u0430\u0443\u0437\u0443<br \/>\n    playersTmplBehavior.pauseMedia = function(playingMediaId) {<br \/>\n        var players = document.querySelectorAll(&#8216;.jwplayer, object&#8217;);<\/p>\n<p>        for (var i = 0, max = players.length; i <\/p><\/div>\n<\/div>\n<p><strong>Mehr zum Thema<\/strong> &#8211; <a rel=\"nofollow noopener\" target=\"_blank\" href=\"https:\/\/de.rt.com\/meinung\/137483-brand-welt-bedroht-wurde-in\/\">Der Brand, der die Welt bedroht, wurde in Odessa gelegt<\/a><\/p>\n<\/div>\n<\/div>\n<\/div>\n<\/li>\n<\/ul>\n<\/div>\n<li class=\"LiveUpdates-item Listing-item\">\n<div class=\"LiveUpdate-root\">\n<div class=\"LiveUpdate-date\">\n<p class=\"HeaderNews-root HeaderNews-type_6 \">\n                17:00 Uhr\n            <\/p>\n<\/div>\n<div class=\"LiveUpdate-content\">\n<div class=\"LiveUpdate-text\">\n<div class=\"Text-root Text-type_5 ViewText-root\">\n<p><strong>Telegram-\u0421hatbot f\u00fcr ukrainische Soldaten, die Waffen niederlegen wollen, funktioniert weiter<\/strong><\/p>\n<figure class=\"RTImage-root\">\n<div class=\"RTImage-image RTImage-original\"><picture class=\"Picture-root Picture-original\"><!--[if IE 9]><video style=\"display: none;\"><![endif]--><source media=\"(-webkit-min-device-pixel-ratio: 2) and (min-resolution: 120dpi)\" data-srcset=\" \nhttp:\/\/just-now.news\/de\/wp-content\/uploads\/sites\/3\/2022\/05\/Liveticker-zum-Ukraine-Krieg-Ausgangssperre-in-Odessa-am-Jahrestag-des-Massakers.jpg 850w,\n                http:\/\/just-now.news\/de\/wp-content\/uploads\/sites\/3\/2022\/05\/1651509125_952_Liveticker-zum-Ukraine-Krieg-Ausgangssperre-in-Odessa-am-Jahrestag-des-Massakers.jpg 1960w,\n            \" ><source data-srcset=\" \nhttp:\/\/just-now.news\/de\/wp-content\/uploads\/sites\/3\/2022\/05\/Liveticker-zum-Ukraine-Krieg-Ausgangssperre-in-Odessa-am-Jahrestag-des-Massakers.jpg 460w,\n              http:\/\/just-now.news\/de\/wp-content\/uploads\/sites\/3\/2022\/05\/1651509125_952_Liveticker-zum-Ukraine-Krieg-Ausgangssperre-in-Odessa-am-Jahrestag-des-Massakers.jpg 980w,\n            \" ><!--[if IE 9]><\/video><![endif]--><\/source><\/source><\/picture><!-- noscript pattern --><noscript><img decoding=\"async\" src=\"http:\/\/just-now.news\/de\/wp-content\/uploads\/sites\/3\/2022\/05\/1651509125_952_Liveticker-zum-Ukraine-Krieg-Ausgangssperre-in-Odessa-am-Jahrestag-des-Massakers.jpg\" alt=\"\"><\/noscript><\/div><figcaption class=\"RTImage-footer\"><span class=\"RTImage-caption\"><span class=\"RTImage-captionItem\">(Symbolbild)<\/span><\/span><span class=\"RTImage-source\"><span class=\"RTImage-captionItem\">YURI KADOBNOV<\/span><span class=\"RTImage-captionItem\"> \/ AFP<\/span><\/span><\/figcaption><\/figure>\n<p>Die Donezker Volksrepublik hat daran erinnert, dass es einen Telegram-\u0421hatbot f\u00fcr ukrainische Soldaten gibt, die die Waffen niederlegen wollen. Der Bot soll den ukrainischen Soldaten auch dabei helfen, zu der Russische F\u00f6deration, der DVR und der LVR \u00fcberzulaufen.<\/p>\n<p>Der Telegram-\u0421hatbot ben\u00f6tigt die Kontaktdaten\u00a0der betreffenden Personen, den ungef\u00e4hren Zeitpunkt und Ort des \u00dcberlaufens bzw. der Kapitulation, sowie Informationen\u00a0zur Verf\u00fcgbarkeit von Waffen. Nachdem man die erforderlichen Angaben gemacht hat, wird\u00a0man kontaktiert und erh\u00e4lt weitere Anweisungen f\u00fcr ein sicheres Prozedere.<\/p>\n<\/div>\n<\/div>\n<\/div>\n<\/div>\n<\/li>\n<li class=\"LiveUpdates-item Listing-item\">\n<div class=\"LiveUpdate-root\">\n<div class=\"LiveUpdate-date\">\n<p class=\"HeaderNews-root HeaderNews-type_6 \">\n                16:30 Uhr\n            <\/p>\n<\/div>\n<div class=\"LiveUpdate-content\">\n<div class=\"LiveUpdate-text\">\n<div class=\"Text-root Text-type_5 ViewText-root\">\n<h4>Bundesregierung widersetzt sich Gutachten: &#8220;Sind davon \u00fcberzeugt, dass auch die Ausbildung von ukrainischen Soldaten in Deutschland keinen direkten Kriegseintritt bedeutet&#8221;<\/h4>\n<figure class=\"RTImage-root\">\n<div class=\"RTImage-image RTImage-original\"><picture class=\"Picture-root Picture-original\"><!--[if IE 9]><video style=\"display: none;\"><![endif]--><source media=\"(-webkit-min-device-pixel-ratio: 2) and (min-resolution: 120dpi)\" data-srcset=\" \nhttp:\/\/just-now.news\/de\/wp-content\/uploads\/sites\/3\/2022\/05\/1651509126_317_Liveticker-zum-Ukraine-Krieg-Ausgangssperre-in-Odessa-am-Jahrestag-des-Massakers.jpg 850w,\n                http:\/\/just-now.news\/de\/wp-content\/uploads\/sites\/3\/2022\/05\/1651509126_317_Liveticker-zum-Ukraine-Krieg-Ausgangssperre-in-Odessa-am-Jahrestag-des-Massakers.jpg 1960w,\n            \" ><source data-srcset=\" \nhttp:\/\/just-now.news\/de\/wp-content\/uploads\/sites\/3\/2022\/05\/1651509126_317_Liveticker-zum-Ukraine-Krieg-Ausgangssperre-in-Odessa-am-Jahrestag-des-Massakers.jpg 460w,\n              http:\/\/just-now.news\/de\/wp-content\/uploads\/sites\/3\/2022\/05\/1651509126_317_Liveticker-zum-Ukraine-Krieg-Ausgangssperre-in-Odessa-am-Jahrestag-des-Massakers.jpg 980w,\n            \" ><!--[if IE 9]><\/video><![endif]--><img decoding=\"async\" data- src=\"data:image\/png;base64,iVBORw0KGgoAAAANSUhEUgAAABAAAAAJCAQAAACRI2S5AAAAEElEQVR42mNkIAAYRxWAAQAG9gAKqv6+AwAAAABJRU5ErkJggg==\" class=\"Picture-root Picture-original lazyload\" data-src=\"http:\/\/just-now.news\/de\/wp-content\/uploads\/sites\/3\/2022\/05\/1651509126_317_Liveticker-zum-Ukraine-Krieg-Ausgangssperre-in-Odessa-am-Jahrestag-des-Massakers.jpg\" alt=\"\"><\/source><\/source><\/picture><!-- noscript pattern --><noscript><img decoding=\"async\" src=\"http:\/\/just-now.news\/de\/wp-content\/uploads\/sites\/3\/2022\/05\/1651509126_317_Liveticker-zum-Ukraine-Krieg-Ausgangssperre-in-Odessa-am-Jahrestag-des-Massakers.jpg\" alt=\"\"><\/noscript><\/div><figcaption class=\"RTImage-footer\"><span class=\"RTImage-caption\"><span class=\"RTImage-captionItem\">Regierungssprecher Steffen Hebestreit.<\/span><\/span><span class=\"RTImage-source\"><span class=\"RTImage-captionItem\">IMAGO\/Chris Emil Janssen<\/span><span class=\"RTImage-captionItem\"> \/ www.globallookpress.com<\/span><\/span><\/figcaption><\/figure>\n<p>Entgegen der Feststellung des Wissenschaftlichen Dienstes des Bundestages geht die Bundesregierung weiter davon aus, dass Deutschland\u00a0mit der Ausbildung ukrainischer Soldaten v\u00f6lkerrechtlich betrachtet nicht zur Kriegspartei wird. Das Gutachten dazu sei der Bundesregierung bekannt, r\u00e4umte Regierungssprecher Steffen Hebestreit am Montag in Berlin ein. Zwar sei jedem in der Bundesregierung klar, dass man sich in einer schwierigen Abw\u00e4gung befinde. Allerdings, so Hebestreit weiter, sei das Kabinett davon \u00fcberzeugt, &#8220;dass auch die Ausbildung von ukrainischen Soldaten in Deutschland an Waffensystemen weiterhin keinen direkten Kriegseintritt bedeutet.&#8221;<\/p>\n<p>Mit seiner Argumentation reagierte der Regierungssprecher auf eine Frage zu einem Bericht des <em>RedaktionsNetzwerks Deutschland<\/em>\u00a0\u00fcber das Gutachten, der am Montag ver\u00f6ffentlicht wurde. Der Meldung\u00a0zufolge bestehe unter den Verfassern dieser juristischen Bewertung Einigkeit dar\u00fcber, dass westliche Waffenlieferungen v\u00f6lkerrechtlich nicht als Kriegseintritt zu bewerten sind. Allerdings gelte dies nur, solange es keine Beteiligung an Kampfhandlungen gebe.<\/p>\n<p>&#8220;Erst wenn neben der Belieferung mit Waffen auch die Einweisung der Konfliktpartei beziehungsweise Ausbildung an solchen Waffen in Rede st\u00fcnde, w\u00fcrde man den gesicherten Bereich der Nichtkriegsf\u00fchrung verlassen&#8221;, hei\u00dft es in dem Gutachten.<\/p>\n<\/div>\n<\/div>\n<\/div>\n<\/div>\n<\/li>\n<li class=\"LiveUpdates-item Listing-item\">\n<div class=\"LiveUpdate-root\">\n<div class=\"LiveUpdate-date\">\n<p class=\"HeaderNews-root HeaderNews-type_6 \">\n                16:10 Uhr\n            <\/p>\n<\/div>\n<div class=\"LiveUpdate-content\">\n<div class=\"LiveUpdate-text\">\n<div class=\"Text-root Text-type_5 ViewText-root\">\n<p><strong>Stille in Mariupol\u00a0\u2013\u00a0RT-Reportage \u00fcber Waffenpause und Evakuierung der Zivilisten aus Asowstahl-Werk<\/strong><\/p>\n<p>Seit Wochen sind ukrainische Nationalisten in der Stahlfabrik Asow-Stahl in Mariupol eingekesselt. Dies war\u00a0ihr letzter R\u00fcckzugsort in der Stadt.<br \/>Das russische Milit\u00e4r hat einen einseitigen Waffenstillstand angek\u00fcndigt, um gemeinsam mit der UN und dem Roten Kreuz die Zivilisten aus dem Industriekomplex zu evakuieren.\u00a0Inzwischen sind schon gut einhundert Menschen\u00a0gerettet worden.<\/p>\n<p>Russische Kr\u00e4fte h\u00e4tten sie in ein nahegelegenes Dorf in der Volksrepublik Donezk gebracht, wo sie mit Lebensmitteln, aber auch medizinisch versorgt worden seien. Diejenigen, die\u00a0anschlie\u00dfend\u00a0in die von Kiew kontrollierten Gebiete ausreisen wollten, seien den Vertretern der UN und des Roten Kreuzes \u00fcbergeben worden.<\/p>\n<\/div>\n<\/div>\n<\/div>\n<\/div>\n<\/li>\n<li class=\"LiveUpdates-item Listing-item\">\n<div class=\"LiveUpdate-root\">\n<div class=\"LiveUpdate-date\">\n<p class=\"HeaderNews-root HeaderNews-type_6 \">\n                15:45 Uhr\n            <\/p>\n<\/div>\n<div class=\"LiveUpdate-content\">\n<div class=\"LiveUpdate-text\">\n<div class=\"Text-root Text-type_5 ViewText-root\">\n<p><strong>LVR meldet Beschuss durch ukrainische Kr\u00e4fte \u2014 Ein Zivilist get\u00f6tet, zwei verletzt<\/strong><\/p>\n<p>Die Volksrepublik Lugansk hat bekannt gegeben, dass die Siedlung Stachanow von ukrainischen Streitkr\u00e4ften mit Mehrfachraketenwerfern des Typs Uragan\u00a0beschossen worden sei.\u00a0Durch den Beschuss seien in Stachanow ein Zivilist\u00a0get\u00f6tet\u00a0und zwei Personen verletzt worden. Zudem sei an drei Wohngeb\u00e4uden erheblicher Schaden entstanden.<\/p>\n<\/div>\n<\/div>\n<\/div>\n<\/div>\n<\/li>\n<li class=\"LiveUpdates-item Listing-item\">\n<div class=\"LiveUpdate-root\">\n<div class=\"LiveUpdate-date\">\n<p class=\"HeaderNews-root HeaderNews-type_6 \">\n                15:15 Uhr\n            <\/p>\n<\/div>\n<div class=\"LiveUpdate-content\">\n<div class=\"LiveUpdate-text\">\n<div class=\"Text-root Text-type_5 ViewText-root\">\n<h4>Lindner will &#8220;Vollzugsdefizite&#8221; bei Sanktionen gegen Russland beheben\u00a0<\/h4>\n<figure class=\"RTImage-root\">\n<div class=\"RTImage-image RTImage-original\"><picture class=\"Picture-root Picture-original\"><!--[if IE 9]><video style=\"display: none;\"><![endif]--><source media=\"(-webkit-min-device-pixel-ratio: 2) and (min-resolution: 120dpi)\" data-srcset=\" \nhttp:\/\/just-now.news\/de\/wp-content\/uploads\/sites\/3\/2022\/05\/1651509126_427_Liveticker-zum-Ukraine-Krieg-Ausgangssperre-in-Odessa-am-Jahrestag-des-Massakers.jpg 850w,\n                http:\/\/just-now.news\/de\/wp-content\/uploads\/sites\/3\/2022\/05\/1651509126_427_Liveticker-zum-Ukraine-Krieg-Ausgangssperre-in-Odessa-am-Jahrestag-des-Massakers.jpg 1960w,\n            \" ><source data-srcset=\" \nhttp:\/\/just-now.news\/de\/wp-content\/uploads\/sites\/3\/2022\/05\/1651509126_427_Liveticker-zum-Ukraine-Krieg-Ausgangssperre-in-Odessa-am-Jahrestag-des-Massakers.jpg 460w,\n              http:\/\/just-now.news\/de\/wp-content\/uploads\/sites\/3\/2022\/05\/1651509126_427_Liveticker-zum-Ukraine-Krieg-Ausgangssperre-in-Odessa-am-Jahrestag-des-Massakers.jpg 980w,\n            \" ><!--[if IE 9]><\/video><![endif]--><img decoding=\"async\" data- src=\"data:image\/png;base64,iVBORw0KGgoAAAANSUhEUgAAABAAAAAJCAQAAACRI2S5AAAAEElEQVR42mNkIAAYRxWAAQAG9gAKqv6+AwAAAABJRU5ErkJggg==\" class=\"Picture-root Picture-original lazyload\" data-src=\"http:\/\/just-now.news\/de\/wp-content\/uploads\/sites\/3\/2022\/05\/1651509126_427_Liveticker-zum-Ukraine-Krieg-Ausgangssperre-in-Odessa-am-Jahrestag-des-Massakers.jpg\" alt=\"\"><\/source><\/source><\/picture><!-- noscript pattern --><noscript><img decoding=\"async\" src=\"http:\/\/just-now.news\/de\/wp-content\/uploads\/sites\/3\/2022\/05\/1651509126_427_Liveticker-zum-Ukraine-Krieg-Ausgangssperre-in-Odessa-am-Jahrestag-des-Massakers.jpg\" alt=\"\"><\/noscript><\/div><figcaption class=\"RTImage-footer\"><span class=\"RTImage-caption\"><span class=\"RTImage-captionItem\">Bundesfinanzminister Christian Lindner plant eine neue Task-Force, um sanktionierte russische Verm\u00f6genswerte k\u00fcnftig einfacher eintreiben zu k\u00f6nnen.<\/span><\/span><span class=\"RTImage-source\"><span class=\"RTImage-captionItem\">picture alliance<\/span><span class=\"RTImage-captionItem\"> \/ Gettyimages.ru<\/span><\/span><\/figcaption><\/figure>\n<p>Bundesfinanzminister Christian Lindner will sicherstellen, dass den deutschen Finanzbeh\u00f6rden beim Vollzug von Verm\u00f6genswerten russischer Firmen und Oligarchen zuk\u00fcnftig kein noch so kleiner Wertbetrag mehr entgeht. Dazu werde er in relativ kurzer Zeit einen Vorschlag machen, k\u00fcndigte Lindner am Montag in Berlin an.<\/p>\n<p>Das Aufsp\u00fcren von Verm\u00f6gensgegenst\u00e4nden m\u00fcsse besser werden, um Sanktionen effektiv durchsetzen zu k\u00f6nnen und &#8220;Vollzugsdefizite&#8221; zu vermeiden. Hierzu gebe es gesetzgeberische Notwendigkeiten, so Lindner. Als Beispiel nannte der Finanzminister die Rolle der Anti-Geldw\u00e4sche-Einheit FIU. Demnach sehe sein Plan k\u00fcnftig eine\u00a0systematische Zusammenarbeit staatlicher Stellen vor.<\/p>\n<p>Hintergrund f\u00fcr Lindners Vorsto\u00df ist, dass die Verm\u00f6gen der russischen Oligarchen in Deutschland\u00a0h\u00e4ufig \u00fcber riesige Netzwerke aus Briefkastenfirmen verteilt und die wahren Eigent\u00fcmer somit kaum auszumachen sind. Eine Vollstreckung nach dem Verwaltungsvollstreckungsgesetz ist somit nicht m\u00f6glich.\u00a0Eine neue Task-Force nach dem Vorbild der Financial Intelligence Unit\u00a0(FIU) w\u00fcrde dann zuk\u00fcnftig die Geldfl\u00fcsse analysieren, um den eigentlichen Besitzer des sanktionierten Verm\u00f6genswertes auszumachen.<\/p>\n<\/div>\n<\/div>\n<\/div>\n<\/div>\n<\/li>\n<li class=\"LiveUpdates-item Listing-item\">\n<div class=\"LiveUpdate-root\">\n<div class=\"LiveUpdate-date\">\n<p class=\"HeaderNews-root HeaderNews-type_6 \">\n                15:00 Uhr\n            <\/p>\n<\/div>\n<div class=\"LiveUpdate-content\">\n<div class=\"LiveUpdate-text\">\n<div class=\"Text-root Text-type_5 ViewText-root\">\n<h4>Ukraine-Besuch: Gregor Gysi will ohne BKA-Schutz reisen\u00a0<\/h4>\n<figure class=\"RTImage-root\">\n<div class=\"RTImage-image RTImage-original\"><picture class=\"Picture-root Picture-original\"><!--[if IE 9]><video style=\"display: none;\"><![endif]--><source media=\"(-webkit-min-device-pixel-ratio: 2) and (min-resolution: 120dpi)\" data-srcset=\" \nhttp:\/\/just-now.news\/de\/wp-content\/uploads\/sites\/3\/2022\/05\/1651509126_745_Liveticker-zum-Ukraine-Krieg-Ausgangssperre-in-Odessa-am-Jahrestag-des-Massakers.jpg 850w,\n                http:\/\/just-now.news\/de\/wp-content\/uploads\/sites\/3\/2022\/05\/1651509126_745_Liveticker-zum-Ukraine-Krieg-Ausgangssperre-in-Odessa-am-Jahrestag-des-Massakers.jpg 1960w,\n            \" ><source data-srcset=\" \nhttp:\/\/just-now.news\/de\/wp-content\/uploads\/sites\/3\/2022\/05\/1651509126_745_Liveticker-zum-Ukraine-Krieg-Ausgangssperre-in-Odessa-am-Jahrestag-des-Massakers.jpg 460w,\n              http:\/\/just-now.news\/de\/wp-content\/uploads\/sites\/3\/2022\/05\/1651509126_745_Liveticker-zum-Ukraine-Krieg-Ausgangssperre-in-Odessa-am-Jahrestag-des-Massakers.jpg 980w,\n            \" ><!--[if IE 9]><\/video><![endif]--><img decoding=\"async\" data- src=\"data:image\/png;base64,iVBORw0KGgoAAAANSUhEUgAAABAAAAAJCAQAAACRI2S5AAAAEElEQVR42mNkIAAYRxWAAQAG9gAKqv6+AwAAAABJRU5ErkJggg==\" class=\"Picture-root Picture-original lazyload\" data-src=\"http:\/\/just-now.news\/de\/wp-content\/uploads\/sites\/3\/2022\/05\/1651509126_745_Liveticker-zum-Ukraine-Krieg-Ausgangssperre-in-Odessa-am-Jahrestag-des-Massakers.jpg\" alt=\"\"><\/source><\/source><\/picture><!-- noscript pattern --><noscript><img decoding=\"async\" src=\"http:\/\/just-now.news\/de\/wp-content\/uploads\/sites\/3\/2022\/05\/1651509126_745_Liveticker-zum-Ukraine-Krieg-Ausgangssperre-in-Odessa-am-Jahrestag-des-Massakers.jpg\" alt=\"\"><\/noscript><\/div><figcaption class=\"RTImage-footer\"><span class=\"RTImage-caption\"><span class=\"RTImage-captionItem\">Gregor Gysi und Michael Schlick.<\/span><\/span><span class=\"RTImage-source\"><span class=\"RTImage-captionItem\">Ullstein Bild<\/span><span class=\"RTImage-captionItem\"> \/ Gettyimages.ru<\/span><\/span><\/figcaption><\/figure>\n<p>Gregor Gysi wird nach Angaben der Linksfraktion im Bundestag von Dienstag bis Sonntag durch die Ukraine reisen. Wie Fraktionssprecher Michael Schlick am Montag mitteilte, wird Gysi\u00a0auf dieser\u00a0Reise auch von seinem Parteikollegen Gerhard Trabert begleitet. Geplant seien neben Gespr\u00e4chen mit Vertretern von Hilfsorganisationen auch Besuche von Krankenh\u00e4usern und Notfallkliniken.\u00a0<\/p>\n<p>Die Reise findet\u00a0den Angaben zufolge ohne Personenschutz durch das Bundeskriminalamt statt. Eine f\u00fcr den Besuch von Kriegsgebieten ben\u00f6tigte Genehmigung des Bundestagspr\u00e4sidiums liegt den drei Linken-Politikern allerdings nicht vor. Schlick, der neben Gysi und Trabert auch selbst zu der Delegation geh\u00f6ren wird, erkl\u00e4rte, das BKA\u00a0und der Bundestag h\u00e4tten der dreik\u00f6pfigen Delegation lediglich eine eint\u00e4gige Reise vorgeschlagen. Das habe man aber abgelehnt und reise nun ohne BKA-Schutz, und auch ohne Genehmigung.<\/p>\n<p>Schlick zufolge habe Gysi den ukrainischen Botschafter Andrei Melnyk\u00a0im Vorfeld um die Vermittlung von Gespr\u00e4chen gebeten. Allerdings sei keine Antwort erfolgt, erkl\u00e4rte der Politiker.<\/p>\n<blockquote>\n<p><em>&#8220;Die Mitglieder der Delegation bedauern dies, lassen aber deshalb die Reise nicht ausfallen, weil die humanit\u00e4re Hilfe wichtiger ist.&#8221;<\/em><\/p>\n<\/blockquote>\n<\/div>\n<\/div>\n<\/div>\n<\/div>\n<\/li>\n<li class=\"LiveUpdates-item Listing-item\">\n<div class=\"LiveUpdate-root\">\n<div class=\"LiveUpdate-date\">\n<p class=\"HeaderNews-root HeaderNews-type_6 \">\n                14:45 Uhr\n            <\/p>\n<\/div>\n<div class=\"LiveUpdate-content\">\n<div class=\"LiveUpdate-text\">\n<div class=\"Text-root Text-type_5 ViewText-root\">\n<h4>Ukraine schlie\u00dft H\u00e4fen, die von Russland erobert wurden<\/h4>\n<figure class=\"RTImage-root\">\n<div class=\"RTImage-image RTImage-original\"><picture class=\"Picture-root Picture-original\"><!--[if IE 9]><video style=\"display: none;\"><![endif]--><source media=\"(-webkit-min-device-pixel-ratio: 2) and (min-resolution: 120dpi)\" data-srcset=\" \nhttp:\/\/just-now.news\/de\/wp-content\/uploads\/sites\/3\/2022\/05\/1651509126_629_Liveticker-zum-Ukraine-Krieg-Ausgangssperre-in-Odessa-am-Jahrestag-des-Massakers.jpg 850w,\n                http:\/\/just-now.news\/de\/wp-content\/uploads\/sites\/3\/2022\/05\/1651509126_629_Liveticker-zum-Ukraine-Krieg-Ausgangssperre-in-Odessa-am-Jahrestag-des-Massakers.jpg 1960w,\n            \" ><source data-srcset=\" \nhttp:\/\/just-now.news\/de\/wp-content\/uploads\/sites\/3\/2022\/05\/1651509126_629_Liveticker-zum-Ukraine-Krieg-Ausgangssperre-in-Odessa-am-Jahrestag-des-Massakers.jpg 460w,\n              http:\/\/just-now.news\/de\/wp-content\/uploads\/sites\/3\/2022\/05\/1651509126_629_Liveticker-zum-Ukraine-Krieg-Ausgangssperre-in-Odessa-am-Jahrestag-des-Massakers.jpg 980w,\n            \" ><!--[if IE 9]><\/video><![endif]--><img decoding=\"async\" data- src=\"data:image\/png;base64,iVBORw0KGgoAAAANSUhEUgAAABAAAAAJCAQAAACRI2S5AAAAEElEQVR42mNkIAAYRxWAAQAG9gAKqv6+AwAAAABJRU5ErkJggg==\" class=\"Picture-root Picture-original lazyload\" data-src=\"http:\/\/just-now.news\/de\/wp-content\/uploads\/sites\/3\/2022\/05\/1651509126_629_Liveticker-zum-Ukraine-Krieg-Ausgangssperre-in-Odessa-am-Jahrestag-des-Massakers.jpg\" alt=\"\"><\/source><\/source><\/picture><!-- noscript pattern --><noscript><img decoding=\"async\" src=\"http:\/\/just-now.news\/de\/wp-content\/uploads\/sites\/3\/2022\/05\/1651509126_629_Liveticker-zum-Ukraine-Krieg-Ausgangssperre-in-Odessa-am-Jahrestag-des-Massakers.jpg\" alt=\"\"><\/noscript><\/div><figcaption class=\"RTImage-footer\"><span class=\"RTImage-caption\"><span class=\"RTImage-captionItem\">Die ukrainischen Beh\u00f6rden haben die Schlie\u00dfung weiterer H\u00e4fen angeordnet.<\/span><\/span><span class=\"RTImage-source\"><span class=\"RTImage-captionItem\">Ullstein Bild<\/span><span class=\"RTImage-captionItem\"> \/ Gettyimages.ru<\/span><\/span><\/figcaption><\/figure>\n<p>Die ukrainischen Beh\u00f6rden haben nach Angaben der Regierung in Kiew\u00a0vier von Russland\u00a0eroberte H\u00e4fen am Asowschen und am Schwarzen Meer geschlossen.\u00a0Dabei\u00a0handele es sich um die H\u00e4fen in Mariupol, Berdjansk, Skadowsk und Cherson. Wie das Landwirtschaftsministerium am Montag mitteilte, gelte die Ma\u00dfnahme so lange, bis die Kontrolle \u00fcber die H\u00e4fen wiederhergestellt werden k\u00f6nne.<\/p>\n<p>Der Schritt sei aus ukrainischer Sicht notwendig, da derzeit\u00a0keine angemessenen Sicherheitsvorkehrungen\u00a0f\u00fcr die Abfertigung von Passagier- oder Frachtschiffen gew\u00e4hrleistet werden k\u00f6nnten. Zuvor hatten bereits andere ukrainische H\u00e4fen ihren Betrieb wegen des Krieges einstellen m\u00fcssen.<\/p>\n<\/div>\n<\/div>\n<\/div>\n<\/div>\n<\/li>\n<li class=\"LiveUpdates-item Listing-item\">\n<div class=\"LiveUpdate-root\">\n<div class=\"LiveUpdate-date\">\n<p class=\"HeaderNews-root HeaderNews-type_6 \">\n                14:30 Uhr\n            <\/p>\n<\/div>\n<div class=\"LiveUpdate-content\">\n<div class=\"LiveUpdate-text\">\n<div class=\"Text-root Text-type_5 ViewText-root\">\n<p><strong>101 Menschen aus H\u00fcttenwerk Asow-Stahl evakuiert<\/strong><\/p>\n<figure class=\"RTImage-root\">\n<div class=\"RTImage-image RTImage-original\"><picture class=\"Picture-root Picture-original\"><!--[if IE 9]><video style=\"display: none;\"><![endif]--><source media=\"(-webkit-min-device-pixel-ratio: 2) and (min-resolution: 120dpi)\" data-srcset=\" \nhttp:\/\/just-now.news\/de\/wp-content\/uploads\/sites\/3\/2022\/05\/1651509126_805_Liveticker-zum-Ukraine-Krieg-Ausgangssperre-in-Odessa-am-Jahrestag-des-Massakers.jpg 850w,\n                http:\/\/just-now.news\/de\/wp-content\/uploads\/sites\/3\/2022\/05\/1651509126_524_Liveticker-zum-Ukraine-Krieg-Ausgangssperre-in-Odessa-am-Jahrestag-des-Massakers.jpg 1960w,\n            \" ><source data-srcset=\" \nhttp:\/\/just-now.news\/de\/wp-content\/uploads\/sites\/3\/2022\/05\/1651509126_805_Liveticker-zum-Ukraine-Krieg-Ausgangssperre-in-Odessa-am-Jahrestag-des-Massakers.jpg 460w,\n              http:\/\/just-now.news\/de\/wp-content\/uploads\/sites\/3\/2022\/05\/1651509126_524_Liveticker-zum-Ukraine-Krieg-Ausgangssperre-in-Odessa-am-Jahrestag-des-Massakers.jpg 980w,\n            \" ><!--[if IE 9]><\/video><![endif]--><img decoding=\"async\" data- src=\"data:image\/png;base64,iVBORw0KGgoAAAANSUhEUgAAABAAAAAJCAQAAACRI2S5AAAAEElEQVR42mNkIAAYRxWAAQAG9gAKqv6+AwAAAABJRU5ErkJggg==\" class=\"Picture-root Picture-original lazyload\" data-src=\"http:\/\/just-now.news\/de\/wp-content\/uploads\/sites\/3\/2022\/05\/1651509126_805_Liveticker-zum-Ukraine-Krieg-Ausgangssperre-in-Odessa-am-Jahrestag-des-Massakers.jpg\" alt=\"\"><\/source><\/source><\/picture><!-- noscript pattern --><noscript><img decoding=\"async\" src=\"http:\/\/just-now.news\/de\/wp-content\/uploads\/sites\/3\/2022\/05\/1651509126_524_Liveticker-zum-Ukraine-Krieg-Ausgangssperre-in-Odessa-am-Jahrestag-des-Massakers.jpg\" alt=\"\"><\/noscript><\/div><figcaption class=\"RTImage-footer\"><span class=\"RTImage-caption\"><span class=\"RTImage-captionItem\">Zivilisten, die aus Gebieten nahe Asow-Stahl evakuiert wurden (Archivbild)<\/span><\/span><span class=\"RTImage-source\"><span class=\"RTImage-captionItem\">Alexei Kudenko<\/span><span class=\"RTImage-captionItem\"> \/ Sputnik<\/span><\/span><\/figcaption><\/figure>\n<p>Nach Angaben der DVR-Territorialverteidigung sollen bereits 101 Menschen, darunter Frauen und Kinder, in mehreren Gruppen aus den Gebieten in der N\u00e4he von Asow-Stahl in Mariupol evakuiert worden sein.<\/p>\n<p>Einheiten der Streitkr\u00e4fte der Russischen F\u00f6deration und der Volksrepublik Donezk \u00f6ffneten einen humanit\u00e4ren Korridor f\u00fcr die sichere Evakuierung der Zivilbev\u00f6lkerung und verh\u00e4ngten Waffenruhe.<\/p>\n<p>Alle befreiten Zivilisten sollen in das Dorf Besymennoje evakuiert worden sein, wo sie eine \u00dcbernachtungsm\u00f6glichkeit, Verpflegung und medizinische Versorgung erhalten haben sollen. Die Zivilisten, die in die von Kiew kontrollierten Gebiete gelangen wollten, sollten Vertretern der UNO und des Internationalen Komitees vom Roten Kreuz \u00fcbergeben worden sein.<\/p>\n<\/div>\n<\/div>\n<\/div>\n<\/div>\n<\/li>\n<div class=\"Listing-isReact\" data-rtmodule=\"Listing\" onload=\"return {\n                page: '1',\n                limit: '10',\n                listing: '\/listing\/parent.6209f961b480cc2c7e35341b\/noprepare\/liveupdates\/10\/1',\n            };\"><\/div>\n<\/div>\n<\/div>\n<p><br \/>\n<br \/><a href=\"https:\/\/de.rt.com\/international\/131481-liveticker-zum-ukraine-krieg-ausgangssperre\/\">Source link <\/a><\/p>\n","protected":false},"excerpt":{"rendered":"<p>2.05.2022 18:00 Uhr 18:00 Uhr Moskauer gedenken\u00a0der Opfer des Odessa-Massakers (Video) In Moskau\u00a0hat eine Aktion zum Gedenken an die Opfer des Pogroms im Odessaer Gewerkschaftshaus am 2. Mai 2014 stattgefunden. Rund 2.000 Menschen zogen durch die Stra\u00dfen der russischen Hauptstadt zur ukrainischen Botschaft. Sie hielten Plakate mit Portr\u00e4ts der Opfer in der Hand. &#8220;Odessa, wir [&hellip;]<\/p>\n","protected":false},"author":3,"featured_media":6105,"comment_status":"open","ping_status":"open","sticky":false,"template":"","format":"standard","meta":{"wp_automatic_camp":["217"],"091325bab9f62cb73d683893e39f3f23":["Liveticker zum Ukraine-Krieg: Ausgangssperre in Odessa am Jahrestag des Massakers vom 2. Mai 2014"],"original_link":["https:\/\/de.rt.com\/international\/131481-liveticker-zum-ukraine-krieg-ausgangssperre\/"],"_thumbnail_id":["6105"],"wp_automatic_remove_first_image":["yes"],"enclosure":["https:\/\/cdnv.russiatoday.com\/deutsch\/video\/2022.05\/626ff3ca48fbef5065686ba4.MP4\n11205596\nvideo\/mp4\n"],"_wptg_p2tg_sent2tg":["2022-05-02 18:33:04"],"jnews_social_counter_last_update":["1777653863"]},"categories":[19,23],"tags":[16867,583,16868,564,9933,16869,16439,566,1010,565],"yoast_head":"<!-- This site is optimized with the Yoast SEO Premium plugin v22.7 (Yoast SEO v22.7) - https:\/\/yoast.com\/wordpress\/plugins\/seo\/ -->\n<title>Liveticker zum Ukraine-Krieg: Ausgangssperre in Odessa am Jahrestag des Massakers vom 2. Mai 2014 - just-now.NEWS Deutschland<\/title>\n<meta name=\"robots\" content=\"index, follow, max-snippet:-1, max-image-preview:large, max-video-preview:-1\" \/>\n<link rel=\"canonical\" href=\"https:\/\/now-news.de\/de\/deutschland\/liveticker-zum-ukraine-krieg-ausgangssperre-in-odessa-am-jahrestag-des-massakers-vom-2-mai-2014\/\" \/>\n<meta property=\"og:locale\" content=\"de_DE\" \/>\n<meta property=\"og:type\" content=\"article\" \/>\n<meta property=\"og:title\" content=\"Liveticker zum Ukraine-Krieg: Ausgangssperre in Odessa am Jahrestag des Massakers vom 2. Mai 2014\" \/>\n<meta property=\"og:description\" content=\"2.05.2022 18:00 Uhr 18:00 Uhr Moskauer gedenken\u00a0der Opfer des Odessa-Massakers (Video) In Moskau\u00a0hat eine Aktion zum Gedenken an die Opfer des Pogroms im Odessaer Gewerkschaftshaus am 2. Mai 2014 stattgefunden. Rund 2.000 Menschen zogen durch die Stra\u00dfen der russischen Hauptstadt zur ukrainischen Botschaft. Sie hielten Plakate mit Portr\u00e4ts der Opfer in der Hand. &#8220;Odessa, wir [&hellip;]\" \/>\n<meta property=\"og:url\" content=\"https:\/\/now-news.de\/de\/deutschland\/liveticker-zum-ukraine-krieg-ausgangssperre-in-odessa-am-jahrestag-des-massakers-vom-2-mai-2014\/\" \/>\n<meta property=\"og:site_name\" content=\"just-now.NEWS Deutschland\" \/>\n<meta property=\"article:publisher\" content=\"https:\/\/www.facebook.com\/wirmachenauf\" \/>\n<meta property=\"article:published_time\" content=\"2022-05-02T16:20:00+00:00\" \/>\n<meta property=\"og:image\" content=\"https:\/\/now-news.de\/de\/wp-content\/uploads\/sites\/3\/2022\/05\/Liveticker-zum-Ukraine-Krieg-Ausgangssperre-in-Odessa-am-Jahrestag-des-Massakers.jpg\" \/>\n\t<meta property=\"og:image:width\" content=\"460\" \/>\n\t<meta property=\"og:image:height\" content=\"259\" \/>\n\t<meta property=\"og:image:type\" content=\"image\/jpeg\" \/>\n<meta name=\"author\" content=\"rtnews\" \/>\n<meta name=\"twitter:card\" content=\"summary_large_image\" \/>\n<meta name=\"twitter:creator\" content=\"@WirMachenAuf_de\" \/>\n<meta name=\"twitter:site\" content=\"@WirMachenAuf_de\" \/>\n<meta name=\"twitter:label1\" content=\"Verfasst von\" \/>\n\t<meta name=\"twitter:data1\" content=\"rtnews\" \/>\n\t<meta name=\"twitter:label2\" content=\"Gesch\u00e4tzte Lesezeit\" \/>\n\t<meta name=\"twitter:data2\" content=\"9\u00a0Minuten\" \/>\n<script type=\"application\/ld+json\" class=\"yoast-schema-graph\">{\"@context\":\"https:\/\/schema.org\",\"@graph\":[{\"@type\":\"Article\",\"@id\":\"https:\/\/now-news.de\/de\/deutschland\/liveticker-zum-ukraine-krieg-ausgangssperre-in-odessa-am-jahrestag-des-massakers-vom-2-mai-2014\/#article\",\"isPartOf\":{\"@id\":\"https:\/\/now-news.de\/de\/deutschland\/liveticker-zum-ukraine-krieg-ausgangssperre-in-odessa-am-jahrestag-des-massakers-vom-2-mai-2014\/\"},\"author\":{\"name\":\"rtnews\",\"@id\":\"https:\/\/now-news.de\/de\/#\/schema\/person\/fb534a4e865501d8b3285208df34a9b5\"},\"headline\":\"Liveticker zum Ukraine-Krieg: Ausgangssperre in Odessa am Jahrestag des Massakers vom 2. Mai 2014\",\"datePublished\":\"2022-05-02T16:20:00+00:00\",\"dateModified\":\"2022-05-02T16:20:00+00:00\",\"mainEntityOfPage\":{\"@id\":\"https:\/\/now-news.de\/de\/deutschland\/liveticker-zum-ukraine-krieg-ausgangssperre-in-odessa-am-jahrestag-des-massakers-vom-2-mai-2014\/\"},\"wordCount\":1774,\"commentCount\":0,\"publisher\":{\"@id\":\"https:\/\/now-news.de\/de\/#organization\"},\"image\":{\"@id\":\"https:\/\/now-news.de\/de\/deutschland\/liveticker-zum-ukraine-krieg-ausgangssperre-in-odessa-am-jahrestag-des-massakers-vom-2-mai-2014\/#primaryimage\"},\"thumbnailUrl\":\"https:\/\/now-news.de\/de\/wp-content\/uploads\/sites\/3\/2022\/05\/Liveticker-zum-Ukraine-Krieg-Ausgangssperre-in-Odessa-am-Jahrestag-des-Massakers.jpg\",\"keywords\":[\"Ausgangssperre\",\"des\",\"Jahrestag\",\"Liveticker\",\"Mai\",\"Massakers\",\"Odessa\",\"UkraineKrieg\",\"vom\",\"zum\"],\"articleSection\":[\"Deutschland\",\"Russland\"],\"inLanguage\":\"de\",\"potentialAction\":[{\"@type\":\"CommentAction\",\"name\":\"Comment\",\"target\":[\"https:\/\/now-news.de\/de\/deutschland\/liveticker-zum-ukraine-krieg-ausgangssperre-in-odessa-am-jahrestag-des-massakers-vom-2-mai-2014\/#respond\"]}]},{\"@type\":\"WebPage\",\"@id\":\"https:\/\/now-news.de\/de\/deutschland\/liveticker-zum-ukraine-krieg-ausgangssperre-in-odessa-am-jahrestag-des-massakers-vom-2-mai-2014\/\",\"url\":\"https:\/\/now-news.de\/de\/deutschland\/liveticker-zum-ukraine-krieg-ausgangssperre-in-odessa-am-jahrestag-des-massakers-vom-2-mai-2014\/\",\"name\":\"Liveticker zum Ukraine-Krieg: Ausgangssperre in Odessa am Jahrestag des Massakers vom 2. Mai 2014 - just-now.NEWS Deutschland\",\"isPartOf\":{\"@id\":\"https:\/\/now-news.de\/de\/#website\"},\"primaryImageOfPage\":{\"@id\":\"https:\/\/now-news.de\/de\/deutschland\/liveticker-zum-ukraine-krieg-ausgangssperre-in-odessa-am-jahrestag-des-massakers-vom-2-mai-2014\/#primaryimage\"},\"image\":{\"@id\":\"https:\/\/now-news.de\/de\/deutschland\/liveticker-zum-ukraine-krieg-ausgangssperre-in-odessa-am-jahrestag-des-massakers-vom-2-mai-2014\/#primaryimage\"},\"thumbnailUrl\":\"https:\/\/now-news.de\/de\/wp-content\/uploads\/sites\/3\/2022\/05\/Liveticker-zum-Ukraine-Krieg-Ausgangssperre-in-Odessa-am-Jahrestag-des-Massakers.jpg\",\"datePublished\":\"2022-05-02T16:20:00+00:00\",\"dateModified\":\"2022-05-02T16:20:00+00:00\",\"breadcrumb\":{\"@id\":\"https:\/\/now-news.de\/de\/deutschland\/liveticker-zum-ukraine-krieg-ausgangssperre-in-odessa-am-jahrestag-des-massakers-vom-2-mai-2014\/#breadcrumb\"},\"inLanguage\":\"de\",\"potentialAction\":[{\"@type\":\"ReadAction\",\"target\":[\"https:\/\/now-news.de\/de\/deutschland\/liveticker-zum-ukraine-krieg-ausgangssperre-in-odessa-am-jahrestag-des-massakers-vom-2-mai-2014\/\"]}]},{\"@type\":\"ImageObject\",\"inLanguage\":\"de\",\"@id\":\"https:\/\/now-news.de\/de\/deutschland\/liveticker-zum-ukraine-krieg-ausgangssperre-in-odessa-am-jahrestag-des-massakers-vom-2-mai-2014\/#primaryimage\",\"url\":\"https:\/\/now-news.de\/de\/wp-content\/uploads\/sites\/3\/2022\/05\/Liveticker-zum-Ukraine-Krieg-Ausgangssperre-in-Odessa-am-Jahrestag-des-Massakers.jpg\",\"contentUrl\":\"https:\/\/now-news.de\/de\/wp-content\/uploads\/sites\/3\/2022\/05\/Liveticker-zum-Ukraine-Krieg-Ausgangssperre-in-Odessa-am-Jahrestag-des-Massakers.jpg\",\"width\":460,\"height\":259,\"caption\":\"Liveticker zum Ukraine-Krieg: Ausgangssperre in Odessa am Jahrestag des Massakers vom 2. Mai 2014\"},{\"@type\":\"BreadcrumbList\",\"@id\":\"https:\/\/now-news.de\/de\/deutschland\/liveticker-zum-ukraine-krieg-ausgangssperre-in-odessa-am-jahrestag-des-massakers-vom-2-mai-2014\/#breadcrumb\",\"itemListElement\":[{\"@type\":\"ListItem\",\"position\":1,\"name\":\"Home\",\"item\":\"https:\/\/now-news.de\/de\/\"},{\"@type\":\"ListItem\",\"position\":2,\"name\":\"Liveticker zum Ukraine-Krieg: Ausgangssperre in Odessa am Jahrestag des Massakers vom 2. Mai 2014\"}]},{\"@type\":\"WebSite\",\"@id\":\"https:\/\/now-news.de\/de\/#website\",\"url\":\"https:\/\/now-news.de\/de\/\",\"name\":\"just-now.NEWS Deutschland\",\"description\":\"Das Portal f\u00fcr unzensierte Nachrichten aus der Welt\",\"publisher\":{\"@id\":\"https:\/\/now-news.de\/de\/#organization\"},\"potentialAction\":[{\"@type\":\"SearchAction\",\"target\":{\"@type\":\"EntryPoint\",\"urlTemplate\":\"https:\/\/now-news.de\/de\/?s={search_term_string}\"},\"query-input\":\"required name=search_term_string\"}],\"inLanguage\":\"de\"},{\"@type\":\"Organization\",\"@id\":\"https:\/\/now-news.de\/de\/#organization\",\"name\":\"Just Now News\",\"url\":\"https:\/\/now-news.de\/de\/\",\"logo\":{\"@type\":\"ImageObject\",\"inLanguage\":\"de\",\"@id\":\"https:\/\/now-news.de\/de\/#\/schema\/logo\/image\/\",\"url\":\"http:\/\/just-now.news\/de\/wp-content\/uploads\/sites\/3\/2022\/04\/logo500x500.jpg\",\"contentUrl\":\"http:\/\/just-now.news\/de\/wp-content\/uploads\/sites\/3\/2022\/04\/logo500x500.jpg\",\"width\":500,\"height\":500,\"caption\":\"Just Now News\"},\"image\":{\"@id\":\"https:\/\/now-news.de\/de\/#\/schema\/logo\/image\/\"},\"sameAs\":[\"https:\/\/www.facebook.com\/wirmachenauf\",\"https:\/\/x.com\/WirMachenAuf_de\"]},{\"@type\":\"Person\",\"@id\":\"https:\/\/now-news.de\/de\/#\/schema\/person\/fb534a4e865501d8b3285208df34a9b5\",\"name\":\"rtnews\",\"image\":{\"@type\":\"ImageObject\",\"inLanguage\":\"de\",\"@id\":\"https:\/\/now-news.de\/de\/#\/schema\/person\/image\/\",\"url\":\"https:\/\/secure.gravatar.com\/avatar\/82aafea7d8127119dd649515f56e2117?s=96&d=mm&r=g\",\"contentUrl\":\"https:\/\/secure.gravatar.com\/avatar\/82aafea7d8127119dd649515f56e2117?s=96&d=mm&r=g\",\"caption\":\"rtnews\"},\"url\":\"https:\/\/now-news.de\/de\/author\/rnews\/\"}]}<\/script>\n<!-- \/ Yoast SEO Premium plugin. -->","yoast_head_json":{"title":"Liveticker zum Ukraine-Krieg: Ausgangssperre in Odessa am Jahrestag des Massakers vom 2. Mai 2014 - just-now.NEWS Deutschland","robots":{"index":"index","follow":"follow","max-snippet":"max-snippet:-1","max-image-preview":"max-image-preview:large","max-video-preview":"max-video-preview:-1"},"canonical":"https:\/\/now-news.de\/de\/deutschland\/liveticker-zum-ukraine-krieg-ausgangssperre-in-odessa-am-jahrestag-des-massakers-vom-2-mai-2014\/","og_locale":"de_DE","og_type":"article","og_title":"Liveticker zum Ukraine-Krieg: Ausgangssperre in Odessa am Jahrestag des Massakers vom 2. Mai 2014","og_description":"2.05.2022 18:00 Uhr 18:00 Uhr Moskauer gedenken\u00a0der Opfer des Odessa-Massakers (Video) In Moskau\u00a0hat eine Aktion zum Gedenken an die Opfer des Pogroms im Odessaer Gewerkschaftshaus am 2. Mai 2014 stattgefunden. Rund 2.000 Menschen zogen durch die Stra\u00dfen der russischen Hauptstadt zur ukrainischen Botschaft. Sie hielten Plakate mit Portr\u00e4ts der Opfer in der Hand. &#8220;Odessa, wir [&hellip;]","og_url":"https:\/\/now-news.de\/de\/deutschland\/liveticker-zum-ukraine-krieg-ausgangssperre-in-odessa-am-jahrestag-des-massakers-vom-2-mai-2014\/","og_site_name":"just-now.NEWS Deutschland","article_publisher":"https:\/\/www.facebook.com\/wirmachenauf","article_published_time":"2022-05-02T16:20:00+00:00","og_image":[{"width":460,"height":259,"url":"https:\/\/now-news.de\/de\/wp-content\/uploads\/sites\/3\/2022\/05\/Liveticker-zum-Ukraine-Krieg-Ausgangssperre-in-Odessa-am-Jahrestag-des-Massakers.jpg","type":"image\/jpeg"}],"author":"rtnews","twitter_card":"summary_large_image","twitter_creator":"@WirMachenAuf_de","twitter_site":"@WirMachenAuf_de","twitter_misc":{"Verfasst von":"rtnews","Gesch\u00e4tzte Lesezeit":"9\u00a0Minuten"},"schema":{"@context":"https:\/\/schema.org","@graph":[{"@type":"Article","@id":"https:\/\/now-news.de\/de\/deutschland\/liveticker-zum-ukraine-krieg-ausgangssperre-in-odessa-am-jahrestag-des-massakers-vom-2-mai-2014\/#article","isPartOf":{"@id":"https:\/\/now-news.de\/de\/deutschland\/liveticker-zum-ukraine-krieg-ausgangssperre-in-odessa-am-jahrestag-des-massakers-vom-2-mai-2014\/"},"author":{"name":"rtnews","@id":"https:\/\/now-news.de\/de\/#\/schema\/person\/fb534a4e865501d8b3285208df34a9b5"},"headline":"Liveticker zum Ukraine-Krieg: Ausgangssperre in Odessa am Jahrestag des Massakers vom 2. Mai 2014","datePublished":"2022-05-02T16:20:00+00:00","dateModified":"2022-05-02T16:20:00+00:00","mainEntityOfPage":{"@id":"https:\/\/now-news.de\/de\/deutschland\/liveticker-zum-ukraine-krieg-ausgangssperre-in-odessa-am-jahrestag-des-massakers-vom-2-mai-2014\/"},"wordCount":1774,"commentCount":0,"publisher":{"@id":"https:\/\/now-news.de\/de\/#organization"},"image":{"@id":"https:\/\/now-news.de\/de\/deutschland\/liveticker-zum-ukraine-krieg-ausgangssperre-in-odessa-am-jahrestag-des-massakers-vom-2-mai-2014\/#primaryimage"},"thumbnailUrl":"https:\/\/now-news.de\/de\/wp-content\/uploads\/sites\/3\/2022\/05\/Liveticker-zum-Ukraine-Krieg-Ausgangssperre-in-Odessa-am-Jahrestag-des-Massakers.jpg","keywords":["Ausgangssperre","des","Jahrestag","Liveticker","Mai","Massakers","Odessa","UkraineKrieg","vom","zum"],"articleSection":["Deutschland","Russland"],"inLanguage":"de","potentialAction":[{"@type":"CommentAction","name":"Comment","target":["https:\/\/now-news.de\/de\/deutschland\/liveticker-zum-ukraine-krieg-ausgangssperre-in-odessa-am-jahrestag-des-massakers-vom-2-mai-2014\/#respond"]}]},{"@type":"WebPage","@id":"https:\/\/now-news.de\/de\/deutschland\/liveticker-zum-ukraine-krieg-ausgangssperre-in-odessa-am-jahrestag-des-massakers-vom-2-mai-2014\/","url":"https:\/\/now-news.de\/de\/deutschland\/liveticker-zum-ukraine-krieg-ausgangssperre-in-odessa-am-jahrestag-des-massakers-vom-2-mai-2014\/","name":"Liveticker zum Ukraine-Krieg: Ausgangssperre in Odessa am Jahrestag des Massakers vom 2. Mai 2014 - just-now.NEWS Deutschland","isPartOf":{"@id":"https:\/\/now-news.de\/de\/#website"},"primaryImageOfPage":{"@id":"https:\/\/now-news.de\/de\/deutschland\/liveticker-zum-ukraine-krieg-ausgangssperre-in-odessa-am-jahrestag-des-massakers-vom-2-mai-2014\/#primaryimage"},"image":{"@id":"https:\/\/now-news.de\/de\/deutschland\/liveticker-zum-ukraine-krieg-ausgangssperre-in-odessa-am-jahrestag-des-massakers-vom-2-mai-2014\/#primaryimage"},"thumbnailUrl":"https:\/\/now-news.de\/de\/wp-content\/uploads\/sites\/3\/2022\/05\/Liveticker-zum-Ukraine-Krieg-Ausgangssperre-in-Odessa-am-Jahrestag-des-Massakers.jpg","datePublished":"2022-05-02T16:20:00+00:00","dateModified":"2022-05-02T16:20:00+00:00","breadcrumb":{"@id":"https:\/\/now-news.de\/de\/deutschland\/liveticker-zum-ukraine-krieg-ausgangssperre-in-odessa-am-jahrestag-des-massakers-vom-2-mai-2014\/#breadcrumb"},"inLanguage":"de","potentialAction":[{"@type":"ReadAction","target":["https:\/\/now-news.de\/de\/deutschland\/liveticker-zum-ukraine-krieg-ausgangssperre-in-odessa-am-jahrestag-des-massakers-vom-2-mai-2014\/"]}]},{"@type":"ImageObject","inLanguage":"de","@id":"https:\/\/now-news.de\/de\/deutschland\/liveticker-zum-ukraine-krieg-ausgangssperre-in-odessa-am-jahrestag-des-massakers-vom-2-mai-2014\/#primaryimage","url":"https:\/\/now-news.de\/de\/wp-content\/uploads\/sites\/3\/2022\/05\/Liveticker-zum-Ukraine-Krieg-Ausgangssperre-in-Odessa-am-Jahrestag-des-Massakers.jpg","contentUrl":"https:\/\/now-news.de\/de\/wp-content\/uploads\/sites\/3\/2022\/05\/Liveticker-zum-Ukraine-Krieg-Ausgangssperre-in-Odessa-am-Jahrestag-des-Massakers.jpg","width":460,"height":259,"caption":"Liveticker zum Ukraine-Krieg: Ausgangssperre in Odessa am Jahrestag des Massakers vom 2. Mai 2014"},{"@type":"BreadcrumbList","@id":"https:\/\/now-news.de\/de\/deutschland\/liveticker-zum-ukraine-krieg-ausgangssperre-in-odessa-am-jahrestag-des-massakers-vom-2-mai-2014\/#breadcrumb","itemListElement":[{"@type":"ListItem","position":1,"name":"Home","item":"https:\/\/now-news.de\/de\/"},{"@type":"ListItem","position":2,"name":"Liveticker zum Ukraine-Krieg: Ausgangssperre in Odessa am Jahrestag des Massakers vom 2. Mai 2014"}]},{"@type":"WebSite","@id":"https:\/\/now-news.de\/de\/#website","url":"https:\/\/now-news.de\/de\/","name":"just-now.NEWS Deutschland","description":"Das Portal f\u00fcr unzensierte Nachrichten aus der Welt","publisher":{"@id":"https:\/\/now-news.de\/de\/#organization"},"potentialAction":[{"@type":"SearchAction","target":{"@type":"EntryPoint","urlTemplate":"https:\/\/now-news.de\/de\/?s={search_term_string}"},"query-input":"required name=search_term_string"}],"inLanguage":"de"},{"@type":"Organization","@id":"https:\/\/now-news.de\/de\/#organization","name":"Just Now News","url":"https:\/\/now-news.de\/de\/","logo":{"@type":"ImageObject","inLanguage":"de","@id":"https:\/\/now-news.de\/de\/#\/schema\/logo\/image\/","url":"http:\/\/just-now.news\/de\/wp-content\/uploads\/sites\/3\/2022\/04\/logo500x500.jpg","contentUrl":"http:\/\/just-now.news\/de\/wp-content\/uploads\/sites\/3\/2022\/04\/logo500x500.jpg","width":500,"height":500,"caption":"Just Now News"},"image":{"@id":"https:\/\/now-news.de\/de\/#\/schema\/logo\/image\/"},"sameAs":["https:\/\/www.facebook.com\/wirmachenauf","https:\/\/x.com\/WirMachenAuf_de"]},{"@type":"Person","@id":"https:\/\/now-news.de\/de\/#\/schema\/person\/fb534a4e865501d8b3285208df34a9b5","name":"rtnews","image":{"@type":"ImageObject","inLanguage":"de","@id":"https:\/\/now-news.de\/de\/#\/schema\/person\/image\/","url":"https:\/\/secure.gravatar.com\/avatar\/82aafea7d8127119dd649515f56e2117?s=96&d=mm&r=g","contentUrl":"https:\/\/secure.gravatar.com\/avatar\/82aafea7d8127119dd649515f56e2117?s=96&d=mm&r=g","caption":"rtnews"},"url":"https:\/\/now-news.de\/de\/author\/rnews\/"}]}},"_links":{"self":[{"href":"https:\/\/now-news.de\/de\/wp-json\/wp\/v2\/posts\/6104"}],"collection":[{"href":"https:\/\/now-news.de\/de\/wp-json\/wp\/v2\/posts"}],"about":[{"href":"https:\/\/now-news.de\/de\/wp-json\/wp\/v2\/types\/post"}],"author":[{"embeddable":true,"href":"https:\/\/now-news.de\/de\/wp-json\/wp\/v2\/users\/3"}],"replies":[{"embeddable":true,"href":"https:\/\/now-news.de\/de\/wp-json\/wp\/v2\/comments?post=6104"}],"version-history":[{"count":0,"href":"https:\/\/now-news.de\/de\/wp-json\/wp\/v2\/posts\/6104\/revisions"}],"wp:featuredmedia":[{"embeddable":true,"href":"https:\/\/now-news.de\/de\/wp-json\/wp\/v2\/media\/6105"}],"wp:attachment":[{"href":"https:\/\/now-news.de\/de\/wp-json\/wp\/v2\/media?parent=6104"}],"wp:term":[{"taxonomy":"category","embeddable":true,"href":"https:\/\/now-news.de\/de\/wp-json\/wp\/v2\/categories?post=6104"},{"taxonomy":"post_tag","embeddable":true,"href":"https:\/\/now-news.de\/de\/wp-json\/wp\/v2\/tags?post=6104"}],"curies":[{"name":"wp","href":"https:\/\/api.w.org\/{rel}","templated":true}]}}