{"id":60804,"date":"2024-06-15T16:49:37","date_gmt":"2024-06-15T14:49:37","guid":{"rendered":"https:\/\/now-news.de\/de\/deutschland\/sachsen-anhalt-ein-toter-und-mehrere-verletzte-bei-messerangriff-durch-afghanen-taeter-erschossen\/"},"modified":"2024-06-15T16:49:37","modified_gmt":"2024-06-15T14:49:37","slug":"sachsen-anhalt-ein-toter-und-mehrere-verletzte-bei-messerangriff-durch-afghanen-taeter-erschossen","status":"publish","type":"post","link":"https:\/\/now-news.de\/de\/deutschland\/sachsen-anhalt-ein-toter-und-mehrere-verletzte-bei-messerangriff-durch-afghanen-taeter-erschossen\/","title":{"rendered":"Sachsen-Anhalt: Ein Toter und mehrere Verletzte bei Messerangriff durch Afghanen \u2013 T\u00e4ter erschossen"},"content":{"rendered":"<p><img decoding=\"async\" src=\"https:\/\/now-news.de\/de\/wp-content\/uploads\/sites\/3\/2024\/06\/666d9b8e48fbef0cec12c419.jpg\" \/><\/p>\n<div class=\"Text-root Text-type_1 \">\n                Am Freitagabend wurden durch einen aus Afghanistan stammenden Mann in Sachsen-Anhalt mehrere Gewaltverbrechen ver\u00fcbt. In Wolmirstedt bei Magdeburg erstach er zun\u00e4chst einen Mann, anschlie\u00dfend verletzte er mehrere Personen schwer. Die Polizei erschoss schlie\u00dflich den T\u00e4ter.\n            <\/div>\n<p><\/p>\n<div class=\"Text-root Text-type_5 ArticleView-text ViewText-root \">\n<p>Am gestrigen Freitagabend ver\u00fcbte ein mit einem Messer bewaffneter Mann mehrere Gewaltverbrechen in Wolmirstedt bei Magdeburg. Der Angreifer, ein 27-j\u00e4hriger Afghane, der nach Angaben der <em>Bild<\/em> von der Polizei anfangs als &#8220;s\u00fcdl\u00e4ndischer Typ&#8221; beschrieben wurde, soll zun\u00e4chst in einem Plattenbauwohngebiet einen 23-j\u00e4hrigen, ebenfalls aus Afghanistan stammenden Mann erstochen haben. Die Tat soll der Mann in seiner eigenen Wohnung in einem Mehrfamilienhaus an der Stra\u00dfe der Deutschen Einheit ver\u00fcbt haben.<\/p>\n<p>Im Anschluss an diese erste Gewalttat soll der T\u00e4ter in eine mehrere hundert Meter entfernt gelegene Kleingartenanlage gerannt sein, wie auch die Magdeburger <em>Volksstimme<\/em> berichtet. Dort habe er mehrere Kleing\u00e4rtner mit dem Messer bedroht, die daraufhin die Polizei alarmierten.<\/p>\n<p>Um circa 21.30 Uhr erhielt die Polizei einen weiteren Notruf \u2013 diesmal aus einer Einfamilienhaussiedlung in der N\u00e4he der Kleingartenanlage. Dort hatte der Attent\u00e4ter eine Familie angegriffen, die zu einer privaten EM-Feier im Hof des Hauses eingeladen hatte. Kurz nach Beginn des Fu\u00dfballspiels kam der Afghane auf das Grundst\u00fcck am Genossenschaftsweg gelaufen und stach mit seinem Messer offenbar wahllos auf die Anwesenden ein. Nach Angaben des <em>MDR<\/em> wurden drei Personen im Alter von 50, 56 und 75 Jahren schwer verletzt. Sie wurden zur Behandlung in ein Krankenhaus gebracht.<\/p>\n<p>Die Polizei soll kurz nach der Alarmierung am Tatort eingetroffen sein. Der Attent\u00e4ter sei dann auch auf die Beamten losgegangen. Daraufhin habe einer der Polizisten auf den Angreifer geschossen und ihn dabei t\u00f6dlich verletzt. Der Afghane sei noch vor Ort verstorben. Zeugen, die sich in der N\u00e4he des Tatorts aufhielten, berichteten von mehreren Sch\u00fcssen, so der <em>MDR<\/em>.<\/p>\n<p>Nach Angaben des Senders seien die Zusammenh\u00e4nge der Taten noch unklar. Weitere Hintergr\u00fcnde seien nicht bekannt. Die Staatsanwaltschaft Magdeburg habe Ermittlungen aufgenommen. Da es zum Gebrauch von Schusswaffen gekommen sei, ermittle auch die Polizei in Stendal.<\/p>\n<p><strong>Mehr zum Thema<\/strong> &#8211; <a rel=\"nofollow noopener\" target=\"_blank\" href=\"https:\/\/dert.online\/gesellschaft\/208427-mannheimer-messerattentat-welche-rolle-spielte-der-mann-in-der-blauen-jacke\/\">Mannheimer Messerattentat: Welche Rolle spielte der Mann in der blauen Jacke? <\/a><\/p>\n<\/div>\n<p><br \/>\n<br \/><a href=\"https:\/\/de.rt.com\/gesellschaft\/209289-sachsen-anhalt-toter-und-mehrere\/\">Source link <\/a><\/p>\n","protected":false},"excerpt":{"rendered":"<p>Am Freitagabend wurden durch einen aus Afghanistan stammenden Mann in Sachsen-Anhalt mehrere Gewaltverbrechen ver\u00fcbt. In Wolmirstedt bei Magdeburg erstach er zun\u00e4chst einen Mann, anschlie\u00dfend verletzte er mehrere Personen schwer. Die Polizei erschoss schlie\u00dflich den T\u00e4ter. Am gestrigen Freitagabend ver\u00fcbte ein mit einem Messer bewaffneter Mann mehrere Gewaltverbrechen in Wolmirstedt bei Magdeburg. Der Angreifer, ein 27-j\u00e4hriger [&hellip;]<\/p>\n","protected":false},"author":3,"featured_media":60805,"comment_status":"open","ping_status":"open","sticky":false,"template":"","format":"standard","meta":{"_yoast_indexnow_last_ping":["1718463416"],"wp_automatic_camp":["217"],"77e85a9339c12e0a16437c9acab82119":["Sachsen-Anhalt: Ein Toter und mehrere Verletzte bei Messerangriff durch Afghanen \u2013 T\u00e4ter erschossen"],"original_link":["https:\/\/de.rt.com\/gesellschaft\/209289-sachsen-anhalt-toter-und-mehrere\/"],"_thumbnail_id":["60805"],"jnews_social_counter_last_update":["1777273158"],"_wptgpro_p2tg_sent2tg":["a:1:{i:23737;s:19:\"2024-06-15 16:57:57\";}"]},"categories":[19,23],"tags":[11611,363,1024,357,5189,3653,23954,46305,7079,24841,140,1813],"yoast_head":"<!-- This site is optimized with the Yoast SEO Premium plugin v22.7 (Yoast SEO v22.7) - https:\/\/yoast.com\/wordpress\/plugins\/seo\/ -->\n<title>Sachsen-Anhalt: Ein Toter und mehrere Verletzte bei Messerangriff durch Afghanen \u2013 T\u00e4ter erschossen - just-now.NEWS Deutschland<\/title>\n<meta name=\"robots\" content=\"index, follow, max-snippet:-1, max-image-preview:large, max-video-preview:-1\" \/>\n<link rel=\"canonical\" href=\"https:\/\/now-news.de\/de\/deutschland\/sachsen-anhalt-ein-toter-und-mehrere-verletzte-bei-messerangriff-durch-afghanen-taeter-erschossen\/\" \/>\n<meta property=\"og:locale\" content=\"de_DE\" \/>\n<meta property=\"og:type\" content=\"article\" \/>\n<meta property=\"og:title\" content=\"Sachsen-Anhalt: Ein Toter und mehrere Verletzte bei Messerangriff durch Afghanen \u2013 T\u00e4ter erschossen\" \/>\n<meta property=\"og:description\" content=\"Am Freitagabend wurden durch einen aus Afghanistan stammenden Mann in Sachsen-Anhalt mehrere Gewaltverbrechen ver\u00fcbt. In Wolmirstedt bei Magdeburg erstach er zun\u00e4chst einen Mann, anschlie\u00dfend verletzte er mehrere Personen schwer. Die Polizei erschoss schlie\u00dflich den T\u00e4ter. Am gestrigen Freitagabend ver\u00fcbte ein mit einem Messer bewaffneter Mann mehrere Gewaltverbrechen in Wolmirstedt bei Magdeburg. Der Angreifer, ein 27-j\u00e4hriger [&hellip;]\" \/>\n<meta property=\"og:url\" content=\"https:\/\/now-news.de\/de\/deutschland\/sachsen-anhalt-ein-toter-und-mehrere-verletzte-bei-messerangriff-durch-afghanen-taeter-erschossen\/\" \/>\n<meta property=\"og:site_name\" content=\"just-now.NEWS Deutschland\" \/>\n<meta property=\"article:publisher\" content=\"https:\/\/www.facebook.com\/wirmachenauf\" \/>\n<meta property=\"article:published_time\" content=\"2024-06-15T14:49:37+00:00\" \/>\n<meta property=\"og:image\" content=\"https:\/\/now-news.de\/de\/wp-content\/uploads\/sites\/3\/2024\/06\/666d9b8e48fbef0cec12c419.jpg\" \/>\n<meta name=\"author\" content=\"rtnews\" \/>\n<meta name=\"twitter:card\" content=\"summary_large_image\" \/>\n<meta name=\"twitter:creator\" content=\"@WirMachenAuf_de\" \/>\n<meta name=\"twitter:site\" content=\"@WirMachenAuf_de\" \/>\n<meta name=\"twitter:label1\" content=\"Verfasst von\" \/>\n\t<meta name=\"twitter:data1\" content=\"rtnews\" \/>\n\t<meta name=\"twitter:label2\" content=\"Gesch\u00e4tzte Lesezeit\" \/>\n\t<meta name=\"twitter:data2\" content=\"2\u00a0Minuten\" \/>\n<script type=\"application\/ld+json\" class=\"yoast-schema-graph\">{\"@context\":\"https:\/\/schema.org\",\"@graph\":[{\"@type\":\"Article\",\"@id\":\"https:\/\/now-news.de\/de\/deutschland\/sachsen-anhalt-ein-toter-und-mehrere-verletzte-bei-messerangriff-durch-afghanen-taeter-erschossen\/#article\",\"isPartOf\":{\"@id\":\"https:\/\/now-news.de\/de\/deutschland\/sachsen-anhalt-ein-toter-und-mehrere-verletzte-bei-messerangriff-durch-afghanen-taeter-erschossen\/\"},\"author\":{\"name\":\"rtnews\",\"@id\":\"https:\/\/now-news.de\/de\/#\/schema\/person\/fb534a4e865501d8b3285208df34a9b5\"},\"headline\":\"Sachsen-Anhalt: Ein Toter und mehrere Verletzte bei Messerangriff durch Afghanen \u2013 T\u00e4ter erschossen\",\"datePublished\":\"2024-06-15T14:49:37+00:00\",\"dateModified\":\"2024-06-15T14:49:37+00:00\",\"mainEntityOfPage\":{\"@id\":\"https:\/\/now-news.de\/de\/deutschland\/sachsen-anhalt-ein-toter-und-mehrere-verletzte-bei-messerangriff-durch-afghanen-taeter-erschossen\/\"},\"wordCount\":375,\"commentCount\":0,\"publisher\":{\"@id\":\"https:\/\/now-news.de\/de\/#organization\"},\"image\":{\"@id\":\"https:\/\/now-news.de\/de\/deutschland\/sachsen-anhalt-ein-toter-und-mehrere-verletzte-bei-messerangriff-durch-afghanen-taeter-erschossen\/#primaryimage\"},\"thumbnailUrl\":\"https:\/\/now-news.de\/de\/wp-content\/uploads\/sites\/3\/2024\/06\/Sachsen-Anhalt-Ein-Toter-und-mehrere-Verletzte-bei-Messerangriff-durch-Afghanen.jpg\",\"keywords\":[\"Afghanen\",\"bei\",\"durch\",\"ein\",\"erschossen\",\"mehrere\",\"Messerangriff\",\"SachsenAnhalt\",\"T\u00e4ter\",\"Toter\",\"und\",\"Verletzte\"],\"articleSection\":[\"Deutschland\",\"Russland\"],\"inLanguage\":\"de\",\"potentialAction\":[{\"@type\":\"CommentAction\",\"name\":\"Comment\",\"target\":[\"https:\/\/now-news.de\/de\/deutschland\/sachsen-anhalt-ein-toter-und-mehrere-verletzte-bei-messerangriff-durch-afghanen-taeter-erschossen\/#respond\"]}]},{\"@type\":\"WebPage\",\"@id\":\"https:\/\/now-news.de\/de\/deutschland\/sachsen-anhalt-ein-toter-und-mehrere-verletzte-bei-messerangriff-durch-afghanen-taeter-erschossen\/\",\"url\":\"https:\/\/now-news.de\/de\/deutschland\/sachsen-anhalt-ein-toter-und-mehrere-verletzte-bei-messerangriff-durch-afghanen-taeter-erschossen\/\",\"name\":\"Sachsen-Anhalt: Ein Toter und mehrere Verletzte bei Messerangriff durch Afghanen \u2013 T\u00e4ter erschossen - just-now.NEWS Deutschland\",\"isPartOf\":{\"@id\":\"https:\/\/now-news.de\/de\/#website\"},\"primaryImageOfPage\":{\"@id\":\"https:\/\/now-news.de\/de\/deutschland\/sachsen-anhalt-ein-toter-und-mehrere-verletzte-bei-messerangriff-durch-afghanen-taeter-erschossen\/#primaryimage\"},\"image\":{\"@id\":\"https:\/\/now-news.de\/de\/deutschland\/sachsen-anhalt-ein-toter-und-mehrere-verletzte-bei-messerangriff-durch-afghanen-taeter-erschossen\/#primaryimage\"},\"thumbnailUrl\":\"https:\/\/now-news.de\/de\/wp-content\/uploads\/sites\/3\/2024\/06\/Sachsen-Anhalt-Ein-Toter-und-mehrere-Verletzte-bei-Messerangriff-durch-Afghanen.jpg\",\"datePublished\":\"2024-06-15T14:49:37+00:00\",\"dateModified\":\"2024-06-15T14:49:37+00:00\",\"breadcrumb\":{\"@id\":\"https:\/\/now-news.de\/de\/deutschland\/sachsen-anhalt-ein-toter-und-mehrere-verletzte-bei-messerangriff-durch-afghanen-taeter-erschossen\/#breadcrumb\"},\"inLanguage\":\"de\",\"potentialAction\":[{\"@type\":\"ReadAction\",\"target\":[\"https:\/\/now-news.de\/de\/deutschland\/sachsen-anhalt-ein-toter-und-mehrere-verletzte-bei-messerangriff-durch-afghanen-taeter-erschossen\/\"]}]},{\"@type\":\"ImageObject\",\"inLanguage\":\"de\",\"@id\":\"https:\/\/now-news.de\/de\/deutschland\/sachsen-anhalt-ein-toter-und-mehrere-verletzte-bei-messerangriff-durch-afghanen-taeter-erschossen\/#primaryimage\",\"url\":\"https:\/\/now-news.de\/de\/wp-content\/uploads\/sites\/3\/2024\/06\/Sachsen-Anhalt-Ein-Toter-und-mehrere-Verletzte-bei-Messerangriff-durch-Afghanen.jpg\",\"contentUrl\":\"https:\/\/now-news.de\/de\/wp-content\/uploads\/sites\/3\/2024\/06\/Sachsen-Anhalt-Ein-Toter-und-mehrere-Verletzte-bei-Messerangriff-durch-Afghanen.jpg\",\"width\":460,\"height\":259,\"caption\":\"Sachsen-Anhalt: Ein Toter und mehrere Verletzte bei Messerangriff durch Afghanen \u2013 T\u00e4ter erschossen\"},{\"@type\":\"BreadcrumbList\",\"@id\":\"https:\/\/now-news.de\/de\/deutschland\/sachsen-anhalt-ein-toter-und-mehrere-verletzte-bei-messerangriff-durch-afghanen-taeter-erschossen\/#breadcrumb\",\"itemListElement\":[{\"@type\":\"ListItem\",\"position\":1,\"name\":\"Home\",\"item\":\"https:\/\/now-news.de\/de\/\"},{\"@type\":\"ListItem\",\"position\":2,\"name\":\"Sachsen-Anhalt: Ein Toter und mehrere Verletzte bei Messerangriff durch Afghanen \u2013 T\u00e4ter erschossen\"}]},{\"@type\":\"WebSite\",\"@id\":\"https:\/\/now-news.de\/de\/#website\",\"url\":\"https:\/\/now-news.de\/de\/\",\"name\":\"just-now.NEWS Deutschland\",\"description\":\"Das Portal f\u00fcr unzensierte Nachrichten aus der Welt\",\"publisher\":{\"@id\":\"https:\/\/now-news.de\/de\/#organization\"},\"potentialAction\":[{\"@type\":\"SearchAction\",\"target\":{\"@type\":\"EntryPoint\",\"urlTemplate\":\"https:\/\/now-news.de\/de\/?s={search_term_string}\"},\"query-input\":\"required name=search_term_string\"}],\"inLanguage\":\"de\"},{\"@type\":\"Organization\",\"@id\":\"https:\/\/now-news.de\/de\/#organization\",\"name\":\"Just Now News\",\"url\":\"https:\/\/now-news.de\/de\/\",\"logo\":{\"@type\":\"ImageObject\",\"inLanguage\":\"de\",\"@id\":\"https:\/\/now-news.de\/de\/#\/schema\/logo\/image\/\",\"url\":\"http:\/\/just-now.news\/de\/wp-content\/uploads\/sites\/3\/2022\/04\/logo500x500.jpg\",\"contentUrl\":\"http:\/\/just-now.news\/de\/wp-content\/uploads\/sites\/3\/2022\/04\/logo500x500.jpg\",\"width\":500,\"height\":500,\"caption\":\"Just Now News\"},\"image\":{\"@id\":\"https:\/\/now-news.de\/de\/#\/schema\/logo\/image\/\"},\"sameAs\":[\"https:\/\/www.facebook.com\/wirmachenauf\",\"https:\/\/x.com\/WirMachenAuf_de\"]},{\"@type\":\"Person\",\"@id\":\"https:\/\/now-news.de\/de\/#\/schema\/person\/fb534a4e865501d8b3285208df34a9b5\",\"name\":\"rtnews\",\"image\":{\"@type\":\"ImageObject\",\"inLanguage\":\"de\",\"@id\":\"https:\/\/now-news.de\/de\/#\/schema\/person\/image\/\",\"url\":\"https:\/\/secure.gravatar.com\/avatar\/82aafea7d8127119dd649515f56e2117?s=96&d=mm&r=g\",\"contentUrl\":\"https:\/\/secure.gravatar.com\/avatar\/82aafea7d8127119dd649515f56e2117?s=96&d=mm&r=g\",\"caption\":\"rtnews\"},\"url\":\"https:\/\/now-news.de\/de\/author\/rnews\/\"}]}<\/script>\n<!-- \/ Yoast SEO Premium plugin. -->","yoast_head_json":{"title":"Sachsen-Anhalt: Ein Toter und mehrere Verletzte bei Messerangriff durch Afghanen \u2013 T\u00e4ter erschossen - just-now.NEWS Deutschland","robots":{"index":"index","follow":"follow","max-snippet":"max-snippet:-1","max-image-preview":"max-image-preview:large","max-video-preview":"max-video-preview:-1"},"canonical":"https:\/\/now-news.de\/de\/deutschland\/sachsen-anhalt-ein-toter-und-mehrere-verletzte-bei-messerangriff-durch-afghanen-taeter-erschossen\/","og_locale":"de_DE","og_type":"article","og_title":"Sachsen-Anhalt: Ein Toter und mehrere Verletzte bei Messerangriff durch Afghanen \u2013 T\u00e4ter erschossen","og_description":"Am Freitagabend wurden durch einen aus Afghanistan stammenden Mann in Sachsen-Anhalt mehrere Gewaltverbrechen ver\u00fcbt. In Wolmirstedt bei Magdeburg erstach er zun\u00e4chst einen Mann, anschlie\u00dfend verletzte er mehrere Personen schwer. Die Polizei erschoss schlie\u00dflich den T\u00e4ter. Am gestrigen Freitagabend ver\u00fcbte ein mit einem Messer bewaffneter Mann mehrere Gewaltverbrechen in Wolmirstedt bei Magdeburg. Der Angreifer, ein 27-j\u00e4hriger [&hellip;]","og_url":"https:\/\/now-news.de\/de\/deutschland\/sachsen-anhalt-ein-toter-und-mehrere-verletzte-bei-messerangriff-durch-afghanen-taeter-erschossen\/","og_site_name":"just-now.NEWS Deutschland","article_publisher":"https:\/\/www.facebook.com\/wirmachenauf","article_published_time":"2024-06-15T14:49:37+00:00","og_image":[{"url":"https:\/\/now-news.de\/de\/wp-content\/uploads\/sites\/3\/2024\/06\/666d9b8e48fbef0cec12c419.jpg"}],"author":"rtnews","twitter_card":"summary_large_image","twitter_creator":"@WirMachenAuf_de","twitter_site":"@WirMachenAuf_de","twitter_misc":{"Verfasst von":"rtnews","Gesch\u00e4tzte Lesezeit":"2\u00a0Minuten"},"schema":{"@context":"https:\/\/schema.org","@graph":[{"@type":"Article","@id":"https:\/\/now-news.de\/de\/deutschland\/sachsen-anhalt-ein-toter-und-mehrere-verletzte-bei-messerangriff-durch-afghanen-taeter-erschossen\/#article","isPartOf":{"@id":"https:\/\/now-news.de\/de\/deutschland\/sachsen-anhalt-ein-toter-und-mehrere-verletzte-bei-messerangriff-durch-afghanen-taeter-erschossen\/"},"author":{"name":"rtnews","@id":"https:\/\/now-news.de\/de\/#\/schema\/person\/fb534a4e865501d8b3285208df34a9b5"},"headline":"Sachsen-Anhalt: Ein Toter und mehrere Verletzte bei Messerangriff durch Afghanen \u2013 T\u00e4ter erschossen","datePublished":"2024-06-15T14:49:37+00:00","dateModified":"2024-06-15T14:49:37+00:00","mainEntityOfPage":{"@id":"https:\/\/now-news.de\/de\/deutschland\/sachsen-anhalt-ein-toter-und-mehrere-verletzte-bei-messerangriff-durch-afghanen-taeter-erschossen\/"},"wordCount":375,"commentCount":0,"publisher":{"@id":"https:\/\/now-news.de\/de\/#organization"},"image":{"@id":"https:\/\/now-news.de\/de\/deutschland\/sachsen-anhalt-ein-toter-und-mehrere-verletzte-bei-messerangriff-durch-afghanen-taeter-erschossen\/#primaryimage"},"thumbnailUrl":"https:\/\/now-news.de\/de\/wp-content\/uploads\/sites\/3\/2024\/06\/Sachsen-Anhalt-Ein-Toter-und-mehrere-Verletzte-bei-Messerangriff-durch-Afghanen.jpg","keywords":["Afghanen","bei","durch","ein","erschossen","mehrere","Messerangriff","SachsenAnhalt","T\u00e4ter","Toter","und","Verletzte"],"articleSection":["Deutschland","Russland"],"inLanguage":"de","potentialAction":[{"@type":"CommentAction","name":"Comment","target":["https:\/\/now-news.de\/de\/deutschland\/sachsen-anhalt-ein-toter-und-mehrere-verletzte-bei-messerangriff-durch-afghanen-taeter-erschossen\/#respond"]}]},{"@type":"WebPage","@id":"https:\/\/now-news.de\/de\/deutschland\/sachsen-anhalt-ein-toter-und-mehrere-verletzte-bei-messerangriff-durch-afghanen-taeter-erschossen\/","url":"https:\/\/now-news.de\/de\/deutschland\/sachsen-anhalt-ein-toter-und-mehrere-verletzte-bei-messerangriff-durch-afghanen-taeter-erschossen\/","name":"Sachsen-Anhalt: Ein Toter und mehrere Verletzte bei Messerangriff durch Afghanen \u2013 T\u00e4ter erschossen - just-now.NEWS Deutschland","isPartOf":{"@id":"https:\/\/now-news.de\/de\/#website"},"primaryImageOfPage":{"@id":"https:\/\/now-news.de\/de\/deutschland\/sachsen-anhalt-ein-toter-und-mehrere-verletzte-bei-messerangriff-durch-afghanen-taeter-erschossen\/#primaryimage"},"image":{"@id":"https:\/\/now-news.de\/de\/deutschland\/sachsen-anhalt-ein-toter-und-mehrere-verletzte-bei-messerangriff-durch-afghanen-taeter-erschossen\/#primaryimage"},"thumbnailUrl":"https:\/\/now-news.de\/de\/wp-content\/uploads\/sites\/3\/2024\/06\/Sachsen-Anhalt-Ein-Toter-und-mehrere-Verletzte-bei-Messerangriff-durch-Afghanen.jpg","datePublished":"2024-06-15T14:49:37+00:00","dateModified":"2024-06-15T14:49:37+00:00","breadcrumb":{"@id":"https:\/\/now-news.de\/de\/deutschland\/sachsen-anhalt-ein-toter-und-mehrere-verletzte-bei-messerangriff-durch-afghanen-taeter-erschossen\/#breadcrumb"},"inLanguage":"de","potentialAction":[{"@type":"ReadAction","target":["https:\/\/now-news.de\/de\/deutschland\/sachsen-anhalt-ein-toter-und-mehrere-verletzte-bei-messerangriff-durch-afghanen-taeter-erschossen\/"]}]},{"@type":"ImageObject","inLanguage":"de","@id":"https:\/\/now-news.de\/de\/deutschland\/sachsen-anhalt-ein-toter-und-mehrere-verletzte-bei-messerangriff-durch-afghanen-taeter-erschossen\/#primaryimage","url":"https:\/\/now-news.de\/de\/wp-content\/uploads\/sites\/3\/2024\/06\/Sachsen-Anhalt-Ein-Toter-und-mehrere-Verletzte-bei-Messerangriff-durch-Afghanen.jpg","contentUrl":"https:\/\/now-news.de\/de\/wp-content\/uploads\/sites\/3\/2024\/06\/Sachsen-Anhalt-Ein-Toter-und-mehrere-Verletzte-bei-Messerangriff-durch-Afghanen.jpg","width":460,"height":259,"caption":"Sachsen-Anhalt: Ein Toter und mehrere Verletzte bei Messerangriff durch Afghanen \u2013 T\u00e4ter erschossen"},{"@type":"BreadcrumbList","@id":"https:\/\/now-news.de\/de\/deutschland\/sachsen-anhalt-ein-toter-und-mehrere-verletzte-bei-messerangriff-durch-afghanen-taeter-erschossen\/#breadcrumb","itemListElement":[{"@type":"ListItem","position":1,"name":"Home","item":"https:\/\/now-news.de\/de\/"},{"@type":"ListItem","position":2,"name":"Sachsen-Anhalt: Ein Toter und mehrere Verletzte bei Messerangriff durch Afghanen \u2013 T\u00e4ter erschossen"}]},{"@type":"WebSite","@id":"https:\/\/now-news.de\/de\/#website","url":"https:\/\/now-news.de\/de\/","name":"just-now.NEWS Deutschland","description":"Das Portal f\u00fcr unzensierte Nachrichten aus der Welt","publisher":{"@id":"https:\/\/now-news.de\/de\/#organization"},"potentialAction":[{"@type":"SearchAction","target":{"@type":"EntryPoint","urlTemplate":"https:\/\/now-news.de\/de\/?s={search_term_string}"},"query-input":"required name=search_term_string"}],"inLanguage":"de"},{"@type":"Organization","@id":"https:\/\/now-news.de\/de\/#organization","name":"Just Now News","url":"https:\/\/now-news.de\/de\/","logo":{"@type":"ImageObject","inLanguage":"de","@id":"https:\/\/now-news.de\/de\/#\/schema\/logo\/image\/","url":"http:\/\/just-now.news\/de\/wp-content\/uploads\/sites\/3\/2022\/04\/logo500x500.jpg","contentUrl":"http:\/\/just-now.news\/de\/wp-content\/uploads\/sites\/3\/2022\/04\/logo500x500.jpg","width":500,"height":500,"caption":"Just Now News"},"image":{"@id":"https:\/\/now-news.de\/de\/#\/schema\/logo\/image\/"},"sameAs":["https:\/\/www.facebook.com\/wirmachenauf","https:\/\/x.com\/WirMachenAuf_de"]},{"@type":"Person","@id":"https:\/\/now-news.de\/de\/#\/schema\/person\/fb534a4e865501d8b3285208df34a9b5","name":"rtnews","image":{"@type":"ImageObject","inLanguage":"de","@id":"https:\/\/now-news.de\/de\/#\/schema\/person\/image\/","url":"https:\/\/secure.gravatar.com\/avatar\/82aafea7d8127119dd649515f56e2117?s=96&d=mm&r=g","contentUrl":"https:\/\/secure.gravatar.com\/avatar\/82aafea7d8127119dd649515f56e2117?s=96&d=mm&r=g","caption":"rtnews"},"url":"https:\/\/now-news.de\/de\/author\/rnews\/"}]}},"_links":{"self":[{"href":"https:\/\/now-news.de\/de\/wp-json\/wp\/v2\/posts\/60804"}],"collection":[{"href":"https:\/\/now-news.de\/de\/wp-json\/wp\/v2\/posts"}],"about":[{"href":"https:\/\/now-news.de\/de\/wp-json\/wp\/v2\/types\/post"}],"author":[{"embeddable":true,"href":"https:\/\/now-news.de\/de\/wp-json\/wp\/v2\/users\/3"}],"replies":[{"embeddable":true,"href":"https:\/\/now-news.de\/de\/wp-json\/wp\/v2\/comments?post=60804"}],"version-history":[{"count":0,"href":"https:\/\/now-news.de\/de\/wp-json\/wp\/v2\/posts\/60804\/revisions"}],"wp:featuredmedia":[{"embeddable":true,"href":"https:\/\/now-news.de\/de\/wp-json\/wp\/v2\/media\/60805"}],"wp:attachment":[{"href":"https:\/\/now-news.de\/de\/wp-json\/wp\/v2\/media?parent=60804"}],"wp:term":[{"taxonomy":"category","embeddable":true,"href":"https:\/\/now-news.de\/de\/wp-json\/wp\/v2\/categories?post=60804"},{"taxonomy":"post_tag","embeddable":true,"href":"https:\/\/now-news.de\/de\/wp-json\/wp\/v2\/tags?post=60804"}],"curies":[{"name":"wp","href":"https:\/\/api.w.org\/{rel}","templated":true}]}}