{"id":6072,"date":"2022-05-02T16:30:30","date_gmt":"2022-05-02T14:30:30","guid":{"rendered":"http:\/\/just-now.news\/de\/deutschland\/innenministerin-faeser-raet-buergern-zu-notvorraeten\/"},"modified":"2022-05-02T16:30:30","modified_gmt":"2022-05-02T14:30:30","slug":"innenministerin-faeser-raet-buergern-zu-notvorraeten","status":"publish","type":"post","link":"https:\/\/now-news.de\/de\/deutschland\/innenministerin-faeser-raet-buergern-zu-notvorraeten\/","title":{"rendered":"Innenministerin Faeser r\u00e4t B\u00fcrgern zu Notvorr\u00e4ten"},"content":{"rendered":"<div class=\"Text-root Text-type_5 ArticleView-text ViewText-root \">\n<p>Angesichts des Ukraine-Krieges r\u00e4t Bundesinnenministerin Nancy Faeser (SPD) den B\u00fcrgern der Bundesrepublik zur Vorsorge f\u00fcr den Krisenfall. Dem <em>Handelsblatt<\/em> sagte Faeser am Sonntag:<\/p>\n<blockquote>\n<p><em>&#8220;Denken Sie zum Beispiel an Cyberattacken auf die kritische Infrastruktur. Wenn tats\u00e4chlich mal l\u00e4nger der Strom ausf\u00e4llt oder das t\u00e4gliche Leben auf andere Weise eingeschr\u00e4nkt wird, dann ist es auf jeden Fall sinnvoll, einen Notvorrat zu Hause zu haben.&#8221;<\/em><\/p>\n<\/blockquote>\n<div class=\"ReadMore-root Section-root Section-is1to3-xs_is1to1\" data-widgets=\"ReadMore\" data-has-alias>\n<div class=\"Section-container Section-isRow-isTop-isWrap\">\n<article class=\"Card-root Card-is1to1 \">\n<div class=\"Card-imageWrap\">\n<div class=\"Card-picture\">\n<picture class=\"Picture-root Picture-default\"><!--[if IE 9]><video style=\"display: none;\"><![endif]--><source media=\"(-webkit-min-device-pixel-ratio: 2) and (min-resolution: 120dpi)\" data-srcset=\" \nhttp:\/\/just-now.news\/de\/wp-content\/uploads\/sites\/3\/2022\/05\/Innenministerin-Faeser-raet-Buergern-zu-Notvorraeten.jpg 850w,\n                http:\/\/just-now.news\/de\/wp-content\/uploads\/sites\/3\/2022\/05\/1651502397_338_Innenministerin-Faeser-raet-Buergern-zu-Notvorraeten.jpg 1960w,\n            \" ><source data-srcset=\" \nhttp:\/\/just-now.news\/de\/wp-content\/uploads\/sites\/3\/2022\/05\/Innenministerin-Faeser-raet-Buergern-zu-Notvorraeten.jpg 460w,\n              http:\/\/just-now.news\/de\/wp-content\/uploads\/sites\/3\/2022\/05\/1651502397_338_Innenministerin-Faeser-raet-Buergern-zu-Notvorraeten.jpg 980w,\n            \" ><!--[if IE 9]><\/video><![endif]--><\/source><\/source><\/picture><!-- noscript pattern --><noscript><img decoding=\"async\" src=\"http:\/\/just-now.news\/de\/wp-content\/uploads\/sites\/3\/2022\/05\/1651502397_338_Innenministerin-Faeser-raet-Buergern-zu-Notvorraeten.jpg\" alt=\"Ukraine-Krieg an Europas Grenzen: Deutschland f\u00e4hrt Schutzma\u00dfnahmen hoch\"><\/noscript>    <\/div><\/div>\n<div class=\"Card-contentWrap\">\n<div class=\"Card-content\">\n<div class=\"Card-title\">\n<div class=\"HeaderNews-root HeaderNews-type_6 \">\n<p>            <a rel=\"nofollow noopener\" target=\"_blank\" href=\"https:\/\/de.rt.com\/inland\/132420-ukraine-krieg-an-europas-grenzen\/\" class=\"Link-root Link-isFullCard \"><br \/>\n                Ukraine-Krieg an Europas Grenzen: Deutschland f\u00e4hrt Schutzma\u00dfnahmen hoch<br \/>\n            <\/a><\/p><\/div><\/div><\/div><\/div>\n<\/article>\n<\/div><\/div>\n<p>In diesem Kontext verwies sie auch auf eine vom Bundesamt f\u00fcr Bev\u00f6lkerungsschutz ver\u00f6ffentlichte Liste\u00a0zur Notfallvorsorge. Faeser betonte zudem die Bedeutung des Zivilschutzes, dem sie eine &#8220;hohe Priorit\u00e4t&#8221; einr\u00e4ume. Man m\u00fcsse hier &#8220;auf die H\u00f6he der Zeit kommen, um die vielf\u00e4ltigen Krisen \u2013 Pandemien, Klimafolgen, Kriegsgefahren \u2013 zu bew\u00e4ltigen&#8221;. Es m\u00fcsse gepr\u00fcft werden, welche Schutzvorkehrungen notwendig seien.<\/p>\n<p>Dabei gehe es auch um &#8220;Vorr\u00e4te f\u00fcr Lebensmittel, Medikamente und Sanit\u00e4tsmaterialien&#8221; und nicht nur um technische Fragen. Weiterhin gebe es noch 599 Schutzr\u00e4ume in Deutschland, die aber teilweise anders genutzt w\u00fcrden. Daher sei es sinnvoll, einige davon zu reaktivieren, so die Ministerin.\u00a0<\/p>\n<p>(rt de\/dpa)<\/p>\n<p><strong>Mehr zum Thema <\/strong>&#8211;\u00a0<a rel=\"nofollow noopener\" target=\"_blank\" href=\"https:\/\/de.rt.com\/international\/136203-internationale-organisationen-warnen-vor-globaler\/\">Internationale Organisationen warnen vor globaler Lebensmittelknappheit<\/a><\/p>\n<\/div>\n<p><br \/>\n<br \/><a href=\"https:\/\/de.rt.com\/inland\/137556-innenministerin-faeser-rat-burgern-zu\/\">Source link <\/a><\/p>\n","protected":false},"excerpt":{"rendered":"<p>Angesichts des Ukraine-Krieges r\u00e4t Bundesinnenministerin Nancy Faeser (SPD) den B\u00fcrgern der Bundesrepublik zur Vorsorge f\u00fcr den Krisenfall. Dem Handelsblatt sagte Faeser am Sonntag: &#8220;Denken Sie zum Beispiel an Cyberattacken auf die kritische Infrastruktur. Wenn tats\u00e4chlich mal l\u00e4nger der Strom ausf\u00e4llt oder das t\u00e4gliche Leben auf andere Weise eingeschr\u00e4nkt wird, dann ist es auf jeden Fall [&hellip;]<\/p>\n","protected":false},"author":3,"featured_media":6073,"comment_status":"open","ping_status":"open","sticky":false,"template":"","format":"standard","meta":{"wp_automatic_camp":["217"],"0acf3dfa32b6a7ed0a7f9c5232b69042":["Innenministerin Faeser r\u00e4t B\u00fcrgern zu Notvorr\u00e4ten"],"original_link":["https:\/\/de.rt.com\/inland\/137556-innenministerin-faeser-rat-burgern-zu\/"],"_thumbnail_id":["6073"],"wp_automatic_remove_first_image":["yes"],"_wptg_p2tg_sent2tg":["2022-05-02 16:40:58"],"jnews_social_counter_last_update":["1777425196"]},"categories":[19,23],"tags":[16803,16802,4732,16804,975],"yoast_head":"<!-- This site is optimized with the Yoast SEO Premium plugin v22.7 (Yoast SEO v22.7) - https:\/\/yoast.com\/wordpress\/plugins\/seo\/ -->\n<title>Innenministerin Faeser r\u00e4t B\u00fcrgern zu Notvorr\u00e4ten - just-now.NEWS Deutschland<\/title>\n<meta name=\"robots\" content=\"index, follow, max-snippet:-1, max-image-preview:large, max-video-preview:-1\" \/>\n<link rel=\"canonical\" href=\"https:\/\/now-news.de\/de\/deutschland\/innenministerin-faeser-raet-buergern-zu-notvorraeten\/\" \/>\n<meta property=\"og:locale\" content=\"de_DE\" \/>\n<meta property=\"og:type\" content=\"article\" \/>\n<meta property=\"og:title\" content=\"Innenministerin Faeser r\u00e4t B\u00fcrgern zu Notvorr\u00e4ten\" \/>\n<meta property=\"og:description\" content=\"Angesichts des Ukraine-Krieges r\u00e4t Bundesinnenministerin Nancy Faeser (SPD) den B\u00fcrgern der Bundesrepublik zur Vorsorge f\u00fcr den Krisenfall. Dem Handelsblatt sagte Faeser am Sonntag: &#8220;Denken Sie zum Beispiel an Cyberattacken auf die kritische Infrastruktur. Wenn tats\u00e4chlich mal l\u00e4nger der Strom ausf\u00e4llt oder das t\u00e4gliche Leben auf andere Weise eingeschr\u00e4nkt wird, dann ist es auf jeden Fall [&hellip;]\" \/>\n<meta property=\"og:url\" content=\"https:\/\/now-news.de\/de\/deutschland\/innenministerin-faeser-raet-buergern-zu-notvorraeten\/\" \/>\n<meta property=\"og:site_name\" content=\"just-now.NEWS Deutschland\" \/>\n<meta property=\"article:publisher\" content=\"https:\/\/www.facebook.com\/wirmachenauf\" \/>\n<meta property=\"article:published_time\" content=\"2022-05-02T14:30:30+00:00\" \/>\n<meta property=\"og:image\" content=\"https:\/\/now-news.de\/de\/wp-content\/uploads\/sites\/3\/2022\/05\/Innenministerin-Faeser-raet-Buergern-zu-Notvorraeten.jpg\" \/>\n\t<meta property=\"og:image:width\" content=\"460\" \/>\n\t<meta property=\"og:image:height\" content=\"259\" \/>\n\t<meta property=\"og:image:type\" content=\"image\/jpeg\" \/>\n<meta name=\"author\" content=\"rtnews\" \/>\n<meta name=\"twitter:card\" content=\"summary_large_image\" \/>\n<meta name=\"twitter:creator\" content=\"@WirMachenAuf_de\" \/>\n<meta name=\"twitter:site\" content=\"@WirMachenAuf_de\" \/>\n<meta name=\"twitter:label1\" content=\"Verfasst von\" \/>\n\t<meta name=\"twitter:data1\" content=\"rtnews\" \/>\n\t<meta name=\"twitter:label2\" content=\"Gesch\u00e4tzte Lesezeit\" \/>\n\t<meta name=\"twitter:data2\" content=\"1\u00a0Minute\" \/>\n<script type=\"application\/ld+json\" class=\"yoast-schema-graph\">{\"@context\":\"https:\/\/schema.org\",\"@graph\":[{\"@type\":\"Article\",\"@id\":\"https:\/\/now-news.de\/de\/deutschland\/innenministerin-faeser-raet-buergern-zu-notvorraeten\/#article\",\"isPartOf\":{\"@id\":\"https:\/\/now-news.de\/de\/deutschland\/innenministerin-faeser-raet-buergern-zu-notvorraeten\/\"},\"author\":{\"name\":\"rtnews\",\"@id\":\"https:\/\/now-news.de\/de\/#\/schema\/person\/fb534a4e865501d8b3285208df34a9b5\"},\"headline\":\"Innenministerin Faeser r\u00e4t B\u00fcrgern zu Notvorr\u00e4ten\",\"datePublished\":\"2022-05-02T14:30:30+00:00\",\"dateModified\":\"2022-05-02T14:30:30+00:00\",\"mainEntityOfPage\":{\"@id\":\"https:\/\/now-news.de\/de\/deutschland\/innenministerin-faeser-raet-buergern-zu-notvorraeten\/\"},\"wordCount\":217,\"commentCount\":0,\"publisher\":{\"@id\":\"https:\/\/now-news.de\/de\/#organization\"},\"image\":{\"@id\":\"https:\/\/now-news.de\/de\/deutschland\/innenministerin-faeser-raet-buergern-zu-notvorraeten\/#primaryimage\"},\"thumbnailUrl\":\"https:\/\/now-news.de\/de\/wp-content\/uploads\/sites\/3\/2022\/05\/Innenministerin-Faeser-raet-Buergern-zu-Notvorraeten.jpg\",\"keywords\":[\"B\u00fcrgern\",\"Faeser\",\"Innenministerin\",\"Notvorr\u00e4ten\",\"r\u00e4t\"],\"articleSection\":[\"Deutschland\",\"Russland\"],\"inLanguage\":\"de\",\"potentialAction\":[{\"@type\":\"CommentAction\",\"name\":\"Comment\",\"target\":[\"https:\/\/now-news.de\/de\/deutschland\/innenministerin-faeser-raet-buergern-zu-notvorraeten\/#respond\"]}]},{\"@type\":\"WebPage\",\"@id\":\"https:\/\/now-news.de\/de\/deutschland\/innenministerin-faeser-raet-buergern-zu-notvorraeten\/\",\"url\":\"https:\/\/now-news.de\/de\/deutschland\/innenministerin-faeser-raet-buergern-zu-notvorraeten\/\",\"name\":\"Innenministerin Faeser r\u00e4t B\u00fcrgern zu Notvorr\u00e4ten - just-now.NEWS Deutschland\",\"isPartOf\":{\"@id\":\"https:\/\/now-news.de\/de\/#website\"},\"primaryImageOfPage\":{\"@id\":\"https:\/\/now-news.de\/de\/deutschland\/innenministerin-faeser-raet-buergern-zu-notvorraeten\/#primaryimage\"},\"image\":{\"@id\":\"https:\/\/now-news.de\/de\/deutschland\/innenministerin-faeser-raet-buergern-zu-notvorraeten\/#primaryimage\"},\"thumbnailUrl\":\"https:\/\/now-news.de\/de\/wp-content\/uploads\/sites\/3\/2022\/05\/Innenministerin-Faeser-raet-Buergern-zu-Notvorraeten.jpg\",\"datePublished\":\"2022-05-02T14:30:30+00:00\",\"dateModified\":\"2022-05-02T14:30:30+00:00\",\"breadcrumb\":{\"@id\":\"https:\/\/now-news.de\/de\/deutschland\/innenministerin-faeser-raet-buergern-zu-notvorraeten\/#breadcrumb\"},\"inLanguage\":\"de\",\"potentialAction\":[{\"@type\":\"ReadAction\",\"target\":[\"https:\/\/now-news.de\/de\/deutschland\/innenministerin-faeser-raet-buergern-zu-notvorraeten\/\"]}]},{\"@type\":\"ImageObject\",\"inLanguage\":\"de\",\"@id\":\"https:\/\/now-news.de\/de\/deutschland\/innenministerin-faeser-raet-buergern-zu-notvorraeten\/#primaryimage\",\"url\":\"https:\/\/now-news.de\/de\/wp-content\/uploads\/sites\/3\/2022\/05\/Innenministerin-Faeser-raet-Buergern-zu-Notvorraeten.jpg\",\"contentUrl\":\"https:\/\/now-news.de\/de\/wp-content\/uploads\/sites\/3\/2022\/05\/Innenministerin-Faeser-raet-Buergern-zu-Notvorraeten.jpg\",\"width\":460,\"height\":259,\"caption\":\"Ukraine-Krieg an Europas Grenzen: Deutschland f\u00e4hrt Schutzma\u00dfnahmen hoch\"},{\"@type\":\"BreadcrumbList\",\"@id\":\"https:\/\/now-news.de\/de\/deutschland\/innenministerin-faeser-raet-buergern-zu-notvorraeten\/#breadcrumb\",\"itemListElement\":[{\"@type\":\"ListItem\",\"position\":1,\"name\":\"Home\",\"item\":\"https:\/\/now-news.de\/de\/\"},{\"@type\":\"ListItem\",\"position\":2,\"name\":\"Innenministerin Faeser r\u00e4t B\u00fcrgern zu Notvorr\u00e4ten\"}]},{\"@type\":\"WebSite\",\"@id\":\"https:\/\/now-news.de\/de\/#website\",\"url\":\"https:\/\/now-news.de\/de\/\",\"name\":\"just-now.NEWS Deutschland\",\"description\":\"Das Portal f\u00fcr unzensierte Nachrichten aus der Welt\",\"publisher\":{\"@id\":\"https:\/\/now-news.de\/de\/#organization\"},\"potentialAction\":[{\"@type\":\"SearchAction\",\"target\":{\"@type\":\"EntryPoint\",\"urlTemplate\":\"https:\/\/now-news.de\/de\/?s={search_term_string}\"},\"query-input\":\"required name=search_term_string\"}],\"inLanguage\":\"de\"},{\"@type\":\"Organization\",\"@id\":\"https:\/\/now-news.de\/de\/#organization\",\"name\":\"Just Now News\",\"url\":\"https:\/\/now-news.de\/de\/\",\"logo\":{\"@type\":\"ImageObject\",\"inLanguage\":\"de\",\"@id\":\"https:\/\/now-news.de\/de\/#\/schema\/logo\/image\/\",\"url\":\"http:\/\/just-now.news\/de\/wp-content\/uploads\/sites\/3\/2022\/04\/logo500x500.jpg\",\"contentUrl\":\"http:\/\/just-now.news\/de\/wp-content\/uploads\/sites\/3\/2022\/04\/logo500x500.jpg\",\"width\":500,\"height\":500,\"caption\":\"Just Now News\"},\"image\":{\"@id\":\"https:\/\/now-news.de\/de\/#\/schema\/logo\/image\/\"},\"sameAs\":[\"https:\/\/www.facebook.com\/wirmachenauf\",\"https:\/\/x.com\/WirMachenAuf_de\"]},{\"@type\":\"Person\",\"@id\":\"https:\/\/now-news.de\/de\/#\/schema\/person\/fb534a4e865501d8b3285208df34a9b5\",\"name\":\"rtnews\",\"image\":{\"@type\":\"ImageObject\",\"inLanguage\":\"de\",\"@id\":\"https:\/\/now-news.de\/de\/#\/schema\/person\/image\/\",\"url\":\"https:\/\/secure.gravatar.com\/avatar\/82aafea7d8127119dd649515f56e2117?s=96&d=mm&r=g\",\"contentUrl\":\"https:\/\/secure.gravatar.com\/avatar\/82aafea7d8127119dd649515f56e2117?s=96&d=mm&r=g\",\"caption\":\"rtnews\"},\"url\":\"https:\/\/now-news.de\/de\/author\/rnews\/\"}]}<\/script>\n<!-- \/ Yoast SEO Premium plugin. -->","yoast_head_json":{"title":"Innenministerin Faeser r\u00e4t B\u00fcrgern zu Notvorr\u00e4ten - just-now.NEWS Deutschland","robots":{"index":"index","follow":"follow","max-snippet":"max-snippet:-1","max-image-preview":"max-image-preview:large","max-video-preview":"max-video-preview:-1"},"canonical":"https:\/\/now-news.de\/de\/deutschland\/innenministerin-faeser-raet-buergern-zu-notvorraeten\/","og_locale":"de_DE","og_type":"article","og_title":"Innenministerin Faeser r\u00e4t B\u00fcrgern zu Notvorr\u00e4ten","og_description":"Angesichts des Ukraine-Krieges r\u00e4t Bundesinnenministerin Nancy Faeser (SPD) den B\u00fcrgern der Bundesrepublik zur Vorsorge f\u00fcr den Krisenfall. Dem Handelsblatt sagte Faeser am Sonntag: &#8220;Denken Sie zum Beispiel an Cyberattacken auf die kritische Infrastruktur. Wenn tats\u00e4chlich mal l\u00e4nger der Strom ausf\u00e4llt oder das t\u00e4gliche Leben auf andere Weise eingeschr\u00e4nkt wird, dann ist es auf jeden Fall [&hellip;]","og_url":"https:\/\/now-news.de\/de\/deutschland\/innenministerin-faeser-raet-buergern-zu-notvorraeten\/","og_site_name":"just-now.NEWS Deutschland","article_publisher":"https:\/\/www.facebook.com\/wirmachenauf","article_published_time":"2022-05-02T14:30:30+00:00","og_image":[{"width":460,"height":259,"url":"https:\/\/now-news.de\/de\/wp-content\/uploads\/sites\/3\/2022\/05\/Innenministerin-Faeser-raet-Buergern-zu-Notvorraeten.jpg","type":"image\/jpeg"}],"author":"rtnews","twitter_card":"summary_large_image","twitter_creator":"@WirMachenAuf_de","twitter_site":"@WirMachenAuf_de","twitter_misc":{"Verfasst von":"rtnews","Gesch\u00e4tzte Lesezeit":"1\u00a0Minute"},"schema":{"@context":"https:\/\/schema.org","@graph":[{"@type":"Article","@id":"https:\/\/now-news.de\/de\/deutschland\/innenministerin-faeser-raet-buergern-zu-notvorraeten\/#article","isPartOf":{"@id":"https:\/\/now-news.de\/de\/deutschland\/innenministerin-faeser-raet-buergern-zu-notvorraeten\/"},"author":{"name":"rtnews","@id":"https:\/\/now-news.de\/de\/#\/schema\/person\/fb534a4e865501d8b3285208df34a9b5"},"headline":"Innenministerin Faeser r\u00e4t B\u00fcrgern zu Notvorr\u00e4ten","datePublished":"2022-05-02T14:30:30+00:00","dateModified":"2022-05-02T14:30:30+00:00","mainEntityOfPage":{"@id":"https:\/\/now-news.de\/de\/deutschland\/innenministerin-faeser-raet-buergern-zu-notvorraeten\/"},"wordCount":217,"commentCount":0,"publisher":{"@id":"https:\/\/now-news.de\/de\/#organization"},"image":{"@id":"https:\/\/now-news.de\/de\/deutschland\/innenministerin-faeser-raet-buergern-zu-notvorraeten\/#primaryimage"},"thumbnailUrl":"https:\/\/now-news.de\/de\/wp-content\/uploads\/sites\/3\/2022\/05\/Innenministerin-Faeser-raet-Buergern-zu-Notvorraeten.jpg","keywords":["B\u00fcrgern","Faeser","Innenministerin","Notvorr\u00e4ten","r\u00e4t"],"articleSection":["Deutschland","Russland"],"inLanguage":"de","potentialAction":[{"@type":"CommentAction","name":"Comment","target":["https:\/\/now-news.de\/de\/deutschland\/innenministerin-faeser-raet-buergern-zu-notvorraeten\/#respond"]}]},{"@type":"WebPage","@id":"https:\/\/now-news.de\/de\/deutschland\/innenministerin-faeser-raet-buergern-zu-notvorraeten\/","url":"https:\/\/now-news.de\/de\/deutschland\/innenministerin-faeser-raet-buergern-zu-notvorraeten\/","name":"Innenministerin Faeser r\u00e4t B\u00fcrgern zu Notvorr\u00e4ten - just-now.NEWS Deutschland","isPartOf":{"@id":"https:\/\/now-news.de\/de\/#website"},"primaryImageOfPage":{"@id":"https:\/\/now-news.de\/de\/deutschland\/innenministerin-faeser-raet-buergern-zu-notvorraeten\/#primaryimage"},"image":{"@id":"https:\/\/now-news.de\/de\/deutschland\/innenministerin-faeser-raet-buergern-zu-notvorraeten\/#primaryimage"},"thumbnailUrl":"https:\/\/now-news.de\/de\/wp-content\/uploads\/sites\/3\/2022\/05\/Innenministerin-Faeser-raet-Buergern-zu-Notvorraeten.jpg","datePublished":"2022-05-02T14:30:30+00:00","dateModified":"2022-05-02T14:30:30+00:00","breadcrumb":{"@id":"https:\/\/now-news.de\/de\/deutschland\/innenministerin-faeser-raet-buergern-zu-notvorraeten\/#breadcrumb"},"inLanguage":"de","potentialAction":[{"@type":"ReadAction","target":["https:\/\/now-news.de\/de\/deutschland\/innenministerin-faeser-raet-buergern-zu-notvorraeten\/"]}]},{"@type":"ImageObject","inLanguage":"de","@id":"https:\/\/now-news.de\/de\/deutschland\/innenministerin-faeser-raet-buergern-zu-notvorraeten\/#primaryimage","url":"https:\/\/now-news.de\/de\/wp-content\/uploads\/sites\/3\/2022\/05\/Innenministerin-Faeser-raet-Buergern-zu-Notvorraeten.jpg","contentUrl":"https:\/\/now-news.de\/de\/wp-content\/uploads\/sites\/3\/2022\/05\/Innenministerin-Faeser-raet-Buergern-zu-Notvorraeten.jpg","width":460,"height":259,"caption":"Ukraine-Krieg an Europas Grenzen: Deutschland f\u00e4hrt Schutzma\u00dfnahmen hoch"},{"@type":"BreadcrumbList","@id":"https:\/\/now-news.de\/de\/deutschland\/innenministerin-faeser-raet-buergern-zu-notvorraeten\/#breadcrumb","itemListElement":[{"@type":"ListItem","position":1,"name":"Home","item":"https:\/\/now-news.de\/de\/"},{"@type":"ListItem","position":2,"name":"Innenministerin Faeser r\u00e4t B\u00fcrgern zu Notvorr\u00e4ten"}]},{"@type":"WebSite","@id":"https:\/\/now-news.de\/de\/#website","url":"https:\/\/now-news.de\/de\/","name":"just-now.NEWS Deutschland","description":"Das Portal f\u00fcr unzensierte Nachrichten aus der Welt","publisher":{"@id":"https:\/\/now-news.de\/de\/#organization"},"potentialAction":[{"@type":"SearchAction","target":{"@type":"EntryPoint","urlTemplate":"https:\/\/now-news.de\/de\/?s={search_term_string}"},"query-input":"required name=search_term_string"}],"inLanguage":"de"},{"@type":"Organization","@id":"https:\/\/now-news.de\/de\/#organization","name":"Just Now News","url":"https:\/\/now-news.de\/de\/","logo":{"@type":"ImageObject","inLanguage":"de","@id":"https:\/\/now-news.de\/de\/#\/schema\/logo\/image\/","url":"http:\/\/just-now.news\/de\/wp-content\/uploads\/sites\/3\/2022\/04\/logo500x500.jpg","contentUrl":"http:\/\/just-now.news\/de\/wp-content\/uploads\/sites\/3\/2022\/04\/logo500x500.jpg","width":500,"height":500,"caption":"Just Now News"},"image":{"@id":"https:\/\/now-news.de\/de\/#\/schema\/logo\/image\/"},"sameAs":["https:\/\/www.facebook.com\/wirmachenauf","https:\/\/x.com\/WirMachenAuf_de"]},{"@type":"Person","@id":"https:\/\/now-news.de\/de\/#\/schema\/person\/fb534a4e865501d8b3285208df34a9b5","name":"rtnews","image":{"@type":"ImageObject","inLanguage":"de","@id":"https:\/\/now-news.de\/de\/#\/schema\/person\/image\/","url":"https:\/\/secure.gravatar.com\/avatar\/82aafea7d8127119dd649515f56e2117?s=96&d=mm&r=g","contentUrl":"https:\/\/secure.gravatar.com\/avatar\/82aafea7d8127119dd649515f56e2117?s=96&d=mm&r=g","caption":"rtnews"},"url":"https:\/\/now-news.de\/de\/author\/rnews\/"}]}},"_links":{"self":[{"href":"https:\/\/now-news.de\/de\/wp-json\/wp\/v2\/posts\/6072"}],"collection":[{"href":"https:\/\/now-news.de\/de\/wp-json\/wp\/v2\/posts"}],"about":[{"href":"https:\/\/now-news.de\/de\/wp-json\/wp\/v2\/types\/post"}],"author":[{"embeddable":true,"href":"https:\/\/now-news.de\/de\/wp-json\/wp\/v2\/users\/3"}],"replies":[{"embeddable":true,"href":"https:\/\/now-news.de\/de\/wp-json\/wp\/v2\/comments?post=6072"}],"version-history":[{"count":0,"href":"https:\/\/now-news.de\/de\/wp-json\/wp\/v2\/posts\/6072\/revisions"}],"wp:featuredmedia":[{"embeddable":true,"href":"https:\/\/now-news.de\/de\/wp-json\/wp\/v2\/media\/6073"}],"wp:attachment":[{"href":"https:\/\/now-news.de\/de\/wp-json\/wp\/v2\/media?parent=6072"}],"wp:term":[{"taxonomy":"category","embeddable":true,"href":"https:\/\/now-news.de\/de\/wp-json\/wp\/v2\/categories?post=6072"},{"taxonomy":"post_tag","embeddable":true,"href":"https:\/\/now-news.de\/de\/wp-json\/wp\/v2\/tags?post=6072"}],"curies":[{"name":"wp","href":"https:\/\/api.w.org\/{rel}","templated":true}]}}