{"id":60633,"date":"2024-06-14T19:57:00","date_gmt":"2024-06-14T17:57:00","guid":{"rendered":"https:\/\/now-news.de\/de\/deutschland\/fuer-bundesparteitag-stadt-essen-muss-der-afd-die-grugahalle-bereitstellen-ohne-auflagen\/"},"modified":"2024-06-14T19:57:00","modified_gmt":"2024-06-14T17:57:00","slug":"fuer-bundesparteitag-stadt-essen-muss-der-afd-die-grugahalle-bereitstellen-ohne-auflagen","status":"publish","type":"post","link":"https:\/\/now-news.de\/de\/deutschland\/fuer-bundesparteitag-stadt-essen-muss-der-afd-die-grugahalle-bereitstellen-ohne-auflagen\/","title":{"rendered":"F\u00fcr Bundesparteitag: Stadt Essen muss der AfD die Grugahalle bereitstellen &#8211; ohne Auflagen"},"content":{"rendered":"<p><img decoding=\"async\" src=\"https:\/\/now-news.de\/de\/wp-content\/uploads\/sites\/3\/2024\/06\/666c26a948fbef3e383e8397.jpg\" \/><\/p>\n<div class=\"Text-root Text-type_1 \">\n                Nun also doch: Die AfD m\u00fcsse genau so behandelt werden wie andere Parteien, argumentiert das Verwaltungsgericht Gelsenkirchen. Die Stadt Essen will noch entscheiden, ob sie das Urteil anfechtet.\n            <\/div>\n<p><\/p>\n<div class=\"Text-root Text-type_5 ArticleView-text ViewText-root \">\n<p>In dem Konflikt zwischen der Stadt\u00a0Essen\u00a0und der\u00a0AfD\u00a0hat das Verwaltungsgericht\u00a0Gelsenkirchen\u00a0entschieden, dass die Stadt der Partei die Grugahalle ohne Auflagen f\u00fcr ihren Bundesparteitag Ende Juni zur Verf\u00fcgung stellen muss. Das teilte das Gericht am Freitag mit, wie die <em>Berliner Zeitung<\/em>\u00a0<a rel=\"nofollow noopener\" target=\"_blank\" href=\"https:\/\/www.berliner-zeitung.de\/news\/afd-stadt-essen-muss-laut-gericht-grugahalle-fuer-afd-bereitstellen-li.2224967\">berichtet<\/a>. Die Stadt darf daher den Zugang zu der Halle nicht von der Abgabe einer strafbewehrten Selbstverpflichtungserkl\u00e4rung abh\u00e4ngig machen. Die AfD d\u00fcrfe nicht anders als andere Parteien behandelt werden, hie\u00df es seitens des Gerichts.\u00a0<\/p>\n<p>Der AfD-Bundesparteitag ist f\u00fcr den 29. und 30. Juni angesetzt. Der stellvertretende AfD-Bundessprecher Peter Boehringer betonte, die Entscheidung des Gerichts sei nachvollziehbar und richtig. Die Stadt Essen habe eine &#8220;lex AfD&#8221; konstatieren wollen. Boehringer weiter: &#8220;Dem hat das Gericht nun einen Riegel vorgeschoben.&#8221; Der Rechtsstaat habe vorerst gesiegt.<\/p>\n<p>Doch das Urteil ist noch nicht rechtskr\u00e4ftig, die Stadt Essen kann noch vor das Oberverwaltungsgericht des Landes Nordrhein-Westfalen ziehen. Wie eine Sprecherin der Stadt kommentierte, soll es im Laufe des Freitags eine rechtliche Beratung zu der Urteilsbegr\u00fcndung geben. Danach werde entschieden, wie es weitergehe \u2013 ein Zeitpunkt f\u00fcr die Entscheidung sei offen.<\/p>\n<p>Die Essener Messe hatte den Mietvertrag mit der AfD gek\u00fcndigt, nachdem der Essener Stadtrat am 29. Mai von der\u00a0AfD eine strafbewehrte Selbstverpflichtungserkl\u00e4rung gefordert hatte, welche die Partei nicht abgeben will.<\/p>\n<p>In der von der Stadt geforderten Selbstverpflichtung sollte die\u00a0Alternative f\u00fcr Deutschland erkl\u00e4ren, dass sie auf dem Parteitag strafbare\u00a0\u00c4u\u00dferungen wie etwa die Parole &#8220;Alles f\u00fcr Deutschland&#8221; verhindern m\u00fcsse. Sonst drohe der AfD bei jedem Versto\u00df eine Vertragsstrafe in H\u00f6he von 500.000 Euro. Derartige Auflagen gab es bisher f\u00fcr keine andere Partei in der Bundesrepublik.<\/p>\n<p>Nachdem die AfD diese Erkl\u00e4rung nicht abgegeben hatte, k\u00fcndigte die von der Stadt als Mehrheitsgesellschafterin betriebene Messe Essen den bereits im Januar 2023 geschlossenen Mietvertrag. Wie die Gelsenkirchener Verwaltungsrichter am Freitag befanden, d\u00fcrfe einer Partei der Zugang zu der Halle nur versagt werden, wenn bei der Nutzung die Gefahr strafbarer Handlungen bestehe. An den Wahrscheinlichkeitsgrad solcher strafbaren Handlungen seien bei einer Partei, bei der wie im Fall der AfD nicht vom Bundesverfassungsgericht eine Verfassungswidrigkeit festgestellt wurde, strenge Anforderungen zu stellen. Dies begr\u00fcndeten die Beamten damit, dass ein Zugangsverbot in den durch das Grundgesetz gesicherten Anspruch auf Chancengleichheit politischer Parteien eingreife.<\/p>\n<p><strong>Mehr zum Thema<\/strong> &#8211; <a rel=\"nofollow noopener\" target=\"_blank\" href=\"https:\/\/freedert.online\/kurzclips\/video\/208799-kommunalwahlen-in-deutschland-afd-triumphiert\/\">Kommunalwahlen in Deutschland: AfD triumphiert im Osten<\/a><\/p>\n<\/div>\n<p><br \/>\n<br \/><a href=\"https:\/\/de.rt.com\/inland\/209177-ohne-auflagen-stadt-essen-muss\/\">Source link <\/a><\/p>\n","protected":false},"excerpt":{"rendered":"<p>Nun also doch: Die AfD m\u00fcsse genau so behandelt werden wie andere Parteien, argumentiert das Verwaltungsgericht Gelsenkirchen. Die Stadt Essen will noch entscheiden, ob sie das Urteil anfechtet. In dem Konflikt zwischen der Stadt\u00a0Essen\u00a0und der\u00a0AfD\u00a0hat das Verwaltungsgericht\u00a0Gelsenkirchen\u00a0entschieden, dass die Stadt der Partei die Grugahalle ohne Auflagen f\u00fcr ihren Bundesparteitag Ende Juni zur Verf\u00fcgung stellen muss. [&hellip;]<\/p>\n","protected":false},"author":3,"featured_media":60634,"comment_status":"open","ping_status":"open","sticky":false,"template":"","format":"standard","meta":{"_yoast_indexnow_last_ping":["1718388218"],"wp_automatic_camp":["217"],"509d690e72fef5d1d9ef663cf39d0163":["F\u00fcr Bundesparteitag: Stadt Essen muss der AfD die Grugahalle bereitstellen - ohne Auflagen"],"original_link":["https:\/\/de.rt.com\/inland\/209177-ohne-auflagen-stadt-essen-muss\/"],"_thumbnail_id":["60634"],"jnews_social_counter_last_update":["1777606779"],"_wptgpro_p2tg_sent2tg":["a:1:{i:23737;s:19:\"2024-06-14 20:04:38\";}"]},"categories":[19,23],"tags":[3815,43070,55751,45905,82,45,13899,221,55750,534,779,9819],"yoast_head":"<!-- This site is optimized with the Yoast SEO Premium plugin v22.7 (Yoast SEO v22.7) - https:\/\/yoast.com\/wordpress\/plugins\/seo\/ -->\n<title>F\u00fcr Bundesparteitag: Stadt Essen muss der AfD die Grugahalle bereitstellen - ohne Auflagen - just-now.NEWS Deutschland<\/title>\n<meta name=\"robots\" content=\"index, follow, max-snippet:-1, max-image-preview:large, max-video-preview:-1\" \/>\n<link rel=\"canonical\" href=\"https:\/\/now-news.de\/de\/deutschland\/fuer-bundesparteitag-stadt-essen-muss-der-afd-die-grugahalle-bereitstellen-ohne-auflagen\/\" \/>\n<meta property=\"og:locale\" content=\"de_DE\" \/>\n<meta property=\"og:type\" content=\"article\" \/>\n<meta property=\"og:title\" content=\"F\u00fcr Bundesparteitag: Stadt Essen muss der AfD die Grugahalle bereitstellen - ohne Auflagen\" \/>\n<meta property=\"og:description\" content=\"Nun also doch: Die AfD m\u00fcsse genau so behandelt werden wie andere Parteien, argumentiert das Verwaltungsgericht Gelsenkirchen. Die Stadt Essen will noch entscheiden, ob sie das Urteil anfechtet. In dem Konflikt zwischen der Stadt\u00a0Essen\u00a0und der\u00a0AfD\u00a0hat das Verwaltungsgericht\u00a0Gelsenkirchen\u00a0entschieden, dass die Stadt der Partei die Grugahalle ohne Auflagen f\u00fcr ihren Bundesparteitag Ende Juni zur Verf\u00fcgung stellen muss. [&hellip;]\" \/>\n<meta property=\"og:url\" content=\"https:\/\/now-news.de\/de\/deutschland\/fuer-bundesparteitag-stadt-essen-muss-der-afd-die-grugahalle-bereitstellen-ohne-auflagen\/\" \/>\n<meta property=\"og:site_name\" content=\"just-now.NEWS Deutschland\" \/>\n<meta property=\"article:publisher\" content=\"https:\/\/www.facebook.com\/wirmachenauf\" \/>\n<meta property=\"article:published_time\" content=\"2024-06-14T17:57:00+00:00\" \/>\n<meta property=\"og:image\" content=\"https:\/\/now-news.de\/de\/wp-content\/uploads\/sites\/3\/2024\/06\/666c26a948fbef3e383e8397.jpg\" \/>\n<meta name=\"author\" content=\"rtnews\" \/>\n<meta name=\"twitter:card\" content=\"summary_large_image\" \/>\n<meta name=\"twitter:creator\" content=\"@WirMachenAuf_de\" \/>\n<meta name=\"twitter:site\" content=\"@WirMachenAuf_de\" \/>\n<meta name=\"twitter:label1\" content=\"Verfasst von\" \/>\n\t<meta name=\"twitter:data1\" content=\"rtnews\" \/>\n\t<meta name=\"twitter:label2\" content=\"Gesch\u00e4tzte Lesezeit\" \/>\n\t<meta name=\"twitter:data2\" content=\"2\u00a0Minuten\" \/>\n<script type=\"application\/ld+json\" class=\"yoast-schema-graph\">{\"@context\":\"https:\/\/schema.org\",\"@graph\":[{\"@type\":\"Article\",\"@id\":\"https:\/\/now-news.de\/de\/deutschland\/fuer-bundesparteitag-stadt-essen-muss-der-afd-die-grugahalle-bereitstellen-ohne-auflagen\/#article\",\"isPartOf\":{\"@id\":\"https:\/\/now-news.de\/de\/deutschland\/fuer-bundesparteitag-stadt-essen-muss-der-afd-die-grugahalle-bereitstellen-ohne-auflagen\/\"},\"author\":{\"name\":\"rtnews\",\"@id\":\"https:\/\/now-news.de\/de\/#\/schema\/person\/fb534a4e865501d8b3285208df34a9b5\"},\"headline\":\"F\u00fcr Bundesparteitag: Stadt Essen muss der AfD die Grugahalle bereitstellen &#8211; ohne Auflagen\",\"datePublished\":\"2024-06-14T17:57:00+00:00\",\"dateModified\":\"2024-06-14T17:57:00+00:00\",\"mainEntityOfPage\":{\"@id\":\"https:\/\/now-news.de\/de\/deutschland\/fuer-bundesparteitag-stadt-essen-muss-der-afd-die-grugahalle-bereitstellen-ohne-auflagen\/\"},\"wordCount\":437,\"commentCount\":0,\"publisher\":{\"@id\":\"https:\/\/now-news.de\/de\/#organization\"},\"image\":{\"@id\":\"https:\/\/now-news.de\/de\/deutschland\/fuer-bundesparteitag-stadt-essen-muss-der-afd-die-grugahalle-bereitstellen-ohne-auflagen\/#primaryimage\"},\"thumbnailUrl\":\"https:\/\/now-news.de\/de\/wp-content\/uploads\/sites\/3\/2024\/06\/Fuer-Bundesparteitag-Stadt-Essen-muss-der-AfD-die-Grugahalle-bereitstellen.jpg\",\"keywords\":[\"AfD\",\"Auflagen\",\"bereitstellen\",\"Bundesparteitag\",\"der\",\"die\",\"Essen\",\"f\u00fcr\",\"Grugahalle\",\"muss\",\"ohne\",\"Stadt\"],\"articleSection\":[\"Deutschland\",\"Russland\"],\"inLanguage\":\"de\",\"potentialAction\":[{\"@type\":\"CommentAction\",\"name\":\"Comment\",\"target\":[\"https:\/\/now-news.de\/de\/deutschland\/fuer-bundesparteitag-stadt-essen-muss-der-afd-die-grugahalle-bereitstellen-ohne-auflagen\/#respond\"]}]},{\"@type\":\"WebPage\",\"@id\":\"https:\/\/now-news.de\/de\/deutschland\/fuer-bundesparteitag-stadt-essen-muss-der-afd-die-grugahalle-bereitstellen-ohne-auflagen\/\",\"url\":\"https:\/\/now-news.de\/de\/deutschland\/fuer-bundesparteitag-stadt-essen-muss-der-afd-die-grugahalle-bereitstellen-ohne-auflagen\/\",\"name\":\"F\u00fcr Bundesparteitag: Stadt Essen muss der AfD die Grugahalle bereitstellen - ohne Auflagen - just-now.NEWS Deutschland\",\"isPartOf\":{\"@id\":\"https:\/\/now-news.de\/de\/#website\"},\"primaryImageOfPage\":{\"@id\":\"https:\/\/now-news.de\/de\/deutschland\/fuer-bundesparteitag-stadt-essen-muss-der-afd-die-grugahalle-bereitstellen-ohne-auflagen\/#primaryimage\"},\"image\":{\"@id\":\"https:\/\/now-news.de\/de\/deutschland\/fuer-bundesparteitag-stadt-essen-muss-der-afd-die-grugahalle-bereitstellen-ohne-auflagen\/#primaryimage\"},\"thumbnailUrl\":\"https:\/\/now-news.de\/de\/wp-content\/uploads\/sites\/3\/2024\/06\/Fuer-Bundesparteitag-Stadt-Essen-muss-der-AfD-die-Grugahalle-bereitstellen.jpg\",\"datePublished\":\"2024-06-14T17:57:00+00:00\",\"dateModified\":\"2024-06-14T17:57:00+00:00\",\"breadcrumb\":{\"@id\":\"https:\/\/now-news.de\/de\/deutschland\/fuer-bundesparteitag-stadt-essen-muss-der-afd-die-grugahalle-bereitstellen-ohne-auflagen\/#breadcrumb\"},\"inLanguage\":\"de\",\"potentialAction\":[{\"@type\":\"ReadAction\",\"target\":[\"https:\/\/now-news.de\/de\/deutschland\/fuer-bundesparteitag-stadt-essen-muss-der-afd-die-grugahalle-bereitstellen-ohne-auflagen\/\"]}]},{\"@type\":\"ImageObject\",\"inLanguage\":\"de\",\"@id\":\"https:\/\/now-news.de\/de\/deutschland\/fuer-bundesparteitag-stadt-essen-muss-der-afd-die-grugahalle-bereitstellen-ohne-auflagen\/#primaryimage\",\"url\":\"https:\/\/now-news.de\/de\/wp-content\/uploads\/sites\/3\/2024\/06\/Fuer-Bundesparteitag-Stadt-Essen-muss-der-AfD-die-Grugahalle-bereitstellen.jpg\",\"contentUrl\":\"https:\/\/now-news.de\/de\/wp-content\/uploads\/sites\/3\/2024\/06\/Fuer-Bundesparteitag-Stadt-Essen-muss-der-AfD-die-Grugahalle-bereitstellen.jpg\",\"width\":460,\"height\":259,\"caption\":\"F\u00fcr Bundesparteitag: Stadt Essen muss der AfD die Grugahalle bereitstellen - ohne Auflagen\"},{\"@type\":\"BreadcrumbList\",\"@id\":\"https:\/\/now-news.de\/de\/deutschland\/fuer-bundesparteitag-stadt-essen-muss-der-afd-die-grugahalle-bereitstellen-ohne-auflagen\/#breadcrumb\",\"itemListElement\":[{\"@type\":\"ListItem\",\"position\":1,\"name\":\"Home\",\"item\":\"https:\/\/now-news.de\/de\/\"},{\"@type\":\"ListItem\",\"position\":2,\"name\":\"F\u00fcr Bundesparteitag: Stadt Essen muss der AfD die Grugahalle bereitstellen &#8211; ohne Auflagen\"}]},{\"@type\":\"WebSite\",\"@id\":\"https:\/\/now-news.de\/de\/#website\",\"url\":\"https:\/\/now-news.de\/de\/\",\"name\":\"just-now.NEWS Deutschland\",\"description\":\"Das Portal f\u00fcr unzensierte Nachrichten aus der Welt\",\"publisher\":{\"@id\":\"https:\/\/now-news.de\/de\/#organization\"},\"potentialAction\":[{\"@type\":\"SearchAction\",\"target\":{\"@type\":\"EntryPoint\",\"urlTemplate\":\"https:\/\/now-news.de\/de\/?s={search_term_string}\"},\"query-input\":\"required name=search_term_string\"}],\"inLanguage\":\"de\"},{\"@type\":\"Organization\",\"@id\":\"https:\/\/now-news.de\/de\/#organization\",\"name\":\"Just Now News\",\"url\":\"https:\/\/now-news.de\/de\/\",\"logo\":{\"@type\":\"ImageObject\",\"inLanguage\":\"de\",\"@id\":\"https:\/\/now-news.de\/de\/#\/schema\/logo\/image\/\",\"url\":\"http:\/\/just-now.news\/de\/wp-content\/uploads\/sites\/3\/2022\/04\/logo500x500.jpg\",\"contentUrl\":\"http:\/\/just-now.news\/de\/wp-content\/uploads\/sites\/3\/2022\/04\/logo500x500.jpg\",\"width\":500,\"height\":500,\"caption\":\"Just Now News\"},\"image\":{\"@id\":\"https:\/\/now-news.de\/de\/#\/schema\/logo\/image\/\"},\"sameAs\":[\"https:\/\/www.facebook.com\/wirmachenauf\",\"https:\/\/x.com\/WirMachenAuf_de\"]},{\"@type\":\"Person\",\"@id\":\"https:\/\/now-news.de\/de\/#\/schema\/person\/fb534a4e865501d8b3285208df34a9b5\",\"name\":\"rtnews\",\"image\":{\"@type\":\"ImageObject\",\"inLanguage\":\"de\",\"@id\":\"https:\/\/now-news.de\/de\/#\/schema\/person\/image\/\",\"url\":\"https:\/\/secure.gravatar.com\/avatar\/82aafea7d8127119dd649515f56e2117?s=96&d=mm&r=g\",\"contentUrl\":\"https:\/\/secure.gravatar.com\/avatar\/82aafea7d8127119dd649515f56e2117?s=96&d=mm&r=g\",\"caption\":\"rtnews\"},\"url\":\"https:\/\/now-news.de\/de\/author\/rnews\/\"}]}<\/script>\n<!-- \/ Yoast SEO Premium plugin. -->","yoast_head_json":{"title":"F\u00fcr Bundesparteitag: Stadt Essen muss der AfD die Grugahalle bereitstellen - ohne Auflagen - just-now.NEWS Deutschland","robots":{"index":"index","follow":"follow","max-snippet":"max-snippet:-1","max-image-preview":"max-image-preview:large","max-video-preview":"max-video-preview:-1"},"canonical":"https:\/\/now-news.de\/de\/deutschland\/fuer-bundesparteitag-stadt-essen-muss-der-afd-die-grugahalle-bereitstellen-ohne-auflagen\/","og_locale":"de_DE","og_type":"article","og_title":"F\u00fcr Bundesparteitag: Stadt Essen muss der AfD die Grugahalle bereitstellen - ohne Auflagen","og_description":"Nun also doch: Die AfD m\u00fcsse genau so behandelt werden wie andere Parteien, argumentiert das Verwaltungsgericht Gelsenkirchen. Die Stadt Essen will noch entscheiden, ob sie das Urteil anfechtet. In dem Konflikt zwischen der Stadt\u00a0Essen\u00a0und der\u00a0AfD\u00a0hat das Verwaltungsgericht\u00a0Gelsenkirchen\u00a0entschieden, dass die Stadt der Partei die Grugahalle ohne Auflagen f\u00fcr ihren Bundesparteitag Ende Juni zur Verf\u00fcgung stellen muss. [&hellip;]","og_url":"https:\/\/now-news.de\/de\/deutschland\/fuer-bundesparteitag-stadt-essen-muss-der-afd-die-grugahalle-bereitstellen-ohne-auflagen\/","og_site_name":"just-now.NEWS Deutschland","article_publisher":"https:\/\/www.facebook.com\/wirmachenauf","article_published_time":"2024-06-14T17:57:00+00:00","og_image":[{"url":"https:\/\/now-news.de\/de\/wp-content\/uploads\/sites\/3\/2024\/06\/666c26a948fbef3e383e8397.jpg"}],"author":"rtnews","twitter_card":"summary_large_image","twitter_creator":"@WirMachenAuf_de","twitter_site":"@WirMachenAuf_de","twitter_misc":{"Verfasst von":"rtnews","Gesch\u00e4tzte Lesezeit":"2\u00a0Minuten"},"schema":{"@context":"https:\/\/schema.org","@graph":[{"@type":"Article","@id":"https:\/\/now-news.de\/de\/deutschland\/fuer-bundesparteitag-stadt-essen-muss-der-afd-die-grugahalle-bereitstellen-ohne-auflagen\/#article","isPartOf":{"@id":"https:\/\/now-news.de\/de\/deutschland\/fuer-bundesparteitag-stadt-essen-muss-der-afd-die-grugahalle-bereitstellen-ohne-auflagen\/"},"author":{"name":"rtnews","@id":"https:\/\/now-news.de\/de\/#\/schema\/person\/fb534a4e865501d8b3285208df34a9b5"},"headline":"F\u00fcr Bundesparteitag: Stadt Essen muss der AfD die Grugahalle bereitstellen &#8211; ohne Auflagen","datePublished":"2024-06-14T17:57:00+00:00","dateModified":"2024-06-14T17:57:00+00:00","mainEntityOfPage":{"@id":"https:\/\/now-news.de\/de\/deutschland\/fuer-bundesparteitag-stadt-essen-muss-der-afd-die-grugahalle-bereitstellen-ohne-auflagen\/"},"wordCount":437,"commentCount":0,"publisher":{"@id":"https:\/\/now-news.de\/de\/#organization"},"image":{"@id":"https:\/\/now-news.de\/de\/deutschland\/fuer-bundesparteitag-stadt-essen-muss-der-afd-die-grugahalle-bereitstellen-ohne-auflagen\/#primaryimage"},"thumbnailUrl":"https:\/\/now-news.de\/de\/wp-content\/uploads\/sites\/3\/2024\/06\/Fuer-Bundesparteitag-Stadt-Essen-muss-der-AfD-die-Grugahalle-bereitstellen.jpg","keywords":["AfD","Auflagen","bereitstellen","Bundesparteitag","der","die","Essen","f\u00fcr","Grugahalle","muss","ohne","Stadt"],"articleSection":["Deutschland","Russland"],"inLanguage":"de","potentialAction":[{"@type":"CommentAction","name":"Comment","target":["https:\/\/now-news.de\/de\/deutschland\/fuer-bundesparteitag-stadt-essen-muss-der-afd-die-grugahalle-bereitstellen-ohne-auflagen\/#respond"]}]},{"@type":"WebPage","@id":"https:\/\/now-news.de\/de\/deutschland\/fuer-bundesparteitag-stadt-essen-muss-der-afd-die-grugahalle-bereitstellen-ohne-auflagen\/","url":"https:\/\/now-news.de\/de\/deutschland\/fuer-bundesparteitag-stadt-essen-muss-der-afd-die-grugahalle-bereitstellen-ohne-auflagen\/","name":"F\u00fcr Bundesparteitag: Stadt Essen muss der AfD die Grugahalle bereitstellen - ohne Auflagen - just-now.NEWS Deutschland","isPartOf":{"@id":"https:\/\/now-news.de\/de\/#website"},"primaryImageOfPage":{"@id":"https:\/\/now-news.de\/de\/deutschland\/fuer-bundesparteitag-stadt-essen-muss-der-afd-die-grugahalle-bereitstellen-ohne-auflagen\/#primaryimage"},"image":{"@id":"https:\/\/now-news.de\/de\/deutschland\/fuer-bundesparteitag-stadt-essen-muss-der-afd-die-grugahalle-bereitstellen-ohne-auflagen\/#primaryimage"},"thumbnailUrl":"https:\/\/now-news.de\/de\/wp-content\/uploads\/sites\/3\/2024\/06\/Fuer-Bundesparteitag-Stadt-Essen-muss-der-AfD-die-Grugahalle-bereitstellen.jpg","datePublished":"2024-06-14T17:57:00+00:00","dateModified":"2024-06-14T17:57:00+00:00","breadcrumb":{"@id":"https:\/\/now-news.de\/de\/deutschland\/fuer-bundesparteitag-stadt-essen-muss-der-afd-die-grugahalle-bereitstellen-ohne-auflagen\/#breadcrumb"},"inLanguage":"de","potentialAction":[{"@type":"ReadAction","target":["https:\/\/now-news.de\/de\/deutschland\/fuer-bundesparteitag-stadt-essen-muss-der-afd-die-grugahalle-bereitstellen-ohne-auflagen\/"]}]},{"@type":"ImageObject","inLanguage":"de","@id":"https:\/\/now-news.de\/de\/deutschland\/fuer-bundesparteitag-stadt-essen-muss-der-afd-die-grugahalle-bereitstellen-ohne-auflagen\/#primaryimage","url":"https:\/\/now-news.de\/de\/wp-content\/uploads\/sites\/3\/2024\/06\/Fuer-Bundesparteitag-Stadt-Essen-muss-der-AfD-die-Grugahalle-bereitstellen.jpg","contentUrl":"https:\/\/now-news.de\/de\/wp-content\/uploads\/sites\/3\/2024\/06\/Fuer-Bundesparteitag-Stadt-Essen-muss-der-AfD-die-Grugahalle-bereitstellen.jpg","width":460,"height":259,"caption":"F\u00fcr Bundesparteitag: Stadt Essen muss der AfD die Grugahalle bereitstellen - ohne Auflagen"},{"@type":"BreadcrumbList","@id":"https:\/\/now-news.de\/de\/deutschland\/fuer-bundesparteitag-stadt-essen-muss-der-afd-die-grugahalle-bereitstellen-ohne-auflagen\/#breadcrumb","itemListElement":[{"@type":"ListItem","position":1,"name":"Home","item":"https:\/\/now-news.de\/de\/"},{"@type":"ListItem","position":2,"name":"F\u00fcr Bundesparteitag: Stadt Essen muss der AfD die Grugahalle bereitstellen &#8211; ohne Auflagen"}]},{"@type":"WebSite","@id":"https:\/\/now-news.de\/de\/#website","url":"https:\/\/now-news.de\/de\/","name":"just-now.NEWS Deutschland","description":"Das Portal f\u00fcr unzensierte Nachrichten aus der Welt","publisher":{"@id":"https:\/\/now-news.de\/de\/#organization"},"potentialAction":[{"@type":"SearchAction","target":{"@type":"EntryPoint","urlTemplate":"https:\/\/now-news.de\/de\/?s={search_term_string}"},"query-input":"required name=search_term_string"}],"inLanguage":"de"},{"@type":"Organization","@id":"https:\/\/now-news.de\/de\/#organization","name":"Just Now News","url":"https:\/\/now-news.de\/de\/","logo":{"@type":"ImageObject","inLanguage":"de","@id":"https:\/\/now-news.de\/de\/#\/schema\/logo\/image\/","url":"http:\/\/just-now.news\/de\/wp-content\/uploads\/sites\/3\/2022\/04\/logo500x500.jpg","contentUrl":"http:\/\/just-now.news\/de\/wp-content\/uploads\/sites\/3\/2022\/04\/logo500x500.jpg","width":500,"height":500,"caption":"Just Now News"},"image":{"@id":"https:\/\/now-news.de\/de\/#\/schema\/logo\/image\/"},"sameAs":["https:\/\/www.facebook.com\/wirmachenauf","https:\/\/x.com\/WirMachenAuf_de"]},{"@type":"Person","@id":"https:\/\/now-news.de\/de\/#\/schema\/person\/fb534a4e865501d8b3285208df34a9b5","name":"rtnews","image":{"@type":"ImageObject","inLanguage":"de","@id":"https:\/\/now-news.de\/de\/#\/schema\/person\/image\/","url":"https:\/\/secure.gravatar.com\/avatar\/82aafea7d8127119dd649515f56e2117?s=96&d=mm&r=g","contentUrl":"https:\/\/secure.gravatar.com\/avatar\/82aafea7d8127119dd649515f56e2117?s=96&d=mm&r=g","caption":"rtnews"},"url":"https:\/\/now-news.de\/de\/author\/rnews\/"}]}},"_links":{"self":[{"href":"https:\/\/now-news.de\/de\/wp-json\/wp\/v2\/posts\/60633"}],"collection":[{"href":"https:\/\/now-news.de\/de\/wp-json\/wp\/v2\/posts"}],"about":[{"href":"https:\/\/now-news.de\/de\/wp-json\/wp\/v2\/types\/post"}],"author":[{"embeddable":true,"href":"https:\/\/now-news.de\/de\/wp-json\/wp\/v2\/users\/3"}],"replies":[{"embeddable":true,"href":"https:\/\/now-news.de\/de\/wp-json\/wp\/v2\/comments?post=60633"}],"version-history":[{"count":0,"href":"https:\/\/now-news.de\/de\/wp-json\/wp\/v2\/posts\/60633\/revisions"}],"wp:featuredmedia":[{"embeddable":true,"href":"https:\/\/now-news.de\/de\/wp-json\/wp\/v2\/media\/60634"}],"wp:attachment":[{"href":"https:\/\/now-news.de\/de\/wp-json\/wp\/v2\/media?parent=60633"}],"wp:term":[{"taxonomy":"category","embeddable":true,"href":"https:\/\/now-news.de\/de\/wp-json\/wp\/v2\/categories?post=60633"},{"taxonomy":"post_tag","embeddable":true,"href":"https:\/\/now-news.de\/de\/wp-json\/wp\/v2\/tags?post=60633"}],"curies":[{"name":"wp","href":"https:\/\/api.w.org\/{rel}","templated":true}]}}