{"id":60571,"date":"2024-06-14T18:12:31","date_gmt":"2024-06-14T16:12:31","guid":{"rendered":"https:\/\/now-news.de\/de\/deutschland\/neuer-us-praesident-koennte-sicherheitsabkommen-mit-ukraine-aufkuendigen\/"},"modified":"2024-06-14T18:12:31","modified_gmt":"2024-06-14T16:12:31","slug":"neuer-us-praesident-koennte-sicherheitsabkommen-mit-ukraine-aufkuendigen","status":"publish","type":"post","link":"https:\/\/now-news.de\/de\/deutschland\/neuer-us-praesident-koennte-sicherheitsabkommen-mit-ukraine-aufkuendigen\/","title":{"rendered":"Neuer US-Pr\u00e4sident k\u00f6nnte Sicherheitsabkommen mit Ukraine aufk\u00fcndigen"},"content":{"rendered":"<p><img decoding=\"async\" src=\"https:\/\/now-news.de\/de\/wp-content\/uploads\/sites\/3\/2024\/06\/666c5020b480cc6c623be7d8.jpg\" \/><\/p>\n<div class=\"Text-root Text-type_1 \">\n                Die Vereinbarung zwischen Washington und Kiew beinhaltet weitere milit\u00e4rische Unterst\u00fctzung der ukrainischen Streitkr\u00e4fte. Aber das Dokument wird vom US-Kongress nicht ratifiziert und kann daher jederzeit gek\u00fcndigt werden. Donald Trump k\u00f6nnte \u2013 im Falle seiner Wiederwahl \u2013 das Abkommen aufl\u00f6sen.\n            <\/div>\n<p><\/p>\n<div class=\"Text-root Text-type_5 ArticleView-text ViewText-root \">\n<p>US-Pr\u00e4sident Joe Biden und der ukrainische Pr\u00e4sident Wladimir Selenskij haben am Donnerstag am Rande des G7-Treffens in Italien ein zehnj\u00e4hriges bilaterales Sicherheitsabkommen unterzeichnet, <a rel=\"nofollow noopener\" target=\"_blank\" href=\"https:\/\/www.reuters.com\/world\/us-ukraine-ink-10-year-defense-agreement-billed-nato-precursor-2024-06-13\/\">teilt<\/a> die Nachrichtenagentur <em>Reuters<\/em> mit. Das Ziel sei es, die Verteidigung der Ukraine zu st\u00e4rken und Kiews Bestrebungen nach einer NATO-Mitgliedschaft zu unterst\u00fctzen. Das Dokument sehe unter anderem die Modernisierung der ukrainischen Streitkr\u00e4fte vor.<\/p>\n<p>US-Beamte erkl\u00e4rten, sie hoffen, dass das Abkommen politische Spaltungen innerhalb der USA \u00fcberwinden werde, <a rel=\"nofollow noopener\" target=\"_blank\" href=\"https:\/\/www.washingtonpost.com\/national-security\/2024\/06\/13\/us-ukraine-security-deal-g7\/\">schreibt<\/a> die Zeitung <em>Washington Post<\/em>. Sie wandten jedoch ein, dass Donald Trump oder jeder zuk\u00fcnftige US-Pr\u00e4sident dieses Abkommen r\u00fcckg\u00e4ngig machen k\u00f6nnte. Es handle sich nicht um einen Staatsvertrag zwischen den Regierungen und daher m\u00fcsse\u00a0dieses Dokument nicht vom Kongress ratifiziert werden, so die\u00a0<em>Washington Post<\/em>.\u00a0<\/p>\n<p>Da Trump in vielen Wahlumfragen vor Joe Biden liege, sei die Zukunft des Abkommens unklar, so die Nachrichtenagentur <em>Reuters<\/em>. Trump habe sich wiederholt skeptisch gegen\u00fcber dem fortgesetzten Konflikt in der Ukraine ge\u00e4u\u00dfert und im April erkl\u00e4rt, dass er als Pr\u00e4sident den Konflikt im Laufe von 24 Stunden beenden w\u00fcrde.\u00a0\u00a0<\/p>\n<p>Auf die Frage, was mit der Ukraine im Falle eines F\u00fchrungswechsels in Washington und in anderen verb\u00fcndeten Staaten geschehen k\u00f6nnte, sagte Wladimir Selenskij, die Menschen st\u00fcnden zur Ukraine und er glaube nicht, dass sich die Unterst\u00fctzung der Bev\u00f6lkerung \u00e4ndern werde, wie <em>Reuters<\/em> mitteilt.<\/p>\n<p><strong>Mehr zum Thema<\/strong>\u00a0&#8211;\u00a0<a rel=\"nofollow noopener\" target=\"_blank\" href=\"https:\/\/freedert.online\/international\/209063-g7-wollen-mithilfe-von-zinsen\/\">G7 wollen mithilfe von Zinsen aus russischen Staatsverm\u00f6gen ein Kreditpaket f\u00fcr Kiew finanzieren<\/a><\/p>\n<div class=\"EmbedBlock-root EmbedBlock-externalVideo EmbedBlock-odysee\">\n<div class=\"VkEmbed\"><iframe class=\"lazyload\" data-src=\"https:\/\/odysee.com\/%24\/embed\/%40RTDE%3Ae%2FG7-Gipfel-in-Italien--Die-wichtigsten-Themen-im-%C3%9Cberblick-%3Ae\" frameborder=\"0\" width=\"853\" height=\"480\" allowfullscreen><\/iframe><\/div>\n<\/div>\n<\/div>\n<p><br \/>\n<br \/><a href=\"https:\/\/de.rt.com\/international\/209204-neuer-us-praesident-koennte-sicherheitsabkommen\/\">Source link <\/a><\/p>\n","protected":false},"excerpt":{"rendered":"<p>Die Vereinbarung zwischen Washington und Kiew beinhaltet weitere milit\u00e4rische Unterst\u00fctzung der ukrainischen Streitkr\u00e4fte. Aber das Dokument wird vom US-Kongress nicht ratifiziert und kann daher jederzeit gek\u00fcndigt werden. Donald Trump k\u00f6nnte \u2013 im Falle seiner Wiederwahl \u2013 das Abkommen aufl\u00f6sen. US-Pr\u00e4sident Joe Biden und der ukrainische Pr\u00e4sident Wladimir Selenskij haben am Donnerstag am Rande des G7-Treffens [&hellip;]<\/p>\n","protected":false},"author":3,"featured_media":60572,"comment_status":"open","ping_status":"open","sticky":false,"template":"","format":"standard","meta":{"_yoast_indexnow_last_ping":["1718382337"],"wp_automatic_camp":["217"],"6e7f74d1e2d6005cb17b91edb6a9d77a":["Neuer US-Pr\u00e4sident k\u00f6nnte Sicherheitsabkommen mit Ukraine aufk\u00fcndigen"],"original_link":["https:\/\/de.rt.com\/international\/209204-neuer-us-praesident-koennte-sicherheitsabkommen\/"],"_thumbnail_id":["60572"],"_wptgpro_p2tg_sent2tg":["a:1:{i:23737;s:19:\"2024-06-14 18:26:49\";}"],"jnews_social_counter_last_update":["1777197157"]},"categories":[19,23],"tags":[55743,970,419,956,4116,127,2021],"yoast_head":"<!-- This site is optimized with the Yoast SEO Premium plugin v22.7 (Yoast SEO v22.7) - https:\/\/yoast.com\/wordpress\/plugins\/seo\/ -->\n<title>Neuer US-Pr\u00e4sident k\u00f6nnte Sicherheitsabkommen mit Ukraine aufk\u00fcndigen - just-now.NEWS Deutschland<\/title>\n<meta name=\"robots\" content=\"index, follow, max-snippet:-1, max-image-preview:large, max-video-preview:-1\" \/>\n<link rel=\"canonical\" href=\"https:\/\/now-news.de\/de\/deutschland\/neuer-us-praesident-koennte-sicherheitsabkommen-mit-ukraine-aufkuendigen\/\" \/>\n<meta property=\"og:locale\" content=\"de_DE\" \/>\n<meta property=\"og:type\" content=\"article\" \/>\n<meta property=\"og:title\" content=\"Neuer US-Pr\u00e4sident k\u00f6nnte Sicherheitsabkommen mit Ukraine aufk\u00fcndigen\" \/>\n<meta property=\"og:description\" content=\"Die Vereinbarung zwischen Washington und Kiew beinhaltet weitere milit\u00e4rische Unterst\u00fctzung der ukrainischen Streitkr\u00e4fte. Aber das Dokument wird vom US-Kongress nicht ratifiziert und kann daher jederzeit gek\u00fcndigt werden. Donald Trump k\u00f6nnte \u2013 im Falle seiner Wiederwahl \u2013 das Abkommen aufl\u00f6sen. US-Pr\u00e4sident Joe Biden und der ukrainische Pr\u00e4sident Wladimir Selenskij haben am Donnerstag am Rande des G7-Treffens [&hellip;]\" \/>\n<meta property=\"og:url\" content=\"https:\/\/now-news.de\/de\/deutschland\/neuer-us-praesident-koennte-sicherheitsabkommen-mit-ukraine-aufkuendigen\/\" \/>\n<meta property=\"og:site_name\" content=\"just-now.NEWS Deutschland\" \/>\n<meta property=\"article:publisher\" content=\"https:\/\/www.facebook.com\/wirmachenauf\" \/>\n<meta property=\"article:published_time\" content=\"2024-06-14T16:12:31+00:00\" \/>\n<meta property=\"og:image\" content=\"https:\/\/now-news.de\/de\/wp-content\/uploads\/sites\/3\/2024\/06\/666c5020b480cc6c623be7d8.jpg\" \/>\n<meta name=\"author\" content=\"rtnews\" \/>\n<meta name=\"twitter:card\" content=\"summary_large_image\" \/>\n<meta name=\"twitter:creator\" content=\"@WirMachenAuf_de\" \/>\n<meta name=\"twitter:site\" content=\"@WirMachenAuf_de\" \/>\n<meta name=\"twitter:label1\" content=\"Verfasst von\" \/>\n\t<meta name=\"twitter:data1\" content=\"rtnews\" \/>\n\t<meta name=\"twitter:label2\" content=\"Gesch\u00e4tzte Lesezeit\" \/>\n\t<meta name=\"twitter:data2\" content=\"1\u00a0Minute\" \/>\n<script type=\"application\/ld+json\" class=\"yoast-schema-graph\">{\"@context\":\"https:\/\/schema.org\",\"@graph\":[{\"@type\":\"Article\",\"@id\":\"https:\/\/now-news.de\/de\/deutschland\/neuer-us-praesident-koennte-sicherheitsabkommen-mit-ukraine-aufkuendigen\/#article\",\"isPartOf\":{\"@id\":\"https:\/\/now-news.de\/de\/deutschland\/neuer-us-praesident-koennte-sicherheitsabkommen-mit-ukraine-aufkuendigen\/\"},\"author\":{\"name\":\"rtnews\",\"@id\":\"https:\/\/now-news.de\/de\/#\/schema\/person\/fb534a4e865501d8b3285208df34a9b5\"},\"headline\":\"Neuer US-Pr\u00e4sident k\u00f6nnte Sicherheitsabkommen mit Ukraine aufk\u00fcndigen\",\"datePublished\":\"2024-06-14T16:12:31+00:00\",\"dateModified\":\"2024-06-14T16:12:31+00:00\",\"mainEntityOfPage\":{\"@id\":\"https:\/\/now-news.de\/de\/deutschland\/neuer-us-praesident-koennte-sicherheitsabkommen-mit-ukraine-aufkuendigen\/\"},\"wordCount\":308,\"commentCount\":0,\"publisher\":{\"@id\":\"https:\/\/now-news.de\/de\/#organization\"},\"image\":{\"@id\":\"https:\/\/now-news.de\/de\/deutschland\/neuer-us-praesident-koennte-sicherheitsabkommen-mit-ukraine-aufkuendigen\/#primaryimage\"},\"thumbnailUrl\":\"https:\/\/now-news.de\/de\/wp-content\/uploads\/sites\/3\/2024\/06\/Neuer-US-Praesident-koennte-Sicherheitsabkommen-mit-Ukraine-aufkuendigen.jpg\",\"keywords\":[\"aufk\u00fcndigen\",\"K\u00f6nnte\",\"mit\",\"Neuer\",\"Sicherheitsabkommen\",\"ukraine\",\"USPr\u00e4sident\"],\"articleSection\":[\"Deutschland\",\"Russland\"],\"inLanguage\":\"de\",\"potentialAction\":[{\"@type\":\"CommentAction\",\"name\":\"Comment\",\"target\":[\"https:\/\/now-news.de\/de\/deutschland\/neuer-us-praesident-koennte-sicherheitsabkommen-mit-ukraine-aufkuendigen\/#respond\"]}]},{\"@type\":\"WebPage\",\"@id\":\"https:\/\/now-news.de\/de\/deutschland\/neuer-us-praesident-koennte-sicherheitsabkommen-mit-ukraine-aufkuendigen\/\",\"url\":\"https:\/\/now-news.de\/de\/deutschland\/neuer-us-praesident-koennte-sicherheitsabkommen-mit-ukraine-aufkuendigen\/\",\"name\":\"Neuer US-Pr\u00e4sident k\u00f6nnte Sicherheitsabkommen mit Ukraine aufk\u00fcndigen - just-now.NEWS Deutschland\",\"isPartOf\":{\"@id\":\"https:\/\/now-news.de\/de\/#website\"},\"primaryImageOfPage\":{\"@id\":\"https:\/\/now-news.de\/de\/deutschland\/neuer-us-praesident-koennte-sicherheitsabkommen-mit-ukraine-aufkuendigen\/#primaryimage\"},\"image\":{\"@id\":\"https:\/\/now-news.de\/de\/deutschland\/neuer-us-praesident-koennte-sicherheitsabkommen-mit-ukraine-aufkuendigen\/#primaryimage\"},\"thumbnailUrl\":\"https:\/\/now-news.de\/de\/wp-content\/uploads\/sites\/3\/2024\/06\/Neuer-US-Praesident-koennte-Sicherheitsabkommen-mit-Ukraine-aufkuendigen.jpg\",\"datePublished\":\"2024-06-14T16:12:31+00:00\",\"dateModified\":\"2024-06-14T16:12:31+00:00\",\"breadcrumb\":{\"@id\":\"https:\/\/now-news.de\/de\/deutschland\/neuer-us-praesident-koennte-sicherheitsabkommen-mit-ukraine-aufkuendigen\/#breadcrumb\"},\"inLanguage\":\"de\",\"potentialAction\":[{\"@type\":\"ReadAction\",\"target\":[\"https:\/\/now-news.de\/de\/deutschland\/neuer-us-praesident-koennte-sicherheitsabkommen-mit-ukraine-aufkuendigen\/\"]}]},{\"@type\":\"ImageObject\",\"inLanguage\":\"de\",\"@id\":\"https:\/\/now-news.de\/de\/deutschland\/neuer-us-praesident-koennte-sicherheitsabkommen-mit-ukraine-aufkuendigen\/#primaryimage\",\"url\":\"https:\/\/now-news.de\/de\/wp-content\/uploads\/sites\/3\/2024\/06\/Neuer-US-Praesident-koennte-Sicherheitsabkommen-mit-Ukraine-aufkuendigen.jpg\",\"contentUrl\":\"https:\/\/now-news.de\/de\/wp-content\/uploads\/sites\/3\/2024\/06\/Neuer-US-Praesident-koennte-Sicherheitsabkommen-mit-Ukraine-aufkuendigen.jpg\",\"width\":460,\"height\":259,\"caption\":\"Neuer US-Pr\u00e4sident k\u00f6nnte Sicherheitsabkommen mit Ukraine aufk\u00fcndigen\"},{\"@type\":\"BreadcrumbList\",\"@id\":\"https:\/\/now-news.de\/de\/deutschland\/neuer-us-praesident-koennte-sicherheitsabkommen-mit-ukraine-aufkuendigen\/#breadcrumb\",\"itemListElement\":[{\"@type\":\"ListItem\",\"position\":1,\"name\":\"Home\",\"item\":\"https:\/\/now-news.de\/de\/\"},{\"@type\":\"ListItem\",\"position\":2,\"name\":\"Neuer US-Pr\u00e4sident k\u00f6nnte Sicherheitsabkommen mit Ukraine aufk\u00fcndigen\"}]},{\"@type\":\"WebSite\",\"@id\":\"https:\/\/now-news.de\/de\/#website\",\"url\":\"https:\/\/now-news.de\/de\/\",\"name\":\"just-now.NEWS Deutschland\",\"description\":\"Das Portal f\u00fcr unzensierte Nachrichten aus der Welt\",\"publisher\":{\"@id\":\"https:\/\/now-news.de\/de\/#organization\"},\"potentialAction\":[{\"@type\":\"SearchAction\",\"target\":{\"@type\":\"EntryPoint\",\"urlTemplate\":\"https:\/\/now-news.de\/de\/?s={search_term_string}\"},\"query-input\":\"required name=search_term_string\"}],\"inLanguage\":\"de\"},{\"@type\":\"Organization\",\"@id\":\"https:\/\/now-news.de\/de\/#organization\",\"name\":\"Just Now News\",\"url\":\"https:\/\/now-news.de\/de\/\",\"logo\":{\"@type\":\"ImageObject\",\"inLanguage\":\"de\",\"@id\":\"https:\/\/now-news.de\/de\/#\/schema\/logo\/image\/\",\"url\":\"http:\/\/just-now.news\/de\/wp-content\/uploads\/sites\/3\/2022\/04\/logo500x500.jpg\",\"contentUrl\":\"http:\/\/just-now.news\/de\/wp-content\/uploads\/sites\/3\/2022\/04\/logo500x500.jpg\",\"width\":500,\"height\":500,\"caption\":\"Just Now News\"},\"image\":{\"@id\":\"https:\/\/now-news.de\/de\/#\/schema\/logo\/image\/\"},\"sameAs\":[\"https:\/\/www.facebook.com\/wirmachenauf\",\"https:\/\/x.com\/WirMachenAuf_de\"]},{\"@type\":\"Person\",\"@id\":\"https:\/\/now-news.de\/de\/#\/schema\/person\/fb534a4e865501d8b3285208df34a9b5\",\"name\":\"rtnews\",\"image\":{\"@type\":\"ImageObject\",\"inLanguage\":\"de\",\"@id\":\"https:\/\/now-news.de\/de\/#\/schema\/person\/image\/\",\"url\":\"https:\/\/secure.gravatar.com\/avatar\/82aafea7d8127119dd649515f56e2117?s=96&d=mm&r=g\",\"contentUrl\":\"https:\/\/secure.gravatar.com\/avatar\/82aafea7d8127119dd649515f56e2117?s=96&d=mm&r=g\",\"caption\":\"rtnews\"},\"url\":\"https:\/\/now-news.de\/de\/author\/rnews\/\"}]}<\/script>\n<!-- \/ Yoast SEO Premium plugin. -->","yoast_head_json":{"title":"Neuer US-Pr\u00e4sident k\u00f6nnte Sicherheitsabkommen mit Ukraine aufk\u00fcndigen - just-now.NEWS Deutschland","robots":{"index":"index","follow":"follow","max-snippet":"max-snippet:-1","max-image-preview":"max-image-preview:large","max-video-preview":"max-video-preview:-1"},"canonical":"https:\/\/now-news.de\/de\/deutschland\/neuer-us-praesident-koennte-sicherheitsabkommen-mit-ukraine-aufkuendigen\/","og_locale":"de_DE","og_type":"article","og_title":"Neuer US-Pr\u00e4sident k\u00f6nnte Sicherheitsabkommen mit Ukraine aufk\u00fcndigen","og_description":"Die Vereinbarung zwischen Washington und Kiew beinhaltet weitere milit\u00e4rische Unterst\u00fctzung der ukrainischen Streitkr\u00e4fte. Aber das Dokument wird vom US-Kongress nicht ratifiziert und kann daher jederzeit gek\u00fcndigt werden. Donald Trump k\u00f6nnte \u2013 im Falle seiner Wiederwahl \u2013 das Abkommen aufl\u00f6sen. US-Pr\u00e4sident Joe Biden und der ukrainische Pr\u00e4sident Wladimir Selenskij haben am Donnerstag am Rande des G7-Treffens [&hellip;]","og_url":"https:\/\/now-news.de\/de\/deutschland\/neuer-us-praesident-koennte-sicherheitsabkommen-mit-ukraine-aufkuendigen\/","og_site_name":"just-now.NEWS Deutschland","article_publisher":"https:\/\/www.facebook.com\/wirmachenauf","article_published_time":"2024-06-14T16:12:31+00:00","og_image":[{"url":"https:\/\/now-news.de\/de\/wp-content\/uploads\/sites\/3\/2024\/06\/666c5020b480cc6c623be7d8.jpg"}],"author":"rtnews","twitter_card":"summary_large_image","twitter_creator":"@WirMachenAuf_de","twitter_site":"@WirMachenAuf_de","twitter_misc":{"Verfasst von":"rtnews","Gesch\u00e4tzte Lesezeit":"1\u00a0Minute"},"schema":{"@context":"https:\/\/schema.org","@graph":[{"@type":"Article","@id":"https:\/\/now-news.de\/de\/deutschland\/neuer-us-praesident-koennte-sicherheitsabkommen-mit-ukraine-aufkuendigen\/#article","isPartOf":{"@id":"https:\/\/now-news.de\/de\/deutschland\/neuer-us-praesident-koennte-sicherheitsabkommen-mit-ukraine-aufkuendigen\/"},"author":{"name":"rtnews","@id":"https:\/\/now-news.de\/de\/#\/schema\/person\/fb534a4e865501d8b3285208df34a9b5"},"headline":"Neuer US-Pr\u00e4sident k\u00f6nnte Sicherheitsabkommen mit Ukraine aufk\u00fcndigen","datePublished":"2024-06-14T16:12:31+00:00","dateModified":"2024-06-14T16:12:31+00:00","mainEntityOfPage":{"@id":"https:\/\/now-news.de\/de\/deutschland\/neuer-us-praesident-koennte-sicherheitsabkommen-mit-ukraine-aufkuendigen\/"},"wordCount":308,"commentCount":0,"publisher":{"@id":"https:\/\/now-news.de\/de\/#organization"},"image":{"@id":"https:\/\/now-news.de\/de\/deutschland\/neuer-us-praesident-koennte-sicherheitsabkommen-mit-ukraine-aufkuendigen\/#primaryimage"},"thumbnailUrl":"https:\/\/now-news.de\/de\/wp-content\/uploads\/sites\/3\/2024\/06\/Neuer-US-Praesident-koennte-Sicherheitsabkommen-mit-Ukraine-aufkuendigen.jpg","keywords":["aufk\u00fcndigen","K\u00f6nnte","mit","Neuer","Sicherheitsabkommen","ukraine","USPr\u00e4sident"],"articleSection":["Deutschland","Russland"],"inLanguage":"de","potentialAction":[{"@type":"CommentAction","name":"Comment","target":["https:\/\/now-news.de\/de\/deutschland\/neuer-us-praesident-koennte-sicherheitsabkommen-mit-ukraine-aufkuendigen\/#respond"]}]},{"@type":"WebPage","@id":"https:\/\/now-news.de\/de\/deutschland\/neuer-us-praesident-koennte-sicherheitsabkommen-mit-ukraine-aufkuendigen\/","url":"https:\/\/now-news.de\/de\/deutschland\/neuer-us-praesident-koennte-sicherheitsabkommen-mit-ukraine-aufkuendigen\/","name":"Neuer US-Pr\u00e4sident k\u00f6nnte Sicherheitsabkommen mit Ukraine aufk\u00fcndigen - just-now.NEWS Deutschland","isPartOf":{"@id":"https:\/\/now-news.de\/de\/#website"},"primaryImageOfPage":{"@id":"https:\/\/now-news.de\/de\/deutschland\/neuer-us-praesident-koennte-sicherheitsabkommen-mit-ukraine-aufkuendigen\/#primaryimage"},"image":{"@id":"https:\/\/now-news.de\/de\/deutschland\/neuer-us-praesident-koennte-sicherheitsabkommen-mit-ukraine-aufkuendigen\/#primaryimage"},"thumbnailUrl":"https:\/\/now-news.de\/de\/wp-content\/uploads\/sites\/3\/2024\/06\/Neuer-US-Praesident-koennte-Sicherheitsabkommen-mit-Ukraine-aufkuendigen.jpg","datePublished":"2024-06-14T16:12:31+00:00","dateModified":"2024-06-14T16:12:31+00:00","breadcrumb":{"@id":"https:\/\/now-news.de\/de\/deutschland\/neuer-us-praesident-koennte-sicherheitsabkommen-mit-ukraine-aufkuendigen\/#breadcrumb"},"inLanguage":"de","potentialAction":[{"@type":"ReadAction","target":["https:\/\/now-news.de\/de\/deutschland\/neuer-us-praesident-koennte-sicherheitsabkommen-mit-ukraine-aufkuendigen\/"]}]},{"@type":"ImageObject","inLanguage":"de","@id":"https:\/\/now-news.de\/de\/deutschland\/neuer-us-praesident-koennte-sicherheitsabkommen-mit-ukraine-aufkuendigen\/#primaryimage","url":"https:\/\/now-news.de\/de\/wp-content\/uploads\/sites\/3\/2024\/06\/Neuer-US-Praesident-koennte-Sicherheitsabkommen-mit-Ukraine-aufkuendigen.jpg","contentUrl":"https:\/\/now-news.de\/de\/wp-content\/uploads\/sites\/3\/2024\/06\/Neuer-US-Praesident-koennte-Sicherheitsabkommen-mit-Ukraine-aufkuendigen.jpg","width":460,"height":259,"caption":"Neuer US-Pr\u00e4sident k\u00f6nnte Sicherheitsabkommen mit Ukraine aufk\u00fcndigen"},{"@type":"BreadcrumbList","@id":"https:\/\/now-news.de\/de\/deutschland\/neuer-us-praesident-koennte-sicherheitsabkommen-mit-ukraine-aufkuendigen\/#breadcrumb","itemListElement":[{"@type":"ListItem","position":1,"name":"Home","item":"https:\/\/now-news.de\/de\/"},{"@type":"ListItem","position":2,"name":"Neuer US-Pr\u00e4sident k\u00f6nnte Sicherheitsabkommen mit Ukraine aufk\u00fcndigen"}]},{"@type":"WebSite","@id":"https:\/\/now-news.de\/de\/#website","url":"https:\/\/now-news.de\/de\/","name":"just-now.NEWS Deutschland","description":"Das Portal f\u00fcr unzensierte Nachrichten aus der Welt","publisher":{"@id":"https:\/\/now-news.de\/de\/#organization"},"potentialAction":[{"@type":"SearchAction","target":{"@type":"EntryPoint","urlTemplate":"https:\/\/now-news.de\/de\/?s={search_term_string}"},"query-input":"required name=search_term_string"}],"inLanguage":"de"},{"@type":"Organization","@id":"https:\/\/now-news.de\/de\/#organization","name":"Just Now News","url":"https:\/\/now-news.de\/de\/","logo":{"@type":"ImageObject","inLanguage":"de","@id":"https:\/\/now-news.de\/de\/#\/schema\/logo\/image\/","url":"http:\/\/just-now.news\/de\/wp-content\/uploads\/sites\/3\/2022\/04\/logo500x500.jpg","contentUrl":"http:\/\/just-now.news\/de\/wp-content\/uploads\/sites\/3\/2022\/04\/logo500x500.jpg","width":500,"height":500,"caption":"Just Now News"},"image":{"@id":"https:\/\/now-news.de\/de\/#\/schema\/logo\/image\/"},"sameAs":["https:\/\/www.facebook.com\/wirmachenauf","https:\/\/x.com\/WirMachenAuf_de"]},{"@type":"Person","@id":"https:\/\/now-news.de\/de\/#\/schema\/person\/fb534a4e865501d8b3285208df34a9b5","name":"rtnews","image":{"@type":"ImageObject","inLanguage":"de","@id":"https:\/\/now-news.de\/de\/#\/schema\/person\/image\/","url":"https:\/\/secure.gravatar.com\/avatar\/82aafea7d8127119dd649515f56e2117?s=96&d=mm&r=g","contentUrl":"https:\/\/secure.gravatar.com\/avatar\/82aafea7d8127119dd649515f56e2117?s=96&d=mm&r=g","caption":"rtnews"},"url":"https:\/\/now-news.de\/de\/author\/rnews\/"}]}},"_links":{"self":[{"href":"https:\/\/now-news.de\/de\/wp-json\/wp\/v2\/posts\/60571"}],"collection":[{"href":"https:\/\/now-news.de\/de\/wp-json\/wp\/v2\/posts"}],"about":[{"href":"https:\/\/now-news.de\/de\/wp-json\/wp\/v2\/types\/post"}],"author":[{"embeddable":true,"href":"https:\/\/now-news.de\/de\/wp-json\/wp\/v2\/users\/3"}],"replies":[{"embeddable":true,"href":"https:\/\/now-news.de\/de\/wp-json\/wp\/v2\/comments?post=60571"}],"version-history":[{"count":0,"href":"https:\/\/now-news.de\/de\/wp-json\/wp\/v2\/posts\/60571\/revisions"}],"wp:featuredmedia":[{"embeddable":true,"href":"https:\/\/now-news.de\/de\/wp-json\/wp\/v2\/media\/60572"}],"wp:attachment":[{"href":"https:\/\/now-news.de\/de\/wp-json\/wp\/v2\/media?parent=60571"}],"wp:term":[{"taxonomy":"category","embeddable":true,"href":"https:\/\/now-news.de\/de\/wp-json\/wp\/v2\/categories?post=60571"},{"taxonomy":"post_tag","embeddable":true,"href":"https:\/\/now-news.de\/de\/wp-json\/wp\/v2\/tags?post=60571"}],"curies":[{"name":"wp","href":"https:\/\/api.w.org\/{rel}","templated":true}]}}