{"id":60475,"date":"2024-06-14T15:33:15","date_gmt":"2024-06-14T13:33:15","guid":{"rendered":"https:\/\/now-news.de\/de\/deutschland\/krieg-in-der-ukraine-immer-aussichtsloser-prominente-spdler-fordern-scholz-zum-umdenken-auf\/"},"modified":"2024-06-14T15:33:15","modified_gmt":"2024-06-14T13:33:15","slug":"krieg-in-der-ukraine-immer-aussichtsloser-prominente-spdler-fordern-scholz-zum-umdenken-auf","status":"publish","type":"post","link":"https:\/\/now-news.de\/de\/deutschland\/krieg-in-der-ukraine-immer-aussichtsloser-prominente-spdler-fordern-scholz-zum-umdenken-auf\/","title":{"rendered":"&quot;Krieg in der Ukraine immer aussichtsloser&quot; \u2013 Prominente SPDler fordern Scholz zum Umdenken auf"},"content":{"rendered":"<p><img decoding=\"async\" src=\"https:\/\/now-news.de\/de\/wp-content\/uploads\/sites\/3\/2024\/06\/666c0fd1b480cc1f3f4a5059.jpeg\" \/><\/p>\n<div class=\"Text-root Text-type_1 \">\n                18 Sozialdemokraten haben einen dringlichen Appell an Bundeskanzler Olaf Scholz formuliert, in dem Verhandlungen mit Russland gefordert werden statt weitere Waffen f\u00fcr die Ukraine. Zu den Unterzeichnern geh\u00f6ren Ex-Bundesjustizministerin Herta D\u00e4ubler-Gmelin und Peter Brandt, ein Sohn von Willy Brandt.\n            <\/div>\n<p><\/p>\n<div class=\"Text-root Text-type_5 ArticleView-text ViewText-root \">\n<p>&#8220;Der Krieg in der Ukraine wird f\u00fcr die Angegriffenen immer aussichtsloser. Es wird bereits jetzt auf hohem Niveau gestorben und amputiert, der Ukraine gehen die M\u00e4nner aus&#8221;, so die unmissverst\u00e4ndliche Formulierung eines kritischen Appells, ver\u00f6ffentlicht von einer Gruppe von 18 SPD-Politikerinnen und -politikern, die sich &#8220;Baden-W\u00fcrttemberg-Gruppe&#8221; nennt. Die Unterzeichnenden fordern in dem Papier von Bundeskanzler Scholz, &#8220;in der Tradition der SPD als Friedenspartei&#8221;, umgehend eigene &#8220;Friedensinitiativen&#8221;, anstatt &#8220;nur amerikanische Entscheidungen nachzuvollziehen.&#8221;\u00a0<\/p>\n<p>Der Appell liegt der <em>S\u00fcdwest Presse<\/em>\u00a0vor und wurde in einem <a rel=\"nofollow noopener\" target=\"_blank\" href=\"https:\/\/www.swp.de\/baden-wuerttemberg\/krieg-in-der-ukraine-prominente-spd-stimmen-aus-dem-suedwesten-fordern-umkehr-von-scholz-73991519.html\">Artikel<\/a> in Ausz\u00fcgen zitiert. So hei\u00dft es unter anderem in dem Schreiben:<\/p>\n<blockquote>\n<p><em>&#8220;Diplomatie? Oder mit voller Kraft in eine weltweite Katastrophe? Wir fordern einen sofortigen Strategiewechsel! Statt milit\u00e4rischer Eskalation fordern wir einen Waffenstillstand und Verhandlungen (&#8230;)\u00a0Die Alternative dazu ist die Fortsetzung des Blutvergie\u00dfens und ein immer weiter steigendes Risiko, in einen gro\u00dfen Krieg hineingezogen zu werden, der auch zum Einsatz von Atomwaffen f\u00fchren kann.&#8221;<\/em><\/p>\n<\/blockquote>\n<p>Zu den Initiatoren hei\u00dft es in dem Artikel, dass der Text von &#8220;18 Sozialdemokraten aus dem linken Spektrum der Partei&#8221; verfasst wurde, darunter &#8220;etliche prominente Namen&#8221; wie Ex-Bundesjustizministerin Herta D\u00e4ubler-Gmelin, Peter Brandt, ein Sohn von Willy Brandt, der Umweltwissenschaftler Ernst-Ulrich von Weizs\u00e4cker, Ex-Umweltstaatssekret\u00e4r Michael M\u00fcller sowie die langj\u00e4hrige Ulmer Bundestagsabgeordnete Hilde Mattheis.<\/p>\n<p>Ulrich Bausch, der Pressesprecher von der &#8220;Mehr Diplomatie wagen \u2013 Baden-W\u00fcrttemberg-Gruppe&#8221;, wird in einem <a rel=\"nofollow noopener\" target=\"_blank\" href=\"https:\/\/www.jungewelt.de\/artikel\/477286.friedensinitiative-spd-prominenz-gegen-kriegskurs.html\">Artikel<\/a>\u00a0der <em>jungen Welt (jW)\u00a0<\/em>mit den Worten zitiert:<\/p>\n<p><em>&#8220;Die Aufrufer verlangen ein Ende der Eskalation des Ukraine-Kriegs, einen Waffenstillstand und die Aufnahme von Verhandlungen der Konfliktparteien. Jetzt.&#8221;<\/em><\/p>\n<p>Zudem fordere die Gruppe einen &#8220;friedenspolitischen Diskussionsprozess in der SPD&#8221;. Aktuell k\u00f6nnte Russland &#8220;auf eigenem Territorium angegriffen werden. Erstmals seit dem Weltkriegsende&#8221;, so Bausch im<em> jW<\/em>-Interview. Dies sei &#8220;ein Tabubruch&#8221;. In dem Schreiben hei\u00dft es dazu:<\/p>\n<blockquote>\n<p><em>&#8220;Das ist eine Z\u00e4sur \u2013 gerade auch f\u00fcr die SPD.&#8221;<\/em><\/p>\n<\/blockquote>\n<p>In der Pressestelle der SPD-Bundestagsfraktion war der Appell indes &#8220;am Donnerstag zun\u00e4chst nur eines: unbekannt&#8221;, so der <em>jW<\/em>-Artikel informierend. &#8220;Das hei\u00dft aber erst mal nichts&#8221;, sagte eine Sprecherin im Telefonat mit\u00a0<em>jW<\/em>. Eine schriftliche Anfrage blieb laut Artikel &#8220;bis Redaktionsschluss unbeantwortet&#8221;.<\/p>\n<p>Die vollst\u00e4ndige Liste der Unterzeichner lautet:<\/p>\n<ul>\n<li>Ismayil Arslan, T\u00fcbingen<\/li>\n<li>Dr. Ulrich Bausch, Reutlingen<\/li>\n<li>Prof. Dr. Peter Brandt, Berlin<\/li>\n<li>Prof. Dr. Wolfgang D\u00e4ubler, T\u00fcbingen<\/li>\n<li>Prof. Dr. Herta D\u00e4ubler-Gmelin, Bundesjustizministerin a.D., T\u00fcbingen<\/li>\n<li>Marc Dressler, Reutlingen<\/li>\n<li>Reinhard Glatzel, Metzingen<\/li>\n<li>Gislind Gruber-Seibold, Alfdorf<\/li>\n<li>Rita Haller-Haid, T\u00fcbingen<\/li>\n<li>Hans Georg Junginger, Weinheim<\/li>\n<li>Ingrid Laitenberger-Schierle, T\u00fcbingen<\/li>\n<li>Hilde Mattheis, Ulm<\/li>\n<li>Michael M\u00fcller, Staatssekret\u00e4r a.D., D\u00fcsseldorf<\/li>\n<li>Thomas Puchan, Nehren bei T\u00fcbingen<\/li>\n<li>Holger Rothbauer, T\u00fcbingen<\/li>\n<li>Marlene Rupprecht, Sch\u00f6mberg i. Schwarzwald<\/li>\n<li>Karlheinz Schierle, T\u00fcbingen<\/li>\n<li>Prof. Dr. Ernst-Ulrich von Weizs\u00e4cker, Emmendingen<\/li>\n<\/ul>\n<p><strong>Mehr zum Thema &#8211;<\/strong>\u00a0 <a rel=\"nofollow noopener\" target=\"_blank\" href=\"https:\/\/freedert.online\/meinung\/208285-deutsche-vernichtungsphantasien-und-kommende-krieg\/\">Deutsche Vernichtungsphantasien und der kommende Krieg mit Russland<\/a><\/p>\n<\/div>\n<p><br \/>\n<br \/><a href=\"https:\/\/de.rt.com\/inland\/209169-krieg-in-ukraine-immer-aussichtsloser\/\">Source link <\/a><\/p>\n","protected":false},"excerpt":{"rendered":"<p>18 Sozialdemokraten haben einen dringlichen Appell an Bundeskanzler Olaf Scholz formuliert, in dem Verhandlungen mit Russland gefordert werden statt weitere Waffen f\u00fcr die Ukraine. Zu den Unterzeichnern geh\u00f6ren Ex-Bundesjustizministerin Herta D\u00e4ubler-Gmelin und Peter Brandt, ein Sohn von Willy Brandt. &#8220;Der Krieg in der Ukraine wird f\u00fcr die Angegriffenen immer aussichtsloser. Es wird bereits jetzt auf [&hellip;]<\/p>\n","protected":false},"author":3,"featured_media":60476,"comment_status":"open","ping_status":"open","sticky":false,"template":"","format":"standard","meta":{"_yoast_indexnow_last_ping":["1718372738"],"wp_automatic_camp":["217"],"49a8c3358bb44a071774fdd81cf9ec76":["&quot;Krieg in der Ukraine immer aussichtsloser&quot; \u2013 Prominente SPDler fordern Scholz zum Umdenken auf"],"original_link":["https:\/\/de.rt.com\/inland\/209169-krieg-in-ukraine-immer-aussichtsloser\/"],"_thumbnail_id":["60476"],"_wptgpro_p2tg_sent2tg":["a:1:{i:23737;s:19:\"2024-06-14 15:46:40\";}"],"jnews_social_counter_last_update":["1777188618"]},"categories":[19,23],"tags":[133,55736,82,3657,2062,9998,23583,1001,55737,127,26887,565],"yoast_head":"<!-- This site is optimized with the Yoast SEO Premium plugin v22.7 (Yoast SEO v22.7) - https:\/\/yoast.com\/wordpress\/plugins\/seo\/ -->\n<title>&quot;Krieg in der Ukraine immer aussichtsloser&quot; \u2013 Prominente SPDler fordern Scholz zum Umdenken auf - just-now.NEWS Deutschland<\/title>\n<meta name=\"robots\" content=\"index, follow, max-snippet:-1, max-image-preview:large, max-video-preview:-1\" \/>\n<link rel=\"canonical\" href=\"https:\/\/now-news.de\/de\/deutschland\/krieg-in-der-ukraine-immer-aussichtsloser-prominente-spdler-fordern-scholz-zum-umdenken-auf\/\" \/>\n<meta property=\"og:locale\" content=\"de_DE\" \/>\n<meta property=\"og:type\" content=\"article\" \/>\n<meta property=\"og:title\" content=\"&quot;Krieg in der Ukraine immer aussichtsloser&quot; \u2013 Prominente SPDler fordern Scholz zum Umdenken auf\" \/>\n<meta property=\"og:description\" content=\"18 Sozialdemokraten haben einen dringlichen Appell an Bundeskanzler Olaf Scholz formuliert, in dem Verhandlungen mit Russland gefordert werden statt weitere Waffen f\u00fcr die Ukraine. Zu den Unterzeichnern geh\u00f6ren Ex-Bundesjustizministerin Herta D\u00e4ubler-Gmelin und Peter Brandt, ein Sohn von Willy Brandt. &#8220;Der Krieg in der Ukraine wird f\u00fcr die Angegriffenen immer aussichtsloser. Es wird bereits jetzt auf [&hellip;]\" \/>\n<meta property=\"og:url\" content=\"https:\/\/now-news.de\/de\/deutschland\/krieg-in-der-ukraine-immer-aussichtsloser-prominente-spdler-fordern-scholz-zum-umdenken-auf\/\" \/>\n<meta property=\"og:site_name\" content=\"just-now.NEWS Deutschland\" \/>\n<meta property=\"article:publisher\" content=\"https:\/\/www.facebook.com\/wirmachenauf\" \/>\n<meta property=\"article:published_time\" content=\"2024-06-14T13:33:15+00:00\" \/>\n<meta property=\"og:image\" content=\"https:\/\/now-news.de\/de\/wp-content\/uploads\/sites\/3\/2024\/06\/666c0fd1b480cc1f3f4a5059.jpeg\" \/>\n<meta name=\"author\" content=\"rtnews\" \/>\n<meta name=\"twitter:card\" content=\"summary_large_image\" \/>\n<meta name=\"twitter:creator\" content=\"@WirMachenAuf_de\" \/>\n<meta name=\"twitter:site\" content=\"@WirMachenAuf_de\" \/>\n<meta name=\"twitter:label1\" content=\"Verfasst von\" \/>\n\t<meta name=\"twitter:data1\" content=\"rtnews\" \/>\n\t<meta name=\"twitter:label2\" content=\"Gesch\u00e4tzte Lesezeit\" \/>\n\t<meta name=\"twitter:data2\" content=\"2\u00a0Minuten\" \/>\n<script type=\"application\/ld+json\" class=\"yoast-schema-graph\">{\"@context\":\"https:\/\/schema.org\",\"@graph\":[{\"@type\":\"Article\",\"@id\":\"https:\/\/now-news.de\/de\/deutschland\/krieg-in-der-ukraine-immer-aussichtsloser-prominente-spdler-fordern-scholz-zum-umdenken-auf\/#article\",\"isPartOf\":{\"@id\":\"https:\/\/now-news.de\/de\/deutschland\/krieg-in-der-ukraine-immer-aussichtsloser-prominente-spdler-fordern-scholz-zum-umdenken-auf\/\"},\"author\":{\"name\":\"rtnews\",\"@id\":\"https:\/\/now-news.de\/de\/#\/schema\/person\/fb534a4e865501d8b3285208df34a9b5\"},\"headline\":\"&quot;Krieg in der Ukraine immer aussichtsloser&quot; \u2013 Prominente SPDler fordern Scholz zum Umdenken auf\",\"datePublished\":\"2024-06-14T13:33:15+00:00\",\"dateModified\":\"2024-06-14T13:33:15+00:00\",\"mainEntityOfPage\":{\"@id\":\"https:\/\/now-news.de\/de\/deutschland\/krieg-in-der-ukraine-immer-aussichtsloser-prominente-spdler-fordern-scholz-zum-umdenken-auf\/\"},\"wordCount\":516,\"commentCount\":0,\"publisher\":{\"@id\":\"https:\/\/now-news.de\/de\/#organization\"},\"image\":{\"@id\":\"https:\/\/now-news.de\/de\/deutschland\/krieg-in-der-ukraine-immer-aussichtsloser-prominente-spdler-fordern-scholz-zum-umdenken-auf\/#primaryimage\"},\"thumbnailUrl\":\"https:\/\/now-news.de\/de\/wp-content\/uploads\/sites\/3\/2024\/06\/quotKrieg-in-der-Ukraine-immer-aussichtsloserquot-\u2013-Prominente-SPDler-fordern.jpeg\",\"keywords\":[\"AUF\",\"aussichtsloserquot\",\"der\",\"f\u00f6rdern\",\"Immer\",\"prominente\",\"quotKrieg\",\"Scholz\",\"SPDler\",\"ukraine\",\"Umdenken\",\"zum\"],\"articleSection\":[\"Deutschland\",\"Russland\"],\"inLanguage\":\"de\",\"potentialAction\":[{\"@type\":\"CommentAction\",\"name\":\"Comment\",\"target\":[\"https:\/\/now-news.de\/de\/deutschland\/krieg-in-der-ukraine-immer-aussichtsloser-prominente-spdler-fordern-scholz-zum-umdenken-auf\/#respond\"]}]},{\"@type\":\"WebPage\",\"@id\":\"https:\/\/now-news.de\/de\/deutschland\/krieg-in-der-ukraine-immer-aussichtsloser-prominente-spdler-fordern-scholz-zum-umdenken-auf\/\",\"url\":\"https:\/\/now-news.de\/de\/deutschland\/krieg-in-der-ukraine-immer-aussichtsloser-prominente-spdler-fordern-scholz-zum-umdenken-auf\/\",\"name\":\"&quot;Krieg in der Ukraine immer aussichtsloser&quot; \u2013 Prominente SPDler fordern Scholz zum Umdenken auf - just-now.NEWS Deutschland\",\"isPartOf\":{\"@id\":\"https:\/\/now-news.de\/de\/#website\"},\"primaryImageOfPage\":{\"@id\":\"https:\/\/now-news.de\/de\/deutschland\/krieg-in-der-ukraine-immer-aussichtsloser-prominente-spdler-fordern-scholz-zum-umdenken-auf\/#primaryimage\"},\"image\":{\"@id\":\"https:\/\/now-news.de\/de\/deutschland\/krieg-in-der-ukraine-immer-aussichtsloser-prominente-spdler-fordern-scholz-zum-umdenken-auf\/#primaryimage\"},\"thumbnailUrl\":\"https:\/\/now-news.de\/de\/wp-content\/uploads\/sites\/3\/2024\/06\/quotKrieg-in-der-Ukraine-immer-aussichtsloserquot-\u2013-Prominente-SPDler-fordern.jpeg\",\"datePublished\":\"2024-06-14T13:33:15+00:00\",\"dateModified\":\"2024-06-14T13:33:15+00:00\",\"breadcrumb\":{\"@id\":\"https:\/\/now-news.de\/de\/deutschland\/krieg-in-der-ukraine-immer-aussichtsloser-prominente-spdler-fordern-scholz-zum-umdenken-auf\/#breadcrumb\"},\"inLanguage\":\"de\",\"potentialAction\":[{\"@type\":\"ReadAction\",\"target\":[\"https:\/\/now-news.de\/de\/deutschland\/krieg-in-der-ukraine-immer-aussichtsloser-prominente-spdler-fordern-scholz-zum-umdenken-auf\/\"]}]},{\"@type\":\"ImageObject\",\"inLanguage\":\"de\",\"@id\":\"https:\/\/now-news.de\/de\/deutschland\/krieg-in-der-ukraine-immer-aussichtsloser-prominente-spdler-fordern-scholz-zum-umdenken-auf\/#primaryimage\",\"url\":\"https:\/\/now-news.de\/de\/wp-content\/uploads\/sites\/3\/2024\/06\/quotKrieg-in-der-Ukraine-immer-aussichtsloserquot-\u2013-Prominente-SPDler-fordern.jpeg\",\"contentUrl\":\"https:\/\/now-news.de\/de\/wp-content\/uploads\/sites\/3\/2024\/06\/quotKrieg-in-der-Ukraine-immer-aussichtsloserquot-\u2013-Prominente-SPDler-fordern.jpeg\",\"width\":460,\"height\":259,\"caption\":\"&quot;Krieg in der Ukraine immer aussichtsloser&quot; \u2013 Prominente SPDler fordern Scholz zum Umdenken auf\"},{\"@type\":\"BreadcrumbList\",\"@id\":\"https:\/\/now-news.de\/de\/deutschland\/krieg-in-der-ukraine-immer-aussichtsloser-prominente-spdler-fordern-scholz-zum-umdenken-auf\/#breadcrumb\",\"itemListElement\":[{\"@type\":\"ListItem\",\"position\":1,\"name\":\"Home\",\"item\":\"https:\/\/now-news.de\/de\/\"},{\"@type\":\"ListItem\",\"position\":2,\"name\":\"&quot;Krieg in der Ukraine immer aussichtsloser&quot; \u2013 Prominente SPDler fordern Scholz zum Umdenken auf\"}]},{\"@type\":\"WebSite\",\"@id\":\"https:\/\/now-news.de\/de\/#website\",\"url\":\"https:\/\/now-news.de\/de\/\",\"name\":\"just-now.NEWS Deutschland\",\"description\":\"Das Portal f\u00fcr unzensierte Nachrichten aus der Welt\",\"publisher\":{\"@id\":\"https:\/\/now-news.de\/de\/#organization\"},\"potentialAction\":[{\"@type\":\"SearchAction\",\"target\":{\"@type\":\"EntryPoint\",\"urlTemplate\":\"https:\/\/now-news.de\/de\/?s={search_term_string}\"},\"query-input\":\"required name=search_term_string\"}],\"inLanguage\":\"de\"},{\"@type\":\"Organization\",\"@id\":\"https:\/\/now-news.de\/de\/#organization\",\"name\":\"Just Now News\",\"url\":\"https:\/\/now-news.de\/de\/\",\"logo\":{\"@type\":\"ImageObject\",\"inLanguage\":\"de\",\"@id\":\"https:\/\/now-news.de\/de\/#\/schema\/logo\/image\/\",\"url\":\"http:\/\/just-now.news\/de\/wp-content\/uploads\/sites\/3\/2022\/04\/logo500x500.jpg\",\"contentUrl\":\"http:\/\/just-now.news\/de\/wp-content\/uploads\/sites\/3\/2022\/04\/logo500x500.jpg\",\"width\":500,\"height\":500,\"caption\":\"Just Now News\"},\"image\":{\"@id\":\"https:\/\/now-news.de\/de\/#\/schema\/logo\/image\/\"},\"sameAs\":[\"https:\/\/www.facebook.com\/wirmachenauf\",\"https:\/\/x.com\/WirMachenAuf_de\"]},{\"@type\":\"Person\",\"@id\":\"https:\/\/now-news.de\/de\/#\/schema\/person\/fb534a4e865501d8b3285208df34a9b5\",\"name\":\"rtnews\",\"image\":{\"@type\":\"ImageObject\",\"inLanguage\":\"de\",\"@id\":\"https:\/\/now-news.de\/de\/#\/schema\/person\/image\/\",\"url\":\"https:\/\/secure.gravatar.com\/avatar\/82aafea7d8127119dd649515f56e2117?s=96&d=mm&r=g\",\"contentUrl\":\"https:\/\/secure.gravatar.com\/avatar\/82aafea7d8127119dd649515f56e2117?s=96&d=mm&r=g\",\"caption\":\"rtnews\"},\"url\":\"https:\/\/now-news.de\/de\/author\/rnews\/\"}]}<\/script>\n<!-- \/ Yoast SEO Premium plugin. -->","yoast_head_json":{"title":"&quot;Krieg in der Ukraine immer aussichtsloser&quot; \u2013 Prominente SPDler fordern Scholz zum Umdenken auf - just-now.NEWS Deutschland","robots":{"index":"index","follow":"follow","max-snippet":"max-snippet:-1","max-image-preview":"max-image-preview:large","max-video-preview":"max-video-preview:-1"},"canonical":"https:\/\/now-news.de\/de\/deutschland\/krieg-in-der-ukraine-immer-aussichtsloser-prominente-spdler-fordern-scholz-zum-umdenken-auf\/","og_locale":"de_DE","og_type":"article","og_title":"&quot;Krieg in der Ukraine immer aussichtsloser&quot; \u2013 Prominente SPDler fordern Scholz zum Umdenken auf","og_description":"18 Sozialdemokraten haben einen dringlichen Appell an Bundeskanzler Olaf Scholz formuliert, in dem Verhandlungen mit Russland gefordert werden statt weitere Waffen f\u00fcr die Ukraine. Zu den Unterzeichnern geh\u00f6ren Ex-Bundesjustizministerin Herta D\u00e4ubler-Gmelin und Peter Brandt, ein Sohn von Willy Brandt. &#8220;Der Krieg in der Ukraine wird f\u00fcr die Angegriffenen immer aussichtsloser. Es wird bereits jetzt auf [&hellip;]","og_url":"https:\/\/now-news.de\/de\/deutschland\/krieg-in-der-ukraine-immer-aussichtsloser-prominente-spdler-fordern-scholz-zum-umdenken-auf\/","og_site_name":"just-now.NEWS Deutschland","article_publisher":"https:\/\/www.facebook.com\/wirmachenauf","article_published_time":"2024-06-14T13:33:15+00:00","og_image":[{"url":"https:\/\/now-news.de\/de\/wp-content\/uploads\/sites\/3\/2024\/06\/666c0fd1b480cc1f3f4a5059.jpeg"}],"author":"rtnews","twitter_card":"summary_large_image","twitter_creator":"@WirMachenAuf_de","twitter_site":"@WirMachenAuf_de","twitter_misc":{"Verfasst von":"rtnews","Gesch\u00e4tzte Lesezeit":"2\u00a0Minuten"},"schema":{"@context":"https:\/\/schema.org","@graph":[{"@type":"Article","@id":"https:\/\/now-news.de\/de\/deutschland\/krieg-in-der-ukraine-immer-aussichtsloser-prominente-spdler-fordern-scholz-zum-umdenken-auf\/#article","isPartOf":{"@id":"https:\/\/now-news.de\/de\/deutschland\/krieg-in-der-ukraine-immer-aussichtsloser-prominente-spdler-fordern-scholz-zum-umdenken-auf\/"},"author":{"name":"rtnews","@id":"https:\/\/now-news.de\/de\/#\/schema\/person\/fb534a4e865501d8b3285208df34a9b5"},"headline":"&quot;Krieg in der Ukraine immer aussichtsloser&quot; \u2013 Prominente SPDler fordern Scholz zum Umdenken auf","datePublished":"2024-06-14T13:33:15+00:00","dateModified":"2024-06-14T13:33:15+00:00","mainEntityOfPage":{"@id":"https:\/\/now-news.de\/de\/deutschland\/krieg-in-der-ukraine-immer-aussichtsloser-prominente-spdler-fordern-scholz-zum-umdenken-auf\/"},"wordCount":516,"commentCount":0,"publisher":{"@id":"https:\/\/now-news.de\/de\/#organization"},"image":{"@id":"https:\/\/now-news.de\/de\/deutschland\/krieg-in-der-ukraine-immer-aussichtsloser-prominente-spdler-fordern-scholz-zum-umdenken-auf\/#primaryimage"},"thumbnailUrl":"https:\/\/now-news.de\/de\/wp-content\/uploads\/sites\/3\/2024\/06\/quotKrieg-in-der-Ukraine-immer-aussichtsloserquot-\u2013-Prominente-SPDler-fordern.jpeg","keywords":["AUF","aussichtsloserquot","der","f\u00f6rdern","Immer","prominente","quotKrieg","Scholz","SPDler","ukraine","Umdenken","zum"],"articleSection":["Deutschland","Russland"],"inLanguage":"de","potentialAction":[{"@type":"CommentAction","name":"Comment","target":["https:\/\/now-news.de\/de\/deutschland\/krieg-in-der-ukraine-immer-aussichtsloser-prominente-spdler-fordern-scholz-zum-umdenken-auf\/#respond"]}]},{"@type":"WebPage","@id":"https:\/\/now-news.de\/de\/deutschland\/krieg-in-der-ukraine-immer-aussichtsloser-prominente-spdler-fordern-scholz-zum-umdenken-auf\/","url":"https:\/\/now-news.de\/de\/deutschland\/krieg-in-der-ukraine-immer-aussichtsloser-prominente-spdler-fordern-scholz-zum-umdenken-auf\/","name":"&quot;Krieg in der Ukraine immer aussichtsloser&quot; \u2013 Prominente SPDler fordern Scholz zum Umdenken auf - just-now.NEWS Deutschland","isPartOf":{"@id":"https:\/\/now-news.de\/de\/#website"},"primaryImageOfPage":{"@id":"https:\/\/now-news.de\/de\/deutschland\/krieg-in-der-ukraine-immer-aussichtsloser-prominente-spdler-fordern-scholz-zum-umdenken-auf\/#primaryimage"},"image":{"@id":"https:\/\/now-news.de\/de\/deutschland\/krieg-in-der-ukraine-immer-aussichtsloser-prominente-spdler-fordern-scholz-zum-umdenken-auf\/#primaryimage"},"thumbnailUrl":"https:\/\/now-news.de\/de\/wp-content\/uploads\/sites\/3\/2024\/06\/quotKrieg-in-der-Ukraine-immer-aussichtsloserquot-\u2013-Prominente-SPDler-fordern.jpeg","datePublished":"2024-06-14T13:33:15+00:00","dateModified":"2024-06-14T13:33:15+00:00","breadcrumb":{"@id":"https:\/\/now-news.de\/de\/deutschland\/krieg-in-der-ukraine-immer-aussichtsloser-prominente-spdler-fordern-scholz-zum-umdenken-auf\/#breadcrumb"},"inLanguage":"de","potentialAction":[{"@type":"ReadAction","target":["https:\/\/now-news.de\/de\/deutschland\/krieg-in-der-ukraine-immer-aussichtsloser-prominente-spdler-fordern-scholz-zum-umdenken-auf\/"]}]},{"@type":"ImageObject","inLanguage":"de","@id":"https:\/\/now-news.de\/de\/deutschland\/krieg-in-der-ukraine-immer-aussichtsloser-prominente-spdler-fordern-scholz-zum-umdenken-auf\/#primaryimage","url":"https:\/\/now-news.de\/de\/wp-content\/uploads\/sites\/3\/2024\/06\/quotKrieg-in-der-Ukraine-immer-aussichtsloserquot-\u2013-Prominente-SPDler-fordern.jpeg","contentUrl":"https:\/\/now-news.de\/de\/wp-content\/uploads\/sites\/3\/2024\/06\/quotKrieg-in-der-Ukraine-immer-aussichtsloserquot-\u2013-Prominente-SPDler-fordern.jpeg","width":460,"height":259,"caption":"&quot;Krieg in der Ukraine immer aussichtsloser&quot; \u2013 Prominente SPDler fordern Scholz zum Umdenken auf"},{"@type":"BreadcrumbList","@id":"https:\/\/now-news.de\/de\/deutschland\/krieg-in-der-ukraine-immer-aussichtsloser-prominente-spdler-fordern-scholz-zum-umdenken-auf\/#breadcrumb","itemListElement":[{"@type":"ListItem","position":1,"name":"Home","item":"https:\/\/now-news.de\/de\/"},{"@type":"ListItem","position":2,"name":"&quot;Krieg in der Ukraine immer aussichtsloser&quot; \u2013 Prominente SPDler fordern Scholz zum Umdenken auf"}]},{"@type":"WebSite","@id":"https:\/\/now-news.de\/de\/#website","url":"https:\/\/now-news.de\/de\/","name":"just-now.NEWS Deutschland","description":"Das Portal f\u00fcr unzensierte Nachrichten aus der Welt","publisher":{"@id":"https:\/\/now-news.de\/de\/#organization"},"potentialAction":[{"@type":"SearchAction","target":{"@type":"EntryPoint","urlTemplate":"https:\/\/now-news.de\/de\/?s={search_term_string}"},"query-input":"required name=search_term_string"}],"inLanguage":"de"},{"@type":"Organization","@id":"https:\/\/now-news.de\/de\/#organization","name":"Just Now News","url":"https:\/\/now-news.de\/de\/","logo":{"@type":"ImageObject","inLanguage":"de","@id":"https:\/\/now-news.de\/de\/#\/schema\/logo\/image\/","url":"http:\/\/just-now.news\/de\/wp-content\/uploads\/sites\/3\/2022\/04\/logo500x500.jpg","contentUrl":"http:\/\/just-now.news\/de\/wp-content\/uploads\/sites\/3\/2022\/04\/logo500x500.jpg","width":500,"height":500,"caption":"Just Now News"},"image":{"@id":"https:\/\/now-news.de\/de\/#\/schema\/logo\/image\/"},"sameAs":["https:\/\/www.facebook.com\/wirmachenauf","https:\/\/x.com\/WirMachenAuf_de"]},{"@type":"Person","@id":"https:\/\/now-news.de\/de\/#\/schema\/person\/fb534a4e865501d8b3285208df34a9b5","name":"rtnews","image":{"@type":"ImageObject","inLanguage":"de","@id":"https:\/\/now-news.de\/de\/#\/schema\/person\/image\/","url":"https:\/\/secure.gravatar.com\/avatar\/82aafea7d8127119dd649515f56e2117?s=96&d=mm&r=g","contentUrl":"https:\/\/secure.gravatar.com\/avatar\/82aafea7d8127119dd649515f56e2117?s=96&d=mm&r=g","caption":"rtnews"},"url":"https:\/\/now-news.de\/de\/author\/rnews\/"}]}},"_links":{"self":[{"href":"https:\/\/now-news.de\/de\/wp-json\/wp\/v2\/posts\/60475"}],"collection":[{"href":"https:\/\/now-news.de\/de\/wp-json\/wp\/v2\/posts"}],"about":[{"href":"https:\/\/now-news.de\/de\/wp-json\/wp\/v2\/types\/post"}],"author":[{"embeddable":true,"href":"https:\/\/now-news.de\/de\/wp-json\/wp\/v2\/users\/3"}],"replies":[{"embeddable":true,"href":"https:\/\/now-news.de\/de\/wp-json\/wp\/v2\/comments?post=60475"}],"version-history":[{"count":0,"href":"https:\/\/now-news.de\/de\/wp-json\/wp\/v2\/posts\/60475\/revisions"}],"wp:featuredmedia":[{"embeddable":true,"href":"https:\/\/now-news.de\/de\/wp-json\/wp\/v2\/media\/60476"}],"wp:attachment":[{"href":"https:\/\/now-news.de\/de\/wp-json\/wp\/v2\/media?parent=60475"}],"wp:term":[{"taxonomy":"category","embeddable":true,"href":"https:\/\/now-news.de\/de\/wp-json\/wp\/v2\/categories?post=60475"},{"taxonomy":"post_tag","embeddable":true,"href":"https:\/\/now-news.de\/de\/wp-json\/wp\/v2\/tags?post=60475"}],"curies":[{"name":"wp","href":"https:\/\/api.w.org\/{rel}","templated":true}]}}