{"id":59833,"date":"2024-06-10T12:10:11","date_gmt":"2024-06-10T10:10:11","guid":{"rendered":"https:\/\/now-news.de\/de\/deutschland\/duma-vorsitzender-wolodin-zu-eu-wahlen-macron-und-scholz-sollten-zuruecktreten\/"},"modified":"2024-06-10T12:10:11","modified_gmt":"2024-06-10T10:10:11","slug":"duma-vorsitzender-wolodin-zu-eu-wahlen-macron-und-scholz-sollten-zuruecktreten","status":"publish","type":"post","link":"https:\/\/now-news.de\/de\/deutschland\/duma-vorsitzender-wolodin-zu-eu-wahlen-macron-und-scholz-sollten-zuruecktreten\/","title":{"rendered":"Duma-Vorsitzender Wolodin zu EU-Wahlen: Macron und Scholz sollten zur\u00fccktreten"},"content":{"rendered":"<p><img decoding=\"async\" src=\"https:\/\/now-news.de\/de\/wp-content\/uploads\/sites\/3\/2024\/06\/6666c25748fbef65475d6e45.jpg\" \/><\/p>\n<div class=\"Text-root Text-type_1 \">\n                In einem Kommentar zu den Europawahlen meint der Dumasprecher Wjatscheslaw Wolodin, dass sich der franz\u00f6sische Pr\u00e4sident Emmanuel Macron und Bundeskanzler Olaf Scholz &#8220;mit letzter Kraft an die Macht klammern&#8221;, aber besser zur\u00fccktreten sollten.\n            <\/div>\n<p><\/p>\n<div class=\"Text-root Text-type_5 ArticleView-text ViewText-root \">\n<p>Wjatscheslaw Wolodin, der Vorsitzende der russischen Staatsduma, stellte am Montag fest, dass die Ergebnisse der EU-Wahlen zwar noch nicht ausgewertet seien, aber bereits erste Schlussfolgerungen am Beispiel der wichtigsten EU-Staaten gezogen werden k\u00f6nnten. Der franz\u00f6sische Pr\u00e4sident Emmanuel Macron und Bundeskanzler Olaf Scholz sollten zur\u00fccktreten. Die vorl\u00e4ufigen Ergebnisse zeigten, dass Macrons Politik gescheitert sei und die deutsche Regierungskoalition die Unterst\u00fctzung der Bev\u00f6lkerung verloren habe. Wolodin schrieb auf Telegram:<\/p>\n<blockquote>\n<p><em>&#8220;Die Ergebnisse in Frankreich und Deutschland waren vorhersehbar. Die Wirtschaft stagniert, es gibt eine Migrationskrise, die L\u00e4nder sind gegen ihre nationalen Interessen in den Ukraine-Krieg verwickelt. Macron und Scholz klammern sich mit letzter Kraft an die Macht. Es w\u00e4re gut, wenn sie selbst zur\u00fccktreten und aufh\u00f6ren w\u00fcrden, die B\u00fcrger ihrer L\u00e4nder zu schikanieren.&#8221;<\/em><\/p>\n<\/blockquote>\n<p>In Frankreich habe die Partei Rassemblement National von Marine Le Pen fast 32 Prozent der Stimmen erhalten \u2013 doppelt so viel wie Macrons Verb\u00fcndete, erkl\u00e4rte\u00a0Wolodin.<\/p>\n<p>Walentina Matwijenko, die Sprecherin des russischen F\u00f6derationsrates, bezeichnete die &#8220;vernichtende Niederlage&#8221; von Macron und Scholz als verdient. Dies best\u00e4tige deren &#8220;Versagen als nationale und europ\u00e4ische Politiker&#8221;.<\/p>\n<p>Wenn\u00a0man den Befehlen Washingtons folge und seine Souver\u00e4nit\u00e4t aufgebe, &#8220;kann man nichts anderes erwarten&#8221;, so Matwijenko. Sie betonte:<\/p>\n<blockquote>\n<p><em>&#8220;Es scheint, dass sich ein gef\u00e4hrlicher Virus der Illegitimit\u00e4t auf dem europ\u00e4ischen Kontinent auszubreiten beginnt.&#8221;<\/em><\/p>\n<\/blockquote>\n<p>Nach vorl\u00e4ufigen Angaben lag die Wahlbeteiligung EU-weit bei 51 Prozent. In Deutschland haben CDU und CSU mit gro\u00dfem Abstand gewonnen. Zweitst\u00e4rkste Partei wurde die AfD mit 15,9 Prozent. Die SPD von Bundeskanzler Olaf Scholz kam mit 13,9 Prozent auf den dritten Platz. Die Gr\u00fcnen st\u00fcrzten von\u00a020,5 Prozent im Jahr 2019 auf\u00a011,9 Prozent ab und erreichten damit Platz vier. Das erstmals zur Wahl stehende B\u00fcndnis Sahra Wagenknecht (BSW) kam aus dem Stand auf\u00a06,2 Prozent.<\/p>\n<p>Macron k\u00fcndigte nach den Verlusten seines B\u00fcndnisses die Aufl\u00f6sung des Parlaments an. Neuwahlen sollen bereits am 30. Juni und 7. Juli stattfinden.<\/p>\n<p><strong>Mehr zum Thema<\/strong> &#8211; <a rel=\"nofollow noopener\" target=\"_blank\" href=\"https:\/\/freedert.online\/europa\/208664-europawahl-2024-le-pens-partei\/\">Europawahl 2024: Le Pens Partei gewinnt in Frankreich deutlich<\/a><\/p>\n<\/p>\n<\/div>\n<p><br \/>\n<br \/><a href=\"https:\/\/de.rt.com\/international\/208711-duma-vorsitzender-macron-und-scholz\/\">Source link <\/a><\/p>\n","protected":false},"excerpt":{"rendered":"<p>In einem Kommentar zu den Europawahlen meint der Dumasprecher Wjatscheslaw Wolodin, dass sich der franz\u00f6sische Pr\u00e4sident Emmanuel Macron und Bundeskanzler Olaf Scholz &#8220;mit letzter Kraft an die Macht klammern&#8221;, aber besser zur\u00fccktreten sollten. Wjatscheslaw Wolodin, der Vorsitzende der russischen Staatsduma, stellte am Montag fest, dass die Ergebnisse der EU-Wahlen zwar noch nicht ausgewertet seien, aber [&hellip;]<\/p>\n","protected":false},"author":3,"featured_media":59834,"comment_status":"open","ping_status":"open","sticky":false,"template":"","format":"standard","meta":{"_yoast_indexnow_last_ping":["1718015104"],"wp_automatic_camp":["217"],"24157de6a32eed13062b8332e093f31c":["Duma-Vorsitzender Wolodin zu EU-Wahlen: Macron und Scholz sollten zur\u00fccktreten"],"original_link":["https:\/\/de.rt.com\/international\/208711-duma-vorsitzender-macron-und-scholz\/"],"_thumbnail_id":["59834"],"jnews_social_counter_last_update":["1777229217"],"_wptgpro_p2tg_sent2tg":["a:1:{i:23737;s:19:\"2024-06-10 12:26:04\";}"]},"categories":[19,23],"tags":[10890,52265,1711,1001,4275,140,19100,6618],"yoast_head":"<!-- This site is optimized with the Yoast SEO Premium plugin v22.7 (Yoast SEO v22.7) - https:\/\/yoast.com\/wordpress\/plugins\/seo\/ -->\n<title>Duma-Vorsitzender Wolodin zu EU-Wahlen: Macron und Scholz sollten zur\u00fccktreten - just-now.NEWS Deutschland<\/title>\n<meta name=\"robots\" content=\"index, follow, max-snippet:-1, max-image-preview:large, max-video-preview:-1\" \/>\n<link rel=\"canonical\" href=\"https:\/\/now-news.de\/de\/deutschland\/duma-vorsitzender-wolodin-zu-eu-wahlen-macron-und-scholz-sollten-zuruecktreten\/\" \/>\n<meta property=\"og:locale\" content=\"de_DE\" \/>\n<meta property=\"og:type\" content=\"article\" \/>\n<meta property=\"og:title\" content=\"Duma-Vorsitzender Wolodin zu EU-Wahlen: Macron und Scholz sollten zur\u00fccktreten\" \/>\n<meta property=\"og:description\" content=\"In einem Kommentar zu den Europawahlen meint der Dumasprecher Wjatscheslaw Wolodin, dass sich der franz\u00f6sische Pr\u00e4sident Emmanuel Macron und Bundeskanzler Olaf Scholz &#8220;mit letzter Kraft an die Macht klammern&#8221;, aber besser zur\u00fccktreten sollten. Wjatscheslaw Wolodin, der Vorsitzende der russischen Staatsduma, stellte am Montag fest, dass die Ergebnisse der EU-Wahlen zwar noch nicht ausgewertet seien, aber [&hellip;]\" \/>\n<meta property=\"og:url\" content=\"https:\/\/now-news.de\/de\/deutschland\/duma-vorsitzender-wolodin-zu-eu-wahlen-macron-und-scholz-sollten-zuruecktreten\/\" \/>\n<meta property=\"og:site_name\" content=\"just-now.NEWS Deutschland\" \/>\n<meta property=\"article:publisher\" content=\"https:\/\/www.facebook.com\/wirmachenauf\" \/>\n<meta property=\"article:published_time\" content=\"2024-06-10T10:10:11+00:00\" \/>\n<meta property=\"og:image\" content=\"https:\/\/now-news.de\/de\/wp-content\/uploads\/sites\/3\/2024\/06\/6666c25748fbef65475d6e45.jpg\" \/>\n<meta name=\"author\" content=\"rtnews\" \/>\n<meta name=\"twitter:card\" content=\"summary_large_image\" \/>\n<meta name=\"twitter:creator\" content=\"@WirMachenAuf_de\" \/>\n<meta name=\"twitter:site\" content=\"@WirMachenAuf_de\" \/>\n<meta name=\"twitter:label1\" content=\"Verfasst von\" \/>\n\t<meta name=\"twitter:data1\" content=\"rtnews\" \/>\n\t<meta name=\"twitter:label2\" content=\"Gesch\u00e4tzte Lesezeit\" \/>\n\t<meta name=\"twitter:data2\" content=\"2\u00a0Minuten\" \/>\n<script type=\"application\/ld+json\" class=\"yoast-schema-graph\">{\"@context\":\"https:\/\/schema.org\",\"@graph\":[{\"@type\":\"Article\",\"@id\":\"https:\/\/now-news.de\/de\/deutschland\/duma-vorsitzender-wolodin-zu-eu-wahlen-macron-und-scholz-sollten-zuruecktreten\/#article\",\"isPartOf\":{\"@id\":\"https:\/\/now-news.de\/de\/deutschland\/duma-vorsitzender-wolodin-zu-eu-wahlen-macron-und-scholz-sollten-zuruecktreten\/\"},\"author\":{\"name\":\"rtnews\",\"@id\":\"https:\/\/now-news.de\/de\/#\/schema\/person\/fb534a4e865501d8b3285208df34a9b5\"},\"headline\":\"Duma-Vorsitzender Wolodin zu EU-Wahlen: Macron und Scholz sollten zur\u00fccktreten\",\"datePublished\":\"2024-06-10T10:10:11+00:00\",\"dateModified\":\"2024-06-10T10:10:11+00:00\",\"mainEntityOfPage\":{\"@id\":\"https:\/\/now-news.de\/de\/deutschland\/duma-vorsitzender-wolodin-zu-eu-wahlen-macron-und-scholz-sollten-zuruecktreten\/\"},\"wordCount\":387,\"commentCount\":0,\"publisher\":{\"@id\":\"https:\/\/now-news.de\/de\/#organization\"},\"image\":{\"@id\":\"https:\/\/now-news.de\/de\/deutschland\/duma-vorsitzender-wolodin-zu-eu-wahlen-macron-und-scholz-sollten-zuruecktreten\/#primaryimage\"},\"thumbnailUrl\":\"https:\/\/now-news.de\/de\/wp-content\/uploads\/sites\/3\/2024\/06\/Duma-Vorsitzender-Wolodin-zu-EU-Wahlen-Macron-und-Scholz-sollten-zuruecktreten.jpg\",\"keywords\":[\"Dumavorsitzender\",\"EUWahlen\",\"macron\",\"Scholz\",\"sollten\",\"und\",\"Wolodin\",\"zur\u00fccktreten\"],\"articleSection\":[\"Deutschland\",\"Russland\"],\"inLanguage\":\"de\",\"potentialAction\":[{\"@type\":\"CommentAction\",\"name\":\"Comment\",\"target\":[\"https:\/\/now-news.de\/de\/deutschland\/duma-vorsitzender-wolodin-zu-eu-wahlen-macron-und-scholz-sollten-zuruecktreten\/#respond\"]}]},{\"@type\":\"WebPage\",\"@id\":\"https:\/\/now-news.de\/de\/deutschland\/duma-vorsitzender-wolodin-zu-eu-wahlen-macron-und-scholz-sollten-zuruecktreten\/\",\"url\":\"https:\/\/now-news.de\/de\/deutschland\/duma-vorsitzender-wolodin-zu-eu-wahlen-macron-und-scholz-sollten-zuruecktreten\/\",\"name\":\"Duma-Vorsitzender Wolodin zu EU-Wahlen: Macron und Scholz sollten zur\u00fccktreten - just-now.NEWS Deutschland\",\"isPartOf\":{\"@id\":\"https:\/\/now-news.de\/de\/#website\"},\"primaryImageOfPage\":{\"@id\":\"https:\/\/now-news.de\/de\/deutschland\/duma-vorsitzender-wolodin-zu-eu-wahlen-macron-und-scholz-sollten-zuruecktreten\/#primaryimage\"},\"image\":{\"@id\":\"https:\/\/now-news.de\/de\/deutschland\/duma-vorsitzender-wolodin-zu-eu-wahlen-macron-und-scholz-sollten-zuruecktreten\/#primaryimage\"},\"thumbnailUrl\":\"https:\/\/now-news.de\/de\/wp-content\/uploads\/sites\/3\/2024\/06\/Duma-Vorsitzender-Wolodin-zu-EU-Wahlen-Macron-und-Scholz-sollten-zuruecktreten.jpg\",\"datePublished\":\"2024-06-10T10:10:11+00:00\",\"dateModified\":\"2024-06-10T10:10:11+00:00\",\"breadcrumb\":{\"@id\":\"https:\/\/now-news.de\/de\/deutschland\/duma-vorsitzender-wolodin-zu-eu-wahlen-macron-und-scholz-sollten-zuruecktreten\/#breadcrumb\"},\"inLanguage\":\"de\",\"potentialAction\":[{\"@type\":\"ReadAction\",\"target\":[\"https:\/\/now-news.de\/de\/deutschland\/duma-vorsitzender-wolodin-zu-eu-wahlen-macron-und-scholz-sollten-zuruecktreten\/\"]}]},{\"@type\":\"ImageObject\",\"inLanguage\":\"de\",\"@id\":\"https:\/\/now-news.de\/de\/deutschland\/duma-vorsitzender-wolodin-zu-eu-wahlen-macron-und-scholz-sollten-zuruecktreten\/#primaryimage\",\"url\":\"https:\/\/now-news.de\/de\/wp-content\/uploads\/sites\/3\/2024\/06\/Duma-Vorsitzender-Wolodin-zu-EU-Wahlen-Macron-und-Scholz-sollten-zuruecktreten.jpg\",\"contentUrl\":\"https:\/\/now-news.de\/de\/wp-content\/uploads\/sites\/3\/2024\/06\/Duma-Vorsitzender-Wolodin-zu-EU-Wahlen-Macron-und-Scholz-sollten-zuruecktreten.jpg\",\"width\":460,\"height\":259,\"caption\":\"Duma-Vorsitzender Wolodin zu EU-Wahlen: Macron und Scholz sollten zur\u00fccktreten\"},{\"@type\":\"BreadcrumbList\",\"@id\":\"https:\/\/now-news.de\/de\/deutschland\/duma-vorsitzender-wolodin-zu-eu-wahlen-macron-und-scholz-sollten-zuruecktreten\/#breadcrumb\",\"itemListElement\":[{\"@type\":\"ListItem\",\"position\":1,\"name\":\"Home\",\"item\":\"https:\/\/now-news.de\/de\/\"},{\"@type\":\"ListItem\",\"position\":2,\"name\":\"Duma-Vorsitzender Wolodin zu EU-Wahlen: Macron und Scholz sollten zur\u00fccktreten\"}]},{\"@type\":\"WebSite\",\"@id\":\"https:\/\/now-news.de\/de\/#website\",\"url\":\"https:\/\/now-news.de\/de\/\",\"name\":\"just-now.NEWS Deutschland\",\"description\":\"Das Portal f\u00fcr unzensierte Nachrichten aus der Welt\",\"publisher\":{\"@id\":\"https:\/\/now-news.de\/de\/#organization\"},\"potentialAction\":[{\"@type\":\"SearchAction\",\"target\":{\"@type\":\"EntryPoint\",\"urlTemplate\":\"https:\/\/now-news.de\/de\/?s={search_term_string}\"},\"query-input\":\"required name=search_term_string\"}],\"inLanguage\":\"de\"},{\"@type\":\"Organization\",\"@id\":\"https:\/\/now-news.de\/de\/#organization\",\"name\":\"Just Now News\",\"url\":\"https:\/\/now-news.de\/de\/\",\"logo\":{\"@type\":\"ImageObject\",\"inLanguage\":\"de\",\"@id\":\"https:\/\/now-news.de\/de\/#\/schema\/logo\/image\/\",\"url\":\"http:\/\/just-now.news\/de\/wp-content\/uploads\/sites\/3\/2022\/04\/logo500x500.jpg\",\"contentUrl\":\"http:\/\/just-now.news\/de\/wp-content\/uploads\/sites\/3\/2022\/04\/logo500x500.jpg\",\"width\":500,\"height\":500,\"caption\":\"Just Now News\"},\"image\":{\"@id\":\"https:\/\/now-news.de\/de\/#\/schema\/logo\/image\/\"},\"sameAs\":[\"https:\/\/www.facebook.com\/wirmachenauf\",\"https:\/\/x.com\/WirMachenAuf_de\"]},{\"@type\":\"Person\",\"@id\":\"https:\/\/now-news.de\/de\/#\/schema\/person\/fb534a4e865501d8b3285208df34a9b5\",\"name\":\"rtnews\",\"image\":{\"@type\":\"ImageObject\",\"inLanguage\":\"de\",\"@id\":\"https:\/\/now-news.de\/de\/#\/schema\/person\/image\/\",\"url\":\"https:\/\/secure.gravatar.com\/avatar\/82aafea7d8127119dd649515f56e2117?s=96&d=mm&r=g\",\"contentUrl\":\"https:\/\/secure.gravatar.com\/avatar\/82aafea7d8127119dd649515f56e2117?s=96&d=mm&r=g\",\"caption\":\"rtnews\"},\"url\":\"https:\/\/now-news.de\/de\/author\/rnews\/\"}]}<\/script>\n<!-- \/ Yoast SEO Premium plugin. -->","yoast_head_json":{"title":"Duma-Vorsitzender Wolodin zu EU-Wahlen: Macron und Scholz sollten zur\u00fccktreten - just-now.NEWS Deutschland","robots":{"index":"index","follow":"follow","max-snippet":"max-snippet:-1","max-image-preview":"max-image-preview:large","max-video-preview":"max-video-preview:-1"},"canonical":"https:\/\/now-news.de\/de\/deutschland\/duma-vorsitzender-wolodin-zu-eu-wahlen-macron-und-scholz-sollten-zuruecktreten\/","og_locale":"de_DE","og_type":"article","og_title":"Duma-Vorsitzender Wolodin zu EU-Wahlen: Macron und Scholz sollten zur\u00fccktreten","og_description":"In einem Kommentar zu den Europawahlen meint der Dumasprecher Wjatscheslaw Wolodin, dass sich der franz\u00f6sische Pr\u00e4sident Emmanuel Macron und Bundeskanzler Olaf Scholz &#8220;mit letzter Kraft an die Macht klammern&#8221;, aber besser zur\u00fccktreten sollten. Wjatscheslaw Wolodin, der Vorsitzende der russischen Staatsduma, stellte am Montag fest, dass die Ergebnisse der EU-Wahlen zwar noch nicht ausgewertet seien, aber [&hellip;]","og_url":"https:\/\/now-news.de\/de\/deutschland\/duma-vorsitzender-wolodin-zu-eu-wahlen-macron-und-scholz-sollten-zuruecktreten\/","og_site_name":"just-now.NEWS Deutschland","article_publisher":"https:\/\/www.facebook.com\/wirmachenauf","article_published_time":"2024-06-10T10:10:11+00:00","og_image":[{"url":"https:\/\/now-news.de\/de\/wp-content\/uploads\/sites\/3\/2024\/06\/6666c25748fbef65475d6e45.jpg"}],"author":"rtnews","twitter_card":"summary_large_image","twitter_creator":"@WirMachenAuf_de","twitter_site":"@WirMachenAuf_de","twitter_misc":{"Verfasst von":"rtnews","Gesch\u00e4tzte Lesezeit":"2\u00a0Minuten"},"schema":{"@context":"https:\/\/schema.org","@graph":[{"@type":"Article","@id":"https:\/\/now-news.de\/de\/deutschland\/duma-vorsitzender-wolodin-zu-eu-wahlen-macron-und-scholz-sollten-zuruecktreten\/#article","isPartOf":{"@id":"https:\/\/now-news.de\/de\/deutschland\/duma-vorsitzender-wolodin-zu-eu-wahlen-macron-und-scholz-sollten-zuruecktreten\/"},"author":{"name":"rtnews","@id":"https:\/\/now-news.de\/de\/#\/schema\/person\/fb534a4e865501d8b3285208df34a9b5"},"headline":"Duma-Vorsitzender Wolodin zu EU-Wahlen: Macron und Scholz sollten zur\u00fccktreten","datePublished":"2024-06-10T10:10:11+00:00","dateModified":"2024-06-10T10:10:11+00:00","mainEntityOfPage":{"@id":"https:\/\/now-news.de\/de\/deutschland\/duma-vorsitzender-wolodin-zu-eu-wahlen-macron-und-scholz-sollten-zuruecktreten\/"},"wordCount":387,"commentCount":0,"publisher":{"@id":"https:\/\/now-news.de\/de\/#organization"},"image":{"@id":"https:\/\/now-news.de\/de\/deutschland\/duma-vorsitzender-wolodin-zu-eu-wahlen-macron-und-scholz-sollten-zuruecktreten\/#primaryimage"},"thumbnailUrl":"https:\/\/now-news.de\/de\/wp-content\/uploads\/sites\/3\/2024\/06\/Duma-Vorsitzender-Wolodin-zu-EU-Wahlen-Macron-und-Scholz-sollten-zuruecktreten.jpg","keywords":["Dumavorsitzender","EUWahlen","macron","Scholz","sollten","und","Wolodin","zur\u00fccktreten"],"articleSection":["Deutschland","Russland"],"inLanguage":"de","potentialAction":[{"@type":"CommentAction","name":"Comment","target":["https:\/\/now-news.de\/de\/deutschland\/duma-vorsitzender-wolodin-zu-eu-wahlen-macron-und-scholz-sollten-zuruecktreten\/#respond"]}]},{"@type":"WebPage","@id":"https:\/\/now-news.de\/de\/deutschland\/duma-vorsitzender-wolodin-zu-eu-wahlen-macron-und-scholz-sollten-zuruecktreten\/","url":"https:\/\/now-news.de\/de\/deutschland\/duma-vorsitzender-wolodin-zu-eu-wahlen-macron-und-scholz-sollten-zuruecktreten\/","name":"Duma-Vorsitzender Wolodin zu EU-Wahlen: Macron und Scholz sollten zur\u00fccktreten - just-now.NEWS Deutschland","isPartOf":{"@id":"https:\/\/now-news.de\/de\/#website"},"primaryImageOfPage":{"@id":"https:\/\/now-news.de\/de\/deutschland\/duma-vorsitzender-wolodin-zu-eu-wahlen-macron-und-scholz-sollten-zuruecktreten\/#primaryimage"},"image":{"@id":"https:\/\/now-news.de\/de\/deutschland\/duma-vorsitzender-wolodin-zu-eu-wahlen-macron-und-scholz-sollten-zuruecktreten\/#primaryimage"},"thumbnailUrl":"https:\/\/now-news.de\/de\/wp-content\/uploads\/sites\/3\/2024\/06\/Duma-Vorsitzender-Wolodin-zu-EU-Wahlen-Macron-und-Scholz-sollten-zuruecktreten.jpg","datePublished":"2024-06-10T10:10:11+00:00","dateModified":"2024-06-10T10:10:11+00:00","breadcrumb":{"@id":"https:\/\/now-news.de\/de\/deutschland\/duma-vorsitzender-wolodin-zu-eu-wahlen-macron-und-scholz-sollten-zuruecktreten\/#breadcrumb"},"inLanguage":"de","potentialAction":[{"@type":"ReadAction","target":["https:\/\/now-news.de\/de\/deutschland\/duma-vorsitzender-wolodin-zu-eu-wahlen-macron-und-scholz-sollten-zuruecktreten\/"]}]},{"@type":"ImageObject","inLanguage":"de","@id":"https:\/\/now-news.de\/de\/deutschland\/duma-vorsitzender-wolodin-zu-eu-wahlen-macron-und-scholz-sollten-zuruecktreten\/#primaryimage","url":"https:\/\/now-news.de\/de\/wp-content\/uploads\/sites\/3\/2024\/06\/Duma-Vorsitzender-Wolodin-zu-EU-Wahlen-Macron-und-Scholz-sollten-zuruecktreten.jpg","contentUrl":"https:\/\/now-news.de\/de\/wp-content\/uploads\/sites\/3\/2024\/06\/Duma-Vorsitzender-Wolodin-zu-EU-Wahlen-Macron-und-Scholz-sollten-zuruecktreten.jpg","width":460,"height":259,"caption":"Duma-Vorsitzender Wolodin zu EU-Wahlen: Macron und Scholz sollten zur\u00fccktreten"},{"@type":"BreadcrumbList","@id":"https:\/\/now-news.de\/de\/deutschland\/duma-vorsitzender-wolodin-zu-eu-wahlen-macron-und-scholz-sollten-zuruecktreten\/#breadcrumb","itemListElement":[{"@type":"ListItem","position":1,"name":"Home","item":"https:\/\/now-news.de\/de\/"},{"@type":"ListItem","position":2,"name":"Duma-Vorsitzender Wolodin zu EU-Wahlen: Macron und Scholz sollten zur\u00fccktreten"}]},{"@type":"WebSite","@id":"https:\/\/now-news.de\/de\/#website","url":"https:\/\/now-news.de\/de\/","name":"just-now.NEWS Deutschland","description":"Das Portal f\u00fcr unzensierte Nachrichten aus der Welt","publisher":{"@id":"https:\/\/now-news.de\/de\/#organization"},"potentialAction":[{"@type":"SearchAction","target":{"@type":"EntryPoint","urlTemplate":"https:\/\/now-news.de\/de\/?s={search_term_string}"},"query-input":"required name=search_term_string"}],"inLanguage":"de"},{"@type":"Organization","@id":"https:\/\/now-news.de\/de\/#organization","name":"Just Now News","url":"https:\/\/now-news.de\/de\/","logo":{"@type":"ImageObject","inLanguage":"de","@id":"https:\/\/now-news.de\/de\/#\/schema\/logo\/image\/","url":"http:\/\/just-now.news\/de\/wp-content\/uploads\/sites\/3\/2022\/04\/logo500x500.jpg","contentUrl":"http:\/\/just-now.news\/de\/wp-content\/uploads\/sites\/3\/2022\/04\/logo500x500.jpg","width":500,"height":500,"caption":"Just Now News"},"image":{"@id":"https:\/\/now-news.de\/de\/#\/schema\/logo\/image\/"},"sameAs":["https:\/\/www.facebook.com\/wirmachenauf","https:\/\/x.com\/WirMachenAuf_de"]},{"@type":"Person","@id":"https:\/\/now-news.de\/de\/#\/schema\/person\/fb534a4e865501d8b3285208df34a9b5","name":"rtnews","image":{"@type":"ImageObject","inLanguage":"de","@id":"https:\/\/now-news.de\/de\/#\/schema\/person\/image\/","url":"https:\/\/secure.gravatar.com\/avatar\/82aafea7d8127119dd649515f56e2117?s=96&d=mm&r=g","contentUrl":"https:\/\/secure.gravatar.com\/avatar\/82aafea7d8127119dd649515f56e2117?s=96&d=mm&r=g","caption":"rtnews"},"url":"https:\/\/now-news.de\/de\/author\/rnews\/"}]}},"_links":{"self":[{"href":"https:\/\/now-news.de\/de\/wp-json\/wp\/v2\/posts\/59833"}],"collection":[{"href":"https:\/\/now-news.de\/de\/wp-json\/wp\/v2\/posts"}],"about":[{"href":"https:\/\/now-news.de\/de\/wp-json\/wp\/v2\/types\/post"}],"author":[{"embeddable":true,"href":"https:\/\/now-news.de\/de\/wp-json\/wp\/v2\/users\/3"}],"replies":[{"embeddable":true,"href":"https:\/\/now-news.de\/de\/wp-json\/wp\/v2\/comments?post=59833"}],"version-history":[{"count":0,"href":"https:\/\/now-news.de\/de\/wp-json\/wp\/v2\/posts\/59833\/revisions"}],"wp:featuredmedia":[{"embeddable":true,"href":"https:\/\/now-news.de\/de\/wp-json\/wp\/v2\/media\/59834"}],"wp:attachment":[{"href":"https:\/\/now-news.de\/de\/wp-json\/wp\/v2\/media?parent=59833"}],"wp:term":[{"taxonomy":"category","embeddable":true,"href":"https:\/\/now-news.de\/de\/wp-json\/wp\/v2\/categories?post=59833"},{"taxonomy":"post_tag","embeddable":true,"href":"https:\/\/now-news.de\/de\/wp-json\/wp\/v2\/tags?post=59833"}],"curies":[{"name":"wp","href":"https:\/\/api.w.org\/{rel}","templated":true}]}}