{"id":59828,"date":"2024-06-10T11:12:53","date_gmt":"2024-06-10T09:12:53","guid":{"rendered":"https:\/\/now-news.de\/de\/deutschland\/nach-wahlniederlage-der-macron-partei-marine-le-pen-will-an-die-macht\/"},"modified":"2024-06-10T11:12:53","modified_gmt":"2024-06-10T09:12:53","slug":"nach-wahlniederlage-der-macron-partei-marine-le-pen-will-an-die-macht","status":"publish","type":"post","link":"https:\/\/now-news.de\/de\/deutschland\/nach-wahlniederlage-der-macron-partei-marine-le-pen-will-an-die-macht\/","title":{"rendered":"Nach Wahlniederlage der Macron-Partei: Marine Le Pen will an die Macht"},"content":{"rendered":"<p><img decoding=\"async\" src=\"https:\/\/now-news.de\/de\/wp-content\/uploads\/sites\/3\/2024\/06\/6666bcffb480cc747e7dde0f.jpg\" \/><\/p>\n<div class=\"Text-root Text-type_1 \">\n                Nach der schweren Niederlage seiner Renaissance-Partei bei der EU-Parlamentswahl hat Emmanuel Macron in Frankreich eine vorgezogene Neuwahl angesetzt. Die franz\u00f6sische Rechts-Politikerin Marine Le Pen hat sich bereit erkl\u00e4rt, das Land zu f\u00fchren.\n            <\/div>\n<p><\/p>\n<div class=\"Text-root Text-type_5 ArticleView-text ViewText-root \">\n<p>Marine Le Pen, die weithin als Spitzenkandidatin f\u00fcr die franz\u00f6sischen Pr\u00e4sidentschaftswahlen 2027 gilt, erkl\u00e4rte, sie k\u00f6nne Macrons Beschluss \u00fcber die Aufl\u00f6sung des Parlaments, &#8220;nur begr\u00fc\u00dfen&#8221;. Ihre Partei Rassemblement Nationale (RN\/Nationalversammlung), die derzeit von Jordan Bardella gef\u00fchrt wird, hatte bei den EU-Wahlen rund ein Drittel der Stimmen gewonnen und 30 Sitze im Europ\u00e4ischen Parlament erhalten. Macrons Renaissance-B\u00fcndnis landete mit rund 15 Prozent der Stimmen auf dem letzten Platz. Kurz nach Macrons Ank\u00fcndigung, eine Parlamentswahl abzuhalten, sagte Le Pen am Sonntag auf einer Kundgebung:<\/p>\n<blockquote>\n<p><em>&#8220;Wir sind bereit, die Macht auszu\u00fcben, wenn das franz\u00f6sische Volk uns bei diesen k\u00fcnftigen Parlamentswahlen sein Vertrauen schenkt&#8221;,<\/em><\/p>\n<\/blockquote>\n<p>Dabei konkretisierte sie auch ihre politischen Pl\u00e4ne: &#8220;Wir sind bereit, das Land umzukrempeln, wir sind bereit, die Interessen der Franzosen zu verteidigen, wir sind bereit, der Masseneinwanderung ein Ende zu setzen, wir sind bereit, die Kaufkraft der Franzosen in den Vordergrund zu stellen.&#8221;<\/p>\n<p>Der RN-Vorsitzende, Jordan Bardella, hat sich f\u00fcr eine Einwanderungsbegrenzung, f\u00fcr nationale Grenzkontrollen und f\u00fcr eine Lockerung der EU-Klimaregeln eingesetzt. Er schloss sich den \u00c4u\u00dferungen Le Pens an und sagte: &#8220;Frankreich hat sein Urteil gef\u00e4llt, und es gibt keine Berufung&#8221;. Das Ergebnis der Abstimmung zeige die &#8220;Entschlossenheit unseres Landes, die Richtung der Europ\u00e4ischen Union zu \u00e4ndern&#8221;, da das franz\u00f6sische Volk &#8220;den Wunsch nach Ver\u00e4nderung&#8221; zum Ausdruck bringe. &#8220;Emmanuel Macron ist heute Abend ein geschw\u00e4chter Pr\u00e4sident&#8221;, erkl\u00e4rte Bardella. Macrons B\u00fcro rechtfertigte die Aufl\u00f6sung des Parlaments mit dem &#8220;historischen Ergebnis der Rechtsextremen&#8221; und der aktuellen &#8220;parlamentarischen Unordnung&#8221;.<\/p>\n<p>Nach vier Wahltagen endete am Sonntag die EU-Parlamentswahl. Die Wahlergebnisse deuten auf eine Verlagerung der Unterst\u00fctzung f\u00fcr rechte und konservative Parteien hin. Macron, ein vehementer Verfechter der Unterst\u00fctzung und Bewaffnung der Ukraine im Konflikt mit Russland, wurde von Le Pen beschuldigt, &#8220;mit dem Krieg Politik zu machen&#8221; und die Kampfhandlungen f\u00fcr seine Wahlagenda zu &#8220;missbrauchen&#8221;.<\/p>\n<p>Sie kritisierte Macrons Beschluss, wonach die Ukraine mit vom Westen gelieferten Waffen tiefer in russisches Territorium eindringen d\u00fcrfe. Nach ihrer Ansicht w\u00fcrde dies eine &#8220;unglaubliche Gefahr&#8221; f\u00fcr Frankreich darstellen. Die dreifache fr\u00fchere Pr\u00e4sidentschaftskandidatin Le Pen hat sich auch konsequent gegen eine Aufnahme der Ukraine in die NATO und die EU und gegen Wirtschaftssanktionen gegen Russland ausgesprochen.<\/p>\n<p><strong>Mehr zum Thema<\/strong> &#8211; <a rel=\"nofollow noopener\" target=\"_blank\" href=\"https:\/\/dert.online\/europa\/208664-europawahl-2024-le-pens-partei\/\">Europawahl 2024: Le Pens Partei gewinnt in Frankreich deutlich<\/a><\/p>\n<\/p>\n<\/div>\n<p><br \/>\n<br \/><a href=\"https:\/\/de.rt.com\/europa\/208697-nach-wahlniederlage-von-macron-marine\/\">Source link <\/a><\/p>\n","protected":false},"excerpt":{"rendered":"<p>Nach der schweren Niederlage seiner Renaissance-Partei bei der EU-Parlamentswahl hat Emmanuel Macron in Frankreich eine vorgezogene Neuwahl angesetzt. Die franz\u00f6sische Rechts-Politikerin Marine Le Pen hat sich bereit erkl\u00e4rt, das Land zu f\u00fchren. Marine Le Pen, die weithin als Spitzenkandidatin f\u00fcr die franz\u00f6sischen Pr\u00e4sidentschaftswahlen 2027 gilt, erkl\u00e4rte, sie k\u00f6nne Macrons Beschluss \u00fcber die Aufl\u00f6sung des Parlaments, [&hellip;]<\/p>\n","protected":false},"author":3,"featured_media":59829,"comment_status":"open","ping_status":"open","sticky":false,"template":"","format":"standard","meta":{"_yoast_indexnow_last_ping":["1718011266"],"wp_automatic_camp":["217"],"cde0d2947f35a490071e53efecbc5f93":["Nach Wahlniederlage der Macron-Partei: Marine Le Pen will an die Macht"],"original_link":["https:\/\/de.rt.com\/europa\/208697-nach-wahlniederlage-von-macron-marine\/"],"_thumbnail_id":["59829"],"jnews_social_counter_last_update":["1777282015"],"_wptgpro_p2tg_sent2tg":["a:1:{i:23737;s:19:\"2024-06-10 11:22:05\";}"]},"categories":[19,23],"tags":[82,45,4847,55629,4290,979,3318,35168],"yoast_head":"<!-- This site is optimized with the Yoast SEO Premium plugin v22.7 (Yoast SEO v22.7) - https:\/\/yoast.com\/wordpress\/plugins\/seo\/ -->\n<title>Nach Wahlniederlage der Macron-Partei: Marine Le Pen will an die Macht - just-now.NEWS Deutschland<\/title>\n<meta name=\"robots\" content=\"index, follow, max-snippet:-1, max-image-preview:large, max-video-preview:-1\" \/>\n<link rel=\"canonical\" href=\"https:\/\/now-news.de\/de\/deutschland\/nach-wahlniederlage-der-macron-partei-marine-le-pen-will-an-die-macht\/\" \/>\n<meta property=\"og:locale\" content=\"de_DE\" \/>\n<meta property=\"og:type\" content=\"article\" \/>\n<meta property=\"og:title\" content=\"Nach Wahlniederlage der Macron-Partei: Marine Le Pen will an die Macht\" \/>\n<meta property=\"og:description\" content=\"Nach der schweren Niederlage seiner Renaissance-Partei bei der EU-Parlamentswahl hat Emmanuel Macron in Frankreich eine vorgezogene Neuwahl angesetzt. Die franz\u00f6sische Rechts-Politikerin Marine Le Pen hat sich bereit erkl\u00e4rt, das Land zu f\u00fchren. Marine Le Pen, die weithin als Spitzenkandidatin f\u00fcr die franz\u00f6sischen Pr\u00e4sidentschaftswahlen 2027 gilt, erkl\u00e4rte, sie k\u00f6nne Macrons Beschluss \u00fcber die Aufl\u00f6sung des Parlaments, [&hellip;]\" \/>\n<meta property=\"og:url\" content=\"https:\/\/now-news.de\/de\/deutschland\/nach-wahlniederlage-der-macron-partei-marine-le-pen-will-an-die-macht\/\" \/>\n<meta property=\"og:site_name\" content=\"just-now.NEWS Deutschland\" \/>\n<meta property=\"article:publisher\" content=\"https:\/\/www.facebook.com\/wirmachenauf\" \/>\n<meta property=\"article:published_time\" content=\"2024-06-10T09:12:53+00:00\" \/>\n<meta property=\"og:image\" content=\"https:\/\/now-news.de\/de\/wp-content\/uploads\/sites\/3\/2024\/06\/6666bcffb480cc747e7dde0f.jpg\" \/>\n<meta name=\"author\" content=\"rtnews\" \/>\n<meta name=\"twitter:card\" content=\"summary_large_image\" \/>\n<meta name=\"twitter:creator\" content=\"@WirMachenAuf_de\" \/>\n<meta name=\"twitter:site\" content=\"@WirMachenAuf_de\" \/>\n<meta name=\"twitter:label1\" content=\"Verfasst von\" \/>\n\t<meta name=\"twitter:data1\" content=\"rtnews\" \/>\n\t<meta name=\"twitter:label2\" content=\"Gesch\u00e4tzte Lesezeit\" \/>\n\t<meta name=\"twitter:data2\" content=\"2\u00a0Minuten\" \/>\n<script type=\"application\/ld+json\" class=\"yoast-schema-graph\">{\"@context\":\"https:\/\/schema.org\",\"@graph\":[{\"@type\":\"Article\",\"@id\":\"https:\/\/now-news.de\/de\/deutschland\/nach-wahlniederlage-der-macron-partei-marine-le-pen-will-an-die-macht\/#article\",\"isPartOf\":{\"@id\":\"https:\/\/now-news.de\/de\/deutschland\/nach-wahlniederlage-der-macron-partei-marine-le-pen-will-an-die-macht\/\"},\"author\":{\"name\":\"rtnews\",\"@id\":\"https:\/\/now-news.de\/de\/#\/schema\/person\/fb534a4e865501d8b3285208df34a9b5\"},\"headline\":\"Nach Wahlniederlage der Macron-Partei: Marine Le Pen will an die Macht\",\"datePublished\":\"2024-06-10T09:12:53+00:00\",\"dateModified\":\"2024-06-10T09:12:53+00:00\",\"mainEntityOfPage\":{\"@id\":\"https:\/\/now-news.de\/de\/deutschland\/nach-wahlniederlage-der-macron-partei-marine-le-pen-will-an-die-macht\/\"},\"wordCount\":444,\"commentCount\":0,\"publisher\":{\"@id\":\"https:\/\/now-news.de\/de\/#organization\"},\"image\":{\"@id\":\"https:\/\/now-news.de\/de\/deutschland\/nach-wahlniederlage-der-macron-partei-marine-le-pen-will-an-die-macht\/#primaryimage\"},\"thumbnailUrl\":\"https:\/\/now-news.de\/de\/wp-content\/uploads\/sites\/3\/2024\/06\/Nach-Wahlniederlage-der-Macron-Partei-Marine-Le-Pen-will-an-die.jpg\",\"keywords\":[\"der\",\"die\",\"Macht\",\"MacronPartei\",\"Marine\",\"nach\",\"Pen\",\"Wahlniederlage\"],\"articleSection\":[\"Deutschland\",\"Russland\"],\"inLanguage\":\"de\",\"potentialAction\":[{\"@type\":\"CommentAction\",\"name\":\"Comment\",\"target\":[\"https:\/\/now-news.de\/de\/deutschland\/nach-wahlniederlage-der-macron-partei-marine-le-pen-will-an-die-macht\/#respond\"]}]},{\"@type\":\"WebPage\",\"@id\":\"https:\/\/now-news.de\/de\/deutschland\/nach-wahlniederlage-der-macron-partei-marine-le-pen-will-an-die-macht\/\",\"url\":\"https:\/\/now-news.de\/de\/deutschland\/nach-wahlniederlage-der-macron-partei-marine-le-pen-will-an-die-macht\/\",\"name\":\"Nach Wahlniederlage der Macron-Partei: Marine Le Pen will an die Macht - just-now.NEWS Deutschland\",\"isPartOf\":{\"@id\":\"https:\/\/now-news.de\/de\/#website\"},\"primaryImageOfPage\":{\"@id\":\"https:\/\/now-news.de\/de\/deutschland\/nach-wahlniederlage-der-macron-partei-marine-le-pen-will-an-die-macht\/#primaryimage\"},\"image\":{\"@id\":\"https:\/\/now-news.de\/de\/deutschland\/nach-wahlniederlage-der-macron-partei-marine-le-pen-will-an-die-macht\/#primaryimage\"},\"thumbnailUrl\":\"https:\/\/now-news.de\/de\/wp-content\/uploads\/sites\/3\/2024\/06\/Nach-Wahlniederlage-der-Macron-Partei-Marine-Le-Pen-will-an-die.jpg\",\"datePublished\":\"2024-06-10T09:12:53+00:00\",\"dateModified\":\"2024-06-10T09:12:53+00:00\",\"breadcrumb\":{\"@id\":\"https:\/\/now-news.de\/de\/deutschland\/nach-wahlniederlage-der-macron-partei-marine-le-pen-will-an-die-macht\/#breadcrumb\"},\"inLanguage\":\"de\",\"potentialAction\":[{\"@type\":\"ReadAction\",\"target\":[\"https:\/\/now-news.de\/de\/deutschland\/nach-wahlniederlage-der-macron-partei-marine-le-pen-will-an-die-macht\/\"]}]},{\"@type\":\"ImageObject\",\"inLanguage\":\"de\",\"@id\":\"https:\/\/now-news.de\/de\/deutschland\/nach-wahlniederlage-der-macron-partei-marine-le-pen-will-an-die-macht\/#primaryimage\",\"url\":\"https:\/\/now-news.de\/de\/wp-content\/uploads\/sites\/3\/2024\/06\/Nach-Wahlniederlage-der-Macron-Partei-Marine-Le-Pen-will-an-die.jpg\",\"contentUrl\":\"https:\/\/now-news.de\/de\/wp-content\/uploads\/sites\/3\/2024\/06\/Nach-Wahlniederlage-der-Macron-Partei-Marine-Le-Pen-will-an-die.jpg\",\"width\":460,\"height\":259,\"caption\":\"Nach Wahlniederlage der Macron-Partei: Marine Le Pen will an die Macht\"},{\"@type\":\"BreadcrumbList\",\"@id\":\"https:\/\/now-news.de\/de\/deutschland\/nach-wahlniederlage-der-macron-partei-marine-le-pen-will-an-die-macht\/#breadcrumb\",\"itemListElement\":[{\"@type\":\"ListItem\",\"position\":1,\"name\":\"Home\",\"item\":\"https:\/\/now-news.de\/de\/\"},{\"@type\":\"ListItem\",\"position\":2,\"name\":\"Nach Wahlniederlage der Macron-Partei: Marine Le Pen will an die Macht\"}]},{\"@type\":\"WebSite\",\"@id\":\"https:\/\/now-news.de\/de\/#website\",\"url\":\"https:\/\/now-news.de\/de\/\",\"name\":\"just-now.NEWS Deutschland\",\"description\":\"Das Portal f\u00fcr unzensierte Nachrichten aus der Welt\",\"publisher\":{\"@id\":\"https:\/\/now-news.de\/de\/#organization\"},\"potentialAction\":[{\"@type\":\"SearchAction\",\"target\":{\"@type\":\"EntryPoint\",\"urlTemplate\":\"https:\/\/now-news.de\/de\/?s={search_term_string}\"},\"query-input\":\"required name=search_term_string\"}],\"inLanguage\":\"de\"},{\"@type\":\"Organization\",\"@id\":\"https:\/\/now-news.de\/de\/#organization\",\"name\":\"Just Now News\",\"url\":\"https:\/\/now-news.de\/de\/\",\"logo\":{\"@type\":\"ImageObject\",\"inLanguage\":\"de\",\"@id\":\"https:\/\/now-news.de\/de\/#\/schema\/logo\/image\/\",\"url\":\"http:\/\/just-now.news\/de\/wp-content\/uploads\/sites\/3\/2022\/04\/logo500x500.jpg\",\"contentUrl\":\"http:\/\/just-now.news\/de\/wp-content\/uploads\/sites\/3\/2022\/04\/logo500x500.jpg\",\"width\":500,\"height\":500,\"caption\":\"Just Now News\"},\"image\":{\"@id\":\"https:\/\/now-news.de\/de\/#\/schema\/logo\/image\/\"},\"sameAs\":[\"https:\/\/www.facebook.com\/wirmachenauf\",\"https:\/\/x.com\/WirMachenAuf_de\"]},{\"@type\":\"Person\",\"@id\":\"https:\/\/now-news.de\/de\/#\/schema\/person\/fb534a4e865501d8b3285208df34a9b5\",\"name\":\"rtnews\",\"image\":{\"@type\":\"ImageObject\",\"inLanguage\":\"de\",\"@id\":\"https:\/\/now-news.de\/de\/#\/schema\/person\/image\/\",\"url\":\"https:\/\/secure.gravatar.com\/avatar\/82aafea7d8127119dd649515f56e2117?s=96&d=mm&r=g\",\"contentUrl\":\"https:\/\/secure.gravatar.com\/avatar\/82aafea7d8127119dd649515f56e2117?s=96&d=mm&r=g\",\"caption\":\"rtnews\"},\"url\":\"https:\/\/now-news.de\/de\/author\/rnews\/\"}]}<\/script>\n<!-- \/ Yoast SEO Premium plugin. -->","yoast_head_json":{"title":"Nach Wahlniederlage der Macron-Partei: Marine Le Pen will an die Macht - just-now.NEWS Deutschland","robots":{"index":"index","follow":"follow","max-snippet":"max-snippet:-1","max-image-preview":"max-image-preview:large","max-video-preview":"max-video-preview:-1"},"canonical":"https:\/\/now-news.de\/de\/deutschland\/nach-wahlniederlage-der-macron-partei-marine-le-pen-will-an-die-macht\/","og_locale":"de_DE","og_type":"article","og_title":"Nach Wahlniederlage der Macron-Partei: Marine Le Pen will an die Macht","og_description":"Nach der schweren Niederlage seiner Renaissance-Partei bei der EU-Parlamentswahl hat Emmanuel Macron in Frankreich eine vorgezogene Neuwahl angesetzt. Die franz\u00f6sische Rechts-Politikerin Marine Le Pen hat sich bereit erkl\u00e4rt, das Land zu f\u00fchren. Marine Le Pen, die weithin als Spitzenkandidatin f\u00fcr die franz\u00f6sischen Pr\u00e4sidentschaftswahlen 2027 gilt, erkl\u00e4rte, sie k\u00f6nne Macrons Beschluss \u00fcber die Aufl\u00f6sung des Parlaments, [&hellip;]","og_url":"https:\/\/now-news.de\/de\/deutschland\/nach-wahlniederlage-der-macron-partei-marine-le-pen-will-an-die-macht\/","og_site_name":"just-now.NEWS Deutschland","article_publisher":"https:\/\/www.facebook.com\/wirmachenauf","article_published_time":"2024-06-10T09:12:53+00:00","og_image":[{"url":"https:\/\/now-news.de\/de\/wp-content\/uploads\/sites\/3\/2024\/06\/6666bcffb480cc747e7dde0f.jpg"}],"author":"rtnews","twitter_card":"summary_large_image","twitter_creator":"@WirMachenAuf_de","twitter_site":"@WirMachenAuf_de","twitter_misc":{"Verfasst von":"rtnews","Gesch\u00e4tzte Lesezeit":"2\u00a0Minuten"},"schema":{"@context":"https:\/\/schema.org","@graph":[{"@type":"Article","@id":"https:\/\/now-news.de\/de\/deutschland\/nach-wahlniederlage-der-macron-partei-marine-le-pen-will-an-die-macht\/#article","isPartOf":{"@id":"https:\/\/now-news.de\/de\/deutschland\/nach-wahlniederlage-der-macron-partei-marine-le-pen-will-an-die-macht\/"},"author":{"name":"rtnews","@id":"https:\/\/now-news.de\/de\/#\/schema\/person\/fb534a4e865501d8b3285208df34a9b5"},"headline":"Nach Wahlniederlage der Macron-Partei: Marine Le Pen will an die Macht","datePublished":"2024-06-10T09:12:53+00:00","dateModified":"2024-06-10T09:12:53+00:00","mainEntityOfPage":{"@id":"https:\/\/now-news.de\/de\/deutschland\/nach-wahlniederlage-der-macron-partei-marine-le-pen-will-an-die-macht\/"},"wordCount":444,"commentCount":0,"publisher":{"@id":"https:\/\/now-news.de\/de\/#organization"},"image":{"@id":"https:\/\/now-news.de\/de\/deutschland\/nach-wahlniederlage-der-macron-partei-marine-le-pen-will-an-die-macht\/#primaryimage"},"thumbnailUrl":"https:\/\/now-news.de\/de\/wp-content\/uploads\/sites\/3\/2024\/06\/Nach-Wahlniederlage-der-Macron-Partei-Marine-Le-Pen-will-an-die.jpg","keywords":["der","die","Macht","MacronPartei","Marine","nach","Pen","Wahlniederlage"],"articleSection":["Deutschland","Russland"],"inLanguage":"de","potentialAction":[{"@type":"CommentAction","name":"Comment","target":["https:\/\/now-news.de\/de\/deutschland\/nach-wahlniederlage-der-macron-partei-marine-le-pen-will-an-die-macht\/#respond"]}]},{"@type":"WebPage","@id":"https:\/\/now-news.de\/de\/deutschland\/nach-wahlniederlage-der-macron-partei-marine-le-pen-will-an-die-macht\/","url":"https:\/\/now-news.de\/de\/deutschland\/nach-wahlniederlage-der-macron-partei-marine-le-pen-will-an-die-macht\/","name":"Nach Wahlniederlage der Macron-Partei: Marine Le Pen will an die Macht - just-now.NEWS Deutschland","isPartOf":{"@id":"https:\/\/now-news.de\/de\/#website"},"primaryImageOfPage":{"@id":"https:\/\/now-news.de\/de\/deutschland\/nach-wahlniederlage-der-macron-partei-marine-le-pen-will-an-die-macht\/#primaryimage"},"image":{"@id":"https:\/\/now-news.de\/de\/deutschland\/nach-wahlniederlage-der-macron-partei-marine-le-pen-will-an-die-macht\/#primaryimage"},"thumbnailUrl":"https:\/\/now-news.de\/de\/wp-content\/uploads\/sites\/3\/2024\/06\/Nach-Wahlniederlage-der-Macron-Partei-Marine-Le-Pen-will-an-die.jpg","datePublished":"2024-06-10T09:12:53+00:00","dateModified":"2024-06-10T09:12:53+00:00","breadcrumb":{"@id":"https:\/\/now-news.de\/de\/deutschland\/nach-wahlniederlage-der-macron-partei-marine-le-pen-will-an-die-macht\/#breadcrumb"},"inLanguage":"de","potentialAction":[{"@type":"ReadAction","target":["https:\/\/now-news.de\/de\/deutschland\/nach-wahlniederlage-der-macron-partei-marine-le-pen-will-an-die-macht\/"]}]},{"@type":"ImageObject","inLanguage":"de","@id":"https:\/\/now-news.de\/de\/deutschland\/nach-wahlniederlage-der-macron-partei-marine-le-pen-will-an-die-macht\/#primaryimage","url":"https:\/\/now-news.de\/de\/wp-content\/uploads\/sites\/3\/2024\/06\/Nach-Wahlniederlage-der-Macron-Partei-Marine-Le-Pen-will-an-die.jpg","contentUrl":"https:\/\/now-news.de\/de\/wp-content\/uploads\/sites\/3\/2024\/06\/Nach-Wahlniederlage-der-Macron-Partei-Marine-Le-Pen-will-an-die.jpg","width":460,"height":259,"caption":"Nach Wahlniederlage der Macron-Partei: Marine Le Pen will an die Macht"},{"@type":"BreadcrumbList","@id":"https:\/\/now-news.de\/de\/deutschland\/nach-wahlniederlage-der-macron-partei-marine-le-pen-will-an-die-macht\/#breadcrumb","itemListElement":[{"@type":"ListItem","position":1,"name":"Home","item":"https:\/\/now-news.de\/de\/"},{"@type":"ListItem","position":2,"name":"Nach Wahlniederlage der Macron-Partei: Marine Le Pen will an die Macht"}]},{"@type":"WebSite","@id":"https:\/\/now-news.de\/de\/#website","url":"https:\/\/now-news.de\/de\/","name":"just-now.NEWS Deutschland","description":"Das Portal f\u00fcr unzensierte Nachrichten aus der Welt","publisher":{"@id":"https:\/\/now-news.de\/de\/#organization"},"potentialAction":[{"@type":"SearchAction","target":{"@type":"EntryPoint","urlTemplate":"https:\/\/now-news.de\/de\/?s={search_term_string}"},"query-input":"required name=search_term_string"}],"inLanguage":"de"},{"@type":"Organization","@id":"https:\/\/now-news.de\/de\/#organization","name":"Just Now News","url":"https:\/\/now-news.de\/de\/","logo":{"@type":"ImageObject","inLanguage":"de","@id":"https:\/\/now-news.de\/de\/#\/schema\/logo\/image\/","url":"http:\/\/just-now.news\/de\/wp-content\/uploads\/sites\/3\/2022\/04\/logo500x500.jpg","contentUrl":"http:\/\/just-now.news\/de\/wp-content\/uploads\/sites\/3\/2022\/04\/logo500x500.jpg","width":500,"height":500,"caption":"Just Now News"},"image":{"@id":"https:\/\/now-news.de\/de\/#\/schema\/logo\/image\/"},"sameAs":["https:\/\/www.facebook.com\/wirmachenauf","https:\/\/x.com\/WirMachenAuf_de"]},{"@type":"Person","@id":"https:\/\/now-news.de\/de\/#\/schema\/person\/fb534a4e865501d8b3285208df34a9b5","name":"rtnews","image":{"@type":"ImageObject","inLanguage":"de","@id":"https:\/\/now-news.de\/de\/#\/schema\/person\/image\/","url":"https:\/\/secure.gravatar.com\/avatar\/82aafea7d8127119dd649515f56e2117?s=96&d=mm&r=g","contentUrl":"https:\/\/secure.gravatar.com\/avatar\/82aafea7d8127119dd649515f56e2117?s=96&d=mm&r=g","caption":"rtnews"},"url":"https:\/\/now-news.de\/de\/author\/rnews\/"}]}},"_links":{"self":[{"href":"https:\/\/now-news.de\/de\/wp-json\/wp\/v2\/posts\/59828"}],"collection":[{"href":"https:\/\/now-news.de\/de\/wp-json\/wp\/v2\/posts"}],"about":[{"href":"https:\/\/now-news.de\/de\/wp-json\/wp\/v2\/types\/post"}],"author":[{"embeddable":true,"href":"https:\/\/now-news.de\/de\/wp-json\/wp\/v2\/users\/3"}],"replies":[{"embeddable":true,"href":"https:\/\/now-news.de\/de\/wp-json\/wp\/v2\/comments?post=59828"}],"version-history":[{"count":0,"href":"https:\/\/now-news.de\/de\/wp-json\/wp\/v2\/posts\/59828\/revisions"}],"wp:featuredmedia":[{"embeddable":true,"href":"https:\/\/now-news.de\/de\/wp-json\/wp\/v2\/media\/59829"}],"wp:attachment":[{"href":"https:\/\/now-news.de\/de\/wp-json\/wp\/v2\/media?parent=59828"}],"wp:term":[{"taxonomy":"category","embeddable":true,"href":"https:\/\/now-news.de\/de\/wp-json\/wp\/v2\/categories?post=59828"},{"taxonomy":"post_tag","embeddable":true,"href":"https:\/\/now-news.de\/de\/wp-json\/wp\/v2\/tags?post=59828"}],"curies":[{"name":"wp","href":"https:\/\/api.w.org\/{rel}","templated":true}]}}