{"id":59822,"date":"2024-06-10T09:39:15","date_gmt":"2024-06-10T07:39:15","guid":{"rendered":"https:\/\/now-news.de\/de\/deutschland\/nato-soldaten-in-die-ukraine-berlin-lehnt-frankreichs-plaene-ab\/"},"modified":"2024-06-10T09:39:15","modified_gmt":"2024-06-10T07:39:15","slug":"nato-soldaten-in-die-ukraine-berlin-lehnt-frankreichs-plaene-ab","status":"publish","type":"post","link":"https:\/\/now-news.de\/de\/deutschland\/nato-soldaten-in-die-ukraine-berlin-lehnt-frankreichs-plaene-ab\/","title":{"rendered":"NATO-Soldaten in die Ukraine? Berlin lehnt Frankreichs Pl\u00e4ne ab"},"content":{"rendered":"<p><img decoding=\"async\" src=\"https:\/\/now-news.de\/de\/wp-content\/uploads\/sites\/3\/2024\/06\/6666a883b480cc67ef338fa2.jpg\" \/><\/p>\n<div class=\"Text-root Text-type_1 \">\n                Laut einem Bericht der &#8220;Welt am Sonntag&#8221; wird Deutschland den franz\u00f6sischen Vorschlag, Truppen in die Ukraine zu schicken, nicht unterst\u00fctzen. Die deutsche Regierung sei ebenso wie die italienische und die spanische in Sorge, dass der Krieg bei einer Truppenentsendung eskalieren w\u00fcrde.\n            <\/div>\n<p><\/p>\n<div class=\"Text-root Text-type_5 ArticleView-text ViewText-root \">\n<p>Der franz\u00f6sische Pr\u00e4sident Emmanuel Macron versucht eine Allianz von L\u00e4ndern zu schmieden, die Spezialisten zur Ausbildung des ukrainischen Milit\u00e4rs vor Ort entsenden wollen. Dies bekr\u00e4ftigte Macron bei einer Pressekonferenz am Freitag. Nach seinen Aussagen seien bereits mehrere L\u00e4nder geneigt, sich solch einem B\u00fcndnis anzuschlie\u00dfen.<\/p>\n<p>Nach <a rel=\"nofollow noopener\" target=\"_blank\" href=\"https:\/\/www.welt.de\/politik\/ausland\/plus251929924\/Ausbildung-in-der-Ukraine-Macron-schmiedet-Koalition-der-Willigen-ohne-Deutschland.html\">Informationen<\/a> der <em>Welt am Sonntag<\/em> hat der Generalstabschef der franz\u00f6sischen Armee, General Thierry Burkhard, auf Anweisung des franz\u00f6sischen Pr\u00e4sidenten in der vergangenen Woche einige seiner NATO-Kollegen angeschrieben und sie zur Teilnahme an einer Ausbildungsmission in der Ukraine im Rahmen einer multinationalen &#8220;Koalition der Willigen&#8221; eingeladen. Der Brief soll an die USA und etwa zehn europ\u00e4ische L\u00e4nder gerichtet gewesen sein, darunter das Vereinigte K\u00f6nigreich, Polen, die Niederlande, die baltischen Staaten, D\u00e4nemark und Schweden.<\/p>\n<p>Deutschland sei jedoch nicht unter den Adressaten des Schreibens.\u00a0Berlin habe bereits bei den j\u00fcngsten Verhandlungen in Br\u00fcssel deutlich gemacht, dass sich deutsche Soldaten nicht an einem Einsatz auf ukrainischem Boden beteiligen w\u00fcrden, so die Zeitung. Demnach sei die deutsche Regierung ebenso wie Italien und Spanien besorgt, dass eine Ausbildung\u00a0von Kiewer Truppen vor Ort den Konflikt eskalieren und den Westen in einen Krieg mit Russland hineinziehen k\u00f6nnte.<\/p>\n<p>Macron schlug die Option eines Truppeneinsatzes in der Ukraine bereits im Februar vor und stie\u00df damit auf den Widerstand der meisten NATO-Verb\u00fcndeten. Der deutsche Bundeskanzler Olaf Scholz hat sich wiederholt gegen die Entsendung von Soldaten in die Ukraine ausgesprochen. Ihm zufolge\u00a0sei Berlin gegen jede Ma\u00dfnahme, die die NATO oder insbesondere Deutschland zu einer Partei im Ukraine-Konflikt machen k\u00f6nnte.<\/p>\n<p>Wie die <em>Welt<\/em> weiter berichtete, gebe es &#8220;aus milit\u00e4rischer Sicht durchaus gute Gr\u00fcnde, die ukrainischen Soldaten im eigenen Land auszubilden.&#8221; Das h\u00e4tten Diplomatenkreise aus der EU verlautbart. Insbesondere w\u00fcrden dann die ukrainischen Soldaten das Land nicht mehr verlassen m\u00fcssen:<\/p>\n<blockquote>\n<p><em>&#8220;Die Ausbildung w\u00e4re dann st\u00e4rker auf die Bed\u00fcrfnisse der ukrainischen Soldaten zugeschnitten, zudem m\u00fcssten die Soldaten f\u00fcr das Training ihr Land nicht verlassen,&#8221; gab die Zeitung die Aussagen der Diplomaten wieder.<\/em>\u00a0<\/p>\n<\/blockquote>\n<p>Auch die USA lehnten die franz\u00f6sische Idee ab, Ausbilder nach Kiew zu schicken. Laut einem Bericht von <em>Politico<\/em> vom Freitag bef\u00fcrchtet US-Pr\u00e4sident Joe Biden, dass die in die Ukraine entsandten NATO-Truppen, selbst wenn sie als Ausbilder fungieren, in die Schusslinie geraten k\u00f6nnten. Bei einer Pressekonferenz am selben Tag sagte der Kommunikationsberater des Wei\u00dfen Hauses, John Kirby, Biden habe wiederholt betont, dass es keine US-Stiefel auf ukrainischem Boden geben werde.<\/p>\n<p>Moskau verurteilt den Westen schon seit langem f\u00fcr die Milit\u00e4rhilfe an Kiew. Es warnt vor der Entsendung ausl\u00e4ndischer Milit\u00e4rangeh\u00f6riger in die Ukraine, die es als legitime Angriffsziele betrachtet.<\/p>\n<p><strong>Mehr zum Thema<\/strong> &#8211; <a rel=\"nofollow noopener\" target=\"_blank\" href=\"https:\/\/dert.online\/europa\/208655-lawrow-frankreich-luegt-ueber-truppen\/\">Lawrow: Frankreich l\u00fcgt \u00fcber Truppen in der Ukraine<\/a><\/p>\n<\/p>\n<\/div>\n<p><br \/>\n<br \/><a href=\"https:\/\/de.rt.com\/international\/208676-deutschland-gegen-franzoesische-plaene-soldaten\/\">Source link <\/a><\/p>\n","protected":false},"excerpt":{"rendered":"<p>Laut einem Bericht der &#8220;Welt am Sonntag&#8221; wird Deutschland den franz\u00f6sischen Vorschlag, Truppen in die Ukraine zu schicken, nicht unterst\u00fctzen. Die deutsche Regierung sei ebenso wie die italienische und die spanische in Sorge, dass der Krieg bei einer Truppenentsendung eskalieren w\u00fcrde. Der franz\u00f6sische Pr\u00e4sident Emmanuel Macron versucht eine Allianz von L\u00e4ndern zu schmieden, die Spezialisten [&hellip;]<\/p>\n","protected":false},"author":3,"featured_media":59823,"comment_status":"open","ping_status":"open","sticky":false,"template":"","format":"standard","meta":{"_yoast_indexnow_last_ping":["1718005504"],"wp_automatic_camp":["217"],"8c9ff392f372c066826364a89d44947a":["NATO-Soldaten in die Ukraine? Berlin lehnt Frankreichs Pl\u00e4ne ab"],"original_link":["https:\/\/de.rt.com\/international\/208676-deutschland-gegen-franzoesische-plaene-soldaten\/"],"_thumbnail_id":["59823"],"_wptgpro_p2tg_sent2tg":["a:1:{i:23737;s:19:\"2024-06-10 09:46:20\";}"],"jnews_social_counter_last_update":["1777091533"]},"categories":[19,23],"tags":[943,45,19886,2034,40428,5349,127],"yoast_head":"<!-- This site is optimized with the Yoast SEO Premium plugin v22.7 (Yoast SEO v22.7) - https:\/\/yoast.com\/wordpress\/plugins\/seo\/ -->\n<title>NATO-Soldaten in die Ukraine? Berlin lehnt Frankreichs Pl\u00e4ne ab - just-now.NEWS Deutschland<\/title>\n<meta name=\"robots\" content=\"index, follow, max-snippet:-1, max-image-preview:large, max-video-preview:-1\" \/>\n<link rel=\"canonical\" href=\"https:\/\/now-news.de\/de\/deutschland\/nato-soldaten-in-die-ukraine-berlin-lehnt-frankreichs-plaene-ab\/\" \/>\n<meta property=\"og:locale\" content=\"de_DE\" \/>\n<meta property=\"og:type\" content=\"article\" \/>\n<meta property=\"og:title\" content=\"NATO-Soldaten in die Ukraine? Berlin lehnt Frankreichs Pl\u00e4ne ab\" \/>\n<meta property=\"og:description\" content=\"Laut einem Bericht der &#8220;Welt am Sonntag&#8221; wird Deutschland den franz\u00f6sischen Vorschlag, Truppen in die Ukraine zu schicken, nicht unterst\u00fctzen. Die deutsche Regierung sei ebenso wie die italienische und die spanische in Sorge, dass der Krieg bei einer Truppenentsendung eskalieren w\u00fcrde. Der franz\u00f6sische Pr\u00e4sident Emmanuel Macron versucht eine Allianz von L\u00e4ndern zu schmieden, die Spezialisten [&hellip;]\" \/>\n<meta property=\"og:url\" content=\"https:\/\/now-news.de\/de\/deutschland\/nato-soldaten-in-die-ukraine-berlin-lehnt-frankreichs-plaene-ab\/\" \/>\n<meta property=\"og:site_name\" content=\"just-now.NEWS Deutschland\" \/>\n<meta property=\"article:publisher\" content=\"https:\/\/www.facebook.com\/wirmachenauf\" \/>\n<meta property=\"article:published_time\" content=\"2024-06-10T07:39:15+00:00\" \/>\n<meta property=\"og:image\" content=\"https:\/\/now-news.de\/de\/wp-content\/uploads\/sites\/3\/2024\/06\/6666a883b480cc67ef338fa2.jpg\" \/>\n<meta name=\"author\" content=\"rtnews\" \/>\n<meta name=\"twitter:card\" content=\"summary_large_image\" \/>\n<meta name=\"twitter:creator\" content=\"@WirMachenAuf_de\" \/>\n<meta name=\"twitter:site\" content=\"@WirMachenAuf_de\" \/>\n<meta name=\"twitter:label1\" content=\"Verfasst von\" \/>\n\t<meta name=\"twitter:data1\" content=\"rtnews\" \/>\n\t<meta name=\"twitter:label2\" content=\"Gesch\u00e4tzte Lesezeit\" \/>\n\t<meta name=\"twitter:data2\" content=\"3\u00a0Minuten\" \/>\n<script type=\"application\/ld+json\" class=\"yoast-schema-graph\">{\"@context\":\"https:\/\/schema.org\",\"@graph\":[{\"@type\":\"Article\",\"@id\":\"https:\/\/now-news.de\/de\/deutschland\/nato-soldaten-in-die-ukraine-berlin-lehnt-frankreichs-plaene-ab\/#article\",\"isPartOf\":{\"@id\":\"https:\/\/now-news.de\/de\/deutschland\/nato-soldaten-in-die-ukraine-berlin-lehnt-frankreichs-plaene-ab\/\"},\"author\":{\"name\":\"rtnews\",\"@id\":\"https:\/\/now-news.de\/de\/#\/schema\/person\/fb534a4e865501d8b3285208df34a9b5\"},\"headline\":\"NATO-Soldaten in die Ukraine? Berlin lehnt Frankreichs Pl\u00e4ne ab\",\"datePublished\":\"2024-06-10T07:39:15+00:00\",\"dateModified\":\"2024-06-10T07:39:15+00:00\",\"mainEntityOfPage\":{\"@id\":\"https:\/\/now-news.de\/de\/deutschland\/nato-soldaten-in-die-ukraine-berlin-lehnt-frankreichs-plaene-ab\/\"},\"wordCount\":523,\"commentCount\":0,\"publisher\":{\"@id\":\"https:\/\/now-news.de\/de\/#organization\"},\"image\":{\"@id\":\"https:\/\/now-news.de\/de\/deutschland\/nato-soldaten-in-die-ukraine-berlin-lehnt-frankreichs-plaene-ab\/#primaryimage\"},\"thumbnailUrl\":\"https:\/\/now-news.de\/de\/wp-content\/uploads\/sites\/3\/2024\/06\/NATO-Soldaten-in-die-Ukraine-Berlin-lehnt-Frankreichs-Plaene-ab.jpg\",\"keywords\":[\"Berlin\",\"die\",\"Frankreichs\",\"lehnt\",\"NATOSoldaten\",\"Pl\u00e4ne\",\"ukraine\"],\"articleSection\":[\"Deutschland\",\"Russland\"],\"inLanguage\":\"de\",\"potentialAction\":[{\"@type\":\"CommentAction\",\"name\":\"Comment\",\"target\":[\"https:\/\/now-news.de\/de\/deutschland\/nato-soldaten-in-die-ukraine-berlin-lehnt-frankreichs-plaene-ab\/#respond\"]}]},{\"@type\":\"WebPage\",\"@id\":\"https:\/\/now-news.de\/de\/deutschland\/nato-soldaten-in-die-ukraine-berlin-lehnt-frankreichs-plaene-ab\/\",\"url\":\"https:\/\/now-news.de\/de\/deutschland\/nato-soldaten-in-die-ukraine-berlin-lehnt-frankreichs-plaene-ab\/\",\"name\":\"NATO-Soldaten in die Ukraine? Berlin lehnt Frankreichs Pl\u00e4ne ab - just-now.NEWS Deutschland\",\"isPartOf\":{\"@id\":\"https:\/\/now-news.de\/de\/#website\"},\"primaryImageOfPage\":{\"@id\":\"https:\/\/now-news.de\/de\/deutschland\/nato-soldaten-in-die-ukraine-berlin-lehnt-frankreichs-plaene-ab\/#primaryimage\"},\"image\":{\"@id\":\"https:\/\/now-news.de\/de\/deutschland\/nato-soldaten-in-die-ukraine-berlin-lehnt-frankreichs-plaene-ab\/#primaryimage\"},\"thumbnailUrl\":\"https:\/\/now-news.de\/de\/wp-content\/uploads\/sites\/3\/2024\/06\/NATO-Soldaten-in-die-Ukraine-Berlin-lehnt-Frankreichs-Plaene-ab.jpg\",\"datePublished\":\"2024-06-10T07:39:15+00:00\",\"dateModified\":\"2024-06-10T07:39:15+00:00\",\"breadcrumb\":{\"@id\":\"https:\/\/now-news.de\/de\/deutschland\/nato-soldaten-in-die-ukraine-berlin-lehnt-frankreichs-plaene-ab\/#breadcrumb\"},\"inLanguage\":\"de\",\"potentialAction\":[{\"@type\":\"ReadAction\",\"target\":[\"https:\/\/now-news.de\/de\/deutschland\/nato-soldaten-in-die-ukraine-berlin-lehnt-frankreichs-plaene-ab\/\"]}]},{\"@type\":\"ImageObject\",\"inLanguage\":\"de\",\"@id\":\"https:\/\/now-news.de\/de\/deutschland\/nato-soldaten-in-die-ukraine-berlin-lehnt-frankreichs-plaene-ab\/#primaryimage\",\"url\":\"https:\/\/now-news.de\/de\/wp-content\/uploads\/sites\/3\/2024\/06\/NATO-Soldaten-in-die-Ukraine-Berlin-lehnt-Frankreichs-Plaene-ab.jpg\",\"contentUrl\":\"https:\/\/now-news.de\/de\/wp-content\/uploads\/sites\/3\/2024\/06\/NATO-Soldaten-in-die-Ukraine-Berlin-lehnt-Frankreichs-Plaene-ab.jpg\",\"width\":460,\"height\":259,\"caption\":\"NATO-Soldaten in die Ukraine? Berlin lehnt Frankreichs Pl\u00e4ne ab\"},{\"@type\":\"BreadcrumbList\",\"@id\":\"https:\/\/now-news.de\/de\/deutschland\/nato-soldaten-in-die-ukraine-berlin-lehnt-frankreichs-plaene-ab\/#breadcrumb\",\"itemListElement\":[{\"@type\":\"ListItem\",\"position\":1,\"name\":\"Home\",\"item\":\"https:\/\/now-news.de\/de\/\"},{\"@type\":\"ListItem\",\"position\":2,\"name\":\"NATO-Soldaten in die Ukraine? Berlin lehnt Frankreichs Pl\u00e4ne ab\"}]},{\"@type\":\"WebSite\",\"@id\":\"https:\/\/now-news.de\/de\/#website\",\"url\":\"https:\/\/now-news.de\/de\/\",\"name\":\"just-now.NEWS Deutschland\",\"description\":\"Das Portal f\u00fcr unzensierte Nachrichten aus der Welt\",\"publisher\":{\"@id\":\"https:\/\/now-news.de\/de\/#organization\"},\"potentialAction\":[{\"@type\":\"SearchAction\",\"target\":{\"@type\":\"EntryPoint\",\"urlTemplate\":\"https:\/\/now-news.de\/de\/?s={search_term_string}\"},\"query-input\":\"required name=search_term_string\"}],\"inLanguage\":\"de\"},{\"@type\":\"Organization\",\"@id\":\"https:\/\/now-news.de\/de\/#organization\",\"name\":\"Just Now News\",\"url\":\"https:\/\/now-news.de\/de\/\",\"logo\":{\"@type\":\"ImageObject\",\"inLanguage\":\"de\",\"@id\":\"https:\/\/now-news.de\/de\/#\/schema\/logo\/image\/\",\"url\":\"http:\/\/just-now.news\/de\/wp-content\/uploads\/sites\/3\/2022\/04\/logo500x500.jpg\",\"contentUrl\":\"http:\/\/just-now.news\/de\/wp-content\/uploads\/sites\/3\/2022\/04\/logo500x500.jpg\",\"width\":500,\"height\":500,\"caption\":\"Just Now News\"},\"image\":{\"@id\":\"https:\/\/now-news.de\/de\/#\/schema\/logo\/image\/\"},\"sameAs\":[\"https:\/\/www.facebook.com\/wirmachenauf\",\"https:\/\/x.com\/WirMachenAuf_de\"]},{\"@type\":\"Person\",\"@id\":\"https:\/\/now-news.de\/de\/#\/schema\/person\/fb534a4e865501d8b3285208df34a9b5\",\"name\":\"rtnews\",\"image\":{\"@type\":\"ImageObject\",\"inLanguage\":\"de\",\"@id\":\"https:\/\/now-news.de\/de\/#\/schema\/person\/image\/\",\"url\":\"https:\/\/secure.gravatar.com\/avatar\/82aafea7d8127119dd649515f56e2117?s=96&d=mm&r=g\",\"contentUrl\":\"https:\/\/secure.gravatar.com\/avatar\/82aafea7d8127119dd649515f56e2117?s=96&d=mm&r=g\",\"caption\":\"rtnews\"},\"url\":\"https:\/\/now-news.de\/de\/author\/rnews\/\"}]}<\/script>\n<!-- \/ Yoast SEO Premium plugin. -->","yoast_head_json":{"title":"NATO-Soldaten in die Ukraine? Berlin lehnt Frankreichs Pl\u00e4ne ab - just-now.NEWS Deutschland","robots":{"index":"index","follow":"follow","max-snippet":"max-snippet:-1","max-image-preview":"max-image-preview:large","max-video-preview":"max-video-preview:-1"},"canonical":"https:\/\/now-news.de\/de\/deutschland\/nato-soldaten-in-die-ukraine-berlin-lehnt-frankreichs-plaene-ab\/","og_locale":"de_DE","og_type":"article","og_title":"NATO-Soldaten in die Ukraine? Berlin lehnt Frankreichs Pl\u00e4ne ab","og_description":"Laut einem Bericht der &#8220;Welt am Sonntag&#8221; wird Deutschland den franz\u00f6sischen Vorschlag, Truppen in die Ukraine zu schicken, nicht unterst\u00fctzen. Die deutsche Regierung sei ebenso wie die italienische und die spanische in Sorge, dass der Krieg bei einer Truppenentsendung eskalieren w\u00fcrde. Der franz\u00f6sische Pr\u00e4sident Emmanuel Macron versucht eine Allianz von L\u00e4ndern zu schmieden, die Spezialisten [&hellip;]","og_url":"https:\/\/now-news.de\/de\/deutschland\/nato-soldaten-in-die-ukraine-berlin-lehnt-frankreichs-plaene-ab\/","og_site_name":"just-now.NEWS Deutschland","article_publisher":"https:\/\/www.facebook.com\/wirmachenauf","article_published_time":"2024-06-10T07:39:15+00:00","og_image":[{"url":"https:\/\/now-news.de\/de\/wp-content\/uploads\/sites\/3\/2024\/06\/6666a883b480cc67ef338fa2.jpg"}],"author":"rtnews","twitter_card":"summary_large_image","twitter_creator":"@WirMachenAuf_de","twitter_site":"@WirMachenAuf_de","twitter_misc":{"Verfasst von":"rtnews","Gesch\u00e4tzte Lesezeit":"3\u00a0Minuten"},"schema":{"@context":"https:\/\/schema.org","@graph":[{"@type":"Article","@id":"https:\/\/now-news.de\/de\/deutschland\/nato-soldaten-in-die-ukraine-berlin-lehnt-frankreichs-plaene-ab\/#article","isPartOf":{"@id":"https:\/\/now-news.de\/de\/deutschland\/nato-soldaten-in-die-ukraine-berlin-lehnt-frankreichs-plaene-ab\/"},"author":{"name":"rtnews","@id":"https:\/\/now-news.de\/de\/#\/schema\/person\/fb534a4e865501d8b3285208df34a9b5"},"headline":"NATO-Soldaten in die Ukraine? Berlin lehnt Frankreichs Pl\u00e4ne ab","datePublished":"2024-06-10T07:39:15+00:00","dateModified":"2024-06-10T07:39:15+00:00","mainEntityOfPage":{"@id":"https:\/\/now-news.de\/de\/deutschland\/nato-soldaten-in-die-ukraine-berlin-lehnt-frankreichs-plaene-ab\/"},"wordCount":523,"commentCount":0,"publisher":{"@id":"https:\/\/now-news.de\/de\/#organization"},"image":{"@id":"https:\/\/now-news.de\/de\/deutschland\/nato-soldaten-in-die-ukraine-berlin-lehnt-frankreichs-plaene-ab\/#primaryimage"},"thumbnailUrl":"https:\/\/now-news.de\/de\/wp-content\/uploads\/sites\/3\/2024\/06\/NATO-Soldaten-in-die-Ukraine-Berlin-lehnt-Frankreichs-Plaene-ab.jpg","keywords":["Berlin","die","Frankreichs","lehnt","NATOSoldaten","Pl\u00e4ne","ukraine"],"articleSection":["Deutschland","Russland"],"inLanguage":"de","potentialAction":[{"@type":"CommentAction","name":"Comment","target":["https:\/\/now-news.de\/de\/deutschland\/nato-soldaten-in-die-ukraine-berlin-lehnt-frankreichs-plaene-ab\/#respond"]}]},{"@type":"WebPage","@id":"https:\/\/now-news.de\/de\/deutschland\/nato-soldaten-in-die-ukraine-berlin-lehnt-frankreichs-plaene-ab\/","url":"https:\/\/now-news.de\/de\/deutschland\/nato-soldaten-in-die-ukraine-berlin-lehnt-frankreichs-plaene-ab\/","name":"NATO-Soldaten in die Ukraine? Berlin lehnt Frankreichs Pl\u00e4ne ab - just-now.NEWS Deutschland","isPartOf":{"@id":"https:\/\/now-news.de\/de\/#website"},"primaryImageOfPage":{"@id":"https:\/\/now-news.de\/de\/deutschland\/nato-soldaten-in-die-ukraine-berlin-lehnt-frankreichs-plaene-ab\/#primaryimage"},"image":{"@id":"https:\/\/now-news.de\/de\/deutschland\/nato-soldaten-in-die-ukraine-berlin-lehnt-frankreichs-plaene-ab\/#primaryimage"},"thumbnailUrl":"https:\/\/now-news.de\/de\/wp-content\/uploads\/sites\/3\/2024\/06\/NATO-Soldaten-in-die-Ukraine-Berlin-lehnt-Frankreichs-Plaene-ab.jpg","datePublished":"2024-06-10T07:39:15+00:00","dateModified":"2024-06-10T07:39:15+00:00","breadcrumb":{"@id":"https:\/\/now-news.de\/de\/deutschland\/nato-soldaten-in-die-ukraine-berlin-lehnt-frankreichs-plaene-ab\/#breadcrumb"},"inLanguage":"de","potentialAction":[{"@type":"ReadAction","target":["https:\/\/now-news.de\/de\/deutschland\/nato-soldaten-in-die-ukraine-berlin-lehnt-frankreichs-plaene-ab\/"]}]},{"@type":"ImageObject","inLanguage":"de","@id":"https:\/\/now-news.de\/de\/deutschland\/nato-soldaten-in-die-ukraine-berlin-lehnt-frankreichs-plaene-ab\/#primaryimage","url":"https:\/\/now-news.de\/de\/wp-content\/uploads\/sites\/3\/2024\/06\/NATO-Soldaten-in-die-Ukraine-Berlin-lehnt-Frankreichs-Plaene-ab.jpg","contentUrl":"https:\/\/now-news.de\/de\/wp-content\/uploads\/sites\/3\/2024\/06\/NATO-Soldaten-in-die-Ukraine-Berlin-lehnt-Frankreichs-Plaene-ab.jpg","width":460,"height":259,"caption":"NATO-Soldaten in die Ukraine? Berlin lehnt Frankreichs Pl\u00e4ne ab"},{"@type":"BreadcrumbList","@id":"https:\/\/now-news.de\/de\/deutschland\/nato-soldaten-in-die-ukraine-berlin-lehnt-frankreichs-plaene-ab\/#breadcrumb","itemListElement":[{"@type":"ListItem","position":1,"name":"Home","item":"https:\/\/now-news.de\/de\/"},{"@type":"ListItem","position":2,"name":"NATO-Soldaten in die Ukraine? Berlin lehnt Frankreichs Pl\u00e4ne ab"}]},{"@type":"WebSite","@id":"https:\/\/now-news.de\/de\/#website","url":"https:\/\/now-news.de\/de\/","name":"just-now.NEWS Deutschland","description":"Das Portal f\u00fcr unzensierte Nachrichten aus der Welt","publisher":{"@id":"https:\/\/now-news.de\/de\/#organization"},"potentialAction":[{"@type":"SearchAction","target":{"@type":"EntryPoint","urlTemplate":"https:\/\/now-news.de\/de\/?s={search_term_string}"},"query-input":"required name=search_term_string"}],"inLanguage":"de"},{"@type":"Organization","@id":"https:\/\/now-news.de\/de\/#organization","name":"Just Now News","url":"https:\/\/now-news.de\/de\/","logo":{"@type":"ImageObject","inLanguage":"de","@id":"https:\/\/now-news.de\/de\/#\/schema\/logo\/image\/","url":"http:\/\/just-now.news\/de\/wp-content\/uploads\/sites\/3\/2022\/04\/logo500x500.jpg","contentUrl":"http:\/\/just-now.news\/de\/wp-content\/uploads\/sites\/3\/2022\/04\/logo500x500.jpg","width":500,"height":500,"caption":"Just Now News"},"image":{"@id":"https:\/\/now-news.de\/de\/#\/schema\/logo\/image\/"},"sameAs":["https:\/\/www.facebook.com\/wirmachenauf","https:\/\/x.com\/WirMachenAuf_de"]},{"@type":"Person","@id":"https:\/\/now-news.de\/de\/#\/schema\/person\/fb534a4e865501d8b3285208df34a9b5","name":"rtnews","image":{"@type":"ImageObject","inLanguage":"de","@id":"https:\/\/now-news.de\/de\/#\/schema\/person\/image\/","url":"https:\/\/secure.gravatar.com\/avatar\/82aafea7d8127119dd649515f56e2117?s=96&d=mm&r=g","contentUrl":"https:\/\/secure.gravatar.com\/avatar\/82aafea7d8127119dd649515f56e2117?s=96&d=mm&r=g","caption":"rtnews"},"url":"https:\/\/now-news.de\/de\/author\/rnews\/"}]}},"_links":{"self":[{"href":"https:\/\/now-news.de\/de\/wp-json\/wp\/v2\/posts\/59822"}],"collection":[{"href":"https:\/\/now-news.de\/de\/wp-json\/wp\/v2\/posts"}],"about":[{"href":"https:\/\/now-news.de\/de\/wp-json\/wp\/v2\/types\/post"}],"author":[{"embeddable":true,"href":"https:\/\/now-news.de\/de\/wp-json\/wp\/v2\/users\/3"}],"replies":[{"embeddable":true,"href":"https:\/\/now-news.de\/de\/wp-json\/wp\/v2\/comments?post=59822"}],"version-history":[{"count":0,"href":"https:\/\/now-news.de\/de\/wp-json\/wp\/v2\/posts\/59822\/revisions"}],"wp:featuredmedia":[{"embeddable":true,"href":"https:\/\/now-news.de\/de\/wp-json\/wp\/v2\/media\/59823"}],"wp:attachment":[{"href":"https:\/\/now-news.de\/de\/wp-json\/wp\/v2\/media?parent=59822"}],"wp:term":[{"taxonomy":"category","embeddable":true,"href":"https:\/\/now-news.de\/de\/wp-json\/wp\/v2\/categories?post=59822"},{"taxonomy":"post_tag","embeddable":true,"href":"https:\/\/now-news.de\/de\/wp-json\/wp\/v2\/tags?post=59822"}],"curies":[{"name":"wp","href":"https:\/\/api.w.org\/{rel}","templated":true}]}}