{"id":59813,"date":"2024-06-10T06:15:00","date_gmt":"2024-06-10T04:15:00","guid":{"rendered":"https:\/\/now-news.de\/de\/deutschland\/blackouts-kiew-untersagt-die-verwendung-von-klimaanlagen-in-oeffentlichen-einrichtungen\/"},"modified":"2024-06-10T06:15:00","modified_gmt":"2024-06-10T04:15:00","slug":"blackouts-kiew-untersagt-die-verwendung-von-klimaanlagen-in-oeffentlichen-einrichtungen","status":"publish","type":"post","link":"https:\/\/now-news.de\/de\/deutschland\/blackouts-kiew-untersagt-die-verwendung-von-klimaanlagen-in-oeffentlichen-einrichtungen\/","title":{"rendered":"Blackouts: Kiew untersagt die Verwendung von Klimaanlagen in \u00f6ffentlichen Einrichtungen"},"content":{"rendered":"<p><img decoding=\"async\" src=\"https:\/\/now-news.de\/de\/wp-content\/uploads\/sites\/3\/2024\/06\/6665a11c48fbef766956c095.jpg\" \/><\/p>\n<div class=\"Text-root Text-type_1 \">\n                Aufgrund von massiven Schl\u00e4gen gegen das ukrainische Stromnetz durch Russland  kommt es in der Ukraine zu massiven Stromausf\u00e4llen. Kiew untersagt nun den Gebrauch von Klimaanlagen. Russland antwortete mit seinen Angriffen auf den Beschuss von russischen \u00d6llagern und Raffinerien durch die Ukraine.\n            <\/div>\n<p><\/p>\n<div class=\"Text-root Text-type_5 ArticleView-text ViewText-root \">\n<p>Um Blackouts zu vermeiden, untersagt Kiew den Betrieb von Klimaanlagen in \u00f6ffentlichen Geb\u00e4uden. Durch massive russische Luftschl\u00e4ge wurde die ukrainische Energieversorgung im Kern besch\u00e4digt. Moskau begr\u00fcndet die Schl\u00e4ge mit dem vorausgegangenen ukrainischen Beschuss von \u00d6llagern und Raffinerien in Russland.\u00a0<\/p>\n<p>Um das Netz zu stabilisieren, verh\u00e4ngte die Kiewer Regierung nun am Freitag ein Verbot der Verwendung von Klimaanlagen in \u00f6ffentlichen Geb\u00e4uden. Zudem muss die Au\u00dfenbeleuchtung ausgeschaltet bleiben. Die Anweisung wurde von Premierminister Denis Schmygal auf seinem offiziellen Telegram-Kanal verk\u00fcndet. Die Anordnung soll w\u00e4hrend der Sommermonate gelten und dabei helfen, die Zahl der Blackouts zu minimieren.\u00a0<\/p>\n<p><em>&#8220;&#8216;Die Situation im Energiebereich ist schwierig&#8217;, gestand Schmygal. &#8216;Wir bem\u00fchen uns darum, das wiederherzustellen, was wiederhergestellt werden kann. Aber wir m\u00fcssen auch den Verbrauch reduzieren. Damit fangen wir bei uns selbst an&#8217;, f\u00fcgte er hinzu.&#8221;<\/em><\/p>\n<p><em>&#8220;&#8216;Massenhafte Stromausf\u00e4lle sind der Tatsache steigender Temperaturen und dem dadurch verursachten h\u00f6heren Bedarf durch Klimaanlagen geschuldet. [\u2026] In Kiew belastet das mit zus\u00e4tzlichen 350 Megawatt, was in etwa der H\u00e4lfte des Gesamtverbrauchs entspricht&#8217;, sagte Schmygal bei einer Kabinettssitzung am Freitag.&#8221;<\/em><\/p>\n<p>Er forderte dazu auf, landesweit dort auf den Gebrauch von Klimaanlagen zu verzichten, wo immer es m\u00f6glich sei.\u00a0<\/p>\n<p>Die Sch\u00e4tzungen zu den Sch\u00e4den an der ukrainischen Energie-Infrastruktur gehen auseinander. Schmygal sagte, die Ukraine habe bisher 9,2 Gigawatt an Produktionskapazit\u00e4t verloren. Der ukrainische Au\u00dfenminister Dmitri Kuleba hatte zuvor ge\u00e4u\u00dfert, dass die H\u00e4lfte des Stromnetzes zerst\u00f6rt sei. Bereits im Mai sagte der f\u00fcr Infrastruktur zust\u00e4ndige Minister Alexei Kutscherenko, dass 90 Prozent der Kapazit\u00e4ten zur Stromerzeugung nicht mehr zur Verf\u00fcgung st\u00fcnden.<\/p>\n<p>Zuvor hatte die ukrainische Regierung auf die Engp\u00e4sse mit massiven Preiserh\u00f6hungen reagiert. Anfang Juni wurden die Preise f\u00fcr Strom um 60 Prozent angehoben. Weiterhin wurden alle Importbeschr\u00e4nkungen f\u00fcr Ger\u00e4te aufgehoben, die zur Erzeugung und Speicherung von Energie verwendet werden k\u00f6nnen. Gleichzeitig will die Ukraine den Import von Strom aus der EU erh\u00f6hen.\u00a0<\/p>\n<p><strong>Mehr zum Thema<\/strong>\u00a0\u2013 <a rel=\"nofollow noopener\" target=\"_blank\" href=\"https:\/\/freedert.online\/europa\/207499-iwf-warnt-europa-vor-gefaehrdung\/\">IWF warnt Europa vor Gef\u00e4hrdung der Energiesicherheit<\/a><\/p>\n<div class=\"EmbedBlock-root EmbedBlock-externalVideo EmbedBlock-odysee\">\n<div class=\"VkEmbed\"><iframe class=\"lazyload\" data-src=\"https:\/\/odysee.com\/%24\/embed\/%40RTDE%3Ae%2FPodoljaka--Kiews-Gegenoffensive-im-Norden-erfolglos-%E2%80%93-Russland-kommt-methodisch-voran%3A0\" frameborder=\"0\" width=\"853\" height=\"480\" allowfullscreen><\/iframe><\/div>\n<\/div>\n<\/div>\n<p><br \/>\n<br \/><a href=\"https:\/\/de.rt.com\/europa\/208643-blackouts-kiew-untersagt-verwendung-von\/\">Source link <\/a><\/p>\n","protected":false},"excerpt":{"rendered":"<p>Aufgrund von massiven Schl\u00e4gen gegen das ukrainische Stromnetz durch Russland kommt es in der Ukraine zu massiven Stromausf\u00e4llen. Kiew untersagt nun den Gebrauch von Klimaanlagen. Russland antwortete mit seinen Angriffen auf den Beschuss von russischen \u00d6llagern und Raffinerien durch die Ukraine. Um Blackouts zu vermeiden, untersagt Kiew den Betrieb von Klimaanlagen in \u00f6ffentlichen Geb\u00e4uden. Durch [&hellip;]<\/p>\n","protected":false},"author":3,"featured_media":59814,"comment_status":"open","ping_status":"open","sticky":false,"template":"","format":"standard","meta":{"_yoast_indexnow_last_ping":["1717993837"],"wp_automatic_camp":["217"],"fe50b8e92ee5146cd9c5427d42ff50f1":["Blackouts: Kiew untersagt die Verwendung von Klimaanlagen in \u00f6ffentlichen Einrichtungen"],"original_link":["https:\/\/de.rt.com\/europa\/208643-blackouts-kiew-untersagt-verwendung-von\/"],"_thumbnail_id":["59814"],"jnews_social_counter_last_update":["1777629114"],"_wptgpro_p2tg_sent2tg":["a:1:{i:23737;s:19:\"2024-06-10 06:33:22\";}"]},"categories":[19,23],"tags":[29677,45,33306,1025,55626,19889,32168,1077,50],"yoast_head":"<!-- This site is optimized with the Yoast SEO Premium plugin v22.7 (Yoast SEO v22.7) - https:\/\/yoast.com\/wordpress\/plugins\/seo\/ -->\n<title>Blackouts: Kiew untersagt die Verwendung von Klimaanlagen in \u00f6ffentlichen Einrichtungen - just-now.NEWS Deutschland<\/title>\n<meta name=\"robots\" content=\"index, follow, max-snippet:-1, max-image-preview:large, max-video-preview:-1\" \/>\n<link rel=\"canonical\" href=\"https:\/\/now-news.de\/de\/deutschland\/blackouts-kiew-untersagt-die-verwendung-von-klimaanlagen-in-oeffentlichen-einrichtungen\/\" \/>\n<meta property=\"og:locale\" content=\"de_DE\" \/>\n<meta property=\"og:type\" content=\"article\" \/>\n<meta property=\"og:title\" content=\"Blackouts: Kiew untersagt die Verwendung von Klimaanlagen in \u00f6ffentlichen Einrichtungen\" \/>\n<meta property=\"og:description\" content=\"Aufgrund von massiven Schl\u00e4gen gegen das ukrainische Stromnetz durch Russland kommt es in der Ukraine zu massiven Stromausf\u00e4llen. Kiew untersagt nun den Gebrauch von Klimaanlagen. Russland antwortete mit seinen Angriffen auf den Beschuss von russischen \u00d6llagern und Raffinerien durch die Ukraine. Um Blackouts zu vermeiden, untersagt Kiew den Betrieb von Klimaanlagen in \u00f6ffentlichen Geb\u00e4uden. Durch [&hellip;]\" \/>\n<meta property=\"og:url\" content=\"https:\/\/now-news.de\/de\/deutschland\/blackouts-kiew-untersagt-die-verwendung-von-klimaanlagen-in-oeffentlichen-einrichtungen\/\" \/>\n<meta property=\"og:site_name\" content=\"just-now.NEWS Deutschland\" \/>\n<meta property=\"article:publisher\" content=\"https:\/\/www.facebook.com\/wirmachenauf\" \/>\n<meta property=\"article:published_time\" content=\"2024-06-10T04:15:00+00:00\" \/>\n<meta property=\"og:image\" content=\"https:\/\/now-news.de\/de\/wp-content\/uploads\/sites\/3\/2024\/06\/6665a11c48fbef766956c095.jpg\" \/>\n<meta name=\"author\" content=\"rtnews\" \/>\n<meta name=\"twitter:card\" content=\"summary_large_image\" \/>\n<meta name=\"twitter:creator\" content=\"@WirMachenAuf_de\" \/>\n<meta name=\"twitter:site\" content=\"@WirMachenAuf_de\" \/>\n<meta name=\"twitter:label1\" content=\"Verfasst von\" \/>\n\t<meta name=\"twitter:data1\" content=\"rtnews\" \/>\n\t<meta name=\"twitter:label2\" content=\"Gesch\u00e4tzte Lesezeit\" \/>\n\t<meta name=\"twitter:data2\" content=\"2\u00a0Minuten\" \/>\n<script type=\"application\/ld+json\" class=\"yoast-schema-graph\">{\"@context\":\"https:\/\/schema.org\",\"@graph\":[{\"@type\":\"Article\",\"@id\":\"https:\/\/now-news.de\/de\/deutschland\/blackouts-kiew-untersagt-die-verwendung-von-klimaanlagen-in-oeffentlichen-einrichtungen\/#article\",\"isPartOf\":{\"@id\":\"https:\/\/now-news.de\/de\/deutschland\/blackouts-kiew-untersagt-die-verwendung-von-klimaanlagen-in-oeffentlichen-einrichtungen\/\"},\"author\":{\"name\":\"rtnews\",\"@id\":\"https:\/\/now-news.de\/de\/#\/schema\/person\/fb534a4e865501d8b3285208df34a9b5\"},\"headline\":\"Blackouts: Kiew untersagt die Verwendung von Klimaanlagen in \u00f6ffentlichen Einrichtungen\",\"datePublished\":\"2024-06-10T04:15:00+00:00\",\"dateModified\":\"2024-06-10T04:15:00+00:00\",\"mainEntityOfPage\":{\"@id\":\"https:\/\/now-news.de\/de\/deutschland\/blackouts-kiew-untersagt-die-verwendung-von-klimaanlagen-in-oeffentlichen-einrichtungen\/\"},\"wordCount\":400,\"commentCount\":0,\"publisher\":{\"@id\":\"https:\/\/now-news.de\/de\/#organization\"},\"image\":{\"@id\":\"https:\/\/now-news.de\/de\/deutschland\/blackouts-kiew-untersagt-die-verwendung-von-klimaanlagen-in-oeffentlichen-einrichtungen\/#primaryimage\"},\"thumbnailUrl\":\"https:\/\/now-news.de\/de\/wp-content\/uploads\/sites\/3\/2024\/06\/Blackouts-Kiew-untersagt-die-Verwendung-von-Klimaanlagen-in-oeffentlichen-Einrichtungen.jpg\",\"keywords\":[\"Blackouts\",\"die\",\"Einrichtungen\",\"Kiew\",\"Klimaanlagen\",\"\u00f6ffentlichen\",\"untersagt\",\"Verwendung\",\"von\"],\"articleSection\":[\"Deutschland\",\"Russland\"],\"inLanguage\":\"de\",\"potentialAction\":[{\"@type\":\"CommentAction\",\"name\":\"Comment\",\"target\":[\"https:\/\/now-news.de\/de\/deutschland\/blackouts-kiew-untersagt-die-verwendung-von-klimaanlagen-in-oeffentlichen-einrichtungen\/#respond\"]}]},{\"@type\":\"WebPage\",\"@id\":\"https:\/\/now-news.de\/de\/deutschland\/blackouts-kiew-untersagt-die-verwendung-von-klimaanlagen-in-oeffentlichen-einrichtungen\/\",\"url\":\"https:\/\/now-news.de\/de\/deutschland\/blackouts-kiew-untersagt-die-verwendung-von-klimaanlagen-in-oeffentlichen-einrichtungen\/\",\"name\":\"Blackouts: Kiew untersagt die Verwendung von Klimaanlagen in \u00f6ffentlichen Einrichtungen - just-now.NEWS Deutschland\",\"isPartOf\":{\"@id\":\"https:\/\/now-news.de\/de\/#website\"},\"primaryImageOfPage\":{\"@id\":\"https:\/\/now-news.de\/de\/deutschland\/blackouts-kiew-untersagt-die-verwendung-von-klimaanlagen-in-oeffentlichen-einrichtungen\/#primaryimage\"},\"image\":{\"@id\":\"https:\/\/now-news.de\/de\/deutschland\/blackouts-kiew-untersagt-die-verwendung-von-klimaanlagen-in-oeffentlichen-einrichtungen\/#primaryimage\"},\"thumbnailUrl\":\"https:\/\/now-news.de\/de\/wp-content\/uploads\/sites\/3\/2024\/06\/Blackouts-Kiew-untersagt-die-Verwendung-von-Klimaanlagen-in-oeffentlichen-Einrichtungen.jpg\",\"datePublished\":\"2024-06-10T04:15:00+00:00\",\"dateModified\":\"2024-06-10T04:15:00+00:00\",\"breadcrumb\":{\"@id\":\"https:\/\/now-news.de\/de\/deutschland\/blackouts-kiew-untersagt-die-verwendung-von-klimaanlagen-in-oeffentlichen-einrichtungen\/#breadcrumb\"},\"inLanguage\":\"de\",\"potentialAction\":[{\"@type\":\"ReadAction\",\"target\":[\"https:\/\/now-news.de\/de\/deutschland\/blackouts-kiew-untersagt-die-verwendung-von-klimaanlagen-in-oeffentlichen-einrichtungen\/\"]}]},{\"@type\":\"ImageObject\",\"inLanguage\":\"de\",\"@id\":\"https:\/\/now-news.de\/de\/deutschland\/blackouts-kiew-untersagt-die-verwendung-von-klimaanlagen-in-oeffentlichen-einrichtungen\/#primaryimage\",\"url\":\"https:\/\/now-news.de\/de\/wp-content\/uploads\/sites\/3\/2024\/06\/Blackouts-Kiew-untersagt-die-Verwendung-von-Klimaanlagen-in-oeffentlichen-Einrichtungen.jpg\",\"contentUrl\":\"https:\/\/now-news.de\/de\/wp-content\/uploads\/sites\/3\/2024\/06\/Blackouts-Kiew-untersagt-die-Verwendung-von-Klimaanlagen-in-oeffentlichen-Einrichtungen.jpg\",\"width\":460,\"height\":259,\"caption\":\"Blackouts: Kiew untersagt die Verwendung von Klimaanlagen in \u00f6ffentlichen Einrichtungen\"},{\"@type\":\"BreadcrumbList\",\"@id\":\"https:\/\/now-news.de\/de\/deutschland\/blackouts-kiew-untersagt-die-verwendung-von-klimaanlagen-in-oeffentlichen-einrichtungen\/#breadcrumb\",\"itemListElement\":[{\"@type\":\"ListItem\",\"position\":1,\"name\":\"Home\",\"item\":\"https:\/\/now-news.de\/de\/\"},{\"@type\":\"ListItem\",\"position\":2,\"name\":\"Blackouts: Kiew untersagt die Verwendung von Klimaanlagen in \u00f6ffentlichen Einrichtungen\"}]},{\"@type\":\"WebSite\",\"@id\":\"https:\/\/now-news.de\/de\/#website\",\"url\":\"https:\/\/now-news.de\/de\/\",\"name\":\"just-now.NEWS Deutschland\",\"description\":\"Das Portal f\u00fcr unzensierte Nachrichten aus der Welt\",\"publisher\":{\"@id\":\"https:\/\/now-news.de\/de\/#organization\"},\"potentialAction\":[{\"@type\":\"SearchAction\",\"target\":{\"@type\":\"EntryPoint\",\"urlTemplate\":\"https:\/\/now-news.de\/de\/?s={search_term_string}\"},\"query-input\":\"required name=search_term_string\"}],\"inLanguage\":\"de\"},{\"@type\":\"Organization\",\"@id\":\"https:\/\/now-news.de\/de\/#organization\",\"name\":\"Just Now News\",\"url\":\"https:\/\/now-news.de\/de\/\",\"logo\":{\"@type\":\"ImageObject\",\"inLanguage\":\"de\",\"@id\":\"https:\/\/now-news.de\/de\/#\/schema\/logo\/image\/\",\"url\":\"http:\/\/just-now.news\/de\/wp-content\/uploads\/sites\/3\/2022\/04\/logo500x500.jpg\",\"contentUrl\":\"http:\/\/just-now.news\/de\/wp-content\/uploads\/sites\/3\/2022\/04\/logo500x500.jpg\",\"width\":500,\"height\":500,\"caption\":\"Just Now News\"},\"image\":{\"@id\":\"https:\/\/now-news.de\/de\/#\/schema\/logo\/image\/\"},\"sameAs\":[\"https:\/\/www.facebook.com\/wirmachenauf\",\"https:\/\/x.com\/WirMachenAuf_de\"]},{\"@type\":\"Person\",\"@id\":\"https:\/\/now-news.de\/de\/#\/schema\/person\/fb534a4e865501d8b3285208df34a9b5\",\"name\":\"rtnews\",\"image\":{\"@type\":\"ImageObject\",\"inLanguage\":\"de\",\"@id\":\"https:\/\/now-news.de\/de\/#\/schema\/person\/image\/\",\"url\":\"https:\/\/secure.gravatar.com\/avatar\/82aafea7d8127119dd649515f56e2117?s=96&d=mm&r=g\",\"contentUrl\":\"https:\/\/secure.gravatar.com\/avatar\/82aafea7d8127119dd649515f56e2117?s=96&d=mm&r=g\",\"caption\":\"rtnews\"},\"url\":\"https:\/\/now-news.de\/de\/author\/rnews\/\"}]}<\/script>\n<!-- \/ Yoast SEO Premium plugin. -->","yoast_head_json":{"title":"Blackouts: Kiew untersagt die Verwendung von Klimaanlagen in \u00f6ffentlichen Einrichtungen - just-now.NEWS Deutschland","robots":{"index":"index","follow":"follow","max-snippet":"max-snippet:-1","max-image-preview":"max-image-preview:large","max-video-preview":"max-video-preview:-1"},"canonical":"https:\/\/now-news.de\/de\/deutschland\/blackouts-kiew-untersagt-die-verwendung-von-klimaanlagen-in-oeffentlichen-einrichtungen\/","og_locale":"de_DE","og_type":"article","og_title":"Blackouts: Kiew untersagt die Verwendung von Klimaanlagen in \u00f6ffentlichen Einrichtungen","og_description":"Aufgrund von massiven Schl\u00e4gen gegen das ukrainische Stromnetz durch Russland kommt es in der Ukraine zu massiven Stromausf\u00e4llen. Kiew untersagt nun den Gebrauch von Klimaanlagen. Russland antwortete mit seinen Angriffen auf den Beschuss von russischen \u00d6llagern und Raffinerien durch die Ukraine. Um Blackouts zu vermeiden, untersagt Kiew den Betrieb von Klimaanlagen in \u00f6ffentlichen Geb\u00e4uden. Durch [&hellip;]","og_url":"https:\/\/now-news.de\/de\/deutschland\/blackouts-kiew-untersagt-die-verwendung-von-klimaanlagen-in-oeffentlichen-einrichtungen\/","og_site_name":"just-now.NEWS Deutschland","article_publisher":"https:\/\/www.facebook.com\/wirmachenauf","article_published_time":"2024-06-10T04:15:00+00:00","og_image":[{"url":"https:\/\/now-news.de\/de\/wp-content\/uploads\/sites\/3\/2024\/06\/6665a11c48fbef766956c095.jpg"}],"author":"rtnews","twitter_card":"summary_large_image","twitter_creator":"@WirMachenAuf_de","twitter_site":"@WirMachenAuf_de","twitter_misc":{"Verfasst von":"rtnews","Gesch\u00e4tzte Lesezeit":"2\u00a0Minuten"},"schema":{"@context":"https:\/\/schema.org","@graph":[{"@type":"Article","@id":"https:\/\/now-news.de\/de\/deutschland\/blackouts-kiew-untersagt-die-verwendung-von-klimaanlagen-in-oeffentlichen-einrichtungen\/#article","isPartOf":{"@id":"https:\/\/now-news.de\/de\/deutschland\/blackouts-kiew-untersagt-die-verwendung-von-klimaanlagen-in-oeffentlichen-einrichtungen\/"},"author":{"name":"rtnews","@id":"https:\/\/now-news.de\/de\/#\/schema\/person\/fb534a4e865501d8b3285208df34a9b5"},"headline":"Blackouts: Kiew untersagt die Verwendung von Klimaanlagen in \u00f6ffentlichen Einrichtungen","datePublished":"2024-06-10T04:15:00+00:00","dateModified":"2024-06-10T04:15:00+00:00","mainEntityOfPage":{"@id":"https:\/\/now-news.de\/de\/deutschland\/blackouts-kiew-untersagt-die-verwendung-von-klimaanlagen-in-oeffentlichen-einrichtungen\/"},"wordCount":400,"commentCount":0,"publisher":{"@id":"https:\/\/now-news.de\/de\/#organization"},"image":{"@id":"https:\/\/now-news.de\/de\/deutschland\/blackouts-kiew-untersagt-die-verwendung-von-klimaanlagen-in-oeffentlichen-einrichtungen\/#primaryimage"},"thumbnailUrl":"https:\/\/now-news.de\/de\/wp-content\/uploads\/sites\/3\/2024\/06\/Blackouts-Kiew-untersagt-die-Verwendung-von-Klimaanlagen-in-oeffentlichen-Einrichtungen.jpg","keywords":["Blackouts","die","Einrichtungen","Kiew","Klimaanlagen","\u00f6ffentlichen","untersagt","Verwendung","von"],"articleSection":["Deutschland","Russland"],"inLanguage":"de","potentialAction":[{"@type":"CommentAction","name":"Comment","target":["https:\/\/now-news.de\/de\/deutschland\/blackouts-kiew-untersagt-die-verwendung-von-klimaanlagen-in-oeffentlichen-einrichtungen\/#respond"]}]},{"@type":"WebPage","@id":"https:\/\/now-news.de\/de\/deutschland\/blackouts-kiew-untersagt-die-verwendung-von-klimaanlagen-in-oeffentlichen-einrichtungen\/","url":"https:\/\/now-news.de\/de\/deutschland\/blackouts-kiew-untersagt-die-verwendung-von-klimaanlagen-in-oeffentlichen-einrichtungen\/","name":"Blackouts: Kiew untersagt die Verwendung von Klimaanlagen in \u00f6ffentlichen Einrichtungen - just-now.NEWS Deutschland","isPartOf":{"@id":"https:\/\/now-news.de\/de\/#website"},"primaryImageOfPage":{"@id":"https:\/\/now-news.de\/de\/deutschland\/blackouts-kiew-untersagt-die-verwendung-von-klimaanlagen-in-oeffentlichen-einrichtungen\/#primaryimage"},"image":{"@id":"https:\/\/now-news.de\/de\/deutschland\/blackouts-kiew-untersagt-die-verwendung-von-klimaanlagen-in-oeffentlichen-einrichtungen\/#primaryimage"},"thumbnailUrl":"https:\/\/now-news.de\/de\/wp-content\/uploads\/sites\/3\/2024\/06\/Blackouts-Kiew-untersagt-die-Verwendung-von-Klimaanlagen-in-oeffentlichen-Einrichtungen.jpg","datePublished":"2024-06-10T04:15:00+00:00","dateModified":"2024-06-10T04:15:00+00:00","breadcrumb":{"@id":"https:\/\/now-news.de\/de\/deutschland\/blackouts-kiew-untersagt-die-verwendung-von-klimaanlagen-in-oeffentlichen-einrichtungen\/#breadcrumb"},"inLanguage":"de","potentialAction":[{"@type":"ReadAction","target":["https:\/\/now-news.de\/de\/deutschland\/blackouts-kiew-untersagt-die-verwendung-von-klimaanlagen-in-oeffentlichen-einrichtungen\/"]}]},{"@type":"ImageObject","inLanguage":"de","@id":"https:\/\/now-news.de\/de\/deutschland\/blackouts-kiew-untersagt-die-verwendung-von-klimaanlagen-in-oeffentlichen-einrichtungen\/#primaryimage","url":"https:\/\/now-news.de\/de\/wp-content\/uploads\/sites\/3\/2024\/06\/Blackouts-Kiew-untersagt-die-Verwendung-von-Klimaanlagen-in-oeffentlichen-Einrichtungen.jpg","contentUrl":"https:\/\/now-news.de\/de\/wp-content\/uploads\/sites\/3\/2024\/06\/Blackouts-Kiew-untersagt-die-Verwendung-von-Klimaanlagen-in-oeffentlichen-Einrichtungen.jpg","width":460,"height":259,"caption":"Blackouts: Kiew untersagt die Verwendung von Klimaanlagen in \u00f6ffentlichen Einrichtungen"},{"@type":"BreadcrumbList","@id":"https:\/\/now-news.de\/de\/deutschland\/blackouts-kiew-untersagt-die-verwendung-von-klimaanlagen-in-oeffentlichen-einrichtungen\/#breadcrumb","itemListElement":[{"@type":"ListItem","position":1,"name":"Home","item":"https:\/\/now-news.de\/de\/"},{"@type":"ListItem","position":2,"name":"Blackouts: Kiew untersagt die Verwendung von Klimaanlagen in \u00f6ffentlichen Einrichtungen"}]},{"@type":"WebSite","@id":"https:\/\/now-news.de\/de\/#website","url":"https:\/\/now-news.de\/de\/","name":"just-now.NEWS Deutschland","description":"Das Portal f\u00fcr unzensierte Nachrichten aus der Welt","publisher":{"@id":"https:\/\/now-news.de\/de\/#organization"},"potentialAction":[{"@type":"SearchAction","target":{"@type":"EntryPoint","urlTemplate":"https:\/\/now-news.de\/de\/?s={search_term_string}"},"query-input":"required name=search_term_string"}],"inLanguage":"de"},{"@type":"Organization","@id":"https:\/\/now-news.de\/de\/#organization","name":"Just Now News","url":"https:\/\/now-news.de\/de\/","logo":{"@type":"ImageObject","inLanguage":"de","@id":"https:\/\/now-news.de\/de\/#\/schema\/logo\/image\/","url":"http:\/\/just-now.news\/de\/wp-content\/uploads\/sites\/3\/2022\/04\/logo500x500.jpg","contentUrl":"http:\/\/just-now.news\/de\/wp-content\/uploads\/sites\/3\/2022\/04\/logo500x500.jpg","width":500,"height":500,"caption":"Just Now News"},"image":{"@id":"https:\/\/now-news.de\/de\/#\/schema\/logo\/image\/"},"sameAs":["https:\/\/www.facebook.com\/wirmachenauf","https:\/\/x.com\/WirMachenAuf_de"]},{"@type":"Person","@id":"https:\/\/now-news.de\/de\/#\/schema\/person\/fb534a4e865501d8b3285208df34a9b5","name":"rtnews","image":{"@type":"ImageObject","inLanguage":"de","@id":"https:\/\/now-news.de\/de\/#\/schema\/person\/image\/","url":"https:\/\/secure.gravatar.com\/avatar\/82aafea7d8127119dd649515f56e2117?s=96&d=mm&r=g","contentUrl":"https:\/\/secure.gravatar.com\/avatar\/82aafea7d8127119dd649515f56e2117?s=96&d=mm&r=g","caption":"rtnews"},"url":"https:\/\/now-news.de\/de\/author\/rnews\/"}]}},"_links":{"self":[{"href":"https:\/\/now-news.de\/de\/wp-json\/wp\/v2\/posts\/59813"}],"collection":[{"href":"https:\/\/now-news.de\/de\/wp-json\/wp\/v2\/posts"}],"about":[{"href":"https:\/\/now-news.de\/de\/wp-json\/wp\/v2\/types\/post"}],"author":[{"embeddable":true,"href":"https:\/\/now-news.de\/de\/wp-json\/wp\/v2\/users\/3"}],"replies":[{"embeddable":true,"href":"https:\/\/now-news.de\/de\/wp-json\/wp\/v2\/comments?post=59813"}],"version-history":[{"count":0,"href":"https:\/\/now-news.de\/de\/wp-json\/wp\/v2\/posts\/59813\/revisions"}],"wp:featuredmedia":[{"embeddable":true,"href":"https:\/\/now-news.de\/de\/wp-json\/wp\/v2\/media\/59814"}],"wp:attachment":[{"href":"https:\/\/now-news.de\/de\/wp-json\/wp\/v2\/media?parent=59813"}],"wp:term":[{"taxonomy":"category","embeddable":true,"href":"https:\/\/now-news.de\/de\/wp-json\/wp\/v2\/categories?post=59813"},{"taxonomy":"post_tag","embeddable":true,"href":"https:\/\/now-news.de\/de\/wp-json\/wp\/v2\/tags?post=59813"}],"curies":[{"name":"wp","href":"https:\/\/api.w.org\/{rel}","templated":true}]}}