{"id":59802,"date":"2024-06-09T18:53:21","date_gmt":"2024-06-09T16:53:21","guid":{"rendered":"https:\/\/now-news.de\/de\/deutschland\/erste-prognosen-zur-eu-wahl-gruene-stuerzen-ab-afd-legt-deutlich-zu-union-staerkste-kraft\/"},"modified":"2024-06-09T18:53:21","modified_gmt":"2024-06-09T16:53:21","slug":"erste-prognosen-zur-eu-wahl-gruene-stuerzen-ab-afd-legt-deutlich-zu-union-staerkste-kraft","status":"publish","type":"post","link":"https:\/\/now-news.de\/de\/deutschland\/erste-prognosen-zur-eu-wahl-gruene-stuerzen-ab-afd-legt-deutlich-zu-union-staerkste-kraft\/","title":{"rendered":"Erste Prognosen zur EU-Wahl: Gr\u00fcne st\u00fcrzen ab, AfD legt deutlich zu, Union st\u00e4rkste Kraft"},"content":{"rendered":"<p><img decoding=\"async\" src=\"https:\/\/now-news.de\/de\/wp-content\/uploads\/sites\/3\/2024\/06\/6665da6fb480cc7e0f6a985c.jpg\" \/><\/p>\n<div class=\"Text-root Text-type_1 \">\n                Die Union ist laut ersten Prognosen klarer Sieger bei der EU-Wahl. Die Gr\u00fcnen mussten empfindliche Verluste hinnehmen, w\u00e4hrend die AfD merklich zulegte. B\u00fcndnis Sahra Wagenknecht kam aus dem Stand auf 5,5 Prozent.\n            <\/div>\n<p><\/p>\n<div class=\"Text-root Text-type_5 ArticleView-text ViewText-root \">\n<p>Den ersten Prognosen zufolge ist die Union bei der EU-Wahl st\u00e4rkste politische Kraft. Laut Prognose von <em>infratest dimap<\/em> f\u00fcr die <em>ARD<\/em> erreichen CDU und CSU zusammen 29,5 Prozent und liegen damit mit deutlichem Abstand vor den anderen Parteien. Davon entfallen 23,5 Prozent auf die CDU und 6,0 Prozent auf die CSU. Bei der Wahl 2019 kam die Union auf 28,9 Prozent.<\/p>\n<p>B\u00fcndnis 90\/Die Gr\u00fcnen m\u00fcssen hingegen sp\u00fcrbare Verluste hinnehmen: Waren sie 2019 mit 20,5 Prozent noch zweitst\u00e4rkste Partei, kommen sie nun nur noch auf 12 Prozent. Die AfD hingegen legt betr\u00e4chtlich\u00a0zu: 2019 kam sie noch auf 11 Prozent der Stimmen, mittlerweile liegt sie bei 16,5 Prozent. Damit landet die AfD vor der SPD, die mit 14 Prozent ihr bisher schlechtestes Ergebnis einf\u00e4hrt. 2019 waren es 15,8 Prozent.<\/p>\n<p>Das B\u00fcndnis Sahra Wagenknecht (BSW) erreicht laut <em>ARD<\/em>-Prognose aus dem Stand 5,5 Prozent. Die Linke erreicht nur noch 2,8 Prozent. 2019 hatte sie noch rund 5,5 Prozent erhalten. Die FDP kommt auf 5,0 Prozent, 2019 waren es 5,4 Prozent. Die Freien W\u00e4hler bekommen 2,6 Prozent, die Partei Volt 2,8 Prozent.<\/p>\n<p>In den 27 EU-Staaten waren rund 360 Millionen B\u00fcrger wahlberechtigt, davon knapp 61\u00a0Millionen Deutsche. Gew\u00e4hlt wurden die 720 Abgeordneten f\u00fcr das neue Europ\u00e4ische Parlament, 96 davon kommen aus Deutschland. Erstmals durften in Deutschland bei einer EU-Wahl auch 16-\u00a0und 17-J\u00e4hrige abstimmen.\u202f<\/p>\n<p>Anders als bei Bundestags- oder Landtagswahlen gibt es in Deutschland bei der EU-Wahl keine F\u00fcnfprozenth\u00fcrde. Auch ein geringerer Stimmenanteil kann deshalb ausreichen, um im EU-Parlament vertreten zu sein. Nach der Wahl 2019 waren rund 0,7 Prozent oder 240.000 Stimmen notwendig, um einen Abgeordneten zu entsenden.<\/p>\n<p><strong>Mehr zum Thema<\/strong>\u00a0\u2013 <a rel=\"nofollow noopener\" target=\"_blank\" href=\"https:\/\/freedert.online\/europa\/206312-mitten-im-eu-wahlkampf-ermittlungen\/\">Mitten im EU-Wahlkampf: Ermittlungen gegen von der Leyen vorl\u00e4ufig ausgesetzt<\/a><\/p>\n<div class=\"EmbedBlock-root EmbedBlock-externalVideo EmbedBlock-vk\">\n<div class=\"VkEmbed\"><iframe class=\"lazyload\" data-src=\"https:\/\/vk.com\/video_ext.php?oid=-134310637&amp;id=456277235\" frameborder=\"0\" width=\"853\" height=\"480\" allowfullscreen><\/iframe><\/div>\n<\/div>\n<\/div>\n<p><br \/>\n<br \/><a href=\"https:\/\/de.rt.com\/europa\/208658-erste-prognose-zur-eu-wahl\/\">Source link <\/a><\/p>\n","protected":false},"excerpt":{"rendered":"<p>Die Union ist laut ersten Prognosen klarer Sieger bei der EU-Wahl. Die Gr\u00fcnen mussten empfindliche Verluste hinnehmen, w\u00e4hrend die AfD merklich zulegte. B\u00fcndnis Sahra Wagenknecht kam aus dem Stand auf 5,5 Prozent. Den ersten Prognosen zufolge ist die Union bei der EU-Wahl st\u00e4rkste politische Kraft. Laut Prognose von infratest dimap f\u00fcr die ARD erreichen CDU [&hellip;]<\/p>\n","protected":false},"author":3,"featured_media":59803,"comment_status":"open","ping_status":"open","sticky":false,"template":"","format":"standard","meta":{"_yoast_indexnow_last_ping":["1717952886"],"wp_automatic_camp":["217"],"daa9b1efc18dfc33b9fdd8af33186cb2":["Erste Prognosen zur EU-Wahl: Gr\u00fcne st\u00fcrzen ab, AfD legt deutlich zu, Union st\u00e4rkste Kraft"],"original_link":["https:\/\/de.rt.com\/europa\/208658-erste-prognose-zur-eu-wahl\/"],"_thumbnail_id":["59803"],"_wptgpro_p2tg_sent2tg":["a:1:{i:23737;s:19:\"2024-06-09 19:09:10\";}"],"jnews_social_counter_last_update":["1777205841"]},"categories":[19,23],"tags":[3815,12212,274,46825,1434,13722,5552,9955,34095,25540,6716,581],"yoast_head":"<!-- This site is optimized with the Yoast SEO Premium plugin v22.7 (Yoast SEO v22.7) - https:\/\/yoast.com\/wordpress\/plugins\/seo\/ -->\n<title>Erste Prognosen zur EU-Wahl: Gr\u00fcne st\u00fcrzen ab, AfD legt deutlich zu, Union st\u00e4rkste Kraft - just-now.NEWS Deutschland<\/title>\n<meta name=\"robots\" content=\"index, follow, max-snippet:-1, max-image-preview:large, max-video-preview:-1\" \/>\n<link rel=\"canonical\" href=\"https:\/\/now-news.de\/de\/deutschland\/erste-prognosen-zur-eu-wahl-gruene-stuerzen-ab-afd-legt-deutlich-zu-union-staerkste-kraft\/\" \/>\n<meta property=\"og:locale\" content=\"de_DE\" \/>\n<meta property=\"og:type\" content=\"article\" \/>\n<meta property=\"og:title\" content=\"Erste Prognosen zur EU-Wahl: Gr\u00fcne st\u00fcrzen ab, AfD legt deutlich zu, Union st\u00e4rkste Kraft\" \/>\n<meta property=\"og:description\" content=\"Die Union ist laut ersten Prognosen klarer Sieger bei der EU-Wahl. Die Gr\u00fcnen mussten empfindliche Verluste hinnehmen, w\u00e4hrend die AfD merklich zulegte. B\u00fcndnis Sahra Wagenknecht kam aus dem Stand auf 5,5 Prozent. Den ersten Prognosen zufolge ist die Union bei der EU-Wahl st\u00e4rkste politische Kraft. Laut Prognose von infratest dimap f\u00fcr die ARD erreichen CDU [&hellip;]\" \/>\n<meta property=\"og:url\" content=\"https:\/\/now-news.de\/de\/deutschland\/erste-prognosen-zur-eu-wahl-gruene-stuerzen-ab-afd-legt-deutlich-zu-union-staerkste-kraft\/\" \/>\n<meta property=\"og:site_name\" content=\"just-now.NEWS Deutschland\" \/>\n<meta property=\"article:publisher\" content=\"https:\/\/www.facebook.com\/wirmachenauf\" \/>\n<meta property=\"article:published_time\" content=\"2024-06-09T16:53:21+00:00\" \/>\n<meta property=\"og:image\" content=\"https:\/\/now-news.de\/de\/wp-content\/uploads\/sites\/3\/2024\/06\/6665da6fb480cc7e0f6a985c.jpg\" \/>\n<meta name=\"author\" content=\"rtnews\" \/>\n<meta name=\"twitter:card\" content=\"summary_large_image\" \/>\n<meta name=\"twitter:creator\" content=\"@WirMachenAuf_de\" \/>\n<meta name=\"twitter:site\" content=\"@WirMachenAuf_de\" \/>\n<meta name=\"twitter:label1\" content=\"Verfasst von\" \/>\n\t<meta name=\"twitter:data1\" content=\"rtnews\" \/>\n\t<meta name=\"twitter:label2\" content=\"Gesch\u00e4tzte Lesezeit\" \/>\n\t<meta name=\"twitter:data2\" content=\"2\u00a0Minuten\" \/>\n<script type=\"application\/ld+json\" class=\"yoast-schema-graph\">{\"@context\":\"https:\/\/schema.org\",\"@graph\":[{\"@type\":\"Article\",\"@id\":\"https:\/\/now-news.de\/de\/deutschland\/erste-prognosen-zur-eu-wahl-gruene-stuerzen-ab-afd-legt-deutlich-zu-union-staerkste-kraft\/#article\",\"isPartOf\":{\"@id\":\"https:\/\/now-news.de\/de\/deutschland\/erste-prognosen-zur-eu-wahl-gruene-stuerzen-ab-afd-legt-deutlich-zu-union-staerkste-kraft\/\"},\"author\":{\"name\":\"rtnews\",\"@id\":\"https:\/\/now-news.de\/de\/#\/schema\/person\/fb534a4e865501d8b3285208df34a9b5\"},\"headline\":\"Erste Prognosen zur EU-Wahl: Gr\u00fcne st\u00fcrzen ab, AfD legt deutlich zu, Union st\u00e4rkste Kraft\",\"datePublished\":\"2024-06-09T16:53:21+00:00\",\"dateModified\":\"2024-06-09T16:53:21+00:00\",\"mainEntityOfPage\":{\"@id\":\"https:\/\/now-news.de\/de\/deutschland\/erste-prognosen-zur-eu-wahl-gruene-stuerzen-ab-afd-legt-deutlich-zu-union-staerkste-kraft\/\"},\"wordCount\":320,\"commentCount\":0,\"publisher\":{\"@id\":\"https:\/\/now-news.de\/de\/#organization\"},\"image\":{\"@id\":\"https:\/\/now-news.de\/de\/deutschland\/erste-prognosen-zur-eu-wahl-gruene-stuerzen-ab-afd-legt-deutlich-zu-union-staerkste-kraft\/#primaryimage\"},\"thumbnailUrl\":\"https:\/\/now-news.de\/de\/wp-content\/uploads\/sites\/3\/2024\/06\/Erste-Prognosen-zur-EU-Wahl-Gruene-stuerzen-ab-AfD-legt-deutlich.jpg\",\"keywords\":[\"AfD\",\"deutlich\",\"Erste\",\"EUWahl\",\"Gr\u00fcne\",\"Kraft\",\"legt\",\"Prognosen\",\"st\u00e4rkste\",\"st\u00fcrzen\",\"Union\",\"zur\"],\"articleSection\":[\"Deutschland\",\"Russland\"],\"inLanguage\":\"de\",\"potentialAction\":[{\"@type\":\"CommentAction\",\"name\":\"Comment\",\"target\":[\"https:\/\/now-news.de\/de\/deutschland\/erste-prognosen-zur-eu-wahl-gruene-stuerzen-ab-afd-legt-deutlich-zu-union-staerkste-kraft\/#respond\"]}]},{\"@type\":\"WebPage\",\"@id\":\"https:\/\/now-news.de\/de\/deutschland\/erste-prognosen-zur-eu-wahl-gruene-stuerzen-ab-afd-legt-deutlich-zu-union-staerkste-kraft\/\",\"url\":\"https:\/\/now-news.de\/de\/deutschland\/erste-prognosen-zur-eu-wahl-gruene-stuerzen-ab-afd-legt-deutlich-zu-union-staerkste-kraft\/\",\"name\":\"Erste Prognosen zur EU-Wahl: Gr\u00fcne st\u00fcrzen ab, AfD legt deutlich zu, Union st\u00e4rkste Kraft - just-now.NEWS Deutschland\",\"isPartOf\":{\"@id\":\"https:\/\/now-news.de\/de\/#website\"},\"primaryImageOfPage\":{\"@id\":\"https:\/\/now-news.de\/de\/deutschland\/erste-prognosen-zur-eu-wahl-gruene-stuerzen-ab-afd-legt-deutlich-zu-union-staerkste-kraft\/#primaryimage\"},\"image\":{\"@id\":\"https:\/\/now-news.de\/de\/deutschland\/erste-prognosen-zur-eu-wahl-gruene-stuerzen-ab-afd-legt-deutlich-zu-union-staerkste-kraft\/#primaryimage\"},\"thumbnailUrl\":\"https:\/\/now-news.de\/de\/wp-content\/uploads\/sites\/3\/2024\/06\/Erste-Prognosen-zur-EU-Wahl-Gruene-stuerzen-ab-AfD-legt-deutlich.jpg\",\"datePublished\":\"2024-06-09T16:53:21+00:00\",\"dateModified\":\"2024-06-09T16:53:21+00:00\",\"breadcrumb\":{\"@id\":\"https:\/\/now-news.de\/de\/deutschland\/erste-prognosen-zur-eu-wahl-gruene-stuerzen-ab-afd-legt-deutlich-zu-union-staerkste-kraft\/#breadcrumb\"},\"inLanguage\":\"de\",\"potentialAction\":[{\"@type\":\"ReadAction\",\"target\":[\"https:\/\/now-news.de\/de\/deutschland\/erste-prognosen-zur-eu-wahl-gruene-stuerzen-ab-afd-legt-deutlich-zu-union-staerkste-kraft\/\"]}]},{\"@type\":\"ImageObject\",\"inLanguage\":\"de\",\"@id\":\"https:\/\/now-news.de\/de\/deutschland\/erste-prognosen-zur-eu-wahl-gruene-stuerzen-ab-afd-legt-deutlich-zu-union-staerkste-kraft\/#primaryimage\",\"url\":\"https:\/\/now-news.de\/de\/wp-content\/uploads\/sites\/3\/2024\/06\/Erste-Prognosen-zur-EU-Wahl-Gruene-stuerzen-ab-AfD-legt-deutlich.jpg\",\"contentUrl\":\"https:\/\/now-news.de\/de\/wp-content\/uploads\/sites\/3\/2024\/06\/Erste-Prognosen-zur-EU-Wahl-Gruene-stuerzen-ab-AfD-legt-deutlich.jpg\",\"width\":460,\"height\":259,\"caption\":\"Erste Prognosen zur EU-Wahl: Gr\u00fcne st\u00fcrzen ab, AfD legt deutlich zu, Union st\u00e4rkste Kraft\"},{\"@type\":\"BreadcrumbList\",\"@id\":\"https:\/\/now-news.de\/de\/deutschland\/erste-prognosen-zur-eu-wahl-gruene-stuerzen-ab-afd-legt-deutlich-zu-union-staerkste-kraft\/#breadcrumb\",\"itemListElement\":[{\"@type\":\"ListItem\",\"position\":1,\"name\":\"Home\",\"item\":\"https:\/\/now-news.de\/de\/\"},{\"@type\":\"ListItem\",\"position\":2,\"name\":\"Erste Prognosen zur EU-Wahl: Gr\u00fcne st\u00fcrzen ab, AfD legt deutlich zu, Union st\u00e4rkste Kraft\"}]},{\"@type\":\"WebSite\",\"@id\":\"https:\/\/now-news.de\/de\/#website\",\"url\":\"https:\/\/now-news.de\/de\/\",\"name\":\"just-now.NEWS Deutschland\",\"description\":\"Das Portal f\u00fcr unzensierte Nachrichten aus der Welt\",\"publisher\":{\"@id\":\"https:\/\/now-news.de\/de\/#organization\"},\"potentialAction\":[{\"@type\":\"SearchAction\",\"target\":{\"@type\":\"EntryPoint\",\"urlTemplate\":\"https:\/\/now-news.de\/de\/?s={search_term_string}\"},\"query-input\":\"required name=search_term_string\"}],\"inLanguage\":\"de\"},{\"@type\":\"Organization\",\"@id\":\"https:\/\/now-news.de\/de\/#organization\",\"name\":\"Just Now News\",\"url\":\"https:\/\/now-news.de\/de\/\",\"logo\":{\"@type\":\"ImageObject\",\"inLanguage\":\"de\",\"@id\":\"https:\/\/now-news.de\/de\/#\/schema\/logo\/image\/\",\"url\":\"http:\/\/just-now.news\/de\/wp-content\/uploads\/sites\/3\/2022\/04\/logo500x500.jpg\",\"contentUrl\":\"http:\/\/just-now.news\/de\/wp-content\/uploads\/sites\/3\/2022\/04\/logo500x500.jpg\",\"width\":500,\"height\":500,\"caption\":\"Just Now News\"},\"image\":{\"@id\":\"https:\/\/now-news.de\/de\/#\/schema\/logo\/image\/\"},\"sameAs\":[\"https:\/\/www.facebook.com\/wirmachenauf\",\"https:\/\/x.com\/WirMachenAuf_de\"]},{\"@type\":\"Person\",\"@id\":\"https:\/\/now-news.de\/de\/#\/schema\/person\/fb534a4e865501d8b3285208df34a9b5\",\"name\":\"rtnews\",\"image\":{\"@type\":\"ImageObject\",\"inLanguage\":\"de\",\"@id\":\"https:\/\/now-news.de\/de\/#\/schema\/person\/image\/\",\"url\":\"https:\/\/secure.gravatar.com\/avatar\/82aafea7d8127119dd649515f56e2117?s=96&d=mm&r=g\",\"contentUrl\":\"https:\/\/secure.gravatar.com\/avatar\/82aafea7d8127119dd649515f56e2117?s=96&d=mm&r=g\",\"caption\":\"rtnews\"},\"url\":\"https:\/\/now-news.de\/de\/author\/rnews\/\"}]}<\/script>\n<!-- \/ Yoast SEO Premium plugin. -->","yoast_head_json":{"title":"Erste Prognosen zur EU-Wahl: Gr\u00fcne st\u00fcrzen ab, AfD legt deutlich zu, Union st\u00e4rkste Kraft - just-now.NEWS Deutschland","robots":{"index":"index","follow":"follow","max-snippet":"max-snippet:-1","max-image-preview":"max-image-preview:large","max-video-preview":"max-video-preview:-1"},"canonical":"https:\/\/now-news.de\/de\/deutschland\/erste-prognosen-zur-eu-wahl-gruene-stuerzen-ab-afd-legt-deutlich-zu-union-staerkste-kraft\/","og_locale":"de_DE","og_type":"article","og_title":"Erste Prognosen zur EU-Wahl: Gr\u00fcne st\u00fcrzen ab, AfD legt deutlich zu, Union st\u00e4rkste Kraft","og_description":"Die Union ist laut ersten Prognosen klarer Sieger bei der EU-Wahl. Die Gr\u00fcnen mussten empfindliche Verluste hinnehmen, w\u00e4hrend die AfD merklich zulegte. B\u00fcndnis Sahra Wagenknecht kam aus dem Stand auf 5,5 Prozent. Den ersten Prognosen zufolge ist die Union bei der EU-Wahl st\u00e4rkste politische Kraft. Laut Prognose von infratest dimap f\u00fcr die ARD erreichen CDU [&hellip;]","og_url":"https:\/\/now-news.de\/de\/deutschland\/erste-prognosen-zur-eu-wahl-gruene-stuerzen-ab-afd-legt-deutlich-zu-union-staerkste-kraft\/","og_site_name":"just-now.NEWS Deutschland","article_publisher":"https:\/\/www.facebook.com\/wirmachenauf","article_published_time":"2024-06-09T16:53:21+00:00","og_image":[{"url":"https:\/\/now-news.de\/de\/wp-content\/uploads\/sites\/3\/2024\/06\/6665da6fb480cc7e0f6a985c.jpg"}],"author":"rtnews","twitter_card":"summary_large_image","twitter_creator":"@WirMachenAuf_de","twitter_site":"@WirMachenAuf_de","twitter_misc":{"Verfasst von":"rtnews","Gesch\u00e4tzte Lesezeit":"2\u00a0Minuten"},"schema":{"@context":"https:\/\/schema.org","@graph":[{"@type":"Article","@id":"https:\/\/now-news.de\/de\/deutschland\/erste-prognosen-zur-eu-wahl-gruene-stuerzen-ab-afd-legt-deutlich-zu-union-staerkste-kraft\/#article","isPartOf":{"@id":"https:\/\/now-news.de\/de\/deutschland\/erste-prognosen-zur-eu-wahl-gruene-stuerzen-ab-afd-legt-deutlich-zu-union-staerkste-kraft\/"},"author":{"name":"rtnews","@id":"https:\/\/now-news.de\/de\/#\/schema\/person\/fb534a4e865501d8b3285208df34a9b5"},"headline":"Erste Prognosen zur EU-Wahl: Gr\u00fcne st\u00fcrzen ab, AfD legt deutlich zu, Union st\u00e4rkste Kraft","datePublished":"2024-06-09T16:53:21+00:00","dateModified":"2024-06-09T16:53:21+00:00","mainEntityOfPage":{"@id":"https:\/\/now-news.de\/de\/deutschland\/erste-prognosen-zur-eu-wahl-gruene-stuerzen-ab-afd-legt-deutlich-zu-union-staerkste-kraft\/"},"wordCount":320,"commentCount":0,"publisher":{"@id":"https:\/\/now-news.de\/de\/#organization"},"image":{"@id":"https:\/\/now-news.de\/de\/deutschland\/erste-prognosen-zur-eu-wahl-gruene-stuerzen-ab-afd-legt-deutlich-zu-union-staerkste-kraft\/#primaryimage"},"thumbnailUrl":"https:\/\/now-news.de\/de\/wp-content\/uploads\/sites\/3\/2024\/06\/Erste-Prognosen-zur-EU-Wahl-Gruene-stuerzen-ab-AfD-legt-deutlich.jpg","keywords":["AfD","deutlich","Erste","EUWahl","Gr\u00fcne","Kraft","legt","Prognosen","st\u00e4rkste","st\u00fcrzen","Union","zur"],"articleSection":["Deutschland","Russland"],"inLanguage":"de","potentialAction":[{"@type":"CommentAction","name":"Comment","target":["https:\/\/now-news.de\/de\/deutschland\/erste-prognosen-zur-eu-wahl-gruene-stuerzen-ab-afd-legt-deutlich-zu-union-staerkste-kraft\/#respond"]}]},{"@type":"WebPage","@id":"https:\/\/now-news.de\/de\/deutschland\/erste-prognosen-zur-eu-wahl-gruene-stuerzen-ab-afd-legt-deutlich-zu-union-staerkste-kraft\/","url":"https:\/\/now-news.de\/de\/deutschland\/erste-prognosen-zur-eu-wahl-gruene-stuerzen-ab-afd-legt-deutlich-zu-union-staerkste-kraft\/","name":"Erste Prognosen zur EU-Wahl: Gr\u00fcne st\u00fcrzen ab, AfD legt deutlich zu, Union st\u00e4rkste Kraft - just-now.NEWS Deutschland","isPartOf":{"@id":"https:\/\/now-news.de\/de\/#website"},"primaryImageOfPage":{"@id":"https:\/\/now-news.de\/de\/deutschland\/erste-prognosen-zur-eu-wahl-gruene-stuerzen-ab-afd-legt-deutlich-zu-union-staerkste-kraft\/#primaryimage"},"image":{"@id":"https:\/\/now-news.de\/de\/deutschland\/erste-prognosen-zur-eu-wahl-gruene-stuerzen-ab-afd-legt-deutlich-zu-union-staerkste-kraft\/#primaryimage"},"thumbnailUrl":"https:\/\/now-news.de\/de\/wp-content\/uploads\/sites\/3\/2024\/06\/Erste-Prognosen-zur-EU-Wahl-Gruene-stuerzen-ab-AfD-legt-deutlich.jpg","datePublished":"2024-06-09T16:53:21+00:00","dateModified":"2024-06-09T16:53:21+00:00","breadcrumb":{"@id":"https:\/\/now-news.de\/de\/deutschland\/erste-prognosen-zur-eu-wahl-gruene-stuerzen-ab-afd-legt-deutlich-zu-union-staerkste-kraft\/#breadcrumb"},"inLanguage":"de","potentialAction":[{"@type":"ReadAction","target":["https:\/\/now-news.de\/de\/deutschland\/erste-prognosen-zur-eu-wahl-gruene-stuerzen-ab-afd-legt-deutlich-zu-union-staerkste-kraft\/"]}]},{"@type":"ImageObject","inLanguage":"de","@id":"https:\/\/now-news.de\/de\/deutschland\/erste-prognosen-zur-eu-wahl-gruene-stuerzen-ab-afd-legt-deutlich-zu-union-staerkste-kraft\/#primaryimage","url":"https:\/\/now-news.de\/de\/wp-content\/uploads\/sites\/3\/2024\/06\/Erste-Prognosen-zur-EU-Wahl-Gruene-stuerzen-ab-AfD-legt-deutlich.jpg","contentUrl":"https:\/\/now-news.de\/de\/wp-content\/uploads\/sites\/3\/2024\/06\/Erste-Prognosen-zur-EU-Wahl-Gruene-stuerzen-ab-AfD-legt-deutlich.jpg","width":460,"height":259,"caption":"Erste Prognosen zur EU-Wahl: Gr\u00fcne st\u00fcrzen ab, AfD legt deutlich zu, Union st\u00e4rkste Kraft"},{"@type":"BreadcrumbList","@id":"https:\/\/now-news.de\/de\/deutschland\/erste-prognosen-zur-eu-wahl-gruene-stuerzen-ab-afd-legt-deutlich-zu-union-staerkste-kraft\/#breadcrumb","itemListElement":[{"@type":"ListItem","position":1,"name":"Home","item":"https:\/\/now-news.de\/de\/"},{"@type":"ListItem","position":2,"name":"Erste Prognosen zur EU-Wahl: Gr\u00fcne st\u00fcrzen ab, AfD legt deutlich zu, Union st\u00e4rkste Kraft"}]},{"@type":"WebSite","@id":"https:\/\/now-news.de\/de\/#website","url":"https:\/\/now-news.de\/de\/","name":"just-now.NEWS Deutschland","description":"Das Portal f\u00fcr unzensierte Nachrichten aus der Welt","publisher":{"@id":"https:\/\/now-news.de\/de\/#organization"},"potentialAction":[{"@type":"SearchAction","target":{"@type":"EntryPoint","urlTemplate":"https:\/\/now-news.de\/de\/?s={search_term_string}"},"query-input":"required name=search_term_string"}],"inLanguage":"de"},{"@type":"Organization","@id":"https:\/\/now-news.de\/de\/#organization","name":"Just Now News","url":"https:\/\/now-news.de\/de\/","logo":{"@type":"ImageObject","inLanguage":"de","@id":"https:\/\/now-news.de\/de\/#\/schema\/logo\/image\/","url":"http:\/\/just-now.news\/de\/wp-content\/uploads\/sites\/3\/2022\/04\/logo500x500.jpg","contentUrl":"http:\/\/just-now.news\/de\/wp-content\/uploads\/sites\/3\/2022\/04\/logo500x500.jpg","width":500,"height":500,"caption":"Just Now News"},"image":{"@id":"https:\/\/now-news.de\/de\/#\/schema\/logo\/image\/"},"sameAs":["https:\/\/www.facebook.com\/wirmachenauf","https:\/\/x.com\/WirMachenAuf_de"]},{"@type":"Person","@id":"https:\/\/now-news.de\/de\/#\/schema\/person\/fb534a4e865501d8b3285208df34a9b5","name":"rtnews","image":{"@type":"ImageObject","inLanguage":"de","@id":"https:\/\/now-news.de\/de\/#\/schema\/person\/image\/","url":"https:\/\/secure.gravatar.com\/avatar\/82aafea7d8127119dd649515f56e2117?s=96&d=mm&r=g","contentUrl":"https:\/\/secure.gravatar.com\/avatar\/82aafea7d8127119dd649515f56e2117?s=96&d=mm&r=g","caption":"rtnews"},"url":"https:\/\/now-news.de\/de\/author\/rnews\/"}]}},"_links":{"self":[{"href":"https:\/\/now-news.de\/de\/wp-json\/wp\/v2\/posts\/59802"}],"collection":[{"href":"https:\/\/now-news.de\/de\/wp-json\/wp\/v2\/posts"}],"about":[{"href":"https:\/\/now-news.de\/de\/wp-json\/wp\/v2\/types\/post"}],"author":[{"embeddable":true,"href":"https:\/\/now-news.de\/de\/wp-json\/wp\/v2\/users\/3"}],"replies":[{"embeddable":true,"href":"https:\/\/now-news.de\/de\/wp-json\/wp\/v2\/comments?post=59802"}],"version-history":[{"count":0,"href":"https:\/\/now-news.de\/de\/wp-json\/wp\/v2\/posts\/59802\/revisions"}],"wp:featuredmedia":[{"embeddable":true,"href":"https:\/\/now-news.de\/de\/wp-json\/wp\/v2\/media\/59803"}],"wp:attachment":[{"href":"https:\/\/now-news.de\/de\/wp-json\/wp\/v2\/media?parent=59802"}],"wp:term":[{"taxonomy":"category","embeddable":true,"href":"https:\/\/now-news.de\/de\/wp-json\/wp\/v2\/categories?post=59802"},{"taxonomy":"post_tag","embeddable":true,"href":"https:\/\/now-news.de\/de\/wp-json\/wp\/v2\/tags?post=59802"}],"curies":[{"name":"wp","href":"https:\/\/api.w.org\/{rel}","templated":true}]}}