{"id":59730,"date":"2024-06-08T14:15:36","date_gmt":"2024-06-08T12:15:36","guid":{"rendered":"https:\/\/now-news.de\/de\/deutschland\/daenische-ministerpraesidentin-auf-offener-strasse-angegriffen-und-verpruegelt\/"},"modified":"2024-06-08T14:15:36","modified_gmt":"2024-06-08T12:15:36","slug":"daenische-ministerpraesidentin-auf-offener-strasse-angegriffen-und-verpruegelt","status":"publish","type":"post","link":"https:\/\/now-news.de\/de\/deutschland\/daenische-ministerpraesidentin-auf-offener-strasse-angegriffen-und-verpruegelt\/","title":{"rendered":"D\u00e4nische Ministerpr\u00e4sidentin auf offener Stra\u00dfe angegriffen und verpr\u00fcgelt"},"content":{"rendered":"<p><img decoding=\"async\" src=\"https:\/\/now-news.de\/de\/wp-content\/uploads\/sites\/3\/2024\/06\/6664437ab480cc5087431064.jpg\" \/><\/p>\n<div class=\"Text-root Text-type_1 \">\n                Die d\u00e4nische Ministerpr\u00e4sidentin Mette Frederiksen wurde am Freitag bei einer Wahlkampfveranstaltung auf einem \u00f6ffentlichen Platz in Kopenhagen angegriffen. Die Polizei hat inzwischen einen m\u00e4nnlichen Tatverd\u00e4chtigen festgenommen. Frederiksen sei nicht schwer verletzt.\n            <\/div>\n<p><\/p>\n<div class=\"Text-root Text-type_5 ArticleView-text ViewText-root \">\n<p>Der Angriff auf die d\u00e4nische Ministerpr\u00e4sidentin Mette Frederiksen fand auf dem Kultorvet-Platz im Zentrum der d\u00e4nischen Hauptstadt statt. Vor dem \u00dcberfall hatte Frederiksen dort gemeinsam mit der Spitzenkandidatin ihrer Partei f\u00fcr die Europawahl Christel Schaldemose an einer Wahlkampfveranstaltung teilgenommen. Der d\u00e4nische Umweltminister Magnus Heunicke teilte in den sozialen Medien mit:<\/p>\n<blockquote>\n<p><em>&#8220;Mette Frederiksen wurde heute auf dem Kultorvet in Kopenhagen von einem Mann angegriffen und geschlagen. Mette ist nat\u00fcrlich schockiert \u00fcber den Angriff. Ich muss sagen, dass es uns alle, die ihr nahestehen, ersch\u00fcttert.&#8221;<\/em><\/p>\n<\/blockquote>\n<p>Frederiksens B\u00fcro erkl\u00e4rte, die Ministerpr\u00e4sidentin sei schockiert \u00fcber den Vorfall. Dar\u00fcber hinaus gab das B\u00fcro keinen weiteren Kommentar ab. Eine ungenannte Quelle sagte der d\u00e4nischen Tageszeitung <em>Ekstra Bladet<\/em>, Frederiksen sei nicht ernsthaft verletzt, aber &#8220;sehr ersch\u00fcttert&#8221;. Die Polizei hat einen m\u00e4nnlichen Verd\u00e4chtigen in Gewahrsam genommen, berichtete <em>DR News<\/em>.<\/p>\n<p>Der Anschlag auf Frederiksen ereignete sich weniger als einen Monat nach dem bewaffneten Attentat auf den slowakischen Ministerpr\u00e4sidenten Robert Fico. Der slowakische Regierungschef befindet sich inzwischen wieder auf dem Weg der Besserung. Er machte den &#8220;Hass und die Aggressivit\u00e4t&#8221; der prowestlichen politischen Opposition der Slowakei f\u00fcr den Anschlag verantwortlich.<\/p>\n<p>Gegner und Verb\u00fcndete von Frederiksen verurteilten den Anschlag vom Freitag. &#8220;Man kann \u00fcber Politik unterschiedlicher Meinung sein, aber Gewalt ist und bleibt v\u00f6llig inakzeptabel&#8221;, schrieb Peter Skaarup von den rechtsgerichteten Danmarksdemokraterne (auf Deutsch: D\u00e4nemarksdemokraten). &#8220;Herzliche Gr\u00fc\u00dfe an Ministerpr\u00e4sidentin Mette Frederiksen. Sie muss auf jeden Fall ihren Wahlkampf f\u00fchren k\u00f6nnen, ohne gewaltt\u00e4tigen \u00dcbergriffen ausgesetzt zu sein.&#8221;<\/p>\n<p><strong>Mehr zum Thema<\/strong> \u2013 <a rel=\"nofollow noopener\" target=\"_blank\" href=\"https:\/\/dert.online\/europa\/206803-sie-sehen-was-mit-fico-passiert-ist-georgischer-premier-morddrohungen-der-eu\/\">&#8220;Sie sehen, was mit Fico passiert ist&#8221; \u2013 Georgischer Premier berichtet von Morddrohungen der EU<\/a><\/p>\n<\/div>\n<p><br \/>\n<br \/><a href=\"https:\/\/de.rt.com\/europa\/208553-daenische-premierministerin-auf-offener-strasse\/\">Source link <\/a><\/p>\n","protected":false},"excerpt":{"rendered":"<p>Die d\u00e4nische Ministerpr\u00e4sidentin Mette Frederiksen wurde am Freitag bei einer Wahlkampfveranstaltung auf einem \u00f6ffentlichen Platz in Kopenhagen angegriffen. Die Polizei hat inzwischen einen m\u00e4nnlichen Tatverd\u00e4chtigen festgenommen. Frederiksen sei nicht schwer verletzt. Der Angriff auf die d\u00e4nische Ministerpr\u00e4sidentin Mette Frederiksen fand auf dem Kultorvet-Platz im Zentrum der d\u00e4nischen Hauptstadt statt. Vor dem \u00dcberfall hatte Frederiksen dort [&hellip;]<\/p>\n","protected":false},"author":3,"featured_media":59731,"comment_status":"open","ping_status":"open","sticky":false,"template":"","format":"standard","meta":{"_yoast_indexnow_last_ping":["1717849390"],"wp_automatic_camp":["217"],"a02a6e3481887811e852cd7f25feeca7":["D\u00e4nische Ministerpr\u00e4sidentin auf offener Stra\u00dfe angegriffen und verpr\u00fcgelt"],"original_link":["https:\/\/de.rt.com\/europa\/208553-daenische-premierministerin-auf-offener-strasse\/"],"_thumbnail_id":["59731"],"_wptgpro_p2tg_sent2tg":["a:1:{i:23737;s:19:\"2024-06-08 14:24:09\";}"],"jnews_social_counter_last_update":["1777567795"]},"categories":[19,23],"tags":[18042,133,38007,11412,8303,3378,140,15321],"yoast_head":"<!-- This site is optimized with the Yoast SEO Premium plugin v22.7 (Yoast SEO v22.7) - https:\/\/yoast.com\/wordpress\/plugins\/seo\/ -->\n<title>D\u00e4nische Ministerpr\u00e4sidentin auf offener Stra\u00dfe angegriffen und verpr\u00fcgelt - just-now.NEWS Deutschland<\/title>\n<meta name=\"robots\" content=\"index, follow, max-snippet:-1, max-image-preview:large, max-video-preview:-1\" \/>\n<link rel=\"canonical\" href=\"https:\/\/now-news.de\/de\/deutschland\/daenische-ministerpraesidentin-auf-offener-strasse-angegriffen-und-verpruegelt\/\" \/>\n<meta property=\"og:locale\" content=\"de_DE\" \/>\n<meta property=\"og:type\" content=\"article\" \/>\n<meta property=\"og:title\" content=\"D\u00e4nische Ministerpr\u00e4sidentin auf offener Stra\u00dfe angegriffen und verpr\u00fcgelt\" \/>\n<meta property=\"og:description\" content=\"Die d\u00e4nische Ministerpr\u00e4sidentin Mette Frederiksen wurde am Freitag bei einer Wahlkampfveranstaltung auf einem \u00f6ffentlichen Platz in Kopenhagen angegriffen. Die Polizei hat inzwischen einen m\u00e4nnlichen Tatverd\u00e4chtigen festgenommen. Frederiksen sei nicht schwer verletzt. Der Angriff auf die d\u00e4nische Ministerpr\u00e4sidentin Mette Frederiksen fand auf dem Kultorvet-Platz im Zentrum der d\u00e4nischen Hauptstadt statt. Vor dem \u00dcberfall hatte Frederiksen dort [&hellip;]\" \/>\n<meta property=\"og:url\" content=\"https:\/\/now-news.de\/de\/deutschland\/daenische-ministerpraesidentin-auf-offener-strasse-angegriffen-und-verpruegelt\/\" \/>\n<meta property=\"og:site_name\" content=\"just-now.NEWS Deutschland\" \/>\n<meta property=\"article:publisher\" content=\"https:\/\/www.facebook.com\/wirmachenauf\" \/>\n<meta property=\"article:published_time\" content=\"2024-06-08T12:15:36+00:00\" \/>\n<meta property=\"og:image\" content=\"https:\/\/now-news.de\/de\/wp-content\/uploads\/sites\/3\/2024\/06\/6664437ab480cc5087431064.jpg\" \/>\n<meta name=\"author\" content=\"rtnews\" \/>\n<meta name=\"twitter:card\" content=\"summary_large_image\" \/>\n<meta name=\"twitter:creator\" content=\"@WirMachenAuf_de\" \/>\n<meta name=\"twitter:site\" content=\"@WirMachenAuf_de\" \/>\n<meta name=\"twitter:label1\" content=\"Verfasst von\" \/>\n\t<meta name=\"twitter:data1\" content=\"rtnews\" \/>\n\t<meta name=\"twitter:label2\" content=\"Gesch\u00e4tzte Lesezeit\" \/>\n\t<meta name=\"twitter:data2\" content=\"2\u00a0Minuten\" \/>\n<script type=\"application\/ld+json\" class=\"yoast-schema-graph\">{\"@context\":\"https:\/\/schema.org\",\"@graph\":[{\"@type\":\"Article\",\"@id\":\"https:\/\/now-news.de\/de\/deutschland\/daenische-ministerpraesidentin-auf-offener-strasse-angegriffen-und-verpruegelt\/#article\",\"isPartOf\":{\"@id\":\"https:\/\/now-news.de\/de\/deutschland\/daenische-ministerpraesidentin-auf-offener-strasse-angegriffen-und-verpruegelt\/\"},\"author\":{\"name\":\"rtnews\",\"@id\":\"https:\/\/now-news.de\/de\/#\/schema\/person\/fb534a4e865501d8b3285208df34a9b5\"},\"headline\":\"D\u00e4nische Ministerpr\u00e4sidentin auf offener Stra\u00dfe angegriffen und verpr\u00fcgelt\",\"datePublished\":\"2024-06-08T12:15:36+00:00\",\"dateModified\":\"2024-06-08T12:15:36+00:00\",\"mainEntityOfPage\":{\"@id\":\"https:\/\/now-news.de\/de\/deutschland\/daenische-ministerpraesidentin-auf-offener-strasse-angegriffen-und-verpruegelt\/\"},\"wordCount\":329,\"commentCount\":0,\"publisher\":{\"@id\":\"https:\/\/now-news.de\/de\/#organization\"},\"image\":{\"@id\":\"https:\/\/now-news.de\/de\/deutschland\/daenische-ministerpraesidentin-auf-offener-strasse-angegriffen-und-verpruegelt\/#primaryimage\"},\"thumbnailUrl\":\"https:\/\/now-news.de\/de\/wp-content\/uploads\/sites\/3\/2024\/06\/Daenische-Ministerpraesidentin-auf-offener-Strasse-angegriffen-und-verpruegelt.jpg\",\"keywords\":[\"angegriffen\",\"AUF\",\"D\u00e4nische\",\"Ministerpr\u00e4sidentin\",\"Offener\",\"Stra\u00dfe\",\"und\",\"verpr\u00fcgelt\"],\"articleSection\":[\"Deutschland\",\"Russland\"],\"inLanguage\":\"de\",\"potentialAction\":[{\"@type\":\"CommentAction\",\"name\":\"Comment\",\"target\":[\"https:\/\/now-news.de\/de\/deutschland\/daenische-ministerpraesidentin-auf-offener-strasse-angegriffen-und-verpruegelt\/#respond\"]}]},{\"@type\":\"WebPage\",\"@id\":\"https:\/\/now-news.de\/de\/deutschland\/daenische-ministerpraesidentin-auf-offener-strasse-angegriffen-und-verpruegelt\/\",\"url\":\"https:\/\/now-news.de\/de\/deutschland\/daenische-ministerpraesidentin-auf-offener-strasse-angegriffen-und-verpruegelt\/\",\"name\":\"D\u00e4nische Ministerpr\u00e4sidentin auf offener Stra\u00dfe angegriffen und verpr\u00fcgelt - just-now.NEWS Deutschland\",\"isPartOf\":{\"@id\":\"https:\/\/now-news.de\/de\/#website\"},\"primaryImageOfPage\":{\"@id\":\"https:\/\/now-news.de\/de\/deutschland\/daenische-ministerpraesidentin-auf-offener-strasse-angegriffen-und-verpruegelt\/#primaryimage\"},\"image\":{\"@id\":\"https:\/\/now-news.de\/de\/deutschland\/daenische-ministerpraesidentin-auf-offener-strasse-angegriffen-und-verpruegelt\/#primaryimage\"},\"thumbnailUrl\":\"https:\/\/now-news.de\/de\/wp-content\/uploads\/sites\/3\/2024\/06\/Daenische-Ministerpraesidentin-auf-offener-Strasse-angegriffen-und-verpruegelt.jpg\",\"datePublished\":\"2024-06-08T12:15:36+00:00\",\"dateModified\":\"2024-06-08T12:15:36+00:00\",\"breadcrumb\":{\"@id\":\"https:\/\/now-news.de\/de\/deutschland\/daenische-ministerpraesidentin-auf-offener-strasse-angegriffen-und-verpruegelt\/#breadcrumb\"},\"inLanguage\":\"de\",\"potentialAction\":[{\"@type\":\"ReadAction\",\"target\":[\"https:\/\/now-news.de\/de\/deutschland\/daenische-ministerpraesidentin-auf-offener-strasse-angegriffen-und-verpruegelt\/\"]}]},{\"@type\":\"ImageObject\",\"inLanguage\":\"de\",\"@id\":\"https:\/\/now-news.de\/de\/deutschland\/daenische-ministerpraesidentin-auf-offener-strasse-angegriffen-und-verpruegelt\/#primaryimage\",\"url\":\"https:\/\/now-news.de\/de\/wp-content\/uploads\/sites\/3\/2024\/06\/Daenische-Ministerpraesidentin-auf-offener-Strasse-angegriffen-und-verpruegelt.jpg\",\"contentUrl\":\"https:\/\/now-news.de\/de\/wp-content\/uploads\/sites\/3\/2024\/06\/Daenische-Ministerpraesidentin-auf-offener-Strasse-angegriffen-und-verpruegelt.jpg\",\"width\":460,\"height\":259,\"caption\":\"D\u00e4nische Ministerpr\u00e4sidentin auf offener Stra\u00dfe angegriffen und verpr\u00fcgelt\"},{\"@type\":\"BreadcrumbList\",\"@id\":\"https:\/\/now-news.de\/de\/deutschland\/daenische-ministerpraesidentin-auf-offener-strasse-angegriffen-und-verpruegelt\/#breadcrumb\",\"itemListElement\":[{\"@type\":\"ListItem\",\"position\":1,\"name\":\"Home\",\"item\":\"https:\/\/now-news.de\/de\/\"},{\"@type\":\"ListItem\",\"position\":2,\"name\":\"D\u00e4nische Ministerpr\u00e4sidentin auf offener Stra\u00dfe angegriffen und verpr\u00fcgelt\"}]},{\"@type\":\"WebSite\",\"@id\":\"https:\/\/now-news.de\/de\/#website\",\"url\":\"https:\/\/now-news.de\/de\/\",\"name\":\"just-now.NEWS Deutschland\",\"description\":\"Das Portal f\u00fcr unzensierte Nachrichten aus der Welt\",\"publisher\":{\"@id\":\"https:\/\/now-news.de\/de\/#organization\"},\"potentialAction\":[{\"@type\":\"SearchAction\",\"target\":{\"@type\":\"EntryPoint\",\"urlTemplate\":\"https:\/\/now-news.de\/de\/?s={search_term_string}\"},\"query-input\":\"required name=search_term_string\"}],\"inLanguage\":\"de\"},{\"@type\":\"Organization\",\"@id\":\"https:\/\/now-news.de\/de\/#organization\",\"name\":\"Just Now News\",\"url\":\"https:\/\/now-news.de\/de\/\",\"logo\":{\"@type\":\"ImageObject\",\"inLanguage\":\"de\",\"@id\":\"https:\/\/now-news.de\/de\/#\/schema\/logo\/image\/\",\"url\":\"http:\/\/just-now.news\/de\/wp-content\/uploads\/sites\/3\/2022\/04\/logo500x500.jpg\",\"contentUrl\":\"http:\/\/just-now.news\/de\/wp-content\/uploads\/sites\/3\/2022\/04\/logo500x500.jpg\",\"width\":500,\"height\":500,\"caption\":\"Just Now News\"},\"image\":{\"@id\":\"https:\/\/now-news.de\/de\/#\/schema\/logo\/image\/\"},\"sameAs\":[\"https:\/\/www.facebook.com\/wirmachenauf\",\"https:\/\/x.com\/WirMachenAuf_de\"]},{\"@type\":\"Person\",\"@id\":\"https:\/\/now-news.de\/de\/#\/schema\/person\/fb534a4e865501d8b3285208df34a9b5\",\"name\":\"rtnews\",\"image\":{\"@type\":\"ImageObject\",\"inLanguage\":\"de\",\"@id\":\"https:\/\/now-news.de\/de\/#\/schema\/person\/image\/\",\"url\":\"https:\/\/secure.gravatar.com\/avatar\/82aafea7d8127119dd649515f56e2117?s=96&d=mm&r=g\",\"contentUrl\":\"https:\/\/secure.gravatar.com\/avatar\/82aafea7d8127119dd649515f56e2117?s=96&d=mm&r=g\",\"caption\":\"rtnews\"},\"url\":\"https:\/\/now-news.de\/de\/author\/rnews\/\"}]}<\/script>\n<!-- \/ Yoast SEO Premium plugin. -->","yoast_head_json":{"title":"D\u00e4nische Ministerpr\u00e4sidentin auf offener Stra\u00dfe angegriffen und verpr\u00fcgelt - just-now.NEWS Deutschland","robots":{"index":"index","follow":"follow","max-snippet":"max-snippet:-1","max-image-preview":"max-image-preview:large","max-video-preview":"max-video-preview:-1"},"canonical":"https:\/\/now-news.de\/de\/deutschland\/daenische-ministerpraesidentin-auf-offener-strasse-angegriffen-und-verpruegelt\/","og_locale":"de_DE","og_type":"article","og_title":"D\u00e4nische Ministerpr\u00e4sidentin auf offener Stra\u00dfe angegriffen und verpr\u00fcgelt","og_description":"Die d\u00e4nische Ministerpr\u00e4sidentin Mette Frederiksen wurde am Freitag bei einer Wahlkampfveranstaltung auf einem \u00f6ffentlichen Platz in Kopenhagen angegriffen. Die Polizei hat inzwischen einen m\u00e4nnlichen Tatverd\u00e4chtigen festgenommen. Frederiksen sei nicht schwer verletzt. Der Angriff auf die d\u00e4nische Ministerpr\u00e4sidentin Mette Frederiksen fand auf dem Kultorvet-Platz im Zentrum der d\u00e4nischen Hauptstadt statt. Vor dem \u00dcberfall hatte Frederiksen dort [&hellip;]","og_url":"https:\/\/now-news.de\/de\/deutschland\/daenische-ministerpraesidentin-auf-offener-strasse-angegriffen-und-verpruegelt\/","og_site_name":"just-now.NEWS Deutschland","article_publisher":"https:\/\/www.facebook.com\/wirmachenauf","article_published_time":"2024-06-08T12:15:36+00:00","og_image":[{"url":"https:\/\/now-news.de\/de\/wp-content\/uploads\/sites\/3\/2024\/06\/6664437ab480cc5087431064.jpg"}],"author":"rtnews","twitter_card":"summary_large_image","twitter_creator":"@WirMachenAuf_de","twitter_site":"@WirMachenAuf_de","twitter_misc":{"Verfasst von":"rtnews","Gesch\u00e4tzte Lesezeit":"2\u00a0Minuten"},"schema":{"@context":"https:\/\/schema.org","@graph":[{"@type":"Article","@id":"https:\/\/now-news.de\/de\/deutschland\/daenische-ministerpraesidentin-auf-offener-strasse-angegriffen-und-verpruegelt\/#article","isPartOf":{"@id":"https:\/\/now-news.de\/de\/deutschland\/daenische-ministerpraesidentin-auf-offener-strasse-angegriffen-und-verpruegelt\/"},"author":{"name":"rtnews","@id":"https:\/\/now-news.de\/de\/#\/schema\/person\/fb534a4e865501d8b3285208df34a9b5"},"headline":"D\u00e4nische Ministerpr\u00e4sidentin auf offener Stra\u00dfe angegriffen und verpr\u00fcgelt","datePublished":"2024-06-08T12:15:36+00:00","dateModified":"2024-06-08T12:15:36+00:00","mainEntityOfPage":{"@id":"https:\/\/now-news.de\/de\/deutschland\/daenische-ministerpraesidentin-auf-offener-strasse-angegriffen-und-verpruegelt\/"},"wordCount":329,"commentCount":0,"publisher":{"@id":"https:\/\/now-news.de\/de\/#organization"},"image":{"@id":"https:\/\/now-news.de\/de\/deutschland\/daenische-ministerpraesidentin-auf-offener-strasse-angegriffen-und-verpruegelt\/#primaryimage"},"thumbnailUrl":"https:\/\/now-news.de\/de\/wp-content\/uploads\/sites\/3\/2024\/06\/Daenische-Ministerpraesidentin-auf-offener-Strasse-angegriffen-und-verpruegelt.jpg","keywords":["angegriffen","AUF","D\u00e4nische","Ministerpr\u00e4sidentin","Offener","Stra\u00dfe","und","verpr\u00fcgelt"],"articleSection":["Deutschland","Russland"],"inLanguage":"de","potentialAction":[{"@type":"CommentAction","name":"Comment","target":["https:\/\/now-news.de\/de\/deutschland\/daenische-ministerpraesidentin-auf-offener-strasse-angegriffen-und-verpruegelt\/#respond"]}]},{"@type":"WebPage","@id":"https:\/\/now-news.de\/de\/deutschland\/daenische-ministerpraesidentin-auf-offener-strasse-angegriffen-und-verpruegelt\/","url":"https:\/\/now-news.de\/de\/deutschland\/daenische-ministerpraesidentin-auf-offener-strasse-angegriffen-und-verpruegelt\/","name":"D\u00e4nische Ministerpr\u00e4sidentin auf offener Stra\u00dfe angegriffen und verpr\u00fcgelt - just-now.NEWS Deutschland","isPartOf":{"@id":"https:\/\/now-news.de\/de\/#website"},"primaryImageOfPage":{"@id":"https:\/\/now-news.de\/de\/deutschland\/daenische-ministerpraesidentin-auf-offener-strasse-angegriffen-und-verpruegelt\/#primaryimage"},"image":{"@id":"https:\/\/now-news.de\/de\/deutschland\/daenische-ministerpraesidentin-auf-offener-strasse-angegriffen-und-verpruegelt\/#primaryimage"},"thumbnailUrl":"https:\/\/now-news.de\/de\/wp-content\/uploads\/sites\/3\/2024\/06\/Daenische-Ministerpraesidentin-auf-offener-Strasse-angegriffen-und-verpruegelt.jpg","datePublished":"2024-06-08T12:15:36+00:00","dateModified":"2024-06-08T12:15:36+00:00","breadcrumb":{"@id":"https:\/\/now-news.de\/de\/deutschland\/daenische-ministerpraesidentin-auf-offener-strasse-angegriffen-und-verpruegelt\/#breadcrumb"},"inLanguage":"de","potentialAction":[{"@type":"ReadAction","target":["https:\/\/now-news.de\/de\/deutschland\/daenische-ministerpraesidentin-auf-offener-strasse-angegriffen-und-verpruegelt\/"]}]},{"@type":"ImageObject","inLanguage":"de","@id":"https:\/\/now-news.de\/de\/deutschland\/daenische-ministerpraesidentin-auf-offener-strasse-angegriffen-und-verpruegelt\/#primaryimage","url":"https:\/\/now-news.de\/de\/wp-content\/uploads\/sites\/3\/2024\/06\/Daenische-Ministerpraesidentin-auf-offener-Strasse-angegriffen-und-verpruegelt.jpg","contentUrl":"https:\/\/now-news.de\/de\/wp-content\/uploads\/sites\/3\/2024\/06\/Daenische-Ministerpraesidentin-auf-offener-Strasse-angegriffen-und-verpruegelt.jpg","width":460,"height":259,"caption":"D\u00e4nische Ministerpr\u00e4sidentin auf offener Stra\u00dfe angegriffen und verpr\u00fcgelt"},{"@type":"BreadcrumbList","@id":"https:\/\/now-news.de\/de\/deutschland\/daenische-ministerpraesidentin-auf-offener-strasse-angegriffen-und-verpruegelt\/#breadcrumb","itemListElement":[{"@type":"ListItem","position":1,"name":"Home","item":"https:\/\/now-news.de\/de\/"},{"@type":"ListItem","position":2,"name":"D\u00e4nische Ministerpr\u00e4sidentin auf offener Stra\u00dfe angegriffen und verpr\u00fcgelt"}]},{"@type":"WebSite","@id":"https:\/\/now-news.de\/de\/#website","url":"https:\/\/now-news.de\/de\/","name":"just-now.NEWS Deutschland","description":"Das Portal f\u00fcr unzensierte Nachrichten aus der Welt","publisher":{"@id":"https:\/\/now-news.de\/de\/#organization"},"potentialAction":[{"@type":"SearchAction","target":{"@type":"EntryPoint","urlTemplate":"https:\/\/now-news.de\/de\/?s={search_term_string}"},"query-input":"required name=search_term_string"}],"inLanguage":"de"},{"@type":"Organization","@id":"https:\/\/now-news.de\/de\/#organization","name":"Just Now News","url":"https:\/\/now-news.de\/de\/","logo":{"@type":"ImageObject","inLanguage":"de","@id":"https:\/\/now-news.de\/de\/#\/schema\/logo\/image\/","url":"http:\/\/just-now.news\/de\/wp-content\/uploads\/sites\/3\/2022\/04\/logo500x500.jpg","contentUrl":"http:\/\/just-now.news\/de\/wp-content\/uploads\/sites\/3\/2022\/04\/logo500x500.jpg","width":500,"height":500,"caption":"Just Now News"},"image":{"@id":"https:\/\/now-news.de\/de\/#\/schema\/logo\/image\/"},"sameAs":["https:\/\/www.facebook.com\/wirmachenauf","https:\/\/x.com\/WirMachenAuf_de"]},{"@type":"Person","@id":"https:\/\/now-news.de\/de\/#\/schema\/person\/fb534a4e865501d8b3285208df34a9b5","name":"rtnews","image":{"@type":"ImageObject","inLanguage":"de","@id":"https:\/\/now-news.de\/de\/#\/schema\/person\/image\/","url":"https:\/\/secure.gravatar.com\/avatar\/82aafea7d8127119dd649515f56e2117?s=96&d=mm&r=g","contentUrl":"https:\/\/secure.gravatar.com\/avatar\/82aafea7d8127119dd649515f56e2117?s=96&d=mm&r=g","caption":"rtnews"},"url":"https:\/\/now-news.de\/de\/author\/rnews\/"}]}},"_links":{"self":[{"href":"https:\/\/now-news.de\/de\/wp-json\/wp\/v2\/posts\/59730"}],"collection":[{"href":"https:\/\/now-news.de\/de\/wp-json\/wp\/v2\/posts"}],"about":[{"href":"https:\/\/now-news.de\/de\/wp-json\/wp\/v2\/types\/post"}],"author":[{"embeddable":true,"href":"https:\/\/now-news.de\/de\/wp-json\/wp\/v2\/users\/3"}],"replies":[{"embeddable":true,"href":"https:\/\/now-news.de\/de\/wp-json\/wp\/v2\/comments?post=59730"}],"version-history":[{"count":0,"href":"https:\/\/now-news.de\/de\/wp-json\/wp\/v2\/posts\/59730\/revisions"}],"wp:featuredmedia":[{"embeddable":true,"href":"https:\/\/now-news.de\/de\/wp-json\/wp\/v2\/media\/59731"}],"wp:attachment":[{"href":"https:\/\/now-news.de\/de\/wp-json\/wp\/v2\/media?parent=59730"}],"wp:term":[{"taxonomy":"category","embeddable":true,"href":"https:\/\/now-news.de\/de\/wp-json\/wp\/v2\/categories?post=59730"},{"taxonomy":"post_tag","embeddable":true,"href":"https:\/\/now-news.de\/de\/wp-json\/wp\/v2\/tags?post=59730"}],"curies":[{"name":"wp","href":"https:\/\/api.w.org\/{rel}","templated":true}]}}