{"id":59715,"date":"2024-06-08T10:17:40","date_gmt":"2024-06-08T08:17:40","guid":{"rendered":"https:\/\/now-news.de\/de\/deutschland\/israelische-fuehrung-empoert-uno-setzt-israelische-armee-auf-schwarze-liste\/"},"modified":"2024-06-08T10:17:40","modified_gmt":"2024-06-08T08:17:40","slug":"israelische-fuehrung-empoert-uno-setzt-israelische-armee-auf-schwarze-liste","status":"publish","type":"post","link":"https:\/\/now-news.de\/de\/deutschland\/israelische-fuehrung-empoert-uno-setzt-israelische-armee-auf-schwarze-liste\/","title":{"rendered":"Israelische F\u00fchrung emp\u00f6rt: UNO setzt israelische Armee auf schwarze Liste"},"content":{"rendered":"<p><img decoding=\"async\" src=\"https:\/\/now-news.de\/de\/wp-content\/uploads\/sites\/3\/2024\/06\/6663fd09b480cc6d1e194478.jpg\" \/><\/p>\n<div class=\"Text-root Text-type_1 \">\n                Die UNO hat die israelischen Streitkr\u00e4fte (IDF) auf eine schwarze Liste von L\u00e4ndern und Organisationen gesetzt, die Kindern gro\u00dfen Schaden zuf\u00fcgen. Der UN-Vertreter Israels reagiert emp\u00f6rt und nennt seine Armee die &#8220;moralischste der Welt&#8221;.\n            <\/div>\n<p><\/p>\n<div class=\"Text-root Text-type_5 ArticleView-text ViewText-root \">\n<p>Der Generalsekret\u00e4r der Vereinten Nationen, Ant\u00f3nio Guterres, hat am Freitag die israelischen Streitkr\u00e4fte (IDF) auf eine UN-Liste von L\u00e4ndern und Organisationen gesetzt, die Kindern gro\u00dfen Schaden zuf\u00fcgen. Dies teilte Israels UN-Botschafter Gilad Erdan auf der Plattform X mit.<\/p>\n<p>Erdan bezeichnete den diesj\u00e4hrigen, vom UN-Generalsekret\u00e4r Guterres erarbeiteten Bericht zur weltweiten Situation von Kindern in Konfliktgebieten, der am 14. Juni dem Sicherheitsrat vorgelegt werden soll und noch nicht ver\u00f6ffentlicht ist, in Bezug auf Israel als &#8220;emp\u00f6rend&#8221;. Erdan nannte die IDF in seiner Erkl\u00e4rung &#8220;die moralischste Armee der Welt&#8221;. &#8220;Der Generalsekret\u00e4r sollte sich sch\u00e4men!&#8221;, wetterte der israelische Diplomat.<\/p>\n<div class=\"EmbedBlock-root EmbedBlock-twitter\">\n<div class=\"TwitterEmbed\">\n<blockquote class=\"twitter-tweet lazyload\" data-twitter=\"twitter-tweet\">\n<p lang=\"en\" dir=\"ltr\">&#8220;Israel&#8217;s army is the most moral army in the world.&#8221;Using a telephone as his latest prop, Israeli UN ambassador Gilad Erdan &#8216;responds&#8217; to the UN&#8217;s decision to include the Israeli army in the blacklist of countries that harm children in warzones, calling it &#8220;shameful.&#8221; <a rel=\"nofollow noopener\" target=\"_blank\" href=\"https:\/\/t.co\/7avhxPace1\">pic.twitter.com\/7avhxPace1<\/a><\/p>\n<p>\u2014 The Cradle (@TheCradleMedia) <a rel=\"nofollow noopener\" target=\"_blank\" href=\"https:\/\/twitter.com\/TheCradleMedia\/status\/1799133125714628973?ref_src=twsrc%5Etfw\">June 7, 2024<\/a><\/p><\/blockquote>\n<\/div>\n<\/div>\n<p>Guterres&#8217; j\u00e4hrlicher Bericht \u00fcber Kinder in bewaffneten Konflikten befasst sich mit der T\u00f6tung, Verst\u00fcmmelung, Entf\u00fchrung oder Rekrutierung von Kindern f\u00fcr Milizen.<\/p>\n<p>Die Liste ist zweigeteilt in L\u00e4nder und Organisationen, die Ma\u00dfnahmen zum Schutz von Kindern ergriffen haben, und solche, die dies nicht getan haben. Erdan sagte, ihm sei mitgeteilt worden, dass Israel in die Liste jener Parteien aufgenommen worden sei, die keine angemessenen Ma\u00dfnahmen zum Schutz von Kindern ergriffen h\u00e4tten.\u00a0<\/p>\n<p>Die Vereinten Nationen wehrten sich gegen die israelischen Vorw\u00fcrfe. Seit rund einem Vierteljahrhundert erstelle der UN-Generalsekret\u00e4r einen solchen Bericht jedes Jahr auf Bitte von UN-Mitgliedsstaaten, die diese Initiative einst \u00fcber den UN-Sicherheitsrat ins Leben gerufen h\u00e4tten, sagte ein UN-Sprecher in New York auf Anfrage. Der Bericht basiere auf &#8220;gut etablierter und transparenter Methodik&#8221; und es\u00a0liege nach seiner Ver\u00f6ffentlichung\u00a0bei den Mitgliedsstaaten, ihn zu lesen und darauf aufbauend zu handeln. Direkte Konsequenzen gebe es aber nicht.\u00a0Der j\u00fcngste Bericht wurde von Virginia Gamba verfasst. Sie ist UN-Sonderbeauftragte f\u00fcr Kinder in bewaffneten Konflikten.<\/p>\n<p><strong>Mehr zum Thema<\/strong>\u00a0\u2012\u00a0<a rel=\"nofollow noopener\" target=\"_blank\" href=\"https:\/\/freedert.online\/international\/208436-russland-und-china-aeussern-bedenken\/\">Russland und China \u00e4u\u00dfern Bedenken gegen UN-Resolutionsentwurf der USA zum Gaza-Krieg<\/a><\/p>\n<div class=\"EmbedBlock-root EmbedBlock-externalVideo EmbedBlock-vk\">\n<div class=\"VkEmbed\"><iframe class=\"lazyload\" data-src=\"https:\/\/vk.com\/video_ext.php?oid=-134310637&amp;id=456277445\" frameborder=\"0\" width=\"853\" height=\"480\" allowfullscreen><\/iframe><\/div>\n<\/div>\n<\/div>\n<p><script async src=\"https:\/\/platform.twitter.com\/widgets.js\" charset=\"utf-8\"><\/script><br \/>\n<br \/><br \/>\n<br \/><a href=\"https:\/\/de.rt.com\/international\/208530-israelische-fuehrung-empoert-uno-setzt\/\">Source link <\/a><\/p>\n","protected":false},"excerpt":{"rendered":"<p>Die UNO hat die israelischen Streitkr\u00e4fte (IDF) auf eine schwarze Liste von L\u00e4ndern und Organisationen gesetzt, die Kindern gro\u00dfen Schaden zuf\u00fcgen. Der UN-Vertreter Israels reagiert emp\u00f6rt und nennt seine Armee die &#8220;moralischste der Welt&#8221;. Der Generalsekret\u00e4r der Vereinten Nationen, Ant\u00f3nio Guterres, hat am Freitag die israelischen Streitkr\u00e4fte (IDF) auf eine UN-Liste von L\u00e4ndern und Organisationen [&hellip;]<\/p>\n","protected":false},"author":3,"featured_media":59716,"comment_status":"open","ping_status":"open","sticky":false,"template":"","format":"standard","meta":{"_yoast_indexnow_last_ping":["1717834991"],"wp_automatic_camp":["217"],"3cea5977af6f327a1cc9c9f0fffcb5a7":["Israelische F\u00fchrung emp\u00f6rt: UNO setzt israelische Armee auf schwarze Liste"],"original_link":["https:\/\/de.rt.com\/international\/208530-israelische-fuehrung-empoert-uno-setzt\/"],"_thumbnail_id":["59716"],"_wptgpro_p2tg_sent2tg":["a:1:{i:23737;s:19:\"2024-06-08 10:24:13\";}"],"jnews_social_counter_last_update":["1777639521"]},"categories":[19,23],"tags":[2398,133,765,19159,1166,16492,13168,1997,5685],"yoast_head":"<!-- This site is optimized with the Yoast SEO Premium plugin v22.7 (Yoast SEO v22.7) - https:\/\/yoast.com\/wordpress\/plugins\/seo\/ -->\n<title>Israelische F\u00fchrung emp\u00f6rt: UNO setzt israelische Armee auf schwarze Liste - just-now.NEWS Deutschland<\/title>\n<meta name=\"robots\" content=\"index, follow, max-snippet:-1, max-image-preview:large, max-video-preview:-1\" \/>\n<link rel=\"canonical\" href=\"https:\/\/now-news.de\/de\/deutschland\/israelische-fuehrung-empoert-uno-setzt-israelische-armee-auf-schwarze-liste\/\" \/>\n<meta property=\"og:locale\" content=\"de_DE\" \/>\n<meta property=\"og:type\" content=\"article\" \/>\n<meta property=\"og:title\" content=\"Israelische F\u00fchrung emp\u00f6rt: UNO setzt israelische Armee auf schwarze Liste\" \/>\n<meta property=\"og:description\" content=\"Die UNO hat die israelischen Streitkr\u00e4fte (IDF) auf eine schwarze Liste von L\u00e4ndern und Organisationen gesetzt, die Kindern gro\u00dfen Schaden zuf\u00fcgen. Der UN-Vertreter Israels reagiert emp\u00f6rt und nennt seine Armee die &#8220;moralischste der Welt&#8221;. Der Generalsekret\u00e4r der Vereinten Nationen, Ant\u00f3nio Guterres, hat am Freitag die israelischen Streitkr\u00e4fte (IDF) auf eine UN-Liste von L\u00e4ndern und Organisationen [&hellip;]\" \/>\n<meta property=\"og:url\" content=\"https:\/\/now-news.de\/de\/deutschland\/israelische-fuehrung-empoert-uno-setzt-israelische-armee-auf-schwarze-liste\/\" \/>\n<meta property=\"og:site_name\" content=\"just-now.NEWS Deutschland\" \/>\n<meta property=\"article:publisher\" content=\"https:\/\/www.facebook.com\/wirmachenauf\" \/>\n<meta property=\"article:published_time\" content=\"2024-06-08T08:17:40+00:00\" \/>\n<meta property=\"og:image\" content=\"https:\/\/now-news.de\/de\/wp-content\/uploads\/sites\/3\/2024\/06\/6663fd09b480cc6d1e194478.jpg\" \/>\n<meta name=\"author\" content=\"rtnews\" \/>\n<meta name=\"twitter:card\" content=\"summary_large_image\" \/>\n<meta name=\"twitter:creator\" content=\"@WirMachenAuf_de\" \/>\n<meta name=\"twitter:site\" content=\"@WirMachenAuf_de\" \/>\n<meta name=\"twitter:label1\" content=\"Verfasst von\" \/>\n\t<meta name=\"twitter:data1\" content=\"rtnews\" \/>\n\t<meta name=\"twitter:label2\" content=\"Gesch\u00e4tzte Lesezeit\" \/>\n\t<meta name=\"twitter:data2\" content=\"2\u00a0Minuten\" \/>\n<script type=\"application\/ld+json\" class=\"yoast-schema-graph\">{\"@context\":\"https:\/\/schema.org\",\"@graph\":[{\"@type\":\"Article\",\"@id\":\"https:\/\/now-news.de\/de\/deutschland\/israelische-fuehrung-empoert-uno-setzt-israelische-armee-auf-schwarze-liste\/#article\",\"isPartOf\":{\"@id\":\"https:\/\/now-news.de\/de\/deutschland\/israelische-fuehrung-empoert-uno-setzt-israelische-armee-auf-schwarze-liste\/\"},\"author\":{\"name\":\"rtnews\",\"@id\":\"https:\/\/now-news.de\/de\/#\/schema\/person\/fb534a4e865501d8b3285208df34a9b5\"},\"headline\":\"Israelische F\u00fchrung emp\u00f6rt: UNO setzt israelische Armee auf schwarze Liste\",\"datePublished\":\"2024-06-08T08:17:40+00:00\",\"dateModified\":\"2024-06-08T08:17:40+00:00\",\"mainEntityOfPage\":{\"@id\":\"https:\/\/now-news.de\/de\/deutschland\/israelische-fuehrung-empoert-uno-setzt-israelische-armee-auf-schwarze-liste\/\"},\"wordCount\":408,\"commentCount\":0,\"publisher\":{\"@id\":\"https:\/\/now-news.de\/de\/#organization\"},\"image\":{\"@id\":\"https:\/\/now-news.de\/de\/deutschland\/israelische-fuehrung-empoert-uno-setzt-israelische-armee-auf-schwarze-liste\/#primaryimage\"},\"thumbnailUrl\":\"https:\/\/now-news.de\/de\/wp-content\/uploads\/sites\/3\/2024\/06\/Israelische-Fuehrung-empoert-UNO-setzt-israelische-Armee-auf-schwarze-Liste.jpg\",\"keywords\":[\"Armee\",\"AUF\",\"emp\u00f6rt\",\"F\u00fchrung\",\"Israelische\",\"Liste\",\"schwarze\",\"setzt\",\"Uno\"],\"articleSection\":[\"Deutschland\",\"Russland\"],\"inLanguage\":\"de\",\"potentialAction\":[{\"@type\":\"CommentAction\",\"name\":\"Comment\",\"target\":[\"https:\/\/now-news.de\/de\/deutschland\/israelische-fuehrung-empoert-uno-setzt-israelische-armee-auf-schwarze-liste\/#respond\"]}]},{\"@type\":\"WebPage\",\"@id\":\"https:\/\/now-news.de\/de\/deutschland\/israelische-fuehrung-empoert-uno-setzt-israelische-armee-auf-schwarze-liste\/\",\"url\":\"https:\/\/now-news.de\/de\/deutschland\/israelische-fuehrung-empoert-uno-setzt-israelische-armee-auf-schwarze-liste\/\",\"name\":\"Israelische F\u00fchrung emp\u00f6rt: UNO setzt israelische Armee auf schwarze Liste - just-now.NEWS Deutschland\",\"isPartOf\":{\"@id\":\"https:\/\/now-news.de\/de\/#website\"},\"primaryImageOfPage\":{\"@id\":\"https:\/\/now-news.de\/de\/deutschland\/israelische-fuehrung-empoert-uno-setzt-israelische-armee-auf-schwarze-liste\/#primaryimage\"},\"image\":{\"@id\":\"https:\/\/now-news.de\/de\/deutschland\/israelische-fuehrung-empoert-uno-setzt-israelische-armee-auf-schwarze-liste\/#primaryimage\"},\"thumbnailUrl\":\"https:\/\/now-news.de\/de\/wp-content\/uploads\/sites\/3\/2024\/06\/Israelische-Fuehrung-empoert-UNO-setzt-israelische-Armee-auf-schwarze-Liste.jpg\",\"datePublished\":\"2024-06-08T08:17:40+00:00\",\"dateModified\":\"2024-06-08T08:17:40+00:00\",\"breadcrumb\":{\"@id\":\"https:\/\/now-news.de\/de\/deutschland\/israelische-fuehrung-empoert-uno-setzt-israelische-armee-auf-schwarze-liste\/#breadcrumb\"},\"inLanguage\":\"de\",\"potentialAction\":[{\"@type\":\"ReadAction\",\"target\":[\"https:\/\/now-news.de\/de\/deutschland\/israelische-fuehrung-empoert-uno-setzt-israelische-armee-auf-schwarze-liste\/\"]}]},{\"@type\":\"ImageObject\",\"inLanguage\":\"de\",\"@id\":\"https:\/\/now-news.de\/de\/deutschland\/israelische-fuehrung-empoert-uno-setzt-israelische-armee-auf-schwarze-liste\/#primaryimage\",\"url\":\"https:\/\/now-news.de\/de\/wp-content\/uploads\/sites\/3\/2024\/06\/Israelische-Fuehrung-empoert-UNO-setzt-israelische-Armee-auf-schwarze-Liste.jpg\",\"contentUrl\":\"https:\/\/now-news.de\/de\/wp-content\/uploads\/sites\/3\/2024\/06\/Israelische-Fuehrung-empoert-UNO-setzt-israelische-Armee-auf-schwarze-Liste.jpg\",\"width\":460,\"height\":259,\"caption\":\"Israelische F\u00fchrung emp\u00f6rt: UNO setzt israelische Armee auf schwarze Liste\"},{\"@type\":\"BreadcrumbList\",\"@id\":\"https:\/\/now-news.de\/de\/deutschland\/israelische-fuehrung-empoert-uno-setzt-israelische-armee-auf-schwarze-liste\/#breadcrumb\",\"itemListElement\":[{\"@type\":\"ListItem\",\"position\":1,\"name\":\"Home\",\"item\":\"https:\/\/now-news.de\/de\/\"},{\"@type\":\"ListItem\",\"position\":2,\"name\":\"Israelische F\u00fchrung emp\u00f6rt: UNO setzt israelische Armee auf schwarze Liste\"}]},{\"@type\":\"WebSite\",\"@id\":\"https:\/\/now-news.de\/de\/#website\",\"url\":\"https:\/\/now-news.de\/de\/\",\"name\":\"just-now.NEWS Deutschland\",\"description\":\"Das Portal f\u00fcr unzensierte Nachrichten aus der Welt\",\"publisher\":{\"@id\":\"https:\/\/now-news.de\/de\/#organization\"},\"potentialAction\":[{\"@type\":\"SearchAction\",\"target\":{\"@type\":\"EntryPoint\",\"urlTemplate\":\"https:\/\/now-news.de\/de\/?s={search_term_string}\"},\"query-input\":\"required name=search_term_string\"}],\"inLanguage\":\"de\"},{\"@type\":\"Organization\",\"@id\":\"https:\/\/now-news.de\/de\/#organization\",\"name\":\"Just Now News\",\"url\":\"https:\/\/now-news.de\/de\/\",\"logo\":{\"@type\":\"ImageObject\",\"inLanguage\":\"de\",\"@id\":\"https:\/\/now-news.de\/de\/#\/schema\/logo\/image\/\",\"url\":\"http:\/\/just-now.news\/de\/wp-content\/uploads\/sites\/3\/2022\/04\/logo500x500.jpg\",\"contentUrl\":\"http:\/\/just-now.news\/de\/wp-content\/uploads\/sites\/3\/2022\/04\/logo500x500.jpg\",\"width\":500,\"height\":500,\"caption\":\"Just Now News\"},\"image\":{\"@id\":\"https:\/\/now-news.de\/de\/#\/schema\/logo\/image\/\"},\"sameAs\":[\"https:\/\/www.facebook.com\/wirmachenauf\",\"https:\/\/x.com\/WirMachenAuf_de\"]},{\"@type\":\"Person\",\"@id\":\"https:\/\/now-news.de\/de\/#\/schema\/person\/fb534a4e865501d8b3285208df34a9b5\",\"name\":\"rtnews\",\"image\":{\"@type\":\"ImageObject\",\"inLanguage\":\"de\",\"@id\":\"https:\/\/now-news.de\/de\/#\/schema\/person\/image\/\",\"url\":\"https:\/\/secure.gravatar.com\/avatar\/82aafea7d8127119dd649515f56e2117?s=96&d=mm&r=g\",\"contentUrl\":\"https:\/\/secure.gravatar.com\/avatar\/82aafea7d8127119dd649515f56e2117?s=96&d=mm&r=g\",\"caption\":\"rtnews\"},\"url\":\"https:\/\/now-news.de\/de\/author\/rnews\/\"}]}<\/script>\n<!-- \/ Yoast SEO Premium plugin. -->","yoast_head_json":{"title":"Israelische F\u00fchrung emp\u00f6rt: UNO setzt israelische Armee auf schwarze Liste - just-now.NEWS Deutschland","robots":{"index":"index","follow":"follow","max-snippet":"max-snippet:-1","max-image-preview":"max-image-preview:large","max-video-preview":"max-video-preview:-1"},"canonical":"https:\/\/now-news.de\/de\/deutschland\/israelische-fuehrung-empoert-uno-setzt-israelische-armee-auf-schwarze-liste\/","og_locale":"de_DE","og_type":"article","og_title":"Israelische F\u00fchrung emp\u00f6rt: UNO setzt israelische Armee auf schwarze Liste","og_description":"Die UNO hat die israelischen Streitkr\u00e4fte (IDF) auf eine schwarze Liste von L\u00e4ndern und Organisationen gesetzt, die Kindern gro\u00dfen Schaden zuf\u00fcgen. Der UN-Vertreter Israels reagiert emp\u00f6rt und nennt seine Armee die &#8220;moralischste der Welt&#8221;. Der Generalsekret\u00e4r der Vereinten Nationen, Ant\u00f3nio Guterres, hat am Freitag die israelischen Streitkr\u00e4fte (IDF) auf eine UN-Liste von L\u00e4ndern und Organisationen [&hellip;]","og_url":"https:\/\/now-news.de\/de\/deutschland\/israelische-fuehrung-empoert-uno-setzt-israelische-armee-auf-schwarze-liste\/","og_site_name":"just-now.NEWS Deutschland","article_publisher":"https:\/\/www.facebook.com\/wirmachenauf","article_published_time":"2024-06-08T08:17:40+00:00","og_image":[{"url":"https:\/\/now-news.de\/de\/wp-content\/uploads\/sites\/3\/2024\/06\/6663fd09b480cc6d1e194478.jpg"}],"author":"rtnews","twitter_card":"summary_large_image","twitter_creator":"@WirMachenAuf_de","twitter_site":"@WirMachenAuf_de","twitter_misc":{"Verfasst von":"rtnews","Gesch\u00e4tzte Lesezeit":"2\u00a0Minuten"},"schema":{"@context":"https:\/\/schema.org","@graph":[{"@type":"Article","@id":"https:\/\/now-news.de\/de\/deutschland\/israelische-fuehrung-empoert-uno-setzt-israelische-armee-auf-schwarze-liste\/#article","isPartOf":{"@id":"https:\/\/now-news.de\/de\/deutschland\/israelische-fuehrung-empoert-uno-setzt-israelische-armee-auf-schwarze-liste\/"},"author":{"name":"rtnews","@id":"https:\/\/now-news.de\/de\/#\/schema\/person\/fb534a4e865501d8b3285208df34a9b5"},"headline":"Israelische F\u00fchrung emp\u00f6rt: UNO setzt israelische Armee auf schwarze Liste","datePublished":"2024-06-08T08:17:40+00:00","dateModified":"2024-06-08T08:17:40+00:00","mainEntityOfPage":{"@id":"https:\/\/now-news.de\/de\/deutschland\/israelische-fuehrung-empoert-uno-setzt-israelische-armee-auf-schwarze-liste\/"},"wordCount":408,"commentCount":0,"publisher":{"@id":"https:\/\/now-news.de\/de\/#organization"},"image":{"@id":"https:\/\/now-news.de\/de\/deutschland\/israelische-fuehrung-empoert-uno-setzt-israelische-armee-auf-schwarze-liste\/#primaryimage"},"thumbnailUrl":"https:\/\/now-news.de\/de\/wp-content\/uploads\/sites\/3\/2024\/06\/Israelische-Fuehrung-empoert-UNO-setzt-israelische-Armee-auf-schwarze-Liste.jpg","keywords":["Armee","AUF","emp\u00f6rt","F\u00fchrung","Israelische","Liste","schwarze","setzt","Uno"],"articleSection":["Deutschland","Russland"],"inLanguage":"de","potentialAction":[{"@type":"CommentAction","name":"Comment","target":["https:\/\/now-news.de\/de\/deutschland\/israelische-fuehrung-empoert-uno-setzt-israelische-armee-auf-schwarze-liste\/#respond"]}]},{"@type":"WebPage","@id":"https:\/\/now-news.de\/de\/deutschland\/israelische-fuehrung-empoert-uno-setzt-israelische-armee-auf-schwarze-liste\/","url":"https:\/\/now-news.de\/de\/deutschland\/israelische-fuehrung-empoert-uno-setzt-israelische-armee-auf-schwarze-liste\/","name":"Israelische F\u00fchrung emp\u00f6rt: UNO setzt israelische Armee auf schwarze Liste - just-now.NEWS Deutschland","isPartOf":{"@id":"https:\/\/now-news.de\/de\/#website"},"primaryImageOfPage":{"@id":"https:\/\/now-news.de\/de\/deutschland\/israelische-fuehrung-empoert-uno-setzt-israelische-armee-auf-schwarze-liste\/#primaryimage"},"image":{"@id":"https:\/\/now-news.de\/de\/deutschland\/israelische-fuehrung-empoert-uno-setzt-israelische-armee-auf-schwarze-liste\/#primaryimage"},"thumbnailUrl":"https:\/\/now-news.de\/de\/wp-content\/uploads\/sites\/3\/2024\/06\/Israelische-Fuehrung-empoert-UNO-setzt-israelische-Armee-auf-schwarze-Liste.jpg","datePublished":"2024-06-08T08:17:40+00:00","dateModified":"2024-06-08T08:17:40+00:00","breadcrumb":{"@id":"https:\/\/now-news.de\/de\/deutschland\/israelische-fuehrung-empoert-uno-setzt-israelische-armee-auf-schwarze-liste\/#breadcrumb"},"inLanguage":"de","potentialAction":[{"@type":"ReadAction","target":["https:\/\/now-news.de\/de\/deutschland\/israelische-fuehrung-empoert-uno-setzt-israelische-armee-auf-schwarze-liste\/"]}]},{"@type":"ImageObject","inLanguage":"de","@id":"https:\/\/now-news.de\/de\/deutschland\/israelische-fuehrung-empoert-uno-setzt-israelische-armee-auf-schwarze-liste\/#primaryimage","url":"https:\/\/now-news.de\/de\/wp-content\/uploads\/sites\/3\/2024\/06\/Israelische-Fuehrung-empoert-UNO-setzt-israelische-Armee-auf-schwarze-Liste.jpg","contentUrl":"https:\/\/now-news.de\/de\/wp-content\/uploads\/sites\/3\/2024\/06\/Israelische-Fuehrung-empoert-UNO-setzt-israelische-Armee-auf-schwarze-Liste.jpg","width":460,"height":259,"caption":"Israelische F\u00fchrung emp\u00f6rt: UNO setzt israelische Armee auf schwarze Liste"},{"@type":"BreadcrumbList","@id":"https:\/\/now-news.de\/de\/deutschland\/israelische-fuehrung-empoert-uno-setzt-israelische-armee-auf-schwarze-liste\/#breadcrumb","itemListElement":[{"@type":"ListItem","position":1,"name":"Home","item":"https:\/\/now-news.de\/de\/"},{"@type":"ListItem","position":2,"name":"Israelische F\u00fchrung emp\u00f6rt: UNO setzt israelische Armee auf schwarze Liste"}]},{"@type":"WebSite","@id":"https:\/\/now-news.de\/de\/#website","url":"https:\/\/now-news.de\/de\/","name":"just-now.NEWS Deutschland","description":"Das Portal f\u00fcr unzensierte Nachrichten aus der Welt","publisher":{"@id":"https:\/\/now-news.de\/de\/#organization"},"potentialAction":[{"@type":"SearchAction","target":{"@type":"EntryPoint","urlTemplate":"https:\/\/now-news.de\/de\/?s={search_term_string}"},"query-input":"required name=search_term_string"}],"inLanguage":"de"},{"@type":"Organization","@id":"https:\/\/now-news.de\/de\/#organization","name":"Just Now News","url":"https:\/\/now-news.de\/de\/","logo":{"@type":"ImageObject","inLanguage":"de","@id":"https:\/\/now-news.de\/de\/#\/schema\/logo\/image\/","url":"http:\/\/just-now.news\/de\/wp-content\/uploads\/sites\/3\/2022\/04\/logo500x500.jpg","contentUrl":"http:\/\/just-now.news\/de\/wp-content\/uploads\/sites\/3\/2022\/04\/logo500x500.jpg","width":500,"height":500,"caption":"Just Now News"},"image":{"@id":"https:\/\/now-news.de\/de\/#\/schema\/logo\/image\/"},"sameAs":["https:\/\/www.facebook.com\/wirmachenauf","https:\/\/x.com\/WirMachenAuf_de"]},{"@type":"Person","@id":"https:\/\/now-news.de\/de\/#\/schema\/person\/fb534a4e865501d8b3285208df34a9b5","name":"rtnews","image":{"@type":"ImageObject","inLanguage":"de","@id":"https:\/\/now-news.de\/de\/#\/schema\/person\/image\/","url":"https:\/\/secure.gravatar.com\/avatar\/82aafea7d8127119dd649515f56e2117?s=96&d=mm&r=g","contentUrl":"https:\/\/secure.gravatar.com\/avatar\/82aafea7d8127119dd649515f56e2117?s=96&d=mm&r=g","caption":"rtnews"},"url":"https:\/\/now-news.de\/de\/author\/rnews\/"}]}},"_links":{"self":[{"href":"https:\/\/now-news.de\/de\/wp-json\/wp\/v2\/posts\/59715"}],"collection":[{"href":"https:\/\/now-news.de\/de\/wp-json\/wp\/v2\/posts"}],"about":[{"href":"https:\/\/now-news.de\/de\/wp-json\/wp\/v2\/types\/post"}],"author":[{"embeddable":true,"href":"https:\/\/now-news.de\/de\/wp-json\/wp\/v2\/users\/3"}],"replies":[{"embeddable":true,"href":"https:\/\/now-news.de\/de\/wp-json\/wp\/v2\/comments?post=59715"}],"version-history":[{"count":0,"href":"https:\/\/now-news.de\/de\/wp-json\/wp\/v2\/posts\/59715\/revisions"}],"wp:featuredmedia":[{"embeddable":true,"href":"https:\/\/now-news.de\/de\/wp-json\/wp\/v2\/media\/59716"}],"wp:attachment":[{"href":"https:\/\/now-news.de\/de\/wp-json\/wp\/v2\/media?parent=59715"}],"wp:term":[{"taxonomy":"category","embeddable":true,"href":"https:\/\/now-news.de\/de\/wp-json\/wp\/v2\/categories?post=59715"},{"taxonomy":"post_tag","embeddable":true,"href":"https:\/\/now-news.de\/de\/wp-json\/wp\/v2\/tags?post=59715"}],"curies":[{"name":"wp","href":"https:\/\/api.w.org\/{rel}","templated":true}]}}