{"id":59685,"date":"2024-06-07T17:03:29","date_gmt":"2024-06-07T15:03:29","guid":{"rendered":"https:\/\/now-news.de\/de\/deutschland\/olaf-scholz-die-ukraine-friedenskonferenz-soll-den-konflikt-nicht-beenden\/"},"modified":"2024-06-07T17:03:29","modified_gmt":"2024-06-07T15:03:29","slug":"olaf-scholz-die-ukraine-friedenskonferenz-soll-den-konflikt-nicht-beenden","status":"publish","type":"post","link":"https:\/\/now-news.de\/de\/deutschland\/olaf-scholz-die-ukraine-friedenskonferenz-soll-den-konflikt-nicht-beenden\/","title":{"rendered":"Olaf Scholz: Die Ukraine-&quot;Friedenskonferenz&quot; soll den Konflikt nicht beenden"},"content":{"rendered":"<p><img decoding=\"async\" src=\"https:\/\/now-news.de\/de\/wp-content\/uploads\/sites\/3\/2024\/06\/6662d47248fbef555f1f6d0b.jpg\" \/><\/p>\n<div class=\"Text-root Text-type_1 \">\n                Der Bundeskanzler hat eingestanden, dass das als Friedenskonferenz in der Schweiz angepriesene Gipfeltreffen nicht auf eine Beendigung des Ukraine-Konflikts abzielt. Seitens der Organisatoren spricht man \u00fcber einen Weg zum Frieden. Man r\u00e4umt aber ein, dass sich daf\u00fcr viele Staaten mit unterschiedlichen Ansichten einbringen m\u00fcssten.\n            <\/div>\n<p><\/p>\n<div class=\"Text-root Text-type_5 ArticleView-text ViewText-root \">\n<p>In seiner Rede vor dem Deutschen Bundestag erkl\u00e4rte der Bundeskanzler Olaf Scholz, seine Reise zur sogenannten &#8220;Friedenskonferenz&#8221; mit Wladimir Selenskij habe nicht zum Ziel, Friedensgespr\u00e4che zu initiieren. Vielmehr wolle er auf der internationalen Konferenz, die am 15. und 16. Juni in der Schweiz stattfinden soll, m\u00f6glichst viele L\u00e4nder auf die Seite des ukrainischen Staatschefs ziehen, sagte Scholz am Donnerstag in der Bundestagssitzung.<\/p>\n<p>Es werde &#8220;keine Friedensverhandlungen&#8221; auf dem Schweizer Gipfeltreffen geben, teilte Scholz den deutschen Bundestagsabgeordneten am Donnerstag mit. Der Bundeskanzler r\u00e4umte ein: &#8220;Davon sind wir noch weit entfernt.&#8221;\u00a0 Er wolle die Konferenz allerdings nutzen, &#8220;um mit L\u00e4ndern in aller Welt ins Gespr\u00e4ch zu kommen, um Moskau deutlich zu machen: Wir stehen zum V\u00f6lkerrecht und der Charta der Vereinten Nationen&#8221;.<\/p>\n<p>Selenskij lud mehr als 160 Delegationen zur Konferenz in die Schweiz ein, wobei Russland allerdings keine Einladung erhielt. W\u00e4hrend Dutzende westlicher Staatsoberh\u00e4upter und Diplomaten teilnehmen werden \u2013 darunter auch Scholz sowie der franz\u00f6sische Pr\u00e4sident Emmanuel Macron und der kanadische Premierminister Justin Trudeau \u2013 wird der US-Pr\u00e4sident Joe Biden die Veranstaltung schw\u00e4nzen. Im Wei\u00dfen Haus von Washington, D.C. wurde diese Woche bekannt gegeben, dass die Vizepr\u00e4sidentin Kamala Harris an Stelle von Biden teilnehmen werde.<\/p>\n<p>In Peking wurde jegliche Teilnahme an dem Treffen abgelehnt. Das chinesische Au\u00dfenministerium erkl\u00e4rte am Montag, dass jede Friedenskonferenz zur Beendigung des Ukraine-Konflikts die gleichberechtigte Teilnahme Moskaus und Kiews sowie die Pr\u00fcfung mehrerer Friedenspl\u00e4ne beinhalten m\u00fcsse. Selenskij erkl\u00e4rte daraufhin am Sonntag, durch das Vers\u00e4umen der Konferenz sei China &#8220;zu einem Instrument in den H\u00e4nden [des russischen Pr\u00e4sidenten Wladimir] Putin geworden&#8221;.<\/p>\n<p>Selenskij h\u00e4lt seinen eigenen Zehn-Punkte-Vorschlag f\u00fcr den einzig akzeptablen Weg zu einem Frieden mit Russland. In Moskau wurde dieses Dokument jedoch als &#8220;realit\u00e4tsfern&#8221; abgetan. Es beinhaltet die Forderung nach einem vollst\u00e4ndigen R\u00fcckzug der russischen Streitkr\u00e4fte aus allen Gebieten, die die Ukraine nach wie vor als ihr Territorium betrachtet, die Forderung nach Reparationszahlungen durch Moskau sowie die Forderung, dass sich russische Beamte vor Gericht f\u00fcr angebliche Kriegsverbrechen verantworten m\u00fcssten.<\/p>\n<p>Jede Abneigung gegen die Teilnahme an diesem Treffen sei &#8220;absolut verst\u00e4ndlich&#8221;, kommentierte der russische Pr\u00e4sidenten-Sprecher Dmitri Peskow die Konferenz am Dienstag vor Reportern:<\/p>\n<blockquote>\n<p><em>&#8220;Die L\u00e4nder wollen sich nicht an einer Veranstaltung ohne Ziel beteiligen. Das ist eine absurde Aktivit\u00e4t, nur eine m\u00fc\u00dfige Art, die Zeit zu verbringen.&#8221;<\/em><\/p>\n<\/blockquote>\n<p>Auch Saudi-Arabien, das 2023 selbst ein \u00e4hnliches Treffen zum Thema Ukraine ausgerichtet hatte, hat nun Berichten zufolge seine Teilnahme in der Schweiz abgelehnt. Pakistan beabsichtigt lokalen Medien zufolge ebenfalls, der Veranstaltung fernzubleiben, w\u00e4hrend Indien angeblich noch dar\u00fcber nachdenkt, ob die Pr\u00e4senz im Vergleich zum Treffen in Saudi-Arabien im vergangenen August herabgestuft werden sollte.<\/p>\n<p>Die Interpretation des Gipfeltreffens durch Scholz kommt hinsichtlich des m\u00f6glichen Erfolgs der von Putin sehr nahe. Im vergangenen Monat hatte der russische Pr\u00e4sident die Konferenz als einen Versuch Selenskijs abgetan, &#8220;so viele Nationen wie m\u00f6glich zu versammeln, alle davon zu \u00fcberzeugen, dass der beste Vorschlag die Bedingungen der ukrainischen Seite sind, und ihn dann in Form eines Ultimatums an uns zu senden&#8221;.<\/p>\n<p>Wie man auf einer <a rel=\"nofollow noopener\" target=\"_blank\" href=\"https:\/\/www.eda.admin.ch\/eda\/en\/fdfa\/fdfa\/aktuell\/dossiers\/konferenz-zum-frieden-ukraine.html\">Webseite der Konferenz<\/a> lesen kann, organisiert die Schweiz das Gipfeltreffen im Gegensatz zu vielen anderen Einsch\u00e4tzungen angeblich dennoch mit dem Ziel, &#8220;ein gemeinsames Verst\u00e4ndnis f\u00fcr einen Weg zu einem gerechten und dauerhaften Frieden in der Ukraine zu entwickeln. Dies soll die Grundlage f\u00fcr einen Friedensprozess sein&#8221;. Allerdings hei\u00dft es in der Konferenzbeschreibung auch, dass man den Friedensprozess f\u00fcr die Ukraine auf der Konferenz im Schweizer Kanton Nidwalden nur auf den Weg bringen k\u00f6nne, wenn sich ein Gro\u00dfteil der Staaten mit ihren unterschiedlichen Vorstellungen einbringen w\u00fcrde:<\/p>\n<blockquote>\n<p><em>&#8220;Die Teilnahme eines Gro\u00dfteils der Staaten und ihre Beitr\u00e4ge zur Diskussion werden entscheidend sein, um diese Ziele zu erreichen. &#8230; Daher erachtet sie [die Schweiz] den Austausch unterschiedlicher Ansichten \u00fcber den Weg zum Frieden in der Ukraine als \u00e4u\u00dferst wichtig.&#8221;<\/em><\/p>\n<\/blockquote>\n<p><strong>Mehr zum Thema<\/strong> &#8211; <a rel=\"nofollow noopener\" target=\"_blank\" href=\"https:\/\/dert.online\/kurzclips\/video\/208255-lawrow-friedenskonferenz-in-schweiz-dient\/\">Lawrow: Friedenskonferenz in der Schweiz dient nur dem Zusammenhalt des Anti-Russland-Blocks<\/a><\/p>\n<\/div>\n<p><br \/>\n<br \/><a href=\"https:\/\/de.rt.com\/international\/208448-olaf-scholz-ukraine-friedenskonferenz-soll\/\">Source link <\/a><\/p>\n","protected":false},"excerpt":{"rendered":"<p>Der Bundeskanzler hat eingestanden, dass das als Friedenskonferenz in der Schweiz angepriesene Gipfeltreffen nicht auf eine Beendigung des Ukraine-Konflikts abzielt. Seitens der Organisatoren spricht man \u00fcber einen Weg zum Frieden. Man r\u00e4umt aber ein, dass sich daf\u00fcr viele Staaten mit unterschiedlichen Ansichten einbringen m\u00fcssten. In seiner Rede vor dem Deutschen Bundestag erkl\u00e4rte der Bundeskanzler Olaf [&hellip;]<\/p>\n","protected":false},"author":3,"featured_media":59686,"comment_status":"open","ping_status":"open","sticky":false,"template":"","format":"standard","meta":{"_yoast_indexnow_last_ping":["1717772938"],"wp_automatic_camp":["217"],"c783ee08f3cdcbeea7e3a1e0a06c0f5e":["Olaf Scholz: Die Ukraine-&quot;Friedenskonferenz&quot; soll den Konflikt nicht beenden"],"original_link":["https:\/\/de.rt.com\/international\/208448-olaf-scholz-ukraine-friedenskonferenz-soll\/"],"_thumbnail_id":["59686"],"_wptgpro_p2tg_sent2tg":["a:1:{i:23737;s:19:\"2024-06-07 17:10:36\";}"],"jnews_social_counter_last_update":["1777339163"]},"categories":[19,23],"tags":[13506,48,45,1810,800,7179,1001,766,55499],"yoast_head":"<!-- This site is optimized with the Yoast SEO Premium plugin v22.7 (Yoast SEO v22.7) - https:\/\/yoast.com\/wordpress\/plugins\/seo\/ -->\n<title>Olaf Scholz: Die Ukraine-&quot;Friedenskonferenz&quot; soll den Konflikt nicht beenden - just-now.NEWS Deutschland<\/title>\n<meta name=\"robots\" content=\"index, follow, max-snippet:-1, max-image-preview:large, max-video-preview:-1\" \/>\n<link rel=\"canonical\" href=\"https:\/\/now-news.de\/de\/deutschland\/olaf-scholz-die-ukraine-friedenskonferenz-soll-den-konflikt-nicht-beenden\/\" \/>\n<meta property=\"og:locale\" content=\"de_DE\" \/>\n<meta property=\"og:type\" content=\"article\" \/>\n<meta property=\"og:title\" content=\"Olaf Scholz: Die Ukraine-&quot;Friedenskonferenz&quot; soll den Konflikt nicht beenden\" \/>\n<meta property=\"og:description\" content=\"Der Bundeskanzler hat eingestanden, dass das als Friedenskonferenz in der Schweiz angepriesene Gipfeltreffen nicht auf eine Beendigung des Ukraine-Konflikts abzielt. Seitens der Organisatoren spricht man \u00fcber einen Weg zum Frieden. Man r\u00e4umt aber ein, dass sich daf\u00fcr viele Staaten mit unterschiedlichen Ansichten einbringen m\u00fcssten. In seiner Rede vor dem Deutschen Bundestag erkl\u00e4rte der Bundeskanzler Olaf [&hellip;]\" \/>\n<meta property=\"og:url\" content=\"https:\/\/now-news.de\/de\/deutschland\/olaf-scholz-die-ukraine-friedenskonferenz-soll-den-konflikt-nicht-beenden\/\" \/>\n<meta property=\"og:site_name\" content=\"just-now.NEWS Deutschland\" \/>\n<meta property=\"article:publisher\" content=\"https:\/\/www.facebook.com\/wirmachenauf\" \/>\n<meta property=\"article:published_time\" content=\"2024-06-07T15:03:29+00:00\" \/>\n<meta property=\"og:image\" content=\"https:\/\/now-news.de\/de\/wp-content\/uploads\/sites\/3\/2024\/06\/6662d47248fbef555f1f6d0b.jpg\" \/>\n<meta name=\"author\" content=\"rtnews\" \/>\n<meta name=\"twitter:card\" content=\"summary_large_image\" \/>\n<meta name=\"twitter:creator\" content=\"@WirMachenAuf_de\" \/>\n<meta name=\"twitter:site\" content=\"@WirMachenAuf_de\" \/>\n<meta name=\"twitter:label1\" content=\"Verfasst von\" \/>\n\t<meta name=\"twitter:data1\" content=\"rtnews\" \/>\n\t<meta name=\"twitter:label2\" content=\"Gesch\u00e4tzte Lesezeit\" \/>\n\t<meta name=\"twitter:data2\" content=\"4\u00a0Minuten\" \/>\n<script type=\"application\/ld+json\" class=\"yoast-schema-graph\">{\"@context\":\"https:\/\/schema.org\",\"@graph\":[{\"@type\":\"Article\",\"@id\":\"https:\/\/now-news.de\/de\/deutschland\/olaf-scholz-die-ukraine-friedenskonferenz-soll-den-konflikt-nicht-beenden\/#article\",\"isPartOf\":{\"@id\":\"https:\/\/now-news.de\/de\/deutschland\/olaf-scholz-die-ukraine-friedenskonferenz-soll-den-konflikt-nicht-beenden\/\"},\"author\":{\"name\":\"rtnews\",\"@id\":\"https:\/\/now-news.de\/de\/#\/schema\/person\/fb534a4e865501d8b3285208df34a9b5\"},\"headline\":\"Olaf Scholz: Die Ukraine-&quot;Friedenskonferenz&quot; soll den Konflikt nicht beenden\",\"datePublished\":\"2024-06-07T15:03:29+00:00\",\"dateModified\":\"2024-06-07T15:03:29+00:00\",\"mainEntityOfPage\":{\"@id\":\"https:\/\/now-news.de\/de\/deutschland\/olaf-scholz-die-ukraine-friedenskonferenz-soll-den-konflikt-nicht-beenden\/\"},\"wordCount\":738,\"commentCount\":0,\"publisher\":{\"@id\":\"https:\/\/now-news.de\/de\/#organization\"},\"image\":{\"@id\":\"https:\/\/now-news.de\/de\/deutschland\/olaf-scholz-die-ukraine-friedenskonferenz-soll-den-konflikt-nicht-beenden\/#primaryimage\"},\"thumbnailUrl\":\"https:\/\/now-news.de\/de\/wp-content\/uploads\/sites\/3\/2024\/06\/Olaf-Scholz-Die-Ukraine-quotFriedenskonferenzquot-soll-den-Konflikt-nicht-beenden.jpg\",\"keywords\":[\"beenden\",\"den\",\"die\",\"Konflikt\",\"nicht\",\"Olaf\",\"Scholz\",\"soll\",\"UkrainequotFriedenskonferenzquot\"],\"articleSection\":[\"Deutschland\",\"Russland\"],\"inLanguage\":\"de\",\"potentialAction\":[{\"@type\":\"CommentAction\",\"name\":\"Comment\",\"target\":[\"https:\/\/now-news.de\/de\/deutschland\/olaf-scholz-die-ukraine-friedenskonferenz-soll-den-konflikt-nicht-beenden\/#respond\"]}]},{\"@type\":\"WebPage\",\"@id\":\"https:\/\/now-news.de\/de\/deutschland\/olaf-scholz-die-ukraine-friedenskonferenz-soll-den-konflikt-nicht-beenden\/\",\"url\":\"https:\/\/now-news.de\/de\/deutschland\/olaf-scholz-die-ukraine-friedenskonferenz-soll-den-konflikt-nicht-beenden\/\",\"name\":\"Olaf Scholz: Die Ukraine-&quot;Friedenskonferenz&quot; soll den Konflikt nicht beenden - just-now.NEWS Deutschland\",\"isPartOf\":{\"@id\":\"https:\/\/now-news.de\/de\/#website\"},\"primaryImageOfPage\":{\"@id\":\"https:\/\/now-news.de\/de\/deutschland\/olaf-scholz-die-ukraine-friedenskonferenz-soll-den-konflikt-nicht-beenden\/#primaryimage\"},\"image\":{\"@id\":\"https:\/\/now-news.de\/de\/deutschland\/olaf-scholz-die-ukraine-friedenskonferenz-soll-den-konflikt-nicht-beenden\/#primaryimage\"},\"thumbnailUrl\":\"https:\/\/now-news.de\/de\/wp-content\/uploads\/sites\/3\/2024\/06\/Olaf-Scholz-Die-Ukraine-quotFriedenskonferenzquot-soll-den-Konflikt-nicht-beenden.jpg\",\"datePublished\":\"2024-06-07T15:03:29+00:00\",\"dateModified\":\"2024-06-07T15:03:29+00:00\",\"breadcrumb\":{\"@id\":\"https:\/\/now-news.de\/de\/deutschland\/olaf-scholz-die-ukraine-friedenskonferenz-soll-den-konflikt-nicht-beenden\/#breadcrumb\"},\"inLanguage\":\"de\",\"potentialAction\":[{\"@type\":\"ReadAction\",\"target\":[\"https:\/\/now-news.de\/de\/deutschland\/olaf-scholz-die-ukraine-friedenskonferenz-soll-den-konflikt-nicht-beenden\/\"]}]},{\"@type\":\"ImageObject\",\"inLanguage\":\"de\",\"@id\":\"https:\/\/now-news.de\/de\/deutschland\/olaf-scholz-die-ukraine-friedenskonferenz-soll-den-konflikt-nicht-beenden\/#primaryimage\",\"url\":\"https:\/\/now-news.de\/de\/wp-content\/uploads\/sites\/3\/2024\/06\/Olaf-Scholz-Die-Ukraine-quotFriedenskonferenzquot-soll-den-Konflikt-nicht-beenden.jpg\",\"contentUrl\":\"https:\/\/now-news.de\/de\/wp-content\/uploads\/sites\/3\/2024\/06\/Olaf-Scholz-Die-Ukraine-quotFriedenskonferenzquot-soll-den-Konflikt-nicht-beenden.jpg\",\"width\":460,\"height\":259,\"caption\":\"Olaf Scholz: Die Ukraine-&quot;Friedenskonferenz&quot; soll den Konflikt nicht beenden\"},{\"@type\":\"BreadcrumbList\",\"@id\":\"https:\/\/now-news.de\/de\/deutschland\/olaf-scholz-die-ukraine-friedenskonferenz-soll-den-konflikt-nicht-beenden\/#breadcrumb\",\"itemListElement\":[{\"@type\":\"ListItem\",\"position\":1,\"name\":\"Home\",\"item\":\"https:\/\/now-news.de\/de\/\"},{\"@type\":\"ListItem\",\"position\":2,\"name\":\"Olaf Scholz: Die Ukraine-&quot;Friedenskonferenz&quot; soll den Konflikt nicht beenden\"}]},{\"@type\":\"WebSite\",\"@id\":\"https:\/\/now-news.de\/de\/#website\",\"url\":\"https:\/\/now-news.de\/de\/\",\"name\":\"just-now.NEWS Deutschland\",\"description\":\"Das Portal f\u00fcr unzensierte Nachrichten aus der Welt\",\"publisher\":{\"@id\":\"https:\/\/now-news.de\/de\/#organization\"},\"potentialAction\":[{\"@type\":\"SearchAction\",\"target\":{\"@type\":\"EntryPoint\",\"urlTemplate\":\"https:\/\/now-news.de\/de\/?s={search_term_string}\"},\"query-input\":\"required name=search_term_string\"}],\"inLanguage\":\"de\"},{\"@type\":\"Organization\",\"@id\":\"https:\/\/now-news.de\/de\/#organization\",\"name\":\"Just Now News\",\"url\":\"https:\/\/now-news.de\/de\/\",\"logo\":{\"@type\":\"ImageObject\",\"inLanguage\":\"de\",\"@id\":\"https:\/\/now-news.de\/de\/#\/schema\/logo\/image\/\",\"url\":\"http:\/\/just-now.news\/de\/wp-content\/uploads\/sites\/3\/2022\/04\/logo500x500.jpg\",\"contentUrl\":\"http:\/\/just-now.news\/de\/wp-content\/uploads\/sites\/3\/2022\/04\/logo500x500.jpg\",\"width\":500,\"height\":500,\"caption\":\"Just Now News\"},\"image\":{\"@id\":\"https:\/\/now-news.de\/de\/#\/schema\/logo\/image\/\"},\"sameAs\":[\"https:\/\/www.facebook.com\/wirmachenauf\",\"https:\/\/x.com\/WirMachenAuf_de\"]},{\"@type\":\"Person\",\"@id\":\"https:\/\/now-news.de\/de\/#\/schema\/person\/fb534a4e865501d8b3285208df34a9b5\",\"name\":\"rtnews\",\"image\":{\"@type\":\"ImageObject\",\"inLanguage\":\"de\",\"@id\":\"https:\/\/now-news.de\/de\/#\/schema\/person\/image\/\",\"url\":\"https:\/\/secure.gravatar.com\/avatar\/82aafea7d8127119dd649515f56e2117?s=96&d=mm&r=g\",\"contentUrl\":\"https:\/\/secure.gravatar.com\/avatar\/82aafea7d8127119dd649515f56e2117?s=96&d=mm&r=g\",\"caption\":\"rtnews\"},\"url\":\"https:\/\/now-news.de\/de\/author\/rnews\/\"}]}<\/script>\n<!-- \/ Yoast SEO Premium plugin. -->","yoast_head_json":{"title":"Olaf Scholz: Die Ukraine-&quot;Friedenskonferenz&quot; soll den Konflikt nicht beenden - just-now.NEWS Deutschland","robots":{"index":"index","follow":"follow","max-snippet":"max-snippet:-1","max-image-preview":"max-image-preview:large","max-video-preview":"max-video-preview:-1"},"canonical":"https:\/\/now-news.de\/de\/deutschland\/olaf-scholz-die-ukraine-friedenskonferenz-soll-den-konflikt-nicht-beenden\/","og_locale":"de_DE","og_type":"article","og_title":"Olaf Scholz: Die Ukraine-&quot;Friedenskonferenz&quot; soll den Konflikt nicht beenden","og_description":"Der Bundeskanzler hat eingestanden, dass das als Friedenskonferenz in der Schweiz angepriesene Gipfeltreffen nicht auf eine Beendigung des Ukraine-Konflikts abzielt. Seitens der Organisatoren spricht man \u00fcber einen Weg zum Frieden. Man r\u00e4umt aber ein, dass sich daf\u00fcr viele Staaten mit unterschiedlichen Ansichten einbringen m\u00fcssten. In seiner Rede vor dem Deutschen Bundestag erkl\u00e4rte der Bundeskanzler Olaf [&hellip;]","og_url":"https:\/\/now-news.de\/de\/deutschland\/olaf-scholz-die-ukraine-friedenskonferenz-soll-den-konflikt-nicht-beenden\/","og_site_name":"just-now.NEWS Deutschland","article_publisher":"https:\/\/www.facebook.com\/wirmachenauf","article_published_time":"2024-06-07T15:03:29+00:00","og_image":[{"url":"https:\/\/now-news.de\/de\/wp-content\/uploads\/sites\/3\/2024\/06\/6662d47248fbef555f1f6d0b.jpg"}],"author":"rtnews","twitter_card":"summary_large_image","twitter_creator":"@WirMachenAuf_de","twitter_site":"@WirMachenAuf_de","twitter_misc":{"Verfasst von":"rtnews","Gesch\u00e4tzte Lesezeit":"4\u00a0Minuten"},"schema":{"@context":"https:\/\/schema.org","@graph":[{"@type":"Article","@id":"https:\/\/now-news.de\/de\/deutschland\/olaf-scholz-die-ukraine-friedenskonferenz-soll-den-konflikt-nicht-beenden\/#article","isPartOf":{"@id":"https:\/\/now-news.de\/de\/deutschland\/olaf-scholz-die-ukraine-friedenskonferenz-soll-den-konflikt-nicht-beenden\/"},"author":{"name":"rtnews","@id":"https:\/\/now-news.de\/de\/#\/schema\/person\/fb534a4e865501d8b3285208df34a9b5"},"headline":"Olaf Scholz: Die Ukraine-&quot;Friedenskonferenz&quot; soll den Konflikt nicht beenden","datePublished":"2024-06-07T15:03:29+00:00","dateModified":"2024-06-07T15:03:29+00:00","mainEntityOfPage":{"@id":"https:\/\/now-news.de\/de\/deutschland\/olaf-scholz-die-ukraine-friedenskonferenz-soll-den-konflikt-nicht-beenden\/"},"wordCount":738,"commentCount":0,"publisher":{"@id":"https:\/\/now-news.de\/de\/#organization"},"image":{"@id":"https:\/\/now-news.de\/de\/deutschland\/olaf-scholz-die-ukraine-friedenskonferenz-soll-den-konflikt-nicht-beenden\/#primaryimage"},"thumbnailUrl":"https:\/\/now-news.de\/de\/wp-content\/uploads\/sites\/3\/2024\/06\/Olaf-Scholz-Die-Ukraine-quotFriedenskonferenzquot-soll-den-Konflikt-nicht-beenden.jpg","keywords":["beenden","den","die","Konflikt","nicht","Olaf","Scholz","soll","UkrainequotFriedenskonferenzquot"],"articleSection":["Deutschland","Russland"],"inLanguage":"de","potentialAction":[{"@type":"CommentAction","name":"Comment","target":["https:\/\/now-news.de\/de\/deutschland\/olaf-scholz-die-ukraine-friedenskonferenz-soll-den-konflikt-nicht-beenden\/#respond"]}]},{"@type":"WebPage","@id":"https:\/\/now-news.de\/de\/deutschland\/olaf-scholz-die-ukraine-friedenskonferenz-soll-den-konflikt-nicht-beenden\/","url":"https:\/\/now-news.de\/de\/deutschland\/olaf-scholz-die-ukraine-friedenskonferenz-soll-den-konflikt-nicht-beenden\/","name":"Olaf Scholz: Die Ukraine-&quot;Friedenskonferenz&quot; soll den Konflikt nicht beenden - just-now.NEWS Deutschland","isPartOf":{"@id":"https:\/\/now-news.de\/de\/#website"},"primaryImageOfPage":{"@id":"https:\/\/now-news.de\/de\/deutschland\/olaf-scholz-die-ukraine-friedenskonferenz-soll-den-konflikt-nicht-beenden\/#primaryimage"},"image":{"@id":"https:\/\/now-news.de\/de\/deutschland\/olaf-scholz-die-ukraine-friedenskonferenz-soll-den-konflikt-nicht-beenden\/#primaryimage"},"thumbnailUrl":"https:\/\/now-news.de\/de\/wp-content\/uploads\/sites\/3\/2024\/06\/Olaf-Scholz-Die-Ukraine-quotFriedenskonferenzquot-soll-den-Konflikt-nicht-beenden.jpg","datePublished":"2024-06-07T15:03:29+00:00","dateModified":"2024-06-07T15:03:29+00:00","breadcrumb":{"@id":"https:\/\/now-news.de\/de\/deutschland\/olaf-scholz-die-ukraine-friedenskonferenz-soll-den-konflikt-nicht-beenden\/#breadcrumb"},"inLanguage":"de","potentialAction":[{"@type":"ReadAction","target":["https:\/\/now-news.de\/de\/deutschland\/olaf-scholz-die-ukraine-friedenskonferenz-soll-den-konflikt-nicht-beenden\/"]}]},{"@type":"ImageObject","inLanguage":"de","@id":"https:\/\/now-news.de\/de\/deutschland\/olaf-scholz-die-ukraine-friedenskonferenz-soll-den-konflikt-nicht-beenden\/#primaryimage","url":"https:\/\/now-news.de\/de\/wp-content\/uploads\/sites\/3\/2024\/06\/Olaf-Scholz-Die-Ukraine-quotFriedenskonferenzquot-soll-den-Konflikt-nicht-beenden.jpg","contentUrl":"https:\/\/now-news.de\/de\/wp-content\/uploads\/sites\/3\/2024\/06\/Olaf-Scholz-Die-Ukraine-quotFriedenskonferenzquot-soll-den-Konflikt-nicht-beenden.jpg","width":460,"height":259,"caption":"Olaf Scholz: Die Ukraine-&quot;Friedenskonferenz&quot; soll den Konflikt nicht beenden"},{"@type":"BreadcrumbList","@id":"https:\/\/now-news.de\/de\/deutschland\/olaf-scholz-die-ukraine-friedenskonferenz-soll-den-konflikt-nicht-beenden\/#breadcrumb","itemListElement":[{"@type":"ListItem","position":1,"name":"Home","item":"https:\/\/now-news.de\/de\/"},{"@type":"ListItem","position":2,"name":"Olaf Scholz: Die Ukraine-&quot;Friedenskonferenz&quot; soll den Konflikt nicht beenden"}]},{"@type":"WebSite","@id":"https:\/\/now-news.de\/de\/#website","url":"https:\/\/now-news.de\/de\/","name":"just-now.NEWS Deutschland","description":"Das Portal f\u00fcr unzensierte Nachrichten aus der Welt","publisher":{"@id":"https:\/\/now-news.de\/de\/#organization"},"potentialAction":[{"@type":"SearchAction","target":{"@type":"EntryPoint","urlTemplate":"https:\/\/now-news.de\/de\/?s={search_term_string}"},"query-input":"required name=search_term_string"}],"inLanguage":"de"},{"@type":"Organization","@id":"https:\/\/now-news.de\/de\/#organization","name":"Just Now News","url":"https:\/\/now-news.de\/de\/","logo":{"@type":"ImageObject","inLanguage":"de","@id":"https:\/\/now-news.de\/de\/#\/schema\/logo\/image\/","url":"http:\/\/just-now.news\/de\/wp-content\/uploads\/sites\/3\/2022\/04\/logo500x500.jpg","contentUrl":"http:\/\/just-now.news\/de\/wp-content\/uploads\/sites\/3\/2022\/04\/logo500x500.jpg","width":500,"height":500,"caption":"Just Now News"},"image":{"@id":"https:\/\/now-news.de\/de\/#\/schema\/logo\/image\/"},"sameAs":["https:\/\/www.facebook.com\/wirmachenauf","https:\/\/x.com\/WirMachenAuf_de"]},{"@type":"Person","@id":"https:\/\/now-news.de\/de\/#\/schema\/person\/fb534a4e865501d8b3285208df34a9b5","name":"rtnews","image":{"@type":"ImageObject","inLanguage":"de","@id":"https:\/\/now-news.de\/de\/#\/schema\/person\/image\/","url":"https:\/\/secure.gravatar.com\/avatar\/82aafea7d8127119dd649515f56e2117?s=96&d=mm&r=g","contentUrl":"https:\/\/secure.gravatar.com\/avatar\/82aafea7d8127119dd649515f56e2117?s=96&d=mm&r=g","caption":"rtnews"},"url":"https:\/\/now-news.de\/de\/author\/rnews\/"}]}},"_links":{"self":[{"href":"https:\/\/now-news.de\/de\/wp-json\/wp\/v2\/posts\/59685"}],"collection":[{"href":"https:\/\/now-news.de\/de\/wp-json\/wp\/v2\/posts"}],"about":[{"href":"https:\/\/now-news.de\/de\/wp-json\/wp\/v2\/types\/post"}],"author":[{"embeddable":true,"href":"https:\/\/now-news.de\/de\/wp-json\/wp\/v2\/users\/3"}],"replies":[{"embeddable":true,"href":"https:\/\/now-news.de\/de\/wp-json\/wp\/v2\/comments?post=59685"}],"version-history":[{"count":0,"href":"https:\/\/now-news.de\/de\/wp-json\/wp\/v2\/posts\/59685\/revisions"}],"wp:featuredmedia":[{"embeddable":true,"href":"https:\/\/now-news.de\/de\/wp-json\/wp\/v2\/media\/59686"}],"wp:attachment":[{"href":"https:\/\/now-news.de\/de\/wp-json\/wp\/v2\/media?parent=59685"}],"wp:term":[{"taxonomy":"category","embeddable":true,"href":"https:\/\/now-news.de\/de\/wp-json\/wp\/v2\/categories?post=59685"},{"taxonomy":"post_tag","embeddable":true,"href":"https:\/\/now-news.de\/de\/wp-json\/wp\/v2\/tags?post=59685"}],"curies":[{"name":"wp","href":"https:\/\/api.w.org\/{rel}","templated":true}]}}