{"id":59654,"date":"2024-06-07T06:30:49","date_gmt":"2024-06-07T04:30:49","guid":{"rendered":"https:\/\/now-news.de\/de\/deutschland\/schweizer-friedenskonferenz-abschiedsgala-fuer-schauspieler-selenskij\/"},"modified":"2024-06-07T06:30:49","modified_gmt":"2024-06-07T04:30:49","slug":"schweizer-friedenskonferenz-abschiedsgala-fuer-schauspieler-selenskij","status":"publish","type":"post","link":"https:\/\/now-news.de\/de\/deutschland\/schweizer-friedenskonferenz-abschiedsgala-fuer-schauspieler-selenskij\/","title":{"rendered":"Schweizer &quot;Friedenskonferenz&quot;: Abschiedsgala f\u00fcr Schauspieler Selenskij?"},"content":{"rendered":"<p><img decoding=\"async\" src=\"https:\/\/now-news.de\/de\/wp-content\/uploads\/sites\/3\/2024\/06\/66607fa448fbef375a4133cb.jpg\" \/><\/p>\n<div class=\"Text-root Text-type_1 \">\n                Selenskijs ausgespielte Figur wird nur deswegen nicht vom Brett ger\u00e4umt, weil noch kein geeigneter Anlass dazu gefunden wurde. Der Chef eines Staates wird er nicht mehr sein. Ob er zu einem Pr\u00e4sidenten im Exil oder einem sakralen Opfer wird, steht noch zur Debatte.\n            <\/div>\n<p><\/p>\n<div class=\"Text-root Text-type_5 ArticleView-text ViewText-root \">\n<p><em>Von Gleb Prostakow<\/em><\/p>\n<p>Die &#8220;Friedenskonferenz&#8221; zur Ukraine in der Schweiz, die vom 15. bis 16. Juni stattfinden und den Schweizer Haushalt 11,2 Millionen US-Dollar kosten wird, sollte f\u00fcr Wladimir Selenskij zu einer Benefizgala werden. Wahrscheinlicher ist jedoch, dass es die Abschiedsvorstellung des Schauspielers in der Rolle des Pr\u00e4sidenten wird.<\/p>\n<p>Diese Veranstaltung ist nicht als solche von Bedeutung, sondern als Ergebnis der diplomatischen Bem\u00fchungen, Druck auf Russland auszu\u00fcben im Vorfeld m\u00f6glicher Gespr\u00e4che zwischen Kiew und Moskau \u00fcber die Beendigung der Feindseligkeiten. Zumindest war das die Idee der Initiatoren der Konferenz.<\/p>\n<p>Doch aus mehreren Gr\u00fcnden scheiterte die angek\u00fcndigte Veranstaltung noch vor ihrem Beginn: Die Tickets wurden nicht ausverkauft, etliche VIP-Pl\u00e4tze blieben unbesetzt, und das Programm selbst wurde\u00a0auf wenige Diskussionsfragen zurechtgestutzt.<\/p>\n<p>Den ersten Grund f\u00fcr das Scheitern liefern Russlands milit\u00e4rische Erfolge an der Front. Es ist schwierig, einem Land Friedensbedingungen zu diktieren, das die Initiative bei den Kampfhandlungen hat. &#8220;Selenskijs Formel&#8221;, die eine R\u00fcckgabe der Krim und des Donbass an die Ukraine vorsieht, weicht so sehr von der Realit\u00e4t ab, dass sie keine sinnvolle Agenda mehr bieten kann. Deswegen musste das Programm am laufenden Band umgestaltet werden. Inzwischen bleibt als haupts\u00e4chliche inhaltliche Diskussionsthema die nukleare Sicherheit. \u00dcbersetzt hei\u00dft das: Wie weit k\u00f6nnen die westlichen L\u00e4nder, die Kiew Angriffe auf Russlands Territorium mit den eigenen Waffen erlauben, gehen, ohne eine nukleare Reaktion seitens Moskaus zu provozieren? Diesem &#8220;Abtasten&#8221; wird wohl der Gro\u00dfteil der Diskussionen gewidmet sein.<\/p>\n<p>Der zweite Grund ist die zweifelhafte Legitimit\u00e4t von Selenskij. Die Teilnahme\u00a0regul\u00e4rer Staatschefs an einer Konferenz, bei der ein Kerl im gr\u00fcnen T-Shirt mit abgelaufenem\u00a0Verfallsdatum im Amt des Pr\u00e4sidenten\u00a0als Hauptredner auftritt, soll de facto helfen, Selenskij in den Augen zumindest eines Teils der Weltgemeinschaft zu legitimieren. Doch nachdem selbst Pr\u00e4sident Biden die Schweiz gegen eine Vorwahlparty mit Hollywood-Stars in Los Angeles eingetauscht hatte und sich damit die M\u00f6glichkeit offen lie\u00df, &#8220;den eigenen Hurensohn&#8221; fallen zu lassen, wurde die Liste der Staatschefs merklich k\u00fcrzer. Wenn schon der Hegemon selbst den Kerl in Gr\u00fcn nicht zum Herrscher salben will, wozu sollten es andere tun? Sich f\u00fcr andere abarbeiten m\u00fcssen h\u00f6chstens der Bundeskanzler Olaf Scholz, der sein Gesicht ganz verloren hat, und Kanadas Ministerpr\u00e4sident Justin Trudeau.<\/p>\n<p>Die Absagen der Staatschefs von China, Brasilien, Indien, S\u00fcdafrika und Saudi-Arabien waren absehbar. Alle diese L\u00e4nder sind Mitglieder der BRICS, die ihre Zusammenarbeit unter anderem auf der Grundlage eines gemeinsamen Verst\u00e4ndnisses der Weltlage festigen. Aus der Perspektive des Westens und der Ukraine ist die Absage von Indien, das sich nicht entschlossen hat, welchem Block \u2013 falls \u00fcberhaupt \u2013 es sich anschlie\u00dfen soll, nat\u00fcrlich am schmerzlichsten. Doch Selenskij beschloss, nicht den indischen Regierungschef Narendra Modi, sondern Chinas Pr\u00e4sidenten Xi Jinping anzup\u00f6beln, indem er China vorwarf, Russland unmittelbar milit\u00e4risch und politisch zu unterst\u00fctzen und die Schweizer Konferenz zu sabotieren. Diese Worte werden ganz sicher der US-Vizepr\u00e4sidentin Kamala Harris und dem Assistenten des Pr\u00e4sidenten f\u00fcr nationale Sicherheit, Jake Sullivan, gefallen. Biden schickt sie in die Schweiz, um auf &#8220;unseren Jungen&#8221; aufzupassen.<\/p>\n<p>Ungewiss bleibt indes die Teilnahme hoher Vertreter aus zentralasiatischen und transkaukasischen Staaten. Ihre Teilnahme an einem antirussischen Gipfel erscheint f\u00fcr Moskau schmerzhaft. Doch ersten ist es wenig wahrscheinlich, dass Spitzenvertreter der Staaten der Eurasischen Wirtschaftsgemeinschaft, mit einer m\u00f6glichen Ausnahme Armeniens, teilnehmen werden. Zweitens werden die Vertreter Kasachstans, Usbekistans oder Kirgisistans kaum irgendwelche antirussische Erkl\u00e4rungen unterschreiben, selbst wenn sie in die Schweiz kommen sollten. Drittens ist der Orient eine komplizierte Sache. Kasachstan etwa k\u00f6nnte durchaus seine Vertreter in die Schweiz schicken, und zwar nach einer vorl\u00e4ufigen Absprache der problematischen Momente mit Moskau. Bekanntlich macht man es dort gern allen recht.<\/p>\n<p>Unter Ber\u00fccksichtigung der oben genannten Punkte besteht durchaus die M\u00f6glichkeit, dass diese Konferenz in der Schweiz eher zu einem antichinesischen als zu einem antirussischen Event wird. Die Aush\u00f6hlung der chinesischen Neutralit\u00e4tsbehauptungen im Russland-Ukraine-Konflikt k\u00f6nnte zu einem Prolog f\u00fcr die Bildung einer Koalition von L\u00e4ndern werden, die sich gegen China stellen. Von der Unterst\u00fctzung eines &#8220;Aggressors&#8221; bis zur Verwandlung in einen &#8220;Aggressor&#8221; ist es ein kleiner Schritt. In diesem Kontext spielt die Teilnahme der Staatschefs von Japan, den Philippinen und m\u00f6glicherweise von S\u00fcdkorea an der Konferenz eine wichtige Rolle. Und hier wird sich Washington tatkr\u00e4ftig einschalten. Selenskijs j\u00fcngste Asienreise, darunter sein Besuch auf den Philippinen,\u00a0ist vermutlich von Bidens Administration organisiert worden.<\/p>\n<p>Das Spiel um eine Schw\u00e4chung Russlands zieht sich in die L\u00e4nge, fordert immer mehr Kosten und l\u00e4sst immer weniger Aussichten auf Erfolg. Der Konflikt zwischen Pal\u00e4stina und Israel und die zunehmenden Spannungen zwischen Washington und Peking verlagern\u00a0den\u00a0Schwerpunkt der geopolitischen Konfrontation. In diesem Sinne wird die Konferenz in der Schweiz eine offensichtliche Tatsache festhalten: Es wird nicht \u00fcber eine Strategie zum Sieg \u00fcber Russland diskutiert (man erinnere sich an die ersten Treffen mit Karten der Teilung des Landes), sondern \u00fcber eine Strategie f\u00fcr den R\u00fcckzug des Westens aus dem Konflikt mit minimalem Gesichtsverlust und die Verlagerung der Bem\u00fchungen auf die L\u00f6sung echter strategischer Probleme (mit China und Taiwan im Mittelpunkt).<\/p>\n<p>Selenskijs ausgespielte Figur wird nur deswegen nicht vom Brett ger\u00e4umt, weil noch kein geeigneter Anlass dazu gefunden wurde. Der Chef eines Staates wird er nicht mehr sein. Ob er zu einem Pr\u00e4sidenten im Exil oder einem sakralen Opfer wird, steht noch zu Debatte.<\/p>\n<p><em><\/em><em>\u00dcbersetzt aus dem <a rel=\"nofollow noopener\" target=\"_blank\" href=\"https:\/\/vz.ru\/opinions\/2024\/6\/5\/1271555.html\">Russischen<\/a>. Zuerst erschienen am 5. Juni bei Wsgljad.<\/em><\/p>\n<p><em>Gleb Prostakow ist ein russischer Business-Analytiker und Journalist, ehemals Redakteur und Reporter des ukrainischen Wochenblattes Westi. Ab Ende 2015 war er Leiter der Abteilung Innenpolitik des Stadtrates von Saporoschje. Wenig sp\u00e4ter lie\u00df er sich in Russland nieder und schreibt seitdem f\u00fcr zahlreiche russische Medien Kommentare und Analysen.<\/em><\/p>\n<p><strong>Mehr zum Thema<\/strong> \u2013 <a rel=\"nofollow noopener\" target=\"_blank\" href=\"https:\/\/freedert.online\/kurzclips\/video\/208255-lawrow-friedenskonferenz-in-schweiz-dient\/\">Lawrow: Friedenskonferenz in der Schweiz dient nur dem Zusammenhalt des Anti-Russland-Blocks<\/a><\/p>\n<div class=\"EmbedBlock-root EmbedBlock-externalVideo EmbedBlock-odysee\">\n<div class=\"VkEmbed\"><iframe class=\"lazyload\" data-src=\"https:\/\/odysee.com\/%24\/embed\/%40RTDE%3Ae%2F-Friedenskonferenz--in-der-Schweiz--Gro%C3%9Fe-Erwartungen%2C-geringe-Beteiligung%3Aa\" frameborder=\"0\" width=\"853\" height=\"480\" allowfullscreen><\/iframe><\/div>\n<\/div>\n<\/div>\n<p><br \/>\n<br \/><a href=\"https:\/\/de.rt.com\/meinung\/208284-schweizer-friedenskonferenz-zur-ukraine-richtet\/\">Source link <\/a><\/p>\n","protected":false},"excerpt":{"rendered":"<p>Selenskijs ausgespielte Figur wird nur deswegen nicht vom Brett ger\u00e4umt, weil noch kein geeigneter Anlass dazu gefunden wurde. Der Chef eines Staates wird er nicht mehr sein. Ob er zu einem Pr\u00e4sidenten im Exil oder einem sakralen Opfer wird, steht noch zur Debatte. Von Gleb Prostakow Die &#8220;Friedenskonferenz&#8221; zur Ukraine in der Schweiz, die vom [&hellip;]<\/p>\n","protected":false},"author":3,"featured_media":59655,"comment_status":"open","ping_status":"open","sticky":false,"template":"","format":"standard","meta":{"_yoast_indexnow_last_ping":["1717735752"],"wp_automatic_camp":["217"],"f5460333a93a1909b84d0a25412a45c6":["Schweizer &quot;Friedenskonferenz&quot;: Abschiedsgala f\u00fcr Schauspieler Selenskij?"],"original_link":["https:\/\/de.rt.com\/meinung\/208284-schweizer-friedenskonferenz-zur-ukraine-richtet\/"],"_thumbnail_id":["59655"],"_wptgpro_p2tg_sent2tg":["a:1:{i:23737;s:19:\"2024-06-07 06:51:04\";}"],"jnews_social_counter_last_update":["1777344696"]},"categories":[19,23],"tags":[55577,221,55383,17967,3424,6158],"yoast_head":"<!-- This site is optimized with the Yoast SEO Premium plugin v22.7 (Yoast SEO v22.7) - https:\/\/yoast.com\/wordpress\/plugins\/seo\/ -->\n<title>Schweizer &quot;Friedenskonferenz&quot;: Abschiedsgala f\u00fcr Schauspieler Selenskij? - just-now.NEWS Deutschland<\/title>\n<meta name=\"robots\" content=\"index, follow, max-snippet:-1, max-image-preview:large, max-video-preview:-1\" \/>\n<link rel=\"canonical\" href=\"https:\/\/now-news.de\/de\/deutschland\/schweizer-friedenskonferenz-abschiedsgala-fuer-schauspieler-selenskij\/\" \/>\n<meta property=\"og:locale\" content=\"de_DE\" \/>\n<meta property=\"og:type\" content=\"article\" \/>\n<meta property=\"og:title\" content=\"Schweizer &quot;Friedenskonferenz&quot;: Abschiedsgala f\u00fcr Schauspieler Selenskij?\" \/>\n<meta property=\"og:description\" content=\"Selenskijs ausgespielte Figur wird nur deswegen nicht vom Brett ger\u00e4umt, weil noch kein geeigneter Anlass dazu gefunden wurde. Der Chef eines Staates wird er nicht mehr sein. Ob er zu einem Pr\u00e4sidenten im Exil oder einem sakralen Opfer wird, steht noch zur Debatte. Von Gleb Prostakow Die &#8220;Friedenskonferenz&#8221; zur Ukraine in der Schweiz, die vom [&hellip;]\" \/>\n<meta property=\"og:url\" content=\"https:\/\/now-news.de\/de\/deutschland\/schweizer-friedenskonferenz-abschiedsgala-fuer-schauspieler-selenskij\/\" \/>\n<meta property=\"og:site_name\" content=\"just-now.NEWS Deutschland\" \/>\n<meta property=\"article:publisher\" content=\"https:\/\/www.facebook.com\/wirmachenauf\" \/>\n<meta property=\"article:published_time\" content=\"2024-06-07T04:30:49+00:00\" \/>\n<meta property=\"og:image\" content=\"https:\/\/now-news.de\/de\/wp-content\/uploads\/sites\/3\/2024\/06\/66607fa448fbef375a4133cb.jpg\" \/>\n<meta name=\"author\" content=\"rtnews\" \/>\n<meta name=\"twitter:card\" content=\"summary_large_image\" \/>\n<meta name=\"twitter:creator\" content=\"@WirMachenAuf_de\" \/>\n<meta name=\"twitter:site\" content=\"@WirMachenAuf_de\" \/>\n<meta name=\"twitter:label1\" content=\"Verfasst von\" \/>\n\t<meta name=\"twitter:data1\" content=\"rtnews\" \/>\n\t<meta name=\"twitter:label2\" content=\"Gesch\u00e4tzte Lesezeit\" \/>\n\t<meta name=\"twitter:data2\" content=\"5\u00a0Minuten\" \/>\n<script type=\"application\/ld+json\" class=\"yoast-schema-graph\">{\"@context\":\"https:\/\/schema.org\",\"@graph\":[{\"@type\":\"Article\",\"@id\":\"https:\/\/now-news.de\/de\/deutschland\/schweizer-friedenskonferenz-abschiedsgala-fuer-schauspieler-selenskij\/#article\",\"isPartOf\":{\"@id\":\"https:\/\/now-news.de\/de\/deutschland\/schweizer-friedenskonferenz-abschiedsgala-fuer-schauspieler-selenskij\/\"},\"author\":{\"name\":\"rtnews\",\"@id\":\"https:\/\/now-news.de\/de\/#\/schema\/person\/fb534a4e865501d8b3285208df34a9b5\"},\"headline\":\"Schweizer &quot;Friedenskonferenz&quot;: Abschiedsgala f\u00fcr Schauspieler Selenskij?\",\"datePublished\":\"2024-06-07T04:30:49+00:00\",\"dateModified\":\"2024-06-07T04:30:49+00:00\",\"mainEntityOfPage\":{\"@id\":\"https:\/\/now-news.de\/de\/deutschland\/schweizer-friedenskonferenz-abschiedsgala-fuer-schauspieler-selenskij\/\"},\"wordCount\":1043,\"commentCount\":0,\"publisher\":{\"@id\":\"https:\/\/now-news.de\/de\/#organization\"},\"image\":{\"@id\":\"https:\/\/now-news.de\/de\/deutschland\/schweizer-friedenskonferenz-abschiedsgala-fuer-schauspieler-selenskij\/#primaryimage\"},\"thumbnailUrl\":\"https:\/\/now-news.de\/de\/wp-content\/uploads\/sites\/3\/2024\/06\/Schweizer-quotFriedenskonferenzquot-Abschiedsgala-fuer-Schauspieler-Selenskij.jpg\",\"keywords\":[\"Abschiedsgala\",\"f\u00fcr\",\"quotFriedenskonferenzquot\",\"Schauspieler\",\"Schweizer\",\"Selenskij\"],\"articleSection\":[\"Deutschland\",\"Russland\"],\"inLanguage\":\"de\",\"potentialAction\":[{\"@type\":\"CommentAction\",\"name\":\"Comment\",\"target\":[\"https:\/\/now-news.de\/de\/deutschland\/schweizer-friedenskonferenz-abschiedsgala-fuer-schauspieler-selenskij\/#respond\"]}]},{\"@type\":\"WebPage\",\"@id\":\"https:\/\/now-news.de\/de\/deutschland\/schweizer-friedenskonferenz-abschiedsgala-fuer-schauspieler-selenskij\/\",\"url\":\"https:\/\/now-news.de\/de\/deutschland\/schweizer-friedenskonferenz-abschiedsgala-fuer-schauspieler-selenskij\/\",\"name\":\"Schweizer &quot;Friedenskonferenz&quot;: Abschiedsgala f\u00fcr Schauspieler Selenskij? - just-now.NEWS Deutschland\",\"isPartOf\":{\"@id\":\"https:\/\/now-news.de\/de\/#website\"},\"primaryImageOfPage\":{\"@id\":\"https:\/\/now-news.de\/de\/deutschland\/schweizer-friedenskonferenz-abschiedsgala-fuer-schauspieler-selenskij\/#primaryimage\"},\"image\":{\"@id\":\"https:\/\/now-news.de\/de\/deutschland\/schweizer-friedenskonferenz-abschiedsgala-fuer-schauspieler-selenskij\/#primaryimage\"},\"thumbnailUrl\":\"https:\/\/now-news.de\/de\/wp-content\/uploads\/sites\/3\/2024\/06\/Schweizer-quotFriedenskonferenzquot-Abschiedsgala-fuer-Schauspieler-Selenskij.jpg\",\"datePublished\":\"2024-06-07T04:30:49+00:00\",\"dateModified\":\"2024-06-07T04:30:49+00:00\",\"breadcrumb\":{\"@id\":\"https:\/\/now-news.de\/de\/deutschland\/schweizer-friedenskonferenz-abschiedsgala-fuer-schauspieler-selenskij\/#breadcrumb\"},\"inLanguage\":\"de\",\"potentialAction\":[{\"@type\":\"ReadAction\",\"target\":[\"https:\/\/now-news.de\/de\/deutschland\/schweizer-friedenskonferenz-abschiedsgala-fuer-schauspieler-selenskij\/\"]}]},{\"@type\":\"ImageObject\",\"inLanguage\":\"de\",\"@id\":\"https:\/\/now-news.de\/de\/deutschland\/schweizer-friedenskonferenz-abschiedsgala-fuer-schauspieler-selenskij\/#primaryimage\",\"url\":\"https:\/\/now-news.de\/de\/wp-content\/uploads\/sites\/3\/2024\/06\/Schweizer-quotFriedenskonferenzquot-Abschiedsgala-fuer-Schauspieler-Selenskij.jpg\",\"contentUrl\":\"https:\/\/now-news.de\/de\/wp-content\/uploads\/sites\/3\/2024\/06\/Schweizer-quotFriedenskonferenzquot-Abschiedsgala-fuer-Schauspieler-Selenskij.jpg\",\"width\":460,\"height\":259,\"caption\":\"Schweizer &quot;Friedenskonferenz&quot;: Abschiedsgala f\u00fcr Schauspieler Selenskij?\"},{\"@type\":\"BreadcrumbList\",\"@id\":\"https:\/\/now-news.de\/de\/deutschland\/schweizer-friedenskonferenz-abschiedsgala-fuer-schauspieler-selenskij\/#breadcrumb\",\"itemListElement\":[{\"@type\":\"ListItem\",\"position\":1,\"name\":\"Home\",\"item\":\"https:\/\/now-news.de\/de\/\"},{\"@type\":\"ListItem\",\"position\":2,\"name\":\"Schweizer &quot;Friedenskonferenz&quot;: Abschiedsgala f\u00fcr Schauspieler Selenskij?\"}]},{\"@type\":\"WebSite\",\"@id\":\"https:\/\/now-news.de\/de\/#website\",\"url\":\"https:\/\/now-news.de\/de\/\",\"name\":\"just-now.NEWS Deutschland\",\"description\":\"Das Portal f\u00fcr unzensierte Nachrichten aus der Welt\",\"publisher\":{\"@id\":\"https:\/\/now-news.de\/de\/#organization\"},\"potentialAction\":[{\"@type\":\"SearchAction\",\"target\":{\"@type\":\"EntryPoint\",\"urlTemplate\":\"https:\/\/now-news.de\/de\/?s={search_term_string}\"},\"query-input\":\"required name=search_term_string\"}],\"inLanguage\":\"de\"},{\"@type\":\"Organization\",\"@id\":\"https:\/\/now-news.de\/de\/#organization\",\"name\":\"Just Now News\",\"url\":\"https:\/\/now-news.de\/de\/\",\"logo\":{\"@type\":\"ImageObject\",\"inLanguage\":\"de\",\"@id\":\"https:\/\/now-news.de\/de\/#\/schema\/logo\/image\/\",\"url\":\"http:\/\/just-now.news\/de\/wp-content\/uploads\/sites\/3\/2022\/04\/logo500x500.jpg\",\"contentUrl\":\"http:\/\/just-now.news\/de\/wp-content\/uploads\/sites\/3\/2022\/04\/logo500x500.jpg\",\"width\":500,\"height\":500,\"caption\":\"Just Now News\"},\"image\":{\"@id\":\"https:\/\/now-news.de\/de\/#\/schema\/logo\/image\/\"},\"sameAs\":[\"https:\/\/www.facebook.com\/wirmachenauf\",\"https:\/\/x.com\/WirMachenAuf_de\"]},{\"@type\":\"Person\",\"@id\":\"https:\/\/now-news.de\/de\/#\/schema\/person\/fb534a4e865501d8b3285208df34a9b5\",\"name\":\"rtnews\",\"image\":{\"@type\":\"ImageObject\",\"inLanguage\":\"de\",\"@id\":\"https:\/\/now-news.de\/de\/#\/schema\/person\/image\/\",\"url\":\"https:\/\/secure.gravatar.com\/avatar\/82aafea7d8127119dd649515f56e2117?s=96&d=mm&r=g\",\"contentUrl\":\"https:\/\/secure.gravatar.com\/avatar\/82aafea7d8127119dd649515f56e2117?s=96&d=mm&r=g\",\"caption\":\"rtnews\"},\"url\":\"https:\/\/now-news.de\/de\/author\/rnews\/\"}]}<\/script>\n<!-- \/ Yoast SEO Premium plugin. -->","yoast_head_json":{"title":"Schweizer &quot;Friedenskonferenz&quot;: Abschiedsgala f\u00fcr Schauspieler Selenskij? - just-now.NEWS Deutschland","robots":{"index":"index","follow":"follow","max-snippet":"max-snippet:-1","max-image-preview":"max-image-preview:large","max-video-preview":"max-video-preview:-1"},"canonical":"https:\/\/now-news.de\/de\/deutschland\/schweizer-friedenskonferenz-abschiedsgala-fuer-schauspieler-selenskij\/","og_locale":"de_DE","og_type":"article","og_title":"Schweizer &quot;Friedenskonferenz&quot;: Abschiedsgala f\u00fcr Schauspieler Selenskij?","og_description":"Selenskijs ausgespielte Figur wird nur deswegen nicht vom Brett ger\u00e4umt, weil noch kein geeigneter Anlass dazu gefunden wurde. Der Chef eines Staates wird er nicht mehr sein. Ob er zu einem Pr\u00e4sidenten im Exil oder einem sakralen Opfer wird, steht noch zur Debatte. Von Gleb Prostakow Die &#8220;Friedenskonferenz&#8221; zur Ukraine in der Schweiz, die vom [&hellip;]","og_url":"https:\/\/now-news.de\/de\/deutschland\/schweizer-friedenskonferenz-abschiedsgala-fuer-schauspieler-selenskij\/","og_site_name":"just-now.NEWS Deutschland","article_publisher":"https:\/\/www.facebook.com\/wirmachenauf","article_published_time":"2024-06-07T04:30:49+00:00","og_image":[{"url":"https:\/\/now-news.de\/de\/wp-content\/uploads\/sites\/3\/2024\/06\/66607fa448fbef375a4133cb.jpg"}],"author":"rtnews","twitter_card":"summary_large_image","twitter_creator":"@WirMachenAuf_de","twitter_site":"@WirMachenAuf_de","twitter_misc":{"Verfasst von":"rtnews","Gesch\u00e4tzte Lesezeit":"5\u00a0Minuten"},"schema":{"@context":"https:\/\/schema.org","@graph":[{"@type":"Article","@id":"https:\/\/now-news.de\/de\/deutschland\/schweizer-friedenskonferenz-abschiedsgala-fuer-schauspieler-selenskij\/#article","isPartOf":{"@id":"https:\/\/now-news.de\/de\/deutschland\/schweizer-friedenskonferenz-abschiedsgala-fuer-schauspieler-selenskij\/"},"author":{"name":"rtnews","@id":"https:\/\/now-news.de\/de\/#\/schema\/person\/fb534a4e865501d8b3285208df34a9b5"},"headline":"Schweizer &quot;Friedenskonferenz&quot;: Abschiedsgala f\u00fcr Schauspieler Selenskij?","datePublished":"2024-06-07T04:30:49+00:00","dateModified":"2024-06-07T04:30:49+00:00","mainEntityOfPage":{"@id":"https:\/\/now-news.de\/de\/deutschland\/schweizer-friedenskonferenz-abschiedsgala-fuer-schauspieler-selenskij\/"},"wordCount":1043,"commentCount":0,"publisher":{"@id":"https:\/\/now-news.de\/de\/#organization"},"image":{"@id":"https:\/\/now-news.de\/de\/deutschland\/schweizer-friedenskonferenz-abschiedsgala-fuer-schauspieler-selenskij\/#primaryimage"},"thumbnailUrl":"https:\/\/now-news.de\/de\/wp-content\/uploads\/sites\/3\/2024\/06\/Schweizer-quotFriedenskonferenzquot-Abschiedsgala-fuer-Schauspieler-Selenskij.jpg","keywords":["Abschiedsgala","f\u00fcr","quotFriedenskonferenzquot","Schauspieler","Schweizer","Selenskij"],"articleSection":["Deutschland","Russland"],"inLanguage":"de","potentialAction":[{"@type":"CommentAction","name":"Comment","target":["https:\/\/now-news.de\/de\/deutschland\/schweizer-friedenskonferenz-abschiedsgala-fuer-schauspieler-selenskij\/#respond"]}]},{"@type":"WebPage","@id":"https:\/\/now-news.de\/de\/deutschland\/schweizer-friedenskonferenz-abschiedsgala-fuer-schauspieler-selenskij\/","url":"https:\/\/now-news.de\/de\/deutschland\/schweizer-friedenskonferenz-abschiedsgala-fuer-schauspieler-selenskij\/","name":"Schweizer &quot;Friedenskonferenz&quot;: Abschiedsgala f\u00fcr Schauspieler Selenskij? - just-now.NEWS Deutschland","isPartOf":{"@id":"https:\/\/now-news.de\/de\/#website"},"primaryImageOfPage":{"@id":"https:\/\/now-news.de\/de\/deutschland\/schweizer-friedenskonferenz-abschiedsgala-fuer-schauspieler-selenskij\/#primaryimage"},"image":{"@id":"https:\/\/now-news.de\/de\/deutschland\/schweizer-friedenskonferenz-abschiedsgala-fuer-schauspieler-selenskij\/#primaryimage"},"thumbnailUrl":"https:\/\/now-news.de\/de\/wp-content\/uploads\/sites\/3\/2024\/06\/Schweizer-quotFriedenskonferenzquot-Abschiedsgala-fuer-Schauspieler-Selenskij.jpg","datePublished":"2024-06-07T04:30:49+00:00","dateModified":"2024-06-07T04:30:49+00:00","breadcrumb":{"@id":"https:\/\/now-news.de\/de\/deutschland\/schweizer-friedenskonferenz-abschiedsgala-fuer-schauspieler-selenskij\/#breadcrumb"},"inLanguage":"de","potentialAction":[{"@type":"ReadAction","target":["https:\/\/now-news.de\/de\/deutschland\/schweizer-friedenskonferenz-abschiedsgala-fuer-schauspieler-selenskij\/"]}]},{"@type":"ImageObject","inLanguage":"de","@id":"https:\/\/now-news.de\/de\/deutschland\/schweizer-friedenskonferenz-abschiedsgala-fuer-schauspieler-selenskij\/#primaryimage","url":"https:\/\/now-news.de\/de\/wp-content\/uploads\/sites\/3\/2024\/06\/Schweizer-quotFriedenskonferenzquot-Abschiedsgala-fuer-Schauspieler-Selenskij.jpg","contentUrl":"https:\/\/now-news.de\/de\/wp-content\/uploads\/sites\/3\/2024\/06\/Schweizer-quotFriedenskonferenzquot-Abschiedsgala-fuer-Schauspieler-Selenskij.jpg","width":460,"height":259,"caption":"Schweizer &quot;Friedenskonferenz&quot;: Abschiedsgala f\u00fcr Schauspieler Selenskij?"},{"@type":"BreadcrumbList","@id":"https:\/\/now-news.de\/de\/deutschland\/schweizer-friedenskonferenz-abschiedsgala-fuer-schauspieler-selenskij\/#breadcrumb","itemListElement":[{"@type":"ListItem","position":1,"name":"Home","item":"https:\/\/now-news.de\/de\/"},{"@type":"ListItem","position":2,"name":"Schweizer &quot;Friedenskonferenz&quot;: Abschiedsgala f\u00fcr Schauspieler Selenskij?"}]},{"@type":"WebSite","@id":"https:\/\/now-news.de\/de\/#website","url":"https:\/\/now-news.de\/de\/","name":"just-now.NEWS Deutschland","description":"Das Portal f\u00fcr unzensierte Nachrichten aus der Welt","publisher":{"@id":"https:\/\/now-news.de\/de\/#organization"},"potentialAction":[{"@type":"SearchAction","target":{"@type":"EntryPoint","urlTemplate":"https:\/\/now-news.de\/de\/?s={search_term_string}"},"query-input":"required name=search_term_string"}],"inLanguage":"de"},{"@type":"Organization","@id":"https:\/\/now-news.de\/de\/#organization","name":"Just Now News","url":"https:\/\/now-news.de\/de\/","logo":{"@type":"ImageObject","inLanguage":"de","@id":"https:\/\/now-news.de\/de\/#\/schema\/logo\/image\/","url":"http:\/\/just-now.news\/de\/wp-content\/uploads\/sites\/3\/2022\/04\/logo500x500.jpg","contentUrl":"http:\/\/just-now.news\/de\/wp-content\/uploads\/sites\/3\/2022\/04\/logo500x500.jpg","width":500,"height":500,"caption":"Just Now News"},"image":{"@id":"https:\/\/now-news.de\/de\/#\/schema\/logo\/image\/"},"sameAs":["https:\/\/www.facebook.com\/wirmachenauf","https:\/\/x.com\/WirMachenAuf_de"]},{"@type":"Person","@id":"https:\/\/now-news.de\/de\/#\/schema\/person\/fb534a4e865501d8b3285208df34a9b5","name":"rtnews","image":{"@type":"ImageObject","inLanguage":"de","@id":"https:\/\/now-news.de\/de\/#\/schema\/person\/image\/","url":"https:\/\/secure.gravatar.com\/avatar\/82aafea7d8127119dd649515f56e2117?s=96&d=mm&r=g","contentUrl":"https:\/\/secure.gravatar.com\/avatar\/82aafea7d8127119dd649515f56e2117?s=96&d=mm&r=g","caption":"rtnews"},"url":"https:\/\/now-news.de\/de\/author\/rnews\/"}]}},"_links":{"self":[{"href":"https:\/\/now-news.de\/de\/wp-json\/wp\/v2\/posts\/59654"}],"collection":[{"href":"https:\/\/now-news.de\/de\/wp-json\/wp\/v2\/posts"}],"about":[{"href":"https:\/\/now-news.de\/de\/wp-json\/wp\/v2\/types\/post"}],"author":[{"embeddable":true,"href":"https:\/\/now-news.de\/de\/wp-json\/wp\/v2\/users\/3"}],"replies":[{"embeddable":true,"href":"https:\/\/now-news.de\/de\/wp-json\/wp\/v2\/comments?post=59654"}],"version-history":[{"count":0,"href":"https:\/\/now-news.de\/de\/wp-json\/wp\/v2\/posts\/59654\/revisions"}],"wp:featuredmedia":[{"embeddable":true,"href":"https:\/\/now-news.de\/de\/wp-json\/wp\/v2\/media\/59655"}],"wp:attachment":[{"href":"https:\/\/now-news.de\/de\/wp-json\/wp\/v2\/media?parent=59654"}],"wp:term":[{"taxonomy":"category","embeddable":true,"href":"https:\/\/now-news.de\/de\/wp-json\/wp\/v2\/categories?post=59654"},{"taxonomy":"post_tag","embeddable":true,"href":"https:\/\/now-news.de\/de\/wp-json\/wp\/v2\/tags?post=59654"}],"curies":[{"name":"wp","href":"https:\/\/api.w.org\/{rel}","templated":true}]}}